{"id":6570,"date":"2024-04-16T13:17:13","date_gmt":"2024-04-16T17:17:13","guid":{"rendered":"https:\/\/medicina.udd.cl\/kinesiologia-santiago\/?p=6570"},"modified":"2024-04-16T13:17:16","modified_gmt":"2024-04-16T17:17:16","slug":"exitosa-jornada-cientifica-aeroespacial-se-realizo-en-la-udd","status":"publish","type":"post","link":"https:\/\/medicina.udd.cl\/kinesiologia-santiago\/noticias\/2024\/04\/16\/exitosa-jornada-cientifica-aeroespacial-se-realizo-en-la-udd\/","title":{"rendered":"Exitosa Jornada Cient\u00edfica Aeroespacial se realiz\u00f3 en la UDD"},"content":{"rendered":"\n<figure class=\"wp-block-gallery has-nested-images columns-default is-cropped wp-block-gallery-1 is-layout-flex wp-block-gallery-is-layout-flex\">\n<figure class=\"wp-block-image size-large\"><a href=\"https:\/\/medicina.udd.cl\/kinesiologia-santiago\/files\/2024\/04\/kine-jornada-cientifica-aeroespacial-7-scaled.jpg\"><img loading=\"lazy\" decoding=\"async\" width=\"1024\" height=\"768\" data-id=\"6591\" src=\"https:\/\/medicina.udd.cl\/kinesiologia-santiago\/files\/2024\/04\/kine-jornada-cientifica-aeroespacial-7-1024x768.jpg\" alt=\"\" class=\"wp-image-6591\" srcset=\"https:\/\/medicina.udd.cl\/kinesiologia-santiago\/files\/2024\/04\/kine-jornada-cientifica-aeroespacial-7-1024x768.jpg 1024w, https:\/\/medicina.udd.cl\/kinesiologia-santiago\/files\/2024\/04\/kine-jornada-cientifica-aeroespacial-7-300x225.jpg 300w, https:\/\/medicina.udd.cl\/kinesiologia-santiago\/files\/2024\/04\/kine-jornada-cientifica-aeroespacial-7-768x576.jpg 768w, https:\/\/medicina.udd.cl\/kinesiologia-santiago\/files\/2024\/04\/kine-jornada-cientifica-aeroespacial-7-1536x1152.jpg 1536w, https:\/\/medicina.udd.cl\/kinesiologia-santiago\/files\/2024\/04\/kine-jornada-cientifica-aeroespacial-7-2048x1536.jpg 2048w\" sizes=\"auto, (max-width: 1024px) 100vw, 1024px\" \/><\/a><\/figure>\n\n\n\n<figure class=\"wp-block-image size-large\"><a href=\"https:\/\/medicina.udd.cl\/kinesiologia-santiago\/files\/2024\/04\/kine-jornada-cientifica-aeroespacial-17.jpg\"><img loading=\"lazy\" decoding=\"async\" width=\"1024\" height=\"768\" data-id=\"6606\" src=\"https:\/\/medicina.udd.cl\/kinesiologia-santiago\/files\/2024\/04\/kine-jornada-cientifica-aeroespacial-17-1024x768.jpg\" alt=\"\" class=\"wp-image-6606\" srcset=\"https:\/\/medicina.udd.cl\/kinesiologia-santiago\/files\/2024\/04\/kine-jornada-cientifica-aeroespacial-17-1024x768.jpg 1024w, https:\/\/medicina.udd.cl\/kinesiologia-santiago\/files\/2024\/04\/kine-jornada-cientifica-aeroespacial-17-300x225.jpg 300w, https:\/\/medicina.udd.cl\/kinesiologia-santiago\/files\/2024\/04\/kine-jornada-cientifica-aeroespacial-17-768x576.jpg 768w, https:\/\/medicina.udd.cl\/kinesiologia-santiago\/files\/2024\/04\/kine-jornada-cientifica-aeroespacial-17-1536x1152.jpg 1536w, https:\/\/medicina.udd.cl\/kinesiologia-santiago\/files\/2024\/04\/kine-jornada-cientifica-aeroespacial-17.jpg 1600w\" sizes=\"auto, (max-width: 1024px) 100vw, 1024px\" \/><\/a><\/figure>\n\n\n\n<figure class=\"wp-block-image size-large\"><a href=\"https:\/\/medicina.udd.cl\/kinesiologia-santiago\/files\/2024\/04\/kine-jornada-cientifica-aeroespacial-8-scaled.jpg\"><img loading=\"lazy\" decoding=\"async\" width=\"1024\" height=\"768\" data-id=\"6594\" src=\"https:\/\/medicina.udd.cl\/kinesiologia-santiago\/files\/2024\/04\/kine-jornada-cientifica-aeroespacial-8-1024x768.jpg\" alt=\"\" class=\"wp-image-6594\" srcset=\"https:\/\/medicina.udd.cl\/kinesiologia-santiago\/files\/2024\/04\/kine-jornada-cientifica-aeroespacial-8-1024x768.jpg 1024w, https:\/\/medicina.udd.cl\/kinesiologia-santiago\/files\/2024\/04\/kine-jornada-cientifica-aeroespacial-8-300x225.jpg 300w, https:\/\/medicina.udd.cl\/kinesiologia-santiago\/files\/2024\/04\/kine-jornada-cientifica-aeroespacial-8-768x576.jpg 768w, https:\/\/medicina.udd.cl\/kinesiologia-santiago\/files\/2024\/04\/kine-jornada-cientifica-aeroespacial-8-1536x1152.jpg 1536w, https:\/\/medicina.udd.cl\/kinesiologia-santiago\/files\/2024\/04\/kine-jornada-cientifica-aeroespacial-8-2048x1536.jpg 2048w\" sizes=\"auto, (max-width: 1024px) 100vw, 1024px\" \/><\/a><\/figure>\n<\/figure>\n\n\n\n<p>El pasado viernes 12 de abril, el Centro de Medicina Aeroespacial (CMAE) del Hospital Cl\u00ednico de la Fuerza A\u00e9rea de Chile \u201cGeneral Dr. Ra\u00fal Yazigi J\u201d, llev\u00f3 a cabo la I Jornada Cient\u00edfica Aeroespacial como parte del IX Congreso de Ciencias M\u00e9dicas Aeroespaciales CCMAE 2024. Este evento tuvo lugar en el campus Rector Ernesto Silva Bafalluy de la Universidad del Desarrollo, siendo un hito trascendental en la exploraci\u00f3n y avance de la medicina aeroespacial en la regi\u00f3n.<\/p>\n\n\n\n<p>La ceremonia inaugural fue presidida por el General de Brigada A\u00e9rea (I) Jaime Rivera Chand\u00eda, jefe de la Divisi\u00f3n de Sanidad, y el Coronel de Aviaci\u00f3n (S) Claudio Montiglio Valenzuela, director del CMAE. Asimismo, autoridades de la Facultad de Medicina Cl\u00ednica Alemana Universidad del Desarrollo, como la Dra. Liliana Jadue Hund, vicedecana de las carreras de la salud, y el Klgo. Jorge Molina Blamey, director de la carrera de Kinesiolog\u00eda UDD, estuvieron presentes en el evento, resaltando el inter\u00e9s y respaldo acad\u00e9mico hacia esta disciplina.<\/p>\n\n\n\n<p>La jornada que estuvo coordinada por el profesor de Kinesiolog\u00eda UDD, Danilo Aravena Nazif, cont\u00f3 con diversas actividades, entre ellas exposiciones de oficiales de sanidad, servicios generales y profesionales civiles, quienes presentaron los resultados de investigaciones relacionadas con la medicina aeroespacial. En las conferencias destac\u00f3 la revisi\u00f3n de literatura cient\u00edfica realizada por el traumat\u00f3logo Juan Crist\u00f3bal Illanes sobre las patolog\u00edas de columna vertebral en vuelos espaciales, as\u00ed como los avances en An\u00e1lisis Biomec\u00e1nicos en Medicina Aeroespacial expuestos por el Kinesi\u00f3logo Rony Silvestre.<\/p>\n\n\n\n<p>En la secci\u00f3n de temas libres, se abordaron tem\u00e1ticas relevantes como la Gesti\u00f3n de la Evacuaci\u00f3n Aerom\u00e9dica durante la pandemia de COVID-19, la Cultura de Seguridad en Tripulaciones Aerosanitarias y los \u00faltimos protocolos de Circulaci\u00f3n Extracorp\u00f3rea durante traslado de pacientes. Adem\u00e1s, se presentaron innovaciones como el uso de la ecograf\u00eda diafragm\u00e1tica en unidades de cuidado intensivo y una aplicaci\u00f3n para monitorear el riesgo de ca\u00edda en adultos mayores.<\/p>\n\n\n\n<p>El evento tambi\u00e9n cont\u00f3 con la participaci\u00f3n destacada de la teniente coronel de la Fuerza A\u00e9rea de Estados Unidos, Tanya Island, quien brind\u00f3 una exposici\u00f3n sobre el uso de ventiladores mec\u00e1nicos en la Evacuaci\u00f3n Aerom\u00e9dica de pacientes cr\u00edticos y dirigi\u00f3 un taller pr\u00e1ctico al respecto.<\/p>\n\n\n\n<p>El director del CMAE, Claudio Montiglio, destac\u00f3 la importancia de este evento para mantenerse a la vanguardia en medicina aeroespacial, seguridad y medicina espacial, enfatizando que los detalles pueden marcar la diferencia en la aptitud psicof\u00edsica del personal a\u00e9reo.<\/p>\n\n\n\n<p>Por su parte, la Dra. Liliana Jadue Hund, vicedecana de las carreras de la salud de la Facultad de Medicina Cl\u00ednica Alemana Universidad del Desarrollo, expres\u00f3:&nbsp;<em>\u00abDesde la Universidad del Desarrollo, estamos comprometidos con el avance y la innovaci\u00f3n en el campo de la medicina aeroespacial. Esta jornada es un claro ejemplo de nuestro compromiso con la excelencia acad\u00e9mica y la b\u00fasqueda constante de nuevas fronteras en la medicina. Estamos orgullosos de ser parte de este proceso de vanguardia y de contribuir al desarrollo de profesionales capacitados para enfrentar los desaf\u00edos del futuro en la medicina espacial\u00bb.<\/em><\/p>\n\n\n\n<p>Asimismo, el Klgo. Jorge Molina Blamey, director de la carrera de Kinesiolog\u00eda UDD, expres\u00f3 su satisfacci\u00f3n por la participaci\u00f3n de estudiantes y docentes en esta jornada, destacando su contribuci\u00f3n a la preparaci\u00f3n de futuros profesionales en el campo de la medicina aeroespacial.<\/p>\n\n\n\n<p>La I Jornada Cient\u00edfica Aeroespacial ha sido un paso significativo en el avance y la exploraci\u00f3n de la medicina para el futuro de los vuelos espaciales, consolidando a Chile como un referente en esta \u00e1rea de investigaci\u00f3n y desarrollo.<\/p>\n\n\n\n<figure class=\"wp-block-gallery has-nested-images columns-default is-cropped wp-block-gallery-2 is-layout-flex wp-block-gallery-is-layout-flex\">\n<figure class=\"wp-block-image size-large\"><a href=\"https:\/\/medicina.udd.cl\/kinesiologia-santiago\/files\/2024\/04\/kine-jornada-cientifica-aeroespacial-2-scaled.jpg\"><img loading=\"lazy\" decoding=\"async\" width=\"1024\" height=\"768\" data-id=\"6576\" src=\"https:\/\/medicina.udd.cl\/kinesiologia-santiago\/files\/2024\/04\/kine-jornada-cientifica-aeroespacial-2-1024x768.jpg\" alt=\"\" class=\"wp-image-6576\" srcset=\"https:\/\/medicina.udd.cl\/kinesiologia-santiago\/files\/2024\/04\/kine-jornada-cientifica-aeroespacial-2-1024x768.jpg 1024w, https:\/\/medicina.udd.cl\/kinesiologia-santiago\/files\/2024\/04\/kine-jornada-cientifica-aeroespacial-2-300x225.jpg 300w, https:\/\/medicina.udd.cl\/kinesiologia-santiago\/files\/2024\/04\/kine-jornada-cientifica-aeroespacial-2-768x576.jpg 768w, https:\/\/medicina.udd.cl\/kinesiologia-santiago\/files\/2024\/04\/kine-jornada-cientifica-aeroespacial-2-1536x1152.jpg 1536w, https:\/\/medicina.udd.cl\/kinesiologia-santiago\/files\/2024\/04\/kine-jornada-cientifica-aeroespacial-2-2048x1536.jpg 2048w\" sizes=\"auto, (max-width: 1024px) 100vw, 1024px\" \/><\/a><\/figure>\n\n\n\n<figure class=\"wp-block-image size-large\"><a href=\"https:\/\/medicina.udd.cl\/kinesiologia-santiago\/files\/2024\/04\/kine-jornada-cientifica-aeroespacial-1-scaled.jpg\"><img loading=\"lazy\" decoding=\"async\" width=\"1024\" height=\"768\" data-id=\"6573\" src=\"https:\/\/medicina.udd.cl\/kinesiologia-santiago\/files\/2024\/04\/kine-jornada-cientifica-aeroespacial-1-1024x768.jpg\" alt=\"\" class=\"wp-image-6573\" srcset=\"https:\/\/medicina.udd.cl\/kinesiologia-santiago\/files\/2024\/04\/kine-jornada-cientifica-aeroespacial-1-1024x768.jpg 1024w, https:\/\/medicina.udd.cl\/kinesiologia-santiago\/files\/2024\/04\/kine-jornada-cientifica-aeroespacial-1-300x225.jpg 300w, https:\/\/medicina.udd.cl\/kinesiologia-santiago\/files\/2024\/04\/kine-jornada-cientifica-aeroespacial-1-768x576.jpg 768w, https:\/\/medicina.udd.cl\/kinesiologia-santiago\/files\/2024\/04\/kine-jornada-cientifica-aeroespacial-1-1536x1152.jpg 1536w, https:\/\/medicina.udd.cl\/kinesiologia-santiago\/files\/2024\/04\/kine-jornada-cientifica-aeroespacial-1-2048x1536.jpg 2048w\" sizes=\"auto, (max-width: 1024px) 100vw, 1024px\" \/><\/a><\/figure>\n\n\n\n<figure class=\"wp-block-image size-large\"><a href=\"https:\/\/medicina.udd.cl\/kinesiologia-santiago\/files\/2024\/04\/kine-jornada-cientifica-aeroespacial-3-scaled.jpg\"><img loading=\"lazy\" decoding=\"async\" width=\"1024\" height=\"768\" data-id=\"6579\" src=\"https:\/\/medicina.udd.cl\/kinesiologia-santiago\/files\/2024\/04\/kine-jornada-cientifica-aeroespacial-3-1024x768.jpg\" alt=\"\" class=\"wp-image-6579\" srcset=\"https:\/\/medicina.udd.cl\/kinesiologia-santiago\/files\/2024\/04\/kine-jornada-cientifica-aeroespacial-3-1024x768.jpg 1024w, https:\/\/medicina.udd.cl\/kinesiologia-santiago\/files\/2024\/04\/kine-jornada-cientifica-aeroespacial-3-300x225.jpg 300w, https:\/\/medicina.udd.cl\/kinesiologia-santiago\/files\/2024\/04\/kine-jornada-cientifica-aeroespacial-3-768x576.jpg 768w, https:\/\/medicina.udd.cl\/kinesiologia-santiago\/files\/2024\/04\/kine-jornada-cientifica-aeroespacial-3-1536x1152.jpg 1536w, https:\/\/medicina.udd.cl\/kinesiologia-santiago\/files\/2024\/04\/kine-jornada-cientifica-aeroespacial-3-2048x1536.jpg 2048w\" sizes=\"auto, (max-width: 1024px) 100vw, 1024px\" \/><\/a><\/figure>\n\n\n\n<figure class=\"wp-block-image size-large\"><a href=\"https:\/\/medicina.udd.cl\/kinesiologia-santiago\/files\/2024\/04\/kine-jornada-cientifica-aeroespacial-4-scaled.jpg\"><img loading=\"lazy\" decoding=\"async\" width=\"1024\" height=\"768\" data-id=\"6582\" src=\"https:\/\/medicina.udd.cl\/kinesiologia-santiago\/files\/2024\/04\/kine-jornada-cientifica-aeroespacial-4-1024x768.jpg\" alt=\"\" class=\"wp-image-6582\" srcset=\"https:\/\/medicina.udd.cl\/kinesiologia-santiago\/files\/2024\/04\/kine-jornada-cientifica-aeroespacial-4-1024x768.jpg 1024w, https:\/\/medicina.udd.cl\/kinesiologia-santiago\/files\/2024\/04\/kine-jornada-cientifica-aeroespacial-4-300x225.jpg 300w, https:\/\/medicina.udd.cl\/kinesiologia-santiago\/files\/2024\/04\/kine-jornada-cientifica-aeroespacial-4-768x576.jpg 768w, https:\/\/medicina.udd.cl\/kinesiologia-santiago\/files\/2024\/04\/kine-jornada-cientifica-aeroespacial-4-1536x1152.jpg 1536w, https:\/\/medicina.udd.cl\/kinesiologia-santiago\/files\/2024\/04\/kine-jornada-cientifica-aeroespacial-4-2048x1536.jpg 2048w\" sizes=\"auto, (max-width: 1024px) 100vw, 1024px\" \/><\/a><\/figure>\n\n\n\n<figure class=\"wp-block-image size-large\"><a href=\"https:\/\/medicina.udd.cl\/kinesiologia-santiago\/files\/2024\/04\/kine-jornada-cientifica-aeroespacial-5-scaled.jpg\"><img loading=\"lazy\" decoding=\"async\" width=\"1024\" height=\"768\" data-id=\"6585\" src=\"https:\/\/medicina.udd.cl\/kinesiologia-santiago\/files\/2024\/04\/kine-jornada-cientifica-aeroespacial-5-1024x768.jpg\" alt=\"\" class=\"wp-image-6585\" srcset=\"https:\/\/medicina.udd.cl\/kinesiologia-santiago\/files\/2024\/04\/kine-jornada-cientifica-aeroespacial-5-1024x768.jpg 1024w, https:\/\/medicina.udd.cl\/kinesiologia-santiago\/files\/2024\/04\/kine-jornada-cientifica-aeroespacial-5-300x225.jpg 300w, https:\/\/medicina.udd.cl\/kinesiologia-santiago\/files\/2024\/04\/kine-jornada-cientifica-aeroespacial-5-768x576.jpg 768w, https:\/\/medicina.udd.cl\/kinesiologia-santiago\/files\/2024\/04\/kine-jornada-cientifica-aeroespacial-5-1536x1152.jpg 1536w, https:\/\/medicina.udd.cl\/kinesiologia-santiago\/files\/2024\/04\/kine-jornada-cientifica-aeroespacial-5-2048x1536.jpg 2048w\" sizes=\"auto, (max-width: 1024px) 100vw, 1024px\" \/><\/a><\/figure>\n\n\n\n<figure class=\"wp-block-image size-large\"><a href=\"https:\/\/medicina.udd.cl\/kinesiologia-santiago\/files\/2024\/04\/kine-jornada-cientifica-aeroespacial-6-scaled.jpg\"><img loading=\"lazy\" decoding=\"async\" width=\"1024\" height=\"768\" data-id=\"6588\" src=\"https:\/\/medicina.udd.cl\/kinesiologia-santiago\/files\/2024\/04\/kine-jornada-cientifica-aeroespacial-6-1024x768.jpg\" alt=\"\" class=\"wp-image-6588\" srcset=\"https:\/\/medicina.udd.cl\/kinesiologia-santiago\/files\/2024\/04\/kine-jornada-cientifica-aeroespacial-6-1024x768.jpg 1024w, https:\/\/medicina.udd.cl\/kinesiologia-santiago\/files\/2024\/04\/kine-jornada-cientifica-aeroespacial-6-300x225.jpg 300w, https:\/\/medicina.udd.cl\/kinesiologia-santiago\/files\/2024\/04\/kine-jornada-cientifica-aeroespacial-6-768x576.jpg 768w, https:\/\/medicina.udd.cl\/kinesiologia-santiago\/files\/2024\/04\/kine-jornada-cientifica-aeroespacial-6-1536x1152.jpg 1536w, https:\/\/medicina.udd.cl\/kinesiologia-santiago\/files\/2024\/04\/kine-jornada-cientifica-aeroespacial-6-2048x1536.jpg 2048w\" sizes=\"auto, (max-width: 1024px) 100vw, 1024px\" \/><\/a><\/figure>\n\n\n\n<figure class=\"wp-block-image size-large\"><a href=\"https:\/\/medicina.udd.cl\/kinesiologia-santiago\/files\/2024\/04\/kine-jornada-cientifica-aeroespacial-10-scaled.jpg\"><img loading=\"lazy\" decoding=\"async\" width=\"1024\" height=\"768\" data-id=\"6597\" src=\"https:\/\/medicina.udd.cl\/kinesiologia-santiago\/files\/2024\/04\/kine-jornada-cientifica-aeroespacial-10-1024x768.jpg\" alt=\"\" class=\"wp-image-6597\" srcset=\"https:\/\/medicina.udd.cl\/kinesiologia-santiago\/files\/2024\/04\/kine-jornada-cientifica-aeroespacial-10-1024x768.jpg 1024w, https:\/\/medicina.udd.cl\/kinesiologia-santiago\/files\/2024\/04\/kine-jornada-cientifica-aeroespacial-10-300x225.jpg 300w, https:\/\/medicina.udd.cl\/kinesiologia-santiago\/files\/2024\/04\/kine-jornada-cientifica-aeroespacial-10-768x576.jpg 768w, https:\/\/medicina.udd.cl\/kinesiologia-santiago\/files\/2024\/04\/kine-jornada-cientifica-aeroespacial-10-1536x1152.jpg 1536w, https:\/\/medicina.udd.cl\/kinesiologia-santiago\/files\/2024\/04\/kine-jornada-cientifica-aeroespacial-10-2048x1536.jpg 2048w\" sizes=\"auto, (max-width: 1024px) 100vw, 1024px\" \/><\/a><\/figure>\n\n\n\n<figure class=\"wp-block-image size-large\"><a href=\"https:\/\/medicina.udd.cl\/kinesiologia-santiago\/files\/2024\/04\/kine-jornada-cientifica-aeroespacial-11-scaled.jpg\"><img loading=\"lazy\" decoding=\"async\" width=\"1024\" height=\"768\" data-id=\"6600\" src=\"https:\/\/medicina.udd.cl\/kinesiologia-santiago\/files\/2024\/04\/kine-jornada-cientifica-aeroespacial-11-1024x768.jpg\" alt=\"\" class=\"wp-image-6600\" srcset=\"https:\/\/medicina.udd.cl\/kinesiologia-santiago\/files\/2024\/04\/kine-jornada-cientifica-aeroespacial-11-1024x768.jpg 1024w, https:\/\/medicina.udd.cl\/kinesiologia-santiago\/files\/2024\/04\/kine-jornada-cientifica-aeroespacial-11-300x225.jpg 300w, https:\/\/medicina.udd.cl\/kinesiologia-santiago\/files\/2024\/04\/kine-jornada-cientifica-aeroespacial-11-768x576.jpg 768w, https:\/\/medicina.udd.cl\/kinesiologia-santiago\/files\/2024\/04\/kine-jornada-cientifica-aeroespacial-11-1536x1152.jpg 1536w, https:\/\/medicina.udd.cl\/kinesiologia-santiago\/files\/2024\/04\/kine-jornada-cientifica-aeroespacial-11-2048x1536.jpg 2048w\" sizes=\"auto, (max-width: 1024px) 100vw, 1024px\" \/><\/a><\/figure>\n\n\n\n<figure class=\"wp-block-image size-large\"><a href=\"https:\/\/medicina.udd.cl\/kinesiologia-santiago\/files\/2024\/04\/kine-jornada-cientifica-aeroespacial-13.jpg\"><img loading=\"lazy\" decoding=\"async\" width=\"1024\" height=\"768\" data-id=\"6603\" src=\"https:\/\/medicina.udd.cl\/kinesiologia-santiago\/files\/2024\/04\/kine-jornada-cientifica-aeroespacial-13-1024x768.jpg\" alt=\"\" class=\"wp-image-6603\" srcset=\"https:\/\/medicina.udd.cl\/kinesiologia-santiago\/files\/2024\/04\/kine-jornada-cientifica-aeroespacial-13-1024x768.jpg 1024w, https:\/\/medicina.udd.cl\/kinesiologia-santiago\/files\/2024\/04\/kine-jornada-cientifica-aeroespacial-13-300x225.jpg 300w, https:\/\/medicina.udd.cl\/kinesiologia-santiago\/files\/2024\/04\/kine-jornada-cientifica-aeroespacial-13-768x576.jpg 768w, https:\/\/medicina.udd.cl\/kinesiologia-santiago\/files\/2024\/04\/kine-jornada-cientifica-aeroespacial-13-1536x1152.jpg 1536w, https:\/\/medicina.udd.cl\/kinesiologia-santiago\/files\/2024\/04\/kine-jornada-cientifica-aeroespacial-13.jpg 1600w\" sizes=\"auto, (max-width: 1024px) 100vw, 1024px\" \/><\/a><\/figure>\n\n\n\n<figure class=\"wp-block-image size-large\"><a href=\"https:\/\/medicina.udd.cl\/kinesiologia-santiago\/files\/2024\/04\/kine-jornada-cientifica-aeroespacial-22.jpg\"><img loading=\"lazy\" decoding=\"async\" width=\"1024\" height=\"768\" data-id=\"6615\" src=\"https:\/\/medicina.udd.cl\/kinesiologia-santiago\/files\/2024\/04\/kine-jornada-cientifica-aeroespacial-22-1024x768.jpg\" alt=\"\" class=\"wp-image-6615\" srcset=\"https:\/\/medicina.udd.cl\/kinesiologia-santiago\/files\/2024\/04\/kine-jornada-cientifica-aeroespacial-22-1024x768.jpg 1024w, https:\/\/medicina.udd.cl\/kinesiologia-santiago\/files\/2024\/04\/kine-jornada-cientifica-aeroespacial-22-300x225.jpg 300w, https:\/\/medicina.udd.cl\/kinesiologia-santiago\/files\/2024\/04\/kine-jornada-cientifica-aeroespacial-22-768x576.jpg 768w, https:\/\/medicina.udd.cl\/kinesiologia-santiago\/files\/2024\/04\/kine-jornada-cientifica-aeroespacial-22-1536x1152.jpg 1536w, https:\/\/medicina.udd.cl\/kinesiologia-santiago\/files\/2024\/04\/kine-jornada-cientifica-aeroespacial-22.jpg 1600w\" sizes=\"auto, (max-width: 1024px) 100vw, 1024px\" \/><\/a><\/figure>\n\n\n\n<figure class=\"wp-block-image size-large\"><a href=\"https:\/\/medicina.udd.cl\/kinesiologia-santiago\/files\/2024\/04\/kine-jornada-cientifica-aeroespacial-18.jpg\"><img loading=\"lazy\" decoding=\"async\" width=\"1024\" height=\"768\" data-id=\"6609\" src=\"https:\/\/medicina.udd.cl\/kinesiologia-santiago\/files\/2024\/04\/kine-jornada-cientifica-aeroespacial-18-1024x768.jpg\" alt=\"\" class=\"wp-image-6609\" srcset=\"https:\/\/medicina.udd.cl\/kinesiologia-santiago\/files\/2024\/04\/kine-jornada-cientifica-aeroespacial-18-1024x768.jpg 1024w, https:\/\/medicina.udd.cl\/kinesiologia-santiago\/files\/2024\/04\/kine-jornada-cientifica-aeroespacial-18-300x225.jpg 300w, https:\/\/medicina.udd.cl\/kinesiologia-santiago\/files\/2024\/04\/kine-jornada-cientifica-aeroespacial-18-768x576.jpg 768w, https:\/\/medicina.udd.cl\/kinesiologia-santiago\/files\/2024\/04\/kine-jornada-cientifica-aeroespacial-18-1536x1152.jpg 1536w, https:\/\/medicina.udd.cl\/kinesiologia-santiago\/files\/2024\/04\/kine-jornada-cientifica-aeroespacial-18.jpg 1600w\" sizes=\"auto, (max-width: 1024px) 100vw, 1024px\" \/><\/a><\/figure>\n\n\n\n<figure class=\"wp-block-image size-large\"><a href=\"https:\/\/medicina.udd.cl\/kinesiologia-santiago\/files\/2024\/04\/kine-jornada-cientifica-aeroespacial-19.jpg\"><img loading=\"lazy\" decoding=\"async\" width=\"1024\" height=\"768\" data-id=\"6612\" src=\"https:\/\/medicina.udd.cl\/kinesiologia-santiago\/files\/2024\/04\/kine-jornada-cientifica-aeroespacial-19-1024x768.jpg\" alt=\"\" class=\"wp-image-6612\" srcset=\"https:\/\/medicina.udd.cl\/kinesiologia-santiago\/files\/2024\/04\/kine-jornada-cientifica-aeroespacial-19-1024x768.jpg 1024w, https:\/\/medicina.udd.cl\/kinesiologia-santiago\/files\/2024\/04\/kine-jornada-cientifica-aeroespacial-19-300x225.jpg 300w, https:\/\/medicina.udd.cl\/kinesiologia-santiago\/files\/2024\/04\/kine-jornada-cientifica-aeroespacial-19-768x576.jpg 768w, https:\/\/medicina.udd.cl\/kinesiologia-santiago\/files\/2024\/04\/kine-jornada-cientifica-aeroespacial-19-1536x1152.jpg 1536w, https:\/\/medicina.udd.cl\/kinesiologia-santiago\/files\/2024\/04\/kine-jornada-cientifica-aeroespacial-19.jpg 1600w\" sizes=\"auto, (max-width: 1024px) 100vw, 1024px\" \/><\/a><\/figure>\n<\/figure>\n","protected":false},"excerpt":{"rendered":"<p>El pasado viernes 12 de abril, el Centro de Medicina Aeroespacial (CMAE) del Hospital Cl\u00ednico de la Fuerza A\u00e9rea de Chile \u201cGeneral Dr. Ra\u00fal Yazigi J\u201d, llev\u00f3 a cabo la I Jornada Cient\u00edfica Aeroespacial como parte del IX Congreso de Ciencias M\u00e9dicas Aeroespaciales CCMAE 2024. Este evento tuvo lugar en el campus Rector Ernesto Silva [&hellip;]<\/p>\n","protected":false},"author":9192219,"featured_media":6606,"comment_status":"closed","ping_status":"open","sticky":false,"template":"","format":"standard","meta":{"footnotes":""},"categories":[4],"tags":[],"class_list":["post-6570","post","type-post","status-publish","format-standard","has-post-thumbnail","hentry","category-noticias"],"yoast_head":"<!-- This site is optimized with the Yoast SEO plugin v26.9 - https:\/\/yoast.com\/product\/yoast-seo-wordpress\/ -->\n<title>Exitosa Jornada Cient\u00edfica Aeroespacial se realiz\u00f3 en la UDD - Kinesiolog\u00eda<\/title>\n<meta name=\"robots\" content=\"index, follow, max-snippet:-1, max-image-preview:large, max-video-preview:-1\" \/>\n<link rel=\"canonical\" href=\"https:\/\/medicina.udd.cl\/kinesiologia-santiago\/noticias\/2024\/04\/16\/exitosa-jornada-cientifica-aeroespacial-se-realizo-en-la-udd\/\" \/>\n<meta property=\"og:locale\" content=\"es_ES\" \/>\n<meta property=\"og:type\" content=\"article\" \/>\n<meta property=\"og:title\" content=\"Exitosa Jornada Cient\u00edfica Aeroespacial se realiz\u00f3 en la UDD - Kinesiolog\u00eda\" \/>\n<meta property=\"og:description\" content=\"El pasado viernes 12 de abril, el Centro de Medicina Aeroespacial (CMAE) del Hospital Cl\u00ednico de la Fuerza A\u00e9rea de Chile \u201cGeneral Dr. Ra\u00fal Yazigi J\u201d, llev\u00f3 a cabo la I Jornada Cient\u00edfica Aeroespacial como parte del IX Congreso de Ciencias M\u00e9dicas Aeroespaciales CCMAE 2024. Este evento tuvo lugar en el campus Rector Ernesto Silva [&hellip;]\" \/>\n<meta property=\"og:url\" content=\"https:\/\/medicina.udd.cl\/kinesiologia-santiago\/noticias\/2024\/04\/16\/exitosa-jornada-cientifica-aeroespacial-se-realizo-en-la-udd\/\" \/>\n<meta property=\"og:site_name\" content=\"Kinesiolog\u00eda\" \/>\n<meta property=\"article:published_time\" content=\"2024-04-16T17:17:13+00:00\" \/>\n<meta property=\"article:modified_time\" content=\"2024-04-16T17:17:16+00:00\" \/>\n<meta property=\"og:image\" content=\"https:\/\/medicina.udd.cl\/kinesiologia-santiago\/files\/2024\/04\/kine-jornada-cientifica-aeroespacial-17.jpg\" \/>\n\t<meta property=\"og:image:width\" content=\"1600\" \/>\n\t<meta property=\"og:image:height\" content=\"1200\" \/>\n\t<meta property=\"og:image:type\" content=\"image\/jpeg\" \/>\n<meta name=\"author\" content=\"rbraidy\" \/>\n<meta name=\"twitter:label1\" content=\"Escrito por\" \/>\n\t<meta name=\"twitter:data1\" content=\"rbraidy\" \/>\n\t<meta name=\"twitter:label2\" content=\"Tiempo de lectura\" \/>\n\t<meta name=\"twitter:data2\" content=\"6 minutos\" \/>\n<script type=\"application\/ld+json\" class=\"yoast-schema-graph\">{\"@context\":\"https:\/\/schema.org\",\"@graph\":[{\"@type\":\"Article\",\"@id\":\"https:\/\/medicina.udd.cl\/kinesiologia-santiago\/noticias\/2024\/04\/16\/exitosa-jornada-cientifica-aeroespacial-se-realizo-en-la-udd\/#article\",\"isPartOf\":{\"@id\":\"https:\/\/medicina.udd.cl\/kinesiologia-santiago\/noticias\/2024\/04\/16\/exitosa-jornada-cientifica-aeroespacial-se-realizo-en-la-udd\/\"},\"author\":{\"name\":\"rbraidy\",\"@id\":\"https:\/\/medicina.udd.cl\/kinesiologia-santiago\/#\/schema\/person\/dbc3705bf3a93e8be1ba6de0ef950341\"},\"headline\":\"Exitosa Jornada Cient\u00edfica Aeroespacial se realiz\u00f3 en la UDD\",\"datePublished\":\"2024-04-16T17:17:13+00:00\",\"dateModified\":\"2024-04-16T17:17:16+00:00\",\"mainEntityOfPage\":{\"@id\":\"https:\/\/medicina.udd.cl\/kinesiologia-santiago\/noticias\/2024\/04\/16\/exitosa-jornada-cientifica-aeroespacial-se-realizo-en-la-udd\/\"},\"wordCount\":643,\"image\":{\"@id\":\"https:\/\/medicina.udd.cl\/kinesiologia-santiago\/noticias\/2024\/04\/16\/exitosa-jornada-cientifica-aeroespacial-se-realizo-en-la-udd\/#primaryimage\"},\"thumbnailUrl\":\"https:\/\/medicina.udd.cl\/kinesiologia-santiago\/files\/2024\/04\/kine-jornada-cientifica-aeroespacial-17.jpg\",\"articleSection\":[\"Noticias\"],\"inLanguage\":\"es\"},{\"@type\":\"WebPage\",\"@id\":\"https:\/\/medicina.udd.cl\/kinesiologia-santiago\/noticias\/2024\/04\/16\/exitosa-jornada-cientifica-aeroespacial-se-realizo-en-la-udd\/\",\"url\":\"https:\/\/medicina.udd.cl\/kinesiologia-santiago\/noticias\/2024\/04\/16\/exitosa-jornada-cientifica-aeroespacial-se-realizo-en-la-udd\/\",\"name\":\"Exitosa Jornada Cient\u00edfica Aeroespacial se realiz\u00f3 en la UDD - Kinesiolog\u00eda\",\"isPartOf\":{\"@id\":\"https:\/\/medicina.udd.cl\/kinesiologia-santiago\/#website\"},\"primaryImageOfPage\":{\"@id\":\"https:\/\/medicina.udd.cl\/kinesiologia-santiago\/noticias\/2024\/04\/16\/exitosa-jornada-cientifica-aeroespacial-se-realizo-en-la-udd\/#primaryimage\"},\"image\":{\"@id\":\"https:\/\/medicina.udd.cl\/kinesiologia-santiago\/noticias\/2024\/04\/16\/exitosa-jornada-cientifica-aeroespacial-se-realizo-en-la-udd\/#primaryimage\"},\"thumbnailUrl\":\"https:\/\/medicina.udd.cl\/kinesiologia-santiago\/files\/2024\/04\/kine-jornada-cientifica-aeroespacial-17.jpg\",\"datePublished\":\"2024-04-16T17:17:13+00:00\",\"dateModified\":\"2024-04-16T17:17:16+00:00\",\"author\":{\"@id\":\"https:\/\/medicina.udd.cl\/kinesiologia-santiago\/#\/schema\/person\/dbc3705bf3a93e8be1ba6de0ef950341\"},\"breadcrumb\":{\"@id\":\"https:\/\/medicina.udd.cl\/kinesiologia-santiago\/noticias\/2024\/04\/16\/exitosa-jornada-cientifica-aeroespacial-se-realizo-en-la-udd\/#breadcrumb\"},\"inLanguage\":\"es\",\"potentialAction\":[{\"@type\":\"ReadAction\",\"target\":[\"https:\/\/medicina.udd.cl\/kinesiologia-santiago\/noticias\/2024\/04\/16\/exitosa-jornada-cientifica-aeroespacial-se-realizo-en-la-udd\/\"]}]},{\"@type\":\"ImageObject\",\"inLanguage\":\"es\",\"@id\":\"https:\/\/medicina.udd.cl\/kinesiologia-santiago\/noticias\/2024\/04\/16\/exitosa-jornada-cientifica-aeroespacial-se-realizo-en-la-udd\/#primaryimage\",\"url\":\"https:\/\/medicina.udd.cl\/kinesiologia-santiago\/files\/2024\/04\/kine-jornada-cientifica-aeroespacial-17.jpg\",\"contentUrl\":\"https:\/\/medicina.udd.cl\/kinesiologia-santiago\/files\/2024\/04\/kine-jornada-cientifica-aeroespacial-17.jpg\",\"width\":1600,\"height\":1200},{\"@type\":\"BreadcrumbList\",\"@id\":\"https:\/\/medicina.udd.cl\/kinesiologia-santiago\/noticias\/2024\/04\/16\/exitosa-jornada-cientifica-aeroespacial-se-realizo-en-la-udd\/#breadcrumb\",\"itemListElement\":[{\"@type\":\"ListItem\",\"position\":1,\"name\":\"Home\",\"item\":\"https:\/\/medicina.udd.cl\/kinesiologia-santiago\/\"},{\"@type\":\"ListItem\",\"position\":2,\"name\":\"Exitosa Jornada Cient\u00edfica Aeroespacial se realiz\u00f3 en la UDD\"}]},{\"@type\":\"WebSite\",\"@id\":\"https:\/\/medicina.udd.cl\/kinesiologia-santiago\/#website\",\"url\":\"https:\/\/medicina.udd.cl\/kinesiologia-santiago\/\",\"name\":\"Kinesiolog\u00eda\",\"description\":\"Facultad de Medicina Cl\u00ednica Alemana Universidad del Desarrollo\",\"inLanguage\":\"es\"},{\"@type\":\"Person\",\"@id\":\"https:\/\/medicina.udd.cl\/kinesiologia-santiago\/#\/schema\/person\/dbc3705bf3a93e8be1ba6de0ef950341\",\"name\":\"rbraidy\",\"image\":{\"@type\":\"ImageObject\",\"inLanguage\":\"es\",\"@id\":\"https:\/\/medicina.udd.cl\/kinesiologia-santiago\/#\/schema\/person\/image\/\",\"url\":\"https:\/\/secure.gravatar.com\/avatar\/0f8bc94637401590e45d2ce17eb65c274cb8870a219de6177f3f23e63fd8cdf3?s=96&d=mm&r=g\",\"contentUrl\":\"https:\/\/secure.gravatar.com\/avatar\/0f8bc94637401590e45d2ce17eb65c274cb8870a219de6177f3f23e63fd8cdf3?s=96&d=mm&r=g\",\"caption\":\"rbraidy\"},\"url\":\"https:\/\/medicina.udd.cl\/kinesiologia-santiago\/noticias\/author\/rbraidy\/\"}]}<\/script>\n<!-- \/ Yoast SEO plugin. -->","yoast_head_json":{"title":"Exitosa Jornada Cient\u00edfica Aeroespacial se realiz\u00f3 en la UDD - Kinesiolog\u00eda","robots":{"index":"index","follow":"follow","max-snippet":"max-snippet:-1","max-image-preview":"max-image-preview:large","max-video-preview":"max-video-preview:-1"},"canonical":"https:\/\/medicina.udd.cl\/kinesiologia-santiago\/noticias\/2024\/04\/16\/exitosa-jornada-cientifica-aeroespacial-se-realizo-en-la-udd\/","og_locale":"es_ES","og_type":"article","og_title":"Exitosa Jornada Cient\u00edfica Aeroespacial se realiz\u00f3 en la UDD - Kinesiolog\u00eda","og_description":"El pasado viernes 12 de abril, el Centro de Medicina Aeroespacial (CMAE) del Hospital Cl\u00ednico de la Fuerza A\u00e9rea de Chile \u201cGeneral Dr. Ra\u00fal Yazigi J\u201d, llev\u00f3 a cabo la I Jornada Cient\u00edfica Aeroespacial como parte del IX Congreso de Ciencias M\u00e9dicas Aeroespaciales CCMAE 2024. Este evento tuvo lugar en el campus Rector Ernesto Silva [&hellip;]","og_url":"https:\/\/medicina.udd.cl\/kinesiologia-santiago\/noticias\/2024\/04\/16\/exitosa-jornada-cientifica-aeroespacial-se-realizo-en-la-udd\/","og_site_name":"Kinesiolog\u00eda","article_published_time":"2024-04-16T17:17:13+00:00","article_modified_time":"2024-04-16T17:17:16+00:00","og_image":[{"width":1600,"height":1200,"url":"https:\/\/medicina.udd.cl\/kinesiologia-santiago\/files\/2024\/04\/kine-jornada-cientifica-aeroespacial-17.jpg","type":"image\/jpeg"}],"author":"rbraidy","twitter_misc":{"Escrito por":"rbraidy","Tiempo de lectura":"6 minutos"},"schema":{"@context":"https:\/\/schema.org","@graph":[{"@type":"Article","@id":"https:\/\/medicina.udd.cl\/kinesiologia-santiago\/noticias\/2024\/04\/16\/exitosa-jornada-cientifica-aeroespacial-se-realizo-en-la-udd\/#article","isPartOf":{"@id":"https:\/\/medicina.udd.cl\/kinesiologia-santiago\/noticias\/2024\/04\/16\/exitosa-jornada-cientifica-aeroespacial-se-realizo-en-la-udd\/"},"author":{"name":"rbraidy","@id":"https:\/\/medicina.udd.cl\/kinesiologia-santiago\/#\/schema\/person\/dbc3705bf3a93e8be1ba6de0ef950341"},"headline":"Exitosa Jornada Cient\u00edfica Aeroespacial se realiz\u00f3 en la UDD","datePublished":"2024-04-16T17:17:13+00:00","dateModified":"2024-04-16T17:17:16+00:00","mainEntityOfPage":{"@id":"https:\/\/medicina.udd.cl\/kinesiologia-santiago\/noticias\/2024\/04\/16\/exitosa-jornada-cientifica-aeroespacial-se-realizo-en-la-udd\/"},"wordCount":643,"image":{"@id":"https:\/\/medicina.udd.cl\/kinesiologia-santiago\/noticias\/2024\/04\/16\/exitosa-jornada-cientifica-aeroespacial-se-realizo-en-la-udd\/#primaryimage"},"thumbnailUrl":"https:\/\/medicina.udd.cl\/kinesiologia-santiago\/files\/2024\/04\/kine-jornada-cientifica-aeroespacial-17.jpg","articleSection":["Noticias"],"inLanguage":"es"},{"@type":"WebPage","@id":"https:\/\/medicina.udd.cl\/kinesiologia-santiago\/noticias\/2024\/04\/16\/exitosa-jornada-cientifica-aeroespacial-se-realizo-en-la-udd\/","url":"https:\/\/medicina.udd.cl\/kinesiologia-santiago\/noticias\/2024\/04\/16\/exitosa-jornada-cientifica-aeroespacial-se-realizo-en-la-udd\/","name":"Exitosa Jornada Cient\u00edfica Aeroespacial se realiz\u00f3 en la UDD - Kinesiolog\u00eda","isPartOf":{"@id":"https:\/\/medicina.udd.cl\/kinesiologia-santiago\/#website"},"primaryImageOfPage":{"@id":"https:\/\/medicina.udd.cl\/kinesiologia-santiago\/noticias\/2024\/04\/16\/exitosa-jornada-cientifica-aeroespacial-se-realizo-en-la-udd\/#primaryimage"},"image":{"@id":"https:\/\/medicina.udd.cl\/kinesiologia-santiago\/noticias\/2024\/04\/16\/exitosa-jornada-cientifica-aeroespacial-se-realizo-en-la-udd\/#primaryimage"},"thumbnailUrl":"https:\/\/medicina.udd.cl\/kinesiologia-santiago\/files\/2024\/04\/kine-jornada-cientifica-aeroespacial-17.jpg","datePublished":"2024-04-16T17:17:13+00:00","dateModified":"2024-04-16T17:17:16+00:00","author":{"@id":"https:\/\/medicina.udd.cl\/kinesiologia-santiago\/#\/schema\/person\/dbc3705bf3a93e8be1ba6de0ef950341"},"breadcrumb":{"@id":"https:\/\/medicina.udd.cl\/kinesiologia-santiago\/noticias\/2024\/04\/16\/exitosa-jornada-cientifica-aeroespacial-se-realizo-en-la-udd\/#breadcrumb"},"inLanguage":"es","potentialAction":[{"@type":"ReadAction","target":["https:\/\/medicina.udd.cl\/kinesiologia-santiago\/noticias\/2024\/04\/16\/exitosa-jornada-cientifica-aeroespacial-se-realizo-en-la-udd\/"]}]},{"@type":"ImageObject","inLanguage":"es","@id":"https:\/\/medicina.udd.cl\/kinesiologia-santiago\/noticias\/2024\/04\/16\/exitosa-jornada-cientifica-aeroespacial-se-realizo-en-la-udd\/#primaryimage","url":"https:\/\/medicina.udd.cl\/kinesiologia-santiago\/files\/2024\/04\/kine-jornada-cientifica-aeroespacial-17.jpg","contentUrl":"https:\/\/medicina.udd.cl\/kinesiologia-santiago\/files\/2024\/04\/kine-jornada-cientifica-aeroespacial-17.jpg","width":1600,"height":1200},{"@type":"BreadcrumbList","@id":"https:\/\/medicina.udd.cl\/kinesiologia-santiago\/noticias\/2024\/04\/16\/exitosa-jornada-cientifica-aeroespacial-se-realizo-en-la-udd\/#breadcrumb","itemListElement":[{"@type":"ListItem","position":1,"name":"Home","item":"https:\/\/medicina.udd.cl\/kinesiologia-santiago\/"},{"@type":"ListItem","position":2,"name":"Exitosa Jornada Cient\u00edfica Aeroespacial se realiz\u00f3 en la UDD"}]},{"@type":"WebSite","@id":"https:\/\/medicina.udd.cl\/kinesiologia-santiago\/#website","url":"https:\/\/medicina.udd.cl\/kinesiologia-santiago\/","name":"Kinesiolog\u00eda","description":"Facultad de Medicina Cl\u00ednica Alemana Universidad del Desarrollo","inLanguage":"es"},{"@type":"Person","@id":"https:\/\/medicina.udd.cl\/kinesiologia-santiago\/#\/schema\/person\/dbc3705bf3a93e8be1ba6de0ef950341","name":"rbraidy","image":{"@type":"ImageObject","inLanguage":"es","@id":"https:\/\/medicina.udd.cl\/kinesiologia-santiago\/#\/schema\/person\/image\/","url":"https:\/\/secure.gravatar.com\/avatar\/0f8bc94637401590e45d2ce17eb65c274cb8870a219de6177f3f23e63fd8cdf3?s=96&d=mm&r=g","contentUrl":"https:\/\/secure.gravatar.com\/avatar\/0f8bc94637401590e45d2ce17eb65c274cb8870a219de6177f3f23e63fd8cdf3?s=96&d=mm&r=g","caption":"rbraidy"},"url":"https:\/\/medicina.udd.cl\/kinesiologia-santiago\/noticias\/author\/rbraidy\/"}]}},"featured_image_url":"https:\/\/medicina.udd.cl\/kinesiologia-santiago\/files\/2024\/04\/kine-jornada-cientifica-aeroespacial-17.jpg","_links":{"self":[{"href":"https:\/\/medicina.udd.cl\/kinesiologia-santiago\/wp-json\/wp\/v2\/posts\/6570","targetHints":{"allow":["GET"]}}],"collection":[{"href":"https:\/\/medicina.udd.cl\/kinesiologia-santiago\/wp-json\/wp\/v2\/posts"}],"about":[{"href":"https:\/\/medicina.udd.cl\/kinesiologia-santiago\/wp-json\/wp\/v2\/types\/post"}],"author":[{"embeddable":true,"href":"https:\/\/medicina.udd.cl\/kinesiologia-santiago\/wp-json\/wp\/v2\/users\/9192219"}],"replies":[{"embeddable":true,"href":"https:\/\/medicina.udd.cl\/kinesiologia-santiago\/wp-json\/wp\/v2\/comments?post=6570"}],"version-history":[{"count":1,"href":"https:\/\/medicina.udd.cl\/kinesiologia-santiago\/wp-json\/wp\/v2\/posts\/6570\/revisions"}],"predecessor-version":[{"id":6618,"href":"https:\/\/medicina.udd.cl\/kinesiologia-santiago\/wp-json\/wp\/v2\/posts\/6570\/revisions\/6618"}],"wp:featuredmedia":[{"embeddable":true,"href":"https:\/\/medicina.udd.cl\/kinesiologia-santiago\/wp-json\/wp\/v2\/media\/6606"}],"wp:attachment":[{"href":"https:\/\/medicina.udd.cl\/kinesiologia-santiago\/wp-json\/wp\/v2\/media?parent=6570"}],"wp:term":[{"taxonomy":"category","embeddable":true,"href":"https:\/\/medicina.udd.cl\/kinesiologia-santiago\/wp-json\/wp\/v2\/categories?post=6570"},{"taxonomy":"post_tag","embeddable":true,"href":"https:\/\/medicina.udd.cl\/kinesiologia-santiago\/wp-json\/wp\/v2\/tags?post=6570"}],"curies":[{"name":"wp","href":"https:\/\/api.w.org\/{rel}","templated":true}]}}