{"id":6633,"date":"2024-05-02T13:37:50","date_gmt":"2024-05-02T17:37:50","guid":{"rendered":"https:\/\/medicina.udd.cl\/kinesiologia-santiago\/?p=6633"},"modified":"2024-05-02T13:37:52","modified_gmt":"2024-05-02T17:37:52","slug":"encuentro-internacional-maki-avances-y-colaboracion-en-terapia-fisica-y-rehabilitacion","status":"publish","type":"post","link":"https:\/\/medicina.udd.cl\/kinesiologia-santiago\/noticias\/2024\/05\/02\/encuentro-internacional-maki-avances-y-colaboracion-en-terapia-fisica-y-rehabilitacion\/","title":{"rendered":"Encuentro Internacional MAKI: Avances y Colaboraci\u00f3n en Terapia F\u00edsica y Rehabilitaci\u00f3n"},"content":{"rendered":"\n<figure class=\"wp-block-image aligncenter size-large\"><a href=\"https:\/\/medicina.udd.cl\/kinesiologia-santiago\/files\/2024\/05\/kine-reunion-con-brasilenos-maki-0.jpeg\"><img loading=\"lazy\" decoding=\"async\" width=\"1024\" height=\"768\" src=\"https:\/\/medicina.udd.cl\/kinesiologia-santiago\/files\/2024\/05\/kine-reunion-con-brasilenos-maki-0-1024x768.jpeg\" alt=\"\" class=\"wp-image-6636\" srcset=\"https:\/\/medicina.udd.cl\/kinesiologia-santiago\/files\/2024\/05\/kine-reunion-con-brasilenos-maki-0-1024x768.jpeg 1024w, https:\/\/medicina.udd.cl\/kinesiologia-santiago\/files\/2024\/05\/kine-reunion-con-brasilenos-maki-0-300x225.jpeg 300w, https:\/\/medicina.udd.cl\/kinesiologia-santiago\/files\/2024\/05\/kine-reunion-con-brasilenos-maki-0-768x576.jpeg 768w, https:\/\/medicina.udd.cl\/kinesiologia-santiago\/files\/2024\/05\/kine-reunion-con-brasilenos-maki-0.jpeg 1280w\" sizes=\"auto, (max-width: 1024px) 100vw, 1024px\" \/><\/a><\/figure>\n\n\n\n<p>El pasado viernes 26 de abril, el Mag\u00edster en Terapia F\u00edsica y Rehabilitaci\u00f3n (MAKI) organiz\u00f3 la actividad \u00abMAKI en Contexto\u00bb, centrada en los avances de la Terapia F\u00edsica en \u00e1reas MAKI. El evento cont\u00f3 con la participaci\u00f3n destacada de tres distinguidos profesores de la Universidad Federal de Pernambuco (UFPE), Brasil, del programa de Mag\u00edster y Doctorado en Fisioterapia: Diego de Sousa Dantas, Armele de F\u00e1tima Dorneles de Andrade y Mar\u00eda das Gracias Rodrigues de Ara\u00fajo. Adem\u00e1s, Felipe Gonz\u00e1lez, acad\u00e9mico del programa MAKI, present\u00f3 sobre la ecograf\u00eda muscular en UCI.<\/p>\n\n\n\n<p>La actividad reuni\u00f3 a estudiantes y exalumnos del programa MAKI, as\u00ed como a estudiantes, acad\u00e9micos y directivos de la carrera de Kinesiolog\u00eda UDD, junto con miembros del p\u00fablico general interesados en el tema.<\/p>\n\n\n\n<p>La profesora Cinara Sacomori, docente del programa MAKI UDD y colaboradora en actividades de investigaci\u00f3n con los invitados brasile\u00f1os, expres\u00f3 su entusiasmo por la oportunidad de intercambiar conocimientos y fortalecer los lazos de colaboraci\u00f3n en investigaci\u00f3n y docencia entre ambas instituciones.<\/p>\n\n\n\n<p>Este encuentro internacional no solo enriqueci\u00f3 el conocimiento sobre los avances en terapia f\u00edsica, sino que tambi\u00e9n promovi\u00f3 la cooperaci\u00f3n acad\u00e9mica y cient\u00edfica entre Chile y Brasil, consolidando as\u00ed el compromiso de la UDD con la excelencia educativa y la investigaci\u00f3n innovadora en el campo de la salud.<\/p>\n\n\n\n<figure class=\"wp-block-gallery has-nested-images columns-default is-cropped wp-block-gallery-1 is-layout-flex wp-block-gallery-is-layout-flex\">\n<figure class=\"wp-block-image size-large\"><a href=\"https:\/\/medicina.udd.cl\/kinesiologia-santiago\/files\/2024\/05\/kine-reunion-con-brasilenos-maki-4-scaled.jpg\"><img loading=\"lazy\" decoding=\"async\" width=\"1024\" height=\"683\" data-id=\"6639\" src=\"https:\/\/medicina.udd.cl\/kinesiologia-santiago\/files\/2024\/05\/kine-reunion-con-brasilenos-maki-4-1024x683.jpg\" alt=\"\" class=\"wp-image-6639\" srcset=\"https:\/\/medicina.udd.cl\/kinesiologia-santiago\/files\/2024\/05\/kine-reunion-con-brasilenos-maki-4-1024x683.jpg 1024w, https:\/\/medicina.udd.cl\/kinesiologia-santiago\/files\/2024\/05\/kine-reunion-con-brasilenos-maki-4-300x200.jpg 300w, https:\/\/medicina.udd.cl\/kinesiologia-santiago\/files\/2024\/05\/kine-reunion-con-brasilenos-maki-4-768x512.jpg 768w, https:\/\/medicina.udd.cl\/kinesiologia-santiago\/files\/2024\/05\/kine-reunion-con-brasilenos-maki-4-1536x1024.jpg 1536w, https:\/\/medicina.udd.cl\/kinesiologia-santiago\/files\/2024\/05\/kine-reunion-con-brasilenos-maki-4-2048x1365.jpg 2048w\" sizes=\"auto, (max-width: 1024px) 100vw, 1024px\" \/><\/a><\/figure>\n\n\n\n<figure class=\"wp-block-image size-large\"><a href=\"https:\/\/medicina.udd.cl\/kinesiologia-santiago\/files\/2024\/05\/kine-reunion-con-brasilenos-maki-6-scaled.jpg\"><img loading=\"lazy\" decoding=\"async\" width=\"1024\" height=\"683\" data-id=\"6642\" src=\"https:\/\/medicina.udd.cl\/kinesiologia-santiago\/files\/2024\/05\/kine-reunion-con-brasilenos-maki-6-1024x683.jpg\" alt=\"\" class=\"wp-image-6642\" srcset=\"https:\/\/medicina.udd.cl\/kinesiologia-santiago\/files\/2024\/05\/kine-reunion-con-brasilenos-maki-6-1024x683.jpg 1024w, https:\/\/medicina.udd.cl\/kinesiologia-santiago\/files\/2024\/05\/kine-reunion-con-brasilenos-maki-6-300x200.jpg 300w, https:\/\/medicina.udd.cl\/kinesiologia-santiago\/files\/2024\/05\/kine-reunion-con-brasilenos-maki-6-768x512.jpg 768w, https:\/\/medicina.udd.cl\/kinesiologia-santiago\/files\/2024\/05\/kine-reunion-con-brasilenos-maki-6-1536x1024.jpg 1536w, https:\/\/medicina.udd.cl\/kinesiologia-santiago\/files\/2024\/05\/kine-reunion-con-brasilenos-maki-6-2048x1365.jpg 2048w\" sizes=\"auto, (max-width: 1024px) 100vw, 1024px\" \/><\/a><\/figure>\n\n\n\n<figure class=\"wp-block-image size-large\"><a href=\"https:\/\/medicina.udd.cl\/kinesiologia-santiago\/files\/2024\/05\/kine-reunion-con-brasilenos-maki-11-scaled.jpg\"><img loading=\"lazy\" decoding=\"async\" width=\"1024\" height=\"683\" data-id=\"6645\" src=\"https:\/\/medicina.udd.cl\/kinesiologia-santiago\/files\/2024\/05\/kine-reunion-con-brasilenos-maki-11-1024x683.jpg\" alt=\"\" class=\"wp-image-6645\" srcset=\"https:\/\/medicina.udd.cl\/kinesiologia-santiago\/files\/2024\/05\/kine-reunion-con-brasilenos-maki-11-1024x683.jpg 1024w, https:\/\/medicina.udd.cl\/kinesiologia-santiago\/files\/2024\/05\/kine-reunion-con-brasilenos-maki-11-300x200.jpg 300w, https:\/\/medicina.udd.cl\/kinesiologia-santiago\/files\/2024\/05\/kine-reunion-con-brasilenos-maki-11-768x512.jpg 768w, https:\/\/medicina.udd.cl\/kinesiologia-santiago\/files\/2024\/05\/kine-reunion-con-brasilenos-maki-11-1536x1024.jpg 1536w, https:\/\/medicina.udd.cl\/kinesiologia-santiago\/files\/2024\/05\/kine-reunion-con-brasilenos-maki-11-2048x1365.jpg 2048w\" sizes=\"auto, (max-width: 1024px) 100vw, 1024px\" \/><\/a><\/figure>\n\n\n\n<figure class=\"wp-block-image size-large\"><a href=\"https:\/\/medicina.udd.cl\/kinesiologia-santiago\/files\/2024\/05\/kine-reunion-con-brasilenos-maki-13-scaled.jpg\"><img loading=\"lazy\" decoding=\"async\" width=\"1024\" height=\"683\" data-id=\"6648\" src=\"https:\/\/medicina.udd.cl\/kinesiologia-santiago\/files\/2024\/05\/kine-reunion-con-brasilenos-maki-13-1024x683.jpg\" alt=\"\" class=\"wp-image-6648\" srcset=\"https:\/\/medicina.udd.cl\/kinesiologia-santiago\/files\/2024\/05\/kine-reunion-con-brasilenos-maki-13-1024x683.jpg 1024w, https:\/\/medicina.udd.cl\/kinesiologia-santiago\/files\/2024\/05\/kine-reunion-con-brasilenos-maki-13-300x200.jpg 300w, https:\/\/medicina.udd.cl\/kinesiologia-santiago\/files\/2024\/05\/kine-reunion-con-brasilenos-maki-13-768x512.jpg 768w, https:\/\/medicina.udd.cl\/kinesiologia-santiago\/files\/2024\/05\/kine-reunion-con-brasilenos-maki-13-1536x1024.jpg 1536w, https:\/\/medicina.udd.cl\/kinesiologia-santiago\/files\/2024\/05\/kine-reunion-con-brasilenos-maki-13-2048x1365.jpg 2048w\" sizes=\"auto, (max-width: 1024px) 100vw, 1024px\" \/><\/a><\/figure>\n<\/figure>\n","protected":false},"excerpt":{"rendered":"<p>El pasado viernes 26 de abril, el Mag\u00edster en Terapia F\u00edsica y Rehabilitaci\u00f3n (MAKI) organiz\u00f3 la actividad \u00abMAKI en Contexto\u00bb, centrada en los avances de la Terapia F\u00edsica en \u00e1reas MAKI. El evento cont\u00f3 con la participaci\u00f3n destacada de tres distinguidos profesores de la Universidad Federal de Pernambuco (UFPE), Brasil, del programa de Mag\u00edster y [&hellip;]<\/p>\n","protected":false},"author":9192219,"featured_media":6636,"comment_status":"closed","ping_status":"open","sticky":false,"template":"","format":"standard","meta":{"footnotes":""},"categories":[4],"tags":[],"class_list":["post-6633","post","type-post","status-publish","format-standard","has-post-thumbnail","hentry","category-noticias"],"yoast_head":"<!-- This site is optimized with the Yoast SEO plugin v26.9 - https:\/\/yoast.com\/product\/yoast-seo-wordpress\/ -->\n<title>Encuentro Internacional MAKI: Avances y Colaboraci\u00f3n en Terapia F\u00edsica y Rehabilitaci\u00f3n - Kinesiolog\u00eda<\/title>\n<meta name=\"robots\" content=\"index, follow, max-snippet:-1, max-image-preview:large, max-video-preview:-1\" \/>\n<link rel=\"canonical\" href=\"https:\/\/medicina.udd.cl\/kinesiologia-santiago\/noticias\/2024\/05\/02\/encuentro-internacional-maki-avances-y-colaboracion-en-terapia-fisica-y-rehabilitacion\/\" \/>\n<meta property=\"og:locale\" content=\"es_ES\" \/>\n<meta property=\"og:type\" content=\"article\" \/>\n<meta property=\"og:title\" content=\"Encuentro Internacional MAKI: Avances y Colaboraci\u00f3n en Terapia F\u00edsica y Rehabilitaci\u00f3n - Kinesiolog\u00eda\" \/>\n<meta property=\"og:description\" content=\"El pasado viernes 26 de abril, el Mag\u00edster en Terapia F\u00edsica y Rehabilitaci\u00f3n (MAKI) organiz\u00f3 la actividad \u00abMAKI en Contexto\u00bb, centrada en los avances de la Terapia F\u00edsica en \u00e1reas MAKI. El evento cont\u00f3 con la participaci\u00f3n destacada de tres distinguidos profesores de la Universidad Federal de Pernambuco (UFPE), Brasil, del programa de Mag\u00edster y [&hellip;]\" \/>\n<meta property=\"og:url\" content=\"https:\/\/medicina.udd.cl\/kinesiologia-santiago\/noticias\/2024\/05\/02\/encuentro-internacional-maki-avances-y-colaboracion-en-terapia-fisica-y-rehabilitacion\/\" \/>\n<meta property=\"og:site_name\" content=\"Kinesiolog\u00eda\" \/>\n<meta property=\"article:published_time\" content=\"2024-05-02T17:37:50+00:00\" \/>\n<meta property=\"article:modified_time\" content=\"2024-05-02T17:37:52+00:00\" \/>\n<meta property=\"og:image\" content=\"https:\/\/medicina.udd.cl\/kinesiologia-santiago\/files\/2024\/05\/kine-reunion-con-brasilenos-maki-0.jpeg\" \/>\n\t<meta property=\"og:image:width\" content=\"1280\" \/>\n\t<meta property=\"og:image:height\" content=\"960\" \/>\n\t<meta property=\"og:image:type\" content=\"image\/jpeg\" \/>\n<meta name=\"author\" content=\"rbraidy\" \/>\n<meta name=\"twitter:label1\" content=\"Escrito por\" \/>\n\t<meta name=\"twitter:data1\" content=\"rbraidy\" \/>\n\t<meta name=\"twitter:label2\" content=\"Tiempo de lectura\" \/>\n\t<meta name=\"twitter:data2\" content=\"3 minutos\" \/>\n<script type=\"application\/ld+json\" class=\"yoast-schema-graph\">{\"@context\":\"https:\/\/schema.org\",\"@graph\":[{\"@type\":\"Article\",\"@id\":\"https:\/\/medicina.udd.cl\/kinesiologia-santiago\/noticias\/2024\/05\/02\/encuentro-internacional-maki-avances-y-colaboracion-en-terapia-fisica-y-rehabilitacion\/#article\",\"isPartOf\":{\"@id\":\"https:\/\/medicina.udd.cl\/kinesiologia-santiago\/noticias\/2024\/05\/02\/encuentro-internacional-maki-avances-y-colaboracion-en-terapia-fisica-y-rehabilitacion\/\"},\"author\":{\"name\":\"rbraidy\",\"@id\":\"https:\/\/medicina.udd.cl\/kinesiologia-santiago\/#\/schema\/person\/dbc3705bf3a93e8be1ba6de0ef950341\"},\"headline\":\"Encuentro Internacional MAKI: Avances y Colaboraci\u00f3n en Terapia F\u00edsica y Rehabilitaci\u00f3n\",\"datePublished\":\"2024-05-02T17:37:50+00:00\",\"dateModified\":\"2024-05-02T17:37:52+00:00\",\"mainEntityOfPage\":{\"@id\":\"https:\/\/medicina.udd.cl\/kinesiologia-santiago\/noticias\/2024\/05\/02\/encuentro-internacional-maki-avances-y-colaboracion-en-terapia-fisica-y-rehabilitacion\/\"},\"wordCount\":250,\"image\":{\"@id\":\"https:\/\/medicina.udd.cl\/kinesiologia-santiago\/noticias\/2024\/05\/02\/encuentro-internacional-maki-avances-y-colaboracion-en-terapia-fisica-y-rehabilitacion\/#primaryimage\"},\"thumbnailUrl\":\"https:\/\/medicina.udd.cl\/kinesiologia-santiago\/files\/2024\/05\/kine-reunion-con-brasilenos-maki-0.jpeg\",\"articleSection\":[\"Noticias\"],\"inLanguage\":\"es\"},{\"@type\":\"WebPage\",\"@id\":\"https:\/\/medicina.udd.cl\/kinesiologia-santiago\/noticias\/2024\/05\/02\/encuentro-internacional-maki-avances-y-colaboracion-en-terapia-fisica-y-rehabilitacion\/\",\"url\":\"https:\/\/medicina.udd.cl\/kinesiologia-santiago\/noticias\/2024\/05\/02\/encuentro-internacional-maki-avances-y-colaboracion-en-terapia-fisica-y-rehabilitacion\/\",\"name\":\"Encuentro Internacional MAKI: Avances y Colaboraci\u00f3n en Terapia F\u00edsica y Rehabilitaci\u00f3n - Kinesiolog\u00eda\",\"isPartOf\":{\"@id\":\"https:\/\/medicina.udd.cl\/kinesiologia-santiago\/#website\"},\"primaryImageOfPage\":{\"@id\":\"https:\/\/medicina.udd.cl\/kinesiologia-santiago\/noticias\/2024\/05\/02\/encuentro-internacional-maki-avances-y-colaboracion-en-terapia-fisica-y-rehabilitacion\/#primaryimage\"},\"image\":{\"@id\":\"https:\/\/medicina.udd.cl\/kinesiologia-santiago\/noticias\/2024\/05\/02\/encuentro-internacional-maki-avances-y-colaboracion-en-terapia-fisica-y-rehabilitacion\/#primaryimage\"},\"thumbnailUrl\":\"https:\/\/medicina.udd.cl\/kinesiologia-santiago\/files\/2024\/05\/kine-reunion-con-brasilenos-maki-0.jpeg\",\"datePublished\":\"2024-05-02T17:37:50+00:00\",\"dateModified\":\"2024-05-02T17:37:52+00:00\",\"author\":{\"@id\":\"https:\/\/medicina.udd.cl\/kinesiologia-santiago\/#\/schema\/person\/dbc3705bf3a93e8be1ba6de0ef950341\"},\"breadcrumb\":{\"@id\":\"https:\/\/medicina.udd.cl\/kinesiologia-santiago\/noticias\/2024\/05\/02\/encuentro-internacional-maki-avances-y-colaboracion-en-terapia-fisica-y-rehabilitacion\/#breadcrumb\"},\"inLanguage\":\"es\",\"potentialAction\":[{\"@type\":\"ReadAction\",\"target\":[\"https:\/\/medicina.udd.cl\/kinesiologia-santiago\/noticias\/2024\/05\/02\/encuentro-internacional-maki-avances-y-colaboracion-en-terapia-fisica-y-rehabilitacion\/\"]}]},{\"@type\":\"ImageObject\",\"inLanguage\":\"es\",\"@id\":\"https:\/\/medicina.udd.cl\/kinesiologia-santiago\/noticias\/2024\/05\/02\/encuentro-internacional-maki-avances-y-colaboracion-en-terapia-fisica-y-rehabilitacion\/#primaryimage\",\"url\":\"https:\/\/medicina.udd.cl\/kinesiologia-santiago\/files\/2024\/05\/kine-reunion-con-brasilenos-maki-0.jpeg\",\"contentUrl\":\"https:\/\/medicina.udd.cl\/kinesiologia-santiago\/files\/2024\/05\/kine-reunion-con-brasilenos-maki-0.jpeg\",\"width\":1280,\"height\":960},{\"@type\":\"BreadcrumbList\",\"@id\":\"https:\/\/medicina.udd.cl\/kinesiologia-santiago\/noticias\/2024\/05\/02\/encuentro-internacional-maki-avances-y-colaboracion-en-terapia-fisica-y-rehabilitacion\/#breadcrumb\",\"itemListElement\":[{\"@type\":\"ListItem\",\"position\":1,\"name\":\"Home\",\"item\":\"https:\/\/medicina.udd.cl\/kinesiologia-santiago\/\"},{\"@type\":\"ListItem\",\"position\":2,\"name\":\"Encuentro Internacional MAKI: Avances y Colaboraci\u00f3n en Terapia F\u00edsica y Rehabilitaci\u00f3n\"}]},{\"@type\":\"WebSite\",\"@id\":\"https:\/\/medicina.udd.cl\/kinesiologia-santiago\/#website\",\"url\":\"https:\/\/medicina.udd.cl\/kinesiologia-santiago\/\",\"name\":\"Kinesiolog\u00eda\",\"description\":\"Facultad de Medicina Cl\u00ednica Alemana Universidad del Desarrollo\",\"inLanguage\":\"es\"},{\"@type\":\"Person\",\"@id\":\"https:\/\/medicina.udd.cl\/kinesiologia-santiago\/#\/schema\/person\/dbc3705bf3a93e8be1ba6de0ef950341\",\"name\":\"rbraidy\",\"image\":{\"@type\":\"ImageObject\",\"inLanguage\":\"es\",\"@id\":\"https:\/\/medicina.udd.cl\/kinesiologia-santiago\/#\/schema\/person\/image\/\",\"url\":\"https:\/\/secure.gravatar.com\/avatar\/0f8bc94637401590e45d2ce17eb65c274cb8870a219de6177f3f23e63fd8cdf3?s=96&d=mm&r=g\",\"contentUrl\":\"https:\/\/secure.gravatar.com\/avatar\/0f8bc94637401590e45d2ce17eb65c274cb8870a219de6177f3f23e63fd8cdf3?s=96&d=mm&r=g\",\"caption\":\"rbraidy\"},\"url\":\"https:\/\/medicina.udd.cl\/kinesiologia-santiago\/noticias\/author\/rbraidy\/\"}]}<\/script>\n<!-- \/ Yoast SEO plugin. -->","yoast_head_json":{"title":"Encuentro Internacional MAKI: Avances y Colaboraci\u00f3n en Terapia F\u00edsica y Rehabilitaci\u00f3n - Kinesiolog\u00eda","robots":{"index":"index","follow":"follow","max-snippet":"max-snippet:-1","max-image-preview":"max-image-preview:large","max-video-preview":"max-video-preview:-1"},"canonical":"https:\/\/medicina.udd.cl\/kinesiologia-santiago\/noticias\/2024\/05\/02\/encuentro-internacional-maki-avances-y-colaboracion-en-terapia-fisica-y-rehabilitacion\/","og_locale":"es_ES","og_type":"article","og_title":"Encuentro Internacional MAKI: Avances y Colaboraci\u00f3n en Terapia F\u00edsica y Rehabilitaci\u00f3n - Kinesiolog\u00eda","og_description":"El pasado viernes 26 de abril, el Mag\u00edster en Terapia F\u00edsica y Rehabilitaci\u00f3n (MAKI) organiz\u00f3 la actividad \u00abMAKI en Contexto\u00bb, centrada en los avances de la Terapia F\u00edsica en \u00e1reas MAKI. El evento cont\u00f3 con la participaci\u00f3n destacada de tres distinguidos profesores de la Universidad Federal de Pernambuco (UFPE), Brasil, del programa de Mag\u00edster y [&hellip;]","og_url":"https:\/\/medicina.udd.cl\/kinesiologia-santiago\/noticias\/2024\/05\/02\/encuentro-internacional-maki-avances-y-colaboracion-en-terapia-fisica-y-rehabilitacion\/","og_site_name":"Kinesiolog\u00eda","article_published_time":"2024-05-02T17:37:50+00:00","article_modified_time":"2024-05-02T17:37:52+00:00","og_image":[{"width":1280,"height":960,"url":"https:\/\/medicina.udd.cl\/kinesiologia-santiago\/files\/2024\/05\/kine-reunion-con-brasilenos-maki-0.jpeg","type":"image\/jpeg"}],"author":"rbraidy","twitter_misc":{"Escrito por":"rbraidy","Tiempo de lectura":"3 minutos"},"schema":{"@context":"https:\/\/schema.org","@graph":[{"@type":"Article","@id":"https:\/\/medicina.udd.cl\/kinesiologia-santiago\/noticias\/2024\/05\/02\/encuentro-internacional-maki-avances-y-colaboracion-en-terapia-fisica-y-rehabilitacion\/#article","isPartOf":{"@id":"https:\/\/medicina.udd.cl\/kinesiologia-santiago\/noticias\/2024\/05\/02\/encuentro-internacional-maki-avances-y-colaboracion-en-terapia-fisica-y-rehabilitacion\/"},"author":{"name":"rbraidy","@id":"https:\/\/medicina.udd.cl\/kinesiologia-santiago\/#\/schema\/person\/dbc3705bf3a93e8be1ba6de0ef950341"},"headline":"Encuentro Internacional MAKI: Avances y Colaboraci\u00f3n en Terapia F\u00edsica y Rehabilitaci\u00f3n","datePublished":"2024-05-02T17:37:50+00:00","dateModified":"2024-05-02T17:37:52+00:00","mainEntityOfPage":{"@id":"https:\/\/medicina.udd.cl\/kinesiologia-santiago\/noticias\/2024\/05\/02\/encuentro-internacional-maki-avances-y-colaboracion-en-terapia-fisica-y-rehabilitacion\/"},"wordCount":250,"image":{"@id":"https:\/\/medicina.udd.cl\/kinesiologia-santiago\/noticias\/2024\/05\/02\/encuentro-internacional-maki-avances-y-colaboracion-en-terapia-fisica-y-rehabilitacion\/#primaryimage"},"thumbnailUrl":"https:\/\/medicina.udd.cl\/kinesiologia-santiago\/files\/2024\/05\/kine-reunion-con-brasilenos-maki-0.jpeg","articleSection":["Noticias"],"inLanguage":"es"},{"@type":"WebPage","@id":"https:\/\/medicina.udd.cl\/kinesiologia-santiago\/noticias\/2024\/05\/02\/encuentro-internacional-maki-avances-y-colaboracion-en-terapia-fisica-y-rehabilitacion\/","url":"https:\/\/medicina.udd.cl\/kinesiologia-santiago\/noticias\/2024\/05\/02\/encuentro-internacional-maki-avances-y-colaboracion-en-terapia-fisica-y-rehabilitacion\/","name":"Encuentro Internacional MAKI: Avances y Colaboraci\u00f3n en Terapia F\u00edsica y Rehabilitaci\u00f3n - Kinesiolog\u00eda","isPartOf":{"@id":"https:\/\/medicina.udd.cl\/kinesiologia-santiago\/#website"},"primaryImageOfPage":{"@id":"https:\/\/medicina.udd.cl\/kinesiologia-santiago\/noticias\/2024\/05\/02\/encuentro-internacional-maki-avances-y-colaboracion-en-terapia-fisica-y-rehabilitacion\/#primaryimage"},"image":{"@id":"https:\/\/medicina.udd.cl\/kinesiologia-santiago\/noticias\/2024\/05\/02\/encuentro-internacional-maki-avances-y-colaboracion-en-terapia-fisica-y-rehabilitacion\/#primaryimage"},"thumbnailUrl":"https:\/\/medicina.udd.cl\/kinesiologia-santiago\/files\/2024\/05\/kine-reunion-con-brasilenos-maki-0.jpeg","datePublished":"2024-05-02T17:37:50+00:00","dateModified":"2024-05-02T17:37:52+00:00","author":{"@id":"https:\/\/medicina.udd.cl\/kinesiologia-santiago\/#\/schema\/person\/dbc3705bf3a93e8be1ba6de0ef950341"},"breadcrumb":{"@id":"https:\/\/medicina.udd.cl\/kinesiologia-santiago\/noticias\/2024\/05\/02\/encuentro-internacional-maki-avances-y-colaboracion-en-terapia-fisica-y-rehabilitacion\/#breadcrumb"},"inLanguage":"es","potentialAction":[{"@type":"ReadAction","target":["https:\/\/medicina.udd.cl\/kinesiologia-santiago\/noticias\/2024\/05\/02\/encuentro-internacional-maki-avances-y-colaboracion-en-terapia-fisica-y-rehabilitacion\/"]}]},{"@type":"ImageObject","inLanguage":"es","@id":"https:\/\/medicina.udd.cl\/kinesiologia-santiago\/noticias\/2024\/05\/02\/encuentro-internacional-maki-avances-y-colaboracion-en-terapia-fisica-y-rehabilitacion\/#primaryimage","url":"https:\/\/medicina.udd.cl\/kinesiologia-santiago\/files\/2024\/05\/kine-reunion-con-brasilenos-maki-0.jpeg","contentUrl":"https:\/\/medicina.udd.cl\/kinesiologia-santiago\/files\/2024\/05\/kine-reunion-con-brasilenos-maki-0.jpeg","width":1280,"height":960},{"@type":"BreadcrumbList","@id":"https:\/\/medicina.udd.cl\/kinesiologia-santiago\/noticias\/2024\/05\/02\/encuentro-internacional-maki-avances-y-colaboracion-en-terapia-fisica-y-rehabilitacion\/#breadcrumb","itemListElement":[{"@type":"ListItem","position":1,"name":"Home","item":"https:\/\/medicina.udd.cl\/kinesiologia-santiago\/"},{"@type":"ListItem","position":2,"name":"Encuentro Internacional MAKI: Avances y Colaboraci\u00f3n en Terapia F\u00edsica y Rehabilitaci\u00f3n"}]},{"@type":"WebSite","@id":"https:\/\/medicina.udd.cl\/kinesiologia-santiago\/#website","url":"https:\/\/medicina.udd.cl\/kinesiologia-santiago\/","name":"Kinesiolog\u00eda","description":"Facultad de Medicina Cl\u00ednica Alemana Universidad del Desarrollo","inLanguage":"es"},{"@type":"Person","@id":"https:\/\/medicina.udd.cl\/kinesiologia-santiago\/#\/schema\/person\/dbc3705bf3a93e8be1ba6de0ef950341","name":"rbraidy","image":{"@type":"ImageObject","inLanguage":"es","@id":"https:\/\/medicina.udd.cl\/kinesiologia-santiago\/#\/schema\/person\/image\/","url":"https:\/\/secure.gravatar.com\/avatar\/0f8bc94637401590e45d2ce17eb65c274cb8870a219de6177f3f23e63fd8cdf3?s=96&d=mm&r=g","contentUrl":"https:\/\/secure.gravatar.com\/avatar\/0f8bc94637401590e45d2ce17eb65c274cb8870a219de6177f3f23e63fd8cdf3?s=96&d=mm&r=g","caption":"rbraidy"},"url":"https:\/\/medicina.udd.cl\/kinesiologia-santiago\/noticias\/author\/rbraidy\/"}]}},"featured_image_url":"https:\/\/medicina.udd.cl\/kinesiologia-santiago\/files\/2024\/05\/kine-reunion-con-brasilenos-maki-0.jpeg","_links":{"self":[{"href":"https:\/\/medicina.udd.cl\/kinesiologia-santiago\/wp-json\/wp\/v2\/posts\/6633","targetHints":{"allow":["GET"]}}],"collection":[{"href":"https:\/\/medicina.udd.cl\/kinesiologia-santiago\/wp-json\/wp\/v2\/posts"}],"about":[{"href":"https:\/\/medicina.udd.cl\/kinesiologia-santiago\/wp-json\/wp\/v2\/types\/post"}],"author":[{"embeddable":true,"href":"https:\/\/medicina.udd.cl\/kinesiologia-santiago\/wp-json\/wp\/v2\/users\/9192219"}],"replies":[{"embeddable":true,"href":"https:\/\/medicina.udd.cl\/kinesiologia-santiago\/wp-json\/wp\/v2\/comments?post=6633"}],"version-history":[{"count":1,"href":"https:\/\/medicina.udd.cl\/kinesiologia-santiago\/wp-json\/wp\/v2\/posts\/6633\/revisions"}],"predecessor-version":[{"id":6651,"href":"https:\/\/medicina.udd.cl\/kinesiologia-santiago\/wp-json\/wp\/v2\/posts\/6633\/revisions\/6651"}],"wp:featuredmedia":[{"embeddable":true,"href":"https:\/\/medicina.udd.cl\/kinesiologia-santiago\/wp-json\/wp\/v2\/media\/6636"}],"wp:attachment":[{"href":"https:\/\/medicina.udd.cl\/kinesiologia-santiago\/wp-json\/wp\/v2\/media?parent=6633"}],"wp:term":[{"taxonomy":"category","embeddable":true,"href":"https:\/\/medicina.udd.cl\/kinesiologia-santiago\/wp-json\/wp\/v2\/categories?post=6633"},{"taxonomy":"post_tag","embeddable":true,"href":"https:\/\/medicina.udd.cl\/kinesiologia-santiago\/wp-json\/wp\/v2\/tags?post=6633"}],"curies":[{"name":"wp","href":"https:\/\/api.w.org\/{rel}","templated":true}]}}