{"id":6793,"date":"2024-07-23T16:39:14","date_gmt":"2024-07-23T20:39:14","guid":{"rendered":"https:\/\/medicina.udd.cl\/kinesiologia-santiago\/?p=6793"},"modified":"2024-07-24T15:09:46","modified_gmt":"2024-07-24T19:09:46","slug":"destacada-participacion-del-kinesiologo-udd-pablo-alvear-en-el-v-seminario-regional-de-medicina-aeroespacial-y-evacuacion-aeromedica","status":"publish","type":"post","link":"https:\/\/medicina.udd.cl\/kinesiologia-santiago\/noticias\/2024\/07\/23\/destacada-participacion-del-kinesiologo-udd-pablo-alvear-en-el-v-seminario-regional-de-medicina-aeroespacial-y-evacuacion-aeromedica\/","title":{"rendered":"Destacada participaci\u00f3n de estudiante de Kinesiolog\u00eda UDD en Seminario Regional de Medicina Aeroespacial y Evacuaci\u00f3n Aerom\u00e9dica"},"content":{"rendered":"\n<figure class=\"wp-block-image aligncenter size-large\"><a href=\"https:\/\/medicina.udd.cl\/kinesiologia-santiago\/files\/2024\/07\/kine-seminario-medicina-aeroespacial-y-evacuacion-aeromedica-1.jpg\"><img loading=\"lazy\" decoding=\"async\" width=\"1024\" height=\"768\" src=\"https:\/\/medicina.udd.cl\/kinesiologia-santiago\/files\/2024\/07\/kine-seminario-medicina-aeroespacial-y-evacuacion-aeromedica-1-1024x768.jpg\" alt=\"\" class=\"wp-image-6796\" srcset=\"https:\/\/medicina.udd.cl\/kinesiologia-santiago\/files\/2024\/07\/kine-seminario-medicina-aeroespacial-y-evacuacion-aeromedica-1-1024x768.jpg 1024w, https:\/\/medicina.udd.cl\/kinesiologia-santiago\/files\/2024\/07\/kine-seminario-medicina-aeroespacial-y-evacuacion-aeromedica-1-300x225.jpg 300w, https:\/\/medicina.udd.cl\/kinesiologia-santiago\/files\/2024\/07\/kine-seminario-medicina-aeroespacial-y-evacuacion-aeromedica-1-768x576.jpg 768w, https:\/\/medicina.udd.cl\/kinesiologia-santiago\/files\/2024\/07\/kine-seminario-medicina-aeroespacial-y-evacuacion-aeromedica-1-1536x1152.jpg 1536w, https:\/\/medicina.udd.cl\/kinesiologia-santiago\/files\/2024\/07\/kine-seminario-medicina-aeroespacial-y-evacuacion-aeromedica-1.jpg 1600w\" sizes=\"auto, (max-width: 1024px) 100vw, 1024px\" \/><\/a><figcaption class=\"wp-element-caption\">Pablo Alvear exponiendo durante el seminario<\/figcaption><\/figure>\n\n\n\n<p>Pablo Alvear, estudiante de 5\u00b0 a\u00f1o de la carrera de Kinesiolog\u00eda de la Facultad de Medicina Cl\u00ednica Alemana Universidad del Desarrollo, particip\u00f3 recientemente en el&nbsp;<em>V Seminario Regional de Medicina Aeroespacial y Evacuaci\u00f3n Aerom\u00e9dica<\/em>. Este evento fue organizado por el Centro de Medicina Aeroespacial (CMAE), dependiente del Hospital Cl\u00ednico de la Fuerza \u00c1rea&nbsp;<em>\u201cGral. Dr. Ra\u00fal Yazigi Jauregui\u201d<\/em>.<\/p>\n\n\n\n<p>Durante el seminario, Alvear tuvo la oportunidad de exponer sobre el efecto del entrenamiento f\u00edsico en el desarrollo de la musculatura, especialmente en los m\u00fasculos trapecio, esternocleidomastoideo y mult\u00edfido, y su importancia en la prevenci\u00f3n de patolog\u00edas de la columna axial en tripulaciones de helic\u00f3pteros.<\/p>\n\n\n\n<p>El director del Hospital Cl\u00ednico de la Fuerza \u00c1rea, general de Brigada A\u00e9rea (S) Carlos Polanco Lazo, destac\u00f3 que esta importante reuni\u00f3n cient\u00edfica permiti\u00f3 que diferentes especialistas en Medicina Aeroespacial abordaran diversas tem\u00e1ticas relacionadas con la fisiopatolog\u00eda de la columna vertebral aplicada a las actividades de vuelo.<\/p>\n\n\n\n<p>Por su parte, el director del CMAE, coronel de Aviaci\u00f3n (S) Claudio Montiglio, se\u00f1al\u00f3 que la realizaci\u00f3n del&nbsp;<em>V Seminario Regional de Medicina Aeroespacial y Evacuaci\u00f3n Aerom\u00e9dica<\/em>&nbsp;no solo reforz\u00f3 el compromiso de la Fuerza A\u00e9rea en materia aeroespacial y m\u00e9dica, sino que tambi\u00e9n ofreci\u00f3 una oportunidad \u00fanica para incorporar conocimientos, ciencia e innovaci\u00f3n a la instituci\u00f3n. Montiglio subray\u00f3 la gran importancia de la vinculaci\u00f3n acad\u00e9mica y cient\u00edfica permanente entre el Hospital Cl\u00ednico de la Fuerza \u00c1rea y el Centro de Medicina Aeroespacial con la Universidad del Desarrollo.<\/p>\n\n\n\n<p>El encuentro, que cont\u00f3 con presentaciones impartidas de manera h\u00edbrida, reuni\u00f3 a especialistas en Medicina de Aviaci\u00f3n, Evacuaci\u00f3n Aerom\u00e9dica y Columna Vertebral de la Fuerza A\u00e9rea de Chile, as\u00ed como de la Fuerza A\u00e9rea de los Estados Unidos (USAF), la Guardia Nacional del Estado de Texas (TXNAG), la Real Fuerza A\u00e9rea (RAF), y las Fuerzas A\u00e9reas de Per\u00fa, Argentina, Paraguay, El Salvador y Honduras, adem\u00e1s de profesionales de la Asociaci\u00f3n Iberoamericana de Medicina Aeroespacial (AIMA).<\/p>\n\n\n\n<p>Cabe destacar que, Pablo Alvear realiz\u00f3 su internado en el Hospital Cl\u00ednico de la Fuerza A\u00e9rea y en el Centro de Medicina Aeroespacial. Adem\u00e1s, su estad\u00eda de investigaci\u00f3n en el \u00e1rea de Fisiolog\u00eda Aeroespacial, fue bajo la tutela del acad\u00e9mico de Kinesiolog\u00eda UDD, Klgo. Danilo Aravena.<\/p>\n\n\n\n<figure class=\"wp-block-gallery has-nested-images columns-default is-cropped wp-block-gallery-1 is-layout-flex wp-block-gallery-is-layout-flex\">\n<figure class=\"wp-block-image size-large\"><a href=\"https:\/\/medicina.udd.cl\/kinesiologia-santiago\/files\/2024\/07\/kine-seminario-medicina-aeroespacial-y-evacuacion-aeromedica-7.jpg\"><img loading=\"lazy\" decoding=\"async\" width=\"1024\" height=\"768\" data-id=\"6814\" src=\"https:\/\/medicina.udd.cl\/kinesiologia-santiago\/files\/2024\/07\/kine-seminario-medicina-aeroespacial-y-evacuacion-aeromedica-7-1024x768.jpg\" alt=\"\" class=\"wp-image-6814\" srcset=\"https:\/\/medicina.udd.cl\/kinesiologia-santiago\/files\/2024\/07\/kine-seminario-medicina-aeroespacial-y-evacuacion-aeromedica-7-1024x768.jpg 1024w, https:\/\/medicina.udd.cl\/kinesiologia-santiago\/files\/2024\/07\/kine-seminario-medicina-aeroespacial-y-evacuacion-aeromedica-7-300x225.jpg 300w, https:\/\/medicina.udd.cl\/kinesiologia-santiago\/files\/2024\/07\/kine-seminario-medicina-aeroespacial-y-evacuacion-aeromedica-7-768x576.jpg 768w, https:\/\/medicina.udd.cl\/kinesiologia-santiago\/files\/2024\/07\/kine-seminario-medicina-aeroespacial-y-evacuacion-aeromedica-7-1536x1152.jpg 1536w, https:\/\/medicina.udd.cl\/kinesiologia-santiago\/files\/2024\/07\/kine-seminario-medicina-aeroespacial-y-evacuacion-aeromedica-7.jpg 1600w\" sizes=\"auto, (max-width: 1024px) 100vw, 1024px\" \/><\/a><\/figure>\n\n\n\n<figure class=\"wp-block-image size-large\"><a href=\"https:\/\/medicina.udd.cl\/kinesiologia-santiago\/files\/2024\/07\/kine-seminario-medicina-aeroespacial-y-evacuacion-aeromedica-6.jpg\"><img loading=\"lazy\" decoding=\"async\" width=\"1024\" height=\"768\" data-id=\"6811\" src=\"https:\/\/medicina.udd.cl\/kinesiologia-santiago\/files\/2024\/07\/kine-seminario-medicina-aeroespacial-y-evacuacion-aeromedica-6-1024x768.jpg\" alt=\"\" class=\"wp-image-6811\" srcset=\"https:\/\/medicina.udd.cl\/kinesiologia-santiago\/files\/2024\/07\/kine-seminario-medicina-aeroespacial-y-evacuacion-aeromedica-6-1024x768.jpg 1024w, https:\/\/medicina.udd.cl\/kinesiologia-santiago\/files\/2024\/07\/kine-seminario-medicina-aeroespacial-y-evacuacion-aeromedica-6-300x225.jpg 300w, https:\/\/medicina.udd.cl\/kinesiologia-santiago\/files\/2024\/07\/kine-seminario-medicina-aeroespacial-y-evacuacion-aeromedica-6-768x576.jpg 768w, https:\/\/medicina.udd.cl\/kinesiologia-santiago\/files\/2024\/07\/kine-seminario-medicina-aeroespacial-y-evacuacion-aeromedica-6-1536x1152.jpg 1536w, https:\/\/medicina.udd.cl\/kinesiologia-santiago\/files\/2024\/07\/kine-seminario-medicina-aeroespacial-y-evacuacion-aeromedica-6.jpg 1600w\" sizes=\"auto, (max-width: 1024px) 100vw, 1024px\" \/><\/a><\/figure>\n\n\n\n<figure class=\"wp-block-image size-large\"><a href=\"https:\/\/medicina.udd.cl\/kinesiologia-santiago\/files\/2024\/07\/kine-seminario-medicina-aeroespacial-y-evacuacion-aeromedica-5.jpg\"><img loading=\"lazy\" decoding=\"async\" width=\"1024\" height=\"768\" data-id=\"6808\" src=\"https:\/\/medicina.udd.cl\/kinesiologia-santiago\/files\/2024\/07\/kine-seminario-medicina-aeroespacial-y-evacuacion-aeromedica-5-1024x768.jpg\" alt=\"\" class=\"wp-image-6808\" srcset=\"https:\/\/medicina.udd.cl\/kinesiologia-santiago\/files\/2024\/07\/kine-seminario-medicina-aeroespacial-y-evacuacion-aeromedica-5-1024x768.jpg 1024w, https:\/\/medicina.udd.cl\/kinesiologia-santiago\/files\/2024\/07\/kine-seminario-medicina-aeroespacial-y-evacuacion-aeromedica-5-300x225.jpg 300w, https:\/\/medicina.udd.cl\/kinesiologia-santiago\/files\/2024\/07\/kine-seminario-medicina-aeroespacial-y-evacuacion-aeromedica-5-768x576.jpg 768w, https:\/\/medicina.udd.cl\/kinesiologia-santiago\/files\/2024\/07\/kine-seminario-medicina-aeroespacial-y-evacuacion-aeromedica-5-1536x1152.jpg 1536w, https:\/\/medicina.udd.cl\/kinesiologia-santiago\/files\/2024\/07\/kine-seminario-medicina-aeroespacial-y-evacuacion-aeromedica-5.jpg 1600w\" sizes=\"auto, (max-width: 1024px) 100vw, 1024px\" \/><\/a><\/figure>\n\n\n\n<figure class=\"wp-block-image size-large\"><a href=\"https:\/\/medicina.udd.cl\/kinesiologia-santiago\/files\/2024\/07\/kine-seminario-medicina-aeroespacial-y-evacuacion-aeromedica-3.jpg\"><img loading=\"lazy\" decoding=\"async\" width=\"1024\" height=\"768\" data-id=\"6802\" src=\"https:\/\/medicina.udd.cl\/kinesiologia-santiago\/files\/2024\/07\/kine-seminario-medicina-aeroespacial-y-evacuacion-aeromedica-3-1024x768.jpg\" alt=\"\" class=\"wp-image-6802\" srcset=\"https:\/\/medicina.udd.cl\/kinesiologia-santiago\/files\/2024\/07\/kine-seminario-medicina-aeroespacial-y-evacuacion-aeromedica-3-1024x768.jpg 1024w, https:\/\/medicina.udd.cl\/kinesiologia-santiago\/files\/2024\/07\/kine-seminario-medicina-aeroespacial-y-evacuacion-aeromedica-3-300x225.jpg 300w, https:\/\/medicina.udd.cl\/kinesiologia-santiago\/files\/2024\/07\/kine-seminario-medicina-aeroespacial-y-evacuacion-aeromedica-3-768x576.jpg 768w, https:\/\/medicina.udd.cl\/kinesiologia-santiago\/files\/2024\/07\/kine-seminario-medicina-aeroespacial-y-evacuacion-aeromedica-3.jpg 1280w\" sizes=\"auto, (max-width: 1024px) 100vw, 1024px\" \/><\/a><\/figure>\n\n\n\n<figure class=\"wp-block-image size-large\"><a href=\"https:\/\/medicina.udd.cl\/kinesiologia-santiago\/files\/2024\/07\/kine-seminario-medicina-aeroespacial-y-evacuacion-aeromedica-2.jpg\"><img loading=\"lazy\" decoding=\"async\" width=\"1024\" height=\"576\" data-id=\"6799\" src=\"https:\/\/medicina.udd.cl\/kinesiologia-santiago\/files\/2024\/07\/kine-seminario-medicina-aeroespacial-y-evacuacion-aeromedica-2-1024x576.jpg\" alt=\"\" class=\"wp-image-6799\" srcset=\"https:\/\/medicina.udd.cl\/kinesiologia-santiago\/files\/2024\/07\/kine-seminario-medicina-aeroespacial-y-evacuacion-aeromedica-2-1024x576.jpg 1024w, https:\/\/medicina.udd.cl\/kinesiologia-santiago\/files\/2024\/07\/kine-seminario-medicina-aeroespacial-y-evacuacion-aeromedica-2-300x169.jpg 300w, https:\/\/medicina.udd.cl\/kinesiologia-santiago\/files\/2024\/07\/kine-seminario-medicina-aeroespacial-y-evacuacion-aeromedica-2-768x432.jpg 768w, https:\/\/medicina.udd.cl\/kinesiologia-santiago\/files\/2024\/07\/kine-seminario-medicina-aeroespacial-y-evacuacion-aeromedica-2-680x382.jpg 680w, https:\/\/medicina.udd.cl\/kinesiologia-santiago\/files\/2024\/07\/kine-seminario-medicina-aeroespacial-y-evacuacion-aeromedica-2.jpg 1280w\" sizes=\"auto, (max-width: 1024px) 100vw, 1024px\" \/><\/a><\/figure>\n<\/figure>\n","protected":false},"excerpt":{"rendered":"<p>Pablo Alvear, estudiante de 5\u00b0 a\u00f1o de la carrera de Kinesiolog\u00eda de la Facultad de Medicina Cl\u00ednica Alemana Universidad del Desarrollo, particip\u00f3 recientemente en el&nbsp;V Seminario Regional de Medicina Aeroespacial y Evacuaci\u00f3n Aerom\u00e9dica. Este evento fue organizado por el Centro de Medicina Aeroespacial (CMAE), dependiente del Hospital Cl\u00ednico de la Fuerza \u00c1rea&nbsp;\u201cGral. Dr. Ra\u00fal Yazigi [&hellip;]<\/p>\n","protected":false},"author":9192219,"featured_media":6817,"comment_status":"closed","ping_status":"open","sticky":false,"template":"","format":"standard","meta":{"footnotes":""},"categories":[4],"tags":[],"class_list":["post-6793","post","type-post","status-publish","format-standard","has-post-thumbnail","hentry","category-noticias"],"yoast_head":"<!-- This site is optimized with the Yoast SEO plugin v26.9 - https:\/\/yoast.com\/product\/yoast-seo-wordpress\/ -->\n<title>Destacada participaci\u00f3n de estudiante de Kinesiolog\u00eda UDD en Seminario Regional de Medicina Aeroespacial y Evacuaci\u00f3n Aerom\u00e9dica - Kinesiolog\u00eda<\/title>\n<meta name=\"robots\" content=\"index, follow, max-snippet:-1, max-image-preview:large, max-video-preview:-1\" \/>\n<link rel=\"canonical\" href=\"https:\/\/medicina.udd.cl\/kinesiologia-santiago\/noticias\/2024\/07\/23\/destacada-participacion-del-kinesiologo-udd-pablo-alvear-en-el-v-seminario-regional-de-medicina-aeroespacial-y-evacuacion-aeromedica\/\" \/>\n<meta property=\"og:locale\" content=\"es_ES\" \/>\n<meta property=\"og:type\" content=\"article\" \/>\n<meta property=\"og:title\" content=\"Destacada participaci\u00f3n de estudiante de Kinesiolog\u00eda UDD en Seminario Regional de Medicina Aeroespacial y Evacuaci\u00f3n Aerom\u00e9dica - Kinesiolog\u00eda\" \/>\n<meta property=\"og:description\" content=\"Pablo Alvear, estudiante de 5\u00b0 a\u00f1o de la carrera de Kinesiolog\u00eda de la Facultad de Medicina Cl\u00ednica Alemana Universidad del Desarrollo, particip\u00f3 recientemente en el&nbsp;V Seminario Regional de Medicina Aeroespacial y Evacuaci\u00f3n Aerom\u00e9dica. Este evento fue organizado por el Centro de Medicina Aeroespacial (CMAE), dependiente del Hospital Cl\u00ednico de la Fuerza \u00c1rea&nbsp;\u201cGral. Dr. Ra\u00fal Yazigi [&hellip;]\" \/>\n<meta property=\"og:url\" content=\"https:\/\/medicina.udd.cl\/kinesiologia-santiago\/noticias\/2024\/07\/23\/destacada-participacion-del-kinesiologo-udd-pablo-alvear-en-el-v-seminario-regional-de-medicina-aeroespacial-y-evacuacion-aeromedica\/\" \/>\n<meta property=\"og:site_name\" content=\"Kinesiolog\u00eda\" \/>\n<meta property=\"article:published_time\" content=\"2024-07-23T20:39:14+00:00\" \/>\n<meta property=\"article:modified_time\" content=\"2024-07-24T19:09:46+00:00\" \/>\n<meta property=\"og:image\" content=\"https:\/\/medicina.udd.cl\/kinesiologia-santiago\/files\/2024\/07\/kine-seminario-medicina-aeroespacial-y-evacuacion-aeromedica-portada.jpg\" \/>\n\t<meta property=\"og:image:width\" content=\"750\" \/>\n\t<meta property=\"og:image:height\" content=\"750\" \/>\n\t<meta property=\"og:image:type\" content=\"image\/jpeg\" \/>\n<meta name=\"author\" content=\"rbraidy\" \/>\n<meta name=\"twitter:label1\" content=\"Escrito por\" \/>\n\t<meta name=\"twitter:data1\" content=\"rbraidy\" \/>\n\t<meta name=\"twitter:label2\" content=\"Tiempo de lectura\" \/>\n\t<meta name=\"twitter:data2\" content=\"4 minutos\" \/>\n<script type=\"application\/ld+json\" class=\"yoast-schema-graph\">{\"@context\":\"https:\/\/schema.org\",\"@graph\":[{\"@type\":\"Article\",\"@id\":\"https:\/\/medicina.udd.cl\/kinesiologia-santiago\/noticias\/2024\/07\/23\/destacada-participacion-del-kinesiologo-udd-pablo-alvear-en-el-v-seminario-regional-de-medicina-aeroespacial-y-evacuacion-aeromedica\/#article\",\"isPartOf\":{\"@id\":\"https:\/\/medicina.udd.cl\/kinesiologia-santiago\/noticias\/2024\/07\/23\/destacada-participacion-del-kinesiologo-udd-pablo-alvear-en-el-v-seminario-regional-de-medicina-aeroespacial-y-evacuacion-aeromedica\/\"},\"author\":{\"name\":\"rbraidy\",\"@id\":\"https:\/\/medicina.udd.cl\/kinesiologia-santiago\/#\/schema\/person\/dbc3705bf3a93e8be1ba6de0ef950341\"},\"headline\":\"Destacada participaci\u00f3n de estudiante de Kinesiolog\u00eda UDD en Seminario Regional de Medicina Aeroespacial y Evacuaci\u00f3n Aerom\u00e9dica\",\"datePublished\":\"2024-07-23T20:39:14+00:00\",\"dateModified\":\"2024-07-24T19:09:46+00:00\",\"mainEntityOfPage\":{\"@id\":\"https:\/\/medicina.udd.cl\/kinesiologia-santiago\/noticias\/2024\/07\/23\/destacada-participacion-del-kinesiologo-udd-pablo-alvear-en-el-v-seminario-regional-de-medicina-aeroespacial-y-evacuacion-aeromedica\/\"},\"wordCount\":439,\"image\":{\"@id\":\"https:\/\/medicina.udd.cl\/kinesiologia-santiago\/noticias\/2024\/07\/23\/destacada-participacion-del-kinesiologo-udd-pablo-alvear-en-el-v-seminario-regional-de-medicina-aeroespacial-y-evacuacion-aeromedica\/#primaryimage\"},\"thumbnailUrl\":\"https:\/\/medicina.udd.cl\/kinesiologia-santiago\/files\/2024\/07\/kine-seminario-medicina-aeroespacial-y-evacuacion-aeromedica-portada.jpg\",\"articleSection\":[\"Noticias\"],\"inLanguage\":\"es\"},{\"@type\":\"WebPage\",\"@id\":\"https:\/\/medicina.udd.cl\/kinesiologia-santiago\/noticias\/2024\/07\/23\/destacada-participacion-del-kinesiologo-udd-pablo-alvear-en-el-v-seminario-regional-de-medicina-aeroespacial-y-evacuacion-aeromedica\/\",\"url\":\"https:\/\/medicina.udd.cl\/kinesiologia-santiago\/noticias\/2024\/07\/23\/destacada-participacion-del-kinesiologo-udd-pablo-alvear-en-el-v-seminario-regional-de-medicina-aeroespacial-y-evacuacion-aeromedica\/\",\"name\":\"Destacada participaci\u00f3n de estudiante de Kinesiolog\u00eda UDD en Seminario Regional de Medicina Aeroespacial y Evacuaci\u00f3n Aerom\u00e9dica - Kinesiolog\u00eda\",\"isPartOf\":{\"@id\":\"https:\/\/medicina.udd.cl\/kinesiologia-santiago\/#website\"},\"primaryImageOfPage\":{\"@id\":\"https:\/\/medicina.udd.cl\/kinesiologia-santiago\/noticias\/2024\/07\/23\/destacada-participacion-del-kinesiologo-udd-pablo-alvear-en-el-v-seminario-regional-de-medicina-aeroespacial-y-evacuacion-aeromedica\/#primaryimage\"},\"image\":{\"@id\":\"https:\/\/medicina.udd.cl\/kinesiologia-santiago\/noticias\/2024\/07\/23\/destacada-participacion-del-kinesiologo-udd-pablo-alvear-en-el-v-seminario-regional-de-medicina-aeroespacial-y-evacuacion-aeromedica\/#primaryimage\"},\"thumbnailUrl\":\"https:\/\/medicina.udd.cl\/kinesiologia-santiago\/files\/2024\/07\/kine-seminario-medicina-aeroespacial-y-evacuacion-aeromedica-portada.jpg\",\"datePublished\":\"2024-07-23T20:39:14+00:00\",\"dateModified\":\"2024-07-24T19:09:46+00:00\",\"author\":{\"@id\":\"https:\/\/medicina.udd.cl\/kinesiologia-santiago\/#\/schema\/person\/dbc3705bf3a93e8be1ba6de0ef950341\"},\"breadcrumb\":{\"@id\":\"https:\/\/medicina.udd.cl\/kinesiologia-santiago\/noticias\/2024\/07\/23\/destacada-participacion-del-kinesiologo-udd-pablo-alvear-en-el-v-seminario-regional-de-medicina-aeroespacial-y-evacuacion-aeromedica\/#breadcrumb\"},\"inLanguage\":\"es\",\"potentialAction\":[{\"@type\":\"ReadAction\",\"target\":[\"https:\/\/medicina.udd.cl\/kinesiologia-santiago\/noticias\/2024\/07\/23\/destacada-participacion-del-kinesiologo-udd-pablo-alvear-en-el-v-seminario-regional-de-medicina-aeroespacial-y-evacuacion-aeromedica\/\"]}]},{\"@type\":\"ImageObject\",\"inLanguage\":\"es\",\"@id\":\"https:\/\/medicina.udd.cl\/kinesiologia-santiago\/noticias\/2024\/07\/23\/destacada-participacion-del-kinesiologo-udd-pablo-alvear-en-el-v-seminario-regional-de-medicina-aeroespacial-y-evacuacion-aeromedica\/#primaryimage\",\"url\":\"https:\/\/medicina.udd.cl\/kinesiologia-santiago\/files\/2024\/07\/kine-seminario-medicina-aeroespacial-y-evacuacion-aeromedica-portada.jpg\",\"contentUrl\":\"https:\/\/medicina.udd.cl\/kinesiologia-santiago\/files\/2024\/07\/kine-seminario-medicina-aeroespacial-y-evacuacion-aeromedica-portada.jpg\",\"width\":750,\"height\":750},{\"@type\":\"BreadcrumbList\",\"@id\":\"https:\/\/medicina.udd.cl\/kinesiologia-santiago\/noticias\/2024\/07\/23\/destacada-participacion-del-kinesiologo-udd-pablo-alvear-en-el-v-seminario-regional-de-medicina-aeroespacial-y-evacuacion-aeromedica\/#breadcrumb\",\"itemListElement\":[{\"@type\":\"ListItem\",\"position\":1,\"name\":\"Home\",\"item\":\"https:\/\/medicina.udd.cl\/kinesiologia-santiago\/\"},{\"@type\":\"ListItem\",\"position\":2,\"name\":\"Destacada participaci\u00f3n de estudiante de Kinesiolog\u00eda UDD en Seminario Regional de Medicina Aeroespacial y Evacuaci\u00f3n Aerom\u00e9dica\"}]},{\"@type\":\"WebSite\",\"@id\":\"https:\/\/medicina.udd.cl\/kinesiologia-santiago\/#website\",\"url\":\"https:\/\/medicina.udd.cl\/kinesiologia-santiago\/\",\"name\":\"Kinesiolog\u00eda\",\"description\":\"Facultad de Medicina Cl\u00ednica Alemana Universidad del Desarrollo\",\"inLanguage\":\"es\"},{\"@type\":\"Person\",\"@id\":\"https:\/\/medicina.udd.cl\/kinesiologia-santiago\/#\/schema\/person\/dbc3705bf3a93e8be1ba6de0ef950341\",\"name\":\"rbraidy\",\"image\":{\"@type\":\"ImageObject\",\"inLanguage\":\"es\",\"@id\":\"https:\/\/medicina.udd.cl\/kinesiologia-santiago\/#\/schema\/person\/image\/\",\"url\":\"https:\/\/secure.gravatar.com\/avatar\/0f8bc94637401590e45d2ce17eb65c274cb8870a219de6177f3f23e63fd8cdf3?s=96&d=mm&r=g\",\"contentUrl\":\"https:\/\/secure.gravatar.com\/avatar\/0f8bc94637401590e45d2ce17eb65c274cb8870a219de6177f3f23e63fd8cdf3?s=96&d=mm&r=g\",\"caption\":\"rbraidy\"},\"url\":\"https:\/\/medicina.udd.cl\/kinesiologia-santiago\/noticias\/author\/rbraidy\/\"}]}<\/script>\n<!-- \/ Yoast SEO plugin. -->","yoast_head_json":{"title":"Destacada participaci\u00f3n de estudiante de Kinesiolog\u00eda UDD en Seminario Regional de Medicina Aeroespacial y Evacuaci\u00f3n Aerom\u00e9dica - Kinesiolog\u00eda","robots":{"index":"index","follow":"follow","max-snippet":"max-snippet:-1","max-image-preview":"max-image-preview:large","max-video-preview":"max-video-preview:-1"},"canonical":"https:\/\/medicina.udd.cl\/kinesiologia-santiago\/noticias\/2024\/07\/23\/destacada-participacion-del-kinesiologo-udd-pablo-alvear-en-el-v-seminario-regional-de-medicina-aeroespacial-y-evacuacion-aeromedica\/","og_locale":"es_ES","og_type":"article","og_title":"Destacada participaci\u00f3n de estudiante de Kinesiolog\u00eda UDD en Seminario Regional de Medicina Aeroespacial y Evacuaci\u00f3n Aerom\u00e9dica - Kinesiolog\u00eda","og_description":"Pablo Alvear, estudiante de 5\u00b0 a\u00f1o de la carrera de Kinesiolog\u00eda de la Facultad de Medicina Cl\u00ednica Alemana Universidad del Desarrollo, particip\u00f3 recientemente en el&nbsp;V Seminario Regional de Medicina Aeroespacial y Evacuaci\u00f3n Aerom\u00e9dica. Este evento fue organizado por el Centro de Medicina Aeroespacial (CMAE), dependiente del Hospital Cl\u00ednico de la Fuerza \u00c1rea&nbsp;\u201cGral. Dr. Ra\u00fal Yazigi [&hellip;]","og_url":"https:\/\/medicina.udd.cl\/kinesiologia-santiago\/noticias\/2024\/07\/23\/destacada-participacion-del-kinesiologo-udd-pablo-alvear-en-el-v-seminario-regional-de-medicina-aeroespacial-y-evacuacion-aeromedica\/","og_site_name":"Kinesiolog\u00eda","article_published_time":"2024-07-23T20:39:14+00:00","article_modified_time":"2024-07-24T19:09:46+00:00","og_image":[{"width":750,"height":750,"url":"https:\/\/medicina.udd.cl\/kinesiologia-santiago\/files\/2024\/07\/kine-seminario-medicina-aeroespacial-y-evacuacion-aeromedica-portada.jpg","type":"image\/jpeg"}],"author":"rbraidy","twitter_misc":{"Escrito por":"rbraidy","Tiempo de lectura":"4 minutos"},"schema":{"@context":"https:\/\/schema.org","@graph":[{"@type":"Article","@id":"https:\/\/medicina.udd.cl\/kinesiologia-santiago\/noticias\/2024\/07\/23\/destacada-participacion-del-kinesiologo-udd-pablo-alvear-en-el-v-seminario-regional-de-medicina-aeroespacial-y-evacuacion-aeromedica\/#article","isPartOf":{"@id":"https:\/\/medicina.udd.cl\/kinesiologia-santiago\/noticias\/2024\/07\/23\/destacada-participacion-del-kinesiologo-udd-pablo-alvear-en-el-v-seminario-regional-de-medicina-aeroespacial-y-evacuacion-aeromedica\/"},"author":{"name":"rbraidy","@id":"https:\/\/medicina.udd.cl\/kinesiologia-santiago\/#\/schema\/person\/dbc3705bf3a93e8be1ba6de0ef950341"},"headline":"Destacada participaci\u00f3n de estudiante de Kinesiolog\u00eda UDD en Seminario Regional de Medicina Aeroespacial y Evacuaci\u00f3n Aerom\u00e9dica","datePublished":"2024-07-23T20:39:14+00:00","dateModified":"2024-07-24T19:09:46+00:00","mainEntityOfPage":{"@id":"https:\/\/medicina.udd.cl\/kinesiologia-santiago\/noticias\/2024\/07\/23\/destacada-participacion-del-kinesiologo-udd-pablo-alvear-en-el-v-seminario-regional-de-medicina-aeroespacial-y-evacuacion-aeromedica\/"},"wordCount":439,"image":{"@id":"https:\/\/medicina.udd.cl\/kinesiologia-santiago\/noticias\/2024\/07\/23\/destacada-participacion-del-kinesiologo-udd-pablo-alvear-en-el-v-seminario-regional-de-medicina-aeroespacial-y-evacuacion-aeromedica\/#primaryimage"},"thumbnailUrl":"https:\/\/medicina.udd.cl\/kinesiologia-santiago\/files\/2024\/07\/kine-seminario-medicina-aeroespacial-y-evacuacion-aeromedica-portada.jpg","articleSection":["Noticias"],"inLanguage":"es"},{"@type":"WebPage","@id":"https:\/\/medicina.udd.cl\/kinesiologia-santiago\/noticias\/2024\/07\/23\/destacada-participacion-del-kinesiologo-udd-pablo-alvear-en-el-v-seminario-regional-de-medicina-aeroespacial-y-evacuacion-aeromedica\/","url":"https:\/\/medicina.udd.cl\/kinesiologia-santiago\/noticias\/2024\/07\/23\/destacada-participacion-del-kinesiologo-udd-pablo-alvear-en-el-v-seminario-regional-de-medicina-aeroespacial-y-evacuacion-aeromedica\/","name":"Destacada participaci\u00f3n de estudiante de Kinesiolog\u00eda UDD en Seminario Regional de Medicina Aeroespacial y Evacuaci\u00f3n Aerom\u00e9dica - Kinesiolog\u00eda","isPartOf":{"@id":"https:\/\/medicina.udd.cl\/kinesiologia-santiago\/#website"},"primaryImageOfPage":{"@id":"https:\/\/medicina.udd.cl\/kinesiologia-santiago\/noticias\/2024\/07\/23\/destacada-participacion-del-kinesiologo-udd-pablo-alvear-en-el-v-seminario-regional-de-medicina-aeroespacial-y-evacuacion-aeromedica\/#primaryimage"},"image":{"@id":"https:\/\/medicina.udd.cl\/kinesiologia-santiago\/noticias\/2024\/07\/23\/destacada-participacion-del-kinesiologo-udd-pablo-alvear-en-el-v-seminario-regional-de-medicina-aeroespacial-y-evacuacion-aeromedica\/#primaryimage"},"thumbnailUrl":"https:\/\/medicina.udd.cl\/kinesiologia-santiago\/files\/2024\/07\/kine-seminario-medicina-aeroespacial-y-evacuacion-aeromedica-portada.jpg","datePublished":"2024-07-23T20:39:14+00:00","dateModified":"2024-07-24T19:09:46+00:00","author":{"@id":"https:\/\/medicina.udd.cl\/kinesiologia-santiago\/#\/schema\/person\/dbc3705bf3a93e8be1ba6de0ef950341"},"breadcrumb":{"@id":"https:\/\/medicina.udd.cl\/kinesiologia-santiago\/noticias\/2024\/07\/23\/destacada-participacion-del-kinesiologo-udd-pablo-alvear-en-el-v-seminario-regional-de-medicina-aeroespacial-y-evacuacion-aeromedica\/#breadcrumb"},"inLanguage":"es","potentialAction":[{"@type":"ReadAction","target":["https:\/\/medicina.udd.cl\/kinesiologia-santiago\/noticias\/2024\/07\/23\/destacada-participacion-del-kinesiologo-udd-pablo-alvear-en-el-v-seminario-regional-de-medicina-aeroespacial-y-evacuacion-aeromedica\/"]}]},{"@type":"ImageObject","inLanguage":"es","@id":"https:\/\/medicina.udd.cl\/kinesiologia-santiago\/noticias\/2024\/07\/23\/destacada-participacion-del-kinesiologo-udd-pablo-alvear-en-el-v-seminario-regional-de-medicina-aeroespacial-y-evacuacion-aeromedica\/#primaryimage","url":"https:\/\/medicina.udd.cl\/kinesiologia-santiago\/files\/2024\/07\/kine-seminario-medicina-aeroespacial-y-evacuacion-aeromedica-portada.jpg","contentUrl":"https:\/\/medicina.udd.cl\/kinesiologia-santiago\/files\/2024\/07\/kine-seminario-medicina-aeroespacial-y-evacuacion-aeromedica-portada.jpg","width":750,"height":750},{"@type":"BreadcrumbList","@id":"https:\/\/medicina.udd.cl\/kinesiologia-santiago\/noticias\/2024\/07\/23\/destacada-participacion-del-kinesiologo-udd-pablo-alvear-en-el-v-seminario-regional-de-medicina-aeroespacial-y-evacuacion-aeromedica\/#breadcrumb","itemListElement":[{"@type":"ListItem","position":1,"name":"Home","item":"https:\/\/medicina.udd.cl\/kinesiologia-santiago\/"},{"@type":"ListItem","position":2,"name":"Destacada participaci\u00f3n de estudiante de Kinesiolog\u00eda UDD en Seminario Regional de Medicina Aeroespacial y Evacuaci\u00f3n Aerom\u00e9dica"}]},{"@type":"WebSite","@id":"https:\/\/medicina.udd.cl\/kinesiologia-santiago\/#website","url":"https:\/\/medicina.udd.cl\/kinesiologia-santiago\/","name":"Kinesiolog\u00eda","description":"Facultad de Medicina Cl\u00ednica Alemana Universidad del Desarrollo","inLanguage":"es"},{"@type":"Person","@id":"https:\/\/medicina.udd.cl\/kinesiologia-santiago\/#\/schema\/person\/dbc3705bf3a93e8be1ba6de0ef950341","name":"rbraidy","image":{"@type":"ImageObject","inLanguage":"es","@id":"https:\/\/medicina.udd.cl\/kinesiologia-santiago\/#\/schema\/person\/image\/","url":"https:\/\/secure.gravatar.com\/avatar\/0f8bc94637401590e45d2ce17eb65c274cb8870a219de6177f3f23e63fd8cdf3?s=96&d=mm&r=g","contentUrl":"https:\/\/secure.gravatar.com\/avatar\/0f8bc94637401590e45d2ce17eb65c274cb8870a219de6177f3f23e63fd8cdf3?s=96&d=mm&r=g","caption":"rbraidy"},"url":"https:\/\/medicina.udd.cl\/kinesiologia-santiago\/noticias\/author\/rbraidy\/"}]}},"featured_image_url":"https:\/\/medicina.udd.cl\/kinesiologia-santiago\/files\/2024\/07\/kine-seminario-medicina-aeroespacial-y-evacuacion-aeromedica-portada.jpg","_links":{"self":[{"href":"https:\/\/medicina.udd.cl\/kinesiologia-santiago\/wp-json\/wp\/v2\/posts\/6793","targetHints":{"allow":["GET"]}}],"collection":[{"href":"https:\/\/medicina.udd.cl\/kinesiologia-santiago\/wp-json\/wp\/v2\/posts"}],"about":[{"href":"https:\/\/medicina.udd.cl\/kinesiologia-santiago\/wp-json\/wp\/v2\/types\/post"}],"author":[{"embeddable":true,"href":"https:\/\/medicina.udd.cl\/kinesiologia-santiago\/wp-json\/wp\/v2\/users\/9192219"}],"replies":[{"embeddable":true,"href":"https:\/\/medicina.udd.cl\/kinesiologia-santiago\/wp-json\/wp\/v2\/comments?post=6793"}],"version-history":[{"count":5,"href":"https:\/\/medicina.udd.cl\/kinesiologia-santiago\/wp-json\/wp\/v2\/posts\/6793\/revisions"}],"predecessor-version":[{"id":6832,"href":"https:\/\/medicina.udd.cl\/kinesiologia-santiago\/wp-json\/wp\/v2\/posts\/6793\/revisions\/6832"}],"wp:featuredmedia":[{"embeddable":true,"href":"https:\/\/medicina.udd.cl\/kinesiologia-santiago\/wp-json\/wp\/v2\/media\/6817"}],"wp:attachment":[{"href":"https:\/\/medicina.udd.cl\/kinesiologia-santiago\/wp-json\/wp\/v2\/media?parent=6793"}],"wp:term":[{"taxonomy":"category","embeddable":true,"href":"https:\/\/medicina.udd.cl\/kinesiologia-santiago\/wp-json\/wp\/v2\/categories?post=6793"},{"taxonomy":"post_tag","embeddable":true,"href":"https:\/\/medicina.udd.cl\/kinesiologia-santiago\/wp-json\/wp\/v2\/tags?post=6793"}],"curies":[{"name":"wp","href":"https:\/\/api.w.org\/{rel}","templated":true}]}}