{"id":681,"date":"2012-05-18T20:15:01","date_gmt":"2012-05-19T00:15:01","guid":{"rendered":"http:\/\/medicina.udd.cl\/kinesiologia-santiago\/?p=681"},"modified":"2012-06-06T16:47:28","modified_gmt":"2012-06-06T20:47:28","slug":"celebracion-del-dia-del-kinesiologo","status":"publish","type":"post","link":"https:\/\/medicina.udd.cl\/kinesiologia-santiago\/noticias\/2012\/05\/18\/celebracion-del-dia-del-kinesiologo\/","title":{"rendered":"Celebraci\u00f3n del d\u00eda del kinesi\u00f3logo"},"content":{"rendered":"<div id=\"gallery-1\" class=\"carousel slide carousel-gallery\" data-ride=\"false\" data-interval=\"false\"><div class=\"carousel-inner\" role=\"listbox\"><figure class=\"carousel-item active\"><img loading=\"lazy\" decoding=\"async\" width=\"712\" height=\"534\" src=\"https:\/\/medicina.udd.cl\/kinesiologia-santiago\/files\/2012\/05\/IMG_8269.jpg\" class=\"attachment-landscape_952 size-landscape_952\" alt=\"\" srcset=\"https:\/\/medicina.udd.cl\/kinesiologia-santiago\/files\/2012\/05\/IMG_8269.jpg 3264w, https:\/\/medicina.udd.cl\/kinesiologia-santiago\/files\/2012\/05\/IMG_8269-300x225.jpg 300w, https:\/\/medicina.udd.cl\/kinesiologia-santiago\/files\/2012\/05\/IMG_8269-768x576.jpg 768w, https:\/\/medicina.udd.cl\/kinesiologia-santiago\/files\/2012\/05\/IMG_8269-1024x768.jpg 1024w, https:\/\/medicina.udd.cl\/kinesiologia-santiago\/files\/2012\/05\/IMG_8269-960x720.jpg 960w\" sizes=\"auto, (max-width: 712px) 100vw, 712px\" \/><\/figure><figure class=\"carousel-item\"><img loading=\"lazy\" decoding=\"async\" width=\"712\" height=\"534\" src=\"https:\/\/medicina.udd.cl\/kinesiologia-santiago\/files\/2012\/05\/IMG_8264.jpg\" class=\"attachment-landscape_952 size-landscape_952\" alt=\"\" srcset=\"https:\/\/medicina.udd.cl\/kinesiologia-santiago\/files\/2012\/05\/IMG_8264.jpg 3264w, https:\/\/medicina.udd.cl\/kinesiologia-santiago\/files\/2012\/05\/IMG_8264-300x225.jpg 300w, https:\/\/medicina.udd.cl\/kinesiologia-santiago\/files\/2012\/05\/IMG_8264-768x576.jpg 768w, https:\/\/medicina.udd.cl\/kinesiologia-santiago\/files\/2012\/05\/IMG_8264-1024x768.jpg 1024w, https:\/\/medicina.udd.cl\/kinesiologia-santiago\/files\/2012\/05\/IMG_8264-960x720.jpg 960w\" sizes=\"auto, (max-width: 712px) 100vw, 712px\" \/><\/figure><\/div><footer class=\"carousel-footer\"><div class=\"carousel-counter\"><span class=\"carousel-counter-current\"><\/span> \/ <span class=\"carousel-counter-total\"><\/span><\/div><a class=\"carousel-control-prev\" href=\"#gallery-1\" role=\"button\" data-slide=\"prev\"><svg aria-hidden=\"true\" class=\"svg-chevron-left-dims\"><use xlink:href='https:\/\/medicina.udd.cl\/kinesiologia-santiago\/wp-content\/themes\/facultades-2018\/assets\/img\/svg\/dist\/main.svg?version=1695853099#chevron-left'><\/use><\/svg><span class=\"sr-only\">Anterior<\/span><\/a><a class=\"carousel-control-next\" href=\"#gallery-1\" role=\"button\" data-slide=\"next\"><svg aria-hidden=\"true\" class=\"svg-chevron-right-dims\"><use xlink:href='https:\/\/medicina.udd.cl\/kinesiologia-santiago\/wp-content\/themes\/facultades-2018\/assets\/img\/svg\/dist\/main.svg?version=1695853099#chevron-right'><\/use><\/svg><span class=\"sr-only\">Siguiente<\/span><\/a><\/footer><\/div>\n<p style=\"text-align: justify;\">El pasado mi\u00e9rcoles 9 de mayo en la Cl\u00ednica UDD, la <a href=\"http:\/\/medicina.udd.cl\/kinesiologia-santiago\/\">carrera de Kinesiolog\u00eda<\/a> de la <a href=\"http:\/\/medicina.udd.cl\/\">Facultad de Medicina CAS-UDD <\/a>celebr\u00f3 el d\u00eda del kinesi\u00f3logo premiando a los mejores estudiantes de cada generaci\u00f3n: Francisca Jesam, Manuela Besomi, Mar\u00eda Beatriz Gutierrez, Consuelo Pacheco y Mar\u00eda Ignacia C\u00e1rdenas.<\/p>\n<p style=\"text-align: justify;\">Asimismo, se reconoci\u00f3 al mejor equipo docente, premio obtenido por los profesores del Hospital Padre Hurtado que dictan el ramo de Cardiorrespiratorio: Loreto Henr\u00edquez, Candice Cabib, Francisca Varas y\u00a0 Patricio Gomol\u00e1n.<\/p>\n<p style=\"text-align: justify;\">En la\u00a0oportunidad el secretario del Colegio de Kinesi\u00f3logos, Leandro Miret, record\u00f3 la historia de esta \u00e1rea de la salud, recapitulando los 100 a\u00f1os de profesi\u00f3n en Chile.\u00a0Luego, el director de carrera, Jorge Molina, inform\u00f3 de los avances, logros y desaf\u00edos de la carrera para los pr\u00f3ximos a\u00f1os.<\/p>\n","protected":false},"excerpt":{"rendered":"<p>En la ceremonia -organizada por la carrera de Kinesiolog\u00eda- se distingui\u00f3 el trabajo realizado en el 2011 por alumnos y docentes.<\/p>\n","protected":false},"author":1,"featured_media":0,"comment_status":"open","ping_status":"open","sticky":false,"template":"","format":"standard","meta":{"footnotes":""},"categories":[4],"tags":[],"class_list":["post-681","post","type-post","status-publish","format-standard","hentry","category-noticias"],"yoast_head":"<!-- This site is optimized with the Yoast SEO plugin v26.9 - https:\/\/yoast.com\/product\/yoast-seo-wordpress\/ -->\n<title>Celebraci\u00f3n del d\u00eda del kinesi\u00f3logo - Kinesiolog\u00eda<\/title>\n<meta name=\"robots\" content=\"index, follow, max-snippet:-1, max-image-preview:large, max-video-preview:-1\" \/>\n<link rel=\"canonical\" href=\"https:\/\/medicina.udd.cl\/kinesiologia-santiago\/noticias\/2012\/05\/18\/celebracion-del-dia-del-kinesiologo\/\" \/>\n<meta property=\"og:locale\" content=\"es_ES\" \/>\n<meta property=\"og:type\" content=\"article\" \/>\n<meta property=\"og:title\" content=\"Celebraci\u00f3n del d\u00eda del kinesi\u00f3logo - Kinesiolog\u00eda\" \/>\n<meta property=\"og:description\" content=\"En la ceremonia -organizada por la carrera de Kinesiolog\u00eda- se distingui\u00f3 el trabajo realizado en el 2011 por alumnos y docentes.\" \/>\n<meta property=\"og:url\" content=\"https:\/\/medicina.udd.cl\/kinesiologia-santiago\/noticias\/2012\/05\/18\/celebracion-del-dia-del-kinesiologo\/\" \/>\n<meta property=\"og:site_name\" content=\"Kinesiolog\u00eda\" \/>\n<meta property=\"article:published_time\" content=\"2012-05-19T00:15:01+00:00\" \/>\n<meta property=\"article:modified_time\" content=\"2012-06-06T20:47:28+00:00\" \/>\n<meta property=\"og:image\" content=\"https:\/\/medicina.udd.cl\/kinesiologia-santiago\/files\/2012\/05\/IMG_8269.jpg\" \/>\n<meta name=\"author\" content=\"admin\" \/>\n<meta name=\"twitter:label1\" content=\"Escrito por\" \/>\n\t<meta name=\"twitter:data1\" content=\"admin\" \/>\n\t<meta name=\"twitter:label2\" content=\"Tiempo de lectura\" \/>\n\t<meta name=\"twitter:data2\" content=\"1 minuto\" \/>\n<script type=\"application\/ld+json\" class=\"yoast-schema-graph\">{\"@context\":\"https:\/\/schema.org\",\"@graph\":[{\"@type\":\"Article\",\"@id\":\"https:\/\/medicina.udd.cl\/kinesiologia-santiago\/noticias\/2012\/05\/18\/celebracion-del-dia-del-kinesiologo\/#article\",\"isPartOf\":{\"@id\":\"https:\/\/medicina.udd.cl\/kinesiologia-santiago\/noticias\/2012\/05\/18\/celebracion-del-dia-del-kinesiologo\/\"},\"author\":{\"name\":\"admin\",\"@id\":\"https:\/\/medicina.udd.cl\/kinesiologia-santiago\/#\/schema\/person\/f7abfa784c86da427e89287831f96ab7\"},\"headline\":\"Celebraci\u00f3n del d\u00eda del kinesi\u00f3logo\",\"datePublished\":\"2012-05-19T00:15:01+00:00\",\"dateModified\":\"2012-06-06T20:47:28+00:00\",\"mainEntityOfPage\":{\"@id\":\"https:\/\/medicina.udd.cl\/kinesiologia-santiago\/noticias\/2012\/05\/18\/celebracion-del-dia-del-kinesiologo\/\"},\"wordCount\":152,\"commentCount\":0,\"articleSection\":[\"Noticias\"],\"inLanguage\":\"es\",\"potentialAction\":[{\"@type\":\"CommentAction\",\"name\":\"Comment\",\"target\":[\"https:\/\/medicina.udd.cl\/kinesiologia-santiago\/noticias\/2012\/05\/18\/celebracion-del-dia-del-kinesiologo\/#respond\"]}]},{\"@type\":\"WebPage\",\"@id\":\"https:\/\/medicina.udd.cl\/kinesiologia-santiago\/noticias\/2012\/05\/18\/celebracion-del-dia-del-kinesiologo\/\",\"url\":\"https:\/\/medicina.udd.cl\/kinesiologia-santiago\/noticias\/2012\/05\/18\/celebracion-del-dia-del-kinesiologo\/\",\"name\":\"Celebraci\u00f3n del d\u00eda del kinesi\u00f3logo - Kinesiolog\u00eda\",\"isPartOf\":{\"@id\":\"https:\/\/medicina.udd.cl\/kinesiologia-santiago\/#website\"},\"datePublished\":\"2012-05-19T00:15:01+00:00\",\"dateModified\":\"2012-06-06T20:47:28+00:00\",\"author\":{\"@id\":\"https:\/\/medicina.udd.cl\/kinesiologia-santiago\/#\/schema\/person\/f7abfa784c86da427e89287831f96ab7\"},\"breadcrumb\":{\"@id\":\"https:\/\/medicina.udd.cl\/kinesiologia-santiago\/noticias\/2012\/05\/18\/celebracion-del-dia-del-kinesiologo\/#breadcrumb\"},\"inLanguage\":\"es\",\"potentialAction\":[{\"@type\":\"ReadAction\",\"target\":[\"https:\/\/medicina.udd.cl\/kinesiologia-santiago\/noticias\/2012\/05\/18\/celebracion-del-dia-del-kinesiologo\/\"]}]},{\"@type\":\"BreadcrumbList\",\"@id\":\"https:\/\/medicina.udd.cl\/kinesiologia-santiago\/noticias\/2012\/05\/18\/celebracion-del-dia-del-kinesiologo\/#breadcrumb\",\"itemListElement\":[{\"@type\":\"ListItem\",\"position\":1,\"name\":\"Home\",\"item\":\"https:\/\/medicina.udd.cl\/kinesiologia-santiago\/\"},{\"@type\":\"ListItem\",\"position\":2,\"name\":\"Celebraci\u00f3n del d\u00eda del kinesi\u00f3logo\"}]},{\"@type\":\"WebSite\",\"@id\":\"https:\/\/medicina.udd.cl\/kinesiologia-santiago\/#website\",\"url\":\"https:\/\/medicina.udd.cl\/kinesiologia-santiago\/\",\"name\":\"Kinesiolog\u00eda\",\"description\":\"Facultad de Medicina Cl\u00ednica Alemana Universidad del Desarrollo\",\"inLanguage\":\"es\"},{\"@type\":\"Person\",\"@id\":\"https:\/\/medicina.udd.cl\/kinesiologia-santiago\/#\/schema\/person\/f7abfa784c86da427e89287831f96ab7\",\"name\":\"admin\",\"image\":{\"@type\":\"ImageObject\",\"inLanguage\":\"es\",\"@id\":\"https:\/\/medicina.udd.cl\/kinesiologia-santiago\/#\/schema\/person\/image\/\",\"url\":\"https:\/\/secure.gravatar.com\/avatar\/3cb6da298954dfb54457c0910b8c9ca010abd8d87a60f7d701b6ce4254e1c642?s=96&d=mm&r=g\",\"contentUrl\":\"https:\/\/secure.gravatar.com\/avatar\/3cb6da298954dfb54457c0910b8c9ca010abd8d87a60f7d701b6ce4254e1c642?s=96&d=mm&r=g\",\"caption\":\"admin\"},\"url\":\"https:\/\/medicina.udd.cl\/kinesiologia-santiago\/noticias\/author\/admin\/\"}]}<\/script>\n<!-- \/ Yoast SEO plugin. -->","yoast_head_json":{"title":"Celebraci\u00f3n del d\u00eda del kinesi\u00f3logo - Kinesiolog\u00eda","robots":{"index":"index","follow":"follow","max-snippet":"max-snippet:-1","max-image-preview":"max-image-preview:large","max-video-preview":"max-video-preview:-1"},"canonical":"https:\/\/medicina.udd.cl\/kinesiologia-santiago\/noticias\/2012\/05\/18\/celebracion-del-dia-del-kinesiologo\/","og_locale":"es_ES","og_type":"article","og_title":"Celebraci\u00f3n del d\u00eda del kinesi\u00f3logo - Kinesiolog\u00eda","og_description":"En la ceremonia -organizada por la carrera de Kinesiolog\u00eda- se distingui\u00f3 el trabajo realizado en el 2011 por alumnos y docentes.","og_url":"https:\/\/medicina.udd.cl\/kinesiologia-santiago\/noticias\/2012\/05\/18\/celebracion-del-dia-del-kinesiologo\/","og_site_name":"Kinesiolog\u00eda","article_published_time":"2012-05-19T00:15:01+00:00","article_modified_time":"2012-06-06T20:47:28+00:00","og_image":[{"url":"https:\/\/medicina.udd.cl\/kinesiologia-santiago\/files\/2012\/05\/IMG_8269.jpg","type":"","width":"","height":""}],"author":"admin","twitter_misc":{"Escrito por":"admin","Tiempo de lectura":"1 minuto"},"schema":{"@context":"https:\/\/schema.org","@graph":[{"@type":"Article","@id":"https:\/\/medicina.udd.cl\/kinesiologia-santiago\/noticias\/2012\/05\/18\/celebracion-del-dia-del-kinesiologo\/#article","isPartOf":{"@id":"https:\/\/medicina.udd.cl\/kinesiologia-santiago\/noticias\/2012\/05\/18\/celebracion-del-dia-del-kinesiologo\/"},"author":{"name":"admin","@id":"https:\/\/medicina.udd.cl\/kinesiologia-santiago\/#\/schema\/person\/f7abfa784c86da427e89287831f96ab7"},"headline":"Celebraci\u00f3n del d\u00eda del kinesi\u00f3logo","datePublished":"2012-05-19T00:15:01+00:00","dateModified":"2012-06-06T20:47:28+00:00","mainEntityOfPage":{"@id":"https:\/\/medicina.udd.cl\/kinesiologia-santiago\/noticias\/2012\/05\/18\/celebracion-del-dia-del-kinesiologo\/"},"wordCount":152,"commentCount":0,"articleSection":["Noticias"],"inLanguage":"es","potentialAction":[{"@type":"CommentAction","name":"Comment","target":["https:\/\/medicina.udd.cl\/kinesiologia-santiago\/noticias\/2012\/05\/18\/celebracion-del-dia-del-kinesiologo\/#respond"]}]},{"@type":"WebPage","@id":"https:\/\/medicina.udd.cl\/kinesiologia-santiago\/noticias\/2012\/05\/18\/celebracion-del-dia-del-kinesiologo\/","url":"https:\/\/medicina.udd.cl\/kinesiologia-santiago\/noticias\/2012\/05\/18\/celebracion-del-dia-del-kinesiologo\/","name":"Celebraci\u00f3n del d\u00eda del kinesi\u00f3logo - Kinesiolog\u00eda","isPartOf":{"@id":"https:\/\/medicina.udd.cl\/kinesiologia-santiago\/#website"},"datePublished":"2012-05-19T00:15:01+00:00","dateModified":"2012-06-06T20:47:28+00:00","author":{"@id":"https:\/\/medicina.udd.cl\/kinesiologia-santiago\/#\/schema\/person\/f7abfa784c86da427e89287831f96ab7"},"breadcrumb":{"@id":"https:\/\/medicina.udd.cl\/kinesiologia-santiago\/noticias\/2012\/05\/18\/celebracion-del-dia-del-kinesiologo\/#breadcrumb"},"inLanguage":"es","potentialAction":[{"@type":"ReadAction","target":["https:\/\/medicina.udd.cl\/kinesiologia-santiago\/noticias\/2012\/05\/18\/celebracion-del-dia-del-kinesiologo\/"]}]},{"@type":"BreadcrumbList","@id":"https:\/\/medicina.udd.cl\/kinesiologia-santiago\/noticias\/2012\/05\/18\/celebracion-del-dia-del-kinesiologo\/#breadcrumb","itemListElement":[{"@type":"ListItem","position":1,"name":"Home","item":"https:\/\/medicina.udd.cl\/kinesiologia-santiago\/"},{"@type":"ListItem","position":2,"name":"Celebraci\u00f3n del d\u00eda del kinesi\u00f3logo"}]},{"@type":"WebSite","@id":"https:\/\/medicina.udd.cl\/kinesiologia-santiago\/#website","url":"https:\/\/medicina.udd.cl\/kinesiologia-santiago\/","name":"Kinesiolog\u00eda","description":"Facultad de Medicina Cl\u00ednica Alemana Universidad del Desarrollo","inLanguage":"es"},{"@type":"Person","@id":"https:\/\/medicina.udd.cl\/kinesiologia-santiago\/#\/schema\/person\/f7abfa784c86da427e89287831f96ab7","name":"admin","image":{"@type":"ImageObject","inLanguage":"es","@id":"https:\/\/medicina.udd.cl\/kinesiologia-santiago\/#\/schema\/person\/image\/","url":"https:\/\/secure.gravatar.com\/avatar\/3cb6da298954dfb54457c0910b8c9ca010abd8d87a60f7d701b6ce4254e1c642?s=96&d=mm&r=g","contentUrl":"https:\/\/secure.gravatar.com\/avatar\/3cb6da298954dfb54457c0910b8c9ca010abd8d87a60f7d701b6ce4254e1c642?s=96&d=mm&r=g","caption":"admin"},"url":"https:\/\/medicina.udd.cl\/kinesiologia-santiago\/noticias\/author\/admin\/"}]}},"featured_image_url":null,"_links":{"self":[{"href":"https:\/\/medicina.udd.cl\/kinesiologia-santiago\/wp-json\/wp\/v2\/posts\/681","targetHints":{"allow":["GET"]}}],"collection":[{"href":"https:\/\/medicina.udd.cl\/kinesiologia-santiago\/wp-json\/wp\/v2\/posts"}],"about":[{"href":"https:\/\/medicina.udd.cl\/kinesiologia-santiago\/wp-json\/wp\/v2\/types\/post"}],"author":[{"embeddable":true,"href":"https:\/\/medicina.udd.cl\/kinesiologia-santiago\/wp-json\/wp\/v2\/users\/1"}],"replies":[{"embeddable":true,"href":"https:\/\/medicina.udd.cl\/kinesiologia-santiago\/wp-json\/wp\/v2\/comments?post=681"}],"version-history":[{"count":14,"href":"https:\/\/medicina.udd.cl\/kinesiologia-santiago\/wp-json\/wp\/v2\/posts\/681\/revisions"}],"predecessor-version":[{"id":712,"href":"https:\/\/medicina.udd.cl\/kinesiologia-santiago\/wp-json\/wp\/v2\/posts\/681\/revisions\/712"}],"wp:attachment":[{"href":"https:\/\/medicina.udd.cl\/kinesiologia-santiago\/wp-json\/wp\/v2\/media?parent=681"}],"wp:term":[{"taxonomy":"category","embeddable":true,"href":"https:\/\/medicina.udd.cl\/kinesiologia-santiago\/wp-json\/wp\/v2\/categories?post=681"},{"taxonomy":"post_tag","embeddable":true,"href":"https:\/\/medicina.udd.cl\/kinesiologia-santiago\/wp-json\/wp\/v2\/tags?post=681"}],"curies":[{"name":"wp","href":"https:\/\/api.w.org\/{rel}","templated":true}]}}