{"id":6848,"date":"2024-08-12T15:11:45","date_gmt":"2024-08-12T19:11:45","guid":{"rendered":"https:\/\/medicina.udd.cl\/kinesiologia-santiago\/?p=6848"},"modified":"2024-08-12T15:11:46","modified_gmt":"2024-08-12T19:11:46","slug":"klgo-jorge-molina-presidio-ceremonia-de-reconocimiento-a-expresidentas-de-denake-en-universidad-san-sebastian","status":"publish","type":"post","link":"https:\/\/medicina.udd.cl\/kinesiologia-santiago\/noticias\/2024\/08\/12\/klgo-jorge-molina-presidio-ceremonia-de-reconocimiento-a-expresidentas-de-denake-en-universidad-san-sebastian\/","title":{"rendered":"Klgo. Jorge Molina presidi\u00f3 ceremonia de reconocimiento a expresidentas de DENAKE en Universidad San Sebasti\u00e1n"},"content":{"rendered":"\n<figure class=\"wp-block-image aligncenter size-large\"><a href=\"https:\/\/medicina.udd.cl\/kinesiologia-santiago\/files\/2024\/08\/kine-jorge-molina-presenta-expresidentas-denake-1.jpg\"><img loading=\"lazy\" decoding=\"async\" width=\"1024\" height=\"768\" src=\"https:\/\/medicina.udd.cl\/kinesiologia-santiago\/files\/2024\/08\/kine-jorge-molina-presenta-expresidentas-denake-1-1024x768.jpg\" alt=\"\" class=\"wp-image-6849\" srcset=\"https:\/\/medicina.udd.cl\/kinesiologia-santiago\/files\/2024\/08\/kine-jorge-molina-presenta-expresidentas-denake-1-1024x768.jpg 1024w, https:\/\/medicina.udd.cl\/kinesiologia-santiago\/files\/2024\/08\/kine-jorge-molina-presenta-expresidentas-denake-1-300x225.jpg 300w, https:\/\/medicina.udd.cl\/kinesiologia-santiago\/files\/2024\/08\/kine-jorge-molina-presenta-expresidentas-denake-1-768x576.jpg 768w, https:\/\/medicina.udd.cl\/kinesiologia-santiago\/files\/2024\/08\/kine-jorge-molina-presenta-expresidentas-denake-1.jpg 1280w\" sizes=\"auto, (max-width: 1024px) 100vw, 1024px\" \/><\/a><figcaption class=\"wp-element-caption\">El Klgo. Jorge Molina junto a las expresidentas de DENAKE: Ver\u00f3nica Vargas, Maritza Pecarevic y Marcela Ant\u00fanez.<\/figcaption><\/figure>\n\n\n\n<p>En una emotiva ceremonia realizada en el campus Bellavista de la Universidad San Sebasti\u00e1n, el director de la carrera de Kinesiolog\u00eda de la Facultad de Medicina Cl\u00ednica Alemana Universidad del Desarrollo (UDD), Klgo. Jorge Molina, quien adem\u00e1s es presidente de la Asociaci\u00f3n Nacional de Acreditaci\u00f3n de Kinesi\u00f3logos Especialistas (DENAKE), presidi\u00f3 el evento en honor a las expresidentas de la asociaci\u00f3n: Ver\u00f3nica Vargas, Maritza Pecarevic y Marcela Ant\u00fanez.<\/p>\n\n\n\n<p>Durante el encuentro, las tres expresidentas tuvieron la oportunidad de reflexionar sobre los importantes avances logrados por DENAKE bajo sus respectivos mandatos. Entre los logros destacados, se mencionaron el fortalecimiento de los programas de acreditaci\u00f3n y la consolidaci\u00f3n de la kinesiolog\u00eda como una disciplina fundamental dentro del \u00e1mbito de la salud en Chile.<\/p>\n\n\n\n<p>Klgo. Jorge Molina, por su parte, present\u00f3 un balance de los avances recientes y deline\u00f3 los desaf\u00edos futuros que enfrenta la agrupaci\u00f3n. Entre los objetivos m\u00e1s destacados se encuentra la obtenci\u00f3n del reconocimiento de la autoridad sanitaria en relaci\u00f3n a las especialidades en kinesiolog\u00eda, un paso crucial para el desarrollo y la validaci\u00f3n de la profesi\u00f3n en el pa\u00eds.<\/p>\n\n\n\n<p>La ceremonia culmin\u00f3 con un caf\u00e9 compartido entre los participantes y las autoridades, en un ambiente de camarader\u00eda y reflexi\u00f3n sobre el camino recorrido y las metas por alcanzar.<\/p>\n\n\n\n<p>Esta ceremonia no solo celebr\u00f3 los logros pasados, sino que tambi\u00e9n reafirm\u00f3 el compromiso de DENAKE, encabezado por Jorge Molina, en la promoci\u00f3n y el fortalecimiento de la Kinesiolog\u00eda en Chile, mirando con optimismo hacia el futuro.<\/p>\n\n\n\n<figure class=\"wp-block-gallery has-nested-images columns-default is-cropped wp-block-gallery-1 is-layout-flex wp-block-gallery-is-layout-flex\">\n<figure class=\"wp-block-image size-large\"><a href=\"https:\/\/medicina.udd.cl\/kinesiologia-santiago\/files\/2024\/08\/kine-jorge-molina-presenta-expresidentas-denake-13.jpg\"><img loading=\"lazy\" decoding=\"async\" width=\"768\" height=\"1024\" data-id=\"6855\" src=\"https:\/\/medicina.udd.cl\/kinesiologia-santiago\/files\/2024\/08\/kine-jorge-molina-presenta-expresidentas-denake-13-768x1024.jpg\" alt=\"\" class=\"wp-image-6855\" srcset=\"https:\/\/medicina.udd.cl\/kinesiologia-santiago\/files\/2024\/08\/kine-jorge-molina-presenta-expresidentas-denake-13-768x1024.jpg 768w, https:\/\/medicina.udd.cl\/kinesiologia-santiago\/files\/2024\/08\/kine-jorge-molina-presenta-expresidentas-denake-13-225x300.jpg 225w, https:\/\/medicina.udd.cl\/kinesiologia-santiago\/files\/2024\/08\/kine-jorge-molina-presenta-expresidentas-denake-13-1152x1536.jpg 1152w, https:\/\/medicina.udd.cl\/kinesiologia-santiago\/files\/2024\/08\/kine-jorge-molina-presenta-expresidentas-denake-13.jpg 1200w\" sizes=\"auto, (max-width: 768px) 100vw, 768px\" \/><\/a><\/figure>\n\n\n\n<figure class=\"wp-block-image size-large\"><a href=\"https:\/\/medicina.udd.cl\/kinesiologia-santiago\/files\/2024\/08\/kine-jorge-molina-presenta-expresidentas-denake-8.jpg\"><img loading=\"lazy\" decoding=\"async\" width=\"768\" height=\"1024\" data-id=\"6852\" src=\"https:\/\/medicina.udd.cl\/kinesiologia-santiago\/files\/2024\/08\/kine-jorge-molina-presenta-expresidentas-denake-8-768x1024.jpg\" alt=\"\" class=\"wp-image-6852\" srcset=\"https:\/\/medicina.udd.cl\/kinesiologia-santiago\/files\/2024\/08\/kine-jorge-molina-presenta-expresidentas-denake-8-768x1024.jpg 768w, https:\/\/medicina.udd.cl\/kinesiologia-santiago\/files\/2024\/08\/kine-jorge-molina-presenta-expresidentas-denake-8-225x300.jpg 225w, https:\/\/medicina.udd.cl\/kinesiologia-santiago\/files\/2024\/08\/kine-jorge-molina-presenta-expresidentas-denake-8-1152x1536.jpg 1152w, https:\/\/medicina.udd.cl\/kinesiologia-santiago\/files\/2024\/08\/kine-jorge-molina-presenta-expresidentas-denake-8.jpg 1200w\" sizes=\"auto, (max-width: 768px) 100vw, 768px\" \/><\/a><\/figure>\n\n\n\n<figure class=\"wp-block-image size-large\"><a href=\"https:\/\/medicina.udd.cl\/kinesiologia-santiago\/files\/2024\/08\/kine-jorge-molina-presenta-expresidentas-denake-5.jpg\"><img loading=\"lazy\" decoding=\"async\" width=\"768\" height=\"1024\" data-id=\"6851\" src=\"https:\/\/medicina.udd.cl\/kinesiologia-santiago\/files\/2024\/08\/kine-jorge-molina-presenta-expresidentas-denake-5-768x1024.jpg\" alt=\"\" class=\"wp-image-6851\" srcset=\"https:\/\/medicina.udd.cl\/kinesiologia-santiago\/files\/2024\/08\/kine-jorge-molina-presenta-expresidentas-denake-5-768x1024.jpg 768w, https:\/\/medicina.udd.cl\/kinesiologia-santiago\/files\/2024\/08\/kine-jorge-molina-presenta-expresidentas-denake-5-225x300.jpg 225w, https:\/\/medicina.udd.cl\/kinesiologia-santiago\/files\/2024\/08\/kine-jorge-molina-presenta-expresidentas-denake-5-1152x1536.jpg 1152w, https:\/\/medicina.udd.cl\/kinesiologia-santiago\/files\/2024\/08\/kine-jorge-molina-presenta-expresidentas-denake-5.jpg 1200w\" sizes=\"auto, (max-width: 768px) 100vw, 768px\" \/><\/a><\/figure>\n\n\n\n<figure class=\"wp-block-image size-large\"><a href=\"https:\/\/medicina.udd.cl\/kinesiologia-santiago\/files\/2024\/08\/kine-jorge-molina-presenta-expresidentas-denake-2.jpg\"><img loading=\"lazy\" decoding=\"async\" width=\"1024\" height=\"768\" data-id=\"6850\" src=\"https:\/\/medicina.udd.cl\/kinesiologia-santiago\/files\/2024\/08\/kine-jorge-molina-presenta-expresidentas-denake-2-1024x768.jpg\" alt=\"\" class=\"wp-image-6850\" srcset=\"https:\/\/medicina.udd.cl\/kinesiologia-santiago\/files\/2024\/08\/kine-jorge-molina-presenta-expresidentas-denake-2-1024x768.jpg 1024w, https:\/\/medicina.udd.cl\/kinesiologia-santiago\/files\/2024\/08\/kine-jorge-molina-presenta-expresidentas-denake-2-300x225.jpg 300w, https:\/\/medicina.udd.cl\/kinesiologia-santiago\/files\/2024\/08\/kine-jorge-molina-presenta-expresidentas-denake-2-768x576.jpg 768w, https:\/\/medicina.udd.cl\/kinesiologia-santiago\/files\/2024\/08\/kine-jorge-molina-presenta-expresidentas-denake-2-1536x1152.jpg 1536w, https:\/\/medicina.udd.cl\/kinesiologia-santiago\/files\/2024\/08\/kine-jorge-molina-presenta-expresidentas-denake-2.jpg 1600w\" sizes=\"auto, (max-width: 1024px) 100vw, 1024px\" \/><\/a><\/figure>\n\n\n\n<figure class=\"wp-block-image size-large\"><a href=\"https:\/\/medicina.udd.cl\/kinesiologia-santiago\/files\/2024\/08\/kine-jorge-molina-presenta-expresidentas-denake-23.jpg\"><img loading=\"lazy\" decoding=\"async\" width=\"1024\" height=\"768\" data-id=\"6858\" src=\"https:\/\/medicina.udd.cl\/kinesiologia-santiago\/files\/2024\/08\/kine-jorge-molina-presenta-expresidentas-denake-23-1024x768.jpg\" alt=\"\" class=\"wp-image-6858\" srcset=\"https:\/\/medicina.udd.cl\/kinesiologia-santiago\/files\/2024\/08\/kine-jorge-molina-presenta-expresidentas-denake-23-1024x768.jpg 1024w, https:\/\/medicina.udd.cl\/kinesiologia-santiago\/files\/2024\/08\/kine-jorge-molina-presenta-expresidentas-denake-23-300x225.jpg 300w, https:\/\/medicina.udd.cl\/kinesiologia-santiago\/files\/2024\/08\/kine-jorge-molina-presenta-expresidentas-denake-23-768x576.jpg 768w, https:\/\/medicina.udd.cl\/kinesiologia-santiago\/files\/2024\/08\/kine-jorge-molina-presenta-expresidentas-denake-23.jpg 1280w\" sizes=\"auto, (max-width: 1024px) 100vw, 1024px\" \/><\/a><\/figure>\n\n\n\n<figure class=\"wp-block-image size-large\"><a href=\"https:\/\/medicina.udd.cl\/kinesiologia-santiago\/files\/2024\/08\/kine-jorge-molina-presenta-expresidentas-denake-12.jpg\"><img loading=\"lazy\" decoding=\"async\" width=\"1024\" height=\"768\" data-id=\"6854\" src=\"https:\/\/medicina.udd.cl\/kinesiologia-santiago\/files\/2024\/08\/kine-jorge-molina-presenta-expresidentas-denake-12-1024x768.jpg\" alt=\"\" class=\"wp-image-6854\" srcset=\"https:\/\/medicina.udd.cl\/kinesiologia-santiago\/files\/2024\/08\/kine-jorge-molina-presenta-expresidentas-denake-12-1024x768.jpg 1024w, https:\/\/medicina.udd.cl\/kinesiologia-santiago\/files\/2024\/08\/kine-jorge-molina-presenta-expresidentas-denake-12-300x225.jpg 300w, https:\/\/medicina.udd.cl\/kinesiologia-santiago\/files\/2024\/08\/kine-jorge-molina-presenta-expresidentas-denake-12-768x576.jpg 768w, https:\/\/medicina.udd.cl\/kinesiologia-santiago\/files\/2024\/08\/kine-jorge-molina-presenta-expresidentas-denake-12-1536x1152.jpg 1536w, https:\/\/medicina.udd.cl\/kinesiologia-santiago\/files\/2024\/08\/kine-jorge-molina-presenta-expresidentas-denake-12.jpg 1600w\" sizes=\"auto, (max-width: 1024px) 100vw, 1024px\" \/><\/a><\/figure>\n<\/figure>\n","protected":false},"excerpt":{"rendered":"<p>En una emotiva ceremonia realizada en el campus Bellavista de la Universidad San Sebasti\u00e1n, el director de la carrera de Kinesiolog\u00eda de la Facultad de Medicina Cl\u00ednica Alemana Universidad del Desarrollo (UDD), Klgo. Jorge Molina, quien adem\u00e1s es presidente de la Asociaci\u00f3n Nacional de Acreditaci\u00f3n de Kinesi\u00f3logos Especialistas (DENAKE), presidi\u00f3 el evento en honor a [&hellip;]<\/p>\n","protected":false},"author":9192219,"featured_media":6849,"comment_status":"closed","ping_status":"open","sticky":false,"template":"","format":"standard","meta":{"footnotes":""},"categories":[4],"tags":[],"class_list":["post-6848","post","type-post","status-publish","format-standard","has-post-thumbnail","hentry","category-noticias"],"yoast_head":"<!-- This site is optimized with the Yoast SEO plugin v26.9 - https:\/\/yoast.com\/product\/yoast-seo-wordpress\/ -->\n<title>Klgo. Jorge Molina presidi\u00f3 ceremonia de reconocimiento a expresidentas de DENAKE en Universidad San Sebasti\u00e1n - Kinesiolog\u00eda<\/title>\n<meta name=\"robots\" content=\"index, follow, max-snippet:-1, max-image-preview:large, max-video-preview:-1\" \/>\n<link rel=\"canonical\" href=\"https:\/\/medicina.udd.cl\/kinesiologia-santiago\/noticias\/2024\/08\/12\/klgo-jorge-molina-presidio-ceremonia-de-reconocimiento-a-expresidentas-de-denake-en-universidad-san-sebastian\/\" \/>\n<meta property=\"og:locale\" content=\"es_ES\" \/>\n<meta property=\"og:type\" content=\"article\" \/>\n<meta property=\"og:title\" content=\"Klgo. Jorge Molina presidi\u00f3 ceremonia de reconocimiento a expresidentas de DENAKE en Universidad San Sebasti\u00e1n - Kinesiolog\u00eda\" \/>\n<meta property=\"og:description\" content=\"En una emotiva ceremonia realizada en el campus Bellavista de la Universidad San Sebasti\u00e1n, el director de la carrera de Kinesiolog\u00eda de la Facultad de Medicina Cl\u00ednica Alemana Universidad del Desarrollo (UDD), Klgo. Jorge Molina, quien adem\u00e1s es presidente de la Asociaci\u00f3n Nacional de Acreditaci\u00f3n de Kinesi\u00f3logos Especialistas (DENAKE), presidi\u00f3 el evento en honor a [&hellip;]\" \/>\n<meta property=\"og:url\" content=\"https:\/\/medicina.udd.cl\/kinesiologia-santiago\/noticias\/2024\/08\/12\/klgo-jorge-molina-presidio-ceremonia-de-reconocimiento-a-expresidentas-de-denake-en-universidad-san-sebastian\/\" \/>\n<meta property=\"og:site_name\" content=\"Kinesiolog\u00eda\" \/>\n<meta property=\"article:published_time\" content=\"2024-08-12T19:11:45+00:00\" \/>\n<meta property=\"article:modified_time\" content=\"2024-08-12T19:11:46+00:00\" \/>\n<meta property=\"og:image\" content=\"https:\/\/medicina.udd.cl\/kinesiologia-santiago\/files\/2024\/08\/kine-jorge-molina-presenta-expresidentas-denake-1.jpg\" \/>\n\t<meta property=\"og:image:width\" content=\"1280\" \/>\n\t<meta property=\"og:image:height\" content=\"960\" \/>\n\t<meta property=\"og:image:type\" content=\"image\/jpeg\" \/>\n<meta name=\"author\" content=\"rbraidy\" \/>\n<meta name=\"twitter:label1\" content=\"Escrito por\" \/>\n\t<meta name=\"twitter:data1\" content=\"rbraidy\" \/>\n\t<meta name=\"twitter:label2\" content=\"Tiempo de lectura\" \/>\n\t<meta name=\"twitter:data2\" content=\"3 minutos\" \/>\n<script type=\"application\/ld+json\" class=\"yoast-schema-graph\">{\"@context\":\"https:\/\/schema.org\",\"@graph\":[{\"@type\":\"Article\",\"@id\":\"https:\/\/medicina.udd.cl\/kinesiologia-santiago\/noticias\/2024\/08\/12\/klgo-jorge-molina-presidio-ceremonia-de-reconocimiento-a-expresidentas-de-denake-en-universidad-san-sebastian\/#article\",\"isPartOf\":{\"@id\":\"https:\/\/medicina.udd.cl\/kinesiologia-santiago\/noticias\/2024\/08\/12\/klgo-jorge-molina-presidio-ceremonia-de-reconocimiento-a-expresidentas-de-denake-en-universidad-san-sebastian\/\"},\"author\":{\"name\":\"rbraidy\",\"@id\":\"https:\/\/medicina.udd.cl\/kinesiologia-santiago\/#\/schema\/person\/dbc3705bf3a93e8be1ba6de0ef950341\"},\"headline\":\"Klgo. Jorge Molina presidi\u00f3 ceremonia de reconocimiento a expresidentas de DENAKE en Universidad San Sebasti\u00e1n\",\"datePublished\":\"2024-08-12T19:11:45+00:00\",\"dateModified\":\"2024-08-12T19:11:46+00:00\",\"mainEntityOfPage\":{\"@id\":\"https:\/\/medicina.udd.cl\/kinesiologia-santiago\/noticias\/2024\/08\/12\/klgo-jorge-molina-presidio-ceremonia-de-reconocimiento-a-expresidentas-de-denake-en-universidad-san-sebastian\/\"},\"wordCount\":307,\"image\":{\"@id\":\"https:\/\/medicina.udd.cl\/kinesiologia-santiago\/noticias\/2024\/08\/12\/klgo-jorge-molina-presidio-ceremonia-de-reconocimiento-a-expresidentas-de-denake-en-universidad-san-sebastian\/#primaryimage\"},\"thumbnailUrl\":\"https:\/\/medicina.udd.cl\/kinesiologia-santiago\/files\/2024\/08\/kine-jorge-molina-presenta-expresidentas-denake-1.jpg\",\"articleSection\":[\"Noticias\"],\"inLanguage\":\"es\"},{\"@type\":\"WebPage\",\"@id\":\"https:\/\/medicina.udd.cl\/kinesiologia-santiago\/noticias\/2024\/08\/12\/klgo-jorge-molina-presidio-ceremonia-de-reconocimiento-a-expresidentas-de-denake-en-universidad-san-sebastian\/\",\"url\":\"https:\/\/medicina.udd.cl\/kinesiologia-santiago\/noticias\/2024\/08\/12\/klgo-jorge-molina-presidio-ceremonia-de-reconocimiento-a-expresidentas-de-denake-en-universidad-san-sebastian\/\",\"name\":\"Klgo. Jorge Molina presidi\u00f3 ceremonia de reconocimiento a expresidentas de DENAKE en Universidad San Sebasti\u00e1n - Kinesiolog\u00eda\",\"isPartOf\":{\"@id\":\"https:\/\/medicina.udd.cl\/kinesiologia-santiago\/#website\"},\"primaryImageOfPage\":{\"@id\":\"https:\/\/medicina.udd.cl\/kinesiologia-santiago\/noticias\/2024\/08\/12\/klgo-jorge-molina-presidio-ceremonia-de-reconocimiento-a-expresidentas-de-denake-en-universidad-san-sebastian\/#primaryimage\"},\"image\":{\"@id\":\"https:\/\/medicina.udd.cl\/kinesiologia-santiago\/noticias\/2024\/08\/12\/klgo-jorge-molina-presidio-ceremonia-de-reconocimiento-a-expresidentas-de-denake-en-universidad-san-sebastian\/#primaryimage\"},\"thumbnailUrl\":\"https:\/\/medicina.udd.cl\/kinesiologia-santiago\/files\/2024\/08\/kine-jorge-molina-presenta-expresidentas-denake-1.jpg\",\"datePublished\":\"2024-08-12T19:11:45+00:00\",\"dateModified\":\"2024-08-12T19:11:46+00:00\",\"author\":{\"@id\":\"https:\/\/medicina.udd.cl\/kinesiologia-santiago\/#\/schema\/person\/dbc3705bf3a93e8be1ba6de0ef950341\"},\"breadcrumb\":{\"@id\":\"https:\/\/medicina.udd.cl\/kinesiologia-santiago\/noticias\/2024\/08\/12\/klgo-jorge-molina-presidio-ceremonia-de-reconocimiento-a-expresidentas-de-denake-en-universidad-san-sebastian\/#breadcrumb\"},\"inLanguage\":\"es\",\"potentialAction\":[{\"@type\":\"ReadAction\",\"target\":[\"https:\/\/medicina.udd.cl\/kinesiologia-santiago\/noticias\/2024\/08\/12\/klgo-jorge-molina-presidio-ceremonia-de-reconocimiento-a-expresidentas-de-denake-en-universidad-san-sebastian\/\"]}]},{\"@type\":\"ImageObject\",\"inLanguage\":\"es\",\"@id\":\"https:\/\/medicina.udd.cl\/kinesiologia-santiago\/noticias\/2024\/08\/12\/klgo-jorge-molina-presidio-ceremonia-de-reconocimiento-a-expresidentas-de-denake-en-universidad-san-sebastian\/#primaryimage\",\"url\":\"https:\/\/medicina.udd.cl\/kinesiologia-santiago\/files\/2024\/08\/kine-jorge-molina-presenta-expresidentas-denake-1.jpg\",\"contentUrl\":\"https:\/\/medicina.udd.cl\/kinesiologia-santiago\/files\/2024\/08\/kine-jorge-molina-presenta-expresidentas-denake-1.jpg\",\"width\":1280,\"height\":960},{\"@type\":\"BreadcrumbList\",\"@id\":\"https:\/\/medicina.udd.cl\/kinesiologia-santiago\/noticias\/2024\/08\/12\/klgo-jorge-molina-presidio-ceremonia-de-reconocimiento-a-expresidentas-de-denake-en-universidad-san-sebastian\/#breadcrumb\",\"itemListElement\":[{\"@type\":\"ListItem\",\"position\":1,\"name\":\"Home\",\"item\":\"https:\/\/medicina.udd.cl\/kinesiologia-santiago\/\"},{\"@type\":\"ListItem\",\"position\":2,\"name\":\"Klgo. Jorge Molina presidi\u00f3 ceremonia de reconocimiento a expresidentas de DENAKE en Universidad San Sebasti\u00e1n\"}]},{\"@type\":\"WebSite\",\"@id\":\"https:\/\/medicina.udd.cl\/kinesiologia-santiago\/#website\",\"url\":\"https:\/\/medicina.udd.cl\/kinesiologia-santiago\/\",\"name\":\"Kinesiolog\u00eda\",\"description\":\"Facultad de Medicina Cl\u00ednica Alemana Universidad del Desarrollo\",\"inLanguage\":\"es\"},{\"@type\":\"Person\",\"@id\":\"https:\/\/medicina.udd.cl\/kinesiologia-santiago\/#\/schema\/person\/dbc3705bf3a93e8be1ba6de0ef950341\",\"name\":\"rbraidy\",\"image\":{\"@type\":\"ImageObject\",\"inLanguage\":\"es\",\"@id\":\"https:\/\/medicina.udd.cl\/kinesiologia-santiago\/#\/schema\/person\/image\/\",\"url\":\"https:\/\/secure.gravatar.com\/avatar\/0f8bc94637401590e45d2ce17eb65c274cb8870a219de6177f3f23e63fd8cdf3?s=96&d=mm&r=g\",\"contentUrl\":\"https:\/\/secure.gravatar.com\/avatar\/0f8bc94637401590e45d2ce17eb65c274cb8870a219de6177f3f23e63fd8cdf3?s=96&d=mm&r=g\",\"caption\":\"rbraidy\"},\"url\":\"https:\/\/medicina.udd.cl\/kinesiologia-santiago\/noticias\/author\/rbraidy\/\"}]}<\/script>\n<!-- \/ Yoast SEO plugin. -->","yoast_head_json":{"title":"Klgo. Jorge Molina presidi\u00f3 ceremonia de reconocimiento a expresidentas de DENAKE en Universidad San Sebasti\u00e1n - Kinesiolog\u00eda","robots":{"index":"index","follow":"follow","max-snippet":"max-snippet:-1","max-image-preview":"max-image-preview:large","max-video-preview":"max-video-preview:-1"},"canonical":"https:\/\/medicina.udd.cl\/kinesiologia-santiago\/noticias\/2024\/08\/12\/klgo-jorge-molina-presidio-ceremonia-de-reconocimiento-a-expresidentas-de-denake-en-universidad-san-sebastian\/","og_locale":"es_ES","og_type":"article","og_title":"Klgo. Jorge Molina presidi\u00f3 ceremonia de reconocimiento a expresidentas de DENAKE en Universidad San Sebasti\u00e1n - Kinesiolog\u00eda","og_description":"En una emotiva ceremonia realizada en el campus Bellavista de la Universidad San Sebasti\u00e1n, el director de la carrera de Kinesiolog\u00eda de la Facultad de Medicina Cl\u00ednica Alemana Universidad del Desarrollo (UDD), Klgo. Jorge Molina, quien adem\u00e1s es presidente de la Asociaci\u00f3n Nacional de Acreditaci\u00f3n de Kinesi\u00f3logos Especialistas (DENAKE), presidi\u00f3 el evento en honor a [&hellip;]","og_url":"https:\/\/medicina.udd.cl\/kinesiologia-santiago\/noticias\/2024\/08\/12\/klgo-jorge-molina-presidio-ceremonia-de-reconocimiento-a-expresidentas-de-denake-en-universidad-san-sebastian\/","og_site_name":"Kinesiolog\u00eda","article_published_time":"2024-08-12T19:11:45+00:00","article_modified_time":"2024-08-12T19:11:46+00:00","og_image":[{"width":1280,"height":960,"url":"https:\/\/medicina.udd.cl\/kinesiologia-santiago\/files\/2024\/08\/kine-jorge-molina-presenta-expresidentas-denake-1.jpg","type":"image\/jpeg"}],"author":"rbraidy","twitter_misc":{"Escrito por":"rbraidy","Tiempo de lectura":"3 minutos"},"schema":{"@context":"https:\/\/schema.org","@graph":[{"@type":"Article","@id":"https:\/\/medicina.udd.cl\/kinesiologia-santiago\/noticias\/2024\/08\/12\/klgo-jorge-molina-presidio-ceremonia-de-reconocimiento-a-expresidentas-de-denake-en-universidad-san-sebastian\/#article","isPartOf":{"@id":"https:\/\/medicina.udd.cl\/kinesiologia-santiago\/noticias\/2024\/08\/12\/klgo-jorge-molina-presidio-ceremonia-de-reconocimiento-a-expresidentas-de-denake-en-universidad-san-sebastian\/"},"author":{"name":"rbraidy","@id":"https:\/\/medicina.udd.cl\/kinesiologia-santiago\/#\/schema\/person\/dbc3705bf3a93e8be1ba6de0ef950341"},"headline":"Klgo. Jorge Molina presidi\u00f3 ceremonia de reconocimiento a expresidentas de DENAKE en Universidad San Sebasti\u00e1n","datePublished":"2024-08-12T19:11:45+00:00","dateModified":"2024-08-12T19:11:46+00:00","mainEntityOfPage":{"@id":"https:\/\/medicina.udd.cl\/kinesiologia-santiago\/noticias\/2024\/08\/12\/klgo-jorge-molina-presidio-ceremonia-de-reconocimiento-a-expresidentas-de-denake-en-universidad-san-sebastian\/"},"wordCount":307,"image":{"@id":"https:\/\/medicina.udd.cl\/kinesiologia-santiago\/noticias\/2024\/08\/12\/klgo-jorge-molina-presidio-ceremonia-de-reconocimiento-a-expresidentas-de-denake-en-universidad-san-sebastian\/#primaryimage"},"thumbnailUrl":"https:\/\/medicina.udd.cl\/kinesiologia-santiago\/files\/2024\/08\/kine-jorge-molina-presenta-expresidentas-denake-1.jpg","articleSection":["Noticias"],"inLanguage":"es"},{"@type":"WebPage","@id":"https:\/\/medicina.udd.cl\/kinesiologia-santiago\/noticias\/2024\/08\/12\/klgo-jorge-molina-presidio-ceremonia-de-reconocimiento-a-expresidentas-de-denake-en-universidad-san-sebastian\/","url":"https:\/\/medicina.udd.cl\/kinesiologia-santiago\/noticias\/2024\/08\/12\/klgo-jorge-molina-presidio-ceremonia-de-reconocimiento-a-expresidentas-de-denake-en-universidad-san-sebastian\/","name":"Klgo. Jorge Molina presidi\u00f3 ceremonia de reconocimiento a expresidentas de DENAKE en Universidad San Sebasti\u00e1n - Kinesiolog\u00eda","isPartOf":{"@id":"https:\/\/medicina.udd.cl\/kinesiologia-santiago\/#website"},"primaryImageOfPage":{"@id":"https:\/\/medicina.udd.cl\/kinesiologia-santiago\/noticias\/2024\/08\/12\/klgo-jorge-molina-presidio-ceremonia-de-reconocimiento-a-expresidentas-de-denake-en-universidad-san-sebastian\/#primaryimage"},"image":{"@id":"https:\/\/medicina.udd.cl\/kinesiologia-santiago\/noticias\/2024\/08\/12\/klgo-jorge-molina-presidio-ceremonia-de-reconocimiento-a-expresidentas-de-denake-en-universidad-san-sebastian\/#primaryimage"},"thumbnailUrl":"https:\/\/medicina.udd.cl\/kinesiologia-santiago\/files\/2024\/08\/kine-jorge-molina-presenta-expresidentas-denake-1.jpg","datePublished":"2024-08-12T19:11:45+00:00","dateModified":"2024-08-12T19:11:46+00:00","author":{"@id":"https:\/\/medicina.udd.cl\/kinesiologia-santiago\/#\/schema\/person\/dbc3705bf3a93e8be1ba6de0ef950341"},"breadcrumb":{"@id":"https:\/\/medicina.udd.cl\/kinesiologia-santiago\/noticias\/2024\/08\/12\/klgo-jorge-molina-presidio-ceremonia-de-reconocimiento-a-expresidentas-de-denake-en-universidad-san-sebastian\/#breadcrumb"},"inLanguage":"es","potentialAction":[{"@type":"ReadAction","target":["https:\/\/medicina.udd.cl\/kinesiologia-santiago\/noticias\/2024\/08\/12\/klgo-jorge-molina-presidio-ceremonia-de-reconocimiento-a-expresidentas-de-denake-en-universidad-san-sebastian\/"]}]},{"@type":"ImageObject","inLanguage":"es","@id":"https:\/\/medicina.udd.cl\/kinesiologia-santiago\/noticias\/2024\/08\/12\/klgo-jorge-molina-presidio-ceremonia-de-reconocimiento-a-expresidentas-de-denake-en-universidad-san-sebastian\/#primaryimage","url":"https:\/\/medicina.udd.cl\/kinesiologia-santiago\/files\/2024\/08\/kine-jorge-molina-presenta-expresidentas-denake-1.jpg","contentUrl":"https:\/\/medicina.udd.cl\/kinesiologia-santiago\/files\/2024\/08\/kine-jorge-molina-presenta-expresidentas-denake-1.jpg","width":1280,"height":960},{"@type":"BreadcrumbList","@id":"https:\/\/medicina.udd.cl\/kinesiologia-santiago\/noticias\/2024\/08\/12\/klgo-jorge-molina-presidio-ceremonia-de-reconocimiento-a-expresidentas-de-denake-en-universidad-san-sebastian\/#breadcrumb","itemListElement":[{"@type":"ListItem","position":1,"name":"Home","item":"https:\/\/medicina.udd.cl\/kinesiologia-santiago\/"},{"@type":"ListItem","position":2,"name":"Klgo. Jorge Molina presidi\u00f3 ceremonia de reconocimiento a expresidentas de DENAKE en Universidad San Sebasti\u00e1n"}]},{"@type":"WebSite","@id":"https:\/\/medicina.udd.cl\/kinesiologia-santiago\/#website","url":"https:\/\/medicina.udd.cl\/kinesiologia-santiago\/","name":"Kinesiolog\u00eda","description":"Facultad de Medicina Cl\u00ednica Alemana Universidad del Desarrollo","inLanguage":"es"},{"@type":"Person","@id":"https:\/\/medicina.udd.cl\/kinesiologia-santiago\/#\/schema\/person\/dbc3705bf3a93e8be1ba6de0ef950341","name":"rbraidy","image":{"@type":"ImageObject","inLanguage":"es","@id":"https:\/\/medicina.udd.cl\/kinesiologia-santiago\/#\/schema\/person\/image\/","url":"https:\/\/secure.gravatar.com\/avatar\/0f8bc94637401590e45d2ce17eb65c274cb8870a219de6177f3f23e63fd8cdf3?s=96&d=mm&r=g","contentUrl":"https:\/\/secure.gravatar.com\/avatar\/0f8bc94637401590e45d2ce17eb65c274cb8870a219de6177f3f23e63fd8cdf3?s=96&d=mm&r=g","caption":"rbraidy"},"url":"https:\/\/medicina.udd.cl\/kinesiologia-santiago\/noticias\/author\/rbraidy\/"}]}},"featured_image_url":"https:\/\/medicina.udd.cl\/kinesiologia-santiago\/files\/2024\/08\/kine-jorge-molina-presenta-expresidentas-denake-1.jpg","_links":{"self":[{"href":"https:\/\/medicina.udd.cl\/kinesiologia-santiago\/wp-json\/wp\/v2\/posts\/6848","targetHints":{"allow":["GET"]}}],"collection":[{"href":"https:\/\/medicina.udd.cl\/kinesiologia-santiago\/wp-json\/wp\/v2\/posts"}],"about":[{"href":"https:\/\/medicina.udd.cl\/kinesiologia-santiago\/wp-json\/wp\/v2\/types\/post"}],"author":[{"embeddable":true,"href":"https:\/\/medicina.udd.cl\/kinesiologia-santiago\/wp-json\/wp\/v2\/users\/9192219"}],"replies":[{"embeddable":true,"href":"https:\/\/medicina.udd.cl\/kinesiologia-santiago\/wp-json\/wp\/v2\/comments?post=6848"}],"version-history":[{"count":1,"href":"https:\/\/medicina.udd.cl\/kinesiologia-santiago\/wp-json\/wp\/v2\/posts\/6848\/revisions"}],"predecessor-version":[{"id":6859,"href":"https:\/\/medicina.udd.cl\/kinesiologia-santiago\/wp-json\/wp\/v2\/posts\/6848\/revisions\/6859"}],"wp:featuredmedia":[{"embeddable":true,"href":"https:\/\/medicina.udd.cl\/kinesiologia-santiago\/wp-json\/wp\/v2\/media\/6849"}],"wp:attachment":[{"href":"https:\/\/medicina.udd.cl\/kinesiologia-santiago\/wp-json\/wp\/v2\/media?parent=6848"}],"wp:term":[{"taxonomy":"category","embeddable":true,"href":"https:\/\/medicina.udd.cl\/kinesiologia-santiago\/wp-json\/wp\/v2\/categories?post=6848"},{"taxonomy":"post_tag","embeddable":true,"href":"https:\/\/medicina.udd.cl\/kinesiologia-santiago\/wp-json\/wp\/v2\/tags?post=6848"}],"curies":[{"name":"wp","href":"https:\/\/api.w.org\/{rel}","templated":true}]}}