{"id":6861,"date":"2024-08-14T13:06:33","date_gmt":"2024-08-14T17:06:33","guid":{"rendered":"https:\/\/medicina.udd.cl\/kinesiologia-santiago\/?p=6861"},"modified":"2024-08-14T16:55:55","modified_gmt":"2024-08-14T20:55:55","slug":"academica-de-kinesiologia-udd-presento-innovador-trabajo-de-investigacion-en-congreso-mundial-en-dolor","status":"publish","type":"post","link":"https:\/\/medicina.udd.cl\/kinesiologia-santiago\/noticias\/2024\/08\/14\/academica-de-kinesiologia-udd-presento-innovador-trabajo-de-investigacion-en-congreso-mundial-en-dolor\/","title":{"rendered":"Acad\u00e9mica de Kinesiolog\u00eda UDD present\u00f3 innovador trabajo de investigaci\u00f3n en Congreso Mundial en Dolor"},"content":{"rendered":"\n<figure class=\"wp-block-gallery has-nested-images columns-default is-cropped wp-block-gallery-1 is-layout-flex wp-block-gallery-is-layout-flex\">\n<figure class=\"wp-block-image size-large\"><a href=\"https:\/\/medicina.udd.cl\/kinesiologia-santiago\/files\/2024\/08\/kine-ma-jesus-mena-en-congreso-mundial-en-dolor-5.jpeg\"><img loading=\"lazy\" decoding=\"async\" width=\"1024\" height=\"768\" data-id=\"6866\" src=\"https:\/\/medicina.udd.cl\/kinesiologia-santiago\/files\/2024\/08\/kine-ma-jesus-mena-en-congreso-mundial-en-dolor-5-1024x768.jpeg\" alt=\"\" class=\"wp-image-6866\" srcset=\"https:\/\/medicina.udd.cl\/kinesiologia-santiago\/files\/2024\/08\/kine-ma-jesus-mena-en-congreso-mundial-en-dolor-5-1024x768.jpeg 1024w, https:\/\/medicina.udd.cl\/kinesiologia-santiago\/files\/2024\/08\/kine-ma-jesus-mena-en-congreso-mundial-en-dolor-5-300x225.jpeg 300w, https:\/\/medicina.udd.cl\/kinesiologia-santiago\/files\/2024\/08\/kine-ma-jesus-mena-en-congreso-mundial-en-dolor-5-768x576.jpeg 768w, https:\/\/medicina.udd.cl\/kinesiologia-santiago\/files\/2024\/08\/kine-ma-jesus-mena-en-congreso-mundial-en-dolor-5-1536x1152.jpeg 1536w, https:\/\/medicina.udd.cl\/kinesiologia-santiago\/files\/2024\/08\/kine-ma-jesus-mena-en-congreso-mundial-en-dolor-5.jpeg 1600w\" sizes=\"auto, (max-width: 1024px) 100vw, 1024px\" \/><\/a><\/figure>\n\n\n\n<figure class=\"wp-block-image size-large\"><a href=\"https:\/\/medicina.udd.cl\/kinesiologia-santiago\/files\/2024\/08\/kine-ma-jesus-mena-en-congreso-mundial-en-dolor-1.jpeg\"><img loading=\"lazy\" decoding=\"async\" width=\"1024\" height=\"768\" data-id=\"6862\" src=\"https:\/\/medicina.udd.cl\/kinesiologia-santiago\/files\/2024\/08\/kine-ma-jesus-mena-en-congreso-mundial-en-dolor-1-1024x768.jpeg\" alt=\"\" class=\"wp-image-6862\" srcset=\"https:\/\/medicina.udd.cl\/kinesiologia-santiago\/files\/2024\/08\/kine-ma-jesus-mena-en-congreso-mundial-en-dolor-1-1024x768.jpeg 1024w, https:\/\/medicina.udd.cl\/kinesiologia-santiago\/files\/2024\/08\/kine-ma-jesus-mena-en-congreso-mundial-en-dolor-1-300x225.jpeg 300w, https:\/\/medicina.udd.cl\/kinesiologia-santiago\/files\/2024\/08\/kine-ma-jesus-mena-en-congreso-mundial-en-dolor-1-768x576.jpeg 768w, https:\/\/medicina.udd.cl\/kinesiologia-santiago\/files\/2024\/08\/kine-ma-jesus-mena-en-congreso-mundial-en-dolor-1.jpeg 1280w\" sizes=\"auto, (max-width: 1024px) 100vw, 1024px\" \/><\/a><figcaption class=\"wp-element-caption\">Ma. Jes\u00fas Mena junto a algunos profesionales chilenos presentes en el congreso multidisciplinario<\/figcaption><\/figure>\n\n\n\n<figure class=\"wp-block-image size-large\"><a href=\"https:\/\/medicina.udd.cl\/kinesiologia-santiago\/files\/2024\/08\/kine-ma-jesus-mena-en-congreso-mundial-en-dolor-7.jpeg\"><img loading=\"lazy\" decoding=\"async\" width=\"1024\" height=\"768\" data-id=\"6868\" src=\"https:\/\/medicina.udd.cl\/kinesiologia-santiago\/files\/2024\/08\/kine-ma-jesus-mena-en-congreso-mundial-en-dolor-7-1024x768.jpeg\" alt=\"\" class=\"wp-image-6868\" srcset=\"https:\/\/medicina.udd.cl\/kinesiologia-santiago\/files\/2024\/08\/kine-ma-jesus-mena-en-congreso-mundial-en-dolor-7-1024x768.jpeg 1024w, https:\/\/medicina.udd.cl\/kinesiologia-santiago\/files\/2024\/08\/kine-ma-jesus-mena-en-congreso-mundial-en-dolor-7-300x225.jpeg 300w, https:\/\/medicina.udd.cl\/kinesiologia-santiago\/files\/2024\/08\/kine-ma-jesus-mena-en-congreso-mundial-en-dolor-7-768x576.jpeg 768w, https:\/\/medicina.udd.cl\/kinesiologia-santiago\/files\/2024\/08\/kine-ma-jesus-mena-en-congreso-mundial-en-dolor-7-1536x1152.jpeg 1536w, https:\/\/medicina.udd.cl\/kinesiologia-santiago\/files\/2024\/08\/kine-ma-jesus-mena-en-congreso-mundial-en-dolor-7.jpeg 1600w\" sizes=\"auto, (max-width: 1024px) 100vw, 1024px\" \/><\/a><\/figure>\n<\/figure>\n\n\n\n<p>Entre los d\u00edas 5 y 9 de agosto del presente a\u00f1o, \u00c1msterdam, Pa\u00edses Bajos, fue sede del Congreso Mundial en Dolor (World Congress on Pain) organizado por la Asociaci\u00f3n Internacional para el Estudio del Dolor (IASP). En este prestigioso evento, la profesora Mar\u00eda Jes\u00fas Mena, docente de la carrera de Kinesiolog\u00eda y del Mag\u00edster en Terapia F\u00edsica y Rehabilitaci\u00f3n (MAKI) de la Facultad de Medicina Cl\u00ednica Alemana Universidad del Desarrollo (UDD), present\u00f3 su innovador trabajo de investigaci\u00f3n.<\/p>\n\n\n\n<p>El estudio, titulado&nbsp;<em>\u00abDevelopment of a Biopsychosocial Questionnaire for Musculoskeletal Pain: Innovation-based Process\u201d<\/em>, fue desarrollado con la coautor\u00eda de dos exalumnos del MAKI, Francisco Mancilla y Serghio Torreblanca. Las actividades de grado de estos estudiantes, bajo la tutor\u00eda de Mar\u00eda Jes\u00fas Mena, fueron fundamentales en el desarrollo del proyecto de investigaci\u00f3n.<\/p>\n\n\n\n<p>La acad\u00e9mica UDD se\u00f1al\u00f3 que, la presentaci\u00f3n del p\u00f3ster expuesto consisti\u00f3 en la creaci\u00f3n de un cuestionario innovador en espa\u00f1ol para evaluar factores biopsicosociales en pacientes con dolor cr\u00f3nico, destacando su breve duraci\u00f3n de aplicaci\u00f3n y efectividad.<\/p>\n\n\n\n<p><em>\u201cFue muy gratificante que nos felicitaran por haber utilizado esta estrategia desde la innovaci\u00f3n (\u2026) el tener una encuesta que sea de tamizaje, es decir, de screening, corta en su aplicaci\u00f3n, dura s\u00f3lo ocho minutos y adem\u00e1s en espa\u00f1ol\u201d<\/em>, destac\u00f3 la docente de Kinesiolog\u00eda UDD. &nbsp;<\/p>\n\n\n\n<p>Adem\u00e1s de su presentaci\u00f3n, Mar\u00eda Jes\u00fas Mena particip\u00f3 en la reuni\u00f3n del Grupo de Inter\u00e9s Especial (SIG) de Educaci\u00f3n en Dolor, donde se revisaron y discutieron estrategias para el desarrollo curricular y la evaluaci\u00f3n en la ense\u00f1anza del dolor en los programas de pregrado y postgrado. Tambi\u00e9n asisti\u00f3 a la reuni\u00f3n de gesti\u00f3n del SIG de dolor m\u00fasculo-esquel\u00e9tico, contribuyendo a la discusi\u00f3n sobre nuevas estrategias para incorporar a regiones menos representadas en la toma de decisiones sobre formaci\u00f3n y abogac\u00eda en este \u00e1mbito.<\/p>\n\n\n\n<p>La acad\u00e9mica UDD tambi\u00e9n fue invitada como experta latinoamericana a participar en la etapa de obtenci\u00f3n de validez de apariencia y aplicabilidad de la herramienta de datos en investigaci\u00f3n en dolor \u201cISSHOOs\u201d (Identifying Social Factors that Stratify Health Opportunities and Outcomes in Pain Research). Esta herramienta est\u00e1 siendo desarrollada por un grupo de investigadores l\u00edderes en el \u00e1rea del dolor en la University of South Australia.<\/p>\n\n\n\n<p><em>\u201cAsistir a este Congreso Mundial fue una valiosa oportunidad para presenciar avances en el tratamiento del dolor, destacando la importancia de enfoques cl\u00ednicos y biopsicosociales, adem\u00e1s de representar a la Universidad del Desarrollo y al pa\u00eds\u201d<\/em>, indic\u00f3 Mena.<\/p>\n\n\n\n<p>Experiencias como estas, permiten que docentes como Mar\u00eda Jes\u00fas lleven al mundo acad\u00e9mico, docente e investigativo, los importantes aportes que la carrera de Kinesiolog\u00eda UDD est\u00e1 realizando en los \u00e1mbitos cl\u00ednico y de investigaci\u00f3n, destacando su compromiso con la innovaci\u00f3n y la excelencia en la educaci\u00f3n en salud.<\/p>\n\n\n\n<figure class=\"wp-block-gallery has-nested-images columns-default is-cropped wp-block-gallery-2 is-layout-flex wp-block-gallery-is-layout-flex\">\n<figure class=\"wp-block-image size-large\"><a href=\"https:\/\/medicina.udd.cl\/kinesiologia-santiago\/files\/2024\/08\/kine-ma-jesus-mena-en-congreso-mundial-en-dolor-4.jpeg\"><img loading=\"lazy\" decoding=\"async\" width=\"768\" height=\"1024\" data-id=\"6865\" src=\"https:\/\/medicina.udd.cl\/kinesiologia-santiago\/files\/2024\/08\/kine-ma-jesus-mena-en-congreso-mundial-en-dolor-4-768x1024.jpeg\" alt=\"\" class=\"wp-image-6865\" srcset=\"https:\/\/medicina.udd.cl\/kinesiologia-santiago\/files\/2024\/08\/kine-ma-jesus-mena-en-congreso-mundial-en-dolor-4-768x1024.jpeg 768w, https:\/\/medicina.udd.cl\/kinesiologia-santiago\/files\/2024\/08\/kine-ma-jesus-mena-en-congreso-mundial-en-dolor-4-225x300.jpeg 225w, https:\/\/medicina.udd.cl\/kinesiologia-santiago\/files\/2024\/08\/kine-ma-jesus-mena-en-congreso-mundial-en-dolor-4-1152x1536.jpeg 1152w, https:\/\/medicina.udd.cl\/kinesiologia-santiago\/files\/2024\/08\/kine-ma-jesus-mena-en-congreso-mundial-en-dolor-4.jpeg 1200w\" sizes=\"auto, (max-width: 768px) 100vw, 768px\" \/><\/a><\/figure>\n\n\n\n<figure class=\"wp-block-image size-large\"><a href=\"https:\/\/medicina.udd.cl\/kinesiologia-santiago\/files\/2024\/08\/kine-ma-jesus-mena-en-congreso-mundial-en-dolor-9.jpeg\"><img loading=\"lazy\" decoding=\"async\" width=\"768\" height=\"1024\" data-id=\"6870\" src=\"https:\/\/medicina.udd.cl\/kinesiologia-santiago\/files\/2024\/08\/kine-ma-jesus-mena-en-congreso-mundial-en-dolor-9-768x1024.jpeg\" alt=\"\" class=\"wp-image-6870\" srcset=\"https:\/\/medicina.udd.cl\/kinesiologia-santiago\/files\/2024\/08\/kine-ma-jesus-mena-en-congreso-mundial-en-dolor-9-768x1024.jpeg 768w, https:\/\/medicina.udd.cl\/kinesiologia-santiago\/files\/2024\/08\/kine-ma-jesus-mena-en-congreso-mundial-en-dolor-9-225x300.jpeg 225w, https:\/\/medicina.udd.cl\/kinesiologia-santiago\/files\/2024\/08\/kine-ma-jesus-mena-en-congreso-mundial-en-dolor-9-1152x1536.jpeg 1152w, https:\/\/medicina.udd.cl\/kinesiologia-santiago\/files\/2024\/08\/kine-ma-jesus-mena-en-congreso-mundial-en-dolor-9.jpeg 1200w\" sizes=\"auto, (max-width: 768px) 100vw, 768px\" \/><\/a><figcaption class=\"wp-element-caption\">Mena junto a Catherine Bushnell, presidenta de la IASP<\/figcaption><\/figure>\n\n\n\n<figure class=\"wp-block-image size-large\"><a href=\"https:\/\/medicina.udd.cl\/kinesiologia-santiago\/files\/2024\/08\/kine-ma-jesus-mena-en-congreso-mundial-en-dolor-6.jpeg\"><img loading=\"lazy\" decoding=\"async\" width=\"768\" height=\"1024\" data-id=\"6867\" src=\"https:\/\/medicina.udd.cl\/kinesiologia-santiago\/files\/2024\/08\/kine-ma-jesus-mena-en-congreso-mundial-en-dolor-6-768x1024.jpeg\" alt=\"\" class=\"wp-image-6867\" srcset=\"https:\/\/medicina.udd.cl\/kinesiologia-santiago\/files\/2024\/08\/kine-ma-jesus-mena-en-congreso-mundial-en-dolor-6-768x1024.jpeg 768w, https:\/\/medicina.udd.cl\/kinesiologia-santiago\/files\/2024\/08\/kine-ma-jesus-mena-en-congreso-mundial-en-dolor-6-225x300.jpeg 225w, https:\/\/medicina.udd.cl\/kinesiologia-santiago\/files\/2024\/08\/kine-ma-jesus-mena-en-congreso-mundial-en-dolor-6-1152x1536.jpeg 1152w, https:\/\/medicina.udd.cl\/kinesiologia-santiago\/files\/2024\/08\/kine-ma-jesus-mena-en-congreso-mundial-en-dolor-6.jpeg 1200w\" sizes=\"auto, (max-width: 768px) 100vw, 768px\" \/><\/a><figcaption class=\"wp-element-caption\">Mena con David Rice, presidente electo del SIG en Dolor m\u00fasculo-esquel\u00e9tico<\/figcaption><\/figure>\n\n\n\n<figure class=\"wp-block-image size-large\"><a href=\"https:\/\/medicina.udd.cl\/kinesiologia-santiago\/files\/2024\/08\/kine-ma-jesus-mena-en-congreso-mundial-en-dolor-3.jpeg\"><img loading=\"lazy\" decoding=\"async\" width=\"1024\" height=\"768\" data-id=\"6864\" src=\"https:\/\/medicina.udd.cl\/kinesiologia-santiago\/files\/2024\/08\/kine-ma-jesus-mena-en-congreso-mundial-en-dolor-3-1024x768.jpeg\" alt=\"\" class=\"wp-image-6864\" srcset=\"https:\/\/medicina.udd.cl\/kinesiologia-santiago\/files\/2024\/08\/kine-ma-jesus-mena-en-congreso-mundial-en-dolor-3-1024x768.jpeg 1024w, https:\/\/medicina.udd.cl\/kinesiologia-santiago\/files\/2024\/08\/kine-ma-jesus-mena-en-congreso-mundial-en-dolor-3-300x225.jpeg 300w, https:\/\/medicina.udd.cl\/kinesiologia-santiago\/files\/2024\/08\/kine-ma-jesus-mena-en-congreso-mundial-en-dolor-3-768x576.jpeg 768w, https:\/\/medicina.udd.cl\/kinesiologia-santiago\/files\/2024\/08\/kine-ma-jesus-mena-en-congreso-mundial-en-dolor-3.jpeg 1280w\" sizes=\"auto, (max-width: 1024px) 100vw, 1024px\" \/><\/a><\/figure>\n<\/figure>\n","protected":false},"excerpt":{"rendered":"<p>Entre los d\u00edas 5 y 9 de agosto del presente a\u00f1o, \u00c1msterdam, Pa\u00edses Bajos, fue sede del Congreso Mundial en Dolor (World Congress on Pain) organizado por la Asociaci\u00f3n Internacional para el Estudio del Dolor (IASP). En este prestigioso evento, la profesora Mar\u00eda Jes\u00fas Mena, docente de la carrera de Kinesiolog\u00eda y del Mag\u00edster en [&hellip;]<\/p>\n","protected":false},"author":9192219,"featured_media":6866,"comment_status":"closed","ping_status":"open","sticky":false,"template":"","format":"standard","meta":{"footnotes":""},"categories":[4],"tags":[],"class_list":["post-6861","post","type-post","status-publish","format-standard","has-post-thumbnail","hentry","category-noticias"],"yoast_head":"<!-- This site is optimized with the Yoast SEO plugin v26.9 - https:\/\/yoast.com\/product\/yoast-seo-wordpress\/ -->\n<title>Acad\u00e9mica de Kinesiolog\u00eda UDD present\u00f3 innovador trabajo de investigaci\u00f3n en Congreso Mundial en Dolor - Kinesiolog\u00eda<\/title>\n<meta name=\"robots\" content=\"index, follow, max-snippet:-1, max-image-preview:large, max-video-preview:-1\" \/>\n<link rel=\"canonical\" href=\"https:\/\/medicina.udd.cl\/kinesiologia-santiago\/noticias\/2024\/08\/14\/academica-de-kinesiologia-udd-presento-innovador-trabajo-de-investigacion-en-congreso-mundial-en-dolor\/\" \/>\n<meta property=\"og:locale\" content=\"es_ES\" \/>\n<meta property=\"og:type\" content=\"article\" \/>\n<meta property=\"og:title\" content=\"Acad\u00e9mica de Kinesiolog\u00eda UDD present\u00f3 innovador trabajo de investigaci\u00f3n en Congreso Mundial en Dolor - Kinesiolog\u00eda\" \/>\n<meta property=\"og:description\" content=\"Entre los d\u00edas 5 y 9 de agosto del presente a\u00f1o, \u00c1msterdam, Pa\u00edses Bajos, fue sede del Congreso Mundial en Dolor (World Congress on Pain) organizado por la Asociaci\u00f3n Internacional para el Estudio del Dolor (IASP). En este prestigioso evento, la profesora Mar\u00eda Jes\u00fas Mena, docente de la carrera de Kinesiolog\u00eda y del Mag\u00edster en [&hellip;]\" \/>\n<meta property=\"og:url\" content=\"https:\/\/medicina.udd.cl\/kinesiologia-santiago\/noticias\/2024\/08\/14\/academica-de-kinesiologia-udd-presento-innovador-trabajo-de-investigacion-en-congreso-mundial-en-dolor\/\" \/>\n<meta property=\"og:site_name\" content=\"Kinesiolog\u00eda\" \/>\n<meta property=\"article:published_time\" content=\"2024-08-14T17:06:33+00:00\" \/>\n<meta property=\"article:modified_time\" content=\"2024-08-14T20:55:55+00:00\" \/>\n<meta property=\"og:image\" content=\"https:\/\/medicina.udd.cl\/kinesiologia-santiago\/files\/2024\/08\/kine-ma-jesus-mena-en-congreso-mundial-en-dolor-5.jpeg\" \/>\n\t<meta property=\"og:image:width\" content=\"1600\" \/>\n\t<meta property=\"og:image:height\" content=\"1200\" \/>\n\t<meta property=\"og:image:type\" content=\"image\/jpeg\" \/>\n<meta name=\"author\" content=\"rbraidy\" \/>\n<meta name=\"twitter:label1\" content=\"Escrito por\" \/>\n\t<meta name=\"twitter:data1\" content=\"rbraidy\" \/>\n\t<meta name=\"twitter:label2\" content=\"Tiempo de lectura\" \/>\n\t<meta name=\"twitter:data2\" content=\"4 minutos\" \/>\n<script type=\"application\/ld+json\" class=\"yoast-schema-graph\">{\"@context\":\"https:\/\/schema.org\",\"@graph\":[{\"@type\":\"Article\",\"@id\":\"https:\/\/medicina.udd.cl\/kinesiologia-santiago\/noticias\/2024\/08\/14\/academica-de-kinesiologia-udd-presento-innovador-trabajo-de-investigacion-en-congreso-mundial-en-dolor\/#article\",\"isPartOf\":{\"@id\":\"https:\/\/medicina.udd.cl\/kinesiologia-santiago\/noticias\/2024\/08\/14\/academica-de-kinesiologia-udd-presento-innovador-trabajo-de-investigacion-en-congreso-mundial-en-dolor\/\"},\"author\":{\"name\":\"rbraidy\",\"@id\":\"https:\/\/medicina.udd.cl\/kinesiologia-santiago\/#\/schema\/person\/dbc3705bf3a93e8be1ba6de0ef950341\"},\"headline\":\"Acad\u00e9mica de Kinesiolog\u00eda UDD present\u00f3 innovador trabajo de investigaci\u00f3n en Congreso Mundial en Dolor\",\"datePublished\":\"2024-08-14T17:06:33+00:00\",\"dateModified\":\"2024-08-14T20:55:55+00:00\",\"mainEntityOfPage\":{\"@id\":\"https:\/\/medicina.udd.cl\/kinesiologia-santiago\/noticias\/2024\/08\/14\/academica-de-kinesiologia-udd-presento-innovador-trabajo-de-investigacion-en-congreso-mundial-en-dolor\/\"},\"wordCount\":562,\"image\":{\"@id\":\"https:\/\/medicina.udd.cl\/kinesiologia-santiago\/noticias\/2024\/08\/14\/academica-de-kinesiologia-udd-presento-innovador-trabajo-de-investigacion-en-congreso-mundial-en-dolor\/#primaryimage\"},\"thumbnailUrl\":\"https:\/\/medicina.udd.cl\/kinesiologia-santiago\/files\/2024\/08\/kine-ma-jesus-mena-en-congreso-mundial-en-dolor-5.jpeg\",\"articleSection\":[\"Noticias\"],\"inLanguage\":\"es\"},{\"@type\":\"WebPage\",\"@id\":\"https:\/\/medicina.udd.cl\/kinesiologia-santiago\/noticias\/2024\/08\/14\/academica-de-kinesiologia-udd-presento-innovador-trabajo-de-investigacion-en-congreso-mundial-en-dolor\/\",\"url\":\"https:\/\/medicina.udd.cl\/kinesiologia-santiago\/noticias\/2024\/08\/14\/academica-de-kinesiologia-udd-presento-innovador-trabajo-de-investigacion-en-congreso-mundial-en-dolor\/\",\"name\":\"Acad\u00e9mica de Kinesiolog\u00eda UDD present\u00f3 innovador trabajo de investigaci\u00f3n en Congreso Mundial en Dolor - Kinesiolog\u00eda\",\"isPartOf\":{\"@id\":\"https:\/\/medicina.udd.cl\/kinesiologia-santiago\/#website\"},\"primaryImageOfPage\":{\"@id\":\"https:\/\/medicina.udd.cl\/kinesiologia-santiago\/noticias\/2024\/08\/14\/academica-de-kinesiologia-udd-presento-innovador-trabajo-de-investigacion-en-congreso-mundial-en-dolor\/#primaryimage\"},\"image\":{\"@id\":\"https:\/\/medicina.udd.cl\/kinesiologia-santiago\/noticias\/2024\/08\/14\/academica-de-kinesiologia-udd-presento-innovador-trabajo-de-investigacion-en-congreso-mundial-en-dolor\/#primaryimage\"},\"thumbnailUrl\":\"https:\/\/medicina.udd.cl\/kinesiologia-santiago\/files\/2024\/08\/kine-ma-jesus-mena-en-congreso-mundial-en-dolor-5.jpeg\",\"datePublished\":\"2024-08-14T17:06:33+00:00\",\"dateModified\":\"2024-08-14T20:55:55+00:00\",\"author\":{\"@id\":\"https:\/\/medicina.udd.cl\/kinesiologia-santiago\/#\/schema\/person\/dbc3705bf3a93e8be1ba6de0ef950341\"},\"breadcrumb\":{\"@id\":\"https:\/\/medicina.udd.cl\/kinesiologia-santiago\/noticias\/2024\/08\/14\/academica-de-kinesiologia-udd-presento-innovador-trabajo-de-investigacion-en-congreso-mundial-en-dolor\/#breadcrumb\"},\"inLanguage\":\"es\",\"potentialAction\":[{\"@type\":\"ReadAction\",\"target\":[\"https:\/\/medicina.udd.cl\/kinesiologia-santiago\/noticias\/2024\/08\/14\/academica-de-kinesiologia-udd-presento-innovador-trabajo-de-investigacion-en-congreso-mundial-en-dolor\/\"]}]},{\"@type\":\"ImageObject\",\"inLanguage\":\"es\",\"@id\":\"https:\/\/medicina.udd.cl\/kinesiologia-santiago\/noticias\/2024\/08\/14\/academica-de-kinesiologia-udd-presento-innovador-trabajo-de-investigacion-en-congreso-mundial-en-dolor\/#primaryimage\",\"url\":\"https:\/\/medicina.udd.cl\/kinesiologia-santiago\/files\/2024\/08\/kine-ma-jesus-mena-en-congreso-mundial-en-dolor-5.jpeg\",\"contentUrl\":\"https:\/\/medicina.udd.cl\/kinesiologia-santiago\/files\/2024\/08\/kine-ma-jesus-mena-en-congreso-mundial-en-dolor-5.jpeg\",\"width\":1600,\"height\":1200},{\"@type\":\"BreadcrumbList\",\"@id\":\"https:\/\/medicina.udd.cl\/kinesiologia-santiago\/noticias\/2024\/08\/14\/academica-de-kinesiologia-udd-presento-innovador-trabajo-de-investigacion-en-congreso-mundial-en-dolor\/#breadcrumb\",\"itemListElement\":[{\"@type\":\"ListItem\",\"position\":1,\"name\":\"Home\",\"item\":\"https:\/\/medicina.udd.cl\/kinesiologia-santiago\/\"},{\"@type\":\"ListItem\",\"position\":2,\"name\":\"Acad\u00e9mica de Kinesiolog\u00eda UDD present\u00f3 innovador trabajo de investigaci\u00f3n en Congreso Mundial en Dolor\"}]},{\"@type\":\"WebSite\",\"@id\":\"https:\/\/medicina.udd.cl\/kinesiologia-santiago\/#website\",\"url\":\"https:\/\/medicina.udd.cl\/kinesiologia-santiago\/\",\"name\":\"Kinesiolog\u00eda\",\"description\":\"Facultad de Medicina Cl\u00ednica Alemana Universidad del Desarrollo\",\"inLanguage\":\"es\"},{\"@type\":\"Person\",\"@id\":\"https:\/\/medicina.udd.cl\/kinesiologia-santiago\/#\/schema\/person\/dbc3705bf3a93e8be1ba6de0ef950341\",\"name\":\"rbraidy\",\"image\":{\"@type\":\"ImageObject\",\"inLanguage\":\"es\",\"@id\":\"https:\/\/medicina.udd.cl\/kinesiologia-santiago\/#\/schema\/person\/image\/\",\"url\":\"https:\/\/secure.gravatar.com\/avatar\/0f8bc94637401590e45d2ce17eb65c274cb8870a219de6177f3f23e63fd8cdf3?s=96&d=mm&r=g\",\"contentUrl\":\"https:\/\/secure.gravatar.com\/avatar\/0f8bc94637401590e45d2ce17eb65c274cb8870a219de6177f3f23e63fd8cdf3?s=96&d=mm&r=g\",\"caption\":\"rbraidy\"},\"url\":\"https:\/\/medicina.udd.cl\/kinesiologia-santiago\/noticias\/author\/rbraidy\/\"}]}<\/script>\n<!-- \/ Yoast SEO plugin. -->","yoast_head_json":{"title":"Acad\u00e9mica de Kinesiolog\u00eda UDD present\u00f3 innovador trabajo de investigaci\u00f3n en Congreso Mundial en Dolor - Kinesiolog\u00eda","robots":{"index":"index","follow":"follow","max-snippet":"max-snippet:-1","max-image-preview":"max-image-preview:large","max-video-preview":"max-video-preview:-1"},"canonical":"https:\/\/medicina.udd.cl\/kinesiologia-santiago\/noticias\/2024\/08\/14\/academica-de-kinesiologia-udd-presento-innovador-trabajo-de-investigacion-en-congreso-mundial-en-dolor\/","og_locale":"es_ES","og_type":"article","og_title":"Acad\u00e9mica de Kinesiolog\u00eda UDD present\u00f3 innovador trabajo de investigaci\u00f3n en Congreso Mundial en Dolor - Kinesiolog\u00eda","og_description":"Entre los d\u00edas 5 y 9 de agosto del presente a\u00f1o, \u00c1msterdam, Pa\u00edses Bajos, fue sede del Congreso Mundial en Dolor (World Congress on Pain) organizado por la Asociaci\u00f3n Internacional para el Estudio del Dolor (IASP). En este prestigioso evento, la profesora Mar\u00eda Jes\u00fas Mena, docente de la carrera de Kinesiolog\u00eda y del Mag\u00edster en [&hellip;]","og_url":"https:\/\/medicina.udd.cl\/kinesiologia-santiago\/noticias\/2024\/08\/14\/academica-de-kinesiologia-udd-presento-innovador-trabajo-de-investigacion-en-congreso-mundial-en-dolor\/","og_site_name":"Kinesiolog\u00eda","article_published_time":"2024-08-14T17:06:33+00:00","article_modified_time":"2024-08-14T20:55:55+00:00","og_image":[{"width":1600,"height":1200,"url":"https:\/\/medicina.udd.cl\/kinesiologia-santiago\/files\/2024\/08\/kine-ma-jesus-mena-en-congreso-mundial-en-dolor-5.jpeg","type":"image\/jpeg"}],"author":"rbraidy","twitter_misc":{"Escrito por":"rbraidy","Tiempo de lectura":"4 minutos"},"schema":{"@context":"https:\/\/schema.org","@graph":[{"@type":"Article","@id":"https:\/\/medicina.udd.cl\/kinesiologia-santiago\/noticias\/2024\/08\/14\/academica-de-kinesiologia-udd-presento-innovador-trabajo-de-investigacion-en-congreso-mundial-en-dolor\/#article","isPartOf":{"@id":"https:\/\/medicina.udd.cl\/kinesiologia-santiago\/noticias\/2024\/08\/14\/academica-de-kinesiologia-udd-presento-innovador-trabajo-de-investigacion-en-congreso-mundial-en-dolor\/"},"author":{"name":"rbraidy","@id":"https:\/\/medicina.udd.cl\/kinesiologia-santiago\/#\/schema\/person\/dbc3705bf3a93e8be1ba6de0ef950341"},"headline":"Acad\u00e9mica de Kinesiolog\u00eda UDD present\u00f3 innovador trabajo de investigaci\u00f3n en Congreso Mundial en Dolor","datePublished":"2024-08-14T17:06:33+00:00","dateModified":"2024-08-14T20:55:55+00:00","mainEntityOfPage":{"@id":"https:\/\/medicina.udd.cl\/kinesiologia-santiago\/noticias\/2024\/08\/14\/academica-de-kinesiologia-udd-presento-innovador-trabajo-de-investigacion-en-congreso-mundial-en-dolor\/"},"wordCount":562,"image":{"@id":"https:\/\/medicina.udd.cl\/kinesiologia-santiago\/noticias\/2024\/08\/14\/academica-de-kinesiologia-udd-presento-innovador-trabajo-de-investigacion-en-congreso-mundial-en-dolor\/#primaryimage"},"thumbnailUrl":"https:\/\/medicina.udd.cl\/kinesiologia-santiago\/files\/2024\/08\/kine-ma-jesus-mena-en-congreso-mundial-en-dolor-5.jpeg","articleSection":["Noticias"],"inLanguage":"es"},{"@type":"WebPage","@id":"https:\/\/medicina.udd.cl\/kinesiologia-santiago\/noticias\/2024\/08\/14\/academica-de-kinesiologia-udd-presento-innovador-trabajo-de-investigacion-en-congreso-mundial-en-dolor\/","url":"https:\/\/medicina.udd.cl\/kinesiologia-santiago\/noticias\/2024\/08\/14\/academica-de-kinesiologia-udd-presento-innovador-trabajo-de-investigacion-en-congreso-mundial-en-dolor\/","name":"Acad\u00e9mica de Kinesiolog\u00eda UDD present\u00f3 innovador trabajo de investigaci\u00f3n en Congreso Mundial en Dolor - Kinesiolog\u00eda","isPartOf":{"@id":"https:\/\/medicina.udd.cl\/kinesiologia-santiago\/#website"},"primaryImageOfPage":{"@id":"https:\/\/medicina.udd.cl\/kinesiologia-santiago\/noticias\/2024\/08\/14\/academica-de-kinesiologia-udd-presento-innovador-trabajo-de-investigacion-en-congreso-mundial-en-dolor\/#primaryimage"},"image":{"@id":"https:\/\/medicina.udd.cl\/kinesiologia-santiago\/noticias\/2024\/08\/14\/academica-de-kinesiologia-udd-presento-innovador-trabajo-de-investigacion-en-congreso-mundial-en-dolor\/#primaryimage"},"thumbnailUrl":"https:\/\/medicina.udd.cl\/kinesiologia-santiago\/files\/2024\/08\/kine-ma-jesus-mena-en-congreso-mundial-en-dolor-5.jpeg","datePublished":"2024-08-14T17:06:33+00:00","dateModified":"2024-08-14T20:55:55+00:00","author":{"@id":"https:\/\/medicina.udd.cl\/kinesiologia-santiago\/#\/schema\/person\/dbc3705bf3a93e8be1ba6de0ef950341"},"breadcrumb":{"@id":"https:\/\/medicina.udd.cl\/kinesiologia-santiago\/noticias\/2024\/08\/14\/academica-de-kinesiologia-udd-presento-innovador-trabajo-de-investigacion-en-congreso-mundial-en-dolor\/#breadcrumb"},"inLanguage":"es","potentialAction":[{"@type":"ReadAction","target":["https:\/\/medicina.udd.cl\/kinesiologia-santiago\/noticias\/2024\/08\/14\/academica-de-kinesiologia-udd-presento-innovador-trabajo-de-investigacion-en-congreso-mundial-en-dolor\/"]}]},{"@type":"ImageObject","inLanguage":"es","@id":"https:\/\/medicina.udd.cl\/kinesiologia-santiago\/noticias\/2024\/08\/14\/academica-de-kinesiologia-udd-presento-innovador-trabajo-de-investigacion-en-congreso-mundial-en-dolor\/#primaryimage","url":"https:\/\/medicina.udd.cl\/kinesiologia-santiago\/files\/2024\/08\/kine-ma-jesus-mena-en-congreso-mundial-en-dolor-5.jpeg","contentUrl":"https:\/\/medicina.udd.cl\/kinesiologia-santiago\/files\/2024\/08\/kine-ma-jesus-mena-en-congreso-mundial-en-dolor-5.jpeg","width":1600,"height":1200},{"@type":"BreadcrumbList","@id":"https:\/\/medicina.udd.cl\/kinesiologia-santiago\/noticias\/2024\/08\/14\/academica-de-kinesiologia-udd-presento-innovador-trabajo-de-investigacion-en-congreso-mundial-en-dolor\/#breadcrumb","itemListElement":[{"@type":"ListItem","position":1,"name":"Home","item":"https:\/\/medicina.udd.cl\/kinesiologia-santiago\/"},{"@type":"ListItem","position":2,"name":"Acad\u00e9mica de Kinesiolog\u00eda UDD present\u00f3 innovador trabajo de investigaci\u00f3n en Congreso Mundial en Dolor"}]},{"@type":"WebSite","@id":"https:\/\/medicina.udd.cl\/kinesiologia-santiago\/#website","url":"https:\/\/medicina.udd.cl\/kinesiologia-santiago\/","name":"Kinesiolog\u00eda","description":"Facultad de Medicina Cl\u00ednica Alemana Universidad del Desarrollo","inLanguage":"es"},{"@type":"Person","@id":"https:\/\/medicina.udd.cl\/kinesiologia-santiago\/#\/schema\/person\/dbc3705bf3a93e8be1ba6de0ef950341","name":"rbraidy","image":{"@type":"ImageObject","inLanguage":"es","@id":"https:\/\/medicina.udd.cl\/kinesiologia-santiago\/#\/schema\/person\/image\/","url":"https:\/\/secure.gravatar.com\/avatar\/0f8bc94637401590e45d2ce17eb65c274cb8870a219de6177f3f23e63fd8cdf3?s=96&d=mm&r=g","contentUrl":"https:\/\/secure.gravatar.com\/avatar\/0f8bc94637401590e45d2ce17eb65c274cb8870a219de6177f3f23e63fd8cdf3?s=96&d=mm&r=g","caption":"rbraidy"},"url":"https:\/\/medicina.udd.cl\/kinesiologia-santiago\/noticias\/author\/rbraidy\/"}]}},"featured_image_url":"https:\/\/medicina.udd.cl\/kinesiologia-santiago\/files\/2024\/08\/kine-ma-jesus-mena-en-congreso-mundial-en-dolor-5.jpeg","_links":{"self":[{"href":"https:\/\/medicina.udd.cl\/kinesiologia-santiago\/wp-json\/wp\/v2\/posts\/6861","targetHints":{"allow":["GET"]}}],"collection":[{"href":"https:\/\/medicina.udd.cl\/kinesiologia-santiago\/wp-json\/wp\/v2\/posts"}],"about":[{"href":"https:\/\/medicina.udd.cl\/kinesiologia-santiago\/wp-json\/wp\/v2\/types\/post"}],"author":[{"embeddable":true,"href":"https:\/\/medicina.udd.cl\/kinesiologia-santiago\/wp-json\/wp\/v2\/users\/9192219"}],"replies":[{"embeddable":true,"href":"https:\/\/medicina.udd.cl\/kinesiologia-santiago\/wp-json\/wp\/v2\/comments?post=6861"}],"version-history":[{"count":3,"href":"https:\/\/medicina.udd.cl\/kinesiologia-santiago\/wp-json\/wp\/v2\/posts\/6861\/revisions"}],"predecessor-version":[{"id":6873,"href":"https:\/\/medicina.udd.cl\/kinesiologia-santiago\/wp-json\/wp\/v2\/posts\/6861\/revisions\/6873"}],"wp:featuredmedia":[{"embeddable":true,"href":"https:\/\/medicina.udd.cl\/kinesiologia-santiago\/wp-json\/wp\/v2\/media\/6866"}],"wp:attachment":[{"href":"https:\/\/medicina.udd.cl\/kinesiologia-santiago\/wp-json\/wp\/v2\/media?parent=6861"}],"wp:term":[{"taxonomy":"category","embeddable":true,"href":"https:\/\/medicina.udd.cl\/kinesiologia-santiago\/wp-json\/wp\/v2\/categories?post=6861"},{"taxonomy":"post_tag","embeddable":true,"href":"https:\/\/medicina.udd.cl\/kinesiologia-santiago\/wp-json\/wp\/v2\/tags?post=6861"}],"curies":[{"name":"wp","href":"https:\/\/api.w.org\/{rel}","templated":true}]}}