{"id":6939,"date":"2024-12-11T13:28:05","date_gmt":"2024-12-11T16:28:05","guid":{"rendered":"https:\/\/medicina.udd.cl\/kinesiologia-santiago\/?p=6939"},"modified":"2024-12-11T13:28:07","modified_gmt":"2024-12-11T16:28:07","slug":"primera-feria-cientifica-de-biofisica-aplicada-al-movimiento-innovacion-y-aprendizaje-integral-en-kinesiologia-udd","status":"publish","type":"post","link":"https:\/\/medicina.udd.cl\/kinesiologia-santiago\/noticias\/2024\/12\/11\/primera-feria-cientifica-de-biofisica-aplicada-al-movimiento-innovacion-y-aprendizaje-integral-en-kinesiologia-udd\/","title":{"rendered":"Primera Feria Cient\u00edfica de Biof\u00edsica Aplicada al Movimiento: Innovaci\u00f3n y Aprendizaje Integral en Kinesiolog\u00eda UDD"},"content":{"rendered":"\n<figure class=\"wp-block-gallery has-nested-images columns-default is-cropped wp-block-gallery-1 is-layout-flex wp-block-gallery-is-layout-flex\">\n<figure class=\"wp-block-image size-large\"><a href=\"https:\/\/medicina.udd.cl\/kinesiologia-santiago\/files\/2024\/12\/kine-feria-cientifica-biofisica-movimiento-14-scaled.jpg\"><img loading=\"lazy\" decoding=\"async\" width=\"576\" height=\"1024\" data-id=\"6953\" src=\"https:\/\/medicina.udd.cl\/kinesiologia-santiago\/files\/2024\/12\/kine-feria-cientifica-biofisica-movimiento-14-576x1024.jpg\" alt=\"\" class=\"wp-image-6953\" srcset=\"https:\/\/medicina.udd.cl\/kinesiologia-santiago\/files\/2024\/12\/kine-feria-cientifica-biofisica-movimiento-14-576x1024.jpg 576w, https:\/\/medicina.udd.cl\/kinesiologia-santiago\/files\/2024\/12\/kine-feria-cientifica-biofisica-movimiento-14-169x300.jpg 169w, https:\/\/medicina.udd.cl\/kinesiologia-santiago\/files\/2024\/12\/kine-feria-cientifica-biofisica-movimiento-14-768x1365.jpg 768w, https:\/\/medicina.udd.cl\/kinesiologia-santiago\/files\/2024\/12\/kine-feria-cientifica-biofisica-movimiento-14-864x1536.jpg 864w, https:\/\/medicina.udd.cl\/kinesiologia-santiago\/files\/2024\/12\/kine-feria-cientifica-biofisica-movimiento-14-1152x2048.jpg 1152w, https:\/\/medicina.udd.cl\/kinesiologia-santiago\/files\/2024\/12\/kine-feria-cientifica-biofisica-movimiento-14-scaled.jpg 1440w\" sizes=\"auto, (max-width: 576px) 100vw, 576px\" \/><\/a><\/figure>\n\n\n\n<figure class=\"wp-block-image size-large\"><a href=\"https:\/\/medicina.udd.cl\/kinesiologia-santiago\/files\/2024\/12\/kine-feria-cientifica-biofisica-movimiento-15-scaled.jpg\"><img loading=\"lazy\" decoding=\"async\" width=\"576\" height=\"1024\" data-id=\"6954\" src=\"https:\/\/medicina.udd.cl\/kinesiologia-santiago\/files\/2024\/12\/kine-feria-cientifica-biofisica-movimiento-15-576x1024.jpg\" alt=\"\" class=\"wp-image-6954\" srcset=\"https:\/\/medicina.udd.cl\/kinesiologia-santiago\/files\/2024\/12\/kine-feria-cientifica-biofisica-movimiento-15-576x1024.jpg 576w, https:\/\/medicina.udd.cl\/kinesiologia-santiago\/files\/2024\/12\/kine-feria-cientifica-biofisica-movimiento-15-169x300.jpg 169w, https:\/\/medicina.udd.cl\/kinesiologia-santiago\/files\/2024\/12\/kine-feria-cientifica-biofisica-movimiento-15-768x1365.jpg 768w, https:\/\/medicina.udd.cl\/kinesiologia-santiago\/files\/2024\/12\/kine-feria-cientifica-biofisica-movimiento-15-864x1536.jpg 864w, https:\/\/medicina.udd.cl\/kinesiologia-santiago\/files\/2024\/12\/kine-feria-cientifica-biofisica-movimiento-15-1152x2048.jpg 1152w, https:\/\/medicina.udd.cl\/kinesiologia-santiago\/files\/2024\/12\/kine-feria-cientifica-biofisica-movimiento-15-scaled.jpg 1440w\" sizes=\"auto, (max-width: 576px) 100vw, 576px\" \/><\/a><\/figure>\n\n\n\n<figure class=\"wp-block-image size-large\"><a href=\"https:\/\/medicina.udd.cl\/kinesiologia-santiago\/files\/2024\/12\/kine-feria-cientifica-biofisica-movimiento-23-scaled.jpg\"><img loading=\"lazy\" decoding=\"async\" width=\"576\" height=\"1024\" data-id=\"6962\" src=\"https:\/\/medicina.udd.cl\/kinesiologia-santiago\/files\/2024\/12\/kine-feria-cientifica-biofisica-movimiento-23-576x1024.jpg\" alt=\"\" class=\"wp-image-6962\" srcset=\"https:\/\/medicina.udd.cl\/kinesiologia-santiago\/files\/2024\/12\/kine-feria-cientifica-biofisica-movimiento-23-576x1024.jpg 576w, https:\/\/medicina.udd.cl\/kinesiologia-santiago\/files\/2024\/12\/kine-feria-cientifica-biofisica-movimiento-23-169x300.jpg 169w, https:\/\/medicina.udd.cl\/kinesiologia-santiago\/files\/2024\/12\/kine-feria-cientifica-biofisica-movimiento-23-768x1365.jpg 768w, https:\/\/medicina.udd.cl\/kinesiologia-santiago\/files\/2024\/12\/kine-feria-cientifica-biofisica-movimiento-23-864x1536.jpg 864w, https:\/\/medicina.udd.cl\/kinesiologia-santiago\/files\/2024\/12\/kine-feria-cientifica-biofisica-movimiento-23-1152x2048.jpg 1152w, https:\/\/medicina.udd.cl\/kinesiologia-santiago\/files\/2024\/12\/kine-feria-cientifica-biofisica-movimiento-23-scaled.jpg 1440w\" sizes=\"auto, (max-width: 576px) 100vw, 576px\" \/><\/a><\/figure>\n<\/figure>\n\n\n\n<p>La carrera de Kinesiolog\u00eda de la Facultad de Medicina Cl\u00ednica Alemana Universidad del Desarrollo (UDD), llev\u00f3 a cabo la <strong>1<sup>ra<\/sup> Feria Cient\u00edfica de Biof\u00edsica Aplicada al Movimiento<\/strong>, un evento acad\u00e9mico que marc\u00f3 un hito en la formaci\u00f3n de los estudiantes de primer a\u00f1o de la carrera. La actividad, organizada en el marco de la asignatura \u00abBiof\u00edsica Aplicada al Movimiento\u00bb, coordinada por el <strong>profesor Gustavo Castro<\/strong>, reuni\u00f3 a m\u00e1s de <strong>60 estudiantes<\/strong>, quienes presentaron proyectos en formato p\u00f3ster y experimentos en vivo, demostrando c\u00f3mo la integraci\u00f3n de la matem\u00e1tica y las ciencias b\u00e1sicas, tales como la biolog\u00eda, la f\u00edsica y la qu\u00edmica resultan clave para la comprensi\u00f3n de fen\u00f3menos y casos cl\u00ednicos relevantes para el ejercicio de la profesi\u00f3n.<\/p>\n\n\n\n<p><strong>La relevancia del aprendizaje interdisciplinario<\/strong><\/p>\n\n\n\n<p>El profesor Castro se\u00f1al\u00f3 que, la feria cient\u00edfica destac\u00f3 como una plataforma para que las y los estudiantes aplicaran conceptos fundamentales de <strong>din\u00e1mica rotacional, propiedades mec\u00e1nicas de materiales el\u00e1sticos, hidrodin\u00e1mica, electricidad celular, termodin\u00e1mica, ondas y electromagnetismo<\/strong>; a trav\u00e9s de experimentos pr\u00e1cticos que fueron creados, dise\u00f1ados y fundamentados te\u00f3rica y emp\u00edricamente por los propios estudiantes y que fueron cuidadosamente dise\u00f1ados durante el transcurso del semestre, a trav\u00e9s de diferentes sesiones de retroalimentaci\u00f3n individual y colectiva durante las sesiones pr\u00e1cticas de la asignatura. A su juicio, este enfoque no solo refuerza el aprendizaje te\u00f3rico, sino que tambi\u00e9n aporta a su <strong>capital cultural cient\u00edfico<\/strong>, permiti\u00e9ndoles conectar el conocimiento disciplinar con su aplicaci\u00f3n en escenarios cl\u00ednicos; logrando integrar diversos tipos de conocimientos a nivel inter y transdisciplinar, durante su primer a\u00f1o de formaci\u00f3n de pregrado.<\/p>\n\n\n\n<p>En esta l\u00ednea, el profesor<strong> Dr. Danny Avello<\/strong>, coordinador de F\u00edsica y Matem\u00e1ticas de la Facultad de Medicina, subray\u00f3 el profundo impacto que tienen actividades como la Feria Cient\u00edfica de Biof\u00edsica Aplicada al Movimiento en el aprendizaje de las y los estudiantes. Seg\u00fan explic\u00f3, <em>\u201cestas instancias superan las clases tradicionales \u201cde pizarra\u201d, donde los estudiantes suelen limitarse a escuchar y reproducir lo que se les ense\u00f1a. Por el contrario, las actividades pr\u00e1cticas permiten un aprendizaje m\u00e1s din\u00e1mico y significativo. En el laboratorio, aunque los estudiantes no sepan algo, comienzan a indagar, buscar manuales y seleccionar informaci\u00f3n. Ese proceso activo de aprendizaje es invaluable, al igual que los aprendizajes motores que logran al armar cosas con sus manos\u00bb<\/em>, se\u00f1al\u00f3 el Dr. Avello, destacando la importancia de este enfoque pr\u00e1ctico.<\/p>\n\n\n\n<figure class=\"wp-block-gallery has-nested-images columns-default is-cropped wp-block-gallery-2 is-layout-flex wp-block-gallery-is-layout-flex\">\n<figure class=\"wp-block-image size-large\"><a href=\"https:\/\/medicina.udd.cl\/kinesiologia-santiago\/files\/2024\/12\/kine-feria-cientifica-biofisica-movimiento-26-scaled.jpg\"><img loading=\"lazy\" decoding=\"async\" width=\"576\" height=\"1024\" data-id=\"6965\" src=\"https:\/\/medicina.udd.cl\/kinesiologia-santiago\/files\/2024\/12\/kine-feria-cientifica-biofisica-movimiento-26-576x1024.jpg\" alt=\"\" class=\"wp-image-6965\" srcset=\"https:\/\/medicina.udd.cl\/kinesiologia-santiago\/files\/2024\/12\/kine-feria-cientifica-biofisica-movimiento-26-576x1024.jpg 576w, https:\/\/medicina.udd.cl\/kinesiologia-santiago\/files\/2024\/12\/kine-feria-cientifica-biofisica-movimiento-26-169x300.jpg 169w, https:\/\/medicina.udd.cl\/kinesiologia-santiago\/files\/2024\/12\/kine-feria-cientifica-biofisica-movimiento-26-768x1365.jpg 768w, https:\/\/medicina.udd.cl\/kinesiologia-santiago\/files\/2024\/12\/kine-feria-cientifica-biofisica-movimiento-26-864x1536.jpg 864w, https:\/\/medicina.udd.cl\/kinesiologia-santiago\/files\/2024\/12\/kine-feria-cientifica-biofisica-movimiento-26-1152x2048.jpg 1152w, https:\/\/medicina.udd.cl\/kinesiologia-santiago\/files\/2024\/12\/kine-feria-cientifica-biofisica-movimiento-26-scaled.jpg 1440w\" sizes=\"auto, (max-width: 576px) 100vw, 576px\" \/><\/a><\/figure>\n\n\n\n<figure class=\"wp-block-image size-large\"><a href=\"https:\/\/medicina.udd.cl\/kinesiologia-santiago\/files\/2024\/12\/kine-feria-cientifica-biofisica-movimiento-27-scaled.jpg\"><img loading=\"lazy\" decoding=\"async\" width=\"576\" height=\"1024\" data-id=\"6966\" src=\"https:\/\/medicina.udd.cl\/kinesiologia-santiago\/files\/2024\/12\/kine-feria-cientifica-biofisica-movimiento-27-576x1024.jpg\" alt=\"\" class=\"wp-image-6966\" srcset=\"https:\/\/medicina.udd.cl\/kinesiologia-santiago\/files\/2024\/12\/kine-feria-cientifica-biofisica-movimiento-27-576x1024.jpg 576w, https:\/\/medicina.udd.cl\/kinesiologia-santiago\/files\/2024\/12\/kine-feria-cientifica-biofisica-movimiento-27-169x300.jpg 169w, https:\/\/medicina.udd.cl\/kinesiologia-santiago\/files\/2024\/12\/kine-feria-cientifica-biofisica-movimiento-27-768x1365.jpg 768w, https:\/\/medicina.udd.cl\/kinesiologia-santiago\/files\/2024\/12\/kine-feria-cientifica-biofisica-movimiento-27-864x1536.jpg 864w, https:\/\/medicina.udd.cl\/kinesiologia-santiago\/files\/2024\/12\/kine-feria-cientifica-biofisica-movimiento-27-1152x2048.jpg 1152w, https:\/\/medicina.udd.cl\/kinesiologia-santiago\/files\/2024\/12\/kine-feria-cientifica-biofisica-movimiento-27-scaled.jpg 1440w\" sizes=\"auto, (max-width: 576px) 100vw, 576px\" \/><\/a><\/figure>\n\n\n\n<figure class=\"wp-block-image size-large\"><a href=\"https:\/\/medicina.udd.cl\/kinesiologia-santiago\/files\/2024\/12\/kine-feria-cientifica-biofisica-movimiento-24-scaled.jpg\"><img loading=\"lazy\" decoding=\"async\" width=\"576\" height=\"1024\" data-id=\"6963\" src=\"https:\/\/medicina.udd.cl\/kinesiologia-santiago\/files\/2024\/12\/kine-feria-cientifica-biofisica-movimiento-24-576x1024.jpg\" alt=\"\" class=\"wp-image-6963\" srcset=\"https:\/\/medicina.udd.cl\/kinesiologia-santiago\/files\/2024\/12\/kine-feria-cientifica-biofisica-movimiento-24-576x1024.jpg 576w, https:\/\/medicina.udd.cl\/kinesiologia-santiago\/files\/2024\/12\/kine-feria-cientifica-biofisica-movimiento-24-169x300.jpg 169w, https:\/\/medicina.udd.cl\/kinesiologia-santiago\/files\/2024\/12\/kine-feria-cientifica-biofisica-movimiento-24-768x1365.jpg 768w, https:\/\/medicina.udd.cl\/kinesiologia-santiago\/files\/2024\/12\/kine-feria-cientifica-biofisica-movimiento-24-864x1536.jpg 864w, https:\/\/medicina.udd.cl\/kinesiologia-santiago\/files\/2024\/12\/kine-feria-cientifica-biofisica-movimiento-24-1152x2048.jpg 1152w, https:\/\/medicina.udd.cl\/kinesiologia-santiago\/files\/2024\/12\/kine-feria-cientifica-biofisica-movimiento-24-scaled.jpg 1440w\" sizes=\"auto, (max-width: 576px) 100vw, 576px\" \/><\/a><\/figure>\n<\/figure>\n\n\n\n<p>Asimismo, el<strong> Klgo. Ra\u00fal Ahumada<\/strong>, coordinador acad\u00e9mico de Kinesiolog\u00eda UDD, resalt\u00f3 el valor educativo de la actividad, subrayando c\u00f3mo este tipo de instancias transforman conceptos abstractos en experiencias concretas.<\/p>\n\n\n\n<p><em>\u00abDesde la teor\u00eda de la educaci\u00f3n, estas actividades permiten que los estudiantes vivan una situaci\u00f3n de aprendizaje donde est\u00e1n expuestos todos sus sentidos, lo que la hace m\u00e1s significativa\u00bb, se\u00f1al\u00f3. Ahumada destac\u00f3 que, al involucrar diferentes estilos de aprendizaje, los estudiantes logran <strong>recordar estas experiencias a lo largo del tiempo<\/strong>, favoreciendo su integraci\u00f3n en etapas avanzadas de su formaci\u00f3n profesional. \u00abEstas experiencias no solo impactan en el momento, sino que tienen una repercusi\u00f3n duradera en el proceso formativo, dejando una huella en su aprendizaje profesional\u00bb<\/em>, concluy\u00f3 el acad\u00e9mico.<\/p>\n\n\n\n<p><strong>La voz de los estudiantes<\/strong><\/p>\n\n\n\n<p>Para <strong>Paul Fereira<\/strong>, estudiante de primer a\u00f1o de Kinesiolog\u00eda UDD, la feria cient\u00edfica del curso de Biof\u00edsica Aplicada al Movimiento represent\u00f3 una oportunidad <strong>clave para integrar conocimientos te\u00f3ricos y pr\u00e1cticos<\/strong> esenciales para su futura profesi\u00f3n. Destac\u00f3 c\u00f3mo la actividad permiti\u00f3 <strong>aplicar conceptos f\u00edsico-matem\u00e1ticos<\/strong> a situaciones reales de la pr\u00e1ctica kin\u00e9sica, como el <strong>funcionamiento de m\u00fasculos estabilizadores y movilizadores<\/strong> en relaci\u00f3n con el brazo de palanca, un tema que conect\u00f3 directamente con los aprendizajes del curso de Anatom\u00eda Funcional. En este sentido, valor\u00f3 especialmente la retroalimentaci\u00f3n de la profesora <strong>Mar\u00eda Jes\u00fas Mena<\/strong>, quien, a trav\u00e9s de preguntas desafiantes, lo llev\u00f3 a reflexionar sobre c\u00f3mo estas disciplinas se complementan para comprender fen\u00f3menos relacionados con el movimiento del cuerpo humano.<\/p>\n\n\n\n<p>Adem\u00e1s, Paul subray\u00f3 la <strong>importancia de las retroalimentaciones continuas<\/strong> de los acad\u00e9micos durante la feria, que le permitieron una <strong>mejora progresiva en sus presentaciones<\/strong>. Esta experiencia fortaleci\u00f3 no solo su aprendizaje t\u00e9cnico, sino tambi\u00e9n su habilidad para comunicar ideas, trabajar en equipo y analizar cr\u00edticamente su desempe\u00f1o.<\/p>\n\n\n\n<p>Para <strong>Lucas Escalona<\/strong>, estudiante de primer a\u00f1o de Kinesiolog\u00eda UDD, la <strong>Feria de Biof\u00edsica Aplicada al Movimiento (BAM)<\/strong> fue una experiencia especialmente significativa. No solo le brind\u00f3 la oportunidad de <strong>exponer libremente sobre su proyecto<\/strong>, sino que tambi\u00e9n le permiti\u00f3 <strong>conocer a profesores y compa\u00f1eros de a\u00f1os superiores<\/strong>, lo que enriqueci\u00f3 su aprendizaje mediante las valiosas <strong>retroalimentaciones recibidas<\/strong>.<\/p>\n\n\n\n<p>El estudiante, destac\u00f3 que la feria le ayud\u00f3 a <strong>reflexionar sobre sus propias habilidades de presentaci\u00f3n<\/strong> y a <strong>visualizar c\u00f3mo las competencias adquiridas hasta ahora<\/strong> ser\u00e1n fundamentales para su desarrollo profesional en el futuro. Sin duda, la feria le permiti\u00f3 ver de manera clara la <strong>relevancia de lo aprendido en el primer a\u00f1o<\/strong> y c\u00f3mo esto se proyecta hacia su futura carrera.<\/p>\n\n\n\n<figure class=\"wp-block-gallery has-nested-images columns-default is-cropped wp-block-gallery-3 is-layout-flex wp-block-gallery-is-layout-flex\">\n<figure class=\"wp-block-image size-large\"><a href=\"https:\/\/medicina.udd.cl\/kinesiologia-santiago\/files\/2024\/12\/kine-feria-cientifica-biofisica-movimiento-21-scaled.jpg\"><img loading=\"lazy\" decoding=\"async\" width=\"576\" height=\"1024\" data-id=\"6960\" src=\"https:\/\/medicina.udd.cl\/kinesiologia-santiago\/files\/2024\/12\/kine-feria-cientifica-biofisica-movimiento-21-576x1024.jpg\" alt=\"\" class=\"wp-image-6960\" srcset=\"https:\/\/medicina.udd.cl\/kinesiologia-santiago\/files\/2024\/12\/kine-feria-cientifica-biofisica-movimiento-21-576x1024.jpg 576w, https:\/\/medicina.udd.cl\/kinesiologia-santiago\/files\/2024\/12\/kine-feria-cientifica-biofisica-movimiento-21-169x300.jpg 169w, https:\/\/medicina.udd.cl\/kinesiologia-santiago\/files\/2024\/12\/kine-feria-cientifica-biofisica-movimiento-21-768x1365.jpg 768w, https:\/\/medicina.udd.cl\/kinesiologia-santiago\/files\/2024\/12\/kine-feria-cientifica-biofisica-movimiento-21-864x1536.jpg 864w, https:\/\/medicina.udd.cl\/kinesiologia-santiago\/files\/2024\/12\/kine-feria-cientifica-biofisica-movimiento-21-1152x2048.jpg 1152w, https:\/\/medicina.udd.cl\/kinesiologia-santiago\/files\/2024\/12\/kine-feria-cientifica-biofisica-movimiento-21-scaled.jpg 1440w\" sizes=\"auto, (max-width: 576px) 100vw, 576px\" \/><\/a><\/figure>\n\n\n\n<figure class=\"wp-block-image size-large\"><a href=\"https:\/\/medicina.udd.cl\/kinesiologia-santiago\/files\/2024\/12\/kine-feria-cientifica-biofisica-movimiento-20-scaled.jpg\"><img loading=\"lazy\" decoding=\"async\" width=\"576\" height=\"1024\" data-id=\"6959\" src=\"https:\/\/medicina.udd.cl\/kinesiologia-santiago\/files\/2024\/12\/kine-feria-cientifica-biofisica-movimiento-20-576x1024.jpg\" alt=\"\" class=\"wp-image-6959\" srcset=\"https:\/\/medicina.udd.cl\/kinesiologia-santiago\/files\/2024\/12\/kine-feria-cientifica-biofisica-movimiento-20-576x1024.jpg 576w, https:\/\/medicina.udd.cl\/kinesiologia-santiago\/files\/2024\/12\/kine-feria-cientifica-biofisica-movimiento-20-169x300.jpg 169w, https:\/\/medicina.udd.cl\/kinesiologia-santiago\/files\/2024\/12\/kine-feria-cientifica-biofisica-movimiento-20-768x1365.jpg 768w, https:\/\/medicina.udd.cl\/kinesiologia-santiago\/files\/2024\/12\/kine-feria-cientifica-biofisica-movimiento-20-864x1536.jpg 864w, https:\/\/medicina.udd.cl\/kinesiologia-santiago\/files\/2024\/12\/kine-feria-cientifica-biofisica-movimiento-20-1152x2048.jpg 1152w, https:\/\/medicina.udd.cl\/kinesiologia-santiago\/files\/2024\/12\/kine-feria-cientifica-biofisica-movimiento-20-scaled.jpg 1440w\" sizes=\"auto, (max-width: 576px) 100vw, 576px\" \/><\/a><\/figure>\n\n\n\n<figure class=\"wp-block-image size-large\"><a href=\"https:\/\/medicina.udd.cl\/kinesiologia-santiago\/files\/2024\/12\/kine-feria-cientifica-biofisica-movimiento-2-scaled.jpg\"><img loading=\"lazy\" decoding=\"async\" width=\"576\" height=\"1024\" data-id=\"6941\" src=\"https:\/\/medicina.udd.cl\/kinesiologia-santiago\/files\/2024\/12\/kine-feria-cientifica-biofisica-movimiento-2-576x1024.jpg\" alt=\"\" class=\"wp-image-6941\" srcset=\"https:\/\/medicina.udd.cl\/kinesiologia-santiago\/files\/2024\/12\/kine-feria-cientifica-biofisica-movimiento-2-576x1024.jpg 576w, https:\/\/medicina.udd.cl\/kinesiologia-santiago\/files\/2024\/12\/kine-feria-cientifica-biofisica-movimiento-2-169x300.jpg 169w, https:\/\/medicina.udd.cl\/kinesiologia-santiago\/files\/2024\/12\/kine-feria-cientifica-biofisica-movimiento-2-768x1365.jpg 768w, https:\/\/medicina.udd.cl\/kinesiologia-santiago\/files\/2024\/12\/kine-feria-cientifica-biofisica-movimiento-2-864x1536.jpg 864w, https:\/\/medicina.udd.cl\/kinesiologia-santiago\/files\/2024\/12\/kine-feria-cientifica-biofisica-movimiento-2-1152x2048.jpg 1152w, https:\/\/medicina.udd.cl\/kinesiologia-santiago\/files\/2024\/12\/kine-feria-cientifica-biofisica-movimiento-2-scaled.jpg 1440w\" sizes=\"auto, (max-width: 576px) 100vw, 576px\" \/><\/a><\/figure>\n<\/figure>\n\n\n\n<p>Por su parte, el <strong>director de la carrera de Kinesiolog\u00eda UDD<\/strong>, Klgo. Jorge Molina, destac\u00f3 la feria cient\u00edfica como una experiencia \u00abnotable\u00bb, se\u00f1alando su capacidad para integrar conocimientos de diversas asignaturas en aplicaciones pr\u00e1cticas para la Kinesiolog\u00eda. Seg\u00fan el acad\u00e9mico, la actividad permite que conceptos complejos como flujo, torque, palanca y roce sean llevados a la pr\u00e1ctica cl\u00ednica cotidiana, ayudando a comprender patolog\u00edas y el uso de herramientas desde un enfoque m\u00e9dico.<\/p>\n\n\n\n<p>Adem\u00e1s, Molina subray\u00f3 la importancia del uso de did\u00e1cticas innovadoras, que no solo fortalecen el aprendizaje t\u00e9cnico, sino que tambi\u00e9n preparan a los estudiantes para dise\u00f1ar, elaborar y presentar proyectos, fomentando habilidades clave como el trabajo en equipo y la organizaci\u00f3n. \u00abCon estas experiencias, los estudiantes tambi\u00e9n aprenden a valorar su propio trabajo y el de sus compa\u00f1eros, lo que es esencial para su desarrollo profesional y humano\u00bb, concluy\u00f3 el profesor al felicitar a los participantes por el esfuerzo y la calidad de sus presentaciones. <\/p>\n\n\n\n<p>La <strong>1ra Feria Cient\u00edfica de Biof\u00edsica Aplicada al Movimiento<\/strong> demostr\u00f3 que actividades de este tipo son fundamentales para formar profesionales de la salud comprometidos, con un s\u00f3lido conocimiento cient\u00edfico y habilidades pr\u00e1cticas, las cuales les permitir\u00e1n enfrentar los desaf\u00edos de un entorno en constante evoluci\u00f3n. La Universidad del Desarrollo, con actividades como la 1ra Feria Cient\u00edfica de Biof\u00edsica Aplicada al Movimiento de la Carrera de Kinesiolog\u00eda, refuerza su compromiso con la formaci\u00f3n integral de futuros profesionales de la salud en Chile, posicion\u00e1ndose a la vanguardia de la innovaci\u00f3n educativa.<\/p>\n\n\n\n<figure class=\"wp-block-gallery has-nested-images columns-default is-cropped wp-block-gallery-4 is-layout-flex wp-block-gallery-is-layout-flex\">\n<figure class=\"wp-block-image size-large\"><a href=\"https:\/\/medicina.udd.cl\/kinesiologia-santiago\/files\/2024\/12\/kine-feria-cientifica-biofisica-movimiento-3-scaled.jpg\"><img loading=\"lazy\" decoding=\"async\" width=\"1024\" height=\"576\" data-id=\"6942\" src=\"https:\/\/medicina.udd.cl\/kinesiologia-santiago\/files\/2024\/12\/kine-feria-cientifica-biofisica-movimiento-3-1024x576.jpg\" alt=\"\" class=\"wp-image-6942\" srcset=\"https:\/\/medicina.udd.cl\/kinesiologia-santiago\/files\/2024\/12\/kine-feria-cientifica-biofisica-movimiento-3-1024x576.jpg 1024w, https:\/\/medicina.udd.cl\/kinesiologia-santiago\/files\/2024\/12\/kine-feria-cientifica-biofisica-movimiento-3-300x169.jpg 300w, https:\/\/medicina.udd.cl\/kinesiologia-santiago\/files\/2024\/12\/kine-feria-cientifica-biofisica-movimiento-3-768x432.jpg 768w, https:\/\/medicina.udd.cl\/kinesiologia-santiago\/files\/2024\/12\/kine-feria-cientifica-biofisica-movimiento-3-1536x864.jpg 1536w, https:\/\/medicina.udd.cl\/kinesiologia-santiago\/files\/2024\/12\/kine-feria-cientifica-biofisica-movimiento-3-2048x1152.jpg 2048w, https:\/\/medicina.udd.cl\/kinesiologia-santiago\/files\/2024\/12\/kine-feria-cientifica-biofisica-movimiento-3-1920x1080.jpg 1920w, https:\/\/medicina.udd.cl\/kinesiologia-santiago\/files\/2024\/12\/kine-feria-cientifica-biofisica-movimiento-3-1366x768.jpg 1366w, https:\/\/medicina.udd.cl\/kinesiologia-santiago\/files\/2024\/12\/kine-feria-cientifica-biofisica-movimiento-3-680x382.jpg 680w\" sizes=\"auto, (max-width: 1024px) 100vw, 1024px\" \/><\/a><\/figure>\n\n\n\n<figure class=\"wp-block-image size-large\"><a href=\"https:\/\/medicina.udd.cl\/kinesiologia-santiago\/files\/2024\/12\/kine-feria-cientifica-biofisica-movimiento-6-scaled.jpg\"><img loading=\"lazy\" decoding=\"async\" width=\"1024\" height=\"576\" data-id=\"6945\" src=\"https:\/\/medicina.udd.cl\/kinesiologia-santiago\/files\/2024\/12\/kine-feria-cientifica-biofisica-movimiento-6-1024x576.jpg\" alt=\"\" class=\"wp-image-6945\" srcset=\"https:\/\/medicina.udd.cl\/kinesiologia-santiago\/files\/2024\/12\/kine-feria-cientifica-biofisica-movimiento-6-1024x576.jpg 1024w, https:\/\/medicina.udd.cl\/kinesiologia-santiago\/files\/2024\/12\/kine-feria-cientifica-biofisica-movimiento-6-300x169.jpg 300w, https:\/\/medicina.udd.cl\/kinesiologia-santiago\/files\/2024\/12\/kine-feria-cientifica-biofisica-movimiento-6-768x432.jpg 768w, https:\/\/medicina.udd.cl\/kinesiologia-santiago\/files\/2024\/12\/kine-feria-cientifica-biofisica-movimiento-6-1536x864.jpg 1536w, https:\/\/medicina.udd.cl\/kinesiologia-santiago\/files\/2024\/12\/kine-feria-cientifica-biofisica-movimiento-6-2048x1152.jpg 2048w, https:\/\/medicina.udd.cl\/kinesiologia-santiago\/files\/2024\/12\/kine-feria-cientifica-biofisica-movimiento-6-1920x1080.jpg 1920w, https:\/\/medicina.udd.cl\/kinesiologia-santiago\/files\/2024\/12\/kine-feria-cientifica-biofisica-movimiento-6-1366x768.jpg 1366w, https:\/\/medicina.udd.cl\/kinesiologia-santiago\/files\/2024\/12\/kine-feria-cientifica-biofisica-movimiento-6-680x382.jpg 680w\" sizes=\"auto, (max-width: 1024px) 100vw, 1024px\" \/><\/a><\/figure>\n\n\n\n<figure class=\"wp-block-image size-large\"><a href=\"https:\/\/medicina.udd.cl\/kinesiologia-santiago\/files\/2024\/12\/kine-feria-cientifica-biofisica-movimiento-8-scaled.jpg\"><img loading=\"lazy\" decoding=\"async\" width=\"1024\" height=\"576\" data-id=\"6947\" src=\"https:\/\/medicina.udd.cl\/kinesiologia-santiago\/files\/2024\/12\/kine-feria-cientifica-biofisica-movimiento-8-1024x576.jpg\" alt=\"\" class=\"wp-image-6947\" srcset=\"https:\/\/medicina.udd.cl\/kinesiologia-santiago\/files\/2024\/12\/kine-feria-cientifica-biofisica-movimiento-8-1024x576.jpg 1024w, https:\/\/medicina.udd.cl\/kinesiologia-santiago\/files\/2024\/12\/kine-feria-cientifica-biofisica-movimiento-8-300x169.jpg 300w, https:\/\/medicina.udd.cl\/kinesiologia-santiago\/files\/2024\/12\/kine-feria-cientifica-biofisica-movimiento-8-768x432.jpg 768w, https:\/\/medicina.udd.cl\/kinesiologia-santiago\/files\/2024\/12\/kine-feria-cientifica-biofisica-movimiento-8-1536x864.jpg 1536w, https:\/\/medicina.udd.cl\/kinesiologia-santiago\/files\/2024\/12\/kine-feria-cientifica-biofisica-movimiento-8-2048x1152.jpg 2048w, https:\/\/medicina.udd.cl\/kinesiologia-santiago\/files\/2024\/12\/kine-feria-cientifica-biofisica-movimiento-8-1920x1080.jpg 1920w, https:\/\/medicina.udd.cl\/kinesiologia-santiago\/files\/2024\/12\/kine-feria-cientifica-biofisica-movimiento-8-1366x768.jpg 1366w, https:\/\/medicina.udd.cl\/kinesiologia-santiago\/files\/2024\/12\/kine-feria-cientifica-biofisica-movimiento-8-680x382.jpg 680w\" sizes=\"auto, (max-width: 1024px) 100vw, 1024px\" \/><\/a><\/figure>\n\n\n\n<figure class=\"wp-block-image size-large\"><a href=\"https:\/\/medicina.udd.cl\/kinesiologia-santiago\/files\/2024\/12\/kine-feria-cientifica-biofisica-movimiento-7-scaled.jpg\"><img loading=\"lazy\" decoding=\"async\" width=\"1024\" height=\"576\" data-id=\"6946\" src=\"https:\/\/medicina.udd.cl\/kinesiologia-santiago\/files\/2024\/12\/kine-feria-cientifica-biofisica-movimiento-7-1024x576.jpg\" alt=\"\" class=\"wp-image-6946\" srcset=\"https:\/\/medicina.udd.cl\/kinesiologia-santiago\/files\/2024\/12\/kine-feria-cientifica-biofisica-movimiento-7-1024x576.jpg 1024w, https:\/\/medicina.udd.cl\/kinesiologia-santiago\/files\/2024\/12\/kine-feria-cientifica-biofisica-movimiento-7-300x169.jpg 300w, https:\/\/medicina.udd.cl\/kinesiologia-santiago\/files\/2024\/12\/kine-feria-cientifica-biofisica-movimiento-7-768x432.jpg 768w, https:\/\/medicina.udd.cl\/kinesiologia-santiago\/files\/2024\/12\/kine-feria-cientifica-biofisica-movimiento-7-1536x864.jpg 1536w, https:\/\/medicina.udd.cl\/kinesiologia-santiago\/files\/2024\/12\/kine-feria-cientifica-biofisica-movimiento-7-2048x1152.jpg 2048w, https:\/\/medicina.udd.cl\/kinesiologia-santiago\/files\/2024\/12\/kine-feria-cientifica-biofisica-movimiento-7-1920x1080.jpg 1920w, https:\/\/medicina.udd.cl\/kinesiologia-santiago\/files\/2024\/12\/kine-feria-cientifica-biofisica-movimiento-7-1366x768.jpg 1366w, https:\/\/medicina.udd.cl\/kinesiologia-santiago\/files\/2024\/12\/kine-feria-cientifica-biofisica-movimiento-7-680x382.jpg 680w\" sizes=\"auto, (max-width: 1024px) 100vw, 1024px\" \/><\/a><\/figure>\n\n\n\n<figure class=\"wp-block-image size-large\"><a href=\"https:\/\/medicina.udd.cl\/kinesiologia-santiago\/files\/2024\/12\/kine-feria-cientifica-biofisica-movimiento-4-scaled.jpg\"><img loading=\"lazy\" decoding=\"async\" width=\"1024\" height=\"576\" data-id=\"6943\" src=\"https:\/\/medicina.udd.cl\/kinesiologia-santiago\/files\/2024\/12\/kine-feria-cientifica-biofisica-movimiento-4-1024x576.jpg\" alt=\"\" class=\"wp-image-6943\" srcset=\"https:\/\/medicina.udd.cl\/kinesiologia-santiago\/files\/2024\/12\/kine-feria-cientifica-biofisica-movimiento-4-1024x576.jpg 1024w, https:\/\/medicina.udd.cl\/kinesiologia-santiago\/files\/2024\/12\/kine-feria-cientifica-biofisica-movimiento-4-300x169.jpg 300w, https:\/\/medicina.udd.cl\/kinesiologia-santiago\/files\/2024\/12\/kine-feria-cientifica-biofisica-movimiento-4-768x432.jpg 768w, https:\/\/medicina.udd.cl\/kinesiologia-santiago\/files\/2024\/12\/kine-feria-cientifica-biofisica-movimiento-4-1536x864.jpg 1536w, https:\/\/medicina.udd.cl\/kinesiologia-santiago\/files\/2024\/12\/kine-feria-cientifica-biofisica-movimiento-4-2048x1152.jpg 2048w, https:\/\/medicina.udd.cl\/kinesiologia-santiago\/files\/2024\/12\/kine-feria-cientifica-biofisica-movimiento-4-1920x1080.jpg 1920w, https:\/\/medicina.udd.cl\/kinesiologia-santiago\/files\/2024\/12\/kine-feria-cientifica-biofisica-movimiento-4-1366x768.jpg 1366w, https:\/\/medicina.udd.cl\/kinesiologia-santiago\/files\/2024\/12\/kine-feria-cientifica-biofisica-movimiento-4-680x382.jpg 680w\" sizes=\"auto, (max-width: 1024px) 100vw, 1024px\" \/><\/a><\/figure>\n\n\n\n<figure class=\"wp-block-image size-large\"><a href=\"https:\/\/medicina.udd.cl\/kinesiologia-santiago\/files\/2024\/12\/kine-feria-cientifica-biofisica-movimiento-10-scaled.jpg\"><img loading=\"lazy\" decoding=\"async\" width=\"1024\" height=\"576\" data-id=\"6949\" src=\"https:\/\/medicina.udd.cl\/kinesiologia-santiago\/files\/2024\/12\/kine-feria-cientifica-biofisica-movimiento-10-1024x576.jpg\" alt=\"\" class=\"wp-image-6949\" srcset=\"https:\/\/medicina.udd.cl\/kinesiologia-santiago\/files\/2024\/12\/kine-feria-cientifica-biofisica-movimiento-10-1024x576.jpg 1024w, https:\/\/medicina.udd.cl\/kinesiologia-santiago\/files\/2024\/12\/kine-feria-cientifica-biofisica-movimiento-10-300x169.jpg 300w, https:\/\/medicina.udd.cl\/kinesiologia-santiago\/files\/2024\/12\/kine-feria-cientifica-biofisica-movimiento-10-768x432.jpg 768w, https:\/\/medicina.udd.cl\/kinesiologia-santiago\/files\/2024\/12\/kine-feria-cientifica-biofisica-movimiento-10-1536x864.jpg 1536w, https:\/\/medicina.udd.cl\/kinesiologia-santiago\/files\/2024\/12\/kine-feria-cientifica-biofisica-movimiento-10-2048x1152.jpg 2048w, https:\/\/medicina.udd.cl\/kinesiologia-santiago\/files\/2024\/12\/kine-feria-cientifica-biofisica-movimiento-10-1920x1080.jpg 1920w, https:\/\/medicina.udd.cl\/kinesiologia-santiago\/files\/2024\/12\/kine-feria-cientifica-biofisica-movimiento-10-1366x768.jpg 1366w, https:\/\/medicina.udd.cl\/kinesiologia-santiago\/files\/2024\/12\/kine-feria-cientifica-biofisica-movimiento-10-680x382.jpg 680w\" sizes=\"auto, (max-width: 1024px) 100vw, 1024px\" \/><\/a><\/figure>\n\n\n\n<figure class=\"wp-block-image size-large\"><a href=\"https:\/\/medicina.udd.cl\/kinesiologia-santiago\/files\/2024\/12\/kine-feria-cientifica-biofisica-movimiento-9-scaled.jpg\"><img loading=\"lazy\" decoding=\"async\" width=\"1024\" height=\"576\" data-id=\"6948\" src=\"https:\/\/medicina.udd.cl\/kinesiologia-santiago\/files\/2024\/12\/kine-feria-cientifica-biofisica-movimiento-9-1024x576.jpg\" alt=\"\" class=\"wp-image-6948\" srcset=\"https:\/\/medicina.udd.cl\/kinesiologia-santiago\/files\/2024\/12\/kine-feria-cientifica-biofisica-movimiento-9-1024x576.jpg 1024w, https:\/\/medicina.udd.cl\/kinesiologia-santiago\/files\/2024\/12\/kine-feria-cientifica-biofisica-movimiento-9-300x169.jpg 300w, https:\/\/medicina.udd.cl\/kinesiologia-santiago\/files\/2024\/12\/kine-feria-cientifica-biofisica-movimiento-9-768x432.jpg 768w, https:\/\/medicina.udd.cl\/kinesiologia-santiago\/files\/2024\/12\/kine-feria-cientifica-biofisica-movimiento-9-1536x864.jpg 1536w, https:\/\/medicina.udd.cl\/kinesiologia-santiago\/files\/2024\/12\/kine-feria-cientifica-biofisica-movimiento-9-2048x1152.jpg 2048w, https:\/\/medicina.udd.cl\/kinesiologia-santiago\/files\/2024\/12\/kine-feria-cientifica-biofisica-movimiento-9-1920x1080.jpg 1920w, https:\/\/medicina.udd.cl\/kinesiologia-santiago\/files\/2024\/12\/kine-feria-cientifica-biofisica-movimiento-9-1366x768.jpg 1366w, https:\/\/medicina.udd.cl\/kinesiologia-santiago\/files\/2024\/12\/kine-feria-cientifica-biofisica-movimiento-9-680x382.jpg 680w\" sizes=\"auto, (max-width: 1024px) 100vw, 1024px\" \/><\/a><\/figure>\n\n\n\n<figure class=\"wp-block-image size-large\"><a href=\"https:\/\/medicina.udd.cl\/kinesiologia-santiago\/files\/2024\/12\/kine-feria-cientifica-biofisica-movimiento-11-scaled.jpg\"><img loading=\"lazy\" decoding=\"async\" width=\"1024\" height=\"576\" data-id=\"6950\" src=\"https:\/\/medicina.udd.cl\/kinesiologia-santiago\/files\/2024\/12\/kine-feria-cientifica-biofisica-movimiento-11-1024x576.jpg\" alt=\"\" class=\"wp-image-6950\" srcset=\"https:\/\/medicina.udd.cl\/kinesiologia-santiago\/files\/2024\/12\/kine-feria-cientifica-biofisica-movimiento-11-1024x576.jpg 1024w, https:\/\/medicina.udd.cl\/kinesiologia-santiago\/files\/2024\/12\/kine-feria-cientifica-biofisica-movimiento-11-300x169.jpg 300w, https:\/\/medicina.udd.cl\/kinesiologia-santiago\/files\/2024\/12\/kine-feria-cientifica-biofisica-movimiento-11-768x432.jpg 768w, https:\/\/medicina.udd.cl\/kinesiologia-santiago\/files\/2024\/12\/kine-feria-cientifica-biofisica-movimiento-11-1536x864.jpg 1536w, https:\/\/medicina.udd.cl\/kinesiologia-santiago\/files\/2024\/12\/kine-feria-cientifica-biofisica-movimiento-11-2048x1152.jpg 2048w, https:\/\/medicina.udd.cl\/kinesiologia-santiago\/files\/2024\/12\/kine-feria-cientifica-biofisica-movimiento-11-1920x1080.jpg 1920w, https:\/\/medicina.udd.cl\/kinesiologia-santiago\/files\/2024\/12\/kine-feria-cientifica-biofisica-movimiento-11-1366x768.jpg 1366w, https:\/\/medicina.udd.cl\/kinesiologia-santiago\/files\/2024\/12\/kine-feria-cientifica-biofisica-movimiento-11-680x382.jpg 680w\" sizes=\"auto, (max-width: 1024px) 100vw, 1024px\" \/><\/a><\/figure>\n\n\n\n<figure class=\"wp-block-image size-large\"><a href=\"https:\/\/medicina.udd.cl\/kinesiologia-santiago\/files\/2024\/12\/kine-feria-cientifica-biofisica-movimiento-5-scaled.jpg\"><img loading=\"lazy\" decoding=\"async\" width=\"1024\" height=\"576\" data-id=\"6944\" src=\"https:\/\/medicina.udd.cl\/kinesiologia-santiago\/files\/2024\/12\/kine-feria-cientifica-biofisica-movimiento-5-1024x576.jpg\" alt=\"\" class=\"wp-image-6944\" srcset=\"https:\/\/medicina.udd.cl\/kinesiologia-santiago\/files\/2024\/12\/kine-feria-cientifica-biofisica-movimiento-5-1024x576.jpg 1024w, https:\/\/medicina.udd.cl\/kinesiologia-santiago\/files\/2024\/12\/kine-feria-cientifica-biofisica-movimiento-5-300x169.jpg 300w, https:\/\/medicina.udd.cl\/kinesiologia-santiago\/files\/2024\/12\/kine-feria-cientifica-biofisica-movimiento-5-768x432.jpg 768w, https:\/\/medicina.udd.cl\/kinesiologia-santiago\/files\/2024\/12\/kine-feria-cientifica-biofisica-movimiento-5-1536x864.jpg 1536w, https:\/\/medicina.udd.cl\/kinesiologia-santiago\/files\/2024\/12\/kine-feria-cientifica-biofisica-movimiento-5-2048x1152.jpg 2048w, https:\/\/medicina.udd.cl\/kinesiologia-santiago\/files\/2024\/12\/kine-feria-cientifica-biofisica-movimiento-5-1920x1080.jpg 1920w, https:\/\/medicina.udd.cl\/kinesiologia-santiago\/files\/2024\/12\/kine-feria-cientifica-biofisica-movimiento-5-1366x768.jpg 1366w, https:\/\/medicina.udd.cl\/kinesiologia-santiago\/files\/2024\/12\/kine-feria-cientifica-biofisica-movimiento-5-680x382.jpg 680w\" sizes=\"auto, (max-width: 1024px) 100vw, 1024px\" \/><\/a><\/figure>\n\n\n\n<figure class=\"wp-block-image size-large\"><a href=\"https:\/\/medicina.udd.cl\/kinesiologia-santiago\/files\/2024\/12\/kine-feria-cientifica-biofisica-movimiento-13-scaled.jpg\"><img loading=\"lazy\" decoding=\"async\" width=\"1024\" height=\"576\" data-id=\"6952\" src=\"https:\/\/medicina.udd.cl\/kinesiologia-santiago\/files\/2024\/12\/kine-feria-cientifica-biofisica-movimiento-13-1024x576.jpg\" alt=\"\" class=\"wp-image-6952\" srcset=\"https:\/\/medicina.udd.cl\/kinesiologia-santiago\/files\/2024\/12\/kine-feria-cientifica-biofisica-movimiento-13-1024x576.jpg 1024w, https:\/\/medicina.udd.cl\/kinesiologia-santiago\/files\/2024\/12\/kine-feria-cientifica-biofisica-movimiento-13-300x169.jpg 300w, https:\/\/medicina.udd.cl\/kinesiologia-santiago\/files\/2024\/12\/kine-feria-cientifica-biofisica-movimiento-13-768x432.jpg 768w, https:\/\/medicina.udd.cl\/kinesiologia-santiago\/files\/2024\/12\/kine-feria-cientifica-biofisica-movimiento-13-1536x864.jpg 1536w, https:\/\/medicina.udd.cl\/kinesiologia-santiago\/files\/2024\/12\/kine-feria-cientifica-biofisica-movimiento-13-2048x1152.jpg 2048w, https:\/\/medicina.udd.cl\/kinesiologia-santiago\/files\/2024\/12\/kine-feria-cientifica-biofisica-movimiento-13-1920x1080.jpg 1920w, https:\/\/medicina.udd.cl\/kinesiologia-santiago\/files\/2024\/12\/kine-feria-cientifica-biofisica-movimiento-13-1366x768.jpg 1366w, https:\/\/medicina.udd.cl\/kinesiologia-santiago\/files\/2024\/12\/kine-feria-cientifica-biofisica-movimiento-13-680x382.jpg 680w\" sizes=\"auto, (max-width: 1024px) 100vw, 1024px\" \/><\/a><\/figure>\n\n\n\n<figure class=\"wp-block-image size-large\"><a href=\"https:\/\/medicina.udd.cl\/kinesiologia-santiago\/files\/2024\/12\/kine-feria-cientifica-biofisica-movimiento-12-scaled.jpg\"><img loading=\"lazy\" decoding=\"async\" width=\"1024\" height=\"576\" data-id=\"6951\" src=\"https:\/\/medicina.udd.cl\/kinesiologia-santiago\/files\/2024\/12\/kine-feria-cientifica-biofisica-movimiento-12-1024x576.jpg\" alt=\"\" class=\"wp-image-6951\" srcset=\"https:\/\/medicina.udd.cl\/kinesiologia-santiago\/files\/2024\/12\/kine-feria-cientifica-biofisica-movimiento-12-1024x576.jpg 1024w, https:\/\/medicina.udd.cl\/kinesiologia-santiago\/files\/2024\/12\/kine-feria-cientifica-biofisica-movimiento-12-300x169.jpg 300w, https:\/\/medicina.udd.cl\/kinesiologia-santiago\/files\/2024\/12\/kine-feria-cientifica-biofisica-movimiento-12-768x432.jpg 768w, https:\/\/medicina.udd.cl\/kinesiologia-santiago\/files\/2024\/12\/kine-feria-cientifica-biofisica-movimiento-12-1536x864.jpg 1536w, https:\/\/medicina.udd.cl\/kinesiologia-santiago\/files\/2024\/12\/kine-feria-cientifica-biofisica-movimiento-12-2048x1152.jpg 2048w, https:\/\/medicina.udd.cl\/kinesiologia-santiago\/files\/2024\/12\/kine-feria-cientifica-biofisica-movimiento-12-1920x1080.jpg 1920w, https:\/\/medicina.udd.cl\/kinesiologia-santiago\/files\/2024\/12\/kine-feria-cientifica-biofisica-movimiento-12-1366x768.jpg 1366w, https:\/\/medicina.udd.cl\/kinesiologia-santiago\/files\/2024\/12\/kine-feria-cientifica-biofisica-movimiento-12-680x382.jpg 680w\" sizes=\"auto, (max-width: 1024px) 100vw, 1024px\" \/><\/a><\/figure>\n\n\n\n<figure class=\"wp-block-image size-large\"><a href=\"https:\/\/medicina.udd.cl\/kinesiologia-santiago\/files\/2024\/12\/kine-feria-cientifica-biofisica-movimiento-17-scaled.jpg\"><img loading=\"lazy\" decoding=\"async\" width=\"1024\" height=\"576\" data-id=\"6956\" src=\"https:\/\/medicina.udd.cl\/kinesiologia-santiago\/files\/2024\/12\/kine-feria-cientifica-biofisica-movimiento-17-1024x576.jpg\" alt=\"\" class=\"wp-image-6956\" srcset=\"https:\/\/medicina.udd.cl\/kinesiologia-santiago\/files\/2024\/12\/kine-feria-cientifica-biofisica-movimiento-17-1024x576.jpg 1024w, https:\/\/medicina.udd.cl\/kinesiologia-santiago\/files\/2024\/12\/kine-feria-cientifica-biofisica-movimiento-17-300x169.jpg 300w, https:\/\/medicina.udd.cl\/kinesiologia-santiago\/files\/2024\/12\/kine-feria-cientifica-biofisica-movimiento-17-768x432.jpg 768w, https:\/\/medicina.udd.cl\/kinesiologia-santiago\/files\/2024\/12\/kine-feria-cientifica-biofisica-movimiento-17-1536x864.jpg 1536w, https:\/\/medicina.udd.cl\/kinesiologia-santiago\/files\/2024\/12\/kine-feria-cientifica-biofisica-movimiento-17-2048x1152.jpg 2048w, https:\/\/medicina.udd.cl\/kinesiologia-santiago\/files\/2024\/12\/kine-feria-cientifica-biofisica-movimiento-17-1920x1080.jpg 1920w, https:\/\/medicina.udd.cl\/kinesiologia-santiago\/files\/2024\/12\/kine-feria-cientifica-biofisica-movimiento-17-1366x768.jpg 1366w, https:\/\/medicina.udd.cl\/kinesiologia-santiago\/files\/2024\/12\/kine-feria-cientifica-biofisica-movimiento-17-680x382.jpg 680w\" sizes=\"auto, (max-width: 1024px) 100vw, 1024px\" \/><\/a><\/figure>\n\n\n\n<figure class=\"wp-block-image size-large\"><a href=\"https:\/\/medicina.udd.cl\/kinesiologia-santiago\/files\/2024\/12\/kine-feria-cientifica-biofisica-movimiento-16-scaled.jpg\"><img loading=\"lazy\" decoding=\"async\" width=\"576\" height=\"1024\" data-id=\"6955\" src=\"https:\/\/medicina.udd.cl\/kinesiologia-santiago\/files\/2024\/12\/kine-feria-cientifica-biofisica-movimiento-16-576x1024.jpg\" alt=\"\" class=\"wp-image-6955\" srcset=\"https:\/\/medicina.udd.cl\/kinesiologia-santiago\/files\/2024\/12\/kine-feria-cientifica-biofisica-movimiento-16-576x1024.jpg 576w, https:\/\/medicina.udd.cl\/kinesiologia-santiago\/files\/2024\/12\/kine-feria-cientifica-biofisica-movimiento-16-169x300.jpg 169w, https:\/\/medicina.udd.cl\/kinesiologia-santiago\/files\/2024\/12\/kine-feria-cientifica-biofisica-movimiento-16-768x1365.jpg 768w, https:\/\/medicina.udd.cl\/kinesiologia-santiago\/files\/2024\/12\/kine-feria-cientifica-biofisica-movimiento-16-864x1536.jpg 864w, https:\/\/medicina.udd.cl\/kinesiologia-santiago\/files\/2024\/12\/kine-feria-cientifica-biofisica-movimiento-16-1152x2048.jpg 1152w, https:\/\/medicina.udd.cl\/kinesiologia-santiago\/files\/2024\/12\/kine-feria-cientifica-biofisica-movimiento-16-scaled.jpg 1440w\" sizes=\"auto, (max-width: 576px) 100vw, 576px\" \/><\/a><\/figure>\n\n\n\n<figure class=\"wp-block-image size-large\"><a href=\"https:\/\/medicina.udd.cl\/kinesiologia-santiago\/files\/2024\/12\/kine-feria-cientifica-biofisica-movimiento-19-scaled.jpg\"><img loading=\"lazy\" decoding=\"async\" width=\"576\" height=\"1024\" data-id=\"6958\" src=\"https:\/\/medicina.udd.cl\/kinesiologia-santiago\/files\/2024\/12\/kine-feria-cientifica-biofisica-movimiento-19-576x1024.jpg\" alt=\"\" class=\"wp-image-6958\" srcset=\"https:\/\/medicina.udd.cl\/kinesiologia-santiago\/files\/2024\/12\/kine-feria-cientifica-biofisica-movimiento-19-576x1024.jpg 576w, https:\/\/medicina.udd.cl\/kinesiologia-santiago\/files\/2024\/12\/kine-feria-cientifica-biofisica-movimiento-19-169x300.jpg 169w, https:\/\/medicina.udd.cl\/kinesiologia-santiago\/files\/2024\/12\/kine-feria-cientifica-biofisica-movimiento-19-768x1365.jpg 768w, https:\/\/medicina.udd.cl\/kinesiologia-santiago\/files\/2024\/12\/kine-feria-cientifica-biofisica-movimiento-19-864x1536.jpg 864w, https:\/\/medicina.udd.cl\/kinesiologia-santiago\/files\/2024\/12\/kine-feria-cientifica-biofisica-movimiento-19-1152x2048.jpg 1152w, https:\/\/medicina.udd.cl\/kinesiologia-santiago\/files\/2024\/12\/kine-feria-cientifica-biofisica-movimiento-19-scaled.jpg 1440w\" sizes=\"auto, (max-width: 576px) 100vw, 576px\" \/><\/a><\/figure>\n\n\n\n<figure class=\"wp-block-image size-large\"><a href=\"https:\/\/medicina.udd.cl\/kinesiologia-santiago\/files\/2024\/12\/kine-feria-cientifica-biofisica-movimiento-25-scaled.jpg\"><img loading=\"lazy\" decoding=\"async\" width=\"576\" height=\"1024\" data-id=\"6964\" src=\"https:\/\/medicina.udd.cl\/kinesiologia-santiago\/files\/2024\/12\/kine-feria-cientifica-biofisica-movimiento-25-576x1024.jpg\" alt=\"\" class=\"wp-image-6964\" srcset=\"https:\/\/medicina.udd.cl\/kinesiologia-santiago\/files\/2024\/12\/kine-feria-cientifica-biofisica-movimiento-25-576x1024.jpg 576w, https:\/\/medicina.udd.cl\/kinesiologia-santiago\/files\/2024\/12\/kine-feria-cientifica-biofisica-movimiento-25-169x300.jpg 169w, https:\/\/medicina.udd.cl\/kinesiologia-santiago\/files\/2024\/12\/kine-feria-cientifica-biofisica-movimiento-25-768x1365.jpg 768w, https:\/\/medicina.udd.cl\/kinesiologia-santiago\/files\/2024\/12\/kine-feria-cientifica-biofisica-movimiento-25-864x1536.jpg 864w, https:\/\/medicina.udd.cl\/kinesiologia-santiago\/files\/2024\/12\/kine-feria-cientifica-biofisica-movimiento-25-1152x2048.jpg 1152w, https:\/\/medicina.udd.cl\/kinesiologia-santiago\/files\/2024\/12\/kine-feria-cientifica-biofisica-movimiento-25-scaled.jpg 1440w\" sizes=\"auto, (max-width: 576px) 100vw, 576px\" \/><\/a><\/figure>\n\n\n\n<figure class=\"wp-block-image size-large\"><a href=\"https:\/\/medicina.udd.cl\/kinesiologia-santiago\/files\/2024\/12\/kine-feria-cientifica-biofisica-movimiento-28-scaled.jpg\"><img loading=\"lazy\" decoding=\"async\" width=\"576\" height=\"1024\" data-id=\"6967\" src=\"https:\/\/medicina.udd.cl\/kinesiologia-santiago\/files\/2024\/12\/kine-feria-cientifica-biofisica-movimiento-28-576x1024.jpg\" alt=\"\" class=\"wp-image-6967\" srcset=\"https:\/\/medicina.udd.cl\/kinesiologia-santiago\/files\/2024\/12\/kine-feria-cientifica-biofisica-movimiento-28-576x1024.jpg 576w, https:\/\/medicina.udd.cl\/kinesiologia-santiago\/files\/2024\/12\/kine-feria-cientifica-biofisica-movimiento-28-169x300.jpg 169w, https:\/\/medicina.udd.cl\/kinesiologia-santiago\/files\/2024\/12\/kine-feria-cientifica-biofisica-movimiento-28-768x1365.jpg 768w, https:\/\/medicina.udd.cl\/kinesiologia-santiago\/files\/2024\/12\/kine-feria-cientifica-biofisica-movimiento-28-864x1536.jpg 864w, https:\/\/medicina.udd.cl\/kinesiologia-santiago\/files\/2024\/12\/kine-feria-cientifica-biofisica-movimiento-28-1152x2048.jpg 1152w, https:\/\/medicina.udd.cl\/kinesiologia-santiago\/files\/2024\/12\/kine-feria-cientifica-biofisica-movimiento-28-scaled.jpg 1440w\" sizes=\"auto, (max-width: 576px) 100vw, 576px\" \/><\/a><\/figure>\n\n\n\n<figure class=\"wp-block-image size-large\"><a href=\"https:\/\/medicina.udd.cl\/kinesiologia-santiago\/files\/2024\/12\/kine-feria-cientifica-biofisica-movimiento-29-scaled.jpg\"><img loading=\"lazy\" decoding=\"async\" width=\"576\" height=\"1024\" data-id=\"6968\" src=\"https:\/\/medicina.udd.cl\/kinesiologia-santiago\/files\/2024\/12\/kine-feria-cientifica-biofisica-movimiento-29-576x1024.jpg\" alt=\"\" class=\"wp-image-6968\" srcset=\"https:\/\/medicina.udd.cl\/kinesiologia-santiago\/files\/2024\/12\/kine-feria-cientifica-biofisica-movimiento-29-576x1024.jpg 576w, https:\/\/medicina.udd.cl\/kinesiologia-santiago\/files\/2024\/12\/kine-feria-cientifica-biofisica-movimiento-29-169x300.jpg 169w, https:\/\/medicina.udd.cl\/kinesiologia-santiago\/files\/2024\/12\/kine-feria-cientifica-biofisica-movimiento-29-768x1365.jpg 768w, https:\/\/medicina.udd.cl\/kinesiologia-santiago\/files\/2024\/12\/kine-feria-cientifica-biofisica-movimiento-29-864x1536.jpg 864w, https:\/\/medicina.udd.cl\/kinesiologia-santiago\/files\/2024\/12\/kine-feria-cientifica-biofisica-movimiento-29-1152x2048.jpg 1152w, https:\/\/medicina.udd.cl\/kinesiologia-santiago\/files\/2024\/12\/kine-feria-cientifica-biofisica-movimiento-29-scaled.jpg 1440w\" sizes=\"auto, (max-width: 576px) 100vw, 576px\" \/><\/a><\/figure>\n\n\n\n<figure class=\"wp-block-image size-large\"><a href=\"https:\/\/medicina.udd.cl\/kinesiologia-santiago\/files\/2024\/12\/kine-feria-cientifica-biofisica-movimiento-30-scaled.jpg\"><img loading=\"lazy\" decoding=\"async\" width=\"576\" height=\"1024\" data-id=\"6969\" src=\"https:\/\/medicina.udd.cl\/kinesiologia-santiago\/files\/2024\/12\/kine-feria-cientifica-biofisica-movimiento-30-576x1024.jpg\" alt=\"\" class=\"wp-image-6969\" srcset=\"https:\/\/medicina.udd.cl\/kinesiologia-santiago\/files\/2024\/12\/kine-feria-cientifica-biofisica-movimiento-30-576x1024.jpg 576w, https:\/\/medicina.udd.cl\/kinesiologia-santiago\/files\/2024\/12\/kine-feria-cientifica-biofisica-movimiento-30-169x300.jpg 169w, https:\/\/medicina.udd.cl\/kinesiologia-santiago\/files\/2024\/12\/kine-feria-cientifica-biofisica-movimiento-30-768x1365.jpg 768w, https:\/\/medicina.udd.cl\/kinesiologia-santiago\/files\/2024\/12\/kine-feria-cientifica-biofisica-movimiento-30-864x1536.jpg 864w, https:\/\/medicina.udd.cl\/kinesiologia-santiago\/files\/2024\/12\/kine-feria-cientifica-biofisica-movimiento-30-1152x2048.jpg 1152w, https:\/\/medicina.udd.cl\/kinesiologia-santiago\/files\/2024\/12\/kine-feria-cientifica-biofisica-movimiento-30-scaled.jpg 1440w\" sizes=\"auto, (max-width: 576px) 100vw, 576px\" \/><\/a><\/figure>\n\n\n\n<figure class=\"wp-block-image size-large\"><a href=\"https:\/\/medicina.udd.cl\/kinesiologia-santiago\/files\/2024\/12\/kine-feria-cientifica-biofisica-movimiento-31-scaled.jpg\"><img loading=\"lazy\" decoding=\"async\" width=\"576\" height=\"1024\" data-id=\"6970\" src=\"https:\/\/medicina.udd.cl\/kinesiologia-santiago\/files\/2024\/12\/kine-feria-cientifica-biofisica-movimiento-31-576x1024.jpg\" alt=\"\" class=\"wp-image-6970\" srcset=\"https:\/\/medicina.udd.cl\/kinesiologia-santiago\/files\/2024\/12\/kine-feria-cientifica-biofisica-movimiento-31-576x1024.jpg 576w, https:\/\/medicina.udd.cl\/kinesiologia-santiago\/files\/2024\/12\/kine-feria-cientifica-biofisica-movimiento-31-169x300.jpg 169w, https:\/\/medicina.udd.cl\/kinesiologia-santiago\/files\/2024\/12\/kine-feria-cientifica-biofisica-movimiento-31-768x1365.jpg 768w, https:\/\/medicina.udd.cl\/kinesiologia-santiago\/files\/2024\/12\/kine-feria-cientifica-biofisica-movimiento-31-864x1536.jpg 864w, https:\/\/medicina.udd.cl\/kinesiologia-santiago\/files\/2024\/12\/kine-feria-cientifica-biofisica-movimiento-31-1152x2048.jpg 1152w, https:\/\/medicina.udd.cl\/kinesiologia-santiago\/files\/2024\/12\/kine-feria-cientifica-biofisica-movimiento-31-scaled.jpg 1440w\" sizes=\"auto, (max-width: 576px) 100vw, 576px\" \/><\/a><\/figure>\n\n\n\n<figure class=\"wp-block-image size-large\"><a href=\"https:\/\/medicina.udd.cl\/kinesiologia-santiago\/files\/2024\/12\/kine-feria-cientifica-biofisica-movimiento-32-scaled.jpg\"><img loading=\"lazy\" decoding=\"async\" width=\"576\" height=\"1024\" data-id=\"6971\" src=\"https:\/\/medicina.udd.cl\/kinesiologia-santiago\/files\/2024\/12\/kine-feria-cientifica-biofisica-movimiento-32-576x1024.jpg\" alt=\"\" class=\"wp-image-6971\" srcset=\"https:\/\/medicina.udd.cl\/kinesiologia-santiago\/files\/2024\/12\/kine-feria-cientifica-biofisica-movimiento-32-576x1024.jpg 576w, https:\/\/medicina.udd.cl\/kinesiologia-santiago\/files\/2024\/12\/kine-feria-cientifica-biofisica-movimiento-32-169x300.jpg 169w, https:\/\/medicina.udd.cl\/kinesiologia-santiago\/files\/2024\/12\/kine-feria-cientifica-biofisica-movimiento-32-768x1365.jpg 768w, https:\/\/medicina.udd.cl\/kinesiologia-santiago\/files\/2024\/12\/kine-feria-cientifica-biofisica-movimiento-32-864x1536.jpg 864w, https:\/\/medicina.udd.cl\/kinesiologia-santiago\/files\/2024\/12\/kine-feria-cientifica-biofisica-movimiento-32-1152x2048.jpg 1152w, https:\/\/medicina.udd.cl\/kinesiologia-santiago\/files\/2024\/12\/kine-feria-cientifica-biofisica-movimiento-32-scaled.jpg 1440w\" sizes=\"auto, (max-width: 576px) 100vw, 576px\" \/><\/a><\/figure>\n<\/figure>\n\n\n\n<figure class=\"wp-block-image aligncenter size-large\"><a href=\"https:\/\/medicina.udd.cl\/kinesiologia-santiago\/files\/2024\/12\/kine-feria-cientifica-biofisica-movimiento-33-scaled.jpg\"><img loading=\"lazy\" decoding=\"async\" width=\"576\" height=\"1024\" src=\"https:\/\/medicina.udd.cl\/kinesiologia-santiago\/files\/2024\/12\/kine-feria-cientifica-biofisica-movimiento-33-576x1024.jpg\" alt=\"\" class=\"wp-image-6972\" srcset=\"https:\/\/medicina.udd.cl\/kinesiologia-santiago\/files\/2024\/12\/kine-feria-cientifica-biofisica-movimiento-33-576x1024.jpg 576w, https:\/\/medicina.udd.cl\/kinesiologia-santiago\/files\/2024\/12\/kine-feria-cientifica-biofisica-movimiento-33-169x300.jpg 169w, https:\/\/medicina.udd.cl\/kinesiologia-santiago\/files\/2024\/12\/kine-feria-cientifica-biofisica-movimiento-33-768x1366.jpg 768w, https:\/\/medicina.udd.cl\/kinesiologia-santiago\/files\/2024\/12\/kine-feria-cientifica-biofisica-movimiento-33-864x1536.jpg 864w, https:\/\/medicina.udd.cl\/kinesiologia-santiago\/files\/2024\/12\/kine-feria-cientifica-biofisica-movimiento-33-1152x2048.jpg 1152w, https:\/\/medicina.udd.cl\/kinesiologia-santiago\/files\/2024\/12\/kine-feria-cientifica-biofisica-movimiento-33-scaled.jpg 1440w\" sizes=\"auto, (max-width: 576px) 100vw, 576px\" \/><\/a><\/figure>\n","protected":false},"excerpt":{"rendered":"<p>La carrera de Kinesiolog\u00eda de la Facultad de Medicina Cl\u00ednica Alemana Universidad del Desarrollo (UDD), llev\u00f3 a cabo la 1ra Feria Cient\u00edfica de Biof\u00edsica Aplicada al Movimiento, un evento acad\u00e9mico que marc\u00f3 un hito en la formaci\u00f3n de los estudiantes de primer a\u00f1o de la carrera. La actividad, organizada en el marco de la asignatura [&hellip;]<\/p>\n","protected":false},"author":9192219,"featured_media":6966,"comment_status":"closed","ping_status":"open","sticky":false,"template":"","format":"standard","meta":{"footnotes":""},"categories":[4],"tags":[],"class_list":["post-6939","post","type-post","status-publish","format-standard","has-post-thumbnail","hentry","category-noticias"],"yoast_head":"<!-- This site is optimized with the Yoast SEO plugin v26.9 - https:\/\/yoast.com\/product\/yoast-seo-wordpress\/ -->\n<title>Primera Feria Cient\u00edfica de Biof\u00edsica Aplicada al Movimiento: Innovaci\u00f3n y Aprendizaje Integral en Kinesiolog\u00eda UDD - Kinesiolog\u00eda<\/title>\n<meta name=\"robots\" content=\"index, follow, max-snippet:-1, max-image-preview:large, max-video-preview:-1\" \/>\n<link rel=\"canonical\" href=\"https:\/\/medicina.udd.cl\/kinesiologia-santiago\/noticias\/2024\/12\/11\/primera-feria-cientifica-de-biofisica-aplicada-al-movimiento-innovacion-y-aprendizaje-integral-en-kinesiologia-udd\/\" \/>\n<meta property=\"og:locale\" content=\"es_ES\" \/>\n<meta property=\"og:type\" content=\"article\" \/>\n<meta property=\"og:title\" content=\"Primera Feria Cient\u00edfica de Biof\u00edsica Aplicada al Movimiento: Innovaci\u00f3n y Aprendizaje Integral en Kinesiolog\u00eda UDD - Kinesiolog\u00eda\" \/>\n<meta property=\"og:description\" content=\"La carrera de Kinesiolog\u00eda de la Facultad de Medicina Cl\u00ednica Alemana Universidad del Desarrollo (UDD), llev\u00f3 a cabo la 1ra Feria Cient\u00edfica de Biof\u00edsica Aplicada al Movimiento, un evento acad\u00e9mico que marc\u00f3 un hito en la formaci\u00f3n de los estudiantes de primer a\u00f1o de la carrera. La actividad, organizada en el marco de la asignatura [&hellip;]\" \/>\n<meta property=\"og:url\" content=\"https:\/\/medicina.udd.cl\/kinesiologia-santiago\/noticias\/2024\/12\/11\/primera-feria-cientifica-de-biofisica-aplicada-al-movimiento-innovacion-y-aprendizaje-integral-en-kinesiologia-udd\/\" \/>\n<meta property=\"og:site_name\" content=\"Kinesiolog\u00eda\" \/>\n<meta property=\"article:published_time\" content=\"2024-12-11T16:28:05+00:00\" \/>\n<meta property=\"article:modified_time\" content=\"2024-12-11T16:28:07+00:00\" \/>\n<meta property=\"og:image\" content=\"https:\/\/medicina.udd.cl\/kinesiologia-santiago\/files\/2024\/12\/kine-feria-cientifica-biofisica-movimiento-27-scaled.jpg\" \/>\n\t<meta property=\"og:image:width\" content=\"1440\" \/>\n\t<meta property=\"og:image:height\" content=\"2560\" \/>\n\t<meta property=\"og:image:type\" content=\"image\/jpeg\" \/>\n<meta name=\"author\" content=\"rbraidy\" \/>\n<meta name=\"twitter:label1\" content=\"Escrito por\" \/>\n\t<meta name=\"twitter:data1\" content=\"rbraidy\" \/>\n\t<meta name=\"twitter:label2\" content=\"Tiempo de lectura\" \/>\n\t<meta name=\"twitter:data2\" content=\"11 minutos\" \/>\n<script type=\"application\/ld+json\" class=\"yoast-schema-graph\">{\"@context\":\"https:\/\/schema.org\",\"@graph\":[{\"@type\":\"Article\",\"@id\":\"https:\/\/medicina.udd.cl\/kinesiologia-santiago\/noticias\/2024\/12\/11\/primera-feria-cientifica-de-biofisica-aplicada-al-movimiento-innovacion-y-aprendizaje-integral-en-kinesiologia-udd\/#article\",\"isPartOf\":{\"@id\":\"https:\/\/medicina.udd.cl\/kinesiologia-santiago\/noticias\/2024\/12\/11\/primera-feria-cientifica-de-biofisica-aplicada-al-movimiento-innovacion-y-aprendizaje-integral-en-kinesiologia-udd\/\"},\"author\":{\"name\":\"rbraidy\",\"@id\":\"https:\/\/medicina.udd.cl\/kinesiologia-santiago\/#\/schema\/person\/dbc3705bf3a93e8be1ba6de0ef950341\"},\"headline\":\"Primera Feria Cient\u00edfica de Biof\u00edsica Aplicada al Movimiento: Innovaci\u00f3n y Aprendizaje Integral en Kinesiolog\u00eda UDD\",\"datePublished\":\"2024-12-11T16:28:05+00:00\",\"dateModified\":\"2024-12-11T16:28:07+00:00\",\"mainEntityOfPage\":{\"@id\":\"https:\/\/medicina.udd.cl\/kinesiologia-santiago\/noticias\/2024\/12\/11\/primera-feria-cientifica-de-biofisica-aplicada-al-movimiento-innovacion-y-aprendizaje-integral-en-kinesiologia-udd\/\"},\"wordCount\":1195,\"image\":{\"@id\":\"https:\/\/medicina.udd.cl\/kinesiologia-santiago\/noticias\/2024\/12\/11\/primera-feria-cientifica-de-biofisica-aplicada-al-movimiento-innovacion-y-aprendizaje-integral-en-kinesiologia-udd\/#primaryimage\"},\"thumbnailUrl\":\"https:\/\/medicina.udd.cl\/kinesiologia-santiago\/files\/2024\/12\/kine-feria-cientifica-biofisica-movimiento-27-scaled.jpg\",\"articleSection\":[\"Noticias\"],\"inLanguage\":\"es\"},{\"@type\":\"WebPage\",\"@id\":\"https:\/\/medicina.udd.cl\/kinesiologia-santiago\/noticias\/2024\/12\/11\/primera-feria-cientifica-de-biofisica-aplicada-al-movimiento-innovacion-y-aprendizaje-integral-en-kinesiologia-udd\/\",\"url\":\"https:\/\/medicina.udd.cl\/kinesiologia-santiago\/noticias\/2024\/12\/11\/primera-feria-cientifica-de-biofisica-aplicada-al-movimiento-innovacion-y-aprendizaje-integral-en-kinesiologia-udd\/\",\"name\":\"Primera Feria Cient\u00edfica de Biof\u00edsica Aplicada al Movimiento: Innovaci\u00f3n y Aprendizaje Integral en Kinesiolog\u00eda UDD - Kinesiolog\u00eda\",\"isPartOf\":{\"@id\":\"https:\/\/medicina.udd.cl\/kinesiologia-santiago\/#website\"},\"primaryImageOfPage\":{\"@id\":\"https:\/\/medicina.udd.cl\/kinesiologia-santiago\/noticias\/2024\/12\/11\/primera-feria-cientifica-de-biofisica-aplicada-al-movimiento-innovacion-y-aprendizaje-integral-en-kinesiologia-udd\/#primaryimage\"},\"image\":{\"@id\":\"https:\/\/medicina.udd.cl\/kinesiologia-santiago\/noticias\/2024\/12\/11\/primera-feria-cientifica-de-biofisica-aplicada-al-movimiento-innovacion-y-aprendizaje-integral-en-kinesiologia-udd\/#primaryimage\"},\"thumbnailUrl\":\"https:\/\/medicina.udd.cl\/kinesiologia-santiago\/files\/2024\/12\/kine-feria-cientifica-biofisica-movimiento-27-scaled.jpg\",\"datePublished\":\"2024-12-11T16:28:05+00:00\",\"dateModified\":\"2024-12-11T16:28:07+00:00\",\"author\":{\"@id\":\"https:\/\/medicina.udd.cl\/kinesiologia-santiago\/#\/schema\/person\/dbc3705bf3a93e8be1ba6de0ef950341\"},\"breadcrumb\":{\"@id\":\"https:\/\/medicina.udd.cl\/kinesiologia-santiago\/noticias\/2024\/12\/11\/primera-feria-cientifica-de-biofisica-aplicada-al-movimiento-innovacion-y-aprendizaje-integral-en-kinesiologia-udd\/#breadcrumb\"},\"inLanguage\":\"es\",\"potentialAction\":[{\"@type\":\"ReadAction\",\"target\":[\"https:\/\/medicina.udd.cl\/kinesiologia-santiago\/noticias\/2024\/12\/11\/primera-feria-cientifica-de-biofisica-aplicada-al-movimiento-innovacion-y-aprendizaje-integral-en-kinesiologia-udd\/\"]}]},{\"@type\":\"ImageObject\",\"inLanguage\":\"es\",\"@id\":\"https:\/\/medicina.udd.cl\/kinesiologia-santiago\/noticias\/2024\/12\/11\/primera-feria-cientifica-de-biofisica-aplicada-al-movimiento-innovacion-y-aprendizaje-integral-en-kinesiologia-udd\/#primaryimage\",\"url\":\"https:\/\/medicina.udd.cl\/kinesiologia-santiago\/files\/2024\/12\/kine-feria-cientifica-biofisica-movimiento-27-scaled.jpg\",\"contentUrl\":\"https:\/\/medicina.udd.cl\/kinesiologia-santiago\/files\/2024\/12\/kine-feria-cientifica-biofisica-movimiento-27-scaled.jpg\",\"width\":1440,\"height\":2560},{\"@type\":\"BreadcrumbList\",\"@id\":\"https:\/\/medicina.udd.cl\/kinesiologia-santiago\/noticias\/2024\/12\/11\/primera-feria-cientifica-de-biofisica-aplicada-al-movimiento-innovacion-y-aprendizaje-integral-en-kinesiologia-udd\/#breadcrumb\",\"itemListElement\":[{\"@type\":\"ListItem\",\"position\":1,\"name\":\"Home\",\"item\":\"https:\/\/medicina.udd.cl\/kinesiologia-santiago\/\"},{\"@type\":\"ListItem\",\"position\":2,\"name\":\"Primera Feria Cient\u00edfica de Biof\u00edsica Aplicada al Movimiento: Innovaci\u00f3n y Aprendizaje Integral en Kinesiolog\u00eda UDD\"}]},{\"@type\":\"WebSite\",\"@id\":\"https:\/\/medicina.udd.cl\/kinesiologia-santiago\/#website\",\"url\":\"https:\/\/medicina.udd.cl\/kinesiologia-santiago\/\",\"name\":\"Kinesiolog\u00eda\",\"description\":\"Facultad de Medicina Cl\u00ednica Alemana Universidad del Desarrollo\",\"inLanguage\":\"es\"},{\"@type\":\"Person\",\"@id\":\"https:\/\/medicina.udd.cl\/kinesiologia-santiago\/#\/schema\/person\/dbc3705bf3a93e8be1ba6de0ef950341\",\"name\":\"rbraidy\",\"image\":{\"@type\":\"ImageObject\",\"inLanguage\":\"es\",\"@id\":\"https:\/\/medicina.udd.cl\/kinesiologia-santiago\/#\/schema\/person\/image\/\",\"url\":\"https:\/\/secure.gravatar.com\/avatar\/0f8bc94637401590e45d2ce17eb65c274cb8870a219de6177f3f23e63fd8cdf3?s=96&d=mm&r=g\",\"contentUrl\":\"https:\/\/secure.gravatar.com\/avatar\/0f8bc94637401590e45d2ce17eb65c274cb8870a219de6177f3f23e63fd8cdf3?s=96&d=mm&r=g\",\"caption\":\"rbraidy\"},\"url\":\"https:\/\/medicina.udd.cl\/kinesiologia-santiago\/noticias\/author\/rbraidy\/\"}]}<\/script>\n<!-- \/ Yoast SEO plugin. -->","yoast_head_json":{"title":"Primera Feria Cient\u00edfica de Biof\u00edsica Aplicada al Movimiento: Innovaci\u00f3n y Aprendizaje Integral en Kinesiolog\u00eda UDD - Kinesiolog\u00eda","robots":{"index":"index","follow":"follow","max-snippet":"max-snippet:-1","max-image-preview":"max-image-preview:large","max-video-preview":"max-video-preview:-1"},"canonical":"https:\/\/medicina.udd.cl\/kinesiologia-santiago\/noticias\/2024\/12\/11\/primera-feria-cientifica-de-biofisica-aplicada-al-movimiento-innovacion-y-aprendizaje-integral-en-kinesiologia-udd\/","og_locale":"es_ES","og_type":"article","og_title":"Primera Feria Cient\u00edfica de Biof\u00edsica Aplicada al Movimiento: Innovaci\u00f3n y Aprendizaje Integral en Kinesiolog\u00eda UDD - Kinesiolog\u00eda","og_description":"La carrera de Kinesiolog\u00eda de la Facultad de Medicina Cl\u00ednica Alemana Universidad del Desarrollo (UDD), llev\u00f3 a cabo la 1ra Feria Cient\u00edfica de Biof\u00edsica Aplicada al Movimiento, un evento acad\u00e9mico que marc\u00f3 un hito en la formaci\u00f3n de los estudiantes de primer a\u00f1o de la carrera. La actividad, organizada en el marco de la asignatura [&hellip;]","og_url":"https:\/\/medicina.udd.cl\/kinesiologia-santiago\/noticias\/2024\/12\/11\/primera-feria-cientifica-de-biofisica-aplicada-al-movimiento-innovacion-y-aprendizaje-integral-en-kinesiologia-udd\/","og_site_name":"Kinesiolog\u00eda","article_published_time":"2024-12-11T16:28:05+00:00","article_modified_time":"2024-12-11T16:28:07+00:00","og_image":[{"width":1440,"height":2560,"url":"https:\/\/medicina.udd.cl\/kinesiologia-santiago\/files\/2024\/12\/kine-feria-cientifica-biofisica-movimiento-27-scaled.jpg","type":"image\/jpeg"}],"author":"rbraidy","twitter_misc":{"Escrito por":"rbraidy","Tiempo de lectura":"11 minutos"},"schema":{"@context":"https:\/\/schema.org","@graph":[{"@type":"Article","@id":"https:\/\/medicina.udd.cl\/kinesiologia-santiago\/noticias\/2024\/12\/11\/primera-feria-cientifica-de-biofisica-aplicada-al-movimiento-innovacion-y-aprendizaje-integral-en-kinesiologia-udd\/#article","isPartOf":{"@id":"https:\/\/medicina.udd.cl\/kinesiologia-santiago\/noticias\/2024\/12\/11\/primera-feria-cientifica-de-biofisica-aplicada-al-movimiento-innovacion-y-aprendizaje-integral-en-kinesiologia-udd\/"},"author":{"name":"rbraidy","@id":"https:\/\/medicina.udd.cl\/kinesiologia-santiago\/#\/schema\/person\/dbc3705bf3a93e8be1ba6de0ef950341"},"headline":"Primera Feria Cient\u00edfica de Biof\u00edsica Aplicada al Movimiento: Innovaci\u00f3n y Aprendizaje Integral en Kinesiolog\u00eda UDD","datePublished":"2024-12-11T16:28:05+00:00","dateModified":"2024-12-11T16:28:07+00:00","mainEntityOfPage":{"@id":"https:\/\/medicina.udd.cl\/kinesiologia-santiago\/noticias\/2024\/12\/11\/primera-feria-cientifica-de-biofisica-aplicada-al-movimiento-innovacion-y-aprendizaje-integral-en-kinesiologia-udd\/"},"wordCount":1195,"image":{"@id":"https:\/\/medicina.udd.cl\/kinesiologia-santiago\/noticias\/2024\/12\/11\/primera-feria-cientifica-de-biofisica-aplicada-al-movimiento-innovacion-y-aprendizaje-integral-en-kinesiologia-udd\/#primaryimage"},"thumbnailUrl":"https:\/\/medicina.udd.cl\/kinesiologia-santiago\/files\/2024\/12\/kine-feria-cientifica-biofisica-movimiento-27-scaled.jpg","articleSection":["Noticias"],"inLanguage":"es"},{"@type":"WebPage","@id":"https:\/\/medicina.udd.cl\/kinesiologia-santiago\/noticias\/2024\/12\/11\/primera-feria-cientifica-de-biofisica-aplicada-al-movimiento-innovacion-y-aprendizaje-integral-en-kinesiologia-udd\/","url":"https:\/\/medicina.udd.cl\/kinesiologia-santiago\/noticias\/2024\/12\/11\/primera-feria-cientifica-de-biofisica-aplicada-al-movimiento-innovacion-y-aprendizaje-integral-en-kinesiologia-udd\/","name":"Primera Feria Cient\u00edfica de Biof\u00edsica Aplicada al Movimiento: Innovaci\u00f3n y Aprendizaje Integral en Kinesiolog\u00eda UDD - Kinesiolog\u00eda","isPartOf":{"@id":"https:\/\/medicina.udd.cl\/kinesiologia-santiago\/#website"},"primaryImageOfPage":{"@id":"https:\/\/medicina.udd.cl\/kinesiologia-santiago\/noticias\/2024\/12\/11\/primera-feria-cientifica-de-biofisica-aplicada-al-movimiento-innovacion-y-aprendizaje-integral-en-kinesiologia-udd\/#primaryimage"},"image":{"@id":"https:\/\/medicina.udd.cl\/kinesiologia-santiago\/noticias\/2024\/12\/11\/primera-feria-cientifica-de-biofisica-aplicada-al-movimiento-innovacion-y-aprendizaje-integral-en-kinesiologia-udd\/#primaryimage"},"thumbnailUrl":"https:\/\/medicina.udd.cl\/kinesiologia-santiago\/files\/2024\/12\/kine-feria-cientifica-biofisica-movimiento-27-scaled.jpg","datePublished":"2024-12-11T16:28:05+00:00","dateModified":"2024-12-11T16:28:07+00:00","author":{"@id":"https:\/\/medicina.udd.cl\/kinesiologia-santiago\/#\/schema\/person\/dbc3705bf3a93e8be1ba6de0ef950341"},"breadcrumb":{"@id":"https:\/\/medicina.udd.cl\/kinesiologia-santiago\/noticias\/2024\/12\/11\/primera-feria-cientifica-de-biofisica-aplicada-al-movimiento-innovacion-y-aprendizaje-integral-en-kinesiologia-udd\/#breadcrumb"},"inLanguage":"es","potentialAction":[{"@type":"ReadAction","target":["https:\/\/medicina.udd.cl\/kinesiologia-santiago\/noticias\/2024\/12\/11\/primera-feria-cientifica-de-biofisica-aplicada-al-movimiento-innovacion-y-aprendizaje-integral-en-kinesiologia-udd\/"]}]},{"@type":"ImageObject","inLanguage":"es","@id":"https:\/\/medicina.udd.cl\/kinesiologia-santiago\/noticias\/2024\/12\/11\/primera-feria-cientifica-de-biofisica-aplicada-al-movimiento-innovacion-y-aprendizaje-integral-en-kinesiologia-udd\/#primaryimage","url":"https:\/\/medicina.udd.cl\/kinesiologia-santiago\/files\/2024\/12\/kine-feria-cientifica-biofisica-movimiento-27-scaled.jpg","contentUrl":"https:\/\/medicina.udd.cl\/kinesiologia-santiago\/files\/2024\/12\/kine-feria-cientifica-biofisica-movimiento-27-scaled.jpg","width":1440,"height":2560},{"@type":"BreadcrumbList","@id":"https:\/\/medicina.udd.cl\/kinesiologia-santiago\/noticias\/2024\/12\/11\/primera-feria-cientifica-de-biofisica-aplicada-al-movimiento-innovacion-y-aprendizaje-integral-en-kinesiologia-udd\/#breadcrumb","itemListElement":[{"@type":"ListItem","position":1,"name":"Home","item":"https:\/\/medicina.udd.cl\/kinesiologia-santiago\/"},{"@type":"ListItem","position":2,"name":"Primera Feria Cient\u00edfica de Biof\u00edsica Aplicada al Movimiento: Innovaci\u00f3n y Aprendizaje Integral en Kinesiolog\u00eda UDD"}]},{"@type":"WebSite","@id":"https:\/\/medicina.udd.cl\/kinesiologia-santiago\/#website","url":"https:\/\/medicina.udd.cl\/kinesiologia-santiago\/","name":"Kinesiolog\u00eda","description":"Facultad de Medicina Cl\u00ednica Alemana Universidad del Desarrollo","inLanguage":"es"},{"@type":"Person","@id":"https:\/\/medicina.udd.cl\/kinesiologia-santiago\/#\/schema\/person\/dbc3705bf3a93e8be1ba6de0ef950341","name":"rbraidy","image":{"@type":"ImageObject","inLanguage":"es","@id":"https:\/\/medicina.udd.cl\/kinesiologia-santiago\/#\/schema\/person\/image\/","url":"https:\/\/secure.gravatar.com\/avatar\/0f8bc94637401590e45d2ce17eb65c274cb8870a219de6177f3f23e63fd8cdf3?s=96&d=mm&r=g","contentUrl":"https:\/\/secure.gravatar.com\/avatar\/0f8bc94637401590e45d2ce17eb65c274cb8870a219de6177f3f23e63fd8cdf3?s=96&d=mm&r=g","caption":"rbraidy"},"url":"https:\/\/medicina.udd.cl\/kinesiologia-santiago\/noticias\/author\/rbraidy\/"}]}},"featured_image_url":"https:\/\/medicina.udd.cl\/kinesiologia-santiago\/files\/2024\/12\/kine-feria-cientifica-biofisica-movimiento-27-scaled.jpg","_links":{"self":[{"href":"https:\/\/medicina.udd.cl\/kinesiologia-santiago\/wp-json\/wp\/v2\/posts\/6939","targetHints":{"allow":["GET"]}}],"collection":[{"href":"https:\/\/medicina.udd.cl\/kinesiologia-santiago\/wp-json\/wp\/v2\/posts"}],"about":[{"href":"https:\/\/medicina.udd.cl\/kinesiologia-santiago\/wp-json\/wp\/v2\/types\/post"}],"author":[{"embeddable":true,"href":"https:\/\/medicina.udd.cl\/kinesiologia-santiago\/wp-json\/wp\/v2\/users\/9192219"}],"replies":[{"embeddable":true,"href":"https:\/\/medicina.udd.cl\/kinesiologia-santiago\/wp-json\/wp\/v2\/comments?post=6939"}],"version-history":[{"count":1,"href":"https:\/\/medicina.udd.cl\/kinesiologia-santiago\/wp-json\/wp\/v2\/posts\/6939\/revisions"}],"predecessor-version":[{"id":6973,"href":"https:\/\/medicina.udd.cl\/kinesiologia-santiago\/wp-json\/wp\/v2\/posts\/6939\/revisions\/6973"}],"wp:featuredmedia":[{"embeddable":true,"href":"https:\/\/medicina.udd.cl\/kinesiologia-santiago\/wp-json\/wp\/v2\/media\/6966"}],"wp:attachment":[{"href":"https:\/\/medicina.udd.cl\/kinesiologia-santiago\/wp-json\/wp\/v2\/media?parent=6939"}],"wp:term":[{"taxonomy":"category","embeddable":true,"href":"https:\/\/medicina.udd.cl\/kinesiologia-santiago\/wp-json\/wp\/v2\/categories?post=6939"},{"taxonomy":"post_tag","embeddable":true,"href":"https:\/\/medicina.udd.cl\/kinesiologia-santiago\/wp-json\/wp\/v2\/tags?post=6939"}],"curies":[{"name":"wp","href":"https:\/\/api.w.org\/{rel}","templated":true}]}}