{"id":700,"date":"2012-06-01T14:16:53","date_gmt":"2012-06-01T18:16:53","guid":{"rendered":"http:\/\/medicina.udd.cl\/kinesiologia-santiago\/?p=700"},"modified":"2012-06-01T14:16:53","modified_gmt":"2012-06-01T18:16:53","slug":"docente-expone-en-la-reunion-anual-de-la-asociacion-de-medicina-aeroespacial","status":"publish","type":"post","link":"https:\/\/medicina.udd.cl\/kinesiologia-santiago\/noticias\/2012\/06\/01\/docente-expone-en-la-reunion-anual-de-la-asociacion-de-medicina-aeroespacial\/","title":{"rendered":"Docente expone en la Reuni\u00f3n Anual de la Asociaci\u00f3n de Medicina Aeroespacial"},"content":{"rendered":"<p style=\"text-align: justify;\"><a href=\"http:\/\/medicina.udd.cl\/kinesiologia-santiago\/files\/2012\/06\/Manuel-Alvear.jpg\"><img loading=\"lazy\" decoding=\"async\" class=\"alignright size-medium wp-image-701\" title=\"Manuel Alvear\" src=\"http:\/\/medicina.udd.cl\/kinesiologia-santiago\/files\/2012\/06\/Manuel-Alvear-223x300.jpg\" alt=\"\" width=\"223\" height=\"300\" \/><\/a>El\u00a0profesor Manuel Alvear Catal\u00e1n, fisi\u00f3logo particip\u00f3 como expositor en la 78\u00aa Reuni\u00f3n Anual de la Asociaci\u00f3n de Medicina Aeroespacial (A.S.M.A.), la cual se llev\u00f3 a cabo en la ciudad de New Orleans, Estados Unidos.<\/p>\n<p style=\"text-align: justify;\">El docente y fisi\u00f3logo aeroespacial expuso sobre la <strong>Obtenci\u00f3n del \u00cdndice de Fatiga de la Musculatura Lumbar en Pilotos de Helic\u00f3ptero, utilizando Electromiograf\u00eda de Superficie<\/strong>.<\/p>\n<p style=\"text-align: justify;\">Cabe destacar que el dominio sobre la medicina aeroespacial es gracias a su experiencia en las Fueras A\u00e9reas de Chile, donde est\u00e1 a cargo de la c\u00e1mara hipob\u00e1rica para la aclimataci\u00f3n de personas en altura.<\/p>\n","protected":false},"excerpt":{"rendered":"<p>El jefe de Laboratorio de Kinesiolog\u00eda, Manuel Alvear, fue invitado como \u00fanico experto en Latinoam\u00e9rica.<\/p>\n","protected":false},"author":1,"featured_media":0,"comment_status":"open","ping_status":"open","sticky":false,"template":"","format":"standard","meta":{"footnotes":""},"categories":[4],"tags":[],"class_list":["post-700","post","type-post","status-publish","format-standard","hentry","category-noticias"],"yoast_head":"<!-- This site is optimized with the Yoast SEO plugin v26.9 - https:\/\/yoast.com\/product\/yoast-seo-wordpress\/ -->\n<title>Docente expone en la Reuni\u00f3n Anual de la Asociaci\u00f3n de Medicina Aeroespacial - Kinesiolog\u00eda<\/title>\n<meta name=\"robots\" content=\"index, follow, max-snippet:-1, max-image-preview:large, max-video-preview:-1\" \/>\n<link rel=\"canonical\" href=\"https:\/\/medicina.udd.cl\/kinesiologia-santiago\/noticias\/2012\/06\/01\/docente-expone-en-la-reunion-anual-de-la-asociacion-de-medicina-aeroespacial\/\" \/>\n<meta property=\"og:locale\" content=\"es_ES\" \/>\n<meta property=\"og:type\" content=\"article\" \/>\n<meta property=\"og:title\" content=\"Docente expone en la Reuni\u00f3n Anual de la Asociaci\u00f3n de Medicina Aeroespacial - Kinesiolog\u00eda\" \/>\n<meta property=\"og:description\" content=\"El jefe de Laboratorio de Kinesiolog\u00eda, Manuel Alvear, fue invitado como \u00fanico experto en Latinoam\u00e9rica.\" \/>\n<meta property=\"og:url\" content=\"https:\/\/medicina.udd.cl\/kinesiologia-santiago\/noticias\/2012\/06\/01\/docente-expone-en-la-reunion-anual-de-la-asociacion-de-medicina-aeroespacial\/\" \/>\n<meta property=\"og:site_name\" content=\"Kinesiolog\u00eda\" \/>\n<meta property=\"article:published_time\" content=\"2012-06-01T18:16:53+00:00\" \/>\n<meta property=\"og:image\" content=\"http:\/\/medicina.udd.cl\/kinesiologia-santiago\/files\/2012\/06\/Manuel-Alvear-223x300.jpg\" \/>\n<meta name=\"author\" content=\"admin\" \/>\n<meta name=\"twitter:label1\" content=\"Escrito por\" \/>\n\t<meta name=\"twitter:data1\" content=\"admin\" \/>\n\t<meta name=\"twitter:label2\" content=\"Tiempo de lectura\" \/>\n\t<meta name=\"twitter:data2\" content=\"1 minuto\" \/>\n<script type=\"application\/ld+json\" class=\"yoast-schema-graph\">{\"@context\":\"https:\/\/schema.org\",\"@graph\":[{\"@type\":\"Article\",\"@id\":\"https:\/\/medicina.udd.cl\/kinesiologia-santiago\/noticias\/2012\/06\/01\/docente-expone-en-la-reunion-anual-de-la-asociacion-de-medicina-aeroespacial\/#article\",\"isPartOf\":{\"@id\":\"https:\/\/medicina.udd.cl\/kinesiologia-santiago\/noticias\/2012\/06\/01\/docente-expone-en-la-reunion-anual-de-la-asociacion-de-medicina-aeroespacial\/\"},\"author\":{\"name\":\"admin\",\"@id\":\"https:\/\/medicina.udd.cl\/kinesiologia-santiago\/#\/schema\/person\/f7abfa784c86da427e89287831f96ab7\"},\"headline\":\"Docente expone en la Reuni\u00f3n Anual de la Asociaci\u00f3n de Medicina Aeroespacial\",\"datePublished\":\"2012-06-01T18:16:53+00:00\",\"mainEntityOfPage\":{\"@id\":\"https:\/\/medicina.udd.cl\/kinesiologia-santiago\/noticias\/2012\/06\/01\/docente-expone-en-la-reunion-anual-de-la-asociacion-de-medicina-aeroespacial\/\"},\"wordCount\":123,\"commentCount\":0,\"image\":{\"@id\":\"https:\/\/medicina.udd.cl\/kinesiologia-santiago\/noticias\/2012\/06\/01\/docente-expone-en-la-reunion-anual-de-la-asociacion-de-medicina-aeroespacial\/#primaryimage\"},\"thumbnailUrl\":\"http:\/\/medicina.udd.cl\/kinesiologia-santiago\/files\/2012\/06\/Manuel-Alvear-223x300.jpg\",\"articleSection\":[\"Noticias\"],\"inLanguage\":\"es\",\"potentialAction\":[{\"@type\":\"CommentAction\",\"name\":\"Comment\",\"target\":[\"https:\/\/medicina.udd.cl\/kinesiologia-santiago\/noticias\/2012\/06\/01\/docente-expone-en-la-reunion-anual-de-la-asociacion-de-medicina-aeroespacial\/#respond\"]}]},{\"@type\":\"WebPage\",\"@id\":\"https:\/\/medicina.udd.cl\/kinesiologia-santiago\/noticias\/2012\/06\/01\/docente-expone-en-la-reunion-anual-de-la-asociacion-de-medicina-aeroespacial\/\",\"url\":\"https:\/\/medicina.udd.cl\/kinesiologia-santiago\/noticias\/2012\/06\/01\/docente-expone-en-la-reunion-anual-de-la-asociacion-de-medicina-aeroespacial\/\",\"name\":\"Docente expone en la Reuni\u00f3n Anual de la Asociaci\u00f3n de Medicina Aeroespacial - Kinesiolog\u00eda\",\"isPartOf\":{\"@id\":\"https:\/\/medicina.udd.cl\/kinesiologia-santiago\/#website\"},\"primaryImageOfPage\":{\"@id\":\"https:\/\/medicina.udd.cl\/kinesiologia-santiago\/noticias\/2012\/06\/01\/docente-expone-en-la-reunion-anual-de-la-asociacion-de-medicina-aeroespacial\/#primaryimage\"},\"image\":{\"@id\":\"https:\/\/medicina.udd.cl\/kinesiologia-santiago\/noticias\/2012\/06\/01\/docente-expone-en-la-reunion-anual-de-la-asociacion-de-medicina-aeroespacial\/#primaryimage\"},\"thumbnailUrl\":\"http:\/\/medicina.udd.cl\/kinesiologia-santiago\/files\/2012\/06\/Manuel-Alvear-223x300.jpg\",\"datePublished\":\"2012-06-01T18:16:53+00:00\",\"author\":{\"@id\":\"https:\/\/medicina.udd.cl\/kinesiologia-santiago\/#\/schema\/person\/f7abfa784c86da427e89287831f96ab7\"},\"breadcrumb\":{\"@id\":\"https:\/\/medicina.udd.cl\/kinesiologia-santiago\/noticias\/2012\/06\/01\/docente-expone-en-la-reunion-anual-de-la-asociacion-de-medicina-aeroespacial\/#breadcrumb\"},\"inLanguage\":\"es\",\"potentialAction\":[{\"@type\":\"ReadAction\",\"target\":[\"https:\/\/medicina.udd.cl\/kinesiologia-santiago\/noticias\/2012\/06\/01\/docente-expone-en-la-reunion-anual-de-la-asociacion-de-medicina-aeroespacial\/\"]}]},{\"@type\":\"ImageObject\",\"inLanguage\":\"es\",\"@id\":\"https:\/\/medicina.udd.cl\/kinesiologia-santiago\/noticias\/2012\/06\/01\/docente-expone-en-la-reunion-anual-de-la-asociacion-de-medicina-aeroespacial\/#primaryimage\",\"url\":\"http:\/\/medicina.udd.cl\/kinesiologia-santiago\/files\/2012\/06\/Manuel-Alvear-223x300.jpg\",\"contentUrl\":\"http:\/\/medicina.udd.cl\/kinesiologia-santiago\/files\/2012\/06\/Manuel-Alvear-223x300.jpg\"},{\"@type\":\"BreadcrumbList\",\"@id\":\"https:\/\/medicina.udd.cl\/kinesiologia-santiago\/noticias\/2012\/06\/01\/docente-expone-en-la-reunion-anual-de-la-asociacion-de-medicina-aeroespacial\/#breadcrumb\",\"itemListElement\":[{\"@type\":\"ListItem\",\"position\":1,\"name\":\"Home\",\"item\":\"https:\/\/medicina.udd.cl\/kinesiologia-santiago\/\"},{\"@type\":\"ListItem\",\"position\":2,\"name\":\"Docente expone en la Reuni\u00f3n Anual de la Asociaci\u00f3n de Medicina Aeroespacial\"}]},{\"@type\":\"WebSite\",\"@id\":\"https:\/\/medicina.udd.cl\/kinesiologia-santiago\/#website\",\"url\":\"https:\/\/medicina.udd.cl\/kinesiologia-santiago\/\",\"name\":\"Kinesiolog\u00eda\",\"description\":\"Facultad de Medicina Cl\u00ednica Alemana Universidad del Desarrollo\",\"inLanguage\":\"es\"},{\"@type\":\"Person\",\"@id\":\"https:\/\/medicina.udd.cl\/kinesiologia-santiago\/#\/schema\/person\/f7abfa784c86da427e89287831f96ab7\",\"name\":\"admin\",\"image\":{\"@type\":\"ImageObject\",\"inLanguage\":\"es\",\"@id\":\"https:\/\/medicina.udd.cl\/kinesiologia-santiago\/#\/schema\/person\/image\/\",\"url\":\"https:\/\/secure.gravatar.com\/avatar\/3cb6da298954dfb54457c0910b8c9ca010abd8d87a60f7d701b6ce4254e1c642?s=96&d=mm&r=g\",\"contentUrl\":\"https:\/\/secure.gravatar.com\/avatar\/3cb6da298954dfb54457c0910b8c9ca010abd8d87a60f7d701b6ce4254e1c642?s=96&d=mm&r=g\",\"caption\":\"admin\"},\"url\":\"https:\/\/medicina.udd.cl\/kinesiologia-santiago\/noticias\/author\/admin\/\"}]}<\/script>\n<!-- \/ Yoast SEO plugin. -->","yoast_head_json":{"title":"Docente expone en la Reuni\u00f3n Anual de la Asociaci\u00f3n de Medicina Aeroespacial - Kinesiolog\u00eda","robots":{"index":"index","follow":"follow","max-snippet":"max-snippet:-1","max-image-preview":"max-image-preview:large","max-video-preview":"max-video-preview:-1"},"canonical":"https:\/\/medicina.udd.cl\/kinesiologia-santiago\/noticias\/2012\/06\/01\/docente-expone-en-la-reunion-anual-de-la-asociacion-de-medicina-aeroespacial\/","og_locale":"es_ES","og_type":"article","og_title":"Docente expone en la Reuni\u00f3n Anual de la Asociaci\u00f3n de Medicina Aeroespacial - Kinesiolog\u00eda","og_description":"El jefe de Laboratorio de Kinesiolog\u00eda, Manuel Alvear, fue invitado como \u00fanico experto en Latinoam\u00e9rica.","og_url":"https:\/\/medicina.udd.cl\/kinesiologia-santiago\/noticias\/2012\/06\/01\/docente-expone-en-la-reunion-anual-de-la-asociacion-de-medicina-aeroespacial\/","og_site_name":"Kinesiolog\u00eda","article_published_time":"2012-06-01T18:16:53+00:00","og_image":[{"url":"http:\/\/medicina.udd.cl\/kinesiologia-santiago\/files\/2012\/06\/Manuel-Alvear-223x300.jpg","type":"","width":"","height":""}],"author":"admin","twitter_misc":{"Escrito por":"admin","Tiempo de lectura":"1 minuto"},"schema":{"@context":"https:\/\/schema.org","@graph":[{"@type":"Article","@id":"https:\/\/medicina.udd.cl\/kinesiologia-santiago\/noticias\/2012\/06\/01\/docente-expone-en-la-reunion-anual-de-la-asociacion-de-medicina-aeroespacial\/#article","isPartOf":{"@id":"https:\/\/medicina.udd.cl\/kinesiologia-santiago\/noticias\/2012\/06\/01\/docente-expone-en-la-reunion-anual-de-la-asociacion-de-medicina-aeroespacial\/"},"author":{"name":"admin","@id":"https:\/\/medicina.udd.cl\/kinesiologia-santiago\/#\/schema\/person\/f7abfa784c86da427e89287831f96ab7"},"headline":"Docente expone en la Reuni\u00f3n Anual de la Asociaci\u00f3n de Medicina Aeroespacial","datePublished":"2012-06-01T18:16:53+00:00","mainEntityOfPage":{"@id":"https:\/\/medicina.udd.cl\/kinesiologia-santiago\/noticias\/2012\/06\/01\/docente-expone-en-la-reunion-anual-de-la-asociacion-de-medicina-aeroespacial\/"},"wordCount":123,"commentCount":0,"image":{"@id":"https:\/\/medicina.udd.cl\/kinesiologia-santiago\/noticias\/2012\/06\/01\/docente-expone-en-la-reunion-anual-de-la-asociacion-de-medicina-aeroespacial\/#primaryimage"},"thumbnailUrl":"http:\/\/medicina.udd.cl\/kinesiologia-santiago\/files\/2012\/06\/Manuel-Alvear-223x300.jpg","articleSection":["Noticias"],"inLanguage":"es","potentialAction":[{"@type":"CommentAction","name":"Comment","target":["https:\/\/medicina.udd.cl\/kinesiologia-santiago\/noticias\/2012\/06\/01\/docente-expone-en-la-reunion-anual-de-la-asociacion-de-medicina-aeroespacial\/#respond"]}]},{"@type":"WebPage","@id":"https:\/\/medicina.udd.cl\/kinesiologia-santiago\/noticias\/2012\/06\/01\/docente-expone-en-la-reunion-anual-de-la-asociacion-de-medicina-aeroespacial\/","url":"https:\/\/medicina.udd.cl\/kinesiologia-santiago\/noticias\/2012\/06\/01\/docente-expone-en-la-reunion-anual-de-la-asociacion-de-medicina-aeroespacial\/","name":"Docente expone en la Reuni\u00f3n Anual de la Asociaci\u00f3n de Medicina Aeroespacial - Kinesiolog\u00eda","isPartOf":{"@id":"https:\/\/medicina.udd.cl\/kinesiologia-santiago\/#website"},"primaryImageOfPage":{"@id":"https:\/\/medicina.udd.cl\/kinesiologia-santiago\/noticias\/2012\/06\/01\/docente-expone-en-la-reunion-anual-de-la-asociacion-de-medicina-aeroespacial\/#primaryimage"},"image":{"@id":"https:\/\/medicina.udd.cl\/kinesiologia-santiago\/noticias\/2012\/06\/01\/docente-expone-en-la-reunion-anual-de-la-asociacion-de-medicina-aeroespacial\/#primaryimage"},"thumbnailUrl":"http:\/\/medicina.udd.cl\/kinesiologia-santiago\/files\/2012\/06\/Manuel-Alvear-223x300.jpg","datePublished":"2012-06-01T18:16:53+00:00","author":{"@id":"https:\/\/medicina.udd.cl\/kinesiologia-santiago\/#\/schema\/person\/f7abfa784c86da427e89287831f96ab7"},"breadcrumb":{"@id":"https:\/\/medicina.udd.cl\/kinesiologia-santiago\/noticias\/2012\/06\/01\/docente-expone-en-la-reunion-anual-de-la-asociacion-de-medicina-aeroespacial\/#breadcrumb"},"inLanguage":"es","potentialAction":[{"@type":"ReadAction","target":["https:\/\/medicina.udd.cl\/kinesiologia-santiago\/noticias\/2012\/06\/01\/docente-expone-en-la-reunion-anual-de-la-asociacion-de-medicina-aeroespacial\/"]}]},{"@type":"ImageObject","inLanguage":"es","@id":"https:\/\/medicina.udd.cl\/kinesiologia-santiago\/noticias\/2012\/06\/01\/docente-expone-en-la-reunion-anual-de-la-asociacion-de-medicina-aeroespacial\/#primaryimage","url":"http:\/\/medicina.udd.cl\/kinesiologia-santiago\/files\/2012\/06\/Manuel-Alvear-223x300.jpg","contentUrl":"http:\/\/medicina.udd.cl\/kinesiologia-santiago\/files\/2012\/06\/Manuel-Alvear-223x300.jpg"},{"@type":"BreadcrumbList","@id":"https:\/\/medicina.udd.cl\/kinesiologia-santiago\/noticias\/2012\/06\/01\/docente-expone-en-la-reunion-anual-de-la-asociacion-de-medicina-aeroespacial\/#breadcrumb","itemListElement":[{"@type":"ListItem","position":1,"name":"Home","item":"https:\/\/medicina.udd.cl\/kinesiologia-santiago\/"},{"@type":"ListItem","position":2,"name":"Docente expone en la Reuni\u00f3n Anual de la Asociaci\u00f3n de Medicina Aeroespacial"}]},{"@type":"WebSite","@id":"https:\/\/medicina.udd.cl\/kinesiologia-santiago\/#website","url":"https:\/\/medicina.udd.cl\/kinesiologia-santiago\/","name":"Kinesiolog\u00eda","description":"Facultad de Medicina Cl\u00ednica Alemana Universidad del Desarrollo","inLanguage":"es"},{"@type":"Person","@id":"https:\/\/medicina.udd.cl\/kinesiologia-santiago\/#\/schema\/person\/f7abfa784c86da427e89287831f96ab7","name":"admin","image":{"@type":"ImageObject","inLanguage":"es","@id":"https:\/\/medicina.udd.cl\/kinesiologia-santiago\/#\/schema\/person\/image\/","url":"https:\/\/secure.gravatar.com\/avatar\/3cb6da298954dfb54457c0910b8c9ca010abd8d87a60f7d701b6ce4254e1c642?s=96&d=mm&r=g","contentUrl":"https:\/\/secure.gravatar.com\/avatar\/3cb6da298954dfb54457c0910b8c9ca010abd8d87a60f7d701b6ce4254e1c642?s=96&d=mm&r=g","caption":"admin"},"url":"https:\/\/medicina.udd.cl\/kinesiologia-santiago\/noticias\/author\/admin\/"}]}},"featured_image_url":null,"_links":{"self":[{"href":"https:\/\/medicina.udd.cl\/kinesiologia-santiago\/wp-json\/wp\/v2\/posts\/700","targetHints":{"allow":["GET"]}}],"collection":[{"href":"https:\/\/medicina.udd.cl\/kinesiologia-santiago\/wp-json\/wp\/v2\/posts"}],"about":[{"href":"https:\/\/medicina.udd.cl\/kinesiologia-santiago\/wp-json\/wp\/v2\/types\/post"}],"author":[{"embeddable":true,"href":"https:\/\/medicina.udd.cl\/kinesiologia-santiago\/wp-json\/wp\/v2\/users\/1"}],"replies":[{"embeddable":true,"href":"https:\/\/medicina.udd.cl\/kinesiologia-santiago\/wp-json\/wp\/v2\/comments?post=700"}],"version-history":[{"count":1,"href":"https:\/\/medicina.udd.cl\/kinesiologia-santiago\/wp-json\/wp\/v2\/posts\/700\/revisions"}],"predecessor-version":[{"id":702,"href":"https:\/\/medicina.udd.cl\/kinesiologia-santiago\/wp-json\/wp\/v2\/posts\/700\/revisions\/702"}],"wp:attachment":[{"href":"https:\/\/medicina.udd.cl\/kinesiologia-santiago\/wp-json\/wp\/v2\/media?parent=700"}],"wp:term":[{"taxonomy":"category","embeddable":true,"href":"https:\/\/medicina.udd.cl\/kinesiologia-santiago\/wp-json\/wp\/v2\/categories?post=700"},{"taxonomy":"post_tag","embeddable":true,"href":"https:\/\/medicina.udd.cl\/kinesiologia-santiago\/wp-json\/wp\/v2\/tags?post=700"}],"curies":[{"name":"wp","href":"https:\/\/api.w.org\/{rel}","templated":true}]}}