{"id":7011,"date":"2025-03-06T17:17:11","date_gmt":"2025-03-06T20:17:11","guid":{"rendered":"https:\/\/medicina.udd.cl\/kinesiologia-santiago\/?p=7011"},"modified":"2025-03-06T17:17:13","modified_gmt":"2025-03-06T20:17:13","slug":"realizan-primera-investidura-de-estudiantes-de-kinesiologia-udd","status":"publish","type":"post","link":"https:\/\/medicina.udd.cl\/kinesiologia-santiago\/noticias\/2025\/03\/06\/realizan-primera-investidura-de-estudiantes-de-kinesiologia-udd\/","title":{"rendered":"Realizan Primera investidura de estudiantes de Kinesiolog\u00eda UDD"},"content":{"rendered":"\n<p><\/p>\n\n\n\n<figure class=\"wp-block-image aligncenter size-large\"><a href=\"https:\/\/medicina.udd.cl\/kinesiologia-santiago\/files\/2025\/03\/kine-investidura-2025-15-scaled.jpg\"><img loading=\"lazy\" decoding=\"async\" width=\"1024\" height=\"683\" src=\"https:\/\/medicina.udd.cl\/kinesiologia-santiago\/files\/2025\/03\/kine-investidura-2025-15-1024x683.jpg\" alt=\"\" class=\"wp-image-7026\" srcset=\"https:\/\/medicina.udd.cl\/kinesiologia-santiago\/files\/2025\/03\/kine-investidura-2025-15-1024x683.jpg 1024w, https:\/\/medicina.udd.cl\/kinesiologia-santiago\/files\/2025\/03\/kine-investidura-2025-15-300x200.jpg 300w, https:\/\/medicina.udd.cl\/kinesiologia-santiago\/files\/2025\/03\/kine-investidura-2025-15-768x512.jpg 768w, https:\/\/medicina.udd.cl\/kinesiologia-santiago\/files\/2025\/03\/kine-investidura-2025-15-1536x1024.jpg 1536w, https:\/\/medicina.udd.cl\/kinesiologia-santiago\/files\/2025\/03\/kine-investidura-2025-15-2048x1365.jpg 2048w\" sizes=\"auto, (max-width: 1024px) 100vw, 1024px\" \/><\/a><\/figure>\n\n\n\n<p>La carrera de Kinesiolog\u00eda de la Facultad de Medicina Cl\u00ednica Alemana Universidad del Desarrollo (UDD) celebr\u00f3 un momento hist\u00f3rico con la realizaci\u00f3n de su primera ceremonia de investidura. Este simb\u00f3lico evento marca el inicio de una nueva etapa en la formaci\u00f3n de los estudiantes, quienes dan paso al ciclo de la Licenciatura y visten por primera vez su uniforme. Este uniforme representa un mayor compromiso con su profesi\u00f3n, acerc\u00e1ndolos a su rol como futuros profesionales de la salud y reforzando su conexi\u00f3n con los pacientes.<\/p>\n\n\n\n<p><strong>Palabras de las autoridades<\/strong><\/p>\n\n\n\n<p>Para dar inicio a la ceremonia, la Dra. Liliana Jadue Hund, vicedecana de las carreras de la salud de la Facultad de Medicina Cl\u00ednica Alemana UDD, destac\u00f3 la relevancia de este primer acto de investidura. Se\u00f1al\u00f3 que este evento representa un momento significativo en la formaci\u00f3n de los estudiantes, simbolizando su identidad profesional y la conexi\u00f3n con la tradici\u00f3n de la disciplina. Asimismo, resalt\u00f3 la importancia de la empat\u00eda y la calidad humana en su futuro desempe\u00f1o laboral.<\/p>\n\n\n\n<p>Por su parte, el Klgo. Jorge Molina, director de la carrera de Kinesiolog\u00eda UDD, enfatiz\u00f3 la trascendencia de esta primera investidura. En su discurso, reconoci\u00f3 el compromiso profesional que implica el uso del uniforme y la responsabilidad de atender a los pacientes con empat\u00eda y dedicaci\u00f3n. Adem\u00e1s, expres\u00f3 su reconocimiento al esfuerzo de los alumnos, docentes y autoridades en este proceso formativo.<\/p>\n\n\n\n<p><strong>Mensaje de los estudiantes<\/strong><\/p>\n\n\n\n<p>La ceremonia tambi\u00e9n cont\u00f3 con la participaci\u00f3n de Carla Chand\u00eda, presidenta del Centro de Alumnos de Kinesiolog\u00eda UDD, quien, en representaci\u00f3n de sus compa\u00f1eros, celebr\u00f3 la primera investidura de la carrera. Destac\u00f3 el esfuerzo, dedicaci\u00f3n y crecimiento de los estudiantes a lo largo de su formaci\u00f3n.&nbsp;<em>\u201cEste evento simboliza nuestra transici\u00f3n a la vida profesional y el compromiso con nuestros futuros pacientes. Agradecemos el apoyo de nuestras familias y deseamos mucho \u00e9xito a todos en nuestra trayectoria\u201d<\/em>, expres\u00f3.<\/p>\n\n\n\n<p><strong>Compromiso con la profesi\u00f3n<\/strong><\/p>\n\n\n\n<p>Uno de los momentos m\u00e1s significativos de la ceremonia fue la entrega de la promesa de la carrera a los estudiantes por parte de los profesores que los han acompa\u00f1ado en su primer ciclo de formaci\u00f3n. Posteriormente, se procedi\u00f3 a la lectura de la promesa, liderada por el director de carrera, Klgo. Jorge Molina. En este acto, los estudiantes se comprometieron formalmente con la profesi\u00f3n, asumiendo la responsabilidad y el respeto hacia sus futuros pacientes.<\/p>\n\n\n\n<p>Con esta emotiva ceremonia, la carrera de Kinesiolog\u00eda UDD refuerza su compromiso con la excelencia acad\u00e9mica y la formaci\u00f3n de profesionales altamente capacitados y comprometidos con la salud y el bienestar de la comunidad.<\/p>\n\n\n\n<figure class=\"wp-block-gallery has-nested-images columns-default is-cropped wp-block-gallery-1 is-layout-flex wp-block-gallery-is-layout-flex\">\n<figure class=\"wp-block-image size-large\"><a href=\"https:\/\/medicina.udd.cl\/kinesiologia-santiago\/files\/2025\/03\/kine-investidura-2025-1-scaled.jpg\"><img loading=\"lazy\" decoding=\"async\" width=\"1024\" height=\"683\" data-id=\"7012\" src=\"https:\/\/medicina.udd.cl\/kinesiologia-santiago\/files\/2025\/03\/kine-investidura-2025-1-1024x683.jpg\" alt=\"\" class=\"wp-image-7012\" srcset=\"https:\/\/medicina.udd.cl\/kinesiologia-santiago\/files\/2025\/03\/kine-investidura-2025-1-1024x683.jpg 1024w, https:\/\/medicina.udd.cl\/kinesiologia-santiago\/files\/2025\/03\/kine-investidura-2025-1-300x200.jpg 300w, https:\/\/medicina.udd.cl\/kinesiologia-santiago\/files\/2025\/03\/kine-investidura-2025-1-768x512.jpg 768w, https:\/\/medicina.udd.cl\/kinesiologia-santiago\/files\/2025\/03\/kine-investidura-2025-1-1536x1024.jpg 1536w, https:\/\/medicina.udd.cl\/kinesiologia-santiago\/files\/2025\/03\/kine-investidura-2025-1-2048x1365.jpg 2048w\" sizes=\"auto, (max-width: 1024px) 100vw, 1024px\" \/><\/a><\/figure>\n\n\n\n<figure class=\"wp-block-image size-large\"><a href=\"https:\/\/medicina.udd.cl\/kinesiologia-santiago\/files\/2025\/03\/kine-investidura-2025-2-scaled.jpg\"><img loading=\"lazy\" decoding=\"async\" width=\"1024\" height=\"683\" data-id=\"7013\" src=\"https:\/\/medicina.udd.cl\/kinesiologia-santiago\/files\/2025\/03\/kine-investidura-2025-2-1024x683.jpg\" alt=\"\" class=\"wp-image-7013\" srcset=\"https:\/\/medicina.udd.cl\/kinesiologia-santiago\/files\/2025\/03\/kine-investidura-2025-2-1024x683.jpg 1024w, https:\/\/medicina.udd.cl\/kinesiologia-santiago\/files\/2025\/03\/kine-investidura-2025-2-300x200.jpg 300w, https:\/\/medicina.udd.cl\/kinesiologia-santiago\/files\/2025\/03\/kine-investidura-2025-2-768x512.jpg 768w, https:\/\/medicina.udd.cl\/kinesiologia-santiago\/files\/2025\/03\/kine-investidura-2025-2-1536x1024.jpg 1536w, https:\/\/medicina.udd.cl\/kinesiologia-santiago\/files\/2025\/03\/kine-investidura-2025-2-2048x1365.jpg 2048w\" sizes=\"auto, (max-width: 1024px) 100vw, 1024px\" \/><\/a><\/figure>\n\n\n\n<figure class=\"wp-block-image size-large\"><a href=\"https:\/\/medicina.udd.cl\/kinesiologia-santiago\/files\/2025\/03\/kine-investidura-2025-3-scaled.jpg\"><img loading=\"lazy\" decoding=\"async\" width=\"1024\" height=\"683\" data-id=\"7014\" src=\"https:\/\/medicina.udd.cl\/kinesiologia-santiago\/files\/2025\/03\/kine-investidura-2025-3-1024x683.jpg\" alt=\"\" class=\"wp-image-7014\" srcset=\"https:\/\/medicina.udd.cl\/kinesiologia-santiago\/files\/2025\/03\/kine-investidura-2025-3-1024x683.jpg 1024w, https:\/\/medicina.udd.cl\/kinesiologia-santiago\/files\/2025\/03\/kine-investidura-2025-3-300x200.jpg 300w, https:\/\/medicina.udd.cl\/kinesiologia-santiago\/files\/2025\/03\/kine-investidura-2025-3-768x512.jpg 768w, https:\/\/medicina.udd.cl\/kinesiologia-santiago\/files\/2025\/03\/kine-investidura-2025-3-1536x1024.jpg 1536w, https:\/\/medicina.udd.cl\/kinesiologia-santiago\/files\/2025\/03\/kine-investidura-2025-3-2048x1365.jpg 2048w\" sizes=\"auto, (max-width: 1024px) 100vw, 1024px\" \/><\/a><\/figure>\n\n\n\n<figure class=\"wp-block-image size-large\"><a href=\"https:\/\/medicina.udd.cl\/kinesiologia-santiago\/files\/2025\/03\/kine-investidura-2025-5-scaled.jpg\"><img loading=\"lazy\" decoding=\"async\" width=\"1024\" height=\"683\" data-id=\"7016\" src=\"https:\/\/medicina.udd.cl\/kinesiologia-santiago\/files\/2025\/03\/kine-investidura-2025-5-1024x683.jpg\" alt=\"\" class=\"wp-image-7016\" srcset=\"https:\/\/medicina.udd.cl\/kinesiologia-santiago\/files\/2025\/03\/kine-investidura-2025-5-1024x683.jpg 1024w, https:\/\/medicina.udd.cl\/kinesiologia-santiago\/files\/2025\/03\/kine-investidura-2025-5-300x200.jpg 300w, https:\/\/medicina.udd.cl\/kinesiologia-santiago\/files\/2025\/03\/kine-investidura-2025-5-768x512.jpg 768w, https:\/\/medicina.udd.cl\/kinesiologia-santiago\/files\/2025\/03\/kine-investidura-2025-5-1536x1024.jpg 1536w\" sizes=\"auto, (max-width: 1024px) 100vw, 1024px\" \/><\/a><\/figure>\n\n\n\n<figure class=\"wp-block-image size-large\"><a href=\"https:\/\/medicina.udd.cl\/kinesiologia-santiago\/files\/2025\/03\/kine-investidura-2025-4-scaled.jpg\"><img loading=\"lazy\" decoding=\"async\" width=\"1024\" height=\"683\" data-id=\"7015\" src=\"https:\/\/medicina.udd.cl\/kinesiologia-santiago\/files\/2025\/03\/kine-investidura-2025-4-1024x683.jpg\" alt=\"\" class=\"wp-image-7015\" srcset=\"https:\/\/medicina.udd.cl\/kinesiologia-santiago\/files\/2025\/03\/kine-investidura-2025-4-1024x683.jpg 1024w, https:\/\/medicina.udd.cl\/kinesiologia-santiago\/files\/2025\/03\/kine-investidura-2025-4-300x200.jpg 300w, https:\/\/medicina.udd.cl\/kinesiologia-santiago\/files\/2025\/03\/kine-investidura-2025-4-768x512.jpg 768w, https:\/\/medicina.udd.cl\/kinesiologia-santiago\/files\/2025\/03\/kine-investidura-2025-4-1536x1024.jpg 1536w, https:\/\/medicina.udd.cl\/kinesiologia-santiago\/files\/2025\/03\/kine-investidura-2025-4-2048x1365.jpg 2048w\" sizes=\"auto, (max-width: 1024px) 100vw, 1024px\" \/><\/a><\/figure>\n\n\n\n<figure class=\"wp-block-image size-large\"><a href=\"https:\/\/medicina.udd.cl\/kinesiologia-santiago\/files\/2025\/03\/kine-investidura-2025-9-scaled.jpg\"><img loading=\"lazy\" decoding=\"async\" width=\"1024\" height=\"683\" data-id=\"7020\" src=\"https:\/\/medicina.udd.cl\/kinesiologia-santiago\/files\/2025\/03\/kine-investidura-2025-9-1024x683.jpg\" alt=\"\" class=\"wp-image-7020\" srcset=\"https:\/\/medicina.udd.cl\/kinesiologia-santiago\/files\/2025\/03\/kine-investidura-2025-9-1024x683.jpg 1024w, https:\/\/medicina.udd.cl\/kinesiologia-santiago\/files\/2025\/03\/kine-investidura-2025-9-300x200.jpg 300w, https:\/\/medicina.udd.cl\/kinesiologia-santiago\/files\/2025\/03\/kine-investidura-2025-9-768x512.jpg 768w, https:\/\/medicina.udd.cl\/kinesiologia-santiago\/files\/2025\/03\/kine-investidura-2025-9-1536x1024.jpg 1536w, https:\/\/medicina.udd.cl\/kinesiologia-santiago\/files\/2025\/03\/kine-investidura-2025-9-2048x1365.jpg 2048w\" sizes=\"auto, (max-width: 1024px) 100vw, 1024px\" \/><\/a><\/figure>\n\n\n\n<figure class=\"wp-block-image size-large\"><a href=\"https:\/\/medicina.udd.cl\/kinesiologia-santiago\/files\/2025\/03\/kine-investidura-2025-6-scaled.jpg\"><img loading=\"lazy\" decoding=\"async\" width=\"1024\" height=\"683\" data-id=\"7017\" src=\"https:\/\/medicina.udd.cl\/kinesiologia-santiago\/files\/2025\/03\/kine-investidura-2025-6-1024x683.jpg\" alt=\"\" class=\"wp-image-7017\" srcset=\"https:\/\/medicina.udd.cl\/kinesiologia-santiago\/files\/2025\/03\/kine-investidura-2025-6-1024x683.jpg 1024w, https:\/\/medicina.udd.cl\/kinesiologia-santiago\/files\/2025\/03\/kine-investidura-2025-6-300x200.jpg 300w, https:\/\/medicina.udd.cl\/kinesiologia-santiago\/files\/2025\/03\/kine-investidura-2025-6-768x512.jpg 768w, https:\/\/medicina.udd.cl\/kinesiologia-santiago\/files\/2025\/03\/kine-investidura-2025-6-1536x1024.jpg 1536w, https:\/\/medicina.udd.cl\/kinesiologia-santiago\/files\/2025\/03\/kine-investidura-2025-6-2048x1366.jpg 2048w\" sizes=\"auto, (max-width: 1024px) 100vw, 1024px\" \/><\/a><\/figure>\n\n\n\n<figure class=\"wp-block-image size-large\"><a href=\"https:\/\/medicina.udd.cl\/kinesiologia-santiago\/files\/2025\/03\/kine-investidura-2025-7-scaled.jpg\"><img loading=\"lazy\" decoding=\"async\" width=\"1024\" height=\"683\" data-id=\"7018\" src=\"https:\/\/medicina.udd.cl\/kinesiologia-santiago\/files\/2025\/03\/kine-investidura-2025-7-1024x683.jpg\" alt=\"\" class=\"wp-image-7018\" srcset=\"https:\/\/medicina.udd.cl\/kinesiologia-santiago\/files\/2025\/03\/kine-investidura-2025-7-1024x683.jpg 1024w, https:\/\/medicina.udd.cl\/kinesiologia-santiago\/files\/2025\/03\/kine-investidura-2025-7-300x200.jpg 300w, https:\/\/medicina.udd.cl\/kinesiologia-santiago\/files\/2025\/03\/kine-investidura-2025-7-768x512.jpg 768w, https:\/\/medicina.udd.cl\/kinesiologia-santiago\/files\/2025\/03\/kine-investidura-2025-7-1536x1024.jpg 1536w\" sizes=\"auto, (max-width: 1024px) 100vw, 1024px\" \/><\/a><\/figure>\n\n\n\n<figure class=\"wp-block-image size-large\"><a href=\"https:\/\/medicina.udd.cl\/kinesiologia-santiago\/files\/2025\/03\/kine-investidura-2025-8-scaled.jpg\"><img loading=\"lazy\" decoding=\"async\" width=\"1024\" height=\"683\" data-id=\"7019\" src=\"https:\/\/medicina.udd.cl\/kinesiologia-santiago\/files\/2025\/03\/kine-investidura-2025-8-1024x683.jpg\" alt=\"\" class=\"wp-image-7019\" srcset=\"https:\/\/medicina.udd.cl\/kinesiologia-santiago\/files\/2025\/03\/kine-investidura-2025-8-1024x683.jpg 1024w, https:\/\/medicina.udd.cl\/kinesiologia-santiago\/files\/2025\/03\/kine-investidura-2025-8-300x200.jpg 300w, https:\/\/medicina.udd.cl\/kinesiologia-santiago\/files\/2025\/03\/kine-investidura-2025-8-768x512.jpg 768w, https:\/\/medicina.udd.cl\/kinesiologia-santiago\/files\/2025\/03\/kine-investidura-2025-8-1536x1024.jpg 1536w\" sizes=\"auto, (max-width: 1024px) 100vw, 1024px\" \/><\/a><\/figure>\n\n\n\n<figure class=\"wp-block-image size-large\"><a href=\"https:\/\/medicina.udd.cl\/kinesiologia-santiago\/files\/2025\/03\/kine-investidura-2025-11-scaled.jpg\"><img loading=\"lazy\" decoding=\"async\" width=\"1024\" height=\"683\" data-id=\"7022\" src=\"https:\/\/medicina.udd.cl\/kinesiologia-santiago\/files\/2025\/03\/kine-investidura-2025-11-1024x683.jpg\" alt=\"\" class=\"wp-image-7022\" srcset=\"https:\/\/medicina.udd.cl\/kinesiologia-santiago\/files\/2025\/03\/kine-investidura-2025-11-1024x683.jpg 1024w, https:\/\/medicina.udd.cl\/kinesiologia-santiago\/files\/2025\/03\/kine-investidura-2025-11-300x200.jpg 300w, https:\/\/medicina.udd.cl\/kinesiologia-santiago\/files\/2025\/03\/kine-investidura-2025-11-768x512.jpg 768w, https:\/\/medicina.udd.cl\/kinesiologia-santiago\/files\/2025\/03\/kine-investidura-2025-11-1536x1024.jpg 1536w, https:\/\/medicina.udd.cl\/kinesiologia-santiago\/files\/2025\/03\/kine-investidura-2025-11-2048x1365.jpg 2048w\" sizes=\"auto, (max-width: 1024px) 100vw, 1024px\" \/><\/a><\/figure>\n\n\n\n<figure class=\"wp-block-image size-large\"><a href=\"https:\/\/medicina.udd.cl\/kinesiologia-santiago\/files\/2025\/03\/kine-investidura-2025-10-scaled.jpg\"><img loading=\"lazy\" decoding=\"async\" width=\"1024\" height=\"683\" data-id=\"7021\" src=\"https:\/\/medicina.udd.cl\/kinesiologia-santiago\/files\/2025\/03\/kine-investidura-2025-10-1024x683.jpg\" alt=\"\" class=\"wp-image-7021\" srcset=\"https:\/\/medicina.udd.cl\/kinesiologia-santiago\/files\/2025\/03\/kine-investidura-2025-10-1024x683.jpg 1024w, https:\/\/medicina.udd.cl\/kinesiologia-santiago\/files\/2025\/03\/kine-investidura-2025-10-300x200.jpg 300w, https:\/\/medicina.udd.cl\/kinesiologia-santiago\/files\/2025\/03\/kine-investidura-2025-10-768x512.jpg 768w, https:\/\/medicina.udd.cl\/kinesiologia-santiago\/files\/2025\/03\/kine-investidura-2025-10-1536x1024.jpg 1536w, https:\/\/medicina.udd.cl\/kinesiologia-santiago\/files\/2025\/03\/kine-investidura-2025-10-2048x1365.jpg 2048w\" sizes=\"auto, (max-width: 1024px) 100vw, 1024px\" \/><\/a><\/figure>\n\n\n\n<figure class=\"wp-block-image size-large\"><a href=\"https:\/\/medicina.udd.cl\/kinesiologia-santiago\/files\/2025\/03\/kine-investidura-2025-12-scaled.jpg\"><img loading=\"lazy\" decoding=\"async\" width=\"1024\" height=\"683\" data-id=\"7023\" src=\"https:\/\/medicina.udd.cl\/kinesiologia-santiago\/files\/2025\/03\/kine-investidura-2025-12-1024x683.jpg\" alt=\"\" class=\"wp-image-7023\" srcset=\"https:\/\/medicina.udd.cl\/kinesiologia-santiago\/files\/2025\/03\/kine-investidura-2025-12-1024x683.jpg 1024w, https:\/\/medicina.udd.cl\/kinesiologia-santiago\/files\/2025\/03\/kine-investidura-2025-12-300x200.jpg 300w, https:\/\/medicina.udd.cl\/kinesiologia-santiago\/files\/2025\/03\/kine-investidura-2025-12-768x512.jpg 768w, https:\/\/medicina.udd.cl\/kinesiologia-santiago\/files\/2025\/03\/kine-investidura-2025-12-1536x1024.jpg 1536w, https:\/\/medicina.udd.cl\/kinesiologia-santiago\/files\/2025\/03\/kine-investidura-2025-12-2048x1365.jpg 2048w\" sizes=\"auto, (max-width: 1024px) 100vw, 1024px\" \/><\/a><\/figure>\n\n\n\n<figure class=\"wp-block-image size-large\"><a href=\"https:\/\/medicina.udd.cl\/kinesiologia-santiago\/files\/2025\/03\/kine-investidura-2025-14-scaled.jpg\"><img loading=\"lazy\" decoding=\"async\" width=\"1024\" height=\"683\" data-id=\"7025\" src=\"https:\/\/medicina.udd.cl\/kinesiologia-santiago\/files\/2025\/03\/kine-investidura-2025-14-1024x683.jpg\" alt=\"\" class=\"wp-image-7025\" srcset=\"https:\/\/medicina.udd.cl\/kinesiologia-santiago\/files\/2025\/03\/kine-investidura-2025-14-1024x683.jpg 1024w, https:\/\/medicina.udd.cl\/kinesiologia-santiago\/files\/2025\/03\/kine-investidura-2025-14-300x200.jpg 300w, https:\/\/medicina.udd.cl\/kinesiologia-santiago\/files\/2025\/03\/kine-investidura-2025-14-768x512.jpg 768w, https:\/\/medicina.udd.cl\/kinesiologia-santiago\/files\/2025\/03\/kine-investidura-2025-14-1536x1024.jpg 1536w, https:\/\/medicina.udd.cl\/kinesiologia-santiago\/files\/2025\/03\/kine-investidura-2025-14-2048x1365.jpg 2048w\" sizes=\"auto, (max-width: 1024px) 100vw, 1024px\" \/><\/a><\/figure>\n\n\n\n<figure class=\"wp-block-image size-large\"><a href=\"https:\/\/medicina.udd.cl\/kinesiologia-santiago\/files\/2025\/03\/kine-investidura-2025-13-scaled.jpg\"><img loading=\"lazy\" decoding=\"async\" width=\"1024\" height=\"683\" data-id=\"7024\" src=\"https:\/\/medicina.udd.cl\/kinesiologia-santiago\/files\/2025\/03\/kine-investidura-2025-13-1024x683.jpg\" alt=\"\" class=\"wp-image-7024\" srcset=\"https:\/\/medicina.udd.cl\/kinesiologia-santiago\/files\/2025\/03\/kine-investidura-2025-13-1024x683.jpg 1024w, https:\/\/medicina.udd.cl\/kinesiologia-santiago\/files\/2025\/03\/kine-investidura-2025-13-300x200.jpg 300w, https:\/\/medicina.udd.cl\/kinesiologia-santiago\/files\/2025\/03\/kine-investidura-2025-13-768x512.jpg 768w, https:\/\/medicina.udd.cl\/kinesiologia-santiago\/files\/2025\/03\/kine-investidura-2025-13-1536x1024.jpg 1536w, https:\/\/medicina.udd.cl\/kinesiologia-santiago\/files\/2025\/03\/kine-investidura-2025-13-2048x1365.jpg 2048w\" sizes=\"auto, (max-width: 1024px) 100vw, 1024px\" \/><\/a><\/figure>\n<\/figure>\n","protected":false},"excerpt":{"rendered":"<p>La carrera de Kinesiolog\u00eda de la Facultad de Medicina Cl\u00ednica Alemana Universidad del Desarrollo (UDD) celebr\u00f3 un momento hist\u00f3rico con la realizaci\u00f3n de su primera ceremonia de investidura. Este simb\u00f3lico evento marca el inicio de una nueva etapa en la formaci\u00f3n de los estudiantes, quienes dan paso al ciclo de la Licenciatura y visten por [&hellip;]<\/p>\n","protected":false},"author":9192219,"featured_media":7026,"comment_status":"closed","ping_status":"open","sticky":false,"template":"","format":"standard","meta":{"footnotes":""},"categories":[4],"tags":[],"class_list":["post-7011","post","type-post","status-publish","format-standard","has-post-thumbnail","hentry","category-noticias"],"yoast_head":"<!-- This site is optimized with the Yoast SEO plugin v26.9 - https:\/\/yoast.com\/product\/yoast-seo-wordpress\/ -->\n<title>Realizan Primera investidura de estudiantes de Kinesiolog\u00eda UDD - Kinesiolog\u00eda<\/title>\n<meta name=\"robots\" content=\"index, follow, max-snippet:-1, max-image-preview:large, max-video-preview:-1\" \/>\n<link rel=\"canonical\" href=\"https:\/\/medicina.udd.cl\/kinesiologia-santiago\/noticias\/2025\/03\/06\/realizan-primera-investidura-de-estudiantes-de-kinesiologia-udd\/\" \/>\n<meta property=\"og:locale\" content=\"es_ES\" \/>\n<meta property=\"og:type\" content=\"article\" \/>\n<meta property=\"og:title\" content=\"Realizan Primera investidura de estudiantes de Kinesiolog\u00eda UDD - Kinesiolog\u00eda\" \/>\n<meta property=\"og:description\" content=\"La carrera de Kinesiolog\u00eda de la Facultad de Medicina Cl\u00ednica Alemana Universidad del Desarrollo (UDD) celebr\u00f3 un momento hist\u00f3rico con la realizaci\u00f3n de su primera ceremonia de investidura. Este simb\u00f3lico evento marca el inicio de una nueva etapa en la formaci\u00f3n de los estudiantes, quienes dan paso al ciclo de la Licenciatura y visten por [&hellip;]\" \/>\n<meta property=\"og:url\" content=\"https:\/\/medicina.udd.cl\/kinesiologia-santiago\/noticias\/2025\/03\/06\/realizan-primera-investidura-de-estudiantes-de-kinesiologia-udd\/\" \/>\n<meta property=\"og:site_name\" content=\"Kinesiolog\u00eda\" \/>\n<meta property=\"article:published_time\" content=\"2025-03-06T20:17:11+00:00\" \/>\n<meta property=\"article:modified_time\" content=\"2025-03-06T20:17:13+00:00\" \/>\n<meta property=\"og:image\" content=\"https:\/\/medicina.udd.cl\/kinesiologia-santiago\/files\/2025\/03\/kine-investidura-2025-15-scaled.jpg\" \/>\n\t<meta property=\"og:image:width\" content=\"2560\" \/>\n\t<meta property=\"og:image:height\" content=\"1707\" \/>\n\t<meta property=\"og:image:type\" content=\"image\/jpeg\" \/>\n<meta name=\"author\" content=\"rbraidy\" \/>\n<meta name=\"twitter:label1\" content=\"Escrito por\" \/>\n\t<meta name=\"twitter:data1\" content=\"rbraidy\" \/>\n\t<meta name=\"twitter:label2\" content=\"Tiempo de lectura\" \/>\n\t<meta name=\"twitter:data2\" content=\"6 minutos\" \/>\n<script type=\"application\/ld+json\" class=\"yoast-schema-graph\">{\"@context\":\"https:\/\/schema.org\",\"@graph\":[{\"@type\":\"Article\",\"@id\":\"https:\/\/medicina.udd.cl\/kinesiologia-santiago\/noticias\/2025\/03\/06\/realizan-primera-investidura-de-estudiantes-de-kinesiologia-udd\/#article\",\"isPartOf\":{\"@id\":\"https:\/\/medicina.udd.cl\/kinesiologia-santiago\/noticias\/2025\/03\/06\/realizan-primera-investidura-de-estudiantes-de-kinesiologia-udd\/\"},\"author\":{\"name\":\"rbraidy\",\"@id\":\"https:\/\/medicina.udd.cl\/kinesiologia-santiago\/#\/schema\/person\/dbc3705bf3a93e8be1ba6de0ef950341\"},\"headline\":\"Realizan Primera investidura de estudiantes de Kinesiolog\u00eda UDD\",\"datePublished\":\"2025-03-06T20:17:11+00:00\",\"dateModified\":\"2025-03-06T20:17:13+00:00\",\"mainEntityOfPage\":{\"@id\":\"https:\/\/medicina.udd.cl\/kinesiologia-santiago\/noticias\/2025\/03\/06\/realizan-primera-investidura-de-estudiantes-de-kinesiologia-udd\/\"},\"wordCount\":471,\"image\":{\"@id\":\"https:\/\/medicina.udd.cl\/kinesiologia-santiago\/noticias\/2025\/03\/06\/realizan-primera-investidura-de-estudiantes-de-kinesiologia-udd\/#primaryimage\"},\"thumbnailUrl\":\"https:\/\/medicina.udd.cl\/kinesiologia-santiago\/files\/2025\/03\/kine-investidura-2025-15-scaled.jpg\",\"articleSection\":[\"Noticias\"],\"inLanguage\":\"es\"},{\"@type\":\"WebPage\",\"@id\":\"https:\/\/medicina.udd.cl\/kinesiologia-santiago\/noticias\/2025\/03\/06\/realizan-primera-investidura-de-estudiantes-de-kinesiologia-udd\/\",\"url\":\"https:\/\/medicina.udd.cl\/kinesiologia-santiago\/noticias\/2025\/03\/06\/realizan-primera-investidura-de-estudiantes-de-kinesiologia-udd\/\",\"name\":\"Realizan Primera investidura de estudiantes de Kinesiolog\u00eda UDD - Kinesiolog\u00eda\",\"isPartOf\":{\"@id\":\"https:\/\/medicina.udd.cl\/kinesiologia-santiago\/#website\"},\"primaryImageOfPage\":{\"@id\":\"https:\/\/medicina.udd.cl\/kinesiologia-santiago\/noticias\/2025\/03\/06\/realizan-primera-investidura-de-estudiantes-de-kinesiologia-udd\/#primaryimage\"},\"image\":{\"@id\":\"https:\/\/medicina.udd.cl\/kinesiologia-santiago\/noticias\/2025\/03\/06\/realizan-primera-investidura-de-estudiantes-de-kinesiologia-udd\/#primaryimage\"},\"thumbnailUrl\":\"https:\/\/medicina.udd.cl\/kinesiologia-santiago\/files\/2025\/03\/kine-investidura-2025-15-scaled.jpg\",\"datePublished\":\"2025-03-06T20:17:11+00:00\",\"dateModified\":\"2025-03-06T20:17:13+00:00\",\"author\":{\"@id\":\"https:\/\/medicina.udd.cl\/kinesiologia-santiago\/#\/schema\/person\/dbc3705bf3a93e8be1ba6de0ef950341\"},\"breadcrumb\":{\"@id\":\"https:\/\/medicina.udd.cl\/kinesiologia-santiago\/noticias\/2025\/03\/06\/realizan-primera-investidura-de-estudiantes-de-kinesiologia-udd\/#breadcrumb\"},\"inLanguage\":\"es\",\"potentialAction\":[{\"@type\":\"ReadAction\",\"target\":[\"https:\/\/medicina.udd.cl\/kinesiologia-santiago\/noticias\/2025\/03\/06\/realizan-primera-investidura-de-estudiantes-de-kinesiologia-udd\/\"]}]},{\"@type\":\"ImageObject\",\"inLanguage\":\"es\",\"@id\":\"https:\/\/medicina.udd.cl\/kinesiologia-santiago\/noticias\/2025\/03\/06\/realizan-primera-investidura-de-estudiantes-de-kinesiologia-udd\/#primaryimage\",\"url\":\"https:\/\/medicina.udd.cl\/kinesiologia-santiago\/files\/2025\/03\/kine-investidura-2025-15-scaled.jpg\",\"contentUrl\":\"https:\/\/medicina.udd.cl\/kinesiologia-santiago\/files\/2025\/03\/kine-investidura-2025-15-scaled.jpg\",\"width\":2560,\"height\":1707},{\"@type\":\"BreadcrumbList\",\"@id\":\"https:\/\/medicina.udd.cl\/kinesiologia-santiago\/noticias\/2025\/03\/06\/realizan-primera-investidura-de-estudiantes-de-kinesiologia-udd\/#breadcrumb\",\"itemListElement\":[{\"@type\":\"ListItem\",\"position\":1,\"name\":\"Home\",\"item\":\"https:\/\/medicina.udd.cl\/kinesiologia-santiago\/\"},{\"@type\":\"ListItem\",\"position\":2,\"name\":\"Realizan Primera investidura de estudiantes de Kinesiolog\u00eda UDD\"}]},{\"@type\":\"WebSite\",\"@id\":\"https:\/\/medicina.udd.cl\/kinesiologia-santiago\/#website\",\"url\":\"https:\/\/medicina.udd.cl\/kinesiologia-santiago\/\",\"name\":\"Kinesiolog\u00eda\",\"description\":\"Facultad de Medicina Cl\u00ednica Alemana Universidad del Desarrollo\",\"inLanguage\":\"es\"},{\"@type\":\"Person\",\"@id\":\"https:\/\/medicina.udd.cl\/kinesiologia-santiago\/#\/schema\/person\/dbc3705bf3a93e8be1ba6de0ef950341\",\"name\":\"rbraidy\",\"image\":{\"@type\":\"ImageObject\",\"inLanguage\":\"es\",\"@id\":\"https:\/\/medicina.udd.cl\/kinesiologia-santiago\/#\/schema\/person\/image\/\",\"url\":\"https:\/\/secure.gravatar.com\/avatar\/0f8bc94637401590e45d2ce17eb65c274cb8870a219de6177f3f23e63fd8cdf3?s=96&d=mm&r=g\",\"contentUrl\":\"https:\/\/secure.gravatar.com\/avatar\/0f8bc94637401590e45d2ce17eb65c274cb8870a219de6177f3f23e63fd8cdf3?s=96&d=mm&r=g\",\"caption\":\"rbraidy\"},\"url\":\"https:\/\/medicina.udd.cl\/kinesiologia-santiago\/noticias\/author\/rbraidy\/\"}]}<\/script>\n<!-- \/ Yoast SEO plugin. -->","yoast_head_json":{"title":"Realizan Primera investidura de estudiantes de Kinesiolog\u00eda UDD - Kinesiolog\u00eda","robots":{"index":"index","follow":"follow","max-snippet":"max-snippet:-1","max-image-preview":"max-image-preview:large","max-video-preview":"max-video-preview:-1"},"canonical":"https:\/\/medicina.udd.cl\/kinesiologia-santiago\/noticias\/2025\/03\/06\/realizan-primera-investidura-de-estudiantes-de-kinesiologia-udd\/","og_locale":"es_ES","og_type":"article","og_title":"Realizan Primera investidura de estudiantes de Kinesiolog\u00eda UDD - Kinesiolog\u00eda","og_description":"La carrera de Kinesiolog\u00eda de la Facultad de Medicina Cl\u00ednica Alemana Universidad del Desarrollo (UDD) celebr\u00f3 un momento hist\u00f3rico con la realizaci\u00f3n de su primera ceremonia de investidura. Este simb\u00f3lico evento marca el inicio de una nueva etapa en la formaci\u00f3n de los estudiantes, quienes dan paso al ciclo de la Licenciatura y visten por [&hellip;]","og_url":"https:\/\/medicina.udd.cl\/kinesiologia-santiago\/noticias\/2025\/03\/06\/realizan-primera-investidura-de-estudiantes-de-kinesiologia-udd\/","og_site_name":"Kinesiolog\u00eda","article_published_time":"2025-03-06T20:17:11+00:00","article_modified_time":"2025-03-06T20:17:13+00:00","og_image":[{"width":2560,"height":1707,"url":"https:\/\/medicina.udd.cl\/kinesiologia-santiago\/files\/2025\/03\/kine-investidura-2025-15-scaled.jpg","type":"image\/jpeg"}],"author":"rbraidy","twitter_misc":{"Escrito por":"rbraidy","Tiempo de lectura":"6 minutos"},"schema":{"@context":"https:\/\/schema.org","@graph":[{"@type":"Article","@id":"https:\/\/medicina.udd.cl\/kinesiologia-santiago\/noticias\/2025\/03\/06\/realizan-primera-investidura-de-estudiantes-de-kinesiologia-udd\/#article","isPartOf":{"@id":"https:\/\/medicina.udd.cl\/kinesiologia-santiago\/noticias\/2025\/03\/06\/realizan-primera-investidura-de-estudiantes-de-kinesiologia-udd\/"},"author":{"name":"rbraidy","@id":"https:\/\/medicina.udd.cl\/kinesiologia-santiago\/#\/schema\/person\/dbc3705bf3a93e8be1ba6de0ef950341"},"headline":"Realizan Primera investidura de estudiantes de Kinesiolog\u00eda UDD","datePublished":"2025-03-06T20:17:11+00:00","dateModified":"2025-03-06T20:17:13+00:00","mainEntityOfPage":{"@id":"https:\/\/medicina.udd.cl\/kinesiologia-santiago\/noticias\/2025\/03\/06\/realizan-primera-investidura-de-estudiantes-de-kinesiologia-udd\/"},"wordCount":471,"image":{"@id":"https:\/\/medicina.udd.cl\/kinesiologia-santiago\/noticias\/2025\/03\/06\/realizan-primera-investidura-de-estudiantes-de-kinesiologia-udd\/#primaryimage"},"thumbnailUrl":"https:\/\/medicina.udd.cl\/kinesiologia-santiago\/files\/2025\/03\/kine-investidura-2025-15-scaled.jpg","articleSection":["Noticias"],"inLanguage":"es"},{"@type":"WebPage","@id":"https:\/\/medicina.udd.cl\/kinesiologia-santiago\/noticias\/2025\/03\/06\/realizan-primera-investidura-de-estudiantes-de-kinesiologia-udd\/","url":"https:\/\/medicina.udd.cl\/kinesiologia-santiago\/noticias\/2025\/03\/06\/realizan-primera-investidura-de-estudiantes-de-kinesiologia-udd\/","name":"Realizan Primera investidura de estudiantes de Kinesiolog\u00eda UDD - Kinesiolog\u00eda","isPartOf":{"@id":"https:\/\/medicina.udd.cl\/kinesiologia-santiago\/#website"},"primaryImageOfPage":{"@id":"https:\/\/medicina.udd.cl\/kinesiologia-santiago\/noticias\/2025\/03\/06\/realizan-primera-investidura-de-estudiantes-de-kinesiologia-udd\/#primaryimage"},"image":{"@id":"https:\/\/medicina.udd.cl\/kinesiologia-santiago\/noticias\/2025\/03\/06\/realizan-primera-investidura-de-estudiantes-de-kinesiologia-udd\/#primaryimage"},"thumbnailUrl":"https:\/\/medicina.udd.cl\/kinesiologia-santiago\/files\/2025\/03\/kine-investidura-2025-15-scaled.jpg","datePublished":"2025-03-06T20:17:11+00:00","dateModified":"2025-03-06T20:17:13+00:00","author":{"@id":"https:\/\/medicina.udd.cl\/kinesiologia-santiago\/#\/schema\/person\/dbc3705bf3a93e8be1ba6de0ef950341"},"breadcrumb":{"@id":"https:\/\/medicina.udd.cl\/kinesiologia-santiago\/noticias\/2025\/03\/06\/realizan-primera-investidura-de-estudiantes-de-kinesiologia-udd\/#breadcrumb"},"inLanguage":"es","potentialAction":[{"@type":"ReadAction","target":["https:\/\/medicina.udd.cl\/kinesiologia-santiago\/noticias\/2025\/03\/06\/realizan-primera-investidura-de-estudiantes-de-kinesiologia-udd\/"]}]},{"@type":"ImageObject","inLanguage":"es","@id":"https:\/\/medicina.udd.cl\/kinesiologia-santiago\/noticias\/2025\/03\/06\/realizan-primera-investidura-de-estudiantes-de-kinesiologia-udd\/#primaryimage","url":"https:\/\/medicina.udd.cl\/kinesiologia-santiago\/files\/2025\/03\/kine-investidura-2025-15-scaled.jpg","contentUrl":"https:\/\/medicina.udd.cl\/kinesiologia-santiago\/files\/2025\/03\/kine-investidura-2025-15-scaled.jpg","width":2560,"height":1707},{"@type":"BreadcrumbList","@id":"https:\/\/medicina.udd.cl\/kinesiologia-santiago\/noticias\/2025\/03\/06\/realizan-primera-investidura-de-estudiantes-de-kinesiologia-udd\/#breadcrumb","itemListElement":[{"@type":"ListItem","position":1,"name":"Home","item":"https:\/\/medicina.udd.cl\/kinesiologia-santiago\/"},{"@type":"ListItem","position":2,"name":"Realizan Primera investidura de estudiantes de Kinesiolog\u00eda UDD"}]},{"@type":"WebSite","@id":"https:\/\/medicina.udd.cl\/kinesiologia-santiago\/#website","url":"https:\/\/medicina.udd.cl\/kinesiologia-santiago\/","name":"Kinesiolog\u00eda","description":"Facultad de Medicina Cl\u00ednica Alemana Universidad del Desarrollo","inLanguage":"es"},{"@type":"Person","@id":"https:\/\/medicina.udd.cl\/kinesiologia-santiago\/#\/schema\/person\/dbc3705bf3a93e8be1ba6de0ef950341","name":"rbraidy","image":{"@type":"ImageObject","inLanguage":"es","@id":"https:\/\/medicina.udd.cl\/kinesiologia-santiago\/#\/schema\/person\/image\/","url":"https:\/\/secure.gravatar.com\/avatar\/0f8bc94637401590e45d2ce17eb65c274cb8870a219de6177f3f23e63fd8cdf3?s=96&d=mm&r=g","contentUrl":"https:\/\/secure.gravatar.com\/avatar\/0f8bc94637401590e45d2ce17eb65c274cb8870a219de6177f3f23e63fd8cdf3?s=96&d=mm&r=g","caption":"rbraidy"},"url":"https:\/\/medicina.udd.cl\/kinesiologia-santiago\/noticias\/author\/rbraidy\/"}]}},"featured_image_url":"https:\/\/medicina.udd.cl\/kinesiologia-santiago\/files\/2025\/03\/kine-investidura-2025-15-scaled.jpg","_links":{"self":[{"href":"https:\/\/medicina.udd.cl\/kinesiologia-santiago\/wp-json\/wp\/v2\/posts\/7011","targetHints":{"allow":["GET"]}}],"collection":[{"href":"https:\/\/medicina.udd.cl\/kinesiologia-santiago\/wp-json\/wp\/v2\/posts"}],"about":[{"href":"https:\/\/medicina.udd.cl\/kinesiologia-santiago\/wp-json\/wp\/v2\/types\/post"}],"author":[{"embeddable":true,"href":"https:\/\/medicina.udd.cl\/kinesiologia-santiago\/wp-json\/wp\/v2\/users\/9192219"}],"replies":[{"embeddable":true,"href":"https:\/\/medicina.udd.cl\/kinesiologia-santiago\/wp-json\/wp\/v2\/comments?post=7011"}],"version-history":[{"count":1,"href":"https:\/\/medicina.udd.cl\/kinesiologia-santiago\/wp-json\/wp\/v2\/posts\/7011\/revisions"}],"predecessor-version":[{"id":7031,"href":"https:\/\/medicina.udd.cl\/kinesiologia-santiago\/wp-json\/wp\/v2\/posts\/7011\/revisions\/7031"}],"wp:featuredmedia":[{"embeddable":true,"href":"https:\/\/medicina.udd.cl\/kinesiologia-santiago\/wp-json\/wp\/v2\/media\/7026"}],"wp:attachment":[{"href":"https:\/\/medicina.udd.cl\/kinesiologia-santiago\/wp-json\/wp\/v2\/media?parent=7011"}],"wp:term":[{"taxonomy":"category","embeddable":true,"href":"https:\/\/medicina.udd.cl\/kinesiologia-santiago\/wp-json\/wp\/v2\/categories?post=7011"},{"taxonomy":"post_tag","embeddable":true,"href":"https:\/\/medicina.udd.cl\/kinesiologia-santiago\/wp-json\/wp\/v2\/tags?post=7011"}],"curies":[{"name":"wp","href":"https:\/\/api.w.org\/{rel}","templated":true}]}}