{"id":707,"date":"2012-06-06T16:45:06","date_gmt":"2012-06-06T20:45:06","guid":{"rendered":"http:\/\/medicina.udd.cl\/kinesiologia-santiago\/?p=707"},"modified":"2012-06-06T16:45:57","modified_gmt":"2012-06-06T20:45:57","slug":"profesor-fue-parte-de-la-evaluacion-de-la-seleccion-chilena","status":"publish","type":"post","link":"https:\/\/medicina.udd.cl\/kinesiologia-santiago\/noticias\/2012\/06\/06\/profesor-fue-parte-de-la-evaluacion-de-la-seleccion-chilena\/","title":{"rendered":"Profesor fue parte de la evaluaci\u00f3n de la selecci\u00f3n chilena"},"content":{"rendered":"<p style=\"text-align: justify;\">Antes del partido contra Bolivia -correspondiente a las Clasificatorias Mundialistas para Brasil 2014- la selecci\u00f3n chilena lleg\u00f3 hasta el Centro de Medicina Aeroespacial del Hospital FACh, para someterse a una serie de ex\u00e1menes.<\/p>\n<p style=\"text-align: justify;\">Entre las evaluaciones, el Klgo. Manuel Alvear someti\u00f3 a los jugadores a distintas sesiones en la c\u00e1mara hipob\u00e1rica con la finalidad de aclimatarlos para el partido en La Paz. <em>\u201cLa c\u00e1mara hipob\u00e1rica permite evaluar y aclimatar a sujetos que tienen que ir a altura geogr\u00e1fica, ya sean mineros o deportistas. En el caso de la selecci\u00f3n, esto parti\u00f3 con el equipo que dirigi\u00f3 Bielsa para el Mundial de Sud\u00e1frica y, como result\u00f3 un \u00e9xito, expusimos a los jugadores a 5 sesiones de c\u00e1mara hipob\u00e1rica con los resultados que se vieron en Bolivia\u201d, <\/em>explic\u00f3 el experto.<\/p>\n<p style=\"text-align: justify;\">Cabe destacar que las sesiones en la c\u00e1mara hipob\u00e1rica pretenden exponer a los jugadores a una condici\u00f3n de altura superior a la que iban a enfrentar. <em>\u201cNosotros los expusimos a 4 mil metros, es decir, casi 500 metros de diferencia de altura para mejorar todas las v\u00edas anaer\u00f3bicas con el fin de tener un mejor rendimiento durante el partido\u201d, <\/em>recalc\u00f3 el profesor de <a href=\"http:\/\/medicina.udd.cl\/kinesiologia-santiago\">Kinesiolog\u00eda<\/a>.<em> <\/em><\/p>\n<p style=\"text-align: justify;\">Adem\u00e1s, el profesor destac\u00f3 que cada sesi\u00f3n consiste en estar sentado al interior de la c\u00e1mara, sin hacer ejercicio. <em>\u201cLo que buscamos es acelerar los procesos fisiol\u00f3gicos que tenemos y que reaccionan frente a la condici\u00f3n de hipoxia. Eso buscamos\u2026 que reaccionen de una mejor manera y puedan desempe\u00f1arse bien en los partidos\u201d.<\/em><\/p>\n<p style=\"text-align: justify;\"><em><div id=\"gallery-1\" class=\"carousel slide carousel-gallery\" data-ride=\"false\" data-interval=\"false\"><div class=\"carousel-inner\" role=\"listbox\"><figure class=\"carousel-item active\"><img loading=\"lazy\" decoding=\"async\" width=\"804\" height=\"534\" src=\"https:\/\/medicina.udd.cl\/kinesiologia-santiago\/files\/2012\/06\/c\u00e1mara-2.jpg\" class=\"attachment-landscape_952 size-landscape_952\" alt=\"\" srcset=\"https:\/\/medicina.udd.cl\/kinesiologia-santiago\/files\/2012\/06\/c\u00e1mara-2.jpg 1200w, https:\/\/medicina.udd.cl\/kinesiologia-santiago\/files\/2012\/06\/c\u00e1mara-2-300x199.jpg 300w, https:\/\/medicina.udd.cl\/kinesiologia-santiago\/files\/2012\/06\/c\u00e1mara-2-768x510.jpg 768w, https:\/\/medicina.udd.cl\/kinesiologia-santiago\/files\/2012\/06\/c\u00e1mara-2-1024x680.jpg 1024w, https:\/\/medicina.udd.cl\/kinesiologia-santiago\/files\/2012\/06\/c\u00e1mara-2-960x638.jpg 960w\" sizes=\"auto, (max-width: 804px) 100vw, 804px\" \/><\/figure><figure class=\"carousel-item\"><img loading=\"lazy\" decoding=\"async\" width=\"804\" height=\"534\" src=\"https:\/\/medicina.udd.cl\/kinesiologia-santiago\/files\/2012\/06\/c\u00e1mara-1.jpg\" class=\"attachment-landscape_952 size-landscape_952\" alt=\"\" srcset=\"https:\/\/medicina.udd.cl\/kinesiologia-santiago\/files\/2012\/06\/c\u00e1mara-1.jpg 1200w, https:\/\/medicina.udd.cl\/kinesiologia-santiago\/files\/2012\/06\/c\u00e1mara-1-300x199.jpg 300w, https:\/\/medicina.udd.cl\/kinesiologia-santiago\/files\/2012\/06\/c\u00e1mara-1-768x510.jpg 768w, https:\/\/medicina.udd.cl\/kinesiologia-santiago\/files\/2012\/06\/c\u00e1mara-1-1024x680.jpg 1024w, https:\/\/medicina.udd.cl\/kinesiologia-santiago\/files\/2012\/06\/c\u00e1mara-1-960x638.jpg 960w\" sizes=\"auto, (max-width: 804px) 100vw, 804px\" \/><\/figure><\/div><footer class=\"carousel-footer\"><div class=\"carousel-counter\"><span class=\"carousel-counter-current\"><\/span> \/ <span class=\"carousel-counter-total\"><\/span><\/div><a class=\"carousel-control-prev\" href=\"#gallery-1\" role=\"button\" data-slide=\"prev\"><svg aria-hidden=\"true\" class=\"svg-chevron-left-dims\"><use xlink:href='https:\/\/medicina.udd.cl\/kinesiologia-santiago\/wp-content\/themes\/facultades-2018\/assets\/img\/svg\/dist\/main.svg?version=1695853099#chevron-left'><\/use><\/svg><span class=\"sr-only\">Anterior<\/span><\/a><a class=\"carousel-control-next\" href=\"#gallery-1\" role=\"button\" data-slide=\"next\"><svg aria-hidden=\"true\" class=\"svg-chevron-right-dims\"><use xlink:href='https:\/\/medicina.udd.cl\/kinesiologia-santiago\/wp-content\/themes\/facultades-2018\/assets\/img\/svg\/dist\/main.svg?version=1695853099#chevron-right'><\/use><\/svg><span class=\"sr-only\">Siguiente<\/span><\/a><\/footer><\/div><\/p>\n<p><\/em><\/p>\n<p><em> <\/em><\/p>\n<p><em> <\/em><\/p>\n","protected":false},"excerpt":{"rendered":"<p>El docente Manuel Alvear fue parte de la preparaci\u00f3n f\u00edsica realizada en la c\u00e1mara hipob\u00e1rica.<\/p>\n","protected":false},"author":1,"featured_media":0,"comment_status":"open","ping_status":"open","sticky":false,"template":"","format":"standard","meta":{"footnotes":""},"categories":[4],"tags":[],"class_list":["post-707","post","type-post","status-publish","format-standard","hentry","category-noticias"],"yoast_head":"<!-- This site is optimized with the Yoast SEO plugin v26.9 - https:\/\/yoast.com\/product\/yoast-seo-wordpress\/ -->\n<title>Profesor fue parte de la evaluaci\u00f3n de la selecci\u00f3n chilena - Kinesiolog\u00eda<\/title>\n<meta name=\"robots\" content=\"index, follow, max-snippet:-1, max-image-preview:large, max-video-preview:-1\" \/>\n<link rel=\"canonical\" href=\"https:\/\/medicina.udd.cl\/kinesiologia-santiago\/noticias\/2012\/06\/06\/profesor-fue-parte-de-la-evaluacion-de-la-seleccion-chilena\/\" \/>\n<meta property=\"og:locale\" content=\"es_ES\" \/>\n<meta property=\"og:type\" content=\"article\" \/>\n<meta property=\"og:title\" content=\"Profesor fue parte de la evaluaci\u00f3n de la selecci\u00f3n chilena - Kinesiolog\u00eda\" \/>\n<meta property=\"og:description\" content=\"El docente Manuel Alvear fue parte de la preparaci\u00f3n f\u00edsica realizada en la c\u00e1mara hipob\u00e1rica.\" \/>\n<meta property=\"og:url\" content=\"https:\/\/medicina.udd.cl\/kinesiologia-santiago\/noticias\/2012\/06\/06\/profesor-fue-parte-de-la-evaluacion-de-la-seleccion-chilena\/\" \/>\n<meta property=\"og:site_name\" content=\"Kinesiolog\u00eda\" \/>\n<meta property=\"article:published_time\" content=\"2012-06-06T20:45:06+00:00\" \/>\n<meta property=\"article:modified_time\" content=\"2012-06-06T20:45:57+00:00\" \/>\n<meta property=\"og:image\" content=\"https:\/\/medicina.udd.cl\/kinesiologia-santiago\/files\/2012\/06\/c\u00e1mara-2.jpg\" \/>\n<meta name=\"author\" content=\"admin\" \/>\n<meta name=\"twitter:label1\" content=\"Escrito por\" \/>\n\t<meta name=\"twitter:data1\" content=\"admin\" \/>\n\t<meta name=\"twitter:label2\" content=\"Tiempo de lectura\" \/>\n\t<meta name=\"twitter:data2\" content=\"1 minuto\" \/>\n<script type=\"application\/ld+json\" class=\"yoast-schema-graph\">{\"@context\":\"https:\/\/schema.org\",\"@graph\":[{\"@type\":\"Article\",\"@id\":\"https:\/\/medicina.udd.cl\/kinesiologia-santiago\/noticias\/2012\/06\/06\/profesor-fue-parte-de-la-evaluacion-de-la-seleccion-chilena\/#article\",\"isPartOf\":{\"@id\":\"https:\/\/medicina.udd.cl\/kinesiologia-santiago\/noticias\/2012\/06\/06\/profesor-fue-parte-de-la-evaluacion-de-la-seleccion-chilena\/\"},\"author\":{\"name\":\"admin\",\"@id\":\"https:\/\/medicina.udd.cl\/kinesiologia-santiago\/#\/schema\/person\/f7abfa784c86da427e89287831f96ab7\"},\"headline\":\"Profesor fue parte de la evaluaci\u00f3n de la selecci\u00f3n chilena\",\"datePublished\":\"2012-06-06T20:45:06+00:00\",\"dateModified\":\"2012-06-06T20:45:57+00:00\",\"mainEntityOfPage\":{\"@id\":\"https:\/\/medicina.udd.cl\/kinesiologia-santiago\/noticias\/2012\/06\/06\/profesor-fue-parte-de-la-evaluacion-de-la-seleccion-chilena\/\"},\"wordCount\":280,\"commentCount\":0,\"articleSection\":[\"Noticias\"],\"inLanguage\":\"es\",\"potentialAction\":[{\"@type\":\"CommentAction\",\"name\":\"Comment\",\"target\":[\"https:\/\/medicina.udd.cl\/kinesiologia-santiago\/noticias\/2012\/06\/06\/profesor-fue-parte-de-la-evaluacion-de-la-seleccion-chilena\/#respond\"]}]},{\"@type\":\"WebPage\",\"@id\":\"https:\/\/medicina.udd.cl\/kinesiologia-santiago\/noticias\/2012\/06\/06\/profesor-fue-parte-de-la-evaluacion-de-la-seleccion-chilena\/\",\"url\":\"https:\/\/medicina.udd.cl\/kinesiologia-santiago\/noticias\/2012\/06\/06\/profesor-fue-parte-de-la-evaluacion-de-la-seleccion-chilena\/\",\"name\":\"Profesor fue parte de la evaluaci\u00f3n de la selecci\u00f3n chilena - Kinesiolog\u00eda\",\"isPartOf\":{\"@id\":\"https:\/\/medicina.udd.cl\/kinesiologia-santiago\/#website\"},\"datePublished\":\"2012-06-06T20:45:06+00:00\",\"dateModified\":\"2012-06-06T20:45:57+00:00\",\"author\":{\"@id\":\"https:\/\/medicina.udd.cl\/kinesiologia-santiago\/#\/schema\/person\/f7abfa784c86da427e89287831f96ab7\"},\"breadcrumb\":{\"@id\":\"https:\/\/medicina.udd.cl\/kinesiologia-santiago\/noticias\/2012\/06\/06\/profesor-fue-parte-de-la-evaluacion-de-la-seleccion-chilena\/#breadcrumb\"},\"inLanguage\":\"es\",\"potentialAction\":[{\"@type\":\"ReadAction\",\"target\":[\"https:\/\/medicina.udd.cl\/kinesiologia-santiago\/noticias\/2012\/06\/06\/profesor-fue-parte-de-la-evaluacion-de-la-seleccion-chilena\/\"]}]},{\"@type\":\"BreadcrumbList\",\"@id\":\"https:\/\/medicina.udd.cl\/kinesiologia-santiago\/noticias\/2012\/06\/06\/profesor-fue-parte-de-la-evaluacion-de-la-seleccion-chilena\/#breadcrumb\",\"itemListElement\":[{\"@type\":\"ListItem\",\"position\":1,\"name\":\"Home\",\"item\":\"https:\/\/medicina.udd.cl\/kinesiologia-santiago\/\"},{\"@type\":\"ListItem\",\"position\":2,\"name\":\"Profesor fue parte de la evaluaci\u00f3n de la selecci\u00f3n chilena\"}]},{\"@type\":\"WebSite\",\"@id\":\"https:\/\/medicina.udd.cl\/kinesiologia-santiago\/#website\",\"url\":\"https:\/\/medicina.udd.cl\/kinesiologia-santiago\/\",\"name\":\"Kinesiolog\u00eda\",\"description\":\"Facultad de Medicina Cl\u00ednica Alemana Universidad del Desarrollo\",\"inLanguage\":\"es\"},{\"@type\":\"Person\",\"@id\":\"https:\/\/medicina.udd.cl\/kinesiologia-santiago\/#\/schema\/person\/f7abfa784c86da427e89287831f96ab7\",\"name\":\"admin\",\"image\":{\"@type\":\"ImageObject\",\"inLanguage\":\"es\",\"@id\":\"https:\/\/medicina.udd.cl\/kinesiologia-santiago\/#\/schema\/person\/image\/\",\"url\":\"https:\/\/secure.gravatar.com\/avatar\/3cb6da298954dfb54457c0910b8c9ca010abd8d87a60f7d701b6ce4254e1c642?s=96&d=mm&r=g\",\"contentUrl\":\"https:\/\/secure.gravatar.com\/avatar\/3cb6da298954dfb54457c0910b8c9ca010abd8d87a60f7d701b6ce4254e1c642?s=96&d=mm&r=g\",\"caption\":\"admin\"},\"url\":\"https:\/\/medicina.udd.cl\/kinesiologia-santiago\/noticias\/author\/admin\/\"}]}<\/script>\n<!-- \/ Yoast SEO plugin. -->","yoast_head_json":{"title":"Profesor fue parte de la evaluaci\u00f3n de la selecci\u00f3n chilena - Kinesiolog\u00eda","robots":{"index":"index","follow":"follow","max-snippet":"max-snippet:-1","max-image-preview":"max-image-preview:large","max-video-preview":"max-video-preview:-1"},"canonical":"https:\/\/medicina.udd.cl\/kinesiologia-santiago\/noticias\/2012\/06\/06\/profesor-fue-parte-de-la-evaluacion-de-la-seleccion-chilena\/","og_locale":"es_ES","og_type":"article","og_title":"Profesor fue parte de la evaluaci\u00f3n de la selecci\u00f3n chilena - Kinesiolog\u00eda","og_description":"El docente Manuel Alvear fue parte de la preparaci\u00f3n f\u00edsica realizada en la c\u00e1mara hipob\u00e1rica.","og_url":"https:\/\/medicina.udd.cl\/kinesiologia-santiago\/noticias\/2012\/06\/06\/profesor-fue-parte-de-la-evaluacion-de-la-seleccion-chilena\/","og_site_name":"Kinesiolog\u00eda","article_published_time":"2012-06-06T20:45:06+00:00","article_modified_time":"2012-06-06T20:45:57+00:00","og_image":[{"url":"https:\/\/medicina.udd.cl\/kinesiologia-santiago\/files\/2012\/06\/c\u00e1mara-2.jpg","type":"","width":"","height":""}],"author":"admin","twitter_misc":{"Escrito por":"admin","Tiempo de lectura":"1 minuto"},"schema":{"@context":"https:\/\/schema.org","@graph":[{"@type":"Article","@id":"https:\/\/medicina.udd.cl\/kinesiologia-santiago\/noticias\/2012\/06\/06\/profesor-fue-parte-de-la-evaluacion-de-la-seleccion-chilena\/#article","isPartOf":{"@id":"https:\/\/medicina.udd.cl\/kinesiologia-santiago\/noticias\/2012\/06\/06\/profesor-fue-parte-de-la-evaluacion-de-la-seleccion-chilena\/"},"author":{"name":"admin","@id":"https:\/\/medicina.udd.cl\/kinesiologia-santiago\/#\/schema\/person\/f7abfa784c86da427e89287831f96ab7"},"headline":"Profesor fue parte de la evaluaci\u00f3n de la selecci\u00f3n chilena","datePublished":"2012-06-06T20:45:06+00:00","dateModified":"2012-06-06T20:45:57+00:00","mainEntityOfPage":{"@id":"https:\/\/medicina.udd.cl\/kinesiologia-santiago\/noticias\/2012\/06\/06\/profesor-fue-parte-de-la-evaluacion-de-la-seleccion-chilena\/"},"wordCount":280,"commentCount":0,"articleSection":["Noticias"],"inLanguage":"es","potentialAction":[{"@type":"CommentAction","name":"Comment","target":["https:\/\/medicina.udd.cl\/kinesiologia-santiago\/noticias\/2012\/06\/06\/profesor-fue-parte-de-la-evaluacion-de-la-seleccion-chilena\/#respond"]}]},{"@type":"WebPage","@id":"https:\/\/medicina.udd.cl\/kinesiologia-santiago\/noticias\/2012\/06\/06\/profesor-fue-parte-de-la-evaluacion-de-la-seleccion-chilena\/","url":"https:\/\/medicina.udd.cl\/kinesiologia-santiago\/noticias\/2012\/06\/06\/profesor-fue-parte-de-la-evaluacion-de-la-seleccion-chilena\/","name":"Profesor fue parte de la evaluaci\u00f3n de la selecci\u00f3n chilena - Kinesiolog\u00eda","isPartOf":{"@id":"https:\/\/medicina.udd.cl\/kinesiologia-santiago\/#website"},"datePublished":"2012-06-06T20:45:06+00:00","dateModified":"2012-06-06T20:45:57+00:00","author":{"@id":"https:\/\/medicina.udd.cl\/kinesiologia-santiago\/#\/schema\/person\/f7abfa784c86da427e89287831f96ab7"},"breadcrumb":{"@id":"https:\/\/medicina.udd.cl\/kinesiologia-santiago\/noticias\/2012\/06\/06\/profesor-fue-parte-de-la-evaluacion-de-la-seleccion-chilena\/#breadcrumb"},"inLanguage":"es","potentialAction":[{"@type":"ReadAction","target":["https:\/\/medicina.udd.cl\/kinesiologia-santiago\/noticias\/2012\/06\/06\/profesor-fue-parte-de-la-evaluacion-de-la-seleccion-chilena\/"]}]},{"@type":"BreadcrumbList","@id":"https:\/\/medicina.udd.cl\/kinesiologia-santiago\/noticias\/2012\/06\/06\/profesor-fue-parte-de-la-evaluacion-de-la-seleccion-chilena\/#breadcrumb","itemListElement":[{"@type":"ListItem","position":1,"name":"Home","item":"https:\/\/medicina.udd.cl\/kinesiologia-santiago\/"},{"@type":"ListItem","position":2,"name":"Profesor fue parte de la evaluaci\u00f3n de la selecci\u00f3n chilena"}]},{"@type":"WebSite","@id":"https:\/\/medicina.udd.cl\/kinesiologia-santiago\/#website","url":"https:\/\/medicina.udd.cl\/kinesiologia-santiago\/","name":"Kinesiolog\u00eda","description":"Facultad de Medicina Cl\u00ednica Alemana Universidad del Desarrollo","inLanguage":"es"},{"@type":"Person","@id":"https:\/\/medicina.udd.cl\/kinesiologia-santiago\/#\/schema\/person\/f7abfa784c86da427e89287831f96ab7","name":"admin","image":{"@type":"ImageObject","inLanguage":"es","@id":"https:\/\/medicina.udd.cl\/kinesiologia-santiago\/#\/schema\/person\/image\/","url":"https:\/\/secure.gravatar.com\/avatar\/3cb6da298954dfb54457c0910b8c9ca010abd8d87a60f7d701b6ce4254e1c642?s=96&d=mm&r=g","contentUrl":"https:\/\/secure.gravatar.com\/avatar\/3cb6da298954dfb54457c0910b8c9ca010abd8d87a60f7d701b6ce4254e1c642?s=96&d=mm&r=g","caption":"admin"},"url":"https:\/\/medicina.udd.cl\/kinesiologia-santiago\/noticias\/author\/admin\/"}]}},"featured_image_url":null,"_links":{"self":[{"href":"https:\/\/medicina.udd.cl\/kinesiologia-santiago\/wp-json\/wp\/v2\/posts\/707","targetHints":{"allow":["GET"]}}],"collection":[{"href":"https:\/\/medicina.udd.cl\/kinesiologia-santiago\/wp-json\/wp\/v2\/posts"}],"about":[{"href":"https:\/\/medicina.udd.cl\/kinesiologia-santiago\/wp-json\/wp\/v2\/types\/post"}],"author":[{"embeddable":true,"href":"https:\/\/medicina.udd.cl\/kinesiologia-santiago\/wp-json\/wp\/v2\/users\/1"}],"replies":[{"embeddable":true,"href":"https:\/\/medicina.udd.cl\/kinesiologia-santiago\/wp-json\/wp\/v2\/comments?post=707"}],"version-history":[{"count":2,"href":"https:\/\/medicina.udd.cl\/kinesiologia-santiago\/wp-json\/wp\/v2\/posts\/707\/revisions"}],"predecessor-version":[{"id":711,"href":"https:\/\/medicina.udd.cl\/kinesiologia-santiago\/wp-json\/wp\/v2\/posts\/707\/revisions\/711"}],"wp:attachment":[{"href":"https:\/\/medicina.udd.cl\/kinesiologia-santiago\/wp-json\/wp\/v2\/media?parent=707"}],"wp:term":[{"taxonomy":"category","embeddable":true,"href":"https:\/\/medicina.udd.cl\/kinesiologia-santiago\/wp-json\/wp\/v2\/categories?post=707"},{"taxonomy":"post_tag","embeddable":true,"href":"https:\/\/medicina.udd.cl\/kinesiologia-santiago\/wp-json\/wp\/v2\/tags?post=707"}],"curies":[{"name":"wp","href":"https:\/\/api.w.org\/{rel}","templated":true}]}}