{"id":7119,"date":"2025-07-04T10:01:08","date_gmt":"2025-07-04T14:01:08","guid":{"rendered":"https:\/\/medicina.udd.cl\/kinesiologia-santiago\/?p=7119"},"modified":"2025-07-04T10:04:43","modified_gmt":"2025-07-04T14:04:43","slug":"primera-jornada-de-trabajo-entre-alemana-sport-y-kinesiologia-udd-marca-un-hito-de-colaboracion-interdisciplinaria","status":"publish","type":"post","link":"https:\/\/medicina.udd.cl\/kinesiologia-santiago\/noticias\/2025\/07\/04\/primera-jornada-de-trabajo-entre-alemana-sport-y-kinesiologia-udd-marca-un-hito-de-colaboracion-interdisciplinaria\/","title":{"rendered":"Primera jornada de trabajo entre Alemana Sport y Kinesiolog\u00eda UDD marca un hito de colaboraci\u00f3n interdisciplinaria"},"content":{"rendered":"\n<figure class=\"wp-block-gallery has-nested-images columns-default is-cropped wp-block-gallery-1 is-layout-flex wp-block-gallery-is-layout-flex\">\n<figure class=\"wp-block-image size-large\"><a href=\"https:\/\/medicina.udd.cl\/kinesiologia-santiago\/files\/2025\/07\/kine-jornada-de-trabajo-en-alemana-sport-3.jpeg\"><img loading=\"lazy\" decoding=\"async\" width=\"768\" height=\"1024\" data-id=\"7121\" src=\"https:\/\/medicina.udd.cl\/kinesiologia-santiago\/files\/2025\/07\/kine-jornada-de-trabajo-en-alemana-sport-3-768x1024.jpeg\" alt=\"\" class=\"wp-image-7121\" srcset=\"https:\/\/medicina.udd.cl\/kinesiologia-santiago\/files\/2025\/07\/kine-jornada-de-trabajo-en-alemana-sport-3-768x1024.jpeg 768w, https:\/\/medicina.udd.cl\/kinesiologia-santiago\/files\/2025\/07\/kine-jornada-de-trabajo-en-alemana-sport-3-225x300.jpeg 225w, https:\/\/medicina.udd.cl\/kinesiologia-santiago\/files\/2025\/07\/kine-jornada-de-trabajo-en-alemana-sport-3-1152x1536.jpeg 1152w, https:\/\/medicina.udd.cl\/kinesiologia-santiago\/files\/2025\/07\/kine-jornada-de-trabajo-en-alemana-sport-3.jpeg 1536w\" sizes=\"auto, (max-width: 768px) 100vw, 768px\" \/><\/a><figcaption class=\"wp-element-caption\">Klgo. Jorge Molina<\/figcaption><\/figure>\n\n\n\n<figure class=\"wp-block-image size-large\"><a href=\"https:\/\/medicina.udd.cl\/kinesiologia-santiago\/files\/2025\/07\/kine-jornada-de-trabajo-en-alemana-sport-8.jpeg\"><img loading=\"lazy\" decoding=\"async\" width=\"768\" height=\"1024\" data-id=\"7123\" src=\"https:\/\/medicina.udd.cl\/kinesiologia-santiago\/files\/2025\/07\/kine-jornada-de-trabajo-en-alemana-sport-8-768x1024.jpeg\" alt=\"\" class=\"wp-image-7123\" srcset=\"https:\/\/medicina.udd.cl\/kinesiologia-santiago\/files\/2025\/07\/kine-jornada-de-trabajo-en-alemana-sport-8-768x1024.jpeg 768w, https:\/\/medicina.udd.cl\/kinesiologia-santiago\/files\/2025\/07\/kine-jornada-de-trabajo-en-alemana-sport-8-225x300.jpeg 225w, https:\/\/medicina.udd.cl\/kinesiologia-santiago\/files\/2025\/07\/kine-jornada-de-trabajo-en-alemana-sport-8-1152x1536.jpeg 1152w, https:\/\/medicina.udd.cl\/kinesiologia-santiago\/files\/2025\/07\/kine-jornada-de-trabajo-en-alemana-sport-8.jpeg 1536w\" sizes=\"auto, (max-width: 768px) 100vw, 768px\" \/><\/a><\/figure>\n\n\n\n<figure class=\"wp-block-image size-large\"><a href=\"https:\/\/medicina.udd.cl\/kinesiologia-santiago\/files\/2025\/07\/kine-jornada-de-trabajo-en-alemana-sport-34.jpeg\"><img loading=\"lazy\" decoding=\"async\" width=\"1024\" height=\"768\" data-id=\"7124\" src=\"https:\/\/medicina.udd.cl\/kinesiologia-santiago\/files\/2025\/07\/kine-jornada-de-trabajo-en-alemana-sport-34-1024x768.jpeg\" alt=\"\" class=\"wp-image-7124\" srcset=\"https:\/\/medicina.udd.cl\/kinesiologia-santiago\/files\/2025\/07\/kine-jornada-de-trabajo-en-alemana-sport-34-1024x768.jpeg 1024w, https:\/\/medicina.udd.cl\/kinesiologia-santiago\/files\/2025\/07\/kine-jornada-de-trabajo-en-alemana-sport-34-300x225.jpeg 300w, https:\/\/medicina.udd.cl\/kinesiologia-santiago\/files\/2025\/07\/kine-jornada-de-trabajo-en-alemana-sport-34-768x576.jpeg 768w, https:\/\/medicina.udd.cl\/kinesiologia-santiago\/files\/2025\/07\/kine-jornada-de-trabajo-en-alemana-sport-34-1536x1152.jpeg 1536w, https:\/\/medicina.udd.cl\/kinesiologia-santiago\/files\/2025\/07\/kine-jornada-de-trabajo-en-alemana-sport-34.jpeg 2048w\" sizes=\"auto, (max-width: 1024px) 100vw, 1024px\" \/><\/a><\/figure>\n<\/figure>\n\n\n\n<p>Con el objetivo de estrechar v\u00ednculos y proyectar nuevas \u00e1reas de desarrollo conjunto, el pasado martes 24 de junio se llev\u00f3 a cabo la primera jornada de trabajo entre el equipo de Alemana Sport \u2014integrado por m\u00e9dicos, kinesi\u00f3logos y profesores\u2014, representantes de la carrera de Kinesiolog\u00eda de la Facultad de Medicina Cl\u00ednica Alemana Universidad del Desarrollo (UDD), y profesionales del Centro de Innovaci\u00f3n en Actividad F\u00edsica para Personas con Discapacidad (CIAD-VIVE UDD).<\/p>\n\n\n\n<p>La actividad se realiz\u00f3 en las instalaciones de Alemana Sport, ubicadas en Cl\u00ednica Alemana La Dehesa, y reuni\u00f3 a figuras clave como Rodrigo Dom\u00ednguez Gonz\u00e1lez, jefe del \u00e1rea de rehabilitaci\u00f3n de Alemana Sport; Jorge Molina, director de la carrera de Kinesiolog\u00eda UDD; y los coordinadores y docentes Pablo Su\u00e1rez Vergara y Camilo Pavez Montt. El objetivo fue presentar las \u00e1reas de trabajo actuales, compartir visiones y detectar oportunidades para construir nuevas l\u00edneas de acci\u00f3n conjunta.<\/p>\n\n\n\n<p>Durante la jornada, Rodrigo Dom\u00ednguez ofreci\u00f3 unas palabras de bienvenida que resaltaron la importancia de la colaboraci\u00f3n. Luego, Jorge Molina reafirm\u00f3 el compromiso acad\u00e9mico y de desarrollo profesional, abriendo el espacio a potenciales alianzas en docencia, innovaci\u00f3n e investigaci\u00f3n.<\/p>\n\n\n\n<p>Posteriormente, Pablo Su\u00e1rez present\u00f3 al equipo de Innovaci\u00f3n y Tecnolog\u00eda, adem\u00e1s del grupo de profesionales CIAD, destacando hitos alcanzados por la carrera de Kinesiolog\u00eda y los proyectos en marcha, as\u00ed como desaf\u00edos futuros. La instancia culmin\u00f3 con una din\u00e1mica participativa donde los asistentes compartieron experiencias y perspectivas que servir\u00e1n de base para el dise\u00f1o de futuras iniciativas colaborativas.<\/p>\n\n\n\n<p>El Dr. Alex Vaisman, jefe m\u00e9dico de Alemana Sport, cerr\u00f3 la jornada valorando la iniciativa: <em>\u201cEstamos muy contentos con esta primera experiencia y con la potencialidad que tiene esta alianza para generar un impacto significativo en salud, formaci\u00f3n e innovaci\u00f3n\u201d.<\/em><\/p>\n\n\n\n<p>El director de la carrera de Kinesiolog\u00eda UDD, Klgo. Jorge Molina, tambi\u00e9n valor\u00f3 la instancia:<\/p>\n\n\n\n<p><em>\u201cEsta jornada representa el inicio de un camino que nos entusiasma profundamente. Creemos en el poder de la colaboraci\u00f3n para transformar el quehacer profesional y acad\u00e9mico, y generar un ecosistema donde la formaci\u00f3n, la investigaci\u00f3n y la innovaci\u00f3n se nutren mutuamente. Esta alianza no solo fortalece nuestro proyecto educativo, sino que tambi\u00e9n nos desaf\u00eda a so\u00f1ar en grande y trabajar en propuestas que impacten directamente en la calidad de vida de las personas\u201d.<\/em><\/p>\n\n\n\n<p>Esta jornada marca un hito en el fortalecimiento de la vinculaci\u00f3n entre ambas instituciones, potenciando el sentido de pertenencia, colaboraci\u00f3n y proyecci\u00f3n hacia desaf\u00edos conjuntos cada vez m\u00e1s innovadores.<\/p>\n\n\n\n<figure class=\"wp-block-gallery has-nested-images columns-default is-cropped wp-block-gallery-2 is-layout-flex wp-block-gallery-is-layout-flex\">\n<figure class=\"wp-block-image size-large\"><a href=\"https:\/\/medicina.udd.cl\/kinesiologia-santiago\/files\/2025\/07\/kine-jornada-de-trabajo-en-alemana-sport-49-1.jpeg\"><img loading=\"lazy\" decoding=\"async\" width=\"1024\" height=\"587\" data-id=\"7128\" src=\"https:\/\/medicina.udd.cl\/kinesiologia-santiago\/files\/2025\/07\/kine-jornada-de-trabajo-en-alemana-sport-49-1-1024x587.jpeg\" alt=\"\" class=\"wp-image-7128\" srcset=\"https:\/\/medicina.udd.cl\/kinesiologia-santiago\/files\/2025\/07\/kine-jornada-de-trabajo-en-alemana-sport-49-1-1024x587.jpeg 1024w, https:\/\/medicina.udd.cl\/kinesiologia-santiago\/files\/2025\/07\/kine-jornada-de-trabajo-en-alemana-sport-49-1-300x172.jpeg 300w, https:\/\/medicina.udd.cl\/kinesiologia-santiago\/files\/2025\/07\/kine-jornada-de-trabajo-en-alemana-sport-49-1-768x440.jpeg 768w, https:\/\/medicina.udd.cl\/kinesiologia-santiago\/files\/2025\/07\/kine-jornada-de-trabajo-en-alemana-sport-49-1.jpeg 1536w\" sizes=\"auto, (max-width: 1024px) 100vw, 1024px\" \/><\/a><figcaption class=\"wp-element-caption\">Dr. Alex Vaisman<\/figcaption><\/figure>\n\n\n\n<figure class=\"wp-block-image size-large\"><a href=\"https:\/\/medicina.udd.cl\/kinesiologia-santiago\/files\/2025\/07\/kine-jornada-de-trabajo-en-alemana-sport-36.jpeg\"><img loading=\"lazy\" decoding=\"async\" width=\"1024\" height=\"768\" data-id=\"7126\" src=\"https:\/\/medicina.udd.cl\/kinesiologia-santiago\/files\/2025\/07\/kine-jornada-de-trabajo-en-alemana-sport-36-1024x768.jpeg\" alt=\"\" class=\"wp-image-7126\" srcset=\"https:\/\/medicina.udd.cl\/kinesiologia-santiago\/files\/2025\/07\/kine-jornada-de-trabajo-en-alemana-sport-36-1024x768.jpeg 1024w, https:\/\/medicina.udd.cl\/kinesiologia-santiago\/files\/2025\/07\/kine-jornada-de-trabajo-en-alemana-sport-36-300x225.jpeg 300w, https:\/\/medicina.udd.cl\/kinesiologia-santiago\/files\/2025\/07\/kine-jornada-de-trabajo-en-alemana-sport-36-768x576.jpeg 768w, https:\/\/medicina.udd.cl\/kinesiologia-santiago\/files\/2025\/07\/kine-jornada-de-trabajo-en-alemana-sport-36-1536x1152.jpeg 1536w, https:\/\/medicina.udd.cl\/kinesiologia-santiago\/files\/2025\/07\/kine-jornada-de-trabajo-en-alemana-sport-36.jpeg 2048w\" sizes=\"auto, (max-width: 1024px) 100vw, 1024px\" \/><\/a><\/figure>\n\n\n\n<figure class=\"wp-block-image size-large\"><a href=\"https:\/\/medicina.udd.cl\/kinesiologia-santiago\/files\/2025\/07\/kine-jornada-de-trabajo-en-alemana-sport-4-scaled.jpg\"><img loading=\"lazy\" decoding=\"async\" width=\"1024\" height=\"577\" data-id=\"7122\" src=\"https:\/\/medicina.udd.cl\/kinesiologia-santiago\/files\/2025\/07\/kine-jornada-de-trabajo-en-alemana-sport-4-1024x577.jpg\" alt=\"\" class=\"wp-image-7122\" srcset=\"https:\/\/medicina.udd.cl\/kinesiologia-santiago\/files\/2025\/07\/kine-jornada-de-trabajo-en-alemana-sport-4-1024x577.jpg 1024w, https:\/\/medicina.udd.cl\/kinesiologia-santiago\/files\/2025\/07\/kine-jornada-de-trabajo-en-alemana-sport-4-300x169.jpg 300w, https:\/\/medicina.udd.cl\/kinesiologia-santiago\/files\/2025\/07\/kine-jornada-de-trabajo-en-alemana-sport-4-768x432.jpg 768w, https:\/\/medicina.udd.cl\/kinesiologia-santiago\/files\/2025\/07\/kine-jornada-de-trabajo-en-alemana-sport-4-1536x865.jpg 1536w, https:\/\/medicina.udd.cl\/kinesiologia-santiago\/files\/2025\/07\/kine-jornada-de-trabajo-en-alemana-sport-4-2048x1153.jpg 2048w, https:\/\/medicina.udd.cl\/kinesiologia-santiago\/files\/2025\/07\/kine-jornada-de-trabajo-en-alemana-sport-4-1920x1080.jpg 1920w, https:\/\/medicina.udd.cl\/kinesiologia-santiago\/files\/2025\/07\/kine-jornada-de-trabajo-en-alemana-sport-4-1366x768.jpg 1366w, https:\/\/medicina.udd.cl\/kinesiologia-santiago\/files\/2025\/07\/kine-jornada-de-trabajo-en-alemana-sport-4-680x382.jpg 680w\" sizes=\"auto, (max-width: 1024px) 100vw, 1024px\" \/><\/a><\/figure>\n\n\n\n<figure class=\"wp-block-image size-large\"><a href=\"https:\/\/medicina.udd.cl\/kinesiologia-santiago\/files\/2025\/07\/kine-jornada-de-trabajo-en-alemana-sport-1-scaled.jpg\"><img loading=\"lazy\" decoding=\"async\" width=\"1024\" height=\"576\" data-id=\"7120\" src=\"https:\/\/medicina.udd.cl\/kinesiologia-santiago\/files\/2025\/07\/kine-jornada-de-trabajo-en-alemana-sport-1-1024x576.jpg\" alt=\"\" class=\"wp-image-7120\" srcset=\"https:\/\/medicina.udd.cl\/kinesiologia-santiago\/files\/2025\/07\/kine-jornada-de-trabajo-en-alemana-sport-1-1024x576.jpg 1024w, https:\/\/medicina.udd.cl\/kinesiologia-santiago\/files\/2025\/07\/kine-jornada-de-trabajo-en-alemana-sport-1-300x169.jpg 300w, https:\/\/medicina.udd.cl\/kinesiologia-santiago\/files\/2025\/07\/kine-jornada-de-trabajo-en-alemana-sport-1-768x432.jpg 768w, https:\/\/medicina.udd.cl\/kinesiologia-santiago\/files\/2025\/07\/kine-jornada-de-trabajo-en-alemana-sport-1-1536x864.jpg 1536w, https:\/\/medicina.udd.cl\/kinesiologia-santiago\/files\/2025\/07\/kine-jornada-de-trabajo-en-alemana-sport-1-2048x1153.jpg 2048w, https:\/\/medicina.udd.cl\/kinesiologia-santiago\/files\/2025\/07\/kine-jornada-de-trabajo-en-alemana-sport-1-1920x1080.jpg 1920w, https:\/\/medicina.udd.cl\/kinesiologia-santiago\/files\/2025\/07\/kine-jornada-de-trabajo-en-alemana-sport-1-1366x768.jpg 1366w, https:\/\/medicina.udd.cl\/kinesiologia-santiago\/files\/2025\/07\/kine-jornada-de-trabajo-en-alemana-sport-1-680x382.jpg 680w\" sizes=\"auto, (max-width: 1024px) 100vw, 1024px\" \/><\/a><\/figure>\n<\/figure>\n","protected":false},"excerpt":{"rendered":"<p>Con el objetivo de estrechar v\u00ednculos y proyectar nuevas \u00e1reas de desarrollo conjunto, el pasado martes 24 de junio se llev\u00f3 a cabo la primera jornada de trabajo entre el equipo de Alemana Sport \u2014integrado por m\u00e9dicos, kinesi\u00f3logos y profesores\u2014, representantes de la carrera de Kinesiolog\u00eda de la Facultad de Medicina Cl\u00ednica Alemana Universidad del [&hellip;]<\/p>\n","protected":false},"author":9192219,"featured_media":7123,"comment_status":"closed","ping_status":"open","sticky":false,"template":"","format":"standard","meta":{"footnotes":""},"categories":[4],"tags":[],"class_list":["post-7119","post","type-post","status-publish","format-standard","has-post-thumbnail","hentry","category-noticias"],"yoast_head":"<!-- This site is optimized with the Yoast SEO plugin v26.9 - https:\/\/yoast.com\/product\/yoast-seo-wordpress\/ -->\n<title>Primera jornada de trabajo entre Alemana Sport y Kinesiolog\u00eda UDD marca un hito de colaboraci\u00f3n interdisciplinaria - Kinesiolog\u00eda<\/title>\n<meta name=\"robots\" content=\"index, follow, max-snippet:-1, max-image-preview:large, max-video-preview:-1\" \/>\n<link rel=\"canonical\" href=\"https:\/\/medicina.udd.cl\/kinesiologia-santiago\/noticias\/2025\/07\/04\/primera-jornada-de-trabajo-entre-alemana-sport-y-kinesiologia-udd-marca-un-hito-de-colaboracion-interdisciplinaria\/\" \/>\n<meta property=\"og:locale\" content=\"es_ES\" \/>\n<meta property=\"og:type\" content=\"article\" \/>\n<meta property=\"og:title\" content=\"Primera jornada de trabajo entre Alemana Sport y Kinesiolog\u00eda UDD marca un hito de colaboraci\u00f3n interdisciplinaria - Kinesiolog\u00eda\" \/>\n<meta property=\"og:description\" content=\"Con el objetivo de estrechar v\u00ednculos y proyectar nuevas \u00e1reas de desarrollo conjunto, el pasado martes 24 de junio se llev\u00f3 a cabo la primera jornada de trabajo entre el equipo de Alemana Sport \u2014integrado por m\u00e9dicos, kinesi\u00f3logos y profesores\u2014, representantes de la carrera de Kinesiolog\u00eda de la Facultad de Medicina Cl\u00ednica Alemana Universidad del [&hellip;]\" \/>\n<meta property=\"og:url\" content=\"https:\/\/medicina.udd.cl\/kinesiologia-santiago\/noticias\/2025\/07\/04\/primera-jornada-de-trabajo-entre-alemana-sport-y-kinesiologia-udd-marca-un-hito-de-colaboracion-interdisciplinaria\/\" \/>\n<meta property=\"og:site_name\" content=\"Kinesiolog\u00eda\" \/>\n<meta property=\"article:published_time\" content=\"2025-07-04T14:01:08+00:00\" \/>\n<meta property=\"article:modified_time\" content=\"2025-07-04T14:04:43+00:00\" \/>\n<meta property=\"og:image\" content=\"https:\/\/medicina.udd.cl\/kinesiologia-santiago\/files\/2025\/07\/kine-jornada-de-trabajo-en-alemana-sport-8.jpeg\" \/>\n\t<meta property=\"og:image:width\" content=\"1536\" \/>\n\t<meta property=\"og:image:height\" content=\"2048\" \/>\n\t<meta property=\"og:image:type\" content=\"image\/jpeg\" \/>\n<meta name=\"author\" content=\"rbraidy\" \/>\n<meta name=\"twitter:label1\" content=\"Escrito por\" \/>\n\t<meta name=\"twitter:data1\" content=\"rbraidy\" \/>\n\t<meta name=\"twitter:label2\" content=\"Tiempo de lectura\" \/>\n\t<meta name=\"twitter:data2\" content=\"4 minutos\" \/>\n<script type=\"application\/ld+json\" class=\"yoast-schema-graph\">{\"@context\":\"https:\/\/schema.org\",\"@graph\":[{\"@type\":\"Article\",\"@id\":\"https:\/\/medicina.udd.cl\/kinesiologia-santiago\/noticias\/2025\/07\/04\/primera-jornada-de-trabajo-entre-alemana-sport-y-kinesiologia-udd-marca-un-hito-de-colaboracion-interdisciplinaria\/#article\",\"isPartOf\":{\"@id\":\"https:\/\/medicina.udd.cl\/kinesiologia-santiago\/noticias\/2025\/07\/04\/primera-jornada-de-trabajo-entre-alemana-sport-y-kinesiologia-udd-marca-un-hito-de-colaboracion-interdisciplinaria\/\"},\"author\":{\"name\":\"rbraidy\",\"@id\":\"https:\/\/medicina.udd.cl\/kinesiologia-santiago\/#\/schema\/person\/dbc3705bf3a93e8be1ba6de0ef950341\"},\"headline\":\"Primera jornada de trabajo entre Alemana Sport y Kinesiolog\u00eda UDD marca un hito de colaboraci\u00f3n interdisciplinaria\",\"datePublished\":\"2025-07-04T14:01:08+00:00\",\"dateModified\":\"2025-07-04T14:04:43+00:00\",\"mainEntityOfPage\":{\"@id\":\"https:\/\/medicina.udd.cl\/kinesiologia-santiago\/noticias\/2025\/07\/04\/primera-jornada-de-trabajo-entre-alemana-sport-y-kinesiologia-udd-marca-un-hito-de-colaboracion-interdisciplinaria\/\"},\"wordCount\":471,\"image\":{\"@id\":\"https:\/\/medicina.udd.cl\/kinesiologia-santiago\/noticias\/2025\/07\/04\/primera-jornada-de-trabajo-entre-alemana-sport-y-kinesiologia-udd-marca-un-hito-de-colaboracion-interdisciplinaria\/#primaryimage\"},\"thumbnailUrl\":\"https:\/\/medicina.udd.cl\/kinesiologia-santiago\/files\/2025\/07\/kine-jornada-de-trabajo-en-alemana-sport-8.jpeg\",\"articleSection\":[\"Noticias\"],\"inLanguage\":\"es\"},{\"@type\":\"WebPage\",\"@id\":\"https:\/\/medicina.udd.cl\/kinesiologia-santiago\/noticias\/2025\/07\/04\/primera-jornada-de-trabajo-entre-alemana-sport-y-kinesiologia-udd-marca-un-hito-de-colaboracion-interdisciplinaria\/\",\"url\":\"https:\/\/medicina.udd.cl\/kinesiologia-santiago\/noticias\/2025\/07\/04\/primera-jornada-de-trabajo-entre-alemana-sport-y-kinesiologia-udd-marca-un-hito-de-colaboracion-interdisciplinaria\/\",\"name\":\"Primera jornada de trabajo entre Alemana Sport y Kinesiolog\u00eda UDD marca un hito de colaboraci\u00f3n interdisciplinaria - Kinesiolog\u00eda\",\"isPartOf\":{\"@id\":\"https:\/\/medicina.udd.cl\/kinesiologia-santiago\/#website\"},\"primaryImageOfPage\":{\"@id\":\"https:\/\/medicina.udd.cl\/kinesiologia-santiago\/noticias\/2025\/07\/04\/primera-jornada-de-trabajo-entre-alemana-sport-y-kinesiologia-udd-marca-un-hito-de-colaboracion-interdisciplinaria\/#primaryimage\"},\"image\":{\"@id\":\"https:\/\/medicina.udd.cl\/kinesiologia-santiago\/noticias\/2025\/07\/04\/primera-jornada-de-trabajo-entre-alemana-sport-y-kinesiologia-udd-marca-un-hito-de-colaboracion-interdisciplinaria\/#primaryimage\"},\"thumbnailUrl\":\"https:\/\/medicina.udd.cl\/kinesiologia-santiago\/files\/2025\/07\/kine-jornada-de-trabajo-en-alemana-sport-8.jpeg\",\"datePublished\":\"2025-07-04T14:01:08+00:00\",\"dateModified\":\"2025-07-04T14:04:43+00:00\",\"author\":{\"@id\":\"https:\/\/medicina.udd.cl\/kinesiologia-santiago\/#\/schema\/person\/dbc3705bf3a93e8be1ba6de0ef950341\"},\"breadcrumb\":{\"@id\":\"https:\/\/medicina.udd.cl\/kinesiologia-santiago\/noticias\/2025\/07\/04\/primera-jornada-de-trabajo-entre-alemana-sport-y-kinesiologia-udd-marca-un-hito-de-colaboracion-interdisciplinaria\/#breadcrumb\"},\"inLanguage\":\"es\",\"potentialAction\":[{\"@type\":\"ReadAction\",\"target\":[\"https:\/\/medicina.udd.cl\/kinesiologia-santiago\/noticias\/2025\/07\/04\/primera-jornada-de-trabajo-entre-alemana-sport-y-kinesiologia-udd-marca-un-hito-de-colaboracion-interdisciplinaria\/\"]}]},{\"@type\":\"ImageObject\",\"inLanguage\":\"es\",\"@id\":\"https:\/\/medicina.udd.cl\/kinesiologia-santiago\/noticias\/2025\/07\/04\/primera-jornada-de-trabajo-entre-alemana-sport-y-kinesiologia-udd-marca-un-hito-de-colaboracion-interdisciplinaria\/#primaryimage\",\"url\":\"https:\/\/medicina.udd.cl\/kinesiologia-santiago\/files\/2025\/07\/kine-jornada-de-trabajo-en-alemana-sport-8.jpeg\",\"contentUrl\":\"https:\/\/medicina.udd.cl\/kinesiologia-santiago\/files\/2025\/07\/kine-jornada-de-trabajo-en-alemana-sport-8.jpeg\",\"width\":1536,\"height\":2048},{\"@type\":\"BreadcrumbList\",\"@id\":\"https:\/\/medicina.udd.cl\/kinesiologia-santiago\/noticias\/2025\/07\/04\/primera-jornada-de-trabajo-entre-alemana-sport-y-kinesiologia-udd-marca-un-hito-de-colaboracion-interdisciplinaria\/#breadcrumb\",\"itemListElement\":[{\"@type\":\"ListItem\",\"position\":1,\"name\":\"Home\",\"item\":\"https:\/\/medicina.udd.cl\/kinesiologia-santiago\/\"},{\"@type\":\"ListItem\",\"position\":2,\"name\":\"Primera jornada de trabajo entre Alemana Sport y Kinesiolog\u00eda UDD marca un hito de colaboraci\u00f3n interdisciplinaria\"}]},{\"@type\":\"WebSite\",\"@id\":\"https:\/\/medicina.udd.cl\/kinesiologia-santiago\/#website\",\"url\":\"https:\/\/medicina.udd.cl\/kinesiologia-santiago\/\",\"name\":\"Kinesiolog\u00eda\",\"description\":\"Facultad de Medicina Cl\u00ednica Alemana Universidad del Desarrollo\",\"inLanguage\":\"es\"},{\"@type\":\"Person\",\"@id\":\"https:\/\/medicina.udd.cl\/kinesiologia-santiago\/#\/schema\/person\/dbc3705bf3a93e8be1ba6de0ef950341\",\"name\":\"rbraidy\",\"image\":{\"@type\":\"ImageObject\",\"inLanguage\":\"es\",\"@id\":\"https:\/\/medicina.udd.cl\/kinesiologia-santiago\/#\/schema\/person\/image\/\",\"url\":\"https:\/\/secure.gravatar.com\/avatar\/0f8bc94637401590e45d2ce17eb65c274cb8870a219de6177f3f23e63fd8cdf3?s=96&d=mm&r=g\",\"contentUrl\":\"https:\/\/secure.gravatar.com\/avatar\/0f8bc94637401590e45d2ce17eb65c274cb8870a219de6177f3f23e63fd8cdf3?s=96&d=mm&r=g\",\"caption\":\"rbraidy\"},\"url\":\"https:\/\/medicina.udd.cl\/kinesiologia-santiago\/noticias\/author\/rbraidy\/\"}]}<\/script>\n<!-- \/ Yoast SEO plugin. -->","yoast_head_json":{"title":"Primera jornada de trabajo entre Alemana Sport y Kinesiolog\u00eda UDD marca un hito de colaboraci\u00f3n interdisciplinaria - Kinesiolog\u00eda","robots":{"index":"index","follow":"follow","max-snippet":"max-snippet:-1","max-image-preview":"max-image-preview:large","max-video-preview":"max-video-preview:-1"},"canonical":"https:\/\/medicina.udd.cl\/kinesiologia-santiago\/noticias\/2025\/07\/04\/primera-jornada-de-trabajo-entre-alemana-sport-y-kinesiologia-udd-marca-un-hito-de-colaboracion-interdisciplinaria\/","og_locale":"es_ES","og_type":"article","og_title":"Primera jornada de trabajo entre Alemana Sport y Kinesiolog\u00eda UDD marca un hito de colaboraci\u00f3n interdisciplinaria - Kinesiolog\u00eda","og_description":"Con el objetivo de estrechar v\u00ednculos y proyectar nuevas \u00e1reas de desarrollo conjunto, el pasado martes 24 de junio se llev\u00f3 a cabo la primera jornada de trabajo entre el equipo de Alemana Sport \u2014integrado por m\u00e9dicos, kinesi\u00f3logos y profesores\u2014, representantes de la carrera de Kinesiolog\u00eda de la Facultad de Medicina Cl\u00ednica Alemana Universidad del [&hellip;]","og_url":"https:\/\/medicina.udd.cl\/kinesiologia-santiago\/noticias\/2025\/07\/04\/primera-jornada-de-trabajo-entre-alemana-sport-y-kinesiologia-udd-marca-un-hito-de-colaboracion-interdisciplinaria\/","og_site_name":"Kinesiolog\u00eda","article_published_time":"2025-07-04T14:01:08+00:00","article_modified_time":"2025-07-04T14:04:43+00:00","og_image":[{"width":1536,"height":2048,"url":"https:\/\/medicina.udd.cl\/kinesiologia-santiago\/files\/2025\/07\/kine-jornada-de-trabajo-en-alemana-sport-8.jpeg","type":"image\/jpeg"}],"author":"rbraidy","twitter_misc":{"Escrito por":"rbraidy","Tiempo de lectura":"4 minutos"},"schema":{"@context":"https:\/\/schema.org","@graph":[{"@type":"Article","@id":"https:\/\/medicina.udd.cl\/kinesiologia-santiago\/noticias\/2025\/07\/04\/primera-jornada-de-trabajo-entre-alemana-sport-y-kinesiologia-udd-marca-un-hito-de-colaboracion-interdisciplinaria\/#article","isPartOf":{"@id":"https:\/\/medicina.udd.cl\/kinesiologia-santiago\/noticias\/2025\/07\/04\/primera-jornada-de-trabajo-entre-alemana-sport-y-kinesiologia-udd-marca-un-hito-de-colaboracion-interdisciplinaria\/"},"author":{"name":"rbraidy","@id":"https:\/\/medicina.udd.cl\/kinesiologia-santiago\/#\/schema\/person\/dbc3705bf3a93e8be1ba6de0ef950341"},"headline":"Primera jornada de trabajo entre Alemana Sport y Kinesiolog\u00eda UDD marca un hito de colaboraci\u00f3n interdisciplinaria","datePublished":"2025-07-04T14:01:08+00:00","dateModified":"2025-07-04T14:04:43+00:00","mainEntityOfPage":{"@id":"https:\/\/medicina.udd.cl\/kinesiologia-santiago\/noticias\/2025\/07\/04\/primera-jornada-de-trabajo-entre-alemana-sport-y-kinesiologia-udd-marca-un-hito-de-colaboracion-interdisciplinaria\/"},"wordCount":471,"image":{"@id":"https:\/\/medicina.udd.cl\/kinesiologia-santiago\/noticias\/2025\/07\/04\/primera-jornada-de-trabajo-entre-alemana-sport-y-kinesiologia-udd-marca-un-hito-de-colaboracion-interdisciplinaria\/#primaryimage"},"thumbnailUrl":"https:\/\/medicina.udd.cl\/kinesiologia-santiago\/files\/2025\/07\/kine-jornada-de-trabajo-en-alemana-sport-8.jpeg","articleSection":["Noticias"],"inLanguage":"es"},{"@type":"WebPage","@id":"https:\/\/medicina.udd.cl\/kinesiologia-santiago\/noticias\/2025\/07\/04\/primera-jornada-de-trabajo-entre-alemana-sport-y-kinesiologia-udd-marca-un-hito-de-colaboracion-interdisciplinaria\/","url":"https:\/\/medicina.udd.cl\/kinesiologia-santiago\/noticias\/2025\/07\/04\/primera-jornada-de-trabajo-entre-alemana-sport-y-kinesiologia-udd-marca-un-hito-de-colaboracion-interdisciplinaria\/","name":"Primera jornada de trabajo entre Alemana Sport y Kinesiolog\u00eda UDD marca un hito de colaboraci\u00f3n interdisciplinaria - Kinesiolog\u00eda","isPartOf":{"@id":"https:\/\/medicina.udd.cl\/kinesiologia-santiago\/#website"},"primaryImageOfPage":{"@id":"https:\/\/medicina.udd.cl\/kinesiologia-santiago\/noticias\/2025\/07\/04\/primera-jornada-de-trabajo-entre-alemana-sport-y-kinesiologia-udd-marca-un-hito-de-colaboracion-interdisciplinaria\/#primaryimage"},"image":{"@id":"https:\/\/medicina.udd.cl\/kinesiologia-santiago\/noticias\/2025\/07\/04\/primera-jornada-de-trabajo-entre-alemana-sport-y-kinesiologia-udd-marca-un-hito-de-colaboracion-interdisciplinaria\/#primaryimage"},"thumbnailUrl":"https:\/\/medicina.udd.cl\/kinesiologia-santiago\/files\/2025\/07\/kine-jornada-de-trabajo-en-alemana-sport-8.jpeg","datePublished":"2025-07-04T14:01:08+00:00","dateModified":"2025-07-04T14:04:43+00:00","author":{"@id":"https:\/\/medicina.udd.cl\/kinesiologia-santiago\/#\/schema\/person\/dbc3705bf3a93e8be1ba6de0ef950341"},"breadcrumb":{"@id":"https:\/\/medicina.udd.cl\/kinesiologia-santiago\/noticias\/2025\/07\/04\/primera-jornada-de-trabajo-entre-alemana-sport-y-kinesiologia-udd-marca-un-hito-de-colaboracion-interdisciplinaria\/#breadcrumb"},"inLanguage":"es","potentialAction":[{"@type":"ReadAction","target":["https:\/\/medicina.udd.cl\/kinesiologia-santiago\/noticias\/2025\/07\/04\/primera-jornada-de-trabajo-entre-alemana-sport-y-kinesiologia-udd-marca-un-hito-de-colaboracion-interdisciplinaria\/"]}]},{"@type":"ImageObject","inLanguage":"es","@id":"https:\/\/medicina.udd.cl\/kinesiologia-santiago\/noticias\/2025\/07\/04\/primera-jornada-de-trabajo-entre-alemana-sport-y-kinesiologia-udd-marca-un-hito-de-colaboracion-interdisciplinaria\/#primaryimage","url":"https:\/\/medicina.udd.cl\/kinesiologia-santiago\/files\/2025\/07\/kine-jornada-de-trabajo-en-alemana-sport-8.jpeg","contentUrl":"https:\/\/medicina.udd.cl\/kinesiologia-santiago\/files\/2025\/07\/kine-jornada-de-trabajo-en-alemana-sport-8.jpeg","width":1536,"height":2048},{"@type":"BreadcrumbList","@id":"https:\/\/medicina.udd.cl\/kinesiologia-santiago\/noticias\/2025\/07\/04\/primera-jornada-de-trabajo-entre-alemana-sport-y-kinesiologia-udd-marca-un-hito-de-colaboracion-interdisciplinaria\/#breadcrumb","itemListElement":[{"@type":"ListItem","position":1,"name":"Home","item":"https:\/\/medicina.udd.cl\/kinesiologia-santiago\/"},{"@type":"ListItem","position":2,"name":"Primera jornada de trabajo entre Alemana Sport y Kinesiolog\u00eda UDD marca un hito de colaboraci\u00f3n interdisciplinaria"}]},{"@type":"WebSite","@id":"https:\/\/medicina.udd.cl\/kinesiologia-santiago\/#website","url":"https:\/\/medicina.udd.cl\/kinesiologia-santiago\/","name":"Kinesiolog\u00eda","description":"Facultad de Medicina Cl\u00ednica Alemana Universidad del Desarrollo","inLanguage":"es"},{"@type":"Person","@id":"https:\/\/medicina.udd.cl\/kinesiologia-santiago\/#\/schema\/person\/dbc3705bf3a93e8be1ba6de0ef950341","name":"rbraidy","image":{"@type":"ImageObject","inLanguage":"es","@id":"https:\/\/medicina.udd.cl\/kinesiologia-santiago\/#\/schema\/person\/image\/","url":"https:\/\/secure.gravatar.com\/avatar\/0f8bc94637401590e45d2ce17eb65c274cb8870a219de6177f3f23e63fd8cdf3?s=96&d=mm&r=g","contentUrl":"https:\/\/secure.gravatar.com\/avatar\/0f8bc94637401590e45d2ce17eb65c274cb8870a219de6177f3f23e63fd8cdf3?s=96&d=mm&r=g","caption":"rbraidy"},"url":"https:\/\/medicina.udd.cl\/kinesiologia-santiago\/noticias\/author\/rbraidy\/"}]}},"featured_image_url":"https:\/\/medicina.udd.cl\/kinesiologia-santiago\/files\/2025\/07\/kine-jornada-de-trabajo-en-alemana-sport-8.jpeg","_links":{"self":[{"href":"https:\/\/medicina.udd.cl\/kinesiologia-santiago\/wp-json\/wp\/v2\/posts\/7119","targetHints":{"allow":["GET"]}}],"collection":[{"href":"https:\/\/medicina.udd.cl\/kinesiologia-santiago\/wp-json\/wp\/v2\/posts"}],"about":[{"href":"https:\/\/medicina.udd.cl\/kinesiologia-santiago\/wp-json\/wp\/v2\/types\/post"}],"author":[{"embeddable":true,"href":"https:\/\/medicina.udd.cl\/kinesiologia-santiago\/wp-json\/wp\/v2\/users\/9192219"}],"replies":[{"embeddable":true,"href":"https:\/\/medicina.udd.cl\/kinesiologia-santiago\/wp-json\/wp\/v2\/comments?post=7119"}],"version-history":[{"count":2,"href":"https:\/\/medicina.udd.cl\/kinesiologia-santiago\/wp-json\/wp\/v2\/posts\/7119\/revisions"}],"predecessor-version":[{"id":7130,"href":"https:\/\/medicina.udd.cl\/kinesiologia-santiago\/wp-json\/wp\/v2\/posts\/7119\/revisions\/7130"}],"wp:featuredmedia":[{"embeddable":true,"href":"https:\/\/medicina.udd.cl\/kinesiologia-santiago\/wp-json\/wp\/v2\/media\/7123"}],"wp:attachment":[{"href":"https:\/\/medicina.udd.cl\/kinesiologia-santiago\/wp-json\/wp\/v2\/media?parent=7119"}],"wp:term":[{"taxonomy":"category","embeddable":true,"href":"https:\/\/medicina.udd.cl\/kinesiologia-santiago\/wp-json\/wp\/v2\/categories?post=7119"},{"taxonomy":"post_tag","embeddable":true,"href":"https:\/\/medicina.udd.cl\/kinesiologia-santiago\/wp-json\/wp\/v2\/tags?post=7119"}],"curies":[{"name":"wp","href":"https:\/\/api.w.org\/{rel}","templated":true}]}}