{"id":7131,"date":"2025-07-09T10:15:33","date_gmt":"2025-07-09T14:15:33","guid":{"rendered":"https:\/\/medicina.udd.cl\/kinesiologia-santiago\/?p=7131"},"modified":"2025-07-09T13:46:44","modified_gmt":"2025-07-09T17:46:44","slug":"el-trabajo-en-equipo-es-clave-para-la-recuperacion-de-los-pacientes-francisca-sanhueza-kinesiologa-udd","status":"publish","type":"post","link":"https:\/\/medicina.udd.cl\/kinesiologia-santiago\/noticias\/2025\/07\/09\/el-trabajo-en-equipo-es-clave-para-la-recuperacion-de-los-pacientes-francisca-sanhueza-kinesiologa-udd\/","title":{"rendered":"\u00abEl trabajo en equipo es clave para la recuperaci\u00f3n de los pacientes\u00bb \u2013 Francisca Sanhueza, Kinesi\u00f3loga UDD"},"content":{"rendered":"\n<figure class=\"wp-block-image alignright size-full is-resized\"><a href=\"https:\/\/medicina.udd.cl\/kinesiologia-santiago\/files\/2025\/07\/historias-alumni-f-sanhueza-576x1024-1.png\"><img loading=\"lazy\" decoding=\"async\" width=\"576\" height=\"1024\" src=\"https:\/\/medicina.udd.cl\/kinesiologia-santiago\/files\/2025\/07\/historias-alumni-f-sanhueza-576x1024-1.png\" alt=\"\" class=\"wp-image-7135\" style=\"width:519px;height:auto\" srcset=\"https:\/\/medicina.udd.cl\/kinesiologia-santiago\/files\/2025\/07\/historias-alumni-f-sanhueza-576x1024-1.png 576w, https:\/\/medicina.udd.cl\/kinesiologia-santiago\/files\/2025\/07\/historias-alumni-f-sanhueza-576x1024-1-169x300.png 169w\" sizes=\"auto, (max-width: 576px) 100vw, 576px\" \/><\/a><\/figure>\n\n\n\n<p>Francisca Sanhueza Otaegui, Kinesi\u00f3loga de la Universidad del Desarrollo. Complement\u00f3 su formaci\u00f3n con un diplomado en Kinesioterapia en Neonatolog\u00eda y otro en Kinesioterapia en la Unidad del Paciente Cr\u00edtico. Actualmente cursa el Mag\u00edster en Kinesiolog\u00eda en Terapia F\u00edsica y Rehabilitaci\u00f3n (MAKI), tambi\u00e9n en la UDD. &nbsp;<\/p>\n\n\n\n<p>Hace m\u00e1s de una d\u00e9cada, Francisca lleg\u00f3 al Hospital de Ni\u00f1os Dr. Luis Calvo Mackenna, donde hoy es Coordinadora de Kinesiolog\u00eda del cuarto turno y adicionalmente en la Unidad del Paciente Cr\u00edtico, especializada en Cirug\u00eda Cardiovascular Pedi\u00e1trica; y estos la llevan a diario a&nbsp;atender&nbsp;los pacientes m\u00e1s vulnerables: los reci\u00e9n nacidos y ni\u00f1os peque\u00f1os que enfrentan cirug\u00edas de alta complejidad por cardiopat\u00edas cong\u00e9nitas.&nbsp;<\/p>\n\n\n\n<p>El trabajo de Francisca es t\u00e9cnico, pero tambi\u00e9n profundamente humano. Se centra en la terapia respiratoria intensiva, manejo de ventilaci\u00f3n mec\u00e1nica, pruebas de weaning, es decir, el proceso de retirar gradualmente la ventilaci\u00f3n mec\u00e1nica en un paciente,&nbsp;y finalmente, el acompa\u00f1amiento integral durante la recuperaci\u00f3n. \u201cLa mayor\u00eda de los pacientes que recibo son lactantes, menores de dos a\u00f1os, operados por condiciones como coartaci\u00f3n a\u00f3rtica o ventr\u00edculo \u00fanico\u201d, explica.&nbsp;<\/p>\n\n\n\n<p>Nos cuenta que su primer a\u00f1o fue especialmente dif\u00edcil. \u201cNo es f\u00e1cil no involucrar sentimientos. Hay ni\u00f1os que fallecen y familias que sufren much\u00edsimo. Aprend\u00ed a cuidar mi salud mental, a protegerme emocionalmente para poder seguir entregando lo mejor de m\u00ed\u201d, recuerda. Convertirse en madre tambi\u00e9n ha profundizado su empat\u00eda hacia los padres y cuidadores.&nbsp;<\/p>\n\n\n\n<p>Para ella, la humanizaci\u00f3n del cuidado es esencial. \u201cNo solo tratamos patolog\u00edas, tratamos personas. Entender el contexto del ni\u00f1o, saber con qui\u00e9n vive, qu\u00e9 quiere lograr, es clave para que la rehabilitaci\u00f3n tenga sentido\u201d.&nbsp;<\/p>\n\n\n\n<p>Inspirada por esa visi\u00f3n, impuls\u00f3 junto a su equipo la creaci\u00f3n de un rinc\u00f3n terap\u00e9utico dentro de la UCI, un espacio con juguetes, libros y material did\u00e1ctico. \u201cLos ni\u00f1os esperan con ansias que llegue su kinesi\u00f3logo para poder ir a este lugar, lo que logran caminando con mucho esfuerzo. Cuando llegan a este espacio m\u00e1gico, sus caritas muestran felicidad y sienten que ya no est\u00e1n en un recinto hospitalario. Lo terap\u00e9utico tambi\u00e9n pasa por jugar y disfrutar\u201d.&nbsp;<\/p>\n\n\n\n<p>Uno de los momentos que m\u00e1s atesora fue el de un ni\u00f1o de cinco a\u00f1os que estuvo dos meses hospitalizado, uno de ellos en estado cr\u00edtico. \u201cCuando por fin logr\u00f3 caminar por el pasillo, estaba muy feliz, y recuerdo que nos emocionamos mucho con su mam\u00e1. Son momentos que te reafirman el porqu\u00e9 de tu vocaci\u00f3n\u201d.&nbsp;<\/p>\n\n\n\n<p>Llevando a la pr\u00e1ctica uno de los sellos formativos de nuestra Universidad, esta Alumni UDD nos asegura que el trabajo interdisciplinario es tambi\u00e9n parte fundamental del \u00e9xito terap\u00e9utico. Participa a diario en reuniones cl\u00ednicas junto a m\u00e9dicos, kinesi\u00f3logos y otros profesionales de salud, donde definen en conjunto los tratamientos m\u00e1s adecuados para cada paciente.<\/p>\n\n\n\n<h2 class=\"wp-block-heading\"><strong>\u201cEl trabajo en equipo es clave para mejorar la recuperaci\u00f3n de los pacientes y humanizar la atenci\u00f3n\u201d<\/strong><\/h2>\n\n\n\n<figure class=\"wp-block-gallery has-nested-images columns-default is-cropped wp-block-gallery-1 is-layout-flex wp-block-gallery-is-layout-flex\">\n<figure class=\"wp-block-image size-large\"><a href=\"https:\/\/medicina.udd.cl\/kinesiologia-santiago\/files\/2025\/07\/francisca-sanhueza-2-1024x768-1.jpg\"><img loading=\"lazy\" decoding=\"async\" width=\"1024\" height=\"768\" data-id=\"7132\" src=\"https:\/\/medicina.udd.cl\/kinesiologia-santiago\/files\/2025\/07\/francisca-sanhueza-2-1024x768-1.jpg\" alt=\"\" class=\"wp-image-7132\" srcset=\"https:\/\/medicina.udd.cl\/kinesiologia-santiago\/files\/2025\/07\/francisca-sanhueza-2-1024x768-1.jpg 1024w, https:\/\/medicina.udd.cl\/kinesiologia-santiago\/files\/2025\/07\/francisca-sanhueza-2-1024x768-1-300x225.jpg 300w, https:\/\/medicina.udd.cl\/kinesiologia-santiago\/files\/2025\/07\/francisca-sanhueza-2-1024x768-1-768x576.jpg 768w\" sizes=\"auto, (max-width: 1024px) 100vw, 1024px\" \/><\/a><\/figure>\n\n\n\n<figure class=\"wp-block-image size-large\"><a href=\"https:\/\/medicina.udd.cl\/kinesiologia-santiago\/files\/2025\/07\/franciscasanhueza_kine.jpeg\"><img loading=\"lazy\" decoding=\"async\" width=\"1024\" height=\"768\" data-id=\"7142\" src=\"https:\/\/medicina.udd.cl\/kinesiologia-santiago\/files\/2025\/07\/franciscasanhueza_kine-1024x768.jpeg\" alt=\"\" class=\"wp-image-7142\" srcset=\"https:\/\/medicina.udd.cl\/kinesiologia-santiago\/files\/2025\/07\/franciscasanhueza_kine-1024x768.jpeg 1024w, https:\/\/medicina.udd.cl\/kinesiologia-santiago\/files\/2025\/07\/franciscasanhueza_kine-300x225.jpeg 300w, https:\/\/medicina.udd.cl\/kinesiologia-santiago\/files\/2025\/07\/franciscasanhueza_kine-768x576.jpeg 768w, https:\/\/medicina.udd.cl\/kinesiologia-santiago\/files\/2025\/07\/franciscasanhueza_kine.jpeg 1536w\" sizes=\"auto, (max-width: 1024px) 100vw, 1024px\" \/><\/a><\/figure>\n\n\n\n<figure class=\"wp-block-image size-large\"><a href=\"https:\/\/medicina.udd.cl\/kinesiologia-santiago\/files\/2025\/07\/francisca-sanhueza-5-768x1024-1.jpg\"><img loading=\"lazy\" decoding=\"async\" width=\"768\" height=\"1024\" data-id=\"7134\" src=\"https:\/\/medicina.udd.cl\/kinesiologia-santiago\/files\/2025\/07\/francisca-sanhueza-5-768x1024-1.jpg\" alt=\"\" class=\"wp-image-7134\" srcset=\"https:\/\/medicina.udd.cl\/kinesiologia-santiago\/files\/2025\/07\/francisca-sanhueza-5-768x1024-1.jpg 768w, https:\/\/medicina.udd.cl\/kinesiologia-santiago\/files\/2025\/07\/francisca-sanhueza-5-768x1024-1-225x300.jpg 225w\" sizes=\"auto, (max-width: 768px) 100vw, 768px\" \/><\/a><\/figure>\n<\/figure>\n\n\n\n<p>Su vocaci\u00f3n profunda la ha impulsado a seguir siempre aprendiendo y creciendo, actualmente cursa el Mag\u00edster en Kinesiolog\u00eda en Terapia F\u00edsica y Rehabilitaci\u00f3n (MAKI) de la Universidad del Desarrollo. \u201cSent\u00eda que estaba estancada en su desarrollo profesional y necesitaba un impulso mayor. El MAKI ha permitido perfeccionarme, expandiendo mi forma de pensar y de trabajar\u201d, asegura.&nbsp;<\/p>\n\n\n\n<p>\u201cEl programa te lleva m\u00e1s all\u00e1 de los l\u00edmites que uno cre\u00eda tener. Hoy, como kinesi\u00f3loga con MAKI, soy una profesional totalmente distinta\u201d, afirma con convicci\u00f3n. M\u00e1s all\u00e1 de las herramientas cl\u00ednicas y cient\u00edficas, valora especialmente el enfoque \u00e9tico y humano que ha adquirido durante el proceso. \u201cEn el ramo de bio\u00e9tica, trabajamos el concepto de responsabilidad en la investigaci\u00f3n cl\u00ednica. Esa reflexi\u00f3n me cambi\u00f3 mucho\u201d.&nbsp;<\/p>\n\n\n\n<p>Volver a la Universidad tambi\u00e9n ha sido una experiencia emocionalmente significativa. Reencontrarse con docentes como Jaime Lepe, Sonia Roa y Mar\u00eda Jes\u00fas Mena ha reforzado su sentido de pertenencia con la UDD. \u201cHa sido incre\u00edble volver. Sentir de cerca nuevamente los sellos de la UDD, su calidad cient\u00edfica y humana\u201d.&nbsp;<\/p>\n\n\n\n<h2 class=\"wp-block-heading\"><strong>\u201cSiempre es necesario perfeccionarse, sobre todo a los profesionales de la salud\u201d<\/strong><\/h2>\n\n\n\n<p>Su investigaci\u00f3n final de mag\u00edster busca comprender el rol de las familias y los equipos de salud en la promoci\u00f3n de la actividad f\u00edsica en ni\u00f1os con cardiopat\u00edas cong\u00e9nitas. \u201cQueremos generar estrategias educativas reales y aplicables. Esto no puede quedar en un manual olvidado en un caj\u00f3n, deben darse soluciones tangibles y con buenos resultados\u201d, enfatiza.&nbsp;<\/p>\n\n\n\n<p>Asegura que la formaci\u00f3n recibida en la UDD ha sido determinante. \u201cDesde el pregrado, siempre nos ense\u00f1aron a mirar al paciente en su totalidad. No solo ver su lesi\u00f3n, sino su historia, su entorno, y sus motivaciones. Eso me marc\u00f3, y el MAKI lo ha potenciado a\u00fan m\u00e1s\u201d.&nbsp;<\/p>\n\n\n\n<p>Hoy, adem\u00e1s de su tesis de mag\u00edster, lidera el desarrollo de un producto educativo enfocado en empoderar a las familias de ni\u00f1os con cardiopat\u00edas. \u201cQueremos que los pap\u00e1s dejen de tener miedo. Que sepan que su hijo, aunque tenga una condici\u00f3n cr\u00f3nica, puede tener una vida plena, ir a cumplea\u00f1os, al colegio, jugar como cualquier ni\u00f1o\u201d.&nbsp;<\/p>\n\n\n\n<p>El proyecto \u2014nacido desde el ramo de innovaci\u00f3n en salud del MAKI\u2014 tambi\u00e9n apunta a los equipos de salud: a mejorar la forma en que entregan indicaciones sobre actividad f\u00edsica infantil.<\/p>\n\n\n\n<h2 class=\"wp-block-heading\">\u201c<strong>Muchas veces no comunicamos bien. Y si la informaci\u00f3n no llega, no sirve. Necesitamos herramientas pr\u00e1cticas, no solo teor\u00eda<\/strong>\u201d<\/h2>\n\n\n\n<p>Desde la Unidad del Paciente Cr\u00edtico, Francisca sigue impulsando una forma de hacer kinesiolog\u00eda que es t\u00e9cnica, colaborativa y profundamente humana. Su paso por la UDD no solo marc\u00f3 su formaci\u00f3n, sino que sigue siendo parte activa de los nuevos desaf\u00edos que lidera d\u00eda a d\u00eda. \u00a0<\/p>\n\n\n\n<figure class=\"wp-block-image aligncenter size-large\"><a href=\"https:\/\/medicina.udd.cl\/kinesiologia-santiago\/files\/2025\/07\/kinefranciscasanhueza_neo.jpg\"><img loading=\"lazy\" decoding=\"async\" width=\"1024\" height=\"769\" src=\"https:\/\/medicina.udd.cl\/kinesiologia-santiago\/files\/2025\/07\/kinefranciscasanhueza_neo-1024x769.jpg\" alt=\"\" class=\"wp-image-7144\" srcset=\"https:\/\/medicina.udd.cl\/kinesiologia-santiago\/files\/2025\/07\/kinefranciscasanhueza_neo-1024x769.jpg 1024w, https:\/\/medicina.udd.cl\/kinesiologia-santiago\/files\/2025\/07\/kinefranciscasanhueza_neo-300x225.jpg 300w, https:\/\/medicina.udd.cl\/kinesiologia-santiago\/files\/2025\/07\/kinefranciscasanhueza_neo-768x577.jpg 768w, https:\/\/medicina.udd.cl\/kinesiologia-santiago\/files\/2025\/07\/kinefranciscasanhueza_neo.jpg 1080w\" sizes=\"auto, (max-width: 1024px) 100vw, 1024px\" \/><\/a><\/figure>\n","protected":false},"excerpt":{"rendered":"<p>Francisca Sanhueza Otaegui, Kinesi\u00f3loga de la Universidad del Desarrollo. Complement\u00f3 su formaci\u00f3n con un diplomado en Kinesioterapia en Neonatolog\u00eda y otro en Kinesioterapia en la Unidad del Paciente Cr\u00edtico. Actualmente cursa el Mag\u00edster en Kinesiolog\u00eda en Terapia F\u00edsica y Rehabilitaci\u00f3n (MAKI), tambi\u00e9n en la UDD. &nbsp; Hace m\u00e1s de una d\u00e9cada, Francisca lleg\u00f3 al Hospital [&hellip;]<\/p>\n","protected":false},"author":9192219,"featured_media":7134,"comment_status":"closed","ping_status":"open","sticky":false,"template":"","format":"standard","meta":{"footnotes":""},"categories":[4],"tags":[],"class_list":["post-7131","post","type-post","status-publish","format-standard","has-post-thumbnail","hentry","category-noticias"],"yoast_head":"<!-- This site is optimized with the Yoast SEO plugin v26.9 - https:\/\/yoast.com\/product\/yoast-seo-wordpress\/ -->\n<title>\u00abEl trabajo en equipo es clave para la recuperaci\u00f3n de los pacientes\u00bb \u2013 Francisca Sanhueza, Kinesi\u00f3loga UDD - Kinesiolog\u00eda<\/title>\n<meta name=\"robots\" content=\"index, follow, max-snippet:-1, max-image-preview:large, max-video-preview:-1\" \/>\n<link rel=\"canonical\" href=\"https:\/\/medicina.udd.cl\/kinesiologia-santiago\/noticias\/2025\/07\/09\/el-trabajo-en-equipo-es-clave-para-la-recuperacion-de-los-pacientes-francisca-sanhueza-kinesiologa-udd\/\" \/>\n<meta property=\"og:locale\" content=\"es_ES\" \/>\n<meta property=\"og:type\" content=\"article\" \/>\n<meta property=\"og:title\" content=\"\u00abEl trabajo en equipo es clave para la recuperaci\u00f3n de los pacientes\u00bb \u2013 Francisca Sanhueza, Kinesi\u00f3loga UDD - Kinesiolog\u00eda\" \/>\n<meta property=\"og:description\" content=\"Francisca Sanhueza Otaegui, Kinesi\u00f3loga de la Universidad del Desarrollo. Complement\u00f3 su formaci\u00f3n con un diplomado en Kinesioterapia en Neonatolog\u00eda y otro en Kinesioterapia en la Unidad del Paciente Cr\u00edtico. Actualmente cursa el Mag\u00edster en Kinesiolog\u00eda en Terapia F\u00edsica y Rehabilitaci\u00f3n (MAKI), tambi\u00e9n en la UDD. &nbsp; Hace m\u00e1s de una d\u00e9cada, Francisca lleg\u00f3 al Hospital [&hellip;]\" \/>\n<meta property=\"og:url\" content=\"https:\/\/medicina.udd.cl\/kinesiologia-santiago\/noticias\/2025\/07\/09\/el-trabajo-en-equipo-es-clave-para-la-recuperacion-de-los-pacientes-francisca-sanhueza-kinesiologa-udd\/\" \/>\n<meta property=\"og:site_name\" content=\"Kinesiolog\u00eda\" \/>\n<meta property=\"article:published_time\" content=\"2025-07-09T14:15:33+00:00\" \/>\n<meta property=\"article:modified_time\" content=\"2025-07-09T17:46:44+00:00\" \/>\n<meta property=\"og:image\" content=\"https:\/\/medicina.udd.cl\/kinesiologia-santiago\/files\/2025\/07\/francisca-sanhueza-5-768x1024-1.jpg\" \/>\n\t<meta property=\"og:image:width\" content=\"768\" \/>\n\t<meta property=\"og:image:height\" content=\"1024\" \/>\n\t<meta property=\"og:image:type\" content=\"image\/jpeg\" \/>\n<meta name=\"author\" content=\"rbraidy\" \/>\n<meta name=\"twitter:label1\" content=\"Escrito por\" \/>\n\t<meta name=\"twitter:data1\" content=\"rbraidy\" \/>\n\t<meta name=\"twitter:label2\" content=\"Tiempo de lectura\" \/>\n\t<meta name=\"twitter:data2\" content=\"6 minutos\" \/>\n<script type=\"application\/ld+json\" class=\"yoast-schema-graph\">{\"@context\":\"https:\/\/schema.org\",\"@graph\":[{\"@type\":\"Article\",\"@id\":\"https:\/\/medicina.udd.cl\/kinesiologia-santiago\/noticias\/2025\/07\/09\/el-trabajo-en-equipo-es-clave-para-la-recuperacion-de-los-pacientes-francisca-sanhueza-kinesiologa-udd\/#article\",\"isPartOf\":{\"@id\":\"https:\/\/medicina.udd.cl\/kinesiologia-santiago\/noticias\/2025\/07\/09\/el-trabajo-en-equipo-es-clave-para-la-recuperacion-de-los-pacientes-francisca-sanhueza-kinesiologa-udd\/\"},\"author\":{\"name\":\"rbraidy\",\"@id\":\"https:\/\/medicina.udd.cl\/kinesiologia-santiago\/#\/schema\/person\/dbc3705bf3a93e8be1ba6de0ef950341\"},\"headline\":\"\u00abEl trabajo en equipo es clave para la recuperaci\u00f3n de los pacientes\u00bb \u2013 Francisca Sanhueza, Kinesi\u00f3loga UDD\",\"datePublished\":\"2025-07-09T14:15:33+00:00\",\"dateModified\":\"2025-07-09T17:46:44+00:00\",\"mainEntityOfPage\":{\"@id\":\"https:\/\/medicina.udd.cl\/kinesiologia-santiago\/noticias\/2025\/07\/09\/el-trabajo-en-equipo-es-clave-para-la-recuperacion-de-los-pacientes-francisca-sanhueza-kinesiologa-udd\/\"},\"wordCount\":1075,\"image\":{\"@id\":\"https:\/\/medicina.udd.cl\/kinesiologia-santiago\/noticias\/2025\/07\/09\/el-trabajo-en-equipo-es-clave-para-la-recuperacion-de-los-pacientes-francisca-sanhueza-kinesiologa-udd\/#primaryimage\"},\"thumbnailUrl\":\"https:\/\/medicina.udd.cl\/kinesiologia-santiago\/files\/2025\/07\/francisca-sanhueza-5-768x1024-1.jpg\",\"articleSection\":[\"Noticias\"],\"inLanguage\":\"es\"},{\"@type\":\"WebPage\",\"@id\":\"https:\/\/medicina.udd.cl\/kinesiologia-santiago\/noticias\/2025\/07\/09\/el-trabajo-en-equipo-es-clave-para-la-recuperacion-de-los-pacientes-francisca-sanhueza-kinesiologa-udd\/\",\"url\":\"https:\/\/medicina.udd.cl\/kinesiologia-santiago\/noticias\/2025\/07\/09\/el-trabajo-en-equipo-es-clave-para-la-recuperacion-de-los-pacientes-francisca-sanhueza-kinesiologa-udd\/\",\"name\":\"\u00abEl trabajo en equipo es clave para la recuperaci\u00f3n de los pacientes\u00bb \u2013 Francisca Sanhueza, Kinesi\u00f3loga UDD - Kinesiolog\u00eda\",\"isPartOf\":{\"@id\":\"https:\/\/medicina.udd.cl\/kinesiologia-santiago\/#website\"},\"primaryImageOfPage\":{\"@id\":\"https:\/\/medicina.udd.cl\/kinesiologia-santiago\/noticias\/2025\/07\/09\/el-trabajo-en-equipo-es-clave-para-la-recuperacion-de-los-pacientes-francisca-sanhueza-kinesiologa-udd\/#primaryimage\"},\"image\":{\"@id\":\"https:\/\/medicina.udd.cl\/kinesiologia-santiago\/noticias\/2025\/07\/09\/el-trabajo-en-equipo-es-clave-para-la-recuperacion-de-los-pacientes-francisca-sanhueza-kinesiologa-udd\/#primaryimage\"},\"thumbnailUrl\":\"https:\/\/medicina.udd.cl\/kinesiologia-santiago\/files\/2025\/07\/francisca-sanhueza-5-768x1024-1.jpg\",\"datePublished\":\"2025-07-09T14:15:33+00:00\",\"dateModified\":\"2025-07-09T17:46:44+00:00\",\"author\":{\"@id\":\"https:\/\/medicina.udd.cl\/kinesiologia-santiago\/#\/schema\/person\/dbc3705bf3a93e8be1ba6de0ef950341\"},\"breadcrumb\":{\"@id\":\"https:\/\/medicina.udd.cl\/kinesiologia-santiago\/noticias\/2025\/07\/09\/el-trabajo-en-equipo-es-clave-para-la-recuperacion-de-los-pacientes-francisca-sanhueza-kinesiologa-udd\/#breadcrumb\"},\"inLanguage\":\"es\",\"potentialAction\":[{\"@type\":\"ReadAction\",\"target\":[\"https:\/\/medicina.udd.cl\/kinesiologia-santiago\/noticias\/2025\/07\/09\/el-trabajo-en-equipo-es-clave-para-la-recuperacion-de-los-pacientes-francisca-sanhueza-kinesiologa-udd\/\"]}]},{\"@type\":\"ImageObject\",\"inLanguage\":\"es\",\"@id\":\"https:\/\/medicina.udd.cl\/kinesiologia-santiago\/noticias\/2025\/07\/09\/el-trabajo-en-equipo-es-clave-para-la-recuperacion-de-los-pacientes-francisca-sanhueza-kinesiologa-udd\/#primaryimage\",\"url\":\"https:\/\/medicina.udd.cl\/kinesiologia-santiago\/files\/2025\/07\/francisca-sanhueza-5-768x1024-1.jpg\",\"contentUrl\":\"https:\/\/medicina.udd.cl\/kinesiologia-santiago\/files\/2025\/07\/francisca-sanhueza-5-768x1024-1.jpg\",\"width\":768,\"height\":1024},{\"@type\":\"BreadcrumbList\",\"@id\":\"https:\/\/medicina.udd.cl\/kinesiologia-santiago\/noticias\/2025\/07\/09\/el-trabajo-en-equipo-es-clave-para-la-recuperacion-de-los-pacientes-francisca-sanhueza-kinesiologa-udd\/#breadcrumb\",\"itemListElement\":[{\"@type\":\"ListItem\",\"position\":1,\"name\":\"Home\",\"item\":\"https:\/\/medicina.udd.cl\/kinesiologia-santiago\/\"},{\"@type\":\"ListItem\",\"position\":2,\"name\":\"\u00abEl trabajo en equipo es clave para la recuperaci\u00f3n de los pacientes\u00bb \u2013 Francisca Sanhueza, Kinesi\u00f3loga UDD\"}]},{\"@type\":\"WebSite\",\"@id\":\"https:\/\/medicina.udd.cl\/kinesiologia-santiago\/#website\",\"url\":\"https:\/\/medicina.udd.cl\/kinesiologia-santiago\/\",\"name\":\"Kinesiolog\u00eda\",\"description\":\"Facultad de Medicina Cl\u00ednica Alemana Universidad del Desarrollo\",\"inLanguage\":\"es\"},{\"@type\":\"Person\",\"@id\":\"https:\/\/medicina.udd.cl\/kinesiologia-santiago\/#\/schema\/person\/dbc3705bf3a93e8be1ba6de0ef950341\",\"name\":\"rbraidy\",\"image\":{\"@type\":\"ImageObject\",\"inLanguage\":\"es\",\"@id\":\"https:\/\/medicina.udd.cl\/kinesiologia-santiago\/#\/schema\/person\/image\/\",\"url\":\"https:\/\/secure.gravatar.com\/avatar\/0f8bc94637401590e45d2ce17eb65c274cb8870a219de6177f3f23e63fd8cdf3?s=96&d=mm&r=g\",\"contentUrl\":\"https:\/\/secure.gravatar.com\/avatar\/0f8bc94637401590e45d2ce17eb65c274cb8870a219de6177f3f23e63fd8cdf3?s=96&d=mm&r=g\",\"caption\":\"rbraidy\"},\"url\":\"https:\/\/medicina.udd.cl\/kinesiologia-santiago\/noticias\/author\/rbraidy\/\"}]}<\/script>\n<!-- \/ Yoast SEO plugin. -->","yoast_head_json":{"title":"\u00abEl trabajo en equipo es clave para la recuperaci\u00f3n de los pacientes\u00bb \u2013 Francisca Sanhueza, Kinesi\u00f3loga UDD - Kinesiolog\u00eda","robots":{"index":"index","follow":"follow","max-snippet":"max-snippet:-1","max-image-preview":"max-image-preview:large","max-video-preview":"max-video-preview:-1"},"canonical":"https:\/\/medicina.udd.cl\/kinesiologia-santiago\/noticias\/2025\/07\/09\/el-trabajo-en-equipo-es-clave-para-la-recuperacion-de-los-pacientes-francisca-sanhueza-kinesiologa-udd\/","og_locale":"es_ES","og_type":"article","og_title":"\u00abEl trabajo en equipo es clave para la recuperaci\u00f3n de los pacientes\u00bb \u2013 Francisca Sanhueza, Kinesi\u00f3loga UDD - Kinesiolog\u00eda","og_description":"Francisca Sanhueza Otaegui, Kinesi\u00f3loga de la Universidad del Desarrollo. Complement\u00f3 su formaci\u00f3n con un diplomado en Kinesioterapia en Neonatolog\u00eda y otro en Kinesioterapia en la Unidad del Paciente Cr\u00edtico. Actualmente cursa el Mag\u00edster en Kinesiolog\u00eda en Terapia F\u00edsica y Rehabilitaci\u00f3n (MAKI), tambi\u00e9n en la UDD. &nbsp; Hace m\u00e1s de una d\u00e9cada, Francisca lleg\u00f3 al Hospital [&hellip;]","og_url":"https:\/\/medicina.udd.cl\/kinesiologia-santiago\/noticias\/2025\/07\/09\/el-trabajo-en-equipo-es-clave-para-la-recuperacion-de-los-pacientes-francisca-sanhueza-kinesiologa-udd\/","og_site_name":"Kinesiolog\u00eda","article_published_time":"2025-07-09T14:15:33+00:00","article_modified_time":"2025-07-09T17:46:44+00:00","og_image":[{"width":768,"height":1024,"url":"https:\/\/medicina.udd.cl\/kinesiologia-santiago\/files\/2025\/07\/francisca-sanhueza-5-768x1024-1.jpg","type":"image\/jpeg"}],"author":"rbraidy","twitter_misc":{"Escrito por":"rbraidy","Tiempo de lectura":"6 minutos"},"schema":{"@context":"https:\/\/schema.org","@graph":[{"@type":"Article","@id":"https:\/\/medicina.udd.cl\/kinesiologia-santiago\/noticias\/2025\/07\/09\/el-trabajo-en-equipo-es-clave-para-la-recuperacion-de-los-pacientes-francisca-sanhueza-kinesiologa-udd\/#article","isPartOf":{"@id":"https:\/\/medicina.udd.cl\/kinesiologia-santiago\/noticias\/2025\/07\/09\/el-trabajo-en-equipo-es-clave-para-la-recuperacion-de-los-pacientes-francisca-sanhueza-kinesiologa-udd\/"},"author":{"name":"rbraidy","@id":"https:\/\/medicina.udd.cl\/kinesiologia-santiago\/#\/schema\/person\/dbc3705bf3a93e8be1ba6de0ef950341"},"headline":"\u00abEl trabajo en equipo es clave para la recuperaci\u00f3n de los pacientes\u00bb \u2013 Francisca Sanhueza, Kinesi\u00f3loga UDD","datePublished":"2025-07-09T14:15:33+00:00","dateModified":"2025-07-09T17:46:44+00:00","mainEntityOfPage":{"@id":"https:\/\/medicina.udd.cl\/kinesiologia-santiago\/noticias\/2025\/07\/09\/el-trabajo-en-equipo-es-clave-para-la-recuperacion-de-los-pacientes-francisca-sanhueza-kinesiologa-udd\/"},"wordCount":1075,"image":{"@id":"https:\/\/medicina.udd.cl\/kinesiologia-santiago\/noticias\/2025\/07\/09\/el-trabajo-en-equipo-es-clave-para-la-recuperacion-de-los-pacientes-francisca-sanhueza-kinesiologa-udd\/#primaryimage"},"thumbnailUrl":"https:\/\/medicina.udd.cl\/kinesiologia-santiago\/files\/2025\/07\/francisca-sanhueza-5-768x1024-1.jpg","articleSection":["Noticias"],"inLanguage":"es"},{"@type":"WebPage","@id":"https:\/\/medicina.udd.cl\/kinesiologia-santiago\/noticias\/2025\/07\/09\/el-trabajo-en-equipo-es-clave-para-la-recuperacion-de-los-pacientes-francisca-sanhueza-kinesiologa-udd\/","url":"https:\/\/medicina.udd.cl\/kinesiologia-santiago\/noticias\/2025\/07\/09\/el-trabajo-en-equipo-es-clave-para-la-recuperacion-de-los-pacientes-francisca-sanhueza-kinesiologa-udd\/","name":"\u00abEl trabajo en equipo es clave para la recuperaci\u00f3n de los pacientes\u00bb \u2013 Francisca Sanhueza, Kinesi\u00f3loga UDD - Kinesiolog\u00eda","isPartOf":{"@id":"https:\/\/medicina.udd.cl\/kinesiologia-santiago\/#website"},"primaryImageOfPage":{"@id":"https:\/\/medicina.udd.cl\/kinesiologia-santiago\/noticias\/2025\/07\/09\/el-trabajo-en-equipo-es-clave-para-la-recuperacion-de-los-pacientes-francisca-sanhueza-kinesiologa-udd\/#primaryimage"},"image":{"@id":"https:\/\/medicina.udd.cl\/kinesiologia-santiago\/noticias\/2025\/07\/09\/el-trabajo-en-equipo-es-clave-para-la-recuperacion-de-los-pacientes-francisca-sanhueza-kinesiologa-udd\/#primaryimage"},"thumbnailUrl":"https:\/\/medicina.udd.cl\/kinesiologia-santiago\/files\/2025\/07\/francisca-sanhueza-5-768x1024-1.jpg","datePublished":"2025-07-09T14:15:33+00:00","dateModified":"2025-07-09T17:46:44+00:00","author":{"@id":"https:\/\/medicina.udd.cl\/kinesiologia-santiago\/#\/schema\/person\/dbc3705bf3a93e8be1ba6de0ef950341"},"breadcrumb":{"@id":"https:\/\/medicina.udd.cl\/kinesiologia-santiago\/noticias\/2025\/07\/09\/el-trabajo-en-equipo-es-clave-para-la-recuperacion-de-los-pacientes-francisca-sanhueza-kinesiologa-udd\/#breadcrumb"},"inLanguage":"es","potentialAction":[{"@type":"ReadAction","target":["https:\/\/medicina.udd.cl\/kinesiologia-santiago\/noticias\/2025\/07\/09\/el-trabajo-en-equipo-es-clave-para-la-recuperacion-de-los-pacientes-francisca-sanhueza-kinesiologa-udd\/"]}]},{"@type":"ImageObject","inLanguage":"es","@id":"https:\/\/medicina.udd.cl\/kinesiologia-santiago\/noticias\/2025\/07\/09\/el-trabajo-en-equipo-es-clave-para-la-recuperacion-de-los-pacientes-francisca-sanhueza-kinesiologa-udd\/#primaryimage","url":"https:\/\/medicina.udd.cl\/kinesiologia-santiago\/files\/2025\/07\/francisca-sanhueza-5-768x1024-1.jpg","contentUrl":"https:\/\/medicina.udd.cl\/kinesiologia-santiago\/files\/2025\/07\/francisca-sanhueza-5-768x1024-1.jpg","width":768,"height":1024},{"@type":"BreadcrumbList","@id":"https:\/\/medicina.udd.cl\/kinesiologia-santiago\/noticias\/2025\/07\/09\/el-trabajo-en-equipo-es-clave-para-la-recuperacion-de-los-pacientes-francisca-sanhueza-kinesiologa-udd\/#breadcrumb","itemListElement":[{"@type":"ListItem","position":1,"name":"Home","item":"https:\/\/medicina.udd.cl\/kinesiologia-santiago\/"},{"@type":"ListItem","position":2,"name":"\u00abEl trabajo en equipo es clave para la recuperaci\u00f3n de los pacientes\u00bb \u2013 Francisca Sanhueza, Kinesi\u00f3loga UDD"}]},{"@type":"WebSite","@id":"https:\/\/medicina.udd.cl\/kinesiologia-santiago\/#website","url":"https:\/\/medicina.udd.cl\/kinesiologia-santiago\/","name":"Kinesiolog\u00eda","description":"Facultad de Medicina Cl\u00ednica Alemana Universidad del Desarrollo","inLanguage":"es"},{"@type":"Person","@id":"https:\/\/medicina.udd.cl\/kinesiologia-santiago\/#\/schema\/person\/dbc3705bf3a93e8be1ba6de0ef950341","name":"rbraidy","image":{"@type":"ImageObject","inLanguage":"es","@id":"https:\/\/medicina.udd.cl\/kinesiologia-santiago\/#\/schema\/person\/image\/","url":"https:\/\/secure.gravatar.com\/avatar\/0f8bc94637401590e45d2ce17eb65c274cb8870a219de6177f3f23e63fd8cdf3?s=96&d=mm&r=g","contentUrl":"https:\/\/secure.gravatar.com\/avatar\/0f8bc94637401590e45d2ce17eb65c274cb8870a219de6177f3f23e63fd8cdf3?s=96&d=mm&r=g","caption":"rbraidy"},"url":"https:\/\/medicina.udd.cl\/kinesiologia-santiago\/noticias\/author\/rbraidy\/"}]}},"featured_image_url":"https:\/\/medicina.udd.cl\/kinesiologia-santiago\/files\/2025\/07\/francisca-sanhueza-5-768x1024-1.jpg","_links":{"self":[{"href":"https:\/\/medicina.udd.cl\/kinesiologia-santiago\/wp-json\/wp\/v2\/posts\/7131","targetHints":{"allow":["GET"]}}],"collection":[{"href":"https:\/\/medicina.udd.cl\/kinesiologia-santiago\/wp-json\/wp\/v2\/posts"}],"about":[{"href":"https:\/\/medicina.udd.cl\/kinesiologia-santiago\/wp-json\/wp\/v2\/types\/post"}],"author":[{"embeddable":true,"href":"https:\/\/medicina.udd.cl\/kinesiologia-santiago\/wp-json\/wp\/v2\/users\/9192219"}],"replies":[{"embeddable":true,"href":"https:\/\/medicina.udd.cl\/kinesiologia-santiago\/wp-json\/wp\/v2\/comments?post=7131"}],"version-history":[{"count":3,"href":"https:\/\/medicina.udd.cl\/kinesiologia-santiago\/wp-json\/wp\/v2\/posts\/7131\/revisions"}],"predecessor-version":[{"id":7145,"href":"https:\/\/medicina.udd.cl\/kinesiologia-santiago\/wp-json\/wp\/v2\/posts\/7131\/revisions\/7145"}],"wp:featuredmedia":[{"embeddable":true,"href":"https:\/\/medicina.udd.cl\/kinesiologia-santiago\/wp-json\/wp\/v2\/media\/7134"}],"wp:attachment":[{"href":"https:\/\/medicina.udd.cl\/kinesiologia-santiago\/wp-json\/wp\/v2\/media?parent=7131"}],"wp:term":[{"taxonomy":"category","embeddable":true,"href":"https:\/\/medicina.udd.cl\/kinesiologia-santiago\/wp-json\/wp\/v2\/categories?post=7131"},{"taxonomy":"post_tag","embeddable":true,"href":"https:\/\/medicina.udd.cl\/kinesiologia-santiago\/wp-json\/wp\/v2\/tags?post=7131"}],"curies":[{"name":"wp","href":"https:\/\/api.w.org\/{rel}","templated":true}]}}