{"id":7147,"date":"2025-07-15T16:37:11","date_gmt":"2025-07-15T20:37:11","guid":{"rendered":"https:\/\/medicina.udd.cl\/kinesiologia-santiago\/?p=7147"},"modified":"2025-07-15T16:37:12","modified_gmt":"2025-07-15T20:37:12","slug":"academicas-udd-destacan-en-importante-congreso-internacional-de-oncologia-en-ee-uu","status":"publish","type":"post","link":"https:\/\/medicina.udd.cl\/kinesiologia-santiago\/noticias\/2025\/07\/15\/academicas-udd-destacan-en-importante-congreso-internacional-de-oncologia-en-ee-uu\/","title":{"rendered":"Acad\u00e9micas UDD destacan en importante congreso internacional de oncolog\u00eda en EE.UU."},"content":{"rendered":"\n<figure class=\"wp-block-image aligncenter size-large\"><a href=\"https:\/\/medicina.udd.cl\/kinesiologia-santiago\/files\/2025\/07\/foto-mascc-2025.jpg\"><img loading=\"lazy\" decoding=\"async\" width=\"1024\" height=\"768\" src=\"https:\/\/medicina.udd.cl\/kinesiologia-santiago\/files\/2025\/07\/foto-mascc-2025-1024x768.jpg\" alt=\"\" class=\"wp-image-7148\" srcset=\"https:\/\/medicina.udd.cl\/kinesiologia-santiago\/files\/2025\/07\/foto-mascc-2025-1024x768.jpg 1024w, https:\/\/medicina.udd.cl\/kinesiologia-santiago\/files\/2025\/07\/foto-mascc-2025-300x225.jpg 300w, https:\/\/medicina.udd.cl\/kinesiologia-santiago\/files\/2025\/07\/foto-mascc-2025-768x576.jpg 768w, https:\/\/medicina.udd.cl\/kinesiologia-santiago\/files\/2025\/07\/foto-mascc-2025-1536x1152.jpg 1536w, https:\/\/medicina.udd.cl\/kinesiologia-santiago\/files\/2025\/07\/foto-mascc-2025.jpg 1600w\" sizes=\"auto, (max-width: 1024px) 100vw, 1024px\" \/><\/a><figcaption class=\"wp-element-caption\">Las kinesi\u00f3logas Paulina Araya, Alejandra Alcaino y Catherine Sanhueza<\/figcaption><\/figure>\n\n\n\n<p>Acad\u00e9micas de la carrera de Kinesiolog\u00eda de la Facultad de Medicina Cl\u00ednica Alemana Universidad del Desarrollo (UDD), participaron activamente en el evento interdisciplinario de oncolog\u00eda m\u00e1s importante a nivel mundial: el congreso anual de la&nbsp;<strong>Multinational Association of Supportive Care in Cancer (MASCC\/ISOO)<\/strong>, realizado entre el&nbsp;<strong>26 y 28 de junio en Seattle, Estados Unidos<\/strong>.<\/p>\n\n\n\n<p>Las representantes de la UDD fueron&nbsp;<strong>Paulina Araya<\/strong>, coordinadora del&nbsp;<strong>Mag\u00edster en Terapia F\u00edsica y Rehabilitaci\u00f3n (MAKI)<\/strong>&nbsp;y directora del&nbsp;<strong>Diplomado en Kinesiolog\u00eda Oncol\u00f3gica<\/strong>;&nbsp;<strong>Alejandra Alcaino<\/strong>, alumni MAKI y coordinadora del Diplomado; y&nbsp;<strong>Catherine Sanhueza<\/strong>, tambi\u00e9n alumni MAKI y docente de la carrera de Kinesiolog\u00eda UDD. Las tres acad\u00e9micas no solo asistieron al evento, sino que tambi\u00e9n compartieron con referentes mundiales del \u00e1rea, y presentaron sus investigaciones en formato&nbsp;<strong>e-p\u00f3ster<\/strong>&nbsp;y&nbsp;<strong>presentaci\u00f3n oral<\/strong>.<\/p>\n\n\n\n<p><em>\u201cPoder compartir con investigadores que habitualmente leemos es un tremendo aporte a lo que hacemos en la universidad. Adem\u00e1s, como es un evento multiprofesional, nos permite mirar nuestra disciplina desde fuera de la caja y pone al centro al paciente y su familia. \u00a1Fue una experiencia maravillosa!\u201d<\/em>, expres\u00f3 Paulina Araya.<\/p>\n\n\n\n<p>El congreso MASCC\/ISOO, que se realiza anualmente, re\u00fane a profesionales de distintas disciplinas de la salud enfocados en los cuidados de soporte en c\u00e1ncer, promoviendo el intercambio de conocimientos, avances cient\u00edficos y buenas pr\u00e1cticas cl\u00ednicas en beneficio de los pacientes oncol\u00f3gicos.<\/p>\n\n\n\n<p>M\u00e1s informaci\u00f3n sobre este evento en:&nbsp;<a class=\"\" href=\"http:\/\/www.mascc.org\/\">www.mascc.org<\/a><\/p>\n","protected":false},"excerpt":{"rendered":"<p>Acad\u00e9micas de la carrera de Kinesiolog\u00eda de la Facultad de Medicina Cl\u00ednica Alemana Universidad del Desarrollo (UDD), participaron activamente en el evento interdisciplinario de oncolog\u00eda m\u00e1s importante a nivel mundial: el congreso anual de la&nbsp;Multinational Association of Supportive Care in Cancer (MASCC\/ISOO), realizado entre el&nbsp;26 y 28 de junio en Seattle, Estados Unidos. Las representantes [&hellip;]<\/p>\n","protected":false},"author":9192219,"featured_media":7148,"comment_status":"closed","ping_status":"open","sticky":false,"template":"","format":"standard","meta":{"footnotes":""},"categories":[11304,4],"tags":[],"class_list":["post-7147","post","type-post","status-publish","format-standard","has-post-thumbnail","hentry","category-maki","category-noticias"],"yoast_head":"<!-- This site is optimized with the Yoast SEO plugin v26.9 - https:\/\/yoast.com\/product\/yoast-seo-wordpress\/ -->\n<title>Acad\u00e9micas UDD destacan en importante congreso internacional de oncolog\u00eda en EE.UU. - Kinesiolog\u00eda<\/title>\n<meta name=\"robots\" content=\"index, follow, max-snippet:-1, max-image-preview:large, max-video-preview:-1\" \/>\n<link rel=\"canonical\" href=\"https:\/\/medicina.udd.cl\/kinesiologia-santiago\/noticias\/2025\/07\/15\/academicas-udd-destacan-en-importante-congreso-internacional-de-oncologia-en-ee-uu\/\" \/>\n<meta property=\"og:locale\" content=\"es_ES\" \/>\n<meta property=\"og:type\" content=\"article\" \/>\n<meta property=\"og:title\" content=\"Acad\u00e9micas UDD destacan en importante congreso internacional de oncolog\u00eda en EE.UU. - Kinesiolog\u00eda\" \/>\n<meta property=\"og:description\" content=\"Acad\u00e9micas de la carrera de Kinesiolog\u00eda de la Facultad de Medicina Cl\u00ednica Alemana Universidad del Desarrollo (UDD), participaron activamente en el evento interdisciplinario de oncolog\u00eda m\u00e1s importante a nivel mundial: el congreso anual de la&nbsp;Multinational Association of Supportive Care in Cancer (MASCC\/ISOO), realizado entre el&nbsp;26 y 28 de junio en Seattle, Estados Unidos. Las representantes [&hellip;]\" \/>\n<meta property=\"og:url\" content=\"https:\/\/medicina.udd.cl\/kinesiologia-santiago\/noticias\/2025\/07\/15\/academicas-udd-destacan-en-importante-congreso-internacional-de-oncologia-en-ee-uu\/\" \/>\n<meta property=\"og:site_name\" content=\"Kinesiolog\u00eda\" \/>\n<meta property=\"article:published_time\" content=\"2025-07-15T20:37:11+00:00\" \/>\n<meta property=\"article:modified_time\" content=\"2025-07-15T20:37:12+00:00\" \/>\n<meta property=\"og:image\" content=\"https:\/\/medicina.udd.cl\/kinesiologia-santiago\/files\/2025\/07\/foto-mascc-2025.jpg\" \/>\n\t<meta property=\"og:image:width\" content=\"1600\" \/>\n\t<meta property=\"og:image:height\" content=\"1200\" \/>\n\t<meta property=\"og:image:type\" content=\"image\/jpeg\" \/>\n<meta name=\"author\" content=\"rbraidy\" \/>\n<meta name=\"twitter:label1\" content=\"Escrito por\" \/>\n\t<meta name=\"twitter:data1\" content=\"rbraidy\" \/>\n\t<meta name=\"twitter:label2\" content=\"Tiempo de lectura\" \/>\n\t<meta name=\"twitter:data2\" content=\"2 minutos\" \/>\n<script type=\"application\/ld+json\" class=\"yoast-schema-graph\">{\"@context\":\"https:\/\/schema.org\",\"@graph\":[{\"@type\":\"Article\",\"@id\":\"https:\/\/medicina.udd.cl\/kinesiologia-santiago\/noticias\/2025\/07\/15\/academicas-udd-destacan-en-importante-congreso-internacional-de-oncologia-en-ee-uu\/#article\",\"isPartOf\":{\"@id\":\"https:\/\/medicina.udd.cl\/kinesiologia-santiago\/noticias\/2025\/07\/15\/academicas-udd-destacan-en-importante-congreso-internacional-de-oncologia-en-ee-uu\/\"},\"author\":{\"name\":\"rbraidy\",\"@id\":\"https:\/\/medicina.udd.cl\/kinesiologia-santiago\/#\/schema\/person\/dbc3705bf3a93e8be1ba6de0ef950341\"},\"headline\":\"Acad\u00e9micas UDD destacan en importante congreso internacional de oncolog\u00eda en EE.UU.\",\"datePublished\":\"2025-07-15T20:37:11+00:00\",\"dateModified\":\"2025-07-15T20:37:12+00:00\",\"mainEntityOfPage\":{\"@id\":\"https:\/\/medicina.udd.cl\/kinesiologia-santiago\/noticias\/2025\/07\/15\/academicas-udd-destacan-en-importante-congreso-internacional-de-oncologia-en-ee-uu\/\"},\"wordCount\":289,\"image\":{\"@id\":\"https:\/\/medicina.udd.cl\/kinesiologia-santiago\/noticias\/2025\/07\/15\/academicas-udd-destacan-en-importante-congreso-internacional-de-oncologia-en-ee-uu\/#primaryimage\"},\"thumbnailUrl\":\"https:\/\/medicina.udd.cl\/kinesiologia-santiago\/files\/2025\/07\/foto-mascc-2025.jpg\",\"articleSection\":[\"MAKI\",\"Noticias\"],\"inLanguage\":\"es\"},{\"@type\":\"WebPage\",\"@id\":\"https:\/\/medicina.udd.cl\/kinesiologia-santiago\/noticias\/2025\/07\/15\/academicas-udd-destacan-en-importante-congreso-internacional-de-oncologia-en-ee-uu\/\",\"url\":\"https:\/\/medicina.udd.cl\/kinesiologia-santiago\/noticias\/2025\/07\/15\/academicas-udd-destacan-en-importante-congreso-internacional-de-oncologia-en-ee-uu\/\",\"name\":\"Acad\u00e9micas UDD destacan en importante congreso internacional de oncolog\u00eda en EE.UU. - Kinesiolog\u00eda\",\"isPartOf\":{\"@id\":\"https:\/\/medicina.udd.cl\/kinesiologia-santiago\/#website\"},\"primaryImageOfPage\":{\"@id\":\"https:\/\/medicina.udd.cl\/kinesiologia-santiago\/noticias\/2025\/07\/15\/academicas-udd-destacan-en-importante-congreso-internacional-de-oncologia-en-ee-uu\/#primaryimage\"},\"image\":{\"@id\":\"https:\/\/medicina.udd.cl\/kinesiologia-santiago\/noticias\/2025\/07\/15\/academicas-udd-destacan-en-importante-congreso-internacional-de-oncologia-en-ee-uu\/#primaryimage\"},\"thumbnailUrl\":\"https:\/\/medicina.udd.cl\/kinesiologia-santiago\/files\/2025\/07\/foto-mascc-2025.jpg\",\"datePublished\":\"2025-07-15T20:37:11+00:00\",\"dateModified\":\"2025-07-15T20:37:12+00:00\",\"author\":{\"@id\":\"https:\/\/medicina.udd.cl\/kinesiologia-santiago\/#\/schema\/person\/dbc3705bf3a93e8be1ba6de0ef950341\"},\"breadcrumb\":{\"@id\":\"https:\/\/medicina.udd.cl\/kinesiologia-santiago\/noticias\/2025\/07\/15\/academicas-udd-destacan-en-importante-congreso-internacional-de-oncologia-en-ee-uu\/#breadcrumb\"},\"inLanguage\":\"es\",\"potentialAction\":[{\"@type\":\"ReadAction\",\"target\":[\"https:\/\/medicina.udd.cl\/kinesiologia-santiago\/noticias\/2025\/07\/15\/academicas-udd-destacan-en-importante-congreso-internacional-de-oncologia-en-ee-uu\/\"]}]},{\"@type\":\"ImageObject\",\"inLanguage\":\"es\",\"@id\":\"https:\/\/medicina.udd.cl\/kinesiologia-santiago\/noticias\/2025\/07\/15\/academicas-udd-destacan-en-importante-congreso-internacional-de-oncologia-en-ee-uu\/#primaryimage\",\"url\":\"https:\/\/medicina.udd.cl\/kinesiologia-santiago\/files\/2025\/07\/foto-mascc-2025.jpg\",\"contentUrl\":\"https:\/\/medicina.udd.cl\/kinesiologia-santiago\/files\/2025\/07\/foto-mascc-2025.jpg\",\"width\":1600,\"height\":1200},{\"@type\":\"BreadcrumbList\",\"@id\":\"https:\/\/medicina.udd.cl\/kinesiologia-santiago\/noticias\/2025\/07\/15\/academicas-udd-destacan-en-importante-congreso-internacional-de-oncologia-en-ee-uu\/#breadcrumb\",\"itemListElement\":[{\"@type\":\"ListItem\",\"position\":1,\"name\":\"Home\",\"item\":\"https:\/\/medicina.udd.cl\/kinesiologia-santiago\/\"},{\"@type\":\"ListItem\",\"position\":2,\"name\":\"Acad\u00e9micas UDD destacan en importante congreso internacional de oncolog\u00eda en EE.UU.\"}]},{\"@type\":\"WebSite\",\"@id\":\"https:\/\/medicina.udd.cl\/kinesiologia-santiago\/#website\",\"url\":\"https:\/\/medicina.udd.cl\/kinesiologia-santiago\/\",\"name\":\"Kinesiolog\u00eda\",\"description\":\"Facultad de Medicina Cl\u00ednica Alemana Universidad del Desarrollo\",\"inLanguage\":\"es\"},{\"@type\":\"Person\",\"@id\":\"https:\/\/medicina.udd.cl\/kinesiologia-santiago\/#\/schema\/person\/dbc3705bf3a93e8be1ba6de0ef950341\",\"name\":\"rbraidy\",\"image\":{\"@type\":\"ImageObject\",\"inLanguage\":\"es\",\"@id\":\"https:\/\/medicina.udd.cl\/kinesiologia-santiago\/#\/schema\/person\/image\/\",\"url\":\"https:\/\/secure.gravatar.com\/avatar\/0f8bc94637401590e45d2ce17eb65c274cb8870a219de6177f3f23e63fd8cdf3?s=96&d=mm&r=g\",\"contentUrl\":\"https:\/\/secure.gravatar.com\/avatar\/0f8bc94637401590e45d2ce17eb65c274cb8870a219de6177f3f23e63fd8cdf3?s=96&d=mm&r=g\",\"caption\":\"rbraidy\"},\"url\":\"https:\/\/medicina.udd.cl\/kinesiologia-santiago\/noticias\/author\/rbraidy\/\"}]}<\/script>\n<!-- \/ Yoast SEO plugin. -->","yoast_head_json":{"title":"Acad\u00e9micas UDD destacan en importante congreso internacional de oncolog\u00eda en EE.UU. - Kinesiolog\u00eda","robots":{"index":"index","follow":"follow","max-snippet":"max-snippet:-1","max-image-preview":"max-image-preview:large","max-video-preview":"max-video-preview:-1"},"canonical":"https:\/\/medicina.udd.cl\/kinesiologia-santiago\/noticias\/2025\/07\/15\/academicas-udd-destacan-en-importante-congreso-internacional-de-oncologia-en-ee-uu\/","og_locale":"es_ES","og_type":"article","og_title":"Acad\u00e9micas UDD destacan en importante congreso internacional de oncolog\u00eda en EE.UU. - Kinesiolog\u00eda","og_description":"Acad\u00e9micas de la carrera de Kinesiolog\u00eda de la Facultad de Medicina Cl\u00ednica Alemana Universidad del Desarrollo (UDD), participaron activamente en el evento interdisciplinario de oncolog\u00eda m\u00e1s importante a nivel mundial: el congreso anual de la&nbsp;Multinational Association of Supportive Care in Cancer (MASCC\/ISOO), realizado entre el&nbsp;26 y 28 de junio en Seattle, Estados Unidos. Las representantes [&hellip;]","og_url":"https:\/\/medicina.udd.cl\/kinesiologia-santiago\/noticias\/2025\/07\/15\/academicas-udd-destacan-en-importante-congreso-internacional-de-oncologia-en-ee-uu\/","og_site_name":"Kinesiolog\u00eda","article_published_time":"2025-07-15T20:37:11+00:00","article_modified_time":"2025-07-15T20:37:12+00:00","og_image":[{"width":1600,"height":1200,"url":"https:\/\/medicina.udd.cl\/kinesiologia-santiago\/files\/2025\/07\/foto-mascc-2025.jpg","type":"image\/jpeg"}],"author":"rbraidy","twitter_misc":{"Escrito por":"rbraidy","Tiempo de lectura":"2 minutos"},"schema":{"@context":"https:\/\/schema.org","@graph":[{"@type":"Article","@id":"https:\/\/medicina.udd.cl\/kinesiologia-santiago\/noticias\/2025\/07\/15\/academicas-udd-destacan-en-importante-congreso-internacional-de-oncologia-en-ee-uu\/#article","isPartOf":{"@id":"https:\/\/medicina.udd.cl\/kinesiologia-santiago\/noticias\/2025\/07\/15\/academicas-udd-destacan-en-importante-congreso-internacional-de-oncologia-en-ee-uu\/"},"author":{"name":"rbraidy","@id":"https:\/\/medicina.udd.cl\/kinesiologia-santiago\/#\/schema\/person\/dbc3705bf3a93e8be1ba6de0ef950341"},"headline":"Acad\u00e9micas UDD destacan en importante congreso internacional de oncolog\u00eda en EE.UU.","datePublished":"2025-07-15T20:37:11+00:00","dateModified":"2025-07-15T20:37:12+00:00","mainEntityOfPage":{"@id":"https:\/\/medicina.udd.cl\/kinesiologia-santiago\/noticias\/2025\/07\/15\/academicas-udd-destacan-en-importante-congreso-internacional-de-oncologia-en-ee-uu\/"},"wordCount":289,"image":{"@id":"https:\/\/medicina.udd.cl\/kinesiologia-santiago\/noticias\/2025\/07\/15\/academicas-udd-destacan-en-importante-congreso-internacional-de-oncologia-en-ee-uu\/#primaryimage"},"thumbnailUrl":"https:\/\/medicina.udd.cl\/kinesiologia-santiago\/files\/2025\/07\/foto-mascc-2025.jpg","articleSection":["MAKI","Noticias"],"inLanguage":"es"},{"@type":"WebPage","@id":"https:\/\/medicina.udd.cl\/kinesiologia-santiago\/noticias\/2025\/07\/15\/academicas-udd-destacan-en-importante-congreso-internacional-de-oncologia-en-ee-uu\/","url":"https:\/\/medicina.udd.cl\/kinesiologia-santiago\/noticias\/2025\/07\/15\/academicas-udd-destacan-en-importante-congreso-internacional-de-oncologia-en-ee-uu\/","name":"Acad\u00e9micas UDD destacan en importante congreso internacional de oncolog\u00eda en EE.UU. - Kinesiolog\u00eda","isPartOf":{"@id":"https:\/\/medicina.udd.cl\/kinesiologia-santiago\/#website"},"primaryImageOfPage":{"@id":"https:\/\/medicina.udd.cl\/kinesiologia-santiago\/noticias\/2025\/07\/15\/academicas-udd-destacan-en-importante-congreso-internacional-de-oncologia-en-ee-uu\/#primaryimage"},"image":{"@id":"https:\/\/medicina.udd.cl\/kinesiologia-santiago\/noticias\/2025\/07\/15\/academicas-udd-destacan-en-importante-congreso-internacional-de-oncologia-en-ee-uu\/#primaryimage"},"thumbnailUrl":"https:\/\/medicina.udd.cl\/kinesiologia-santiago\/files\/2025\/07\/foto-mascc-2025.jpg","datePublished":"2025-07-15T20:37:11+00:00","dateModified":"2025-07-15T20:37:12+00:00","author":{"@id":"https:\/\/medicina.udd.cl\/kinesiologia-santiago\/#\/schema\/person\/dbc3705bf3a93e8be1ba6de0ef950341"},"breadcrumb":{"@id":"https:\/\/medicina.udd.cl\/kinesiologia-santiago\/noticias\/2025\/07\/15\/academicas-udd-destacan-en-importante-congreso-internacional-de-oncologia-en-ee-uu\/#breadcrumb"},"inLanguage":"es","potentialAction":[{"@type":"ReadAction","target":["https:\/\/medicina.udd.cl\/kinesiologia-santiago\/noticias\/2025\/07\/15\/academicas-udd-destacan-en-importante-congreso-internacional-de-oncologia-en-ee-uu\/"]}]},{"@type":"ImageObject","inLanguage":"es","@id":"https:\/\/medicina.udd.cl\/kinesiologia-santiago\/noticias\/2025\/07\/15\/academicas-udd-destacan-en-importante-congreso-internacional-de-oncologia-en-ee-uu\/#primaryimage","url":"https:\/\/medicina.udd.cl\/kinesiologia-santiago\/files\/2025\/07\/foto-mascc-2025.jpg","contentUrl":"https:\/\/medicina.udd.cl\/kinesiologia-santiago\/files\/2025\/07\/foto-mascc-2025.jpg","width":1600,"height":1200},{"@type":"BreadcrumbList","@id":"https:\/\/medicina.udd.cl\/kinesiologia-santiago\/noticias\/2025\/07\/15\/academicas-udd-destacan-en-importante-congreso-internacional-de-oncologia-en-ee-uu\/#breadcrumb","itemListElement":[{"@type":"ListItem","position":1,"name":"Home","item":"https:\/\/medicina.udd.cl\/kinesiologia-santiago\/"},{"@type":"ListItem","position":2,"name":"Acad\u00e9micas UDD destacan en importante congreso internacional de oncolog\u00eda en EE.UU."}]},{"@type":"WebSite","@id":"https:\/\/medicina.udd.cl\/kinesiologia-santiago\/#website","url":"https:\/\/medicina.udd.cl\/kinesiologia-santiago\/","name":"Kinesiolog\u00eda","description":"Facultad de Medicina Cl\u00ednica Alemana Universidad del Desarrollo","inLanguage":"es"},{"@type":"Person","@id":"https:\/\/medicina.udd.cl\/kinesiologia-santiago\/#\/schema\/person\/dbc3705bf3a93e8be1ba6de0ef950341","name":"rbraidy","image":{"@type":"ImageObject","inLanguage":"es","@id":"https:\/\/medicina.udd.cl\/kinesiologia-santiago\/#\/schema\/person\/image\/","url":"https:\/\/secure.gravatar.com\/avatar\/0f8bc94637401590e45d2ce17eb65c274cb8870a219de6177f3f23e63fd8cdf3?s=96&d=mm&r=g","contentUrl":"https:\/\/secure.gravatar.com\/avatar\/0f8bc94637401590e45d2ce17eb65c274cb8870a219de6177f3f23e63fd8cdf3?s=96&d=mm&r=g","caption":"rbraidy"},"url":"https:\/\/medicina.udd.cl\/kinesiologia-santiago\/noticias\/author\/rbraidy\/"}]}},"featured_image_url":"https:\/\/medicina.udd.cl\/kinesiologia-santiago\/files\/2025\/07\/foto-mascc-2025.jpg","_links":{"self":[{"href":"https:\/\/medicina.udd.cl\/kinesiologia-santiago\/wp-json\/wp\/v2\/posts\/7147","targetHints":{"allow":["GET"]}}],"collection":[{"href":"https:\/\/medicina.udd.cl\/kinesiologia-santiago\/wp-json\/wp\/v2\/posts"}],"about":[{"href":"https:\/\/medicina.udd.cl\/kinesiologia-santiago\/wp-json\/wp\/v2\/types\/post"}],"author":[{"embeddable":true,"href":"https:\/\/medicina.udd.cl\/kinesiologia-santiago\/wp-json\/wp\/v2\/users\/9192219"}],"replies":[{"embeddable":true,"href":"https:\/\/medicina.udd.cl\/kinesiologia-santiago\/wp-json\/wp\/v2\/comments?post=7147"}],"version-history":[{"count":1,"href":"https:\/\/medicina.udd.cl\/kinesiologia-santiago\/wp-json\/wp\/v2\/posts\/7147\/revisions"}],"predecessor-version":[{"id":7149,"href":"https:\/\/medicina.udd.cl\/kinesiologia-santiago\/wp-json\/wp\/v2\/posts\/7147\/revisions\/7149"}],"wp:featuredmedia":[{"embeddable":true,"href":"https:\/\/medicina.udd.cl\/kinesiologia-santiago\/wp-json\/wp\/v2\/media\/7148"}],"wp:attachment":[{"href":"https:\/\/medicina.udd.cl\/kinesiologia-santiago\/wp-json\/wp\/v2\/media?parent=7147"}],"wp:term":[{"taxonomy":"category","embeddable":true,"href":"https:\/\/medicina.udd.cl\/kinesiologia-santiago\/wp-json\/wp\/v2\/categories?post=7147"},{"taxonomy":"post_tag","embeddable":true,"href":"https:\/\/medicina.udd.cl\/kinesiologia-santiago\/wp-json\/wp\/v2\/tags?post=7147"}],"curies":[{"name":"wp","href":"https:\/\/api.w.org\/{rel}","templated":true}]}}