{"id":7177,"date":"2025-08-18T10:24:26","date_gmt":"2025-08-18T14:24:26","guid":{"rendered":"https:\/\/medicina.udd.cl\/kinesiologia-santiago\/?p=7177"},"modified":"2025-08-18T10:24:28","modified_gmt":"2025-08-18T14:24:28","slug":"estudiante-del-maki-udd-realiza-pasantia-internacional-en-brasil-gracias-a-beca-move-la-america","status":"publish","type":"post","link":"https:\/\/medicina.udd.cl\/kinesiologia-santiago\/noticias\/2025\/08\/18\/estudiante-del-maki-udd-realiza-pasantia-internacional-en-brasil-gracias-a-beca-move-la-america\/","title":{"rendered":"Estudiante del MAKI UDD realiza pasant\u00eda internacional en Brasil gracias a beca MOVE LA AMERICA"},"content":{"rendered":"\n<figure class=\"wp-block-gallery has-nested-images columns-default is-cropped wp-block-gallery-1 is-layout-flex wp-block-gallery-is-layout-flex\">\n<figure class=\"wp-block-image size-large\"><a href=\"https:\/\/medicina.udd.cl\/kinesiologia-santiago\/files\/2025\/08\/kine-maki-en-brasil-beca-move-8-scaled.jpg\"><img loading=\"lazy\" decoding=\"async\" width=\"768\" height=\"1024\" data-id=\"7185\" src=\"https:\/\/medicina.udd.cl\/kinesiologia-santiago\/files\/2025\/08\/kine-maki-en-brasil-beca-move-8-768x1024.jpg\" alt=\"\" class=\"wp-image-7185\" srcset=\"https:\/\/medicina.udd.cl\/kinesiologia-santiago\/files\/2025\/08\/kine-maki-en-brasil-beca-move-8-768x1024.jpg 768w, https:\/\/medicina.udd.cl\/kinesiologia-santiago\/files\/2025\/08\/kine-maki-en-brasil-beca-move-8-225x300.jpg 225w, https:\/\/medicina.udd.cl\/kinesiologia-santiago\/files\/2025\/08\/kine-maki-en-brasil-beca-move-8-1152x1536.jpg 1152w, https:\/\/medicina.udd.cl\/kinesiologia-santiago\/files\/2025\/08\/kine-maki-en-brasil-beca-move-8-1536x2048.jpg 1536w, https:\/\/medicina.udd.cl\/kinesiologia-santiago\/files\/2025\/08\/kine-maki-en-brasil-beca-move-8-scaled.jpg 1920w\" sizes=\"auto, (max-width: 768px) 100vw, 768px\" \/><\/a><figcaption class=\"wp-element-caption\">Tom\u00e1s Vergara Soria, estudiante MAKI<\/figcaption><\/figure>\n\n\n\n<figure class=\"wp-block-image size-large\"><a href=\"https:\/\/medicina.udd.cl\/kinesiologia-santiago\/files\/2025\/08\/kine-maki-en-brasil-beca-move-7-scaled.jpg\"><img loading=\"lazy\" decoding=\"async\" width=\"768\" height=\"1024\" data-id=\"7184\" src=\"https:\/\/medicina.udd.cl\/kinesiologia-santiago\/files\/2025\/08\/kine-maki-en-brasil-beca-move-7-768x1024.jpg\" alt=\"\" class=\"wp-image-7184\" srcset=\"https:\/\/medicina.udd.cl\/kinesiologia-santiago\/files\/2025\/08\/kine-maki-en-brasil-beca-move-7-768x1024.jpg 768w, https:\/\/medicina.udd.cl\/kinesiologia-santiago\/files\/2025\/08\/kine-maki-en-brasil-beca-move-7-225x300.jpg 225w, https:\/\/medicina.udd.cl\/kinesiologia-santiago\/files\/2025\/08\/kine-maki-en-brasil-beca-move-7-1152x1536.jpg 1152w, https:\/\/medicina.udd.cl\/kinesiologia-santiago\/files\/2025\/08\/kine-maki-en-brasil-beca-move-7-1536x2048.jpg 1536w, https:\/\/medicina.udd.cl\/kinesiologia-santiago\/files\/2025\/08\/kine-maki-en-brasil-beca-move-7-scaled.jpg 1920w\" sizes=\"auto, (max-width: 768px) 100vw, 768px\" \/><\/a><\/figure>\n\n\n\n<figure class=\"wp-block-image size-large\"><a href=\"https:\/\/medicina.udd.cl\/kinesiologia-santiago\/files\/2025\/08\/kine-maki-en-brasil-beca-move-3.jpg\"><img loading=\"lazy\" decoding=\"async\" width=\"768\" height=\"1024\" data-id=\"7180\" src=\"https:\/\/medicina.udd.cl\/kinesiologia-santiago\/files\/2025\/08\/kine-maki-en-brasil-beca-move-3-768x1024.jpg\" alt=\"\" class=\"wp-image-7180\" srcset=\"https:\/\/medicina.udd.cl\/kinesiologia-santiago\/files\/2025\/08\/kine-maki-en-brasil-beca-move-3-768x1024.jpg 768w, https:\/\/medicina.udd.cl\/kinesiologia-santiago\/files\/2025\/08\/kine-maki-en-brasil-beca-move-3-225x300.jpg 225w, https:\/\/medicina.udd.cl\/kinesiologia-santiago\/files\/2025\/08\/kine-maki-en-brasil-beca-move-3-1152x1536.jpg 1152w, https:\/\/medicina.udd.cl\/kinesiologia-santiago\/files\/2025\/08\/kine-maki-en-brasil-beca-move-3.jpg 1200w\" sizes=\"auto, (max-width: 768px) 100vw, 768px\" \/><\/a><\/figure>\n<\/figure>\n\n\n\n<p>Tom\u00e1s Vergara Soria, estudiante del&nbsp;<a href=\"https:\/\/medicina.udd.cl\/postgrado\/magister-en-terapia-fisica-y-rehabilitacion\/\">Mag\u00edster en Terapia F\u00edsica y Rehabilitaci\u00f3n (MAKI)<\/a>&nbsp;de la Facultad de Medicina Cl\u00ednica Alemana Universidad del Desarrollo (UDD), cohorte 2023, tuvo la oportunidad de vivir una enriquecedora experiencia internacional tras adjudicarse la beca&nbsp;<a href=\"https:\/\/www.gov.br\/capes\/pt-br\/acesso-a-informacao\/acoes-e-programas\/bolsas\/bolsas-e-auxilios-internacionais\/encontre-aqui\/paises\/multinacional\/programa-move-la-america\">MOVE LA AMERICA<\/a>. Gracias a este apoyo, realiz\u00f3 una pasant\u00eda acad\u00e9mica y cl\u00ednica en la Universidade Federal de Pernambuco (UFPE), en la ciudad de Recife, Brasil, enfocada en salud de la mujer, rehabilitaci\u00f3n cardiaca y oncolog\u00eda.<\/p>\n\n\n\n<p>Durante su estad\u00eda, Tom\u00e1s particip\u00f3 activamente en proyectos de investigaci\u00f3n cl\u00ednica vinculados principalmente a salud de la mujer y rehabilitaci\u00f3n cardiaca, y sostuvo reuniones con diversos grupos de investigaci\u00f3n de la Facultad de Fisioterapia de la UFPE. Esta experiencia le permiti\u00f3 conocer el funcionamiento de distintos laboratorios y fortalecer su comprensi\u00f3n sobre la rigurosidad y el impacto del trabajo cient\u00edfico en el \u00e1mbito cl\u00ednico.<\/p>\n\n\n\n<p><em>\u201cLa posibilidad de ver la realidad cl\u00ednica desde la mirada tanto de investigadores como de los propios pacientes me ayud\u00f3 a comprender con mayor profundidad la importancia de la investigaci\u00f3n aplicada\u201d<\/em>, se\u00f1al\u00f3 Tom\u00e1s.<\/p>\n\n\n\n<p>En el \u00e1mbito cl\u00ednico, pudo acompa\u00f1ar a pacientes en procesos complejos y desafiantes, lo que ampli\u00f3 su visi\u00f3n sobre el cuidado integral y reafirm\u00f3 el rol clave de la rehabilitaci\u00f3n dentro de un enfoque interdisciplinario.<\/p>\n\n\n\n<p>Adem\u00e1s de lo acad\u00e9mico, esta pasant\u00eda represent\u00f3 una valiosa inmersi\u00f3n cultural. El intercambio con docentes, investigadores, estudiantes y pacientes brasile\u00f1os le permiti\u00f3 conocer diversas realidades y reforzar su compromiso con el trabajo colaborativo y el respeto por la diversidad cultural.<\/p>\n\n\n\n<p>\u201cEsta experiencia ha marcado profundamente mi trayectoria profesional y personal\u201d, concluy\u00f3.<\/p>\n\n\n\n<figure class=\"wp-block-gallery has-nested-images columns-default is-cropped wp-block-gallery-2 is-layout-flex wp-block-gallery-is-layout-flex\">\n<figure class=\"wp-block-image size-large\"><a href=\"https:\/\/medicina.udd.cl\/kinesiologia-santiago\/files\/2025\/08\/kine-maki-en-brasil-beca-move-6-scaled.jpg\"><img loading=\"lazy\" decoding=\"async\" width=\"768\" height=\"1024\" data-id=\"7183\" src=\"https:\/\/medicina.udd.cl\/kinesiologia-santiago\/files\/2025\/08\/kine-maki-en-brasil-beca-move-6-768x1024.jpg\" alt=\"\" class=\"wp-image-7183\" srcset=\"https:\/\/medicina.udd.cl\/kinesiologia-santiago\/files\/2025\/08\/kine-maki-en-brasil-beca-move-6-768x1024.jpg 768w, https:\/\/medicina.udd.cl\/kinesiologia-santiago\/files\/2025\/08\/kine-maki-en-brasil-beca-move-6-225x300.jpg 225w, https:\/\/medicina.udd.cl\/kinesiologia-santiago\/files\/2025\/08\/kine-maki-en-brasil-beca-move-6-1152x1536.jpg 1152w, https:\/\/medicina.udd.cl\/kinesiologia-santiago\/files\/2025\/08\/kine-maki-en-brasil-beca-move-6-1536x2048.jpg 1536w, https:\/\/medicina.udd.cl\/kinesiologia-santiago\/files\/2025\/08\/kine-maki-en-brasil-beca-move-6-scaled.jpg 1920w\" sizes=\"auto, (max-width: 768px) 100vw, 768px\" \/><\/a><\/figure>\n\n\n\n<figure class=\"wp-block-image size-large\"><a href=\"https:\/\/medicina.udd.cl\/kinesiologia-santiago\/files\/2025\/08\/kine-maki-en-brasil-beca-move-1.jpg\"><img loading=\"lazy\" decoding=\"async\" width=\"1024\" height=\"768\" data-id=\"7178\" src=\"https:\/\/medicina.udd.cl\/kinesiologia-santiago\/files\/2025\/08\/kine-maki-en-brasil-beca-move-1-1024x768.jpg\" alt=\"\" class=\"wp-image-7178\" srcset=\"https:\/\/medicina.udd.cl\/kinesiologia-santiago\/files\/2025\/08\/kine-maki-en-brasil-beca-move-1-1024x768.jpg 1024w, https:\/\/medicina.udd.cl\/kinesiologia-santiago\/files\/2025\/08\/kine-maki-en-brasil-beca-move-1-300x225.jpg 300w, https:\/\/medicina.udd.cl\/kinesiologia-santiago\/files\/2025\/08\/kine-maki-en-brasil-beca-move-1-768x576.jpg 768w, https:\/\/medicina.udd.cl\/kinesiologia-santiago\/files\/2025\/08\/kine-maki-en-brasil-beca-move-1.jpg 1032w\" sizes=\"auto, (max-width: 1024px) 100vw, 1024px\" \/><\/a><\/figure>\n\n\n\n<figure class=\"wp-block-image size-large\"><a href=\"https:\/\/medicina.udd.cl\/kinesiologia-santiago\/files\/2025\/08\/kine-maki-en-brasil-beca-move-5-scaled.jpg\"><img loading=\"lazy\" decoding=\"async\" width=\"768\" height=\"1024\" data-id=\"7182\" src=\"https:\/\/medicina.udd.cl\/kinesiologia-santiago\/files\/2025\/08\/kine-maki-en-brasil-beca-move-5-768x1024.jpg\" alt=\"\" class=\"wp-image-7182\" srcset=\"https:\/\/medicina.udd.cl\/kinesiologia-santiago\/files\/2025\/08\/kine-maki-en-brasil-beca-move-5-768x1024.jpg 768w, https:\/\/medicina.udd.cl\/kinesiologia-santiago\/files\/2025\/08\/kine-maki-en-brasil-beca-move-5-225x300.jpg 225w, https:\/\/medicina.udd.cl\/kinesiologia-santiago\/files\/2025\/08\/kine-maki-en-brasil-beca-move-5-1152x1536.jpg 1152w, https:\/\/medicina.udd.cl\/kinesiologia-santiago\/files\/2025\/08\/kine-maki-en-brasil-beca-move-5-1536x2048.jpg 1536w, https:\/\/medicina.udd.cl\/kinesiologia-santiago\/files\/2025\/08\/kine-maki-en-brasil-beca-move-5-scaled.jpg 1920w\" sizes=\"auto, (max-width: 768px) 100vw, 768px\" \/><\/a><\/figure>\n\n\n\n<figure class=\"wp-block-image size-large\"><a href=\"https:\/\/medicina.udd.cl\/kinesiologia-santiago\/files\/2025\/08\/kine-maki-en-brasil-beca-move-4-scaled.jpg\"><img loading=\"lazy\" decoding=\"async\" width=\"1024\" height=\"768\" data-id=\"7181\" src=\"https:\/\/medicina.udd.cl\/kinesiologia-santiago\/files\/2025\/08\/kine-maki-en-brasil-beca-move-4-1024x768.jpg\" alt=\"\" class=\"wp-image-7181\" srcset=\"https:\/\/medicina.udd.cl\/kinesiologia-santiago\/files\/2025\/08\/kine-maki-en-brasil-beca-move-4-1024x768.jpg 1024w, https:\/\/medicina.udd.cl\/kinesiologia-santiago\/files\/2025\/08\/kine-maki-en-brasil-beca-move-4-300x225.jpg 300w, https:\/\/medicina.udd.cl\/kinesiologia-santiago\/files\/2025\/08\/kine-maki-en-brasil-beca-move-4-768x576.jpg 768w, https:\/\/medicina.udd.cl\/kinesiologia-santiago\/files\/2025\/08\/kine-maki-en-brasil-beca-move-4-1536x1152.jpg 1536w, https:\/\/medicina.udd.cl\/kinesiologia-santiago\/files\/2025\/08\/kine-maki-en-brasil-beca-move-4-2048x1536.jpg 2048w\" sizes=\"auto, (max-width: 1024px) 100vw, 1024px\" \/><\/a><\/figure>\n\n\n\n<figure class=\"wp-block-image size-large\"><a href=\"https:\/\/medicina.udd.cl\/kinesiologia-santiago\/files\/2025\/08\/kine-maki-en-brasil-beca-move-2.jpg\"><img loading=\"lazy\" decoding=\"async\" width=\"1024\" height=\"776\" data-id=\"7179\" src=\"https:\/\/medicina.udd.cl\/kinesiologia-santiago\/files\/2025\/08\/kine-maki-en-brasil-beca-move-2-1024x776.jpg\" alt=\"\" class=\"wp-image-7179\" srcset=\"https:\/\/medicina.udd.cl\/kinesiologia-santiago\/files\/2025\/08\/kine-maki-en-brasil-beca-move-2-1024x776.jpg 1024w, https:\/\/medicina.udd.cl\/kinesiologia-santiago\/files\/2025\/08\/kine-maki-en-brasil-beca-move-2-300x227.jpg 300w, https:\/\/medicina.udd.cl\/kinesiologia-santiago\/files\/2025\/08\/kine-maki-en-brasil-beca-move-2-768x582.jpg 768w, https:\/\/medicina.udd.cl\/kinesiologia-santiago\/files\/2025\/08\/kine-maki-en-brasil-beca-move-2.jpg 1079w\" sizes=\"auto, (max-width: 1024px) 100vw, 1024px\" \/><\/a><\/figure>\n<\/figure>\n","protected":false},"excerpt":{"rendered":"<p>Tom\u00e1s Vergara Soria, estudiante del&nbsp;Mag\u00edster en Terapia F\u00edsica y Rehabilitaci\u00f3n (MAKI)&nbsp;de la Facultad de Medicina Cl\u00ednica Alemana Universidad del Desarrollo (UDD), cohorte 2023, tuvo la oportunidad de vivir una enriquecedora experiencia internacional tras adjudicarse la beca&nbsp;MOVE LA AMERICA. Gracias a este apoyo, realiz\u00f3 una pasant\u00eda acad\u00e9mica y cl\u00ednica en la Universidade Federal de Pernambuco (UFPE), [&hellip;]<\/p>\n","protected":false},"author":9192219,"featured_media":7179,"comment_status":"closed","ping_status":"open","sticky":false,"template":"","format":"standard","meta":{"footnotes":""},"categories":[11304,4],"tags":[],"class_list":["post-7177","post","type-post","status-publish","format-standard","has-post-thumbnail","hentry","category-maki","category-noticias"],"yoast_head":"<!-- This site is optimized with the Yoast SEO plugin v26.9 - https:\/\/yoast.com\/product\/yoast-seo-wordpress\/ -->\n<title>Estudiante del MAKI UDD realiza pasant\u00eda internacional en Brasil gracias a beca MOVE LA AMERICA - Kinesiolog\u00eda<\/title>\n<meta name=\"robots\" content=\"index, follow, max-snippet:-1, max-image-preview:large, max-video-preview:-1\" \/>\n<link rel=\"canonical\" href=\"https:\/\/medicina.udd.cl\/kinesiologia-santiago\/noticias\/2025\/08\/18\/estudiante-del-maki-udd-realiza-pasantia-internacional-en-brasil-gracias-a-beca-move-la-america\/\" \/>\n<meta property=\"og:locale\" content=\"es_ES\" \/>\n<meta property=\"og:type\" content=\"article\" \/>\n<meta property=\"og:title\" content=\"Estudiante del MAKI UDD realiza pasant\u00eda internacional en Brasil gracias a beca MOVE LA AMERICA - Kinesiolog\u00eda\" \/>\n<meta property=\"og:description\" content=\"Tom\u00e1s Vergara Soria, estudiante del&nbsp;Mag\u00edster en Terapia F\u00edsica y Rehabilitaci\u00f3n (MAKI)&nbsp;de la Facultad de Medicina Cl\u00ednica Alemana Universidad del Desarrollo (UDD), cohorte 2023, tuvo la oportunidad de vivir una enriquecedora experiencia internacional tras adjudicarse la beca&nbsp;MOVE LA AMERICA. Gracias a este apoyo, realiz\u00f3 una pasant\u00eda acad\u00e9mica y cl\u00ednica en la Universidade Federal de Pernambuco (UFPE), [&hellip;]\" \/>\n<meta property=\"og:url\" content=\"https:\/\/medicina.udd.cl\/kinesiologia-santiago\/noticias\/2025\/08\/18\/estudiante-del-maki-udd-realiza-pasantia-internacional-en-brasil-gracias-a-beca-move-la-america\/\" \/>\n<meta property=\"og:site_name\" content=\"Kinesiolog\u00eda\" \/>\n<meta property=\"article:published_time\" content=\"2025-08-18T14:24:26+00:00\" \/>\n<meta property=\"article:modified_time\" content=\"2025-08-18T14:24:28+00:00\" \/>\n<meta property=\"og:image\" content=\"https:\/\/medicina.udd.cl\/kinesiologia-santiago\/files\/2025\/08\/kine-maki-en-brasil-beca-move-2.jpg\" \/>\n\t<meta property=\"og:image:width\" content=\"1079\" \/>\n\t<meta property=\"og:image:height\" content=\"818\" \/>\n\t<meta property=\"og:image:type\" content=\"image\/jpeg\" \/>\n<meta name=\"author\" content=\"rbraidy\" \/>\n<meta name=\"twitter:label1\" content=\"Escrito por\" \/>\n\t<meta name=\"twitter:data1\" content=\"rbraidy\" \/>\n\t<meta name=\"twitter:label2\" content=\"Tiempo de lectura\" \/>\n\t<meta name=\"twitter:data2\" content=\"1 minuto\" \/>\n<script type=\"application\/ld+json\" class=\"yoast-schema-graph\">{\"@context\":\"https:\/\/schema.org\",\"@graph\":[{\"@type\":\"Article\",\"@id\":\"https:\/\/medicina.udd.cl\/kinesiologia-santiago\/noticias\/2025\/08\/18\/estudiante-del-maki-udd-realiza-pasantia-internacional-en-brasil-gracias-a-beca-move-la-america\/#article\",\"isPartOf\":{\"@id\":\"https:\/\/medicina.udd.cl\/kinesiologia-santiago\/noticias\/2025\/08\/18\/estudiante-del-maki-udd-realiza-pasantia-internacional-en-brasil-gracias-a-beca-move-la-america\/\"},\"author\":{\"name\":\"rbraidy\",\"@id\":\"https:\/\/medicina.udd.cl\/kinesiologia-santiago\/#\/schema\/person\/dbc3705bf3a93e8be1ba6de0ef950341\"},\"headline\":\"Estudiante del MAKI UDD realiza pasant\u00eda internacional en Brasil gracias a beca MOVE LA AMERICA\",\"datePublished\":\"2025-08-18T14:24:26+00:00\",\"dateModified\":\"2025-08-18T14:24:28+00:00\",\"mainEntityOfPage\":{\"@id\":\"https:\/\/medicina.udd.cl\/kinesiologia-santiago\/noticias\/2025\/08\/18\/estudiante-del-maki-udd-realiza-pasantia-internacional-en-brasil-gracias-a-beca-move-la-america\/\"},\"wordCount\":313,\"image\":{\"@id\":\"https:\/\/medicina.udd.cl\/kinesiologia-santiago\/noticias\/2025\/08\/18\/estudiante-del-maki-udd-realiza-pasantia-internacional-en-brasil-gracias-a-beca-move-la-america\/#primaryimage\"},\"thumbnailUrl\":\"https:\/\/medicina.udd.cl\/kinesiologia-santiago\/files\/2025\/08\/kine-maki-en-brasil-beca-move-2.jpg\",\"articleSection\":[\"MAKI\",\"Noticias\"],\"inLanguage\":\"es\"},{\"@type\":\"WebPage\",\"@id\":\"https:\/\/medicina.udd.cl\/kinesiologia-santiago\/noticias\/2025\/08\/18\/estudiante-del-maki-udd-realiza-pasantia-internacional-en-brasil-gracias-a-beca-move-la-america\/\",\"url\":\"https:\/\/medicina.udd.cl\/kinesiologia-santiago\/noticias\/2025\/08\/18\/estudiante-del-maki-udd-realiza-pasantia-internacional-en-brasil-gracias-a-beca-move-la-america\/\",\"name\":\"Estudiante del MAKI UDD realiza pasant\u00eda internacional en Brasil gracias a beca MOVE LA AMERICA - Kinesiolog\u00eda\",\"isPartOf\":{\"@id\":\"https:\/\/medicina.udd.cl\/kinesiologia-santiago\/#website\"},\"primaryImageOfPage\":{\"@id\":\"https:\/\/medicina.udd.cl\/kinesiologia-santiago\/noticias\/2025\/08\/18\/estudiante-del-maki-udd-realiza-pasantia-internacional-en-brasil-gracias-a-beca-move-la-america\/#primaryimage\"},\"image\":{\"@id\":\"https:\/\/medicina.udd.cl\/kinesiologia-santiago\/noticias\/2025\/08\/18\/estudiante-del-maki-udd-realiza-pasantia-internacional-en-brasil-gracias-a-beca-move-la-america\/#primaryimage\"},\"thumbnailUrl\":\"https:\/\/medicina.udd.cl\/kinesiologia-santiago\/files\/2025\/08\/kine-maki-en-brasil-beca-move-2.jpg\",\"datePublished\":\"2025-08-18T14:24:26+00:00\",\"dateModified\":\"2025-08-18T14:24:28+00:00\",\"author\":{\"@id\":\"https:\/\/medicina.udd.cl\/kinesiologia-santiago\/#\/schema\/person\/dbc3705bf3a93e8be1ba6de0ef950341\"},\"breadcrumb\":{\"@id\":\"https:\/\/medicina.udd.cl\/kinesiologia-santiago\/noticias\/2025\/08\/18\/estudiante-del-maki-udd-realiza-pasantia-internacional-en-brasil-gracias-a-beca-move-la-america\/#breadcrumb\"},\"inLanguage\":\"es\",\"potentialAction\":[{\"@type\":\"ReadAction\",\"target\":[\"https:\/\/medicina.udd.cl\/kinesiologia-santiago\/noticias\/2025\/08\/18\/estudiante-del-maki-udd-realiza-pasantia-internacional-en-brasil-gracias-a-beca-move-la-america\/\"]}]},{\"@type\":\"ImageObject\",\"inLanguage\":\"es\",\"@id\":\"https:\/\/medicina.udd.cl\/kinesiologia-santiago\/noticias\/2025\/08\/18\/estudiante-del-maki-udd-realiza-pasantia-internacional-en-brasil-gracias-a-beca-move-la-america\/#primaryimage\",\"url\":\"https:\/\/medicina.udd.cl\/kinesiologia-santiago\/files\/2025\/08\/kine-maki-en-brasil-beca-move-2.jpg\",\"contentUrl\":\"https:\/\/medicina.udd.cl\/kinesiologia-santiago\/files\/2025\/08\/kine-maki-en-brasil-beca-move-2.jpg\",\"width\":1079,\"height\":818},{\"@type\":\"BreadcrumbList\",\"@id\":\"https:\/\/medicina.udd.cl\/kinesiologia-santiago\/noticias\/2025\/08\/18\/estudiante-del-maki-udd-realiza-pasantia-internacional-en-brasil-gracias-a-beca-move-la-america\/#breadcrumb\",\"itemListElement\":[{\"@type\":\"ListItem\",\"position\":1,\"name\":\"Home\",\"item\":\"https:\/\/medicina.udd.cl\/kinesiologia-santiago\/\"},{\"@type\":\"ListItem\",\"position\":2,\"name\":\"Estudiante del MAKI UDD realiza pasant\u00eda internacional en Brasil gracias a beca MOVE LA AMERICA\"}]},{\"@type\":\"WebSite\",\"@id\":\"https:\/\/medicina.udd.cl\/kinesiologia-santiago\/#website\",\"url\":\"https:\/\/medicina.udd.cl\/kinesiologia-santiago\/\",\"name\":\"Kinesiolog\u00eda\",\"description\":\"Facultad de Medicina Cl\u00ednica Alemana Universidad del Desarrollo\",\"inLanguage\":\"es\"},{\"@type\":\"Person\",\"@id\":\"https:\/\/medicina.udd.cl\/kinesiologia-santiago\/#\/schema\/person\/dbc3705bf3a93e8be1ba6de0ef950341\",\"name\":\"rbraidy\",\"image\":{\"@type\":\"ImageObject\",\"inLanguage\":\"es\",\"@id\":\"https:\/\/medicina.udd.cl\/kinesiologia-santiago\/#\/schema\/person\/image\/\",\"url\":\"https:\/\/secure.gravatar.com\/avatar\/0f8bc94637401590e45d2ce17eb65c274cb8870a219de6177f3f23e63fd8cdf3?s=96&d=mm&r=g\",\"contentUrl\":\"https:\/\/secure.gravatar.com\/avatar\/0f8bc94637401590e45d2ce17eb65c274cb8870a219de6177f3f23e63fd8cdf3?s=96&d=mm&r=g\",\"caption\":\"rbraidy\"},\"url\":\"https:\/\/medicina.udd.cl\/kinesiologia-santiago\/noticias\/author\/rbraidy\/\"}]}<\/script>\n<!-- \/ Yoast SEO plugin. -->","yoast_head_json":{"title":"Estudiante del MAKI UDD realiza pasant\u00eda internacional en Brasil gracias a beca MOVE LA AMERICA - Kinesiolog\u00eda","robots":{"index":"index","follow":"follow","max-snippet":"max-snippet:-1","max-image-preview":"max-image-preview:large","max-video-preview":"max-video-preview:-1"},"canonical":"https:\/\/medicina.udd.cl\/kinesiologia-santiago\/noticias\/2025\/08\/18\/estudiante-del-maki-udd-realiza-pasantia-internacional-en-brasil-gracias-a-beca-move-la-america\/","og_locale":"es_ES","og_type":"article","og_title":"Estudiante del MAKI UDD realiza pasant\u00eda internacional en Brasil gracias a beca MOVE LA AMERICA - Kinesiolog\u00eda","og_description":"Tom\u00e1s Vergara Soria, estudiante del&nbsp;Mag\u00edster en Terapia F\u00edsica y Rehabilitaci\u00f3n (MAKI)&nbsp;de la Facultad de Medicina Cl\u00ednica Alemana Universidad del Desarrollo (UDD), cohorte 2023, tuvo la oportunidad de vivir una enriquecedora experiencia internacional tras adjudicarse la beca&nbsp;MOVE LA AMERICA. Gracias a este apoyo, realiz\u00f3 una pasant\u00eda acad\u00e9mica y cl\u00ednica en la Universidade Federal de Pernambuco (UFPE), [&hellip;]","og_url":"https:\/\/medicina.udd.cl\/kinesiologia-santiago\/noticias\/2025\/08\/18\/estudiante-del-maki-udd-realiza-pasantia-internacional-en-brasil-gracias-a-beca-move-la-america\/","og_site_name":"Kinesiolog\u00eda","article_published_time":"2025-08-18T14:24:26+00:00","article_modified_time":"2025-08-18T14:24:28+00:00","og_image":[{"width":1079,"height":818,"url":"https:\/\/medicina.udd.cl\/kinesiologia-santiago\/files\/2025\/08\/kine-maki-en-brasil-beca-move-2.jpg","type":"image\/jpeg"}],"author":"rbraidy","twitter_misc":{"Escrito por":"rbraidy","Tiempo de lectura":"1 minuto"},"schema":{"@context":"https:\/\/schema.org","@graph":[{"@type":"Article","@id":"https:\/\/medicina.udd.cl\/kinesiologia-santiago\/noticias\/2025\/08\/18\/estudiante-del-maki-udd-realiza-pasantia-internacional-en-brasil-gracias-a-beca-move-la-america\/#article","isPartOf":{"@id":"https:\/\/medicina.udd.cl\/kinesiologia-santiago\/noticias\/2025\/08\/18\/estudiante-del-maki-udd-realiza-pasantia-internacional-en-brasil-gracias-a-beca-move-la-america\/"},"author":{"name":"rbraidy","@id":"https:\/\/medicina.udd.cl\/kinesiologia-santiago\/#\/schema\/person\/dbc3705bf3a93e8be1ba6de0ef950341"},"headline":"Estudiante del MAKI UDD realiza pasant\u00eda internacional en Brasil gracias a beca MOVE LA AMERICA","datePublished":"2025-08-18T14:24:26+00:00","dateModified":"2025-08-18T14:24:28+00:00","mainEntityOfPage":{"@id":"https:\/\/medicina.udd.cl\/kinesiologia-santiago\/noticias\/2025\/08\/18\/estudiante-del-maki-udd-realiza-pasantia-internacional-en-brasil-gracias-a-beca-move-la-america\/"},"wordCount":313,"image":{"@id":"https:\/\/medicina.udd.cl\/kinesiologia-santiago\/noticias\/2025\/08\/18\/estudiante-del-maki-udd-realiza-pasantia-internacional-en-brasil-gracias-a-beca-move-la-america\/#primaryimage"},"thumbnailUrl":"https:\/\/medicina.udd.cl\/kinesiologia-santiago\/files\/2025\/08\/kine-maki-en-brasil-beca-move-2.jpg","articleSection":["MAKI","Noticias"],"inLanguage":"es"},{"@type":"WebPage","@id":"https:\/\/medicina.udd.cl\/kinesiologia-santiago\/noticias\/2025\/08\/18\/estudiante-del-maki-udd-realiza-pasantia-internacional-en-brasil-gracias-a-beca-move-la-america\/","url":"https:\/\/medicina.udd.cl\/kinesiologia-santiago\/noticias\/2025\/08\/18\/estudiante-del-maki-udd-realiza-pasantia-internacional-en-brasil-gracias-a-beca-move-la-america\/","name":"Estudiante del MAKI UDD realiza pasant\u00eda internacional en Brasil gracias a beca MOVE LA AMERICA - Kinesiolog\u00eda","isPartOf":{"@id":"https:\/\/medicina.udd.cl\/kinesiologia-santiago\/#website"},"primaryImageOfPage":{"@id":"https:\/\/medicina.udd.cl\/kinesiologia-santiago\/noticias\/2025\/08\/18\/estudiante-del-maki-udd-realiza-pasantia-internacional-en-brasil-gracias-a-beca-move-la-america\/#primaryimage"},"image":{"@id":"https:\/\/medicina.udd.cl\/kinesiologia-santiago\/noticias\/2025\/08\/18\/estudiante-del-maki-udd-realiza-pasantia-internacional-en-brasil-gracias-a-beca-move-la-america\/#primaryimage"},"thumbnailUrl":"https:\/\/medicina.udd.cl\/kinesiologia-santiago\/files\/2025\/08\/kine-maki-en-brasil-beca-move-2.jpg","datePublished":"2025-08-18T14:24:26+00:00","dateModified":"2025-08-18T14:24:28+00:00","author":{"@id":"https:\/\/medicina.udd.cl\/kinesiologia-santiago\/#\/schema\/person\/dbc3705bf3a93e8be1ba6de0ef950341"},"breadcrumb":{"@id":"https:\/\/medicina.udd.cl\/kinesiologia-santiago\/noticias\/2025\/08\/18\/estudiante-del-maki-udd-realiza-pasantia-internacional-en-brasil-gracias-a-beca-move-la-america\/#breadcrumb"},"inLanguage":"es","potentialAction":[{"@type":"ReadAction","target":["https:\/\/medicina.udd.cl\/kinesiologia-santiago\/noticias\/2025\/08\/18\/estudiante-del-maki-udd-realiza-pasantia-internacional-en-brasil-gracias-a-beca-move-la-america\/"]}]},{"@type":"ImageObject","inLanguage":"es","@id":"https:\/\/medicina.udd.cl\/kinesiologia-santiago\/noticias\/2025\/08\/18\/estudiante-del-maki-udd-realiza-pasantia-internacional-en-brasil-gracias-a-beca-move-la-america\/#primaryimage","url":"https:\/\/medicina.udd.cl\/kinesiologia-santiago\/files\/2025\/08\/kine-maki-en-brasil-beca-move-2.jpg","contentUrl":"https:\/\/medicina.udd.cl\/kinesiologia-santiago\/files\/2025\/08\/kine-maki-en-brasil-beca-move-2.jpg","width":1079,"height":818},{"@type":"BreadcrumbList","@id":"https:\/\/medicina.udd.cl\/kinesiologia-santiago\/noticias\/2025\/08\/18\/estudiante-del-maki-udd-realiza-pasantia-internacional-en-brasil-gracias-a-beca-move-la-america\/#breadcrumb","itemListElement":[{"@type":"ListItem","position":1,"name":"Home","item":"https:\/\/medicina.udd.cl\/kinesiologia-santiago\/"},{"@type":"ListItem","position":2,"name":"Estudiante del MAKI UDD realiza pasant\u00eda internacional en Brasil gracias a beca MOVE LA AMERICA"}]},{"@type":"WebSite","@id":"https:\/\/medicina.udd.cl\/kinesiologia-santiago\/#website","url":"https:\/\/medicina.udd.cl\/kinesiologia-santiago\/","name":"Kinesiolog\u00eda","description":"Facultad de Medicina Cl\u00ednica Alemana Universidad del Desarrollo","inLanguage":"es"},{"@type":"Person","@id":"https:\/\/medicina.udd.cl\/kinesiologia-santiago\/#\/schema\/person\/dbc3705bf3a93e8be1ba6de0ef950341","name":"rbraidy","image":{"@type":"ImageObject","inLanguage":"es","@id":"https:\/\/medicina.udd.cl\/kinesiologia-santiago\/#\/schema\/person\/image\/","url":"https:\/\/secure.gravatar.com\/avatar\/0f8bc94637401590e45d2ce17eb65c274cb8870a219de6177f3f23e63fd8cdf3?s=96&d=mm&r=g","contentUrl":"https:\/\/secure.gravatar.com\/avatar\/0f8bc94637401590e45d2ce17eb65c274cb8870a219de6177f3f23e63fd8cdf3?s=96&d=mm&r=g","caption":"rbraidy"},"url":"https:\/\/medicina.udd.cl\/kinesiologia-santiago\/noticias\/author\/rbraidy\/"}]}},"featured_image_url":"https:\/\/medicina.udd.cl\/kinesiologia-santiago\/files\/2025\/08\/kine-maki-en-brasil-beca-move-2.jpg","_links":{"self":[{"href":"https:\/\/medicina.udd.cl\/kinesiologia-santiago\/wp-json\/wp\/v2\/posts\/7177","targetHints":{"allow":["GET"]}}],"collection":[{"href":"https:\/\/medicina.udd.cl\/kinesiologia-santiago\/wp-json\/wp\/v2\/posts"}],"about":[{"href":"https:\/\/medicina.udd.cl\/kinesiologia-santiago\/wp-json\/wp\/v2\/types\/post"}],"author":[{"embeddable":true,"href":"https:\/\/medicina.udd.cl\/kinesiologia-santiago\/wp-json\/wp\/v2\/users\/9192219"}],"replies":[{"embeddable":true,"href":"https:\/\/medicina.udd.cl\/kinesiologia-santiago\/wp-json\/wp\/v2\/comments?post=7177"}],"version-history":[{"count":1,"href":"https:\/\/medicina.udd.cl\/kinesiologia-santiago\/wp-json\/wp\/v2\/posts\/7177\/revisions"}],"predecessor-version":[{"id":7187,"href":"https:\/\/medicina.udd.cl\/kinesiologia-santiago\/wp-json\/wp\/v2\/posts\/7177\/revisions\/7187"}],"wp:featuredmedia":[{"embeddable":true,"href":"https:\/\/medicina.udd.cl\/kinesiologia-santiago\/wp-json\/wp\/v2\/media\/7179"}],"wp:attachment":[{"href":"https:\/\/medicina.udd.cl\/kinesiologia-santiago\/wp-json\/wp\/v2\/media?parent=7177"}],"wp:term":[{"taxonomy":"category","embeddable":true,"href":"https:\/\/medicina.udd.cl\/kinesiologia-santiago\/wp-json\/wp\/v2\/categories?post=7177"},{"taxonomy":"post_tag","embeddable":true,"href":"https:\/\/medicina.udd.cl\/kinesiologia-santiago\/wp-json\/wp\/v2\/tags?post=7177"}],"curies":[{"name":"wp","href":"https:\/\/api.w.org\/{rel}","templated":true}]}}