{"id":7200,"date":"2025-08-27T11:09:13","date_gmt":"2025-08-27T15:09:13","guid":{"rendered":"https:\/\/medicina.udd.cl\/kinesiologia-santiago\/?p=7200"},"modified":"2025-08-27T11:39:33","modified_gmt":"2025-08-27T15:39:33","slug":"academica-udd-es-nuevamente-elegida-para-ser-parte-del-comite-del-congreso-mundial-de-fisioterapia-2027","status":"publish","type":"post","link":"https:\/\/medicina.udd.cl\/kinesiologia-santiago\/noticias\/2025\/08\/27\/academica-udd-es-nuevamente-elegida-para-ser-parte-del-comite-del-congreso-mundial-de-fisioterapia-2027\/","title":{"rendered":"Acad\u00e9mica UDD es nuevamente elegida para ser parte del Comit\u00e9 del Congreso Mundial de Fisioterapia 2027"},"content":{"rendered":"\n<figure class=\"wp-block-image alignright size-full is-resized\"><a href=\"https:\/\/medicina.udd.cl\/kinesiologia-santiago\/files\/2023\/09\/kine-sonia-roa_-congreso-mundial-kine-2025-1.jpg\"><img loading=\"lazy\" decoding=\"async\" width=\"1024\" height=\"958\" src=\"https:\/\/medicina.udd.cl\/kinesiologia-santiago\/files\/2023\/09\/kine-sonia-roa_-congreso-mundial-kine-2025-1.jpg\" alt=\"\" class=\"wp-image-6028\" style=\"width:617px;height:auto\" srcset=\"https:\/\/medicina.udd.cl\/kinesiologia-santiago\/files\/2023\/09\/kine-sonia-roa_-congreso-mundial-kine-2025-1.jpg 1024w, https:\/\/medicina.udd.cl\/kinesiologia-santiago\/files\/2023\/09\/kine-sonia-roa_-congreso-mundial-kine-2025-1-300x281.jpg 300w, https:\/\/medicina.udd.cl\/kinesiologia-santiago\/files\/2023\/09\/kine-sonia-roa_-congreso-mundial-kine-2025-1-768x719.jpg 768w\" sizes=\"auto, (max-width: 1024px) 100vw, 1024px\" \/><\/a><figcaption class=\"wp-element-caption\">Sonia Roa Alca\u00edno form\u00f3 parte del Comit\u00e9 del Programa Cient\u00edfico en la edici\u00f3n Tokio 2025<\/figcaption><\/figure>\n\n\n\n<p>La acad\u00e9mica de la carrera de Kinesiolog\u00eda y subdirectora del Centro Acad\u00e9mico de Salud y Estilos de Vida (Casev) de la Facultad de Medicina Cl\u00ednica Alemana Universidad del Desarrollo (UDD),&nbsp;<strong>Sonia Roa Alca\u00edno<\/strong>, fue elegida por segunda vez consecutiva como miembro del Comit\u00e9 del Programa Cient\u00edfico (CPC) del&nbsp;<strong>Congreso Mundial de Fisioterapia<\/strong>, que se realizar\u00e1 en Guadalajara, M\u00e9xico, del&nbsp;<strong>14 al 16 de mayo de 2027<\/strong>.<\/p>\n\n\n\n<p>La docente ya hab\u00eda formado parte de este prestigioso comit\u00e9&nbsp;<a href=\"https:\/\/medicina.udd.cl\/noticias\/2025\/06\/maki-udd-tuvo-participacion-destacada-en-el-world-physiotherapy-congress-2025-en-tokio\/\">en la edici\u00f3n anterior, realizada en Tokio, Jap\u00f3n 2025<\/a>, consolidando as\u00ed su trayectoria y reconocimiento internacional en el \u00e1mbito de la fisioterapia.<\/p>\n\n\n\n<p>El CPC, presidido por la Dra.&nbsp;<strong>Judith Deutsch<\/strong>&nbsp;(Universidad de Rutgers, EE. UU.), re\u00fane a un grupo diverso de expertos provenientes de distintos continentes, con experiencia acad\u00e9mica, cl\u00ednica y de investigaci\u00f3n. Su misi\u00f3n es dise\u00f1ar el programa cient\u00edfico del congreso, el evento m\u00e1s importante de la Federaci\u00f3n Mundial de Fisioterapia.<\/p>\n\n\n\n<p>El Dr.&nbsp;<strong>Mike Landry<\/strong>, presidente de la Federaci\u00f3n Mundial de Fisioterapia, destac\u00f3:<\/p>\n\n\n\n<p><em>\u201cNos complace enormemente designar al CPC para el Congreso Mundial de Fisioterapia de 2027. (\u2026) Nos complace poder aprovechar su experiencia y perspectivas colectivas\u201d<\/em>.<\/p>\n\n\n\n<p>Por su parte, la presidenta del comit\u00e9, Dra. Deutsch, subray\u00f3 que la selecci\u00f3n de integrantes fue altamente competitiva, con la mayor cantidad de postulaciones recibidas hasta la fecha, lo que refleja la relevancia de este encuentro mundial.<\/p>\n\n\n\n<p>La inclusi\u00f3n de la profesora&nbsp;<strong>Sonia Roa<\/strong>&nbsp;en este selecto grupo no solo constituye un reconocimiento a su trayectoria profesional, sino que tambi\u00e9n posiciona a la&nbsp;<strong>Facultad de Medicina Cl\u00ednica Alemana UDD<\/strong>&nbsp;y al&nbsp;<strong>Colegio de Kinesi\u00f3logos de Chile<\/strong>&nbsp;en la esfera internacional de la fisioterapia.<\/p>\n\n\n\n<p>Entre los integrantes del comit\u00e9 destacan representantes de Jordania, Ben\u00edn, Estados Unidos, M\u00e9xico, Vietnam, Canad\u00e1, Uganda, Australia, Nueva Zelanda, Grecia, Alemania y Chile, quienes trabajar\u00e1n en conjunto para dar forma a un programa cient\u00edfico que aborde los desaf\u00edos y avances m\u00e1s relevantes de la disciplina a nivel global.<\/p>\n\n\n\n<p>El&nbsp;<strong><a href=\"https:\/\/world.physio\/congress\">Congreso Mundial de Fisioterapia 2027<\/a><\/strong>&nbsp;busca consolidarse como un espacio de encuentro y proyecci\u00f3n para la comunidad internacional, reafirmando el car\u00e1cter diverso, global y en constante desarrollo de la profesi\u00f3n.<\/p>\n\n\n\n<figure class=\"wp-block-image aligncenter size-large\"><a href=\"https:\/\/medicina.udd.cl\/kinesiologia-santiago\/files\/2025\/08\/kine-sonia-roa-miembro-mexico-2027-2.jpeg\"><img loading=\"lazy\" decoding=\"async\" width=\"768\" height=\"1024\" src=\"https:\/\/medicina.udd.cl\/kinesiologia-santiago\/files\/2025\/08\/kine-sonia-roa-miembro-mexico-2027-2-768x1024.jpeg\" alt=\"\" class=\"wp-image-7202\" srcset=\"https:\/\/medicina.udd.cl\/kinesiologia-santiago\/files\/2025\/08\/kine-sonia-roa-miembro-mexico-2027-2-768x1024.jpeg 768w, https:\/\/medicina.udd.cl\/kinesiologia-santiago\/files\/2025\/08\/kine-sonia-roa-miembro-mexico-2027-2-225x300.jpeg 225w, https:\/\/medicina.udd.cl\/kinesiologia-santiago\/files\/2025\/08\/kine-sonia-roa-miembro-mexico-2027-2-1152x1536.jpeg 1152w, https:\/\/medicina.udd.cl\/kinesiologia-santiago\/files\/2025\/08\/kine-sonia-roa-miembro-mexico-2027-2.jpeg 1200w\" sizes=\"auto, (max-width: 768px) 100vw, 768px\" \/><\/a><figcaption class=\"wp-element-caption\">Sonia Roa en el Congreso Mundial de Fisioterapia Tokio 2025 en compa\u00f1\u00eda de miembros del CPC 2025 y 2027<\/figcaption><\/figure>\n\n\n\n<figure class=\"wp-block-image aligncenter size-large\"><a href=\"https:\/\/medicina.udd.cl\/kinesiologia-santiago\/files\/2025\/08\/kine-sonia-roa-miembro-mexico-2027-3.jpeg\"><img loading=\"lazy\" decoding=\"async\" width=\"1024\" height=\"768\" src=\"https:\/\/medicina.udd.cl\/kinesiologia-santiago\/files\/2025\/08\/kine-sonia-roa-miembro-mexico-2027-3-1024x768.jpeg\" alt=\"\" class=\"wp-image-7203\" srcset=\"https:\/\/medicina.udd.cl\/kinesiologia-santiago\/files\/2025\/08\/kine-sonia-roa-miembro-mexico-2027-3-1024x768.jpeg 1024w, https:\/\/medicina.udd.cl\/kinesiologia-santiago\/files\/2025\/08\/kine-sonia-roa-miembro-mexico-2027-3-300x225.jpeg 300w, https:\/\/medicina.udd.cl\/kinesiologia-santiago\/files\/2025\/08\/kine-sonia-roa-miembro-mexico-2027-3-768x576.jpeg 768w, https:\/\/medicina.udd.cl\/kinesiologia-santiago\/files\/2025\/08\/kine-sonia-roa-miembro-mexico-2027-3-1536x1152.jpeg 1536w, https:\/\/medicina.udd.cl\/kinesiologia-santiago\/files\/2025\/08\/kine-sonia-roa-miembro-mexico-2027-3.jpeg 1600w\" sizes=\"auto, (max-width: 1024px) 100vw, 1024px\" \/><\/a><figcaption class=\"wp-element-caption\">Sonia Roa en compa\u00f1\u00eda de algunos miembros del Comit\u00e9 del Programa Cient\u00edfico Tokio 2025<\/figcaption><\/figure>\n\n\n\n<figure class=\"wp-block-image aligncenter size-large\"><a href=\"https:\/\/medicina.udd.cl\/kinesiologia-santiago\/files\/2025\/08\/kine-sonia-roa-miembro-mexico-2027-1-scaled.jpeg\"><img loading=\"lazy\" decoding=\"async\" width=\"1024\" height=\"768\" src=\"https:\/\/medicina.udd.cl\/kinesiologia-santiago\/files\/2025\/08\/kine-sonia-roa-miembro-mexico-2027-1-1024x768.jpeg\" alt=\"\" class=\"wp-image-7205\" srcset=\"https:\/\/medicina.udd.cl\/kinesiologia-santiago\/files\/2025\/08\/kine-sonia-roa-miembro-mexico-2027-1-1024x768.jpeg 1024w, https:\/\/medicina.udd.cl\/kinesiologia-santiago\/files\/2025\/08\/kine-sonia-roa-miembro-mexico-2027-1-300x225.jpeg 300w, https:\/\/medicina.udd.cl\/kinesiologia-santiago\/files\/2025\/08\/kine-sonia-roa-miembro-mexico-2027-1-768x576.jpeg 768w, https:\/\/medicina.udd.cl\/kinesiologia-santiago\/files\/2025\/08\/kine-sonia-roa-miembro-mexico-2027-1-1536x1152.jpeg 1536w, https:\/\/medicina.udd.cl\/kinesiologia-santiago\/files\/2025\/08\/kine-sonia-roa-miembro-mexico-2027-1-2048x1536.jpeg 2048w\" sizes=\"auto, (max-width: 1024px) 100vw, 1024px\" \/><\/a><figcaption class=\"wp-element-caption\">Sonia Roa ser\u00e1 por segunda vez consecutiva miembro del CPC del Congreso Mundial de Fisioterapia<\/figcaption><\/figure>\n","protected":false},"excerpt":{"rendered":"<p>La acad\u00e9mica de la carrera de Kinesiolog\u00eda y subdirectora del Centro Acad\u00e9mico de Salud y Estilos de Vida (Casev) de la Facultad de Medicina Cl\u00ednica Alemana Universidad del Desarrollo (UDD),&nbsp;Sonia Roa Alca\u00edno, fue elegida por segunda vez consecutiva como miembro del Comit\u00e9 del Programa Cient\u00edfico (CPC) del&nbsp;Congreso Mundial de Fisioterapia, que se realizar\u00e1 en Guadalajara, [&hellip;]<\/p>\n","protected":false},"author":9192219,"featured_media":6028,"comment_status":"closed","ping_status":"open","sticky":false,"template":"","format":"standard","meta":{"footnotes":""},"categories":[11304,4],"tags":[],"class_list":["post-7200","post","type-post","status-publish","format-standard","has-post-thumbnail","hentry","category-maki","category-noticias"],"yoast_head":"<!-- This site is optimized with the Yoast SEO plugin v26.9 - https:\/\/yoast.com\/product\/yoast-seo-wordpress\/ -->\n<title>Acad\u00e9mica UDD es nuevamente elegida para ser parte del Comit\u00e9 del Congreso Mundial de Fisioterapia 2027 - Kinesiolog\u00eda<\/title>\n<meta name=\"robots\" content=\"index, follow, max-snippet:-1, max-image-preview:large, max-video-preview:-1\" \/>\n<link rel=\"canonical\" href=\"https:\/\/medicina.udd.cl\/kinesiologia-santiago\/noticias\/2025\/08\/27\/academica-udd-es-nuevamente-elegida-para-ser-parte-del-comite-del-congreso-mundial-de-fisioterapia-2027\/\" \/>\n<meta property=\"og:locale\" content=\"es_ES\" \/>\n<meta property=\"og:type\" content=\"article\" \/>\n<meta property=\"og:title\" content=\"Acad\u00e9mica UDD es nuevamente elegida para ser parte del Comit\u00e9 del Congreso Mundial de Fisioterapia 2027 - Kinesiolog\u00eda\" \/>\n<meta property=\"og:description\" content=\"La acad\u00e9mica de la carrera de Kinesiolog\u00eda y subdirectora del Centro Acad\u00e9mico de Salud y Estilos de Vida (Casev) de la Facultad de Medicina Cl\u00ednica Alemana Universidad del Desarrollo (UDD),&nbsp;Sonia Roa Alca\u00edno, fue elegida por segunda vez consecutiva como miembro del Comit\u00e9 del Programa Cient\u00edfico (CPC) del&nbsp;Congreso Mundial de Fisioterapia, que se realizar\u00e1 en Guadalajara, [&hellip;]\" \/>\n<meta property=\"og:url\" content=\"https:\/\/medicina.udd.cl\/kinesiologia-santiago\/noticias\/2025\/08\/27\/academica-udd-es-nuevamente-elegida-para-ser-parte-del-comite-del-congreso-mundial-de-fisioterapia-2027\/\" \/>\n<meta property=\"og:site_name\" content=\"Kinesiolog\u00eda\" \/>\n<meta property=\"article:published_time\" content=\"2025-08-27T15:09:13+00:00\" \/>\n<meta property=\"article:modified_time\" content=\"2025-08-27T15:39:33+00:00\" \/>\n<meta property=\"og:image\" content=\"https:\/\/medicina.udd.cl\/kinesiologia-santiago\/files\/2023\/09\/kine-sonia-roa_-congreso-mundial-kine-2025-1.jpg\" \/>\n\t<meta property=\"og:image:width\" content=\"1024\" \/>\n\t<meta property=\"og:image:height\" content=\"958\" \/>\n\t<meta property=\"og:image:type\" content=\"image\/jpeg\" \/>\n<meta name=\"author\" content=\"rbraidy\" \/>\n<meta name=\"twitter:label1\" content=\"Escrito por\" \/>\n\t<meta name=\"twitter:data1\" content=\"rbraidy\" \/>\n\t<meta name=\"twitter:label2\" content=\"Tiempo de lectura\" \/>\n\t<meta name=\"twitter:data2\" content=\"3 minutos\" \/>\n<script type=\"application\/ld+json\" class=\"yoast-schema-graph\">{\"@context\":\"https:\/\/schema.org\",\"@graph\":[{\"@type\":\"Article\",\"@id\":\"https:\/\/medicina.udd.cl\/kinesiologia-santiago\/noticias\/2025\/08\/27\/academica-udd-es-nuevamente-elegida-para-ser-parte-del-comite-del-congreso-mundial-de-fisioterapia-2027\/#article\",\"isPartOf\":{\"@id\":\"https:\/\/medicina.udd.cl\/kinesiologia-santiago\/noticias\/2025\/08\/27\/academica-udd-es-nuevamente-elegida-para-ser-parte-del-comite-del-congreso-mundial-de-fisioterapia-2027\/\"},\"author\":{\"name\":\"rbraidy\",\"@id\":\"https:\/\/medicina.udd.cl\/kinesiologia-santiago\/#\/schema\/person\/dbc3705bf3a93e8be1ba6de0ef950341\"},\"headline\":\"Acad\u00e9mica UDD es nuevamente elegida para ser parte del Comit\u00e9 del Congreso Mundial de Fisioterapia 2027\",\"datePublished\":\"2025-08-27T15:09:13+00:00\",\"dateModified\":\"2025-08-27T15:39:33+00:00\",\"mainEntityOfPage\":{\"@id\":\"https:\/\/medicina.udd.cl\/kinesiologia-santiago\/noticias\/2025\/08\/27\/academica-udd-es-nuevamente-elegida-para-ser-parte-del-comite-del-congreso-mundial-de-fisioterapia-2027\/\"},\"wordCount\":468,\"image\":{\"@id\":\"https:\/\/medicina.udd.cl\/kinesiologia-santiago\/noticias\/2025\/08\/27\/academica-udd-es-nuevamente-elegida-para-ser-parte-del-comite-del-congreso-mundial-de-fisioterapia-2027\/#primaryimage\"},\"thumbnailUrl\":\"https:\/\/medicina.udd.cl\/kinesiologia-santiago\/files\/2023\/09\/kine-sonia-roa_-congreso-mundial-kine-2025-1.jpg\",\"articleSection\":[\"MAKI\",\"Noticias\"],\"inLanguage\":\"es\"},{\"@type\":\"WebPage\",\"@id\":\"https:\/\/medicina.udd.cl\/kinesiologia-santiago\/noticias\/2025\/08\/27\/academica-udd-es-nuevamente-elegida-para-ser-parte-del-comite-del-congreso-mundial-de-fisioterapia-2027\/\",\"url\":\"https:\/\/medicina.udd.cl\/kinesiologia-santiago\/noticias\/2025\/08\/27\/academica-udd-es-nuevamente-elegida-para-ser-parte-del-comite-del-congreso-mundial-de-fisioterapia-2027\/\",\"name\":\"Acad\u00e9mica UDD es nuevamente elegida para ser parte del Comit\u00e9 del Congreso Mundial de Fisioterapia 2027 - Kinesiolog\u00eda\",\"isPartOf\":{\"@id\":\"https:\/\/medicina.udd.cl\/kinesiologia-santiago\/#website\"},\"primaryImageOfPage\":{\"@id\":\"https:\/\/medicina.udd.cl\/kinesiologia-santiago\/noticias\/2025\/08\/27\/academica-udd-es-nuevamente-elegida-para-ser-parte-del-comite-del-congreso-mundial-de-fisioterapia-2027\/#primaryimage\"},\"image\":{\"@id\":\"https:\/\/medicina.udd.cl\/kinesiologia-santiago\/noticias\/2025\/08\/27\/academica-udd-es-nuevamente-elegida-para-ser-parte-del-comite-del-congreso-mundial-de-fisioterapia-2027\/#primaryimage\"},\"thumbnailUrl\":\"https:\/\/medicina.udd.cl\/kinesiologia-santiago\/files\/2023\/09\/kine-sonia-roa_-congreso-mundial-kine-2025-1.jpg\",\"datePublished\":\"2025-08-27T15:09:13+00:00\",\"dateModified\":\"2025-08-27T15:39:33+00:00\",\"author\":{\"@id\":\"https:\/\/medicina.udd.cl\/kinesiologia-santiago\/#\/schema\/person\/dbc3705bf3a93e8be1ba6de0ef950341\"},\"breadcrumb\":{\"@id\":\"https:\/\/medicina.udd.cl\/kinesiologia-santiago\/noticias\/2025\/08\/27\/academica-udd-es-nuevamente-elegida-para-ser-parte-del-comite-del-congreso-mundial-de-fisioterapia-2027\/#breadcrumb\"},\"inLanguage\":\"es\",\"potentialAction\":[{\"@type\":\"ReadAction\",\"target\":[\"https:\/\/medicina.udd.cl\/kinesiologia-santiago\/noticias\/2025\/08\/27\/academica-udd-es-nuevamente-elegida-para-ser-parte-del-comite-del-congreso-mundial-de-fisioterapia-2027\/\"]}]},{\"@type\":\"ImageObject\",\"inLanguage\":\"es\",\"@id\":\"https:\/\/medicina.udd.cl\/kinesiologia-santiago\/noticias\/2025\/08\/27\/academica-udd-es-nuevamente-elegida-para-ser-parte-del-comite-del-congreso-mundial-de-fisioterapia-2027\/#primaryimage\",\"url\":\"https:\/\/medicina.udd.cl\/kinesiologia-santiago\/files\/2023\/09\/kine-sonia-roa_-congreso-mundial-kine-2025-1.jpg\",\"contentUrl\":\"https:\/\/medicina.udd.cl\/kinesiologia-santiago\/files\/2023\/09\/kine-sonia-roa_-congreso-mundial-kine-2025-1.jpg\",\"width\":1024,\"height\":958},{\"@type\":\"BreadcrumbList\",\"@id\":\"https:\/\/medicina.udd.cl\/kinesiologia-santiago\/noticias\/2025\/08\/27\/academica-udd-es-nuevamente-elegida-para-ser-parte-del-comite-del-congreso-mundial-de-fisioterapia-2027\/#breadcrumb\",\"itemListElement\":[{\"@type\":\"ListItem\",\"position\":1,\"name\":\"Home\",\"item\":\"https:\/\/medicina.udd.cl\/kinesiologia-santiago\/\"},{\"@type\":\"ListItem\",\"position\":2,\"name\":\"Acad\u00e9mica UDD es nuevamente elegida para ser parte del Comit\u00e9 del Congreso Mundial de Fisioterapia 2027\"}]},{\"@type\":\"WebSite\",\"@id\":\"https:\/\/medicina.udd.cl\/kinesiologia-santiago\/#website\",\"url\":\"https:\/\/medicina.udd.cl\/kinesiologia-santiago\/\",\"name\":\"Kinesiolog\u00eda\",\"description\":\"Facultad de Medicina Cl\u00ednica Alemana Universidad del Desarrollo\",\"inLanguage\":\"es\"},{\"@type\":\"Person\",\"@id\":\"https:\/\/medicina.udd.cl\/kinesiologia-santiago\/#\/schema\/person\/dbc3705bf3a93e8be1ba6de0ef950341\",\"name\":\"rbraidy\",\"image\":{\"@type\":\"ImageObject\",\"inLanguage\":\"es\",\"@id\":\"https:\/\/medicina.udd.cl\/kinesiologia-santiago\/#\/schema\/person\/image\/\",\"url\":\"https:\/\/secure.gravatar.com\/avatar\/0f8bc94637401590e45d2ce17eb65c274cb8870a219de6177f3f23e63fd8cdf3?s=96&d=mm&r=g\",\"contentUrl\":\"https:\/\/secure.gravatar.com\/avatar\/0f8bc94637401590e45d2ce17eb65c274cb8870a219de6177f3f23e63fd8cdf3?s=96&d=mm&r=g\",\"caption\":\"rbraidy\"},\"url\":\"https:\/\/medicina.udd.cl\/kinesiologia-santiago\/noticias\/author\/rbraidy\/\"}]}<\/script>\n<!-- \/ Yoast SEO plugin. -->","yoast_head_json":{"title":"Acad\u00e9mica UDD es nuevamente elegida para ser parte del Comit\u00e9 del Congreso Mundial de Fisioterapia 2027 - Kinesiolog\u00eda","robots":{"index":"index","follow":"follow","max-snippet":"max-snippet:-1","max-image-preview":"max-image-preview:large","max-video-preview":"max-video-preview:-1"},"canonical":"https:\/\/medicina.udd.cl\/kinesiologia-santiago\/noticias\/2025\/08\/27\/academica-udd-es-nuevamente-elegida-para-ser-parte-del-comite-del-congreso-mundial-de-fisioterapia-2027\/","og_locale":"es_ES","og_type":"article","og_title":"Acad\u00e9mica UDD es nuevamente elegida para ser parte del Comit\u00e9 del Congreso Mundial de Fisioterapia 2027 - Kinesiolog\u00eda","og_description":"La acad\u00e9mica de la carrera de Kinesiolog\u00eda y subdirectora del Centro Acad\u00e9mico de Salud y Estilos de Vida (Casev) de la Facultad de Medicina Cl\u00ednica Alemana Universidad del Desarrollo (UDD),&nbsp;Sonia Roa Alca\u00edno, fue elegida por segunda vez consecutiva como miembro del Comit\u00e9 del Programa Cient\u00edfico (CPC) del&nbsp;Congreso Mundial de Fisioterapia, que se realizar\u00e1 en Guadalajara, [&hellip;]","og_url":"https:\/\/medicina.udd.cl\/kinesiologia-santiago\/noticias\/2025\/08\/27\/academica-udd-es-nuevamente-elegida-para-ser-parte-del-comite-del-congreso-mundial-de-fisioterapia-2027\/","og_site_name":"Kinesiolog\u00eda","article_published_time":"2025-08-27T15:09:13+00:00","article_modified_time":"2025-08-27T15:39:33+00:00","og_image":[{"width":1024,"height":958,"url":"https:\/\/medicina.udd.cl\/kinesiologia-santiago\/files\/2023\/09\/kine-sonia-roa_-congreso-mundial-kine-2025-1.jpg","type":"image\/jpeg"}],"author":"rbraidy","twitter_misc":{"Escrito por":"rbraidy","Tiempo de lectura":"3 minutos"},"schema":{"@context":"https:\/\/schema.org","@graph":[{"@type":"Article","@id":"https:\/\/medicina.udd.cl\/kinesiologia-santiago\/noticias\/2025\/08\/27\/academica-udd-es-nuevamente-elegida-para-ser-parte-del-comite-del-congreso-mundial-de-fisioterapia-2027\/#article","isPartOf":{"@id":"https:\/\/medicina.udd.cl\/kinesiologia-santiago\/noticias\/2025\/08\/27\/academica-udd-es-nuevamente-elegida-para-ser-parte-del-comite-del-congreso-mundial-de-fisioterapia-2027\/"},"author":{"name":"rbraidy","@id":"https:\/\/medicina.udd.cl\/kinesiologia-santiago\/#\/schema\/person\/dbc3705bf3a93e8be1ba6de0ef950341"},"headline":"Acad\u00e9mica UDD es nuevamente elegida para ser parte del Comit\u00e9 del Congreso Mundial de Fisioterapia 2027","datePublished":"2025-08-27T15:09:13+00:00","dateModified":"2025-08-27T15:39:33+00:00","mainEntityOfPage":{"@id":"https:\/\/medicina.udd.cl\/kinesiologia-santiago\/noticias\/2025\/08\/27\/academica-udd-es-nuevamente-elegida-para-ser-parte-del-comite-del-congreso-mundial-de-fisioterapia-2027\/"},"wordCount":468,"image":{"@id":"https:\/\/medicina.udd.cl\/kinesiologia-santiago\/noticias\/2025\/08\/27\/academica-udd-es-nuevamente-elegida-para-ser-parte-del-comite-del-congreso-mundial-de-fisioterapia-2027\/#primaryimage"},"thumbnailUrl":"https:\/\/medicina.udd.cl\/kinesiologia-santiago\/files\/2023\/09\/kine-sonia-roa_-congreso-mundial-kine-2025-1.jpg","articleSection":["MAKI","Noticias"],"inLanguage":"es"},{"@type":"WebPage","@id":"https:\/\/medicina.udd.cl\/kinesiologia-santiago\/noticias\/2025\/08\/27\/academica-udd-es-nuevamente-elegida-para-ser-parte-del-comite-del-congreso-mundial-de-fisioterapia-2027\/","url":"https:\/\/medicina.udd.cl\/kinesiologia-santiago\/noticias\/2025\/08\/27\/academica-udd-es-nuevamente-elegida-para-ser-parte-del-comite-del-congreso-mundial-de-fisioterapia-2027\/","name":"Acad\u00e9mica UDD es nuevamente elegida para ser parte del Comit\u00e9 del Congreso Mundial de Fisioterapia 2027 - Kinesiolog\u00eda","isPartOf":{"@id":"https:\/\/medicina.udd.cl\/kinesiologia-santiago\/#website"},"primaryImageOfPage":{"@id":"https:\/\/medicina.udd.cl\/kinesiologia-santiago\/noticias\/2025\/08\/27\/academica-udd-es-nuevamente-elegida-para-ser-parte-del-comite-del-congreso-mundial-de-fisioterapia-2027\/#primaryimage"},"image":{"@id":"https:\/\/medicina.udd.cl\/kinesiologia-santiago\/noticias\/2025\/08\/27\/academica-udd-es-nuevamente-elegida-para-ser-parte-del-comite-del-congreso-mundial-de-fisioterapia-2027\/#primaryimage"},"thumbnailUrl":"https:\/\/medicina.udd.cl\/kinesiologia-santiago\/files\/2023\/09\/kine-sonia-roa_-congreso-mundial-kine-2025-1.jpg","datePublished":"2025-08-27T15:09:13+00:00","dateModified":"2025-08-27T15:39:33+00:00","author":{"@id":"https:\/\/medicina.udd.cl\/kinesiologia-santiago\/#\/schema\/person\/dbc3705bf3a93e8be1ba6de0ef950341"},"breadcrumb":{"@id":"https:\/\/medicina.udd.cl\/kinesiologia-santiago\/noticias\/2025\/08\/27\/academica-udd-es-nuevamente-elegida-para-ser-parte-del-comite-del-congreso-mundial-de-fisioterapia-2027\/#breadcrumb"},"inLanguage":"es","potentialAction":[{"@type":"ReadAction","target":["https:\/\/medicina.udd.cl\/kinesiologia-santiago\/noticias\/2025\/08\/27\/academica-udd-es-nuevamente-elegida-para-ser-parte-del-comite-del-congreso-mundial-de-fisioterapia-2027\/"]}]},{"@type":"ImageObject","inLanguage":"es","@id":"https:\/\/medicina.udd.cl\/kinesiologia-santiago\/noticias\/2025\/08\/27\/academica-udd-es-nuevamente-elegida-para-ser-parte-del-comite-del-congreso-mundial-de-fisioterapia-2027\/#primaryimage","url":"https:\/\/medicina.udd.cl\/kinesiologia-santiago\/files\/2023\/09\/kine-sonia-roa_-congreso-mundial-kine-2025-1.jpg","contentUrl":"https:\/\/medicina.udd.cl\/kinesiologia-santiago\/files\/2023\/09\/kine-sonia-roa_-congreso-mundial-kine-2025-1.jpg","width":1024,"height":958},{"@type":"BreadcrumbList","@id":"https:\/\/medicina.udd.cl\/kinesiologia-santiago\/noticias\/2025\/08\/27\/academica-udd-es-nuevamente-elegida-para-ser-parte-del-comite-del-congreso-mundial-de-fisioterapia-2027\/#breadcrumb","itemListElement":[{"@type":"ListItem","position":1,"name":"Home","item":"https:\/\/medicina.udd.cl\/kinesiologia-santiago\/"},{"@type":"ListItem","position":2,"name":"Acad\u00e9mica UDD es nuevamente elegida para ser parte del Comit\u00e9 del Congreso Mundial de Fisioterapia 2027"}]},{"@type":"WebSite","@id":"https:\/\/medicina.udd.cl\/kinesiologia-santiago\/#website","url":"https:\/\/medicina.udd.cl\/kinesiologia-santiago\/","name":"Kinesiolog\u00eda","description":"Facultad de Medicina Cl\u00ednica Alemana Universidad del Desarrollo","inLanguage":"es"},{"@type":"Person","@id":"https:\/\/medicina.udd.cl\/kinesiologia-santiago\/#\/schema\/person\/dbc3705bf3a93e8be1ba6de0ef950341","name":"rbraidy","image":{"@type":"ImageObject","inLanguage":"es","@id":"https:\/\/medicina.udd.cl\/kinesiologia-santiago\/#\/schema\/person\/image\/","url":"https:\/\/secure.gravatar.com\/avatar\/0f8bc94637401590e45d2ce17eb65c274cb8870a219de6177f3f23e63fd8cdf3?s=96&d=mm&r=g","contentUrl":"https:\/\/secure.gravatar.com\/avatar\/0f8bc94637401590e45d2ce17eb65c274cb8870a219de6177f3f23e63fd8cdf3?s=96&d=mm&r=g","caption":"rbraidy"},"url":"https:\/\/medicina.udd.cl\/kinesiologia-santiago\/noticias\/author\/rbraidy\/"}]}},"featured_image_url":"https:\/\/medicina.udd.cl\/kinesiologia-santiago\/files\/2023\/09\/kine-sonia-roa_-congreso-mundial-kine-2025-1.jpg","_links":{"self":[{"href":"https:\/\/medicina.udd.cl\/kinesiologia-santiago\/wp-json\/wp\/v2\/posts\/7200","targetHints":{"allow":["GET"]}}],"collection":[{"href":"https:\/\/medicina.udd.cl\/kinesiologia-santiago\/wp-json\/wp\/v2\/posts"}],"about":[{"href":"https:\/\/medicina.udd.cl\/kinesiologia-santiago\/wp-json\/wp\/v2\/types\/post"}],"author":[{"embeddable":true,"href":"https:\/\/medicina.udd.cl\/kinesiologia-santiago\/wp-json\/wp\/v2\/users\/9192219"}],"replies":[{"embeddable":true,"href":"https:\/\/medicina.udd.cl\/kinesiologia-santiago\/wp-json\/wp\/v2\/comments?post=7200"}],"version-history":[{"count":2,"href":"https:\/\/medicina.udd.cl\/kinesiologia-santiago\/wp-json\/wp\/v2\/posts\/7200\/revisions"}],"predecessor-version":[{"id":7206,"href":"https:\/\/medicina.udd.cl\/kinesiologia-santiago\/wp-json\/wp\/v2\/posts\/7200\/revisions\/7206"}],"wp:featuredmedia":[{"embeddable":true,"href":"https:\/\/medicina.udd.cl\/kinesiologia-santiago\/wp-json\/wp\/v2\/media\/6028"}],"wp:attachment":[{"href":"https:\/\/medicina.udd.cl\/kinesiologia-santiago\/wp-json\/wp\/v2\/media?parent=7200"}],"wp:term":[{"taxonomy":"category","embeddable":true,"href":"https:\/\/medicina.udd.cl\/kinesiologia-santiago\/wp-json\/wp\/v2\/categories?post=7200"},{"taxonomy":"post_tag","embeddable":true,"href":"https:\/\/medicina.udd.cl\/kinesiologia-santiago\/wp-json\/wp\/v2\/tags?post=7200"}],"curies":[{"name":"wp","href":"https:\/\/api.w.org\/{rel}","templated":true}]}}