{"id":7210,"date":"2025-09-03T15:44:07","date_gmt":"2025-09-03T19:44:07","guid":{"rendered":"https:\/\/medicina.udd.cl\/kinesiologia-santiago\/?p=7210"},"modified":"2025-09-03T16:10:46","modified_gmt":"2025-09-03T20:10:46","slug":"universidad-del-desarrollo-y-corporacion-renal-infantil-mater-proyectan-nuevas-lineas-de-trabajo-interdisciplinario","status":"publish","type":"post","link":"https:\/\/medicina.udd.cl\/kinesiologia-santiago\/noticias\/2025\/09\/03\/universidad-del-desarrollo-y-corporacion-renal-infantil-mater-proyectan-nuevas-lineas-de-trabajo-interdisciplinario\/","title":{"rendered":"Universidad del Desarrollo y Corporaci\u00f3n Renal Infantil Mater proyectan nuevas l\u00edneas de trabajo interdisciplinario"},"content":{"rendered":"\n<figure class=\"wp-block-image alignright size-large is-resized\"><a href=\"https:\/\/medicina.udd.cl\/kinesiologia-santiago\/files\/2025\/09\/reunion-kine-con-fund-m-cares_03092025-scaled.jpeg\"><img loading=\"lazy\" decoding=\"async\" width=\"768\" height=\"1024\" src=\"https:\/\/medicina.udd.cl\/kinesiologia-santiago\/files\/2025\/09\/reunion-kine-con-fund-m-cares_03092025-768x1024.jpeg\" alt=\"\" class=\"wp-image-7209\" style=\"aspect-ratio:1.3333333333333333;object-fit:cover;width:551px;height:auto\" srcset=\"https:\/\/medicina.udd.cl\/kinesiologia-santiago\/files\/2025\/09\/reunion-kine-con-fund-m-cares_03092025-768x1024.jpeg 768w, https:\/\/medicina.udd.cl\/kinesiologia-santiago\/files\/2025\/09\/reunion-kine-con-fund-m-cares_03092025-225x300.jpeg 225w, https:\/\/medicina.udd.cl\/kinesiologia-santiago\/files\/2025\/09\/reunion-kine-con-fund-m-cares_03092025-1152x1536.jpeg 1152w, https:\/\/medicina.udd.cl\/kinesiologia-santiago\/files\/2025\/09\/reunion-kine-con-fund-m-cares_03092025-1536x2048.jpeg 1536w, https:\/\/medicina.udd.cl\/kinesiologia-santiago\/files\/2025\/09\/reunion-kine-con-fund-m-cares_03092025-scaled.jpeg 1920w\" sizes=\"auto, (max-width: 768px) 100vw, 768px\" \/><\/a><figcaption class=\"wp-element-caption\">Constanza Olivares, Bel\u00e9n S\u00e1nchez, Jorge Molina e Isabel Grez<\/figcaption><\/figure>\n\n\n\n<p>Esta semana se concret\u00f3 un importante avance en el marco del convenio entre la Facultad de Medicina Cl\u00ednica Alemana Universidad del Desarrollo (UDD) y la Corporaci\u00f3n Renal Infantil Mater, a trav\u00e9s de una reuni\u00f3n estrat\u00e9gica con el equipo de la carrera de Kinesiolog\u00eda UDD. El encuentro busc\u00f3 fortalecer la colaboraci\u00f3n acad\u00e9mica y formativa, estableciendo nuevas oportunidades de desarrollo para estudiantes y profesionales de la salud.<\/p>\n\n\n\n<p>En la jornada participaron<strong> Constanza Olivares<\/strong>, enfermera jefa de la Corporaci\u00f3n Mater y especialista en incontinencia urinaria pedi\u00e1trica; <strong>Bel\u00e9n S\u00e1nchez<\/strong>, kinesi\u00f3loga especialista DENAKE del mismo centro; <strong>Jorge Molina<\/strong>, director de la carrera de Kinesiolog\u00eda UDD; e <strong>Isabel Grez<\/strong>, kinesi\u00f3loga especialista DENAKE y directora del Diploma en Kinesiterapia en Disfunciones Pelviperineales de la Mujer. Los asistentes coincidieron en la relevancia de abrir espacios de colaboraci\u00f3n en un \u00e1mbito de alta especializaci\u00f3n y de creciente impacto en la calidad de vida de ni\u00f1os y familias.<\/p>\n\n\n\n<p><em>\u201cComo centro formador, valoramos profundamente esta instancia de colaboraci\u00f3n, en la que se establecieron lineamientos conjuntos que permitir\u00e1n proyectar un trabajo acad\u00e9mico, investigativo y cl\u00ednico en el \u00e1rea de la kinesiolog\u00eda pelviperineal pedi\u00e1trica\u201d<\/em>, destac\u00f3 <strong>Isabel Grez<\/strong>, subrayando el compromiso de la Facultad con la innovaci\u00f3n y la excelencia acad\u00e9mica. Entre los principales acuerdos, se contempla la incorporaci\u00f3n de horas pr\u00e1cticas y pasant\u00edas cl\u00ednicas para estudiantes, lo que permitir\u00e1 avanzar en la reducci\u00f3n de brechas en la formaci\u00f3n de especialistas en esta disciplina.<\/p>\n\n\n\n<p>Este hito marca el inicio de una nueva l\u00ednea de trabajo interdisciplinaria, con desaf\u00edos que invitan a proyectar un crecimiento sostenido en el \u00e1rea de la salud. La visi\u00f3n compartida entre la UDD y, la Corporaci\u00f3n Mater reafirma el compromiso con el desarrollo profesional, la generaci\u00f3n de conocimiento y la contribuci\u00f3n concreta a la sociedad desde la formaci\u00f3n integral de futuros kinesi\u00f3logos.<\/p>\n","protected":false},"excerpt":{"rendered":"<p>Esta semana se concret\u00f3 un importante avance en el marco del convenio entre la Facultad de Medicina Cl\u00ednica Alemana Universidad del Desarrollo (UDD) y la Corporaci\u00f3n Renal Infantil Mater, a trav\u00e9s de una reuni\u00f3n estrat\u00e9gica con el equipo de la carrera de Kinesiolog\u00eda UDD. El encuentro busc\u00f3 fortalecer la colaboraci\u00f3n acad\u00e9mica y formativa, estableciendo nuevas [&hellip;]<\/p>\n","protected":false},"author":9192194,"featured_media":7209,"comment_status":"closed","ping_status":"open","sticky":false,"template":"","format":"standard","meta":{"footnotes":""},"categories":[4],"tags":[],"class_list":["post-7210","post","type-post","status-publish","format-standard","has-post-thumbnail","hentry","category-noticias"],"yoast_head":"<!-- This site is optimized with the Yoast SEO plugin v26.9 - https:\/\/yoast.com\/product\/yoast-seo-wordpress\/ -->\n<title>Universidad del Desarrollo y Corporaci\u00f3n Renal Infantil Mater proyectan nuevas l\u00edneas de trabajo interdisciplinario - Kinesiolog\u00eda<\/title>\n<meta name=\"robots\" content=\"index, follow, max-snippet:-1, max-image-preview:large, max-video-preview:-1\" \/>\n<link rel=\"canonical\" href=\"https:\/\/medicina.udd.cl\/kinesiologia-santiago\/noticias\/2025\/09\/03\/universidad-del-desarrollo-y-corporacion-renal-infantil-mater-proyectan-nuevas-lineas-de-trabajo-interdisciplinario\/\" \/>\n<meta property=\"og:locale\" content=\"es_ES\" \/>\n<meta property=\"og:type\" content=\"article\" \/>\n<meta property=\"og:title\" content=\"Universidad del Desarrollo y Corporaci\u00f3n Renal Infantil Mater proyectan nuevas l\u00edneas de trabajo interdisciplinario - Kinesiolog\u00eda\" \/>\n<meta property=\"og:description\" content=\"Esta semana se concret\u00f3 un importante avance en el marco del convenio entre la Facultad de Medicina Cl\u00ednica Alemana Universidad del Desarrollo (UDD) y la Corporaci\u00f3n Renal Infantil Mater, a trav\u00e9s de una reuni\u00f3n estrat\u00e9gica con el equipo de la carrera de Kinesiolog\u00eda UDD. El encuentro busc\u00f3 fortalecer la colaboraci\u00f3n acad\u00e9mica y formativa, estableciendo nuevas [&hellip;]\" \/>\n<meta property=\"og:url\" content=\"https:\/\/medicina.udd.cl\/kinesiologia-santiago\/noticias\/2025\/09\/03\/universidad-del-desarrollo-y-corporacion-renal-infantil-mater-proyectan-nuevas-lineas-de-trabajo-interdisciplinario\/\" \/>\n<meta property=\"og:site_name\" content=\"Kinesiolog\u00eda\" \/>\n<meta property=\"article:published_time\" content=\"2025-09-03T19:44:07+00:00\" \/>\n<meta property=\"article:modified_time\" content=\"2025-09-03T20:10:46+00:00\" \/>\n<meta property=\"og:image\" content=\"https:\/\/medicina.udd.cl\/kinesiologia-santiago\/files\/2025\/09\/reunion-kine-con-fund-m-cares_03092025-scaled.jpeg\" \/>\n\t<meta property=\"og:image:width\" content=\"1920\" \/>\n\t<meta property=\"og:image:height\" content=\"2560\" \/>\n\t<meta property=\"og:image:type\" content=\"image\/jpeg\" \/>\n<meta name=\"author\" content=\"anaramirez\" \/>\n<meta name=\"twitter:label1\" content=\"Escrito por\" \/>\n\t<meta name=\"twitter:data1\" content=\"anaramirez\" \/>\n\t<meta name=\"twitter:label2\" content=\"Tiempo de lectura\" \/>\n\t<meta name=\"twitter:data2\" content=\"2 minutos\" \/>\n<script type=\"application\/ld+json\" class=\"yoast-schema-graph\">{\"@context\":\"https:\/\/schema.org\",\"@graph\":[{\"@type\":\"Article\",\"@id\":\"https:\/\/medicina.udd.cl\/kinesiologia-santiago\/noticias\/2025\/09\/03\/universidad-del-desarrollo-y-corporacion-renal-infantil-mater-proyectan-nuevas-lineas-de-trabajo-interdisciplinario\/#article\",\"isPartOf\":{\"@id\":\"https:\/\/medicina.udd.cl\/kinesiologia-santiago\/noticias\/2025\/09\/03\/universidad-del-desarrollo-y-corporacion-renal-infantil-mater-proyectan-nuevas-lineas-de-trabajo-interdisciplinario\/\"},\"author\":{\"name\":\"anaramirez\",\"@id\":\"https:\/\/medicina.udd.cl\/kinesiologia-santiago\/#\/schema\/person\/a6153bcbec1af5c60ee9a54bf350e50e\"},\"headline\":\"Universidad del Desarrollo y Corporaci\u00f3n Renal Infantil Mater proyectan nuevas l\u00edneas de trabajo interdisciplinario\",\"datePublished\":\"2025-09-03T19:44:07+00:00\",\"dateModified\":\"2025-09-03T20:10:46+00:00\",\"mainEntityOfPage\":{\"@id\":\"https:\/\/medicina.udd.cl\/kinesiologia-santiago\/noticias\/2025\/09\/03\/universidad-del-desarrollo-y-corporacion-renal-infantil-mater-proyectan-nuevas-lineas-de-trabajo-interdisciplinario\/\"},\"wordCount\":359,\"image\":{\"@id\":\"https:\/\/medicina.udd.cl\/kinesiologia-santiago\/noticias\/2025\/09\/03\/universidad-del-desarrollo-y-corporacion-renal-infantil-mater-proyectan-nuevas-lineas-de-trabajo-interdisciplinario\/#primaryimage\"},\"thumbnailUrl\":\"https:\/\/medicina.udd.cl\/kinesiologia-santiago\/files\/2025\/09\/reunion-kine-con-fund-m-cares_03092025-scaled.jpeg\",\"articleSection\":[\"Noticias\"],\"inLanguage\":\"es\"},{\"@type\":\"WebPage\",\"@id\":\"https:\/\/medicina.udd.cl\/kinesiologia-santiago\/noticias\/2025\/09\/03\/universidad-del-desarrollo-y-corporacion-renal-infantil-mater-proyectan-nuevas-lineas-de-trabajo-interdisciplinario\/\",\"url\":\"https:\/\/medicina.udd.cl\/kinesiologia-santiago\/noticias\/2025\/09\/03\/universidad-del-desarrollo-y-corporacion-renal-infantil-mater-proyectan-nuevas-lineas-de-trabajo-interdisciplinario\/\",\"name\":\"Universidad del Desarrollo y Corporaci\u00f3n Renal Infantil Mater proyectan nuevas l\u00edneas de trabajo interdisciplinario - Kinesiolog\u00eda\",\"isPartOf\":{\"@id\":\"https:\/\/medicina.udd.cl\/kinesiologia-santiago\/#website\"},\"primaryImageOfPage\":{\"@id\":\"https:\/\/medicina.udd.cl\/kinesiologia-santiago\/noticias\/2025\/09\/03\/universidad-del-desarrollo-y-corporacion-renal-infantil-mater-proyectan-nuevas-lineas-de-trabajo-interdisciplinario\/#primaryimage\"},\"image\":{\"@id\":\"https:\/\/medicina.udd.cl\/kinesiologia-santiago\/noticias\/2025\/09\/03\/universidad-del-desarrollo-y-corporacion-renal-infantil-mater-proyectan-nuevas-lineas-de-trabajo-interdisciplinario\/#primaryimage\"},\"thumbnailUrl\":\"https:\/\/medicina.udd.cl\/kinesiologia-santiago\/files\/2025\/09\/reunion-kine-con-fund-m-cares_03092025-scaled.jpeg\",\"datePublished\":\"2025-09-03T19:44:07+00:00\",\"dateModified\":\"2025-09-03T20:10:46+00:00\",\"author\":{\"@id\":\"https:\/\/medicina.udd.cl\/kinesiologia-santiago\/#\/schema\/person\/a6153bcbec1af5c60ee9a54bf350e50e\"},\"breadcrumb\":{\"@id\":\"https:\/\/medicina.udd.cl\/kinesiologia-santiago\/noticias\/2025\/09\/03\/universidad-del-desarrollo-y-corporacion-renal-infantil-mater-proyectan-nuevas-lineas-de-trabajo-interdisciplinario\/#breadcrumb\"},\"inLanguage\":\"es\",\"potentialAction\":[{\"@type\":\"ReadAction\",\"target\":[\"https:\/\/medicina.udd.cl\/kinesiologia-santiago\/noticias\/2025\/09\/03\/universidad-del-desarrollo-y-corporacion-renal-infantil-mater-proyectan-nuevas-lineas-de-trabajo-interdisciplinario\/\"]}]},{\"@type\":\"ImageObject\",\"inLanguage\":\"es\",\"@id\":\"https:\/\/medicina.udd.cl\/kinesiologia-santiago\/noticias\/2025\/09\/03\/universidad-del-desarrollo-y-corporacion-renal-infantil-mater-proyectan-nuevas-lineas-de-trabajo-interdisciplinario\/#primaryimage\",\"url\":\"https:\/\/medicina.udd.cl\/kinesiologia-santiago\/files\/2025\/09\/reunion-kine-con-fund-m-cares_03092025-scaled.jpeg\",\"contentUrl\":\"https:\/\/medicina.udd.cl\/kinesiologia-santiago\/files\/2025\/09\/reunion-kine-con-fund-m-cares_03092025-scaled.jpeg\",\"width\":1920,\"height\":2560},{\"@type\":\"BreadcrumbList\",\"@id\":\"https:\/\/medicina.udd.cl\/kinesiologia-santiago\/noticias\/2025\/09\/03\/universidad-del-desarrollo-y-corporacion-renal-infantil-mater-proyectan-nuevas-lineas-de-trabajo-interdisciplinario\/#breadcrumb\",\"itemListElement\":[{\"@type\":\"ListItem\",\"position\":1,\"name\":\"Home\",\"item\":\"https:\/\/medicina.udd.cl\/kinesiologia-santiago\/\"},{\"@type\":\"ListItem\",\"position\":2,\"name\":\"Universidad del Desarrollo y Corporaci\u00f3n Renal Infantil Mater proyectan nuevas l\u00edneas de trabajo interdisciplinario\"}]},{\"@type\":\"WebSite\",\"@id\":\"https:\/\/medicina.udd.cl\/kinesiologia-santiago\/#website\",\"url\":\"https:\/\/medicina.udd.cl\/kinesiologia-santiago\/\",\"name\":\"Kinesiolog\u00eda\",\"description\":\"Facultad de Medicina Cl\u00ednica Alemana Universidad del Desarrollo\",\"inLanguage\":\"es\"},{\"@type\":\"Person\",\"@id\":\"https:\/\/medicina.udd.cl\/kinesiologia-santiago\/#\/schema\/person\/a6153bcbec1af5c60ee9a54bf350e50e\",\"name\":\"anaramirez\",\"image\":{\"@type\":\"ImageObject\",\"inLanguage\":\"es\",\"@id\":\"https:\/\/medicina.udd.cl\/kinesiologia-santiago\/#\/schema\/person\/image\/\",\"url\":\"https:\/\/secure.gravatar.com\/avatar\/7951b2c13488540f5ce68d55abe3e023f8dff33769284143eb6d9863891b3b24?s=96&d=mm&r=g\",\"contentUrl\":\"https:\/\/secure.gravatar.com\/avatar\/7951b2c13488540f5ce68d55abe3e023f8dff33769284143eb6d9863891b3b24?s=96&d=mm&r=g\",\"caption\":\"anaramirez\"},\"url\":\"https:\/\/medicina.udd.cl\/kinesiologia-santiago\/noticias\/author\/anaramirez\/\"}]}<\/script>\n<!-- \/ Yoast SEO plugin. -->","yoast_head_json":{"title":"Universidad del Desarrollo y Corporaci\u00f3n Renal Infantil Mater proyectan nuevas l\u00edneas de trabajo interdisciplinario - Kinesiolog\u00eda","robots":{"index":"index","follow":"follow","max-snippet":"max-snippet:-1","max-image-preview":"max-image-preview:large","max-video-preview":"max-video-preview:-1"},"canonical":"https:\/\/medicina.udd.cl\/kinesiologia-santiago\/noticias\/2025\/09\/03\/universidad-del-desarrollo-y-corporacion-renal-infantil-mater-proyectan-nuevas-lineas-de-trabajo-interdisciplinario\/","og_locale":"es_ES","og_type":"article","og_title":"Universidad del Desarrollo y Corporaci\u00f3n Renal Infantil Mater proyectan nuevas l\u00edneas de trabajo interdisciplinario - Kinesiolog\u00eda","og_description":"Esta semana se concret\u00f3 un importante avance en el marco del convenio entre la Facultad de Medicina Cl\u00ednica Alemana Universidad del Desarrollo (UDD) y la Corporaci\u00f3n Renal Infantil Mater, a trav\u00e9s de una reuni\u00f3n estrat\u00e9gica con el equipo de la carrera de Kinesiolog\u00eda UDD. El encuentro busc\u00f3 fortalecer la colaboraci\u00f3n acad\u00e9mica y formativa, estableciendo nuevas [&hellip;]","og_url":"https:\/\/medicina.udd.cl\/kinesiologia-santiago\/noticias\/2025\/09\/03\/universidad-del-desarrollo-y-corporacion-renal-infantil-mater-proyectan-nuevas-lineas-de-trabajo-interdisciplinario\/","og_site_name":"Kinesiolog\u00eda","article_published_time":"2025-09-03T19:44:07+00:00","article_modified_time":"2025-09-03T20:10:46+00:00","og_image":[{"width":1920,"height":2560,"url":"https:\/\/medicina.udd.cl\/kinesiologia-santiago\/files\/2025\/09\/reunion-kine-con-fund-m-cares_03092025-scaled.jpeg","type":"image\/jpeg"}],"author":"anaramirez","twitter_misc":{"Escrito por":"anaramirez","Tiempo de lectura":"2 minutos"},"schema":{"@context":"https:\/\/schema.org","@graph":[{"@type":"Article","@id":"https:\/\/medicina.udd.cl\/kinesiologia-santiago\/noticias\/2025\/09\/03\/universidad-del-desarrollo-y-corporacion-renal-infantil-mater-proyectan-nuevas-lineas-de-trabajo-interdisciplinario\/#article","isPartOf":{"@id":"https:\/\/medicina.udd.cl\/kinesiologia-santiago\/noticias\/2025\/09\/03\/universidad-del-desarrollo-y-corporacion-renal-infantil-mater-proyectan-nuevas-lineas-de-trabajo-interdisciplinario\/"},"author":{"name":"anaramirez","@id":"https:\/\/medicina.udd.cl\/kinesiologia-santiago\/#\/schema\/person\/a6153bcbec1af5c60ee9a54bf350e50e"},"headline":"Universidad del Desarrollo y Corporaci\u00f3n Renal Infantil Mater proyectan nuevas l\u00edneas de trabajo interdisciplinario","datePublished":"2025-09-03T19:44:07+00:00","dateModified":"2025-09-03T20:10:46+00:00","mainEntityOfPage":{"@id":"https:\/\/medicina.udd.cl\/kinesiologia-santiago\/noticias\/2025\/09\/03\/universidad-del-desarrollo-y-corporacion-renal-infantil-mater-proyectan-nuevas-lineas-de-trabajo-interdisciplinario\/"},"wordCount":359,"image":{"@id":"https:\/\/medicina.udd.cl\/kinesiologia-santiago\/noticias\/2025\/09\/03\/universidad-del-desarrollo-y-corporacion-renal-infantil-mater-proyectan-nuevas-lineas-de-trabajo-interdisciplinario\/#primaryimage"},"thumbnailUrl":"https:\/\/medicina.udd.cl\/kinesiologia-santiago\/files\/2025\/09\/reunion-kine-con-fund-m-cares_03092025-scaled.jpeg","articleSection":["Noticias"],"inLanguage":"es"},{"@type":"WebPage","@id":"https:\/\/medicina.udd.cl\/kinesiologia-santiago\/noticias\/2025\/09\/03\/universidad-del-desarrollo-y-corporacion-renal-infantil-mater-proyectan-nuevas-lineas-de-trabajo-interdisciplinario\/","url":"https:\/\/medicina.udd.cl\/kinesiologia-santiago\/noticias\/2025\/09\/03\/universidad-del-desarrollo-y-corporacion-renal-infantil-mater-proyectan-nuevas-lineas-de-trabajo-interdisciplinario\/","name":"Universidad del Desarrollo y Corporaci\u00f3n Renal Infantil Mater proyectan nuevas l\u00edneas de trabajo interdisciplinario - Kinesiolog\u00eda","isPartOf":{"@id":"https:\/\/medicina.udd.cl\/kinesiologia-santiago\/#website"},"primaryImageOfPage":{"@id":"https:\/\/medicina.udd.cl\/kinesiologia-santiago\/noticias\/2025\/09\/03\/universidad-del-desarrollo-y-corporacion-renal-infantil-mater-proyectan-nuevas-lineas-de-trabajo-interdisciplinario\/#primaryimage"},"image":{"@id":"https:\/\/medicina.udd.cl\/kinesiologia-santiago\/noticias\/2025\/09\/03\/universidad-del-desarrollo-y-corporacion-renal-infantil-mater-proyectan-nuevas-lineas-de-trabajo-interdisciplinario\/#primaryimage"},"thumbnailUrl":"https:\/\/medicina.udd.cl\/kinesiologia-santiago\/files\/2025\/09\/reunion-kine-con-fund-m-cares_03092025-scaled.jpeg","datePublished":"2025-09-03T19:44:07+00:00","dateModified":"2025-09-03T20:10:46+00:00","author":{"@id":"https:\/\/medicina.udd.cl\/kinesiologia-santiago\/#\/schema\/person\/a6153bcbec1af5c60ee9a54bf350e50e"},"breadcrumb":{"@id":"https:\/\/medicina.udd.cl\/kinesiologia-santiago\/noticias\/2025\/09\/03\/universidad-del-desarrollo-y-corporacion-renal-infantil-mater-proyectan-nuevas-lineas-de-trabajo-interdisciplinario\/#breadcrumb"},"inLanguage":"es","potentialAction":[{"@type":"ReadAction","target":["https:\/\/medicina.udd.cl\/kinesiologia-santiago\/noticias\/2025\/09\/03\/universidad-del-desarrollo-y-corporacion-renal-infantil-mater-proyectan-nuevas-lineas-de-trabajo-interdisciplinario\/"]}]},{"@type":"ImageObject","inLanguage":"es","@id":"https:\/\/medicina.udd.cl\/kinesiologia-santiago\/noticias\/2025\/09\/03\/universidad-del-desarrollo-y-corporacion-renal-infantil-mater-proyectan-nuevas-lineas-de-trabajo-interdisciplinario\/#primaryimage","url":"https:\/\/medicina.udd.cl\/kinesiologia-santiago\/files\/2025\/09\/reunion-kine-con-fund-m-cares_03092025-scaled.jpeg","contentUrl":"https:\/\/medicina.udd.cl\/kinesiologia-santiago\/files\/2025\/09\/reunion-kine-con-fund-m-cares_03092025-scaled.jpeg","width":1920,"height":2560},{"@type":"BreadcrumbList","@id":"https:\/\/medicina.udd.cl\/kinesiologia-santiago\/noticias\/2025\/09\/03\/universidad-del-desarrollo-y-corporacion-renal-infantil-mater-proyectan-nuevas-lineas-de-trabajo-interdisciplinario\/#breadcrumb","itemListElement":[{"@type":"ListItem","position":1,"name":"Home","item":"https:\/\/medicina.udd.cl\/kinesiologia-santiago\/"},{"@type":"ListItem","position":2,"name":"Universidad del Desarrollo y Corporaci\u00f3n Renal Infantil Mater proyectan nuevas l\u00edneas de trabajo interdisciplinario"}]},{"@type":"WebSite","@id":"https:\/\/medicina.udd.cl\/kinesiologia-santiago\/#website","url":"https:\/\/medicina.udd.cl\/kinesiologia-santiago\/","name":"Kinesiolog\u00eda","description":"Facultad de Medicina Cl\u00ednica Alemana Universidad del Desarrollo","inLanguage":"es"},{"@type":"Person","@id":"https:\/\/medicina.udd.cl\/kinesiologia-santiago\/#\/schema\/person\/a6153bcbec1af5c60ee9a54bf350e50e","name":"anaramirez","image":{"@type":"ImageObject","inLanguage":"es","@id":"https:\/\/medicina.udd.cl\/kinesiologia-santiago\/#\/schema\/person\/image\/","url":"https:\/\/secure.gravatar.com\/avatar\/7951b2c13488540f5ce68d55abe3e023f8dff33769284143eb6d9863891b3b24?s=96&d=mm&r=g","contentUrl":"https:\/\/secure.gravatar.com\/avatar\/7951b2c13488540f5ce68d55abe3e023f8dff33769284143eb6d9863891b3b24?s=96&d=mm&r=g","caption":"anaramirez"},"url":"https:\/\/medicina.udd.cl\/kinesiologia-santiago\/noticias\/author\/anaramirez\/"}]}},"featured_image_url":"https:\/\/medicina.udd.cl\/kinesiologia-santiago\/files\/2025\/09\/reunion-kine-con-fund-m-cares_03092025-scaled.jpeg","_links":{"self":[{"href":"https:\/\/medicina.udd.cl\/kinesiologia-santiago\/wp-json\/wp\/v2\/posts\/7210","targetHints":{"allow":["GET"]}}],"collection":[{"href":"https:\/\/medicina.udd.cl\/kinesiologia-santiago\/wp-json\/wp\/v2\/posts"}],"about":[{"href":"https:\/\/medicina.udd.cl\/kinesiologia-santiago\/wp-json\/wp\/v2\/types\/post"}],"author":[{"embeddable":true,"href":"https:\/\/medicina.udd.cl\/kinesiologia-santiago\/wp-json\/wp\/v2\/users\/9192194"}],"replies":[{"embeddable":true,"href":"https:\/\/medicina.udd.cl\/kinesiologia-santiago\/wp-json\/wp\/v2\/comments?post=7210"}],"version-history":[{"count":8,"href":"https:\/\/medicina.udd.cl\/kinesiologia-santiago\/wp-json\/wp\/v2\/posts\/7210\/revisions"}],"predecessor-version":[{"id":7223,"href":"https:\/\/medicina.udd.cl\/kinesiologia-santiago\/wp-json\/wp\/v2\/posts\/7210\/revisions\/7223"}],"wp:featuredmedia":[{"embeddable":true,"href":"https:\/\/medicina.udd.cl\/kinesiologia-santiago\/wp-json\/wp\/v2\/media\/7209"}],"wp:attachment":[{"href":"https:\/\/medicina.udd.cl\/kinesiologia-santiago\/wp-json\/wp\/v2\/media?parent=7210"}],"wp:term":[{"taxonomy":"category","embeddable":true,"href":"https:\/\/medicina.udd.cl\/kinesiologia-santiago\/wp-json\/wp\/v2\/categories?post=7210"},{"taxonomy":"post_tag","embeddable":true,"href":"https:\/\/medicina.udd.cl\/kinesiologia-santiago\/wp-json\/wp\/v2\/tags?post=7210"}],"curies":[{"name":"wp","href":"https:\/\/api.w.org\/{rel}","templated":true}]}}