{"id":7226,"date":"2025-09-04T18:20:35","date_gmt":"2025-09-04T22:20:35","guid":{"rendered":"https:\/\/medicina.udd.cl\/kinesiologia-santiago\/?p=7226"},"modified":"2025-09-10T18:22:00","modified_gmt":"2025-09-10T21:22:00","slug":"jaime-leppe-coordinador-de-investigacion-de-kinesiologia-udd-las-maratones-como-forma-de-vida","status":"publish","type":"post","link":"https:\/\/medicina.udd.cl\/kinesiologia-santiago\/noticias\/2025\/09\/04\/jaime-leppe-coordinador-de-investigacion-de-kinesiologia-udd-las-maratones-como-forma-de-vida\/","title":{"rendered":"Jaime Leppe, coordinador de investigaci\u00f3n de Kinesiolog\u00eda UDD: las maratones como forma de vida"},"content":{"rendered":"\n<figure class=\"wp-block-gallery has-nested-images columns-default is-cropped wp-block-gallery-1 is-layout-flex wp-block-gallery-is-layout-flex\">\n<figure class=\"wp-block-image size-large\"><a href=\"https:\/\/medicina.udd.cl\/kinesiologia-santiago\/files\/2025\/09\/jaime-leppe-2.jpeg\"><img loading=\"lazy\" decoding=\"async\" width=\"640\" height=\"960\" data-id=\"7229\" src=\"https:\/\/medicina.udd.cl\/kinesiologia-santiago\/files\/2025\/09\/jaime-leppe-2.jpeg\" alt=\"\" class=\"wp-image-7229\" srcset=\"https:\/\/medicina.udd.cl\/kinesiologia-santiago\/files\/2025\/09\/jaime-leppe-2.jpeg 640w, https:\/\/medicina.udd.cl\/kinesiologia-santiago\/files\/2025\/09\/jaime-leppe-2-200x300.jpeg 200w\" sizes=\"auto, (max-width: 640px) 100vw, 640px\" \/><\/a><\/figure>\n\n\n\n<figure class=\"wp-block-image size-large\"><a href=\"https:\/\/medicina.udd.cl\/kinesiologia-santiago\/files\/2025\/09\/jaime-leppe-960x751-1.jpeg\"><img loading=\"lazy\" decoding=\"async\" width=\"960\" height=\"751\" data-id=\"7228\" src=\"https:\/\/medicina.udd.cl\/kinesiologia-santiago\/files\/2025\/09\/jaime-leppe-960x751-1.jpeg\" alt=\"\" class=\"wp-image-7228\" srcset=\"https:\/\/medicina.udd.cl\/kinesiologia-santiago\/files\/2025\/09\/jaime-leppe-960x751-1.jpeg 960w, https:\/\/medicina.udd.cl\/kinesiologia-santiago\/files\/2025\/09\/jaime-leppe-960x751-1-300x235.jpeg 300w, https:\/\/medicina.udd.cl\/kinesiologia-santiago\/files\/2025\/09\/jaime-leppe-960x751-1-768x601.jpeg 768w\" sizes=\"auto, (max-width: 960px) 100vw, 960px\" \/><\/a><\/figure>\n\n\n\n<figure class=\"wp-block-image size-large\"><a href=\"https:\/\/medicina.udd.cl\/kinesiologia-santiago\/files\/2025\/09\/jaime-leppe-4.png\"><img loading=\"lazy\" decoding=\"async\" width=\"862\" height=\"577\" data-id=\"7230\" src=\"https:\/\/medicina.udd.cl\/kinesiologia-santiago\/files\/2025\/09\/jaime-leppe-4.png\" alt=\"\" class=\"wp-image-7230\" srcset=\"https:\/\/medicina.udd.cl\/kinesiologia-santiago\/files\/2025\/09\/jaime-leppe-4.png 862w, https:\/\/medicina.udd.cl\/kinesiologia-santiago\/files\/2025\/09\/jaime-leppe-4-300x201.png 300w, https:\/\/medicina.udd.cl\/kinesiologia-santiago\/files\/2025\/09\/jaime-leppe-4-768x514.png 768w\" sizes=\"auto, (max-width: 862px) 100vw, 862px\" \/><\/a><\/figure>\n\n\n\n<figure class=\"wp-block-image size-large\"><a href=\"https:\/\/medicina.udd.cl\/kinesiologia-santiago\/files\/2025\/09\/jaime-leppe-3-680x382-1.jpeg\"><img loading=\"lazy\" decoding=\"async\" width=\"680\" height=\"382\" data-id=\"7227\" src=\"https:\/\/medicina.udd.cl\/kinesiologia-santiago\/files\/2025\/09\/jaime-leppe-3-680x382-1.jpeg\" alt=\"\" class=\"wp-image-7227\" srcset=\"https:\/\/medicina.udd.cl\/kinesiologia-santiago\/files\/2025\/09\/jaime-leppe-3-680x382-1.jpeg 680w, https:\/\/medicina.udd.cl\/kinesiologia-santiago\/files\/2025\/09\/jaime-leppe-3-680x382-1-300x169.jpeg 300w\" sizes=\"auto, (max-width: 680px) 100vw, 680px\" \/><\/a><\/figure>\n<\/figure>\n\n\n\n<p>Cuando ten\u00eda 10 a\u00f1os, una pelota de v\u00f3leibol marc\u00f3 el inicio del v\u00ednculo de Jaime Leppe con el deporte. Hoy, m\u00e1s de tres d\u00e9cadas despu\u00e9s, ese camino lo ha llevado a recorrer los 42 kil\u00f3metros en 2 maratones, a cruzar la meta del Ironman de Puc\u00f3n y a pedalear casi 30 kil\u00f3metros diarios cuando debe asistir a la Universidad del Desarrollo, donde trabaja como docente y coordinador de investigaci\u00f3n de la carrera de Kinesiolog\u00eda.<\/p>\n\n\n\n<p>Su historia no es la de un atleta convencional. Una lesi\u00f3n fren\u00f3 su pr\u00e1ctica de v\u00f3leibol en la adolescencia, pero encendi\u00f3 otra pasi\u00f3n: entender el cuerpo humano y c\u00f3mo ayudarlo a sanar. As\u00ed lleg\u00f3 a la Kinesiolog\u00eda. En paralelo, descubri\u00f3 el aikido, arte marcial que a\u00fan practica y que, con el tiempo, le abri\u00f3 paso al running. No fue por ambici\u00f3n deportiva ni por un desaf\u00edo personal, sino por una sugerencia familiar. \u201cFue mi se\u00f1ora la que me dijo que correr era m\u00e1s simple. No se necesita uniforme, ni dojo, ni compa\u00f1eros\u2026 solo tus zapatillas\u201d, cuenta Jaime.<\/p>\n\n\n\n<p>El camino, sin embargo, no fue inmediato. Recuerda con claridad su primer intento: \u201cCorr\u00eda tres kil\u00f3metros de mi casa a la feria y llegaba destrozado. Me puse como meta completar un 10K en la Marat\u00f3n de Santiago. Fue m\u00e1s dif\u00edcil de lo que pensaba. Nunca hab\u00eda corrido tanto\u201d.<\/p>\n\n\n\n<p>Desde entonces han pasado m\u00e1s de diez a\u00f1os y muchas metas cumplidas. Ha participado en m\u00e1s de 15 medias maratones y completado dos maratones. La primera, en Lyon, Francia, en octubre de 2024, durante un congreso de kinesiolog\u00eda. La segunda, en Santiago, donde registr\u00f3 un tiempo de 3 horas, 44 minutos y 11 segundos. \u201cLa primera vez que eleg\u00ed ir por los 42 kil\u00f3metros fue una decisi\u00f3n potente. Esa bifurcaci\u00f3n que te ofrece la carrera, entre 21 y 42\u2026 todav\u00eda la tengo grabada\u201d, recuerda.<\/p>\n\n\n\n<p>Nada de esto ha sido f\u00e1cil. Jaime ha sido operado de ambas rodillas, con meniscos da\u00f1ados tras a\u00f1os de practicar aikido y v\u00f3leibol. \u201cMucha gente dice que no puede correr por problemas de rodilla. Pero no es as\u00ed. Solo hay que adaptar el cuerpo, tom\u00e1rselo con calma\u201d. Su motivaci\u00f3n ha ido m\u00e1s all\u00e1 de lo individual. En 2024 particip\u00f3 en el Ironman de Puc\u00f3n para acompa\u00f1ar a uno de sus hijos, Sebasti\u00e1n, con quien comparte la pasi\u00f3n por el triatl\u00f3n. \u201cMe acerqu\u00e9 a ese mundo por \u00e9l, para estar con ellos. Si mi hija baila, yo bailo con ella\u201d, dice, sonriendo.<\/p>\n\n\n\n<p>Hoy, su rutina lo lleva a recorrer casi 30 kil\u00f3metros en bicicleta cuando asiste a la universidad. Y su lema \u2014\u201cLev\u00e1ntate a correr, las ganas te alcanzan\u201d\u2014 lo aplica a diario. Lo que viene, dice, es mantener el ritmo. En enero espera participar nuevamente en el Ironman de Puc\u00f3n, con el objetivo de mejorar su marca anterior. Y a mediano plazo, sue\u00f1a con cambiar el asfalto por los senderos del trail running, en lugares como el Parque Futangue, en la Regi\u00f3n de Los R\u00edos. \u201cEs entretenido ese terreno, un sube y baja constante. Como la vida misma\u201d.<\/p>\n","protected":false},"excerpt":{"rendered":"<p>Cuando ten\u00eda 10 a\u00f1os, una pelota de v\u00f3leibol marc\u00f3 el inicio del v\u00ednculo de Jaime Leppe con el deporte. Hoy, m\u00e1s de tres d\u00e9cadas despu\u00e9s, ese camino lo ha llevado a recorrer los 42 kil\u00f3metros en 2 maratones, a cruzar la meta del Ironman de Puc\u00f3n y a pedalear casi 30 kil\u00f3metros diarios cuando debe [&hellip;]<\/p>\n","protected":false},"author":9192219,"featured_media":7230,"comment_status":"closed","ping_status":"open","sticky":false,"template":"","format":"standard","meta":{"footnotes":""},"categories":[4],"tags":[],"class_list":["post-7226","post","type-post","status-publish","format-standard","has-post-thumbnail","hentry","category-noticias"],"yoast_head":"<!-- This site is optimized with the Yoast SEO plugin v26.9 - https:\/\/yoast.com\/product\/yoast-seo-wordpress\/ -->\n<title>Jaime Leppe, coordinador de investigaci\u00f3n de Kinesiolog\u00eda UDD: las maratones como forma de vida - Kinesiolog\u00eda<\/title>\n<meta name=\"robots\" content=\"index, follow, max-snippet:-1, max-image-preview:large, max-video-preview:-1\" \/>\n<link rel=\"canonical\" href=\"https:\/\/medicina.udd.cl\/kinesiologia-santiago\/noticias\/2025\/09\/04\/jaime-leppe-coordinador-de-investigacion-de-kinesiologia-udd-las-maratones-como-forma-de-vida\/\" \/>\n<meta property=\"og:locale\" content=\"es_ES\" \/>\n<meta property=\"og:type\" content=\"article\" \/>\n<meta property=\"og:title\" content=\"Jaime Leppe, coordinador de investigaci\u00f3n de Kinesiolog\u00eda UDD: las maratones como forma de vida - Kinesiolog\u00eda\" \/>\n<meta property=\"og:description\" content=\"Cuando ten\u00eda 10 a\u00f1os, una pelota de v\u00f3leibol marc\u00f3 el inicio del v\u00ednculo de Jaime Leppe con el deporte. Hoy, m\u00e1s de tres d\u00e9cadas despu\u00e9s, ese camino lo ha llevado a recorrer los 42 kil\u00f3metros en 2 maratones, a cruzar la meta del Ironman de Puc\u00f3n y a pedalear casi 30 kil\u00f3metros diarios cuando debe [&hellip;]\" \/>\n<meta property=\"og:url\" content=\"https:\/\/medicina.udd.cl\/kinesiologia-santiago\/noticias\/2025\/09\/04\/jaime-leppe-coordinador-de-investigacion-de-kinesiologia-udd-las-maratones-como-forma-de-vida\/\" \/>\n<meta property=\"og:site_name\" content=\"Kinesiolog\u00eda\" \/>\n<meta property=\"article:published_time\" content=\"2025-09-04T22:20:35+00:00\" \/>\n<meta property=\"article:modified_time\" content=\"2025-09-10T21:22:00+00:00\" \/>\n<meta property=\"og:image\" content=\"https:\/\/medicina.udd.cl\/kinesiologia-santiago\/files\/2025\/09\/jaime-leppe-4.png\" \/>\n\t<meta property=\"og:image:width\" content=\"862\" \/>\n\t<meta property=\"og:image:height\" content=\"577\" \/>\n\t<meta property=\"og:image:type\" content=\"image\/png\" \/>\n<meta name=\"author\" content=\"rbraidy\" \/>\n<meta name=\"twitter:label1\" content=\"Escrito por\" \/>\n\t<meta name=\"twitter:data1\" content=\"rbraidy\" \/>\n\t<meta name=\"twitter:label2\" content=\"Tiempo de lectura\" \/>\n\t<meta name=\"twitter:data2\" content=\"3 minutos\" \/>\n<script type=\"application\/ld+json\" class=\"yoast-schema-graph\">{\"@context\":\"https:\/\/schema.org\",\"@graph\":[{\"@type\":\"Article\",\"@id\":\"https:\/\/medicina.udd.cl\/kinesiologia-santiago\/noticias\/2025\/09\/04\/jaime-leppe-coordinador-de-investigacion-de-kinesiologia-udd-las-maratones-como-forma-de-vida\/#article\",\"isPartOf\":{\"@id\":\"https:\/\/medicina.udd.cl\/kinesiologia-santiago\/noticias\/2025\/09\/04\/jaime-leppe-coordinador-de-investigacion-de-kinesiologia-udd-las-maratones-como-forma-de-vida\/\"},\"author\":{\"name\":\"rbraidy\",\"@id\":\"https:\/\/medicina.udd.cl\/kinesiologia-santiago\/#\/schema\/person\/dbc3705bf3a93e8be1ba6de0ef950341\"},\"headline\":\"Jaime Leppe, coordinador de investigaci\u00f3n de Kinesiolog\u00eda UDD: las maratones como forma de vida\",\"datePublished\":\"2025-09-04T22:20:35+00:00\",\"dateModified\":\"2025-09-10T21:22:00+00:00\",\"mainEntityOfPage\":{\"@id\":\"https:\/\/medicina.udd.cl\/kinesiologia-santiago\/noticias\/2025\/09\/04\/jaime-leppe-coordinador-de-investigacion-de-kinesiologia-udd-las-maratones-como-forma-de-vida\/\"},\"wordCount\":559,\"image\":{\"@id\":\"https:\/\/medicina.udd.cl\/kinesiologia-santiago\/noticias\/2025\/09\/04\/jaime-leppe-coordinador-de-investigacion-de-kinesiologia-udd-las-maratones-como-forma-de-vida\/#primaryimage\"},\"thumbnailUrl\":\"https:\/\/medicina.udd.cl\/kinesiologia-santiago\/files\/2025\/09\/jaime-leppe-4.png\",\"articleSection\":[\"Noticias\"],\"inLanguage\":\"es\"},{\"@type\":\"WebPage\",\"@id\":\"https:\/\/medicina.udd.cl\/kinesiologia-santiago\/noticias\/2025\/09\/04\/jaime-leppe-coordinador-de-investigacion-de-kinesiologia-udd-las-maratones-como-forma-de-vida\/\",\"url\":\"https:\/\/medicina.udd.cl\/kinesiologia-santiago\/noticias\/2025\/09\/04\/jaime-leppe-coordinador-de-investigacion-de-kinesiologia-udd-las-maratones-como-forma-de-vida\/\",\"name\":\"Jaime Leppe, coordinador de investigaci\u00f3n de Kinesiolog\u00eda UDD: las maratones como forma de vida - Kinesiolog\u00eda\",\"isPartOf\":{\"@id\":\"https:\/\/medicina.udd.cl\/kinesiologia-santiago\/#website\"},\"primaryImageOfPage\":{\"@id\":\"https:\/\/medicina.udd.cl\/kinesiologia-santiago\/noticias\/2025\/09\/04\/jaime-leppe-coordinador-de-investigacion-de-kinesiologia-udd-las-maratones-como-forma-de-vida\/#primaryimage\"},\"image\":{\"@id\":\"https:\/\/medicina.udd.cl\/kinesiologia-santiago\/noticias\/2025\/09\/04\/jaime-leppe-coordinador-de-investigacion-de-kinesiologia-udd-las-maratones-como-forma-de-vida\/#primaryimage\"},\"thumbnailUrl\":\"https:\/\/medicina.udd.cl\/kinesiologia-santiago\/files\/2025\/09\/jaime-leppe-4.png\",\"datePublished\":\"2025-09-04T22:20:35+00:00\",\"dateModified\":\"2025-09-10T21:22:00+00:00\",\"author\":{\"@id\":\"https:\/\/medicina.udd.cl\/kinesiologia-santiago\/#\/schema\/person\/dbc3705bf3a93e8be1ba6de0ef950341\"},\"breadcrumb\":{\"@id\":\"https:\/\/medicina.udd.cl\/kinesiologia-santiago\/noticias\/2025\/09\/04\/jaime-leppe-coordinador-de-investigacion-de-kinesiologia-udd-las-maratones-como-forma-de-vida\/#breadcrumb\"},\"inLanguage\":\"es\",\"potentialAction\":[{\"@type\":\"ReadAction\",\"target\":[\"https:\/\/medicina.udd.cl\/kinesiologia-santiago\/noticias\/2025\/09\/04\/jaime-leppe-coordinador-de-investigacion-de-kinesiologia-udd-las-maratones-como-forma-de-vida\/\"]}]},{\"@type\":\"ImageObject\",\"inLanguage\":\"es\",\"@id\":\"https:\/\/medicina.udd.cl\/kinesiologia-santiago\/noticias\/2025\/09\/04\/jaime-leppe-coordinador-de-investigacion-de-kinesiologia-udd-las-maratones-como-forma-de-vida\/#primaryimage\",\"url\":\"https:\/\/medicina.udd.cl\/kinesiologia-santiago\/files\/2025\/09\/jaime-leppe-4.png\",\"contentUrl\":\"https:\/\/medicina.udd.cl\/kinesiologia-santiago\/files\/2025\/09\/jaime-leppe-4.png\",\"width\":862,\"height\":577},{\"@type\":\"BreadcrumbList\",\"@id\":\"https:\/\/medicina.udd.cl\/kinesiologia-santiago\/noticias\/2025\/09\/04\/jaime-leppe-coordinador-de-investigacion-de-kinesiologia-udd-las-maratones-como-forma-de-vida\/#breadcrumb\",\"itemListElement\":[{\"@type\":\"ListItem\",\"position\":1,\"name\":\"Home\",\"item\":\"https:\/\/medicina.udd.cl\/kinesiologia-santiago\/\"},{\"@type\":\"ListItem\",\"position\":2,\"name\":\"Jaime Leppe, coordinador de investigaci\u00f3n de Kinesiolog\u00eda UDD: las maratones como forma de vida\"}]},{\"@type\":\"WebSite\",\"@id\":\"https:\/\/medicina.udd.cl\/kinesiologia-santiago\/#website\",\"url\":\"https:\/\/medicina.udd.cl\/kinesiologia-santiago\/\",\"name\":\"Kinesiolog\u00eda\",\"description\":\"Facultad de Medicina Cl\u00ednica Alemana Universidad del Desarrollo\",\"inLanguage\":\"es\"},{\"@type\":\"Person\",\"@id\":\"https:\/\/medicina.udd.cl\/kinesiologia-santiago\/#\/schema\/person\/dbc3705bf3a93e8be1ba6de0ef950341\",\"name\":\"rbraidy\",\"image\":{\"@type\":\"ImageObject\",\"inLanguage\":\"es\",\"@id\":\"https:\/\/medicina.udd.cl\/kinesiologia-santiago\/#\/schema\/person\/image\/\",\"url\":\"https:\/\/secure.gravatar.com\/avatar\/0f8bc94637401590e45d2ce17eb65c274cb8870a219de6177f3f23e63fd8cdf3?s=96&d=mm&r=g\",\"contentUrl\":\"https:\/\/secure.gravatar.com\/avatar\/0f8bc94637401590e45d2ce17eb65c274cb8870a219de6177f3f23e63fd8cdf3?s=96&d=mm&r=g\",\"caption\":\"rbraidy\"},\"url\":\"https:\/\/medicina.udd.cl\/kinesiologia-santiago\/noticias\/author\/rbraidy\/\"}]}<\/script>\n<!-- \/ Yoast SEO plugin. -->","yoast_head_json":{"title":"Jaime Leppe, coordinador de investigaci\u00f3n de Kinesiolog\u00eda UDD: las maratones como forma de vida - Kinesiolog\u00eda","robots":{"index":"index","follow":"follow","max-snippet":"max-snippet:-1","max-image-preview":"max-image-preview:large","max-video-preview":"max-video-preview:-1"},"canonical":"https:\/\/medicina.udd.cl\/kinesiologia-santiago\/noticias\/2025\/09\/04\/jaime-leppe-coordinador-de-investigacion-de-kinesiologia-udd-las-maratones-como-forma-de-vida\/","og_locale":"es_ES","og_type":"article","og_title":"Jaime Leppe, coordinador de investigaci\u00f3n de Kinesiolog\u00eda UDD: las maratones como forma de vida - Kinesiolog\u00eda","og_description":"Cuando ten\u00eda 10 a\u00f1os, una pelota de v\u00f3leibol marc\u00f3 el inicio del v\u00ednculo de Jaime Leppe con el deporte. Hoy, m\u00e1s de tres d\u00e9cadas despu\u00e9s, ese camino lo ha llevado a recorrer los 42 kil\u00f3metros en 2 maratones, a cruzar la meta del Ironman de Puc\u00f3n y a pedalear casi 30 kil\u00f3metros diarios cuando debe [&hellip;]","og_url":"https:\/\/medicina.udd.cl\/kinesiologia-santiago\/noticias\/2025\/09\/04\/jaime-leppe-coordinador-de-investigacion-de-kinesiologia-udd-las-maratones-como-forma-de-vida\/","og_site_name":"Kinesiolog\u00eda","article_published_time":"2025-09-04T22:20:35+00:00","article_modified_time":"2025-09-10T21:22:00+00:00","og_image":[{"width":862,"height":577,"url":"https:\/\/medicina.udd.cl\/kinesiologia-santiago\/files\/2025\/09\/jaime-leppe-4.png","type":"image\/png"}],"author":"rbraidy","twitter_misc":{"Escrito por":"rbraidy","Tiempo de lectura":"3 minutos"},"schema":{"@context":"https:\/\/schema.org","@graph":[{"@type":"Article","@id":"https:\/\/medicina.udd.cl\/kinesiologia-santiago\/noticias\/2025\/09\/04\/jaime-leppe-coordinador-de-investigacion-de-kinesiologia-udd-las-maratones-como-forma-de-vida\/#article","isPartOf":{"@id":"https:\/\/medicina.udd.cl\/kinesiologia-santiago\/noticias\/2025\/09\/04\/jaime-leppe-coordinador-de-investigacion-de-kinesiologia-udd-las-maratones-como-forma-de-vida\/"},"author":{"name":"rbraidy","@id":"https:\/\/medicina.udd.cl\/kinesiologia-santiago\/#\/schema\/person\/dbc3705bf3a93e8be1ba6de0ef950341"},"headline":"Jaime Leppe, coordinador de investigaci\u00f3n de Kinesiolog\u00eda UDD: las maratones como forma de vida","datePublished":"2025-09-04T22:20:35+00:00","dateModified":"2025-09-10T21:22:00+00:00","mainEntityOfPage":{"@id":"https:\/\/medicina.udd.cl\/kinesiologia-santiago\/noticias\/2025\/09\/04\/jaime-leppe-coordinador-de-investigacion-de-kinesiologia-udd-las-maratones-como-forma-de-vida\/"},"wordCount":559,"image":{"@id":"https:\/\/medicina.udd.cl\/kinesiologia-santiago\/noticias\/2025\/09\/04\/jaime-leppe-coordinador-de-investigacion-de-kinesiologia-udd-las-maratones-como-forma-de-vida\/#primaryimage"},"thumbnailUrl":"https:\/\/medicina.udd.cl\/kinesiologia-santiago\/files\/2025\/09\/jaime-leppe-4.png","articleSection":["Noticias"],"inLanguage":"es"},{"@type":"WebPage","@id":"https:\/\/medicina.udd.cl\/kinesiologia-santiago\/noticias\/2025\/09\/04\/jaime-leppe-coordinador-de-investigacion-de-kinesiologia-udd-las-maratones-como-forma-de-vida\/","url":"https:\/\/medicina.udd.cl\/kinesiologia-santiago\/noticias\/2025\/09\/04\/jaime-leppe-coordinador-de-investigacion-de-kinesiologia-udd-las-maratones-como-forma-de-vida\/","name":"Jaime Leppe, coordinador de investigaci\u00f3n de Kinesiolog\u00eda UDD: las maratones como forma de vida - Kinesiolog\u00eda","isPartOf":{"@id":"https:\/\/medicina.udd.cl\/kinesiologia-santiago\/#website"},"primaryImageOfPage":{"@id":"https:\/\/medicina.udd.cl\/kinesiologia-santiago\/noticias\/2025\/09\/04\/jaime-leppe-coordinador-de-investigacion-de-kinesiologia-udd-las-maratones-como-forma-de-vida\/#primaryimage"},"image":{"@id":"https:\/\/medicina.udd.cl\/kinesiologia-santiago\/noticias\/2025\/09\/04\/jaime-leppe-coordinador-de-investigacion-de-kinesiologia-udd-las-maratones-como-forma-de-vida\/#primaryimage"},"thumbnailUrl":"https:\/\/medicina.udd.cl\/kinesiologia-santiago\/files\/2025\/09\/jaime-leppe-4.png","datePublished":"2025-09-04T22:20:35+00:00","dateModified":"2025-09-10T21:22:00+00:00","author":{"@id":"https:\/\/medicina.udd.cl\/kinesiologia-santiago\/#\/schema\/person\/dbc3705bf3a93e8be1ba6de0ef950341"},"breadcrumb":{"@id":"https:\/\/medicina.udd.cl\/kinesiologia-santiago\/noticias\/2025\/09\/04\/jaime-leppe-coordinador-de-investigacion-de-kinesiologia-udd-las-maratones-como-forma-de-vida\/#breadcrumb"},"inLanguage":"es","potentialAction":[{"@type":"ReadAction","target":["https:\/\/medicina.udd.cl\/kinesiologia-santiago\/noticias\/2025\/09\/04\/jaime-leppe-coordinador-de-investigacion-de-kinesiologia-udd-las-maratones-como-forma-de-vida\/"]}]},{"@type":"ImageObject","inLanguage":"es","@id":"https:\/\/medicina.udd.cl\/kinesiologia-santiago\/noticias\/2025\/09\/04\/jaime-leppe-coordinador-de-investigacion-de-kinesiologia-udd-las-maratones-como-forma-de-vida\/#primaryimage","url":"https:\/\/medicina.udd.cl\/kinesiologia-santiago\/files\/2025\/09\/jaime-leppe-4.png","contentUrl":"https:\/\/medicina.udd.cl\/kinesiologia-santiago\/files\/2025\/09\/jaime-leppe-4.png","width":862,"height":577},{"@type":"BreadcrumbList","@id":"https:\/\/medicina.udd.cl\/kinesiologia-santiago\/noticias\/2025\/09\/04\/jaime-leppe-coordinador-de-investigacion-de-kinesiologia-udd-las-maratones-como-forma-de-vida\/#breadcrumb","itemListElement":[{"@type":"ListItem","position":1,"name":"Home","item":"https:\/\/medicina.udd.cl\/kinesiologia-santiago\/"},{"@type":"ListItem","position":2,"name":"Jaime Leppe, coordinador de investigaci\u00f3n de Kinesiolog\u00eda UDD: las maratones como forma de vida"}]},{"@type":"WebSite","@id":"https:\/\/medicina.udd.cl\/kinesiologia-santiago\/#website","url":"https:\/\/medicina.udd.cl\/kinesiologia-santiago\/","name":"Kinesiolog\u00eda","description":"Facultad de Medicina Cl\u00ednica Alemana Universidad del Desarrollo","inLanguage":"es"},{"@type":"Person","@id":"https:\/\/medicina.udd.cl\/kinesiologia-santiago\/#\/schema\/person\/dbc3705bf3a93e8be1ba6de0ef950341","name":"rbraidy","image":{"@type":"ImageObject","inLanguage":"es","@id":"https:\/\/medicina.udd.cl\/kinesiologia-santiago\/#\/schema\/person\/image\/","url":"https:\/\/secure.gravatar.com\/avatar\/0f8bc94637401590e45d2ce17eb65c274cb8870a219de6177f3f23e63fd8cdf3?s=96&d=mm&r=g","contentUrl":"https:\/\/secure.gravatar.com\/avatar\/0f8bc94637401590e45d2ce17eb65c274cb8870a219de6177f3f23e63fd8cdf3?s=96&d=mm&r=g","caption":"rbraidy"},"url":"https:\/\/medicina.udd.cl\/kinesiologia-santiago\/noticias\/author\/rbraidy\/"}]}},"featured_image_url":"https:\/\/medicina.udd.cl\/kinesiologia-santiago\/files\/2025\/09\/jaime-leppe-4.png","_links":{"self":[{"href":"https:\/\/medicina.udd.cl\/kinesiologia-santiago\/wp-json\/wp\/v2\/posts\/7226","targetHints":{"allow":["GET"]}}],"collection":[{"href":"https:\/\/medicina.udd.cl\/kinesiologia-santiago\/wp-json\/wp\/v2\/posts"}],"about":[{"href":"https:\/\/medicina.udd.cl\/kinesiologia-santiago\/wp-json\/wp\/v2\/types\/post"}],"author":[{"embeddable":true,"href":"https:\/\/medicina.udd.cl\/kinesiologia-santiago\/wp-json\/wp\/v2\/users\/9192219"}],"replies":[{"embeddable":true,"href":"https:\/\/medicina.udd.cl\/kinesiologia-santiago\/wp-json\/wp\/v2\/comments?post=7226"}],"version-history":[{"count":1,"href":"https:\/\/medicina.udd.cl\/kinesiologia-santiago\/wp-json\/wp\/v2\/posts\/7226\/revisions"}],"predecessor-version":[{"id":7231,"href":"https:\/\/medicina.udd.cl\/kinesiologia-santiago\/wp-json\/wp\/v2\/posts\/7226\/revisions\/7231"}],"wp:featuredmedia":[{"embeddable":true,"href":"https:\/\/medicina.udd.cl\/kinesiologia-santiago\/wp-json\/wp\/v2\/media\/7230"}],"wp:attachment":[{"href":"https:\/\/medicina.udd.cl\/kinesiologia-santiago\/wp-json\/wp\/v2\/media?parent=7226"}],"wp:term":[{"taxonomy":"category","embeddable":true,"href":"https:\/\/medicina.udd.cl\/kinesiologia-santiago\/wp-json\/wp\/v2\/categories?post=7226"},{"taxonomy":"post_tag","embeddable":true,"href":"https:\/\/medicina.udd.cl\/kinesiologia-santiago\/wp-json\/wp\/v2\/tags?post=7226"}],"curies":[{"name":"wp","href":"https:\/\/api.w.org\/{rel}","templated":true}]}}