{"id":7266,"date":"2025-09-30T17:59:36","date_gmt":"2025-09-30T20:59:36","guid":{"rendered":"https:\/\/medicina.udd.cl\/kinesiologia-santiago\/?p=7266"},"modified":"2025-10-02T18:02:53","modified_gmt":"2025-10-02T21:02:53","slug":"estudiantes-de-ingenieria-civil-en-biomedicina-y-kinesiologia-inician-proyectos-interdisciplinarios-que-seran-presentados-en-feria-cientifica-udd","status":"publish","type":"post","link":"https:\/\/medicina.udd.cl\/kinesiologia-santiago\/noticias\/2025\/09\/30\/estudiantes-de-ingenieria-civil-en-biomedicina-y-kinesiologia-inician-proyectos-interdisciplinarios-que-seran-presentados-en-feria-cientifica-udd\/","title":{"rendered":"Estudiantes de\u00a0Ingenier\u00eda Civil en Biomedicina\u00a0y\u00a0Kinesiolog\u00eda inician proyectos interdisciplinarios\u00a0que ser\u00e1n presentados en\u00a0Feria\u00a0Cient\u00edfica UDD\u00a0"},"content":{"rendered":"\n<figure class=\"wp-block-gallery has-nested-images columns-default is-cropped wp-block-gallery-1 is-layout-flex wp-block-gallery-is-layout-flex\">\n<figure class=\"wp-block-image size-large\"><a href=\"https:\/\/medicina.udd.cl\/kinesiologia-santiago\/files\/2025\/10\/kine-biomedicina-proyectos-interdisciplinarios-5.jpeg\"><img loading=\"lazy\" decoding=\"async\" width=\"1024\" height=\"576\" data-id=\"7270\" src=\"https:\/\/medicina.udd.cl\/kinesiologia-santiago\/files\/2025\/10\/kine-biomedicina-proyectos-interdisciplinarios-5-1024x576.jpeg\" alt=\"\" class=\"wp-image-7270\" srcset=\"https:\/\/medicina.udd.cl\/kinesiologia-santiago\/files\/2025\/10\/kine-biomedicina-proyectos-interdisciplinarios-5-1024x576.jpeg 1024w, https:\/\/medicina.udd.cl\/kinesiologia-santiago\/files\/2025\/10\/kine-biomedicina-proyectos-interdisciplinarios-5-300x169.jpeg 300w, https:\/\/medicina.udd.cl\/kinesiologia-santiago\/files\/2025\/10\/kine-biomedicina-proyectos-interdisciplinarios-5-768x432.jpeg 768w, https:\/\/medicina.udd.cl\/kinesiologia-santiago\/files\/2025\/10\/kine-biomedicina-proyectos-interdisciplinarios-5-1536x864.jpeg 1536w, https:\/\/medicina.udd.cl\/kinesiologia-santiago\/files\/2025\/10\/kine-biomedicina-proyectos-interdisciplinarios-5-1366x768.jpeg 1366w, https:\/\/medicina.udd.cl\/kinesiologia-santiago\/files\/2025\/10\/kine-biomedicina-proyectos-interdisciplinarios-5-680x382.jpeg 680w, https:\/\/medicina.udd.cl\/kinesiologia-santiago\/files\/2025\/10\/kine-biomedicina-proyectos-interdisciplinarios-5.jpeg 1600w\" sizes=\"auto, (max-width: 1024px) 100vw, 1024px\" \/><\/a><\/figure>\n\n\n\n<figure class=\"wp-block-image size-large\"><a href=\"https:\/\/medicina.udd.cl\/kinesiologia-santiago\/files\/2025\/10\/kine-biomedicina-proyectos-interdisciplinarios-2.jpeg\"><img loading=\"lazy\" decoding=\"async\" width=\"1024\" height=\"556\" data-id=\"7273\" src=\"https:\/\/medicina.udd.cl\/kinesiologia-santiago\/files\/2025\/10\/kine-biomedicina-proyectos-interdisciplinarios-2-1024x556.jpeg\" alt=\"\" class=\"wp-image-7273\" srcset=\"https:\/\/medicina.udd.cl\/kinesiologia-santiago\/files\/2025\/10\/kine-biomedicina-proyectos-interdisciplinarios-2-1024x556.jpeg 1024w, https:\/\/medicina.udd.cl\/kinesiologia-santiago\/files\/2025\/10\/kine-biomedicina-proyectos-interdisciplinarios-2-300x163.jpeg 300w, https:\/\/medicina.udd.cl\/kinesiologia-santiago\/files\/2025\/10\/kine-biomedicina-proyectos-interdisciplinarios-2-768x417.jpeg 768w, https:\/\/medicina.udd.cl\/kinesiologia-santiago\/files\/2025\/10\/kine-biomedicina-proyectos-interdisciplinarios-2.jpeg 1133w\" sizes=\"auto, (max-width: 1024px) 100vw, 1024px\" \/><\/a><\/figure>\n\n\n\n<figure class=\"wp-block-image size-large\"><a href=\"https:\/\/medicina.udd.cl\/kinesiologia-santiago\/files\/2025\/10\/kine-biomedicina-proyectos-interdisciplinarios-1.jpeg\"><img loading=\"lazy\" decoding=\"async\" width=\"1024\" height=\"576\" data-id=\"7274\" src=\"https:\/\/medicina.udd.cl\/kinesiologia-santiago\/files\/2025\/10\/kine-biomedicina-proyectos-interdisciplinarios-1-1024x576.jpeg\" alt=\"\" class=\"wp-image-7274\" srcset=\"https:\/\/medicina.udd.cl\/kinesiologia-santiago\/files\/2025\/10\/kine-biomedicina-proyectos-interdisciplinarios-1-1024x576.jpeg 1024w, https:\/\/medicina.udd.cl\/kinesiologia-santiago\/files\/2025\/10\/kine-biomedicina-proyectos-interdisciplinarios-1-300x169.jpeg 300w, https:\/\/medicina.udd.cl\/kinesiologia-santiago\/files\/2025\/10\/kine-biomedicina-proyectos-interdisciplinarios-1-768x432.jpeg 768w, https:\/\/medicina.udd.cl\/kinesiologia-santiago\/files\/2025\/10\/kine-biomedicina-proyectos-interdisciplinarios-1-1536x864.jpeg 1536w, https:\/\/medicina.udd.cl\/kinesiologia-santiago\/files\/2025\/10\/kine-biomedicina-proyectos-interdisciplinarios-1-1366x768.jpeg 1366w, https:\/\/medicina.udd.cl\/kinesiologia-santiago\/files\/2025\/10\/kine-biomedicina-proyectos-interdisciplinarios-1-680x382.jpeg 680w, https:\/\/medicina.udd.cl\/kinesiologia-santiago\/files\/2025\/10\/kine-biomedicina-proyectos-interdisciplinarios-1.jpeg 1600w\" sizes=\"auto, (max-width: 1024px) 100vw, 1024px\" \/><\/a><\/figure>\n<\/figure>\n\n\n\n<p>La Facultad de Ingenier\u00eda y la&nbsp;Facultad de Medicina Cl\u00ednica Alemana Universidad del Desarrollo (UDD)&nbsp;dieron inicio a la primera etapa del proceso acad\u00e9mico en el que m\u00e1s de 120 estudiantes de las carreras de Ingenier\u00eda Civil en Biomedicina y Kinesiolog\u00eda, comenzaron la ideaci\u00f3n de proyectos interdisciplinarios, bajo la coordinaci\u00f3n del profesor Gustavo Castro,&nbsp;docente de ambas facultades.<\/p>\n\n\n\n<p>El objetivo principal de esta etapa fue promover habilidades de comunicaci\u00f3n oral en torno a la presentaci\u00f3n de ideas de investigaci\u00f3n aplicadas al movimiento humano, integrando aprendizajes de asignaturas como Qu\u00edmica, Anatom\u00eda Funcional, C\u00e1lculo Diferencial e Integral, Programaci\u00f3n y Exploraci\u00f3n Tecnol\u00f3gica.&nbsp;<\/p>\n\n\n\n<p>En esta fase participaron 80 estudiantes de Kinesiolog\u00eda (cinco secciones) y 46 estudiantes de Ingenier\u00eda Civil en Biomedicina (dos secciones), apoyados por&nbsp;diez&nbsp;ayudantes alumnos de la carrera de Kinesiolog\u00eda. El trabajo se enmarc\u00f3 en las asignaturas Biof\u00edsica Aplicada al Movimiento&nbsp;(Kinesiolog\u00eda)&nbsp;e Matem\u00e1tica Aplicada II&nbsp;(Ingenier\u00eda Civil en&nbsp;Biomedicina), ambas correspondientes al segundo semestre de la malla curricular.&nbsp;<\/p>\n\n\n\n<p><strong>Innovaci\u00f3n educativa&nbsp;interdisciplinaria<\/strong>&nbsp;<\/p>\n\n\n\n<p>El profesor Gustavo Castro, destac\u00f3 la relevancia de esta actividad como un espacio para que los estudiantes aplicaran conocimientos complejos, como equilibrio, din\u00e1mica rotacional, hidrodin\u00e1mica y electricidad celular, a experimentos pr\u00e1cticos dise\u00f1ados y ejecutados por ellos mismos.&nbsp;<em>\u201cEstas experiencias refuerzan el aprendizaje te\u00f3rico y aportan al capital cultural cient\u00edfico de los estudiantes, permiti\u00e9ndoles conectar el conocimiento disciplinar con su aplicaci\u00f3n en escenarios cl\u00ednicos\u201d<\/em>. explic\u00f3 el docente UDD.<\/p>\n\n\n\n<p>En este contexto: \u00abLos<em>&nbsp;ingenieros civiles y los kinesi\u00f3logos se han reunido para dar forma a proyectos en los cuales buscan brindar soluciones tecnol\u00f3gicas a partir de lo aprendido en sus&nbsp;respectivas asignaturas.&nbsp;La idea es trabajar de forma colaborativa e interdisciplinar en torno a un desaf\u00edo real de rehabilitaci\u00f3n, y presentar los resultados&nbsp;cuantitativos y cualitativos,&nbsp;tanto en la feria cient\u00edfica de la Facultad de Ingenier\u00eda como en la de&nbsp;la carrera de&nbsp;Kinesiolog\u00eda en noviembre\u201d<\/em>, indic\u00f3 Castro.<\/p>\n\n\n\n<p>Finalmente, subray\u00f3 la importancia del aprendizaje experiencial, citando a autores como Kolb y Dewey, quienes han demostrado que este enfoque favorece la comprensi\u00f3n profunda y la transferencia de conceptos al \u00e1mbito profesional. Seg\u00fan el docente, este tipo de metodolog\u00edas no solo mejora la retenci\u00f3n de informaci\u00f3n y apropiaci\u00f3n del&nbsp;conocimiento&nbsp;sino que tambi\u00e9n estimula habilidades cr\u00edticas y fomenta una visi\u00f3n interdisciplinaria.&nbsp;<\/p>\n\n\n\n<p>Los equipos compartieron sus primeras propuestas en etapa de ideaci\u00f3n, integrando salud y tecnolog\u00eda para responder a problem\u00e1ticas reales:&nbsp;<\/p>\n\n\n\n<ul class=\"wp-block-list\">\n<li><strong>Manga de compresi\u00f3n para linfedema<\/strong>: creado por Felipe\u00a0Zanolli\u00a0Izquierdo (Kinesiolog\u00eda) e Isabel Illanes\u00a0Zamorano\u00a0(Biomedicina),\u00a0han pensado en el dise\u00f1o de\u00a0una manga\u00a0inteligente\u00a0equipada con sensores de presi\u00f3n para facilitar el drenaje linf\u00e1tico en pacientes\u00a0con\u00a0mastectom\u00eda\u00a0radial modificada, utilizando automatizaci\u00f3n tecnol\u00f3gica\u00a0programada. Su principal objetivo es\u00a0mejorar la calidad de vida del paciente, ya que el proceso de drenaje es menos invasivo que el procedimiento tradicional, es transportable y de f\u00e1cil uso para el\u00a0paciente.\u00a0\u00a0<\/li>\n\n\n\n<li><strong>Bast\u00f3n inteligente<\/strong>: liderado por Francisca Cartes\u00a0Mart\u00ednez\u00a0(Kinesiolog\u00eda) y Javiera Silva\u00a0Gaete\u00a0(Biomedicina), buscan\u00a0prevenir ca\u00eddas en adultos mayores mediante sensores que detectan posturas inestables y alertan con vibraciones. El sistema se complementa con plantillas\u00a0plantares\u00a0inteligentes que registran la distribuci\u00f3n del peso al caminar\u00a0y alertan al paciente y kinesi\u00f3logo frente a la p\u00e9rdida de equilibrio.\u00a0<\/li>\n\n\n\n<li><strong>Exoesqueleto de extremidad superior<\/strong>: presentado por Lucas Maldonado\u00a0Vierna\u00a0(Kinesiolog\u00eda) e Isidora Rodr\u00edguez\u00a0Villarroel\u00a0(Biomedicina), proponen\u00a0un dispositivo programable con sensores y\u00a0arduinos\u00a0para apoyar terapias de recuperaci\u00f3n de movilidad del brazo\u00a0en pacientes en proceso de rehabilitaci\u00f3n.\u00a0<\/li>\n<\/ul>\n\n\n\n<p>En esta primera etapa de ideaci\u00f3n de proyectos, los estudiantes trabajaron en formular propuestas&nbsp;adaptadas a las diversas terapias kin\u00e9sicas y necesidades de los&nbsp;pacientes; aplicando&nbsp;conocimientos de biof\u00edsica&nbsp;aplicada al movimiento,&nbsp;matem\u00e1tica&nbsp;aplicada&nbsp;I y II y anatom\u00eda funcional. Lo anterior, integrando&nbsp;conocimientos&nbsp;que han&nbsp;adquirido en su trayectoria previa durante el primer a\u00f1o universitario.&nbsp;Los estudiantes destacaron por su alta capacidad de organizaci\u00f3n,&nbsp;colaboraci\u00f3n mutua&nbsp;y&nbsp;comunicaci\u00f3n oral para explicar su relevancia cient\u00edfica y tecnol\u00f3gica.&nbsp;<\/p>\n\n\n\n<p>Este proyecto lleva seis semanas de ejecuci\u00f3n y el&nbsp;proceso continuar\u00e1 en los pr\u00f3ximos meses, donde los equipos avanzar\u00e1n desde la ideaci\u00f3n hacia el desarrollo y validaci\u00f3n de sus propuestas, para luego presentarlas en las ferias cient\u00edficas de ambas facultades durante noviembre.&nbsp;<\/p>\n\n\n\n<figure class=\"wp-block-gallery has-nested-images columns-default is-cropped wp-block-gallery-2 is-layout-flex wp-block-gallery-is-layout-flex\">\n<figure class=\"wp-block-image size-large\"><a href=\"https:\/\/medicina.udd.cl\/kinesiologia-santiago\/files\/2025\/10\/kine-biomedicina-proyectos-interdisciplinarios-7.jpeg\"><img loading=\"lazy\" decoding=\"async\" width=\"1024\" height=\"576\" data-id=\"7268\" src=\"https:\/\/medicina.udd.cl\/kinesiologia-santiago\/files\/2025\/10\/kine-biomedicina-proyectos-interdisciplinarios-7-1024x576.jpeg\" alt=\"\" class=\"wp-image-7268\" srcset=\"https:\/\/medicina.udd.cl\/kinesiologia-santiago\/files\/2025\/10\/kine-biomedicina-proyectos-interdisciplinarios-7-1024x576.jpeg 1024w, https:\/\/medicina.udd.cl\/kinesiologia-santiago\/files\/2025\/10\/kine-biomedicina-proyectos-interdisciplinarios-7-300x169.jpeg 300w, https:\/\/medicina.udd.cl\/kinesiologia-santiago\/files\/2025\/10\/kine-biomedicina-proyectos-interdisciplinarios-7-768x432.jpeg 768w, https:\/\/medicina.udd.cl\/kinesiologia-santiago\/files\/2025\/10\/kine-biomedicina-proyectos-interdisciplinarios-7-1536x864.jpeg 1536w, https:\/\/medicina.udd.cl\/kinesiologia-santiago\/files\/2025\/10\/kine-biomedicina-proyectos-interdisciplinarios-7-1366x768.jpeg 1366w, https:\/\/medicina.udd.cl\/kinesiologia-santiago\/files\/2025\/10\/kine-biomedicina-proyectos-interdisciplinarios-7-680x382.jpeg 680w, https:\/\/medicina.udd.cl\/kinesiologia-santiago\/files\/2025\/10\/kine-biomedicina-proyectos-interdisciplinarios-7.jpeg 1600w\" sizes=\"auto, (max-width: 1024px) 100vw, 1024px\" \/><\/a><\/figure>\n\n\n\n<figure class=\"wp-block-image size-large\"><a href=\"https:\/\/medicina.udd.cl\/kinesiologia-santiago\/files\/2025\/10\/kine-biomedicina-proyectos-interdisciplinarios-3.jpeg\"><img loading=\"lazy\" decoding=\"async\" width=\"1024\" height=\"576\" data-id=\"7272\" src=\"https:\/\/medicina.udd.cl\/kinesiologia-santiago\/files\/2025\/10\/kine-biomedicina-proyectos-interdisciplinarios-3-1024x576.jpeg\" alt=\"\" class=\"wp-image-7272\" srcset=\"https:\/\/medicina.udd.cl\/kinesiologia-santiago\/files\/2025\/10\/kine-biomedicina-proyectos-interdisciplinarios-3-1024x576.jpeg 1024w, https:\/\/medicina.udd.cl\/kinesiologia-santiago\/files\/2025\/10\/kine-biomedicina-proyectos-interdisciplinarios-3-300x169.jpeg 300w, https:\/\/medicina.udd.cl\/kinesiologia-santiago\/files\/2025\/10\/kine-biomedicina-proyectos-interdisciplinarios-3-768x432.jpeg 768w, https:\/\/medicina.udd.cl\/kinesiologia-santiago\/files\/2025\/10\/kine-biomedicina-proyectos-interdisciplinarios-3-1536x864.jpeg 1536w, https:\/\/medicina.udd.cl\/kinesiologia-santiago\/files\/2025\/10\/kine-biomedicina-proyectos-interdisciplinarios-3-1366x768.jpeg 1366w, https:\/\/medicina.udd.cl\/kinesiologia-santiago\/files\/2025\/10\/kine-biomedicina-proyectos-interdisciplinarios-3-680x382.jpeg 680w, https:\/\/medicina.udd.cl\/kinesiologia-santiago\/files\/2025\/10\/kine-biomedicina-proyectos-interdisciplinarios-3.jpeg 1600w\" sizes=\"auto, (max-width: 1024px) 100vw, 1024px\" \/><\/a><\/figure>\n\n\n\n<figure class=\"wp-block-image size-large\"><a href=\"https:\/\/medicina.udd.cl\/kinesiologia-santiago\/files\/2025\/10\/kine-biomedicina-proyectos-interdisciplinarios-6.jpeg\"><img loading=\"lazy\" decoding=\"async\" width=\"1024\" height=\"559\" data-id=\"7269\" src=\"https:\/\/medicina.udd.cl\/kinesiologia-santiago\/files\/2025\/10\/kine-biomedicina-proyectos-interdisciplinarios-6-1024x559.jpeg\" alt=\"\" class=\"wp-image-7269\" srcset=\"https:\/\/medicina.udd.cl\/kinesiologia-santiago\/files\/2025\/10\/kine-biomedicina-proyectos-interdisciplinarios-6-1024x559.jpeg 1024w, https:\/\/medicina.udd.cl\/kinesiologia-santiago\/files\/2025\/10\/kine-biomedicina-proyectos-interdisciplinarios-6-300x164.jpeg 300w, https:\/\/medicina.udd.cl\/kinesiologia-santiago\/files\/2025\/10\/kine-biomedicina-proyectos-interdisciplinarios-6-768x420.jpeg 768w, https:\/\/medicina.udd.cl\/kinesiologia-santiago\/files\/2025\/10\/kine-biomedicina-proyectos-interdisciplinarios-6-1536x839.jpeg 1536w, https:\/\/medicina.udd.cl\/kinesiologia-santiago\/files\/2025\/10\/kine-biomedicina-proyectos-interdisciplinarios-6.jpeg 1600w\" sizes=\"auto, (max-width: 1024px) 100vw, 1024px\" \/><\/a><\/figure>\n\n\n\n<figure class=\"wp-block-image size-large\"><a href=\"https:\/\/medicina.udd.cl\/kinesiologia-santiago\/files\/2025\/10\/kine-biomedicina-proyectos-interdisciplinarios-8.jpeg\"><img loading=\"lazy\" decoding=\"async\" width=\"1024\" height=\"576\" data-id=\"7267\" src=\"https:\/\/medicina.udd.cl\/kinesiologia-santiago\/files\/2025\/10\/kine-biomedicina-proyectos-interdisciplinarios-8-1024x576.jpeg\" alt=\"\" class=\"wp-image-7267\" srcset=\"https:\/\/medicina.udd.cl\/kinesiologia-santiago\/files\/2025\/10\/kine-biomedicina-proyectos-interdisciplinarios-8-1024x576.jpeg 1024w, https:\/\/medicina.udd.cl\/kinesiologia-santiago\/files\/2025\/10\/kine-biomedicina-proyectos-interdisciplinarios-8-300x169.jpeg 300w, https:\/\/medicina.udd.cl\/kinesiologia-santiago\/files\/2025\/10\/kine-biomedicina-proyectos-interdisciplinarios-8-768x432.jpeg 768w, https:\/\/medicina.udd.cl\/kinesiologia-santiago\/files\/2025\/10\/kine-biomedicina-proyectos-interdisciplinarios-8-1536x864.jpeg 1536w, https:\/\/medicina.udd.cl\/kinesiologia-santiago\/files\/2025\/10\/kine-biomedicina-proyectos-interdisciplinarios-8-1366x768.jpeg 1366w, https:\/\/medicina.udd.cl\/kinesiologia-santiago\/files\/2025\/10\/kine-biomedicina-proyectos-interdisciplinarios-8-680x382.jpeg 680w, https:\/\/medicina.udd.cl\/kinesiologia-santiago\/files\/2025\/10\/kine-biomedicina-proyectos-interdisciplinarios-8.jpeg 1600w\" sizes=\"auto, (max-width: 1024px) 100vw, 1024px\" \/><\/a><\/figure>\n\n\n\n<figure class=\"wp-block-image size-large\"><a href=\"https:\/\/medicina.udd.cl\/kinesiologia-santiago\/files\/2025\/10\/kine-biomedicina-proyectos-interdisciplinarios-5.jpeg\"><img loading=\"lazy\" decoding=\"async\" width=\"1024\" height=\"576\" data-id=\"7270\" src=\"https:\/\/medicina.udd.cl\/kinesiologia-santiago\/files\/2025\/10\/kine-biomedicina-proyectos-interdisciplinarios-5-1024x576.jpeg\" alt=\"\" class=\"wp-image-7270\" srcset=\"https:\/\/medicina.udd.cl\/kinesiologia-santiago\/files\/2025\/10\/kine-biomedicina-proyectos-interdisciplinarios-5-1024x576.jpeg 1024w, https:\/\/medicina.udd.cl\/kinesiologia-santiago\/files\/2025\/10\/kine-biomedicina-proyectos-interdisciplinarios-5-300x169.jpeg 300w, https:\/\/medicina.udd.cl\/kinesiologia-santiago\/files\/2025\/10\/kine-biomedicina-proyectos-interdisciplinarios-5-768x432.jpeg 768w, https:\/\/medicina.udd.cl\/kinesiologia-santiago\/files\/2025\/10\/kine-biomedicina-proyectos-interdisciplinarios-5-1536x864.jpeg 1536w, https:\/\/medicina.udd.cl\/kinesiologia-santiago\/files\/2025\/10\/kine-biomedicina-proyectos-interdisciplinarios-5-1366x768.jpeg 1366w, https:\/\/medicina.udd.cl\/kinesiologia-santiago\/files\/2025\/10\/kine-biomedicina-proyectos-interdisciplinarios-5-680x382.jpeg 680w, https:\/\/medicina.udd.cl\/kinesiologia-santiago\/files\/2025\/10\/kine-biomedicina-proyectos-interdisciplinarios-5.jpeg 1600w\" sizes=\"auto, (max-width: 1024px) 100vw, 1024px\" \/><\/a><\/figure>\n\n\n\n<figure class=\"wp-block-image size-large\"><a href=\"https:\/\/medicina.udd.cl\/kinesiologia-santiago\/files\/2025\/10\/kine-biomedicina-proyectos-interdisciplinarios-1.jpeg\"><img loading=\"lazy\" decoding=\"async\" width=\"1024\" height=\"576\" data-id=\"7274\" src=\"https:\/\/medicina.udd.cl\/kinesiologia-santiago\/files\/2025\/10\/kine-biomedicina-proyectos-interdisciplinarios-1-1024x576.jpeg\" alt=\"\" class=\"wp-image-7274\" srcset=\"https:\/\/medicina.udd.cl\/kinesiologia-santiago\/files\/2025\/10\/kine-biomedicina-proyectos-interdisciplinarios-1-1024x576.jpeg 1024w, https:\/\/medicina.udd.cl\/kinesiologia-santiago\/files\/2025\/10\/kine-biomedicina-proyectos-interdisciplinarios-1-300x169.jpeg 300w, https:\/\/medicina.udd.cl\/kinesiologia-santiago\/files\/2025\/10\/kine-biomedicina-proyectos-interdisciplinarios-1-768x432.jpeg 768w, https:\/\/medicina.udd.cl\/kinesiologia-santiago\/files\/2025\/10\/kine-biomedicina-proyectos-interdisciplinarios-1-1536x864.jpeg 1536w, https:\/\/medicina.udd.cl\/kinesiologia-santiago\/files\/2025\/10\/kine-biomedicina-proyectos-interdisciplinarios-1-1366x768.jpeg 1366w, https:\/\/medicina.udd.cl\/kinesiologia-santiago\/files\/2025\/10\/kine-biomedicina-proyectos-interdisciplinarios-1-680x382.jpeg 680w, https:\/\/medicina.udd.cl\/kinesiologia-santiago\/files\/2025\/10\/kine-biomedicina-proyectos-interdisciplinarios-1.jpeg 1600w\" sizes=\"auto, (max-width: 1024px) 100vw, 1024px\" \/><\/a><\/figure>\n\n\n\n<figure class=\"wp-block-image size-large\"><a href=\"https:\/\/medicina.udd.cl\/kinesiologia-santiago\/files\/2025\/10\/kine-biomedicina-proyectos-interdisciplinarios-4-scaled.jpeg\"><img loading=\"lazy\" decoding=\"async\" width=\"1024\" height=\"576\" data-id=\"7271\" src=\"https:\/\/medicina.udd.cl\/kinesiologia-santiago\/files\/2025\/10\/kine-biomedicina-proyectos-interdisciplinarios-4-1024x576.jpeg\" alt=\"\" class=\"wp-image-7271\" srcset=\"https:\/\/medicina.udd.cl\/kinesiologia-santiago\/files\/2025\/10\/kine-biomedicina-proyectos-interdisciplinarios-4-1024x576.jpeg 1024w, https:\/\/medicina.udd.cl\/kinesiologia-santiago\/files\/2025\/10\/kine-biomedicina-proyectos-interdisciplinarios-4-300x169.jpeg 300w, https:\/\/medicina.udd.cl\/kinesiologia-santiago\/files\/2025\/10\/kine-biomedicina-proyectos-interdisciplinarios-4-768x432.jpeg 768w, https:\/\/medicina.udd.cl\/kinesiologia-santiago\/files\/2025\/10\/kine-biomedicina-proyectos-interdisciplinarios-4-1536x864.jpeg 1536w, https:\/\/medicina.udd.cl\/kinesiologia-santiago\/files\/2025\/10\/kine-biomedicina-proyectos-interdisciplinarios-4-2048x1153.jpeg 2048w, https:\/\/medicina.udd.cl\/kinesiologia-santiago\/files\/2025\/10\/kine-biomedicina-proyectos-interdisciplinarios-4-1920x1080.jpeg 1920w, https:\/\/medicina.udd.cl\/kinesiologia-santiago\/files\/2025\/10\/kine-biomedicina-proyectos-interdisciplinarios-4-1366x768.jpeg 1366w, https:\/\/medicina.udd.cl\/kinesiologia-santiago\/files\/2025\/10\/kine-biomedicina-proyectos-interdisciplinarios-4-680x382.jpeg 680w\" sizes=\"auto, (max-width: 1024px) 100vw, 1024px\" \/><\/a><\/figure>\n<\/figure>\n","protected":false},"excerpt":{"rendered":"<p>La Facultad de Ingenier\u00eda y la&nbsp;Facultad de Medicina Cl\u00ednica Alemana Universidad del Desarrollo (UDD)&nbsp;dieron inicio a la primera etapa del proceso acad\u00e9mico en el que m\u00e1s de 120 estudiantes de las carreras de Ingenier\u00eda Civil en Biomedicina y Kinesiolog\u00eda, comenzaron la ideaci\u00f3n de proyectos interdisciplinarios, bajo la coordinaci\u00f3n del profesor Gustavo Castro,&nbsp;docente de ambas facultades. [&hellip;]<\/p>\n","protected":false},"author":9192219,"featured_media":7274,"comment_status":"closed","ping_status":"open","sticky":false,"template":"","format":"standard","meta":{"footnotes":""},"categories":[4],"tags":[],"class_list":["post-7266","post","type-post","status-publish","format-standard","has-post-thumbnail","hentry","category-noticias"],"yoast_head":"<!-- This site is optimized with the Yoast SEO plugin v26.9 - https:\/\/yoast.com\/product\/yoast-seo-wordpress\/ -->\n<title>Estudiantes de\u00a0Ingenier\u00eda Civil en Biomedicina\u00a0y\u00a0Kinesiolog\u00eda inician proyectos interdisciplinarios\u00a0que ser\u00e1n presentados en\u00a0Feria\u00a0Cient\u00edfica UDD\u00a0 - Kinesiolog\u00eda<\/title>\n<meta name=\"robots\" content=\"index, follow, max-snippet:-1, max-image-preview:large, max-video-preview:-1\" \/>\n<link rel=\"canonical\" href=\"https:\/\/medicina.udd.cl\/kinesiologia-santiago\/noticias\/2025\/09\/30\/estudiantes-de-ingenieria-civil-en-biomedicina-y-kinesiologia-inician-proyectos-interdisciplinarios-que-seran-presentados-en-feria-cientifica-udd\/\" \/>\n<meta property=\"og:locale\" content=\"es_ES\" \/>\n<meta property=\"og:type\" content=\"article\" \/>\n<meta property=\"og:title\" content=\"Estudiantes de\u00a0Ingenier\u00eda Civil en Biomedicina\u00a0y\u00a0Kinesiolog\u00eda inician proyectos interdisciplinarios\u00a0que ser\u00e1n presentados en\u00a0Feria\u00a0Cient\u00edfica UDD\u00a0 - Kinesiolog\u00eda\" \/>\n<meta property=\"og:description\" content=\"La Facultad de Ingenier\u00eda y la&nbsp;Facultad de Medicina Cl\u00ednica Alemana Universidad del Desarrollo (UDD)&nbsp;dieron inicio a la primera etapa del proceso acad\u00e9mico en el que m\u00e1s de 120 estudiantes de las carreras de Ingenier\u00eda Civil en Biomedicina y Kinesiolog\u00eda, comenzaron la ideaci\u00f3n de proyectos interdisciplinarios, bajo la coordinaci\u00f3n del profesor Gustavo Castro,&nbsp;docente de ambas facultades. [&hellip;]\" \/>\n<meta property=\"og:url\" content=\"https:\/\/medicina.udd.cl\/kinesiologia-santiago\/noticias\/2025\/09\/30\/estudiantes-de-ingenieria-civil-en-biomedicina-y-kinesiologia-inician-proyectos-interdisciplinarios-que-seran-presentados-en-feria-cientifica-udd\/\" \/>\n<meta property=\"og:site_name\" content=\"Kinesiolog\u00eda\" \/>\n<meta property=\"article:published_time\" content=\"2025-09-30T20:59:36+00:00\" \/>\n<meta property=\"article:modified_time\" content=\"2025-10-02T21:02:53+00:00\" \/>\n<meta property=\"og:image\" content=\"https:\/\/medicina.udd.cl\/kinesiologia-santiago\/files\/2025\/10\/kine-biomedicina-proyectos-interdisciplinarios-1.jpeg\" \/>\n\t<meta property=\"og:image:width\" content=\"1600\" \/>\n\t<meta property=\"og:image:height\" content=\"900\" \/>\n\t<meta property=\"og:image:type\" content=\"image\/jpeg\" \/>\n<meta name=\"author\" content=\"rbraidy\" \/>\n<meta name=\"twitter:label1\" content=\"Escrito por\" \/>\n\t<meta name=\"twitter:data1\" content=\"rbraidy\" \/>\n\t<meta name=\"twitter:label2\" content=\"Tiempo de lectura\" \/>\n\t<meta name=\"twitter:data2\" content=\"6 minutos\" \/>\n<script type=\"application\/ld+json\" class=\"yoast-schema-graph\">{\"@context\":\"https:\/\/schema.org\",\"@graph\":[{\"@type\":\"Article\",\"@id\":\"https:\/\/medicina.udd.cl\/kinesiologia-santiago\/noticias\/2025\/09\/30\/estudiantes-de-ingenieria-civil-en-biomedicina-y-kinesiologia-inician-proyectos-interdisciplinarios-que-seran-presentados-en-feria-cientifica-udd\/#article\",\"isPartOf\":{\"@id\":\"https:\/\/medicina.udd.cl\/kinesiologia-santiago\/noticias\/2025\/09\/30\/estudiantes-de-ingenieria-civil-en-biomedicina-y-kinesiologia-inician-proyectos-interdisciplinarios-que-seran-presentados-en-feria-cientifica-udd\/\"},\"author\":{\"name\":\"rbraidy\",\"@id\":\"https:\/\/medicina.udd.cl\/kinesiologia-santiago\/#\/schema\/person\/dbc3705bf3a93e8be1ba6de0ef950341\"},\"headline\":\"Estudiantes de\u00a0Ingenier\u00eda Civil en Biomedicina\u00a0y\u00a0Kinesiolog\u00eda inician proyectos interdisciplinarios\u00a0que ser\u00e1n presentados en\u00a0Feria\u00a0Cient\u00edfica UDD\u00a0\",\"datePublished\":\"2025-09-30T20:59:36+00:00\",\"dateModified\":\"2025-10-02T21:02:53+00:00\",\"mainEntityOfPage\":{\"@id\":\"https:\/\/medicina.udd.cl\/kinesiologia-santiago\/noticias\/2025\/09\/30\/estudiantes-de-ingenieria-civil-en-biomedicina-y-kinesiologia-inician-proyectos-interdisciplinarios-que-seran-presentados-en-feria-cientifica-udd\/\"},\"wordCount\":830,\"image\":{\"@id\":\"https:\/\/medicina.udd.cl\/kinesiologia-santiago\/noticias\/2025\/09\/30\/estudiantes-de-ingenieria-civil-en-biomedicina-y-kinesiologia-inician-proyectos-interdisciplinarios-que-seran-presentados-en-feria-cientifica-udd\/#primaryimage\"},\"thumbnailUrl\":\"https:\/\/medicina.udd.cl\/kinesiologia-santiago\/files\/2025\/10\/kine-biomedicina-proyectos-interdisciplinarios-1.jpeg\",\"articleSection\":[\"Noticias\"],\"inLanguage\":\"es\"},{\"@type\":\"WebPage\",\"@id\":\"https:\/\/medicina.udd.cl\/kinesiologia-santiago\/noticias\/2025\/09\/30\/estudiantes-de-ingenieria-civil-en-biomedicina-y-kinesiologia-inician-proyectos-interdisciplinarios-que-seran-presentados-en-feria-cientifica-udd\/\",\"url\":\"https:\/\/medicina.udd.cl\/kinesiologia-santiago\/noticias\/2025\/09\/30\/estudiantes-de-ingenieria-civil-en-biomedicina-y-kinesiologia-inician-proyectos-interdisciplinarios-que-seran-presentados-en-feria-cientifica-udd\/\",\"name\":\"Estudiantes de\u00a0Ingenier\u00eda Civil en Biomedicina\u00a0y\u00a0Kinesiolog\u00eda inician proyectos interdisciplinarios\u00a0que ser\u00e1n presentados en\u00a0Feria\u00a0Cient\u00edfica UDD\u00a0 - Kinesiolog\u00eda\",\"isPartOf\":{\"@id\":\"https:\/\/medicina.udd.cl\/kinesiologia-santiago\/#website\"},\"primaryImageOfPage\":{\"@id\":\"https:\/\/medicina.udd.cl\/kinesiologia-santiago\/noticias\/2025\/09\/30\/estudiantes-de-ingenieria-civil-en-biomedicina-y-kinesiologia-inician-proyectos-interdisciplinarios-que-seran-presentados-en-feria-cientifica-udd\/#primaryimage\"},\"image\":{\"@id\":\"https:\/\/medicina.udd.cl\/kinesiologia-santiago\/noticias\/2025\/09\/30\/estudiantes-de-ingenieria-civil-en-biomedicina-y-kinesiologia-inician-proyectos-interdisciplinarios-que-seran-presentados-en-feria-cientifica-udd\/#primaryimage\"},\"thumbnailUrl\":\"https:\/\/medicina.udd.cl\/kinesiologia-santiago\/files\/2025\/10\/kine-biomedicina-proyectos-interdisciplinarios-1.jpeg\",\"datePublished\":\"2025-09-30T20:59:36+00:00\",\"dateModified\":\"2025-10-02T21:02:53+00:00\",\"author\":{\"@id\":\"https:\/\/medicina.udd.cl\/kinesiologia-santiago\/#\/schema\/person\/dbc3705bf3a93e8be1ba6de0ef950341\"},\"breadcrumb\":{\"@id\":\"https:\/\/medicina.udd.cl\/kinesiologia-santiago\/noticias\/2025\/09\/30\/estudiantes-de-ingenieria-civil-en-biomedicina-y-kinesiologia-inician-proyectos-interdisciplinarios-que-seran-presentados-en-feria-cientifica-udd\/#breadcrumb\"},\"inLanguage\":\"es\",\"potentialAction\":[{\"@type\":\"ReadAction\",\"target\":[\"https:\/\/medicina.udd.cl\/kinesiologia-santiago\/noticias\/2025\/09\/30\/estudiantes-de-ingenieria-civil-en-biomedicina-y-kinesiologia-inician-proyectos-interdisciplinarios-que-seran-presentados-en-feria-cientifica-udd\/\"]}]},{\"@type\":\"ImageObject\",\"inLanguage\":\"es\",\"@id\":\"https:\/\/medicina.udd.cl\/kinesiologia-santiago\/noticias\/2025\/09\/30\/estudiantes-de-ingenieria-civil-en-biomedicina-y-kinesiologia-inician-proyectos-interdisciplinarios-que-seran-presentados-en-feria-cientifica-udd\/#primaryimage\",\"url\":\"https:\/\/medicina.udd.cl\/kinesiologia-santiago\/files\/2025\/10\/kine-biomedicina-proyectos-interdisciplinarios-1.jpeg\",\"contentUrl\":\"https:\/\/medicina.udd.cl\/kinesiologia-santiago\/files\/2025\/10\/kine-biomedicina-proyectos-interdisciplinarios-1.jpeg\",\"width\":1600,\"height\":900},{\"@type\":\"BreadcrumbList\",\"@id\":\"https:\/\/medicina.udd.cl\/kinesiologia-santiago\/noticias\/2025\/09\/30\/estudiantes-de-ingenieria-civil-en-biomedicina-y-kinesiologia-inician-proyectos-interdisciplinarios-que-seran-presentados-en-feria-cientifica-udd\/#breadcrumb\",\"itemListElement\":[{\"@type\":\"ListItem\",\"position\":1,\"name\":\"Home\",\"item\":\"https:\/\/medicina.udd.cl\/kinesiologia-santiago\/\"},{\"@type\":\"ListItem\",\"position\":2,\"name\":\"Estudiantes de\u00a0Ingenier\u00eda Civil en Biomedicina\u00a0y\u00a0Kinesiolog\u00eda inician proyectos interdisciplinarios\u00a0que ser\u00e1n presentados en\u00a0Feria\u00a0Cient\u00edfica UDD\u00a0\"}]},{\"@type\":\"WebSite\",\"@id\":\"https:\/\/medicina.udd.cl\/kinesiologia-santiago\/#website\",\"url\":\"https:\/\/medicina.udd.cl\/kinesiologia-santiago\/\",\"name\":\"Kinesiolog\u00eda\",\"description\":\"Facultad de Medicina Cl\u00ednica Alemana Universidad del Desarrollo\",\"inLanguage\":\"es\"},{\"@type\":\"Person\",\"@id\":\"https:\/\/medicina.udd.cl\/kinesiologia-santiago\/#\/schema\/person\/dbc3705bf3a93e8be1ba6de0ef950341\",\"name\":\"rbraidy\",\"image\":{\"@type\":\"ImageObject\",\"inLanguage\":\"es\",\"@id\":\"https:\/\/medicina.udd.cl\/kinesiologia-santiago\/#\/schema\/person\/image\/\",\"url\":\"https:\/\/secure.gravatar.com\/avatar\/0f8bc94637401590e45d2ce17eb65c274cb8870a219de6177f3f23e63fd8cdf3?s=96&d=mm&r=g\",\"contentUrl\":\"https:\/\/secure.gravatar.com\/avatar\/0f8bc94637401590e45d2ce17eb65c274cb8870a219de6177f3f23e63fd8cdf3?s=96&d=mm&r=g\",\"caption\":\"rbraidy\"},\"url\":\"https:\/\/medicina.udd.cl\/kinesiologia-santiago\/noticias\/author\/rbraidy\/\"}]}<\/script>\n<!-- \/ Yoast SEO plugin. -->","yoast_head_json":{"title":"Estudiantes de\u00a0Ingenier\u00eda Civil en Biomedicina\u00a0y\u00a0Kinesiolog\u00eda inician proyectos interdisciplinarios\u00a0que ser\u00e1n presentados en\u00a0Feria\u00a0Cient\u00edfica UDD\u00a0 - Kinesiolog\u00eda","robots":{"index":"index","follow":"follow","max-snippet":"max-snippet:-1","max-image-preview":"max-image-preview:large","max-video-preview":"max-video-preview:-1"},"canonical":"https:\/\/medicina.udd.cl\/kinesiologia-santiago\/noticias\/2025\/09\/30\/estudiantes-de-ingenieria-civil-en-biomedicina-y-kinesiologia-inician-proyectos-interdisciplinarios-que-seran-presentados-en-feria-cientifica-udd\/","og_locale":"es_ES","og_type":"article","og_title":"Estudiantes de\u00a0Ingenier\u00eda Civil en Biomedicina\u00a0y\u00a0Kinesiolog\u00eda inician proyectos interdisciplinarios\u00a0que ser\u00e1n presentados en\u00a0Feria\u00a0Cient\u00edfica UDD\u00a0 - Kinesiolog\u00eda","og_description":"La Facultad de Ingenier\u00eda y la&nbsp;Facultad de Medicina Cl\u00ednica Alemana Universidad del Desarrollo (UDD)&nbsp;dieron inicio a la primera etapa del proceso acad\u00e9mico en el que m\u00e1s de 120 estudiantes de las carreras de Ingenier\u00eda Civil en Biomedicina y Kinesiolog\u00eda, comenzaron la ideaci\u00f3n de proyectos interdisciplinarios, bajo la coordinaci\u00f3n del profesor Gustavo Castro,&nbsp;docente de ambas facultades. [&hellip;]","og_url":"https:\/\/medicina.udd.cl\/kinesiologia-santiago\/noticias\/2025\/09\/30\/estudiantes-de-ingenieria-civil-en-biomedicina-y-kinesiologia-inician-proyectos-interdisciplinarios-que-seran-presentados-en-feria-cientifica-udd\/","og_site_name":"Kinesiolog\u00eda","article_published_time":"2025-09-30T20:59:36+00:00","article_modified_time":"2025-10-02T21:02:53+00:00","og_image":[{"width":1600,"height":900,"url":"https:\/\/medicina.udd.cl\/kinesiologia-santiago\/files\/2025\/10\/kine-biomedicina-proyectos-interdisciplinarios-1.jpeg","type":"image\/jpeg"}],"author":"rbraidy","twitter_misc":{"Escrito por":"rbraidy","Tiempo de lectura":"6 minutos"},"schema":{"@context":"https:\/\/schema.org","@graph":[{"@type":"Article","@id":"https:\/\/medicina.udd.cl\/kinesiologia-santiago\/noticias\/2025\/09\/30\/estudiantes-de-ingenieria-civil-en-biomedicina-y-kinesiologia-inician-proyectos-interdisciplinarios-que-seran-presentados-en-feria-cientifica-udd\/#article","isPartOf":{"@id":"https:\/\/medicina.udd.cl\/kinesiologia-santiago\/noticias\/2025\/09\/30\/estudiantes-de-ingenieria-civil-en-biomedicina-y-kinesiologia-inician-proyectos-interdisciplinarios-que-seran-presentados-en-feria-cientifica-udd\/"},"author":{"name":"rbraidy","@id":"https:\/\/medicina.udd.cl\/kinesiologia-santiago\/#\/schema\/person\/dbc3705bf3a93e8be1ba6de0ef950341"},"headline":"Estudiantes de\u00a0Ingenier\u00eda Civil en Biomedicina\u00a0y\u00a0Kinesiolog\u00eda inician proyectos interdisciplinarios\u00a0que ser\u00e1n presentados en\u00a0Feria\u00a0Cient\u00edfica UDD\u00a0","datePublished":"2025-09-30T20:59:36+00:00","dateModified":"2025-10-02T21:02:53+00:00","mainEntityOfPage":{"@id":"https:\/\/medicina.udd.cl\/kinesiologia-santiago\/noticias\/2025\/09\/30\/estudiantes-de-ingenieria-civil-en-biomedicina-y-kinesiologia-inician-proyectos-interdisciplinarios-que-seran-presentados-en-feria-cientifica-udd\/"},"wordCount":830,"image":{"@id":"https:\/\/medicina.udd.cl\/kinesiologia-santiago\/noticias\/2025\/09\/30\/estudiantes-de-ingenieria-civil-en-biomedicina-y-kinesiologia-inician-proyectos-interdisciplinarios-que-seran-presentados-en-feria-cientifica-udd\/#primaryimage"},"thumbnailUrl":"https:\/\/medicina.udd.cl\/kinesiologia-santiago\/files\/2025\/10\/kine-biomedicina-proyectos-interdisciplinarios-1.jpeg","articleSection":["Noticias"],"inLanguage":"es"},{"@type":"WebPage","@id":"https:\/\/medicina.udd.cl\/kinesiologia-santiago\/noticias\/2025\/09\/30\/estudiantes-de-ingenieria-civil-en-biomedicina-y-kinesiologia-inician-proyectos-interdisciplinarios-que-seran-presentados-en-feria-cientifica-udd\/","url":"https:\/\/medicina.udd.cl\/kinesiologia-santiago\/noticias\/2025\/09\/30\/estudiantes-de-ingenieria-civil-en-biomedicina-y-kinesiologia-inician-proyectos-interdisciplinarios-que-seran-presentados-en-feria-cientifica-udd\/","name":"Estudiantes de\u00a0Ingenier\u00eda Civil en Biomedicina\u00a0y\u00a0Kinesiolog\u00eda inician proyectos interdisciplinarios\u00a0que ser\u00e1n presentados en\u00a0Feria\u00a0Cient\u00edfica UDD\u00a0 - Kinesiolog\u00eda","isPartOf":{"@id":"https:\/\/medicina.udd.cl\/kinesiologia-santiago\/#website"},"primaryImageOfPage":{"@id":"https:\/\/medicina.udd.cl\/kinesiologia-santiago\/noticias\/2025\/09\/30\/estudiantes-de-ingenieria-civil-en-biomedicina-y-kinesiologia-inician-proyectos-interdisciplinarios-que-seran-presentados-en-feria-cientifica-udd\/#primaryimage"},"image":{"@id":"https:\/\/medicina.udd.cl\/kinesiologia-santiago\/noticias\/2025\/09\/30\/estudiantes-de-ingenieria-civil-en-biomedicina-y-kinesiologia-inician-proyectos-interdisciplinarios-que-seran-presentados-en-feria-cientifica-udd\/#primaryimage"},"thumbnailUrl":"https:\/\/medicina.udd.cl\/kinesiologia-santiago\/files\/2025\/10\/kine-biomedicina-proyectos-interdisciplinarios-1.jpeg","datePublished":"2025-09-30T20:59:36+00:00","dateModified":"2025-10-02T21:02:53+00:00","author":{"@id":"https:\/\/medicina.udd.cl\/kinesiologia-santiago\/#\/schema\/person\/dbc3705bf3a93e8be1ba6de0ef950341"},"breadcrumb":{"@id":"https:\/\/medicina.udd.cl\/kinesiologia-santiago\/noticias\/2025\/09\/30\/estudiantes-de-ingenieria-civil-en-biomedicina-y-kinesiologia-inician-proyectos-interdisciplinarios-que-seran-presentados-en-feria-cientifica-udd\/#breadcrumb"},"inLanguage":"es","potentialAction":[{"@type":"ReadAction","target":["https:\/\/medicina.udd.cl\/kinesiologia-santiago\/noticias\/2025\/09\/30\/estudiantes-de-ingenieria-civil-en-biomedicina-y-kinesiologia-inician-proyectos-interdisciplinarios-que-seran-presentados-en-feria-cientifica-udd\/"]}]},{"@type":"ImageObject","inLanguage":"es","@id":"https:\/\/medicina.udd.cl\/kinesiologia-santiago\/noticias\/2025\/09\/30\/estudiantes-de-ingenieria-civil-en-biomedicina-y-kinesiologia-inician-proyectos-interdisciplinarios-que-seran-presentados-en-feria-cientifica-udd\/#primaryimage","url":"https:\/\/medicina.udd.cl\/kinesiologia-santiago\/files\/2025\/10\/kine-biomedicina-proyectos-interdisciplinarios-1.jpeg","contentUrl":"https:\/\/medicina.udd.cl\/kinesiologia-santiago\/files\/2025\/10\/kine-biomedicina-proyectos-interdisciplinarios-1.jpeg","width":1600,"height":900},{"@type":"BreadcrumbList","@id":"https:\/\/medicina.udd.cl\/kinesiologia-santiago\/noticias\/2025\/09\/30\/estudiantes-de-ingenieria-civil-en-biomedicina-y-kinesiologia-inician-proyectos-interdisciplinarios-que-seran-presentados-en-feria-cientifica-udd\/#breadcrumb","itemListElement":[{"@type":"ListItem","position":1,"name":"Home","item":"https:\/\/medicina.udd.cl\/kinesiologia-santiago\/"},{"@type":"ListItem","position":2,"name":"Estudiantes de\u00a0Ingenier\u00eda Civil en Biomedicina\u00a0y\u00a0Kinesiolog\u00eda inician proyectos interdisciplinarios\u00a0que ser\u00e1n presentados en\u00a0Feria\u00a0Cient\u00edfica UDD\u00a0"}]},{"@type":"WebSite","@id":"https:\/\/medicina.udd.cl\/kinesiologia-santiago\/#website","url":"https:\/\/medicina.udd.cl\/kinesiologia-santiago\/","name":"Kinesiolog\u00eda","description":"Facultad de Medicina Cl\u00ednica Alemana Universidad del Desarrollo","inLanguage":"es"},{"@type":"Person","@id":"https:\/\/medicina.udd.cl\/kinesiologia-santiago\/#\/schema\/person\/dbc3705bf3a93e8be1ba6de0ef950341","name":"rbraidy","image":{"@type":"ImageObject","inLanguage":"es","@id":"https:\/\/medicina.udd.cl\/kinesiologia-santiago\/#\/schema\/person\/image\/","url":"https:\/\/secure.gravatar.com\/avatar\/0f8bc94637401590e45d2ce17eb65c274cb8870a219de6177f3f23e63fd8cdf3?s=96&d=mm&r=g","contentUrl":"https:\/\/secure.gravatar.com\/avatar\/0f8bc94637401590e45d2ce17eb65c274cb8870a219de6177f3f23e63fd8cdf3?s=96&d=mm&r=g","caption":"rbraidy"},"url":"https:\/\/medicina.udd.cl\/kinesiologia-santiago\/noticias\/author\/rbraidy\/"}]}},"featured_image_url":"https:\/\/medicina.udd.cl\/kinesiologia-santiago\/files\/2025\/10\/kine-biomedicina-proyectos-interdisciplinarios-1.jpeg","_links":{"self":[{"href":"https:\/\/medicina.udd.cl\/kinesiologia-santiago\/wp-json\/wp\/v2\/posts\/7266","targetHints":{"allow":["GET"]}}],"collection":[{"href":"https:\/\/medicina.udd.cl\/kinesiologia-santiago\/wp-json\/wp\/v2\/posts"}],"about":[{"href":"https:\/\/medicina.udd.cl\/kinesiologia-santiago\/wp-json\/wp\/v2\/types\/post"}],"author":[{"embeddable":true,"href":"https:\/\/medicina.udd.cl\/kinesiologia-santiago\/wp-json\/wp\/v2\/users\/9192219"}],"replies":[{"embeddable":true,"href":"https:\/\/medicina.udd.cl\/kinesiologia-santiago\/wp-json\/wp\/v2\/comments?post=7266"}],"version-history":[{"count":1,"href":"https:\/\/medicina.udd.cl\/kinesiologia-santiago\/wp-json\/wp\/v2\/posts\/7266\/revisions"}],"predecessor-version":[{"id":7275,"href":"https:\/\/medicina.udd.cl\/kinesiologia-santiago\/wp-json\/wp\/v2\/posts\/7266\/revisions\/7275"}],"wp:featuredmedia":[{"embeddable":true,"href":"https:\/\/medicina.udd.cl\/kinesiologia-santiago\/wp-json\/wp\/v2\/media\/7274"}],"wp:attachment":[{"href":"https:\/\/medicina.udd.cl\/kinesiologia-santiago\/wp-json\/wp\/v2\/media?parent=7266"}],"wp:term":[{"taxonomy":"category","embeddable":true,"href":"https:\/\/medicina.udd.cl\/kinesiologia-santiago\/wp-json\/wp\/v2\/categories?post=7266"},{"taxonomy":"post_tag","embeddable":true,"href":"https:\/\/medicina.udd.cl\/kinesiologia-santiago\/wp-json\/wp\/v2\/tags?post=7266"}],"curies":[{"name":"wp","href":"https:\/\/api.w.org\/{rel}","templated":true}]}}