{"id":7278,"date":"2025-10-29T10:17:52","date_gmt":"2025-10-29T13:17:52","guid":{"rendered":"https:\/\/medicina.udd.cl\/kinesiologia-santiago\/?p=7278"},"modified":"2025-10-29T10:17:54","modified_gmt":"2025-10-29T13:17:54","slug":"director-de-kinesiologia-udd-expone-en-jornada-nacional-sobre-kinesiologia-intensiva","status":"publish","type":"post","link":"https:\/\/medicina.udd.cl\/kinesiologia-santiago\/noticias\/2025\/10\/29\/director-de-kinesiologia-udd-expone-en-jornada-nacional-sobre-kinesiologia-intensiva\/","title":{"rendered":"Director de Kinesiolog\u00eda UDD expone en jornada nacional sobre Kinesiolog\u00eda Intensiva"},"content":{"rendered":"\n<figure class=\"wp-block-gallery has-nested-images columns-default is-cropped wp-block-gallery-1 is-layout-flex wp-block-gallery-is-layout-flex\">\n<figure class=\"wp-block-image size-large\"><a href=\"https:\/\/medicina.udd.cl\/kinesiologia-santiago\/files\/2025\/10\/jorge-molina_jornada-kinesiologia-intensiva-1.jpg\"><img loading=\"lazy\" decoding=\"async\" width=\"1024\" height=\"768\" data-id=\"7281\" src=\"https:\/\/medicina.udd.cl\/kinesiologia-santiago\/files\/2025\/10\/jorge-molina_jornada-kinesiologia-intensiva-1-1024x768.jpg\" alt=\"\" class=\"wp-image-7281\" srcset=\"https:\/\/medicina.udd.cl\/kinesiologia-santiago\/files\/2025\/10\/jorge-molina_jornada-kinesiologia-intensiva-1-1024x768.jpg 1024w, https:\/\/medicina.udd.cl\/kinesiologia-santiago\/files\/2025\/10\/jorge-molina_jornada-kinesiologia-intensiva-1-300x225.jpg 300w, https:\/\/medicina.udd.cl\/kinesiologia-santiago\/files\/2025\/10\/jorge-molina_jornada-kinesiologia-intensiva-1-768x576.jpg 768w, https:\/\/medicina.udd.cl\/kinesiologia-santiago\/files\/2025\/10\/jorge-molina_jornada-kinesiologia-intensiva-1.jpg 1113w\" sizes=\"auto, (max-width: 1024px) 100vw, 1024px\" \/><\/a><\/figure>\n\n\n\n<figure class=\"wp-block-image size-large\"><a href=\"https:\/\/medicina.udd.cl\/kinesiologia-santiago\/files\/2025\/10\/jorge-molina_jornada-kinesiologia-intensiva-3.jpg\"><img loading=\"lazy\" decoding=\"async\" width=\"1024\" height=\"768\" data-id=\"7282\" src=\"https:\/\/medicina.udd.cl\/kinesiologia-santiago\/files\/2025\/10\/jorge-molina_jornada-kinesiologia-intensiva-3-1024x768.jpg\" alt=\"\" class=\"wp-image-7282\" srcset=\"https:\/\/medicina.udd.cl\/kinesiologia-santiago\/files\/2025\/10\/jorge-molina_jornada-kinesiologia-intensiva-3-1024x768.jpg 1024w, https:\/\/medicina.udd.cl\/kinesiologia-santiago\/files\/2025\/10\/jorge-molina_jornada-kinesiologia-intensiva-3-300x225.jpg 300w, https:\/\/medicina.udd.cl\/kinesiologia-santiago\/files\/2025\/10\/jorge-molina_jornada-kinesiologia-intensiva-3-768x576.jpg 768w, https:\/\/medicina.udd.cl\/kinesiologia-santiago\/files\/2025\/10\/jorge-molina_jornada-kinesiologia-intensiva-3.jpg 1280w\" sizes=\"auto, (max-width: 1024px) 100vw, 1024px\" \/><\/a><\/figure>\n\n\n\n<figure class=\"wp-block-image size-large\"><a href=\"https:\/\/medicina.udd.cl\/kinesiologia-santiago\/files\/2025\/10\/jorge-molina_jornada-kinesiologia-intensiva-2-1.jpg\"><img loading=\"lazy\" decoding=\"async\" width=\"1024\" height=\"768\" data-id=\"7283\" src=\"https:\/\/medicina.udd.cl\/kinesiologia-santiago\/files\/2025\/10\/jorge-molina_jornada-kinesiologia-intensiva-2-1-1024x768.jpg\" alt=\"\" class=\"wp-image-7283\" srcset=\"https:\/\/medicina.udd.cl\/kinesiologia-santiago\/files\/2025\/10\/jorge-molina_jornada-kinesiologia-intensiva-2-1-1024x768.jpg 1024w, https:\/\/medicina.udd.cl\/kinesiologia-santiago\/files\/2025\/10\/jorge-molina_jornada-kinesiologia-intensiva-2-1-300x225.jpg 300w, https:\/\/medicina.udd.cl\/kinesiologia-santiago\/files\/2025\/10\/jorge-molina_jornada-kinesiologia-intensiva-2-1-768x576.jpg 768w, https:\/\/medicina.udd.cl\/kinesiologia-santiago\/files\/2025\/10\/jorge-molina_jornada-kinesiologia-intensiva-2-1.jpg 1280w\" sizes=\"auto, (max-width: 1024px) 100vw, 1024px\" \/><\/a><\/figure>\n<\/figure>\n\n\n\n<p>El pasado 28 de octubre, el director de la carrera de Kinesiolog\u00eda de la Universidad del Desarrollo, Jorge Molina, particip\u00f3 como expositor en la jornada DIKISOCHIMI: Precursores de la Kinesiolog\u00eda Intensiva, organizada por la Divisi\u00f3n de Kinesiolog\u00eda de la Sociedad Chilena de Medicina Intensiva (SOCHIMI). El evento se realiz\u00f3 en el Auditorio Noxis de la Cl\u00ednica MEDS y reuni\u00f3 a profesionales de todo el pa\u00eds para reflexionar sobre las bases, la innovaci\u00f3n y la pr\u00e1ctica cl\u00ednica en el \u00e1rea de la kinesiolog\u00eda intensiva.<\/p>\n\n\n\n<p>Jorge Molina, quien adem\u00e1s es presidente de la DENAKE (Asociaci\u00f3n Nacional de Acreditaci\u00f3n de Kinesi\u00f3logos Especialistas), present\u00f3 en el m\u00f3dulo titulado <em>\u201cGesti\u00f3n y cimientos de la Kinesiolog\u00eda Intensiva en Chile\u201d<\/em>, donde abord\u00f3 el desarrollo de esta especialidad en el pa\u00eds y el rol de DENAKE en la acreditaci\u00f3n de profesionales del \u00e1rea.<\/p>\n\n\n\n<p>La participaci\u00f3n del acad\u00e9mico reafirma el compromiso de la UDD con el avance de la disciplina y la formaci\u00f3n de kinesi\u00f3logos altamente capacitados para enfrentar los desaf\u00edos cl\u00ednicos actuales.<\/p>\n","protected":false},"excerpt":{"rendered":"<p>El pasado 28 de octubre, el director de la carrera de Kinesiolog\u00eda de la Universidad del Desarrollo, Jorge Molina, particip\u00f3 como expositor en la jornada DIKISOCHIMI: Precursores de la Kinesiolog\u00eda Intensiva, organizada por la Divisi\u00f3n de Kinesiolog\u00eda de la Sociedad Chilena de Medicina Intensiva (SOCHIMI). El evento se realiz\u00f3 en el Auditorio Noxis de la [&hellip;]<\/p>\n","protected":false},"author":9192254,"featured_media":7283,"comment_status":"closed","ping_status":"open","sticky":false,"template":"","format":"standard","meta":{"footnotes":""},"categories":[4],"tags":[],"class_list":["post-7278","post","type-post","status-publish","format-standard","has-post-thumbnail","hentry","category-noticias"],"yoast_head":"<!-- This site is optimized with the Yoast SEO plugin v26.9 - https:\/\/yoast.com\/product\/yoast-seo-wordpress\/ -->\n<title>Director de Kinesiolog\u00eda UDD expone en jornada nacional sobre Kinesiolog\u00eda Intensiva - Kinesiolog\u00eda<\/title>\n<meta name=\"robots\" content=\"index, follow, max-snippet:-1, max-image-preview:large, max-video-preview:-1\" \/>\n<link rel=\"canonical\" href=\"https:\/\/medicina.udd.cl\/kinesiologia-santiago\/noticias\/2025\/10\/29\/director-de-kinesiologia-udd-expone-en-jornada-nacional-sobre-kinesiologia-intensiva\/\" \/>\n<meta property=\"og:locale\" content=\"es_ES\" \/>\n<meta property=\"og:type\" content=\"article\" \/>\n<meta property=\"og:title\" content=\"Director de Kinesiolog\u00eda UDD expone en jornada nacional sobre Kinesiolog\u00eda Intensiva - Kinesiolog\u00eda\" \/>\n<meta property=\"og:description\" content=\"El pasado 28 de octubre, el director de la carrera de Kinesiolog\u00eda de la Universidad del Desarrollo, Jorge Molina, particip\u00f3 como expositor en la jornada DIKISOCHIMI: Precursores de la Kinesiolog\u00eda Intensiva, organizada por la Divisi\u00f3n de Kinesiolog\u00eda de la Sociedad Chilena de Medicina Intensiva (SOCHIMI). El evento se realiz\u00f3 en el Auditorio Noxis de la [&hellip;]\" \/>\n<meta property=\"og:url\" content=\"https:\/\/medicina.udd.cl\/kinesiologia-santiago\/noticias\/2025\/10\/29\/director-de-kinesiologia-udd-expone-en-jornada-nacional-sobre-kinesiologia-intensiva\/\" \/>\n<meta property=\"og:site_name\" content=\"Kinesiolog\u00eda\" \/>\n<meta property=\"article:published_time\" content=\"2025-10-29T13:17:52+00:00\" \/>\n<meta property=\"article:modified_time\" content=\"2025-10-29T13:17:54+00:00\" \/>\n<meta property=\"og:image\" content=\"https:\/\/medicina.udd.cl\/kinesiologia-santiago\/files\/2025\/10\/jorge-molina_jornada-kinesiologia-intensiva-2-1.jpg\" \/>\n\t<meta property=\"og:image:width\" content=\"1280\" \/>\n\t<meta property=\"og:image:height\" content=\"960\" \/>\n\t<meta property=\"og:image:type\" content=\"image\/jpeg\" \/>\n<meta name=\"author\" content=\"magdalenaestay\" \/>\n<meta name=\"twitter:label1\" content=\"Escrito por\" \/>\n\t<meta name=\"twitter:data1\" content=\"magdalenaestay\" \/>\n\t<meta name=\"twitter:label2\" content=\"Tiempo de lectura\" \/>\n\t<meta name=\"twitter:data2\" content=\"2 minutos\" \/>\n<script type=\"application\/ld+json\" class=\"yoast-schema-graph\">{\"@context\":\"https:\/\/schema.org\",\"@graph\":[{\"@type\":\"Article\",\"@id\":\"https:\/\/medicina.udd.cl\/kinesiologia-santiago\/noticias\/2025\/10\/29\/director-de-kinesiologia-udd-expone-en-jornada-nacional-sobre-kinesiologia-intensiva\/#article\",\"isPartOf\":{\"@id\":\"https:\/\/medicina.udd.cl\/kinesiologia-santiago\/noticias\/2025\/10\/29\/director-de-kinesiologia-udd-expone-en-jornada-nacional-sobre-kinesiologia-intensiva\/\"},\"author\":{\"name\":\"magdalenaestay\",\"@id\":\"https:\/\/medicina.udd.cl\/kinesiologia-santiago\/#\/schema\/person\/ed6f79d59c0f820f128a5bb9801ef1f2\"},\"headline\":\"Director de Kinesiolog\u00eda UDD expone en jornada nacional sobre Kinesiolog\u00eda Intensiva\",\"datePublished\":\"2025-10-29T13:17:52+00:00\",\"dateModified\":\"2025-10-29T13:17:54+00:00\",\"mainEntityOfPage\":{\"@id\":\"https:\/\/medicina.udd.cl\/kinesiologia-santiago\/noticias\/2025\/10\/29\/director-de-kinesiologia-udd-expone-en-jornada-nacional-sobre-kinesiologia-intensiva\/\"},\"wordCount\":201,\"image\":{\"@id\":\"https:\/\/medicina.udd.cl\/kinesiologia-santiago\/noticias\/2025\/10\/29\/director-de-kinesiologia-udd-expone-en-jornada-nacional-sobre-kinesiologia-intensiva\/#primaryimage\"},\"thumbnailUrl\":\"https:\/\/medicina.udd.cl\/kinesiologia-santiago\/files\/2025\/10\/jorge-molina_jornada-kinesiologia-intensiva-2-1.jpg\",\"articleSection\":[\"Noticias\"],\"inLanguage\":\"es\"},{\"@type\":\"WebPage\",\"@id\":\"https:\/\/medicina.udd.cl\/kinesiologia-santiago\/noticias\/2025\/10\/29\/director-de-kinesiologia-udd-expone-en-jornada-nacional-sobre-kinesiologia-intensiva\/\",\"url\":\"https:\/\/medicina.udd.cl\/kinesiologia-santiago\/noticias\/2025\/10\/29\/director-de-kinesiologia-udd-expone-en-jornada-nacional-sobre-kinesiologia-intensiva\/\",\"name\":\"Director de Kinesiolog\u00eda UDD expone en jornada nacional sobre Kinesiolog\u00eda Intensiva - Kinesiolog\u00eda\",\"isPartOf\":{\"@id\":\"https:\/\/medicina.udd.cl\/kinesiologia-santiago\/#website\"},\"primaryImageOfPage\":{\"@id\":\"https:\/\/medicina.udd.cl\/kinesiologia-santiago\/noticias\/2025\/10\/29\/director-de-kinesiologia-udd-expone-en-jornada-nacional-sobre-kinesiologia-intensiva\/#primaryimage\"},\"image\":{\"@id\":\"https:\/\/medicina.udd.cl\/kinesiologia-santiago\/noticias\/2025\/10\/29\/director-de-kinesiologia-udd-expone-en-jornada-nacional-sobre-kinesiologia-intensiva\/#primaryimage\"},\"thumbnailUrl\":\"https:\/\/medicina.udd.cl\/kinesiologia-santiago\/files\/2025\/10\/jorge-molina_jornada-kinesiologia-intensiva-2-1.jpg\",\"datePublished\":\"2025-10-29T13:17:52+00:00\",\"dateModified\":\"2025-10-29T13:17:54+00:00\",\"author\":{\"@id\":\"https:\/\/medicina.udd.cl\/kinesiologia-santiago\/#\/schema\/person\/ed6f79d59c0f820f128a5bb9801ef1f2\"},\"breadcrumb\":{\"@id\":\"https:\/\/medicina.udd.cl\/kinesiologia-santiago\/noticias\/2025\/10\/29\/director-de-kinesiologia-udd-expone-en-jornada-nacional-sobre-kinesiologia-intensiva\/#breadcrumb\"},\"inLanguage\":\"es\",\"potentialAction\":[{\"@type\":\"ReadAction\",\"target\":[\"https:\/\/medicina.udd.cl\/kinesiologia-santiago\/noticias\/2025\/10\/29\/director-de-kinesiologia-udd-expone-en-jornada-nacional-sobre-kinesiologia-intensiva\/\"]}]},{\"@type\":\"ImageObject\",\"inLanguage\":\"es\",\"@id\":\"https:\/\/medicina.udd.cl\/kinesiologia-santiago\/noticias\/2025\/10\/29\/director-de-kinesiologia-udd-expone-en-jornada-nacional-sobre-kinesiologia-intensiva\/#primaryimage\",\"url\":\"https:\/\/medicina.udd.cl\/kinesiologia-santiago\/files\/2025\/10\/jorge-molina_jornada-kinesiologia-intensiva-2-1.jpg\",\"contentUrl\":\"https:\/\/medicina.udd.cl\/kinesiologia-santiago\/files\/2025\/10\/jorge-molina_jornada-kinesiologia-intensiva-2-1.jpg\",\"width\":1280,\"height\":960},{\"@type\":\"BreadcrumbList\",\"@id\":\"https:\/\/medicina.udd.cl\/kinesiologia-santiago\/noticias\/2025\/10\/29\/director-de-kinesiologia-udd-expone-en-jornada-nacional-sobre-kinesiologia-intensiva\/#breadcrumb\",\"itemListElement\":[{\"@type\":\"ListItem\",\"position\":1,\"name\":\"Home\",\"item\":\"https:\/\/medicina.udd.cl\/kinesiologia-santiago\/\"},{\"@type\":\"ListItem\",\"position\":2,\"name\":\"Director de Kinesiolog\u00eda UDD expone en jornada nacional sobre Kinesiolog\u00eda Intensiva\"}]},{\"@type\":\"WebSite\",\"@id\":\"https:\/\/medicina.udd.cl\/kinesiologia-santiago\/#website\",\"url\":\"https:\/\/medicina.udd.cl\/kinesiologia-santiago\/\",\"name\":\"Kinesiolog\u00eda\",\"description\":\"Facultad de Medicina Cl\u00ednica Alemana Universidad del Desarrollo\",\"inLanguage\":\"es\"},{\"@type\":\"Person\",\"@id\":\"https:\/\/medicina.udd.cl\/kinesiologia-santiago\/#\/schema\/person\/ed6f79d59c0f820f128a5bb9801ef1f2\",\"name\":\"magdalenaestay\",\"image\":{\"@type\":\"ImageObject\",\"inLanguage\":\"es\",\"@id\":\"https:\/\/medicina.udd.cl\/kinesiologia-santiago\/#\/schema\/person\/image\/\",\"url\":\"https:\/\/secure.gravatar.com\/avatar\/b068ccaa115501438dab22979d0ff56e6306c4f89777269db483369ec65d8dc1?s=96&d=mm&r=g\",\"contentUrl\":\"https:\/\/secure.gravatar.com\/avatar\/b068ccaa115501438dab22979d0ff56e6306c4f89777269db483369ec65d8dc1?s=96&d=mm&r=g\",\"caption\":\"magdalenaestay\"},\"url\":\"https:\/\/medicina.udd.cl\/kinesiologia-santiago\/noticias\/author\/magdalenaestay\/\"}]}<\/script>\n<!-- \/ Yoast SEO plugin. -->","yoast_head_json":{"title":"Director de Kinesiolog\u00eda UDD expone en jornada nacional sobre Kinesiolog\u00eda Intensiva - Kinesiolog\u00eda","robots":{"index":"index","follow":"follow","max-snippet":"max-snippet:-1","max-image-preview":"max-image-preview:large","max-video-preview":"max-video-preview:-1"},"canonical":"https:\/\/medicina.udd.cl\/kinesiologia-santiago\/noticias\/2025\/10\/29\/director-de-kinesiologia-udd-expone-en-jornada-nacional-sobre-kinesiologia-intensiva\/","og_locale":"es_ES","og_type":"article","og_title":"Director de Kinesiolog\u00eda UDD expone en jornada nacional sobre Kinesiolog\u00eda Intensiva - Kinesiolog\u00eda","og_description":"El pasado 28 de octubre, el director de la carrera de Kinesiolog\u00eda de la Universidad del Desarrollo, Jorge Molina, particip\u00f3 como expositor en la jornada DIKISOCHIMI: Precursores de la Kinesiolog\u00eda Intensiva, organizada por la Divisi\u00f3n de Kinesiolog\u00eda de la Sociedad Chilena de Medicina Intensiva (SOCHIMI). El evento se realiz\u00f3 en el Auditorio Noxis de la [&hellip;]","og_url":"https:\/\/medicina.udd.cl\/kinesiologia-santiago\/noticias\/2025\/10\/29\/director-de-kinesiologia-udd-expone-en-jornada-nacional-sobre-kinesiologia-intensiva\/","og_site_name":"Kinesiolog\u00eda","article_published_time":"2025-10-29T13:17:52+00:00","article_modified_time":"2025-10-29T13:17:54+00:00","og_image":[{"width":1280,"height":960,"url":"https:\/\/medicina.udd.cl\/kinesiologia-santiago\/files\/2025\/10\/jorge-molina_jornada-kinesiologia-intensiva-2-1.jpg","type":"image\/jpeg"}],"author":"magdalenaestay","twitter_misc":{"Escrito por":"magdalenaestay","Tiempo de lectura":"2 minutos"},"schema":{"@context":"https:\/\/schema.org","@graph":[{"@type":"Article","@id":"https:\/\/medicina.udd.cl\/kinesiologia-santiago\/noticias\/2025\/10\/29\/director-de-kinesiologia-udd-expone-en-jornada-nacional-sobre-kinesiologia-intensiva\/#article","isPartOf":{"@id":"https:\/\/medicina.udd.cl\/kinesiologia-santiago\/noticias\/2025\/10\/29\/director-de-kinesiologia-udd-expone-en-jornada-nacional-sobre-kinesiologia-intensiva\/"},"author":{"name":"magdalenaestay","@id":"https:\/\/medicina.udd.cl\/kinesiologia-santiago\/#\/schema\/person\/ed6f79d59c0f820f128a5bb9801ef1f2"},"headline":"Director de Kinesiolog\u00eda UDD expone en jornada nacional sobre Kinesiolog\u00eda Intensiva","datePublished":"2025-10-29T13:17:52+00:00","dateModified":"2025-10-29T13:17:54+00:00","mainEntityOfPage":{"@id":"https:\/\/medicina.udd.cl\/kinesiologia-santiago\/noticias\/2025\/10\/29\/director-de-kinesiologia-udd-expone-en-jornada-nacional-sobre-kinesiologia-intensiva\/"},"wordCount":201,"image":{"@id":"https:\/\/medicina.udd.cl\/kinesiologia-santiago\/noticias\/2025\/10\/29\/director-de-kinesiologia-udd-expone-en-jornada-nacional-sobre-kinesiologia-intensiva\/#primaryimage"},"thumbnailUrl":"https:\/\/medicina.udd.cl\/kinesiologia-santiago\/files\/2025\/10\/jorge-molina_jornada-kinesiologia-intensiva-2-1.jpg","articleSection":["Noticias"],"inLanguage":"es"},{"@type":"WebPage","@id":"https:\/\/medicina.udd.cl\/kinesiologia-santiago\/noticias\/2025\/10\/29\/director-de-kinesiologia-udd-expone-en-jornada-nacional-sobre-kinesiologia-intensiva\/","url":"https:\/\/medicina.udd.cl\/kinesiologia-santiago\/noticias\/2025\/10\/29\/director-de-kinesiologia-udd-expone-en-jornada-nacional-sobre-kinesiologia-intensiva\/","name":"Director de Kinesiolog\u00eda UDD expone en jornada nacional sobre Kinesiolog\u00eda Intensiva - Kinesiolog\u00eda","isPartOf":{"@id":"https:\/\/medicina.udd.cl\/kinesiologia-santiago\/#website"},"primaryImageOfPage":{"@id":"https:\/\/medicina.udd.cl\/kinesiologia-santiago\/noticias\/2025\/10\/29\/director-de-kinesiologia-udd-expone-en-jornada-nacional-sobre-kinesiologia-intensiva\/#primaryimage"},"image":{"@id":"https:\/\/medicina.udd.cl\/kinesiologia-santiago\/noticias\/2025\/10\/29\/director-de-kinesiologia-udd-expone-en-jornada-nacional-sobre-kinesiologia-intensiva\/#primaryimage"},"thumbnailUrl":"https:\/\/medicina.udd.cl\/kinesiologia-santiago\/files\/2025\/10\/jorge-molina_jornada-kinesiologia-intensiva-2-1.jpg","datePublished":"2025-10-29T13:17:52+00:00","dateModified":"2025-10-29T13:17:54+00:00","author":{"@id":"https:\/\/medicina.udd.cl\/kinesiologia-santiago\/#\/schema\/person\/ed6f79d59c0f820f128a5bb9801ef1f2"},"breadcrumb":{"@id":"https:\/\/medicina.udd.cl\/kinesiologia-santiago\/noticias\/2025\/10\/29\/director-de-kinesiologia-udd-expone-en-jornada-nacional-sobre-kinesiologia-intensiva\/#breadcrumb"},"inLanguage":"es","potentialAction":[{"@type":"ReadAction","target":["https:\/\/medicina.udd.cl\/kinesiologia-santiago\/noticias\/2025\/10\/29\/director-de-kinesiologia-udd-expone-en-jornada-nacional-sobre-kinesiologia-intensiva\/"]}]},{"@type":"ImageObject","inLanguage":"es","@id":"https:\/\/medicina.udd.cl\/kinesiologia-santiago\/noticias\/2025\/10\/29\/director-de-kinesiologia-udd-expone-en-jornada-nacional-sobre-kinesiologia-intensiva\/#primaryimage","url":"https:\/\/medicina.udd.cl\/kinesiologia-santiago\/files\/2025\/10\/jorge-molina_jornada-kinesiologia-intensiva-2-1.jpg","contentUrl":"https:\/\/medicina.udd.cl\/kinesiologia-santiago\/files\/2025\/10\/jorge-molina_jornada-kinesiologia-intensiva-2-1.jpg","width":1280,"height":960},{"@type":"BreadcrumbList","@id":"https:\/\/medicina.udd.cl\/kinesiologia-santiago\/noticias\/2025\/10\/29\/director-de-kinesiologia-udd-expone-en-jornada-nacional-sobre-kinesiologia-intensiva\/#breadcrumb","itemListElement":[{"@type":"ListItem","position":1,"name":"Home","item":"https:\/\/medicina.udd.cl\/kinesiologia-santiago\/"},{"@type":"ListItem","position":2,"name":"Director de Kinesiolog\u00eda UDD expone en jornada nacional sobre Kinesiolog\u00eda Intensiva"}]},{"@type":"WebSite","@id":"https:\/\/medicina.udd.cl\/kinesiologia-santiago\/#website","url":"https:\/\/medicina.udd.cl\/kinesiologia-santiago\/","name":"Kinesiolog\u00eda","description":"Facultad de Medicina Cl\u00ednica Alemana Universidad del Desarrollo","inLanguage":"es"},{"@type":"Person","@id":"https:\/\/medicina.udd.cl\/kinesiologia-santiago\/#\/schema\/person\/ed6f79d59c0f820f128a5bb9801ef1f2","name":"magdalenaestay","image":{"@type":"ImageObject","inLanguage":"es","@id":"https:\/\/medicina.udd.cl\/kinesiologia-santiago\/#\/schema\/person\/image\/","url":"https:\/\/secure.gravatar.com\/avatar\/b068ccaa115501438dab22979d0ff56e6306c4f89777269db483369ec65d8dc1?s=96&d=mm&r=g","contentUrl":"https:\/\/secure.gravatar.com\/avatar\/b068ccaa115501438dab22979d0ff56e6306c4f89777269db483369ec65d8dc1?s=96&d=mm&r=g","caption":"magdalenaestay"},"url":"https:\/\/medicina.udd.cl\/kinesiologia-santiago\/noticias\/author\/magdalenaestay\/"}]}},"featured_image_url":"https:\/\/medicina.udd.cl\/kinesiologia-santiago\/files\/2025\/10\/jorge-molina_jornada-kinesiologia-intensiva-2-1.jpg","_links":{"self":[{"href":"https:\/\/medicina.udd.cl\/kinesiologia-santiago\/wp-json\/wp\/v2\/posts\/7278","targetHints":{"allow":["GET"]}}],"collection":[{"href":"https:\/\/medicina.udd.cl\/kinesiologia-santiago\/wp-json\/wp\/v2\/posts"}],"about":[{"href":"https:\/\/medicina.udd.cl\/kinesiologia-santiago\/wp-json\/wp\/v2\/types\/post"}],"author":[{"embeddable":true,"href":"https:\/\/medicina.udd.cl\/kinesiologia-santiago\/wp-json\/wp\/v2\/users\/9192254"}],"replies":[{"embeddable":true,"href":"https:\/\/medicina.udd.cl\/kinesiologia-santiago\/wp-json\/wp\/v2\/comments?post=7278"}],"version-history":[{"count":1,"href":"https:\/\/medicina.udd.cl\/kinesiologia-santiago\/wp-json\/wp\/v2\/posts\/7278\/revisions"}],"predecessor-version":[{"id":7284,"href":"https:\/\/medicina.udd.cl\/kinesiologia-santiago\/wp-json\/wp\/v2\/posts\/7278\/revisions\/7284"}],"wp:featuredmedia":[{"embeddable":true,"href":"https:\/\/medicina.udd.cl\/kinesiologia-santiago\/wp-json\/wp\/v2\/media\/7283"}],"wp:attachment":[{"href":"https:\/\/medicina.udd.cl\/kinesiologia-santiago\/wp-json\/wp\/v2\/media?parent=7278"}],"wp:term":[{"taxonomy":"category","embeddable":true,"href":"https:\/\/medicina.udd.cl\/kinesiologia-santiago\/wp-json\/wp\/v2\/categories?post=7278"},{"taxonomy":"post_tag","embeddable":true,"href":"https:\/\/medicina.udd.cl\/kinesiologia-santiago\/wp-json\/wp\/v2\/tags?post=7278"}],"curies":[{"name":"wp","href":"https:\/\/api.w.org\/{rel}","templated":true}]}}