{"id":7285,"date":"2025-10-29T10:29:30","date_gmt":"2025-10-29T13:29:30","guid":{"rendered":"https:\/\/medicina.udd.cl\/kinesiologia-santiago\/?p=7285"},"modified":"2025-10-30T16:18:43","modified_gmt":"2025-10-30T19:18:43","slug":"celebracion-del-dia-del-kinesiologo-especialista-destaca-liderazgo-udd-y-nuevos-reconocimientos","status":"publish","type":"post","link":"https:\/\/medicina.udd.cl\/kinesiologia-santiago\/noticias\/2025\/10\/29\/celebracion-del-dia-del-kinesiologo-especialista-destaca-liderazgo-udd-y-nuevos-reconocimientos\/","title":{"rendered":"Celebraci\u00f3n del D\u00eda del Kinesi\u00f3logo Especialista destaca liderazgo UDD y nuevos reconocimientos"},"content":{"rendered":"\n<figure class=\"wp-block-gallery has-nested-images columns-default is-cropped wp-block-gallery-1 is-layout-flex wp-block-gallery-is-layout-flex\">\n<figure class=\"wp-block-image size-large\"><a href=\"https:\/\/medicina.udd.cl\/kinesiologia-santiago\/files\/2025\/10\/dia-del-kinesiologo-especialista-5.jpg\"><img loading=\"lazy\" decoding=\"async\" width=\"768\" height=\"1024\" data-id=\"7286\" src=\"https:\/\/medicina.udd.cl\/kinesiologia-santiago\/files\/2025\/10\/dia-del-kinesiologo-especialista-5-768x1024.jpg\" alt=\"\" class=\"wp-image-7286\" srcset=\"https:\/\/medicina.udd.cl\/kinesiologia-santiago\/files\/2025\/10\/dia-del-kinesiologo-especialista-5-768x1024.jpg 768w, https:\/\/medicina.udd.cl\/kinesiologia-santiago\/files\/2025\/10\/dia-del-kinesiologo-especialista-5-225x300.jpg 225w, https:\/\/medicina.udd.cl\/kinesiologia-santiago\/files\/2025\/10\/dia-del-kinesiologo-especialista-5.jpg 960w\" sizes=\"auto, (max-width: 768px) 100vw, 768px\" \/><\/a><\/figure>\n\n\n\n<figure class=\"wp-block-image size-large\"><a href=\"https:\/\/medicina.udd.cl\/kinesiologia-santiago\/files\/2025\/10\/dia-del-kinesiologo-especialista-4.jpg\"><img loading=\"lazy\" decoding=\"async\" width=\"768\" height=\"1024\" data-id=\"7287\" src=\"https:\/\/medicina.udd.cl\/kinesiologia-santiago\/files\/2025\/10\/dia-del-kinesiologo-especialista-4-768x1024.jpg\" alt=\"\" class=\"wp-image-7287\" srcset=\"https:\/\/medicina.udd.cl\/kinesiologia-santiago\/files\/2025\/10\/dia-del-kinesiologo-especialista-4-768x1024.jpg 768w, https:\/\/medicina.udd.cl\/kinesiologia-santiago\/files\/2025\/10\/dia-del-kinesiologo-especialista-4-225x300.jpg 225w, https:\/\/medicina.udd.cl\/kinesiologia-santiago\/files\/2025\/10\/dia-del-kinesiologo-especialista-4-1152x1536.jpg 1152w, https:\/\/medicina.udd.cl\/kinesiologia-santiago\/files\/2025\/10\/dia-del-kinesiologo-especialista-4.jpg 1200w\" sizes=\"auto, (max-width: 768px) 100vw, 768px\" \/><\/a><\/figure>\n\n\n\n<figure class=\"wp-block-image size-large\"><a href=\"https:\/\/medicina.udd.cl\/kinesiologia-santiago\/files\/2025\/10\/dia-del-kinesiologo-especialista-2.jpg\"><img loading=\"lazy\" decoding=\"async\" width=\"768\" height=\"1024\" data-id=\"7288\" src=\"https:\/\/medicina.udd.cl\/kinesiologia-santiago\/files\/2025\/10\/dia-del-kinesiologo-especialista-2-768x1024.jpg\" alt=\"\" class=\"wp-image-7288\" srcset=\"https:\/\/medicina.udd.cl\/kinesiologia-santiago\/files\/2025\/10\/dia-del-kinesiologo-especialista-2-768x1024.jpg 768w, https:\/\/medicina.udd.cl\/kinesiologia-santiago\/files\/2025\/10\/dia-del-kinesiologo-especialista-2-225x300.jpg 225w, https:\/\/medicina.udd.cl\/kinesiologia-santiago\/files\/2025\/10\/dia-del-kinesiologo-especialista-2-1152x1536.jpg 1152w, https:\/\/medicina.udd.cl\/kinesiologia-santiago\/files\/2025\/10\/dia-del-kinesiologo-especialista-2.jpg 1200w\" sizes=\"auto, (max-width: 768px) 100vw, 768px\" \/><\/a><\/figure>\n<\/figure>\n\n\n\n<p>La noche del 28 de octubre se celebr\u00f3 el D\u00eda del Kinesi\u00f3logo Especialista en una emotiva ceremonia realizada en la Facultad de Medicina de la Universidad Cat\u00f3lica. El evento reuni\u00f3 a profesionales de todo el pa\u00eds para reconocer a los nuevos especialistas acreditados por la DENAKE (Asociaci\u00f3n Nacional de Acreditaci\u00f3n de Kinesi\u00f3logos Especialistas), en las diez especialidades oficialmente reconocidas.<\/p>\n\n\n\n<p>La ceremonia fue encabezada por el presidente de DENAKE y director de la carrera de Kinesiolog\u00eda de la Universidad del Desarrollo, Jorge Molina, quien destac\u00f3 el avance de la disciplina y el compromiso de los kinesi\u00f3logos con la excelencia cl\u00ednica.<\/p>\n\n\n\n<p>Durante el encuentro, se entregaron los diplomas de reconocimiento a los nuevos especialistas, entre ellos, Beatriz Rodr\u00edguez, Carla Inostroza, Nicol\u00e1s Pi\u00f1eiro y Gonzalo Almonacid, profesionales de Cl\u00ednica Alemana que recibieron su certificaci\u00f3n como kinesi\u00f3logos especialistas, reafirmando el v\u00ednculo acad\u00e9mico y cl\u00ednico entre la UDD y una de las instituciones m\u00e9dicas m\u00e1s prestigiosas del pa\u00eds.<\/p>\n","protected":false},"excerpt":{"rendered":"<p>La noche del 28 de octubre se celebr\u00f3 el D\u00eda del Kinesi\u00f3logo Especialista en una emotiva ceremonia realizada en la Facultad de Medicina de la Universidad Cat\u00f3lica. El evento reuni\u00f3 a profesionales de todo el pa\u00eds para reconocer a los nuevos especialistas acreditados por la DENAKE (Asociaci\u00f3n Nacional de Acreditaci\u00f3n de Kinesi\u00f3logos Especialistas), en las [&hellip;]<\/p>\n","protected":false},"author":9192254,"featured_media":7289,"comment_status":"closed","ping_status":"open","sticky":false,"template":"","format":"standard","meta":{"footnotes":""},"categories":[4],"tags":[],"class_list":["post-7285","post","type-post","status-publish","format-standard","has-post-thumbnail","hentry","category-noticias"],"yoast_head":"<!-- This site is optimized with the Yoast SEO plugin v26.9 - https:\/\/yoast.com\/product\/yoast-seo-wordpress\/ -->\n<title>Celebraci\u00f3n del D\u00eda del Kinesi\u00f3logo Especialista destaca liderazgo UDD y nuevos reconocimientos - Kinesiolog\u00eda<\/title>\n<meta name=\"robots\" content=\"index, follow, max-snippet:-1, max-image-preview:large, max-video-preview:-1\" \/>\n<link rel=\"canonical\" href=\"https:\/\/medicina.udd.cl\/kinesiologia-santiago\/noticias\/2025\/10\/29\/celebracion-del-dia-del-kinesiologo-especialista-destaca-liderazgo-udd-y-nuevos-reconocimientos\/\" \/>\n<meta property=\"og:locale\" content=\"es_ES\" \/>\n<meta property=\"og:type\" content=\"article\" \/>\n<meta property=\"og:title\" content=\"Celebraci\u00f3n del D\u00eda del Kinesi\u00f3logo Especialista destaca liderazgo UDD y nuevos reconocimientos - Kinesiolog\u00eda\" \/>\n<meta property=\"og:description\" content=\"La noche del 28 de octubre se celebr\u00f3 el D\u00eda del Kinesi\u00f3logo Especialista en una emotiva ceremonia realizada en la Facultad de Medicina de la Universidad Cat\u00f3lica. El evento reuni\u00f3 a profesionales de todo el pa\u00eds para reconocer a los nuevos especialistas acreditados por la DENAKE (Asociaci\u00f3n Nacional de Acreditaci\u00f3n de Kinesi\u00f3logos Especialistas), en las [&hellip;]\" \/>\n<meta property=\"og:url\" content=\"https:\/\/medicina.udd.cl\/kinesiologia-santiago\/noticias\/2025\/10\/29\/celebracion-del-dia-del-kinesiologo-especialista-destaca-liderazgo-udd-y-nuevos-reconocimientos\/\" \/>\n<meta property=\"og:site_name\" content=\"Kinesiolog\u00eda\" \/>\n<meta property=\"article:published_time\" content=\"2025-10-29T13:29:30+00:00\" \/>\n<meta property=\"article:modified_time\" content=\"2025-10-30T19:18:43+00:00\" \/>\n<meta property=\"og:image\" content=\"https:\/\/medicina.udd.cl\/kinesiologia-santiago\/files\/2025\/10\/dia-del-kinesiologo-especialista-3.jpg\" \/>\n\t<meta property=\"og:image:width\" content=\"1600\" \/>\n\t<meta property=\"og:image:height\" content=\"1200\" \/>\n\t<meta property=\"og:image:type\" content=\"image\/jpeg\" \/>\n<meta name=\"author\" content=\"magdalenaestay\" \/>\n<meta name=\"twitter:label1\" content=\"Escrito por\" \/>\n\t<meta name=\"twitter:data1\" content=\"magdalenaestay\" \/>\n\t<meta name=\"twitter:label2\" content=\"Tiempo de lectura\" \/>\n\t<meta name=\"twitter:data2\" content=\"2 minutos\" \/>\n<script type=\"application\/ld+json\" class=\"yoast-schema-graph\">{\"@context\":\"https:\/\/schema.org\",\"@graph\":[{\"@type\":\"Article\",\"@id\":\"https:\/\/medicina.udd.cl\/kinesiologia-santiago\/noticias\/2025\/10\/29\/celebracion-del-dia-del-kinesiologo-especialista-destaca-liderazgo-udd-y-nuevos-reconocimientos\/#article\",\"isPartOf\":{\"@id\":\"https:\/\/medicina.udd.cl\/kinesiologia-santiago\/noticias\/2025\/10\/29\/celebracion-del-dia-del-kinesiologo-especialista-destaca-liderazgo-udd-y-nuevos-reconocimientos\/\"},\"author\":{\"name\":\"magdalenaestay\",\"@id\":\"https:\/\/medicina.udd.cl\/kinesiologia-santiago\/#\/schema\/person\/ed6f79d59c0f820f128a5bb9801ef1f2\"},\"headline\":\"Celebraci\u00f3n del D\u00eda del Kinesi\u00f3logo Especialista destaca liderazgo UDD y nuevos reconocimientos\",\"datePublished\":\"2025-10-29T13:29:30+00:00\",\"dateModified\":\"2025-10-30T19:18:43+00:00\",\"mainEntityOfPage\":{\"@id\":\"https:\/\/medicina.udd.cl\/kinesiologia-santiago\/noticias\/2025\/10\/29\/celebracion-del-dia-del-kinesiologo-especialista-destaca-liderazgo-udd-y-nuevos-reconocimientos\/\"},\"wordCount\":189,\"image\":{\"@id\":\"https:\/\/medicina.udd.cl\/kinesiologia-santiago\/noticias\/2025\/10\/29\/celebracion-del-dia-del-kinesiologo-especialista-destaca-liderazgo-udd-y-nuevos-reconocimientos\/#primaryimage\"},\"thumbnailUrl\":\"https:\/\/medicina.udd.cl\/kinesiologia-santiago\/files\/2025\/10\/dia-del-kinesiologo-especialista-3.jpg\",\"articleSection\":[\"Noticias\"],\"inLanguage\":\"es\"},{\"@type\":\"WebPage\",\"@id\":\"https:\/\/medicina.udd.cl\/kinesiologia-santiago\/noticias\/2025\/10\/29\/celebracion-del-dia-del-kinesiologo-especialista-destaca-liderazgo-udd-y-nuevos-reconocimientos\/\",\"url\":\"https:\/\/medicina.udd.cl\/kinesiologia-santiago\/noticias\/2025\/10\/29\/celebracion-del-dia-del-kinesiologo-especialista-destaca-liderazgo-udd-y-nuevos-reconocimientos\/\",\"name\":\"Celebraci\u00f3n del D\u00eda del Kinesi\u00f3logo Especialista destaca liderazgo UDD y nuevos reconocimientos - Kinesiolog\u00eda\",\"isPartOf\":{\"@id\":\"https:\/\/medicina.udd.cl\/kinesiologia-santiago\/#website\"},\"primaryImageOfPage\":{\"@id\":\"https:\/\/medicina.udd.cl\/kinesiologia-santiago\/noticias\/2025\/10\/29\/celebracion-del-dia-del-kinesiologo-especialista-destaca-liderazgo-udd-y-nuevos-reconocimientos\/#primaryimage\"},\"image\":{\"@id\":\"https:\/\/medicina.udd.cl\/kinesiologia-santiago\/noticias\/2025\/10\/29\/celebracion-del-dia-del-kinesiologo-especialista-destaca-liderazgo-udd-y-nuevos-reconocimientos\/#primaryimage\"},\"thumbnailUrl\":\"https:\/\/medicina.udd.cl\/kinesiologia-santiago\/files\/2025\/10\/dia-del-kinesiologo-especialista-3.jpg\",\"datePublished\":\"2025-10-29T13:29:30+00:00\",\"dateModified\":\"2025-10-30T19:18:43+00:00\",\"author\":{\"@id\":\"https:\/\/medicina.udd.cl\/kinesiologia-santiago\/#\/schema\/person\/ed6f79d59c0f820f128a5bb9801ef1f2\"},\"breadcrumb\":{\"@id\":\"https:\/\/medicina.udd.cl\/kinesiologia-santiago\/noticias\/2025\/10\/29\/celebracion-del-dia-del-kinesiologo-especialista-destaca-liderazgo-udd-y-nuevos-reconocimientos\/#breadcrumb\"},\"inLanguage\":\"es\",\"potentialAction\":[{\"@type\":\"ReadAction\",\"target\":[\"https:\/\/medicina.udd.cl\/kinesiologia-santiago\/noticias\/2025\/10\/29\/celebracion-del-dia-del-kinesiologo-especialista-destaca-liderazgo-udd-y-nuevos-reconocimientos\/\"]}]},{\"@type\":\"ImageObject\",\"inLanguage\":\"es\",\"@id\":\"https:\/\/medicina.udd.cl\/kinesiologia-santiago\/noticias\/2025\/10\/29\/celebracion-del-dia-del-kinesiologo-especialista-destaca-liderazgo-udd-y-nuevos-reconocimientos\/#primaryimage\",\"url\":\"https:\/\/medicina.udd.cl\/kinesiologia-santiago\/files\/2025\/10\/dia-del-kinesiologo-especialista-3.jpg\",\"contentUrl\":\"https:\/\/medicina.udd.cl\/kinesiologia-santiago\/files\/2025\/10\/dia-del-kinesiologo-especialista-3.jpg\",\"width\":1600,\"height\":1200},{\"@type\":\"BreadcrumbList\",\"@id\":\"https:\/\/medicina.udd.cl\/kinesiologia-santiago\/noticias\/2025\/10\/29\/celebracion-del-dia-del-kinesiologo-especialista-destaca-liderazgo-udd-y-nuevos-reconocimientos\/#breadcrumb\",\"itemListElement\":[{\"@type\":\"ListItem\",\"position\":1,\"name\":\"Home\",\"item\":\"https:\/\/medicina.udd.cl\/kinesiologia-santiago\/\"},{\"@type\":\"ListItem\",\"position\":2,\"name\":\"Celebraci\u00f3n del D\u00eda del Kinesi\u00f3logo Especialista destaca liderazgo UDD y nuevos reconocimientos\"}]},{\"@type\":\"WebSite\",\"@id\":\"https:\/\/medicina.udd.cl\/kinesiologia-santiago\/#website\",\"url\":\"https:\/\/medicina.udd.cl\/kinesiologia-santiago\/\",\"name\":\"Kinesiolog\u00eda\",\"description\":\"Facultad de Medicina Cl\u00ednica Alemana Universidad del Desarrollo\",\"inLanguage\":\"es\"},{\"@type\":\"Person\",\"@id\":\"https:\/\/medicina.udd.cl\/kinesiologia-santiago\/#\/schema\/person\/ed6f79d59c0f820f128a5bb9801ef1f2\",\"name\":\"magdalenaestay\",\"image\":{\"@type\":\"ImageObject\",\"inLanguage\":\"es\",\"@id\":\"https:\/\/medicina.udd.cl\/kinesiologia-santiago\/#\/schema\/person\/image\/\",\"url\":\"https:\/\/secure.gravatar.com\/avatar\/b068ccaa115501438dab22979d0ff56e6306c4f89777269db483369ec65d8dc1?s=96&d=mm&r=g\",\"contentUrl\":\"https:\/\/secure.gravatar.com\/avatar\/b068ccaa115501438dab22979d0ff56e6306c4f89777269db483369ec65d8dc1?s=96&d=mm&r=g\",\"caption\":\"magdalenaestay\"},\"url\":\"https:\/\/medicina.udd.cl\/kinesiologia-santiago\/noticias\/author\/magdalenaestay\/\"}]}<\/script>\n<!-- \/ Yoast SEO plugin. -->","yoast_head_json":{"title":"Celebraci\u00f3n del D\u00eda del Kinesi\u00f3logo Especialista destaca liderazgo UDD y nuevos reconocimientos - Kinesiolog\u00eda","robots":{"index":"index","follow":"follow","max-snippet":"max-snippet:-1","max-image-preview":"max-image-preview:large","max-video-preview":"max-video-preview:-1"},"canonical":"https:\/\/medicina.udd.cl\/kinesiologia-santiago\/noticias\/2025\/10\/29\/celebracion-del-dia-del-kinesiologo-especialista-destaca-liderazgo-udd-y-nuevos-reconocimientos\/","og_locale":"es_ES","og_type":"article","og_title":"Celebraci\u00f3n del D\u00eda del Kinesi\u00f3logo Especialista destaca liderazgo UDD y nuevos reconocimientos - Kinesiolog\u00eda","og_description":"La noche del 28 de octubre se celebr\u00f3 el D\u00eda del Kinesi\u00f3logo Especialista en una emotiva ceremonia realizada en la Facultad de Medicina de la Universidad Cat\u00f3lica. El evento reuni\u00f3 a profesionales de todo el pa\u00eds para reconocer a los nuevos especialistas acreditados por la DENAKE (Asociaci\u00f3n Nacional de Acreditaci\u00f3n de Kinesi\u00f3logos Especialistas), en las [&hellip;]","og_url":"https:\/\/medicina.udd.cl\/kinesiologia-santiago\/noticias\/2025\/10\/29\/celebracion-del-dia-del-kinesiologo-especialista-destaca-liderazgo-udd-y-nuevos-reconocimientos\/","og_site_name":"Kinesiolog\u00eda","article_published_time":"2025-10-29T13:29:30+00:00","article_modified_time":"2025-10-30T19:18:43+00:00","og_image":[{"width":1600,"height":1200,"url":"https:\/\/medicina.udd.cl\/kinesiologia-santiago\/files\/2025\/10\/dia-del-kinesiologo-especialista-3.jpg","type":"image\/jpeg"}],"author":"magdalenaestay","twitter_misc":{"Escrito por":"magdalenaestay","Tiempo de lectura":"2 minutos"},"schema":{"@context":"https:\/\/schema.org","@graph":[{"@type":"Article","@id":"https:\/\/medicina.udd.cl\/kinesiologia-santiago\/noticias\/2025\/10\/29\/celebracion-del-dia-del-kinesiologo-especialista-destaca-liderazgo-udd-y-nuevos-reconocimientos\/#article","isPartOf":{"@id":"https:\/\/medicina.udd.cl\/kinesiologia-santiago\/noticias\/2025\/10\/29\/celebracion-del-dia-del-kinesiologo-especialista-destaca-liderazgo-udd-y-nuevos-reconocimientos\/"},"author":{"name":"magdalenaestay","@id":"https:\/\/medicina.udd.cl\/kinesiologia-santiago\/#\/schema\/person\/ed6f79d59c0f820f128a5bb9801ef1f2"},"headline":"Celebraci\u00f3n del D\u00eda del Kinesi\u00f3logo Especialista destaca liderazgo UDD y nuevos reconocimientos","datePublished":"2025-10-29T13:29:30+00:00","dateModified":"2025-10-30T19:18:43+00:00","mainEntityOfPage":{"@id":"https:\/\/medicina.udd.cl\/kinesiologia-santiago\/noticias\/2025\/10\/29\/celebracion-del-dia-del-kinesiologo-especialista-destaca-liderazgo-udd-y-nuevos-reconocimientos\/"},"wordCount":189,"image":{"@id":"https:\/\/medicina.udd.cl\/kinesiologia-santiago\/noticias\/2025\/10\/29\/celebracion-del-dia-del-kinesiologo-especialista-destaca-liderazgo-udd-y-nuevos-reconocimientos\/#primaryimage"},"thumbnailUrl":"https:\/\/medicina.udd.cl\/kinesiologia-santiago\/files\/2025\/10\/dia-del-kinesiologo-especialista-3.jpg","articleSection":["Noticias"],"inLanguage":"es"},{"@type":"WebPage","@id":"https:\/\/medicina.udd.cl\/kinesiologia-santiago\/noticias\/2025\/10\/29\/celebracion-del-dia-del-kinesiologo-especialista-destaca-liderazgo-udd-y-nuevos-reconocimientos\/","url":"https:\/\/medicina.udd.cl\/kinesiologia-santiago\/noticias\/2025\/10\/29\/celebracion-del-dia-del-kinesiologo-especialista-destaca-liderazgo-udd-y-nuevos-reconocimientos\/","name":"Celebraci\u00f3n del D\u00eda del Kinesi\u00f3logo Especialista destaca liderazgo UDD y nuevos reconocimientos - Kinesiolog\u00eda","isPartOf":{"@id":"https:\/\/medicina.udd.cl\/kinesiologia-santiago\/#website"},"primaryImageOfPage":{"@id":"https:\/\/medicina.udd.cl\/kinesiologia-santiago\/noticias\/2025\/10\/29\/celebracion-del-dia-del-kinesiologo-especialista-destaca-liderazgo-udd-y-nuevos-reconocimientos\/#primaryimage"},"image":{"@id":"https:\/\/medicina.udd.cl\/kinesiologia-santiago\/noticias\/2025\/10\/29\/celebracion-del-dia-del-kinesiologo-especialista-destaca-liderazgo-udd-y-nuevos-reconocimientos\/#primaryimage"},"thumbnailUrl":"https:\/\/medicina.udd.cl\/kinesiologia-santiago\/files\/2025\/10\/dia-del-kinesiologo-especialista-3.jpg","datePublished":"2025-10-29T13:29:30+00:00","dateModified":"2025-10-30T19:18:43+00:00","author":{"@id":"https:\/\/medicina.udd.cl\/kinesiologia-santiago\/#\/schema\/person\/ed6f79d59c0f820f128a5bb9801ef1f2"},"breadcrumb":{"@id":"https:\/\/medicina.udd.cl\/kinesiologia-santiago\/noticias\/2025\/10\/29\/celebracion-del-dia-del-kinesiologo-especialista-destaca-liderazgo-udd-y-nuevos-reconocimientos\/#breadcrumb"},"inLanguage":"es","potentialAction":[{"@type":"ReadAction","target":["https:\/\/medicina.udd.cl\/kinesiologia-santiago\/noticias\/2025\/10\/29\/celebracion-del-dia-del-kinesiologo-especialista-destaca-liderazgo-udd-y-nuevos-reconocimientos\/"]}]},{"@type":"ImageObject","inLanguage":"es","@id":"https:\/\/medicina.udd.cl\/kinesiologia-santiago\/noticias\/2025\/10\/29\/celebracion-del-dia-del-kinesiologo-especialista-destaca-liderazgo-udd-y-nuevos-reconocimientos\/#primaryimage","url":"https:\/\/medicina.udd.cl\/kinesiologia-santiago\/files\/2025\/10\/dia-del-kinesiologo-especialista-3.jpg","contentUrl":"https:\/\/medicina.udd.cl\/kinesiologia-santiago\/files\/2025\/10\/dia-del-kinesiologo-especialista-3.jpg","width":1600,"height":1200},{"@type":"BreadcrumbList","@id":"https:\/\/medicina.udd.cl\/kinesiologia-santiago\/noticias\/2025\/10\/29\/celebracion-del-dia-del-kinesiologo-especialista-destaca-liderazgo-udd-y-nuevos-reconocimientos\/#breadcrumb","itemListElement":[{"@type":"ListItem","position":1,"name":"Home","item":"https:\/\/medicina.udd.cl\/kinesiologia-santiago\/"},{"@type":"ListItem","position":2,"name":"Celebraci\u00f3n del D\u00eda del Kinesi\u00f3logo Especialista destaca liderazgo UDD y nuevos reconocimientos"}]},{"@type":"WebSite","@id":"https:\/\/medicina.udd.cl\/kinesiologia-santiago\/#website","url":"https:\/\/medicina.udd.cl\/kinesiologia-santiago\/","name":"Kinesiolog\u00eda","description":"Facultad de Medicina Cl\u00ednica Alemana Universidad del Desarrollo","inLanguage":"es"},{"@type":"Person","@id":"https:\/\/medicina.udd.cl\/kinesiologia-santiago\/#\/schema\/person\/ed6f79d59c0f820f128a5bb9801ef1f2","name":"magdalenaestay","image":{"@type":"ImageObject","inLanguage":"es","@id":"https:\/\/medicina.udd.cl\/kinesiologia-santiago\/#\/schema\/person\/image\/","url":"https:\/\/secure.gravatar.com\/avatar\/b068ccaa115501438dab22979d0ff56e6306c4f89777269db483369ec65d8dc1?s=96&d=mm&r=g","contentUrl":"https:\/\/secure.gravatar.com\/avatar\/b068ccaa115501438dab22979d0ff56e6306c4f89777269db483369ec65d8dc1?s=96&d=mm&r=g","caption":"magdalenaestay"},"url":"https:\/\/medicina.udd.cl\/kinesiologia-santiago\/noticias\/author\/magdalenaestay\/"}]}},"featured_image_url":"https:\/\/medicina.udd.cl\/kinesiologia-santiago\/files\/2025\/10\/dia-del-kinesiologo-especialista-3.jpg","_links":{"self":[{"href":"https:\/\/medicina.udd.cl\/kinesiologia-santiago\/wp-json\/wp\/v2\/posts\/7285","targetHints":{"allow":["GET"]}}],"collection":[{"href":"https:\/\/medicina.udd.cl\/kinesiologia-santiago\/wp-json\/wp\/v2\/posts"}],"about":[{"href":"https:\/\/medicina.udd.cl\/kinesiologia-santiago\/wp-json\/wp\/v2\/types\/post"}],"author":[{"embeddable":true,"href":"https:\/\/medicina.udd.cl\/kinesiologia-santiago\/wp-json\/wp\/v2\/users\/9192254"}],"replies":[{"embeddable":true,"href":"https:\/\/medicina.udd.cl\/kinesiologia-santiago\/wp-json\/wp\/v2\/comments?post=7285"}],"version-history":[{"count":2,"href":"https:\/\/medicina.udd.cl\/kinesiologia-santiago\/wp-json\/wp\/v2\/posts\/7285\/revisions"}],"predecessor-version":[{"id":7292,"href":"https:\/\/medicina.udd.cl\/kinesiologia-santiago\/wp-json\/wp\/v2\/posts\/7285\/revisions\/7292"}],"wp:featuredmedia":[{"embeddable":true,"href":"https:\/\/medicina.udd.cl\/kinesiologia-santiago\/wp-json\/wp\/v2\/media\/7289"}],"wp:attachment":[{"href":"https:\/\/medicina.udd.cl\/kinesiologia-santiago\/wp-json\/wp\/v2\/media?parent=7285"}],"wp:term":[{"taxonomy":"category","embeddable":true,"href":"https:\/\/medicina.udd.cl\/kinesiologia-santiago\/wp-json\/wp\/v2\/categories?post=7285"},{"taxonomy":"post_tag","embeddable":true,"href":"https:\/\/medicina.udd.cl\/kinesiologia-santiago\/wp-json\/wp\/v2\/tags?post=7285"}],"curies":[{"name":"wp","href":"https:\/\/api.w.org\/{rel}","templated":true}]}}