{"id":7293,"date":"2025-11-11T15:43:25","date_gmt":"2025-11-11T18:43:25","guid":{"rendered":"https:\/\/medicina.udd.cl\/kinesiologia-santiago\/?p=7293"},"modified":"2025-11-11T15:43:26","modified_gmt":"2025-11-11T18:43:26","slug":"estudiantes-de-primer-ano-de-kinesiologia-exploran-la-biofisica-aplicada-al-movimiento-en-laboratorio-de-exploratec","status":"publish","type":"post","link":"https:\/\/medicina.udd.cl\/kinesiologia-santiago\/noticias\/2025\/11\/11\/estudiantes-de-primer-ano-de-kinesiologia-exploran-la-biofisica-aplicada-al-movimiento-en-laboratorio-de-exploratec\/","title":{"rendered":"Estudiantes de primer a\u00f1o de Kinesiolog\u00eda exploran la biof\u00edsica aplicada al movimiento en laboratorio de\u00a0Exploratec\u00a0"},"content":{"rendered":"\n<figure class=\"wp-block-gallery has-nested-images columns-default is-cropped wp-block-gallery-1 is-layout-flex wp-block-gallery-is-layout-flex\">\n<figure class=\"wp-block-image size-large\"><a href=\"https:\/\/medicina.udd.cl\/kinesiologia-santiago\/files\/2025\/11\/imagen-de-whatsapp-2025-11-11-a-las-15-39-50_b41371bf-scaled.jpg\"><img loading=\"lazy\" decoding=\"async\" width=\"1024\" height=\"768\" data-id=\"7294\" src=\"https:\/\/medicina.udd.cl\/kinesiologia-santiago\/files\/2025\/11\/imagen-de-whatsapp-2025-11-11-a-las-15-39-50_b41371bf-1024x768.jpg\" alt=\"\" class=\"wp-image-7294\" srcset=\"https:\/\/medicina.udd.cl\/kinesiologia-santiago\/files\/2025\/11\/imagen-de-whatsapp-2025-11-11-a-las-15-39-50_b41371bf-1024x768.jpg 1024w, https:\/\/medicina.udd.cl\/kinesiologia-santiago\/files\/2025\/11\/imagen-de-whatsapp-2025-11-11-a-las-15-39-50_b41371bf-300x225.jpg 300w, https:\/\/medicina.udd.cl\/kinesiologia-santiago\/files\/2025\/11\/imagen-de-whatsapp-2025-11-11-a-las-15-39-50_b41371bf-768x576.jpg 768w, https:\/\/medicina.udd.cl\/kinesiologia-santiago\/files\/2025\/11\/imagen-de-whatsapp-2025-11-11-a-las-15-39-50_b41371bf-1536x1152.jpg 1536w, https:\/\/medicina.udd.cl\/kinesiologia-santiago\/files\/2025\/11\/imagen-de-whatsapp-2025-11-11-a-las-15-39-50_b41371bf-2048x1536.jpg 2048w\" sizes=\"auto, (max-width: 1024px) 100vw, 1024px\" \/><\/a><\/figure>\n\n\n\n<figure class=\"wp-block-image size-large\"><a href=\"https:\/\/medicina.udd.cl\/kinesiologia-santiago\/files\/2025\/11\/imagen-de-whatsapp-2025-11-11-a-las-15-39-51_9dc03389-scaled.jpg\"><img loading=\"lazy\" decoding=\"async\" width=\"1024\" height=\"576\" data-id=\"7295\" src=\"https:\/\/medicina.udd.cl\/kinesiologia-santiago\/files\/2025\/11\/imagen-de-whatsapp-2025-11-11-a-las-15-39-51_9dc03389-1024x576.jpg\" alt=\"\" class=\"wp-image-7295\" srcset=\"https:\/\/medicina.udd.cl\/kinesiologia-santiago\/files\/2025\/11\/imagen-de-whatsapp-2025-11-11-a-las-15-39-51_9dc03389-1024x576.jpg 1024w, https:\/\/medicina.udd.cl\/kinesiologia-santiago\/files\/2025\/11\/imagen-de-whatsapp-2025-11-11-a-las-15-39-51_9dc03389-300x169.jpg 300w, https:\/\/medicina.udd.cl\/kinesiologia-santiago\/files\/2025\/11\/imagen-de-whatsapp-2025-11-11-a-las-15-39-51_9dc03389-768x432.jpg 768w, https:\/\/medicina.udd.cl\/kinesiologia-santiago\/files\/2025\/11\/imagen-de-whatsapp-2025-11-11-a-las-15-39-51_9dc03389-1536x864.jpg 1536w, https:\/\/medicina.udd.cl\/kinesiologia-santiago\/files\/2025\/11\/imagen-de-whatsapp-2025-11-11-a-las-15-39-51_9dc03389-2048x1152.jpg 2048w, https:\/\/medicina.udd.cl\/kinesiologia-santiago\/files\/2025\/11\/imagen-de-whatsapp-2025-11-11-a-las-15-39-51_9dc03389-1920x1080.jpg 1920w, https:\/\/medicina.udd.cl\/kinesiologia-santiago\/files\/2025\/11\/imagen-de-whatsapp-2025-11-11-a-las-15-39-51_9dc03389-1366x768.jpg 1366w, https:\/\/medicina.udd.cl\/kinesiologia-santiago\/files\/2025\/11\/imagen-de-whatsapp-2025-11-11-a-las-15-39-51_9dc03389-680x382.jpg 680w\" sizes=\"auto, (max-width: 1024px) 100vw, 1024px\" \/><\/a><\/figure>\n\n\n\n<figure class=\"wp-block-image size-large\"><a href=\"https:\/\/medicina.udd.cl\/kinesiologia-santiago\/files\/2025\/11\/imagen-de-whatsapp-2025-11-11-a-las-15-39-51_64f3ecc8-scaled.jpg\"><img loading=\"lazy\" decoding=\"async\" width=\"1024\" height=\"768\" data-id=\"7296\" src=\"https:\/\/medicina.udd.cl\/kinesiologia-santiago\/files\/2025\/11\/imagen-de-whatsapp-2025-11-11-a-las-15-39-51_64f3ecc8-1024x768.jpg\" alt=\"\" class=\"wp-image-7296\" srcset=\"https:\/\/medicina.udd.cl\/kinesiologia-santiago\/files\/2025\/11\/imagen-de-whatsapp-2025-11-11-a-las-15-39-51_64f3ecc8-1024x768.jpg 1024w, https:\/\/medicina.udd.cl\/kinesiologia-santiago\/files\/2025\/11\/imagen-de-whatsapp-2025-11-11-a-las-15-39-51_64f3ecc8-300x225.jpg 300w, https:\/\/medicina.udd.cl\/kinesiologia-santiago\/files\/2025\/11\/imagen-de-whatsapp-2025-11-11-a-las-15-39-51_64f3ecc8-768x576.jpg 768w, https:\/\/medicina.udd.cl\/kinesiologia-santiago\/files\/2025\/11\/imagen-de-whatsapp-2025-11-11-a-las-15-39-51_64f3ecc8-1536x1152.jpg 1536w, https:\/\/medicina.udd.cl\/kinesiologia-santiago\/files\/2025\/11\/imagen-de-whatsapp-2025-11-11-a-las-15-39-51_64f3ecc8-2048x1536.jpg 2048w\" sizes=\"auto, (max-width: 1024px) 100vw, 1024px\" \/><\/a><\/figure>\n<\/figure>\n\n\n\n<p>En el marco del curso Biof\u00edsica Aplicada al Movimiento, estudiantes de primer a\u00f1o de la carrera de Kinesiolog\u00eda de la Facultad de Medicina participaron en una enriquecedora actividad pr\u00e1ctica en el laboratorio <a href=\"https:\/\/exploratec.udd.cl\/\">Exploratec<\/a>, donde pudieron aplicar conocimientos te\u00f3ricos en un entorno tecnol\u00f3gico de vanguardia.<\/p>\n\n\n\n<p>La jornada, guiada por el profesor Gustavo Castro, coordinador de los cursos de biof\u00edsica, se desarroll\u00f3 como parte del proyecto de integraci\u00f3n disciplinar con la carrera de Ingenier\u00eda Civil en Biomedicina. Los estudiantes trabajaron con impresoras 3D para modelar pr\u00f3tesis, \u00f3rtesis y elementos anat\u00f3micos que ser\u00e1n parte de sus proyectos de investigaci\u00f3n.<\/p>\n\n\n\n<p>\u201cEste es un hito important\u00edsimo en el primer a\u00f1o. Los estudiantes tienen la oportunidad de conocer la infraestructura disponible para ellos desde el inicio de la carrera, lo que les servir\u00e1 como experiencia futura en sus asignaturas\u201d, destac\u00f3 el profesor Castro. Adem\u00e1s, valor\u00f3 la colaboraci\u00f3n con Felipe Roa, subdirector de Interdisciplina y Alianzas de Exploratec, quien gui\u00f3 a los estudiantes en el an\u00e1lisis de las propiedades mec\u00e1nicas de los materiales el\u00e1sticos.<\/p>\n\n\n\n<p>La actividad tambi\u00e9n fue valorada por Catalina Olsen, coordinadora de la carrera de Kinesiolog\u00eda, quien se\u00f1al\u00f3 que \u201ces una excelente oportunidad para que los estudiantes, desde primer a\u00f1o, se vinculen con su futura profesi\u00f3n a trav\u00e9s del uso de tecnolog\u00eda avanzada y el trabajo interdisciplinario. Esto les permite crear modelos anat\u00f3micos y elementos funcionales que los acercan a la pr\u00e1ctica profesional\u201d.<\/p>\n\n\n\n<p>Desde la perspectiva estudiantil, Dan Sa\u00fal comparti\u00f3 su entusiasmo por el proyecto que est\u00e1 desarrollando: \u201cvamos a hacer una articulaci\u00f3n de rodilla motorizada para comparar el movimiento entre una rodilla sana y una con artrosis. Es muy valioso que desde primer a\u00f1o podamos usar impresiones 3D y tener acceso a todos los materiales necesarios\u201d.<\/p>\n\n\n\n<p>Por su parte, Nicol\u00e1s Pino explic\u00f3 que su proyecto se enfoca en ondas de choque para la rehabilitaci\u00f3n de tejido tendinoso: \u201caprender sobre las propiedades mec\u00e1nicas de los materiales nos ayuda a entender mejor c\u00f3mo se comportan los tejidos como los tendones y el hueso. Felipe Roa nos ense\u00f1\u00f3 de forma muy clara c\u00f3mo imprimir los modelos\u201d.<\/p>\n\n\n\n<p>Finalmente, el director de la carrera, Jorge Molina, subray\u00f3 el valor de incorporar tecnolog\u00eda en la docencia desde el primer semestre: \u201cLes ense\u00f1amos a nuestros estudiantes que la tecnolog\u00eda est\u00e1 al alcance de la mano. Ya no necesitamos comprar modelos anat\u00f3micos, podemos imprimirlos nosotros mismos gracias a las herramientas que la Universidad pone a disposici\u00f3n\u201d.<\/p>\n\n\n\n<p>La actividad culminar\u00e1 con una feria cient\u00edfica, donde los estudiantes presentar\u00e1n sus proyectos integradores, demostrando c\u00f3mo la ciencia, la tecnolog\u00eda y la colaboraci\u00f3n interdisciplinaria pueden potenciar el aprendizaje desde los primeros pasos en la formaci\u00f3n profesional.<\/p>\n\n\n\n<figure class=\"wp-block-gallery has-nested-images columns-default is-cropped wp-block-gallery-2 is-layout-flex wp-block-gallery-is-layout-flex\">\n<figure class=\"wp-block-image size-large\"><a href=\"https:\/\/medicina.udd.cl\/kinesiologia-santiago\/files\/2025\/11\/imagen-de-whatsapp-2025-11-11-a-las-15-39-50_0fc85291-scaled.jpg\"><img loading=\"lazy\" decoding=\"async\" width=\"1024\" height=\"576\" data-id=\"7298\" src=\"https:\/\/medicina.udd.cl\/kinesiologia-santiago\/files\/2025\/11\/imagen-de-whatsapp-2025-11-11-a-las-15-39-50_0fc85291-1024x576.jpg\" alt=\"\" class=\"wp-image-7298\" srcset=\"https:\/\/medicina.udd.cl\/kinesiologia-santiago\/files\/2025\/11\/imagen-de-whatsapp-2025-11-11-a-las-15-39-50_0fc85291-1024x576.jpg 1024w, https:\/\/medicina.udd.cl\/kinesiologia-santiago\/files\/2025\/11\/imagen-de-whatsapp-2025-11-11-a-las-15-39-50_0fc85291-300x169.jpg 300w, https:\/\/medicina.udd.cl\/kinesiologia-santiago\/files\/2025\/11\/imagen-de-whatsapp-2025-11-11-a-las-15-39-50_0fc85291-768x432.jpg 768w, https:\/\/medicina.udd.cl\/kinesiologia-santiago\/files\/2025\/11\/imagen-de-whatsapp-2025-11-11-a-las-15-39-50_0fc85291-1536x864.jpg 1536w, https:\/\/medicina.udd.cl\/kinesiologia-santiago\/files\/2025\/11\/imagen-de-whatsapp-2025-11-11-a-las-15-39-50_0fc85291-2048x1152.jpg 2048w, https:\/\/medicina.udd.cl\/kinesiologia-santiago\/files\/2025\/11\/imagen-de-whatsapp-2025-11-11-a-las-15-39-50_0fc85291-1920x1080.jpg 1920w, https:\/\/medicina.udd.cl\/kinesiologia-santiago\/files\/2025\/11\/imagen-de-whatsapp-2025-11-11-a-las-15-39-50_0fc85291-1366x768.jpg 1366w, https:\/\/medicina.udd.cl\/kinesiologia-santiago\/files\/2025\/11\/imagen-de-whatsapp-2025-11-11-a-las-15-39-50_0fc85291-680x382.jpg 680w\" sizes=\"auto, (max-width: 1024px) 100vw, 1024px\" \/><\/a><\/figure>\n\n\n\n<figure class=\"wp-block-image size-large\"><a href=\"https:\/\/medicina.udd.cl\/kinesiologia-santiago\/files\/2025\/11\/imagen-de-whatsapp-2025-11-11-a-las-15-39-50_b16e8fec-scaled.jpg\"><img loading=\"lazy\" decoding=\"async\" width=\"1024\" height=\"576\" data-id=\"7297\" src=\"https:\/\/medicina.udd.cl\/kinesiologia-santiago\/files\/2025\/11\/imagen-de-whatsapp-2025-11-11-a-las-15-39-50_b16e8fec-1024x576.jpg\" alt=\"\" class=\"wp-image-7297\" srcset=\"https:\/\/medicina.udd.cl\/kinesiologia-santiago\/files\/2025\/11\/imagen-de-whatsapp-2025-11-11-a-las-15-39-50_b16e8fec-1024x576.jpg 1024w, https:\/\/medicina.udd.cl\/kinesiologia-santiago\/files\/2025\/11\/imagen-de-whatsapp-2025-11-11-a-las-15-39-50_b16e8fec-300x169.jpg 300w, https:\/\/medicina.udd.cl\/kinesiologia-santiago\/files\/2025\/11\/imagen-de-whatsapp-2025-11-11-a-las-15-39-50_b16e8fec-768x432.jpg 768w, https:\/\/medicina.udd.cl\/kinesiologia-santiago\/files\/2025\/11\/imagen-de-whatsapp-2025-11-11-a-las-15-39-50_b16e8fec-1536x864.jpg 1536w, https:\/\/medicina.udd.cl\/kinesiologia-santiago\/files\/2025\/11\/imagen-de-whatsapp-2025-11-11-a-las-15-39-50_b16e8fec-2048x1152.jpg 2048w, https:\/\/medicina.udd.cl\/kinesiologia-santiago\/files\/2025\/11\/imagen-de-whatsapp-2025-11-11-a-las-15-39-50_b16e8fec-1920x1080.jpg 1920w, https:\/\/medicina.udd.cl\/kinesiologia-santiago\/files\/2025\/11\/imagen-de-whatsapp-2025-11-11-a-las-15-39-50_b16e8fec-1366x768.jpg 1366w, https:\/\/medicina.udd.cl\/kinesiologia-santiago\/files\/2025\/11\/imagen-de-whatsapp-2025-11-11-a-las-15-39-50_b16e8fec-680x382.jpg 680w\" sizes=\"auto, (max-width: 1024px) 100vw, 1024px\" \/><\/a><\/figure>\n\n\n\n<figure class=\"wp-block-image size-large\"><a href=\"https:\/\/medicina.udd.cl\/kinesiologia-santiago\/files\/2025\/11\/imagen-de-whatsapp-2025-11-11-a-las-15-39-51_0b910a13-scaled.jpg\"><img loading=\"lazy\" decoding=\"async\" width=\"1024\" height=\"576\" data-id=\"7299\" src=\"https:\/\/medicina.udd.cl\/kinesiologia-santiago\/files\/2025\/11\/imagen-de-whatsapp-2025-11-11-a-las-15-39-51_0b910a13-1024x576.jpg\" alt=\"\" class=\"wp-image-7299\" srcset=\"https:\/\/medicina.udd.cl\/kinesiologia-santiago\/files\/2025\/11\/imagen-de-whatsapp-2025-11-11-a-las-15-39-51_0b910a13-1024x576.jpg 1024w, https:\/\/medicina.udd.cl\/kinesiologia-santiago\/files\/2025\/11\/imagen-de-whatsapp-2025-11-11-a-las-15-39-51_0b910a13-300x169.jpg 300w, https:\/\/medicina.udd.cl\/kinesiologia-santiago\/files\/2025\/11\/imagen-de-whatsapp-2025-11-11-a-las-15-39-51_0b910a13-768x432.jpg 768w, https:\/\/medicina.udd.cl\/kinesiologia-santiago\/files\/2025\/11\/imagen-de-whatsapp-2025-11-11-a-las-15-39-51_0b910a13-1536x864.jpg 1536w, https:\/\/medicina.udd.cl\/kinesiologia-santiago\/files\/2025\/11\/imagen-de-whatsapp-2025-11-11-a-las-15-39-51_0b910a13-2048x1152.jpg 2048w, https:\/\/medicina.udd.cl\/kinesiologia-santiago\/files\/2025\/11\/imagen-de-whatsapp-2025-11-11-a-las-15-39-51_0b910a13-1920x1080.jpg 1920w, https:\/\/medicina.udd.cl\/kinesiologia-santiago\/files\/2025\/11\/imagen-de-whatsapp-2025-11-11-a-las-15-39-51_0b910a13-1366x768.jpg 1366w, https:\/\/medicina.udd.cl\/kinesiologia-santiago\/files\/2025\/11\/imagen-de-whatsapp-2025-11-11-a-las-15-39-51_0b910a13-680x382.jpg 680w\" sizes=\"auto, (max-width: 1024px) 100vw, 1024px\" \/><\/a><\/figure>\n<\/figure>\n","protected":false},"excerpt":{"rendered":"<p>En el marco del curso Biof\u00edsica Aplicada al Movimiento, estudiantes de primer a\u00f1o de la carrera de Kinesiolog\u00eda de la Facultad de Medicina participaron en una enriquecedora actividad pr\u00e1ctica en el laboratorio Exploratec, donde pudieron aplicar conocimientos te\u00f3ricos en un entorno tecnol\u00f3gico de vanguardia. La jornada, guiada por el profesor Gustavo Castro, coordinador de los [&hellip;]<\/p>\n","protected":false},"author":9192254,"featured_media":7294,"comment_status":"closed","ping_status":"open","sticky":false,"template":"","format":"standard","meta":{"footnotes":""},"categories":[4],"tags":[],"class_list":["post-7293","post","type-post","status-publish","format-standard","has-post-thumbnail","hentry","category-noticias"],"yoast_head":"<!-- This site is optimized with the Yoast SEO plugin v26.9 - https:\/\/yoast.com\/product\/yoast-seo-wordpress\/ -->\n<title>Estudiantes de primer a\u00f1o de Kinesiolog\u00eda exploran la biof\u00edsica aplicada al movimiento en laboratorio de\u00a0Exploratec\u00a0 - Kinesiolog\u00eda<\/title>\n<meta name=\"robots\" content=\"index, follow, max-snippet:-1, max-image-preview:large, max-video-preview:-1\" \/>\n<link rel=\"canonical\" href=\"https:\/\/medicina.udd.cl\/kinesiologia-santiago\/noticias\/2025\/11\/11\/estudiantes-de-primer-ano-de-kinesiologia-exploran-la-biofisica-aplicada-al-movimiento-en-laboratorio-de-exploratec\/\" \/>\n<meta property=\"og:locale\" content=\"es_ES\" \/>\n<meta property=\"og:type\" content=\"article\" \/>\n<meta property=\"og:title\" content=\"Estudiantes de primer a\u00f1o de Kinesiolog\u00eda exploran la biof\u00edsica aplicada al movimiento en laboratorio de\u00a0Exploratec\u00a0 - Kinesiolog\u00eda\" \/>\n<meta property=\"og:description\" content=\"En el marco del curso Biof\u00edsica Aplicada al Movimiento, estudiantes de primer a\u00f1o de la carrera de Kinesiolog\u00eda de la Facultad de Medicina participaron en una enriquecedora actividad pr\u00e1ctica en el laboratorio Exploratec, donde pudieron aplicar conocimientos te\u00f3ricos en un entorno tecnol\u00f3gico de vanguardia. La jornada, guiada por el profesor Gustavo Castro, coordinador de los [&hellip;]\" \/>\n<meta property=\"og:url\" content=\"https:\/\/medicina.udd.cl\/kinesiologia-santiago\/noticias\/2025\/11\/11\/estudiantes-de-primer-ano-de-kinesiologia-exploran-la-biofisica-aplicada-al-movimiento-en-laboratorio-de-exploratec\/\" \/>\n<meta property=\"og:site_name\" content=\"Kinesiolog\u00eda\" \/>\n<meta property=\"article:published_time\" content=\"2025-11-11T18:43:25+00:00\" \/>\n<meta property=\"article:modified_time\" content=\"2025-11-11T18:43:26+00:00\" \/>\n<meta property=\"og:image\" content=\"https:\/\/medicina.udd.cl\/kinesiologia-santiago\/files\/2025\/11\/imagen-de-whatsapp-2025-11-11-a-las-15-39-50_b41371bf-scaled.jpg\" \/>\n\t<meta property=\"og:image:width\" content=\"2560\" \/>\n\t<meta property=\"og:image:height\" content=\"1920\" \/>\n\t<meta property=\"og:image:type\" content=\"image\/jpeg\" \/>\n<meta name=\"author\" content=\"magdalenaestay\" \/>\n<meta name=\"twitter:label1\" content=\"Escrito por\" \/>\n\t<meta name=\"twitter:data1\" content=\"magdalenaestay\" \/>\n\t<meta name=\"twitter:label2\" content=\"Tiempo de lectura\" \/>\n\t<meta name=\"twitter:data2\" content=\"4 minutos\" \/>\n<script type=\"application\/ld+json\" class=\"yoast-schema-graph\">{\"@context\":\"https:\/\/schema.org\",\"@graph\":[{\"@type\":\"Article\",\"@id\":\"https:\/\/medicina.udd.cl\/kinesiologia-santiago\/noticias\/2025\/11\/11\/estudiantes-de-primer-ano-de-kinesiologia-exploran-la-biofisica-aplicada-al-movimiento-en-laboratorio-de-exploratec\/#article\",\"isPartOf\":{\"@id\":\"https:\/\/medicina.udd.cl\/kinesiologia-santiago\/noticias\/2025\/11\/11\/estudiantes-de-primer-ano-de-kinesiologia-exploran-la-biofisica-aplicada-al-movimiento-en-laboratorio-de-exploratec\/\"},\"author\":{\"name\":\"magdalenaestay\",\"@id\":\"https:\/\/medicina.udd.cl\/kinesiologia-santiago\/#\/schema\/person\/ed6f79d59c0f820f128a5bb9801ef1f2\"},\"headline\":\"Estudiantes de primer a\u00f1o de Kinesiolog\u00eda exploran la biof\u00edsica aplicada al movimiento en laboratorio de\u00a0Exploratec\u00a0\",\"datePublished\":\"2025-11-11T18:43:25+00:00\",\"dateModified\":\"2025-11-11T18:43:26+00:00\",\"mainEntityOfPage\":{\"@id\":\"https:\/\/medicina.udd.cl\/kinesiologia-santiago\/noticias\/2025\/11\/11\/estudiantes-de-primer-ano-de-kinesiologia-exploran-la-biofisica-aplicada-al-movimiento-en-laboratorio-de-exploratec\/\"},\"wordCount\":497,\"image\":{\"@id\":\"https:\/\/medicina.udd.cl\/kinesiologia-santiago\/noticias\/2025\/11\/11\/estudiantes-de-primer-ano-de-kinesiologia-exploran-la-biofisica-aplicada-al-movimiento-en-laboratorio-de-exploratec\/#primaryimage\"},\"thumbnailUrl\":\"https:\/\/medicina.udd.cl\/kinesiologia-santiago\/files\/2025\/11\/imagen-de-whatsapp-2025-11-11-a-las-15-39-50_b41371bf-scaled.jpg\",\"articleSection\":[\"Noticias\"],\"inLanguage\":\"es\"},{\"@type\":\"WebPage\",\"@id\":\"https:\/\/medicina.udd.cl\/kinesiologia-santiago\/noticias\/2025\/11\/11\/estudiantes-de-primer-ano-de-kinesiologia-exploran-la-biofisica-aplicada-al-movimiento-en-laboratorio-de-exploratec\/\",\"url\":\"https:\/\/medicina.udd.cl\/kinesiologia-santiago\/noticias\/2025\/11\/11\/estudiantes-de-primer-ano-de-kinesiologia-exploran-la-biofisica-aplicada-al-movimiento-en-laboratorio-de-exploratec\/\",\"name\":\"Estudiantes de primer a\u00f1o de Kinesiolog\u00eda exploran la biof\u00edsica aplicada al movimiento en laboratorio de\u00a0Exploratec\u00a0 - Kinesiolog\u00eda\",\"isPartOf\":{\"@id\":\"https:\/\/medicina.udd.cl\/kinesiologia-santiago\/#website\"},\"primaryImageOfPage\":{\"@id\":\"https:\/\/medicina.udd.cl\/kinesiologia-santiago\/noticias\/2025\/11\/11\/estudiantes-de-primer-ano-de-kinesiologia-exploran-la-biofisica-aplicada-al-movimiento-en-laboratorio-de-exploratec\/#primaryimage\"},\"image\":{\"@id\":\"https:\/\/medicina.udd.cl\/kinesiologia-santiago\/noticias\/2025\/11\/11\/estudiantes-de-primer-ano-de-kinesiologia-exploran-la-biofisica-aplicada-al-movimiento-en-laboratorio-de-exploratec\/#primaryimage\"},\"thumbnailUrl\":\"https:\/\/medicina.udd.cl\/kinesiologia-santiago\/files\/2025\/11\/imagen-de-whatsapp-2025-11-11-a-las-15-39-50_b41371bf-scaled.jpg\",\"datePublished\":\"2025-11-11T18:43:25+00:00\",\"dateModified\":\"2025-11-11T18:43:26+00:00\",\"author\":{\"@id\":\"https:\/\/medicina.udd.cl\/kinesiologia-santiago\/#\/schema\/person\/ed6f79d59c0f820f128a5bb9801ef1f2\"},\"breadcrumb\":{\"@id\":\"https:\/\/medicina.udd.cl\/kinesiologia-santiago\/noticias\/2025\/11\/11\/estudiantes-de-primer-ano-de-kinesiologia-exploran-la-biofisica-aplicada-al-movimiento-en-laboratorio-de-exploratec\/#breadcrumb\"},\"inLanguage\":\"es\",\"potentialAction\":[{\"@type\":\"ReadAction\",\"target\":[\"https:\/\/medicina.udd.cl\/kinesiologia-santiago\/noticias\/2025\/11\/11\/estudiantes-de-primer-ano-de-kinesiologia-exploran-la-biofisica-aplicada-al-movimiento-en-laboratorio-de-exploratec\/\"]}]},{\"@type\":\"ImageObject\",\"inLanguage\":\"es\",\"@id\":\"https:\/\/medicina.udd.cl\/kinesiologia-santiago\/noticias\/2025\/11\/11\/estudiantes-de-primer-ano-de-kinesiologia-exploran-la-biofisica-aplicada-al-movimiento-en-laboratorio-de-exploratec\/#primaryimage\",\"url\":\"https:\/\/medicina.udd.cl\/kinesiologia-santiago\/files\/2025\/11\/imagen-de-whatsapp-2025-11-11-a-las-15-39-50_b41371bf-scaled.jpg\",\"contentUrl\":\"https:\/\/medicina.udd.cl\/kinesiologia-santiago\/files\/2025\/11\/imagen-de-whatsapp-2025-11-11-a-las-15-39-50_b41371bf-scaled.jpg\",\"width\":2560,\"height\":1920},{\"@type\":\"BreadcrumbList\",\"@id\":\"https:\/\/medicina.udd.cl\/kinesiologia-santiago\/noticias\/2025\/11\/11\/estudiantes-de-primer-ano-de-kinesiologia-exploran-la-biofisica-aplicada-al-movimiento-en-laboratorio-de-exploratec\/#breadcrumb\",\"itemListElement\":[{\"@type\":\"ListItem\",\"position\":1,\"name\":\"Home\",\"item\":\"https:\/\/medicina.udd.cl\/kinesiologia-santiago\/\"},{\"@type\":\"ListItem\",\"position\":2,\"name\":\"Estudiantes de primer a\u00f1o de Kinesiolog\u00eda exploran la biof\u00edsica aplicada al movimiento en laboratorio de\u00a0Exploratec\u00a0\"}]},{\"@type\":\"WebSite\",\"@id\":\"https:\/\/medicina.udd.cl\/kinesiologia-santiago\/#website\",\"url\":\"https:\/\/medicina.udd.cl\/kinesiologia-santiago\/\",\"name\":\"Kinesiolog\u00eda\",\"description\":\"Facultad de Medicina Cl\u00ednica Alemana Universidad del Desarrollo\",\"inLanguage\":\"es\"},{\"@type\":\"Person\",\"@id\":\"https:\/\/medicina.udd.cl\/kinesiologia-santiago\/#\/schema\/person\/ed6f79d59c0f820f128a5bb9801ef1f2\",\"name\":\"magdalenaestay\",\"image\":{\"@type\":\"ImageObject\",\"inLanguage\":\"es\",\"@id\":\"https:\/\/medicina.udd.cl\/kinesiologia-santiago\/#\/schema\/person\/image\/\",\"url\":\"https:\/\/secure.gravatar.com\/avatar\/b068ccaa115501438dab22979d0ff56e6306c4f89777269db483369ec65d8dc1?s=96&d=mm&r=g\",\"contentUrl\":\"https:\/\/secure.gravatar.com\/avatar\/b068ccaa115501438dab22979d0ff56e6306c4f89777269db483369ec65d8dc1?s=96&d=mm&r=g\",\"caption\":\"magdalenaestay\"},\"url\":\"https:\/\/medicina.udd.cl\/kinesiologia-santiago\/noticias\/author\/magdalenaestay\/\"}]}<\/script>\n<!-- \/ Yoast SEO plugin. -->","yoast_head_json":{"title":"Estudiantes de primer a\u00f1o de Kinesiolog\u00eda exploran la biof\u00edsica aplicada al movimiento en laboratorio de\u00a0Exploratec\u00a0 - Kinesiolog\u00eda","robots":{"index":"index","follow":"follow","max-snippet":"max-snippet:-1","max-image-preview":"max-image-preview:large","max-video-preview":"max-video-preview:-1"},"canonical":"https:\/\/medicina.udd.cl\/kinesiologia-santiago\/noticias\/2025\/11\/11\/estudiantes-de-primer-ano-de-kinesiologia-exploran-la-biofisica-aplicada-al-movimiento-en-laboratorio-de-exploratec\/","og_locale":"es_ES","og_type":"article","og_title":"Estudiantes de primer a\u00f1o de Kinesiolog\u00eda exploran la biof\u00edsica aplicada al movimiento en laboratorio de\u00a0Exploratec\u00a0 - Kinesiolog\u00eda","og_description":"En el marco del curso Biof\u00edsica Aplicada al Movimiento, estudiantes de primer a\u00f1o de la carrera de Kinesiolog\u00eda de la Facultad de Medicina participaron en una enriquecedora actividad pr\u00e1ctica en el laboratorio Exploratec, donde pudieron aplicar conocimientos te\u00f3ricos en un entorno tecnol\u00f3gico de vanguardia. La jornada, guiada por el profesor Gustavo Castro, coordinador de los [&hellip;]","og_url":"https:\/\/medicina.udd.cl\/kinesiologia-santiago\/noticias\/2025\/11\/11\/estudiantes-de-primer-ano-de-kinesiologia-exploran-la-biofisica-aplicada-al-movimiento-en-laboratorio-de-exploratec\/","og_site_name":"Kinesiolog\u00eda","article_published_time":"2025-11-11T18:43:25+00:00","article_modified_time":"2025-11-11T18:43:26+00:00","og_image":[{"width":2560,"height":1920,"url":"https:\/\/medicina.udd.cl\/kinesiologia-santiago\/files\/2025\/11\/imagen-de-whatsapp-2025-11-11-a-las-15-39-50_b41371bf-scaled.jpg","type":"image\/jpeg"}],"author":"magdalenaestay","twitter_misc":{"Escrito por":"magdalenaestay","Tiempo de lectura":"4 minutos"},"schema":{"@context":"https:\/\/schema.org","@graph":[{"@type":"Article","@id":"https:\/\/medicina.udd.cl\/kinesiologia-santiago\/noticias\/2025\/11\/11\/estudiantes-de-primer-ano-de-kinesiologia-exploran-la-biofisica-aplicada-al-movimiento-en-laboratorio-de-exploratec\/#article","isPartOf":{"@id":"https:\/\/medicina.udd.cl\/kinesiologia-santiago\/noticias\/2025\/11\/11\/estudiantes-de-primer-ano-de-kinesiologia-exploran-la-biofisica-aplicada-al-movimiento-en-laboratorio-de-exploratec\/"},"author":{"name":"magdalenaestay","@id":"https:\/\/medicina.udd.cl\/kinesiologia-santiago\/#\/schema\/person\/ed6f79d59c0f820f128a5bb9801ef1f2"},"headline":"Estudiantes de primer a\u00f1o de Kinesiolog\u00eda exploran la biof\u00edsica aplicada al movimiento en laboratorio de\u00a0Exploratec\u00a0","datePublished":"2025-11-11T18:43:25+00:00","dateModified":"2025-11-11T18:43:26+00:00","mainEntityOfPage":{"@id":"https:\/\/medicina.udd.cl\/kinesiologia-santiago\/noticias\/2025\/11\/11\/estudiantes-de-primer-ano-de-kinesiologia-exploran-la-biofisica-aplicada-al-movimiento-en-laboratorio-de-exploratec\/"},"wordCount":497,"image":{"@id":"https:\/\/medicina.udd.cl\/kinesiologia-santiago\/noticias\/2025\/11\/11\/estudiantes-de-primer-ano-de-kinesiologia-exploran-la-biofisica-aplicada-al-movimiento-en-laboratorio-de-exploratec\/#primaryimage"},"thumbnailUrl":"https:\/\/medicina.udd.cl\/kinesiologia-santiago\/files\/2025\/11\/imagen-de-whatsapp-2025-11-11-a-las-15-39-50_b41371bf-scaled.jpg","articleSection":["Noticias"],"inLanguage":"es"},{"@type":"WebPage","@id":"https:\/\/medicina.udd.cl\/kinesiologia-santiago\/noticias\/2025\/11\/11\/estudiantes-de-primer-ano-de-kinesiologia-exploran-la-biofisica-aplicada-al-movimiento-en-laboratorio-de-exploratec\/","url":"https:\/\/medicina.udd.cl\/kinesiologia-santiago\/noticias\/2025\/11\/11\/estudiantes-de-primer-ano-de-kinesiologia-exploran-la-biofisica-aplicada-al-movimiento-en-laboratorio-de-exploratec\/","name":"Estudiantes de primer a\u00f1o de Kinesiolog\u00eda exploran la biof\u00edsica aplicada al movimiento en laboratorio de\u00a0Exploratec\u00a0 - Kinesiolog\u00eda","isPartOf":{"@id":"https:\/\/medicina.udd.cl\/kinesiologia-santiago\/#website"},"primaryImageOfPage":{"@id":"https:\/\/medicina.udd.cl\/kinesiologia-santiago\/noticias\/2025\/11\/11\/estudiantes-de-primer-ano-de-kinesiologia-exploran-la-biofisica-aplicada-al-movimiento-en-laboratorio-de-exploratec\/#primaryimage"},"image":{"@id":"https:\/\/medicina.udd.cl\/kinesiologia-santiago\/noticias\/2025\/11\/11\/estudiantes-de-primer-ano-de-kinesiologia-exploran-la-biofisica-aplicada-al-movimiento-en-laboratorio-de-exploratec\/#primaryimage"},"thumbnailUrl":"https:\/\/medicina.udd.cl\/kinesiologia-santiago\/files\/2025\/11\/imagen-de-whatsapp-2025-11-11-a-las-15-39-50_b41371bf-scaled.jpg","datePublished":"2025-11-11T18:43:25+00:00","dateModified":"2025-11-11T18:43:26+00:00","author":{"@id":"https:\/\/medicina.udd.cl\/kinesiologia-santiago\/#\/schema\/person\/ed6f79d59c0f820f128a5bb9801ef1f2"},"breadcrumb":{"@id":"https:\/\/medicina.udd.cl\/kinesiologia-santiago\/noticias\/2025\/11\/11\/estudiantes-de-primer-ano-de-kinesiologia-exploran-la-biofisica-aplicada-al-movimiento-en-laboratorio-de-exploratec\/#breadcrumb"},"inLanguage":"es","potentialAction":[{"@type":"ReadAction","target":["https:\/\/medicina.udd.cl\/kinesiologia-santiago\/noticias\/2025\/11\/11\/estudiantes-de-primer-ano-de-kinesiologia-exploran-la-biofisica-aplicada-al-movimiento-en-laboratorio-de-exploratec\/"]}]},{"@type":"ImageObject","inLanguage":"es","@id":"https:\/\/medicina.udd.cl\/kinesiologia-santiago\/noticias\/2025\/11\/11\/estudiantes-de-primer-ano-de-kinesiologia-exploran-la-biofisica-aplicada-al-movimiento-en-laboratorio-de-exploratec\/#primaryimage","url":"https:\/\/medicina.udd.cl\/kinesiologia-santiago\/files\/2025\/11\/imagen-de-whatsapp-2025-11-11-a-las-15-39-50_b41371bf-scaled.jpg","contentUrl":"https:\/\/medicina.udd.cl\/kinesiologia-santiago\/files\/2025\/11\/imagen-de-whatsapp-2025-11-11-a-las-15-39-50_b41371bf-scaled.jpg","width":2560,"height":1920},{"@type":"BreadcrumbList","@id":"https:\/\/medicina.udd.cl\/kinesiologia-santiago\/noticias\/2025\/11\/11\/estudiantes-de-primer-ano-de-kinesiologia-exploran-la-biofisica-aplicada-al-movimiento-en-laboratorio-de-exploratec\/#breadcrumb","itemListElement":[{"@type":"ListItem","position":1,"name":"Home","item":"https:\/\/medicina.udd.cl\/kinesiologia-santiago\/"},{"@type":"ListItem","position":2,"name":"Estudiantes de primer a\u00f1o de Kinesiolog\u00eda exploran la biof\u00edsica aplicada al movimiento en laboratorio de\u00a0Exploratec\u00a0"}]},{"@type":"WebSite","@id":"https:\/\/medicina.udd.cl\/kinesiologia-santiago\/#website","url":"https:\/\/medicina.udd.cl\/kinesiologia-santiago\/","name":"Kinesiolog\u00eda","description":"Facultad de Medicina Cl\u00ednica Alemana Universidad del Desarrollo","inLanguage":"es"},{"@type":"Person","@id":"https:\/\/medicina.udd.cl\/kinesiologia-santiago\/#\/schema\/person\/ed6f79d59c0f820f128a5bb9801ef1f2","name":"magdalenaestay","image":{"@type":"ImageObject","inLanguage":"es","@id":"https:\/\/medicina.udd.cl\/kinesiologia-santiago\/#\/schema\/person\/image\/","url":"https:\/\/secure.gravatar.com\/avatar\/b068ccaa115501438dab22979d0ff56e6306c4f89777269db483369ec65d8dc1?s=96&d=mm&r=g","contentUrl":"https:\/\/secure.gravatar.com\/avatar\/b068ccaa115501438dab22979d0ff56e6306c4f89777269db483369ec65d8dc1?s=96&d=mm&r=g","caption":"magdalenaestay"},"url":"https:\/\/medicina.udd.cl\/kinesiologia-santiago\/noticias\/author\/magdalenaestay\/"}]}},"featured_image_url":"https:\/\/medicina.udd.cl\/kinesiologia-santiago\/files\/2025\/11\/imagen-de-whatsapp-2025-11-11-a-las-15-39-50_b41371bf-scaled.jpg","_links":{"self":[{"href":"https:\/\/medicina.udd.cl\/kinesiologia-santiago\/wp-json\/wp\/v2\/posts\/7293","targetHints":{"allow":["GET"]}}],"collection":[{"href":"https:\/\/medicina.udd.cl\/kinesiologia-santiago\/wp-json\/wp\/v2\/posts"}],"about":[{"href":"https:\/\/medicina.udd.cl\/kinesiologia-santiago\/wp-json\/wp\/v2\/types\/post"}],"author":[{"embeddable":true,"href":"https:\/\/medicina.udd.cl\/kinesiologia-santiago\/wp-json\/wp\/v2\/users\/9192254"}],"replies":[{"embeddable":true,"href":"https:\/\/medicina.udd.cl\/kinesiologia-santiago\/wp-json\/wp\/v2\/comments?post=7293"}],"version-history":[{"count":1,"href":"https:\/\/medicina.udd.cl\/kinesiologia-santiago\/wp-json\/wp\/v2\/posts\/7293\/revisions"}],"predecessor-version":[{"id":7300,"href":"https:\/\/medicina.udd.cl\/kinesiologia-santiago\/wp-json\/wp\/v2\/posts\/7293\/revisions\/7300"}],"wp:featuredmedia":[{"embeddable":true,"href":"https:\/\/medicina.udd.cl\/kinesiologia-santiago\/wp-json\/wp\/v2\/media\/7294"}],"wp:attachment":[{"href":"https:\/\/medicina.udd.cl\/kinesiologia-santiago\/wp-json\/wp\/v2\/media?parent=7293"}],"wp:term":[{"taxonomy":"category","embeddable":true,"href":"https:\/\/medicina.udd.cl\/kinesiologia-santiago\/wp-json\/wp\/v2\/categories?post=7293"},{"taxonomy":"post_tag","embeddable":true,"href":"https:\/\/medicina.udd.cl\/kinesiologia-santiago\/wp-json\/wp\/v2\/tags?post=7293"}],"curies":[{"name":"wp","href":"https:\/\/api.w.org\/{rel}","templated":true}]}}