{"id":7301,"date":"2025-11-14T11:58:31","date_gmt":"2025-11-14T14:58:31","guid":{"rendered":"https:\/\/medicina.udd.cl\/kinesiologia-santiago\/?p=7301"},"modified":"2025-11-14T11:58:32","modified_gmt":"2025-11-14T14:58:32","slug":"udd-realiza-el-primer-conversatorio-sobre-fisioterapia-invasiva-en-chile","status":"publish","type":"post","link":"https:\/\/medicina.udd.cl\/kinesiologia-santiago\/noticias\/2025\/11\/14\/udd-realiza-el-primer-conversatorio-sobre-fisioterapia-invasiva-en-chile\/","title":{"rendered":"UDD realiza el primer conversatorio sobre Fisioterapia Invasiva en Chile\u00a0"},"content":{"rendered":"\n<figure class=\"wp-block-gallery has-nested-images columns-default is-cropped wp-block-gallery-1 is-layout-flex wp-block-gallery-is-layout-flex\">\n<figure class=\"wp-block-image size-large\"><a href=\"https:\/\/medicina.udd.cl\/kinesiologia-santiago\/files\/2025\/11\/conversatorio-kine-3-scaled.jpg\"><img loading=\"lazy\" decoding=\"async\" width=\"1024\" height=\"768\" data-id=\"7304\" src=\"https:\/\/medicina.udd.cl\/kinesiologia-santiago\/files\/2025\/11\/conversatorio-kine-3-1024x768.jpg\" alt=\"\" class=\"wp-image-7304\" srcset=\"https:\/\/medicina.udd.cl\/kinesiologia-santiago\/files\/2025\/11\/conversatorio-kine-3-1024x768.jpg 1024w, https:\/\/medicina.udd.cl\/kinesiologia-santiago\/files\/2025\/11\/conversatorio-kine-3-300x225.jpg 300w, https:\/\/medicina.udd.cl\/kinesiologia-santiago\/files\/2025\/11\/conversatorio-kine-3-768x576.jpg 768w, https:\/\/medicina.udd.cl\/kinesiologia-santiago\/files\/2025\/11\/conversatorio-kine-3-1536x1152.jpg 1536w, https:\/\/medicina.udd.cl\/kinesiologia-santiago\/files\/2025\/11\/conversatorio-kine-3-2048x1536.jpg 2048w\" sizes=\"auto, (max-width: 1024px) 100vw, 1024px\" \/><\/a><\/figure>\n\n\n\n<figure class=\"wp-block-image size-large\"><a href=\"https:\/\/medicina.udd.cl\/kinesiologia-santiago\/files\/2025\/11\/conversatorio-kine-2-scaled.jpg\"><img loading=\"lazy\" decoding=\"async\" width=\"1024\" height=\"768\" data-id=\"7302\" src=\"https:\/\/medicina.udd.cl\/kinesiologia-santiago\/files\/2025\/11\/conversatorio-kine-2-1024x768.jpg\" alt=\"\" class=\"wp-image-7302\" srcset=\"https:\/\/medicina.udd.cl\/kinesiologia-santiago\/files\/2025\/11\/conversatorio-kine-2-1024x768.jpg 1024w, https:\/\/medicina.udd.cl\/kinesiologia-santiago\/files\/2025\/11\/conversatorio-kine-2-300x225.jpg 300w, https:\/\/medicina.udd.cl\/kinesiologia-santiago\/files\/2025\/11\/conversatorio-kine-2-768x576.jpg 768w, https:\/\/medicina.udd.cl\/kinesiologia-santiago\/files\/2025\/11\/conversatorio-kine-2-1536x1152.jpg 1536w, https:\/\/medicina.udd.cl\/kinesiologia-santiago\/files\/2025\/11\/conversatorio-kine-2-2048x1536.jpg 2048w\" sizes=\"auto, (max-width: 1024px) 100vw, 1024px\" \/><\/a><\/figure>\n\n\n\n<figure class=\"wp-block-image size-large\"><a href=\"https:\/\/medicina.udd.cl\/kinesiologia-santiago\/files\/2025\/11\/conversatorio-kine-1-scaled.jpg\"><img loading=\"lazy\" decoding=\"async\" width=\"1024\" height=\"768\" data-id=\"7303\" src=\"https:\/\/medicina.udd.cl\/kinesiologia-santiago\/files\/2025\/11\/conversatorio-kine-1-1024x768.jpg\" alt=\"\" class=\"wp-image-7303\" srcset=\"https:\/\/medicina.udd.cl\/kinesiologia-santiago\/files\/2025\/11\/conversatorio-kine-1-1024x768.jpg 1024w, https:\/\/medicina.udd.cl\/kinesiologia-santiago\/files\/2025\/11\/conversatorio-kine-1-300x225.jpg 300w, https:\/\/medicina.udd.cl\/kinesiologia-santiago\/files\/2025\/11\/conversatorio-kine-1-768x576.jpg 768w, https:\/\/medicina.udd.cl\/kinesiologia-santiago\/files\/2025\/11\/conversatorio-kine-1-1536x1152.jpg 1536w, https:\/\/medicina.udd.cl\/kinesiologia-santiago\/files\/2025\/11\/conversatorio-kine-1-2048x1536.jpg 2048w\" sizes=\"auto, (max-width: 1024px) 100vw, 1024px\" \/><\/a><\/figure>\n<\/figure>\n\n\n\n<p>El s\u00e1bado 8 de noviembre, la Carrera de Kinesiolog\u00eda de la Facultad de Medicina Cl\u00ednica Alemana Universidad del Desarrollo realiz\u00f3 el primer conversatorio sobre Fisioterapia Invasiva en Chile, una instancia pionera organizada por la Coordinaci\u00f3n del \u00c1rea Musculoesquel\u00e9tica, que reuni\u00f3 a estudiantes y kinesi\u00f3logos interesados en comprender el estado actual y los desaf\u00edos de esta estrategia terap\u00e9utica emergente.&nbsp;<\/p>\n\n\n\n<p>La jornada fue inaugurada por Mar\u00eda Jes\u00fas Mena Iturriaga, acad\u00e9mica y coordinadora del \u00e1rea, quien dio la bienvenida a los asistentes y destac\u00f3 la relevancia de promover espacios de formaci\u00f3n interdisciplinaria, actualizada y basada en evidencia.&nbsp;<\/p>\n\n\n\n<p>Luego, el&nbsp;Klgo. Jorge Molina, director de la carrera, entreg\u00f3 palabras de apertura en las que subray\u00f3 un desaf\u00edo crucial que hoy enfrenta nuestra disciplina: el reconocimiento oficial de las especialidades en Kinesiolog\u00eda en Chile. En ese contexto \u2014se\u00f1al\u00f3\u2014 es fundamental que estrategias como la fisioterapia invasiva sean profundamente estudiadas, s\u00f3lidamente fundamentadas y aplicadas de manera responsable, por profesionales expertos y debidamente formados, para asegurar intervenciones seguras y de real beneficio para los pacientes.&nbsp;<\/p>\n\n\n\n<p>El conversatorio cont\u00f3 adem\u00e1s con la participaci\u00f3n de&nbsp;los&nbsp;m\u00e9dicos traumat\u00f3logos&nbsp;Oswaldo Villalobos, Juan Jos\u00e9 Pellegrini y Alex&nbsp;Vaisman,&nbsp;este \u00faltimo&nbsp;docente de la Facultad de Medicina Cl\u00ednica Alemana Universidad del Desarrollo y traumat\u00f3logo de Cl\u00ednica Alemana, quienes entregaron una mirada profundamente interdisciplinaria. Los especialistas compartieron sus experiencias cl\u00ednicas, destacaron su colaboraci\u00f3n habitual con kinesi\u00f3logos y explicaron el rol que cumplen las derivaciones hacia estrategias como la fisioterapia invasiva dentro de planes terap\u00e9uticos integrados, especialmente en pacientes con disfunciones musculoesquel\u00e9ticas complejas.&nbsp;<\/p>\n\n\n\n<p>La exposici\u00f3n principal estuvo a cargo del&nbsp;Klgo. Joaqu\u00edn Pe\u00f1a Herreros, kinesi\u00f3logo&nbsp;Alumni&nbsp;UDD y pionero nacional en fisioterapia invasiva, quien present\u00f3 fundamentos fisiol\u00f3gicos, aplicaciones cl\u00ednicas, evidencia disponible y consideraciones \u00e9ticas y formativas indispensables para la pr\u00e1ctica segura de estas t\u00e9cnicas.&nbsp;<\/p>\n\n\n\n<p>Esta actividad marc\u00f3 un hito para la carrera, reforzando el compromiso de la UDD con la formaci\u00f3n de profesionales altamente competentes, preparados para liderar nuevas tendencias en rehabilitaci\u00f3n musculoesquel\u00e9tica y responder a los desaf\u00edos actuales de la disciplina en Chile.&nbsp;<\/p>\n","protected":false},"excerpt":{"rendered":"<p>El s\u00e1bado 8 de noviembre, la Carrera de Kinesiolog\u00eda de la Facultad de Medicina Cl\u00ednica Alemana Universidad del Desarrollo realiz\u00f3 el primer conversatorio sobre Fisioterapia Invasiva en Chile, una instancia pionera organizada por la Coordinaci\u00f3n del \u00c1rea Musculoesquel\u00e9tica, que reuni\u00f3 a estudiantes y kinesi\u00f3logos interesados en comprender el estado actual y los desaf\u00edos de esta [&hellip;]<\/p>\n","protected":false},"author":9192254,"featured_media":7303,"comment_status":"closed","ping_status":"open","sticky":false,"template":"","format":"standard","meta":{"footnotes":""},"categories":[4],"tags":[],"class_list":["post-7301","post","type-post","status-publish","format-standard","has-post-thumbnail","hentry","category-noticias"],"yoast_head":"<!-- This site is optimized with the Yoast SEO plugin v26.9 - https:\/\/yoast.com\/product\/yoast-seo-wordpress\/ -->\n<title>UDD realiza el primer conversatorio sobre Fisioterapia Invasiva en Chile\u00a0 - Kinesiolog\u00eda<\/title>\n<meta name=\"robots\" content=\"index, follow, max-snippet:-1, max-image-preview:large, max-video-preview:-1\" \/>\n<link rel=\"canonical\" href=\"https:\/\/medicina.udd.cl\/kinesiologia-santiago\/noticias\/2025\/11\/14\/udd-realiza-el-primer-conversatorio-sobre-fisioterapia-invasiva-en-chile\/\" \/>\n<meta property=\"og:locale\" content=\"es_ES\" \/>\n<meta property=\"og:type\" content=\"article\" \/>\n<meta property=\"og:title\" content=\"UDD realiza el primer conversatorio sobre Fisioterapia Invasiva en Chile\u00a0 - Kinesiolog\u00eda\" \/>\n<meta property=\"og:description\" content=\"El s\u00e1bado 8 de noviembre, la Carrera de Kinesiolog\u00eda de la Facultad de Medicina Cl\u00ednica Alemana Universidad del Desarrollo realiz\u00f3 el primer conversatorio sobre Fisioterapia Invasiva en Chile, una instancia pionera organizada por la Coordinaci\u00f3n del \u00c1rea Musculoesquel\u00e9tica, que reuni\u00f3 a estudiantes y kinesi\u00f3logos interesados en comprender el estado actual y los desaf\u00edos de esta [&hellip;]\" \/>\n<meta property=\"og:url\" content=\"https:\/\/medicina.udd.cl\/kinesiologia-santiago\/noticias\/2025\/11\/14\/udd-realiza-el-primer-conversatorio-sobre-fisioterapia-invasiva-en-chile\/\" \/>\n<meta property=\"og:site_name\" content=\"Kinesiolog\u00eda\" \/>\n<meta property=\"article:published_time\" content=\"2025-11-14T14:58:31+00:00\" \/>\n<meta property=\"article:modified_time\" content=\"2025-11-14T14:58:32+00:00\" \/>\n<meta property=\"og:image\" content=\"https:\/\/medicina.udd.cl\/kinesiologia-santiago\/files\/2025\/11\/conversatorio-kine-1-scaled.jpg\" \/>\n\t<meta property=\"og:image:width\" content=\"2560\" \/>\n\t<meta property=\"og:image:height\" content=\"1920\" \/>\n\t<meta property=\"og:image:type\" content=\"image\/jpeg\" \/>\n<meta name=\"author\" content=\"magdalenaestay\" \/>\n<meta name=\"twitter:label1\" content=\"Escrito por\" \/>\n\t<meta name=\"twitter:data1\" content=\"magdalenaestay\" \/>\n\t<meta name=\"twitter:label2\" content=\"Tiempo de lectura\" \/>\n\t<meta name=\"twitter:data2\" content=\"3 minutos\" \/>\n<script type=\"application\/ld+json\" class=\"yoast-schema-graph\">{\"@context\":\"https:\/\/schema.org\",\"@graph\":[{\"@type\":\"Article\",\"@id\":\"https:\/\/medicina.udd.cl\/kinesiologia-santiago\/noticias\/2025\/11\/14\/udd-realiza-el-primer-conversatorio-sobre-fisioterapia-invasiva-en-chile\/#article\",\"isPartOf\":{\"@id\":\"https:\/\/medicina.udd.cl\/kinesiologia-santiago\/noticias\/2025\/11\/14\/udd-realiza-el-primer-conversatorio-sobre-fisioterapia-invasiva-en-chile\/\"},\"author\":{\"name\":\"magdalenaestay\",\"@id\":\"https:\/\/medicina.udd.cl\/kinesiologia-santiago\/#\/schema\/person\/ed6f79d59c0f820f128a5bb9801ef1f2\"},\"headline\":\"UDD realiza el primer conversatorio sobre Fisioterapia Invasiva en Chile\u00a0\",\"datePublished\":\"2025-11-14T14:58:31+00:00\",\"dateModified\":\"2025-11-14T14:58:32+00:00\",\"mainEntityOfPage\":{\"@id\":\"https:\/\/medicina.udd.cl\/kinesiologia-santiago\/noticias\/2025\/11\/14\/udd-realiza-el-primer-conversatorio-sobre-fisioterapia-invasiva-en-chile\/\"},\"wordCount\":395,\"image\":{\"@id\":\"https:\/\/medicina.udd.cl\/kinesiologia-santiago\/noticias\/2025\/11\/14\/udd-realiza-el-primer-conversatorio-sobre-fisioterapia-invasiva-en-chile\/#primaryimage\"},\"thumbnailUrl\":\"https:\/\/medicina.udd.cl\/kinesiologia-santiago\/files\/2025\/11\/conversatorio-kine-1-scaled.jpg\",\"articleSection\":[\"Noticias\"],\"inLanguage\":\"es\"},{\"@type\":\"WebPage\",\"@id\":\"https:\/\/medicina.udd.cl\/kinesiologia-santiago\/noticias\/2025\/11\/14\/udd-realiza-el-primer-conversatorio-sobre-fisioterapia-invasiva-en-chile\/\",\"url\":\"https:\/\/medicina.udd.cl\/kinesiologia-santiago\/noticias\/2025\/11\/14\/udd-realiza-el-primer-conversatorio-sobre-fisioterapia-invasiva-en-chile\/\",\"name\":\"UDD realiza el primer conversatorio sobre Fisioterapia Invasiva en Chile\u00a0 - Kinesiolog\u00eda\",\"isPartOf\":{\"@id\":\"https:\/\/medicina.udd.cl\/kinesiologia-santiago\/#website\"},\"primaryImageOfPage\":{\"@id\":\"https:\/\/medicina.udd.cl\/kinesiologia-santiago\/noticias\/2025\/11\/14\/udd-realiza-el-primer-conversatorio-sobre-fisioterapia-invasiva-en-chile\/#primaryimage\"},\"image\":{\"@id\":\"https:\/\/medicina.udd.cl\/kinesiologia-santiago\/noticias\/2025\/11\/14\/udd-realiza-el-primer-conversatorio-sobre-fisioterapia-invasiva-en-chile\/#primaryimage\"},\"thumbnailUrl\":\"https:\/\/medicina.udd.cl\/kinesiologia-santiago\/files\/2025\/11\/conversatorio-kine-1-scaled.jpg\",\"datePublished\":\"2025-11-14T14:58:31+00:00\",\"dateModified\":\"2025-11-14T14:58:32+00:00\",\"author\":{\"@id\":\"https:\/\/medicina.udd.cl\/kinesiologia-santiago\/#\/schema\/person\/ed6f79d59c0f820f128a5bb9801ef1f2\"},\"breadcrumb\":{\"@id\":\"https:\/\/medicina.udd.cl\/kinesiologia-santiago\/noticias\/2025\/11\/14\/udd-realiza-el-primer-conversatorio-sobre-fisioterapia-invasiva-en-chile\/#breadcrumb\"},\"inLanguage\":\"es\",\"potentialAction\":[{\"@type\":\"ReadAction\",\"target\":[\"https:\/\/medicina.udd.cl\/kinesiologia-santiago\/noticias\/2025\/11\/14\/udd-realiza-el-primer-conversatorio-sobre-fisioterapia-invasiva-en-chile\/\"]}]},{\"@type\":\"ImageObject\",\"inLanguage\":\"es\",\"@id\":\"https:\/\/medicina.udd.cl\/kinesiologia-santiago\/noticias\/2025\/11\/14\/udd-realiza-el-primer-conversatorio-sobre-fisioterapia-invasiva-en-chile\/#primaryimage\",\"url\":\"https:\/\/medicina.udd.cl\/kinesiologia-santiago\/files\/2025\/11\/conversatorio-kine-1-scaled.jpg\",\"contentUrl\":\"https:\/\/medicina.udd.cl\/kinesiologia-santiago\/files\/2025\/11\/conversatorio-kine-1-scaled.jpg\",\"width\":2560,\"height\":1920},{\"@type\":\"BreadcrumbList\",\"@id\":\"https:\/\/medicina.udd.cl\/kinesiologia-santiago\/noticias\/2025\/11\/14\/udd-realiza-el-primer-conversatorio-sobre-fisioterapia-invasiva-en-chile\/#breadcrumb\",\"itemListElement\":[{\"@type\":\"ListItem\",\"position\":1,\"name\":\"Home\",\"item\":\"https:\/\/medicina.udd.cl\/kinesiologia-santiago\/\"},{\"@type\":\"ListItem\",\"position\":2,\"name\":\"UDD realiza el primer conversatorio sobre Fisioterapia Invasiva en Chile\u00a0\"}]},{\"@type\":\"WebSite\",\"@id\":\"https:\/\/medicina.udd.cl\/kinesiologia-santiago\/#website\",\"url\":\"https:\/\/medicina.udd.cl\/kinesiologia-santiago\/\",\"name\":\"Kinesiolog\u00eda\",\"description\":\"Facultad de Medicina Cl\u00ednica Alemana Universidad del Desarrollo\",\"inLanguage\":\"es\"},{\"@type\":\"Person\",\"@id\":\"https:\/\/medicina.udd.cl\/kinesiologia-santiago\/#\/schema\/person\/ed6f79d59c0f820f128a5bb9801ef1f2\",\"name\":\"magdalenaestay\",\"image\":{\"@type\":\"ImageObject\",\"inLanguage\":\"es\",\"@id\":\"https:\/\/medicina.udd.cl\/kinesiologia-santiago\/#\/schema\/person\/image\/\",\"url\":\"https:\/\/secure.gravatar.com\/avatar\/b068ccaa115501438dab22979d0ff56e6306c4f89777269db483369ec65d8dc1?s=96&d=mm&r=g\",\"contentUrl\":\"https:\/\/secure.gravatar.com\/avatar\/b068ccaa115501438dab22979d0ff56e6306c4f89777269db483369ec65d8dc1?s=96&d=mm&r=g\",\"caption\":\"magdalenaestay\"},\"url\":\"https:\/\/medicina.udd.cl\/kinesiologia-santiago\/noticias\/author\/magdalenaestay\/\"}]}<\/script>\n<!-- \/ Yoast SEO plugin. -->","yoast_head_json":{"title":"UDD realiza el primer conversatorio sobre Fisioterapia Invasiva en Chile\u00a0 - Kinesiolog\u00eda","robots":{"index":"index","follow":"follow","max-snippet":"max-snippet:-1","max-image-preview":"max-image-preview:large","max-video-preview":"max-video-preview:-1"},"canonical":"https:\/\/medicina.udd.cl\/kinesiologia-santiago\/noticias\/2025\/11\/14\/udd-realiza-el-primer-conversatorio-sobre-fisioterapia-invasiva-en-chile\/","og_locale":"es_ES","og_type":"article","og_title":"UDD realiza el primer conversatorio sobre Fisioterapia Invasiva en Chile\u00a0 - Kinesiolog\u00eda","og_description":"El s\u00e1bado 8 de noviembre, la Carrera de Kinesiolog\u00eda de la Facultad de Medicina Cl\u00ednica Alemana Universidad del Desarrollo realiz\u00f3 el primer conversatorio sobre Fisioterapia Invasiva en Chile, una instancia pionera organizada por la Coordinaci\u00f3n del \u00c1rea Musculoesquel\u00e9tica, que reuni\u00f3 a estudiantes y kinesi\u00f3logos interesados en comprender el estado actual y los desaf\u00edos de esta [&hellip;]","og_url":"https:\/\/medicina.udd.cl\/kinesiologia-santiago\/noticias\/2025\/11\/14\/udd-realiza-el-primer-conversatorio-sobre-fisioterapia-invasiva-en-chile\/","og_site_name":"Kinesiolog\u00eda","article_published_time":"2025-11-14T14:58:31+00:00","article_modified_time":"2025-11-14T14:58:32+00:00","og_image":[{"width":2560,"height":1920,"url":"https:\/\/medicina.udd.cl\/kinesiologia-santiago\/files\/2025\/11\/conversatorio-kine-1-scaled.jpg","type":"image\/jpeg"}],"author":"magdalenaestay","twitter_misc":{"Escrito por":"magdalenaestay","Tiempo de lectura":"3 minutos"},"schema":{"@context":"https:\/\/schema.org","@graph":[{"@type":"Article","@id":"https:\/\/medicina.udd.cl\/kinesiologia-santiago\/noticias\/2025\/11\/14\/udd-realiza-el-primer-conversatorio-sobre-fisioterapia-invasiva-en-chile\/#article","isPartOf":{"@id":"https:\/\/medicina.udd.cl\/kinesiologia-santiago\/noticias\/2025\/11\/14\/udd-realiza-el-primer-conversatorio-sobre-fisioterapia-invasiva-en-chile\/"},"author":{"name":"magdalenaestay","@id":"https:\/\/medicina.udd.cl\/kinesiologia-santiago\/#\/schema\/person\/ed6f79d59c0f820f128a5bb9801ef1f2"},"headline":"UDD realiza el primer conversatorio sobre Fisioterapia Invasiva en Chile\u00a0","datePublished":"2025-11-14T14:58:31+00:00","dateModified":"2025-11-14T14:58:32+00:00","mainEntityOfPage":{"@id":"https:\/\/medicina.udd.cl\/kinesiologia-santiago\/noticias\/2025\/11\/14\/udd-realiza-el-primer-conversatorio-sobre-fisioterapia-invasiva-en-chile\/"},"wordCount":395,"image":{"@id":"https:\/\/medicina.udd.cl\/kinesiologia-santiago\/noticias\/2025\/11\/14\/udd-realiza-el-primer-conversatorio-sobre-fisioterapia-invasiva-en-chile\/#primaryimage"},"thumbnailUrl":"https:\/\/medicina.udd.cl\/kinesiologia-santiago\/files\/2025\/11\/conversatorio-kine-1-scaled.jpg","articleSection":["Noticias"],"inLanguage":"es"},{"@type":"WebPage","@id":"https:\/\/medicina.udd.cl\/kinesiologia-santiago\/noticias\/2025\/11\/14\/udd-realiza-el-primer-conversatorio-sobre-fisioterapia-invasiva-en-chile\/","url":"https:\/\/medicina.udd.cl\/kinesiologia-santiago\/noticias\/2025\/11\/14\/udd-realiza-el-primer-conversatorio-sobre-fisioterapia-invasiva-en-chile\/","name":"UDD realiza el primer conversatorio sobre Fisioterapia Invasiva en Chile\u00a0 - Kinesiolog\u00eda","isPartOf":{"@id":"https:\/\/medicina.udd.cl\/kinesiologia-santiago\/#website"},"primaryImageOfPage":{"@id":"https:\/\/medicina.udd.cl\/kinesiologia-santiago\/noticias\/2025\/11\/14\/udd-realiza-el-primer-conversatorio-sobre-fisioterapia-invasiva-en-chile\/#primaryimage"},"image":{"@id":"https:\/\/medicina.udd.cl\/kinesiologia-santiago\/noticias\/2025\/11\/14\/udd-realiza-el-primer-conversatorio-sobre-fisioterapia-invasiva-en-chile\/#primaryimage"},"thumbnailUrl":"https:\/\/medicina.udd.cl\/kinesiologia-santiago\/files\/2025\/11\/conversatorio-kine-1-scaled.jpg","datePublished":"2025-11-14T14:58:31+00:00","dateModified":"2025-11-14T14:58:32+00:00","author":{"@id":"https:\/\/medicina.udd.cl\/kinesiologia-santiago\/#\/schema\/person\/ed6f79d59c0f820f128a5bb9801ef1f2"},"breadcrumb":{"@id":"https:\/\/medicina.udd.cl\/kinesiologia-santiago\/noticias\/2025\/11\/14\/udd-realiza-el-primer-conversatorio-sobre-fisioterapia-invasiva-en-chile\/#breadcrumb"},"inLanguage":"es","potentialAction":[{"@type":"ReadAction","target":["https:\/\/medicina.udd.cl\/kinesiologia-santiago\/noticias\/2025\/11\/14\/udd-realiza-el-primer-conversatorio-sobre-fisioterapia-invasiva-en-chile\/"]}]},{"@type":"ImageObject","inLanguage":"es","@id":"https:\/\/medicina.udd.cl\/kinesiologia-santiago\/noticias\/2025\/11\/14\/udd-realiza-el-primer-conversatorio-sobre-fisioterapia-invasiva-en-chile\/#primaryimage","url":"https:\/\/medicina.udd.cl\/kinesiologia-santiago\/files\/2025\/11\/conversatorio-kine-1-scaled.jpg","contentUrl":"https:\/\/medicina.udd.cl\/kinesiologia-santiago\/files\/2025\/11\/conversatorio-kine-1-scaled.jpg","width":2560,"height":1920},{"@type":"BreadcrumbList","@id":"https:\/\/medicina.udd.cl\/kinesiologia-santiago\/noticias\/2025\/11\/14\/udd-realiza-el-primer-conversatorio-sobre-fisioterapia-invasiva-en-chile\/#breadcrumb","itemListElement":[{"@type":"ListItem","position":1,"name":"Home","item":"https:\/\/medicina.udd.cl\/kinesiologia-santiago\/"},{"@type":"ListItem","position":2,"name":"UDD realiza el primer conversatorio sobre Fisioterapia Invasiva en Chile\u00a0"}]},{"@type":"WebSite","@id":"https:\/\/medicina.udd.cl\/kinesiologia-santiago\/#website","url":"https:\/\/medicina.udd.cl\/kinesiologia-santiago\/","name":"Kinesiolog\u00eda","description":"Facultad de Medicina Cl\u00ednica Alemana Universidad del Desarrollo","inLanguage":"es"},{"@type":"Person","@id":"https:\/\/medicina.udd.cl\/kinesiologia-santiago\/#\/schema\/person\/ed6f79d59c0f820f128a5bb9801ef1f2","name":"magdalenaestay","image":{"@type":"ImageObject","inLanguage":"es","@id":"https:\/\/medicina.udd.cl\/kinesiologia-santiago\/#\/schema\/person\/image\/","url":"https:\/\/secure.gravatar.com\/avatar\/b068ccaa115501438dab22979d0ff56e6306c4f89777269db483369ec65d8dc1?s=96&d=mm&r=g","contentUrl":"https:\/\/secure.gravatar.com\/avatar\/b068ccaa115501438dab22979d0ff56e6306c4f89777269db483369ec65d8dc1?s=96&d=mm&r=g","caption":"magdalenaestay"},"url":"https:\/\/medicina.udd.cl\/kinesiologia-santiago\/noticias\/author\/magdalenaestay\/"}]}},"featured_image_url":"https:\/\/medicina.udd.cl\/kinesiologia-santiago\/files\/2025\/11\/conversatorio-kine-1-scaled.jpg","_links":{"self":[{"href":"https:\/\/medicina.udd.cl\/kinesiologia-santiago\/wp-json\/wp\/v2\/posts\/7301","targetHints":{"allow":["GET"]}}],"collection":[{"href":"https:\/\/medicina.udd.cl\/kinesiologia-santiago\/wp-json\/wp\/v2\/posts"}],"about":[{"href":"https:\/\/medicina.udd.cl\/kinesiologia-santiago\/wp-json\/wp\/v2\/types\/post"}],"author":[{"embeddable":true,"href":"https:\/\/medicina.udd.cl\/kinesiologia-santiago\/wp-json\/wp\/v2\/users\/9192254"}],"replies":[{"embeddable":true,"href":"https:\/\/medicina.udd.cl\/kinesiologia-santiago\/wp-json\/wp\/v2\/comments?post=7301"}],"version-history":[{"count":1,"href":"https:\/\/medicina.udd.cl\/kinesiologia-santiago\/wp-json\/wp\/v2\/posts\/7301\/revisions"}],"predecessor-version":[{"id":7305,"href":"https:\/\/medicina.udd.cl\/kinesiologia-santiago\/wp-json\/wp\/v2\/posts\/7301\/revisions\/7305"}],"wp:featuredmedia":[{"embeddable":true,"href":"https:\/\/medicina.udd.cl\/kinesiologia-santiago\/wp-json\/wp\/v2\/media\/7303"}],"wp:attachment":[{"href":"https:\/\/medicina.udd.cl\/kinesiologia-santiago\/wp-json\/wp\/v2\/media?parent=7301"}],"wp:term":[{"taxonomy":"category","embeddable":true,"href":"https:\/\/medicina.udd.cl\/kinesiologia-santiago\/wp-json\/wp\/v2\/categories?post=7301"},{"taxonomy":"post_tag","embeddable":true,"href":"https:\/\/medicina.udd.cl\/kinesiologia-santiago\/wp-json\/wp\/v2\/tags?post=7301"}],"curies":[{"name":"wp","href":"https:\/\/api.w.org\/{rel}","templated":true}]}}