{"id":7310,"date":"2025-11-20T17:23:30","date_gmt":"2025-11-20T20:23:30","guid":{"rendered":"https:\/\/medicina.udd.cl\/kinesiologia-santiago\/?p=7310"},"modified":"2025-11-25T10:27:33","modified_gmt":"2025-11-25T13:27:33","slug":"estudiantes-de-kinesiologia-e-ingenieria-civil-en-biomedicina-presentan-32-innovadores-proyectos-en-la-iii-feria-cientifica-interdisciplinaria-udd","status":"publish","type":"post","link":"https:\/\/medicina.udd.cl\/kinesiologia-santiago\/noticias\/2025\/11\/20\/estudiantes-de-kinesiologia-e-ingenieria-civil-en-biomedicina-presentan-32-innovadores-proyectos-en-la-iii-feria-cientifica-interdisciplinaria-udd\/","title":{"rendered":"Estudiantes de Kinesiolog\u00eda e Ingenier\u00eda Civil en Biomedicina presentan 32 innovadores proyectos en la III Feria Cient\u00edfica Interdisciplinaria UDD"},"content":{"rendered":"\n<figure class=\"wp-block-gallery has-nested-images columns-default is-cropped wp-block-gallery-1 is-layout-flex wp-block-gallery-is-layout-flex\">\n<figure class=\"wp-block-image size-large\"><a href=\"https:\/\/medicina.udd.cl\/kinesiologia-santiago\/files\/2025\/11\/kine-icbm-feria-cientifica-interdisciplinaria-2025-25-scaled.jpg\"><img loading=\"lazy\" decoding=\"async\" width=\"1024\" height=\"768\" data-id=\"7319\" src=\"https:\/\/medicina.udd.cl\/kinesiologia-santiago\/files\/2025\/11\/kine-icbm-feria-cientifica-interdisciplinaria-2025-25-1024x768.jpg\" alt=\"\" class=\"wp-image-7319\" srcset=\"https:\/\/medicina.udd.cl\/kinesiologia-santiago\/files\/2025\/11\/kine-icbm-feria-cientifica-interdisciplinaria-2025-25-1024x768.jpg 1024w, https:\/\/medicina.udd.cl\/kinesiologia-santiago\/files\/2025\/11\/kine-icbm-feria-cientifica-interdisciplinaria-2025-25-300x225.jpg 300w, https:\/\/medicina.udd.cl\/kinesiologia-santiago\/files\/2025\/11\/kine-icbm-feria-cientifica-interdisciplinaria-2025-25-768x576.jpg 768w, https:\/\/medicina.udd.cl\/kinesiologia-santiago\/files\/2025\/11\/kine-icbm-feria-cientifica-interdisciplinaria-2025-25-1536x1152.jpg 1536w, https:\/\/medicina.udd.cl\/kinesiologia-santiago\/files\/2025\/11\/kine-icbm-feria-cientifica-interdisciplinaria-2025-25-2048x1536.jpg 2048w\" sizes=\"auto, (max-width: 1024px) 100vw, 1024px\" \/><\/a><\/figure>\n\n\n\n<figure class=\"wp-block-image size-large\"><a href=\"https:\/\/medicina.udd.cl\/kinesiologia-santiago\/files\/2025\/11\/kine-icbm-feria-cientifica-interdisciplinaria-2025-31-scaled.jpg\"><img loading=\"lazy\" decoding=\"async\" width=\"1024\" height=\"563\" data-id=\"7321\" src=\"https:\/\/medicina.udd.cl\/kinesiologia-santiago\/files\/2025\/11\/kine-icbm-feria-cientifica-interdisciplinaria-2025-31-1024x563.jpg\" alt=\"\" class=\"wp-image-7321\" srcset=\"https:\/\/medicina.udd.cl\/kinesiologia-santiago\/files\/2025\/11\/kine-icbm-feria-cientifica-interdisciplinaria-2025-31-1024x563.jpg 1024w, https:\/\/medicina.udd.cl\/kinesiologia-santiago\/files\/2025\/11\/kine-icbm-feria-cientifica-interdisciplinaria-2025-31-300x165.jpg 300w, https:\/\/medicina.udd.cl\/kinesiologia-santiago\/files\/2025\/11\/kine-icbm-feria-cientifica-interdisciplinaria-2025-31-768x422.jpg 768w, https:\/\/medicina.udd.cl\/kinesiologia-santiago\/files\/2025\/11\/kine-icbm-feria-cientifica-interdisciplinaria-2025-31-1536x845.jpg 1536w, https:\/\/medicina.udd.cl\/kinesiologia-santiago\/files\/2025\/11\/kine-icbm-feria-cientifica-interdisciplinaria-2025-31-2048x1126.jpg 2048w\" sizes=\"auto, (max-width: 1024px) 100vw, 1024px\" \/><\/a><\/figure>\n\n\n\n<figure class=\"wp-block-image size-large\"><a href=\"https:\/\/medicina.udd.cl\/kinesiologia-santiago\/files\/2025\/11\/kine-icbm-feria-cientifica-interdisciplinaria-2025-2-scaled.jpg\"><img loading=\"lazy\" decoding=\"async\" width=\"1024\" height=\"768\" data-id=\"7308\" src=\"https:\/\/medicina.udd.cl\/kinesiologia-santiago\/files\/2025\/11\/kine-icbm-feria-cientifica-interdisciplinaria-2025-2-1024x768.jpg\" alt=\"\" class=\"wp-image-7308\" srcset=\"https:\/\/medicina.udd.cl\/kinesiologia-santiago\/files\/2025\/11\/kine-icbm-feria-cientifica-interdisciplinaria-2025-2-1024x768.jpg 1024w, https:\/\/medicina.udd.cl\/kinesiologia-santiago\/files\/2025\/11\/kine-icbm-feria-cientifica-interdisciplinaria-2025-2-300x225.jpg 300w, https:\/\/medicina.udd.cl\/kinesiologia-santiago\/files\/2025\/11\/kine-icbm-feria-cientifica-interdisciplinaria-2025-2-768x576.jpg 768w, https:\/\/medicina.udd.cl\/kinesiologia-santiago\/files\/2025\/11\/kine-icbm-feria-cientifica-interdisciplinaria-2025-2-1536x1152.jpg 1536w, https:\/\/medicina.udd.cl\/kinesiologia-santiago\/files\/2025\/11\/kine-icbm-feria-cientifica-interdisciplinaria-2025-2-2048x1536.jpg 2048w\" sizes=\"auto, (max-width: 1024px) 100vw, 1024px\" \/><\/a><\/figure>\n<\/figure>\n\n\n\n<p>Este mi\u00e9rcoles 19 de noviembre, se desarroll\u00f3 la&nbsp;<strong>tercera Feria Cient\u00edfica Interdisciplinaria<\/strong>&nbsp;del curso&nbsp;<em>Biof\u00edsica Aplicada al Movimiento<\/em>, una instancia que reuni\u00f3 a estudiantes de primer a\u00f1o de las carreras de&nbsp;<strong><a href=\"https:\/\/medicina.udd.cl\/kinesiologia-santiago\/\">Kinesiolog\u00eda<\/a><\/strong>&nbsp;e&nbsp;<strong><a href=\"https:\/\/ingenieria.udd.cl\/carrera\/ingenieria-civil-en-biomedicina\/\">Ingenier\u00eda Civil en Biomedicina<\/a><\/strong>&nbsp;de la Universidad del Desarrollo. La actividad permiti\u00f3 a los alumnos presentar&nbsp;<strong>32 proyectos cient\u00edficos<\/strong>, los cuales fueron expuestos a la comunidad universitaria, demostrando creatividad, rigurosidad acad\u00e9mica y un fuerte enfoque en soluciones aplicadas a la salud.<\/p>\n\n\n\n<p>La jornada cont\u00f3 con un comit\u00e9 evaluador compuesto por autoridades y acad\u00e9micos de ambas facultades. Entre ellos, la&nbsp;<strong>decana de la Facultad de Medicina<\/strong>, Dra.&nbsp;<strong>Marcela Castillo<\/strong>; el&nbsp;<strong>director de Kinesiolog\u00eda UDD<\/strong>, klgo.&nbsp;<strong>Jorge Molina<\/strong>; el&nbsp;<strong>director de Ingenier\u00eda Civil en Biomedicina<\/strong>, Ing.&nbsp;<strong>Pablo Pizarro<\/strong>; y el&nbsp;<strong>docente y coordinador de la actividad<\/strong>,&nbsp;<strong>Gustavo Castro<\/strong>. Tambi\u00e9n participaron docentes y coordinadores de las Facultades de Medicina e Ingenier\u00eda, quienes acompa\u00f1aron a los estudiantes durante la presentaci\u00f3n de sus proyectos.<\/p>\n\n\n\n<figure class=\"wp-block-embed aligncenter is-type-video is-provider-youtube wp-block-embed-youtube wp-embed-aspect-16-9 wp-has-aspect-ratio\"><div class=\"wp-block-embed__wrapper\">\n<iframe loading=\"lazy\" title=\"Feria Cient\u00edfica Interdisciplinaria UDD 2025\" width=\"500\" height=\"281\" src=\"https:\/\/www.youtube.com\/embed\/khH1ZvAVY8A?feature=oembed&#038;rel=0&#038;modestbranding=1&#038;autohide=1&#038;autoplay=0&#038;enablejsapi=1&#038;showinfo=0\" allowautoplay=\"allowautoplay\" frameborder=\"0\" allow=\"accelerometer; autoplay; clipboard-write; encrypted-media; gyroscope; picture-in-picture; web-share\" referrerpolicy=\"strict-origin-when-cross-origin\" allowfullscreen><\/iframe>\n<\/div><\/figure>\n\n\n\n<p>Todos los evaluadores coincidieron en el valor formativo de la instancia y en la importancia de la&nbsp;<strong>interdisciplina<\/strong>&nbsp;para el desarrollo de nuevas soluciones en el \u00e1mbito de la salud. Destacaron que la colaboraci\u00f3n entre estudiantes de ambas carreras permiti\u00f3 la creaci\u00f3n de prototipos innovadores, dise\u00f1ados con un enfoque pr\u00e1ctico y orientado al bienestar de los pacientes.<\/p>\n\n\n\n<p>La feria se consolid\u00f3 como un espacio para potenciar el trabajo en equipo, la aplicaci\u00f3n de conocimientos cient\u00edficos y el desarrollo de proyectos reales que aportan al avance tecnol\u00f3gico y cl\u00ednico, reafirmando el compromiso de la UDD con la formaci\u00f3n integral y la innovaci\u00f3n en salud.<\/p>\n\n\n\n<figure class=\"wp-block-gallery has-nested-images columns-default is-cropped wp-block-gallery-2 is-layout-flex wp-block-gallery-is-layout-flex\">\n<figure class=\"wp-block-image size-large\"><a href=\"https:\/\/medicina.udd.cl\/kinesiologia-santiago\/files\/2025\/11\/kine-icbm-feria-cientifica-interdisciplinaria-2025-6-scaled.jpg\"><img loading=\"lazy\" decoding=\"async\" width=\"1024\" height=\"768\" data-id=\"7309\" src=\"https:\/\/medicina.udd.cl\/kinesiologia-santiago\/files\/2025\/11\/kine-icbm-feria-cientifica-interdisciplinaria-2025-6-1024x768.jpg\" alt=\"\" class=\"wp-image-7309\" srcset=\"https:\/\/medicina.udd.cl\/kinesiologia-santiago\/files\/2025\/11\/kine-icbm-feria-cientifica-interdisciplinaria-2025-6-1024x768.jpg 1024w, https:\/\/medicina.udd.cl\/kinesiologia-santiago\/files\/2025\/11\/kine-icbm-feria-cientifica-interdisciplinaria-2025-6-300x225.jpg 300w, https:\/\/medicina.udd.cl\/kinesiologia-santiago\/files\/2025\/11\/kine-icbm-feria-cientifica-interdisciplinaria-2025-6-768x576.jpg 768w, https:\/\/medicina.udd.cl\/kinesiologia-santiago\/files\/2025\/11\/kine-icbm-feria-cientifica-interdisciplinaria-2025-6-1536x1152.jpg 1536w, https:\/\/medicina.udd.cl\/kinesiologia-santiago\/files\/2025\/11\/kine-icbm-feria-cientifica-interdisciplinaria-2025-6-2048x1536.jpg 2048w\" sizes=\"auto, (max-width: 1024px) 100vw, 1024px\" \/><\/a><\/figure>\n\n\n\n<figure class=\"wp-block-image size-large\"><a href=\"https:\/\/medicina.udd.cl\/kinesiologia-santiago\/files\/2025\/11\/kine-icbm-feria-cientifica-interdisciplinaria-2025-8-scaled.jpg\"><img loading=\"lazy\" decoding=\"async\" width=\"1024\" height=\"768\" data-id=\"7311\" src=\"https:\/\/medicina.udd.cl\/kinesiologia-santiago\/files\/2025\/11\/kine-icbm-feria-cientifica-interdisciplinaria-2025-8-1024x768.jpg\" alt=\"\" class=\"wp-image-7311\" srcset=\"https:\/\/medicina.udd.cl\/kinesiologia-santiago\/files\/2025\/11\/kine-icbm-feria-cientifica-interdisciplinaria-2025-8-1024x768.jpg 1024w, https:\/\/medicina.udd.cl\/kinesiologia-santiago\/files\/2025\/11\/kine-icbm-feria-cientifica-interdisciplinaria-2025-8-300x225.jpg 300w, https:\/\/medicina.udd.cl\/kinesiologia-santiago\/files\/2025\/11\/kine-icbm-feria-cientifica-interdisciplinaria-2025-8-768x576.jpg 768w, https:\/\/medicina.udd.cl\/kinesiologia-santiago\/files\/2025\/11\/kine-icbm-feria-cientifica-interdisciplinaria-2025-8-1536x1152.jpg 1536w, https:\/\/medicina.udd.cl\/kinesiologia-santiago\/files\/2025\/11\/kine-icbm-feria-cientifica-interdisciplinaria-2025-8-2048x1536.jpg 2048w\" sizes=\"auto, (max-width: 1024px) 100vw, 1024px\" \/><\/a><\/figure>\n\n\n\n<figure class=\"wp-block-image size-large\"><a href=\"https:\/\/medicina.udd.cl\/kinesiologia-santiago\/files\/2025\/11\/kine-icbm-feria-cientifica-interdisciplinaria-2025-9-scaled.jpg\"><img loading=\"lazy\" decoding=\"async\" width=\"1024\" height=\"768\" data-id=\"7312\" src=\"https:\/\/medicina.udd.cl\/kinesiologia-santiago\/files\/2025\/11\/kine-icbm-feria-cientifica-interdisciplinaria-2025-9-1024x768.jpg\" alt=\"\" class=\"wp-image-7312\" srcset=\"https:\/\/medicina.udd.cl\/kinesiologia-santiago\/files\/2025\/11\/kine-icbm-feria-cientifica-interdisciplinaria-2025-9-1024x768.jpg 1024w, https:\/\/medicina.udd.cl\/kinesiologia-santiago\/files\/2025\/11\/kine-icbm-feria-cientifica-interdisciplinaria-2025-9-300x225.jpg 300w, https:\/\/medicina.udd.cl\/kinesiologia-santiago\/files\/2025\/11\/kine-icbm-feria-cientifica-interdisciplinaria-2025-9-768x576.jpg 768w, https:\/\/medicina.udd.cl\/kinesiologia-santiago\/files\/2025\/11\/kine-icbm-feria-cientifica-interdisciplinaria-2025-9-1536x1152.jpg 1536w, https:\/\/medicina.udd.cl\/kinesiologia-santiago\/files\/2025\/11\/kine-icbm-feria-cientifica-interdisciplinaria-2025-9-2048x1536.jpg 2048w\" sizes=\"auto, (max-width: 1024px) 100vw, 1024px\" \/><\/a><\/figure>\n\n\n\n<figure class=\"wp-block-image size-large\"><a href=\"https:\/\/medicina.udd.cl\/kinesiologia-santiago\/files\/2025\/11\/kine-icbm-feria-cientifica-interdisciplinaria-2025-18-scaled.jpg\"><img loading=\"lazy\" decoding=\"async\" width=\"1024\" height=\"768\" data-id=\"7315\" src=\"https:\/\/medicina.udd.cl\/kinesiologia-santiago\/files\/2025\/11\/kine-icbm-feria-cientifica-interdisciplinaria-2025-18-1024x768.jpg\" alt=\"\" class=\"wp-image-7315\" srcset=\"https:\/\/medicina.udd.cl\/kinesiologia-santiago\/files\/2025\/11\/kine-icbm-feria-cientifica-interdisciplinaria-2025-18-1024x768.jpg 1024w, https:\/\/medicina.udd.cl\/kinesiologia-santiago\/files\/2025\/11\/kine-icbm-feria-cientifica-interdisciplinaria-2025-18-300x225.jpg 300w, https:\/\/medicina.udd.cl\/kinesiologia-santiago\/files\/2025\/11\/kine-icbm-feria-cientifica-interdisciplinaria-2025-18-768x576.jpg 768w, https:\/\/medicina.udd.cl\/kinesiologia-santiago\/files\/2025\/11\/kine-icbm-feria-cientifica-interdisciplinaria-2025-18-1536x1152.jpg 1536w, https:\/\/medicina.udd.cl\/kinesiologia-santiago\/files\/2025\/11\/kine-icbm-feria-cientifica-interdisciplinaria-2025-18-2048x1536.jpg 2048w\" sizes=\"auto, (max-width: 1024px) 100vw, 1024px\" \/><\/a><\/figure>\n\n\n\n<figure class=\"wp-block-image size-large\"><a href=\"https:\/\/medicina.udd.cl\/kinesiologia-santiago\/files\/2025\/11\/kine-icbm-feria-cientifica-interdisciplinaria-2025-13-scaled.jpg\"><img loading=\"lazy\" decoding=\"async\" width=\"1024\" height=\"768\" data-id=\"7313\" src=\"https:\/\/medicina.udd.cl\/kinesiologia-santiago\/files\/2025\/11\/kine-icbm-feria-cientifica-interdisciplinaria-2025-13-1024x768.jpg\" alt=\"\" class=\"wp-image-7313\" srcset=\"https:\/\/medicina.udd.cl\/kinesiologia-santiago\/files\/2025\/11\/kine-icbm-feria-cientifica-interdisciplinaria-2025-13-1024x768.jpg 1024w, https:\/\/medicina.udd.cl\/kinesiologia-santiago\/files\/2025\/11\/kine-icbm-feria-cientifica-interdisciplinaria-2025-13-300x225.jpg 300w, https:\/\/medicina.udd.cl\/kinesiologia-santiago\/files\/2025\/11\/kine-icbm-feria-cientifica-interdisciplinaria-2025-13-768x576.jpg 768w, https:\/\/medicina.udd.cl\/kinesiologia-santiago\/files\/2025\/11\/kine-icbm-feria-cientifica-interdisciplinaria-2025-13-1536x1152.jpg 1536w, https:\/\/medicina.udd.cl\/kinesiologia-santiago\/files\/2025\/11\/kine-icbm-feria-cientifica-interdisciplinaria-2025-13-2048x1536.jpg 2048w\" sizes=\"auto, (max-width: 1024px) 100vw, 1024px\" \/><\/a><\/figure>\n\n\n\n<figure class=\"wp-block-image size-large\"><a href=\"https:\/\/medicina.udd.cl\/kinesiologia-santiago\/files\/2025\/11\/kine-icbm-feria-cientifica-interdisciplinaria-2025-15-scaled.jpg\"><img loading=\"lazy\" decoding=\"async\" width=\"1024\" height=\"768\" data-id=\"7314\" src=\"https:\/\/medicina.udd.cl\/kinesiologia-santiago\/files\/2025\/11\/kine-icbm-feria-cientifica-interdisciplinaria-2025-15-1024x768.jpg\" alt=\"\" class=\"wp-image-7314\" srcset=\"https:\/\/medicina.udd.cl\/kinesiologia-santiago\/files\/2025\/11\/kine-icbm-feria-cientifica-interdisciplinaria-2025-15-1024x768.jpg 1024w, https:\/\/medicina.udd.cl\/kinesiologia-santiago\/files\/2025\/11\/kine-icbm-feria-cientifica-interdisciplinaria-2025-15-300x225.jpg 300w, https:\/\/medicina.udd.cl\/kinesiologia-santiago\/files\/2025\/11\/kine-icbm-feria-cientifica-interdisciplinaria-2025-15-768x576.jpg 768w, https:\/\/medicina.udd.cl\/kinesiologia-santiago\/files\/2025\/11\/kine-icbm-feria-cientifica-interdisciplinaria-2025-15-1536x1152.jpg 1536w, https:\/\/medicina.udd.cl\/kinesiologia-santiago\/files\/2025\/11\/kine-icbm-feria-cientifica-interdisciplinaria-2025-15-2048x1536.jpg 2048w\" sizes=\"auto, (max-width: 1024px) 100vw, 1024px\" \/><\/a><\/figure>\n\n\n\n<figure class=\"wp-block-image size-large\"><a href=\"https:\/\/medicina.udd.cl\/kinesiologia-santiago\/files\/2025\/11\/kine-icbm-feria-cientifica-interdisciplinaria-2025-21-scaled.jpg\"><img loading=\"lazy\" decoding=\"async\" width=\"1024\" height=\"768\" data-id=\"7317\" src=\"https:\/\/medicina.udd.cl\/kinesiologia-santiago\/files\/2025\/11\/kine-icbm-feria-cientifica-interdisciplinaria-2025-21-1024x768.jpg\" alt=\"\" class=\"wp-image-7317\" srcset=\"https:\/\/medicina.udd.cl\/kinesiologia-santiago\/files\/2025\/11\/kine-icbm-feria-cientifica-interdisciplinaria-2025-21-1024x768.jpg 1024w, https:\/\/medicina.udd.cl\/kinesiologia-santiago\/files\/2025\/11\/kine-icbm-feria-cientifica-interdisciplinaria-2025-21-300x225.jpg 300w, https:\/\/medicina.udd.cl\/kinesiologia-santiago\/files\/2025\/11\/kine-icbm-feria-cientifica-interdisciplinaria-2025-21-768x576.jpg 768w, https:\/\/medicina.udd.cl\/kinesiologia-santiago\/files\/2025\/11\/kine-icbm-feria-cientifica-interdisciplinaria-2025-21-1536x1152.jpg 1536w, https:\/\/medicina.udd.cl\/kinesiologia-santiago\/files\/2025\/11\/kine-icbm-feria-cientifica-interdisciplinaria-2025-21-2048x1536.jpg 2048w\" sizes=\"auto, (max-width: 1024px) 100vw, 1024px\" \/><\/a><\/figure>\n\n\n\n<figure class=\"wp-block-image size-large\"><a href=\"https:\/\/medicina.udd.cl\/kinesiologia-santiago\/files\/2025\/11\/kine-icbm-feria-cientifica-interdisciplinaria-2025-23-scaled.jpg\"><img loading=\"lazy\" decoding=\"async\" width=\"768\" height=\"1024\" data-id=\"7318\" src=\"https:\/\/medicina.udd.cl\/kinesiologia-santiago\/files\/2025\/11\/kine-icbm-feria-cientifica-interdisciplinaria-2025-23-768x1024.jpg\" alt=\"\" class=\"wp-image-7318\" srcset=\"https:\/\/medicina.udd.cl\/kinesiologia-santiago\/files\/2025\/11\/kine-icbm-feria-cientifica-interdisciplinaria-2025-23-768x1024.jpg 768w, https:\/\/medicina.udd.cl\/kinesiologia-santiago\/files\/2025\/11\/kine-icbm-feria-cientifica-interdisciplinaria-2025-23-225x300.jpg 225w, https:\/\/medicina.udd.cl\/kinesiologia-santiago\/files\/2025\/11\/kine-icbm-feria-cientifica-interdisciplinaria-2025-23-1152x1536.jpg 1152w, https:\/\/medicina.udd.cl\/kinesiologia-santiago\/files\/2025\/11\/kine-icbm-feria-cientifica-interdisciplinaria-2025-23-1536x2048.jpg 1536w, https:\/\/medicina.udd.cl\/kinesiologia-santiago\/files\/2025\/11\/kine-icbm-feria-cientifica-interdisciplinaria-2025-23-scaled.jpg 1920w\" sizes=\"auto, (max-width: 768px) 100vw, 768px\" \/><\/a><\/figure>\n\n\n\n<figure class=\"wp-block-image size-large\"><a href=\"https:\/\/medicina.udd.cl\/kinesiologia-santiago\/files\/2025\/11\/kine-icbm-feria-cientifica-interdisciplinaria-2025-20-scaled.jpg\"><img loading=\"lazy\" decoding=\"async\" width=\"1024\" height=\"768\" data-id=\"7316\" src=\"https:\/\/medicina.udd.cl\/kinesiologia-santiago\/files\/2025\/11\/kine-icbm-feria-cientifica-interdisciplinaria-2025-20-1024x768.jpg\" alt=\"\" class=\"wp-image-7316\" srcset=\"https:\/\/medicina.udd.cl\/kinesiologia-santiago\/files\/2025\/11\/kine-icbm-feria-cientifica-interdisciplinaria-2025-20-1024x768.jpg 1024w, https:\/\/medicina.udd.cl\/kinesiologia-santiago\/files\/2025\/11\/kine-icbm-feria-cientifica-interdisciplinaria-2025-20-300x225.jpg 300w, https:\/\/medicina.udd.cl\/kinesiologia-santiago\/files\/2025\/11\/kine-icbm-feria-cientifica-interdisciplinaria-2025-20-768x576.jpg 768w, https:\/\/medicina.udd.cl\/kinesiologia-santiago\/files\/2025\/11\/kine-icbm-feria-cientifica-interdisciplinaria-2025-20-1536x1152.jpg 1536w, https:\/\/medicina.udd.cl\/kinesiologia-santiago\/files\/2025\/11\/kine-icbm-feria-cientifica-interdisciplinaria-2025-20-2048x1536.jpg 2048w\" sizes=\"auto, (max-width: 1024px) 100vw, 1024px\" \/><\/a><\/figure>\n\n\n\n<figure class=\"wp-block-image size-large\"><a href=\"https:\/\/medicina.udd.cl\/kinesiologia-santiago\/files\/2025\/11\/kine-icbm-feria-cientifica-interdisciplinaria-2025-33.jpg\"><img loading=\"lazy\" decoding=\"async\" width=\"1024\" height=\"1024\" data-id=\"7323\" src=\"https:\/\/medicina.udd.cl\/kinesiologia-santiago\/files\/2025\/11\/kine-icbm-feria-cientifica-interdisciplinaria-2025-33-1024x1024.jpg\" alt=\"\" class=\"wp-image-7323\" srcset=\"https:\/\/medicina.udd.cl\/kinesiologia-santiago\/files\/2025\/11\/kine-icbm-feria-cientifica-interdisciplinaria-2025-33-1024x1024.jpg 1024w, https:\/\/medicina.udd.cl\/kinesiologia-santiago\/files\/2025\/11\/kine-icbm-feria-cientifica-interdisciplinaria-2025-33-300x300.jpg 300w, https:\/\/medicina.udd.cl\/kinesiologia-santiago\/files\/2025\/11\/kine-icbm-feria-cientifica-interdisciplinaria-2025-33-150x150.jpg 150w, https:\/\/medicina.udd.cl\/kinesiologia-santiago\/files\/2025\/11\/kine-icbm-feria-cientifica-interdisciplinaria-2025-33-768x768.jpg 768w, https:\/\/medicina.udd.cl\/kinesiologia-santiago\/files\/2025\/11\/kine-icbm-feria-cientifica-interdisciplinaria-2025-33-62x62.jpg 62w, https:\/\/medicina.udd.cl\/kinesiologia-santiago\/files\/2025\/11\/kine-icbm-feria-cientifica-interdisciplinaria-2025-33-1536x1536.jpg 1536w, https:\/\/medicina.udd.cl\/kinesiologia-santiago\/files\/2025\/11\/kine-icbm-feria-cientifica-interdisciplinaria-2025-33-2048x2048.jpg 2048w, https:\/\/medicina.udd.cl\/kinesiologia-santiago\/files\/2025\/11\/kine-icbm-feria-cientifica-interdisciplinaria-2025-33-750x750.jpg 750w, https:\/\/medicina.udd.cl\/kinesiologia-santiago\/files\/2025\/11\/kine-icbm-feria-cientifica-interdisciplinaria-2025-33-500x500.jpg 500w, https:\/\/medicina.udd.cl\/kinesiologia-santiago\/files\/2025\/11\/kine-icbm-feria-cientifica-interdisciplinaria-2025-33-250x250.jpg 250w, https:\/\/medicina.udd.cl\/kinesiologia-santiago\/files\/2025\/11\/kine-icbm-feria-cientifica-interdisciplinaria-2025-33-126x126.jpg 126w\" sizes=\"auto, (max-width: 1024px) 100vw, 1024px\" \/><\/a><\/figure>\n\n\n\n<figure class=\"wp-block-image size-large\"><a href=\"https:\/\/medicina.udd.cl\/kinesiologia-santiago\/files\/2025\/11\/kine-icbm-feria-cientifica-interdisciplinaria-2025-32.jpg\"><img loading=\"lazy\" decoding=\"async\" width=\"1024\" height=\"1024\" data-id=\"7322\" src=\"https:\/\/medicina.udd.cl\/kinesiologia-santiago\/files\/2025\/11\/kine-icbm-feria-cientifica-interdisciplinaria-2025-32-1024x1024.jpg\" alt=\"\" class=\"wp-image-7322\" srcset=\"https:\/\/medicina.udd.cl\/kinesiologia-santiago\/files\/2025\/11\/kine-icbm-feria-cientifica-interdisciplinaria-2025-32-1024x1024.jpg 1024w, https:\/\/medicina.udd.cl\/kinesiologia-santiago\/files\/2025\/11\/kine-icbm-feria-cientifica-interdisciplinaria-2025-32-300x300.jpg 300w, https:\/\/medicina.udd.cl\/kinesiologia-santiago\/files\/2025\/11\/kine-icbm-feria-cientifica-interdisciplinaria-2025-32-150x150.jpg 150w, https:\/\/medicina.udd.cl\/kinesiologia-santiago\/files\/2025\/11\/kine-icbm-feria-cientifica-interdisciplinaria-2025-32-768x768.jpg 768w, https:\/\/medicina.udd.cl\/kinesiologia-santiago\/files\/2025\/11\/kine-icbm-feria-cientifica-interdisciplinaria-2025-32-62x62.jpg 62w, https:\/\/medicina.udd.cl\/kinesiologia-santiago\/files\/2025\/11\/kine-icbm-feria-cientifica-interdisciplinaria-2025-32-1536x1536.jpg 1536w, https:\/\/medicina.udd.cl\/kinesiologia-santiago\/files\/2025\/11\/kine-icbm-feria-cientifica-interdisciplinaria-2025-32-2048x2048.jpg 2048w, https:\/\/medicina.udd.cl\/kinesiologia-santiago\/files\/2025\/11\/kine-icbm-feria-cientifica-interdisciplinaria-2025-32-750x750.jpg 750w, https:\/\/medicina.udd.cl\/kinesiologia-santiago\/files\/2025\/11\/kine-icbm-feria-cientifica-interdisciplinaria-2025-32-500x500.jpg 500w, https:\/\/medicina.udd.cl\/kinesiologia-santiago\/files\/2025\/11\/kine-icbm-feria-cientifica-interdisciplinaria-2025-32-250x250.jpg 250w, https:\/\/medicina.udd.cl\/kinesiologia-santiago\/files\/2025\/11\/kine-icbm-feria-cientifica-interdisciplinaria-2025-32-126x126.jpg 126w\" sizes=\"auto, (max-width: 1024px) 100vw, 1024px\" \/><\/a><\/figure>\n\n\n\n<figure class=\"wp-block-image size-large\"><a href=\"https:\/\/medicina.udd.cl\/kinesiologia-santiago\/files\/2025\/11\/kine-icbm-feria-cientifica-interdisciplinaria-2025-34.jpg\"><img loading=\"lazy\" decoding=\"async\" width=\"1024\" height=\"1024\" data-id=\"7324\" src=\"https:\/\/medicina.udd.cl\/kinesiologia-santiago\/files\/2025\/11\/kine-icbm-feria-cientifica-interdisciplinaria-2025-34-1024x1024.jpg\" alt=\"\" class=\"wp-image-7324\" srcset=\"https:\/\/medicina.udd.cl\/kinesiologia-santiago\/files\/2025\/11\/kine-icbm-feria-cientifica-interdisciplinaria-2025-34-1024x1024.jpg 1024w, https:\/\/medicina.udd.cl\/kinesiologia-santiago\/files\/2025\/11\/kine-icbm-feria-cientifica-interdisciplinaria-2025-34-300x300.jpg 300w, https:\/\/medicina.udd.cl\/kinesiologia-santiago\/files\/2025\/11\/kine-icbm-feria-cientifica-interdisciplinaria-2025-34-150x150.jpg 150w, https:\/\/medicina.udd.cl\/kinesiologia-santiago\/files\/2025\/11\/kine-icbm-feria-cientifica-interdisciplinaria-2025-34-768x768.jpg 768w, https:\/\/medicina.udd.cl\/kinesiologia-santiago\/files\/2025\/11\/kine-icbm-feria-cientifica-interdisciplinaria-2025-34-62x62.jpg 62w, https:\/\/medicina.udd.cl\/kinesiologia-santiago\/files\/2025\/11\/kine-icbm-feria-cientifica-interdisciplinaria-2025-34-1536x1536.jpg 1536w, https:\/\/medicina.udd.cl\/kinesiologia-santiago\/files\/2025\/11\/kine-icbm-feria-cientifica-interdisciplinaria-2025-34-2048x2048.jpg 2048w, https:\/\/medicina.udd.cl\/kinesiologia-santiago\/files\/2025\/11\/kine-icbm-feria-cientifica-interdisciplinaria-2025-34-750x750.jpg 750w, https:\/\/medicina.udd.cl\/kinesiologia-santiago\/files\/2025\/11\/kine-icbm-feria-cientifica-interdisciplinaria-2025-34-500x500.jpg 500w, https:\/\/medicina.udd.cl\/kinesiologia-santiago\/files\/2025\/11\/kine-icbm-feria-cientifica-interdisciplinaria-2025-34-250x250.jpg 250w, https:\/\/medicina.udd.cl\/kinesiologia-santiago\/files\/2025\/11\/kine-icbm-feria-cientifica-interdisciplinaria-2025-34-126x126.jpg 126w\" sizes=\"auto, (max-width: 1024px) 100vw, 1024px\" \/><\/a><\/figure>\n\n\n\n<figure class=\"wp-block-image size-large\"><a href=\"https:\/\/medicina.udd.cl\/kinesiologia-santiago\/files\/2025\/11\/kine-icbm-feria-cientifica-interdisciplinaria-2025-36.jpg\"><img loading=\"lazy\" decoding=\"async\" width=\"1024\" height=\"1024\" data-id=\"7326\" src=\"https:\/\/medicina.udd.cl\/kinesiologia-santiago\/files\/2025\/11\/kine-icbm-feria-cientifica-interdisciplinaria-2025-36-1024x1024.jpg\" alt=\"\" class=\"wp-image-7326\" srcset=\"https:\/\/medicina.udd.cl\/kinesiologia-santiago\/files\/2025\/11\/kine-icbm-feria-cientifica-interdisciplinaria-2025-36-1024x1024.jpg 1024w, https:\/\/medicina.udd.cl\/kinesiologia-santiago\/files\/2025\/11\/kine-icbm-feria-cientifica-interdisciplinaria-2025-36-300x300.jpg 300w, https:\/\/medicina.udd.cl\/kinesiologia-santiago\/files\/2025\/11\/kine-icbm-feria-cientifica-interdisciplinaria-2025-36-150x150.jpg 150w, https:\/\/medicina.udd.cl\/kinesiologia-santiago\/files\/2025\/11\/kine-icbm-feria-cientifica-interdisciplinaria-2025-36-768x768.jpg 768w, https:\/\/medicina.udd.cl\/kinesiologia-santiago\/files\/2025\/11\/kine-icbm-feria-cientifica-interdisciplinaria-2025-36-62x62.jpg 62w, https:\/\/medicina.udd.cl\/kinesiologia-santiago\/files\/2025\/11\/kine-icbm-feria-cientifica-interdisciplinaria-2025-36-1536x1536.jpg 1536w, https:\/\/medicina.udd.cl\/kinesiologia-santiago\/files\/2025\/11\/kine-icbm-feria-cientifica-interdisciplinaria-2025-36-2048x2048.jpg 2048w, https:\/\/medicina.udd.cl\/kinesiologia-santiago\/files\/2025\/11\/kine-icbm-feria-cientifica-interdisciplinaria-2025-36-750x750.jpg 750w, https:\/\/medicina.udd.cl\/kinesiologia-santiago\/files\/2025\/11\/kine-icbm-feria-cientifica-interdisciplinaria-2025-36-500x500.jpg 500w, https:\/\/medicina.udd.cl\/kinesiologia-santiago\/files\/2025\/11\/kine-icbm-feria-cientifica-interdisciplinaria-2025-36-250x250.jpg 250w, https:\/\/medicina.udd.cl\/kinesiologia-santiago\/files\/2025\/11\/kine-icbm-feria-cientifica-interdisciplinaria-2025-36-126x126.jpg 126w\" sizes=\"auto, (max-width: 1024px) 100vw, 1024px\" \/><\/a><\/figure>\n\n\n\n<figure class=\"wp-block-image size-large\"><a href=\"https:\/\/medicina.udd.cl\/kinesiologia-santiago\/files\/2025\/11\/kine-icbm-feria-cientifica-interdisciplinaria-2025-39.jpg\"><img loading=\"lazy\" decoding=\"async\" width=\"1024\" height=\"1024\" data-id=\"7329\" src=\"https:\/\/medicina.udd.cl\/kinesiologia-santiago\/files\/2025\/11\/kine-icbm-feria-cientifica-interdisciplinaria-2025-39-1024x1024.jpg\" alt=\"\" class=\"wp-image-7329\" srcset=\"https:\/\/medicina.udd.cl\/kinesiologia-santiago\/files\/2025\/11\/kine-icbm-feria-cientifica-interdisciplinaria-2025-39-1024x1024.jpg 1024w, https:\/\/medicina.udd.cl\/kinesiologia-santiago\/files\/2025\/11\/kine-icbm-feria-cientifica-interdisciplinaria-2025-39-300x300.jpg 300w, https:\/\/medicina.udd.cl\/kinesiologia-santiago\/files\/2025\/11\/kine-icbm-feria-cientifica-interdisciplinaria-2025-39-150x150.jpg 150w, https:\/\/medicina.udd.cl\/kinesiologia-santiago\/files\/2025\/11\/kine-icbm-feria-cientifica-interdisciplinaria-2025-39-768x768.jpg 768w, https:\/\/medicina.udd.cl\/kinesiologia-santiago\/files\/2025\/11\/kine-icbm-feria-cientifica-interdisciplinaria-2025-39-62x62.jpg 62w, https:\/\/medicina.udd.cl\/kinesiologia-santiago\/files\/2025\/11\/kine-icbm-feria-cientifica-interdisciplinaria-2025-39-1536x1536.jpg 1536w, https:\/\/medicina.udd.cl\/kinesiologia-santiago\/files\/2025\/11\/kine-icbm-feria-cientifica-interdisciplinaria-2025-39-2048x2048.jpg 2048w, https:\/\/medicina.udd.cl\/kinesiologia-santiago\/files\/2025\/11\/kine-icbm-feria-cientifica-interdisciplinaria-2025-39-750x750.jpg 750w, https:\/\/medicina.udd.cl\/kinesiologia-santiago\/files\/2025\/11\/kine-icbm-feria-cientifica-interdisciplinaria-2025-39-500x500.jpg 500w, https:\/\/medicina.udd.cl\/kinesiologia-santiago\/files\/2025\/11\/kine-icbm-feria-cientifica-interdisciplinaria-2025-39-250x250.jpg 250w, https:\/\/medicina.udd.cl\/kinesiologia-santiago\/files\/2025\/11\/kine-icbm-feria-cientifica-interdisciplinaria-2025-39-126x126.jpg 126w\" sizes=\"auto, (max-width: 1024px) 100vw, 1024px\" \/><\/a><\/figure>\n\n\n\n<figure class=\"wp-block-image size-large\"><a href=\"https:\/\/medicina.udd.cl\/kinesiologia-santiago\/files\/2025\/11\/kine-icbm-feria-cientifica-interdisciplinaria-2025-35.jpg\"><img loading=\"lazy\" decoding=\"async\" width=\"1024\" height=\"1024\" data-id=\"7325\" src=\"https:\/\/medicina.udd.cl\/kinesiologia-santiago\/files\/2025\/11\/kine-icbm-feria-cientifica-interdisciplinaria-2025-35-1024x1024.jpg\" alt=\"\" class=\"wp-image-7325\" srcset=\"https:\/\/medicina.udd.cl\/kinesiologia-santiago\/files\/2025\/11\/kine-icbm-feria-cientifica-interdisciplinaria-2025-35-1024x1024.jpg 1024w, https:\/\/medicina.udd.cl\/kinesiologia-santiago\/files\/2025\/11\/kine-icbm-feria-cientifica-interdisciplinaria-2025-35-300x300.jpg 300w, https:\/\/medicina.udd.cl\/kinesiologia-santiago\/files\/2025\/11\/kine-icbm-feria-cientifica-interdisciplinaria-2025-35-150x150.jpg 150w, https:\/\/medicina.udd.cl\/kinesiologia-santiago\/files\/2025\/11\/kine-icbm-feria-cientifica-interdisciplinaria-2025-35-768x768.jpg 768w, https:\/\/medicina.udd.cl\/kinesiologia-santiago\/files\/2025\/11\/kine-icbm-feria-cientifica-interdisciplinaria-2025-35-62x62.jpg 62w, https:\/\/medicina.udd.cl\/kinesiologia-santiago\/files\/2025\/11\/kine-icbm-feria-cientifica-interdisciplinaria-2025-35-1536x1536.jpg 1536w, https:\/\/medicina.udd.cl\/kinesiologia-santiago\/files\/2025\/11\/kine-icbm-feria-cientifica-interdisciplinaria-2025-35-2048x2048.jpg 2048w, https:\/\/medicina.udd.cl\/kinesiologia-santiago\/files\/2025\/11\/kine-icbm-feria-cientifica-interdisciplinaria-2025-35-750x750.jpg 750w, https:\/\/medicina.udd.cl\/kinesiologia-santiago\/files\/2025\/11\/kine-icbm-feria-cientifica-interdisciplinaria-2025-35-500x500.jpg 500w, https:\/\/medicina.udd.cl\/kinesiologia-santiago\/files\/2025\/11\/kine-icbm-feria-cientifica-interdisciplinaria-2025-35-250x250.jpg 250w, https:\/\/medicina.udd.cl\/kinesiologia-santiago\/files\/2025\/11\/kine-icbm-feria-cientifica-interdisciplinaria-2025-35-126x126.jpg 126w\" sizes=\"auto, (max-width: 1024px) 100vw, 1024px\" \/><\/a><\/figure>\n\n\n\n<figure class=\"wp-block-image size-large\"><a href=\"https:\/\/medicina.udd.cl\/kinesiologia-santiago\/files\/2025\/11\/kine-icbm-feria-cientifica-interdisciplinaria-2025-37.jpg\"><img loading=\"lazy\" decoding=\"async\" width=\"1024\" height=\"1024\" data-id=\"7327\" src=\"https:\/\/medicina.udd.cl\/kinesiologia-santiago\/files\/2025\/11\/kine-icbm-feria-cientifica-interdisciplinaria-2025-37-1024x1024.jpg\" alt=\"\" class=\"wp-image-7327\" srcset=\"https:\/\/medicina.udd.cl\/kinesiologia-santiago\/files\/2025\/11\/kine-icbm-feria-cientifica-interdisciplinaria-2025-37-1024x1024.jpg 1024w, https:\/\/medicina.udd.cl\/kinesiologia-santiago\/files\/2025\/11\/kine-icbm-feria-cientifica-interdisciplinaria-2025-37-300x300.jpg 300w, https:\/\/medicina.udd.cl\/kinesiologia-santiago\/files\/2025\/11\/kine-icbm-feria-cientifica-interdisciplinaria-2025-37-150x150.jpg 150w, https:\/\/medicina.udd.cl\/kinesiologia-santiago\/files\/2025\/11\/kine-icbm-feria-cientifica-interdisciplinaria-2025-37-768x768.jpg 768w, https:\/\/medicina.udd.cl\/kinesiologia-santiago\/files\/2025\/11\/kine-icbm-feria-cientifica-interdisciplinaria-2025-37-62x62.jpg 62w, https:\/\/medicina.udd.cl\/kinesiologia-santiago\/files\/2025\/11\/kine-icbm-feria-cientifica-interdisciplinaria-2025-37-1536x1536.jpg 1536w, https:\/\/medicina.udd.cl\/kinesiologia-santiago\/files\/2025\/11\/kine-icbm-feria-cientifica-interdisciplinaria-2025-37-2048x2048.jpg 2048w, https:\/\/medicina.udd.cl\/kinesiologia-santiago\/files\/2025\/11\/kine-icbm-feria-cientifica-interdisciplinaria-2025-37-750x750.jpg 750w, https:\/\/medicina.udd.cl\/kinesiologia-santiago\/files\/2025\/11\/kine-icbm-feria-cientifica-interdisciplinaria-2025-37-500x500.jpg 500w, https:\/\/medicina.udd.cl\/kinesiologia-santiago\/files\/2025\/11\/kine-icbm-feria-cientifica-interdisciplinaria-2025-37-250x250.jpg 250w, https:\/\/medicina.udd.cl\/kinesiologia-santiago\/files\/2025\/11\/kine-icbm-feria-cientifica-interdisciplinaria-2025-37-126x126.jpg 126w\" sizes=\"auto, (max-width: 1024px) 100vw, 1024px\" \/><\/a><\/figure>\n\n\n\n<figure class=\"wp-block-image size-large\"><a href=\"https:\/\/medicina.udd.cl\/kinesiologia-santiago\/files\/2025\/11\/kine-icbm-feria-cientifica-interdisciplinaria-2025-38.jpg\"><img loading=\"lazy\" decoding=\"async\" width=\"1024\" height=\"1024\" data-id=\"7328\" src=\"https:\/\/medicina.udd.cl\/kinesiologia-santiago\/files\/2025\/11\/kine-icbm-feria-cientifica-interdisciplinaria-2025-38-1024x1024.jpg\" alt=\"\" class=\"wp-image-7328\" srcset=\"https:\/\/medicina.udd.cl\/kinesiologia-santiago\/files\/2025\/11\/kine-icbm-feria-cientifica-interdisciplinaria-2025-38-1024x1024.jpg 1024w, https:\/\/medicina.udd.cl\/kinesiologia-santiago\/files\/2025\/11\/kine-icbm-feria-cientifica-interdisciplinaria-2025-38-300x300.jpg 300w, https:\/\/medicina.udd.cl\/kinesiologia-santiago\/files\/2025\/11\/kine-icbm-feria-cientifica-interdisciplinaria-2025-38-150x150.jpg 150w, https:\/\/medicina.udd.cl\/kinesiologia-santiago\/files\/2025\/11\/kine-icbm-feria-cientifica-interdisciplinaria-2025-38-768x768.jpg 768w, https:\/\/medicina.udd.cl\/kinesiologia-santiago\/files\/2025\/11\/kine-icbm-feria-cientifica-interdisciplinaria-2025-38-62x62.jpg 62w, https:\/\/medicina.udd.cl\/kinesiologia-santiago\/files\/2025\/11\/kine-icbm-feria-cientifica-interdisciplinaria-2025-38-1536x1536.jpg 1536w, https:\/\/medicina.udd.cl\/kinesiologia-santiago\/files\/2025\/11\/kine-icbm-feria-cientifica-interdisciplinaria-2025-38-2048x2048.jpg 2048w, https:\/\/medicina.udd.cl\/kinesiologia-santiago\/files\/2025\/11\/kine-icbm-feria-cientifica-interdisciplinaria-2025-38-750x750.jpg 750w, https:\/\/medicina.udd.cl\/kinesiologia-santiago\/files\/2025\/11\/kine-icbm-feria-cientifica-interdisciplinaria-2025-38-500x500.jpg 500w, https:\/\/medicina.udd.cl\/kinesiologia-santiago\/files\/2025\/11\/kine-icbm-feria-cientifica-interdisciplinaria-2025-38-250x250.jpg 250w, https:\/\/medicina.udd.cl\/kinesiologia-santiago\/files\/2025\/11\/kine-icbm-feria-cientifica-interdisciplinaria-2025-38-126x126.jpg 126w\" sizes=\"auto, (max-width: 1024px) 100vw, 1024px\" \/><\/a><\/figure>\n\n\n\n<figure class=\"wp-block-image size-large\"><a href=\"https:\/\/medicina.udd.cl\/kinesiologia-santiago\/files\/2025\/11\/kine-icbm-feria-cientifica-interdisciplinaria-2025-40.jpg\"><img loading=\"lazy\" decoding=\"async\" width=\"1024\" height=\"1024\" data-id=\"7330\" src=\"https:\/\/medicina.udd.cl\/kinesiologia-santiago\/files\/2025\/11\/kine-icbm-feria-cientifica-interdisciplinaria-2025-40-1024x1024.jpg\" alt=\"\" class=\"wp-image-7330\" srcset=\"https:\/\/medicina.udd.cl\/kinesiologia-santiago\/files\/2025\/11\/kine-icbm-feria-cientifica-interdisciplinaria-2025-40-1024x1024.jpg 1024w, https:\/\/medicina.udd.cl\/kinesiologia-santiago\/files\/2025\/11\/kine-icbm-feria-cientifica-interdisciplinaria-2025-40-300x300.jpg 300w, https:\/\/medicina.udd.cl\/kinesiologia-santiago\/files\/2025\/11\/kine-icbm-feria-cientifica-interdisciplinaria-2025-40-150x150.jpg 150w, https:\/\/medicina.udd.cl\/kinesiologia-santiago\/files\/2025\/11\/kine-icbm-feria-cientifica-interdisciplinaria-2025-40-768x768.jpg 768w, https:\/\/medicina.udd.cl\/kinesiologia-santiago\/files\/2025\/11\/kine-icbm-feria-cientifica-interdisciplinaria-2025-40-62x62.jpg 62w, https:\/\/medicina.udd.cl\/kinesiologia-santiago\/files\/2025\/11\/kine-icbm-feria-cientifica-interdisciplinaria-2025-40-1536x1536.jpg 1536w, https:\/\/medicina.udd.cl\/kinesiologia-santiago\/files\/2025\/11\/kine-icbm-feria-cientifica-interdisciplinaria-2025-40-2048x2048.jpg 2048w, https:\/\/medicina.udd.cl\/kinesiologia-santiago\/files\/2025\/11\/kine-icbm-feria-cientifica-interdisciplinaria-2025-40-750x750.jpg 750w, https:\/\/medicina.udd.cl\/kinesiologia-santiago\/files\/2025\/11\/kine-icbm-feria-cientifica-interdisciplinaria-2025-40-500x500.jpg 500w, https:\/\/medicina.udd.cl\/kinesiologia-santiago\/files\/2025\/11\/kine-icbm-feria-cientifica-interdisciplinaria-2025-40-250x250.jpg 250w, https:\/\/medicina.udd.cl\/kinesiologia-santiago\/files\/2025\/11\/kine-icbm-feria-cientifica-interdisciplinaria-2025-40-126x126.jpg 126w\" sizes=\"auto, (max-width: 1024px) 100vw, 1024px\" \/><\/a><\/figure>\n\n\n\n<figure class=\"wp-block-image size-large\"><a href=\"https:\/\/medicina.udd.cl\/kinesiologia-santiago\/files\/2025\/11\/kine-icbm-feria-cientifica-interdisciplinaria-2025-30-scaled.jpg\"><img loading=\"lazy\" decoding=\"async\" width=\"1024\" height=\"768\" data-id=\"7320\" src=\"https:\/\/medicina.udd.cl\/kinesiologia-santiago\/files\/2025\/11\/kine-icbm-feria-cientifica-interdisciplinaria-2025-30-1024x768.jpg\" alt=\"\" class=\"wp-image-7320\" srcset=\"https:\/\/medicina.udd.cl\/kinesiologia-santiago\/files\/2025\/11\/kine-icbm-feria-cientifica-interdisciplinaria-2025-30-1024x768.jpg 1024w, https:\/\/medicina.udd.cl\/kinesiologia-santiago\/files\/2025\/11\/kine-icbm-feria-cientifica-interdisciplinaria-2025-30-300x225.jpg 300w, https:\/\/medicina.udd.cl\/kinesiologia-santiago\/files\/2025\/11\/kine-icbm-feria-cientifica-interdisciplinaria-2025-30-768x576.jpg 768w, https:\/\/medicina.udd.cl\/kinesiologia-santiago\/files\/2025\/11\/kine-icbm-feria-cientifica-interdisciplinaria-2025-30-1536x1152.jpg 1536w, https:\/\/medicina.udd.cl\/kinesiologia-santiago\/files\/2025\/11\/kine-icbm-feria-cientifica-interdisciplinaria-2025-30-2048x1536.jpg 2048w\" sizes=\"auto, (max-width: 1024px) 100vw, 1024px\" \/><\/a><\/figure>\n\n\n\n<figure class=\"wp-block-image size-large\"><a href=\"https:\/\/medicina.udd.cl\/kinesiologia-santiago\/files\/2025\/11\/kine-icbm-feria-cientifica-interdisciplinaria-2025-42.jpg\"><img loading=\"lazy\" decoding=\"async\" width=\"1024\" height=\"1024\" data-id=\"7332\" src=\"https:\/\/medicina.udd.cl\/kinesiologia-santiago\/files\/2025\/11\/kine-icbm-feria-cientifica-interdisciplinaria-2025-42-1024x1024.jpg\" alt=\"\" class=\"wp-image-7332\" srcset=\"https:\/\/medicina.udd.cl\/kinesiologia-santiago\/files\/2025\/11\/kine-icbm-feria-cientifica-interdisciplinaria-2025-42-1024x1024.jpg 1024w, https:\/\/medicina.udd.cl\/kinesiologia-santiago\/files\/2025\/11\/kine-icbm-feria-cientifica-interdisciplinaria-2025-42-300x300.jpg 300w, https:\/\/medicina.udd.cl\/kinesiologia-santiago\/files\/2025\/11\/kine-icbm-feria-cientifica-interdisciplinaria-2025-42-150x150.jpg 150w, https:\/\/medicina.udd.cl\/kinesiologia-santiago\/files\/2025\/11\/kine-icbm-feria-cientifica-interdisciplinaria-2025-42-768x768.jpg 768w, https:\/\/medicina.udd.cl\/kinesiologia-santiago\/files\/2025\/11\/kine-icbm-feria-cientifica-interdisciplinaria-2025-42-62x62.jpg 62w, https:\/\/medicina.udd.cl\/kinesiologia-santiago\/files\/2025\/11\/kine-icbm-feria-cientifica-interdisciplinaria-2025-42-1536x1536.jpg 1536w, https:\/\/medicina.udd.cl\/kinesiologia-santiago\/files\/2025\/11\/kine-icbm-feria-cientifica-interdisciplinaria-2025-42-2048x2048.jpg 2048w, https:\/\/medicina.udd.cl\/kinesiologia-santiago\/files\/2025\/11\/kine-icbm-feria-cientifica-interdisciplinaria-2025-42-750x750.jpg 750w, https:\/\/medicina.udd.cl\/kinesiologia-santiago\/files\/2025\/11\/kine-icbm-feria-cientifica-interdisciplinaria-2025-42-500x500.jpg 500w, https:\/\/medicina.udd.cl\/kinesiologia-santiago\/files\/2025\/11\/kine-icbm-feria-cientifica-interdisciplinaria-2025-42-250x250.jpg 250w, https:\/\/medicina.udd.cl\/kinesiologia-santiago\/files\/2025\/11\/kine-icbm-feria-cientifica-interdisciplinaria-2025-42-126x126.jpg 126w\" sizes=\"auto, (max-width: 1024px) 100vw, 1024px\" \/><\/a><\/figure>\n\n\n\n<figure class=\"wp-block-image size-large\"><a href=\"https:\/\/medicina.udd.cl\/kinesiologia-santiago\/files\/2025\/11\/kine-icbm-feria-cientifica-interdisciplinaria-2025-41.jpg\"><img loading=\"lazy\" decoding=\"async\" width=\"1024\" height=\"1024\" data-id=\"7331\" src=\"https:\/\/medicina.udd.cl\/kinesiologia-santiago\/files\/2025\/11\/kine-icbm-feria-cientifica-interdisciplinaria-2025-41-1024x1024.jpg\" alt=\"\" class=\"wp-image-7331\" srcset=\"https:\/\/medicina.udd.cl\/kinesiologia-santiago\/files\/2025\/11\/kine-icbm-feria-cientifica-interdisciplinaria-2025-41-1024x1024.jpg 1024w, https:\/\/medicina.udd.cl\/kinesiologia-santiago\/files\/2025\/11\/kine-icbm-feria-cientifica-interdisciplinaria-2025-41-300x300.jpg 300w, https:\/\/medicina.udd.cl\/kinesiologia-santiago\/files\/2025\/11\/kine-icbm-feria-cientifica-interdisciplinaria-2025-41-150x150.jpg 150w, https:\/\/medicina.udd.cl\/kinesiologia-santiago\/files\/2025\/11\/kine-icbm-feria-cientifica-interdisciplinaria-2025-41-768x768.jpg 768w, https:\/\/medicina.udd.cl\/kinesiologia-santiago\/files\/2025\/11\/kine-icbm-feria-cientifica-interdisciplinaria-2025-41-62x62.jpg 62w, https:\/\/medicina.udd.cl\/kinesiologia-santiago\/files\/2025\/11\/kine-icbm-feria-cientifica-interdisciplinaria-2025-41-1536x1536.jpg 1536w, https:\/\/medicina.udd.cl\/kinesiologia-santiago\/files\/2025\/11\/kine-icbm-feria-cientifica-interdisciplinaria-2025-41-2048x2048.jpg 2048w, https:\/\/medicina.udd.cl\/kinesiologia-santiago\/files\/2025\/11\/kine-icbm-feria-cientifica-interdisciplinaria-2025-41-750x750.jpg 750w, https:\/\/medicina.udd.cl\/kinesiologia-santiago\/files\/2025\/11\/kine-icbm-feria-cientifica-interdisciplinaria-2025-41-500x500.jpg 500w, https:\/\/medicina.udd.cl\/kinesiologia-santiago\/files\/2025\/11\/kine-icbm-feria-cientifica-interdisciplinaria-2025-41-250x250.jpg 250w, https:\/\/medicina.udd.cl\/kinesiologia-santiago\/files\/2025\/11\/kine-icbm-feria-cientifica-interdisciplinaria-2025-41-126x126.jpg 126w\" sizes=\"auto, (max-width: 1024px) 100vw, 1024px\" \/><\/a><\/figure>\n<\/figure>\n","protected":false},"excerpt":{"rendered":"<p>Este mi\u00e9rcoles 19 de noviembre, se desarroll\u00f3 la&nbsp;tercera Feria Cient\u00edfica Interdisciplinaria&nbsp;del curso&nbsp;Biof\u00edsica Aplicada al Movimiento, una instancia que reuni\u00f3 a estudiantes de primer a\u00f1o de las carreras de&nbsp;Kinesiolog\u00eda&nbsp;e&nbsp;Ingenier\u00eda Civil en Biomedicina&nbsp;de la Universidad del Desarrollo. La actividad permiti\u00f3 a los alumnos presentar&nbsp;32 proyectos cient\u00edficos, los cuales fueron expuestos a la comunidad universitaria, demostrando creatividad, rigurosidad [&hellip;]<\/p>\n","protected":false},"author":9192219,"featured_media":7321,"comment_status":"closed","ping_status":"open","sticky":false,"template":"","format":"standard","meta":{"footnotes":""},"categories":[4],"tags":[],"class_list":["post-7310","post","type-post","status-publish","format-standard","has-post-thumbnail","hentry","category-noticias"],"yoast_head":"<!-- This site is optimized with the Yoast SEO plugin v26.9 - https:\/\/yoast.com\/product\/yoast-seo-wordpress\/ -->\n<title>Estudiantes de Kinesiolog\u00eda e Ingenier\u00eda Civil en Biomedicina presentan 32 innovadores proyectos en la III Feria Cient\u00edfica Interdisciplinaria UDD - Kinesiolog\u00eda<\/title>\n<meta name=\"robots\" content=\"index, follow, max-snippet:-1, max-image-preview:large, max-video-preview:-1\" \/>\n<link rel=\"canonical\" href=\"https:\/\/medicina.udd.cl\/kinesiologia-santiago\/noticias\/2025\/11\/20\/estudiantes-de-kinesiologia-e-ingenieria-civil-en-biomedicina-presentan-32-innovadores-proyectos-en-la-iii-feria-cientifica-interdisciplinaria-udd\/\" \/>\n<meta property=\"og:locale\" content=\"es_ES\" \/>\n<meta property=\"og:type\" content=\"article\" \/>\n<meta property=\"og:title\" content=\"Estudiantes de Kinesiolog\u00eda e Ingenier\u00eda Civil en Biomedicina presentan 32 innovadores proyectos en la III Feria Cient\u00edfica Interdisciplinaria UDD - Kinesiolog\u00eda\" \/>\n<meta property=\"og:description\" content=\"Este mi\u00e9rcoles 19 de noviembre, se desarroll\u00f3 la&nbsp;tercera Feria Cient\u00edfica Interdisciplinaria&nbsp;del curso&nbsp;Biof\u00edsica Aplicada al Movimiento, una instancia que reuni\u00f3 a estudiantes de primer a\u00f1o de las carreras de&nbsp;Kinesiolog\u00eda&nbsp;e&nbsp;Ingenier\u00eda Civil en Biomedicina&nbsp;de la Universidad del Desarrollo. La actividad permiti\u00f3 a los alumnos presentar&nbsp;32 proyectos cient\u00edficos, los cuales fueron expuestos a la comunidad universitaria, demostrando creatividad, rigurosidad [&hellip;]\" \/>\n<meta property=\"og:url\" content=\"https:\/\/medicina.udd.cl\/kinesiologia-santiago\/noticias\/2025\/11\/20\/estudiantes-de-kinesiologia-e-ingenieria-civil-en-biomedicina-presentan-32-innovadores-proyectos-en-la-iii-feria-cientifica-interdisciplinaria-udd\/\" \/>\n<meta property=\"og:site_name\" content=\"Kinesiolog\u00eda\" \/>\n<meta property=\"article:published_time\" content=\"2025-11-20T20:23:30+00:00\" \/>\n<meta property=\"article:modified_time\" content=\"2025-11-25T13:27:33+00:00\" \/>\n<meta property=\"og:image\" content=\"https:\/\/medicina.udd.cl\/kinesiologia-santiago\/files\/2025\/11\/kine-icbm-feria-cientifica-interdisciplinaria-2025-31-scaled.jpg\" \/>\n\t<meta property=\"og:image:width\" content=\"2560\" \/>\n\t<meta property=\"og:image:height\" content=\"1408\" \/>\n\t<meta property=\"og:image:type\" content=\"image\/jpeg\" \/>\n<meta name=\"author\" content=\"rbraidy\" \/>\n<meta name=\"twitter:label1\" content=\"Escrito por\" \/>\n\t<meta name=\"twitter:data1\" content=\"rbraidy\" \/>\n\t<meta name=\"twitter:label2\" content=\"Tiempo de lectura\" \/>\n\t<meta name=\"twitter:data2\" content=\"7 minutos\" \/>\n<script type=\"application\/ld+json\" class=\"yoast-schema-graph\">{\"@context\":\"https:\/\/schema.org\",\"@graph\":[{\"@type\":\"Article\",\"@id\":\"https:\/\/medicina.udd.cl\/kinesiologia-santiago\/noticias\/2025\/11\/20\/estudiantes-de-kinesiologia-e-ingenieria-civil-en-biomedicina-presentan-32-innovadores-proyectos-en-la-iii-feria-cientifica-interdisciplinaria-udd\/#article\",\"isPartOf\":{\"@id\":\"https:\/\/medicina.udd.cl\/kinesiologia-santiago\/noticias\/2025\/11\/20\/estudiantes-de-kinesiologia-e-ingenieria-civil-en-biomedicina-presentan-32-innovadores-proyectos-en-la-iii-feria-cientifica-interdisciplinaria-udd\/\"},\"author\":{\"name\":\"rbraidy\",\"@id\":\"https:\/\/medicina.udd.cl\/kinesiologia-santiago\/#\/schema\/person\/dbc3705bf3a93e8be1ba6de0ef950341\"},\"headline\":\"Estudiantes de Kinesiolog\u00eda e Ingenier\u00eda Civil en Biomedicina presentan 32 innovadores proyectos en la III Feria Cient\u00edfica Interdisciplinaria UDD\",\"datePublished\":\"2025-11-20T20:23:30+00:00\",\"dateModified\":\"2025-11-25T13:27:33+00:00\",\"mainEntityOfPage\":{\"@id\":\"https:\/\/medicina.udd.cl\/kinesiologia-santiago\/noticias\/2025\/11\/20\/estudiantes-de-kinesiologia-e-ingenieria-civil-en-biomedicina-presentan-32-innovadores-proyectos-en-la-iii-feria-cientifica-interdisciplinaria-udd\/\"},\"wordCount\":326,\"image\":{\"@id\":\"https:\/\/medicina.udd.cl\/kinesiologia-santiago\/noticias\/2025\/11\/20\/estudiantes-de-kinesiologia-e-ingenieria-civil-en-biomedicina-presentan-32-innovadores-proyectos-en-la-iii-feria-cientifica-interdisciplinaria-udd\/#primaryimage\"},\"thumbnailUrl\":\"https:\/\/medicina.udd.cl\/kinesiologia-santiago\/files\/2025\/11\/kine-icbm-feria-cientifica-interdisciplinaria-2025-31-scaled.jpg\",\"articleSection\":[\"Noticias\"],\"inLanguage\":\"es\"},{\"@type\":\"WebPage\",\"@id\":\"https:\/\/medicina.udd.cl\/kinesiologia-santiago\/noticias\/2025\/11\/20\/estudiantes-de-kinesiologia-e-ingenieria-civil-en-biomedicina-presentan-32-innovadores-proyectos-en-la-iii-feria-cientifica-interdisciplinaria-udd\/\",\"url\":\"https:\/\/medicina.udd.cl\/kinesiologia-santiago\/noticias\/2025\/11\/20\/estudiantes-de-kinesiologia-e-ingenieria-civil-en-biomedicina-presentan-32-innovadores-proyectos-en-la-iii-feria-cientifica-interdisciplinaria-udd\/\",\"name\":\"Estudiantes de Kinesiolog\u00eda e Ingenier\u00eda Civil en Biomedicina presentan 32 innovadores proyectos en la III Feria Cient\u00edfica Interdisciplinaria UDD - Kinesiolog\u00eda\",\"isPartOf\":{\"@id\":\"https:\/\/medicina.udd.cl\/kinesiologia-santiago\/#website\"},\"primaryImageOfPage\":{\"@id\":\"https:\/\/medicina.udd.cl\/kinesiologia-santiago\/noticias\/2025\/11\/20\/estudiantes-de-kinesiologia-e-ingenieria-civil-en-biomedicina-presentan-32-innovadores-proyectos-en-la-iii-feria-cientifica-interdisciplinaria-udd\/#primaryimage\"},\"image\":{\"@id\":\"https:\/\/medicina.udd.cl\/kinesiologia-santiago\/noticias\/2025\/11\/20\/estudiantes-de-kinesiologia-e-ingenieria-civil-en-biomedicina-presentan-32-innovadores-proyectos-en-la-iii-feria-cientifica-interdisciplinaria-udd\/#primaryimage\"},\"thumbnailUrl\":\"https:\/\/medicina.udd.cl\/kinesiologia-santiago\/files\/2025\/11\/kine-icbm-feria-cientifica-interdisciplinaria-2025-31-scaled.jpg\",\"datePublished\":\"2025-11-20T20:23:30+00:00\",\"dateModified\":\"2025-11-25T13:27:33+00:00\",\"author\":{\"@id\":\"https:\/\/medicina.udd.cl\/kinesiologia-santiago\/#\/schema\/person\/dbc3705bf3a93e8be1ba6de0ef950341\"},\"breadcrumb\":{\"@id\":\"https:\/\/medicina.udd.cl\/kinesiologia-santiago\/noticias\/2025\/11\/20\/estudiantes-de-kinesiologia-e-ingenieria-civil-en-biomedicina-presentan-32-innovadores-proyectos-en-la-iii-feria-cientifica-interdisciplinaria-udd\/#breadcrumb\"},\"inLanguage\":\"es\",\"potentialAction\":[{\"@type\":\"ReadAction\",\"target\":[\"https:\/\/medicina.udd.cl\/kinesiologia-santiago\/noticias\/2025\/11\/20\/estudiantes-de-kinesiologia-e-ingenieria-civil-en-biomedicina-presentan-32-innovadores-proyectos-en-la-iii-feria-cientifica-interdisciplinaria-udd\/\"]}]},{\"@type\":\"ImageObject\",\"inLanguage\":\"es\",\"@id\":\"https:\/\/medicina.udd.cl\/kinesiologia-santiago\/noticias\/2025\/11\/20\/estudiantes-de-kinesiologia-e-ingenieria-civil-en-biomedicina-presentan-32-innovadores-proyectos-en-la-iii-feria-cientifica-interdisciplinaria-udd\/#primaryimage\",\"url\":\"https:\/\/medicina.udd.cl\/kinesiologia-santiago\/files\/2025\/11\/kine-icbm-feria-cientifica-interdisciplinaria-2025-31-scaled.jpg\",\"contentUrl\":\"https:\/\/medicina.udd.cl\/kinesiologia-santiago\/files\/2025\/11\/kine-icbm-feria-cientifica-interdisciplinaria-2025-31-scaled.jpg\",\"width\":2560,\"height\":1408},{\"@type\":\"BreadcrumbList\",\"@id\":\"https:\/\/medicina.udd.cl\/kinesiologia-santiago\/noticias\/2025\/11\/20\/estudiantes-de-kinesiologia-e-ingenieria-civil-en-biomedicina-presentan-32-innovadores-proyectos-en-la-iii-feria-cientifica-interdisciplinaria-udd\/#breadcrumb\",\"itemListElement\":[{\"@type\":\"ListItem\",\"position\":1,\"name\":\"Home\",\"item\":\"https:\/\/medicina.udd.cl\/kinesiologia-santiago\/\"},{\"@type\":\"ListItem\",\"position\":2,\"name\":\"Estudiantes de Kinesiolog\u00eda e Ingenier\u00eda Civil en Biomedicina presentan 32 innovadores proyectos en la III Feria Cient\u00edfica Interdisciplinaria UDD\"}]},{\"@type\":\"WebSite\",\"@id\":\"https:\/\/medicina.udd.cl\/kinesiologia-santiago\/#website\",\"url\":\"https:\/\/medicina.udd.cl\/kinesiologia-santiago\/\",\"name\":\"Kinesiolog\u00eda\",\"description\":\"Facultad de Medicina Cl\u00ednica Alemana Universidad del Desarrollo\",\"inLanguage\":\"es\"},{\"@type\":\"Person\",\"@id\":\"https:\/\/medicina.udd.cl\/kinesiologia-santiago\/#\/schema\/person\/dbc3705bf3a93e8be1ba6de0ef950341\",\"name\":\"rbraidy\",\"image\":{\"@type\":\"ImageObject\",\"inLanguage\":\"es\",\"@id\":\"https:\/\/medicina.udd.cl\/kinesiologia-santiago\/#\/schema\/person\/image\/\",\"url\":\"https:\/\/secure.gravatar.com\/avatar\/0f8bc94637401590e45d2ce17eb65c274cb8870a219de6177f3f23e63fd8cdf3?s=96&d=mm&r=g\",\"contentUrl\":\"https:\/\/secure.gravatar.com\/avatar\/0f8bc94637401590e45d2ce17eb65c274cb8870a219de6177f3f23e63fd8cdf3?s=96&d=mm&r=g\",\"caption\":\"rbraidy\"},\"url\":\"https:\/\/medicina.udd.cl\/kinesiologia-santiago\/noticias\/author\/rbraidy\/\"}]}<\/script>\n<!-- \/ Yoast SEO plugin. -->","yoast_head_json":{"title":"Estudiantes de Kinesiolog\u00eda e Ingenier\u00eda Civil en Biomedicina presentan 32 innovadores proyectos en la III Feria Cient\u00edfica Interdisciplinaria UDD - Kinesiolog\u00eda","robots":{"index":"index","follow":"follow","max-snippet":"max-snippet:-1","max-image-preview":"max-image-preview:large","max-video-preview":"max-video-preview:-1"},"canonical":"https:\/\/medicina.udd.cl\/kinesiologia-santiago\/noticias\/2025\/11\/20\/estudiantes-de-kinesiologia-e-ingenieria-civil-en-biomedicina-presentan-32-innovadores-proyectos-en-la-iii-feria-cientifica-interdisciplinaria-udd\/","og_locale":"es_ES","og_type":"article","og_title":"Estudiantes de Kinesiolog\u00eda e Ingenier\u00eda Civil en Biomedicina presentan 32 innovadores proyectos en la III Feria Cient\u00edfica Interdisciplinaria UDD - Kinesiolog\u00eda","og_description":"Este mi\u00e9rcoles 19 de noviembre, se desarroll\u00f3 la&nbsp;tercera Feria Cient\u00edfica Interdisciplinaria&nbsp;del curso&nbsp;Biof\u00edsica Aplicada al Movimiento, una instancia que reuni\u00f3 a estudiantes de primer a\u00f1o de las carreras de&nbsp;Kinesiolog\u00eda&nbsp;e&nbsp;Ingenier\u00eda Civil en Biomedicina&nbsp;de la Universidad del Desarrollo. La actividad permiti\u00f3 a los alumnos presentar&nbsp;32 proyectos cient\u00edficos, los cuales fueron expuestos a la comunidad universitaria, demostrando creatividad, rigurosidad [&hellip;]","og_url":"https:\/\/medicina.udd.cl\/kinesiologia-santiago\/noticias\/2025\/11\/20\/estudiantes-de-kinesiologia-e-ingenieria-civil-en-biomedicina-presentan-32-innovadores-proyectos-en-la-iii-feria-cientifica-interdisciplinaria-udd\/","og_site_name":"Kinesiolog\u00eda","article_published_time":"2025-11-20T20:23:30+00:00","article_modified_time":"2025-11-25T13:27:33+00:00","og_image":[{"width":2560,"height":1408,"url":"https:\/\/medicina.udd.cl\/kinesiologia-santiago\/files\/2025\/11\/kine-icbm-feria-cientifica-interdisciplinaria-2025-31-scaled.jpg","type":"image\/jpeg"}],"author":"rbraidy","twitter_misc":{"Escrito por":"rbraidy","Tiempo de lectura":"7 minutos"},"schema":{"@context":"https:\/\/schema.org","@graph":[{"@type":"Article","@id":"https:\/\/medicina.udd.cl\/kinesiologia-santiago\/noticias\/2025\/11\/20\/estudiantes-de-kinesiologia-e-ingenieria-civil-en-biomedicina-presentan-32-innovadores-proyectos-en-la-iii-feria-cientifica-interdisciplinaria-udd\/#article","isPartOf":{"@id":"https:\/\/medicina.udd.cl\/kinesiologia-santiago\/noticias\/2025\/11\/20\/estudiantes-de-kinesiologia-e-ingenieria-civil-en-biomedicina-presentan-32-innovadores-proyectos-en-la-iii-feria-cientifica-interdisciplinaria-udd\/"},"author":{"name":"rbraidy","@id":"https:\/\/medicina.udd.cl\/kinesiologia-santiago\/#\/schema\/person\/dbc3705bf3a93e8be1ba6de0ef950341"},"headline":"Estudiantes de Kinesiolog\u00eda e Ingenier\u00eda Civil en Biomedicina presentan 32 innovadores proyectos en la III Feria Cient\u00edfica Interdisciplinaria UDD","datePublished":"2025-11-20T20:23:30+00:00","dateModified":"2025-11-25T13:27:33+00:00","mainEntityOfPage":{"@id":"https:\/\/medicina.udd.cl\/kinesiologia-santiago\/noticias\/2025\/11\/20\/estudiantes-de-kinesiologia-e-ingenieria-civil-en-biomedicina-presentan-32-innovadores-proyectos-en-la-iii-feria-cientifica-interdisciplinaria-udd\/"},"wordCount":326,"image":{"@id":"https:\/\/medicina.udd.cl\/kinesiologia-santiago\/noticias\/2025\/11\/20\/estudiantes-de-kinesiologia-e-ingenieria-civil-en-biomedicina-presentan-32-innovadores-proyectos-en-la-iii-feria-cientifica-interdisciplinaria-udd\/#primaryimage"},"thumbnailUrl":"https:\/\/medicina.udd.cl\/kinesiologia-santiago\/files\/2025\/11\/kine-icbm-feria-cientifica-interdisciplinaria-2025-31-scaled.jpg","articleSection":["Noticias"],"inLanguage":"es"},{"@type":"WebPage","@id":"https:\/\/medicina.udd.cl\/kinesiologia-santiago\/noticias\/2025\/11\/20\/estudiantes-de-kinesiologia-e-ingenieria-civil-en-biomedicina-presentan-32-innovadores-proyectos-en-la-iii-feria-cientifica-interdisciplinaria-udd\/","url":"https:\/\/medicina.udd.cl\/kinesiologia-santiago\/noticias\/2025\/11\/20\/estudiantes-de-kinesiologia-e-ingenieria-civil-en-biomedicina-presentan-32-innovadores-proyectos-en-la-iii-feria-cientifica-interdisciplinaria-udd\/","name":"Estudiantes de Kinesiolog\u00eda e Ingenier\u00eda Civil en Biomedicina presentan 32 innovadores proyectos en la III Feria Cient\u00edfica Interdisciplinaria UDD - Kinesiolog\u00eda","isPartOf":{"@id":"https:\/\/medicina.udd.cl\/kinesiologia-santiago\/#website"},"primaryImageOfPage":{"@id":"https:\/\/medicina.udd.cl\/kinesiologia-santiago\/noticias\/2025\/11\/20\/estudiantes-de-kinesiologia-e-ingenieria-civil-en-biomedicina-presentan-32-innovadores-proyectos-en-la-iii-feria-cientifica-interdisciplinaria-udd\/#primaryimage"},"image":{"@id":"https:\/\/medicina.udd.cl\/kinesiologia-santiago\/noticias\/2025\/11\/20\/estudiantes-de-kinesiologia-e-ingenieria-civil-en-biomedicina-presentan-32-innovadores-proyectos-en-la-iii-feria-cientifica-interdisciplinaria-udd\/#primaryimage"},"thumbnailUrl":"https:\/\/medicina.udd.cl\/kinesiologia-santiago\/files\/2025\/11\/kine-icbm-feria-cientifica-interdisciplinaria-2025-31-scaled.jpg","datePublished":"2025-11-20T20:23:30+00:00","dateModified":"2025-11-25T13:27:33+00:00","author":{"@id":"https:\/\/medicina.udd.cl\/kinesiologia-santiago\/#\/schema\/person\/dbc3705bf3a93e8be1ba6de0ef950341"},"breadcrumb":{"@id":"https:\/\/medicina.udd.cl\/kinesiologia-santiago\/noticias\/2025\/11\/20\/estudiantes-de-kinesiologia-e-ingenieria-civil-en-biomedicina-presentan-32-innovadores-proyectos-en-la-iii-feria-cientifica-interdisciplinaria-udd\/#breadcrumb"},"inLanguage":"es","potentialAction":[{"@type":"ReadAction","target":["https:\/\/medicina.udd.cl\/kinesiologia-santiago\/noticias\/2025\/11\/20\/estudiantes-de-kinesiologia-e-ingenieria-civil-en-biomedicina-presentan-32-innovadores-proyectos-en-la-iii-feria-cientifica-interdisciplinaria-udd\/"]}]},{"@type":"ImageObject","inLanguage":"es","@id":"https:\/\/medicina.udd.cl\/kinesiologia-santiago\/noticias\/2025\/11\/20\/estudiantes-de-kinesiologia-e-ingenieria-civil-en-biomedicina-presentan-32-innovadores-proyectos-en-la-iii-feria-cientifica-interdisciplinaria-udd\/#primaryimage","url":"https:\/\/medicina.udd.cl\/kinesiologia-santiago\/files\/2025\/11\/kine-icbm-feria-cientifica-interdisciplinaria-2025-31-scaled.jpg","contentUrl":"https:\/\/medicina.udd.cl\/kinesiologia-santiago\/files\/2025\/11\/kine-icbm-feria-cientifica-interdisciplinaria-2025-31-scaled.jpg","width":2560,"height":1408},{"@type":"BreadcrumbList","@id":"https:\/\/medicina.udd.cl\/kinesiologia-santiago\/noticias\/2025\/11\/20\/estudiantes-de-kinesiologia-e-ingenieria-civil-en-biomedicina-presentan-32-innovadores-proyectos-en-la-iii-feria-cientifica-interdisciplinaria-udd\/#breadcrumb","itemListElement":[{"@type":"ListItem","position":1,"name":"Home","item":"https:\/\/medicina.udd.cl\/kinesiologia-santiago\/"},{"@type":"ListItem","position":2,"name":"Estudiantes de Kinesiolog\u00eda e Ingenier\u00eda Civil en Biomedicina presentan 32 innovadores proyectos en la III Feria Cient\u00edfica Interdisciplinaria UDD"}]},{"@type":"WebSite","@id":"https:\/\/medicina.udd.cl\/kinesiologia-santiago\/#website","url":"https:\/\/medicina.udd.cl\/kinesiologia-santiago\/","name":"Kinesiolog\u00eda","description":"Facultad de Medicina Cl\u00ednica Alemana Universidad del Desarrollo","inLanguage":"es"},{"@type":"Person","@id":"https:\/\/medicina.udd.cl\/kinesiologia-santiago\/#\/schema\/person\/dbc3705bf3a93e8be1ba6de0ef950341","name":"rbraidy","image":{"@type":"ImageObject","inLanguage":"es","@id":"https:\/\/medicina.udd.cl\/kinesiologia-santiago\/#\/schema\/person\/image\/","url":"https:\/\/secure.gravatar.com\/avatar\/0f8bc94637401590e45d2ce17eb65c274cb8870a219de6177f3f23e63fd8cdf3?s=96&d=mm&r=g","contentUrl":"https:\/\/secure.gravatar.com\/avatar\/0f8bc94637401590e45d2ce17eb65c274cb8870a219de6177f3f23e63fd8cdf3?s=96&d=mm&r=g","caption":"rbraidy"},"url":"https:\/\/medicina.udd.cl\/kinesiologia-santiago\/noticias\/author\/rbraidy\/"}]}},"featured_image_url":"https:\/\/medicina.udd.cl\/kinesiologia-santiago\/files\/2025\/11\/kine-icbm-feria-cientifica-interdisciplinaria-2025-31-scaled.jpg","_links":{"self":[{"href":"https:\/\/medicina.udd.cl\/kinesiologia-santiago\/wp-json\/wp\/v2\/posts\/7310","targetHints":{"allow":["GET"]}}],"collection":[{"href":"https:\/\/medicina.udd.cl\/kinesiologia-santiago\/wp-json\/wp\/v2\/posts"}],"about":[{"href":"https:\/\/medicina.udd.cl\/kinesiologia-santiago\/wp-json\/wp\/v2\/types\/post"}],"author":[{"embeddable":true,"href":"https:\/\/medicina.udd.cl\/kinesiologia-santiago\/wp-json\/wp\/v2\/users\/9192219"}],"replies":[{"embeddable":true,"href":"https:\/\/medicina.udd.cl\/kinesiologia-santiago\/wp-json\/wp\/v2\/comments?post=7310"}],"version-history":[{"count":2,"href":"https:\/\/medicina.udd.cl\/kinesiologia-santiago\/wp-json\/wp\/v2\/posts\/7310\/revisions"}],"predecessor-version":[{"id":7335,"href":"https:\/\/medicina.udd.cl\/kinesiologia-santiago\/wp-json\/wp\/v2\/posts\/7310\/revisions\/7335"}],"wp:featuredmedia":[{"embeddable":true,"href":"https:\/\/medicina.udd.cl\/kinesiologia-santiago\/wp-json\/wp\/v2\/media\/7321"}],"wp:attachment":[{"href":"https:\/\/medicina.udd.cl\/kinesiologia-santiago\/wp-json\/wp\/v2\/media?parent=7310"}],"wp:term":[{"taxonomy":"category","embeddable":true,"href":"https:\/\/medicina.udd.cl\/kinesiologia-santiago\/wp-json\/wp\/v2\/categories?post=7310"},{"taxonomy":"post_tag","embeddable":true,"href":"https:\/\/medicina.udd.cl\/kinesiologia-santiago\/wp-json\/wp\/v2\/tags?post=7310"}],"curies":[{"name":"wp","href":"https:\/\/api.w.org\/{rel}","templated":true}]}}