{"id":7336,"date":"2025-11-25T11:32:36","date_gmt":"2025-11-25T14:32:36","guid":{"rendered":"https:\/\/medicina.udd.cl\/kinesiologia-santiago\/?p=7336"},"modified":"2025-11-25T11:33:07","modified_gmt":"2025-11-25T14:33:07","slug":"competencias-del-kinesiologo-reflexiones-y-desafios-para-la-practica-profesional","status":"publish","type":"post","link":"https:\/\/medicina.udd.cl\/kinesiologia-santiago\/noticias\/2025\/11\/25\/competencias-del-kinesiologo-reflexiones-y-desafios-para-la-practica-profesional\/","title":{"rendered":"Competencias del Kinesi\u00f3logo: Reflexiones y desaf\u00edos para la pr\u00e1ctica profesional"},"content":{"rendered":"\n<figure class=\"wp-block-gallery has-nested-images columns-default is-cropped wp-block-gallery-1 is-layout-flex wp-block-gallery-is-layout-flex\">\n<figure class=\"wp-block-image size-large\"><a href=\"https:\/\/medicina.udd.cl\/kinesiologia-santiago\/files\/2025\/11\/kine_australia-2.jpg\"><img loading=\"lazy\" decoding=\"async\" width=\"1024\" height=\"768\" data-id=\"7338\" src=\"https:\/\/medicina.udd.cl\/kinesiologia-santiago\/files\/2025\/11\/kine_australia-2-1024x768.jpg\" alt=\"\" class=\"wp-image-7338\" srcset=\"https:\/\/medicina.udd.cl\/kinesiologia-santiago\/files\/2025\/11\/kine_australia-2-1024x768.jpg 1024w, https:\/\/medicina.udd.cl\/kinesiologia-santiago\/files\/2025\/11\/kine_australia-2-300x225.jpg 300w, https:\/\/medicina.udd.cl\/kinesiologia-santiago\/files\/2025\/11\/kine_australia-2-768x576.jpg 768w, https:\/\/medicina.udd.cl\/kinesiologia-santiago\/files\/2025\/11\/kine_australia-2.jpg 1280w\" sizes=\"auto, (max-width: 1024px) 100vw, 1024px\" \/><\/a><\/figure>\n\n\n\n<figure class=\"wp-block-image size-large\"><a href=\"https:\/\/medicina.udd.cl\/kinesiologia-santiago\/files\/2025\/11\/kine_australia-3.jpg\"><img loading=\"lazy\" decoding=\"async\" width=\"1024\" height=\"768\" data-id=\"7337\" src=\"https:\/\/medicina.udd.cl\/kinesiologia-santiago\/files\/2025\/11\/kine_australia-3-1024x768.jpg\" alt=\"\" class=\"wp-image-7337\" srcset=\"https:\/\/medicina.udd.cl\/kinesiologia-santiago\/files\/2025\/11\/kine_australia-3-1024x768.jpg 1024w, https:\/\/medicina.udd.cl\/kinesiologia-santiago\/files\/2025\/11\/kine_australia-3-300x225.jpg 300w, https:\/\/medicina.udd.cl\/kinesiologia-santiago\/files\/2025\/11\/kine_australia-3-768x576.jpg 768w, https:\/\/medicina.udd.cl\/kinesiologia-santiago\/files\/2025\/11\/kine_australia-3.jpg 1280w\" sizes=\"auto, (max-width: 1024px) 100vw, 1024px\" \/><\/a><\/figure>\n\n\n\n<figure class=\"wp-block-image size-large\"><a href=\"https:\/\/medicina.udd.cl\/kinesiologia-santiago\/files\/2025\/11\/kine_australia-4-scaled.jpg\"><img loading=\"lazy\" decoding=\"async\" width=\"1024\" height=\"768\" data-id=\"7339\" src=\"https:\/\/medicina.udd.cl\/kinesiologia-santiago\/files\/2025\/11\/kine_australia-4-1024x768.jpg\" alt=\"\" class=\"wp-image-7339\" srcset=\"https:\/\/medicina.udd.cl\/kinesiologia-santiago\/files\/2025\/11\/kine_australia-4-1024x768.jpg 1024w, https:\/\/medicina.udd.cl\/kinesiologia-santiago\/files\/2025\/11\/kine_australia-4-300x225.jpg 300w, https:\/\/medicina.udd.cl\/kinesiologia-santiago\/files\/2025\/11\/kine_australia-4-768x576.jpg 768w, https:\/\/medicina.udd.cl\/kinesiologia-santiago\/files\/2025\/11\/kine_australia-4-1536x1152.jpg 1536w, https:\/\/medicina.udd.cl\/kinesiologia-santiago\/files\/2025\/11\/kine_australia-4-2048x1536.jpg 2048w\" sizes=\"auto, (max-width: 1024px) 100vw, 1024px\" \/><\/a><\/figure>\n<\/figure>\n\n\n\n<p>El pasado viernes 21 de noviembre, la Universidad del Desarrollo fue sede de una enriquecedora jornada de reflexi\u00f3n titulada \u201cCompetencias del Kinesi\u00f3logo: Reflexiones y desaf\u00edos para la pr\u00e1ctica profesional\u201d, organizada en el marco de MAKI en contexto, iniciativa del Mag\u00edster en Terapia F\u00edsica y Rehabilitaci\u00f3n de Kinesiolog\u00eda UDD.<\/p>\n\n\n\n<p>El encuentro convoc\u00f3 a destacados referentes nacionales e internacionales para dialogar sobre los retos que enfrenta la formaci\u00f3n y el ejercicio profesional del kinesi\u00f3logo en el contexto actual.<\/p>\n\n\n\n<p>Amabile Borges, PhD, acad\u00e9mica e investigadora de la Universidad de S\u00eddney, abri\u00f3 la jornada compartiendo la experiencia australiana en la evaluaci\u00f3n de competencias profesionales de fisioterapeutas, destacando la importancia de herramientas estandarizadas para garantizar calidad y seguridad en la atenci\u00f3n.<\/p>\n\n\n\n<p>Luego, Marcela Ant\u00fanez, presidenta del Colegio de Kinesi\u00f3logos de Chile y acad\u00e9mica de la Facultad de Medicina de la Universidad de Chile, abord\u00f3 los desaf\u00edos y oportunidades de la formaci\u00f3n en Chile, enfatizando la necesidad de avanzar hacia un modelo educativo basado en competencias que responda a las demandas del sistema de salud.<\/p>\n\n\n\n<p>Por su parte, Daniela Rend\u00f3n, kinesi\u00f3loga y egresada del Mag\u00edster en Terapia F\u00edsica y Rehabilitaci\u00f3n UDD, present\u00f3 el proceso de traducci\u00f3n y validaci\u00f3n de contenido del Assessment of Physiotherapy Practice (APP) para su aplicaci\u00f3n en Chile, herramienta clave para evaluar el desempe\u00f1o cl\u00ednico.<\/p>\n\n\n\n<p>La jornada culmin\u00f3 con una mesa redonda que permiti\u00f3 el intercambio de preguntas, comentarios y reflexiones entre los expositores y el p\u00fablico, consolidando un espacio de di\u00e1logo sobre el futuro de la profesi\u00f3n.<\/p>\n","protected":false},"excerpt":{"rendered":"<p>El pasado viernes 21 de noviembre, la Universidad del Desarrollo fue sede de una enriquecedora jornada de reflexi\u00f3n titulada \u201cCompetencias del Kinesi\u00f3logo: Reflexiones y desaf\u00edos para la pr\u00e1ctica profesional\u201d, organizada en el marco de MAKI en contexto, iniciativa del Mag\u00edster en Terapia F\u00edsica y Rehabilitaci\u00f3n de Kinesiolog\u00eda UDD. El encuentro convoc\u00f3 a destacados referentes nacionales [&hellip;]<\/p>\n","protected":false},"author":9192254,"featured_media":7337,"comment_status":"closed","ping_status":"open","sticky":false,"template":"","format":"standard","meta":{"footnotes":""},"categories":[4],"tags":[],"class_list":["post-7336","post","type-post","status-publish","format-standard","has-post-thumbnail","hentry","category-noticias"],"yoast_head":"<!-- This site is optimized with the Yoast SEO plugin v26.9 - https:\/\/yoast.com\/product\/yoast-seo-wordpress\/ -->\n<title>Competencias del Kinesi\u00f3logo: Reflexiones y desaf\u00edos para la pr\u00e1ctica profesional - Kinesiolog\u00eda<\/title>\n<meta name=\"robots\" content=\"index, follow, max-snippet:-1, max-image-preview:large, max-video-preview:-1\" \/>\n<link rel=\"canonical\" href=\"https:\/\/medicina.udd.cl\/kinesiologia-santiago\/noticias\/2025\/11\/25\/competencias-del-kinesiologo-reflexiones-y-desafios-para-la-practica-profesional\/\" \/>\n<meta property=\"og:locale\" content=\"es_ES\" \/>\n<meta property=\"og:type\" content=\"article\" \/>\n<meta property=\"og:title\" content=\"Competencias del Kinesi\u00f3logo: Reflexiones y desaf\u00edos para la pr\u00e1ctica profesional - Kinesiolog\u00eda\" \/>\n<meta property=\"og:description\" content=\"El pasado viernes 21 de noviembre, la Universidad del Desarrollo fue sede de una enriquecedora jornada de reflexi\u00f3n titulada \u201cCompetencias del Kinesi\u00f3logo: Reflexiones y desaf\u00edos para la pr\u00e1ctica profesional\u201d, organizada en el marco de MAKI en contexto, iniciativa del Mag\u00edster en Terapia F\u00edsica y Rehabilitaci\u00f3n de Kinesiolog\u00eda UDD. El encuentro convoc\u00f3 a destacados referentes nacionales [&hellip;]\" \/>\n<meta property=\"og:url\" content=\"https:\/\/medicina.udd.cl\/kinesiologia-santiago\/noticias\/2025\/11\/25\/competencias-del-kinesiologo-reflexiones-y-desafios-para-la-practica-profesional\/\" \/>\n<meta property=\"og:site_name\" content=\"Kinesiolog\u00eda\" \/>\n<meta property=\"article:published_time\" content=\"2025-11-25T14:32:36+00:00\" \/>\n<meta property=\"article:modified_time\" content=\"2025-11-25T14:33:07+00:00\" \/>\n<meta property=\"og:image\" content=\"https:\/\/medicina.udd.cl\/kinesiologia-santiago\/files\/2025\/11\/kine_australia-3.jpg\" \/>\n\t<meta property=\"og:image:width\" content=\"1280\" \/>\n\t<meta property=\"og:image:height\" content=\"960\" \/>\n\t<meta property=\"og:image:type\" content=\"image\/jpeg\" \/>\n<meta name=\"author\" content=\"magdalenaestay\" \/>\n<meta name=\"twitter:label1\" content=\"Escrito por\" \/>\n\t<meta name=\"twitter:data1\" content=\"magdalenaestay\" \/>\n\t<meta name=\"twitter:label2\" content=\"Tiempo de lectura\" \/>\n\t<meta name=\"twitter:data2\" content=\"2 minutos\" \/>\n<script type=\"application\/ld+json\" class=\"yoast-schema-graph\">{\"@context\":\"https:\/\/schema.org\",\"@graph\":[{\"@type\":\"Article\",\"@id\":\"https:\/\/medicina.udd.cl\/kinesiologia-santiago\/noticias\/2025\/11\/25\/competencias-del-kinesiologo-reflexiones-y-desafios-para-la-practica-profesional\/#article\",\"isPartOf\":{\"@id\":\"https:\/\/medicina.udd.cl\/kinesiologia-santiago\/noticias\/2025\/11\/25\/competencias-del-kinesiologo-reflexiones-y-desafios-para-la-practica-profesional\/\"},\"author\":{\"name\":\"magdalenaestay\",\"@id\":\"https:\/\/medicina.udd.cl\/kinesiologia-santiago\/#\/schema\/person\/ed6f79d59c0f820f128a5bb9801ef1f2\"},\"headline\":\"Competencias del Kinesi\u00f3logo: Reflexiones y desaf\u00edos para la pr\u00e1ctica profesional\",\"datePublished\":\"2025-11-25T14:32:36+00:00\",\"dateModified\":\"2025-11-25T14:33:07+00:00\",\"mainEntityOfPage\":{\"@id\":\"https:\/\/medicina.udd.cl\/kinesiologia-santiago\/noticias\/2025\/11\/25\/competencias-del-kinesiologo-reflexiones-y-desafios-para-la-practica-profesional\/\"},\"wordCount\":289,\"image\":{\"@id\":\"https:\/\/medicina.udd.cl\/kinesiologia-santiago\/noticias\/2025\/11\/25\/competencias-del-kinesiologo-reflexiones-y-desafios-para-la-practica-profesional\/#primaryimage\"},\"thumbnailUrl\":\"https:\/\/medicina.udd.cl\/kinesiologia-santiago\/files\/2025\/11\/kine_australia-3.jpg\",\"articleSection\":[\"Noticias\"],\"inLanguage\":\"es\"},{\"@type\":\"WebPage\",\"@id\":\"https:\/\/medicina.udd.cl\/kinesiologia-santiago\/noticias\/2025\/11\/25\/competencias-del-kinesiologo-reflexiones-y-desafios-para-la-practica-profesional\/\",\"url\":\"https:\/\/medicina.udd.cl\/kinesiologia-santiago\/noticias\/2025\/11\/25\/competencias-del-kinesiologo-reflexiones-y-desafios-para-la-practica-profesional\/\",\"name\":\"Competencias del Kinesi\u00f3logo: Reflexiones y desaf\u00edos para la pr\u00e1ctica profesional - Kinesiolog\u00eda\",\"isPartOf\":{\"@id\":\"https:\/\/medicina.udd.cl\/kinesiologia-santiago\/#website\"},\"primaryImageOfPage\":{\"@id\":\"https:\/\/medicina.udd.cl\/kinesiologia-santiago\/noticias\/2025\/11\/25\/competencias-del-kinesiologo-reflexiones-y-desafios-para-la-practica-profesional\/#primaryimage\"},\"image\":{\"@id\":\"https:\/\/medicina.udd.cl\/kinesiologia-santiago\/noticias\/2025\/11\/25\/competencias-del-kinesiologo-reflexiones-y-desafios-para-la-practica-profesional\/#primaryimage\"},\"thumbnailUrl\":\"https:\/\/medicina.udd.cl\/kinesiologia-santiago\/files\/2025\/11\/kine_australia-3.jpg\",\"datePublished\":\"2025-11-25T14:32:36+00:00\",\"dateModified\":\"2025-11-25T14:33:07+00:00\",\"author\":{\"@id\":\"https:\/\/medicina.udd.cl\/kinesiologia-santiago\/#\/schema\/person\/ed6f79d59c0f820f128a5bb9801ef1f2\"},\"breadcrumb\":{\"@id\":\"https:\/\/medicina.udd.cl\/kinesiologia-santiago\/noticias\/2025\/11\/25\/competencias-del-kinesiologo-reflexiones-y-desafios-para-la-practica-profesional\/#breadcrumb\"},\"inLanguage\":\"es\",\"potentialAction\":[{\"@type\":\"ReadAction\",\"target\":[\"https:\/\/medicina.udd.cl\/kinesiologia-santiago\/noticias\/2025\/11\/25\/competencias-del-kinesiologo-reflexiones-y-desafios-para-la-practica-profesional\/\"]}]},{\"@type\":\"ImageObject\",\"inLanguage\":\"es\",\"@id\":\"https:\/\/medicina.udd.cl\/kinesiologia-santiago\/noticias\/2025\/11\/25\/competencias-del-kinesiologo-reflexiones-y-desafios-para-la-practica-profesional\/#primaryimage\",\"url\":\"https:\/\/medicina.udd.cl\/kinesiologia-santiago\/files\/2025\/11\/kine_australia-3.jpg\",\"contentUrl\":\"https:\/\/medicina.udd.cl\/kinesiologia-santiago\/files\/2025\/11\/kine_australia-3.jpg\",\"width\":1280,\"height\":960},{\"@type\":\"BreadcrumbList\",\"@id\":\"https:\/\/medicina.udd.cl\/kinesiologia-santiago\/noticias\/2025\/11\/25\/competencias-del-kinesiologo-reflexiones-y-desafios-para-la-practica-profesional\/#breadcrumb\",\"itemListElement\":[{\"@type\":\"ListItem\",\"position\":1,\"name\":\"Home\",\"item\":\"https:\/\/medicina.udd.cl\/kinesiologia-santiago\/\"},{\"@type\":\"ListItem\",\"position\":2,\"name\":\"Competencias del Kinesi\u00f3logo: Reflexiones y desaf\u00edos para la pr\u00e1ctica profesional\"}]},{\"@type\":\"WebSite\",\"@id\":\"https:\/\/medicina.udd.cl\/kinesiologia-santiago\/#website\",\"url\":\"https:\/\/medicina.udd.cl\/kinesiologia-santiago\/\",\"name\":\"Kinesiolog\u00eda\",\"description\":\"Facultad de Medicina Cl\u00ednica Alemana Universidad del Desarrollo\",\"inLanguage\":\"es\"},{\"@type\":\"Person\",\"@id\":\"https:\/\/medicina.udd.cl\/kinesiologia-santiago\/#\/schema\/person\/ed6f79d59c0f820f128a5bb9801ef1f2\",\"name\":\"magdalenaestay\",\"image\":{\"@type\":\"ImageObject\",\"inLanguage\":\"es\",\"@id\":\"https:\/\/medicina.udd.cl\/kinesiologia-santiago\/#\/schema\/person\/image\/\",\"url\":\"https:\/\/secure.gravatar.com\/avatar\/b068ccaa115501438dab22979d0ff56e6306c4f89777269db483369ec65d8dc1?s=96&d=mm&r=g\",\"contentUrl\":\"https:\/\/secure.gravatar.com\/avatar\/b068ccaa115501438dab22979d0ff56e6306c4f89777269db483369ec65d8dc1?s=96&d=mm&r=g\",\"caption\":\"magdalenaestay\"},\"url\":\"https:\/\/medicina.udd.cl\/kinesiologia-santiago\/noticias\/author\/magdalenaestay\/\"}]}<\/script>\n<!-- \/ Yoast SEO plugin. -->","yoast_head_json":{"title":"Competencias del Kinesi\u00f3logo: Reflexiones y desaf\u00edos para la pr\u00e1ctica profesional - Kinesiolog\u00eda","robots":{"index":"index","follow":"follow","max-snippet":"max-snippet:-1","max-image-preview":"max-image-preview:large","max-video-preview":"max-video-preview:-1"},"canonical":"https:\/\/medicina.udd.cl\/kinesiologia-santiago\/noticias\/2025\/11\/25\/competencias-del-kinesiologo-reflexiones-y-desafios-para-la-practica-profesional\/","og_locale":"es_ES","og_type":"article","og_title":"Competencias del Kinesi\u00f3logo: Reflexiones y desaf\u00edos para la pr\u00e1ctica profesional - Kinesiolog\u00eda","og_description":"El pasado viernes 21 de noviembre, la Universidad del Desarrollo fue sede de una enriquecedora jornada de reflexi\u00f3n titulada \u201cCompetencias del Kinesi\u00f3logo: Reflexiones y desaf\u00edos para la pr\u00e1ctica profesional\u201d, organizada en el marco de MAKI en contexto, iniciativa del Mag\u00edster en Terapia F\u00edsica y Rehabilitaci\u00f3n de Kinesiolog\u00eda UDD. El encuentro convoc\u00f3 a destacados referentes nacionales [&hellip;]","og_url":"https:\/\/medicina.udd.cl\/kinesiologia-santiago\/noticias\/2025\/11\/25\/competencias-del-kinesiologo-reflexiones-y-desafios-para-la-practica-profesional\/","og_site_name":"Kinesiolog\u00eda","article_published_time":"2025-11-25T14:32:36+00:00","article_modified_time":"2025-11-25T14:33:07+00:00","og_image":[{"width":1280,"height":960,"url":"https:\/\/medicina.udd.cl\/kinesiologia-santiago\/files\/2025\/11\/kine_australia-3.jpg","type":"image\/jpeg"}],"author":"magdalenaestay","twitter_misc":{"Escrito por":"magdalenaestay","Tiempo de lectura":"2 minutos"},"schema":{"@context":"https:\/\/schema.org","@graph":[{"@type":"Article","@id":"https:\/\/medicina.udd.cl\/kinesiologia-santiago\/noticias\/2025\/11\/25\/competencias-del-kinesiologo-reflexiones-y-desafios-para-la-practica-profesional\/#article","isPartOf":{"@id":"https:\/\/medicina.udd.cl\/kinesiologia-santiago\/noticias\/2025\/11\/25\/competencias-del-kinesiologo-reflexiones-y-desafios-para-la-practica-profesional\/"},"author":{"name":"magdalenaestay","@id":"https:\/\/medicina.udd.cl\/kinesiologia-santiago\/#\/schema\/person\/ed6f79d59c0f820f128a5bb9801ef1f2"},"headline":"Competencias del Kinesi\u00f3logo: Reflexiones y desaf\u00edos para la pr\u00e1ctica profesional","datePublished":"2025-11-25T14:32:36+00:00","dateModified":"2025-11-25T14:33:07+00:00","mainEntityOfPage":{"@id":"https:\/\/medicina.udd.cl\/kinesiologia-santiago\/noticias\/2025\/11\/25\/competencias-del-kinesiologo-reflexiones-y-desafios-para-la-practica-profesional\/"},"wordCount":289,"image":{"@id":"https:\/\/medicina.udd.cl\/kinesiologia-santiago\/noticias\/2025\/11\/25\/competencias-del-kinesiologo-reflexiones-y-desafios-para-la-practica-profesional\/#primaryimage"},"thumbnailUrl":"https:\/\/medicina.udd.cl\/kinesiologia-santiago\/files\/2025\/11\/kine_australia-3.jpg","articleSection":["Noticias"],"inLanguage":"es"},{"@type":"WebPage","@id":"https:\/\/medicina.udd.cl\/kinesiologia-santiago\/noticias\/2025\/11\/25\/competencias-del-kinesiologo-reflexiones-y-desafios-para-la-practica-profesional\/","url":"https:\/\/medicina.udd.cl\/kinesiologia-santiago\/noticias\/2025\/11\/25\/competencias-del-kinesiologo-reflexiones-y-desafios-para-la-practica-profesional\/","name":"Competencias del Kinesi\u00f3logo: Reflexiones y desaf\u00edos para la pr\u00e1ctica profesional - Kinesiolog\u00eda","isPartOf":{"@id":"https:\/\/medicina.udd.cl\/kinesiologia-santiago\/#website"},"primaryImageOfPage":{"@id":"https:\/\/medicina.udd.cl\/kinesiologia-santiago\/noticias\/2025\/11\/25\/competencias-del-kinesiologo-reflexiones-y-desafios-para-la-practica-profesional\/#primaryimage"},"image":{"@id":"https:\/\/medicina.udd.cl\/kinesiologia-santiago\/noticias\/2025\/11\/25\/competencias-del-kinesiologo-reflexiones-y-desafios-para-la-practica-profesional\/#primaryimage"},"thumbnailUrl":"https:\/\/medicina.udd.cl\/kinesiologia-santiago\/files\/2025\/11\/kine_australia-3.jpg","datePublished":"2025-11-25T14:32:36+00:00","dateModified":"2025-11-25T14:33:07+00:00","author":{"@id":"https:\/\/medicina.udd.cl\/kinesiologia-santiago\/#\/schema\/person\/ed6f79d59c0f820f128a5bb9801ef1f2"},"breadcrumb":{"@id":"https:\/\/medicina.udd.cl\/kinesiologia-santiago\/noticias\/2025\/11\/25\/competencias-del-kinesiologo-reflexiones-y-desafios-para-la-practica-profesional\/#breadcrumb"},"inLanguage":"es","potentialAction":[{"@type":"ReadAction","target":["https:\/\/medicina.udd.cl\/kinesiologia-santiago\/noticias\/2025\/11\/25\/competencias-del-kinesiologo-reflexiones-y-desafios-para-la-practica-profesional\/"]}]},{"@type":"ImageObject","inLanguage":"es","@id":"https:\/\/medicina.udd.cl\/kinesiologia-santiago\/noticias\/2025\/11\/25\/competencias-del-kinesiologo-reflexiones-y-desafios-para-la-practica-profesional\/#primaryimage","url":"https:\/\/medicina.udd.cl\/kinesiologia-santiago\/files\/2025\/11\/kine_australia-3.jpg","contentUrl":"https:\/\/medicina.udd.cl\/kinesiologia-santiago\/files\/2025\/11\/kine_australia-3.jpg","width":1280,"height":960},{"@type":"BreadcrumbList","@id":"https:\/\/medicina.udd.cl\/kinesiologia-santiago\/noticias\/2025\/11\/25\/competencias-del-kinesiologo-reflexiones-y-desafios-para-la-practica-profesional\/#breadcrumb","itemListElement":[{"@type":"ListItem","position":1,"name":"Home","item":"https:\/\/medicina.udd.cl\/kinesiologia-santiago\/"},{"@type":"ListItem","position":2,"name":"Competencias del Kinesi\u00f3logo: Reflexiones y desaf\u00edos para la pr\u00e1ctica profesional"}]},{"@type":"WebSite","@id":"https:\/\/medicina.udd.cl\/kinesiologia-santiago\/#website","url":"https:\/\/medicina.udd.cl\/kinesiologia-santiago\/","name":"Kinesiolog\u00eda","description":"Facultad de Medicina Cl\u00ednica Alemana Universidad del Desarrollo","inLanguage":"es"},{"@type":"Person","@id":"https:\/\/medicina.udd.cl\/kinesiologia-santiago\/#\/schema\/person\/ed6f79d59c0f820f128a5bb9801ef1f2","name":"magdalenaestay","image":{"@type":"ImageObject","inLanguage":"es","@id":"https:\/\/medicina.udd.cl\/kinesiologia-santiago\/#\/schema\/person\/image\/","url":"https:\/\/secure.gravatar.com\/avatar\/b068ccaa115501438dab22979d0ff56e6306c4f89777269db483369ec65d8dc1?s=96&d=mm&r=g","contentUrl":"https:\/\/secure.gravatar.com\/avatar\/b068ccaa115501438dab22979d0ff56e6306c4f89777269db483369ec65d8dc1?s=96&d=mm&r=g","caption":"magdalenaestay"},"url":"https:\/\/medicina.udd.cl\/kinesiologia-santiago\/noticias\/author\/magdalenaestay\/"}]}},"featured_image_url":"https:\/\/medicina.udd.cl\/kinesiologia-santiago\/files\/2025\/11\/kine_australia-3.jpg","_links":{"self":[{"href":"https:\/\/medicina.udd.cl\/kinesiologia-santiago\/wp-json\/wp\/v2\/posts\/7336","targetHints":{"allow":["GET"]}}],"collection":[{"href":"https:\/\/medicina.udd.cl\/kinesiologia-santiago\/wp-json\/wp\/v2\/posts"}],"about":[{"href":"https:\/\/medicina.udd.cl\/kinesiologia-santiago\/wp-json\/wp\/v2\/types\/post"}],"author":[{"embeddable":true,"href":"https:\/\/medicina.udd.cl\/kinesiologia-santiago\/wp-json\/wp\/v2\/users\/9192254"}],"replies":[{"embeddable":true,"href":"https:\/\/medicina.udd.cl\/kinesiologia-santiago\/wp-json\/wp\/v2\/comments?post=7336"}],"version-history":[{"count":2,"href":"https:\/\/medicina.udd.cl\/kinesiologia-santiago\/wp-json\/wp\/v2\/posts\/7336\/revisions"}],"predecessor-version":[{"id":7341,"href":"https:\/\/medicina.udd.cl\/kinesiologia-santiago\/wp-json\/wp\/v2\/posts\/7336\/revisions\/7341"}],"wp:featuredmedia":[{"embeddable":true,"href":"https:\/\/medicina.udd.cl\/kinesiologia-santiago\/wp-json\/wp\/v2\/media\/7337"}],"wp:attachment":[{"href":"https:\/\/medicina.udd.cl\/kinesiologia-santiago\/wp-json\/wp\/v2\/media?parent=7336"}],"wp:term":[{"taxonomy":"category","embeddable":true,"href":"https:\/\/medicina.udd.cl\/kinesiologia-santiago\/wp-json\/wp\/v2\/categories?post=7336"},{"taxonomy":"post_tag","embeddable":true,"href":"https:\/\/medicina.udd.cl\/kinesiologia-santiago\/wp-json\/wp\/v2\/tags?post=7336"}],"curies":[{"name":"wp","href":"https:\/\/api.w.org\/{rel}","templated":true}]}}