{"id":7357,"date":"2025-12-04T16:04:19","date_gmt":"2025-12-04T19:04:19","guid":{"rendered":"https:\/\/medicina.udd.cl\/kinesiologia-santiago\/?p=7357"},"modified":"2025-12-04T16:04:20","modified_gmt":"2025-12-04T19:04:20","slug":"estudiantes-de-kinesiologia-udd-participan-en-clase-practica-de-ecografia-musculoesqueletica","status":"publish","type":"post","link":"https:\/\/medicina.udd.cl\/kinesiologia-santiago\/noticias\/2025\/12\/04\/estudiantes-de-kinesiologia-udd-participan-en-clase-practica-de-ecografia-musculoesqueletica\/","title":{"rendered":"Estudiantes de Kinesiolog\u00eda UDD participan en clase pr\u00e1ctica de Ecograf\u00eda Musculoesquel\u00e9tica"},"content":{"rendered":"\n<figure class=\"wp-block-gallery has-nested-images columns-default is-cropped wp-block-gallery-1 is-layout-flex wp-block-gallery-is-layout-flex\">\n<figure class=\"wp-block-image size-large\"><a href=\"https:\/\/medicina.udd.cl\/kinesiologia-santiago\/files\/2025\/12\/kine-clase-ecografia-muscoloesqueletica-4.jpeg\"><img loading=\"lazy\" decoding=\"async\" width=\"768\" height=\"1024\" data-id=\"7356\" src=\"https:\/\/medicina.udd.cl\/kinesiologia-santiago\/files\/2025\/12\/kine-clase-ecografia-muscoloesqueletica-4-768x1024.jpeg\" alt=\"\" class=\"wp-image-7356\" srcset=\"https:\/\/medicina.udd.cl\/kinesiologia-santiago\/files\/2025\/12\/kine-clase-ecografia-muscoloesqueletica-4-768x1024.jpeg 768w, https:\/\/medicina.udd.cl\/kinesiologia-santiago\/files\/2025\/12\/kine-clase-ecografia-muscoloesqueletica-4-225x300.jpeg 225w, https:\/\/medicina.udd.cl\/kinesiologia-santiago\/files\/2025\/12\/kine-clase-ecografia-muscoloesqueletica-4.jpeg 960w\" sizes=\"auto, (max-width: 768px) 100vw, 768px\" \/><\/a><figcaption class=\"wp-element-caption\">Kinesi\u00f3logo Itamar Csaszar Isaacson realizando la sesi\u00f3n pr\u00e1ctica<\/figcaption><\/figure>\n\n\n\n<figure class=\"wp-block-image size-large\"><a href=\"https:\/\/medicina.udd.cl\/kinesiologia-santiago\/files\/2025\/12\/kine-clase-ecografia-muscoloesqueletica-3.jpeg\"><img loading=\"lazy\" decoding=\"async\" width=\"768\" height=\"1024\" data-id=\"7355\" src=\"https:\/\/medicina.udd.cl\/kinesiologia-santiago\/files\/2025\/12\/kine-clase-ecografia-muscoloesqueletica-3-768x1024.jpeg\" alt=\"\" class=\"wp-image-7355\" srcset=\"https:\/\/medicina.udd.cl\/kinesiologia-santiago\/files\/2025\/12\/kine-clase-ecografia-muscoloesqueletica-3-768x1024.jpeg 768w, https:\/\/medicina.udd.cl\/kinesiologia-santiago\/files\/2025\/12\/kine-clase-ecografia-muscoloesqueletica-3-225x300.jpeg 225w, https:\/\/medicina.udd.cl\/kinesiologia-santiago\/files\/2025\/12\/kine-clase-ecografia-muscoloesqueletica-3.jpeg 960w\" sizes=\"auto, (max-width: 768px) 100vw, 768px\" \/><\/a><\/figure>\n\n\n\n<figure class=\"wp-block-image size-large\"><a href=\"https:\/\/medicina.udd.cl\/kinesiologia-santiago\/files\/2025\/12\/kine-clase-ecografia-muscoloesqueletica-1.jpeg\"><img loading=\"lazy\" decoding=\"async\" width=\"768\" height=\"1024\" data-id=\"7353\" src=\"https:\/\/medicina.udd.cl\/kinesiologia-santiago\/files\/2025\/12\/kine-clase-ecografia-muscoloesqueletica-1-768x1024.jpeg\" alt=\"\" class=\"wp-image-7353\" srcset=\"https:\/\/medicina.udd.cl\/kinesiologia-santiago\/files\/2025\/12\/kine-clase-ecografia-muscoloesqueletica-1-768x1024.jpeg 768w, https:\/\/medicina.udd.cl\/kinesiologia-santiago\/files\/2025\/12\/kine-clase-ecografia-muscoloesqueletica-1-225x300.jpeg 225w, https:\/\/medicina.udd.cl\/kinesiologia-santiago\/files\/2025\/12\/kine-clase-ecografia-muscoloesqueletica-1.jpeg 960w\" sizes=\"auto, (max-width: 768px) 100vw, 768px\" \/><\/a><\/figure>\n<\/figure>\n\n\n\n<p>En el marco de la asignatura <strong>\u201cIntervenci\u00f3n M\u00fasculoesquel\u00e9tica y del Envejecimiento\u201d<\/strong>, impartida en tercer a\u00f1o de la carrera de Kinesiolog\u00eda de la Facultad de Medicina Cl\u00ednica Alemana Universidad del Desarrollo (UDD), se llev\u00f3 a cabo una destacada clase de <strong>Ecograf\u00eda Musculoesquel\u00e9tica<\/strong>, orientada a los conceptos generales de sonoanatom\u00eda.<\/p>\n\n\n\n<p>La instancia permiti\u00f3 que los estudiantes conocieran aspectos te\u00f3ricos fundamentales de esta t\u00e9cnica, para luego aplicarlos en una sesi\u00f3n pr\u00e1ctica guiada por el profesor <strong>Itamar Csaszar Isaacson<\/strong>, kinesi\u00f3logo egresado de la UDD. El objetivo fue otorgar un acercamiento temprano a herramientas tecnol\u00f3gicas avanzadas que, cada vez m\u00e1s, forman parte del quehacer cl\u00ednico en intervenciones musculoesquel\u00e9ticas.<\/p>\n\n\n\n<p>La jornada se desarroll\u00f3 en el campus Rector Ernesto Silva Bafalluy, donde el equipo docente del \u00e1rea acompa\u00f1\u00f3 a los estudiantes en la exploraci\u00f3n de los fundamentos del ultrasonido aplicado al an\u00e1lisis musculoesquel\u00e9tico. En una primera parte, se revisaron los principios esenciales del uso del ec\u00f3grafo, la identificaci\u00f3n de estructuras anat\u00f3micas mediante imagenolog\u00eda din\u00e1mica y el rol de la sonoanatom\u00eda en la evaluaci\u00f3n funcional de los pacientes. Posteriormente, los participantes avanzaron hacia una sesi\u00f3n pr\u00e1ctica, observando en tiempo real la lectura ecogr\u00e1fica de distintas estructuras corporales y profundizando en la interpretaci\u00f3n de im\u00e1genes y su relevancia cl\u00ednica.<\/p>\n\n\n\n<p>La actividad tuvo como finalidad introducir a los estudiantes, desde etapas tempranas de su formaci\u00f3n, en tecnolog\u00edas emergentes que permiten profesionalizar a\u00fan m\u00e1s el quehacer kin\u00e9sico. Con ello, se busca fortalecer competencias cl\u00ednicas, fomentar la curiosidad por nuevas metodolog\u00edas y promover un perfil profesional actualizado, capaz de responder a los desaf\u00edos actuales y futuros del \u00e1rea de la salud.<\/p>\n\n\n\n<p>Con iniciativas como esta, <strong>Kinesiolog\u00eda UDD<\/strong> reafirma su compromiso con la <strong>innovaci\u00f3n acad\u00e9mica<\/strong>, el <strong>aprendizaje pr\u00e1ctico<\/strong> y el desarrollo de habilidades que preparan a sus estudiantes para un desempe\u00f1o de excelencia en los diversos campos de acci\u00f3n de la profesi\u00f3n. La incorporaci\u00f3n de experiencias formativas vinculadas a imagenolog\u00eda aplicada representa un paso significativo en la consolidaci\u00f3n de competencias avanzadas dentro del proceso formativo.<\/p>\n","protected":false},"excerpt":{"rendered":"<p>En el marco de la asignatura \u201cIntervenci\u00f3n M\u00fasculoesquel\u00e9tica y del Envejecimiento\u201d, impartida en tercer a\u00f1o de la carrera de Kinesiolog\u00eda de la Facultad de Medicina Cl\u00ednica Alemana Universidad del Desarrollo (UDD), se llev\u00f3 a cabo una destacada clase de Ecograf\u00eda Musculoesquel\u00e9tica, orientada a los conceptos generales de sonoanatom\u00eda. La instancia permiti\u00f3 que los estudiantes conocieran [&hellip;]<\/p>\n","protected":false},"author":9192219,"featured_media":7355,"comment_status":"closed","ping_status":"open","sticky":false,"template":"","format":"standard","meta":{"footnotes":""},"categories":[4],"tags":[],"class_list":["post-7357","post","type-post","status-publish","format-standard","has-post-thumbnail","hentry","category-noticias"],"yoast_head":"<!-- This site is optimized with the Yoast SEO plugin v26.9 - https:\/\/yoast.com\/product\/yoast-seo-wordpress\/ -->\n<title>Estudiantes de Kinesiolog\u00eda UDD participan en clase pr\u00e1ctica de Ecograf\u00eda Musculoesquel\u00e9tica - Kinesiolog\u00eda<\/title>\n<meta name=\"robots\" content=\"index, follow, max-snippet:-1, max-image-preview:large, max-video-preview:-1\" \/>\n<link rel=\"canonical\" href=\"https:\/\/medicina.udd.cl\/kinesiologia-santiago\/noticias\/2025\/12\/04\/estudiantes-de-kinesiologia-udd-participan-en-clase-practica-de-ecografia-musculoesqueletica\/\" \/>\n<meta property=\"og:locale\" content=\"es_ES\" \/>\n<meta property=\"og:type\" content=\"article\" \/>\n<meta property=\"og:title\" content=\"Estudiantes de Kinesiolog\u00eda UDD participan en clase pr\u00e1ctica de Ecograf\u00eda Musculoesquel\u00e9tica - Kinesiolog\u00eda\" \/>\n<meta property=\"og:description\" content=\"En el marco de la asignatura \u201cIntervenci\u00f3n M\u00fasculoesquel\u00e9tica y del Envejecimiento\u201d, impartida en tercer a\u00f1o de la carrera de Kinesiolog\u00eda de la Facultad de Medicina Cl\u00ednica Alemana Universidad del Desarrollo (UDD), se llev\u00f3 a cabo una destacada clase de Ecograf\u00eda Musculoesquel\u00e9tica, orientada a los conceptos generales de sonoanatom\u00eda. La instancia permiti\u00f3 que los estudiantes conocieran [&hellip;]\" \/>\n<meta property=\"og:url\" content=\"https:\/\/medicina.udd.cl\/kinesiologia-santiago\/noticias\/2025\/12\/04\/estudiantes-de-kinesiologia-udd-participan-en-clase-practica-de-ecografia-musculoesqueletica\/\" \/>\n<meta property=\"og:site_name\" content=\"Kinesiolog\u00eda\" \/>\n<meta property=\"article:published_time\" content=\"2025-12-04T19:04:19+00:00\" \/>\n<meta property=\"article:modified_time\" content=\"2025-12-04T19:04:20+00:00\" \/>\n<meta property=\"og:image\" content=\"https:\/\/medicina.udd.cl\/kinesiologia-santiago\/files\/2025\/12\/kine-clase-ecografia-muscoloesqueletica-3.jpeg\" \/>\n\t<meta property=\"og:image:width\" content=\"960\" \/>\n\t<meta property=\"og:image:height\" content=\"1280\" \/>\n\t<meta property=\"og:image:type\" content=\"image\/jpeg\" \/>\n<meta name=\"author\" content=\"rbraidy\" \/>\n<meta name=\"twitter:label1\" content=\"Escrito por\" \/>\n\t<meta name=\"twitter:data1\" content=\"rbraidy\" \/>\n\t<meta name=\"twitter:label2\" content=\"Tiempo de lectura\" \/>\n\t<meta name=\"twitter:data2\" content=\"3 minutos\" \/>\n<script type=\"application\/ld+json\" class=\"yoast-schema-graph\">{\"@context\":\"https:\/\/schema.org\",\"@graph\":[{\"@type\":\"Article\",\"@id\":\"https:\/\/medicina.udd.cl\/kinesiologia-santiago\/noticias\/2025\/12\/04\/estudiantes-de-kinesiologia-udd-participan-en-clase-practica-de-ecografia-musculoesqueletica\/#article\",\"isPartOf\":{\"@id\":\"https:\/\/medicina.udd.cl\/kinesiologia-santiago\/noticias\/2025\/12\/04\/estudiantes-de-kinesiologia-udd-participan-en-clase-practica-de-ecografia-musculoesqueletica\/\"},\"author\":{\"name\":\"rbraidy\",\"@id\":\"https:\/\/medicina.udd.cl\/kinesiologia-santiago\/#\/schema\/person\/dbc3705bf3a93e8be1ba6de0ef950341\"},\"headline\":\"Estudiantes de Kinesiolog\u00eda UDD participan en clase pr\u00e1ctica de Ecograf\u00eda Musculoesquel\u00e9tica\",\"datePublished\":\"2025-12-04T19:04:19+00:00\",\"dateModified\":\"2025-12-04T19:04:20+00:00\",\"mainEntityOfPage\":{\"@id\":\"https:\/\/medicina.udd.cl\/kinesiologia-santiago\/noticias\/2025\/12\/04\/estudiantes-de-kinesiologia-udd-participan-en-clase-practica-de-ecografia-musculoesqueletica\/\"},\"wordCount\":400,\"image\":{\"@id\":\"https:\/\/medicina.udd.cl\/kinesiologia-santiago\/noticias\/2025\/12\/04\/estudiantes-de-kinesiologia-udd-participan-en-clase-practica-de-ecografia-musculoesqueletica\/#primaryimage\"},\"thumbnailUrl\":\"https:\/\/medicina.udd.cl\/kinesiologia-santiago\/files\/2025\/12\/kine-clase-ecografia-muscoloesqueletica-3.jpeg\",\"articleSection\":[\"Noticias\"],\"inLanguage\":\"es\"},{\"@type\":\"WebPage\",\"@id\":\"https:\/\/medicina.udd.cl\/kinesiologia-santiago\/noticias\/2025\/12\/04\/estudiantes-de-kinesiologia-udd-participan-en-clase-practica-de-ecografia-musculoesqueletica\/\",\"url\":\"https:\/\/medicina.udd.cl\/kinesiologia-santiago\/noticias\/2025\/12\/04\/estudiantes-de-kinesiologia-udd-participan-en-clase-practica-de-ecografia-musculoesqueletica\/\",\"name\":\"Estudiantes de Kinesiolog\u00eda UDD participan en clase pr\u00e1ctica de Ecograf\u00eda Musculoesquel\u00e9tica - Kinesiolog\u00eda\",\"isPartOf\":{\"@id\":\"https:\/\/medicina.udd.cl\/kinesiologia-santiago\/#website\"},\"primaryImageOfPage\":{\"@id\":\"https:\/\/medicina.udd.cl\/kinesiologia-santiago\/noticias\/2025\/12\/04\/estudiantes-de-kinesiologia-udd-participan-en-clase-practica-de-ecografia-musculoesqueletica\/#primaryimage\"},\"image\":{\"@id\":\"https:\/\/medicina.udd.cl\/kinesiologia-santiago\/noticias\/2025\/12\/04\/estudiantes-de-kinesiologia-udd-participan-en-clase-practica-de-ecografia-musculoesqueletica\/#primaryimage\"},\"thumbnailUrl\":\"https:\/\/medicina.udd.cl\/kinesiologia-santiago\/files\/2025\/12\/kine-clase-ecografia-muscoloesqueletica-3.jpeg\",\"datePublished\":\"2025-12-04T19:04:19+00:00\",\"dateModified\":\"2025-12-04T19:04:20+00:00\",\"author\":{\"@id\":\"https:\/\/medicina.udd.cl\/kinesiologia-santiago\/#\/schema\/person\/dbc3705bf3a93e8be1ba6de0ef950341\"},\"breadcrumb\":{\"@id\":\"https:\/\/medicina.udd.cl\/kinesiologia-santiago\/noticias\/2025\/12\/04\/estudiantes-de-kinesiologia-udd-participan-en-clase-practica-de-ecografia-musculoesqueletica\/#breadcrumb\"},\"inLanguage\":\"es\",\"potentialAction\":[{\"@type\":\"ReadAction\",\"target\":[\"https:\/\/medicina.udd.cl\/kinesiologia-santiago\/noticias\/2025\/12\/04\/estudiantes-de-kinesiologia-udd-participan-en-clase-practica-de-ecografia-musculoesqueletica\/\"]}]},{\"@type\":\"ImageObject\",\"inLanguage\":\"es\",\"@id\":\"https:\/\/medicina.udd.cl\/kinesiologia-santiago\/noticias\/2025\/12\/04\/estudiantes-de-kinesiologia-udd-participan-en-clase-practica-de-ecografia-musculoesqueletica\/#primaryimage\",\"url\":\"https:\/\/medicina.udd.cl\/kinesiologia-santiago\/files\/2025\/12\/kine-clase-ecografia-muscoloesqueletica-3.jpeg\",\"contentUrl\":\"https:\/\/medicina.udd.cl\/kinesiologia-santiago\/files\/2025\/12\/kine-clase-ecografia-muscoloesqueletica-3.jpeg\",\"width\":960,\"height\":1280},{\"@type\":\"BreadcrumbList\",\"@id\":\"https:\/\/medicina.udd.cl\/kinesiologia-santiago\/noticias\/2025\/12\/04\/estudiantes-de-kinesiologia-udd-participan-en-clase-practica-de-ecografia-musculoesqueletica\/#breadcrumb\",\"itemListElement\":[{\"@type\":\"ListItem\",\"position\":1,\"name\":\"Home\",\"item\":\"https:\/\/medicina.udd.cl\/kinesiologia-santiago\/\"},{\"@type\":\"ListItem\",\"position\":2,\"name\":\"Estudiantes de Kinesiolog\u00eda UDD participan en clase pr\u00e1ctica de Ecograf\u00eda Musculoesquel\u00e9tica\"}]},{\"@type\":\"WebSite\",\"@id\":\"https:\/\/medicina.udd.cl\/kinesiologia-santiago\/#website\",\"url\":\"https:\/\/medicina.udd.cl\/kinesiologia-santiago\/\",\"name\":\"Kinesiolog\u00eda\",\"description\":\"Facultad de Medicina Cl\u00ednica Alemana Universidad del Desarrollo\",\"inLanguage\":\"es\"},{\"@type\":\"Person\",\"@id\":\"https:\/\/medicina.udd.cl\/kinesiologia-santiago\/#\/schema\/person\/dbc3705bf3a93e8be1ba6de0ef950341\",\"name\":\"rbraidy\",\"image\":{\"@type\":\"ImageObject\",\"inLanguage\":\"es\",\"@id\":\"https:\/\/medicina.udd.cl\/kinesiologia-santiago\/#\/schema\/person\/image\/\",\"url\":\"https:\/\/secure.gravatar.com\/avatar\/0f8bc94637401590e45d2ce17eb65c274cb8870a219de6177f3f23e63fd8cdf3?s=96&d=mm&r=g\",\"contentUrl\":\"https:\/\/secure.gravatar.com\/avatar\/0f8bc94637401590e45d2ce17eb65c274cb8870a219de6177f3f23e63fd8cdf3?s=96&d=mm&r=g\",\"caption\":\"rbraidy\"},\"url\":\"https:\/\/medicina.udd.cl\/kinesiologia-santiago\/noticias\/author\/rbraidy\/\"}]}<\/script>\n<!-- \/ Yoast SEO plugin. -->","yoast_head_json":{"title":"Estudiantes de Kinesiolog\u00eda UDD participan en clase pr\u00e1ctica de Ecograf\u00eda Musculoesquel\u00e9tica - Kinesiolog\u00eda","robots":{"index":"index","follow":"follow","max-snippet":"max-snippet:-1","max-image-preview":"max-image-preview:large","max-video-preview":"max-video-preview:-1"},"canonical":"https:\/\/medicina.udd.cl\/kinesiologia-santiago\/noticias\/2025\/12\/04\/estudiantes-de-kinesiologia-udd-participan-en-clase-practica-de-ecografia-musculoesqueletica\/","og_locale":"es_ES","og_type":"article","og_title":"Estudiantes de Kinesiolog\u00eda UDD participan en clase pr\u00e1ctica de Ecograf\u00eda Musculoesquel\u00e9tica - Kinesiolog\u00eda","og_description":"En el marco de la asignatura \u201cIntervenci\u00f3n M\u00fasculoesquel\u00e9tica y del Envejecimiento\u201d, impartida en tercer a\u00f1o de la carrera de Kinesiolog\u00eda de la Facultad de Medicina Cl\u00ednica Alemana Universidad del Desarrollo (UDD), se llev\u00f3 a cabo una destacada clase de Ecograf\u00eda Musculoesquel\u00e9tica, orientada a los conceptos generales de sonoanatom\u00eda. La instancia permiti\u00f3 que los estudiantes conocieran [&hellip;]","og_url":"https:\/\/medicina.udd.cl\/kinesiologia-santiago\/noticias\/2025\/12\/04\/estudiantes-de-kinesiologia-udd-participan-en-clase-practica-de-ecografia-musculoesqueletica\/","og_site_name":"Kinesiolog\u00eda","article_published_time":"2025-12-04T19:04:19+00:00","article_modified_time":"2025-12-04T19:04:20+00:00","og_image":[{"width":960,"height":1280,"url":"https:\/\/medicina.udd.cl\/kinesiologia-santiago\/files\/2025\/12\/kine-clase-ecografia-muscoloesqueletica-3.jpeg","type":"image\/jpeg"}],"author":"rbraidy","twitter_misc":{"Escrito por":"rbraidy","Tiempo de lectura":"3 minutos"},"schema":{"@context":"https:\/\/schema.org","@graph":[{"@type":"Article","@id":"https:\/\/medicina.udd.cl\/kinesiologia-santiago\/noticias\/2025\/12\/04\/estudiantes-de-kinesiologia-udd-participan-en-clase-practica-de-ecografia-musculoesqueletica\/#article","isPartOf":{"@id":"https:\/\/medicina.udd.cl\/kinesiologia-santiago\/noticias\/2025\/12\/04\/estudiantes-de-kinesiologia-udd-participan-en-clase-practica-de-ecografia-musculoesqueletica\/"},"author":{"name":"rbraidy","@id":"https:\/\/medicina.udd.cl\/kinesiologia-santiago\/#\/schema\/person\/dbc3705bf3a93e8be1ba6de0ef950341"},"headline":"Estudiantes de Kinesiolog\u00eda UDD participan en clase pr\u00e1ctica de Ecograf\u00eda Musculoesquel\u00e9tica","datePublished":"2025-12-04T19:04:19+00:00","dateModified":"2025-12-04T19:04:20+00:00","mainEntityOfPage":{"@id":"https:\/\/medicina.udd.cl\/kinesiologia-santiago\/noticias\/2025\/12\/04\/estudiantes-de-kinesiologia-udd-participan-en-clase-practica-de-ecografia-musculoesqueletica\/"},"wordCount":400,"image":{"@id":"https:\/\/medicina.udd.cl\/kinesiologia-santiago\/noticias\/2025\/12\/04\/estudiantes-de-kinesiologia-udd-participan-en-clase-practica-de-ecografia-musculoesqueletica\/#primaryimage"},"thumbnailUrl":"https:\/\/medicina.udd.cl\/kinesiologia-santiago\/files\/2025\/12\/kine-clase-ecografia-muscoloesqueletica-3.jpeg","articleSection":["Noticias"],"inLanguage":"es"},{"@type":"WebPage","@id":"https:\/\/medicina.udd.cl\/kinesiologia-santiago\/noticias\/2025\/12\/04\/estudiantes-de-kinesiologia-udd-participan-en-clase-practica-de-ecografia-musculoesqueletica\/","url":"https:\/\/medicina.udd.cl\/kinesiologia-santiago\/noticias\/2025\/12\/04\/estudiantes-de-kinesiologia-udd-participan-en-clase-practica-de-ecografia-musculoesqueletica\/","name":"Estudiantes de Kinesiolog\u00eda UDD participan en clase pr\u00e1ctica de Ecograf\u00eda Musculoesquel\u00e9tica - Kinesiolog\u00eda","isPartOf":{"@id":"https:\/\/medicina.udd.cl\/kinesiologia-santiago\/#website"},"primaryImageOfPage":{"@id":"https:\/\/medicina.udd.cl\/kinesiologia-santiago\/noticias\/2025\/12\/04\/estudiantes-de-kinesiologia-udd-participan-en-clase-practica-de-ecografia-musculoesqueletica\/#primaryimage"},"image":{"@id":"https:\/\/medicina.udd.cl\/kinesiologia-santiago\/noticias\/2025\/12\/04\/estudiantes-de-kinesiologia-udd-participan-en-clase-practica-de-ecografia-musculoesqueletica\/#primaryimage"},"thumbnailUrl":"https:\/\/medicina.udd.cl\/kinesiologia-santiago\/files\/2025\/12\/kine-clase-ecografia-muscoloesqueletica-3.jpeg","datePublished":"2025-12-04T19:04:19+00:00","dateModified":"2025-12-04T19:04:20+00:00","author":{"@id":"https:\/\/medicina.udd.cl\/kinesiologia-santiago\/#\/schema\/person\/dbc3705bf3a93e8be1ba6de0ef950341"},"breadcrumb":{"@id":"https:\/\/medicina.udd.cl\/kinesiologia-santiago\/noticias\/2025\/12\/04\/estudiantes-de-kinesiologia-udd-participan-en-clase-practica-de-ecografia-musculoesqueletica\/#breadcrumb"},"inLanguage":"es","potentialAction":[{"@type":"ReadAction","target":["https:\/\/medicina.udd.cl\/kinesiologia-santiago\/noticias\/2025\/12\/04\/estudiantes-de-kinesiologia-udd-participan-en-clase-practica-de-ecografia-musculoesqueletica\/"]}]},{"@type":"ImageObject","inLanguage":"es","@id":"https:\/\/medicina.udd.cl\/kinesiologia-santiago\/noticias\/2025\/12\/04\/estudiantes-de-kinesiologia-udd-participan-en-clase-practica-de-ecografia-musculoesqueletica\/#primaryimage","url":"https:\/\/medicina.udd.cl\/kinesiologia-santiago\/files\/2025\/12\/kine-clase-ecografia-muscoloesqueletica-3.jpeg","contentUrl":"https:\/\/medicina.udd.cl\/kinesiologia-santiago\/files\/2025\/12\/kine-clase-ecografia-muscoloesqueletica-3.jpeg","width":960,"height":1280},{"@type":"BreadcrumbList","@id":"https:\/\/medicina.udd.cl\/kinesiologia-santiago\/noticias\/2025\/12\/04\/estudiantes-de-kinesiologia-udd-participan-en-clase-practica-de-ecografia-musculoesqueletica\/#breadcrumb","itemListElement":[{"@type":"ListItem","position":1,"name":"Home","item":"https:\/\/medicina.udd.cl\/kinesiologia-santiago\/"},{"@type":"ListItem","position":2,"name":"Estudiantes de Kinesiolog\u00eda UDD participan en clase pr\u00e1ctica de Ecograf\u00eda Musculoesquel\u00e9tica"}]},{"@type":"WebSite","@id":"https:\/\/medicina.udd.cl\/kinesiologia-santiago\/#website","url":"https:\/\/medicina.udd.cl\/kinesiologia-santiago\/","name":"Kinesiolog\u00eda","description":"Facultad de Medicina Cl\u00ednica Alemana Universidad del Desarrollo","inLanguage":"es"},{"@type":"Person","@id":"https:\/\/medicina.udd.cl\/kinesiologia-santiago\/#\/schema\/person\/dbc3705bf3a93e8be1ba6de0ef950341","name":"rbraidy","image":{"@type":"ImageObject","inLanguage":"es","@id":"https:\/\/medicina.udd.cl\/kinesiologia-santiago\/#\/schema\/person\/image\/","url":"https:\/\/secure.gravatar.com\/avatar\/0f8bc94637401590e45d2ce17eb65c274cb8870a219de6177f3f23e63fd8cdf3?s=96&d=mm&r=g","contentUrl":"https:\/\/secure.gravatar.com\/avatar\/0f8bc94637401590e45d2ce17eb65c274cb8870a219de6177f3f23e63fd8cdf3?s=96&d=mm&r=g","caption":"rbraidy"},"url":"https:\/\/medicina.udd.cl\/kinesiologia-santiago\/noticias\/author\/rbraidy\/"}]}},"featured_image_url":"https:\/\/medicina.udd.cl\/kinesiologia-santiago\/files\/2025\/12\/kine-clase-ecografia-muscoloesqueletica-3.jpeg","_links":{"self":[{"href":"https:\/\/medicina.udd.cl\/kinesiologia-santiago\/wp-json\/wp\/v2\/posts\/7357","targetHints":{"allow":["GET"]}}],"collection":[{"href":"https:\/\/medicina.udd.cl\/kinesiologia-santiago\/wp-json\/wp\/v2\/posts"}],"about":[{"href":"https:\/\/medicina.udd.cl\/kinesiologia-santiago\/wp-json\/wp\/v2\/types\/post"}],"author":[{"embeddable":true,"href":"https:\/\/medicina.udd.cl\/kinesiologia-santiago\/wp-json\/wp\/v2\/users\/9192219"}],"replies":[{"embeddable":true,"href":"https:\/\/medicina.udd.cl\/kinesiologia-santiago\/wp-json\/wp\/v2\/comments?post=7357"}],"version-history":[{"count":1,"href":"https:\/\/medicina.udd.cl\/kinesiologia-santiago\/wp-json\/wp\/v2\/posts\/7357\/revisions"}],"predecessor-version":[{"id":7358,"href":"https:\/\/medicina.udd.cl\/kinesiologia-santiago\/wp-json\/wp\/v2\/posts\/7357\/revisions\/7358"}],"wp:featuredmedia":[{"embeddable":true,"href":"https:\/\/medicina.udd.cl\/kinesiologia-santiago\/wp-json\/wp\/v2\/media\/7355"}],"wp:attachment":[{"href":"https:\/\/medicina.udd.cl\/kinesiologia-santiago\/wp-json\/wp\/v2\/media?parent=7357"}],"wp:term":[{"taxonomy":"category","embeddable":true,"href":"https:\/\/medicina.udd.cl\/kinesiologia-santiago\/wp-json\/wp\/v2\/categories?post=7357"},{"taxonomy":"post_tag","embeddable":true,"href":"https:\/\/medicina.udd.cl\/kinesiologia-santiago\/wp-json\/wp\/v2\/tags?post=7357"}],"curies":[{"name":"wp","href":"https:\/\/api.w.org\/{rel}","templated":true}]}}