{"id":7359,"date":"2025-12-09T14:24:18","date_gmt":"2025-12-09T17:24:18","guid":{"rendered":"https:\/\/medicina.udd.cl\/kinesiologia-santiago\/?p=7359"},"modified":"2025-12-09T14:24:19","modified_gmt":"2025-12-09T17:24:19","slug":"mas-de-120-profesionales-participan-en-las-xi-jornadas-de-formacion-de-unidades-de-dolor","status":"publish","type":"post","link":"https:\/\/medicina.udd.cl\/kinesiologia-santiago\/noticias\/2025\/12\/09\/mas-de-120-profesionales-participan-en-las-xi-jornadas-de-formacion-de-unidades-de-dolor\/","title":{"rendered":"M\u00e1s de 120 profesionales participan en las XI Jornadas de Formaci\u00f3n de Unidades de Dolor"},"content":{"rendered":"\n<figure class=\"wp-block-gallery has-nested-images columns-default is-cropped wp-block-gallery-1 is-layout-flex wp-block-gallery-is-layout-flex\">\n<figure class=\"wp-block-image size-large\"><a href=\"https:\/\/medicina.udd.cl\/kinesiologia-santiago\/files\/2025\/12\/0f149de3-d92a-456d-a1f2-67d63249e02b.jpg\"><img loading=\"lazy\" decoding=\"async\" width=\"1024\" height=\"768\" data-id=\"7360\" src=\"https:\/\/medicina.udd.cl\/kinesiologia-santiago\/files\/2025\/12\/0f149de3-d92a-456d-a1f2-67d63249e02b-1024x768.jpg\" alt=\"\" class=\"wp-image-7360\" srcset=\"https:\/\/medicina.udd.cl\/kinesiologia-santiago\/files\/2025\/12\/0f149de3-d92a-456d-a1f2-67d63249e02b-1024x768.jpg 1024w, https:\/\/medicina.udd.cl\/kinesiologia-santiago\/files\/2025\/12\/0f149de3-d92a-456d-a1f2-67d63249e02b-300x225.jpg 300w, https:\/\/medicina.udd.cl\/kinesiologia-santiago\/files\/2025\/12\/0f149de3-d92a-456d-a1f2-67d63249e02b-768x576.jpg 768w, https:\/\/medicina.udd.cl\/kinesiologia-santiago\/files\/2025\/12\/0f149de3-d92a-456d-a1f2-67d63249e02b.jpg 1280w\" sizes=\"auto, (max-width: 1024px) 100vw, 1024px\" \/><\/a><\/figure>\n<\/figure>\n\n\n\n<p>La Asociaci\u00f3n Chilena para el Estudio del Dolor y Cuidados Paliativos (ACHED-CP), junto al Departamento de Desarrollo Acad\u00e9mico e Investigaci\u00f3n de Cl\u00ednica Alemana de Santiago, realiz\u00f3 el pasado viernes 5 de diciembre las&nbsp;<strong>XI Jornadas de Formaci\u00f3n de Unidades de Dolor<\/strong>, un encuentro que reuni\u00f3 a profesionales de diversas disciplinas para actualizar conocimientos, compartir experiencias y fortalecer el desarrollo de unidades de dolor cr\u00f3nico en Chile.<\/p>\n\n\n\n<p>La actividad, realizada en el&nbsp;<strong>Aula Magna de Cl\u00ednica Alemana<\/strong>, convoc\u00f3 a m\u00e9dicos, kinesi\u00f3logos, psic\u00f3logos, qu\u00edmicos farmac\u00e9uticos, nutricionistas, trabajadores sociales y otros profesionales vinculados al manejo del dolor persistente.<\/p>\n\n\n\n<p>Como directores de las Jornadas, la&nbsp;<strong>Klga. Mar\u00eda Jes\u00fas Mena<\/strong>&nbsp;(acad\u00e9mica de la carrera de Kinesiolog\u00eda UDD), junto a los m\u00e9dicos de Cl\u00ednica Alemana&nbsp;<strong>Dra. Delia Ruiz<\/strong>&nbsp;(Fisiatra) y&nbsp;<strong>Dr. David Soto<\/strong>&nbsp;(Anestesi\u00f3logo), velaron por el dise\u00f1o y prop\u00f3sito del encuentro:&nbsp;<strong>promover el desarrollo, fortalecimiento y sostenibilidad de las unidades de dolor cr\u00f3nico en Chile<\/strong>, entregando herramientas pr\u00e1cticas, experiencias locales y modelos de gesti\u00f3n que faciliten un abordaje interdisciplinario, seguro, basado en evidencia y centrado en la persona con dolor persistente.<\/p>\n\n\n\n<p>La jornada fue inaugurada por la&nbsp;<strong>Dra. Delia Ruiz<\/strong>, presidenta de ACHED-CP, quien destac\u00f3 el car\u00e1cter interdisciplinario del encuentro y la necesidad de avanzar hacia modelos de atenci\u00f3n integrados, seguros y basados en evidencia.<\/p>\n\n\n\n<p>El&nbsp;<strong>primer m\u00f3dulo<\/strong>, conducido por el&nbsp;<strong>Dr. David Soto Betancur<\/strong>, vicepresidente de ACHED-CP, abord\u00f3 elementos esenciales para la creaci\u00f3n y consolidaci\u00f3n de unidades de dolor. La&nbsp;<strong>charla magistral<\/strong>&nbsp;estuvo a cargo de la&nbsp;<strong>Dra. Mar\u00eda Lorena Oyanedel<\/strong>, quien revis\u00f3 la evoluci\u00f3n hist\u00f3rica y los aprendizajes acumulados desde la primera jornada de formaci\u00f3n hasta la actualidad. Posteriormente, se desarrollaron presentaciones sobre ciencias de la implementaci\u00f3n, arsenal farmacol\u00f3gico, prestaciones intervencionales, medicina integrativa y una perspectiva psicosocial del dolor.<\/p>\n\n\n\n<p>El&nbsp;<strong>segundo m\u00f3dulo<\/strong>, guiado por la&nbsp;<strong>Klga. Mar\u00eda Jes\u00fas Mena<\/strong>, directora de ACHED-CP, se centr\u00f3 en la gesti\u00f3n, la sostenibilidad y la optimizaci\u00f3n de unidades de dolor ya establecidas, y present\u00f3 la experiencia de dise\u00f1o e implementaci\u00f3n del Programa ADOMc (Atenci\u00f3n en dolor m\u00fasculo-esquel\u00e9tico cr\u00f3nico) de Cl\u00ednica UDD en La Florida.&nbsp;Se abordaron temas prioritarios para la pr\u00e1ctica cl\u00ednica contempor\u00e1nea, como la prescripci\u00f3n segura de opioides, salud basada en valor, eficiencia operativa, acceso a procedimientos de alto costo y oportunidades de investigaci\u00f3n y docencia. Este bloque culmin\u00f3 con la destacada conferencia de la&nbsp;<strong>Dra. Margarita Calvo, Mg., PhD<\/strong>, Directora del N\u00facleo Milenio MiNuSPain y referente nacional e internacional en investigaci\u00f3n del dolor.<\/p>\n\n\n\n<p>La jornada cont\u00f3 con&nbsp;<strong>m\u00e1s de 120 asistentes<\/strong>, quienes profundizaron en los desaf\u00edos actuales, compartieron experiencias institucionales y proyectaron estrategias para mejorar los modelos de atenci\u00f3n del dolor persistente en el pa\u00eds.<\/p>\n\n\n\n<p>Desde ACHED-CP se destac\u00f3 la importancia de estas instancias para&nbsp;<strong>fomentar la colaboraci\u00f3n interinstitucional<\/strong>&nbsp;y promover el desarrollo de unidades de dolor que respondan a las necesidades reales de la poblaci\u00f3n. La asociaci\u00f3n reafirm\u00f3 su compromiso con la formaci\u00f3n continua y el fortalecimiento del abordaje interdisciplinario del dolor, invitando a seguir construyendo proyectos conjuntos que impulsen avances en pol\u00edticas, educaci\u00f3n e investigaci\u00f3n en esta materia.<\/p>\n\n\n\n<figure class=\"wp-block-gallery has-nested-images columns-default is-cropped wp-block-gallery-2 is-layout-flex wp-block-gallery-is-layout-flex\">\n<figure class=\"wp-block-image size-large\"><a href=\"https:\/\/medicina.udd.cl\/kinesiologia-santiago\/files\/2025\/12\/648a2754-aef7-421b-a2cd-2f5d26f5c8da.jpg\"><img loading=\"lazy\" decoding=\"async\" width=\"768\" height=\"1024\" data-id=\"7361\" src=\"https:\/\/medicina.udd.cl\/kinesiologia-santiago\/files\/2025\/12\/648a2754-aef7-421b-a2cd-2f5d26f5c8da-768x1024.jpg\" alt=\"\" class=\"wp-image-7361\" srcset=\"https:\/\/medicina.udd.cl\/kinesiologia-santiago\/files\/2025\/12\/648a2754-aef7-421b-a2cd-2f5d26f5c8da-768x1024.jpg 768w, https:\/\/medicina.udd.cl\/kinesiologia-santiago\/files\/2025\/12\/648a2754-aef7-421b-a2cd-2f5d26f5c8da-225x300.jpg 225w, https:\/\/medicina.udd.cl\/kinesiologia-santiago\/files\/2025\/12\/648a2754-aef7-421b-a2cd-2f5d26f5c8da.jpg 960w\" sizes=\"auto, (max-width: 768px) 100vw, 768px\" \/><\/a><figcaption class=\"wp-element-caption\">Dr David Soto, Klga. Mar\u00eda Jes\u00fas Mena, Dra Delia Ruiz\u00a0<\/figcaption><\/figure>\n\n\n\n<figure class=\"wp-block-image size-large\"><a href=\"https:\/\/medicina.udd.cl\/kinesiologia-santiago\/files\/2025\/12\/img_9513-scaled.jpg\"><img loading=\"lazy\" decoding=\"async\" width=\"768\" height=\"1024\" data-id=\"7362\" src=\"https:\/\/medicina.udd.cl\/kinesiologia-santiago\/files\/2025\/12\/img_9513-768x1024.jpg\" alt=\"\" class=\"wp-image-7362\" srcset=\"https:\/\/medicina.udd.cl\/kinesiologia-santiago\/files\/2025\/12\/img_9513-768x1024.jpg 768w, https:\/\/medicina.udd.cl\/kinesiologia-santiago\/files\/2025\/12\/img_9513-225x300.jpg 225w, https:\/\/medicina.udd.cl\/kinesiologia-santiago\/files\/2025\/12\/img_9513-1152x1536.jpg 1152w, https:\/\/medicina.udd.cl\/kinesiologia-santiago\/files\/2025\/12\/img_9513-1536x2048.jpg 1536w, https:\/\/medicina.udd.cl\/kinesiologia-santiago\/files\/2025\/12\/img_9513-scaled.jpg 1920w\" sizes=\"auto, (max-width: 768px) 100vw, 768px\" \/><\/a><figcaption class=\"wp-element-caption\">Mar\u00eda Jes\u00fas Mena junto a kines\u00f3logos del Servicio de Medicina F\u00edsica y Rehabilitaci\u00f3n Cl\u00ednica Alemana de Santiago Josefina Martin, Catalina Vida y Pedro Salgado<\/figcaption><\/figure>\n\n\n\n<figure class=\"wp-block-image size-large\"><a href=\"https:\/\/medicina.udd.cl\/kinesiologia-santiago\/files\/2025\/12\/img_9528-scaled.jpg\"><img loading=\"lazy\" decoding=\"async\" width=\"1024\" height=\"768\" data-id=\"7363\" src=\"https:\/\/medicina.udd.cl\/kinesiologia-santiago\/files\/2025\/12\/img_9528-1024x768.jpg\" alt=\"\" class=\"wp-image-7363\" srcset=\"https:\/\/medicina.udd.cl\/kinesiologia-santiago\/files\/2025\/12\/img_9528-1024x768.jpg 1024w, https:\/\/medicina.udd.cl\/kinesiologia-santiago\/files\/2025\/12\/img_9528-300x225.jpg 300w, https:\/\/medicina.udd.cl\/kinesiologia-santiago\/files\/2025\/12\/img_9528-768x576.jpg 768w, https:\/\/medicina.udd.cl\/kinesiologia-santiago\/files\/2025\/12\/img_9528-1536x1152.jpg 1536w, https:\/\/medicina.udd.cl\/kinesiologia-santiago\/files\/2025\/12\/img_9528-2048x1536.jpg 2048w\" sizes=\"auto, (max-width: 1024px) 100vw, 1024px\" \/><\/a><\/figure>\n<\/figure>\n","protected":false},"excerpt":{"rendered":"<p>La Asociaci\u00f3n Chilena para el Estudio del Dolor y Cuidados Paliativos (ACHED-CP), junto al Departamento de Desarrollo Acad\u00e9mico e Investigaci\u00f3n de Cl\u00ednica Alemana de Santiago, realiz\u00f3 el pasado viernes 5 de diciembre las&nbsp;XI Jornadas de Formaci\u00f3n de Unidades de Dolor, un encuentro que reuni\u00f3 a profesionales de diversas disciplinas para actualizar conocimientos, compartir experiencias y [&hellip;]<\/p>\n","protected":false},"author":9192254,"featured_media":7360,"comment_status":"closed","ping_status":"open","sticky":false,"template":"","format":"standard","meta":{"footnotes":""},"categories":[4],"tags":[],"class_list":["post-7359","post","type-post","status-publish","format-standard","has-post-thumbnail","hentry","category-noticias"],"yoast_head":"<!-- This site is optimized with the Yoast SEO plugin v26.9 - https:\/\/yoast.com\/product\/yoast-seo-wordpress\/ -->\n<title>M\u00e1s de 120 profesionales participan en las XI Jornadas de Formaci\u00f3n de Unidades de Dolor - Kinesiolog\u00eda<\/title>\n<meta name=\"robots\" content=\"index, follow, max-snippet:-1, max-image-preview:large, max-video-preview:-1\" \/>\n<link rel=\"canonical\" href=\"https:\/\/medicina.udd.cl\/kinesiologia-santiago\/noticias\/2025\/12\/09\/mas-de-120-profesionales-participan-en-las-xi-jornadas-de-formacion-de-unidades-de-dolor\/\" \/>\n<meta property=\"og:locale\" content=\"es_ES\" \/>\n<meta property=\"og:type\" content=\"article\" \/>\n<meta property=\"og:title\" content=\"M\u00e1s de 120 profesionales participan en las XI Jornadas de Formaci\u00f3n de Unidades de Dolor - Kinesiolog\u00eda\" \/>\n<meta property=\"og:description\" content=\"La Asociaci\u00f3n Chilena para el Estudio del Dolor y Cuidados Paliativos (ACHED-CP), junto al Departamento de Desarrollo Acad\u00e9mico e Investigaci\u00f3n de Cl\u00ednica Alemana de Santiago, realiz\u00f3 el pasado viernes 5 de diciembre las&nbsp;XI Jornadas de Formaci\u00f3n de Unidades de Dolor, un encuentro que reuni\u00f3 a profesionales de diversas disciplinas para actualizar conocimientos, compartir experiencias y [&hellip;]\" \/>\n<meta property=\"og:url\" content=\"https:\/\/medicina.udd.cl\/kinesiologia-santiago\/noticias\/2025\/12\/09\/mas-de-120-profesionales-participan-en-las-xi-jornadas-de-formacion-de-unidades-de-dolor\/\" \/>\n<meta property=\"og:site_name\" content=\"Kinesiolog\u00eda\" \/>\n<meta property=\"article:published_time\" content=\"2025-12-09T17:24:18+00:00\" \/>\n<meta property=\"article:modified_time\" content=\"2025-12-09T17:24:19+00:00\" \/>\n<meta property=\"og:image\" content=\"https:\/\/medicina.udd.cl\/kinesiologia-santiago\/files\/2025\/12\/0f149de3-d92a-456d-a1f2-67d63249e02b.jpg\" \/>\n\t<meta property=\"og:image:width\" content=\"1280\" \/>\n\t<meta property=\"og:image:height\" content=\"960\" \/>\n\t<meta property=\"og:image:type\" content=\"image\/jpeg\" \/>\n<meta name=\"author\" content=\"magdalenaestay\" \/>\n<meta name=\"twitter:label1\" content=\"Escrito por\" \/>\n\t<meta name=\"twitter:data1\" content=\"magdalenaestay\" \/>\n\t<meta name=\"twitter:label2\" content=\"Tiempo de lectura\" \/>\n\t<meta name=\"twitter:data2\" content=\"4 minutos\" \/>\n<script type=\"application\/ld+json\" class=\"yoast-schema-graph\">{\"@context\":\"https:\/\/schema.org\",\"@graph\":[{\"@type\":\"Article\",\"@id\":\"https:\/\/medicina.udd.cl\/kinesiologia-santiago\/noticias\/2025\/12\/09\/mas-de-120-profesionales-participan-en-las-xi-jornadas-de-formacion-de-unidades-de-dolor\/#article\",\"isPartOf\":{\"@id\":\"https:\/\/medicina.udd.cl\/kinesiologia-santiago\/noticias\/2025\/12\/09\/mas-de-120-profesionales-participan-en-las-xi-jornadas-de-formacion-de-unidades-de-dolor\/\"},\"author\":{\"name\":\"magdalenaestay\",\"@id\":\"https:\/\/medicina.udd.cl\/kinesiologia-santiago\/#\/schema\/person\/ed6f79d59c0f820f128a5bb9801ef1f2\"},\"headline\":\"M\u00e1s de 120 profesionales participan en las XI Jornadas de Formaci\u00f3n de Unidades de Dolor\",\"datePublished\":\"2025-12-09T17:24:18+00:00\",\"dateModified\":\"2025-12-09T17:24:19+00:00\",\"mainEntityOfPage\":{\"@id\":\"https:\/\/medicina.udd.cl\/kinesiologia-santiago\/noticias\/2025\/12\/09\/mas-de-120-profesionales-participan-en-las-xi-jornadas-de-formacion-de-unidades-de-dolor\/\"},\"wordCount\":638,\"image\":{\"@id\":\"https:\/\/medicina.udd.cl\/kinesiologia-santiago\/noticias\/2025\/12\/09\/mas-de-120-profesionales-participan-en-las-xi-jornadas-de-formacion-de-unidades-de-dolor\/#primaryimage\"},\"thumbnailUrl\":\"https:\/\/medicina.udd.cl\/kinesiologia-santiago\/files\/2025\/12\/0f149de3-d92a-456d-a1f2-67d63249e02b.jpg\",\"articleSection\":[\"Noticias\"],\"inLanguage\":\"es\"},{\"@type\":\"WebPage\",\"@id\":\"https:\/\/medicina.udd.cl\/kinesiologia-santiago\/noticias\/2025\/12\/09\/mas-de-120-profesionales-participan-en-las-xi-jornadas-de-formacion-de-unidades-de-dolor\/\",\"url\":\"https:\/\/medicina.udd.cl\/kinesiologia-santiago\/noticias\/2025\/12\/09\/mas-de-120-profesionales-participan-en-las-xi-jornadas-de-formacion-de-unidades-de-dolor\/\",\"name\":\"M\u00e1s de 120 profesionales participan en las XI Jornadas de Formaci\u00f3n de Unidades de Dolor - Kinesiolog\u00eda\",\"isPartOf\":{\"@id\":\"https:\/\/medicina.udd.cl\/kinesiologia-santiago\/#website\"},\"primaryImageOfPage\":{\"@id\":\"https:\/\/medicina.udd.cl\/kinesiologia-santiago\/noticias\/2025\/12\/09\/mas-de-120-profesionales-participan-en-las-xi-jornadas-de-formacion-de-unidades-de-dolor\/#primaryimage\"},\"image\":{\"@id\":\"https:\/\/medicina.udd.cl\/kinesiologia-santiago\/noticias\/2025\/12\/09\/mas-de-120-profesionales-participan-en-las-xi-jornadas-de-formacion-de-unidades-de-dolor\/#primaryimage\"},\"thumbnailUrl\":\"https:\/\/medicina.udd.cl\/kinesiologia-santiago\/files\/2025\/12\/0f149de3-d92a-456d-a1f2-67d63249e02b.jpg\",\"datePublished\":\"2025-12-09T17:24:18+00:00\",\"dateModified\":\"2025-12-09T17:24:19+00:00\",\"author\":{\"@id\":\"https:\/\/medicina.udd.cl\/kinesiologia-santiago\/#\/schema\/person\/ed6f79d59c0f820f128a5bb9801ef1f2\"},\"breadcrumb\":{\"@id\":\"https:\/\/medicina.udd.cl\/kinesiologia-santiago\/noticias\/2025\/12\/09\/mas-de-120-profesionales-participan-en-las-xi-jornadas-de-formacion-de-unidades-de-dolor\/#breadcrumb\"},\"inLanguage\":\"es\",\"potentialAction\":[{\"@type\":\"ReadAction\",\"target\":[\"https:\/\/medicina.udd.cl\/kinesiologia-santiago\/noticias\/2025\/12\/09\/mas-de-120-profesionales-participan-en-las-xi-jornadas-de-formacion-de-unidades-de-dolor\/\"]}]},{\"@type\":\"ImageObject\",\"inLanguage\":\"es\",\"@id\":\"https:\/\/medicina.udd.cl\/kinesiologia-santiago\/noticias\/2025\/12\/09\/mas-de-120-profesionales-participan-en-las-xi-jornadas-de-formacion-de-unidades-de-dolor\/#primaryimage\",\"url\":\"https:\/\/medicina.udd.cl\/kinesiologia-santiago\/files\/2025\/12\/0f149de3-d92a-456d-a1f2-67d63249e02b.jpg\",\"contentUrl\":\"https:\/\/medicina.udd.cl\/kinesiologia-santiago\/files\/2025\/12\/0f149de3-d92a-456d-a1f2-67d63249e02b.jpg\",\"width\":1280,\"height\":960},{\"@type\":\"BreadcrumbList\",\"@id\":\"https:\/\/medicina.udd.cl\/kinesiologia-santiago\/noticias\/2025\/12\/09\/mas-de-120-profesionales-participan-en-las-xi-jornadas-de-formacion-de-unidades-de-dolor\/#breadcrumb\",\"itemListElement\":[{\"@type\":\"ListItem\",\"position\":1,\"name\":\"Home\",\"item\":\"https:\/\/medicina.udd.cl\/kinesiologia-santiago\/\"},{\"@type\":\"ListItem\",\"position\":2,\"name\":\"M\u00e1s de 120 profesionales participan en las XI Jornadas de Formaci\u00f3n de Unidades de Dolor\"}]},{\"@type\":\"WebSite\",\"@id\":\"https:\/\/medicina.udd.cl\/kinesiologia-santiago\/#website\",\"url\":\"https:\/\/medicina.udd.cl\/kinesiologia-santiago\/\",\"name\":\"Kinesiolog\u00eda\",\"description\":\"Facultad de Medicina Cl\u00ednica Alemana Universidad del Desarrollo\",\"inLanguage\":\"es\"},{\"@type\":\"Person\",\"@id\":\"https:\/\/medicina.udd.cl\/kinesiologia-santiago\/#\/schema\/person\/ed6f79d59c0f820f128a5bb9801ef1f2\",\"name\":\"magdalenaestay\",\"image\":{\"@type\":\"ImageObject\",\"inLanguage\":\"es\",\"@id\":\"https:\/\/medicina.udd.cl\/kinesiologia-santiago\/#\/schema\/person\/image\/\",\"url\":\"https:\/\/secure.gravatar.com\/avatar\/b068ccaa115501438dab22979d0ff56e6306c4f89777269db483369ec65d8dc1?s=96&d=mm&r=g\",\"contentUrl\":\"https:\/\/secure.gravatar.com\/avatar\/b068ccaa115501438dab22979d0ff56e6306c4f89777269db483369ec65d8dc1?s=96&d=mm&r=g\",\"caption\":\"magdalenaestay\"},\"url\":\"https:\/\/medicina.udd.cl\/kinesiologia-santiago\/noticias\/author\/magdalenaestay\/\"}]}<\/script>\n<!-- \/ Yoast SEO plugin. -->","yoast_head_json":{"title":"M\u00e1s de 120 profesionales participan en las XI Jornadas de Formaci\u00f3n de Unidades de Dolor - Kinesiolog\u00eda","robots":{"index":"index","follow":"follow","max-snippet":"max-snippet:-1","max-image-preview":"max-image-preview:large","max-video-preview":"max-video-preview:-1"},"canonical":"https:\/\/medicina.udd.cl\/kinesiologia-santiago\/noticias\/2025\/12\/09\/mas-de-120-profesionales-participan-en-las-xi-jornadas-de-formacion-de-unidades-de-dolor\/","og_locale":"es_ES","og_type":"article","og_title":"M\u00e1s de 120 profesionales participan en las XI Jornadas de Formaci\u00f3n de Unidades de Dolor - Kinesiolog\u00eda","og_description":"La Asociaci\u00f3n Chilena para el Estudio del Dolor y Cuidados Paliativos (ACHED-CP), junto al Departamento de Desarrollo Acad\u00e9mico e Investigaci\u00f3n de Cl\u00ednica Alemana de Santiago, realiz\u00f3 el pasado viernes 5 de diciembre las&nbsp;XI Jornadas de Formaci\u00f3n de Unidades de Dolor, un encuentro que reuni\u00f3 a profesionales de diversas disciplinas para actualizar conocimientos, compartir experiencias y [&hellip;]","og_url":"https:\/\/medicina.udd.cl\/kinesiologia-santiago\/noticias\/2025\/12\/09\/mas-de-120-profesionales-participan-en-las-xi-jornadas-de-formacion-de-unidades-de-dolor\/","og_site_name":"Kinesiolog\u00eda","article_published_time":"2025-12-09T17:24:18+00:00","article_modified_time":"2025-12-09T17:24:19+00:00","og_image":[{"width":1280,"height":960,"url":"https:\/\/medicina.udd.cl\/kinesiologia-santiago\/files\/2025\/12\/0f149de3-d92a-456d-a1f2-67d63249e02b.jpg","type":"image\/jpeg"}],"author":"magdalenaestay","twitter_misc":{"Escrito por":"magdalenaestay","Tiempo de lectura":"4 minutos"},"schema":{"@context":"https:\/\/schema.org","@graph":[{"@type":"Article","@id":"https:\/\/medicina.udd.cl\/kinesiologia-santiago\/noticias\/2025\/12\/09\/mas-de-120-profesionales-participan-en-las-xi-jornadas-de-formacion-de-unidades-de-dolor\/#article","isPartOf":{"@id":"https:\/\/medicina.udd.cl\/kinesiologia-santiago\/noticias\/2025\/12\/09\/mas-de-120-profesionales-participan-en-las-xi-jornadas-de-formacion-de-unidades-de-dolor\/"},"author":{"name":"magdalenaestay","@id":"https:\/\/medicina.udd.cl\/kinesiologia-santiago\/#\/schema\/person\/ed6f79d59c0f820f128a5bb9801ef1f2"},"headline":"M\u00e1s de 120 profesionales participan en las XI Jornadas de Formaci\u00f3n de Unidades de Dolor","datePublished":"2025-12-09T17:24:18+00:00","dateModified":"2025-12-09T17:24:19+00:00","mainEntityOfPage":{"@id":"https:\/\/medicina.udd.cl\/kinesiologia-santiago\/noticias\/2025\/12\/09\/mas-de-120-profesionales-participan-en-las-xi-jornadas-de-formacion-de-unidades-de-dolor\/"},"wordCount":638,"image":{"@id":"https:\/\/medicina.udd.cl\/kinesiologia-santiago\/noticias\/2025\/12\/09\/mas-de-120-profesionales-participan-en-las-xi-jornadas-de-formacion-de-unidades-de-dolor\/#primaryimage"},"thumbnailUrl":"https:\/\/medicina.udd.cl\/kinesiologia-santiago\/files\/2025\/12\/0f149de3-d92a-456d-a1f2-67d63249e02b.jpg","articleSection":["Noticias"],"inLanguage":"es"},{"@type":"WebPage","@id":"https:\/\/medicina.udd.cl\/kinesiologia-santiago\/noticias\/2025\/12\/09\/mas-de-120-profesionales-participan-en-las-xi-jornadas-de-formacion-de-unidades-de-dolor\/","url":"https:\/\/medicina.udd.cl\/kinesiologia-santiago\/noticias\/2025\/12\/09\/mas-de-120-profesionales-participan-en-las-xi-jornadas-de-formacion-de-unidades-de-dolor\/","name":"M\u00e1s de 120 profesionales participan en las XI Jornadas de Formaci\u00f3n de Unidades de Dolor - Kinesiolog\u00eda","isPartOf":{"@id":"https:\/\/medicina.udd.cl\/kinesiologia-santiago\/#website"},"primaryImageOfPage":{"@id":"https:\/\/medicina.udd.cl\/kinesiologia-santiago\/noticias\/2025\/12\/09\/mas-de-120-profesionales-participan-en-las-xi-jornadas-de-formacion-de-unidades-de-dolor\/#primaryimage"},"image":{"@id":"https:\/\/medicina.udd.cl\/kinesiologia-santiago\/noticias\/2025\/12\/09\/mas-de-120-profesionales-participan-en-las-xi-jornadas-de-formacion-de-unidades-de-dolor\/#primaryimage"},"thumbnailUrl":"https:\/\/medicina.udd.cl\/kinesiologia-santiago\/files\/2025\/12\/0f149de3-d92a-456d-a1f2-67d63249e02b.jpg","datePublished":"2025-12-09T17:24:18+00:00","dateModified":"2025-12-09T17:24:19+00:00","author":{"@id":"https:\/\/medicina.udd.cl\/kinesiologia-santiago\/#\/schema\/person\/ed6f79d59c0f820f128a5bb9801ef1f2"},"breadcrumb":{"@id":"https:\/\/medicina.udd.cl\/kinesiologia-santiago\/noticias\/2025\/12\/09\/mas-de-120-profesionales-participan-en-las-xi-jornadas-de-formacion-de-unidades-de-dolor\/#breadcrumb"},"inLanguage":"es","potentialAction":[{"@type":"ReadAction","target":["https:\/\/medicina.udd.cl\/kinesiologia-santiago\/noticias\/2025\/12\/09\/mas-de-120-profesionales-participan-en-las-xi-jornadas-de-formacion-de-unidades-de-dolor\/"]}]},{"@type":"ImageObject","inLanguage":"es","@id":"https:\/\/medicina.udd.cl\/kinesiologia-santiago\/noticias\/2025\/12\/09\/mas-de-120-profesionales-participan-en-las-xi-jornadas-de-formacion-de-unidades-de-dolor\/#primaryimage","url":"https:\/\/medicina.udd.cl\/kinesiologia-santiago\/files\/2025\/12\/0f149de3-d92a-456d-a1f2-67d63249e02b.jpg","contentUrl":"https:\/\/medicina.udd.cl\/kinesiologia-santiago\/files\/2025\/12\/0f149de3-d92a-456d-a1f2-67d63249e02b.jpg","width":1280,"height":960},{"@type":"BreadcrumbList","@id":"https:\/\/medicina.udd.cl\/kinesiologia-santiago\/noticias\/2025\/12\/09\/mas-de-120-profesionales-participan-en-las-xi-jornadas-de-formacion-de-unidades-de-dolor\/#breadcrumb","itemListElement":[{"@type":"ListItem","position":1,"name":"Home","item":"https:\/\/medicina.udd.cl\/kinesiologia-santiago\/"},{"@type":"ListItem","position":2,"name":"M\u00e1s de 120 profesionales participan en las XI Jornadas de Formaci\u00f3n de Unidades de Dolor"}]},{"@type":"WebSite","@id":"https:\/\/medicina.udd.cl\/kinesiologia-santiago\/#website","url":"https:\/\/medicina.udd.cl\/kinesiologia-santiago\/","name":"Kinesiolog\u00eda","description":"Facultad de Medicina Cl\u00ednica Alemana Universidad del Desarrollo","inLanguage":"es"},{"@type":"Person","@id":"https:\/\/medicina.udd.cl\/kinesiologia-santiago\/#\/schema\/person\/ed6f79d59c0f820f128a5bb9801ef1f2","name":"magdalenaestay","image":{"@type":"ImageObject","inLanguage":"es","@id":"https:\/\/medicina.udd.cl\/kinesiologia-santiago\/#\/schema\/person\/image\/","url":"https:\/\/secure.gravatar.com\/avatar\/b068ccaa115501438dab22979d0ff56e6306c4f89777269db483369ec65d8dc1?s=96&d=mm&r=g","contentUrl":"https:\/\/secure.gravatar.com\/avatar\/b068ccaa115501438dab22979d0ff56e6306c4f89777269db483369ec65d8dc1?s=96&d=mm&r=g","caption":"magdalenaestay"},"url":"https:\/\/medicina.udd.cl\/kinesiologia-santiago\/noticias\/author\/magdalenaestay\/"}]}},"featured_image_url":"https:\/\/medicina.udd.cl\/kinesiologia-santiago\/files\/2025\/12\/0f149de3-d92a-456d-a1f2-67d63249e02b.jpg","_links":{"self":[{"href":"https:\/\/medicina.udd.cl\/kinesiologia-santiago\/wp-json\/wp\/v2\/posts\/7359","targetHints":{"allow":["GET"]}}],"collection":[{"href":"https:\/\/medicina.udd.cl\/kinesiologia-santiago\/wp-json\/wp\/v2\/posts"}],"about":[{"href":"https:\/\/medicina.udd.cl\/kinesiologia-santiago\/wp-json\/wp\/v2\/types\/post"}],"author":[{"embeddable":true,"href":"https:\/\/medicina.udd.cl\/kinesiologia-santiago\/wp-json\/wp\/v2\/users\/9192254"}],"replies":[{"embeddable":true,"href":"https:\/\/medicina.udd.cl\/kinesiologia-santiago\/wp-json\/wp\/v2\/comments?post=7359"}],"version-history":[{"count":1,"href":"https:\/\/medicina.udd.cl\/kinesiologia-santiago\/wp-json\/wp\/v2\/posts\/7359\/revisions"}],"predecessor-version":[{"id":7364,"href":"https:\/\/medicina.udd.cl\/kinesiologia-santiago\/wp-json\/wp\/v2\/posts\/7359\/revisions\/7364"}],"wp:featuredmedia":[{"embeddable":true,"href":"https:\/\/medicina.udd.cl\/kinesiologia-santiago\/wp-json\/wp\/v2\/media\/7360"}],"wp:attachment":[{"href":"https:\/\/medicina.udd.cl\/kinesiologia-santiago\/wp-json\/wp\/v2\/media?parent=7359"}],"wp:term":[{"taxonomy":"category","embeddable":true,"href":"https:\/\/medicina.udd.cl\/kinesiologia-santiago\/wp-json\/wp\/v2\/categories?post=7359"},{"taxonomy":"post_tag","embeddable":true,"href":"https:\/\/medicina.udd.cl\/kinesiologia-santiago\/wp-json\/wp\/v2\/tags?post=7359"}],"curies":[{"name":"wp","href":"https:\/\/api.w.org\/{rel}","templated":true}]}}