{"id":7392,"date":"2025-12-18T12:49:40","date_gmt":"2025-12-18T15:49:40","guid":{"rendered":"https:\/\/medicina.udd.cl\/kinesiologia-santiago\/?p=7392"},"modified":"2025-12-18T12:49:42","modified_gmt":"2025-12-18T15:49:42","slug":"estudiantes-de-kinesiologia-udd-realizan-visita-tecnico-formativa-al-instituto-teleton","status":"publish","type":"post","link":"https:\/\/medicina.udd.cl\/kinesiologia-santiago\/noticias\/2025\/12\/18\/estudiantes-de-kinesiologia-udd-realizan-visita-tecnico-formativa-al-instituto-teleton\/","title":{"rendered":"Estudiantes de Kinesiolog\u00eda UDD realizan visita t\u00e9cnico-formativa al Instituto Telet\u00f3n"},"content":{"rendered":"\n<figure class=\"wp-block-gallery has-nested-images columns-default is-cropped wp-block-gallery-1 is-layout-flex wp-block-gallery-is-layout-flex\">\n<figure class=\"wp-block-image size-large\"><a href=\"https:\/\/medicina.udd.cl\/kinesiologia-santiago\/files\/2025\/12\/kine-rehab-clinica-teleton-2025-15-scaled.jpg\"><img loading=\"lazy\" decoding=\"async\" width=\"576\" height=\"1024\" data-id=\"7385\" src=\"https:\/\/medicina.udd.cl\/kinesiologia-santiago\/files\/2025\/12\/kine-rehab-clinica-teleton-2025-15-576x1024.jpg\" alt=\"\" class=\"wp-image-7385\" srcset=\"https:\/\/medicina.udd.cl\/kinesiologia-santiago\/files\/2025\/12\/kine-rehab-clinica-teleton-2025-15-576x1024.jpg 576w, https:\/\/medicina.udd.cl\/kinesiologia-santiago\/files\/2025\/12\/kine-rehab-clinica-teleton-2025-15-169x300.jpg 169w, https:\/\/medicina.udd.cl\/kinesiologia-santiago\/files\/2025\/12\/kine-rehab-clinica-teleton-2025-15-768x1365.jpg 768w, https:\/\/medicina.udd.cl\/kinesiologia-santiago\/files\/2025\/12\/kine-rehab-clinica-teleton-2025-15-864x1536.jpg 864w, https:\/\/medicina.udd.cl\/kinesiologia-santiago\/files\/2025\/12\/kine-rehab-clinica-teleton-2025-15-1152x2048.jpg 1152w, https:\/\/medicina.udd.cl\/kinesiologia-santiago\/files\/2025\/12\/kine-rehab-clinica-teleton-2025-15-scaled.jpg 1440w\" sizes=\"auto, (max-width: 576px) 100vw, 576px\" \/><\/a><\/figure>\n\n\n\n<figure class=\"wp-block-image size-large\"><a href=\"https:\/\/medicina.udd.cl\/kinesiologia-santiago\/files\/2025\/12\/kine-rehab-clinica-teleton-2025-12-scaled.jpg\"><img loading=\"lazy\" decoding=\"async\" width=\"576\" height=\"1024\" data-id=\"7382\" src=\"https:\/\/medicina.udd.cl\/kinesiologia-santiago\/files\/2025\/12\/kine-rehab-clinica-teleton-2025-12-576x1024.jpg\" alt=\"\" class=\"wp-image-7382\" srcset=\"https:\/\/medicina.udd.cl\/kinesiologia-santiago\/files\/2025\/12\/kine-rehab-clinica-teleton-2025-12-576x1024.jpg 576w, https:\/\/medicina.udd.cl\/kinesiologia-santiago\/files\/2025\/12\/kine-rehab-clinica-teleton-2025-12-169x300.jpg 169w, https:\/\/medicina.udd.cl\/kinesiologia-santiago\/files\/2025\/12\/kine-rehab-clinica-teleton-2025-12-768x1365.jpg 768w, https:\/\/medicina.udd.cl\/kinesiologia-santiago\/files\/2025\/12\/kine-rehab-clinica-teleton-2025-12-864x1536.jpg 864w, https:\/\/medicina.udd.cl\/kinesiologia-santiago\/files\/2025\/12\/kine-rehab-clinica-teleton-2025-12-1152x2048.jpg 1152w, https:\/\/medicina.udd.cl\/kinesiologia-santiago\/files\/2025\/12\/kine-rehab-clinica-teleton-2025-12-scaled.jpg 1440w\" sizes=\"auto, (max-width: 576px) 100vw, 576px\" \/><\/a><\/figure>\n\n\n\n<figure class=\"wp-block-image size-large\"><a href=\"https:\/\/medicina.udd.cl\/kinesiologia-santiago\/files\/2025\/12\/kine-rehab-clinica-teleton-2025-1-scaled.jpg\"><img loading=\"lazy\" decoding=\"async\" width=\"576\" height=\"1024\" data-id=\"7371\" src=\"https:\/\/medicina.udd.cl\/kinesiologia-santiago\/files\/2025\/12\/kine-rehab-clinica-teleton-2025-1-576x1024.jpg\" alt=\"\" class=\"wp-image-7371\" srcset=\"https:\/\/medicina.udd.cl\/kinesiologia-santiago\/files\/2025\/12\/kine-rehab-clinica-teleton-2025-1-576x1024.jpg 576w, https:\/\/medicina.udd.cl\/kinesiologia-santiago\/files\/2025\/12\/kine-rehab-clinica-teleton-2025-1-169x300.jpg 169w, https:\/\/medicina.udd.cl\/kinesiologia-santiago\/files\/2025\/12\/kine-rehab-clinica-teleton-2025-1-768x1365.jpg 768w, https:\/\/medicina.udd.cl\/kinesiologia-santiago\/files\/2025\/12\/kine-rehab-clinica-teleton-2025-1-864x1536.jpg 864w, https:\/\/medicina.udd.cl\/kinesiologia-santiago\/files\/2025\/12\/kine-rehab-clinica-teleton-2025-1-1152x2048.jpg 1152w, https:\/\/medicina.udd.cl\/kinesiologia-santiago\/files\/2025\/12\/kine-rehab-clinica-teleton-2025-1-scaled.jpg 1440w\" sizes=\"auto, (max-width: 576px) 100vw, 576px\" \/><\/a><\/figure>\n\n\n\n<figure class=\"wp-block-image size-large\"><a href=\"https:\/\/medicina.udd.cl\/kinesiologia-santiago\/files\/2025\/12\/kine-rehab-clinica-teleton-2025-3-scaled.jpg\"><img loading=\"lazy\" decoding=\"async\" width=\"1024\" height=\"576\" data-id=\"7373\" src=\"https:\/\/medicina.udd.cl\/kinesiologia-santiago\/files\/2025\/12\/kine-rehab-clinica-teleton-2025-3-1024x576.jpg\" alt=\"\" class=\"wp-image-7373\" srcset=\"https:\/\/medicina.udd.cl\/kinesiologia-santiago\/files\/2025\/12\/kine-rehab-clinica-teleton-2025-3-1024x576.jpg 1024w, https:\/\/medicina.udd.cl\/kinesiologia-santiago\/files\/2025\/12\/kine-rehab-clinica-teleton-2025-3-300x169.jpg 300w, https:\/\/medicina.udd.cl\/kinesiologia-santiago\/files\/2025\/12\/kine-rehab-clinica-teleton-2025-3-768x432.jpg 768w, https:\/\/medicina.udd.cl\/kinesiologia-santiago\/files\/2025\/12\/kine-rehab-clinica-teleton-2025-3-1536x864.jpg 1536w, https:\/\/medicina.udd.cl\/kinesiologia-santiago\/files\/2025\/12\/kine-rehab-clinica-teleton-2025-3-2048x1152.jpg 2048w, https:\/\/medicina.udd.cl\/kinesiologia-santiago\/files\/2025\/12\/kine-rehab-clinica-teleton-2025-3-1920x1080.jpg 1920w, https:\/\/medicina.udd.cl\/kinesiologia-santiago\/files\/2025\/12\/kine-rehab-clinica-teleton-2025-3-1366x768.jpg 1366w, https:\/\/medicina.udd.cl\/kinesiologia-santiago\/files\/2025\/12\/kine-rehab-clinica-teleton-2025-3-680x382.jpg 680w\" sizes=\"auto, (max-width: 1024px) 100vw, 1024px\" \/><\/a><\/figure>\n<\/figure>\n\n\n\n<p>Con el objetivo de fortalecer la formaci\u00f3n temprana en contextos cl\u00ednicos reales, estudiantes de la carrera de<a href=\"https:\/\/medicina.udd.cl\/kinesiologia-santiago\/\">&nbsp;Kinesiolog\u00eda<\/a>&nbsp;de la&nbsp;<a href=\"https:\/\/medicina.udd.cl\/\">Facultad de Medicina Cl\u00ednica Alemana Universidad del Desarrollo (UDD)<\/a>, quienes adem\u00e1s se desempe\u00f1an como ayudantes de los cursos de Biof\u00edsica y Biof\u00edsica Aplicada al Movimiento, participaron en una visita t\u00e9cnico-formativa al&nbsp;<a href=\"https:\/\/evento.teleton.cl\/\">Instituto Telet\u00f3n<\/a>. La actividad fue acompa\u00f1ada por el docente&nbsp;<a href=\"https:\/\/medicina.udd.cl\/kinesiologia-santiago\/persona\/gustavo-adolfo-castro\/\">Gustavo Castro<\/a>, coordinador de ambas asignaturas.<\/p>\n\n\n\n<p>La instancia busc\u00f3 acercar a los futuros kinesi\u00f3logos a escenarios de rehabilitaci\u00f3n integral, permiti\u00e9ndoles comprender, desde una perspectiva situada, el rol profesional que desempe\u00f1a el kinesi\u00f3logo en un centro de referencia nacional en el tratamiento de personas con discapacidad f\u00edsica.<\/p>\n\n\n\n<p>La delegaci\u00f3n fue recibida por la kinesi\u00f3loga&nbsp;<strong>Carolina Siqu\u00e9s<\/strong>, encargada de Docencia de Pregrado Nacional del Instituto Telet\u00f3n, quien gui\u00f3 una ruta de aprendizaje experiencial orientada a vincular los contenidos te\u00f3ricos abordados en aula \u2014particularmente los principios biomec\u00e1nicos, hidrodin\u00e1micos y de neurorehabilitaci\u00f3n\u2014 con su aplicaci\u00f3n directa en el quehacer cl\u00ednico.<\/p>\n\n\n\n<p>Durante el recorrido, los estudiantes visitaron los laboratorios de marcha, pr\u00f3tesis y \u00f3rtesis, donde pudieron observar evaluaciones instrumentadas y el an\u00e1lisis cin\u00e9tico\u2013cinem\u00e1tico utilizado para la planificaci\u00f3n de intervenciones terap\u00e9uticas. Asimismo, en el gimnasio de kinesiolog\u00eda conocieron diversos casos cl\u00ednicos de pacientes de distintas edades, profundizando en la toma de decisiones cl\u00ednicas, el uso de equipamiento especializado y los criterios de progresi\u00f3n funcional.<\/p>\n\n\n\n<p>Uno de los hitos de la jornada fue la interacci\u00f3n con tecnolog\u00eda de alta complejidad, destacando el sistema LOKOMAT, dispositivo de rehabilitaci\u00f3n rob\u00f3tica que permite educar y reentrenar la marcha mediante asistencia rob\u00f3tica ajustable, integraci\u00f3n sensorial y retroalimentaci\u00f3n en tiempo real. Los estudiantes valoraron especialmente el aporte de este tipo de tecnolog\u00edas al desarrollo de la neuroplasticidad y a la recuperaci\u00f3n de patrones locomotores en pacientes con da\u00f1o neurol\u00f3gico.<\/p>\n\n\n\n<p>Posteriormente, el grupo visit\u00f3 la piscina terap\u00e9utica del Instituto, donde profundizaron en la aplicaci\u00f3n de los principios de la hidrost\u00e1tica e hidrodin\u00e1mica en rehabilitaci\u00f3n. En este contexto, analizaron la t\u00e9cnica TECLE (Tronco, Esc\u00e1pulas, Cadera, Largo del Paso, Enfoque en el Apoyo), utilizada para la reeducaci\u00f3n de la marcha en el medio acu\u00e1tico, considerando variables como el empuje, la resistencia viscosa y la modulaci\u00f3n de la carga articular.<\/p>\n\n\n\n<p>Al cierre de la actividad, tanto el equipo docente como los ayudantes manifestaron un alto nivel de satisfacci\u00f3n con la experiencia, destacando su impacto en el desarrollo profesional temprano, la consolidaci\u00f3n de competencias cl\u00ednicas iniciales y la posibilidad de transferir estos aprendizajes a los cursos de primer a\u00f1o. En este sentido, la visita permitir\u00e1 fortalecer la diversidad metodol\u00f3gica y las actividades pr\u00e1cticas que se implementar\u00e1n durante el pr\u00f3ximo a\u00f1o en las asignaturas de Biof\u00edsica y Biof\u00edsica Aplicada al Movimiento para la generaci\u00f3n 2026.<\/p>\n\n\n\n<p>Esta experiencia reafirma el compromiso de la carrera de Kinesiolog\u00eda y de la Facultad de Medicina Cl\u00ednica Alemana UDD con una formaci\u00f3n interdisciplinaria, tecnol\u00f3gicamente actualizada, humanizada y centrada en el paciente, integrando de manera temprana la teor\u00eda con la pr\u00e1ctica cl\u00ednica real.<\/p>\n\n\n\n<figure class=\"wp-block-gallery has-nested-images columns-default is-cropped wp-block-gallery-2 is-layout-flex wp-block-gallery-is-layout-flex\">\n<figure class=\"wp-block-image size-large\"><a href=\"https:\/\/medicina.udd.cl\/kinesiologia-santiago\/files\/2025\/12\/kine-rehab-clinica-teleton-2025-14-scaled.jpg\"><img loading=\"lazy\" decoding=\"async\" width=\"576\" height=\"1024\" data-id=\"7384\" src=\"https:\/\/medicina.udd.cl\/kinesiologia-santiago\/files\/2025\/12\/kine-rehab-clinica-teleton-2025-14-576x1024.jpg\" alt=\"\" class=\"wp-image-7384\" srcset=\"https:\/\/medicina.udd.cl\/kinesiologia-santiago\/files\/2025\/12\/kine-rehab-clinica-teleton-2025-14-576x1024.jpg 576w, https:\/\/medicina.udd.cl\/kinesiologia-santiago\/files\/2025\/12\/kine-rehab-clinica-teleton-2025-14-169x300.jpg 169w, https:\/\/medicina.udd.cl\/kinesiologia-santiago\/files\/2025\/12\/kine-rehab-clinica-teleton-2025-14-768x1365.jpg 768w, https:\/\/medicina.udd.cl\/kinesiologia-santiago\/files\/2025\/12\/kine-rehab-clinica-teleton-2025-14-864x1536.jpg 864w, https:\/\/medicina.udd.cl\/kinesiologia-santiago\/files\/2025\/12\/kine-rehab-clinica-teleton-2025-14-1152x2048.jpg 1152w, https:\/\/medicina.udd.cl\/kinesiologia-santiago\/files\/2025\/12\/kine-rehab-clinica-teleton-2025-14-scaled.jpg 1440w\" sizes=\"auto, (max-width: 576px) 100vw, 576px\" \/><\/a><\/figure>\n\n\n\n<figure class=\"wp-block-image size-large\"><a href=\"https:\/\/medicina.udd.cl\/kinesiologia-santiago\/files\/2025\/12\/kine-rehab-clinica-teleton-2025-13-scaled.jpg\"><img loading=\"lazy\" decoding=\"async\" width=\"576\" height=\"1024\" data-id=\"7383\" src=\"https:\/\/medicina.udd.cl\/kinesiologia-santiago\/files\/2025\/12\/kine-rehab-clinica-teleton-2025-13-576x1024.jpg\" alt=\"\" class=\"wp-image-7383\" srcset=\"https:\/\/medicina.udd.cl\/kinesiologia-santiago\/files\/2025\/12\/kine-rehab-clinica-teleton-2025-13-576x1024.jpg 576w, https:\/\/medicina.udd.cl\/kinesiologia-santiago\/files\/2025\/12\/kine-rehab-clinica-teleton-2025-13-169x300.jpg 169w, https:\/\/medicina.udd.cl\/kinesiologia-santiago\/files\/2025\/12\/kine-rehab-clinica-teleton-2025-13-768x1365.jpg 768w, https:\/\/medicina.udd.cl\/kinesiologia-santiago\/files\/2025\/12\/kine-rehab-clinica-teleton-2025-13-864x1536.jpg 864w, https:\/\/medicina.udd.cl\/kinesiologia-santiago\/files\/2025\/12\/kine-rehab-clinica-teleton-2025-13-1152x2048.jpg 1152w, https:\/\/medicina.udd.cl\/kinesiologia-santiago\/files\/2025\/12\/kine-rehab-clinica-teleton-2025-13-scaled.jpg 1440w\" sizes=\"auto, (max-width: 576px) 100vw, 576px\" \/><\/a><\/figure>\n\n\n\n<figure class=\"wp-block-image size-large\"><a href=\"https:\/\/medicina.udd.cl\/kinesiologia-santiago\/files\/2025\/12\/kine-rehab-clinica-teleton-2025-11-scaled.jpg\"><img loading=\"lazy\" decoding=\"async\" width=\"576\" height=\"1024\" data-id=\"7381\" src=\"https:\/\/medicina.udd.cl\/kinesiologia-santiago\/files\/2025\/12\/kine-rehab-clinica-teleton-2025-11-576x1024.jpg\" alt=\"\" class=\"wp-image-7381\" srcset=\"https:\/\/medicina.udd.cl\/kinesiologia-santiago\/files\/2025\/12\/kine-rehab-clinica-teleton-2025-11-576x1024.jpg 576w, https:\/\/medicina.udd.cl\/kinesiologia-santiago\/files\/2025\/12\/kine-rehab-clinica-teleton-2025-11-169x300.jpg 169w, https:\/\/medicina.udd.cl\/kinesiologia-santiago\/files\/2025\/12\/kine-rehab-clinica-teleton-2025-11-768x1365.jpg 768w, https:\/\/medicina.udd.cl\/kinesiologia-santiago\/files\/2025\/12\/kine-rehab-clinica-teleton-2025-11-864x1536.jpg 864w, https:\/\/medicina.udd.cl\/kinesiologia-santiago\/files\/2025\/12\/kine-rehab-clinica-teleton-2025-11-1152x2048.jpg 1152w, https:\/\/medicina.udd.cl\/kinesiologia-santiago\/files\/2025\/12\/kine-rehab-clinica-teleton-2025-11-scaled.jpg 1440w\" sizes=\"auto, (max-width: 576px) 100vw, 576px\" \/><\/a><\/figure>\n\n\n\n<figure class=\"wp-block-image size-large\"><a href=\"https:\/\/medicina.udd.cl\/kinesiologia-santiago\/files\/2025\/12\/kine-rehab-clinica-teleton-2025-10-scaled.jpg\"><img loading=\"lazy\" decoding=\"async\" width=\"576\" height=\"1024\" data-id=\"7380\" src=\"https:\/\/medicina.udd.cl\/kinesiologia-santiago\/files\/2025\/12\/kine-rehab-clinica-teleton-2025-10-576x1024.jpg\" alt=\"\" class=\"wp-image-7380\" srcset=\"https:\/\/medicina.udd.cl\/kinesiologia-santiago\/files\/2025\/12\/kine-rehab-clinica-teleton-2025-10-576x1024.jpg 576w, https:\/\/medicina.udd.cl\/kinesiologia-santiago\/files\/2025\/12\/kine-rehab-clinica-teleton-2025-10-169x300.jpg 169w, https:\/\/medicina.udd.cl\/kinesiologia-santiago\/files\/2025\/12\/kine-rehab-clinica-teleton-2025-10-768x1365.jpg 768w, https:\/\/medicina.udd.cl\/kinesiologia-santiago\/files\/2025\/12\/kine-rehab-clinica-teleton-2025-10-864x1536.jpg 864w, https:\/\/medicina.udd.cl\/kinesiologia-santiago\/files\/2025\/12\/kine-rehab-clinica-teleton-2025-10-1152x2048.jpg 1152w, https:\/\/medicina.udd.cl\/kinesiologia-santiago\/files\/2025\/12\/kine-rehab-clinica-teleton-2025-10-scaled.jpg 1440w\" sizes=\"auto, (max-width: 576px) 100vw, 576px\" \/><\/a><\/figure>\n\n\n\n<figure class=\"wp-block-image size-large\"><a href=\"https:\/\/medicina.udd.cl\/kinesiologia-santiago\/files\/2025\/12\/kine-rehab-clinica-teleton-2025-6-scaled.jpg\"><img loading=\"lazy\" decoding=\"async\" width=\"576\" height=\"1024\" data-id=\"7376\" src=\"https:\/\/medicina.udd.cl\/kinesiologia-santiago\/files\/2025\/12\/kine-rehab-clinica-teleton-2025-6-576x1024.jpg\" alt=\"\" class=\"wp-image-7376\" srcset=\"https:\/\/medicina.udd.cl\/kinesiologia-santiago\/files\/2025\/12\/kine-rehab-clinica-teleton-2025-6-576x1024.jpg 576w, https:\/\/medicina.udd.cl\/kinesiologia-santiago\/files\/2025\/12\/kine-rehab-clinica-teleton-2025-6-169x300.jpg 169w, https:\/\/medicina.udd.cl\/kinesiologia-santiago\/files\/2025\/12\/kine-rehab-clinica-teleton-2025-6-768x1365.jpg 768w, https:\/\/medicina.udd.cl\/kinesiologia-santiago\/files\/2025\/12\/kine-rehab-clinica-teleton-2025-6-864x1536.jpg 864w, https:\/\/medicina.udd.cl\/kinesiologia-santiago\/files\/2025\/12\/kine-rehab-clinica-teleton-2025-6-1152x2048.jpg 1152w, https:\/\/medicina.udd.cl\/kinesiologia-santiago\/files\/2025\/12\/kine-rehab-clinica-teleton-2025-6-scaled.jpg 1440w\" sizes=\"auto, (max-width: 576px) 100vw, 576px\" \/><\/a><\/figure>\n\n\n\n<figure class=\"wp-block-image size-large\"><a href=\"https:\/\/medicina.udd.cl\/kinesiologia-santiago\/files\/2025\/12\/kine-rehab-clinica-teleton-2025-4-scaled.jpg\"><img loading=\"lazy\" decoding=\"async\" width=\"576\" height=\"1024\" data-id=\"7374\" src=\"https:\/\/medicina.udd.cl\/kinesiologia-santiago\/files\/2025\/12\/kine-rehab-clinica-teleton-2025-4-576x1024.jpg\" alt=\"\" class=\"wp-image-7374\" srcset=\"https:\/\/medicina.udd.cl\/kinesiologia-santiago\/files\/2025\/12\/kine-rehab-clinica-teleton-2025-4-576x1024.jpg 576w, https:\/\/medicina.udd.cl\/kinesiologia-santiago\/files\/2025\/12\/kine-rehab-clinica-teleton-2025-4-169x300.jpg 169w, https:\/\/medicina.udd.cl\/kinesiologia-santiago\/files\/2025\/12\/kine-rehab-clinica-teleton-2025-4-768x1365.jpg 768w, https:\/\/medicina.udd.cl\/kinesiologia-santiago\/files\/2025\/12\/kine-rehab-clinica-teleton-2025-4-864x1536.jpg 864w, https:\/\/medicina.udd.cl\/kinesiologia-santiago\/files\/2025\/12\/kine-rehab-clinica-teleton-2025-4-1152x2048.jpg 1152w, https:\/\/medicina.udd.cl\/kinesiologia-santiago\/files\/2025\/12\/kine-rehab-clinica-teleton-2025-4-scaled.jpg 1440w\" sizes=\"auto, (max-width: 576px) 100vw, 576px\" \/><\/a><\/figure>\n\n\n\n<figure class=\"wp-block-image size-large\"><a href=\"https:\/\/medicina.udd.cl\/kinesiologia-santiago\/files\/2025\/12\/kine-rehab-clinica-teleton-2025-17-scaled.jpg\"><img loading=\"lazy\" decoding=\"async\" width=\"1024\" height=\"576\" data-id=\"7387\" src=\"https:\/\/medicina.udd.cl\/kinesiologia-santiago\/files\/2025\/12\/kine-rehab-clinica-teleton-2025-17-1024x576.jpg\" alt=\"\" class=\"wp-image-7387\" srcset=\"https:\/\/medicina.udd.cl\/kinesiologia-santiago\/files\/2025\/12\/kine-rehab-clinica-teleton-2025-17-1024x576.jpg 1024w, https:\/\/medicina.udd.cl\/kinesiologia-santiago\/files\/2025\/12\/kine-rehab-clinica-teleton-2025-17-300x169.jpg 300w, https:\/\/medicina.udd.cl\/kinesiologia-santiago\/files\/2025\/12\/kine-rehab-clinica-teleton-2025-17-768x432.jpg 768w, https:\/\/medicina.udd.cl\/kinesiologia-santiago\/files\/2025\/12\/kine-rehab-clinica-teleton-2025-17-1536x864.jpg 1536w, https:\/\/medicina.udd.cl\/kinesiologia-santiago\/files\/2025\/12\/kine-rehab-clinica-teleton-2025-17-2048x1152.jpg 2048w, https:\/\/medicina.udd.cl\/kinesiologia-santiago\/files\/2025\/12\/kine-rehab-clinica-teleton-2025-17-1920x1080.jpg 1920w, https:\/\/medicina.udd.cl\/kinesiologia-santiago\/files\/2025\/12\/kine-rehab-clinica-teleton-2025-17-1366x768.jpg 1366w, https:\/\/medicina.udd.cl\/kinesiologia-santiago\/files\/2025\/12\/kine-rehab-clinica-teleton-2025-17-680x382.jpg 680w\" sizes=\"auto, (max-width: 1024px) 100vw, 1024px\" \/><\/a><\/figure>\n\n\n\n<figure class=\"wp-block-image size-large\"><a href=\"https:\/\/medicina.udd.cl\/kinesiologia-santiago\/files\/2025\/12\/kine-rehab-clinica-teleton-2025-2-scaled.jpg\"><img loading=\"lazy\" decoding=\"async\" width=\"1024\" height=\"576\" data-id=\"7372\" src=\"https:\/\/medicina.udd.cl\/kinesiologia-santiago\/files\/2025\/12\/kine-rehab-clinica-teleton-2025-2-1024x576.jpg\" alt=\"\" class=\"wp-image-7372\" srcset=\"https:\/\/medicina.udd.cl\/kinesiologia-santiago\/files\/2025\/12\/kine-rehab-clinica-teleton-2025-2-1024x576.jpg 1024w, https:\/\/medicina.udd.cl\/kinesiologia-santiago\/files\/2025\/12\/kine-rehab-clinica-teleton-2025-2-300x169.jpg 300w, https:\/\/medicina.udd.cl\/kinesiologia-santiago\/files\/2025\/12\/kine-rehab-clinica-teleton-2025-2-768x432.jpg 768w, https:\/\/medicina.udd.cl\/kinesiologia-santiago\/files\/2025\/12\/kine-rehab-clinica-teleton-2025-2-1536x864.jpg 1536w, https:\/\/medicina.udd.cl\/kinesiologia-santiago\/files\/2025\/12\/kine-rehab-clinica-teleton-2025-2-2048x1152.jpg 2048w, https:\/\/medicina.udd.cl\/kinesiologia-santiago\/files\/2025\/12\/kine-rehab-clinica-teleton-2025-2-1920x1080.jpg 1920w, https:\/\/medicina.udd.cl\/kinesiologia-santiago\/files\/2025\/12\/kine-rehab-clinica-teleton-2025-2-1366x768.jpg 1366w, https:\/\/medicina.udd.cl\/kinesiologia-santiago\/files\/2025\/12\/kine-rehab-clinica-teleton-2025-2-680x382.jpg 680w\" sizes=\"auto, (max-width: 1024px) 100vw, 1024px\" \/><\/a><\/figure>\n\n\n\n<figure class=\"wp-block-image size-large\"><a href=\"https:\/\/medicina.udd.cl\/kinesiologia-santiago\/files\/2025\/12\/kine-rehab-clinica-teleton-2025-5-scaled.jpg\"><img loading=\"lazy\" decoding=\"async\" width=\"1024\" height=\"576\" data-id=\"7375\" src=\"https:\/\/medicina.udd.cl\/kinesiologia-santiago\/files\/2025\/12\/kine-rehab-clinica-teleton-2025-5-1024x576.jpg\" alt=\"\" class=\"wp-image-7375\" srcset=\"https:\/\/medicina.udd.cl\/kinesiologia-santiago\/files\/2025\/12\/kine-rehab-clinica-teleton-2025-5-1024x576.jpg 1024w, https:\/\/medicina.udd.cl\/kinesiologia-santiago\/files\/2025\/12\/kine-rehab-clinica-teleton-2025-5-300x169.jpg 300w, https:\/\/medicina.udd.cl\/kinesiologia-santiago\/files\/2025\/12\/kine-rehab-clinica-teleton-2025-5-768x432.jpg 768w, https:\/\/medicina.udd.cl\/kinesiologia-santiago\/files\/2025\/12\/kine-rehab-clinica-teleton-2025-5-1536x864.jpg 1536w, https:\/\/medicina.udd.cl\/kinesiologia-santiago\/files\/2025\/12\/kine-rehab-clinica-teleton-2025-5-2048x1152.jpg 2048w, https:\/\/medicina.udd.cl\/kinesiologia-santiago\/files\/2025\/12\/kine-rehab-clinica-teleton-2025-5-1920x1080.jpg 1920w, https:\/\/medicina.udd.cl\/kinesiologia-santiago\/files\/2025\/12\/kine-rehab-clinica-teleton-2025-5-1366x768.jpg 1366w, https:\/\/medicina.udd.cl\/kinesiologia-santiago\/files\/2025\/12\/kine-rehab-clinica-teleton-2025-5-680x382.jpg 680w\" sizes=\"auto, (max-width: 1024px) 100vw, 1024px\" \/><\/a><\/figure>\n\n\n\n<figure class=\"wp-block-image size-large\"><a href=\"https:\/\/medicina.udd.cl\/kinesiologia-santiago\/files\/2025\/12\/kine-rehab-clinica-teleton-2025-8-scaled.jpg\"><img loading=\"lazy\" decoding=\"async\" width=\"576\" height=\"1024\" data-id=\"7378\" src=\"https:\/\/medicina.udd.cl\/kinesiologia-santiago\/files\/2025\/12\/kine-rehab-clinica-teleton-2025-8-576x1024.jpg\" alt=\"\" class=\"wp-image-7378\" srcset=\"https:\/\/medicina.udd.cl\/kinesiologia-santiago\/files\/2025\/12\/kine-rehab-clinica-teleton-2025-8-576x1024.jpg 576w, https:\/\/medicina.udd.cl\/kinesiologia-santiago\/files\/2025\/12\/kine-rehab-clinica-teleton-2025-8-169x300.jpg 169w, https:\/\/medicina.udd.cl\/kinesiologia-santiago\/files\/2025\/12\/kine-rehab-clinica-teleton-2025-8-768x1365.jpg 768w, https:\/\/medicina.udd.cl\/kinesiologia-santiago\/files\/2025\/12\/kine-rehab-clinica-teleton-2025-8-864x1536.jpg 864w, https:\/\/medicina.udd.cl\/kinesiologia-santiago\/files\/2025\/12\/kine-rehab-clinica-teleton-2025-8-1152x2048.jpg 1152w, https:\/\/medicina.udd.cl\/kinesiologia-santiago\/files\/2025\/12\/kine-rehab-clinica-teleton-2025-8-scaled.jpg 1440w\" sizes=\"auto, (max-width: 576px) 100vw, 576px\" \/><\/a><\/figure>\n\n\n\n<figure class=\"wp-block-image size-large\"><a href=\"https:\/\/medicina.udd.cl\/kinesiologia-santiago\/files\/2025\/12\/kine-rehab-clinica-teleton-2025-16-scaled.jpg\"><img loading=\"lazy\" decoding=\"async\" width=\"576\" height=\"1024\" data-id=\"7386\" src=\"https:\/\/medicina.udd.cl\/kinesiologia-santiago\/files\/2025\/12\/kine-rehab-clinica-teleton-2025-16-576x1024.jpg\" alt=\"\" class=\"wp-image-7386\" srcset=\"https:\/\/medicina.udd.cl\/kinesiologia-santiago\/files\/2025\/12\/kine-rehab-clinica-teleton-2025-16-576x1024.jpg 576w, https:\/\/medicina.udd.cl\/kinesiologia-santiago\/files\/2025\/12\/kine-rehab-clinica-teleton-2025-16-169x300.jpg 169w, https:\/\/medicina.udd.cl\/kinesiologia-santiago\/files\/2025\/12\/kine-rehab-clinica-teleton-2025-16-768x1365.jpg 768w, https:\/\/medicina.udd.cl\/kinesiologia-santiago\/files\/2025\/12\/kine-rehab-clinica-teleton-2025-16-864x1536.jpg 864w, https:\/\/medicina.udd.cl\/kinesiologia-santiago\/files\/2025\/12\/kine-rehab-clinica-teleton-2025-16-1152x2048.jpg 1152w, https:\/\/medicina.udd.cl\/kinesiologia-santiago\/files\/2025\/12\/kine-rehab-clinica-teleton-2025-16-scaled.jpg 1440w\" sizes=\"auto, (max-width: 576px) 100vw, 576px\" \/><\/a><\/figure>\n\n\n\n<figure class=\"wp-block-image size-large\"><a href=\"https:\/\/medicina.udd.cl\/kinesiologia-santiago\/files\/2025\/12\/kine-rehab-clinica-teleton-2025-9-scaled.jpg\"><img loading=\"lazy\" decoding=\"async\" width=\"576\" height=\"1024\" data-id=\"7379\" src=\"https:\/\/medicina.udd.cl\/kinesiologia-santiago\/files\/2025\/12\/kine-rehab-clinica-teleton-2025-9-576x1024.jpg\" alt=\"\" class=\"wp-image-7379\" srcset=\"https:\/\/medicina.udd.cl\/kinesiologia-santiago\/files\/2025\/12\/kine-rehab-clinica-teleton-2025-9-576x1024.jpg 576w, https:\/\/medicina.udd.cl\/kinesiologia-santiago\/files\/2025\/12\/kine-rehab-clinica-teleton-2025-9-169x300.jpg 169w, https:\/\/medicina.udd.cl\/kinesiologia-santiago\/files\/2025\/12\/kine-rehab-clinica-teleton-2025-9-768x1365.jpg 768w, https:\/\/medicina.udd.cl\/kinesiologia-santiago\/files\/2025\/12\/kine-rehab-clinica-teleton-2025-9-864x1536.jpg 864w, https:\/\/medicina.udd.cl\/kinesiologia-santiago\/files\/2025\/12\/kine-rehab-clinica-teleton-2025-9-1152x2048.jpg 1152w, https:\/\/medicina.udd.cl\/kinesiologia-santiago\/files\/2025\/12\/kine-rehab-clinica-teleton-2025-9-scaled.jpg 1440w\" sizes=\"auto, (max-width: 576px) 100vw, 576px\" \/><\/a><\/figure>\n\n\n\n<figure class=\"wp-block-image size-large\"><a href=\"https:\/\/medicina.udd.cl\/kinesiologia-santiago\/files\/2025\/12\/kine-rehab-clinica-teleton-2025-7-scaled.jpg\"><img loading=\"lazy\" decoding=\"async\" width=\"1024\" height=\"576\" data-id=\"7377\" src=\"https:\/\/medicina.udd.cl\/kinesiologia-santiago\/files\/2025\/12\/kine-rehab-clinica-teleton-2025-7-1024x576.jpg\" alt=\"\" class=\"wp-image-7377\" srcset=\"https:\/\/medicina.udd.cl\/kinesiologia-santiago\/files\/2025\/12\/kine-rehab-clinica-teleton-2025-7-1024x576.jpg 1024w, https:\/\/medicina.udd.cl\/kinesiologia-santiago\/files\/2025\/12\/kine-rehab-clinica-teleton-2025-7-300x169.jpg 300w, https:\/\/medicina.udd.cl\/kinesiologia-santiago\/files\/2025\/12\/kine-rehab-clinica-teleton-2025-7-768x432.jpg 768w, https:\/\/medicina.udd.cl\/kinesiologia-santiago\/files\/2025\/12\/kine-rehab-clinica-teleton-2025-7-1536x864.jpg 1536w, https:\/\/medicina.udd.cl\/kinesiologia-santiago\/files\/2025\/12\/kine-rehab-clinica-teleton-2025-7-2048x1152.jpg 2048w, https:\/\/medicina.udd.cl\/kinesiologia-santiago\/files\/2025\/12\/kine-rehab-clinica-teleton-2025-7-1920x1080.jpg 1920w, https:\/\/medicina.udd.cl\/kinesiologia-santiago\/files\/2025\/12\/kine-rehab-clinica-teleton-2025-7-1366x768.jpg 1366w, https:\/\/medicina.udd.cl\/kinesiologia-santiago\/files\/2025\/12\/kine-rehab-clinica-teleton-2025-7-680x382.jpg 680w\" sizes=\"auto, (max-width: 1024px) 100vw, 1024px\" \/><\/a><\/figure>\n<\/figure>\n","protected":false},"excerpt":{"rendered":"<p>Con el objetivo de fortalecer la formaci\u00f3n temprana en contextos cl\u00ednicos reales, estudiantes de la carrera de&nbsp;Kinesiolog\u00eda&nbsp;de la&nbsp;Facultad de Medicina Cl\u00ednica Alemana Universidad del Desarrollo (UDD), quienes adem\u00e1s se desempe\u00f1an como ayudantes de los cursos de Biof\u00edsica y Biof\u00edsica Aplicada al Movimiento, participaron en una visita t\u00e9cnico-formativa al&nbsp;Instituto Telet\u00f3n. La actividad fue acompa\u00f1ada por el [&hellip;]<\/p>\n","protected":false},"author":9192219,"featured_media":7377,"comment_status":"closed","ping_status":"open","sticky":false,"template":"","format":"standard","meta":{"footnotes":""},"categories":[4],"tags":[],"class_list":["post-7392","post","type-post","status-publish","format-standard","has-post-thumbnail","hentry","category-noticias"],"yoast_head":"<!-- This site is optimized with the Yoast SEO plugin v26.9 - https:\/\/yoast.com\/product\/yoast-seo-wordpress\/ -->\n<title>Estudiantes de Kinesiolog\u00eda UDD realizan visita t\u00e9cnico-formativa al Instituto Telet\u00f3n - Kinesiolog\u00eda<\/title>\n<meta name=\"robots\" content=\"index, follow, max-snippet:-1, max-image-preview:large, max-video-preview:-1\" \/>\n<link rel=\"canonical\" href=\"https:\/\/medicina.udd.cl\/kinesiologia-santiago\/noticias\/2025\/12\/18\/estudiantes-de-kinesiologia-udd-realizan-visita-tecnico-formativa-al-instituto-teleton\/\" \/>\n<meta property=\"og:locale\" content=\"es_ES\" \/>\n<meta property=\"og:type\" content=\"article\" \/>\n<meta property=\"og:title\" content=\"Estudiantes de Kinesiolog\u00eda UDD realizan visita t\u00e9cnico-formativa al Instituto Telet\u00f3n - Kinesiolog\u00eda\" \/>\n<meta property=\"og:description\" content=\"Con el objetivo de fortalecer la formaci\u00f3n temprana en contextos cl\u00ednicos reales, estudiantes de la carrera de&nbsp;Kinesiolog\u00eda&nbsp;de la&nbsp;Facultad de Medicina Cl\u00ednica Alemana Universidad del Desarrollo (UDD), quienes adem\u00e1s se desempe\u00f1an como ayudantes de los cursos de Biof\u00edsica y Biof\u00edsica Aplicada al Movimiento, participaron en una visita t\u00e9cnico-formativa al&nbsp;Instituto Telet\u00f3n. La actividad fue acompa\u00f1ada por el [&hellip;]\" \/>\n<meta property=\"og:url\" content=\"https:\/\/medicina.udd.cl\/kinesiologia-santiago\/noticias\/2025\/12\/18\/estudiantes-de-kinesiologia-udd-realizan-visita-tecnico-formativa-al-instituto-teleton\/\" \/>\n<meta property=\"og:site_name\" content=\"Kinesiolog\u00eda\" \/>\n<meta property=\"article:published_time\" content=\"2025-12-18T15:49:40+00:00\" \/>\n<meta property=\"article:modified_time\" content=\"2025-12-18T15:49:42+00:00\" \/>\n<meta property=\"og:image\" content=\"https:\/\/medicina.udd.cl\/kinesiologia-santiago\/files\/2025\/12\/kine-rehab-clinica-teleton-2025-7-scaled.jpg\" \/>\n\t<meta property=\"og:image:width\" content=\"2560\" \/>\n\t<meta property=\"og:image:height\" content=\"1440\" \/>\n\t<meta property=\"og:image:type\" content=\"image\/jpeg\" \/>\n<meta name=\"author\" content=\"rbraidy\" \/>\n<meta name=\"twitter:label1\" content=\"Escrito por\" \/>\n\t<meta name=\"twitter:data1\" content=\"rbraidy\" \/>\n\t<meta name=\"twitter:label2\" content=\"Tiempo de lectura\" \/>\n\t<meta name=\"twitter:data2\" content=\"3 minutos\" \/>\n<script type=\"application\/ld+json\" class=\"yoast-schema-graph\">{\"@context\":\"https:\/\/schema.org\",\"@graph\":[{\"@type\":\"Article\",\"@id\":\"https:\/\/medicina.udd.cl\/kinesiologia-santiago\/noticias\/2025\/12\/18\/estudiantes-de-kinesiologia-udd-realizan-visita-tecnico-formativa-al-instituto-teleton\/#article\",\"isPartOf\":{\"@id\":\"https:\/\/medicina.udd.cl\/kinesiologia-santiago\/noticias\/2025\/12\/18\/estudiantes-de-kinesiologia-udd-realizan-visita-tecnico-formativa-al-instituto-teleton\/\"},\"author\":{\"name\":\"rbraidy\",\"@id\":\"https:\/\/medicina.udd.cl\/kinesiologia-santiago\/#\/schema\/person\/dbc3705bf3a93e8be1ba6de0ef950341\"},\"headline\":\"Estudiantes de Kinesiolog\u00eda UDD realizan visita t\u00e9cnico-formativa al Instituto Telet\u00f3n\",\"datePublished\":\"2025-12-18T15:49:40+00:00\",\"dateModified\":\"2025-12-18T15:49:42+00:00\",\"mainEntityOfPage\":{\"@id\":\"https:\/\/medicina.udd.cl\/kinesiologia-santiago\/noticias\/2025\/12\/18\/estudiantes-de-kinesiologia-udd-realizan-visita-tecnico-formativa-al-instituto-teleton\/\"},\"wordCount\":575,\"image\":{\"@id\":\"https:\/\/medicina.udd.cl\/kinesiologia-santiago\/noticias\/2025\/12\/18\/estudiantes-de-kinesiologia-udd-realizan-visita-tecnico-formativa-al-instituto-teleton\/#primaryimage\"},\"thumbnailUrl\":\"https:\/\/medicina.udd.cl\/kinesiologia-santiago\/files\/2025\/12\/kine-rehab-clinica-teleton-2025-7-scaled.jpg\",\"articleSection\":[\"Noticias\"],\"inLanguage\":\"es\"},{\"@type\":\"WebPage\",\"@id\":\"https:\/\/medicina.udd.cl\/kinesiologia-santiago\/noticias\/2025\/12\/18\/estudiantes-de-kinesiologia-udd-realizan-visita-tecnico-formativa-al-instituto-teleton\/\",\"url\":\"https:\/\/medicina.udd.cl\/kinesiologia-santiago\/noticias\/2025\/12\/18\/estudiantes-de-kinesiologia-udd-realizan-visita-tecnico-formativa-al-instituto-teleton\/\",\"name\":\"Estudiantes de Kinesiolog\u00eda UDD realizan visita t\u00e9cnico-formativa al Instituto Telet\u00f3n - Kinesiolog\u00eda\",\"isPartOf\":{\"@id\":\"https:\/\/medicina.udd.cl\/kinesiologia-santiago\/#website\"},\"primaryImageOfPage\":{\"@id\":\"https:\/\/medicina.udd.cl\/kinesiologia-santiago\/noticias\/2025\/12\/18\/estudiantes-de-kinesiologia-udd-realizan-visita-tecnico-formativa-al-instituto-teleton\/#primaryimage\"},\"image\":{\"@id\":\"https:\/\/medicina.udd.cl\/kinesiologia-santiago\/noticias\/2025\/12\/18\/estudiantes-de-kinesiologia-udd-realizan-visita-tecnico-formativa-al-instituto-teleton\/#primaryimage\"},\"thumbnailUrl\":\"https:\/\/medicina.udd.cl\/kinesiologia-santiago\/files\/2025\/12\/kine-rehab-clinica-teleton-2025-7-scaled.jpg\",\"datePublished\":\"2025-12-18T15:49:40+00:00\",\"dateModified\":\"2025-12-18T15:49:42+00:00\",\"author\":{\"@id\":\"https:\/\/medicina.udd.cl\/kinesiologia-santiago\/#\/schema\/person\/dbc3705bf3a93e8be1ba6de0ef950341\"},\"breadcrumb\":{\"@id\":\"https:\/\/medicina.udd.cl\/kinesiologia-santiago\/noticias\/2025\/12\/18\/estudiantes-de-kinesiologia-udd-realizan-visita-tecnico-formativa-al-instituto-teleton\/#breadcrumb\"},\"inLanguage\":\"es\",\"potentialAction\":[{\"@type\":\"ReadAction\",\"target\":[\"https:\/\/medicina.udd.cl\/kinesiologia-santiago\/noticias\/2025\/12\/18\/estudiantes-de-kinesiologia-udd-realizan-visita-tecnico-formativa-al-instituto-teleton\/\"]}]},{\"@type\":\"ImageObject\",\"inLanguage\":\"es\",\"@id\":\"https:\/\/medicina.udd.cl\/kinesiologia-santiago\/noticias\/2025\/12\/18\/estudiantes-de-kinesiologia-udd-realizan-visita-tecnico-formativa-al-instituto-teleton\/#primaryimage\",\"url\":\"https:\/\/medicina.udd.cl\/kinesiologia-santiago\/files\/2025\/12\/kine-rehab-clinica-teleton-2025-7-scaled.jpg\",\"contentUrl\":\"https:\/\/medicina.udd.cl\/kinesiologia-santiago\/files\/2025\/12\/kine-rehab-clinica-teleton-2025-7-scaled.jpg\",\"width\":2560,\"height\":1440},{\"@type\":\"BreadcrumbList\",\"@id\":\"https:\/\/medicina.udd.cl\/kinesiologia-santiago\/noticias\/2025\/12\/18\/estudiantes-de-kinesiologia-udd-realizan-visita-tecnico-formativa-al-instituto-teleton\/#breadcrumb\",\"itemListElement\":[{\"@type\":\"ListItem\",\"position\":1,\"name\":\"Home\",\"item\":\"https:\/\/medicina.udd.cl\/kinesiologia-santiago\/\"},{\"@type\":\"ListItem\",\"position\":2,\"name\":\"Estudiantes de Kinesiolog\u00eda UDD realizan visita t\u00e9cnico-formativa al Instituto Telet\u00f3n\"}]},{\"@type\":\"WebSite\",\"@id\":\"https:\/\/medicina.udd.cl\/kinesiologia-santiago\/#website\",\"url\":\"https:\/\/medicina.udd.cl\/kinesiologia-santiago\/\",\"name\":\"Kinesiolog\u00eda\",\"description\":\"Facultad de Medicina Cl\u00ednica Alemana Universidad del Desarrollo\",\"inLanguage\":\"es\"},{\"@type\":\"Person\",\"@id\":\"https:\/\/medicina.udd.cl\/kinesiologia-santiago\/#\/schema\/person\/dbc3705bf3a93e8be1ba6de0ef950341\",\"name\":\"rbraidy\",\"image\":{\"@type\":\"ImageObject\",\"inLanguage\":\"es\",\"@id\":\"https:\/\/medicina.udd.cl\/kinesiologia-santiago\/#\/schema\/person\/image\/\",\"url\":\"https:\/\/secure.gravatar.com\/avatar\/0f8bc94637401590e45d2ce17eb65c274cb8870a219de6177f3f23e63fd8cdf3?s=96&d=mm&r=g\",\"contentUrl\":\"https:\/\/secure.gravatar.com\/avatar\/0f8bc94637401590e45d2ce17eb65c274cb8870a219de6177f3f23e63fd8cdf3?s=96&d=mm&r=g\",\"caption\":\"rbraidy\"},\"url\":\"https:\/\/medicina.udd.cl\/kinesiologia-santiago\/noticias\/author\/rbraidy\/\"}]}<\/script>\n<!-- \/ Yoast SEO plugin. -->","yoast_head_json":{"title":"Estudiantes de Kinesiolog\u00eda UDD realizan visita t\u00e9cnico-formativa al Instituto Telet\u00f3n - Kinesiolog\u00eda","robots":{"index":"index","follow":"follow","max-snippet":"max-snippet:-1","max-image-preview":"max-image-preview:large","max-video-preview":"max-video-preview:-1"},"canonical":"https:\/\/medicina.udd.cl\/kinesiologia-santiago\/noticias\/2025\/12\/18\/estudiantes-de-kinesiologia-udd-realizan-visita-tecnico-formativa-al-instituto-teleton\/","og_locale":"es_ES","og_type":"article","og_title":"Estudiantes de Kinesiolog\u00eda UDD realizan visita t\u00e9cnico-formativa al Instituto Telet\u00f3n - Kinesiolog\u00eda","og_description":"Con el objetivo de fortalecer la formaci\u00f3n temprana en contextos cl\u00ednicos reales, estudiantes de la carrera de&nbsp;Kinesiolog\u00eda&nbsp;de la&nbsp;Facultad de Medicina Cl\u00ednica Alemana Universidad del Desarrollo (UDD), quienes adem\u00e1s se desempe\u00f1an como ayudantes de los cursos de Biof\u00edsica y Biof\u00edsica Aplicada al Movimiento, participaron en una visita t\u00e9cnico-formativa al&nbsp;Instituto Telet\u00f3n. La actividad fue acompa\u00f1ada por el [&hellip;]","og_url":"https:\/\/medicina.udd.cl\/kinesiologia-santiago\/noticias\/2025\/12\/18\/estudiantes-de-kinesiologia-udd-realizan-visita-tecnico-formativa-al-instituto-teleton\/","og_site_name":"Kinesiolog\u00eda","article_published_time":"2025-12-18T15:49:40+00:00","article_modified_time":"2025-12-18T15:49:42+00:00","og_image":[{"width":2560,"height":1440,"url":"https:\/\/medicina.udd.cl\/kinesiologia-santiago\/files\/2025\/12\/kine-rehab-clinica-teleton-2025-7-scaled.jpg","type":"image\/jpeg"}],"author":"rbraidy","twitter_misc":{"Escrito por":"rbraidy","Tiempo de lectura":"3 minutos"},"schema":{"@context":"https:\/\/schema.org","@graph":[{"@type":"Article","@id":"https:\/\/medicina.udd.cl\/kinesiologia-santiago\/noticias\/2025\/12\/18\/estudiantes-de-kinesiologia-udd-realizan-visita-tecnico-formativa-al-instituto-teleton\/#article","isPartOf":{"@id":"https:\/\/medicina.udd.cl\/kinesiologia-santiago\/noticias\/2025\/12\/18\/estudiantes-de-kinesiologia-udd-realizan-visita-tecnico-formativa-al-instituto-teleton\/"},"author":{"name":"rbraidy","@id":"https:\/\/medicina.udd.cl\/kinesiologia-santiago\/#\/schema\/person\/dbc3705bf3a93e8be1ba6de0ef950341"},"headline":"Estudiantes de Kinesiolog\u00eda UDD realizan visita t\u00e9cnico-formativa al Instituto Telet\u00f3n","datePublished":"2025-12-18T15:49:40+00:00","dateModified":"2025-12-18T15:49:42+00:00","mainEntityOfPage":{"@id":"https:\/\/medicina.udd.cl\/kinesiologia-santiago\/noticias\/2025\/12\/18\/estudiantes-de-kinesiologia-udd-realizan-visita-tecnico-formativa-al-instituto-teleton\/"},"wordCount":575,"image":{"@id":"https:\/\/medicina.udd.cl\/kinesiologia-santiago\/noticias\/2025\/12\/18\/estudiantes-de-kinesiologia-udd-realizan-visita-tecnico-formativa-al-instituto-teleton\/#primaryimage"},"thumbnailUrl":"https:\/\/medicina.udd.cl\/kinesiologia-santiago\/files\/2025\/12\/kine-rehab-clinica-teleton-2025-7-scaled.jpg","articleSection":["Noticias"],"inLanguage":"es"},{"@type":"WebPage","@id":"https:\/\/medicina.udd.cl\/kinesiologia-santiago\/noticias\/2025\/12\/18\/estudiantes-de-kinesiologia-udd-realizan-visita-tecnico-formativa-al-instituto-teleton\/","url":"https:\/\/medicina.udd.cl\/kinesiologia-santiago\/noticias\/2025\/12\/18\/estudiantes-de-kinesiologia-udd-realizan-visita-tecnico-formativa-al-instituto-teleton\/","name":"Estudiantes de Kinesiolog\u00eda UDD realizan visita t\u00e9cnico-formativa al Instituto Telet\u00f3n - Kinesiolog\u00eda","isPartOf":{"@id":"https:\/\/medicina.udd.cl\/kinesiologia-santiago\/#website"},"primaryImageOfPage":{"@id":"https:\/\/medicina.udd.cl\/kinesiologia-santiago\/noticias\/2025\/12\/18\/estudiantes-de-kinesiologia-udd-realizan-visita-tecnico-formativa-al-instituto-teleton\/#primaryimage"},"image":{"@id":"https:\/\/medicina.udd.cl\/kinesiologia-santiago\/noticias\/2025\/12\/18\/estudiantes-de-kinesiologia-udd-realizan-visita-tecnico-formativa-al-instituto-teleton\/#primaryimage"},"thumbnailUrl":"https:\/\/medicina.udd.cl\/kinesiologia-santiago\/files\/2025\/12\/kine-rehab-clinica-teleton-2025-7-scaled.jpg","datePublished":"2025-12-18T15:49:40+00:00","dateModified":"2025-12-18T15:49:42+00:00","author":{"@id":"https:\/\/medicina.udd.cl\/kinesiologia-santiago\/#\/schema\/person\/dbc3705bf3a93e8be1ba6de0ef950341"},"breadcrumb":{"@id":"https:\/\/medicina.udd.cl\/kinesiologia-santiago\/noticias\/2025\/12\/18\/estudiantes-de-kinesiologia-udd-realizan-visita-tecnico-formativa-al-instituto-teleton\/#breadcrumb"},"inLanguage":"es","potentialAction":[{"@type":"ReadAction","target":["https:\/\/medicina.udd.cl\/kinesiologia-santiago\/noticias\/2025\/12\/18\/estudiantes-de-kinesiologia-udd-realizan-visita-tecnico-formativa-al-instituto-teleton\/"]}]},{"@type":"ImageObject","inLanguage":"es","@id":"https:\/\/medicina.udd.cl\/kinesiologia-santiago\/noticias\/2025\/12\/18\/estudiantes-de-kinesiologia-udd-realizan-visita-tecnico-formativa-al-instituto-teleton\/#primaryimage","url":"https:\/\/medicina.udd.cl\/kinesiologia-santiago\/files\/2025\/12\/kine-rehab-clinica-teleton-2025-7-scaled.jpg","contentUrl":"https:\/\/medicina.udd.cl\/kinesiologia-santiago\/files\/2025\/12\/kine-rehab-clinica-teleton-2025-7-scaled.jpg","width":2560,"height":1440},{"@type":"BreadcrumbList","@id":"https:\/\/medicina.udd.cl\/kinesiologia-santiago\/noticias\/2025\/12\/18\/estudiantes-de-kinesiologia-udd-realizan-visita-tecnico-formativa-al-instituto-teleton\/#breadcrumb","itemListElement":[{"@type":"ListItem","position":1,"name":"Home","item":"https:\/\/medicina.udd.cl\/kinesiologia-santiago\/"},{"@type":"ListItem","position":2,"name":"Estudiantes de Kinesiolog\u00eda UDD realizan visita t\u00e9cnico-formativa al Instituto Telet\u00f3n"}]},{"@type":"WebSite","@id":"https:\/\/medicina.udd.cl\/kinesiologia-santiago\/#website","url":"https:\/\/medicina.udd.cl\/kinesiologia-santiago\/","name":"Kinesiolog\u00eda","description":"Facultad de Medicina Cl\u00ednica Alemana Universidad del Desarrollo","inLanguage":"es"},{"@type":"Person","@id":"https:\/\/medicina.udd.cl\/kinesiologia-santiago\/#\/schema\/person\/dbc3705bf3a93e8be1ba6de0ef950341","name":"rbraidy","image":{"@type":"ImageObject","inLanguage":"es","@id":"https:\/\/medicina.udd.cl\/kinesiologia-santiago\/#\/schema\/person\/image\/","url":"https:\/\/secure.gravatar.com\/avatar\/0f8bc94637401590e45d2ce17eb65c274cb8870a219de6177f3f23e63fd8cdf3?s=96&d=mm&r=g","contentUrl":"https:\/\/secure.gravatar.com\/avatar\/0f8bc94637401590e45d2ce17eb65c274cb8870a219de6177f3f23e63fd8cdf3?s=96&d=mm&r=g","caption":"rbraidy"},"url":"https:\/\/medicina.udd.cl\/kinesiologia-santiago\/noticias\/author\/rbraidy\/"}]}},"featured_image_url":"https:\/\/medicina.udd.cl\/kinesiologia-santiago\/files\/2025\/12\/kine-rehab-clinica-teleton-2025-7-scaled.jpg","_links":{"self":[{"href":"https:\/\/medicina.udd.cl\/kinesiologia-santiago\/wp-json\/wp\/v2\/posts\/7392","targetHints":{"allow":["GET"]}}],"collection":[{"href":"https:\/\/medicina.udd.cl\/kinesiologia-santiago\/wp-json\/wp\/v2\/posts"}],"about":[{"href":"https:\/\/medicina.udd.cl\/kinesiologia-santiago\/wp-json\/wp\/v2\/types\/post"}],"author":[{"embeddable":true,"href":"https:\/\/medicina.udd.cl\/kinesiologia-santiago\/wp-json\/wp\/v2\/users\/9192219"}],"replies":[{"embeddable":true,"href":"https:\/\/medicina.udd.cl\/kinesiologia-santiago\/wp-json\/wp\/v2\/comments?post=7392"}],"version-history":[{"count":1,"href":"https:\/\/medicina.udd.cl\/kinesiologia-santiago\/wp-json\/wp\/v2\/posts\/7392\/revisions"}],"predecessor-version":[{"id":7393,"href":"https:\/\/medicina.udd.cl\/kinesiologia-santiago\/wp-json\/wp\/v2\/posts\/7392\/revisions\/7393"}],"wp:featuredmedia":[{"embeddable":true,"href":"https:\/\/medicina.udd.cl\/kinesiologia-santiago\/wp-json\/wp\/v2\/media\/7377"}],"wp:attachment":[{"href":"https:\/\/medicina.udd.cl\/kinesiologia-santiago\/wp-json\/wp\/v2\/media?parent=7392"}],"wp:term":[{"taxonomy":"category","embeddable":true,"href":"https:\/\/medicina.udd.cl\/kinesiologia-santiago\/wp-json\/wp\/v2\/categories?post=7392"},{"taxonomy":"post_tag","embeddable":true,"href":"https:\/\/medicina.udd.cl\/kinesiologia-santiago\/wp-json\/wp\/v2\/tags?post=7392"}],"curies":[{"name":"wp","href":"https:\/\/api.w.org\/{rel}","templated":true}]}}