{"id":7610,"date":"2026-09-02T10:29:06","date_gmt":"2026-09-02T14:29:06","guid":{"rendered":"https:\/\/medicina.udd.cl\/kinesiologia-santiago\/?p=7610"},"modified":"2026-09-02T11:05:59","modified_gmt":"2026-09-02T15:05:59","slug":"academicas-de-kinesiologia-udd-participaran-en-el-congreso-mundial-de-kinesiologia-guadalajara-2027","status":"publish","type":"post","link":"https:\/\/medicina.udd.cl\/kinesiologia-santiago\/noticias\/2026\/09\/02\/academicas-de-kinesiologia-udd-participaran-en-el-congreso-mundial-de-kinesiologia-guadalajara-2027\/","title":{"rendered":"Acad\u00e9micas de Kinesiolog\u00eda UDD participar\u00e1n en el Congreso Mundial de Kinesiolog\u00eda Guadalajara 2027"},"content":{"rendered":"\n<ul class=\"wp-block-list\">\n<li><strong><em>Mar\u00eda Jes\u00fas Mena ser\u00e1 moderadora y Catherine Sanhueza participar\u00e1 como expositora en un Focused Symposium dedicado a la humanizaci\u00f3n de la pr\u00e1ctica y formaci\u00f3n en kinesiolog\u00eda, instancia que reunir\u00e1 a expertos internacionales de Italia, Espa\u00f1a y otros pa\u00edses.<\/em><\/strong><\/li>\n<\/ul>\n\n\n\n<figure class=\"wp-block-image alignright size-full is-resized\"><a href=\"https:\/\/medicina.udd.cl\/kinesiologia-santiago\/files\/2026\/09\/kine-maria-jesus-mena-y-catherine-sanhueza-en-ginebra.jpg\"><img loading=\"lazy\" decoding=\"async\" width=\"768\" height=\"1024\" src=\"https:\/\/medicina.udd.cl\/kinesiologia-santiago\/files\/2026\/09\/kine-maria-jesus-mena-y-catherine-sanhueza-en-ginebra.jpg\" alt=\"\" class=\"wp-image-7611\" style=\"width:584px;height:auto\" srcset=\"https:\/\/medicina.udd.cl\/kinesiologia-santiago\/files\/2026\/09\/kine-maria-jesus-mena-y-catherine-sanhueza-en-ginebra.jpg 768w, https:\/\/medicina.udd.cl\/kinesiologia-santiago\/files\/2026\/09\/kine-maria-jesus-mena-y-catherine-sanhueza-en-ginebra-225x300.jpg 225w\" sizes=\"auto, (max-width: 768px) 100vw, 768px\" \/><\/a><figcaption class=\"wp-element-caption\">Foto archivo: Catherine Sanhueza y Mar\u00eda Jes\u00fas Mena en el Congreso Mundial de Kinesiolog\u00eda 2019, en Ginebra, Suiza.<\/figcaption><\/figure>\n\n\n\n<p>Dos acad\u00e9micas de la carrera de&nbsp;<strong><a href=\"https:\/\/medicina.udd.cl\/kinesiologia-santiago\/\">Kinesiolog\u00eda<\/a><\/strong>&nbsp;de la&nbsp;<strong><a href=\"https:\/\/medicina.udd.cl\/\">Facultad de Medicina Cl\u00ednica Alemana Universidad del Desarrollo (UDD)<\/a><\/strong>&nbsp;representar\u00e1n a la instituci\u00f3n en el pr\u00f3ximo&nbsp;<strong><a href=\"https:\/\/es.world.physio\/congress\">Congreso Mundial de Kinesiolog\u00eda<\/a><\/strong>, que se realizar\u00e1 en Guadalajara, M\u00e9xico, del 14 al 16 de mayo&nbsp;del 2027. Se trata de&nbsp;<strong><a href=\"https:\/\/medicina.udd.cl\/kinesiologia-santiago\/nuestro-equipo\/#!\/modal\/1924\/maria-jesus-mena-iturriaga\">Mar\u00eda Jes\u00fas Mena<\/a><\/strong>, quien liderar\u00e1 y moderar\u00e1 uno de los Focused Symposia del encuentro, y&nbsp;<strong><a href=\"https:\/\/medicina.udd.cl\/kinesiologia-santiago\/nuestro-equipo\/#!\/modal\/4417\/catherine-sanhueza\">Catherine Sanhueza<\/a><\/strong>, quien participar\u00e1 como expositora en esta instancia cient\u00edfica internacional.<\/p>\n\n\n\n<p>El Congreso Mundial de Kinesiolog\u00eda constituye el principal encuentro internacional de la disciplina y se realiza cada dos a\u00f1os, convocando a profesionales, acad\u00e9micos e investigadores de distintos pa\u00edses para compartir evidencia, experiencias y avances en torno a la fisioterapia y la rehabilitaci\u00f3n.<\/p>\n\n\n\n<p>La participaci\u00f3n de ambas acad\u00e9micas adquiere especial relevancia debido al car\u00e1cter selectivo de los&nbsp;<strong>Focused Symposia<\/strong>, sesiones cient\u00edficas centrales del congreso que son seleccionadas mediante un proceso competitivo considerando su relevancia internacional, actualidad e impacto para la disciplina. En esta edici\u00f3n fueron seleccionados&nbsp;<strong>23 simposios de este tipo a nivel mundial<\/strong>.<\/p>\n\n\n\n<p><em>\u201cEs la instancia mundial que re\u00fane a la Kinesiolog\u00eda. Solo fueron seleccionados 23 Focused Symposia de todo el mundo. As\u00ed que es un orgullo para nosotros, considerando que somos dos acad\u00e9micas UDD presentes\u201d<\/em>, destac\u00f3&nbsp;<strong>Mar\u00eda Jes\u00fas Mena.<\/strong><\/p>\n\n\n\n<h3 class=\"wp-block-heading\">Humanizaci\u00f3n como eje de la formaci\u00f3n y la pr\u00e1ctica kin\u00e9sica<\/h3>\n\n\n\n<p>El simposio que contar\u00e1 con la participaci\u00f3n de las acad\u00e9micas UDD abordar\u00e1 el aporte de las&nbsp;<strong>humanidades m\u00e9dicas, la medicina gr\u00e1fica y los determinantes sociales de la salud<\/strong>&nbsp;a una formaci\u00f3n y pr\u00e1ctica de la kinesiolog\u00eda m\u00e1s reflexiva, emp\u00e1tica y centrada en las personas.<\/p>\n\n\n\n<p><strong>Mar\u00eda Jes\u00fas Mena<\/strong>&nbsp;liderar\u00e1 y moderar\u00e1 la sesi\u00f3n junto a&nbsp;<strong>Catherine Sanhueza<\/strong>&nbsp;y expertos internacionales provenientes de&nbsp;<strong>Italia y Espa\u00f1a<\/strong>. El encuentro permitir\u00e1 analizar distintas herramientas y perspectivas para comprender de manera m\u00e1s integral la experiencia de las personas que viven con dolor cr\u00f3nico y otras condiciones de larga duraci\u00f3n, considerando sus dimensiones biopsicosociales y contextuales.<\/p>\n\n\n\n<p>Adem\u00e1s, el simposio incorporar\u00e1 una actividad interactiva en la que los asistentes podr\u00e1n aplicar herramientas de medicina gr\u00e1fica para aproximarse a la experiencia de vivir con dolor cr\u00f3nico, promoviendo nuevas formas de comprensi\u00f3n y comunicaci\u00f3n en torno a estas experiencias.<\/p>\n\n\n\n<p>Esta participaci\u00f3n internacional se relaciona directamente con un trabajo que Kinesiolog\u00eda UDD ha venido desarrollando en torno a la&nbsp;<strong>humanizaci\u00f3n de la formaci\u00f3n profesional<\/strong>, incorporando las humanidades como un elemento que contribuye al desarrollo del&nbsp;<em>caring<\/em>, el profesionalismo y el autocuidado de los estudiantes.<\/p>\n\n\n\n<p>En este proceso ha sido especialmente relevante el acompa\u00f1amiento de&nbsp;<strong>Carla Benaglio, vicedecana de Desarrollo de la Facultad de Medicina Cl\u00ednica Alemana UDD<\/strong>, quien, a trav\u00e9s de su mentor\u00eda, ha apoyado la incorporaci\u00f3n de&nbsp;<strong>c\u00e1psulas de humanidades<\/strong>&nbsp;en la carrera de Kinesiolog\u00eda.<\/p>\n\n\n\n<h3 class=\"wp-block-heading\">Una trayectoria de presencia internacional<\/h3>\n\n\n\n<p>La participaci\u00f3n de&nbsp;<strong>Mar\u00eda Jes\u00fas Mena<\/strong>&nbsp;y&nbsp;<strong>Catherine Sanhueza<\/strong>&nbsp;se suma a una trayectoria de presencia internacional que Kinesiolog\u00eda UDD ha construido durante los \u00faltimos a\u00f1os en el Congreso Mundial de Kinesiolog\u00eda. De acuerdo con el director de la carrera,&nbsp;<strong><a href=\"https:\/\/medicina.udd.cl\/kinesiologia-santiago\/nuestro-equipo\/#!\/modal\/1126\/jorge-molina-blamey\">Jorge Molina<\/a><\/strong>, la instituci\u00f3n ha estado presente en al menos cinco o seis ediciones anteriores, mediante exposiciones, trabajos cient\u00edficos, presentaciones libres y participaci\u00f3n de representantes en instancias de organizaci\u00f3n.<\/p>\n\n\n\n<p><em>\u201cNosotros lo vemos como un motivo de enorme orgullo. Cuando se plantea que uno tiene que tener presencia nacional e internacional, esto es verdaderamente presencia internacional y es la demostraci\u00f3n franca de que estamos apuntando a la calidad: a la calidad en la formaci\u00f3n, a la calidad docente y a la presencia nacional e internacional de nuestro equipo profesional\u201d<\/em>, se\u00f1al\u00f3.<\/p>\n\n\n\n<p>La participaci\u00f3n en Guadalajara 2027 representa as\u00ed un nuevo hito para Kinesiolog\u00eda UDD y refleja el desarrollo de un equipo acad\u00e9mico que, adem\u00e1s de contribuir a la formaci\u00f3n de nuevos profesionales, participa activamente en espacios internacionales de discusi\u00f3n, generaci\u00f3n de conocimiento e innovaci\u00f3n en la disciplina.<\/p>\n\n\n\n<p>Con su presencia en uno de los principales encuentros mundiales de la kinesiolog\u00eda, las acad\u00e9micas&nbsp;<strong>Mar\u00eda Jes\u00fas Mena<\/strong>&nbsp;y&nbsp;<strong>Catherine Sanhueza<\/strong>&nbsp;contribuir\u00e1n a posicionar el trabajo que se desarrolla en la&nbsp;<strong>Facultad de Medicina Cl\u00ednica Alemana UDD<\/strong>&nbsp;en torno a una formaci\u00f3n profesional que integra la evidencia cient\u00edfica con una mirada&nbsp;<strong>m\u00e1s humana, reflexiva y centrada en las personas<\/strong>.<\/p>\n\n\n\n<figure class=\"wp-block-image aligncenter size-full\"><a href=\"https:\/\/medicina.udd.cl\/kinesiologia-santiago\/files\/2026\/09\/kine-maria-jesus-mena-y-catherine-sanhueza-guadalajara-2027.jpeg\"><img loading=\"lazy\" decoding=\"async\" width=\"710\" height=\"895\" src=\"https:\/\/medicina.udd.cl\/kinesiologia-santiago\/files\/2026\/09\/kine-maria-jesus-mena-y-catherine-sanhueza-guadalajara-2027.jpeg\" alt=\"\" class=\"wp-image-7614\" srcset=\"https:\/\/medicina.udd.cl\/kinesiologia-santiago\/files\/2026\/09\/kine-maria-jesus-mena-y-catherine-sanhueza-guadalajara-2027.jpeg 710w, https:\/\/medicina.udd.cl\/kinesiologia-santiago\/files\/2026\/09\/kine-maria-jesus-mena-y-catherine-sanhueza-guadalajara-2027-238x300.jpeg 238w\" sizes=\"auto, (max-width: 710px) 100vw, 710px\" \/><\/a><\/figure>\n","protected":false},"excerpt":{"rendered":"<p>Dos acad\u00e9micas de la carrera de&nbsp;Kinesiolog\u00eda&nbsp;de la&nbsp;Facultad de Medicina Cl\u00ednica Alemana Universidad del Desarrollo (UDD)&nbsp;representar\u00e1n a la instituci\u00f3n en el pr\u00f3ximo&nbsp;Congreso Mundial de Kinesiolog\u00eda, que se realizar\u00e1 en Guadalajara, M\u00e9xico, del 14 al 16 de mayo&nbsp;del 2027. Se trata de&nbsp;Mar\u00eda Jes\u00fas Mena, quien liderar\u00e1 y moderar\u00e1 uno de los Focused Symposia del encuentro, y&nbsp;Catherine Sanhueza, [&hellip;]<\/p>\n","protected":false},"author":9192219,"featured_media":7612,"comment_status":"closed","ping_status":"open","sticky":false,"template":"","format":"standard","meta":{"footnotes":""},"categories":[4],"tags":[],"class_list":["post-7610","post","type-post","status-publish","format-standard","has-post-thumbnail","hentry","category-noticias"],"yoast_head":"<!-- This site is optimized with the Yoast SEO plugin v26.9 - https:\/\/yoast.com\/product\/yoast-seo-wordpress\/ -->\n<title>Acad\u00e9micas de Kinesiolog\u00eda UDD participar\u00e1n en el Congreso Mundial de Kinesiolog\u00eda Guadalajara 2027 - Kinesiolog\u00eda<\/title>\n<meta name=\"robots\" content=\"index, follow, max-snippet:-1, max-image-preview:large, max-video-preview:-1\" \/>\n<link rel=\"canonical\" href=\"https:\/\/medicina.udd.cl\/kinesiologia-santiago\/noticias\/2026\/09\/02\/academicas-de-kinesiologia-udd-participaran-en-el-congreso-mundial-de-kinesiologia-guadalajara-2027\/\" \/>\n<meta property=\"og:locale\" content=\"es_ES\" \/>\n<meta property=\"og:type\" content=\"article\" \/>\n<meta property=\"og:title\" content=\"Acad\u00e9micas de Kinesiolog\u00eda UDD participar\u00e1n en el Congreso Mundial de Kinesiolog\u00eda Guadalajara 2027 - Kinesiolog\u00eda\" \/>\n<meta property=\"og:description\" content=\"Dos acad\u00e9micas de la carrera de&nbsp;Kinesiolog\u00eda&nbsp;de la&nbsp;Facultad de Medicina Cl\u00ednica Alemana Universidad del Desarrollo (UDD)&nbsp;representar\u00e1n a la instituci\u00f3n en el pr\u00f3ximo&nbsp;Congreso Mundial de Kinesiolog\u00eda, que se realizar\u00e1 en Guadalajara, M\u00e9xico, del 14 al 16 de mayo&nbsp;del 2027. Se trata de&nbsp;Mar\u00eda Jes\u00fas Mena, quien liderar\u00e1 y moderar\u00e1 uno de los Focused Symposia del encuentro, y&nbsp;Catherine Sanhueza, [&hellip;]\" \/>\n<meta property=\"og:url\" content=\"https:\/\/medicina.udd.cl\/kinesiologia-santiago\/noticias\/2026\/09\/02\/academicas-de-kinesiologia-udd-participaran-en-el-congreso-mundial-de-kinesiologia-guadalajara-2027\/\" \/>\n<meta property=\"og:site_name\" content=\"Kinesiolog\u00eda\" \/>\n<meta property=\"article:published_time\" content=\"2026-09-02T14:29:06+00:00\" \/>\n<meta property=\"article:modified_time\" content=\"2026-09-02T15:05:59+00:00\" \/>\n<meta property=\"og:image\" content=\"https:\/\/medicina.udd.cl\/kinesiologia-santiago\/files\/2026\/09\/kine-maria-jesus-mena-y-catherine-sanhueza.jpg\" \/>\n\t<meta property=\"og:image:width\" content=\"474\" \/>\n\t<meta property=\"og:image:height\" content=\"267\" \/>\n\t<meta property=\"og:image:type\" content=\"image\/jpeg\" \/>\n<meta name=\"author\" content=\"rbraidy\" \/>\n<meta name=\"twitter:label1\" content=\"Escrito por\" \/>\n\t<meta name=\"twitter:data1\" content=\"rbraidy\" \/>\n\t<meta name=\"twitter:label2\" content=\"Tiempo de lectura\" \/>\n\t<meta name=\"twitter:data2\" content=\"4 minutos\" \/>\n<script type=\"application\/ld+json\" class=\"yoast-schema-graph\">{\"@context\":\"https:\/\/schema.org\",\"@graph\":[{\"@type\":\"Article\",\"@id\":\"https:\/\/medicina.udd.cl\/kinesiologia-santiago\/noticias\/2026\/09\/02\/academicas-de-kinesiologia-udd-participaran-en-el-congreso-mundial-de-kinesiologia-guadalajara-2027\/#article\",\"isPartOf\":{\"@id\":\"https:\/\/medicina.udd.cl\/kinesiologia-santiago\/noticias\/2026\/09\/02\/academicas-de-kinesiologia-udd-participaran-en-el-congreso-mundial-de-kinesiologia-guadalajara-2027\/\"},\"author\":{\"name\":\"rbraidy\",\"@id\":\"https:\/\/medicina.udd.cl\/kinesiologia-santiago\/#\/schema\/person\/dbc3705bf3a93e8be1ba6de0ef950341\"},\"headline\":\"Acad\u00e9micas de Kinesiolog\u00eda UDD participar\u00e1n en el Congreso Mundial de Kinesiolog\u00eda Guadalajara 2027\",\"datePublished\":\"2026-09-02T14:29:06+00:00\",\"dateModified\":\"2026-09-02T15:05:59+00:00\",\"mainEntityOfPage\":{\"@id\":\"https:\/\/medicina.udd.cl\/kinesiologia-santiago\/noticias\/2026\/09\/02\/academicas-de-kinesiologia-udd-participaran-en-el-congreso-mundial-de-kinesiologia-guadalajara-2027\/\"},\"wordCount\":880,\"image\":{\"@id\":\"https:\/\/medicina.udd.cl\/kinesiologia-santiago\/noticias\/2026\/09\/02\/academicas-de-kinesiologia-udd-participaran-en-el-congreso-mundial-de-kinesiologia-guadalajara-2027\/#primaryimage\"},\"thumbnailUrl\":\"https:\/\/medicina.udd.cl\/kinesiologia-santiago\/files\/2026\/09\/kine-maria-jesus-mena-y-catherine-sanhueza.jpg\",\"articleSection\":[\"Noticias\"],\"inLanguage\":\"es\"},{\"@type\":\"WebPage\",\"@id\":\"https:\/\/medicina.udd.cl\/kinesiologia-santiago\/noticias\/2026\/09\/02\/academicas-de-kinesiologia-udd-participaran-en-el-congreso-mundial-de-kinesiologia-guadalajara-2027\/\",\"url\":\"https:\/\/medicina.udd.cl\/kinesiologia-santiago\/noticias\/2026\/09\/02\/academicas-de-kinesiologia-udd-participaran-en-el-congreso-mundial-de-kinesiologia-guadalajara-2027\/\",\"name\":\"Acad\u00e9micas de Kinesiolog\u00eda UDD participar\u00e1n en el Congreso Mundial de Kinesiolog\u00eda Guadalajara 2027 - Kinesiolog\u00eda\",\"isPartOf\":{\"@id\":\"https:\/\/medicina.udd.cl\/kinesiologia-santiago\/#website\"},\"primaryImageOfPage\":{\"@id\":\"https:\/\/medicina.udd.cl\/kinesiologia-santiago\/noticias\/2026\/09\/02\/academicas-de-kinesiologia-udd-participaran-en-el-congreso-mundial-de-kinesiologia-guadalajara-2027\/#primaryimage\"},\"image\":{\"@id\":\"https:\/\/medicina.udd.cl\/kinesiologia-santiago\/noticias\/2026\/09\/02\/academicas-de-kinesiologia-udd-participaran-en-el-congreso-mundial-de-kinesiologia-guadalajara-2027\/#primaryimage\"},\"thumbnailUrl\":\"https:\/\/medicina.udd.cl\/kinesiologia-santiago\/files\/2026\/09\/kine-maria-jesus-mena-y-catherine-sanhueza.jpg\",\"datePublished\":\"2026-09-02T14:29:06+00:00\",\"dateModified\":\"2026-09-02T15:05:59+00:00\",\"author\":{\"@id\":\"https:\/\/medicina.udd.cl\/kinesiologia-santiago\/#\/schema\/person\/dbc3705bf3a93e8be1ba6de0ef950341\"},\"breadcrumb\":{\"@id\":\"https:\/\/medicina.udd.cl\/kinesiologia-santiago\/noticias\/2026\/09\/02\/academicas-de-kinesiologia-udd-participaran-en-el-congreso-mundial-de-kinesiologia-guadalajara-2027\/#breadcrumb\"},\"inLanguage\":\"es\",\"potentialAction\":[{\"@type\":\"ReadAction\",\"target\":[\"https:\/\/medicina.udd.cl\/kinesiologia-santiago\/noticias\/2026\/09\/02\/academicas-de-kinesiologia-udd-participaran-en-el-congreso-mundial-de-kinesiologia-guadalajara-2027\/\"]}]},{\"@type\":\"ImageObject\",\"inLanguage\":\"es\",\"@id\":\"https:\/\/medicina.udd.cl\/kinesiologia-santiago\/noticias\/2026\/09\/02\/academicas-de-kinesiologia-udd-participaran-en-el-congreso-mundial-de-kinesiologia-guadalajara-2027\/#primaryimage\",\"url\":\"https:\/\/medicina.udd.cl\/kinesiologia-santiago\/files\/2026\/09\/kine-maria-jesus-mena-y-catherine-sanhueza.jpg\",\"contentUrl\":\"https:\/\/medicina.udd.cl\/kinesiologia-santiago\/files\/2026\/09\/kine-maria-jesus-mena-y-catherine-sanhueza.jpg\",\"width\":474,\"height\":267},{\"@type\":\"BreadcrumbList\",\"@id\":\"https:\/\/medicina.udd.cl\/kinesiologia-santiago\/noticias\/2026\/09\/02\/academicas-de-kinesiologia-udd-participaran-en-el-congreso-mundial-de-kinesiologia-guadalajara-2027\/#breadcrumb\",\"itemListElement\":[{\"@type\":\"ListItem\",\"position\":1,\"name\":\"Home\",\"item\":\"https:\/\/medicina.udd.cl\/kinesiologia-santiago\/\"},{\"@type\":\"ListItem\",\"position\":2,\"name\":\"Acad\u00e9micas de Kinesiolog\u00eda UDD participar\u00e1n en el Congreso Mundial de Kinesiolog\u00eda Guadalajara 2027\"}]},{\"@type\":\"WebSite\",\"@id\":\"https:\/\/medicina.udd.cl\/kinesiologia-santiago\/#website\",\"url\":\"https:\/\/medicina.udd.cl\/kinesiologia-santiago\/\",\"name\":\"Kinesiolog\u00eda\",\"description\":\"Facultad de Medicina Cl\u00ednica Alemana Universidad del Desarrollo\",\"inLanguage\":\"es\"},{\"@type\":\"Person\",\"@id\":\"https:\/\/medicina.udd.cl\/kinesiologia-santiago\/#\/schema\/person\/dbc3705bf3a93e8be1ba6de0ef950341\",\"name\":\"rbraidy\",\"image\":{\"@type\":\"ImageObject\",\"inLanguage\":\"es\",\"@id\":\"https:\/\/medicina.udd.cl\/kinesiologia-santiago\/#\/schema\/person\/image\/\",\"url\":\"https:\/\/secure.gravatar.com\/avatar\/0f8bc94637401590e45d2ce17eb65c274cb8870a219de6177f3f23e63fd8cdf3?s=96&d=mm&r=g\",\"contentUrl\":\"https:\/\/secure.gravatar.com\/avatar\/0f8bc94637401590e45d2ce17eb65c274cb8870a219de6177f3f23e63fd8cdf3?s=96&d=mm&r=g\",\"caption\":\"rbraidy\"},\"url\":\"https:\/\/medicina.udd.cl\/kinesiologia-santiago\/noticias\/author\/rbraidy\/\"}]}<\/script>\n<!-- \/ Yoast SEO plugin. -->","yoast_head_json":{"title":"Acad\u00e9micas de Kinesiolog\u00eda UDD participar\u00e1n en el Congreso Mundial de Kinesiolog\u00eda Guadalajara 2027 - Kinesiolog\u00eda","robots":{"index":"index","follow":"follow","max-snippet":"max-snippet:-1","max-image-preview":"max-image-preview:large","max-video-preview":"max-video-preview:-1"},"canonical":"https:\/\/medicina.udd.cl\/kinesiologia-santiago\/noticias\/2026\/09\/02\/academicas-de-kinesiologia-udd-participaran-en-el-congreso-mundial-de-kinesiologia-guadalajara-2027\/","og_locale":"es_ES","og_type":"article","og_title":"Acad\u00e9micas de Kinesiolog\u00eda UDD participar\u00e1n en el Congreso Mundial de Kinesiolog\u00eda Guadalajara 2027 - Kinesiolog\u00eda","og_description":"Dos acad\u00e9micas de la carrera de&nbsp;Kinesiolog\u00eda&nbsp;de la&nbsp;Facultad de Medicina Cl\u00ednica Alemana Universidad del Desarrollo (UDD)&nbsp;representar\u00e1n a la instituci\u00f3n en el pr\u00f3ximo&nbsp;Congreso Mundial de Kinesiolog\u00eda, que se realizar\u00e1 en Guadalajara, M\u00e9xico, del 14 al 16 de mayo&nbsp;del 2027. Se trata de&nbsp;Mar\u00eda Jes\u00fas Mena, quien liderar\u00e1 y moderar\u00e1 uno de los Focused Symposia del encuentro, y&nbsp;Catherine Sanhueza, [&hellip;]","og_url":"https:\/\/medicina.udd.cl\/kinesiologia-santiago\/noticias\/2026\/09\/02\/academicas-de-kinesiologia-udd-participaran-en-el-congreso-mundial-de-kinesiologia-guadalajara-2027\/","og_site_name":"Kinesiolog\u00eda","article_published_time":"2026-09-02T14:29:06+00:00","article_modified_time":"2026-09-02T15:05:59+00:00","og_image":[{"width":474,"height":267,"url":"https:\/\/medicina.udd.cl\/kinesiologia-santiago\/files\/2026\/09\/kine-maria-jesus-mena-y-catherine-sanhueza.jpg","type":"image\/jpeg"}],"author":"rbraidy","twitter_misc":{"Escrito por":"rbraidy","Tiempo de lectura":"4 minutos"},"schema":{"@context":"https:\/\/schema.org","@graph":[{"@type":"Article","@id":"https:\/\/medicina.udd.cl\/kinesiologia-santiago\/noticias\/2026\/09\/02\/academicas-de-kinesiologia-udd-participaran-en-el-congreso-mundial-de-kinesiologia-guadalajara-2027\/#article","isPartOf":{"@id":"https:\/\/medicina.udd.cl\/kinesiologia-santiago\/noticias\/2026\/09\/02\/academicas-de-kinesiologia-udd-participaran-en-el-congreso-mundial-de-kinesiologia-guadalajara-2027\/"},"author":{"name":"rbraidy","@id":"https:\/\/medicina.udd.cl\/kinesiologia-santiago\/#\/schema\/person\/dbc3705bf3a93e8be1ba6de0ef950341"},"headline":"Acad\u00e9micas de Kinesiolog\u00eda UDD participar\u00e1n en el Congreso Mundial de Kinesiolog\u00eda Guadalajara 2027","datePublished":"2026-09-02T14:29:06+00:00","dateModified":"2026-09-02T15:05:59+00:00","mainEntityOfPage":{"@id":"https:\/\/medicina.udd.cl\/kinesiologia-santiago\/noticias\/2026\/09\/02\/academicas-de-kinesiologia-udd-participaran-en-el-congreso-mundial-de-kinesiologia-guadalajara-2027\/"},"wordCount":880,"image":{"@id":"https:\/\/medicina.udd.cl\/kinesiologia-santiago\/noticias\/2026\/09\/02\/academicas-de-kinesiologia-udd-participaran-en-el-congreso-mundial-de-kinesiologia-guadalajara-2027\/#primaryimage"},"thumbnailUrl":"https:\/\/medicina.udd.cl\/kinesiologia-santiago\/files\/2026\/09\/kine-maria-jesus-mena-y-catherine-sanhueza.jpg","articleSection":["Noticias"],"inLanguage":"es"},{"@type":"WebPage","@id":"https:\/\/medicina.udd.cl\/kinesiologia-santiago\/noticias\/2026\/09\/02\/academicas-de-kinesiologia-udd-participaran-en-el-congreso-mundial-de-kinesiologia-guadalajara-2027\/","url":"https:\/\/medicina.udd.cl\/kinesiologia-santiago\/noticias\/2026\/09\/02\/academicas-de-kinesiologia-udd-participaran-en-el-congreso-mundial-de-kinesiologia-guadalajara-2027\/","name":"Acad\u00e9micas de Kinesiolog\u00eda UDD participar\u00e1n en el Congreso Mundial de Kinesiolog\u00eda Guadalajara 2027 - Kinesiolog\u00eda","isPartOf":{"@id":"https:\/\/medicina.udd.cl\/kinesiologia-santiago\/#website"},"primaryImageOfPage":{"@id":"https:\/\/medicina.udd.cl\/kinesiologia-santiago\/noticias\/2026\/09\/02\/academicas-de-kinesiologia-udd-participaran-en-el-congreso-mundial-de-kinesiologia-guadalajara-2027\/#primaryimage"},"image":{"@id":"https:\/\/medicina.udd.cl\/kinesiologia-santiago\/noticias\/2026\/09\/02\/academicas-de-kinesiologia-udd-participaran-en-el-congreso-mundial-de-kinesiologia-guadalajara-2027\/#primaryimage"},"thumbnailUrl":"https:\/\/medicina.udd.cl\/kinesiologia-santiago\/files\/2026\/09\/kine-maria-jesus-mena-y-catherine-sanhueza.jpg","datePublished":"2026-09-02T14:29:06+00:00","dateModified":"2026-09-02T15:05:59+00:00","author":{"@id":"https:\/\/medicina.udd.cl\/kinesiologia-santiago\/#\/schema\/person\/dbc3705bf3a93e8be1ba6de0ef950341"},"breadcrumb":{"@id":"https:\/\/medicina.udd.cl\/kinesiologia-santiago\/noticias\/2026\/09\/02\/academicas-de-kinesiologia-udd-participaran-en-el-congreso-mundial-de-kinesiologia-guadalajara-2027\/#breadcrumb"},"inLanguage":"es","potentialAction":[{"@type":"ReadAction","target":["https:\/\/medicina.udd.cl\/kinesiologia-santiago\/noticias\/2026\/09\/02\/academicas-de-kinesiologia-udd-participaran-en-el-congreso-mundial-de-kinesiologia-guadalajara-2027\/"]}]},{"@type":"ImageObject","inLanguage":"es","@id":"https:\/\/medicina.udd.cl\/kinesiologia-santiago\/noticias\/2026\/09\/02\/academicas-de-kinesiologia-udd-participaran-en-el-congreso-mundial-de-kinesiologia-guadalajara-2027\/#primaryimage","url":"https:\/\/medicina.udd.cl\/kinesiologia-santiago\/files\/2026\/09\/kine-maria-jesus-mena-y-catherine-sanhueza.jpg","contentUrl":"https:\/\/medicina.udd.cl\/kinesiologia-santiago\/files\/2026\/09\/kine-maria-jesus-mena-y-catherine-sanhueza.jpg","width":474,"height":267},{"@type":"BreadcrumbList","@id":"https:\/\/medicina.udd.cl\/kinesiologia-santiago\/noticias\/2026\/09\/02\/academicas-de-kinesiologia-udd-participaran-en-el-congreso-mundial-de-kinesiologia-guadalajara-2027\/#breadcrumb","itemListElement":[{"@type":"ListItem","position":1,"name":"Home","item":"https:\/\/medicina.udd.cl\/kinesiologia-santiago\/"},{"@type":"ListItem","position":2,"name":"Acad\u00e9micas de Kinesiolog\u00eda UDD participar\u00e1n en el Congreso Mundial de Kinesiolog\u00eda Guadalajara 2027"}]},{"@type":"WebSite","@id":"https:\/\/medicina.udd.cl\/kinesiologia-santiago\/#website","url":"https:\/\/medicina.udd.cl\/kinesiologia-santiago\/","name":"Kinesiolog\u00eda","description":"Facultad de Medicina Cl\u00ednica Alemana Universidad del Desarrollo","inLanguage":"es"},{"@type":"Person","@id":"https:\/\/medicina.udd.cl\/kinesiologia-santiago\/#\/schema\/person\/dbc3705bf3a93e8be1ba6de0ef950341","name":"rbraidy","image":{"@type":"ImageObject","inLanguage":"es","@id":"https:\/\/medicina.udd.cl\/kinesiologia-santiago\/#\/schema\/person\/image\/","url":"https:\/\/secure.gravatar.com\/avatar\/0f8bc94637401590e45d2ce17eb65c274cb8870a219de6177f3f23e63fd8cdf3?s=96&d=mm&r=g","contentUrl":"https:\/\/secure.gravatar.com\/avatar\/0f8bc94637401590e45d2ce17eb65c274cb8870a219de6177f3f23e63fd8cdf3?s=96&d=mm&r=g","caption":"rbraidy"},"url":"https:\/\/medicina.udd.cl\/kinesiologia-santiago\/noticias\/author\/rbraidy\/"}]}},"featured_image_url":"https:\/\/medicina.udd.cl\/kinesiologia-santiago\/files\/2026\/09\/kine-maria-jesus-mena-y-catherine-sanhueza.jpg","_links":{"self":[{"href":"https:\/\/medicina.udd.cl\/kinesiologia-santiago\/wp-json\/wp\/v2\/posts\/7610","targetHints":{"allow":["GET"]}}],"collection":[{"href":"https:\/\/medicina.udd.cl\/kinesiologia-santiago\/wp-json\/wp\/v2\/posts"}],"about":[{"href":"https:\/\/medicina.udd.cl\/kinesiologia-santiago\/wp-json\/wp\/v2\/types\/post"}],"author":[{"embeddable":true,"href":"https:\/\/medicina.udd.cl\/kinesiologia-santiago\/wp-json\/wp\/v2\/users\/9192219"}],"replies":[{"embeddable":true,"href":"https:\/\/medicina.udd.cl\/kinesiologia-santiago\/wp-json\/wp\/v2\/comments?post=7610"}],"version-history":[{"count":2,"href":"https:\/\/medicina.udd.cl\/kinesiologia-santiago\/wp-json\/wp\/v2\/posts\/7610\/revisions"}],"predecessor-version":[{"id":7615,"href":"https:\/\/medicina.udd.cl\/kinesiologia-santiago\/wp-json\/wp\/v2\/posts\/7610\/revisions\/7615"}],"wp:featuredmedia":[{"embeddable":true,"href":"https:\/\/medicina.udd.cl\/kinesiologia-santiago\/wp-json\/wp\/v2\/media\/7612"}],"wp:attachment":[{"href":"https:\/\/medicina.udd.cl\/kinesiologia-santiago\/wp-json\/wp\/v2\/media?parent=7610"}],"wp:term":[{"taxonomy":"category","embeddable":true,"href":"https:\/\/medicina.udd.cl\/kinesiologia-santiago\/wp-json\/wp\/v2\/categories?post=7610"},{"taxonomy":"post_tag","embeddable":true,"href":"https:\/\/medicina.udd.cl\/kinesiologia-santiago\/wp-json\/wp\/v2\/tags?post=7610"}],"curies":[{"name":"wp","href":"https:\/\/api.w.org\/{rel}","templated":true}]}}