{"id":791,"date":"2012-11-06T12:32:04","date_gmt":"2012-11-06T15:32:04","guid":{"rendered":"http:\/\/medicina.udd.cl\/kinesiologia-santiago\/?p=791"},"modified":"2012-11-06T12:42:09","modified_gmt":"2012-11-06T15:42:09","slug":"docentes-de-la-carrera-de-kinesiologia-exponen-en-congreso-chileno-de-medicina-intensiva","status":"publish","type":"post","link":"https:\/\/medicina.udd.cl\/kinesiologia-santiago\/noticias\/2012\/11\/06\/docentes-de-la-carrera-de-kinesiologia-exponen-en-congreso-chileno-de-medicina-intensiva\/","title":{"rendered":"Docentes de la carrera de Kinesiolog\u00eda exponen en Congreso chileno de Medicina Intensiva"},"content":{"rendered":"<p><a href=\"http:\/\/medicina.udd.cl\/kinesiologia-santiago\/files\/2012\/11\/Congreso.png\"><img loading=\"lazy\" decoding=\"async\" class=\"alignleft size-medium wp-image-792\" title=\"Congreso chileno de Medicina Intensiva\" src=\"http:\/\/medicina.udd.cl\/kinesiologia-santiago\/files\/2012\/11\/Congreso-300x161.png\" alt=\"\" width=\"300\" height=\"161\" srcset=\"https:\/\/medicina.udd.cl\/kinesiologia-santiago\/files\/2012\/11\/Congreso-300x161.png 300w, https:\/\/medicina.udd.cl\/kinesiologia-santiago\/files\/2012\/11\/Congreso-768x412.png 768w, https:\/\/medicina.udd.cl\/kinesiologia-santiago\/files\/2012\/11\/Congreso-1024x550.png 1024w, https:\/\/medicina.udd.cl\/kinesiologia-santiago\/files\/2012\/11\/Congreso-960x515.png 960w, https:\/\/medicina.udd.cl\/kinesiologia-santiago\/files\/2012\/11\/Congreso.png 1304w\" sizes=\"auto, (max-width: 300px) 100vw, 300px\" \/><\/a>Entre los d\u00edas 24 al 27 de octubre se realiz\u00f3 el Congreso chileno de Medicina Intensiva en el que participaron m\u00e1s de 700 profesionales especializados en cuidados intensivos de todo el pa\u00eds.<\/p>\n<p>En la oportunidad expusieron profesionales de la carrera de Kinesiolog\u00eda de la Facultad de Medicina Cl\u00ednica Alemana Universidad del Desarrollo:\u00a0Jorge Molina, Director de la Carrera de Kinesiolog\u00eda;\u00a0\u00a0Juan Eduardo Keymer;\u00a0Viviane Hidalgo;\u00a0Gonzalo Hormaz\u00e1bal y Felipe Cerpa.<\/p>\n<p>Asimismo, Gonzalo Hormaz\u00e1bal, coordinador del plan com\u00fan en Ciencias de la Salud, obtuvo el tercer lugar en trabajo cient\u00edfico presentaci\u00f3n oral.<\/p>\n<p><a href=\"http:\/\/medicina.udd.cl\/kinesiologia-santiago\/files\/2012\/11\/congreso-2.jpg\"><img loading=\"lazy\" decoding=\"async\" class=\"aligncenter size-medium wp-image-793\" title=\"Gonzalo Hormaz\u00e1val\" src=\"http:\/\/medicina.udd.cl\/kinesiologia-santiago\/files\/2012\/11\/congreso-2-300x279.jpg\" alt=\"\" width=\"300\" height=\"279\" srcset=\"https:\/\/medicina.udd.cl\/kinesiologia-santiago\/files\/2012\/11\/congreso-2-300x279.jpg 300w, https:\/\/medicina.udd.cl\/kinesiologia-santiago\/files\/2012\/11\/congreso-2.jpg 400w\" sizes=\"auto, (max-width: 300px) 100vw, 300px\" \/><\/a><\/p>\n","protected":false},"excerpt":{"rendered":"<p>Entre los d\u00edas 24 al 27 de octubre se realiz\u00f3 el Congreso chileno de Medicina Intensiva en el que participaron m\u00e1s de 700 profesionales especializados en cuidados intensivos de todo el pa\u00eds. En la oportunidad expusieron profesionales de la carrera de Kinesiolog\u00eda de la Facultad de Medicina Cl\u00ednica Alemana Universidad del Desarrollo:\u00a0Jorge Molina, Director de [&hellip;]<\/p>\n","protected":false},"author":1,"featured_media":0,"comment_status":"closed","ping_status":"closed","sticky":false,"template":"","format":"standard","meta":{"footnotes":""},"categories":[4],"tags":[],"class_list":["post-791","post","type-post","status-publish","format-standard","hentry","category-noticias"],"yoast_head":"<!-- This site is optimized with the Yoast SEO plugin v26.9 - https:\/\/yoast.com\/product\/yoast-seo-wordpress\/ -->\n<title>Docentes de la carrera de Kinesiolog\u00eda exponen en Congreso chileno de Medicina Intensiva<\/title>\n<meta name=\"description\" content=\"El profesor Gonzalo Hormaz\u00e1bal, coordinador del plan com\u00fan en Ciencias de la Salud, obtuvo el tercer lugar en trabajo cient\u00edfico presentaci\u00f3n oral.\" \/>\n<meta name=\"robots\" content=\"index, follow, max-snippet:-1, max-image-preview:large, max-video-preview:-1\" \/>\n<link rel=\"canonical\" href=\"https:\/\/medicina.udd.cl\/kinesiologia-santiago\/noticias\/2012\/11\/06\/docentes-de-la-carrera-de-kinesiologia-exponen-en-congreso-chileno-de-medicina-intensiva\/\" \/>\n<meta property=\"og:locale\" content=\"es_ES\" \/>\n<meta property=\"og:type\" content=\"article\" \/>\n<meta property=\"og:title\" content=\"Docentes de la carrera de Kinesiolog\u00eda exponen en Congreso chileno de Medicina Intensiva\" \/>\n<meta property=\"og:description\" content=\"El profesor Gonzalo Hormaz\u00e1bal, coordinador del plan com\u00fan en Ciencias de la Salud, obtuvo el tercer lugar en trabajo cient\u00edfico presentaci\u00f3n oral.\" \/>\n<meta property=\"og:url\" content=\"https:\/\/medicina.udd.cl\/kinesiologia-santiago\/noticias\/2012\/11\/06\/docentes-de-la-carrera-de-kinesiologia-exponen-en-congreso-chileno-de-medicina-intensiva\/\" \/>\n<meta property=\"og:site_name\" content=\"Kinesiolog\u00eda\" \/>\n<meta property=\"article:published_time\" content=\"2012-11-06T15:32:04+00:00\" \/>\n<meta property=\"article:modified_time\" content=\"2012-11-06T15:42:09+00:00\" \/>\n<meta property=\"og:image\" content=\"http:\/\/medicina.udd.cl\/kinesiologia-santiago\/files\/2012\/11\/Congreso-300x161.png\" \/>\n<meta name=\"author\" content=\"admin\" \/>\n<meta name=\"twitter:label1\" content=\"Escrito por\" \/>\n\t<meta name=\"twitter:data1\" content=\"admin\" \/>\n<script type=\"application\/ld+json\" class=\"yoast-schema-graph\">{\"@context\":\"https:\/\/schema.org\",\"@graph\":[{\"@type\":\"Article\",\"@id\":\"https:\/\/medicina.udd.cl\/kinesiologia-santiago\/noticias\/2012\/11\/06\/docentes-de-la-carrera-de-kinesiologia-exponen-en-congreso-chileno-de-medicina-intensiva\/#article\",\"isPartOf\":{\"@id\":\"https:\/\/medicina.udd.cl\/kinesiologia-santiago\/noticias\/2012\/11\/06\/docentes-de-la-carrera-de-kinesiologia-exponen-en-congreso-chileno-de-medicina-intensiva\/\"},\"author\":{\"name\":\"admin\",\"@id\":\"https:\/\/medicina.udd.cl\/kinesiologia-santiago\/#\/schema\/person\/f7abfa784c86da427e89287831f96ab7\"},\"headline\":\"Docentes de la carrera de Kinesiolog\u00eda exponen en Congreso chileno de Medicina Intensiva\",\"datePublished\":\"2012-11-06T15:32:04+00:00\",\"dateModified\":\"2012-11-06T15:42:09+00:00\",\"mainEntityOfPage\":{\"@id\":\"https:\/\/medicina.udd.cl\/kinesiologia-santiago\/noticias\/2012\/11\/06\/docentes-de-la-carrera-de-kinesiologia-exponen-en-congreso-chileno-de-medicina-intensiva\/\"},\"wordCount\":113,\"image\":{\"@id\":\"https:\/\/medicina.udd.cl\/kinesiologia-santiago\/noticias\/2012\/11\/06\/docentes-de-la-carrera-de-kinesiologia-exponen-en-congreso-chileno-de-medicina-intensiva\/#primaryimage\"},\"thumbnailUrl\":\"http:\/\/medicina.udd.cl\/kinesiologia-santiago\/files\/2012\/11\/Congreso-300x161.png\",\"articleSection\":[\"Noticias\"],\"inLanguage\":\"es\"},{\"@type\":\"WebPage\",\"@id\":\"https:\/\/medicina.udd.cl\/kinesiologia-santiago\/noticias\/2012\/11\/06\/docentes-de-la-carrera-de-kinesiologia-exponen-en-congreso-chileno-de-medicina-intensiva\/\",\"url\":\"https:\/\/medicina.udd.cl\/kinesiologia-santiago\/noticias\/2012\/11\/06\/docentes-de-la-carrera-de-kinesiologia-exponen-en-congreso-chileno-de-medicina-intensiva\/\",\"name\":\"Docentes de la carrera de Kinesiolog\u00eda exponen en Congreso chileno de Medicina Intensiva\",\"isPartOf\":{\"@id\":\"https:\/\/medicina.udd.cl\/kinesiologia-santiago\/#website\"},\"primaryImageOfPage\":{\"@id\":\"https:\/\/medicina.udd.cl\/kinesiologia-santiago\/noticias\/2012\/11\/06\/docentes-de-la-carrera-de-kinesiologia-exponen-en-congreso-chileno-de-medicina-intensiva\/#primaryimage\"},\"image\":{\"@id\":\"https:\/\/medicina.udd.cl\/kinesiologia-santiago\/noticias\/2012\/11\/06\/docentes-de-la-carrera-de-kinesiologia-exponen-en-congreso-chileno-de-medicina-intensiva\/#primaryimage\"},\"thumbnailUrl\":\"http:\/\/medicina.udd.cl\/kinesiologia-santiago\/files\/2012\/11\/Congreso-300x161.png\",\"datePublished\":\"2012-11-06T15:32:04+00:00\",\"dateModified\":\"2012-11-06T15:42:09+00:00\",\"author\":{\"@id\":\"https:\/\/medicina.udd.cl\/kinesiologia-santiago\/#\/schema\/person\/f7abfa784c86da427e89287831f96ab7\"},\"description\":\"El profesor Gonzalo Hormaz\u00e1bal, coordinador del plan com\u00fan en Ciencias de la Salud, obtuvo el tercer lugar en trabajo cient\u00edfico presentaci\u00f3n oral.\",\"breadcrumb\":{\"@id\":\"https:\/\/medicina.udd.cl\/kinesiologia-santiago\/noticias\/2012\/11\/06\/docentes-de-la-carrera-de-kinesiologia-exponen-en-congreso-chileno-de-medicina-intensiva\/#breadcrumb\"},\"inLanguage\":\"es\",\"potentialAction\":[{\"@type\":\"ReadAction\",\"target\":[\"https:\/\/medicina.udd.cl\/kinesiologia-santiago\/noticias\/2012\/11\/06\/docentes-de-la-carrera-de-kinesiologia-exponen-en-congreso-chileno-de-medicina-intensiva\/\"]}]},{\"@type\":\"ImageObject\",\"inLanguage\":\"es\",\"@id\":\"https:\/\/medicina.udd.cl\/kinesiologia-santiago\/noticias\/2012\/11\/06\/docentes-de-la-carrera-de-kinesiologia-exponen-en-congreso-chileno-de-medicina-intensiva\/#primaryimage\",\"url\":\"http:\/\/medicina.udd.cl\/kinesiologia-santiago\/files\/2012\/11\/Congreso-300x161.png\",\"contentUrl\":\"http:\/\/medicina.udd.cl\/kinesiologia-santiago\/files\/2012\/11\/Congreso-300x161.png\"},{\"@type\":\"BreadcrumbList\",\"@id\":\"https:\/\/medicina.udd.cl\/kinesiologia-santiago\/noticias\/2012\/11\/06\/docentes-de-la-carrera-de-kinesiologia-exponen-en-congreso-chileno-de-medicina-intensiva\/#breadcrumb\",\"itemListElement\":[{\"@type\":\"ListItem\",\"position\":1,\"name\":\"Home\",\"item\":\"https:\/\/medicina.udd.cl\/kinesiologia-santiago\/\"},{\"@type\":\"ListItem\",\"position\":2,\"name\":\"Docentes de la carrera de Kinesiolog\u00eda exponen en Congreso chileno de Medicina Intensiva\"}]},{\"@type\":\"WebSite\",\"@id\":\"https:\/\/medicina.udd.cl\/kinesiologia-santiago\/#website\",\"url\":\"https:\/\/medicina.udd.cl\/kinesiologia-santiago\/\",\"name\":\"Kinesiolog\u00eda\",\"description\":\"Facultad de Medicina Cl\u00ednica Alemana Universidad del Desarrollo\",\"inLanguage\":\"es\"},{\"@type\":\"Person\",\"@id\":\"https:\/\/medicina.udd.cl\/kinesiologia-santiago\/#\/schema\/person\/f7abfa784c86da427e89287831f96ab7\",\"name\":\"admin\",\"image\":{\"@type\":\"ImageObject\",\"inLanguage\":\"es\",\"@id\":\"https:\/\/medicina.udd.cl\/kinesiologia-santiago\/#\/schema\/person\/image\/\",\"url\":\"https:\/\/secure.gravatar.com\/avatar\/3cb6da298954dfb54457c0910b8c9ca010abd8d87a60f7d701b6ce4254e1c642?s=96&d=mm&r=g\",\"contentUrl\":\"https:\/\/secure.gravatar.com\/avatar\/3cb6da298954dfb54457c0910b8c9ca010abd8d87a60f7d701b6ce4254e1c642?s=96&d=mm&r=g\",\"caption\":\"admin\"},\"url\":\"https:\/\/medicina.udd.cl\/kinesiologia-santiago\/noticias\/author\/admin\/\"}]}<\/script>\n<!-- \/ Yoast SEO plugin. -->","yoast_head_json":{"title":"Docentes de la carrera de Kinesiolog\u00eda exponen en Congreso chileno de Medicina Intensiva","description":"El profesor Gonzalo Hormaz\u00e1bal, coordinador del plan com\u00fan en Ciencias de la Salud, obtuvo el tercer lugar en trabajo cient\u00edfico presentaci\u00f3n oral.","robots":{"index":"index","follow":"follow","max-snippet":"max-snippet:-1","max-image-preview":"max-image-preview:large","max-video-preview":"max-video-preview:-1"},"canonical":"https:\/\/medicina.udd.cl\/kinesiologia-santiago\/noticias\/2012\/11\/06\/docentes-de-la-carrera-de-kinesiologia-exponen-en-congreso-chileno-de-medicina-intensiva\/","og_locale":"es_ES","og_type":"article","og_title":"Docentes de la carrera de Kinesiolog\u00eda exponen en Congreso chileno de Medicina Intensiva","og_description":"El profesor Gonzalo Hormaz\u00e1bal, coordinador del plan com\u00fan en Ciencias de la Salud, obtuvo el tercer lugar en trabajo cient\u00edfico presentaci\u00f3n oral.","og_url":"https:\/\/medicina.udd.cl\/kinesiologia-santiago\/noticias\/2012\/11\/06\/docentes-de-la-carrera-de-kinesiologia-exponen-en-congreso-chileno-de-medicina-intensiva\/","og_site_name":"Kinesiolog\u00eda","article_published_time":"2012-11-06T15:32:04+00:00","article_modified_time":"2012-11-06T15:42:09+00:00","og_image":[{"url":"http:\/\/medicina.udd.cl\/kinesiologia-santiago\/files\/2012\/11\/Congreso-300x161.png","type":"","width":"","height":""}],"author":"admin","twitter_misc":{"Escrito por":"admin"},"schema":{"@context":"https:\/\/schema.org","@graph":[{"@type":"Article","@id":"https:\/\/medicina.udd.cl\/kinesiologia-santiago\/noticias\/2012\/11\/06\/docentes-de-la-carrera-de-kinesiologia-exponen-en-congreso-chileno-de-medicina-intensiva\/#article","isPartOf":{"@id":"https:\/\/medicina.udd.cl\/kinesiologia-santiago\/noticias\/2012\/11\/06\/docentes-de-la-carrera-de-kinesiologia-exponen-en-congreso-chileno-de-medicina-intensiva\/"},"author":{"name":"admin","@id":"https:\/\/medicina.udd.cl\/kinesiologia-santiago\/#\/schema\/person\/f7abfa784c86da427e89287831f96ab7"},"headline":"Docentes de la carrera de Kinesiolog\u00eda exponen en Congreso chileno de Medicina Intensiva","datePublished":"2012-11-06T15:32:04+00:00","dateModified":"2012-11-06T15:42:09+00:00","mainEntityOfPage":{"@id":"https:\/\/medicina.udd.cl\/kinesiologia-santiago\/noticias\/2012\/11\/06\/docentes-de-la-carrera-de-kinesiologia-exponen-en-congreso-chileno-de-medicina-intensiva\/"},"wordCount":113,"image":{"@id":"https:\/\/medicina.udd.cl\/kinesiologia-santiago\/noticias\/2012\/11\/06\/docentes-de-la-carrera-de-kinesiologia-exponen-en-congreso-chileno-de-medicina-intensiva\/#primaryimage"},"thumbnailUrl":"http:\/\/medicina.udd.cl\/kinesiologia-santiago\/files\/2012\/11\/Congreso-300x161.png","articleSection":["Noticias"],"inLanguage":"es"},{"@type":"WebPage","@id":"https:\/\/medicina.udd.cl\/kinesiologia-santiago\/noticias\/2012\/11\/06\/docentes-de-la-carrera-de-kinesiologia-exponen-en-congreso-chileno-de-medicina-intensiva\/","url":"https:\/\/medicina.udd.cl\/kinesiologia-santiago\/noticias\/2012\/11\/06\/docentes-de-la-carrera-de-kinesiologia-exponen-en-congreso-chileno-de-medicina-intensiva\/","name":"Docentes de la carrera de Kinesiolog\u00eda exponen en Congreso chileno de Medicina Intensiva","isPartOf":{"@id":"https:\/\/medicina.udd.cl\/kinesiologia-santiago\/#website"},"primaryImageOfPage":{"@id":"https:\/\/medicina.udd.cl\/kinesiologia-santiago\/noticias\/2012\/11\/06\/docentes-de-la-carrera-de-kinesiologia-exponen-en-congreso-chileno-de-medicina-intensiva\/#primaryimage"},"image":{"@id":"https:\/\/medicina.udd.cl\/kinesiologia-santiago\/noticias\/2012\/11\/06\/docentes-de-la-carrera-de-kinesiologia-exponen-en-congreso-chileno-de-medicina-intensiva\/#primaryimage"},"thumbnailUrl":"http:\/\/medicina.udd.cl\/kinesiologia-santiago\/files\/2012\/11\/Congreso-300x161.png","datePublished":"2012-11-06T15:32:04+00:00","dateModified":"2012-11-06T15:42:09+00:00","author":{"@id":"https:\/\/medicina.udd.cl\/kinesiologia-santiago\/#\/schema\/person\/f7abfa784c86da427e89287831f96ab7"},"description":"El profesor Gonzalo Hormaz\u00e1bal, coordinador del plan com\u00fan en Ciencias de la Salud, obtuvo el tercer lugar en trabajo cient\u00edfico presentaci\u00f3n oral.","breadcrumb":{"@id":"https:\/\/medicina.udd.cl\/kinesiologia-santiago\/noticias\/2012\/11\/06\/docentes-de-la-carrera-de-kinesiologia-exponen-en-congreso-chileno-de-medicina-intensiva\/#breadcrumb"},"inLanguage":"es","potentialAction":[{"@type":"ReadAction","target":["https:\/\/medicina.udd.cl\/kinesiologia-santiago\/noticias\/2012\/11\/06\/docentes-de-la-carrera-de-kinesiologia-exponen-en-congreso-chileno-de-medicina-intensiva\/"]}]},{"@type":"ImageObject","inLanguage":"es","@id":"https:\/\/medicina.udd.cl\/kinesiologia-santiago\/noticias\/2012\/11\/06\/docentes-de-la-carrera-de-kinesiologia-exponen-en-congreso-chileno-de-medicina-intensiva\/#primaryimage","url":"http:\/\/medicina.udd.cl\/kinesiologia-santiago\/files\/2012\/11\/Congreso-300x161.png","contentUrl":"http:\/\/medicina.udd.cl\/kinesiologia-santiago\/files\/2012\/11\/Congreso-300x161.png"},{"@type":"BreadcrumbList","@id":"https:\/\/medicina.udd.cl\/kinesiologia-santiago\/noticias\/2012\/11\/06\/docentes-de-la-carrera-de-kinesiologia-exponen-en-congreso-chileno-de-medicina-intensiva\/#breadcrumb","itemListElement":[{"@type":"ListItem","position":1,"name":"Home","item":"https:\/\/medicina.udd.cl\/kinesiologia-santiago\/"},{"@type":"ListItem","position":2,"name":"Docentes de la carrera de Kinesiolog\u00eda exponen en Congreso chileno de Medicina Intensiva"}]},{"@type":"WebSite","@id":"https:\/\/medicina.udd.cl\/kinesiologia-santiago\/#website","url":"https:\/\/medicina.udd.cl\/kinesiologia-santiago\/","name":"Kinesiolog\u00eda","description":"Facultad de Medicina Cl\u00ednica Alemana Universidad del Desarrollo","inLanguage":"es"},{"@type":"Person","@id":"https:\/\/medicina.udd.cl\/kinesiologia-santiago\/#\/schema\/person\/f7abfa784c86da427e89287831f96ab7","name":"admin","image":{"@type":"ImageObject","inLanguage":"es","@id":"https:\/\/medicina.udd.cl\/kinesiologia-santiago\/#\/schema\/person\/image\/","url":"https:\/\/secure.gravatar.com\/avatar\/3cb6da298954dfb54457c0910b8c9ca010abd8d87a60f7d701b6ce4254e1c642?s=96&d=mm&r=g","contentUrl":"https:\/\/secure.gravatar.com\/avatar\/3cb6da298954dfb54457c0910b8c9ca010abd8d87a60f7d701b6ce4254e1c642?s=96&d=mm&r=g","caption":"admin"},"url":"https:\/\/medicina.udd.cl\/kinesiologia-santiago\/noticias\/author\/admin\/"}]}},"featured_image_url":null,"_links":{"self":[{"href":"https:\/\/medicina.udd.cl\/kinesiologia-santiago\/wp-json\/wp\/v2\/posts\/791","targetHints":{"allow":["GET"]}}],"collection":[{"href":"https:\/\/medicina.udd.cl\/kinesiologia-santiago\/wp-json\/wp\/v2\/posts"}],"about":[{"href":"https:\/\/medicina.udd.cl\/kinesiologia-santiago\/wp-json\/wp\/v2\/types\/post"}],"author":[{"embeddable":true,"href":"https:\/\/medicina.udd.cl\/kinesiologia-santiago\/wp-json\/wp\/v2\/users\/1"}],"replies":[{"embeddable":true,"href":"https:\/\/medicina.udd.cl\/kinesiologia-santiago\/wp-json\/wp\/v2\/comments?post=791"}],"version-history":[{"count":4,"href":"https:\/\/medicina.udd.cl\/kinesiologia-santiago\/wp-json\/wp\/v2\/posts\/791\/revisions"}],"predecessor-version":[{"id":797,"href":"https:\/\/medicina.udd.cl\/kinesiologia-santiago\/wp-json\/wp\/v2\/posts\/791\/revisions\/797"}],"wp:attachment":[{"href":"https:\/\/medicina.udd.cl\/kinesiologia-santiago\/wp-json\/wp\/v2\/media?parent=791"}],"wp:term":[{"taxonomy":"category","embeddable":true,"href":"https:\/\/medicina.udd.cl\/kinesiologia-santiago\/wp-json\/wp\/v2\/categories?post=791"},{"taxonomy":"post_tag","embeddable":true,"href":"https:\/\/medicina.udd.cl\/kinesiologia-santiago\/wp-json\/wp\/v2\/tags?post=791"}],"curies":[{"name":"wp","href":"https:\/\/api.w.org\/{rel}","templated":true}]}}