{"id":801,"date":"2012-11-08T12:06:25","date_gmt":"2012-11-08T15:06:25","guid":{"rendered":"http:\/\/medicina.udd.cl\/kinesiologia-santiago\/?p=801"},"modified":"2012-11-08T12:18:42","modified_gmt":"2012-11-08T15:18:42","slug":"inicio-de-inscripciones-para-los-diplomados-2013","status":"publish","type":"post","link":"https:\/\/medicina.udd.cl\/kinesiologia-santiago\/noticias\/2012\/11\/08\/inicio-de-inscripciones-para-los-diplomados-2013\/","title":{"rendered":"Inicio de inscripciones para los Diplomados 2013"},"content":{"rendered":"<p><a href=\"http:\/\/medicina.udd.cl\/kinesiologia-santiago\/files\/2010\/05\/Kinesiologia1.jpg\"><img loading=\"lazy\" decoding=\"async\" class=\"size-medium wp-image-69 alignright\" title=\"Kinesiologia\" src=\"http:\/\/medicina.udd.cl\/kinesiologia-santiago\/files\/2010\/05\/Kinesiologia1-300x126.jpg\" alt=\"\" width=\"300\" height=\"126\" \/><\/a>La carrera de Kinesiolog\u00eda inicia el proceso de inscripciones para sus diplomados 2013:<\/p>\n<ul>\n<li><a href=\"http:\/\/www.udd.cl\/extension\/diplomado-fisiologia-clinica-del-ejercicio-para-kinesiologos-2012\/\">Diplomado Fisiolog\u00eda Cl\u00ednica del Ejercicio para el Manejo de las Enfermedades Cr\u00f3nicas No Trasmisibles<\/a><\/li>\n<\/ul>\n<p>Diplomado de car\u00e1cter te\u00f3rico-pr\u00e1ctico de car\u00e1cter semi-presencial que est\u00e1 dirigido a kinesi\u00f3logos con necesidades de incorporar competencias profesionales para el dise\u00f1o e implementaci\u00f3n de el Ejercicio como herramienta preventiva y curativa junto con valorar el aporte de la fisiolog\u00eda cl\u00ednica del ejercicio como herramienta que entrega sustento biol\u00f3gico en relaci\u00f3n a la incorporaci\u00f3n de la actividad f\u00edsica controlada y el ejercicio en el \u00e1mbito de la salud.<\/p>\n<p>Este diploma tiene como idea fuerza el convertirse en eje de la demanda de desarrollo profesional continuo en el \u00e1rea de la Fisiolog\u00eda Cl\u00ednica del Ejercicio, cuya oferta, por hoy, tiene programas te\u00f3ricos que carecen de una oferta de actividad pr\u00e1ctica\u00a0 real y tangible.<br \/>\nSe busca desarrollar el fundamento cient\u00edfico que soporta a la actividad f\u00edsica y el ejercicio como una herramienta eficaz de prevenci\u00f3n y tratamiento de las enfermedades propias de la vida moderna. El profesional de la Salud estar\u00e1 en condiciones de interpretar las evaluaciones funcionales y fisiol\u00f3gicas m\u00e1s relevantes en el \u00e1mbito de la actividad f\u00edsica y el ejercicio, adem\u00e1s de desarrollar estrategias de intervenci\u00f3n a trav\u00e9s de la prescripci\u00f3n y el control adecuado de programas de actividad f\u00edsica y ejercicio, con \u00e9nfasis en la prevenci\u00f3n y el tratamiento complementario de enfermedades cr\u00f3nicas no transmisibles.<\/p>\n<ul>\n<li><a href=\"http:\/\/medicina.udd.cl\/kinesiologia-santiago\/files\/2010\/05\/Kinesiolog\u00eda.jpg\"><img loading=\"lazy\" decoding=\"async\" class=\"alignleft size-medium wp-image-66\" title=\"Kinesiolog\u00eda\" src=\"http:\/\/medicina.udd.cl\/kinesiologia-santiago\/files\/2010\/05\/Kinesiolog\u00eda-300x212.jpg\" alt=\"\" width=\"300\" height=\"212\" \/><\/a><a href=\"http:\/\/www.udd.cl\/extension\/diplomado-kinesiterapia-en-embarazo-y-post-parto\/\">Diplomado Kinesiterapia en Embarazo y Post Parto<\/a><\/li>\n<\/ul>\n<p>Diplomado te\u00f3rico-pr\u00e1ctico de car\u00e1cter semi-presencial est\u00e1 dirigido a kinesi\u00f3logos con formaci\u00f3n general en el \u00e1rea musculoesquel\u00e9tica con necesidades de incorporar competencias profesionales para la atenci\u00f3n de las mujeres en su ciclo pre y post parto.<br \/>\nEste diplomado tiene como prop\u00f3sito entregar las herramientas fundamentales para abordar la problem\u00e1tica neuromusculoesquel\u00e9tica de la mujer durante los per\u00edodos de embarazo y post parto, entregando al kinesi\u00f3logo los conocimientos y destrezas necesarias para realizar su intervenci\u00f3n de manera segura para la mujer y el gestante con el objetivo de mantener o recuperar la funcionalidad y calidad de vida afectadas como consecuencia del estado de gravidez considerando adem\u00e1s las implicancias de su estado en las dimensiones f\u00edsica, emocional, psicol\u00f3gica y social.<\/p>\n<ul>\n<li><a href=\"http:\/\/www.udd.cl\/extension\/diplomado-kinesiterapia-en-unidad-de-paciente-critico-del-adulto\/\">Diplomado Kinesiterapia en Unidad de Paciente Cr\u00edtico del Adulto<\/a><a href=\"http:\/\/medicina.udd.cl\/kinesiologia-santiago\/files\/2010\/03\/Infraestructura-4.jpg\"><img loading=\"lazy\" decoding=\"async\" class=\"size-medium wp-image-104 alignright\" title=\"Cl\u00ednica UDD\" src=\"http:\/\/medicina.udd.cl\/kinesiologia-santiago\/files\/2010\/03\/Infraestructura-4-300x225.jpg\" alt=\"\" width=\"300\" height=\"225\" srcset=\"https:\/\/medicina.udd.cl\/kinesiologia-santiago\/files\/2010\/03\/Infraestructura-4-300x225.jpg 300w, https:\/\/medicina.udd.cl\/kinesiologia-santiago\/files\/2010\/03\/Infraestructura-4-768x576.jpg 768w, https:\/\/medicina.udd.cl\/kinesiologia-santiago\/files\/2010\/03\/Infraestructura-4-1024x768.jpg 1024w, https:\/\/medicina.udd.cl\/kinesiologia-santiago\/files\/2010\/03\/Infraestructura-4-960x720.jpg 960w, https:\/\/medicina.udd.cl\/kinesiologia-santiago\/files\/2010\/03\/Infraestructura-4.jpg 1844w\" sizes=\"auto, (max-width: 300px) 100vw, 300px\" \/><\/a><\/li>\n<\/ul>\n<p>Diplomado de car\u00e1cter te\u00f3rico-pr\u00e1ctico en modalidad bi-learning est\u00e1 dirigido a kinesi\u00f3logos titulados que desean especializarse en el \u00e1rea de kinesiolog\u00eda Intensiva. El prop\u00f3sito es formar kinesi\u00f3logos con competencias te\u00f3rico-pr\u00e1cticas que le permitan desempe\u00f1arse en UPC de forma responsable, id\u00f3nea, proactiva, con capacidad de autoestudio y de actualizaci\u00f3n, para mejorar continuamente la calidad de atenci\u00f3n al paciente y aportar al desarrollo del conocimiento. Para cumplir con lo anterior,\u00a0 se desarrollar\u00e1n actividades lectivas a distancia para el logro de los conocimientos te\u00f3ricos. Los m\u00f3dulos presenciales estar\u00e1n orientados a la integraci\u00f3n de conocimientos te\u00f3ricos a trav\u00e9s de la discusi\u00f3n de casos cl\u00ednicos, clases expositivas integrativas y\u00a0 la adquisici\u00f3n de habilidades pr\u00e1cticas. Finalmente,\u00a0 los conocimientos te\u00f3rico pr\u00e1cticos se integran y aplican en una pasant\u00eda de 60 horas por la Unidad de Paciente Cr\u00edtico de la Cl\u00ednica Alemana de Santiago y Hospital Padre Hurtado.<\/p>\n<p><strong>INFORMACIONES<br \/>\nSonia Roa<br \/>\nsroa@udd.cl<br \/>\n<\/strong><strong>562 3279630 <\/strong><\/p>\n","protected":false},"excerpt":{"rendered":"<p>Diplomado Fisiolog\u00eda Cl\u00ednica del Ejercicio para el Manejo de las Enfermedades Cr\u00f3nicas No Trasmisibles; Diplomado Kinesiterapia en Unidad de Paciente Cr\u00edtico del Adulto; Diplomado Kinesiterapia en Embarazo y Post Parto.<\/p>\n","protected":false},"author":1,"featured_media":0,"comment_status":"closed","ping_status":"closed","sticky":false,"template":"","format":"standard","meta":{"footnotes":""},"categories":[4],"tags":[],"class_list":["post-801","post","type-post","status-publish","format-standard","hentry","category-noticias"],"yoast_head":"<!-- This site is optimized with the Yoast SEO plugin v26.9 - https:\/\/yoast.com\/product\/yoast-seo-wordpress\/ -->\n<title>Inicio de inscripciones para los Diplomados 2013<\/title>\n<meta name=\"description\" content=\"Diplomados Kinesiolog\u00eda Facultad de Medicina Cl\u00ednica Alemana Universidad del Desarrollo\" \/>\n<meta name=\"robots\" content=\"index, follow, max-snippet:-1, max-image-preview:large, max-video-preview:-1\" \/>\n<link rel=\"canonical\" href=\"https:\/\/medicina.udd.cl\/kinesiologia-santiago\/noticias\/2012\/11\/08\/inicio-de-inscripciones-para-los-diplomados-2013\/\" \/>\n<meta property=\"og:locale\" content=\"es_ES\" \/>\n<meta property=\"og:type\" content=\"article\" \/>\n<meta property=\"og:title\" content=\"Inicio de inscripciones para los Diplomados 2013\" \/>\n<meta property=\"og:description\" content=\"Diplomados Kinesiolog\u00eda Facultad de Medicina Cl\u00ednica Alemana Universidad del Desarrollo\" \/>\n<meta property=\"og:url\" content=\"https:\/\/medicina.udd.cl\/kinesiologia-santiago\/noticias\/2012\/11\/08\/inicio-de-inscripciones-para-los-diplomados-2013\/\" \/>\n<meta property=\"og:site_name\" content=\"Kinesiolog\u00eda\" \/>\n<meta property=\"article:published_time\" content=\"2012-11-08T15:06:25+00:00\" \/>\n<meta property=\"article:modified_time\" content=\"2012-11-08T15:18:42+00:00\" \/>\n<meta property=\"og:image\" content=\"http:\/\/medicina.udd.cl\/kinesiologia-santiago\/files\/2010\/05\/Kinesiologia1-300x126.jpg\" \/>\n<meta name=\"author\" content=\"admin\" \/>\n<meta name=\"twitter:label1\" content=\"Escrito por\" \/>\n\t<meta name=\"twitter:data1\" content=\"admin\" \/>\n\t<meta name=\"twitter:label2\" content=\"Tiempo de lectura\" \/>\n\t<meta name=\"twitter:data2\" content=\"3 minutos\" \/>\n<script type=\"application\/ld+json\" class=\"yoast-schema-graph\">{\"@context\":\"https:\/\/schema.org\",\"@graph\":[{\"@type\":\"Article\",\"@id\":\"https:\/\/medicina.udd.cl\/kinesiologia-santiago\/noticias\/2012\/11\/08\/inicio-de-inscripciones-para-los-diplomados-2013\/#article\",\"isPartOf\":{\"@id\":\"https:\/\/medicina.udd.cl\/kinesiologia-santiago\/noticias\/2012\/11\/08\/inicio-de-inscripciones-para-los-diplomados-2013\/\"},\"author\":{\"name\":\"admin\",\"@id\":\"https:\/\/medicina.udd.cl\/kinesiologia-santiago\/#\/schema\/person\/f7abfa784c86da427e89287831f96ab7\"},\"headline\":\"Inicio de inscripciones para los Diplomados 2013\",\"datePublished\":\"2012-11-08T15:06:25+00:00\",\"dateModified\":\"2012-11-08T15:18:42+00:00\",\"mainEntityOfPage\":{\"@id\":\"https:\/\/medicina.udd.cl\/kinesiologia-santiago\/noticias\/2012\/11\/08\/inicio-de-inscripciones-para-los-diplomados-2013\/\"},\"wordCount\":593,\"image\":{\"@id\":\"https:\/\/medicina.udd.cl\/kinesiologia-santiago\/noticias\/2012\/11\/08\/inicio-de-inscripciones-para-los-diplomados-2013\/#primaryimage\"},\"thumbnailUrl\":\"http:\/\/medicina.udd.cl\/kinesiologia-santiago\/files\/2010\/05\/Kinesiologia1-300x126.jpg\",\"articleSection\":[\"Noticias\"],\"inLanguage\":\"es\"},{\"@type\":\"WebPage\",\"@id\":\"https:\/\/medicina.udd.cl\/kinesiologia-santiago\/noticias\/2012\/11\/08\/inicio-de-inscripciones-para-los-diplomados-2013\/\",\"url\":\"https:\/\/medicina.udd.cl\/kinesiologia-santiago\/noticias\/2012\/11\/08\/inicio-de-inscripciones-para-los-diplomados-2013\/\",\"name\":\"Inicio de inscripciones para los Diplomados 2013\",\"isPartOf\":{\"@id\":\"https:\/\/medicina.udd.cl\/kinesiologia-santiago\/#website\"},\"primaryImageOfPage\":{\"@id\":\"https:\/\/medicina.udd.cl\/kinesiologia-santiago\/noticias\/2012\/11\/08\/inicio-de-inscripciones-para-los-diplomados-2013\/#primaryimage\"},\"image\":{\"@id\":\"https:\/\/medicina.udd.cl\/kinesiologia-santiago\/noticias\/2012\/11\/08\/inicio-de-inscripciones-para-los-diplomados-2013\/#primaryimage\"},\"thumbnailUrl\":\"http:\/\/medicina.udd.cl\/kinesiologia-santiago\/files\/2010\/05\/Kinesiologia1-300x126.jpg\",\"datePublished\":\"2012-11-08T15:06:25+00:00\",\"dateModified\":\"2012-11-08T15:18:42+00:00\",\"author\":{\"@id\":\"https:\/\/medicina.udd.cl\/kinesiologia-santiago\/#\/schema\/person\/f7abfa784c86da427e89287831f96ab7\"},\"description\":\"Diplomados Kinesiolog\u00eda Facultad de Medicina Cl\u00ednica Alemana Universidad del Desarrollo\",\"breadcrumb\":{\"@id\":\"https:\/\/medicina.udd.cl\/kinesiologia-santiago\/noticias\/2012\/11\/08\/inicio-de-inscripciones-para-los-diplomados-2013\/#breadcrumb\"},\"inLanguage\":\"es\",\"potentialAction\":[{\"@type\":\"ReadAction\",\"target\":[\"https:\/\/medicina.udd.cl\/kinesiologia-santiago\/noticias\/2012\/11\/08\/inicio-de-inscripciones-para-los-diplomados-2013\/\"]}]},{\"@type\":\"ImageObject\",\"inLanguage\":\"es\",\"@id\":\"https:\/\/medicina.udd.cl\/kinesiologia-santiago\/noticias\/2012\/11\/08\/inicio-de-inscripciones-para-los-diplomados-2013\/#primaryimage\",\"url\":\"http:\/\/medicina.udd.cl\/kinesiologia-santiago\/files\/2010\/05\/Kinesiologia1-300x126.jpg\",\"contentUrl\":\"http:\/\/medicina.udd.cl\/kinesiologia-santiago\/files\/2010\/05\/Kinesiologia1-300x126.jpg\"},{\"@type\":\"BreadcrumbList\",\"@id\":\"https:\/\/medicina.udd.cl\/kinesiologia-santiago\/noticias\/2012\/11\/08\/inicio-de-inscripciones-para-los-diplomados-2013\/#breadcrumb\",\"itemListElement\":[{\"@type\":\"ListItem\",\"position\":1,\"name\":\"Home\",\"item\":\"https:\/\/medicina.udd.cl\/kinesiologia-santiago\/\"},{\"@type\":\"ListItem\",\"position\":2,\"name\":\"Inicio de inscripciones para los Diplomados 2013\"}]},{\"@type\":\"WebSite\",\"@id\":\"https:\/\/medicina.udd.cl\/kinesiologia-santiago\/#website\",\"url\":\"https:\/\/medicina.udd.cl\/kinesiologia-santiago\/\",\"name\":\"Kinesiolog\u00eda\",\"description\":\"Facultad de Medicina Cl\u00ednica Alemana Universidad del Desarrollo\",\"inLanguage\":\"es\"},{\"@type\":\"Person\",\"@id\":\"https:\/\/medicina.udd.cl\/kinesiologia-santiago\/#\/schema\/person\/f7abfa784c86da427e89287831f96ab7\",\"name\":\"admin\",\"image\":{\"@type\":\"ImageObject\",\"inLanguage\":\"es\",\"@id\":\"https:\/\/medicina.udd.cl\/kinesiologia-santiago\/#\/schema\/person\/image\/\",\"url\":\"https:\/\/secure.gravatar.com\/avatar\/3cb6da298954dfb54457c0910b8c9ca010abd8d87a60f7d701b6ce4254e1c642?s=96&d=mm&r=g\",\"contentUrl\":\"https:\/\/secure.gravatar.com\/avatar\/3cb6da298954dfb54457c0910b8c9ca010abd8d87a60f7d701b6ce4254e1c642?s=96&d=mm&r=g\",\"caption\":\"admin\"},\"url\":\"https:\/\/medicina.udd.cl\/kinesiologia-santiago\/noticias\/author\/admin\/\"}]}<\/script>\n<!-- \/ Yoast SEO plugin. -->","yoast_head_json":{"title":"Inicio de inscripciones para los Diplomados 2013","description":"Diplomados Kinesiolog\u00eda Facultad de Medicina Cl\u00ednica Alemana Universidad del Desarrollo","robots":{"index":"index","follow":"follow","max-snippet":"max-snippet:-1","max-image-preview":"max-image-preview:large","max-video-preview":"max-video-preview:-1"},"canonical":"https:\/\/medicina.udd.cl\/kinesiologia-santiago\/noticias\/2012\/11\/08\/inicio-de-inscripciones-para-los-diplomados-2013\/","og_locale":"es_ES","og_type":"article","og_title":"Inicio de inscripciones para los Diplomados 2013","og_description":"Diplomados Kinesiolog\u00eda Facultad de Medicina Cl\u00ednica Alemana Universidad del Desarrollo","og_url":"https:\/\/medicina.udd.cl\/kinesiologia-santiago\/noticias\/2012\/11\/08\/inicio-de-inscripciones-para-los-diplomados-2013\/","og_site_name":"Kinesiolog\u00eda","article_published_time":"2012-11-08T15:06:25+00:00","article_modified_time":"2012-11-08T15:18:42+00:00","og_image":[{"url":"http:\/\/medicina.udd.cl\/kinesiologia-santiago\/files\/2010\/05\/Kinesiologia1-300x126.jpg","type":"","width":"","height":""}],"author":"admin","twitter_misc":{"Escrito por":"admin","Tiempo de lectura":"3 minutos"},"schema":{"@context":"https:\/\/schema.org","@graph":[{"@type":"Article","@id":"https:\/\/medicina.udd.cl\/kinesiologia-santiago\/noticias\/2012\/11\/08\/inicio-de-inscripciones-para-los-diplomados-2013\/#article","isPartOf":{"@id":"https:\/\/medicina.udd.cl\/kinesiologia-santiago\/noticias\/2012\/11\/08\/inicio-de-inscripciones-para-los-diplomados-2013\/"},"author":{"name":"admin","@id":"https:\/\/medicina.udd.cl\/kinesiologia-santiago\/#\/schema\/person\/f7abfa784c86da427e89287831f96ab7"},"headline":"Inicio de inscripciones para los Diplomados 2013","datePublished":"2012-11-08T15:06:25+00:00","dateModified":"2012-11-08T15:18:42+00:00","mainEntityOfPage":{"@id":"https:\/\/medicina.udd.cl\/kinesiologia-santiago\/noticias\/2012\/11\/08\/inicio-de-inscripciones-para-los-diplomados-2013\/"},"wordCount":593,"image":{"@id":"https:\/\/medicina.udd.cl\/kinesiologia-santiago\/noticias\/2012\/11\/08\/inicio-de-inscripciones-para-los-diplomados-2013\/#primaryimage"},"thumbnailUrl":"http:\/\/medicina.udd.cl\/kinesiologia-santiago\/files\/2010\/05\/Kinesiologia1-300x126.jpg","articleSection":["Noticias"],"inLanguage":"es"},{"@type":"WebPage","@id":"https:\/\/medicina.udd.cl\/kinesiologia-santiago\/noticias\/2012\/11\/08\/inicio-de-inscripciones-para-los-diplomados-2013\/","url":"https:\/\/medicina.udd.cl\/kinesiologia-santiago\/noticias\/2012\/11\/08\/inicio-de-inscripciones-para-los-diplomados-2013\/","name":"Inicio de inscripciones para los Diplomados 2013","isPartOf":{"@id":"https:\/\/medicina.udd.cl\/kinesiologia-santiago\/#website"},"primaryImageOfPage":{"@id":"https:\/\/medicina.udd.cl\/kinesiologia-santiago\/noticias\/2012\/11\/08\/inicio-de-inscripciones-para-los-diplomados-2013\/#primaryimage"},"image":{"@id":"https:\/\/medicina.udd.cl\/kinesiologia-santiago\/noticias\/2012\/11\/08\/inicio-de-inscripciones-para-los-diplomados-2013\/#primaryimage"},"thumbnailUrl":"http:\/\/medicina.udd.cl\/kinesiologia-santiago\/files\/2010\/05\/Kinesiologia1-300x126.jpg","datePublished":"2012-11-08T15:06:25+00:00","dateModified":"2012-11-08T15:18:42+00:00","author":{"@id":"https:\/\/medicina.udd.cl\/kinesiologia-santiago\/#\/schema\/person\/f7abfa784c86da427e89287831f96ab7"},"description":"Diplomados Kinesiolog\u00eda Facultad de Medicina Cl\u00ednica Alemana Universidad del Desarrollo","breadcrumb":{"@id":"https:\/\/medicina.udd.cl\/kinesiologia-santiago\/noticias\/2012\/11\/08\/inicio-de-inscripciones-para-los-diplomados-2013\/#breadcrumb"},"inLanguage":"es","potentialAction":[{"@type":"ReadAction","target":["https:\/\/medicina.udd.cl\/kinesiologia-santiago\/noticias\/2012\/11\/08\/inicio-de-inscripciones-para-los-diplomados-2013\/"]}]},{"@type":"ImageObject","inLanguage":"es","@id":"https:\/\/medicina.udd.cl\/kinesiologia-santiago\/noticias\/2012\/11\/08\/inicio-de-inscripciones-para-los-diplomados-2013\/#primaryimage","url":"http:\/\/medicina.udd.cl\/kinesiologia-santiago\/files\/2010\/05\/Kinesiologia1-300x126.jpg","contentUrl":"http:\/\/medicina.udd.cl\/kinesiologia-santiago\/files\/2010\/05\/Kinesiologia1-300x126.jpg"},{"@type":"BreadcrumbList","@id":"https:\/\/medicina.udd.cl\/kinesiologia-santiago\/noticias\/2012\/11\/08\/inicio-de-inscripciones-para-los-diplomados-2013\/#breadcrumb","itemListElement":[{"@type":"ListItem","position":1,"name":"Home","item":"https:\/\/medicina.udd.cl\/kinesiologia-santiago\/"},{"@type":"ListItem","position":2,"name":"Inicio de inscripciones para los Diplomados 2013"}]},{"@type":"WebSite","@id":"https:\/\/medicina.udd.cl\/kinesiologia-santiago\/#website","url":"https:\/\/medicina.udd.cl\/kinesiologia-santiago\/","name":"Kinesiolog\u00eda","description":"Facultad de Medicina Cl\u00ednica Alemana Universidad del Desarrollo","inLanguage":"es"},{"@type":"Person","@id":"https:\/\/medicina.udd.cl\/kinesiologia-santiago\/#\/schema\/person\/f7abfa784c86da427e89287831f96ab7","name":"admin","image":{"@type":"ImageObject","inLanguage":"es","@id":"https:\/\/medicina.udd.cl\/kinesiologia-santiago\/#\/schema\/person\/image\/","url":"https:\/\/secure.gravatar.com\/avatar\/3cb6da298954dfb54457c0910b8c9ca010abd8d87a60f7d701b6ce4254e1c642?s=96&d=mm&r=g","contentUrl":"https:\/\/secure.gravatar.com\/avatar\/3cb6da298954dfb54457c0910b8c9ca010abd8d87a60f7d701b6ce4254e1c642?s=96&d=mm&r=g","caption":"admin"},"url":"https:\/\/medicina.udd.cl\/kinesiologia-santiago\/noticias\/author\/admin\/"}]}},"featured_image_url":null,"_links":{"self":[{"href":"https:\/\/medicina.udd.cl\/kinesiologia-santiago\/wp-json\/wp\/v2\/posts\/801","targetHints":{"allow":["GET"]}}],"collection":[{"href":"https:\/\/medicina.udd.cl\/kinesiologia-santiago\/wp-json\/wp\/v2\/posts"}],"about":[{"href":"https:\/\/medicina.udd.cl\/kinesiologia-santiago\/wp-json\/wp\/v2\/types\/post"}],"author":[{"embeddable":true,"href":"https:\/\/medicina.udd.cl\/kinesiologia-santiago\/wp-json\/wp\/v2\/users\/1"}],"replies":[{"embeddable":true,"href":"https:\/\/medicina.udd.cl\/kinesiologia-santiago\/wp-json\/wp\/v2\/comments?post=801"}],"version-history":[{"count":4,"href":"https:\/\/medicina.udd.cl\/kinesiologia-santiago\/wp-json\/wp\/v2\/posts\/801\/revisions"}],"predecessor-version":[{"id":805,"href":"https:\/\/medicina.udd.cl\/kinesiologia-santiago\/wp-json\/wp\/v2\/posts\/801\/revisions\/805"}],"wp:attachment":[{"href":"https:\/\/medicina.udd.cl\/kinesiologia-santiago\/wp-json\/wp\/v2\/media?parent=801"}],"wp:term":[{"taxonomy":"category","embeddable":true,"href":"https:\/\/medicina.udd.cl\/kinesiologia-santiago\/wp-json\/wp\/v2\/categories?post=801"},{"taxonomy":"post_tag","embeddable":true,"href":"https:\/\/medicina.udd.cl\/kinesiologia-santiago\/wp-json\/wp\/v2\/tags?post=801"}],"curies":[{"name":"wp","href":"https:\/\/api.w.org\/{rel}","templated":true}]}}