{"id":814,"date":"2012-11-19T09:43:12","date_gmt":"2012-11-19T12:43:12","guid":{"rendered":"http:\/\/medicina.udd.cl\/kinesiologia-santiago\/?p=814"},"modified":"2012-11-19T09:44:52","modified_gmt":"2012-11-19T12:44:52","slug":"activa-participacion-de-integrantes-de-kinesiologia-en-el-xix-congreso-nacional","status":"publish","type":"post","link":"https:\/\/medicina.udd.cl\/kinesiologia-santiago\/noticias\/2012\/11\/19\/activa-participacion-de-integrantes-de-kinesiologia-en-el-xix-congreso-nacional\/","title":{"rendered":"Activa participaci\u00f3n de integrantes de Kinesiolog\u00eda en el XIX Congreso Nacional"},"content":{"rendered":"<div id=\"gallery-1\" class=\"carousel slide carousel-gallery\" data-ride=\"false\" data-interval=\"false\"><div class=\"carousel-inner\" role=\"listbox\"><figure class=\"carousel-item active\"><img loading=\"lazy\" decoding=\"async\" width=\"500\" height=\"375\" src=\"https:\/\/medicina.udd.cl\/kinesiologia-santiago\/files\/2012\/11\/XIX-Congreso-Nacional-Kinesiolog\u00eda.jpg\" class=\"attachment-landscape_952 size-landscape_952\" alt=\"\" srcset=\"https:\/\/medicina.udd.cl\/kinesiologia-santiago\/files\/2012\/11\/XIX-Congreso-Nacional-Kinesiolog\u00eda.jpg 500w, https:\/\/medicina.udd.cl\/kinesiologia-santiago\/files\/2012\/11\/XIX-Congreso-Nacional-Kinesiolog\u00eda-300x225.jpg 300w\" sizes=\"auto, (max-width: 500px) 100vw, 500px\" \/><\/figure><figure class=\"carousel-item\"><img loading=\"lazy\" decoding=\"async\" width=\"500\" height=\"375\" src=\"https:\/\/medicina.udd.cl\/kinesiologia-santiago\/files\/2012\/11\/trabajos-Congreso-Nacional-Kine.jpg\" class=\"attachment-landscape_952 size-landscape_952\" alt=\"\" srcset=\"https:\/\/medicina.udd.cl\/kinesiologia-santiago\/files\/2012\/11\/trabajos-Congreso-Nacional-Kine.jpg 500w, https:\/\/medicina.udd.cl\/kinesiologia-santiago\/files\/2012\/11\/trabajos-Congreso-Nacional-Kine-300x225.jpg 300w\" sizes=\"auto, (max-width: 500px) 100vw, 500px\" \/><\/figure><figure class=\"carousel-item\"><img loading=\"lazy\" decoding=\"async\" width=\"500\" height=\"375\" src=\"https:\/\/medicina.udd.cl\/kinesiologia-santiago\/files\/2012\/11\/XIX-Congreso-Nac-Kine.jpg\" class=\"attachment-landscape_952 size-landscape_952\" alt=\"\" srcset=\"https:\/\/medicina.udd.cl\/kinesiologia-santiago\/files\/2012\/11\/XIX-Congreso-Nac-Kine.jpg 500w, https:\/\/medicina.udd.cl\/kinesiologia-santiago\/files\/2012\/11\/XIX-Congreso-Nac-Kine-300x225.jpg 300w\" sizes=\"auto, (max-width: 500px) 100vw, 500px\" \/><\/figure><figure class=\"carousel-item\"><img loading=\"lazy\" decoding=\"async\" width=\"500\" height=\"375\" src=\"https:\/\/medicina.udd.cl\/kinesiologia-santiago\/files\/2012\/11\/Congreso.jpg\" class=\"attachment-landscape_952 size-landscape_952\" alt=\"\" srcset=\"https:\/\/medicina.udd.cl\/kinesiologia-santiago\/files\/2012\/11\/Congreso.jpg 500w, https:\/\/medicina.udd.cl\/kinesiologia-santiago\/files\/2012\/11\/Congreso-300x225.jpg 300w\" sizes=\"auto, (max-width: 500px) 100vw, 500px\" \/><\/figure><\/div><footer class=\"carousel-footer\"><div class=\"carousel-counter\"><span class=\"carousel-counter-current\"><\/span> \/ <span class=\"carousel-counter-total\"><\/span><\/div><a class=\"carousel-control-prev\" href=\"#gallery-1\" role=\"button\" data-slide=\"prev\"><svg aria-hidden=\"true\" class=\"svg-chevron-left-dims\"><use xlink:href='https:\/\/medicina.udd.cl\/kinesiologia-santiago\/wp-content\/themes\/facultades-2018\/assets\/img\/svg\/dist\/main.svg?version=1695853099#chevron-left'><\/use><\/svg><span class=\"sr-only\">Anterior<\/span><\/a><a class=\"carousel-control-next\" href=\"#gallery-1\" role=\"button\" data-slide=\"next\"><svg aria-hidden=\"true\" class=\"svg-chevron-right-dims\"><use xlink:href='https:\/\/medicina.udd.cl\/kinesiologia-santiago\/wp-content\/themes\/facultades-2018\/assets\/img\/svg\/dist\/main.svg?version=1695853099#chevron-right'><\/use><\/svg><span class=\"sr-only\">Siguiente<\/span><\/a><\/footer><\/div>\n<p>Kinesi\u00f3logos l\u00edderes de las \u00e1reas mas importantes de la especialidad, as\u00ed como profesionales de todo el pa\u00eds y del extranjeros participaron los d\u00edas \u00a08,9 y 10 de noviembre, en el\u00a0\u00a0XIX Congreso Nacional de Kinesiolog\u00eda.<\/p>\n<p>La actividad, en que\u00a0se celebraron los 100 a\u00f1os de la kinesiolog\u00eda en Chile,\u00a0cont\u00f3 con la presencia de cerca de 400 asistentes y se realiz\u00f3 en la\u00a0Universidad de Chile\u00a0.<\/p>\n<p>Cabe destacar que integrantes de la carrera de Kinesiolog\u00eda de la Facultad de Medicina Cl\u00ednica Alemana Universidad del Desarrollo participaron con cuatro\u00a0trabajos libres, 11 p\u00f3sters, 1 plenaria de educaci\u00f3n y un taller de evidencia en\u00a0kinesiolog\u00eda.<\/p>\n","protected":false},"excerpt":{"rendered":"<p>Kinesi\u00f3logos l\u00edderes de las \u00e1reas mas importantes de la especialidad, as\u00ed como profesionales de todo el pa\u00eds y del extranjeros participaron los d\u00edas \u00a08,9 y 10 de noviembre, en el\u00a0\u00a0XIX Congreso Nacional de Kinesiolog\u00eda. La actividad, en que\u00a0se celebraron los 100 a\u00f1os de la kinesiolog\u00eda en Chile,\u00a0cont\u00f3 con la presencia de cerca de 400 asistentes [&hellip;]<\/p>\n","protected":false},"author":1,"featured_media":0,"comment_status":"closed","ping_status":"closed","sticky":false,"template":"","format":"standard","meta":{"footnotes":""},"categories":[4],"tags":[],"class_list":["post-814","post","type-post","status-publish","format-standard","hentry","category-noticias"],"yoast_head":"<!-- This site is optimized with the Yoast SEO plugin v26.9 - https:\/\/yoast.com\/product\/yoast-seo-wordpress\/ -->\n<title>Activa participaci\u00f3n de integrantes de Kinesiolog\u00eda en el XIX Congreso Nacional<\/title>\n<meta name=\"robots\" content=\"index, follow, max-snippet:-1, max-image-preview:large, max-video-preview:-1\" \/>\n<link rel=\"canonical\" href=\"https:\/\/medicina.udd.cl\/kinesiologia-santiago\/noticias\/2012\/11\/19\/activa-participacion-de-integrantes-de-kinesiologia-en-el-xix-congreso-nacional\/\" \/>\n<meta property=\"og:locale\" content=\"es_ES\" \/>\n<meta property=\"og:type\" content=\"article\" \/>\n<meta property=\"og:title\" content=\"Activa participaci\u00f3n de integrantes de Kinesiolog\u00eda en el XIX Congreso Nacional\" \/>\n<meta property=\"og:description\" content=\"Kinesi\u00f3logos l\u00edderes de las \u00e1reas mas importantes de la especialidad, as\u00ed como profesionales de todo el pa\u00eds y del extranjeros participaron los d\u00edas \u00a08,9 y 10 de noviembre, en el\u00a0\u00a0XIX Congreso Nacional de Kinesiolog\u00eda. La actividad, en que\u00a0se celebraron los 100 a\u00f1os de la kinesiolog\u00eda en Chile,\u00a0cont\u00f3 con la presencia de cerca de 400 asistentes [&hellip;]\" \/>\n<meta property=\"og:url\" content=\"https:\/\/medicina.udd.cl\/kinesiologia-santiago\/noticias\/2012\/11\/19\/activa-participacion-de-integrantes-de-kinesiologia-en-el-xix-congreso-nacional\/\" \/>\n<meta property=\"og:site_name\" content=\"Kinesiolog\u00eda\" \/>\n<meta property=\"article:published_time\" content=\"2012-11-19T12:43:12+00:00\" \/>\n<meta property=\"article:modified_time\" content=\"2012-11-19T12:44:52+00:00\" \/>\n<meta property=\"og:image\" content=\"https:\/\/medicina.udd.cl\/kinesiologia-santiago\/files\/2012\/11\/XIX-Congreso-Nacional-Kinesiolog\u00eda.jpg\" \/>\n<meta name=\"author\" content=\"admin\" \/>\n<meta name=\"twitter:label1\" content=\"Escrito por\" \/>\n\t<meta name=\"twitter:data1\" content=\"admin\" \/>\n\t<meta name=\"twitter:label2\" content=\"Tiempo de lectura\" \/>\n\t<meta name=\"twitter:data2\" content=\"1 minuto\" \/>\n<script type=\"application\/ld+json\" class=\"yoast-schema-graph\">{\"@context\":\"https:\/\/schema.org\",\"@graph\":[{\"@type\":\"Article\",\"@id\":\"https:\/\/medicina.udd.cl\/kinesiologia-santiago\/noticias\/2012\/11\/19\/activa-participacion-de-integrantes-de-kinesiologia-en-el-xix-congreso-nacional\/#article\",\"isPartOf\":{\"@id\":\"https:\/\/medicina.udd.cl\/kinesiologia-santiago\/noticias\/2012\/11\/19\/activa-participacion-de-integrantes-de-kinesiologia-en-el-xix-congreso-nacional\/\"},\"author\":{\"name\":\"admin\",\"@id\":\"https:\/\/medicina.udd.cl\/kinesiologia-santiago\/#\/schema\/person\/f7abfa784c86da427e89287831f96ab7\"},\"headline\":\"Activa participaci\u00f3n de integrantes de Kinesiolog\u00eda en el XIX Congreso Nacional\",\"datePublished\":\"2012-11-19T12:43:12+00:00\",\"dateModified\":\"2012-11-19T12:44:52+00:00\",\"mainEntityOfPage\":{\"@id\":\"https:\/\/medicina.udd.cl\/kinesiologia-santiago\/noticias\/2012\/11\/19\/activa-participacion-de-integrantes-de-kinesiologia-en-el-xix-congreso-nacional\/\"},\"wordCount\":123,\"articleSection\":[\"Noticias\"],\"inLanguage\":\"es\"},{\"@type\":\"WebPage\",\"@id\":\"https:\/\/medicina.udd.cl\/kinesiologia-santiago\/noticias\/2012\/11\/19\/activa-participacion-de-integrantes-de-kinesiologia-en-el-xix-congreso-nacional\/\",\"url\":\"https:\/\/medicina.udd.cl\/kinesiologia-santiago\/noticias\/2012\/11\/19\/activa-participacion-de-integrantes-de-kinesiologia-en-el-xix-congreso-nacional\/\",\"name\":\"Activa participaci\u00f3n de integrantes de Kinesiolog\u00eda en el XIX Congreso Nacional\",\"isPartOf\":{\"@id\":\"https:\/\/medicina.udd.cl\/kinesiologia-santiago\/#website\"},\"datePublished\":\"2012-11-19T12:43:12+00:00\",\"dateModified\":\"2012-11-19T12:44:52+00:00\",\"author\":{\"@id\":\"https:\/\/medicina.udd.cl\/kinesiologia-santiago\/#\/schema\/person\/f7abfa784c86da427e89287831f96ab7\"},\"breadcrumb\":{\"@id\":\"https:\/\/medicina.udd.cl\/kinesiologia-santiago\/noticias\/2012\/11\/19\/activa-participacion-de-integrantes-de-kinesiologia-en-el-xix-congreso-nacional\/#breadcrumb\"},\"inLanguage\":\"es\",\"potentialAction\":[{\"@type\":\"ReadAction\",\"target\":[\"https:\/\/medicina.udd.cl\/kinesiologia-santiago\/noticias\/2012\/11\/19\/activa-participacion-de-integrantes-de-kinesiologia-en-el-xix-congreso-nacional\/\"]}]},{\"@type\":\"BreadcrumbList\",\"@id\":\"https:\/\/medicina.udd.cl\/kinesiologia-santiago\/noticias\/2012\/11\/19\/activa-participacion-de-integrantes-de-kinesiologia-en-el-xix-congreso-nacional\/#breadcrumb\",\"itemListElement\":[{\"@type\":\"ListItem\",\"position\":1,\"name\":\"Home\",\"item\":\"https:\/\/medicina.udd.cl\/kinesiologia-santiago\/\"},{\"@type\":\"ListItem\",\"position\":2,\"name\":\"Activa participaci\u00f3n de integrantes de Kinesiolog\u00eda en el XIX Congreso Nacional\"}]},{\"@type\":\"WebSite\",\"@id\":\"https:\/\/medicina.udd.cl\/kinesiologia-santiago\/#website\",\"url\":\"https:\/\/medicina.udd.cl\/kinesiologia-santiago\/\",\"name\":\"Kinesiolog\u00eda\",\"description\":\"Facultad de Medicina Cl\u00ednica Alemana Universidad del Desarrollo\",\"inLanguage\":\"es\"},{\"@type\":\"Person\",\"@id\":\"https:\/\/medicina.udd.cl\/kinesiologia-santiago\/#\/schema\/person\/f7abfa784c86da427e89287831f96ab7\",\"name\":\"admin\",\"image\":{\"@type\":\"ImageObject\",\"inLanguage\":\"es\",\"@id\":\"https:\/\/medicina.udd.cl\/kinesiologia-santiago\/#\/schema\/person\/image\/\",\"url\":\"https:\/\/secure.gravatar.com\/avatar\/3cb6da298954dfb54457c0910b8c9ca010abd8d87a60f7d701b6ce4254e1c642?s=96&d=mm&r=g\",\"contentUrl\":\"https:\/\/secure.gravatar.com\/avatar\/3cb6da298954dfb54457c0910b8c9ca010abd8d87a60f7d701b6ce4254e1c642?s=96&d=mm&r=g\",\"caption\":\"admin\"},\"url\":\"https:\/\/medicina.udd.cl\/kinesiologia-santiago\/noticias\/author\/admin\/\"}]}<\/script>\n<!-- \/ Yoast SEO plugin. -->","yoast_head_json":{"title":"Activa participaci\u00f3n de integrantes de Kinesiolog\u00eda en el XIX Congreso Nacional","robots":{"index":"index","follow":"follow","max-snippet":"max-snippet:-1","max-image-preview":"max-image-preview:large","max-video-preview":"max-video-preview:-1"},"canonical":"https:\/\/medicina.udd.cl\/kinesiologia-santiago\/noticias\/2012\/11\/19\/activa-participacion-de-integrantes-de-kinesiologia-en-el-xix-congreso-nacional\/","og_locale":"es_ES","og_type":"article","og_title":"Activa participaci\u00f3n de integrantes de Kinesiolog\u00eda en el XIX Congreso Nacional","og_description":"Kinesi\u00f3logos l\u00edderes de las \u00e1reas mas importantes de la especialidad, as\u00ed como profesionales de todo el pa\u00eds y del extranjeros participaron los d\u00edas \u00a08,9 y 10 de noviembre, en el\u00a0\u00a0XIX Congreso Nacional de Kinesiolog\u00eda. La actividad, en que\u00a0se celebraron los 100 a\u00f1os de la kinesiolog\u00eda en Chile,\u00a0cont\u00f3 con la presencia de cerca de 400 asistentes [&hellip;]","og_url":"https:\/\/medicina.udd.cl\/kinesiologia-santiago\/noticias\/2012\/11\/19\/activa-participacion-de-integrantes-de-kinesiologia-en-el-xix-congreso-nacional\/","og_site_name":"Kinesiolog\u00eda","article_published_time":"2012-11-19T12:43:12+00:00","article_modified_time":"2012-11-19T12:44:52+00:00","og_image":[{"url":"https:\/\/medicina.udd.cl\/kinesiologia-santiago\/files\/2012\/11\/XIX-Congreso-Nacional-Kinesiolog\u00eda.jpg","type":"","width":"","height":""}],"author":"admin","twitter_misc":{"Escrito por":"admin","Tiempo de lectura":"1 minuto"},"schema":{"@context":"https:\/\/schema.org","@graph":[{"@type":"Article","@id":"https:\/\/medicina.udd.cl\/kinesiologia-santiago\/noticias\/2012\/11\/19\/activa-participacion-de-integrantes-de-kinesiologia-en-el-xix-congreso-nacional\/#article","isPartOf":{"@id":"https:\/\/medicina.udd.cl\/kinesiologia-santiago\/noticias\/2012\/11\/19\/activa-participacion-de-integrantes-de-kinesiologia-en-el-xix-congreso-nacional\/"},"author":{"name":"admin","@id":"https:\/\/medicina.udd.cl\/kinesiologia-santiago\/#\/schema\/person\/f7abfa784c86da427e89287831f96ab7"},"headline":"Activa participaci\u00f3n de integrantes de Kinesiolog\u00eda en el XIX Congreso Nacional","datePublished":"2012-11-19T12:43:12+00:00","dateModified":"2012-11-19T12:44:52+00:00","mainEntityOfPage":{"@id":"https:\/\/medicina.udd.cl\/kinesiologia-santiago\/noticias\/2012\/11\/19\/activa-participacion-de-integrantes-de-kinesiologia-en-el-xix-congreso-nacional\/"},"wordCount":123,"articleSection":["Noticias"],"inLanguage":"es"},{"@type":"WebPage","@id":"https:\/\/medicina.udd.cl\/kinesiologia-santiago\/noticias\/2012\/11\/19\/activa-participacion-de-integrantes-de-kinesiologia-en-el-xix-congreso-nacional\/","url":"https:\/\/medicina.udd.cl\/kinesiologia-santiago\/noticias\/2012\/11\/19\/activa-participacion-de-integrantes-de-kinesiologia-en-el-xix-congreso-nacional\/","name":"Activa participaci\u00f3n de integrantes de Kinesiolog\u00eda en el XIX Congreso Nacional","isPartOf":{"@id":"https:\/\/medicina.udd.cl\/kinesiologia-santiago\/#website"},"datePublished":"2012-11-19T12:43:12+00:00","dateModified":"2012-11-19T12:44:52+00:00","author":{"@id":"https:\/\/medicina.udd.cl\/kinesiologia-santiago\/#\/schema\/person\/f7abfa784c86da427e89287831f96ab7"},"breadcrumb":{"@id":"https:\/\/medicina.udd.cl\/kinesiologia-santiago\/noticias\/2012\/11\/19\/activa-participacion-de-integrantes-de-kinesiologia-en-el-xix-congreso-nacional\/#breadcrumb"},"inLanguage":"es","potentialAction":[{"@type":"ReadAction","target":["https:\/\/medicina.udd.cl\/kinesiologia-santiago\/noticias\/2012\/11\/19\/activa-participacion-de-integrantes-de-kinesiologia-en-el-xix-congreso-nacional\/"]}]},{"@type":"BreadcrumbList","@id":"https:\/\/medicina.udd.cl\/kinesiologia-santiago\/noticias\/2012\/11\/19\/activa-participacion-de-integrantes-de-kinesiologia-en-el-xix-congreso-nacional\/#breadcrumb","itemListElement":[{"@type":"ListItem","position":1,"name":"Home","item":"https:\/\/medicina.udd.cl\/kinesiologia-santiago\/"},{"@type":"ListItem","position":2,"name":"Activa participaci\u00f3n de integrantes de Kinesiolog\u00eda en el XIX Congreso Nacional"}]},{"@type":"WebSite","@id":"https:\/\/medicina.udd.cl\/kinesiologia-santiago\/#website","url":"https:\/\/medicina.udd.cl\/kinesiologia-santiago\/","name":"Kinesiolog\u00eda","description":"Facultad de Medicina Cl\u00ednica Alemana Universidad del Desarrollo","inLanguage":"es"},{"@type":"Person","@id":"https:\/\/medicina.udd.cl\/kinesiologia-santiago\/#\/schema\/person\/f7abfa784c86da427e89287831f96ab7","name":"admin","image":{"@type":"ImageObject","inLanguage":"es","@id":"https:\/\/medicina.udd.cl\/kinesiologia-santiago\/#\/schema\/person\/image\/","url":"https:\/\/secure.gravatar.com\/avatar\/3cb6da298954dfb54457c0910b8c9ca010abd8d87a60f7d701b6ce4254e1c642?s=96&d=mm&r=g","contentUrl":"https:\/\/secure.gravatar.com\/avatar\/3cb6da298954dfb54457c0910b8c9ca010abd8d87a60f7d701b6ce4254e1c642?s=96&d=mm&r=g","caption":"admin"},"url":"https:\/\/medicina.udd.cl\/kinesiologia-santiago\/noticias\/author\/admin\/"}]}},"featured_image_url":null,"_links":{"self":[{"href":"https:\/\/medicina.udd.cl\/kinesiologia-santiago\/wp-json\/wp\/v2\/posts\/814","targetHints":{"allow":["GET"]}}],"collection":[{"href":"https:\/\/medicina.udd.cl\/kinesiologia-santiago\/wp-json\/wp\/v2\/posts"}],"about":[{"href":"https:\/\/medicina.udd.cl\/kinesiologia-santiago\/wp-json\/wp\/v2\/types\/post"}],"author":[{"embeddable":true,"href":"https:\/\/medicina.udd.cl\/kinesiologia-santiago\/wp-json\/wp\/v2\/users\/1"}],"replies":[{"embeddable":true,"href":"https:\/\/medicina.udd.cl\/kinesiologia-santiago\/wp-json\/wp\/v2\/comments?post=814"}],"version-history":[{"count":3,"href":"https:\/\/medicina.udd.cl\/kinesiologia-santiago\/wp-json\/wp\/v2\/posts\/814\/revisions"}],"predecessor-version":[{"id":821,"href":"https:\/\/medicina.udd.cl\/kinesiologia-santiago\/wp-json\/wp\/v2\/posts\/814\/revisions\/821"}],"wp:attachment":[{"href":"https:\/\/medicina.udd.cl\/kinesiologia-santiago\/wp-json\/wp\/v2\/media?parent=814"}],"wp:term":[{"taxonomy":"category","embeddable":true,"href":"https:\/\/medicina.udd.cl\/kinesiologia-santiago\/wp-json\/wp\/v2\/categories?post=814"},{"taxonomy":"post_tag","embeddable":true,"href":"https:\/\/medicina.udd.cl\/kinesiologia-santiago\/wp-json\/wp\/v2\/tags?post=814"}],"curies":[{"name":"wp","href":"https:\/\/api.w.org\/{rel}","templated":true}]}}