{"id":822,"date":"2012-11-21T10:55:22","date_gmt":"2012-11-21T13:55:22","guid":{"rendered":"http:\/\/medicina.udd.cl\/kinesiologia-santiago\/?p=822"},"modified":"2012-11-21T10:55:22","modified_gmt":"2012-11-21T13:55:22","slug":"docentes-de-la-carrera-participan-en-cuarta-jornada-de-kinesiologia-intensiva-y-soporte-ventilatorio","status":"publish","type":"post","link":"https:\/\/medicina.udd.cl\/kinesiologia-santiago\/noticias\/2012\/11\/21\/docentes-de-la-carrera-participan-en-cuarta-jornada-de-kinesiologia-intensiva-y-soporte-ventilatorio\/","title":{"rendered":"Docentes de la carrera participan en Cuarta Jornada de Kinesiolog\u00eda Intensiva y Soporte Ventilatorio"},"content":{"rendered":"<p><a href=\"http:\/\/medicina.udd.cl\/kinesiologia-santiago\/files\/2012\/11\/kinesiolog\u00eda.jpeg\"><img loading=\"lazy\" decoding=\"async\" class=\"alignleft size-medium wp-image-823\" title=\"kinesiolog\u00eda\" src=\"http:\/\/medicina.udd.cl\/kinesiologia-santiago\/files\/2012\/11\/kinesiolog\u00eda-300x223.jpg\" alt=\"\" width=\"300\" height=\"223\" \/><\/a>El director de la carrera de kinesiolog\u00eda, Jorge Molina, y el profesor de la carrera de kinesiolog\u00eda, Danilo Aravena Nazif, participaron\u00a0en la Cuarta Jornada de Kinesiolog\u00eda Intensiva y Soporte Ventilatorio, que se realiz\u00f3 en octubre pasado\u00a0en el\u00a0Hospital Cl\u00ednico\u00a0de la Universidad de Chile.<\/p>\n<p>En la oportunidad, \u00a0Jorge Molina, especialista en Kinesiolog\u00eda Respiratoria, se refiri\u00f3 a \u00abLa situaci\u00f3n actual de la kinesiolog\u00eda intensiva\u00bb. En tanto, el profesor Aravena, mag\u00edster\u00a0en ciencias biol\u00f3gicas con menci\u00f3n en fisiolog\u00eda y docente de\u00a0Fisiolog\u00eda del Movimiento de la carrera,\u00a0expuso:\u00a0\u00abBases fisiol\u00f3gicas de la rehabilitaci\u00f3n cardiovascular\u00bb.<\/p>\n<p>El encuentro, al que asistieron m\u00e1s de 150 kinesi\u00f3logos de todo el pa\u00eds, fue un curso que \u00a0cont\u00f3 con la acreditaci\u00f3n internacional en cuidados neurocr\u00edticos para kinesi\u00f3logos, con certificaci\u00f3n LABIC (Latinoamerican Brain Injury Consortion).<\/p>\n<div>\n<\/div>\n","protected":false},"excerpt":{"rendered":"<p>El director de la carrera de kinesiolog\u00eda, Jorge Molina, y el profesor de la carrera de kinesiolog\u00eda, Danilo Aravena Nazif, participaron\u00a0en la Cuarta Jornada de Kinesiolog\u00eda Intensiva y Soporte Ventilatorio, que se realiz\u00f3 en octubre pasado\u00a0en el\u00a0Hospital Cl\u00ednico\u00a0de la Universidad de Chile. En la oportunidad, \u00a0Jorge Molina, especialista en Kinesiolog\u00eda Respiratoria, se refiri\u00f3 a \u00abLa [&hellip;]<\/p>\n","protected":false},"author":1,"featured_media":0,"comment_status":"closed","ping_status":"closed","sticky":false,"template":"","format":"standard","meta":{"footnotes":""},"categories":[4],"tags":[],"class_list":["post-822","post","type-post","status-publish","format-standard","hentry","category-noticias"],"yoast_head":"<!-- This site is optimized with the Yoast SEO plugin v26.9 - https:\/\/yoast.com\/product\/yoast-seo-wordpress\/ -->\n<title>Docentes de la carrera participan en Cuarta Jornada de Kinesiolog\u00eda Intensiva y Soporte Ventilatorio<\/title>\n<meta name=\"description\" content=\"Activa participaci\u00f3n de kinesi\u00f3logos de la Facultad de Medicina Cl\u00ednica Alemana Universidad del Desarrollo.\" \/>\n<meta name=\"robots\" content=\"index, follow, max-snippet:-1, max-image-preview:large, max-video-preview:-1\" \/>\n<link rel=\"canonical\" href=\"https:\/\/medicina.udd.cl\/kinesiologia-santiago\/noticias\/2012\/11\/21\/docentes-de-la-carrera-participan-en-cuarta-jornada-de-kinesiologia-intensiva-y-soporte-ventilatorio\/\" \/>\n<meta property=\"og:locale\" content=\"es_ES\" \/>\n<meta property=\"og:type\" content=\"article\" \/>\n<meta property=\"og:title\" content=\"Docentes de la carrera participan en Cuarta Jornada de Kinesiolog\u00eda Intensiva y Soporte Ventilatorio\" \/>\n<meta property=\"og:description\" content=\"Activa participaci\u00f3n de kinesi\u00f3logos de la Facultad de Medicina Cl\u00ednica Alemana Universidad del Desarrollo.\" \/>\n<meta property=\"og:url\" content=\"https:\/\/medicina.udd.cl\/kinesiologia-santiago\/noticias\/2012\/11\/21\/docentes-de-la-carrera-participan-en-cuarta-jornada-de-kinesiologia-intensiva-y-soporte-ventilatorio\/\" \/>\n<meta property=\"og:site_name\" content=\"Kinesiolog\u00eda\" \/>\n<meta property=\"article:published_time\" content=\"2012-11-21T13:55:22+00:00\" \/>\n<meta name=\"author\" content=\"admin\" \/>\n<meta name=\"twitter:label1\" content=\"Escrito por\" \/>\n\t<meta name=\"twitter:data1\" content=\"admin\" \/>\n\t<meta name=\"twitter:label2\" content=\"Tiempo de lectura\" \/>\n\t<meta name=\"twitter:data2\" content=\"1 minuto\" \/>\n<script type=\"application\/ld+json\" class=\"yoast-schema-graph\">{\"@context\":\"https:\/\/schema.org\",\"@graph\":[{\"@type\":\"Article\",\"@id\":\"https:\/\/medicina.udd.cl\/kinesiologia-santiago\/noticias\/2012\/11\/21\/docentes-de-la-carrera-participan-en-cuarta-jornada-de-kinesiologia-intensiva-y-soporte-ventilatorio\/#article\",\"isPartOf\":{\"@id\":\"https:\/\/medicina.udd.cl\/kinesiologia-santiago\/noticias\/2012\/11\/21\/docentes-de-la-carrera-participan-en-cuarta-jornada-de-kinesiologia-intensiva-y-soporte-ventilatorio\/\"},\"author\":{\"name\":\"admin\",\"@id\":\"https:\/\/medicina.udd.cl\/kinesiologia-santiago\/#\/schema\/person\/f7abfa784c86da427e89287831f96ab7\"},\"headline\":\"Docentes de la carrera participan en Cuarta Jornada de Kinesiolog\u00eda Intensiva y Soporte Ventilatorio\",\"datePublished\":\"2012-11-21T13:55:22+00:00\",\"mainEntityOfPage\":{\"@id\":\"https:\/\/medicina.udd.cl\/kinesiologia-santiago\/noticias\/2012\/11\/21\/docentes-de-la-carrera-participan-en-cuarta-jornada-de-kinesiologia-intensiva-y-soporte-ventilatorio\/\"},\"wordCount\":163,\"articleSection\":[\"Noticias\"],\"inLanguage\":\"es\"},{\"@type\":\"WebPage\",\"@id\":\"https:\/\/medicina.udd.cl\/kinesiologia-santiago\/noticias\/2012\/11\/21\/docentes-de-la-carrera-participan-en-cuarta-jornada-de-kinesiologia-intensiva-y-soporte-ventilatorio\/\",\"url\":\"https:\/\/medicina.udd.cl\/kinesiologia-santiago\/noticias\/2012\/11\/21\/docentes-de-la-carrera-participan-en-cuarta-jornada-de-kinesiologia-intensiva-y-soporte-ventilatorio\/\",\"name\":\"Docentes de la carrera participan en Cuarta Jornada de Kinesiolog\u00eda Intensiva y Soporte Ventilatorio\",\"isPartOf\":{\"@id\":\"https:\/\/medicina.udd.cl\/kinesiologia-santiago\/#website\"},\"datePublished\":\"2012-11-21T13:55:22+00:00\",\"author\":{\"@id\":\"https:\/\/medicina.udd.cl\/kinesiologia-santiago\/#\/schema\/person\/f7abfa784c86da427e89287831f96ab7\"},\"description\":\"Activa participaci\u00f3n de kinesi\u00f3logos de la Facultad de Medicina Cl\u00ednica Alemana Universidad del Desarrollo.\",\"breadcrumb\":{\"@id\":\"https:\/\/medicina.udd.cl\/kinesiologia-santiago\/noticias\/2012\/11\/21\/docentes-de-la-carrera-participan-en-cuarta-jornada-de-kinesiologia-intensiva-y-soporte-ventilatorio\/#breadcrumb\"},\"inLanguage\":\"es\",\"potentialAction\":[{\"@type\":\"ReadAction\",\"target\":[\"https:\/\/medicina.udd.cl\/kinesiologia-santiago\/noticias\/2012\/11\/21\/docentes-de-la-carrera-participan-en-cuarta-jornada-de-kinesiologia-intensiva-y-soporte-ventilatorio\/\"]}]},{\"@type\":\"BreadcrumbList\",\"@id\":\"https:\/\/medicina.udd.cl\/kinesiologia-santiago\/noticias\/2012\/11\/21\/docentes-de-la-carrera-participan-en-cuarta-jornada-de-kinesiologia-intensiva-y-soporte-ventilatorio\/#breadcrumb\",\"itemListElement\":[{\"@type\":\"ListItem\",\"position\":1,\"name\":\"Home\",\"item\":\"https:\/\/medicina.udd.cl\/kinesiologia-santiago\/\"},{\"@type\":\"ListItem\",\"position\":2,\"name\":\"Docentes de la carrera participan en Cuarta Jornada de Kinesiolog\u00eda Intensiva y Soporte Ventilatorio\"}]},{\"@type\":\"WebSite\",\"@id\":\"https:\/\/medicina.udd.cl\/kinesiologia-santiago\/#website\",\"url\":\"https:\/\/medicina.udd.cl\/kinesiologia-santiago\/\",\"name\":\"Kinesiolog\u00eda\",\"description\":\"Facultad de Medicina Cl\u00ednica Alemana Universidad del Desarrollo\",\"inLanguage\":\"es\"},{\"@type\":\"Person\",\"@id\":\"https:\/\/medicina.udd.cl\/kinesiologia-santiago\/#\/schema\/person\/f7abfa784c86da427e89287831f96ab7\",\"name\":\"admin\",\"image\":{\"@type\":\"ImageObject\",\"inLanguage\":\"es\",\"@id\":\"https:\/\/medicina.udd.cl\/kinesiologia-santiago\/#\/schema\/person\/image\/\",\"url\":\"https:\/\/secure.gravatar.com\/avatar\/3cb6da298954dfb54457c0910b8c9ca010abd8d87a60f7d701b6ce4254e1c642?s=96&d=mm&r=g\",\"contentUrl\":\"https:\/\/secure.gravatar.com\/avatar\/3cb6da298954dfb54457c0910b8c9ca010abd8d87a60f7d701b6ce4254e1c642?s=96&d=mm&r=g\",\"caption\":\"admin\"},\"url\":\"https:\/\/medicina.udd.cl\/kinesiologia-santiago\/noticias\/author\/admin\/\"}]}<\/script>\n<!-- \/ Yoast SEO plugin. -->","yoast_head_json":{"title":"Docentes de la carrera participan en Cuarta Jornada de Kinesiolog\u00eda Intensiva y Soporte Ventilatorio","description":"Activa participaci\u00f3n de kinesi\u00f3logos de la Facultad de Medicina Cl\u00ednica Alemana Universidad del Desarrollo.","robots":{"index":"index","follow":"follow","max-snippet":"max-snippet:-1","max-image-preview":"max-image-preview:large","max-video-preview":"max-video-preview:-1"},"canonical":"https:\/\/medicina.udd.cl\/kinesiologia-santiago\/noticias\/2012\/11\/21\/docentes-de-la-carrera-participan-en-cuarta-jornada-de-kinesiologia-intensiva-y-soporte-ventilatorio\/","og_locale":"es_ES","og_type":"article","og_title":"Docentes de la carrera participan en Cuarta Jornada de Kinesiolog\u00eda Intensiva y Soporte Ventilatorio","og_description":"Activa participaci\u00f3n de kinesi\u00f3logos de la Facultad de Medicina Cl\u00ednica Alemana Universidad del Desarrollo.","og_url":"https:\/\/medicina.udd.cl\/kinesiologia-santiago\/noticias\/2012\/11\/21\/docentes-de-la-carrera-participan-en-cuarta-jornada-de-kinesiologia-intensiva-y-soporte-ventilatorio\/","og_site_name":"Kinesiolog\u00eda","article_published_time":"2012-11-21T13:55:22+00:00","author":"admin","twitter_misc":{"Escrito por":"admin","Tiempo de lectura":"1 minuto"},"schema":{"@context":"https:\/\/schema.org","@graph":[{"@type":"Article","@id":"https:\/\/medicina.udd.cl\/kinesiologia-santiago\/noticias\/2012\/11\/21\/docentes-de-la-carrera-participan-en-cuarta-jornada-de-kinesiologia-intensiva-y-soporte-ventilatorio\/#article","isPartOf":{"@id":"https:\/\/medicina.udd.cl\/kinesiologia-santiago\/noticias\/2012\/11\/21\/docentes-de-la-carrera-participan-en-cuarta-jornada-de-kinesiologia-intensiva-y-soporte-ventilatorio\/"},"author":{"name":"admin","@id":"https:\/\/medicina.udd.cl\/kinesiologia-santiago\/#\/schema\/person\/f7abfa784c86da427e89287831f96ab7"},"headline":"Docentes de la carrera participan en Cuarta Jornada de Kinesiolog\u00eda Intensiva y Soporte Ventilatorio","datePublished":"2012-11-21T13:55:22+00:00","mainEntityOfPage":{"@id":"https:\/\/medicina.udd.cl\/kinesiologia-santiago\/noticias\/2012\/11\/21\/docentes-de-la-carrera-participan-en-cuarta-jornada-de-kinesiologia-intensiva-y-soporte-ventilatorio\/"},"wordCount":163,"articleSection":["Noticias"],"inLanguage":"es"},{"@type":"WebPage","@id":"https:\/\/medicina.udd.cl\/kinesiologia-santiago\/noticias\/2012\/11\/21\/docentes-de-la-carrera-participan-en-cuarta-jornada-de-kinesiologia-intensiva-y-soporte-ventilatorio\/","url":"https:\/\/medicina.udd.cl\/kinesiologia-santiago\/noticias\/2012\/11\/21\/docentes-de-la-carrera-participan-en-cuarta-jornada-de-kinesiologia-intensiva-y-soporte-ventilatorio\/","name":"Docentes de la carrera participan en Cuarta Jornada de Kinesiolog\u00eda Intensiva y Soporte Ventilatorio","isPartOf":{"@id":"https:\/\/medicina.udd.cl\/kinesiologia-santiago\/#website"},"datePublished":"2012-11-21T13:55:22+00:00","author":{"@id":"https:\/\/medicina.udd.cl\/kinesiologia-santiago\/#\/schema\/person\/f7abfa784c86da427e89287831f96ab7"},"description":"Activa participaci\u00f3n de kinesi\u00f3logos de la Facultad de Medicina Cl\u00ednica Alemana Universidad del Desarrollo.","breadcrumb":{"@id":"https:\/\/medicina.udd.cl\/kinesiologia-santiago\/noticias\/2012\/11\/21\/docentes-de-la-carrera-participan-en-cuarta-jornada-de-kinesiologia-intensiva-y-soporte-ventilatorio\/#breadcrumb"},"inLanguage":"es","potentialAction":[{"@type":"ReadAction","target":["https:\/\/medicina.udd.cl\/kinesiologia-santiago\/noticias\/2012\/11\/21\/docentes-de-la-carrera-participan-en-cuarta-jornada-de-kinesiologia-intensiva-y-soporte-ventilatorio\/"]}]},{"@type":"BreadcrumbList","@id":"https:\/\/medicina.udd.cl\/kinesiologia-santiago\/noticias\/2012\/11\/21\/docentes-de-la-carrera-participan-en-cuarta-jornada-de-kinesiologia-intensiva-y-soporte-ventilatorio\/#breadcrumb","itemListElement":[{"@type":"ListItem","position":1,"name":"Home","item":"https:\/\/medicina.udd.cl\/kinesiologia-santiago\/"},{"@type":"ListItem","position":2,"name":"Docentes de la carrera participan en Cuarta Jornada de Kinesiolog\u00eda Intensiva y Soporte Ventilatorio"}]},{"@type":"WebSite","@id":"https:\/\/medicina.udd.cl\/kinesiologia-santiago\/#website","url":"https:\/\/medicina.udd.cl\/kinesiologia-santiago\/","name":"Kinesiolog\u00eda","description":"Facultad de Medicina Cl\u00ednica Alemana Universidad del Desarrollo","inLanguage":"es"},{"@type":"Person","@id":"https:\/\/medicina.udd.cl\/kinesiologia-santiago\/#\/schema\/person\/f7abfa784c86da427e89287831f96ab7","name":"admin","image":{"@type":"ImageObject","inLanguage":"es","@id":"https:\/\/medicina.udd.cl\/kinesiologia-santiago\/#\/schema\/person\/image\/","url":"https:\/\/secure.gravatar.com\/avatar\/3cb6da298954dfb54457c0910b8c9ca010abd8d87a60f7d701b6ce4254e1c642?s=96&d=mm&r=g","contentUrl":"https:\/\/secure.gravatar.com\/avatar\/3cb6da298954dfb54457c0910b8c9ca010abd8d87a60f7d701b6ce4254e1c642?s=96&d=mm&r=g","caption":"admin"},"url":"https:\/\/medicina.udd.cl\/kinesiologia-santiago\/noticias\/author\/admin\/"}]}},"featured_image_url":null,"_links":{"self":[{"href":"https:\/\/medicina.udd.cl\/kinesiologia-santiago\/wp-json\/wp\/v2\/posts\/822","targetHints":{"allow":["GET"]}}],"collection":[{"href":"https:\/\/medicina.udd.cl\/kinesiologia-santiago\/wp-json\/wp\/v2\/posts"}],"about":[{"href":"https:\/\/medicina.udd.cl\/kinesiologia-santiago\/wp-json\/wp\/v2\/types\/post"}],"author":[{"embeddable":true,"href":"https:\/\/medicina.udd.cl\/kinesiologia-santiago\/wp-json\/wp\/v2\/users\/1"}],"replies":[{"embeddable":true,"href":"https:\/\/medicina.udd.cl\/kinesiologia-santiago\/wp-json\/wp\/v2\/comments?post=822"}],"version-history":[{"count":1,"href":"https:\/\/medicina.udd.cl\/kinesiologia-santiago\/wp-json\/wp\/v2\/posts\/822\/revisions"}],"predecessor-version":[{"id":824,"href":"https:\/\/medicina.udd.cl\/kinesiologia-santiago\/wp-json\/wp\/v2\/posts\/822\/revisions\/824"}],"wp:attachment":[{"href":"https:\/\/medicina.udd.cl\/kinesiologia-santiago\/wp-json\/wp\/v2\/media?parent=822"}],"wp:term":[{"taxonomy":"category","embeddable":true,"href":"https:\/\/medicina.udd.cl\/kinesiologia-santiago\/wp-json\/wp\/v2\/categories?post=822"},{"taxonomy":"post_tag","embeddable":true,"href":"https:\/\/medicina.udd.cl\/kinesiologia-santiago\/wp-json\/wp\/v2\/tags?post=822"}],"curies":[{"name":"wp","href":"https:\/\/api.w.org\/{rel}","templated":true}]}}