{"id":825,"date":"2012-12-03T10:45:01","date_gmt":"2012-12-03T13:45:01","guid":{"rendered":"http:\/\/medicina.udd.cl\/kinesiologia-santiago\/?p=825"},"modified":"2012-12-03T10:50:02","modified_gmt":"2012-12-03T13:50:02","slug":"seminarios-con-enfoque-en-razonamiento-clinico-para-kinesiologos","status":"publish","type":"post","link":"https:\/\/medicina.udd.cl\/kinesiologia-santiago\/noticias\/2012\/12\/03\/seminarios-con-enfoque-en-razonamiento-clinico-para-kinesiologos\/","title":{"rendered":"Seminarios con enfoque en Razonamiento Cl\u00ednico para Kinesi\u00f3logos"},"content":{"rendered":"<p><a href=\"http:\/\/medicina.udd.cl\/kinesiologia-santiago\/files\/2012\/12\/KINE.jpg\"><img loading=\"lazy\" decoding=\"async\" class=\"alignleft size-medium wp-image-826\" src=\"http:\/\/medicina.udd.cl\/kinesiologia-santiago\/files\/2012\/12\/KINE-300x242.jpg\" alt=\"\" width=\"300\" height=\"242\" \/><\/a>Con la presencia del destacado fisioterapeuta australiano Mark \u00a0Jones se realizar\u00e1n tres Seminarios con enfoque en Razonamiento Cl\u00ednico para Kinesi\u00f3logos, patrocinados por la carrera de kinesiolog\u00eda de la Facultad de Medicina Cl\u00ednica Alemana Universidad del Desarrollo, los que se llevar\u00e1n a efecto en el campus Fray Le\u00f3n de nuestra Universidad.<\/p>\n<p><strong>SEMINARIOS<\/strong><\/p>\n<p><strong>Razonamiento cl\u00ednico para kinesi\u00f3logos<\/strong><\/p>\n<p>8-9 de diciembre 2012<\/p>\n<p>Entender el problema y a la persona. A trav\u00e9s del razonamiento \u00abnarrativo\u00bb y \u00abdiagnostico\u00bb Este curso te\u00f3rico de 2 d\u00edas ofrece una visi\u00f3n global del diagn\u00f3stico y la teor\u00eda del razonamiento cl\u00ednico narrativo, as\u00ed como tambi\u00e9n de los errores comunes que cometemos al realizar razonamie nto cl\u00ednico y tambi\u00e9n estrategias para mejorar el razonamiento cl\u00ednico. En \u00e9l se proporciona considerable \u00e9nfasis en la importancia de la evaluaci\u00f3n psicosocial fisioterap\u00e9utica junto con sugerencias para adquirir informaci\u00f3n importante y c\u00f3mo obtenerla al evaluar el estado psicosocial de un paciente.<\/p>\n<p><strong>Impingement e inestabilidad de Hombro<\/strong><\/p>\n<p>11-13 de diciembre 2012<\/p>\n<p>Teor\u00eda del razonamiento cl\u00ednico, patrones, evaluaci\u00f3n pr\u00e1ctica y tratamiento. Seminario mayoritariamente pr\u00e1ctico aplicable a la pr\u00e1ctica cl\u00ednica diaria, curso de 3 d\u00edas que proporcionar\u00e1 a los participantes una visi\u00f3n general de la teor\u00eda del razonamiento cl\u00ednico actual, la anatom\u00eda, cinem\u00e1tica, examen y tratamiento del \u00abimpingement\u00bb y la inestabilidad de hombro. Este curso pretende cubrir tanto la evaluaci\u00f3n del complejo articular del hombro tanto rutinaria como la m\u00e1s avanzada, la diferenciaci\u00f3n y las t\u00e9cnicas de tratamiento para el complejo del hombro en el contexto del razonamiento cl\u00ednico. Se har\u00e1 especial hincapi\u00e9 en la aplicaci\u00f3n de la teor\u00eda del razonamiento cl\u00ednico en la evaluaci\u00f3n y tratamiento del hombro as\u00ed como en el perfeccionamiento de las habilidades manuales en todos los procedimientos de evaluaci\u00f3n y tratamiento.<\/p>\n<p><strong>Columna Cervical<\/strong><\/p>\n<p>15-17 de diciembre 2012<\/p>\n<p>Este curso de 3 d\u00edas de duraci\u00f3n pretende cubrir tanto la evaluaci\u00f3n rutinaria y el examen m\u00e1s avanzado, la diferenciaci\u00f3n y las t\u00e9cnicas de tratamiento para la columna cervical en el contexto del razonamiento cl\u00ednico. Se har\u00e1 hincapi\u00e9 en el examen detallado y tratamiento de procedimientos relacionados con los patrones cl\u00ednicos comunes observados en la pr\u00e1ctica y en la mejora de las habilidades manuales y el razonamiento cl\u00ednico. Se dar\u00e1 \u00e9nfasis a la evidencia cient\u00edfica actual sobre la evaluaci\u00f3n de la estabilidad din\u00e1mica de la columna cervical, junto con la eficacia del tratamiento fisioterap\u00e9utico activo y pasivo.<\/p>\n<p>Los seminarios de la Mark Jones se realizan alrededor de todo el mundo. El ha publicado varios art\u00edculos en revistas cient\u00edficas, su publicaci\u00f3n m\u00e1s famosa es su libro en conjuto con Darrent Rivett titulado \u00abCLINICAL REASONING FOR MANUAL THERAPHISTS\u00bb. Adem\u00e1s recientemente public\u00f3 un cap\u00edtulo sobre el control motor del complejo articular del hombro en el libro \u00abNECK AND ARM PAIN SYNDROMES evidence-informed screening, diagnosis and managment\u00bb del destacado fisioterapeuta espa\u00f1ol Cesar Fernandez de las Pe\u00f1as (PT, DO, PHD). Con sus numerosas investigaciones sobre Razonamiento Cl\u00ednico ha contribuido a que los fisioterapeutas utilicen esta herramienta en la cl\u00ednica diaria con sus pacientes.<\/p>\n<p>M\u00e1s informaci\u00f3n Website:\u00a0<a href=\"http:\/\/www.physiodynamic.cl\/\">http:\/\/www.physiodynamic.cl<\/a><br \/>\nE-mail:\u00a0<a href=\"mailto:contacto@physiodynamic.cl\">contacto@physiodynamic.cl<\/a><\/p>\n","protected":false},"excerpt":{"rendered":"<p>Con la presencia del destacado fisioterapeuta australiano Mark \u00a0Jones se realizar\u00e1n tres Seminarios con enfoque en Razonamiento Cl\u00ednico para Kinesi\u00f3logos, patrocinados por la carrera de kinesiolog\u00eda de la Facultad de Medicina Cl\u00ednica Alemana Universidad del Desarrollo, los que se llevar\u00e1n a efecto en el campus Fray Le\u00f3n de nuestra Universidad. SEMINARIOS Razonamiento cl\u00ednico para kinesi\u00f3logos [&hellip;]<\/p>\n","protected":false},"author":1,"featured_media":0,"comment_status":"closed","ping_status":"closed","sticky":false,"template":"","format":"standard","meta":{"footnotes":""},"categories":[4],"tags":[],"class_list":["post-825","post","type-post","status-publish","format-standard","hentry","category-noticias"],"yoast_head":"<!-- This site is optimized with the Yoast SEO plugin v26.9 - https:\/\/yoast.com\/product\/yoast-seo-wordpress\/ -->\n<title>Seminarios con enfoque en Razonamiento Cl\u00ednico para Kinesi\u00f3logos<\/title>\n<meta name=\"description\" content=\"Seminarios patrocinados por Kinesiolog\u00eda de la Facultad de Medicina Cl\u00ednica Alemana Universidad del Desarrollo.\" \/>\n<meta name=\"robots\" content=\"index, follow, max-snippet:-1, max-image-preview:large, max-video-preview:-1\" \/>\n<link rel=\"canonical\" href=\"https:\/\/medicina.udd.cl\/kinesiologia-santiago\/noticias\/2012\/12\/03\/seminarios-con-enfoque-en-razonamiento-clinico-para-kinesiologos\/\" \/>\n<meta property=\"og:locale\" content=\"es_ES\" \/>\n<meta property=\"og:type\" content=\"article\" \/>\n<meta property=\"og:title\" content=\"Seminarios con enfoque en Razonamiento Cl\u00ednico para Kinesi\u00f3logos\" \/>\n<meta property=\"og:description\" content=\"Seminarios patrocinados por Kinesiolog\u00eda de la Facultad de Medicina Cl\u00ednica Alemana Universidad del Desarrollo.\" \/>\n<meta property=\"og:url\" content=\"https:\/\/medicina.udd.cl\/kinesiologia-santiago\/noticias\/2012\/12\/03\/seminarios-con-enfoque-en-razonamiento-clinico-para-kinesiologos\/\" \/>\n<meta property=\"og:site_name\" content=\"Kinesiolog\u00eda\" \/>\n<meta property=\"article:published_time\" content=\"2012-12-03T13:45:01+00:00\" \/>\n<meta property=\"article:modified_time\" content=\"2012-12-03T13:50:02+00:00\" \/>\n<meta property=\"og:image\" content=\"http:\/\/medicina.udd.cl\/kinesiologia-santiago\/files\/2012\/12\/KINE-300x242.jpg\" \/>\n<meta name=\"author\" content=\"admin\" \/>\n<meta name=\"twitter:label1\" content=\"Escrito por\" \/>\n\t<meta name=\"twitter:data1\" content=\"admin\" \/>\n\t<meta name=\"twitter:label2\" content=\"Tiempo de lectura\" \/>\n\t<meta name=\"twitter:data2\" content=\"3 minutos\" \/>\n<script type=\"application\/ld+json\" class=\"yoast-schema-graph\">{\"@context\":\"https:\/\/schema.org\",\"@graph\":[{\"@type\":\"Article\",\"@id\":\"https:\/\/medicina.udd.cl\/kinesiologia-santiago\/noticias\/2012\/12\/03\/seminarios-con-enfoque-en-razonamiento-clinico-para-kinesiologos\/#article\",\"isPartOf\":{\"@id\":\"https:\/\/medicina.udd.cl\/kinesiologia-santiago\/noticias\/2012\/12\/03\/seminarios-con-enfoque-en-razonamiento-clinico-para-kinesiologos\/\"},\"author\":{\"name\":\"admin\",\"@id\":\"https:\/\/medicina.udd.cl\/kinesiologia-santiago\/#\/schema\/person\/f7abfa784c86da427e89287831f96ab7\"},\"headline\":\"Seminarios con enfoque en Razonamiento Cl\u00ednico para Kinesi\u00f3logos\",\"datePublished\":\"2012-12-03T13:45:01+00:00\",\"dateModified\":\"2012-12-03T13:50:02+00:00\",\"mainEntityOfPage\":{\"@id\":\"https:\/\/medicina.udd.cl\/kinesiologia-santiago\/noticias\/2012\/12\/03\/seminarios-con-enfoque-en-razonamiento-clinico-para-kinesiologos\/\"},\"wordCount\":570,\"image\":{\"@id\":\"https:\/\/medicina.udd.cl\/kinesiologia-santiago\/noticias\/2012\/12\/03\/seminarios-con-enfoque-en-razonamiento-clinico-para-kinesiologos\/#primaryimage\"},\"thumbnailUrl\":\"http:\/\/medicina.udd.cl\/kinesiologia-santiago\/files\/2012\/12\/KINE-300x242.jpg\",\"articleSection\":[\"Noticias\"],\"inLanguage\":\"es\"},{\"@type\":\"WebPage\",\"@id\":\"https:\/\/medicina.udd.cl\/kinesiologia-santiago\/noticias\/2012\/12\/03\/seminarios-con-enfoque-en-razonamiento-clinico-para-kinesiologos\/\",\"url\":\"https:\/\/medicina.udd.cl\/kinesiologia-santiago\/noticias\/2012\/12\/03\/seminarios-con-enfoque-en-razonamiento-clinico-para-kinesiologos\/\",\"name\":\"Seminarios con enfoque en Razonamiento Cl\u00ednico para Kinesi\u00f3logos\",\"isPartOf\":{\"@id\":\"https:\/\/medicina.udd.cl\/kinesiologia-santiago\/#website\"},\"primaryImageOfPage\":{\"@id\":\"https:\/\/medicina.udd.cl\/kinesiologia-santiago\/noticias\/2012\/12\/03\/seminarios-con-enfoque-en-razonamiento-clinico-para-kinesiologos\/#primaryimage\"},\"image\":{\"@id\":\"https:\/\/medicina.udd.cl\/kinesiologia-santiago\/noticias\/2012\/12\/03\/seminarios-con-enfoque-en-razonamiento-clinico-para-kinesiologos\/#primaryimage\"},\"thumbnailUrl\":\"http:\/\/medicina.udd.cl\/kinesiologia-santiago\/files\/2012\/12\/KINE-300x242.jpg\",\"datePublished\":\"2012-12-03T13:45:01+00:00\",\"dateModified\":\"2012-12-03T13:50:02+00:00\",\"author\":{\"@id\":\"https:\/\/medicina.udd.cl\/kinesiologia-santiago\/#\/schema\/person\/f7abfa784c86da427e89287831f96ab7\"},\"description\":\"Seminarios patrocinados por Kinesiolog\u00eda de la Facultad de Medicina Cl\u00ednica Alemana Universidad del Desarrollo.\",\"breadcrumb\":{\"@id\":\"https:\/\/medicina.udd.cl\/kinesiologia-santiago\/noticias\/2012\/12\/03\/seminarios-con-enfoque-en-razonamiento-clinico-para-kinesiologos\/#breadcrumb\"},\"inLanguage\":\"es\",\"potentialAction\":[{\"@type\":\"ReadAction\",\"target\":[\"https:\/\/medicina.udd.cl\/kinesiologia-santiago\/noticias\/2012\/12\/03\/seminarios-con-enfoque-en-razonamiento-clinico-para-kinesiologos\/\"]}]},{\"@type\":\"ImageObject\",\"inLanguage\":\"es\",\"@id\":\"https:\/\/medicina.udd.cl\/kinesiologia-santiago\/noticias\/2012\/12\/03\/seminarios-con-enfoque-en-razonamiento-clinico-para-kinesiologos\/#primaryimage\",\"url\":\"http:\/\/medicina.udd.cl\/kinesiologia-santiago\/files\/2012\/12\/KINE-300x242.jpg\",\"contentUrl\":\"http:\/\/medicina.udd.cl\/kinesiologia-santiago\/files\/2012\/12\/KINE-300x242.jpg\"},{\"@type\":\"BreadcrumbList\",\"@id\":\"https:\/\/medicina.udd.cl\/kinesiologia-santiago\/noticias\/2012\/12\/03\/seminarios-con-enfoque-en-razonamiento-clinico-para-kinesiologos\/#breadcrumb\",\"itemListElement\":[{\"@type\":\"ListItem\",\"position\":1,\"name\":\"Home\",\"item\":\"https:\/\/medicina.udd.cl\/kinesiologia-santiago\/\"},{\"@type\":\"ListItem\",\"position\":2,\"name\":\"Seminarios con enfoque en Razonamiento Cl\u00ednico para Kinesi\u00f3logos\"}]},{\"@type\":\"WebSite\",\"@id\":\"https:\/\/medicina.udd.cl\/kinesiologia-santiago\/#website\",\"url\":\"https:\/\/medicina.udd.cl\/kinesiologia-santiago\/\",\"name\":\"Kinesiolog\u00eda\",\"description\":\"Facultad de Medicina Cl\u00ednica Alemana Universidad del Desarrollo\",\"inLanguage\":\"es\"},{\"@type\":\"Person\",\"@id\":\"https:\/\/medicina.udd.cl\/kinesiologia-santiago\/#\/schema\/person\/f7abfa784c86da427e89287831f96ab7\",\"name\":\"admin\",\"image\":{\"@type\":\"ImageObject\",\"inLanguage\":\"es\",\"@id\":\"https:\/\/medicina.udd.cl\/kinesiologia-santiago\/#\/schema\/person\/image\/\",\"url\":\"https:\/\/secure.gravatar.com\/avatar\/3cb6da298954dfb54457c0910b8c9ca010abd8d87a60f7d701b6ce4254e1c642?s=96&d=mm&r=g\",\"contentUrl\":\"https:\/\/secure.gravatar.com\/avatar\/3cb6da298954dfb54457c0910b8c9ca010abd8d87a60f7d701b6ce4254e1c642?s=96&d=mm&r=g\",\"caption\":\"admin\"},\"url\":\"https:\/\/medicina.udd.cl\/kinesiologia-santiago\/noticias\/author\/admin\/\"}]}<\/script>\n<!-- \/ Yoast SEO plugin. -->","yoast_head_json":{"title":"Seminarios con enfoque en Razonamiento Cl\u00ednico para Kinesi\u00f3logos","description":"Seminarios patrocinados por Kinesiolog\u00eda de la Facultad de Medicina Cl\u00ednica Alemana Universidad del Desarrollo.","robots":{"index":"index","follow":"follow","max-snippet":"max-snippet:-1","max-image-preview":"max-image-preview:large","max-video-preview":"max-video-preview:-1"},"canonical":"https:\/\/medicina.udd.cl\/kinesiologia-santiago\/noticias\/2012\/12\/03\/seminarios-con-enfoque-en-razonamiento-clinico-para-kinesiologos\/","og_locale":"es_ES","og_type":"article","og_title":"Seminarios con enfoque en Razonamiento Cl\u00ednico para Kinesi\u00f3logos","og_description":"Seminarios patrocinados por Kinesiolog\u00eda de la Facultad de Medicina Cl\u00ednica Alemana Universidad del Desarrollo.","og_url":"https:\/\/medicina.udd.cl\/kinesiologia-santiago\/noticias\/2012\/12\/03\/seminarios-con-enfoque-en-razonamiento-clinico-para-kinesiologos\/","og_site_name":"Kinesiolog\u00eda","article_published_time":"2012-12-03T13:45:01+00:00","article_modified_time":"2012-12-03T13:50:02+00:00","og_image":[{"url":"http:\/\/medicina.udd.cl\/kinesiologia-santiago\/files\/2012\/12\/KINE-300x242.jpg","type":"","width":"","height":""}],"author":"admin","twitter_misc":{"Escrito por":"admin","Tiempo de lectura":"3 minutos"},"schema":{"@context":"https:\/\/schema.org","@graph":[{"@type":"Article","@id":"https:\/\/medicina.udd.cl\/kinesiologia-santiago\/noticias\/2012\/12\/03\/seminarios-con-enfoque-en-razonamiento-clinico-para-kinesiologos\/#article","isPartOf":{"@id":"https:\/\/medicina.udd.cl\/kinesiologia-santiago\/noticias\/2012\/12\/03\/seminarios-con-enfoque-en-razonamiento-clinico-para-kinesiologos\/"},"author":{"name":"admin","@id":"https:\/\/medicina.udd.cl\/kinesiologia-santiago\/#\/schema\/person\/f7abfa784c86da427e89287831f96ab7"},"headline":"Seminarios con enfoque en Razonamiento Cl\u00ednico para Kinesi\u00f3logos","datePublished":"2012-12-03T13:45:01+00:00","dateModified":"2012-12-03T13:50:02+00:00","mainEntityOfPage":{"@id":"https:\/\/medicina.udd.cl\/kinesiologia-santiago\/noticias\/2012\/12\/03\/seminarios-con-enfoque-en-razonamiento-clinico-para-kinesiologos\/"},"wordCount":570,"image":{"@id":"https:\/\/medicina.udd.cl\/kinesiologia-santiago\/noticias\/2012\/12\/03\/seminarios-con-enfoque-en-razonamiento-clinico-para-kinesiologos\/#primaryimage"},"thumbnailUrl":"http:\/\/medicina.udd.cl\/kinesiologia-santiago\/files\/2012\/12\/KINE-300x242.jpg","articleSection":["Noticias"],"inLanguage":"es"},{"@type":"WebPage","@id":"https:\/\/medicina.udd.cl\/kinesiologia-santiago\/noticias\/2012\/12\/03\/seminarios-con-enfoque-en-razonamiento-clinico-para-kinesiologos\/","url":"https:\/\/medicina.udd.cl\/kinesiologia-santiago\/noticias\/2012\/12\/03\/seminarios-con-enfoque-en-razonamiento-clinico-para-kinesiologos\/","name":"Seminarios con enfoque en Razonamiento Cl\u00ednico para Kinesi\u00f3logos","isPartOf":{"@id":"https:\/\/medicina.udd.cl\/kinesiologia-santiago\/#website"},"primaryImageOfPage":{"@id":"https:\/\/medicina.udd.cl\/kinesiologia-santiago\/noticias\/2012\/12\/03\/seminarios-con-enfoque-en-razonamiento-clinico-para-kinesiologos\/#primaryimage"},"image":{"@id":"https:\/\/medicina.udd.cl\/kinesiologia-santiago\/noticias\/2012\/12\/03\/seminarios-con-enfoque-en-razonamiento-clinico-para-kinesiologos\/#primaryimage"},"thumbnailUrl":"http:\/\/medicina.udd.cl\/kinesiologia-santiago\/files\/2012\/12\/KINE-300x242.jpg","datePublished":"2012-12-03T13:45:01+00:00","dateModified":"2012-12-03T13:50:02+00:00","author":{"@id":"https:\/\/medicina.udd.cl\/kinesiologia-santiago\/#\/schema\/person\/f7abfa784c86da427e89287831f96ab7"},"description":"Seminarios patrocinados por Kinesiolog\u00eda de la Facultad de Medicina Cl\u00ednica Alemana Universidad del Desarrollo.","breadcrumb":{"@id":"https:\/\/medicina.udd.cl\/kinesiologia-santiago\/noticias\/2012\/12\/03\/seminarios-con-enfoque-en-razonamiento-clinico-para-kinesiologos\/#breadcrumb"},"inLanguage":"es","potentialAction":[{"@type":"ReadAction","target":["https:\/\/medicina.udd.cl\/kinesiologia-santiago\/noticias\/2012\/12\/03\/seminarios-con-enfoque-en-razonamiento-clinico-para-kinesiologos\/"]}]},{"@type":"ImageObject","inLanguage":"es","@id":"https:\/\/medicina.udd.cl\/kinesiologia-santiago\/noticias\/2012\/12\/03\/seminarios-con-enfoque-en-razonamiento-clinico-para-kinesiologos\/#primaryimage","url":"http:\/\/medicina.udd.cl\/kinesiologia-santiago\/files\/2012\/12\/KINE-300x242.jpg","contentUrl":"http:\/\/medicina.udd.cl\/kinesiologia-santiago\/files\/2012\/12\/KINE-300x242.jpg"},{"@type":"BreadcrumbList","@id":"https:\/\/medicina.udd.cl\/kinesiologia-santiago\/noticias\/2012\/12\/03\/seminarios-con-enfoque-en-razonamiento-clinico-para-kinesiologos\/#breadcrumb","itemListElement":[{"@type":"ListItem","position":1,"name":"Home","item":"https:\/\/medicina.udd.cl\/kinesiologia-santiago\/"},{"@type":"ListItem","position":2,"name":"Seminarios con enfoque en Razonamiento Cl\u00ednico para Kinesi\u00f3logos"}]},{"@type":"WebSite","@id":"https:\/\/medicina.udd.cl\/kinesiologia-santiago\/#website","url":"https:\/\/medicina.udd.cl\/kinesiologia-santiago\/","name":"Kinesiolog\u00eda","description":"Facultad de Medicina Cl\u00ednica Alemana Universidad del Desarrollo","inLanguage":"es"},{"@type":"Person","@id":"https:\/\/medicina.udd.cl\/kinesiologia-santiago\/#\/schema\/person\/f7abfa784c86da427e89287831f96ab7","name":"admin","image":{"@type":"ImageObject","inLanguage":"es","@id":"https:\/\/medicina.udd.cl\/kinesiologia-santiago\/#\/schema\/person\/image\/","url":"https:\/\/secure.gravatar.com\/avatar\/3cb6da298954dfb54457c0910b8c9ca010abd8d87a60f7d701b6ce4254e1c642?s=96&d=mm&r=g","contentUrl":"https:\/\/secure.gravatar.com\/avatar\/3cb6da298954dfb54457c0910b8c9ca010abd8d87a60f7d701b6ce4254e1c642?s=96&d=mm&r=g","caption":"admin"},"url":"https:\/\/medicina.udd.cl\/kinesiologia-santiago\/noticias\/author\/admin\/"}]}},"featured_image_url":null,"_links":{"self":[{"href":"https:\/\/medicina.udd.cl\/kinesiologia-santiago\/wp-json\/wp\/v2\/posts\/825","targetHints":{"allow":["GET"]}}],"collection":[{"href":"https:\/\/medicina.udd.cl\/kinesiologia-santiago\/wp-json\/wp\/v2\/posts"}],"about":[{"href":"https:\/\/medicina.udd.cl\/kinesiologia-santiago\/wp-json\/wp\/v2\/types\/post"}],"author":[{"embeddable":true,"href":"https:\/\/medicina.udd.cl\/kinesiologia-santiago\/wp-json\/wp\/v2\/users\/1"}],"replies":[{"embeddable":true,"href":"https:\/\/medicina.udd.cl\/kinesiologia-santiago\/wp-json\/wp\/v2\/comments?post=825"}],"version-history":[{"count":2,"href":"https:\/\/medicina.udd.cl\/kinesiologia-santiago\/wp-json\/wp\/v2\/posts\/825\/revisions"}],"predecessor-version":[{"id":828,"href":"https:\/\/medicina.udd.cl\/kinesiologia-santiago\/wp-json\/wp\/v2\/posts\/825\/revisions\/828"}],"wp:attachment":[{"href":"https:\/\/medicina.udd.cl\/kinesiologia-santiago\/wp-json\/wp\/v2\/media?parent=825"}],"wp:term":[{"taxonomy":"category","embeddable":true,"href":"https:\/\/medicina.udd.cl\/kinesiologia-santiago\/wp-json\/wp\/v2\/categories?post=825"},{"taxonomy":"post_tag","embeddable":true,"href":"https:\/\/medicina.udd.cl\/kinesiologia-santiago\/wp-json\/wp\/v2\/tags?post=825"}],"curies":[{"name":"wp","href":"https:\/\/api.w.org\/{rel}","templated":true}]}}