{"id":830,"date":"2012-12-07T10:42:04","date_gmt":"2012-12-07T13:42:04","guid":{"rendered":"http:\/\/medicina.udd.cl\/kinesiologia-santiago\/?p=830"},"modified":"2012-12-07T10:42:04","modified_gmt":"2012-12-07T13:42:04","slug":"2%c2%b0-corrida-organizada-por-la-carrera-de-kinesiologia-%e2%80%9cdestruyendo-mitos-por-un-envejecimiento-activo%e2%80%9d","status":"publish","type":"post","link":"https:\/\/medicina.udd.cl\/kinesiologia-santiago\/noticias\/2012\/12\/07\/2%c2%b0-corrida-organizada-por-la-carrera-de-kinesiologia-%e2%80%9cdestruyendo-mitos-por-un-envejecimiento-activo%e2%80%9d\/","title":{"rendered":"2\u00b0 corrida organizada por la carrera de Kinesiolog\u00eda: \u201cDestruyendo Mitos, por un envejecimiento activo\u201d"},"content":{"rendered":"<div id=\"gallery-1\" class=\"carousel slide carousel-gallery\" data-ride=\"false\" data-interval=\"false\"><div class=\"carousel-inner\" role=\"listbox\"><figure class=\"carousel-item active\"><img loading=\"lazy\" decoding=\"async\" width=\"400\" height=\"232\" src=\"https:\/\/medicina.udd.cl\/kinesiologia-santiago\/files\/2012\/12\/k.jpg\" class=\"attachment-landscape_952 size-landscape_952\" alt=\"\" srcset=\"https:\/\/medicina.udd.cl\/kinesiologia-santiago\/files\/2012\/12\/k.jpg 400w, https:\/\/medicina.udd.cl\/kinesiologia-santiago\/files\/2012\/12\/k-300x174.jpg 300w\" sizes=\"auto, (max-width: 400px) 100vw, 400px\" \/><\/figure><figure class=\"carousel-item\"><img loading=\"lazy\" decoding=\"async\" width=\"271\" height=\"400\" src=\"https:\/\/medicina.udd.cl\/kinesiologia-santiago\/files\/2012\/12\/k2.jpg\" class=\"attachment-landscape_952 size-landscape_952\" alt=\"\" srcset=\"https:\/\/medicina.udd.cl\/kinesiologia-santiago\/files\/2012\/12\/k2.jpg 271w, https:\/\/medicina.udd.cl\/kinesiologia-santiago\/files\/2012\/12\/k2-203x300.jpg 203w\" sizes=\"auto, (max-width: 271px) 100vw, 271px\" \/><\/figure><figure class=\"carousel-item\"><img loading=\"lazy\" decoding=\"async\" width=\"400\" height=\"222\" src=\"https:\/\/medicina.udd.cl\/kinesiologia-santiago\/files\/2012\/12\/k3.jpg\" class=\"attachment-landscape_952 size-landscape_952\" alt=\"\" srcset=\"https:\/\/medicina.udd.cl\/kinesiologia-santiago\/files\/2012\/12\/k3.jpg 400w, https:\/\/medicina.udd.cl\/kinesiologia-santiago\/files\/2012\/12\/k3-300x167.jpg 300w\" sizes=\"auto, (max-width: 400px) 100vw, 400px\" \/><\/figure><\/div><footer class=\"carousel-footer\"><div class=\"carousel-counter\"><span class=\"carousel-counter-current\"><\/span> \/ <span class=\"carousel-counter-total\"><\/span><\/div><a class=\"carousel-control-prev\" href=\"#gallery-1\" role=\"button\" data-slide=\"prev\"><svg aria-hidden=\"true\" class=\"svg-chevron-left-dims\"><use xlink:href='https:\/\/medicina.udd.cl\/kinesiologia-santiago\/wp-content\/themes\/facultades-2018\/assets\/img\/svg\/dist\/main.svg?version=1695853099#chevron-left'><\/use><\/svg><span class=\"sr-only\">Anterior<\/span><\/a><a class=\"carousel-control-next\" href=\"#gallery-1\" role=\"button\" data-slide=\"next\"><svg aria-hidden=\"true\" class=\"svg-chevron-right-dims\"><use xlink:href='https:\/\/medicina.udd.cl\/kinesiologia-santiago\/wp-content\/themes\/facultades-2018\/assets\/img\/svg\/dist\/main.svg?version=1695853099#chevron-right'><\/use><\/svg><span class=\"sr-only\">Siguiente<\/span><\/a><\/footer><\/div>\n<p>El 31 de octubre pasado se realiz\u00f3 la 2\u00b0 corrida organizada por la carrera de Kinesiolog\u00eda: \u201cDestruyendo Mitos, por un envejecimiento activo\u201d.<\/p>\n<p>Esta es una actividad f\u00edsico recreativa en donde los adulto mayores de la residencia Rosita Renard, perteneciente al Hogar de Cristo, compiten en una carrera en distintas categor\u00edas: silla de ruedas, uso de burrito, uso de bastones y marcha independiente, en un tramo de 100 mt.<\/p>\n<p>La experiencia de esta corrida no s\u00f3lo beneficia a los adultos mayores que participan en la instancia, sino que tambi\u00e9n a los estudiantes de la carrera de Kinesiolog\u00eda de nuestra Facultad, quienes colaboran en las distintas tareas del encuentro.<\/p>\n<p>Para los adultos mayores, una actividad fuera de las dependencias de la residencia ya genera muchas expectativas y alegr\u00edas por realizar algo diferente a su rutina. Sumado a la motivaci\u00f3n por realizar actividad f\u00edsica, que como sabemos tiene grandes beneficios en lo f\u00edsico, ps\u00edquico y social para las personas en general sin importar la edad que tengan. Adem\u00e1s, busca mantener en el tiempo el inter\u00e9s de los adultos mayores por realizar actividad f\u00edsica dentro de la residencia.<\/p>\n<p>El segundo aspecto, va ligado al nombre de la corrida \u201cDestruyendo Mitos\u201d, la idea era exponer frente a nuestra comunidad; empresa, vecinos, alumnos, el municipio y otros. Y desmitificar la idea de las residencias u hogares cl\u00e1sicos, que por lo general se ven en la Tv, donde los adultos mayores se encuentran anquilosados a su silla de rueda, que mas que por sus dependencias f\u00edsicas es solo por falta de motivaci\u00f3n, apoyado en el prejuicio de que los Adultos Mayores han perdido todo tipo de capacidades. Nosotros quer\u00edamos demostrar que pese a las dificultades ps\u00edquicas, f\u00edsicas y cognitivas, las personas aun conservan el esp\u00edritu y ganas por realizar actividades entretenidas, y que nos dignifican como seres humanos.<\/p>\n<p>La corrida \u00abDestruyendo Mito\u00bb se desarroll\u00f3 en los estacionamientos del Mall Plaza Sur, lo que permiti\u00f3 que se desarrollara de forma segura.<\/p>\n","protected":false},"excerpt":{"rendered":"<p>La carrera es una instancia de motivaci\u00f3n y alegr\u00eda para los adultos mayores, donde se potencian sus capacidades f\u00edsicas a trav\u00e9s del entrenamiento, con la finalidad de mejorar su calidad de vida.<\/p>\n","protected":false},"author":1,"featured_media":0,"comment_status":"closed","ping_status":"closed","sticky":false,"template":"","format":"standard","meta":{"footnotes":""},"categories":[4],"tags":[],"class_list":["post-830","post","type-post","status-publish","format-standard","hentry","category-noticias"],"yoast_head":"<!-- This site is optimized with the Yoast SEO plugin v26.9 - https:\/\/yoast.com\/product\/yoast-seo-wordpress\/ -->\n<title>2\u00b0 corrida organizada por la carrera de Kinesiolog\u00eda: \u201cDestruyendo Mitos, por un envejecimiento activo\u201d<\/title>\n<meta name=\"description\" content=\"Carrera de Kinesiolog\u00eda de la Facultad de Medicina Cl\u00ednica Alemana Universidad del Desarrollo.\" \/>\n<meta name=\"robots\" content=\"index, follow, max-snippet:-1, max-image-preview:large, max-video-preview:-1\" \/>\n<link rel=\"canonical\" href=\"https:\/\/medicina.udd.cl\/kinesiologia-santiago\/noticias\/2012\/12\/07\/2\u00b0-corrida-organizada-por-la-carrera-de-kinesiologia-\u201cdestruyendo-mitos-por-un-envejecimiento-activo\u201d\/\" \/>\n<meta property=\"og:locale\" content=\"es_ES\" \/>\n<meta property=\"og:type\" content=\"article\" \/>\n<meta property=\"og:title\" content=\"2\u00b0 corrida organizada por la carrera de Kinesiolog\u00eda: \u201cDestruyendo Mitos, por un envejecimiento activo\u201d\" \/>\n<meta property=\"og:description\" content=\"Carrera de Kinesiolog\u00eda de la Facultad de Medicina Cl\u00ednica Alemana Universidad del Desarrollo.\" \/>\n<meta property=\"og:url\" content=\"https:\/\/medicina.udd.cl\/kinesiologia-santiago\/noticias\/2012\/12\/07\/2\u00b0-corrida-organizada-por-la-carrera-de-kinesiologia-\u201cdestruyendo-mitos-por-un-envejecimiento-activo\u201d\/\" \/>\n<meta property=\"og:site_name\" content=\"Kinesiolog\u00eda\" \/>\n<meta property=\"article:published_time\" content=\"2012-12-07T13:42:04+00:00\" \/>\n<meta property=\"og:image\" content=\"https:\/\/medicina.udd.cl\/kinesiologia-santiago\/files\/2012\/12\/k.jpg\" \/>\n<meta name=\"author\" content=\"admin\" \/>\n<meta name=\"twitter:label1\" content=\"Escrito por\" \/>\n\t<meta name=\"twitter:data1\" content=\"admin\" \/>\n\t<meta name=\"twitter:label2\" content=\"Tiempo de lectura\" \/>\n\t<meta name=\"twitter:data2\" content=\"2 minutos\" \/>\n<script type=\"application\/ld+json\" class=\"yoast-schema-graph\">{\"@context\":\"https:\/\/schema.org\",\"@graph\":[{\"@type\":\"Article\",\"@id\":\"https:\/\/medicina.udd.cl\/kinesiologia-santiago\/noticias\/2012\/12\/07\/2%c2%b0-corrida-organizada-por-la-carrera-de-kinesiologia-%e2%80%9cdestruyendo-mitos-por-un-envejecimiento-activo%e2%80%9d\/#article\",\"isPartOf\":{\"@id\":\"https:\/\/medicina.udd.cl\/kinesiologia-santiago\/noticias\/2012\/12\/07\/2%c2%b0-corrida-organizada-por-la-carrera-de-kinesiologia-%e2%80%9cdestruyendo-mitos-por-un-envejecimiento-activo%e2%80%9d\/\"},\"author\":{\"name\":\"admin\",\"@id\":\"https:\/\/medicina.udd.cl\/kinesiologia-santiago\/#\/schema\/person\/f7abfa784c86da427e89287831f96ab7\"},\"headline\":\"2\u00b0 corrida organizada por la carrera de Kinesiolog\u00eda: \u201cDestruyendo Mitos, por un envejecimiento activo\u201d\",\"datePublished\":\"2012-12-07T13:42:04+00:00\",\"mainEntityOfPage\":{\"@id\":\"https:\/\/medicina.udd.cl\/kinesiologia-santiago\/noticias\/2012\/12\/07\/2%c2%b0-corrida-organizada-por-la-carrera-de-kinesiologia-%e2%80%9cdestruyendo-mitos-por-un-envejecimiento-activo%e2%80%9d\/\"},\"wordCount\":356,\"articleSection\":[\"Noticias\"],\"inLanguage\":\"es\"},{\"@type\":\"WebPage\",\"@id\":\"https:\/\/medicina.udd.cl\/kinesiologia-santiago\/noticias\/2012\/12\/07\/2%c2%b0-corrida-organizada-por-la-carrera-de-kinesiologia-%e2%80%9cdestruyendo-mitos-por-un-envejecimiento-activo%e2%80%9d\/\",\"url\":\"https:\/\/medicina.udd.cl\/kinesiologia-santiago\/noticias\/2012\/12\/07\/2%c2%b0-corrida-organizada-por-la-carrera-de-kinesiologia-%e2%80%9cdestruyendo-mitos-por-un-envejecimiento-activo%e2%80%9d\/\",\"name\":\"2\u00b0 corrida organizada por la carrera de Kinesiolog\u00eda: \u201cDestruyendo Mitos, por un envejecimiento activo\u201d\",\"isPartOf\":{\"@id\":\"https:\/\/medicina.udd.cl\/kinesiologia-santiago\/#website\"},\"datePublished\":\"2012-12-07T13:42:04+00:00\",\"author\":{\"@id\":\"https:\/\/medicina.udd.cl\/kinesiologia-santiago\/#\/schema\/person\/f7abfa784c86da427e89287831f96ab7\"},\"description\":\"Carrera de Kinesiolog\u00eda de la Facultad de Medicina Cl\u00ednica Alemana Universidad del Desarrollo.\",\"breadcrumb\":{\"@id\":\"https:\/\/medicina.udd.cl\/kinesiologia-santiago\/noticias\/2012\/12\/07\/2%c2%b0-corrida-organizada-por-la-carrera-de-kinesiologia-%e2%80%9cdestruyendo-mitos-por-un-envejecimiento-activo%e2%80%9d\/#breadcrumb\"},\"inLanguage\":\"es\",\"potentialAction\":[{\"@type\":\"ReadAction\",\"target\":[\"https:\/\/medicina.udd.cl\/kinesiologia-santiago\/noticias\/2012\/12\/07\/2%c2%b0-corrida-organizada-por-la-carrera-de-kinesiologia-%e2%80%9cdestruyendo-mitos-por-un-envejecimiento-activo%e2%80%9d\/\"]}]},{\"@type\":\"BreadcrumbList\",\"@id\":\"https:\/\/medicina.udd.cl\/kinesiologia-santiago\/noticias\/2012\/12\/07\/2%c2%b0-corrida-organizada-por-la-carrera-de-kinesiologia-%e2%80%9cdestruyendo-mitos-por-un-envejecimiento-activo%e2%80%9d\/#breadcrumb\",\"itemListElement\":[{\"@type\":\"ListItem\",\"position\":1,\"name\":\"Home\",\"item\":\"https:\/\/medicina.udd.cl\/kinesiologia-santiago\/\"},{\"@type\":\"ListItem\",\"position\":2,\"name\":\"2\u00b0 corrida organizada por la carrera de Kinesiolog\u00eda: \u201cDestruyendo Mitos, por un envejecimiento activo\u201d\"}]},{\"@type\":\"WebSite\",\"@id\":\"https:\/\/medicina.udd.cl\/kinesiologia-santiago\/#website\",\"url\":\"https:\/\/medicina.udd.cl\/kinesiologia-santiago\/\",\"name\":\"Kinesiolog\u00eda\",\"description\":\"Facultad de Medicina Cl\u00ednica Alemana Universidad del Desarrollo\",\"inLanguage\":\"es\"},{\"@type\":\"Person\",\"@id\":\"https:\/\/medicina.udd.cl\/kinesiologia-santiago\/#\/schema\/person\/f7abfa784c86da427e89287831f96ab7\",\"name\":\"admin\",\"image\":{\"@type\":\"ImageObject\",\"inLanguage\":\"es\",\"@id\":\"https:\/\/medicina.udd.cl\/kinesiologia-santiago\/#\/schema\/person\/image\/\",\"url\":\"https:\/\/secure.gravatar.com\/avatar\/3cb6da298954dfb54457c0910b8c9ca010abd8d87a60f7d701b6ce4254e1c642?s=96&d=mm&r=g\",\"contentUrl\":\"https:\/\/secure.gravatar.com\/avatar\/3cb6da298954dfb54457c0910b8c9ca010abd8d87a60f7d701b6ce4254e1c642?s=96&d=mm&r=g\",\"caption\":\"admin\"},\"url\":\"https:\/\/medicina.udd.cl\/kinesiologia-santiago\/noticias\/author\/admin\/\"}]}<\/script>\n<!-- \/ Yoast SEO plugin. -->","yoast_head_json":{"title":"2\u00b0 corrida organizada por la carrera de Kinesiolog\u00eda: \u201cDestruyendo Mitos, por un envejecimiento activo\u201d","description":"Carrera de Kinesiolog\u00eda de la Facultad de Medicina Cl\u00ednica Alemana Universidad del Desarrollo.","robots":{"index":"index","follow":"follow","max-snippet":"max-snippet:-1","max-image-preview":"max-image-preview:large","max-video-preview":"max-video-preview:-1"},"canonical":"https:\/\/medicina.udd.cl\/kinesiologia-santiago\/noticias\/2012\/12\/07\/2\u00b0-corrida-organizada-por-la-carrera-de-kinesiologia-\u201cdestruyendo-mitos-por-un-envejecimiento-activo\u201d\/","og_locale":"es_ES","og_type":"article","og_title":"2\u00b0 corrida organizada por la carrera de Kinesiolog\u00eda: \u201cDestruyendo Mitos, por un envejecimiento activo\u201d","og_description":"Carrera de Kinesiolog\u00eda de la Facultad de Medicina Cl\u00ednica Alemana Universidad del Desarrollo.","og_url":"https:\/\/medicina.udd.cl\/kinesiologia-santiago\/noticias\/2012\/12\/07\/2\u00b0-corrida-organizada-por-la-carrera-de-kinesiologia-\u201cdestruyendo-mitos-por-un-envejecimiento-activo\u201d\/","og_site_name":"Kinesiolog\u00eda","article_published_time":"2012-12-07T13:42:04+00:00","og_image":[{"url":"https:\/\/medicina.udd.cl\/kinesiologia-santiago\/files\/2012\/12\/k.jpg","type":"","width":"","height":""}],"author":"admin","twitter_misc":{"Escrito por":"admin","Tiempo de lectura":"2 minutos"},"schema":{"@context":"https:\/\/schema.org","@graph":[{"@type":"Article","@id":"https:\/\/medicina.udd.cl\/kinesiologia-santiago\/noticias\/2012\/12\/07\/2%c2%b0-corrida-organizada-por-la-carrera-de-kinesiologia-%e2%80%9cdestruyendo-mitos-por-un-envejecimiento-activo%e2%80%9d\/#article","isPartOf":{"@id":"https:\/\/medicina.udd.cl\/kinesiologia-santiago\/noticias\/2012\/12\/07\/2%c2%b0-corrida-organizada-por-la-carrera-de-kinesiologia-%e2%80%9cdestruyendo-mitos-por-un-envejecimiento-activo%e2%80%9d\/"},"author":{"name":"admin","@id":"https:\/\/medicina.udd.cl\/kinesiologia-santiago\/#\/schema\/person\/f7abfa784c86da427e89287831f96ab7"},"headline":"2\u00b0 corrida organizada por la carrera de Kinesiolog\u00eda: \u201cDestruyendo Mitos, por un envejecimiento activo\u201d","datePublished":"2012-12-07T13:42:04+00:00","mainEntityOfPage":{"@id":"https:\/\/medicina.udd.cl\/kinesiologia-santiago\/noticias\/2012\/12\/07\/2%c2%b0-corrida-organizada-por-la-carrera-de-kinesiologia-%e2%80%9cdestruyendo-mitos-por-un-envejecimiento-activo%e2%80%9d\/"},"wordCount":356,"articleSection":["Noticias"],"inLanguage":"es"},{"@type":"WebPage","@id":"https:\/\/medicina.udd.cl\/kinesiologia-santiago\/noticias\/2012\/12\/07\/2%c2%b0-corrida-organizada-por-la-carrera-de-kinesiologia-%e2%80%9cdestruyendo-mitos-por-un-envejecimiento-activo%e2%80%9d\/","url":"https:\/\/medicina.udd.cl\/kinesiologia-santiago\/noticias\/2012\/12\/07\/2%c2%b0-corrida-organizada-por-la-carrera-de-kinesiologia-%e2%80%9cdestruyendo-mitos-por-un-envejecimiento-activo%e2%80%9d\/","name":"2\u00b0 corrida organizada por la carrera de Kinesiolog\u00eda: \u201cDestruyendo Mitos, por un envejecimiento activo\u201d","isPartOf":{"@id":"https:\/\/medicina.udd.cl\/kinesiologia-santiago\/#website"},"datePublished":"2012-12-07T13:42:04+00:00","author":{"@id":"https:\/\/medicina.udd.cl\/kinesiologia-santiago\/#\/schema\/person\/f7abfa784c86da427e89287831f96ab7"},"description":"Carrera de Kinesiolog\u00eda de la Facultad de Medicina Cl\u00ednica Alemana Universidad del Desarrollo.","breadcrumb":{"@id":"https:\/\/medicina.udd.cl\/kinesiologia-santiago\/noticias\/2012\/12\/07\/2%c2%b0-corrida-organizada-por-la-carrera-de-kinesiologia-%e2%80%9cdestruyendo-mitos-por-un-envejecimiento-activo%e2%80%9d\/#breadcrumb"},"inLanguage":"es","potentialAction":[{"@type":"ReadAction","target":["https:\/\/medicina.udd.cl\/kinesiologia-santiago\/noticias\/2012\/12\/07\/2%c2%b0-corrida-organizada-por-la-carrera-de-kinesiologia-%e2%80%9cdestruyendo-mitos-por-un-envejecimiento-activo%e2%80%9d\/"]}]},{"@type":"BreadcrumbList","@id":"https:\/\/medicina.udd.cl\/kinesiologia-santiago\/noticias\/2012\/12\/07\/2%c2%b0-corrida-organizada-por-la-carrera-de-kinesiologia-%e2%80%9cdestruyendo-mitos-por-un-envejecimiento-activo%e2%80%9d\/#breadcrumb","itemListElement":[{"@type":"ListItem","position":1,"name":"Home","item":"https:\/\/medicina.udd.cl\/kinesiologia-santiago\/"},{"@type":"ListItem","position":2,"name":"2\u00b0 corrida organizada por la carrera de Kinesiolog\u00eda: \u201cDestruyendo Mitos, por un envejecimiento activo\u201d"}]},{"@type":"WebSite","@id":"https:\/\/medicina.udd.cl\/kinesiologia-santiago\/#website","url":"https:\/\/medicina.udd.cl\/kinesiologia-santiago\/","name":"Kinesiolog\u00eda","description":"Facultad de Medicina Cl\u00ednica Alemana Universidad del Desarrollo","inLanguage":"es"},{"@type":"Person","@id":"https:\/\/medicina.udd.cl\/kinesiologia-santiago\/#\/schema\/person\/f7abfa784c86da427e89287831f96ab7","name":"admin","image":{"@type":"ImageObject","inLanguage":"es","@id":"https:\/\/medicina.udd.cl\/kinesiologia-santiago\/#\/schema\/person\/image\/","url":"https:\/\/secure.gravatar.com\/avatar\/3cb6da298954dfb54457c0910b8c9ca010abd8d87a60f7d701b6ce4254e1c642?s=96&d=mm&r=g","contentUrl":"https:\/\/secure.gravatar.com\/avatar\/3cb6da298954dfb54457c0910b8c9ca010abd8d87a60f7d701b6ce4254e1c642?s=96&d=mm&r=g","caption":"admin"},"url":"https:\/\/medicina.udd.cl\/kinesiologia-santiago\/noticias\/author\/admin\/"}]}},"featured_image_url":null,"_links":{"self":[{"href":"https:\/\/medicina.udd.cl\/kinesiologia-santiago\/wp-json\/wp\/v2\/posts\/830","targetHints":{"allow":["GET"]}}],"collection":[{"href":"https:\/\/medicina.udd.cl\/kinesiologia-santiago\/wp-json\/wp\/v2\/posts"}],"about":[{"href":"https:\/\/medicina.udd.cl\/kinesiologia-santiago\/wp-json\/wp\/v2\/types\/post"}],"author":[{"embeddable":true,"href":"https:\/\/medicina.udd.cl\/kinesiologia-santiago\/wp-json\/wp\/v2\/users\/1"}],"replies":[{"embeddable":true,"href":"https:\/\/medicina.udd.cl\/kinesiologia-santiago\/wp-json\/wp\/v2\/comments?post=830"}],"version-history":[{"count":2,"href":"https:\/\/medicina.udd.cl\/kinesiologia-santiago\/wp-json\/wp\/v2\/posts\/830\/revisions"}],"predecessor-version":[{"id":835,"href":"https:\/\/medicina.udd.cl\/kinesiologia-santiago\/wp-json\/wp\/v2\/posts\/830\/revisions\/835"}],"wp:attachment":[{"href":"https:\/\/medicina.udd.cl\/kinesiologia-santiago\/wp-json\/wp\/v2\/media?parent=830"}],"wp:term":[{"taxonomy":"category","embeddable":true,"href":"https:\/\/medicina.udd.cl\/kinesiologia-santiago\/wp-json\/wp\/v2\/categories?post=830"},{"taxonomy":"post_tag","embeddable":true,"href":"https:\/\/medicina.udd.cl\/kinesiologia-santiago\/wp-json\/wp\/v2\/tags?post=830"}],"curies":[{"name":"wp","href":"https:\/\/api.w.org\/{rel}","templated":true}]}}