{"id":870,"date":"2013-01-23T12:21:42","date_gmt":"2013-01-23T15:21:42","guid":{"rendered":"http:\/\/medicina.udd.cl\/kinesiologia-santiago\/?p=870"},"modified":"2021-07-02T14:24:13","modified_gmt":"2021-07-02T18:24:13","slug":"carrera-de-kinesiologia-recibe-a-docentes-internacionales","status":"publish","type":"post","link":"https:\/\/medicina.udd.cl\/kinesiologia-santiago\/noticias\/2013\/01\/23\/carrera-de-kinesiologia-recibe-a-docentes-internacionales\/","title":{"rendered":"Carrera de Kinesiolog\u00eda recibe a docentes internacionales"},"content":{"rendered":"<p><a href=\"http:\/\/medicina.udd.cl\/kinesiologia-santiago\/files\/2013\/01\/la-foto1.jpg\"><img loading=\"lazy\" decoding=\"async\" class=\"alignleft size-medium wp-image-872\" title=\"Sonia Roa, Coordinador de Post\u00edtulo y Relaciones Internacionales Kinesiolog\u00edas; Hollis Herman, Kinesi\u00f3loga del Instituto Herman and Wallace, Boston, USA; Sandra Forero, acad\u00e9mico de Fisioterapia de la Universidad de Rosario, Colombia; Ra\u00fal Ahumada, Coordinador Acad\u00e9mico Kinesiolog\u00eda.\" src=\"http:\/\/medicina.udd.cl\/kinesiologia-santiago\/files\/2013\/01\/la-foto1-300x225.jpg\" alt=\"\" width=\"300\" height=\"225\" srcset=\"https:\/\/medicina.udd.cl\/kinesiologia-santiago\/files\/2013\/01\/la-foto1-300x225.jpg 300w, https:\/\/medicina.udd.cl\/kinesiologia-santiago\/files\/2013\/01\/la-foto1.jpg 500w\" sizes=\"auto, (max-width: 300px) 100vw, 300px\" \/><\/a>La Carrera de Kinesiolog\u00eda de la Facultad de Medicina Cl\u00ednica Alemana Universidad del Desarrollo recibi\u00f3 la visita de dos &nbsp;importantes acad\u00e9micas extranjeras, quienes participaron en diferentes cursos impartidos por esta escuela.<\/p>\n<p>Desde Boston, Estados Unidos, viaj\u00f3 &nbsp;Hollis Herman, Kinesi\u00f3loga del Instituto Herman and Wallace,&nbsp;para impartir los cursos de Kinesiterapia en Piso P\u00e9lvico Femenino 1 y&nbsp;2 orientados al tratamiento de incontinencia urinaria y las disfunciones sexuales. Esta es la segunda oportunidad en que la destacada profesional visita nuestra escuela.<\/p>\n<p>En tanto, Sandra Forero, &nbsp;Profesora de Fisioterapia de la Universidad de Rosario en Colombia, &nbsp;realiz\u00f3 durante los d\u00edas 14, 15 y 16 de Enero &nbsp;una capacitaci\u00f3n para los docentes sobre el Sistema de Clasificaci\u00f3n Internacional de Funcionalidad y Discapacidad, utilizado por la Organizaci\u00f3n Mundial de la Salud, con el fin de para incorporar completamente su uso en el curr\u00edculum de pregrado.<\/p>\n","protected":false},"excerpt":{"rendered":"<p>Sonia Roa Alca\u00edno, Coordinador de Post\u00edtulo y Relaciones Internacionales, recibi\u00f3 a Hollis Herman Kinesi\u00f3loga del Instituto Herman and Wallace, Boston, y a Sandra Forero, acad\u00e9mica de Fisioterapia de la Universidad de Rosario, en Colombia.<\/p>\n","protected":false},"author":1,"featured_media":867,"comment_status":"closed","ping_status":"closed","sticky":false,"template":"","format":"standard","meta":{"footnotes":""},"categories":[4],"tags":[],"class_list":["post-870","post","type-post","status-publish","format-standard","has-post-thumbnail","hentry","category-noticias"],"yoast_head":"<!-- This site is optimized with the Yoast SEO plugin v26.9 - https:\/\/yoast.com\/product\/yoast-seo-wordpress\/ -->\n<title>Carrera de Kinesiolog\u00eda recibe a destacados docentes internacionales<\/title>\n<meta name=\"description\" content=\"Carrera de Kinesiolog\u00eda de la Facultad de Medicina Cl\u00ednica Alemana Universidad del Desarrollo recibi\u00f3 importantes acad\u00e9micos.\" \/>\n<meta name=\"robots\" content=\"index, follow, max-snippet:-1, max-image-preview:large, max-video-preview:-1\" \/>\n<link rel=\"canonical\" href=\"https:\/\/medicina.udd.cl\/kinesiologia-santiago\/noticias\/2013\/01\/23\/carrera-de-kinesiologia-recibe-a-docentes-internacionales\/\" \/>\n<meta property=\"og:locale\" content=\"es_ES\" \/>\n<meta property=\"og:type\" content=\"article\" \/>\n<meta property=\"og:title\" content=\"Carrera de Kinesiolog\u00eda recibe a destacados docentes internacionales\" \/>\n<meta property=\"og:description\" content=\"Carrera de Kinesiolog\u00eda de la Facultad de Medicina Cl\u00ednica Alemana Universidad del Desarrollo recibi\u00f3 importantes acad\u00e9micos.\" \/>\n<meta property=\"og:url\" content=\"https:\/\/medicina.udd.cl\/kinesiologia-santiago\/noticias\/2013\/01\/23\/carrera-de-kinesiologia-recibe-a-docentes-internacionales\/\" \/>\n<meta property=\"og:site_name\" content=\"Kinesiolog\u00eda\" \/>\n<meta property=\"article:published_time\" content=\"2013-01-23T15:21:42+00:00\" \/>\n<meta property=\"article:modified_time\" content=\"2021-07-02T18:24:13+00:00\" \/>\n<meta property=\"og:image\" content=\"https:\/\/medicina.udd.cl\/kinesiologia-santiago\/files\/2013\/01\/Claustro-Carreras-de-la-Salud.jpg\" \/>\n\t<meta property=\"og:image:width\" content=\"500\" \/>\n\t<meta property=\"og:image:height\" content=\"333\" \/>\n\t<meta property=\"og:image:type\" content=\"image\/jpeg\" \/>\n<meta name=\"author\" content=\"admin\" \/>\n<meta name=\"twitter:label1\" content=\"Escrito por\" \/>\n\t<meta name=\"twitter:data1\" content=\"admin\" \/>\n\t<meta name=\"twitter:label2\" content=\"Tiempo de lectura\" \/>\n\t<meta name=\"twitter:data2\" content=\"1 minuto\" \/>\n<script type=\"application\/ld+json\" class=\"yoast-schema-graph\">{\"@context\":\"https:\/\/schema.org\",\"@graph\":[{\"@type\":\"Article\",\"@id\":\"https:\/\/medicina.udd.cl\/kinesiologia-santiago\/noticias\/2013\/01\/23\/carrera-de-kinesiologia-recibe-a-docentes-internacionales\/#article\",\"isPartOf\":{\"@id\":\"https:\/\/medicina.udd.cl\/kinesiologia-santiago\/noticias\/2013\/01\/23\/carrera-de-kinesiologia-recibe-a-docentes-internacionales\/\"},\"author\":{\"name\":\"admin\",\"@id\":\"https:\/\/medicina.udd.cl\/kinesiologia-santiago\/#\/schema\/person\/f7abfa784c86da427e89287831f96ab7\"},\"headline\":\"Carrera de Kinesiolog\u00eda recibe a docentes internacionales\",\"datePublished\":\"2013-01-23T15:21:42+00:00\",\"dateModified\":\"2021-07-02T18:24:13+00:00\",\"mainEntityOfPage\":{\"@id\":\"https:\/\/medicina.udd.cl\/kinesiologia-santiago\/noticias\/2013\/01\/23\/carrera-de-kinesiologia-recibe-a-docentes-internacionales\/\"},\"wordCount\":161,\"image\":{\"@id\":\"https:\/\/medicina.udd.cl\/kinesiologia-santiago\/noticias\/2013\/01\/23\/carrera-de-kinesiologia-recibe-a-docentes-internacionales\/#primaryimage\"},\"thumbnailUrl\":\"https:\/\/medicina.udd.cl\/kinesiologia-santiago\/files\/2013\/01\/Claustro-Carreras-de-la-Salud.jpg\",\"articleSection\":[\"Noticias\"],\"inLanguage\":\"es\"},{\"@type\":\"WebPage\",\"@id\":\"https:\/\/medicina.udd.cl\/kinesiologia-santiago\/noticias\/2013\/01\/23\/carrera-de-kinesiologia-recibe-a-docentes-internacionales\/\",\"url\":\"https:\/\/medicina.udd.cl\/kinesiologia-santiago\/noticias\/2013\/01\/23\/carrera-de-kinesiologia-recibe-a-docentes-internacionales\/\",\"name\":\"Carrera de Kinesiolog\u00eda recibe a destacados docentes internacionales\",\"isPartOf\":{\"@id\":\"https:\/\/medicina.udd.cl\/kinesiologia-santiago\/#website\"},\"primaryImageOfPage\":{\"@id\":\"https:\/\/medicina.udd.cl\/kinesiologia-santiago\/noticias\/2013\/01\/23\/carrera-de-kinesiologia-recibe-a-docentes-internacionales\/#primaryimage\"},\"image\":{\"@id\":\"https:\/\/medicina.udd.cl\/kinesiologia-santiago\/noticias\/2013\/01\/23\/carrera-de-kinesiologia-recibe-a-docentes-internacionales\/#primaryimage\"},\"thumbnailUrl\":\"https:\/\/medicina.udd.cl\/kinesiologia-santiago\/files\/2013\/01\/Claustro-Carreras-de-la-Salud.jpg\",\"datePublished\":\"2013-01-23T15:21:42+00:00\",\"dateModified\":\"2021-07-02T18:24:13+00:00\",\"author\":{\"@id\":\"https:\/\/medicina.udd.cl\/kinesiologia-santiago\/#\/schema\/person\/f7abfa784c86da427e89287831f96ab7\"},\"description\":\"Carrera de Kinesiolog\u00eda de la Facultad de Medicina Cl\u00ednica Alemana Universidad del Desarrollo recibi\u00f3 importantes acad\u00e9micos.\",\"breadcrumb\":{\"@id\":\"https:\/\/medicina.udd.cl\/kinesiologia-santiago\/noticias\/2013\/01\/23\/carrera-de-kinesiologia-recibe-a-docentes-internacionales\/#breadcrumb\"},\"inLanguage\":\"es\",\"potentialAction\":[{\"@type\":\"ReadAction\",\"target\":[\"https:\/\/medicina.udd.cl\/kinesiologia-santiago\/noticias\/2013\/01\/23\/carrera-de-kinesiologia-recibe-a-docentes-internacionales\/\"]}]},{\"@type\":\"ImageObject\",\"inLanguage\":\"es\",\"@id\":\"https:\/\/medicina.udd.cl\/kinesiologia-santiago\/noticias\/2013\/01\/23\/carrera-de-kinesiologia-recibe-a-docentes-internacionales\/#primaryimage\",\"url\":\"https:\/\/medicina.udd.cl\/kinesiologia-santiago\/files\/2013\/01\/Claustro-Carreras-de-la-Salud.jpg\",\"contentUrl\":\"https:\/\/medicina.udd.cl\/kinesiologia-santiago\/files\/2013\/01\/Claustro-Carreras-de-la-Salud.jpg\",\"width\":500,\"height\":333},{\"@type\":\"BreadcrumbList\",\"@id\":\"https:\/\/medicina.udd.cl\/kinesiologia-santiago\/noticias\/2013\/01\/23\/carrera-de-kinesiologia-recibe-a-docentes-internacionales\/#breadcrumb\",\"itemListElement\":[{\"@type\":\"ListItem\",\"position\":1,\"name\":\"Home\",\"item\":\"https:\/\/medicina.udd.cl\/kinesiologia-santiago\/\"},{\"@type\":\"ListItem\",\"position\":2,\"name\":\"Carrera de Kinesiolog\u00eda recibe a docentes internacionales\"}]},{\"@type\":\"WebSite\",\"@id\":\"https:\/\/medicina.udd.cl\/kinesiologia-santiago\/#website\",\"url\":\"https:\/\/medicina.udd.cl\/kinesiologia-santiago\/\",\"name\":\"Kinesiolog\u00eda\",\"description\":\"Facultad de Medicina Cl\u00ednica Alemana Universidad del Desarrollo\",\"inLanguage\":\"es\"},{\"@type\":\"Person\",\"@id\":\"https:\/\/medicina.udd.cl\/kinesiologia-santiago\/#\/schema\/person\/f7abfa784c86da427e89287831f96ab7\",\"name\":\"admin\",\"image\":{\"@type\":\"ImageObject\",\"inLanguage\":\"es\",\"@id\":\"https:\/\/medicina.udd.cl\/kinesiologia-santiago\/#\/schema\/person\/image\/\",\"url\":\"https:\/\/secure.gravatar.com\/avatar\/3cb6da298954dfb54457c0910b8c9ca010abd8d87a60f7d701b6ce4254e1c642?s=96&d=mm&r=g\",\"contentUrl\":\"https:\/\/secure.gravatar.com\/avatar\/3cb6da298954dfb54457c0910b8c9ca010abd8d87a60f7d701b6ce4254e1c642?s=96&d=mm&r=g\",\"caption\":\"admin\"},\"url\":\"https:\/\/medicina.udd.cl\/kinesiologia-santiago\/noticias\/author\/admin\/\"}]}<\/script>\n<!-- \/ Yoast SEO plugin. -->","yoast_head_json":{"title":"Carrera de Kinesiolog\u00eda recibe a destacados docentes internacionales","description":"Carrera de Kinesiolog\u00eda de la Facultad de Medicina Cl\u00ednica Alemana Universidad del Desarrollo recibi\u00f3 importantes acad\u00e9micos.","robots":{"index":"index","follow":"follow","max-snippet":"max-snippet:-1","max-image-preview":"max-image-preview:large","max-video-preview":"max-video-preview:-1"},"canonical":"https:\/\/medicina.udd.cl\/kinesiologia-santiago\/noticias\/2013\/01\/23\/carrera-de-kinesiologia-recibe-a-docentes-internacionales\/","og_locale":"es_ES","og_type":"article","og_title":"Carrera de Kinesiolog\u00eda recibe a destacados docentes internacionales","og_description":"Carrera de Kinesiolog\u00eda de la Facultad de Medicina Cl\u00ednica Alemana Universidad del Desarrollo recibi\u00f3 importantes acad\u00e9micos.","og_url":"https:\/\/medicina.udd.cl\/kinesiologia-santiago\/noticias\/2013\/01\/23\/carrera-de-kinesiologia-recibe-a-docentes-internacionales\/","og_site_name":"Kinesiolog\u00eda","article_published_time":"2013-01-23T15:21:42+00:00","article_modified_time":"2021-07-02T18:24:13+00:00","og_image":[{"width":500,"height":333,"url":"https:\/\/medicina.udd.cl\/kinesiologia-santiago\/files\/2013\/01\/Claustro-Carreras-de-la-Salud.jpg","type":"image\/jpeg"}],"author":"admin","twitter_misc":{"Escrito por":"admin","Tiempo de lectura":"1 minuto"},"schema":{"@context":"https:\/\/schema.org","@graph":[{"@type":"Article","@id":"https:\/\/medicina.udd.cl\/kinesiologia-santiago\/noticias\/2013\/01\/23\/carrera-de-kinesiologia-recibe-a-docentes-internacionales\/#article","isPartOf":{"@id":"https:\/\/medicina.udd.cl\/kinesiologia-santiago\/noticias\/2013\/01\/23\/carrera-de-kinesiologia-recibe-a-docentes-internacionales\/"},"author":{"name":"admin","@id":"https:\/\/medicina.udd.cl\/kinesiologia-santiago\/#\/schema\/person\/f7abfa784c86da427e89287831f96ab7"},"headline":"Carrera de Kinesiolog\u00eda recibe a docentes internacionales","datePublished":"2013-01-23T15:21:42+00:00","dateModified":"2021-07-02T18:24:13+00:00","mainEntityOfPage":{"@id":"https:\/\/medicina.udd.cl\/kinesiologia-santiago\/noticias\/2013\/01\/23\/carrera-de-kinesiologia-recibe-a-docentes-internacionales\/"},"wordCount":161,"image":{"@id":"https:\/\/medicina.udd.cl\/kinesiologia-santiago\/noticias\/2013\/01\/23\/carrera-de-kinesiologia-recibe-a-docentes-internacionales\/#primaryimage"},"thumbnailUrl":"https:\/\/medicina.udd.cl\/kinesiologia-santiago\/files\/2013\/01\/Claustro-Carreras-de-la-Salud.jpg","articleSection":["Noticias"],"inLanguage":"es"},{"@type":"WebPage","@id":"https:\/\/medicina.udd.cl\/kinesiologia-santiago\/noticias\/2013\/01\/23\/carrera-de-kinesiologia-recibe-a-docentes-internacionales\/","url":"https:\/\/medicina.udd.cl\/kinesiologia-santiago\/noticias\/2013\/01\/23\/carrera-de-kinesiologia-recibe-a-docentes-internacionales\/","name":"Carrera de Kinesiolog\u00eda recibe a destacados docentes internacionales","isPartOf":{"@id":"https:\/\/medicina.udd.cl\/kinesiologia-santiago\/#website"},"primaryImageOfPage":{"@id":"https:\/\/medicina.udd.cl\/kinesiologia-santiago\/noticias\/2013\/01\/23\/carrera-de-kinesiologia-recibe-a-docentes-internacionales\/#primaryimage"},"image":{"@id":"https:\/\/medicina.udd.cl\/kinesiologia-santiago\/noticias\/2013\/01\/23\/carrera-de-kinesiologia-recibe-a-docentes-internacionales\/#primaryimage"},"thumbnailUrl":"https:\/\/medicina.udd.cl\/kinesiologia-santiago\/files\/2013\/01\/Claustro-Carreras-de-la-Salud.jpg","datePublished":"2013-01-23T15:21:42+00:00","dateModified":"2021-07-02T18:24:13+00:00","author":{"@id":"https:\/\/medicina.udd.cl\/kinesiologia-santiago\/#\/schema\/person\/f7abfa784c86da427e89287831f96ab7"},"description":"Carrera de Kinesiolog\u00eda de la Facultad de Medicina Cl\u00ednica Alemana Universidad del Desarrollo recibi\u00f3 importantes acad\u00e9micos.","breadcrumb":{"@id":"https:\/\/medicina.udd.cl\/kinesiologia-santiago\/noticias\/2013\/01\/23\/carrera-de-kinesiologia-recibe-a-docentes-internacionales\/#breadcrumb"},"inLanguage":"es","potentialAction":[{"@type":"ReadAction","target":["https:\/\/medicina.udd.cl\/kinesiologia-santiago\/noticias\/2013\/01\/23\/carrera-de-kinesiologia-recibe-a-docentes-internacionales\/"]}]},{"@type":"ImageObject","inLanguage":"es","@id":"https:\/\/medicina.udd.cl\/kinesiologia-santiago\/noticias\/2013\/01\/23\/carrera-de-kinesiologia-recibe-a-docentes-internacionales\/#primaryimage","url":"https:\/\/medicina.udd.cl\/kinesiologia-santiago\/files\/2013\/01\/Claustro-Carreras-de-la-Salud.jpg","contentUrl":"https:\/\/medicina.udd.cl\/kinesiologia-santiago\/files\/2013\/01\/Claustro-Carreras-de-la-Salud.jpg","width":500,"height":333},{"@type":"BreadcrumbList","@id":"https:\/\/medicina.udd.cl\/kinesiologia-santiago\/noticias\/2013\/01\/23\/carrera-de-kinesiologia-recibe-a-docentes-internacionales\/#breadcrumb","itemListElement":[{"@type":"ListItem","position":1,"name":"Home","item":"https:\/\/medicina.udd.cl\/kinesiologia-santiago\/"},{"@type":"ListItem","position":2,"name":"Carrera de Kinesiolog\u00eda recibe a docentes internacionales"}]},{"@type":"WebSite","@id":"https:\/\/medicina.udd.cl\/kinesiologia-santiago\/#website","url":"https:\/\/medicina.udd.cl\/kinesiologia-santiago\/","name":"Kinesiolog\u00eda","description":"Facultad de Medicina Cl\u00ednica Alemana Universidad del Desarrollo","inLanguage":"es"},{"@type":"Person","@id":"https:\/\/medicina.udd.cl\/kinesiologia-santiago\/#\/schema\/person\/f7abfa784c86da427e89287831f96ab7","name":"admin","image":{"@type":"ImageObject","inLanguage":"es","@id":"https:\/\/medicina.udd.cl\/kinesiologia-santiago\/#\/schema\/person\/image\/","url":"https:\/\/secure.gravatar.com\/avatar\/3cb6da298954dfb54457c0910b8c9ca010abd8d87a60f7d701b6ce4254e1c642?s=96&d=mm&r=g","contentUrl":"https:\/\/secure.gravatar.com\/avatar\/3cb6da298954dfb54457c0910b8c9ca010abd8d87a60f7d701b6ce4254e1c642?s=96&d=mm&r=g","caption":"admin"},"url":"https:\/\/medicina.udd.cl\/kinesiologia-santiago\/noticias\/author\/admin\/"}]}},"featured_image_url":"https:\/\/medicina.udd.cl\/kinesiologia-santiago\/files\/2013\/01\/Claustro-Carreras-de-la-Salud.jpg","_links":{"self":[{"href":"https:\/\/medicina.udd.cl\/kinesiologia-santiago\/wp-json\/wp\/v2\/posts\/870","targetHints":{"allow":["GET"]}}],"collection":[{"href":"https:\/\/medicina.udd.cl\/kinesiologia-santiago\/wp-json\/wp\/v2\/posts"}],"about":[{"href":"https:\/\/medicina.udd.cl\/kinesiologia-santiago\/wp-json\/wp\/v2\/types\/post"}],"author":[{"embeddable":true,"href":"https:\/\/medicina.udd.cl\/kinesiologia-santiago\/wp-json\/wp\/v2\/users\/1"}],"replies":[{"embeddable":true,"href":"https:\/\/medicina.udd.cl\/kinesiologia-santiago\/wp-json\/wp\/v2\/comments?post=870"}],"version-history":[{"count":4,"href":"https:\/\/medicina.udd.cl\/kinesiologia-santiago\/wp-json\/wp\/v2\/posts\/870\/revisions"}],"predecessor-version":[{"id":5153,"href":"https:\/\/medicina.udd.cl\/kinesiologia-santiago\/wp-json\/wp\/v2\/posts\/870\/revisions\/5153"}],"wp:featuredmedia":[{"embeddable":true,"href":"https:\/\/medicina.udd.cl\/kinesiologia-santiago\/wp-json\/wp\/v2\/media\/867"}],"wp:attachment":[{"href":"https:\/\/medicina.udd.cl\/kinesiologia-santiago\/wp-json\/wp\/v2\/media?parent=870"}],"wp:term":[{"taxonomy":"category","embeddable":true,"href":"https:\/\/medicina.udd.cl\/kinesiologia-santiago\/wp-json\/wp\/v2\/categories?post=870"},{"taxonomy":"post_tag","embeddable":true,"href":"https:\/\/medicina.udd.cl\/kinesiologia-santiago\/wp-json\/wp\/v2\/tags?post=870"}],"curies":[{"name":"wp","href":"https:\/\/api.w.org\/{rel}","templated":true}]}}