{"id":951,"date":"2013-05-07T16:52:31","date_gmt":"2013-05-07T20:52:31","guid":{"rendered":"http:\/\/medicina.udd.cl\/kinesiologia-santiago\/?p=951"},"modified":"2013-05-08T08:44:43","modified_gmt":"2013-05-08T12:44:43","slug":"kinesiologos-celebran-su-dia-en-la-udd","status":"publish","type":"post","link":"https:\/\/medicina.udd.cl\/kinesiologia-santiago\/noticias\/2013\/05\/07\/kinesiologos-celebran-su-dia-en-la-udd\/","title":{"rendered":"Kinesi\u00f3logos celebran su d\u00eda en la UDD"},"content":{"rendered":"<div id=\"_mcePaste\">\n<div id=\"gallery-1\" class=\"carousel slide carousel-gallery\" data-ride=\"false\" data-interval=\"false\"><div class=\"carousel-inner\" role=\"listbox\"><figure class=\"carousel-item active\"><img loading=\"lazy\" decoding=\"async\" width=\"801\" height=\"534\" src=\"https:\/\/medicina.udd.cl\/kinesiologia-santiago\/files\/2013\/05\/D\u00eda-Kinesi\u00f3logo-2.jpg\" class=\"attachment-landscape_952 size-landscape_952\" alt=\"\" srcset=\"https:\/\/medicina.udd.cl\/kinesiologia-santiago\/files\/2013\/05\/D\u00eda-Kinesi\u00f3logo-2.jpg 3456w, https:\/\/medicina.udd.cl\/kinesiologia-santiago\/files\/2013\/05\/D\u00eda-Kinesi\u00f3logo-2-300x200.jpg 300w, https:\/\/medicina.udd.cl\/kinesiologia-santiago\/files\/2013\/05\/D\u00eda-Kinesi\u00f3logo-2-768x512.jpg 768w, https:\/\/medicina.udd.cl\/kinesiologia-santiago\/files\/2013\/05\/D\u00eda-Kinesi\u00f3logo-2-1024x683.jpg 1024w, https:\/\/medicina.udd.cl\/kinesiologia-santiago\/files\/2013\/05\/D\u00eda-Kinesi\u00f3logo-2-960x640.jpg 960w\" sizes=\"auto, (max-width: 801px) 100vw, 801px\" \/><\/figure><figure class=\"carousel-item\"><img loading=\"lazy\" decoding=\"async\" width=\"801\" height=\"534\" src=\"https:\/\/medicina.udd.cl\/kinesiologia-santiago\/files\/2013\/05\/D\u00eda-Kinesi\u00f3logo-7.jpg\" class=\"attachment-landscape_952 size-landscape_952\" alt=\"\" srcset=\"https:\/\/medicina.udd.cl\/kinesiologia-santiago\/files\/2013\/05\/D\u00eda-Kinesi\u00f3logo-7.jpg 3456w, https:\/\/medicina.udd.cl\/kinesiologia-santiago\/files\/2013\/05\/D\u00eda-Kinesi\u00f3logo-7-300x200.jpg 300w, https:\/\/medicina.udd.cl\/kinesiologia-santiago\/files\/2013\/05\/D\u00eda-Kinesi\u00f3logo-7-768x512.jpg 768w, https:\/\/medicina.udd.cl\/kinesiologia-santiago\/files\/2013\/05\/D\u00eda-Kinesi\u00f3logo-7-1024x683.jpg 1024w, https:\/\/medicina.udd.cl\/kinesiologia-santiago\/files\/2013\/05\/D\u00eda-Kinesi\u00f3logo-7-960x640.jpg 960w\" sizes=\"auto, (max-width: 801px) 100vw, 801px\" \/><\/figure><figure class=\"carousel-item\"><img loading=\"lazy\" decoding=\"async\" width=\"801\" height=\"534\" src=\"https:\/\/medicina.udd.cl\/kinesiologia-santiago\/files\/2013\/05\/D\u00eda-Kinesi\u00f3logo-8.jpg\" class=\"attachment-landscape_952 size-landscape_952\" alt=\"\" srcset=\"https:\/\/medicina.udd.cl\/kinesiologia-santiago\/files\/2013\/05\/D\u00eda-Kinesi\u00f3logo-8.jpg 3456w, https:\/\/medicina.udd.cl\/kinesiologia-santiago\/files\/2013\/05\/D\u00eda-Kinesi\u00f3logo-8-300x200.jpg 300w, https:\/\/medicina.udd.cl\/kinesiologia-santiago\/files\/2013\/05\/D\u00eda-Kinesi\u00f3logo-8-768x512.jpg 768w, https:\/\/medicina.udd.cl\/kinesiologia-santiago\/files\/2013\/05\/D\u00eda-Kinesi\u00f3logo-8-1024x683.jpg 1024w, https:\/\/medicina.udd.cl\/kinesiologia-santiago\/files\/2013\/05\/D\u00eda-Kinesi\u00f3logo-8-960x640.jpg 960w\" sizes=\"auto, (max-width: 801px) 100vw, 801px\" \/><\/figure><\/div><footer class=\"carousel-footer\"><div class=\"carousel-counter\"><span class=\"carousel-counter-current\"><\/span> \/ <span class=\"carousel-counter-total\"><\/span><\/div><a class=\"carousel-control-prev\" href=\"#gallery-1\" role=\"button\" data-slide=\"prev\"><svg aria-hidden=\"true\" class=\"svg-chevron-left-dims\"><use xlink:href='https:\/\/medicina.udd.cl\/kinesiologia-santiago\/wp-content\/themes\/facultades-2018\/assets\/img\/svg\/dist\/main.svg?version=1695853099#chevron-left'><\/use><\/svg><span class=\"sr-only\">Anterior<\/span><\/a><a class=\"carousel-control-next\" href=\"#gallery-1\" role=\"button\" data-slide=\"next\"><svg aria-hidden=\"true\" class=\"svg-chevron-right-dims\"><use xlink:href='https:\/\/medicina.udd.cl\/kinesiologia-santiago\/wp-content\/themes\/facultades-2018\/assets\/img\/svg\/dist\/main.svg?version=1695853099#chevron-right'><\/use><\/svg><span class=\"sr-only\">Siguiente<\/span><\/a><\/footer><\/div>\n<\/div>\n<div>\n<div>\n<p class=\"MsoNormal\">\u201cHoy celebramos que en nuestro ADN hay un esp\u00edritu de servicio y que esperamos que en el futuro sigamos sirviendo al pa\u00eds\u201d. De esta manera el coordinador acad\u00e9mico de Kinesiolog\u00eda, Ra\u00fal Ahumada, resumi\u00f3 la importancia de este d\u00eda para las personas que ejercen y estudian esta profesi\u00f3n en el pa\u00eds, en una ceremonia que reuni\u00f3 profesores y estudiantes de la Facultad de Medicina Cl\u00ednica Alemana Universidad del Desarrollo.<\/p>\n<p>\u201cEsfu\u00e9rcense, hagan las cosas bien, tengan amor por el trabajo bien hecho\u201d, dijo el director de la carrera, quien adem\u00e1s recibi\u00f3 el premio \u00abPersonaje Kinesiolog\u00eda UDD 2013\u00bb, instancia en donde se repas\u00f3 su vida estudiantil y profesional.<\/p>\n<p>Tambi\u00e9n se reconoci\u00f3 a los diez docentes que han terminado sus estudios de posgrados. Entre ellos est\u00e1 Sonia Roa, Jorge Molina y Javier Barrenechea, que recibieron su t\u00edtulo en el Diplomado de Investigaci\u00f3n en Kinesiolog\u00eda de la UDD, y el profesor Jaime Leppe por finalizar su Magister en Epidemiolog\u00eda en la Pontificia Universidad Cat\u00f3lica de Chile.<\/p>\n<p>El Centro de Alumnos de Kinesiolog\u00eda tambi\u00e9n hizo entrega del \u201cLibro Blanco\u201d a los alumnos de primer a\u00f1o, para que registren sus experiencias durante los a\u00f1os que dure la carrera.<\/p>\n<\/div>\n<\/div>\n","protected":false},"excerpt":{"rendered":"<p>Docentes recordaron la historia de la carrera y plantearon los desaf\u00edos para este a\u00f1o<\/p>\n","protected":false},"author":1,"featured_media":0,"comment_status":"open","ping_status":"open","sticky":false,"template":"","format":"standard","meta":{"footnotes":""},"categories":[4],"tags":[],"class_list":["post-951","post","type-post","status-publish","format-standard","hentry","category-noticias"],"yoast_head":"<!-- This site is optimized with the Yoast SEO plugin v26.9 - https:\/\/yoast.com\/product\/yoast-seo-wordpress\/ -->\n<title>Kinesi\u00f3logos celebran su d\u00eda en la UDD - Kinesiolog\u00eda<\/title>\n<meta name=\"robots\" content=\"index, follow, max-snippet:-1, max-image-preview:large, max-video-preview:-1\" \/>\n<link rel=\"canonical\" href=\"https:\/\/medicina.udd.cl\/kinesiologia-santiago\/noticias\/2013\/05\/07\/kinesiologos-celebran-su-dia-en-la-udd\/\" \/>\n<meta property=\"og:locale\" content=\"es_ES\" \/>\n<meta property=\"og:type\" content=\"article\" \/>\n<meta property=\"og:title\" content=\"Kinesi\u00f3logos celebran su d\u00eda en la UDD - Kinesiolog\u00eda\" \/>\n<meta property=\"og:description\" content=\"Docentes recordaron la historia de la carrera y plantearon los desaf\u00edos para este a\u00f1o\" \/>\n<meta property=\"og:url\" content=\"https:\/\/medicina.udd.cl\/kinesiologia-santiago\/noticias\/2013\/05\/07\/kinesiologos-celebran-su-dia-en-la-udd\/\" \/>\n<meta property=\"og:site_name\" content=\"Kinesiolog\u00eda\" \/>\n<meta property=\"article:published_time\" content=\"2013-05-07T20:52:31+00:00\" \/>\n<meta property=\"article:modified_time\" content=\"2013-05-08T12:44:43+00:00\" \/>\n<meta property=\"og:image\" content=\"https:\/\/medicina.udd.cl\/kinesiologia-santiago\/files\/2013\/05\/D\u00eda-Kinesi\u00f3logo-2.jpg\" \/>\n<meta name=\"author\" content=\"admin\" \/>\n<meta name=\"twitter:label1\" content=\"Escrito por\" \/>\n\t<meta name=\"twitter:data1\" content=\"admin\" \/>\n\t<meta name=\"twitter:label2\" content=\"Tiempo de lectura\" \/>\n\t<meta name=\"twitter:data2\" content=\"1 minuto\" \/>\n<script type=\"application\/ld+json\" class=\"yoast-schema-graph\">{\"@context\":\"https:\/\/schema.org\",\"@graph\":[{\"@type\":\"Article\",\"@id\":\"https:\/\/medicina.udd.cl\/kinesiologia-santiago\/noticias\/2013\/05\/07\/kinesiologos-celebran-su-dia-en-la-udd\/#article\",\"isPartOf\":{\"@id\":\"https:\/\/medicina.udd.cl\/kinesiologia-santiago\/noticias\/2013\/05\/07\/kinesiologos-celebran-su-dia-en-la-udd\/\"},\"author\":{\"name\":\"admin\",\"@id\":\"https:\/\/medicina.udd.cl\/kinesiologia-santiago\/#\/schema\/person\/f7abfa784c86da427e89287831f96ab7\"},\"headline\":\"Kinesi\u00f3logos celebran su d\u00eda en la UDD\",\"datePublished\":\"2013-05-07T20:52:31+00:00\",\"dateModified\":\"2013-05-08T12:44:43+00:00\",\"mainEntityOfPage\":{\"@id\":\"https:\/\/medicina.udd.cl\/kinesiologia-santiago\/noticias\/2013\/05\/07\/kinesiologos-celebran-su-dia-en-la-udd\/\"},\"wordCount\":222,\"commentCount\":0,\"articleSection\":[\"Noticias\"],\"inLanguage\":\"es\",\"potentialAction\":[{\"@type\":\"CommentAction\",\"name\":\"Comment\",\"target\":[\"https:\/\/medicina.udd.cl\/kinesiologia-santiago\/noticias\/2013\/05\/07\/kinesiologos-celebran-su-dia-en-la-udd\/#respond\"]}]},{\"@type\":\"WebPage\",\"@id\":\"https:\/\/medicina.udd.cl\/kinesiologia-santiago\/noticias\/2013\/05\/07\/kinesiologos-celebran-su-dia-en-la-udd\/\",\"url\":\"https:\/\/medicina.udd.cl\/kinesiologia-santiago\/noticias\/2013\/05\/07\/kinesiologos-celebran-su-dia-en-la-udd\/\",\"name\":\"Kinesi\u00f3logos celebran su d\u00eda en la UDD - Kinesiolog\u00eda\",\"isPartOf\":{\"@id\":\"https:\/\/medicina.udd.cl\/kinesiologia-santiago\/#website\"},\"datePublished\":\"2013-05-07T20:52:31+00:00\",\"dateModified\":\"2013-05-08T12:44:43+00:00\",\"author\":{\"@id\":\"https:\/\/medicina.udd.cl\/kinesiologia-santiago\/#\/schema\/person\/f7abfa784c86da427e89287831f96ab7\"},\"breadcrumb\":{\"@id\":\"https:\/\/medicina.udd.cl\/kinesiologia-santiago\/noticias\/2013\/05\/07\/kinesiologos-celebran-su-dia-en-la-udd\/#breadcrumb\"},\"inLanguage\":\"es\",\"potentialAction\":[{\"@type\":\"ReadAction\",\"target\":[\"https:\/\/medicina.udd.cl\/kinesiologia-santiago\/noticias\/2013\/05\/07\/kinesiologos-celebran-su-dia-en-la-udd\/\"]}]},{\"@type\":\"BreadcrumbList\",\"@id\":\"https:\/\/medicina.udd.cl\/kinesiologia-santiago\/noticias\/2013\/05\/07\/kinesiologos-celebran-su-dia-en-la-udd\/#breadcrumb\",\"itemListElement\":[{\"@type\":\"ListItem\",\"position\":1,\"name\":\"Home\",\"item\":\"https:\/\/medicina.udd.cl\/kinesiologia-santiago\/\"},{\"@type\":\"ListItem\",\"position\":2,\"name\":\"Kinesi\u00f3logos celebran su d\u00eda en la UDD\"}]},{\"@type\":\"WebSite\",\"@id\":\"https:\/\/medicina.udd.cl\/kinesiologia-santiago\/#website\",\"url\":\"https:\/\/medicina.udd.cl\/kinesiologia-santiago\/\",\"name\":\"Kinesiolog\u00eda\",\"description\":\"Facultad de Medicina Cl\u00ednica Alemana Universidad del Desarrollo\",\"inLanguage\":\"es\"},{\"@type\":\"Person\",\"@id\":\"https:\/\/medicina.udd.cl\/kinesiologia-santiago\/#\/schema\/person\/f7abfa784c86da427e89287831f96ab7\",\"name\":\"admin\",\"image\":{\"@type\":\"ImageObject\",\"inLanguage\":\"es\",\"@id\":\"https:\/\/medicina.udd.cl\/kinesiologia-santiago\/#\/schema\/person\/image\/\",\"url\":\"https:\/\/secure.gravatar.com\/avatar\/3cb6da298954dfb54457c0910b8c9ca010abd8d87a60f7d701b6ce4254e1c642?s=96&d=mm&r=g\",\"contentUrl\":\"https:\/\/secure.gravatar.com\/avatar\/3cb6da298954dfb54457c0910b8c9ca010abd8d87a60f7d701b6ce4254e1c642?s=96&d=mm&r=g\",\"caption\":\"admin\"},\"url\":\"https:\/\/medicina.udd.cl\/kinesiologia-santiago\/noticias\/author\/admin\/\"}]}<\/script>\n<!-- \/ Yoast SEO plugin. -->","yoast_head_json":{"title":"Kinesi\u00f3logos celebran su d\u00eda en la UDD - Kinesiolog\u00eda","robots":{"index":"index","follow":"follow","max-snippet":"max-snippet:-1","max-image-preview":"max-image-preview:large","max-video-preview":"max-video-preview:-1"},"canonical":"https:\/\/medicina.udd.cl\/kinesiologia-santiago\/noticias\/2013\/05\/07\/kinesiologos-celebran-su-dia-en-la-udd\/","og_locale":"es_ES","og_type":"article","og_title":"Kinesi\u00f3logos celebran su d\u00eda en la UDD - Kinesiolog\u00eda","og_description":"Docentes recordaron la historia de la carrera y plantearon los desaf\u00edos para este a\u00f1o","og_url":"https:\/\/medicina.udd.cl\/kinesiologia-santiago\/noticias\/2013\/05\/07\/kinesiologos-celebran-su-dia-en-la-udd\/","og_site_name":"Kinesiolog\u00eda","article_published_time":"2013-05-07T20:52:31+00:00","article_modified_time":"2013-05-08T12:44:43+00:00","og_image":[{"url":"https:\/\/medicina.udd.cl\/kinesiologia-santiago\/files\/2013\/05\/D\u00eda-Kinesi\u00f3logo-2.jpg","type":"","width":"","height":""}],"author":"admin","twitter_misc":{"Escrito por":"admin","Tiempo de lectura":"1 minuto"},"schema":{"@context":"https:\/\/schema.org","@graph":[{"@type":"Article","@id":"https:\/\/medicina.udd.cl\/kinesiologia-santiago\/noticias\/2013\/05\/07\/kinesiologos-celebran-su-dia-en-la-udd\/#article","isPartOf":{"@id":"https:\/\/medicina.udd.cl\/kinesiologia-santiago\/noticias\/2013\/05\/07\/kinesiologos-celebran-su-dia-en-la-udd\/"},"author":{"name":"admin","@id":"https:\/\/medicina.udd.cl\/kinesiologia-santiago\/#\/schema\/person\/f7abfa784c86da427e89287831f96ab7"},"headline":"Kinesi\u00f3logos celebran su d\u00eda en la UDD","datePublished":"2013-05-07T20:52:31+00:00","dateModified":"2013-05-08T12:44:43+00:00","mainEntityOfPage":{"@id":"https:\/\/medicina.udd.cl\/kinesiologia-santiago\/noticias\/2013\/05\/07\/kinesiologos-celebran-su-dia-en-la-udd\/"},"wordCount":222,"commentCount":0,"articleSection":["Noticias"],"inLanguage":"es","potentialAction":[{"@type":"CommentAction","name":"Comment","target":["https:\/\/medicina.udd.cl\/kinesiologia-santiago\/noticias\/2013\/05\/07\/kinesiologos-celebran-su-dia-en-la-udd\/#respond"]}]},{"@type":"WebPage","@id":"https:\/\/medicina.udd.cl\/kinesiologia-santiago\/noticias\/2013\/05\/07\/kinesiologos-celebran-su-dia-en-la-udd\/","url":"https:\/\/medicina.udd.cl\/kinesiologia-santiago\/noticias\/2013\/05\/07\/kinesiologos-celebran-su-dia-en-la-udd\/","name":"Kinesi\u00f3logos celebran su d\u00eda en la UDD - Kinesiolog\u00eda","isPartOf":{"@id":"https:\/\/medicina.udd.cl\/kinesiologia-santiago\/#website"},"datePublished":"2013-05-07T20:52:31+00:00","dateModified":"2013-05-08T12:44:43+00:00","author":{"@id":"https:\/\/medicina.udd.cl\/kinesiologia-santiago\/#\/schema\/person\/f7abfa784c86da427e89287831f96ab7"},"breadcrumb":{"@id":"https:\/\/medicina.udd.cl\/kinesiologia-santiago\/noticias\/2013\/05\/07\/kinesiologos-celebran-su-dia-en-la-udd\/#breadcrumb"},"inLanguage":"es","potentialAction":[{"@type":"ReadAction","target":["https:\/\/medicina.udd.cl\/kinesiologia-santiago\/noticias\/2013\/05\/07\/kinesiologos-celebran-su-dia-en-la-udd\/"]}]},{"@type":"BreadcrumbList","@id":"https:\/\/medicina.udd.cl\/kinesiologia-santiago\/noticias\/2013\/05\/07\/kinesiologos-celebran-su-dia-en-la-udd\/#breadcrumb","itemListElement":[{"@type":"ListItem","position":1,"name":"Home","item":"https:\/\/medicina.udd.cl\/kinesiologia-santiago\/"},{"@type":"ListItem","position":2,"name":"Kinesi\u00f3logos celebran su d\u00eda en la UDD"}]},{"@type":"WebSite","@id":"https:\/\/medicina.udd.cl\/kinesiologia-santiago\/#website","url":"https:\/\/medicina.udd.cl\/kinesiologia-santiago\/","name":"Kinesiolog\u00eda","description":"Facultad de Medicina Cl\u00ednica Alemana Universidad del Desarrollo","inLanguage":"es"},{"@type":"Person","@id":"https:\/\/medicina.udd.cl\/kinesiologia-santiago\/#\/schema\/person\/f7abfa784c86da427e89287831f96ab7","name":"admin","image":{"@type":"ImageObject","inLanguage":"es","@id":"https:\/\/medicina.udd.cl\/kinesiologia-santiago\/#\/schema\/person\/image\/","url":"https:\/\/secure.gravatar.com\/avatar\/3cb6da298954dfb54457c0910b8c9ca010abd8d87a60f7d701b6ce4254e1c642?s=96&d=mm&r=g","contentUrl":"https:\/\/secure.gravatar.com\/avatar\/3cb6da298954dfb54457c0910b8c9ca010abd8d87a60f7d701b6ce4254e1c642?s=96&d=mm&r=g","caption":"admin"},"url":"https:\/\/medicina.udd.cl\/kinesiologia-santiago\/noticias\/author\/admin\/"}]}},"featured_image_url":null,"_links":{"self":[{"href":"https:\/\/medicina.udd.cl\/kinesiologia-santiago\/wp-json\/wp\/v2\/posts\/951","targetHints":{"allow":["GET"]}}],"collection":[{"href":"https:\/\/medicina.udd.cl\/kinesiologia-santiago\/wp-json\/wp\/v2\/posts"}],"about":[{"href":"https:\/\/medicina.udd.cl\/kinesiologia-santiago\/wp-json\/wp\/v2\/types\/post"}],"author":[{"embeddable":true,"href":"https:\/\/medicina.udd.cl\/kinesiologia-santiago\/wp-json\/wp\/v2\/users\/1"}],"replies":[{"embeddable":true,"href":"https:\/\/medicina.udd.cl\/kinesiologia-santiago\/wp-json\/wp\/v2\/comments?post=951"}],"version-history":[{"count":20,"href":"https:\/\/medicina.udd.cl\/kinesiologia-santiago\/wp-json\/wp\/v2\/posts\/951\/revisions"}],"predecessor-version":[{"id":974,"href":"https:\/\/medicina.udd.cl\/kinesiologia-santiago\/wp-json\/wp\/v2\/posts\/951\/revisions\/974"}],"wp:attachment":[{"href":"https:\/\/medicina.udd.cl\/kinesiologia-santiago\/wp-json\/wp\/v2\/media?parent=951"}],"wp:term":[{"taxonomy":"category","embeddable":true,"href":"https:\/\/medicina.udd.cl\/kinesiologia-santiago\/wp-json\/wp\/v2\/categories?post=951"},{"taxonomy":"post_tag","embeddable":true,"href":"https:\/\/medicina.udd.cl\/kinesiologia-santiago\/wp-json\/wp\/v2\/tags?post=951"}],"curies":[{"name":"wp","href":"https:\/\/api.w.org\/{rel}","templated":true}]}}