{"id":10646,"date":"2026-01-30T11:00:32","date_gmt":"2026-01-30T14:00:32","guid":{"rendered":"https:\/\/medicina.udd.cl\/medicina-santiago\/?p=10646"},"modified":"2026-01-30T11:00:33","modified_gmt":"2026-01-30T14:00:33","slug":"titulados-udd-cruzan-el-mundo-para-sanar-en-zambia","status":"publish","type":"post","link":"https:\/\/medicina.udd.cl\/medicina-santiago\/noticias\/2026\/01\/30\/titulados-udd-cruzan-el-mundo-para-sanar-en-zambia\/","title":{"rendered":"Titulados UDD cruzan el mundo para sanar en Zambia"},"content":{"rendered":"\n<figure class=\"wp-block-image aligncenter size-large\"><a href=\"https:\/\/medicina.udd.cl\/medicina-santiago\/files\/2026\/01\/med-voluntariado-en-zambia-11.png\"><img loading=\"lazy\" decoding=\"async\" width=\"682\" height=\"1024\" src=\"https:\/\/medicina.udd.cl\/medicina-santiago\/files\/2026\/01\/med-voluntariado-en-zambia-11-682x1024.png\" alt=\"\" class=\"wp-image-10663\" srcset=\"https:\/\/medicina.udd.cl\/medicina-santiago\/files\/2026\/01\/med-voluntariado-en-zambia-11-682x1024.png 682w, https:\/\/medicina.udd.cl\/medicina-santiago\/files\/2026\/01\/med-voluntariado-en-zambia-11-200x300.png 200w, https:\/\/medicina.udd.cl\/medicina-santiago\/files\/2026\/01\/med-voluntariado-en-zambia-11-768x1152.png 768w, https:\/\/medicina.udd.cl\/medicina-santiago\/files\/2026\/01\/med-voluntariado-en-zambia-11-1024x1536.png 1024w, https:\/\/medicina.udd.cl\/medicina-santiago\/files\/2026\/01\/med-voluntariado-en-zambia-11.png 1333w\" sizes=\"auto, (max-width: 682px) 100vw, 682px\" \/><\/a><\/figure>\n\n\n\n<p>Cuando&nbsp;<strong>Liliana Sanhueza Pedrosa<\/strong>&nbsp;y&nbsp;<strong>Tom\u00e1s Coudeu Correa<\/strong>&nbsp;recibieron su t\u00edtulo de&nbsp;<strong>m\u00e9dicos de la Universidad del Desarrollo en 2024<\/strong>, no se preguntaron d\u00f3nde trabajar\u00edan, sino para qu\u00e9 lo har\u00edan. Esa inquietud los llev\u00f3 hasta&nbsp;<strong>Mwandi<\/strong>, un pueblo de la Western Province de&nbsp;<strong>Zambia<\/strong>, en&nbsp;<strong>\u00c1frica<\/strong>, donde llegaron en octubre de 2025 con su fonendoscopio y una decisi\u00f3n poco com\u00fan: quedarse un a\u00f1o como voluntarios de la&nbsp;<a href=\"https:\/\/www.idealist.org\/es\/ong\/f5a51801da7c486b9016e5762c341ac6-fundacion-entre-tribus-providencia\">fundaci\u00f3n chilena Entre Tribus<\/a>.&nbsp;<em>\u201cQuer\u00edamos vivir la medicina donde m\u00e1s se necesita\u201d<\/em>, se\u00f1alan, una frase que cobra sentido cuando el hospital m\u00e1s cercano es el \u00fanico refugio para aldeas ubicadas hasta a 130 kil\u00f3metros de distancia.<\/p>\n\n\n\n<h2 class=\"wp-block-heading\"><strong><mark><mark class=\"has-inline-color has-brand-primary-color\">Otra forma de curar<\/mark><\/mark><\/strong><\/h2>\n\n\n\n<p>Sus d\u00edas transcurren entre pacientes hospitalizados, urgencias, consultas ambulatorias y cirug\u00edas que van desde ces\u00e1reas hasta hernias y procedimientos de emergencia. Una vez al mes, adem\u00e1s, realizan salidas a terreno de cinco d\u00edas para recorrer aldeas donde, de no ser por estas visitas, los habitantes tendr\u00edan que caminar jornadas completas para recibir atenci\u00f3n m\u00e9dica. Bajo \u00e1rboles o en salas improvisadas, han aprendido que a veces un diagn\u00f3stico claro y una escucha atenta valen tanto como un tratamiento completo.<em>&nbsp;\u201cMe encanta la forma en que nos reciben y nos regalan sus sonrisas. Frustra no poder entregarles algunos tratamientos que para nosotros son b\u00e1sicos, pero aun as\u00ed quedan felices con saber qu\u00e9 tienen y por qu\u00e9 les pasa\u201d<\/em>, cuenta Tom\u00e1s, sorprendido por la gratitud que brota incluso en medio de la escasez.<\/p>\n\n\n\n<p>En Zambia se hablan 70 lenguas tribales; en Mwandi predomina el lozi y, aunque el ingl\u00e9s es idioma oficial, la comunicaci\u00f3n suele requerir un traductor del hospital. Esa mediaci\u00f3n, explican, dificulta la empat\u00eda cl\u00ednica, pero tambi\u00e9n los ha obligado a afinar la observaci\u00f3n, el gesto y el tono.&nbsp;<em>\u201cEntre consultas hemos aprendido sobre la cultura Lozi, sobre los trabajadores locales y sobre una forma de vivir la salud que no separa lo m\u00e9dico de lo humano\u201d<\/em>, agrega.<\/p>\n\n\n\n<h2 class=\"wp-block-heading\"><strong><mark><mark class=\"has-inline-color has-brand-primary-color\">Cuando lo \u201cb\u00e1sico\u201d escasea<\/mark><\/mark><\/strong><\/h2>\n\n\n\n<p>No todo ha sido \u00e9pico. La falta de medicamentos y recursos b\u00e1sicos es una constante que los enfrenta a improvisar soluciones.&nbsp;<em>\u201cUno tiene que ingeni\u00e1rselas con lo que hay\u201d<\/em>, explica Tom\u00e1s.&nbsp;<em>\u201cA veces hay un medicamento y a la semana siguiente se acaba y aparece otro. As\u00ed funciona todo\u201d<\/em>. En ese escenario, la formaci\u00f3n recibida en la Universidad del Desarrollo \u2014con realidades diversas como el Hospital Padre Hurtado y Cl\u00ednica Alemana\u2014 se transform\u00f3 en una caja de herramientas para buscar alternativas, ofrecer opciones y pensar dos, tres o incluso cinco caminos posibles para un mismo paciente.<\/p>\n\n\n\n<h2 class=\"wp-block-heading\"><strong><mark><mark class=\"has-inline-color has-brand-primary-color\">Todo vale la pena<\/mark><\/mark><\/strong><\/h2>\n\n\n\n<p>Para Liliana y Tom\u00e1s lo m\u00e1s dif\u00edcil ha sido convivir con la muerte evitable: ni\u00f1os, adultos y ancianos fallecen por no contar con tratamientos que ellos conocen de memoria, porque los estudiaron en libros y en art\u00edculos cient\u00edficos.&nbsp;<em>\u201cHay que aprender a manejar la frustraci\u00f3n y marcar l\u00edmites sin perder la empat\u00eda. En ese equilibrio entre lo que sabemos y lo que se puede hacer, hemos descubierto que ejercer la medicina tambi\u00e9n es aceptar la impotencia sin abandonar la humanidad\u201d<\/em>, reflexiona Liliana.<\/p>\n\n\n\n<p>A pesar del miedo inicial al choque cultural \u2014y de las cobras que asustan a Liliana pero fascinan a Tom\u00e1s\u2014, ambos coinciden en que la experiencia ha sido profundamente gratificante.&nbsp;<em>\u201cLa gente nos espera, conf\u00eda y, a veces, solo con escucharnos ya sienten alivio\u201d<\/em>, dice Tom\u00e1s. Hasta octubre de 2026 permanecer\u00e1n en Mwandi, a la espera de que nuevos voluntarios los releven. Su mensaje es claro para quienes sue\u00f1an con estudiar Medicina en la UDD: dar el paso cuesta, pero vale la pena, porque en \u00c1frica aprendieron que lo que entregan es grande, pero lo que reciben es a\u00fan mayor.<\/p>\n\n\n\n<figure class=\"wp-block-gallery has-nested-images columns-default is-cropped wp-block-gallery-1 is-layout-flex wp-block-gallery-is-layout-flex\">\n<figure class=\"wp-block-image size-large\"><a href=\"https:\/\/medicina.udd.cl\/medicina-santiago\/files\/2026\/01\/med-voluntariado-en-zambia-5.jpg\"><img loading=\"lazy\" decoding=\"async\" width=\"1024\" height=\"576\" data-id=\"10652\" src=\"https:\/\/medicina.udd.cl\/medicina-santiago\/files\/2026\/01\/med-voluntariado-en-zambia-5-1024x576.jpg\" alt=\"\" class=\"wp-image-10652\" srcset=\"https:\/\/medicina.udd.cl\/medicina-santiago\/files\/2026\/01\/med-voluntariado-en-zambia-5-1024x576.jpg 1024w, https:\/\/medicina.udd.cl\/medicina-santiago\/files\/2026\/01\/med-voluntariado-en-zambia-5-300x169.jpg 300w, https:\/\/medicina.udd.cl\/medicina-santiago\/files\/2026\/01\/med-voluntariado-en-zambia-5-768x432.jpg 768w, https:\/\/medicina.udd.cl\/medicina-santiago\/files\/2026\/01\/med-voluntariado-en-zambia-5-680x382.jpg 680w, https:\/\/medicina.udd.cl\/medicina-santiago\/files\/2026\/01\/med-voluntariado-en-zambia-5.jpg 1280w\" sizes=\"auto, (max-width: 1024px) 100vw, 1024px\" \/><\/a><\/figure>\n\n\n\n<figure class=\"wp-block-image size-large\"><a href=\"https:\/\/medicina.udd.cl\/medicina-santiago\/files\/2026\/01\/med-voluntariado-en-zambia-3.jpg\"><img loading=\"lazy\" decoding=\"async\" width=\"1020\" height=\"768\" data-id=\"10648\" src=\"https:\/\/medicina.udd.cl\/medicina-santiago\/files\/2026\/01\/med-voluntariado-en-zambia-3.jpg\" alt=\"\" class=\"wp-image-10648\" srcset=\"https:\/\/medicina.udd.cl\/medicina-santiago\/files\/2026\/01\/med-voluntariado-en-zambia-3.jpg 1020w, https:\/\/medicina.udd.cl\/medicina-santiago\/files\/2026\/01\/med-voluntariado-en-zambia-3-300x226.jpg 300w, https:\/\/medicina.udd.cl\/medicina-santiago\/files\/2026\/01\/med-voluntariado-en-zambia-3-768x578.jpg 768w\" sizes=\"auto, (max-width: 1020px) 100vw, 1020px\" \/><\/a><\/figure>\n\n\n\n<figure class=\"wp-block-image size-large\"><a href=\"https:\/\/medicina.udd.cl\/medicina-santiago\/files\/2026\/01\/med-voluntariado-en-zambia-3.png\"><img loading=\"lazy\" decoding=\"async\" width=\"711\" height=\"545\" data-id=\"10649\" src=\"https:\/\/medicina.udd.cl\/medicina-santiago\/files\/2026\/01\/med-voluntariado-en-zambia-3.png\" alt=\"\" class=\"wp-image-10649\" srcset=\"https:\/\/medicina.udd.cl\/medicina-santiago\/files\/2026\/01\/med-voluntariado-en-zambia-3.png 711w, https:\/\/medicina.udd.cl\/medicina-santiago\/files\/2026\/01\/med-voluntariado-en-zambia-3-300x230.png 300w, https:\/\/medicina.udd.cl\/medicina-santiago\/files\/2026\/01\/med-voluntariado-en-zambia-3-182x140.png 182w\" sizes=\"auto, (max-width: 711px) 100vw, 711px\" \/><\/a><\/figure>\n\n\n\n<figure class=\"wp-block-image size-large\"><a href=\"https:\/\/medicina.udd.cl\/medicina-santiago\/files\/2026\/01\/med-voluntariado-en-zambia-8-scaled.jpg\"><img loading=\"lazy\" decoding=\"async\" width=\"576\" height=\"1024\" data-id=\"10658\" src=\"https:\/\/medicina.udd.cl\/medicina-santiago\/files\/2026\/01\/med-voluntariado-en-zambia-8-576x1024.jpg\" alt=\"\" class=\"wp-image-10658\" srcset=\"https:\/\/medicina.udd.cl\/medicina-santiago\/files\/2026\/01\/med-voluntariado-en-zambia-8-576x1024.jpg 576w, https:\/\/medicina.udd.cl\/medicina-santiago\/files\/2026\/01\/med-voluntariado-en-zambia-8-169x300.jpg 169w, https:\/\/medicina.udd.cl\/medicina-santiago\/files\/2026\/01\/med-voluntariado-en-zambia-8-768x1365.jpg 768w, https:\/\/medicina.udd.cl\/medicina-santiago\/files\/2026\/01\/med-voluntariado-en-zambia-8-864x1536.jpg 864w, https:\/\/medicina.udd.cl\/medicina-santiago\/files\/2026\/01\/med-voluntariado-en-zambia-8-1152x2048.jpg 1152w, https:\/\/medicina.udd.cl\/medicina-santiago\/files\/2026\/01\/med-voluntariado-en-zambia-8-scaled.jpg 1440w\" sizes=\"auto, (max-width: 576px) 100vw, 576px\" \/><\/a><\/figure>\n\n\n\n<figure class=\"wp-block-image size-large\"><a href=\"https:\/\/medicina.udd.cl\/medicina-santiago\/files\/2026\/01\/med-voluntariado-en-zambia-9-scaled.jpg\"><img loading=\"lazy\" decoding=\"async\" width=\"576\" height=\"1024\" data-id=\"10660\" src=\"https:\/\/medicina.udd.cl\/medicina-santiago\/files\/2026\/01\/med-voluntariado-en-zambia-9-576x1024.jpg\" alt=\"\" class=\"wp-image-10660\" srcset=\"https:\/\/medicina.udd.cl\/medicina-santiago\/files\/2026\/01\/med-voluntariado-en-zambia-9-576x1024.jpg 576w, https:\/\/medicina.udd.cl\/medicina-santiago\/files\/2026\/01\/med-voluntariado-en-zambia-9-169x300.jpg 169w, https:\/\/medicina.udd.cl\/medicina-santiago\/files\/2026\/01\/med-voluntariado-en-zambia-9-768x1365.jpg 768w, https:\/\/medicina.udd.cl\/medicina-santiago\/files\/2026\/01\/med-voluntariado-en-zambia-9-864x1536.jpg 864w, https:\/\/medicina.udd.cl\/medicina-santiago\/files\/2026\/01\/med-voluntariado-en-zambia-9-1152x2048.jpg 1152w, https:\/\/medicina.udd.cl\/medicina-santiago\/files\/2026\/01\/med-voluntariado-en-zambia-9-scaled.jpg 1440w\" sizes=\"auto, (max-width: 576px) 100vw, 576px\" \/><\/a><\/figure>\n\n\n\n<figure class=\"wp-block-image size-large\"><a href=\"https:\/\/medicina.udd.cl\/medicina-santiago\/files\/2026\/01\/med-voluntariado-en-zambia-6.png\"><img loading=\"lazy\" decoding=\"async\" width=\"543\" height=\"628\" data-id=\"10655\" src=\"https:\/\/medicina.udd.cl\/medicina-santiago\/files\/2026\/01\/med-voluntariado-en-zambia-6.png\" alt=\"\" class=\"wp-image-10655\" srcset=\"https:\/\/medicina.udd.cl\/medicina-santiago\/files\/2026\/01\/med-voluntariado-en-zambia-6.png 543w, https:\/\/medicina.udd.cl\/medicina-santiago\/files\/2026\/01\/med-voluntariado-en-zambia-6-259x300.png 259w\" sizes=\"auto, (max-width: 543px) 100vw, 543px\" \/><\/a><\/figure>\n\n\n\n<figure class=\"wp-block-image size-large\"><a href=\"https:\/\/medicina.udd.cl\/medicina-santiago\/files\/2026\/01\/med-voluntariado-en-zambia-1-scaled.jpg\"><img loading=\"lazy\" decoding=\"async\" width=\"576\" height=\"1024\" data-id=\"10643\" src=\"https:\/\/medicina.udd.cl\/medicina-santiago\/files\/2026\/01\/med-voluntariado-en-zambia-1-576x1024.jpg\" alt=\"\" class=\"wp-image-10643\" srcset=\"https:\/\/medicina.udd.cl\/medicina-santiago\/files\/2026\/01\/med-voluntariado-en-zambia-1-576x1024.jpg 576w, https:\/\/medicina.udd.cl\/medicina-santiago\/files\/2026\/01\/med-voluntariado-en-zambia-1-169x300.jpg 169w, https:\/\/medicina.udd.cl\/medicina-santiago\/files\/2026\/01\/med-voluntariado-en-zambia-1-768x1365.jpg 768w, https:\/\/medicina.udd.cl\/medicina-santiago\/files\/2026\/01\/med-voluntariado-en-zambia-1-864x1536.jpg 864w, https:\/\/medicina.udd.cl\/medicina-santiago\/files\/2026\/01\/med-voluntariado-en-zambia-1-1152x2048.jpg 1152w, https:\/\/medicina.udd.cl\/medicina-santiago\/files\/2026\/01\/med-voluntariado-en-zambia-1-scaled.jpg 1440w\" sizes=\"auto, (max-width: 576px) 100vw, 576px\" \/><\/a><\/figure>\n\n\n\n<figure class=\"wp-block-image size-large\"><a href=\"https:\/\/medicina.udd.cl\/medicina-santiago\/files\/2026\/01\/med-voluntariado-en-zambia-6.jpg\"><img loading=\"lazy\" decoding=\"async\" width=\"576\" height=\"1024\" data-id=\"10654\" src=\"https:\/\/medicina.udd.cl\/medicina-santiago\/files\/2026\/01\/med-voluntariado-en-zambia-6-576x1024.jpg\" alt=\"\" class=\"wp-image-10654\" srcset=\"https:\/\/medicina.udd.cl\/medicina-santiago\/files\/2026\/01\/med-voluntariado-en-zambia-6-576x1024.jpg 576w, https:\/\/medicina.udd.cl\/medicina-santiago\/files\/2026\/01\/med-voluntariado-en-zambia-6-169x300.jpg 169w, https:\/\/medicina.udd.cl\/medicina-santiago\/files\/2026\/01\/med-voluntariado-en-zambia-6.jpg 720w\" sizes=\"auto, (max-width: 576px) 100vw, 576px\" \/><\/a><\/figure>\n\n\n\n<figure class=\"wp-block-image size-large\"><a href=\"https:\/\/medicina.udd.cl\/medicina-santiago\/files\/2026\/01\/med-voluntariado-en-zambia-4.png\"><img loading=\"lazy\" decoding=\"async\" width=\"646\" height=\"729\" data-id=\"10651\" src=\"https:\/\/medicina.udd.cl\/medicina-santiago\/files\/2026\/01\/med-voluntariado-en-zambia-4.png\" alt=\"\" class=\"wp-image-10651\" srcset=\"https:\/\/medicina.udd.cl\/medicina-santiago\/files\/2026\/01\/med-voluntariado-en-zambia-4.png 646w, https:\/\/medicina.udd.cl\/medicina-santiago\/files\/2026\/01\/med-voluntariado-en-zambia-4-266x300.png 266w\" sizes=\"auto, (max-width: 646px) 100vw, 646px\" \/><\/a><\/figure>\n\n\n\n<figure class=\"wp-block-image size-large\"><a href=\"https:\/\/medicina.udd.cl\/medicina-santiago\/files\/2026\/01\/med-voluntariado-en-zambia-7.png\"><img loading=\"lazy\" decoding=\"async\" width=\"542\" height=\"696\" data-id=\"10657\" src=\"https:\/\/medicina.udd.cl\/medicina-santiago\/files\/2026\/01\/med-voluntariado-en-zambia-7.png\" alt=\"\" class=\"wp-image-10657\" srcset=\"https:\/\/medicina.udd.cl\/medicina-santiago\/files\/2026\/01\/med-voluntariado-en-zambia-7.png 542w, https:\/\/medicina.udd.cl\/medicina-santiago\/files\/2026\/01\/med-voluntariado-en-zambia-7-234x300.png 234w\" sizes=\"auto, (max-width: 542px) 100vw, 542px\" \/><\/a><\/figure>\n\n\n\n<figure class=\"wp-block-image size-large\"><a href=\"https:\/\/medicina.udd.cl\/medicina-santiago\/files\/2026\/01\/med-voluntariado-en-zambia-7.jpg\"><img loading=\"lazy\" decoding=\"async\" width=\"576\" height=\"1024\" data-id=\"10656\" src=\"https:\/\/medicina.udd.cl\/medicina-santiago\/files\/2026\/01\/med-voluntariado-en-zambia-7-576x1024.jpg\" alt=\"\" class=\"wp-image-10656\" srcset=\"https:\/\/medicina.udd.cl\/medicina-santiago\/files\/2026\/01\/med-voluntariado-en-zambia-7-576x1024.jpg 576w, https:\/\/medicina.udd.cl\/medicina-santiago\/files\/2026\/01\/med-voluntariado-en-zambia-7-169x300.jpg 169w, https:\/\/medicina.udd.cl\/medicina-santiago\/files\/2026\/01\/med-voluntariado-en-zambia-7.jpg 720w\" sizes=\"auto, (max-width: 576px) 100vw, 576px\" \/><\/a><\/figure>\n\n\n\n<figure class=\"wp-block-image size-large\"><a href=\"https:\/\/medicina.udd.cl\/medicina-santiago\/files\/2026\/01\/med-voluntariado-en-zambia-5.png\"><img loading=\"lazy\" decoding=\"async\" width=\"599\" height=\"702\" data-id=\"10653\" src=\"https:\/\/medicina.udd.cl\/medicina-santiago\/files\/2026\/01\/med-voluntariado-en-zambia-5.png\" alt=\"\" class=\"wp-image-10653\" srcset=\"https:\/\/medicina.udd.cl\/medicina-santiago\/files\/2026\/01\/med-voluntariado-en-zambia-5.png 599w, https:\/\/medicina.udd.cl\/medicina-santiago\/files\/2026\/01\/med-voluntariado-en-zambia-5-256x300.png 256w\" sizes=\"auto, (max-width: 599px) 100vw, 599px\" \/><\/a><\/figure>\n\n\n\n<figure class=\"wp-block-image size-large\"><a href=\"https:\/\/medicina.udd.cl\/medicina-santiago\/files\/2026\/01\/med-voluntariado-en-zambia-1.png\"><img loading=\"lazy\" decoding=\"async\" width=\"493\" height=\"730\" data-id=\"10644\" src=\"https:\/\/medicina.udd.cl\/medicina-santiago\/files\/2026\/01\/med-voluntariado-en-zambia-1.png\" alt=\"\" class=\"wp-image-10644\" srcset=\"https:\/\/medicina.udd.cl\/medicina-santiago\/files\/2026\/01\/med-voluntariado-en-zambia-1.png 493w, https:\/\/medicina.udd.cl\/medicina-santiago\/files\/2026\/01\/med-voluntariado-en-zambia-1-203x300.png 203w\" sizes=\"auto, (max-width: 493px) 100vw, 493px\" \/><\/a><\/figure>\n\n\n\n<figure class=\"wp-block-image size-large\"><a href=\"https:\/\/medicina.udd.cl\/medicina-santiago\/files\/2026\/01\/med-voluntariado-en-zambia-2.png\"><img loading=\"lazy\" decoding=\"async\" width=\"514\" height=\"419\" data-id=\"10647\" src=\"https:\/\/medicina.udd.cl\/medicina-santiago\/files\/2026\/01\/med-voluntariado-en-zambia-2.png\" alt=\"\" class=\"wp-image-10647\" srcset=\"https:\/\/medicina.udd.cl\/medicina-santiago\/files\/2026\/01\/med-voluntariado-en-zambia-2.png 514w, https:\/\/medicina.udd.cl\/medicina-santiago\/files\/2026\/01\/med-voluntariado-en-zambia-2-300x245.png 300w\" sizes=\"auto, (max-width: 514px) 100vw, 514px\" \/><\/a><\/figure>\n\n\n\n<figure class=\"wp-block-image size-large\"><a href=\"https:\/\/medicina.udd.cl\/medicina-santiago\/files\/2026\/01\/med-voluntariado-en-zambia-2-scaled.jpg\"><img loading=\"lazy\" decoding=\"async\" width=\"576\" height=\"1024\" data-id=\"10645\" src=\"https:\/\/medicina.udd.cl\/medicina-santiago\/files\/2026\/01\/med-voluntariado-en-zambia-2-576x1024.jpg\" alt=\"\" class=\"wp-image-10645\" srcset=\"https:\/\/medicina.udd.cl\/medicina-santiago\/files\/2026\/01\/med-voluntariado-en-zambia-2-576x1024.jpg 576w, https:\/\/medicina.udd.cl\/medicina-santiago\/files\/2026\/01\/med-voluntariado-en-zambia-2-169x300.jpg 169w, https:\/\/medicina.udd.cl\/medicina-santiago\/files\/2026\/01\/med-voluntariado-en-zambia-2-768x1365.jpg 768w, https:\/\/medicina.udd.cl\/medicina-santiago\/files\/2026\/01\/med-voluntariado-en-zambia-2-864x1536.jpg 864w, https:\/\/medicina.udd.cl\/medicina-santiago\/files\/2026\/01\/med-voluntariado-en-zambia-2-1152x2048.jpg 1152w, https:\/\/medicina.udd.cl\/medicina-santiago\/files\/2026\/01\/med-voluntariado-en-zambia-2-scaled.jpg 1440w\" sizes=\"auto, (max-width: 576px) 100vw, 576px\" \/><\/a><\/figure>\n\n\n\n<figure class=\"wp-block-image size-large\"><a href=\"https:\/\/medicina.udd.cl\/medicina-santiago\/files\/2026\/01\/med-voluntariado-en-zambia-4-scaled.jpg\"><img loading=\"lazy\" decoding=\"async\" width=\"1024\" height=\"576\" data-id=\"10650\" src=\"https:\/\/medicina.udd.cl\/medicina-santiago\/files\/2026\/01\/med-voluntariado-en-zambia-4-1024x576.jpg\" alt=\"\" class=\"wp-image-10650\" srcset=\"https:\/\/medicina.udd.cl\/medicina-santiago\/files\/2026\/01\/med-voluntariado-en-zambia-4-1024x576.jpg 1024w, https:\/\/medicina.udd.cl\/medicina-santiago\/files\/2026\/01\/med-voluntariado-en-zambia-4-300x169.jpg 300w, https:\/\/medicina.udd.cl\/medicina-santiago\/files\/2026\/01\/med-voluntariado-en-zambia-4-768x432.jpg 768w, https:\/\/medicina.udd.cl\/medicina-santiago\/files\/2026\/01\/med-voluntariado-en-zambia-4-1536x864.jpg 1536w, https:\/\/medicina.udd.cl\/medicina-santiago\/files\/2026\/01\/med-voluntariado-en-zambia-4-2048x1152.jpg 2048w, https:\/\/medicina.udd.cl\/medicina-santiago\/files\/2026\/01\/med-voluntariado-en-zambia-4-1920x1080.jpg 1920w, https:\/\/medicina.udd.cl\/medicina-santiago\/files\/2026\/01\/med-voluntariado-en-zambia-4-1366x768.jpg 1366w, https:\/\/medicina.udd.cl\/medicina-santiago\/files\/2026\/01\/med-voluntariado-en-zambia-4-680x382.jpg 680w\" sizes=\"auto, (max-width: 1024px) 100vw, 1024px\" \/><\/a><\/figure>\n\n\n\n<figure class=\"wp-block-image size-large\"><a href=\"https:\/\/medicina.udd.cl\/medicina-santiago\/files\/2026\/01\/med-voluntariado-en-zambia-9.png\"><img loading=\"lazy\" decoding=\"async\" width=\"624\" height=\"698\" data-id=\"10661\" src=\"https:\/\/medicina.udd.cl\/medicina-santiago\/files\/2026\/01\/med-voluntariado-en-zambia-9.png\" alt=\"\" class=\"wp-image-10661\" srcset=\"https:\/\/medicina.udd.cl\/medicina-santiago\/files\/2026\/01\/med-voluntariado-en-zambia-9.png 624w, https:\/\/medicina.udd.cl\/medicina-santiago\/files\/2026\/01\/med-voluntariado-en-zambia-9-268x300.png 268w\" sizes=\"auto, (max-width: 624px) 100vw, 624px\" \/><\/a><\/figure>\n\n\n\n<figure class=\"wp-block-image size-large\"><a href=\"https:\/\/medicina.udd.cl\/medicina-santiago\/files\/2026\/01\/med-voluntariado-en-zambia-10.png\"><img loading=\"lazy\" decoding=\"async\" width=\"607\" height=\"749\" data-id=\"10662\" src=\"https:\/\/medicina.udd.cl\/medicina-santiago\/files\/2026\/01\/med-voluntariado-en-zambia-10.png\" alt=\"\" class=\"wp-image-10662\" srcset=\"https:\/\/medicina.udd.cl\/medicina-santiago\/files\/2026\/01\/med-voluntariado-en-zambia-10.png 607w, https:\/\/medicina.udd.cl\/medicina-santiago\/files\/2026\/01\/med-voluntariado-en-zambia-10-243x300.png 243w\" sizes=\"auto, (max-width: 607px) 100vw, 607px\" \/><\/a><\/figure>\n<\/figure>\n","protected":false},"excerpt":{"rendered":"<p>Cuando&nbsp;Liliana Sanhueza Pedrosa&nbsp;y&nbsp;Tom\u00e1s Coudeu Correa&nbsp;recibieron su t\u00edtulo de&nbsp;m\u00e9dicos de la Universidad del Desarrollo en 2024, no se preguntaron d\u00f3nde trabajar\u00edan, sino para qu\u00e9 lo har\u00edan. Esa inquietud los llev\u00f3 hasta&nbsp;Mwandi, un pueblo de la Western Province de&nbsp;Zambia, en&nbsp;\u00c1frica, donde llegaron en octubre de 2025 con su fonendoscopio y una decisi\u00f3n poco com\u00fan: quedarse un a\u00f1o [&hellip;]<\/p>\n","protected":false},"author":9192219,"featured_media":10652,"comment_status":"closed","ping_status":"open","sticky":false,"template":"","format":"standard","meta":{"footnotes":""},"categories":[4],"tags":[],"class_list":["post-10646","post","type-post","status-publish","format-standard","has-post-thumbnail","hentry","category-noticias"],"yoast_head":"<!-- This site is optimized with the Yoast SEO plugin v26.9 - https:\/\/yoast.com\/product\/yoast-seo-wordpress\/ -->\n<title>Titulados UDD cruzan el mundo para sanar en Zambia - Medicina<\/title>\n<meta name=\"robots\" content=\"index, follow, max-snippet:-1, max-image-preview:large, max-video-preview:-1\" \/>\n<link rel=\"canonical\" href=\"https:\/\/medicina.udd.cl\/medicina-santiago\/noticias\/2026\/01\/30\/titulados-udd-cruzan-el-mundo-para-sanar-en-zambia\/\" \/>\n<meta property=\"og:locale\" content=\"es_ES\" \/>\n<meta property=\"og:type\" content=\"article\" \/>\n<meta property=\"og:title\" content=\"Titulados UDD cruzan el mundo para sanar en Zambia - Medicina\" \/>\n<meta property=\"og:description\" content=\"Cuando&nbsp;Liliana Sanhueza Pedrosa&nbsp;y&nbsp;Tom\u00e1s Coudeu Correa&nbsp;recibieron su t\u00edtulo de&nbsp;m\u00e9dicos de la Universidad del Desarrollo en 2024, no se preguntaron d\u00f3nde trabajar\u00edan, sino para qu\u00e9 lo har\u00edan. Esa inquietud los llev\u00f3 hasta&nbsp;Mwandi, un pueblo de la Western Province de&nbsp;Zambia, en&nbsp;\u00c1frica, donde llegaron en octubre de 2025 con su fonendoscopio y una decisi\u00f3n poco com\u00fan: quedarse un a\u00f1o [&hellip;]\" \/>\n<meta property=\"og:url\" content=\"https:\/\/medicina.udd.cl\/medicina-santiago\/noticias\/2026\/01\/30\/titulados-udd-cruzan-el-mundo-para-sanar-en-zambia\/\" \/>\n<meta property=\"og:site_name\" content=\"Medicina\" \/>\n<meta property=\"article:published_time\" content=\"2026-01-30T14:00:32+00:00\" \/>\n<meta property=\"article:modified_time\" content=\"2026-01-30T14:00:33+00:00\" \/>\n<meta property=\"og:image\" content=\"https:\/\/medicina.udd.cl\/medicina-santiago\/files\/2026\/01\/med-voluntariado-en-zambia-5.jpg\" \/>\n\t<meta property=\"og:image:width\" content=\"1280\" \/>\n\t<meta property=\"og:image:height\" content=\"720\" \/>\n\t<meta property=\"og:image:type\" content=\"image\/jpeg\" \/>\n<meta name=\"author\" content=\"rbraidy\" \/>\n<meta name=\"twitter:label1\" content=\"Escrito por\" \/>\n\t<meta name=\"twitter:data1\" content=\"rbraidy\" \/>\n\t<meta name=\"twitter:label2\" content=\"Tiempo de lectura\" \/>\n\t<meta name=\"twitter:data2\" content=\"3 minutos\" \/>\n<script type=\"application\/ld+json\" class=\"yoast-schema-graph\">{\"@context\":\"https:\/\/schema.org\",\"@graph\":[{\"@type\":\"Article\",\"@id\":\"https:\/\/medicina.udd.cl\/medicina-santiago\/noticias\/2026\/01\/30\/titulados-udd-cruzan-el-mundo-para-sanar-en-zambia\/#article\",\"isPartOf\":{\"@id\":\"https:\/\/medicina.udd.cl\/medicina-santiago\/noticias\/2026\/01\/30\/titulados-udd-cruzan-el-mundo-para-sanar-en-zambia\/\"},\"author\":{\"name\":\"rbraidy\",\"@id\":\"https:\/\/medicina.udd.cl\/medicina-santiago\/#\/schema\/person\/dbc3705bf3a93e8be1ba6de0ef950341\"},\"headline\":\"Titulados UDD cruzan el mundo para sanar en Zambia\",\"datePublished\":\"2026-01-30T14:00:32+00:00\",\"dateModified\":\"2026-01-30T14:00:33+00:00\",\"mainEntityOfPage\":{\"@id\":\"https:\/\/medicina.udd.cl\/medicina-santiago\/noticias\/2026\/01\/30\/titulados-udd-cruzan-el-mundo-para-sanar-en-zambia\/\"},\"wordCount\":676,\"image\":{\"@id\":\"https:\/\/medicina.udd.cl\/medicina-santiago\/noticias\/2026\/01\/30\/titulados-udd-cruzan-el-mundo-para-sanar-en-zambia\/#primaryimage\"},\"thumbnailUrl\":\"https:\/\/medicina.udd.cl\/medicina-santiago\/files\/2026\/01\/med-voluntariado-en-zambia-5.jpg\",\"articleSection\":[\"Noticias\"],\"inLanguage\":\"es\"},{\"@type\":\"WebPage\",\"@id\":\"https:\/\/medicina.udd.cl\/medicina-santiago\/noticias\/2026\/01\/30\/titulados-udd-cruzan-el-mundo-para-sanar-en-zambia\/\",\"url\":\"https:\/\/medicina.udd.cl\/medicina-santiago\/noticias\/2026\/01\/30\/titulados-udd-cruzan-el-mundo-para-sanar-en-zambia\/\",\"name\":\"Titulados UDD cruzan el mundo para sanar en Zambia - Medicina\",\"isPartOf\":{\"@id\":\"https:\/\/medicina.udd.cl\/medicina-santiago\/#website\"},\"primaryImageOfPage\":{\"@id\":\"https:\/\/medicina.udd.cl\/medicina-santiago\/noticias\/2026\/01\/30\/titulados-udd-cruzan-el-mundo-para-sanar-en-zambia\/#primaryimage\"},\"image\":{\"@id\":\"https:\/\/medicina.udd.cl\/medicina-santiago\/noticias\/2026\/01\/30\/titulados-udd-cruzan-el-mundo-para-sanar-en-zambia\/#primaryimage\"},\"thumbnailUrl\":\"https:\/\/medicina.udd.cl\/medicina-santiago\/files\/2026\/01\/med-voluntariado-en-zambia-5.jpg\",\"datePublished\":\"2026-01-30T14:00:32+00:00\",\"dateModified\":\"2026-01-30T14:00:33+00:00\",\"author\":{\"@id\":\"https:\/\/medicina.udd.cl\/medicina-santiago\/#\/schema\/person\/dbc3705bf3a93e8be1ba6de0ef950341\"},\"breadcrumb\":{\"@id\":\"https:\/\/medicina.udd.cl\/medicina-santiago\/noticias\/2026\/01\/30\/titulados-udd-cruzan-el-mundo-para-sanar-en-zambia\/#breadcrumb\"},\"inLanguage\":\"es\",\"potentialAction\":[{\"@type\":\"ReadAction\",\"target\":[\"https:\/\/medicina.udd.cl\/medicina-santiago\/noticias\/2026\/01\/30\/titulados-udd-cruzan-el-mundo-para-sanar-en-zambia\/\"]}]},{\"@type\":\"ImageObject\",\"inLanguage\":\"es\",\"@id\":\"https:\/\/medicina.udd.cl\/medicina-santiago\/noticias\/2026\/01\/30\/titulados-udd-cruzan-el-mundo-para-sanar-en-zambia\/#primaryimage\",\"url\":\"https:\/\/medicina.udd.cl\/medicina-santiago\/files\/2026\/01\/med-voluntariado-en-zambia-5.jpg\",\"contentUrl\":\"https:\/\/medicina.udd.cl\/medicina-santiago\/files\/2026\/01\/med-voluntariado-en-zambia-5.jpg\",\"width\":1280,\"height\":720},{\"@type\":\"BreadcrumbList\",\"@id\":\"https:\/\/medicina.udd.cl\/medicina-santiago\/noticias\/2026\/01\/30\/titulados-udd-cruzan-el-mundo-para-sanar-en-zambia\/#breadcrumb\",\"itemListElement\":[{\"@type\":\"ListItem\",\"position\":1,\"name\":\"Home\",\"item\":\"https:\/\/medicina.udd.cl\/medicina-santiago\/\"},{\"@type\":\"ListItem\",\"position\":2,\"name\":\"Titulados UDD cruzan el mundo para sanar en Zambia\"}]},{\"@type\":\"WebSite\",\"@id\":\"https:\/\/medicina.udd.cl\/medicina-santiago\/#website\",\"url\":\"https:\/\/medicina.udd.cl\/medicina-santiago\/\",\"name\":\"Medicina\",\"description\":\"Facultad de Medicina Cl\u00ednica Alemana Universidad del Desarrollo\",\"inLanguage\":\"es\"},{\"@type\":\"Person\",\"@id\":\"https:\/\/medicina.udd.cl\/medicina-santiago\/#\/schema\/person\/dbc3705bf3a93e8be1ba6de0ef950341\",\"name\":\"rbraidy\",\"image\":{\"@type\":\"ImageObject\",\"inLanguage\":\"es\",\"@id\":\"https:\/\/medicina.udd.cl\/medicina-santiago\/#\/schema\/person\/image\/\",\"url\":\"https:\/\/secure.gravatar.com\/avatar\/0f8bc94637401590e45d2ce17eb65c274cb8870a219de6177f3f23e63fd8cdf3?s=96&d=mm&r=g\",\"contentUrl\":\"https:\/\/secure.gravatar.com\/avatar\/0f8bc94637401590e45d2ce17eb65c274cb8870a219de6177f3f23e63fd8cdf3?s=96&d=mm&r=g\",\"caption\":\"rbraidy\"},\"url\":\"https:\/\/medicina.udd.cl\/medicina-santiago\/noticias\/author\/rbraidy\/\"}]}<\/script>\n<!-- \/ Yoast SEO plugin. -->","yoast_head_json":{"title":"Titulados UDD cruzan el mundo para sanar en Zambia - Medicina","robots":{"index":"index","follow":"follow","max-snippet":"max-snippet:-1","max-image-preview":"max-image-preview:large","max-video-preview":"max-video-preview:-1"},"canonical":"https:\/\/medicina.udd.cl\/medicina-santiago\/noticias\/2026\/01\/30\/titulados-udd-cruzan-el-mundo-para-sanar-en-zambia\/","og_locale":"es_ES","og_type":"article","og_title":"Titulados UDD cruzan el mundo para sanar en Zambia - Medicina","og_description":"Cuando&nbsp;Liliana Sanhueza Pedrosa&nbsp;y&nbsp;Tom\u00e1s Coudeu Correa&nbsp;recibieron su t\u00edtulo de&nbsp;m\u00e9dicos de la Universidad del Desarrollo en 2024, no se preguntaron d\u00f3nde trabajar\u00edan, sino para qu\u00e9 lo har\u00edan. Esa inquietud los llev\u00f3 hasta&nbsp;Mwandi, un pueblo de la Western Province de&nbsp;Zambia, en&nbsp;\u00c1frica, donde llegaron en octubre de 2025 con su fonendoscopio y una decisi\u00f3n poco com\u00fan: quedarse un a\u00f1o [&hellip;]","og_url":"https:\/\/medicina.udd.cl\/medicina-santiago\/noticias\/2026\/01\/30\/titulados-udd-cruzan-el-mundo-para-sanar-en-zambia\/","og_site_name":"Medicina","article_published_time":"2026-01-30T14:00:32+00:00","article_modified_time":"2026-01-30T14:00:33+00:00","og_image":[{"width":1280,"height":720,"url":"https:\/\/medicina.udd.cl\/medicina-santiago\/files\/2026\/01\/med-voluntariado-en-zambia-5.jpg","type":"image\/jpeg"}],"author":"rbraidy","twitter_misc":{"Escrito por":"rbraidy","Tiempo de lectura":"3 minutos"},"schema":{"@context":"https:\/\/schema.org","@graph":[{"@type":"Article","@id":"https:\/\/medicina.udd.cl\/medicina-santiago\/noticias\/2026\/01\/30\/titulados-udd-cruzan-el-mundo-para-sanar-en-zambia\/#article","isPartOf":{"@id":"https:\/\/medicina.udd.cl\/medicina-santiago\/noticias\/2026\/01\/30\/titulados-udd-cruzan-el-mundo-para-sanar-en-zambia\/"},"author":{"name":"rbraidy","@id":"https:\/\/medicina.udd.cl\/medicina-santiago\/#\/schema\/person\/dbc3705bf3a93e8be1ba6de0ef950341"},"headline":"Titulados UDD cruzan el mundo para sanar en Zambia","datePublished":"2026-01-30T14:00:32+00:00","dateModified":"2026-01-30T14:00:33+00:00","mainEntityOfPage":{"@id":"https:\/\/medicina.udd.cl\/medicina-santiago\/noticias\/2026\/01\/30\/titulados-udd-cruzan-el-mundo-para-sanar-en-zambia\/"},"wordCount":676,"image":{"@id":"https:\/\/medicina.udd.cl\/medicina-santiago\/noticias\/2026\/01\/30\/titulados-udd-cruzan-el-mundo-para-sanar-en-zambia\/#primaryimage"},"thumbnailUrl":"https:\/\/medicina.udd.cl\/medicina-santiago\/files\/2026\/01\/med-voluntariado-en-zambia-5.jpg","articleSection":["Noticias"],"inLanguage":"es"},{"@type":"WebPage","@id":"https:\/\/medicina.udd.cl\/medicina-santiago\/noticias\/2026\/01\/30\/titulados-udd-cruzan-el-mundo-para-sanar-en-zambia\/","url":"https:\/\/medicina.udd.cl\/medicina-santiago\/noticias\/2026\/01\/30\/titulados-udd-cruzan-el-mundo-para-sanar-en-zambia\/","name":"Titulados UDD cruzan el mundo para sanar en Zambia - Medicina","isPartOf":{"@id":"https:\/\/medicina.udd.cl\/medicina-santiago\/#website"},"primaryImageOfPage":{"@id":"https:\/\/medicina.udd.cl\/medicina-santiago\/noticias\/2026\/01\/30\/titulados-udd-cruzan-el-mundo-para-sanar-en-zambia\/#primaryimage"},"image":{"@id":"https:\/\/medicina.udd.cl\/medicina-santiago\/noticias\/2026\/01\/30\/titulados-udd-cruzan-el-mundo-para-sanar-en-zambia\/#primaryimage"},"thumbnailUrl":"https:\/\/medicina.udd.cl\/medicina-santiago\/files\/2026\/01\/med-voluntariado-en-zambia-5.jpg","datePublished":"2026-01-30T14:00:32+00:00","dateModified":"2026-01-30T14:00:33+00:00","author":{"@id":"https:\/\/medicina.udd.cl\/medicina-santiago\/#\/schema\/person\/dbc3705bf3a93e8be1ba6de0ef950341"},"breadcrumb":{"@id":"https:\/\/medicina.udd.cl\/medicina-santiago\/noticias\/2026\/01\/30\/titulados-udd-cruzan-el-mundo-para-sanar-en-zambia\/#breadcrumb"},"inLanguage":"es","potentialAction":[{"@type":"ReadAction","target":["https:\/\/medicina.udd.cl\/medicina-santiago\/noticias\/2026\/01\/30\/titulados-udd-cruzan-el-mundo-para-sanar-en-zambia\/"]}]},{"@type":"ImageObject","inLanguage":"es","@id":"https:\/\/medicina.udd.cl\/medicina-santiago\/noticias\/2026\/01\/30\/titulados-udd-cruzan-el-mundo-para-sanar-en-zambia\/#primaryimage","url":"https:\/\/medicina.udd.cl\/medicina-santiago\/files\/2026\/01\/med-voluntariado-en-zambia-5.jpg","contentUrl":"https:\/\/medicina.udd.cl\/medicina-santiago\/files\/2026\/01\/med-voluntariado-en-zambia-5.jpg","width":1280,"height":720},{"@type":"BreadcrumbList","@id":"https:\/\/medicina.udd.cl\/medicina-santiago\/noticias\/2026\/01\/30\/titulados-udd-cruzan-el-mundo-para-sanar-en-zambia\/#breadcrumb","itemListElement":[{"@type":"ListItem","position":1,"name":"Home","item":"https:\/\/medicina.udd.cl\/medicina-santiago\/"},{"@type":"ListItem","position":2,"name":"Titulados UDD cruzan el mundo para sanar en Zambia"}]},{"@type":"WebSite","@id":"https:\/\/medicina.udd.cl\/medicina-santiago\/#website","url":"https:\/\/medicina.udd.cl\/medicina-santiago\/","name":"Medicina","description":"Facultad de Medicina Cl\u00ednica Alemana Universidad del Desarrollo","inLanguage":"es"},{"@type":"Person","@id":"https:\/\/medicina.udd.cl\/medicina-santiago\/#\/schema\/person\/dbc3705bf3a93e8be1ba6de0ef950341","name":"rbraidy","image":{"@type":"ImageObject","inLanguage":"es","@id":"https:\/\/medicina.udd.cl\/medicina-santiago\/#\/schema\/person\/image\/","url":"https:\/\/secure.gravatar.com\/avatar\/0f8bc94637401590e45d2ce17eb65c274cb8870a219de6177f3f23e63fd8cdf3?s=96&d=mm&r=g","contentUrl":"https:\/\/secure.gravatar.com\/avatar\/0f8bc94637401590e45d2ce17eb65c274cb8870a219de6177f3f23e63fd8cdf3?s=96&d=mm&r=g","caption":"rbraidy"},"url":"https:\/\/medicina.udd.cl\/medicina-santiago\/noticias\/author\/rbraidy\/"}]}},"featured_image_url":"https:\/\/medicina.udd.cl\/medicina-santiago\/files\/2026\/01\/med-voluntariado-en-zambia-5.jpg","_links":{"self":[{"href":"https:\/\/medicina.udd.cl\/medicina-santiago\/wp-json\/wp\/v2\/posts\/10646","targetHints":{"allow":["GET"]}}],"collection":[{"href":"https:\/\/medicina.udd.cl\/medicina-santiago\/wp-json\/wp\/v2\/posts"}],"about":[{"href":"https:\/\/medicina.udd.cl\/medicina-santiago\/wp-json\/wp\/v2\/types\/post"}],"author":[{"embeddable":true,"href":"https:\/\/medicina.udd.cl\/medicina-santiago\/wp-json\/wp\/v2\/users\/9192219"}],"replies":[{"embeddable":true,"href":"https:\/\/medicina.udd.cl\/medicina-santiago\/wp-json\/wp\/v2\/comments?post=10646"}],"version-history":[{"count":1,"href":"https:\/\/medicina.udd.cl\/medicina-santiago\/wp-json\/wp\/v2\/posts\/10646\/revisions"}],"predecessor-version":[{"id":10664,"href":"https:\/\/medicina.udd.cl\/medicina-santiago\/wp-json\/wp\/v2\/posts\/10646\/revisions\/10664"}],"wp:featuredmedia":[{"embeddable":true,"href":"https:\/\/medicina.udd.cl\/medicina-santiago\/wp-json\/wp\/v2\/media\/10652"}],"wp:attachment":[{"href":"https:\/\/medicina.udd.cl\/medicina-santiago\/wp-json\/wp\/v2\/media?parent=10646"}],"wp:term":[{"taxonomy":"category","embeddable":true,"href":"https:\/\/medicina.udd.cl\/medicina-santiago\/wp-json\/wp\/v2\/categories?post=10646"},{"taxonomy":"post_tag","embeddable":true,"href":"https:\/\/medicina.udd.cl\/medicina-santiago\/wp-json\/wp\/v2\/tags?post=10646"}],"curies":[{"name":"wp","href":"https:\/\/api.w.org\/{rel}","templated":true}]}}