{"id":10668,"date":"2026-03-16T15:49:54","date_gmt":"2026-03-16T18:49:54","guid":{"rendered":"https:\/\/medicina.udd.cl\/medicina-santiago\/?p=10668"},"modified":"2026-03-17T09:45:15","modified_gmt":"2026-03-17T12:45:15","slug":"estudiantes-de-primer-ano-de-medicina-udd-realizan-su-primera-visita-a-campo-clinico-en-cesfam-de-la-granja","status":"publish","type":"post","link":"https:\/\/medicina.udd.cl\/medicina-santiago\/noticias\/2026\/03\/16\/estudiantes-de-primer-ano-de-medicina-udd-realizan-su-primera-visita-a-campo-clinico-en-cesfam-de-la-granja\/","title":{"rendered":"Estudiantes de primer a\u00f1o de Medicina UDD realizan su primera visita a campo cl\u00ednico en CESFAM de La Granja"},"content":{"rendered":"\n<figure class=\"wp-block-image aligncenter size-large\"><a href=\"https:\/\/medicina.udd.cl\/medicina-santiago\/files\/2026\/03\/med-visita-anillo-i-2026-al-cesfam-malaquias-concha-scaled.jpg\"><img loading=\"lazy\" decoding=\"async\" width=\"1024\" height=\"576\" src=\"https:\/\/medicina.udd.cl\/medicina-santiago\/files\/2026\/03\/med-visita-anillo-i-2026-al-cesfam-malaquias-concha-1024x576.jpg\" alt=\"\" class=\"wp-image-10669\" srcset=\"https:\/\/medicina.udd.cl\/medicina-santiago\/files\/2026\/03\/med-visita-anillo-i-2026-al-cesfam-malaquias-concha-1024x576.jpg 1024w, https:\/\/medicina.udd.cl\/medicina-santiago\/files\/2026\/03\/med-visita-anillo-i-2026-al-cesfam-malaquias-concha-300x169.jpg 300w, https:\/\/medicina.udd.cl\/medicina-santiago\/files\/2026\/03\/med-visita-anillo-i-2026-al-cesfam-malaquias-concha-768x432.jpg 768w, https:\/\/medicina.udd.cl\/medicina-santiago\/files\/2026\/03\/med-visita-anillo-i-2026-al-cesfam-malaquias-concha-1536x864.jpg 1536w, https:\/\/medicina.udd.cl\/medicina-santiago\/files\/2026\/03\/med-visita-anillo-i-2026-al-cesfam-malaquias-concha-2048x1152.jpg 2048w, https:\/\/medicina.udd.cl\/medicina-santiago\/files\/2026\/03\/med-visita-anillo-i-2026-al-cesfam-malaquias-concha-1920x1080.jpg 1920w, https:\/\/medicina.udd.cl\/medicina-santiago\/files\/2026\/03\/med-visita-anillo-i-2026-al-cesfam-malaquias-concha-1366x768.jpg 1366w, https:\/\/medicina.udd.cl\/medicina-santiago\/files\/2026\/03\/med-visita-anillo-i-2026-al-cesfam-malaquias-concha-680x382.jpg 680w\" sizes=\"auto, (max-width: 1024px) 100vw, 1024px\" \/><\/a><\/figure>\n\n\n\n<p>En el marco del m\u00f3dulo&nbsp;<strong>Pr\u00e1ctica M\u00e9dica<\/strong>, los estudiantes del&nbsp;<strong>Anillo I de la generaci\u00f3n 2026 de la carrera de&nbsp;<a href=\"https:\/\/medicina.udd.cl\/medicina-santiago\/\">Medicina<\/a><\/strong>&nbsp;de la&nbsp;<a href=\"https:\/\/medicina.udd.cl\/\">Facultad de Medicina Cl\u00ednica Alemana Universidad del Desarrollo (UDD)<\/a>&nbsp;realizaron su primera visita a campo cl\u00ednico en el&nbsp;<a href=\"https:\/\/www.superdesalud.gob.cl\/registro\/centro-de-salud-familiar-malaquias-concha\/\">CESFAM Malaqu\u00edas Concha<\/a>.<\/p>\n\n\n\n<p>Apenas en su tercera semana de haber iniciado su formaci\u00f3n universitaria, los alumnos participaron en una\u00a0<strong>observaci\u00f3n guiada por las instalaciones del centro de salud<\/strong>, con el objetivo de conocer su funcionamiento y comprender el trabajo que all\u00ed desarrollan los equipos de atenci\u00f3n primaria.<\/p>\n\n\n\n<p>Esta experiencia temprana busca acercar a los futuros m\u00e9dicos al sistema de salud y a la realidad de las comunidades desde el inicio de su formaci\u00f3n, permiti\u00e9ndoles observar de primera fuente el rol de los profesionales de la salud en el \u00e1mbito de la atenci\u00f3n primaria.<\/p>\n\n\n\n<p>La directora de la carrera de&nbsp;<strong>Medicina UDD<\/strong>,&nbsp;<strong>Mariana Jadue<\/strong>, destac\u00f3 el valor formativo de esta actividad y el compromiso de la carrera con una formaci\u00f3n temprana en campos cl\u00ednicos.<\/p>\n\n\n\n<p><em>\u201cLlevar a los alumnos de primer a\u00f1o al campo cl\u00ednico tempranamente fue una promesa que hemos cumplido. Tiene un enorme valor en conectarlos con su prop\u00f3sito final, con el por qu\u00e9 y el para qu\u00e9 de cada actividad que realizar\u00e1n durante estos seis a\u00f1os. Promueve la motivaci\u00f3n intr\u00ednseca por aprender y formarse, y los conecta tempranamente con la comunidad\u201d<\/em>, se\u00f1al\u00f3.<\/p>\n\n\n\n<p>La visita forma parte de las actividades iniciales del m\u00f3dulo<strong>&nbsp;Pr\u00e1ctica M\u00e9dica<\/strong>, que busca&nbsp;<strong>introducir a los estudiantes al entorno cl\u00ednico y fortalecer su v\u00ednculo con la atenci\u00f3n de salud y las personas<\/strong>, elementos fundamentales en la formaci\u00f3n m\u00e9dica de la UDD.<\/p>\n","protected":false},"excerpt":{"rendered":"<p>En el marco del m\u00f3dulo&nbsp;Pr\u00e1ctica M\u00e9dica, los estudiantes del&nbsp;Anillo I de la generaci\u00f3n 2026 de la carrera de&nbsp;Medicina&nbsp;de la&nbsp;Facultad de Medicina Cl\u00ednica Alemana Universidad del Desarrollo (UDD)&nbsp;realizaron su primera visita a campo cl\u00ednico en el&nbsp;CESFAM Malaqu\u00edas Concha. Apenas en su tercera semana de haber iniciado su formaci\u00f3n universitaria, los alumnos participaron en una\u00a0observaci\u00f3n guiada por [&hellip;]<\/p>\n","protected":false},"author":9192219,"featured_media":10669,"comment_status":"closed","ping_status":"open","sticky":false,"template":"","format":"standard","meta":{"footnotes":""},"categories":[4],"tags":[],"class_list":["post-10668","post","type-post","status-publish","format-standard","has-post-thumbnail","hentry","category-noticias"],"yoast_head":"<!-- This site is optimized with the Yoast SEO plugin v26.9 - https:\/\/yoast.com\/product\/yoast-seo-wordpress\/ -->\n<title>Estudiantes de primer a\u00f1o de Medicina UDD realizan su primera visita a campo cl\u00ednico en CESFAM de La Granja - Medicina<\/title>\n<meta name=\"robots\" content=\"index, follow, max-snippet:-1, max-image-preview:large, max-video-preview:-1\" \/>\n<link rel=\"canonical\" href=\"https:\/\/medicina.udd.cl\/medicina-santiago\/noticias\/2026\/03\/16\/estudiantes-de-primer-ano-de-medicina-udd-realizan-su-primera-visita-a-campo-clinico-en-cesfam-de-la-granja\/\" \/>\n<meta property=\"og:locale\" content=\"es_ES\" \/>\n<meta property=\"og:type\" content=\"article\" \/>\n<meta property=\"og:title\" content=\"Estudiantes de primer a\u00f1o de Medicina UDD realizan su primera visita a campo cl\u00ednico en CESFAM de La Granja - Medicina\" \/>\n<meta property=\"og:description\" content=\"En el marco del m\u00f3dulo&nbsp;Pr\u00e1ctica M\u00e9dica, los estudiantes del&nbsp;Anillo I de la generaci\u00f3n 2026 de la carrera de&nbsp;Medicina&nbsp;de la&nbsp;Facultad de Medicina Cl\u00ednica Alemana Universidad del Desarrollo (UDD)&nbsp;realizaron su primera visita a campo cl\u00ednico en el&nbsp;CESFAM Malaqu\u00edas Concha. Apenas en su tercera semana de haber iniciado su formaci\u00f3n universitaria, los alumnos participaron en una\u00a0observaci\u00f3n guiada por [&hellip;]\" \/>\n<meta property=\"og:url\" content=\"https:\/\/medicina.udd.cl\/medicina-santiago\/noticias\/2026\/03\/16\/estudiantes-de-primer-ano-de-medicina-udd-realizan-su-primera-visita-a-campo-clinico-en-cesfam-de-la-granja\/\" \/>\n<meta property=\"og:site_name\" content=\"Medicina\" \/>\n<meta property=\"article:published_time\" content=\"2026-03-16T18:49:54+00:00\" \/>\n<meta property=\"article:modified_time\" content=\"2026-03-17T12:45:15+00:00\" \/>\n<meta property=\"og:image\" content=\"https:\/\/medicina.udd.cl\/medicina-santiago\/files\/2026\/03\/med-visita-anillo-i-2026-al-cesfam-malaquias-concha-scaled.jpg\" \/>\n\t<meta property=\"og:image:width\" content=\"2560\" \/>\n\t<meta property=\"og:image:height\" content=\"1440\" \/>\n\t<meta property=\"og:image:type\" content=\"image\/jpeg\" \/>\n<meta name=\"author\" content=\"rbraidy\" \/>\n<meta name=\"twitter:label1\" content=\"Escrito por\" \/>\n\t<meta name=\"twitter:data1\" content=\"rbraidy\" \/>\n\t<meta name=\"twitter:label2\" content=\"Tiempo de lectura\" \/>\n\t<meta name=\"twitter:data2\" content=\"2 minutos\" \/>\n<script type=\"application\/ld+json\" class=\"yoast-schema-graph\">{\"@context\":\"https:\/\/schema.org\",\"@graph\":[{\"@type\":\"Article\",\"@id\":\"https:\/\/medicina.udd.cl\/medicina-santiago\/noticias\/2026\/03\/16\/estudiantes-de-primer-ano-de-medicina-udd-realizan-su-primera-visita-a-campo-clinico-en-cesfam-de-la-granja\/#article\",\"isPartOf\":{\"@id\":\"https:\/\/medicina.udd.cl\/medicina-santiago\/noticias\/2026\/03\/16\/estudiantes-de-primer-ano-de-medicina-udd-realizan-su-primera-visita-a-campo-clinico-en-cesfam-de-la-granja\/\"},\"author\":{\"name\":\"rbraidy\",\"@id\":\"https:\/\/medicina.udd.cl\/medicina-santiago\/#\/schema\/person\/dbc3705bf3a93e8be1ba6de0ef950341\"},\"headline\":\"Estudiantes de primer a\u00f1o de Medicina UDD realizan su primera visita a campo cl\u00ednico en CESFAM de La Granja\",\"datePublished\":\"2026-03-16T18:49:54+00:00\",\"dateModified\":\"2026-03-17T12:45:15+00:00\",\"mainEntityOfPage\":{\"@id\":\"https:\/\/medicina.udd.cl\/medicina-santiago\/noticias\/2026\/03\/16\/estudiantes-de-primer-ano-de-medicina-udd-realizan-su-primera-visita-a-campo-clinico-en-cesfam-de-la-granja\/\"},\"wordCount\":329,\"image\":{\"@id\":\"https:\/\/medicina.udd.cl\/medicina-santiago\/noticias\/2026\/03\/16\/estudiantes-de-primer-ano-de-medicina-udd-realizan-su-primera-visita-a-campo-clinico-en-cesfam-de-la-granja\/#primaryimage\"},\"thumbnailUrl\":\"https:\/\/medicina.udd.cl\/medicina-santiago\/files\/2026\/03\/med-visita-anillo-i-2026-al-cesfam-malaquias-concha-scaled.jpg\",\"articleSection\":[\"Noticias\"],\"inLanguage\":\"es\"},{\"@type\":\"WebPage\",\"@id\":\"https:\/\/medicina.udd.cl\/medicina-santiago\/noticias\/2026\/03\/16\/estudiantes-de-primer-ano-de-medicina-udd-realizan-su-primera-visita-a-campo-clinico-en-cesfam-de-la-granja\/\",\"url\":\"https:\/\/medicina.udd.cl\/medicina-santiago\/noticias\/2026\/03\/16\/estudiantes-de-primer-ano-de-medicina-udd-realizan-su-primera-visita-a-campo-clinico-en-cesfam-de-la-granja\/\",\"name\":\"Estudiantes de primer a\u00f1o de Medicina UDD realizan su primera visita a campo cl\u00ednico en CESFAM de La Granja - Medicina\",\"isPartOf\":{\"@id\":\"https:\/\/medicina.udd.cl\/medicina-santiago\/#website\"},\"primaryImageOfPage\":{\"@id\":\"https:\/\/medicina.udd.cl\/medicina-santiago\/noticias\/2026\/03\/16\/estudiantes-de-primer-ano-de-medicina-udd-realizan-su-primera-visita-a-campo-clinico-en-cesfam-de-la-granja\/#primaryimage\"},\"image\":{\"@id\":\"https:\/\/medicina.udd.cl\/medicina-santiago\/noticias\/2026\/03\/16\/estudiantes-de-primer-ano-de-medicina-udd-realizan-su-primera-visita-a-campo-clinico-en-cesfam-de-la-granja\/#primaryimage\"},\"thumbnailUrl\":\"https:\/\/medicina.udd.cl\/medicina-santiago\/files\/2026\/03\/med-visita-anillo-i-2026-al-cesfam-malaquias-concha-scaled.jpg\",\"datePublished\":\"2026-03-16T18:49:54+00:00\",\"dateModified\":\"2026-03-17T12:45:15+00:00\",\"author\":{\"@id\":\"https:\/\/medicina.udd.cl\/medicina-santiago\/#\/schema\/person\/dbc3705bf3a93e8be1ba6de0ef950341\"},\"breadcrumb\":{\"@id\":\"https:\/\/medicina.udd.cl\/medicina-santiago\/noticias\/2026\/03\/16\/estudiantes-de-primer-ano-de-medicina-udd-realizan-su-primera-visita-a-campo-clinico-en-cesfam-de-la-granja\/#breadcrumb\"},\"inLanguage\":\"es\",\"potentialAction\":[{\"@type\":\"ReadAction\",\"target\":[\"https:\/\/medicina.udd.cl\/medicina-santiago\/noticias\/2026\/03\/16\/estudiantes-de-primer-ano-de-medicina-udd-realizan-su-primera-visita-a-campo-clinico-en-cesfam-de-la-granja\/\"]}]},{\"@type\":\"ImageObject\",\"inLanguage\":\"es\",\"@id\":\"https:\/\/medicina.udd.cl\/medicina-santiago\/noticias\/2026\/03\/16\/estudiantes-de-primer-ano-de-medicina-udd-realizan-su-primera-visita-a-campo-clinico-en-cesfam-de-la-granja\/#primaryimage\",\"url\":\"https:\/\/medicina.udd.cl\/medicina-santiago\/files\/2026\/03\/med-visita-anillo-i-2026-al-cesfam-malaquias-concha-scaled.jpg\",\"contentUrl\":\"https:\/\/medicina.udd.cl\/medicina-santiago\/files\/2026\/03\/med-visita-anillo-i-2026-al-cesfam-malaquias-concha-scaled.jpg\",\"width\":2560,\"height\":1440},{\"@type\":\"BreadcrumbList\",\"@id\":\"https:\/\/medicina.udd.cl\/medicina-santiago\/noticias\/2026\/03\/16\/estudiantes-de-primer-ano-de-medicina-udd-realizan-su-primera-visita-a-campo-clinico-en-cesfam-de-la-granja\/#breadcrumb\",\"itemListElement\":[{\"@type\":\"ListItem\",\"position\":1,\"name\":\"Home\",\"item\":\"https:\/\/medicina.udd.cl\/medicina-santiago\/\"},{\"@type\":\"ListItem\",\"position\":2,\"name\":\"Estudiantes de primer a\u00f1o de Medicina UDD realizan su primera visita a campo cl\u00ednico en CESFAM de La Granja\"}]},{\"@type\":\"WebSite\",\"@id\":\"https:\/\/medicina.udd.cl\/medicina-santiago\/#website\",\"url\":\"https:\/\/medicina.udd.cl\/medicina-santiago\/\",\"name\":\"Medicina\",\"description\":\"Facultad de Medicina Cl\u00ednica Alemana Universidad del Desarrollo\",\"inLanguage\":\"es\"},{\"@type\":\"Person\",\"@id\":\"https:\/\/medicina.udd.cl\/medicina-santiago\/#\/schema\/person\/dbc3705bf3a93e8be1ba6de0ef950341\",\"name\":\"rbraidy\",\"image\":{\"@type\":\"ImageObject\",\"inLanguage\":\"es\",\"@id\":\"https:\/\/medicina.udd.cl\/medicina-santiago\/#\/schema\/person\/image\/\",\"url\":\"https:\/\/secure.gravatar.com\/avatar\/0f8bc94637401590e45d2ce17eb65c274cb8870a219de6177f3f23e63fd8cdf3?s=96&d=mm&r=g\",\"contentUrl\":\"https:\/\/secure.gravatar.com\/avatar\/0f8bc94637401590e45d2ce17eb65c274cb8870a219de6177f3f23e63fd8cdf3?s=96&d=mm&r=g\",\"caption\":\"rbraidy\"},\"url\":\"https:\/\/medicina.udd.cl\/medicina-santiago\/noticias\/author\/rbraidy\/\"}]}<\/script>\n<!-- \/ Yoast SEO plugin. -->","yoast_head_json":{"title":"Estudiantes de primer a\u00f1o de Medicina UDD realizan su primera visita a campo cl\u00ednico en CESFAM de La Granja - Medicina","robots":{"index":"index","follow":"follow","max-snippet":"max-snippet:-1","max-image-preview":"max-image-preview:large","max-video-preview":"max-video-preview:-1"},"canonical":"https:\/\/medicina.udd.cl\/medicina-santiago\/noticias\/2026\/03\/16\/estudiantes-de-primer-ano-de-medicina-udd-realizan-su-primera-visita-a-campo-clinico-en-cesfam-de-la-granja\/","og_locale":"es_ES","og_type":"article","og_title":"Estudiantes de primer a\u00f1o de Medicina UDD realizan su primera visita a campo cl\u00ednico en CESFAM de La Granja - Medicina","og_description":"En el marco del m\u00f3dulo&nbsp;Pr\u00e1ctica M\u00e9dica, los estudiantes del&nbsp;Anillo I de la generaci\u00f3n 2026 de la carrera de&nbsp;Medicina&nbsp;de la&nbsp;Facultad de Medicina Cl\u00ednica Alemana Universidad del Desarrollo (UDD)&nbsp;realizaron su primera visita a campo cl\u00ednico en el&nbsp;CESFAM Malaqu\u00edas Concha. Apenas en su tercera semana de haber iniciado su formaci\u00f3n universitaria, los alumnos participaron en una\u00a0observaci\u00f3n guiada por [&hellip;]","og_url":"https:\/\/medicina.udd.cl\/medicina-santiago\/noticias\/2026\/03\/16\/estudiantes-de-primer-ano-de-medicina-udd-realizan-su-primera-visita-a-campo-clinico-en-cesfam-de-la-granja\/","og_site_name":"Medicina","article_published_time":"2026-03-16T18:49:54+00:00","article_modified_time":"2026-03-17T12:45:15+00:00","og_image":[{"width":2560,"height":1440,"url":"https:\/\/medicina.udd.cl\/medicina-santiago\/files\/2026\/03\/med-visita-anillo-i-2026-al-cesfam-malaquias-concha-scaled.jpg","type":"image\/jpeg"}],"author":"rbraidy","twitter_misc":{"Escrito por":"rbraidy","Tiempo de lectura":"2 minutos"},"schema":{"@context":"https:\/\/schema.org","@graph":[{"@type":"Article","@id":"https:\/\/medicina.udd.cl\/medicina-santiago\/noticias\/2026\/03\/16\/estudiantes-de-primer-ano-de-medicina-udd-realizan-su-primera-visita-a-campo-clinico-en-cesfam-de-la-granja\/#article","isPartOf":{"@id":"https:\/\/medicina.udd.cl\/medicina-santiago\/noticias\/2026\/03\/16\/estudiantes-de-primer-ano-de-medicina-udd-realizan-su-primera-visita-a-campo-clinico-en-cesfam-de-la-granja\/"},"author":{"name":"rbraidy","@id":"https:\/\/medicina.udd.cl\/medicina-santiago\/#\/schema\/person\/dbc3705bf3a93e8be1ba6de0ef950341"},"headline":"Estudiantes de primer a\u00f1o de Medicina UDD realizan su primera visita a campo cl\u00ednico en CESFAM de La Granja","datePublished":"2026-03-16T18:49:54+00:00","dateModified":"2026-03-17T12:45:15+00:00","mainEntityOfPage":{"@id":"https:\/\/medicina.udd.cl\/medicina-santiago\/noticias\/2026\/03\/16\/estudiantes-de-primer-ano-de-medicina-udd-realizan-su-primera-visita-a-campo-clinico-en-cesfam-de-la-granja\/"},"wordCount":329,"image":{"@id":"https:\/\/medicina.udd.cl\/medicina-santiago\/noticias\/2026\/03\/16\/estudiantes-de-primer-ano-de-medicina-udd-realizan-su-primera-visita-a-campo-clinico-en-cesfam-de-la-granja\/#primaryimage"},"thumbnailUrl":"https:\/\/medicina.udd.cl\/medicina-santiago\/files\/2026\/03\/med-visita-anillo-i-2026-al-cesfam-malaquias-concha-scaled.jpg","articleSection":["Noticias"],"inLanguage":"es"},{"@type":"WebPage","@id":"https:\/\/medicina.udd.cl\/medicina-santiago\/noticias\/2026\/03\/16\/estudiantes-de-primer-ano-de-medicina-udd-realizan-su-primera-visita-a-campo-clinico-en-cesfam-de-la-granja\/","url":"https:\/\/medicina.udd.cl\/medicina-santiago\/noticias\/2026\/03\/16\/estudiantes-de-primer-ano-de-medicina-udd-realizan-su-primera-visita-a-campo-clinico-en-cesfam-de-la-granja\/","name":"Estudiantes de primer a\u00f1o de Medicina UDD realizan su primera visita a campo cl\u00ednico en CESFAM de La Granja - Medicina","isPartOf":{"@id":"https:\/\/medicina.udd.cl\/medicina-santiago\/#website"},"primaryImageOfPage":{"@id":"https:\/\/medicina.udd.cl\/medicina-santiago\/noticias\/2026\/03\/16\/estudiantes-de-primer-ano-de-medicina-udd-realizan-su-primera-visita-a-campo-clinico-en-cesfam-de-la-granja\/#primaryimage"},"image":{"@id":"https:\/\/medicina.udd.cl\/medicina-santiago\/noticias\/2026\/03\/16\/estudiantes-de-primer-ano-de-medicina-udd-realizan-su-primera-visita-a-campo-clinico-en-cesfam-de-la-granja\/#primaryimage"},"thumbnailUrl":"https:\/\/medicina.udd.cl\/medicina-santiago\/files\/2026\/03\/med-visita-anillo-i-2026-al-cesfam-malaquias-concha-scaled.jpg","datePublished":"2026-03-16T18:49:54+00:00","dateModified":"2026-03-17T12:45:15+00:00","author":{"@id":"https:\/\/medicina.udd.cl\/medicina-santiago\/#\/schema\/person\/dbc3705bf3a93e8be1ba6de0ef950341"},"breadcrumb":{"@id":"https:\/\/medicina.udd.cl\/medicina-santiago\/noticias\/2026\/03\/16\/estudiantes-de-primer-ano-de-medicina-udd-realizan-su-primera-visita-a-campo-clinico-en-cesfam-de-la-granja\/#breadcrumb"},"inLanguage":"es","potentialAction":[{"@type":"ReadAction","target":["https:\/\/medicina.udd.cl\/medicina-santiago\/noticias\/2026\/03\/16\/estudiantes-de-primer-ano-de-medicina-udd-realizan-su-primera-visita-a-campo-clinico-en-cesfam-de-la-granja\/"]}]},{"@type":"ImageObject","inLanguage":"es","@id":"https:\/\/medicina.udd.cl\/medicina-santiago\/noticias\/2026\/03\/16\/estudiantes-de-primer-ano-de-medicina-udd-realizan-su-primera-visita-a-campo-clinico-en-cesfam-de-la-granja\/#primaryimage","url":"https:\/\/medicina.udd.cl\/medicina-santiago\/files\/2026\/03\/med-visita-anillo-i-2026-al-cesfam-malaquias-concha-scaled.jpg","contentUrl":"https:\/\/medicina.udd.cl\/medicina-santiago\/files\/2026\/03\/med-visita-anillo-i-2026-al-cesfam-malaquias-concha-scaled.jpg","width":2560,"height":1440},{"@type":"BreadcrumbList","@id":"https:\/\/medicina.udd.cl\/medicina-santiago\/noticias\/2026\/03\/16\/estudiantes-de-primer-ano-de-medicina-udd-realizan-su-primera-visita-a-campo-clinico-en-cesfam-de-la-granja\/#breadcrumb","itemListElement":[{"@type":"ListItem","position":1,"name":"Home","item":"https:\/\/medicina.udd.cl\/medicina-santiago\/"},{"@type":"ListItem","position":2,"name":"Estudiantes de primer a\u00f1o de Medicina UDD realizan su primera visita a campo cl\u00ednico en CESFAM de La Granja"}]},{"@type":"WebSite","@id":"https:\/\/medicina.udd.cl\/medicina-santiago\/#website","url":"https:\/\/medicina.udd.cl\/medicina-santiago\/","name":"Medicina","description":"Facultad de Medicina Cl\u00ednica Alemana Universidad del Desarrollo","inLanguage":"es"},{"@type":"Person","@id":"https:\/\/medicina.udd.cl\/medicina-santiago\/#\/schema\/person\/dbc3705bf3a93e8be1ba6de0ef950341","name":"rbraidy","image":{"@type":"ImageObject","inLanguage":"es","@id":"https:\/\/medicina.udd.cl\/medicina-santiago\/#\/schema\/person\/image\/","url":"https:\/\/secure.gravatar.com\/avatar\/0f8bc94637401590e45d2ce17eb65c274cb8870a219de6177f3f23e63fd8cdf3?s=96&d=mm&r=g","contentUrl":"https:\/\/secure.gravatar.com\/avatar\/0f8bc94637401590e45d2ce17eb65c274cb8870a219de6177f3f23e63fd8cdf3?s=96&d=mm&r=g","caption":"rbraidy"},"url":"https:\/\/medicina.udd.cl\/medicina-santiago\/noticias\/author\/rbraidy\/"}]}},"featured_image_url":"https:\/\/medicina.udd.cl\/medicina-santiago\/files\/2026\/03\/med-visita-anillo-i-2026-al-cesfam-malaquias-concha-scaled.jpg","_links":{"self":[{"href":"https:\/\/medicina.udd.cl\/medicina-santiago\/wp-json\/wp\/v2\/posts\/10668","targetHints":{"allow":["GET"]}}],"collection":[{"href":"https:\/\/medicina.udd.cl\/medicina-santiago\/wp-json\/wp\/v2\/posts"}],"about":[{"href":"https:\/\/medicina.udd.cl\/medicina-santiago\/wp-json\/wp\/v2\/types\/post"}],"author":[{"embeddable":true,"href":"https:\/\/medicina.udd.cl\/medicina-santiago\/wp-json\/wp\/v2\/users\/9192219"}],"replies":[{"embeddable":true,"href":"https:\/\/medicina.udd.cl\/medicina-santiago\/wp-json\/wp\/v2\/comments?post=10668"}],"version-history":[{"count":2,"href":"https:\/\/medicina.udd.cl\/medicina-santiago\/wp-json\/wp\/v2\/posts\/10668\/revisions"}],"predecessor-version":[{"id":10675,"href":"https:\/\/medicina.udd.cl\/medicina-santiago\/wp-json\/wp\/v2\/posts\/10668\/revisions\/10675"}],"wp:featuredmedia":[{"embeddable":true,"href":"https:\/\/medicina.udd.cl\/medicina-santiago\/wp-json\/wp\/v2\/media\/10669"}],"wp:attachment":[{"href":"https:\/\/medicina.udd.cl\/medicina-santiago\/wp-json\/wp\/v2\/media?parent=10668"}],"wp:term":[{"taxonomy":"category","embeddable":true,"href":"https:\/\/medicina.udd.cl\/medicina-santiago\/wp-json\/wp\/v2\/categories?post=10668"},{"taxonomy":"post_tag","embeddable":true,"href":"https:\/\/medicina.udd.cl\/medicina-santiago\/wp-json\/wp\/v2\/tags?post=10668"}],"curies":[{"name":"wp","href":"https:\/\/api.w.org\/{rel}","templated":true}]}}