{"id":2647,"date":"2014-09-09T10:21:59","date_gmt":"2014-09-09T13:21:59","guid":{"rendered":"http:\/\/medicina.udd.cl\/medicina-santiago\/?p=2647"},"modified":"2021-07-02T12:56:17","modified_gmt":"2021-07-02T16:56:17","slug":"concurso-programa-de-especializacion-medica-2015-ex-cone-y-aps","status":"publish","type":"post","link":"https:\/\/medicina.udd.cl\/medicina-santiago\/noticias\/2014\/09\/09\/concurso-programa-de-especializacion-medica-2015-ex-cone-y-aps\/","title":{"rendered":"Concurso Programa de Especializaci\u00f3n M\u00e9dica 2015 (Ex CONE y APS)"},"content":{"rendered":"<h3>FINALIZARON LAS POSTULACIONES<\/h3>\n<p>La Subsecretar\u00eda de Redes Asistenciales del Ministerio de Salud dio inicio al Proceso de Selecci\u00f3n para acceder a cupos en el Programa de Especializaci\u00f3n a\u00f1o 2015 para M\u00e9dicos Cirujanos con desempe\u00f1o en la Atenci\u00f3n Primaria de Salud, contratados por la Ley N\u00b019.378 o Art. 9\u00b0 de la Ley N\u00b019.664.<\/p>\n<p>En este concurso, las universidades realizan un Proceso de Habilitaci\u00f3n de los postulantes. S\u00f3lo los postulantes habilitados podr\u00e1n acceder a los cupos que ofrece el concurso en cada instituci\u00f3n de educaci\u00f3n superior. Cada postulante podr\u00e1 solicitar la habilitaci\u00f3n a una sola especialidad.<\/p>\n<p><strong>Especialidades M\u00e9dicas UDD<\/strong><\/p>\n<ul>\n<li><a href=\"http:\/\/medicina.udd.cl\/postgrado\/ginecologia-obstetricia\/\">Gineco-Obstetricia: 1 cupo<\/a><\/li>\n<li><a href=\"http:\/\/medicina.udd.cl\/postgrado\/medicina-interna-santiago\/\">Medicina Interna: 3 cupos<\/a><\/li>\n<li><a href=\"http:\/\/medicina.udd.cl\/postgrado\/pediatria\/\">Pediatr\u00eda: 3 cupos<\/a><\/li>\n<li><a href=\"http:\/\/medicina.udd.cl\/postgrado\/radiologia\/\">Radiolog\u00eda: 1 cupo<\/a><\/li>\n<\/ul>\n<h3>Cronograma<\/h3>\n<ul>\n<li>Del 12 de septiembre al 15 de octubre: Enviar curr\u00edculum vitae (<a href=\"http:\/\/medicina.udd.cl\/noticias\/2012\/11\/curriculum-vitae-para-proceso-de-postulacion-a-becas-universitarias-udd-y-forebas\/\">formato exigido aqu\u00ed<\/a>) al correo electr\u00f3nico postgradomed@udd.cl y completar la ficha online. <strong>Finalizaron las postulaciones<a href=\"https:\/\/docs.google.com\/a\/udd.cl\/spreadsheet\/viewform?usp=drive_web&amp;formkey=dHNGVVZRMFdndTJ4cUV5RXBNS1hpNEE6MA#gid=0\"><br \/>\n<\/a><\/strong><\/li>\n<li>Del 1 al 24 de octubre: Proceso de Habilitaci\u00f3n<\/li>\n<li>Publicaci\u00f3n de Resultados de la Habilitaci\u00f3n en el sitio web <a href=\"http:\/\/medicina.udd.cl\/medicina-santiago\/postgrados\/\">http:\/\/medicina.udd.cl\/medicina-santiago\/postgrados\/<\/a>&nbsp;se realizar\u00e1 dos d\u00edas antes del llamado a viva voz del MINSAL<\/li>\n<li>3 de noviembre: Publicaci\u00f3n de puntajes definitivos por parte del MINSAL<\/li>\n<li>5 de noviembre: Primer llamado a viva voz por parte del MINSAL<\/li>\n<\/ul>\n","protected":false},"excerpt":{"rendered":"<p>FINALIZARON LAS POSTULACIONES La Subsecretar\u00eda de Redes Asistenciales del Ministerio de Salud dio inicio al Proceso de Selecci\u00f3n para acceder a cupos en el Programa de Especializaci\u00f3n a\u00f1o 2015 para M\u00e9dicos Cirujanos con desempe\u00f1o en la Atenci\u00f3n Primaria de Salud, contratados por la Ley N\u00b019.378 o Art. 9\u00b0 de la Ley N\u00b019.664. En este concurso, [&hellip;]<\/p>\n","protected":false},"author":40,"featured_media":2642,"comment_status":"open","ping_status":"open","sticky":false,"template":"","format":"standard","meta":{"footnotes":""},"categories":[4022],"tags":[],"class_list":["post-2647","post","type-post","status-publish","format-standard","has-post-thumbnail","hentry","category-postgrado"],"yoast_head":"<!-- This site is optimized with the Yoast SEO plugin v26.9 - https:\/\/yoast.com\/product\/yoast-seo-wordpress\/ -->\n<title>Concurso Programa de Especializaci\u00f3n M\u00e9dica 2015 (Ex CONE y APS) - Medicina<\/title>\n<meta name=\"robots\" content=\"index, follow, max-snippet:-1, max-image-preview:large, max-video-preview:-1\" \/>\n<link rel=\"canonical\" href=\"https:\/\/medicina.udd.cl\/medicina-santiago\/noticias\/2014\/09\/09\/concurso-programa-de-especializacion-medica-2015-ex-cone-y-aps\/\" \/>\n<meta property=\"og:locale\" content=\"es_ES\" \/>\n<meta property=\"og:type\" content=\"article\" \/>\n<meta property=\"og:title\" content=\"Concurso Programa de Especializaci\u00f3n M\u00e9dica 2015 (Ex CONE y APS) - Medicina\" \/>\n<meta property=\"og:description\" content=\"FINALIZARON LAS POSTULACIONES La Subsecretar\u00eda de Redes Asistenciales del Ministerio de Salud dio inicio al Proceso de Selecci\u00f3n para acceder a cupos en el Programa de Especializaci\u00f3n a\u00f1o 2015 para M\u00e9dicos Cirujanos con desempe\u00f1o en la Atenci\u00f3n Primaria de Salud, contratados por la Ley N\u00b019.378 o Art. 9\u00b0 de la Ley N\u00b019.664. En este concurso, [&hellip;]\" \/>\n<meta property=\"og:url\" content=\"https:\/\/medicina.udd.cl\/medicina-santiago\/noticias\/2014\/09\/09\/concurso-programa-de-especializacion-medica-2015-ex-cone-y-aps\/\" \/>\n<meta property=\"og:site_name\" content=\"Medicina\" \/>\n<meta property=\"article:published_time\" content=\"2014-09-09T13:21:59+00:00\" \/>\n<meta property=\"article:modified_time\" content=\"2021-07-02T16:56:17+00:00\" \/>\n<meta property=\"og:image\" content=\"https:\/\/medicina.udd.cl\/medicina-santiago\/files\/2013\/09\/Programa-de-Especializaci\u00f3n-M\u00e9dica-2015.jpg\" \/>\n\t<meta property=\"og:image:width\" content=\"254\" \/>\n\t<meta property=\"og:image:height\" content=\"129\" \/>\n\t<meta property=\"og:image:type\" content=\"image\/jpeg\" \/>\n<meta name=\"twitter:label1\" content=\"Escrito por\" \/>\n\t<meta name=\"twitter:data1\" content=\"\" \/>\n\t<meta name=\"twitter:label2\" content=\"Tiempo de lectura\" \/>\n\t<meta name=\"twitter:data2\" content=\"1 minuto\" \/>\n<script type=\"application\/ld+json\" class=\"yoast-schema-graph\">{\"@context\":\"https:\/\/schema.org\",\"@graph\":[{\"@type\":\"Article\",\"@id\":\"https:\/\/medicina.udd.cl\/medicina-santiago\/noticias\/2014\/09\/09\/concurso-programa-de-especializacion-medica-2015-ex-cone-y-aps\/#article\",\"isPartOf\":{\"@id\":\"https:\/\/medicina.udd.cl\/medicina-santiago\/noticias\/2014\/09\/09\/concurso-programa-de-especializacion-medica-2015-ex-cone-y-aps\/\"},\"author\":{\"name\":\"\",\"@id\":\"\"},\"headline\":\"Concurso Programa de Especializaci\u00f3n M\u00e9dica 2015 (Ex CONE y APS)\",\"datePublished\":\"2014-09-09T13:21:59+00:00\",\"dateModified\":\"2021-07-02T16:56:17+00:00\",\"mainEntityOfPage\":{\"@id\":\"https:\/\/medicina.udd.cl\/medicina-santiago\/noticias\/2014\/09\/09\/concurso-programa-de-especializacion-medica-2015-ex-cone-y-aps\/\"},\"wordCount\":222,\"commentCount\":0,\"image\":{\"@id\":\"https:\/\/medicina.udd.cl\/medicina-santiago\/noticias\/2014\/09\/09\/concurso-programa-de-especializacion-medica-2015-ex-cone-y-aps\/#primaryimage\"},\"thumbnailUrl\":\"https:\/\/medicina.udd.cl\/medicina-santiago\/files\/2013\/09\/Programa-de-Especializaci\u00f3n-M\u00e9dica-2015.jpg\",\"articleSection\":[\"Postgrado\"],\"inLanguage\":\"es\",\"potentialAction\":[{\"@type\":\"CommentAction\",\"name\":\"Comment\",\"target\":[\"https:\/\/medicina.udd.cl\/medicina-santiago\/noticias\/2014\/09\/09\/concurso-programa-de-especializacion-medica-2015-ex-cone-y-aps\/#respond\"]}]},{\"@type\":\"WebPage\",\"@id\":\"https:\/\/medicina.udd.cl\/medicina-santiago\/noticias\/2014\/09\/09\/concurso-programa-de-especializacion-medica-2015-ex-cone-y-aps\/\",\"url\":\"https:\/\/medicina.udd.cl\/medicina-santiago\/noticias\/2014\/09\/09\/concurso-programa-de-especializacion-medica-2015-ex-cone-y-aps\/\",\"name\":\"Concurso Programa de Especializaci\u00f3n M\u00e9dica 2015 (Ex CONE y APS) - Medicina\",\"isPartOf\":{\"@id\":\"https:\/\/medicina.udd.cl\/medicina-santiago\/#website\"},\"primaryImageOfPage\":{\"@id\":\"https:\/\/medicina.udd.cl\/medicina-santiago\/noticias\/2014\/09\/09\/concurso-programa-de-especializacion-medica-2015-ex-cone-y-aps\/#primaryimage\"},\"image\":{\"@id\":\"https:\/\/medicina.udd.cl\/medicina-santiago\/noticias\/2014\/09\/09\/concurso-programa-de-especializacion-medica-2015-ex-cone-y-aps\/#primaryimage\"},\"thumbnailUrl\":\"https:\/\/medicina.udd.cl\/medicina-santiago\/files\/2013\/09\/Programa-de-Especializaci\u00f3n-M\u00e9dica-2015.jpg\",\"datePublished\":\"2014-09-09T13:21:59+00:00\",\"dateModified\":\"2021-07-02T16:56:17+00:00\",\"author\":{\"@id\":\"\"},\"breadcrumb\":{\"@id\":\"https:\/\/medicina.udd.cl\/medicina-santiago\/noticias\/2014\/09\/09\/concurso-programa-de-especializacion-medica-2015-ex-cone-y-aps\/#breadcrumb\"},\"inLanguage\":\"es\",\"potentialAction\":[{\"@type\":\"ReadAction\",\"target\":[\"https:\/\/medicina.udd.cl\/medicina-santiago\/noticias\/2014\/09\/09\/concurso-programa-de-especializacion-medica-2015-ex-cone-y-aps\/\"]}]},{\"@type\":\"ImageObject\",\"inLanguage\":\"es\",\"@id\":\"https:\/\/medicina.udd.cl\/medicina-santiago\/noticias\/2014\/09\/09\/concurso-programa-de-especializacion-medica-2015-ex-cone-y-aps\/#primaryimage\",\"url\":\"https:\/\/medicina.udd.cl\/medicina-santiago\/files\/2013\/09\/Programa-de-Especializaci\u00f3n-M\u00e9dica-2015.jpg\",\"contentUrl\":\"https:\/\/medicina.udd.cl\/medicina-santiago\/files\/2013\/09\/Programa-de-Especializaci\u00f3n-M\u00e9dica-2015.jpg\",\"width\":254,\"height\":129},{\"@type\":\"BreadcrumbList\",\"@id\":\"https:\/\/medicina.udd.cl\/medicina-santiago\/noticias\/2014\/09\/09\/concurso-programa-de-especializacion-medica-2015-ex-cone-y-aps\/#breadcrumb\",\"itemListElement\":[{\"@type\":\"ListItem\",\"position\":1,\"name\":\"Home\",\"item\":\"https:\/\/medicina.udd.cl\/medicina-santiago\/\"},{\"@type\":\"ListItem\",\"position\":2,\"name\":\"Concurso Programa de Especializaci\u00f3n M\u00e9dica 2015 (Ex CONE y APS)\"}]},{\"@type\":\"WebSite\",\"@id\":\"https:\/\/medicina.udd.cl\/medicina-santiago\/#website\",\"url\":\"https:\/\/medicina.udd.cl\/medicina-santiago\/\",\"name\":\"Medicina\",\"description\":\"Facultad de Medicina Cl\u00ednica Alemana Universidad del Desarrollo\",\"inLanguage\":\"es\"},{\"@type\":\"Person\",\"@id\":\"\",\"url\":\"https:\/\/medicina.udd.cl\/medicina-santiago\/noticias\/author\/\"}]}<\/script>\n<!-- \/ Yoast SEO plugin. -->","yoast_head_json":{"title":"Concurso Programa de Especializaci\u00f3n M\u00e9dica 2015 (Ex CONE y APS) - Medicina","robots":{"index":"index","follow":"follow","max-snippet":"max-snippet:-1","max-image-preview":"max-image-preview:large","max-video-preview":"max-video-preview:-1"},"canonical":"https:\/\/medicina.udd.cl\/medicina-santiago\/noticias\/2014\/09\/09\/concurso-programa-de-especializacion-medica-2015-ex-cone-y-aps\/","og_locale":"es_ES","og_type":"article","og_title":"Concurso Programa de Especializaci\u00f3n M\u00e9dica 2015 (Ex CONE y APS) - Medicina","og_description":"FINALIZARON LAS POSTULACIONES La Subsecretar\u00eda de Redes Asistenciales del Ministerio de Salud dio inicio al Proceso de Selecci\u00f3n para acceder a cupos en el Programa de Especializaci\u00f3n a\u00f1o 2015 para M\u00e9dicos Cirujanos con desempe\u00f1o en la Atenci\u00f3n Primaria de Salud, contratados por la Ley N\u00b019.378 o Art. 9\u00b0 de la Ley N\u00b019.664. En este concurso, [&hellip;]","og_url":"https:\/\/medicina.udd.cl\/medicina-santiago\/noticias\/2014\/09\/09\/concurso-programa-de-especializacion-medica-2015-ex-cone-y-aps\/","og_site_name":"Medicina","article_published_time":"2014-09-09T13:21:59+00:00","article_modified_time":"2021-07-02T16:56:17+00:00","og_image":[{"width":254,"height":129,"url":"https:\/\/medicina.udd.cl\/medicina-santiago\/files\/2013\/09\/Programa-de-Especializaci\u00f3n-M\u00e9dica-2015.jpg","type":"image\/jpeg"}],"twitter_misc":{"Escrito por":"","Tiempo de lectura":"1 minuto"},"schema":{"@context":"https:\/\/schema.org","@graph":[{"@type":"Article","@id":"https:\/\/medicina.udd.cl\/medicina-santiago\/noticias\/2014\/09\/09\/concurso-programa-de-especializacion-medica-2015-ex-cone-y-aps\/#article","isPartOf":{"@id":"https:\/\/medicina.udd.cl\/medicina-santiago\/noticias\/2014\/09\/09\/concurso-programa-de-especializacion-medica-2015-ex-cone-y-aps\/"},"author":{"name":"","@id":""},"headline":"Concurso Programa de Especializaci\u00f3n M\u00e9dica 2015 (Ex CONE y APS)","datePublished":"2014-09-09T13:21:59+00:00","dateModified":"2021-07-02T16:56:17+00:00","mainEntityOfPage":{"@id":"https:\/\/medicina.udd.cl\/medicina-santiago\/noticias\/2014\/09\/09\/concurso-programa-de-especializacion-medica-2015-ex-cone-y-aps\/"},"wordCount":222,"commentCount":0,"image":{"@id":"https:\/\/medicina.udd.cl\/medicina-santiago\/noticias\/2014\/09\/09\/concurso-programa-de-especializacion-medica-2015-ex-cone-y-aps\/#primaryimage"},"thumbnailUrl":"https:\/\/medicina.udd.cl\/medicina-santiago\/files\/2013\/09\/Programa-de-Especializaci\u00f3n-M\u00e9dica-2015.jpg","articleSection":["Postgrado"],"inLanguage":"es","potentialAction":[{"@type":"CommentAction","name":"Comment","target":["https:\/\/medicina.udd.cl\/medicina-santiago\/noticias\/2014\/09\/09\/concurso-programa-de-especializacion-medica-2015-ex-cone-y-aps\/#respond"]}]},{"@type":"WebPage","@id":"https:\/\/medicina.udd.cl\/medicina-santiago\/noticias\/2014\/09\/09\/concurso-programa-de-especializacion-medica-2015-ex-cone-y-aps\/","url":"https:\/\/medicina.udd.cl\/medicina-santiago\/noticias\/2014\/09\/09\/concurso-programa-de-especializacion-medica-2015-ex-cone-y-aps\/","name":"Concurso Programa de Especializaci\u00f3n M\u00e9dica 2015 (Ex CONE y APS) - Medicina","isPartOf":{"@id":"https:\/\/medicina.udd.cl\/medicina-santiago\/#website"},"primaryImageOfPage":{"@id":"https:\/\/medicina.udd.cl\/medicina-santiago\/noticias\/2014\/09\/09\/concurso-programa-de-especializacion-medica-2015-ex-cone-y-aps\/#primaryimage"},"image":{"@id":"https:\/\/medicina.udd.cl\/medicina-santiago\/noticias\/2014\/09\/09\/concurso-programa-de-especializacion-medica-2015-ex-cone-y-aps\/#primaryimage"},"thumbnailUrl":"https:\/\/medicina.udd.cl\/medicina-santiago\/files\/2013\/09\/Programa-de-Especializaci\u00f3n-M\u00e9dica-2015.jpg","datePublished":"2014-09-09T13:21:59+00:00","dateModified":"2021-07-02T16:56:17+00:00","author":{"@id":""},"breadcrumb":{"@id":"https:\/\/medicina.udd.cl\/medicina-santiago\/noticias\/2014\/09\/09\/concurso-programa-de-especializacion-medica-2015-ex-cone-y-aps\/#breadcrumb"},"inLanguage":"es","potentialAction":[{"@type":"ReadAction","target":["https:\/\/medicina.udd.cl\/medicina-santiago\/noticias\/2014\/09\/09\/concurso-programa-de-especializacion-medica-2015-ex-cone-y-aps\/"]}]},{"@type":"ImageObject","inLanguage":"es","@id":"https:\/\/medicina.udd.cl\/medicina-santiago\/noticias\/2014\/09\/09\/concurso-programa-de-especializacion-medica-2015-ex-cone-y-aps\/#primaryimage","url":"https:\/\/medicina.udd.cl\/medicina-santiago\/files\/2013\/09\/Programa-de-Especializaci\u00f3n-M\u00e9dica-2015.jpg","contentUrl":"https:\/\/medicina.udd.cl\/medicina-santiago\/files\/2013\/09\/Programa-de-Especializaci\u00f3n-M\u00e9dica-2015.jpg","width":254,"height":129},{"@type":"BreadcrumbList","@id":"https:\/\/medicina.udd.cl\/medicina-santiago\/noticias\/2014\/09\/09\/concurso-programa-de-especializacion-medica-2015-ex-cone-y-aps\/#breadcrumb","itemListElement":[{"@type":"ListItem","position":1,"name":"Home","item":"https:\/\/medicina.udd.cl\/medicina-santiago\/"},{"@type":"ListItem","position":2,"name":"Concurso Programa de Especializaci\u00f3n M\u00e9dica 2015 (Ex CONE y APS)"}]},{"@type":"WebSite","@id":"https:\/\/medicina.udd.cl\/medicina-santiago\/#website","url":"https:\/\/medicina.udd.cl\/medicina-santiago\/","name":"Medicina","description":"Facultad de Medicina Cl\u00ednica Alemana Universidad del Desarrollo","inLanguage":"es"},{"@type":"Person","@id":"","url":"https:\/\/medicina.udd.cl\/medicina-santiago\/noticias\/author\/"}]}},"featured_image_url":"https:\/\/medicina.udd.cl\/medicina-santiago\/files\/2013\/09\/Programa-de-Especializaci\u00f3n-M\u00e9dica-2015.jpg","_links":{"self":[{"href":"https:\/\/medicina.udd.cl\/medicina-santiago\/wp-json\/wp\/v2\/posts\/2647","targetHints":{"allow":["GET"]}}],"collection":[{"href":"https:\/\/medicina.udd.cl\/medicina-santiago\/wp-json\/wp\/v2\/posts"}],"about":[{"href":"https:\/\/medicina.udd.cl\/medicina-santiago\/wp-json\/wp\/v2\/types\/post"}],"author":[{"embeddable":true,"href":"https:\/\/medicina.udd.cl\/medicina-santiago\/wp-json\/wp\/v2\/users\/40"}],"replies":[{"embeddable":true,"href":"https:\/\/medicina.udd.cl\/medicina-santiago\/wp-json\/wp\/v2\/comments?post=2647"}],"version-history":[{"count":8,"href":"https:\/\/medicina.udd.cl\/medicina-santiago\/wp-json\/wp\/v2\/posts\/2647\/revisions"}],"predecessor-version":[{"id":7565,"href":"https:\/\/medicina.udd.cl\/medicina-santiago\/wp-json\/wp\/v2\/posts\/2647\/revisions\/7565"}],"wp:featuredmedia":[{"embeddable":true,"href":"https:\/\/medicina.udd.cl\/medicina-santiago\/wp-json\/wp\/v2\/media\/2642"}],"wp:attachment":[{"href":"https:\/\/medicina.udd.cl\/medicina-santiago\/wp-json\/wp\/v2\/media?parent=2647"}],"wp:term":[{"taxonomy":"category","embeddable":true,"href":"https:\/\/medicina.udd.cl\/medicina-santiago\/wp-json\/wp\/v2\/categories?post=2647"},{"taxonomy":"post_tag","embeddable":true,"href":"https:\/\/medicina.udd.cl\/medicina-santiago\/wp-json\/wp\/v2\/tags?post=2647"}],"curies":[{"name":"wp","href":"https:\/\/api.w.org\/{rel}","templated":true}]}}