{"id":3322,"date":"2015-07-07T11:28:12","date_gmt":"2015-07-07T14:28:12","guid":{"rendered":"http:\/\/medicina.udd.cl\/medicina-santiago\/?p=3322"},"modified":"2015-07-07T11:28:12","modified_gmt":"2015-07-07T14:28:12","slug":"facultad-de-medicina-cas-udd-tiene-nuevo-decano","status":"publish","type":"post","link":"https:\/\/medicina.udd.cl\/medicina-santiago\/noticias\/2015\/07\/07\/facultad-de-medicina-cas-udd-tiene-nuevo-decano\/","title":{"rendered":"Facultad de Medicina CAS-UDD tiene nuevo Decano"},"content":{"rendered":"<p><a href=\"http:\/\/medicina.udd.cl\/medicina-santiago\/files\/2015\/07\/Dr.-Ronco-y-Dr.-Vial2.jpg\"><img loading=\"lazy\" decoding=\"async\" class=\" wp-image-3323 alignright\" alt=\"Dr. Ronco y Dr. Vial2\" src=\"http:\/\/medicina.udd.cl\/medicina-santiago\/files\/2015\/07\/Dr.-Ronco-y-Dr.-Vial2-300x199.jpg\" width=\"240\" height=\"159\" \/><\/a>Con la firme convicci\u00f3n de que la renovaci\u00f3n de los liderazgos es un elemento necesario en las instituciones universitarias, el Dr. Pablo Vial present\u00f3 su renuncia voluntaria como Decano de la Facultad de Medicina CAS-UDD, cargo que ejerci\u00f3 por casi 15 a\u00f1os y que es asumido por el actual vicedecano de Desarrollo de la Facultad de Medicina CAS-UDD y jefe del Departamento de Pediatr\u00eda de la Cl\u00ednica Alemana de Santiago, doctor Ricardo Ronco.<\/p>\n<p>\u201cLa Facultad de Medicina siempre ha sido un proyecto en el que hemos disfrutado de trabajar con alegr\u00eda y dedicaci\u00f3n; todos los estudiantes, egresados, profesores, autoridades y funcionarios han sido protagonistas de este trabajo, que tiene por objetivo formar profesionales con altas competencias t\u00e9cnicas y cualidades humanas, y tener un impacto positivo en la salud de las personas y comunidades a las que servimos\u201d, se\u00f1al\u00f3 el doctor Vial.<\/p>\n<p>Por su parte, nuestro rector, Federico Vald\u00e9s, agradeci\u00f3 el excelente trabajo realizado por el Dr. Vial desde la fundaci\u00f3n de la Facultad y que se tradujo en los seis a\u00f1os de acreditaci\u00f3n de Medicina CAS-UDD: \u201clos resultados que nos enorgullecen hoy, tienen mucho que ver con su talento, su determinaci\u00f3n, su compromiso y su capacidad de convocar y entusiasmar a la mejor gente para nuestra Facultad de Medicina\u201d.<\/p>\n<p>El doctor Vial tambi\u00e9n manifest\u00f3 su compromiso por colaborar con la Cl\u00ednica Alemana, el Hospital Padre Hurtado y, muy especialmente, con la Universidad, ya que seguir\u00e1 siendo parte de la instituci\u00f3n al asumir la Direcci\u00f3n del Instituto de Ciencias e Innovaci\u00f3n en Medicina (ICIM) de la Facultad.<\/p>\n<p>En la ceremonia de cambio de mando, el nuevo decano expres\u00f3 el interesante desaf\u00edo que representa para \u00e9l, como m\u00e1xima autoridad de la Facultad, el \u00e1rea de postgrados y se\u00f1al\u00f3 que su expectativa \u201ces estar el m\u00e1ximo tiempo posible en terreno, en nuestros campos cl\u00ednicos, en la Facultad propiamente tal y tambi\u00e9n la Cl\u00ednica Alemana, consolidando los nexos que existen entre los docentes que est\u00e1n distribuidos en los distintos campos cl\u00ednicos\u201d.<\/p>\n","protected":false},"excerpt":{"rendered":"<p>El doctor Pablo Vial deja el cargo que asumi\u00f3 por casi 15 a\u00f1os, para dar paso a la llegada del doctor Ricardo Ronco.<\/p>\n","protected":false},"author":47,"featured_media":3323,"comment_status":"open","ping_status":"open","sticky":false,"template":"","format":"standard","meta":{"footnotes":""},"categories":[4],"tags":[],"class_list":["post-3322","post","type-post","status-publish","format-standard","has-post-thumbnail","hentry","category-noticias"],"yoast_head":"<!-- This site is optimized with the Yoast SEO plugin v26.9 - https:\/\/yoast.com\/product\/yoast-seo-wordpress\/ -->\n<title>Facultad de Medicina CAS-UDD tiene nuevo Decano<\/title>\n<meta name=\"description\" content=\"Con la firme convicci\u00f3n de que la renovaci\u00f3n de los liderazgos es un elemento necesario en las instituciones universitarias, el Dr. Pablo Vial present\u00f3 su renuncia voluntaria como Decano de la Facultad de Medicina CAS-UDD, cargo que ejerci\u00f3 por casi 15 a\u00f1os y que es asumido por el actual vicedecano de Desarrollo de la Facultad de Medicina CAS-UDD y jefe del Departamento de Pediatr\u00eda de la Cl\u00ednica Alemana de Santiago, doctor Ricardo Ronco.\" \/>\n<meta name=\"robots\" content=\"index, follow, max-snippet:-1, max-image-preview:large, max-video-preview:-1\" \/>\n<link rel=\"canonical\" href=\"https:\/\/medicina.udd.cl\/medicina-santiago\/noticias\/2015\/07\/07\/facultad-de-medicina-cas-udd-tiene-nuevo-decano\/\" \/>\n<meta property=\"og:locale\" content=\"es_ES\" \/>\n<meta property=\"og:type\" content=\"article\" \/>\n<meta property=\"og:title\" content=\"Facultad de Medicina CAS-UDD tiene nuevo Decano\" \/>\n<meta property=\"og:description\" content=\"Con la firme convicci\u00f3n de que la renovaci\u00f3n de los liderazgos es un elemento necesario en las instituciones universitarias, el Dr. Pablo Vial present\u00f3 su renuncia voluntaria como Decano de la Facultad de Medicina CAS-UDD, cargo que ejerci\u00f3 por casi 15 a\u00f1os y que es asumido por el actual vicedecano de Desarrollo de la Facultad de Medicina CAS-UDD y jefe del Departamento de Pediatr\u00eda de la Cl\u00ednica Alemana de Santiago, doctor Ricardo Ronco.\" \/>\n<meta property=\"og:url\" content=\"https:\/\/medicina.udd.cl\/medicina-santiago\/noticias\/2015\/07\/07\/facultad-de-medicina-cas-udd-tiene-nuevo-decano\/\" \/>\n<meta property=\"og:site_name\" content=\"Medicina\" \/>\n<meta property=\"article:published_time\" content=\"2015-07-07T14:28:12+00:00\" \/>\n<meta property=\"og:image\" content=\"https:\/\/medicina.udd.cl\/medicina-santiago\/files\/2015\/07\/Dr.-Ronco-y-Dr.-Vial2.jpg\" \/>\n\t<meta property=\"og:image:width\" content=\"676\" \/>\n\t<meta property=\"og:image:height\" content=\"450\" \/>\n\t<meta property=\"og:image:type\" content=\"image\/jpeg\" \/>\n<meta name=\"author\" content=\"rominagianotti\" \/>\n<meta name=\"twitter:label1\" content=\"Escrito por\" \/>\n\t<meta name=\"twitter:data1\" content=\"rominagianotti\" \/>\n\t<meta name=\"twitter:label2\" content=\"Tiempo de lectura\" \/>\n\t<meta name=\"twitter:data2\" content=\"2 minutos\" \/>\n<script type=\"application\/ld+json\" class=\"yoast-schema-graph\">{\"@context\":\"https:\/\/schema.org\",\"@graph\":[{\"@type\":\"Article\",\"@id\":\"https:\/\/medicina.udd.cl\/medicina-santiago\/noticias\/2015\/07\/07\/facultad-de-medicina-cas-udd-tiene-nuevo-decano\/#article\",\"isPartOf\":{\"@id\":\"https:\/\/medicina.udd.cl\/medicina-santiago\/noticias\/2015\/07\/07\/facultad-de-medicina-cas-udd-tiene-nuevo-decano\/\"},\"author\":{\"name\":\"rominagianotti\",\"@id\":\"https:\/\/medicina.udd.cl\/medicina-santiago\/#\/schema\/person\/d2a1450d36aff8cda548012f30ae8d47\"},\"headline\":\"Facultad de Medicina CAS-UDD tiene nuevo Decano\",\"datePublished\":\"2015-07-07T14:28:12+00:00\",\"mainEntityOfPage\":{\"@id\":\"https:\/\/medicina.udd.cl\/medicina-santiago\/noticias\/2015\/07\/07\/facultad-de-medicina-cas-udd-tiene-nuevo-decano\/\"},\"wordCount\":361,\"commentCount\":0,\"image\":{\"@id\":\"https:\/\/medicina.udd.cl\/medicina-santiago\/noticias\/2015\/07\/07\/facultad-de-medicina-cas-udd-tiene-nuevo-decano\/#primaryimage\"},\"thumbnailUrl\":\"https:\/\/medicina.udd.cl\/medicina-santiago\/files\/2015\/07\/Dr.-Ronco-y-Dr.-Vial2.jpg\",\"articleSection\":[\"Noticias\"],\"inLanguage\":\"es\",\"potentialAction\":[{\"@type\":\"CommentAction\",\"name\":\"Comment\",\"target\":[\"https:\/\/medicina.udd.cl\/medicina-santiago\/noticias\/2015\/07\/07\/facultad-de-medicina-cas-udd-tiene-nuevo-decano\/#respond\"]}]},{\"@type\":\"WebPage\",\"@id\":\"https:\/\/medicina.udd.cl\/medicina-santiago\/noticias\/2015\/07\/07\/facultad-de-medicina-cas-udd-tiene-nuevo-decano\/\",\"url\":\"https:\/\/medicina.udd.cl\/medicina-santiago\/noticias\/2015\/07\/07\/facultad-de-medicina-cas-udd-tiene-nuevo-decano\/\",\"name\":\"Facultad de Medicina CAS-UDD tiene nuevo Decano\",\"isPartOf\":{\"@id\":\"https:\/\/medicina.udd.cl\/medicina-santiago\/#website\"},\"primaryImageOfPage\":{\"@id\":\"https:\/\/medicina.udd.cl\/medicina-santiago\/noticias\/2015\/07\/07\/facultad-de-medicina-cas-udd-tiene-nuevo-decano\/#primaryimage\"},\"image\":{\"@id\":\"https:\/\/medicina.udd.cl\/medicina-santiago\/noticias\/2015\/07\/07\/facultad-de-medicina-cas-udd-tiene-nuevo-decano\/#primaryimage\"},\"thumbnailUrl\":\"https:\/\/medicina.udd.cl\/medicina-santiago\/files\/2015\/07\/Dr.-Ronco-y-Dr.-Vial2.jpg\",\"datePublished\":\"2015-07-07T14:28:12+00:00\",\"author\":{\"@id\":\"https:\/\/medicina.udd.cl\/medicina-santiago\/#\/schema\/person\/d2a1450d36aff8cda548012f30ae8d47\"},\"description\":\"Con la firme convicci\u00f3n de que la renovaci\u00f3n de los liderazgos es un elemento necesario en las instituciones universitarias, el Dr. Pablo Vial present\u00f3 su renuncia voluntaria como Decano de la Facultad de Medicina CAS-UDD, cargo que ejerci\u00f3 por casi 15 a\u00f1os y que es asumido por el actual vicedecano de Desarrollo de la Facultad de Medicina CAS-UDD y jefe del Departamento de Pediatr\u00eda de la Cl\u00ednica Alemana de Santiago, doctor Ricardo Ronco.\",\"breadcrumb\":{\"@id\":\"https:\/\/medicina.udd.cl\/medicina-santiago\/noticias\/2015\/07\/07\/facultad-de-medicina-cas-udd-tiene-nuevo-decano\/#breadcrumb\"},\"inLanguage\":\"es\",\"potentialAction\":[{\"@type\":\"ReadAction\",\"target\":[\"https:\/\/medicina.udd.cl\/medicina-santiago\/noticias\/2015\/07\/07\/facultad-de-medicina-cas-udd-tiene-nuevo-decano\/\"]}]},{\"@type\":\"ImageObject\",\"inLanguage\":\"es\",\"@id\":\"https:\/\/medicina.udd.cl\/medicina-santiago\/noticias\/2015\/07\/07\/facultad-de-medicina-cas-udd-tiene-nuevo-decano\/#primaryimage\",\"url\":\"https:\/\/medicina.udd.cl\/medicina-santiago\/files\/2015\/07\/Dr.-Ronco-y-Dr.-Vial2.jpg\",\"contentUrl\":\"https:\/\/medicina.udd.cl\/medicina-santiago\/files\/2015\/07\/Dr.-Ronco-y-Dr.-Vial2.jpg\",\"width\":676,\"height\":450},{\"@type\":\"BreadcrumbList\",\"@id\":\"https:\/\/medicina.udd.cl\/medicina-santiago\/noticias\/2015\/07\/07\/facultad-de-medicina-cas-udd-tiene-nuevo-decano\/#breadcrumb\",\"itemListElement\":[{\"@type\":\"ListItem\",\"position\":1,\"name\":\"Home\",\"item\":\"https:\/\/medicina.udd.cl\/medicina-santiago\/\"},{\"@type\":\"ListItem\",\"position\":2,\"name\":\"Facultad de Medicina CAS-UDD tiene nuevo Decano\"}]},{\"@type\":\"WebSite\",\"@id\":\"https:\/\/medicina.udd.cl\/medicina-santiago\/#website\",\"url\":\"https:\/\/medicina.udd.cl\/medicina-santiago\/\",\"name\":\"Medicina\",\"description\":\"Facultad de Medicina Cl\u00ednica Alemana Universidad del Desarrollo\",\"inLanguage\":\"es\"},{\"@type\":\"Person\",\"@id\":\"https:\/\/medicina.udd.cl\/medicina-santiago\/#\/schema\/person\/d2a1450d36aff8cda548012f30ae8d47\",\"name\":\"rominagianotti\",\"image\":{\"@type\":\"ImageObject\",\"inLanguage\":\"es\",\"@id\":\"https:\/\/medicina.udd.cl\/medicina-santiago\/#\/schema\/person\/image\/\",\"url\":\"https:\/\/secure.gravatar.com\/avatar\/106dae79925154d9c4e321db25d50a6deb801d5b80ec313022dbea6ef60814cc?s=96&d=mm&r=g\",\"contentUrl\":\"https:\/\/secure.gravatar.com\/avatar\/106dae79925154d9c4e321db25d50a6deb801d5b80ec313022dbea6ef60814cc?s=96&d=mm&r=g\",\"caption\":\"rominagianotti\"},\"url\":\"https:\/\/medicina.udd.cl\/medicina-santiago\/noticias\/author\/rominagianotti\/\"}]}<\/script>\n<!-- \/ Yoast SEO plugin. -->","yoast_head_json":{"title":"Facultad de Medicina CAS-UDD tiene nuevo Decano","description":"Con la firme convicci\u00f3n de que la renovaci\u00f3n de los liderazgos es un elemento necesario en las instituciones universitarias, el Dr. Pablo Vial present\u00f3 su renuncia voluntaria como Decano de la Facultad de Medicina CAS-UDD, cargo que ejerci\u00f3 por casi 15 a\u00f1os y que es asumido por el actual vicedecano de Desarrollo de la Facultad de Medicina CAS-UDD y jefe del Departamento de Pediatr\u00eda de la Cl\u00ednica Alemana de Santiago, doctor Ricardo Ronco.","robots":{"index":"index","follow":"follow","max-snippet":"max-snippet:-1","max-image-preview":"max-image-preview:large","max-video-preview":"max-video-preview:-1"},"canonical":"https:\/\/medicina.udd.cl\/medicina-santiago\/noticias\/2015\/07\/07\/facultad-de-medicina-cas-udd-tiene-nuevo-decano\/","og_locale":"es_ES","og_type":"article","og_title":"Facultad de Medicina CAS-UDD tiene nuevo Decano","og_description":"Con la firme convicci\u00f3n de que la renovaci\u00f3n de los liderazgos es un elemento necesario en las instituciones universitarias, el Dr. Pablo Vial present\u00f3 su renuncia voluntaria como Decano de la Facultad de Medicina CAS-UDD, cargo que ejerci\u00f3 por casi 15 a\u00f1os y que es asumido por el actual vicedecano de Desarrollo de la Facultad de Medicina CAS-UDD y jefe del Departamento de Pediatr\u00eda de la Cl\u00ednica Alemana de Santiago, doctor Ricardo Ronco.","og_url":"https:\/\/medicina.udd.cl\/medicina-santiago\/noticias\/2015\/07\/07\/facultad-de-medicina-cas-udd-tiene-nuevo-decano\/","og_site_name":"Medicina","article_published_time":"2015-07-07T14:28:12+00:00","og_image":[{"width":676,"height":450,"url":"https:\/\/medicina.udd.cl\/medicina-santiago\/files\/2015\/07\/Dr.-Ronco-y-Dr.-Vial2.jpg","type":"image\/jpeg"}],"author":"rominagianotti","twitter_misc":{"Escrito por":"rominagianotti","Tiempo de lectura":"2 minutos"},"schema":{"@context":"https:\/\/schema.org","@graph":[{"@type":"Article","@id":"https:\/\/medicina.udd.cl\/medicina-santiago\/noticias\/2015\/07\/07\/facultad-de-medicina-cas-udd-tiene-nuevo-decano\/#article","isPartOf":{"@id":"https:\/\/medicina.udd.cl\/medicina-santiago\/noticias\/2015\/07\/07\/facultad-de-medicina-cas-udd-tiene-nuevo-decano\/"},"author":{"name":"rominagianotti","@id":"https:\/\/medicina.udd.cl\/medicina-santiago\/#\/schema\/person\/d2a1450d36aff8cda548012f30ae8d47"},"headline":"Facultad de Medicina CAS-UDD tiene nuevo Decano","datePublished":"2015-07-07T14:28:12+00:00","mainEntityOfPage":{"@id":"https:\/\/medicina.udd.cl\/medicina-santiago\/noticias\/2015\/07\/07\/facultad-de-medicina-cas-udd-tiene-nuevo-decano\/"},"wordCount":361,"commentCount":0,"image":{"@id":"https:\/\/medicina.udd.cl\/medicina-santiago\/noticias\/2015\/07\/07\/facultad-de-medicina-cas-udd-tiene-nuevo-decano\/#primaryimage"},"thumbnailUrl":"https:\/\/medicina.udd.cl\/medicina-santiago\/files\/2015\/07\/Dr.-Ronco-y-Dr.-Vial2.jpg","articleSection":["Noticias"],"inLanguage":"es","potentialAction":[{"@type":"CommentAction","name":"Comment","target":["https:\/\/medicina.udd.cl\/medicina-santiago\/noticias\/2015\/07\/07\/facultad-de-medicina-cas-udd-tiene-nuevo-decano\/#respond"]}]},{"@type":"WebPage","@id":"https:\/\/medicina.udd.cl\/medicina-santiago\/noticias\/2015\/07\/07\/facultad-de-medicina-cas-udd-tiene-nuevo-decano\/","url":"https:\/\/medicina.udd.cl\/medicina-santiago\/noticias\/2015\/07\/07\/facultad-de-medicina-cas-udd-tiene-nuevo-decano\/","name":"Facultad de Medicina CAS-UDD tiene nuevo Decano","isPartOf":{"@id":"https:\/\/medicina.udd.cl\/medicina-santiago\/#website"},"primaryImageOfPage":{"@id":"https:\/\/medicina.udd.cl\/medicina-santiago\/noticias\/2015\/07\/07\/facultad-de-medicina-cas-udd-tiene-nuevo-decano\/#primaryimage"},"image":{"@id":"https:\/\/medicina.udd.cl\/medicina-santiago\/noticias\/2015\/07\/07\/facultad-de-medicina-cas-udd-tiene-nuevo-decano\/#primaryimage"},"thumbnailUrl":"https:\/\/medicina.udd.cl\/medicina-santiago\/files\/2015\/07\/Dr.-Ronco-y-Dr.-Vial2.jpg","datePublished":"2015-07-07T14:28:12+00:00","author":{"@id":"https:\/\/medicina.udd.cl\/medicina-santiago\/#\/schema\/person\/d2a1450d36aff8cda548012f30ae8d47"},"description":"Con la firme convicci\u00f3n de que la renovaci\u00f3n de los liderazgos es un elemento necesario en las instituciones universitarias, el Dr. Pablo Vial present\u00f3 su renuncia voluntaria como Decano de la Facultad de Medicina CAS-UDD, cargo que ejerci\u00f3 por casi 15 a\u00f1os y que es asumido por el actual vicedecano de Desarrollo de la Facultad de Medicina CAS-UDD y jefe del Departamento de Pediatr\u00eda de la Cl\u00ednica Alemana de Santiago, doctor Ricardo Ronco.","breadcrumb":{"@id":"https:\/\/medicina.udd.cl\/medicina-santiago\/noticias\/2015\/07\/07\/facultad-de-medicina-cas-udd-tiene-nuevo-decano\/#breadcrumb"},"inLanguage":"es","potentialAction":[{"@type":"ReadAction","target":["https:\/\/medicina.udd.cl\/medicina-santiago\/noticias\/2015\/07\/07\/facultad-de-medicina-cas-udd-tiene-nuevo-decano\/"]}]},{"@type":"ImageObject","inLanguage":"es","@id":"https:\/\/medicina.udd.cl\/medicina-santiago\/noticias\/2015\/07\/07\/facultad-de-medicina-cas-udd-tiene-nuevo-decano\/#primaryimage","url":"https:\/\/medicina.udd.cl\/medicina-santiago\/files\/2015\/07\/Dr.-Ronco-y-Dr.-Vial2.jpg","contentUrl":"https:\/\/medicina.udd.cl\/medicina-santiago\/files\/2015\/07\/Dr.-Ronco-y-Dr.-Vial2.jpg","width":676,"height":450},{"@type":"BreadcrumbList","@id":"https:\/\/medicina.udd.cl\/medicina-santiago\/noticias\/2015\/07\/07\/facultad-de-medicina-cas-udd-tiene-nuevo-decano\/#breadcrumb","itemListElement":[{"@type":"ListItem","position":1,"name":"Home","item":"https:\/\/medicina.udd.cl\/medicina-santiago\/"},{"@type":"ListItem","position":2,"name":"Facultad de Medicina CAS-UDD tiene nuevo Decano"}]},{"@type":"WebSite","@id":"https:\/\/medicina.udd.cl\/medicina-santiago\/#website","url":"https:\/\/medicina.udd.cl\/medicina-santiago\/","name":"Medicina","description":"Facultad de Medicina Cl\u00ednica Alemana Universidad del Desarrollo","inLanguage":"es"},{"@type":"Person","@id":"https:\/\/medicina.udd.cl\/medicina-santiago\/#\/schema\/person\/d2a1450d36aff8cda548012f30ae8d47","name":"rominagianotti","image":{"@type":"ImageObject","inLanguage":"es","@id":"https:\/\/medicina.udd.cl\/medicina-santiago\/#\/schema\/person\/image\/","url":"https:\/\/secure.gravatar.com\/avatar\/106dae79925154d9c4e321db25d50a6deb801d5b80ec313022dbea6ef60814cc?s=96&d=mm&r=g","contentUrl":"https:\/\/secure.gravatar.com\/avatar\/106dae79925154d9c4e321db25d50a6deb801d5b80ec313022dbea6ef60814cc?s=96&d=mm&r=g","caption":"rominagianotti"},"url":"https:\/\/medicina.udd.cl\/medicina-santiago\/noticias\/author\/rominagianotti\/"}]}},"featured_image_url":"https:\/\/medicina.udd.cl\/medicina-santiago\/files\/2015\/07\/Dr.-Ronco-y-Dr.-Vial2.jpg","_links":{"self":[{"href":"https:\/\/medicina.udd.cl\/medicina-santiago\/wp-json\/wp\/v2\/posts\/3322","targetHints":{"allow":["GET"]}}],"collection":[{"href":"https:\/\/medicina.udd.cl\/medicina-santiago\/wp-json\/wp\/v2\/posts"}],"about":[{"href":"https:\/\/medicina.udd.cl\/medicina-santiago\/wp-json\/wp\/v2\/types\/post"}],"author":[{"embeddable":true,"href":"https:\/\/medicina.udd.cl\/medicina-santiago\/wp-json\/wp\/v2\/users\/47"}],"replies":[{"embeddable":true,"href":"https:\/\/medicina.udd.cl\/medicina-santiago\/wp-json\/wp\/v2\/comments?post=3322"}],"version-history":[{"count":2,"href":"https:\/\/medicina.udd.cl\/medicina-santiago\/wp-json\/wp\/v2\/posts\/3322\/revisions"}],"predecessor-version":[{"id":3325,"href":"https:\/\/medicina.udd.cl\/medicina-santiago\/wp-json\/wp\/v2\/posts\/3322\/revisions\/3325"}],"wp:featuredmedia":[{"embeddable":true,"href":"https:\/\/medicina.udd.cl\/medicina-santiago\/wp-json\/wp\/v2\/media\/3323"}],"wp:attachment":[{"href":"https:\/\/medicina.udd.cl\/medicina-santiago\/wp-json\/wp\/v2\/media?parent=3322"}],"wp:term":[{"taxonomy":"category","embeddable":true,"href":"https:\/\/medicina.udd.cl\/medicina-santiago\/wp-json\/wp\/v2\/categories?post=3322"},{"taxonomy":"post_tag","embeddable":true,"href":"https:\/\/medicina.udd.cl\/medicina-santiago\/wp-json\/wp\/v2\/tags?post=3322"}],"curies":[{"name":"wp","href":"https:\/\/api.w.org\/{rel}","templated":true}]}}