{"id":3452,"date":"2015-08-25T13:21:54","date_gmt":"2015-08-25T16:21:54","guid":{"rendered":"http:\/\/medicina.udd.cl\/medicina-santiago\/?p=3452"},"modified":"2015-08-31T16:40:25","modified_gmt":"2015-08-31T19:40:25","slug":"estudiantes-celebraron-semana-de-medicina","status":"publish","type":"post","link":"https:\/\/medicina.udd.cl\/medicina-santiago\/noticias\/2015\/08\/25\/estudiantes-celebraron-semana-de-medicina\/","title":{"rendered":"Estudiantes celebraron la \u201cSemana de Medicina\u201d"},"content":{"rendered":"<div id=\"gallery-1\" class=\"carousel slide carousel-gallery\" data-ride=\"false\" data-interval=\"false\"><div class=\"carousel-inner\" role=\"listbox\"><figure class=\"carousel-item active\"><img loading=\"lazy\" decoding=\"async\" width=\"675\" height=\"450\" src=\"https:\/\/medicina.udd.cl\/medicina-santiago\/files\/2015\/08\/IMG_4510.jpg\" class=\"attachment-landscape_952 size-landscape_952\" alt=\"\" srcset=\"https:\/\/medicina.udd.cl\/medicina-santiago\/files\/2015\/08\/IMG_4510.jpg 675w, https:\/\/medicina.udd.cl\/medicina-santiago\/files\/2015\/08\/IMG_4510-300x200.jpg 300w\" sizes=\"auto, (max-width: 675px) 100vw, 675px\" \/><\/figure><figure class=\"carousel-item\"><img loading=\"lazy\" decoding=\"async\" width=\"675\" height=\"450\" src=\"https:\/\/medicina.udd.cl\/medicina-santiago\/files\/2015\/08\/IMG_4526.jpg\" class=\"attachment-landscape_952 size-landscape_952\" alt=\"\" srcset=\"https:\/\/medicina.udd.cl\/medicina-santiago\/files\/2015\/08\/IMG_4526.jpg 675w, https:\/\/medicina.udd.cl\/medicina-santiago\/files\/2015\/08\/IMG_4526-300x200.jpg 300w\" sizes=\"auto, (max-width: 675px) 100vw, 675px\" \/><\/figure><figure class=\"carousel-item\"><img loading=\"lazy\" decoding=\"async\" width=\"676\" height=\"450\" src=\"https:\/\/medicina.udd.cl\/medicina-santiago\/files\/2015\/08\/IMG_4420.jpg\" class=\"attachment-landscape_952 size-landscape_952\" alt=\"\" srcset=\"https:\/\/medicina.udd.cl\/medicina-santiago\/files\/2015\/08\/IMG_4420.jpg 676w, https:\/\/medicina.udd.cl\/medicina-santiago\/files\/2015\/08\/IMG_4420-300x200.jpg 300w\" sizes=\"auto, (max-width: 676px) 100vw, 676px\" \/><\/figure><figure class=\"carousel-item\"><img loading=\"lazy\" decoding=\"async\" width=\"675\" height=\"450\" src=\"https:\/\/medicina.udd.cl\/medicina-santiago\/files\/2015\/08\/IMG_4514.jpg\" class=\"attachment-landscape_952 size-landscape_952\" alt=\"\" srcset=\"https:\/\/medicina.udd.cl\/medicina-santiago\/files\/2015\/08\/IMG_4514.jpg 675w, https:\/\/medicina.udd.cl\/medicina-santiago\/files\/2015\/08\/IMG_4514-300x200.jpg 300w\" sizes=\"auto, (max-width: 675px) 100vw, 675px\" \/><\/figure><figure class=\"carousel-item\"><img loading=\"lazy\" decoding=\"async\" width=\"676\" height=\"450\" src=\"https:\/\/medicina.udd.cl\/medicina-santiago\/files\/2015\/08\/IMG_4424.jpg\" class=\"attachment-landscape_952 size-landscape_952\" alt=\"\" srcset=\"https:\/\/medicina.udd.cl\/medicina-santiago\/files\/2015\/08\/IMG_4424.jpg 676w, https:\/\/medicina.udd.cl\/medicina-santiago\/files\/2015\/08\/IMG_4424-300x200.jpg 300w\" sizes=\"auto, (max-width: 676px) 100vw, 676px\" \/><\/figure><figure class=\"carousel-item\"><img loading=\"lazy\" decoding=\"async\" width=\"675\" height=\"450\" src=\"https:\/\/medicina.udd.cl\/medicina-santiago\/files\/2015\/08\/IMG_4520.jpg\" class=\"attachment-landscape_952 size-landscape_952\" alt=\"\" srcset=\"https:\/\/medicina.udd.cl\/medicina-santiago\/files\/2015\/08\/IMG_4520.jpg 675w, https:\/\/medicina.udd.cl\/medicina-santiago\/files\/2015\/08\/IMG_4520-300x200.jpg 300w\" sizes=\"auto, (max-width: 675px) 100vw, 675px\" \/><\/figure><figure class=\"carousel-item\"><img loading=\"lazy\" decoding=\"async\" width=\"675\" height=\"450\" src=\"https:\/\/medicina.udd.cl\/medicina-santiago\/files\/2015\/08\/IMG_4512.jpg\" class=\"attachment-landscape_952 size-landscape_952\" alt=\"\" srcset=\"https:\/\/medicina.udd.cl\/medicina-santiago\/files\/2015\/08\/IMG_4512.jpg 675w, https:\/\/medicina.udd.cl\/medicina-santiago\/files\/2015\/08\/IMG_4512-300x200.jpg 300w\" sizes=\"auto, (max-width: 675px) 100vw, 675px\" \/><\/figure><figure class=\"carousel-item\"><img loading=\"lazy\" decoding=\"async\" width=\"675\" height=\"450\" src=\"https:\/\/medicina.udd.cl\/medicina-santiago\/files\/2015\/08\/IMG_4541.jpg\" class=\"attachment-landscape_952 size-landscape_952\" alt=\"\" srcset=\"https:\/\/medicina.udd.cl\/medicina-santiago\/files\/2015\/08\/IMG_4541.jpg 675w, https:\/\/medicina.udd.cl\/medicina-santiago\/files\/2015\/08\/IMG_4541-300x200.jpg 300w\" sizes=\"auto, (max-width: 675px) 100vw, 675px\" \/><\/figure><figure class=\"carousel-item\"><img loading=\"lazy\" decoding=\"async\" width=\"675\" height=\"450\" src=\"https:\/\/medicina.udd.cl\/medicina-santiago\/files\/2015\/08\/IMG_4528.jpg\" class=\"attachment-landscape_952 size-landscape_952\" alt=\"\" srcset=\"https:\/\/medicina.udd.cl\/medicina-santiago\/files\/2015\/08\/IMG_4528.jpg 675w, https:\/\/medicina.udd.cl\/medicina-santiago\/files\/2015\/08\/IMG_4528-300x200.jpg 300w\" sizes=\"auto, (max-width: 675px) 100vw, 675px\" \/><\/figure><figure class=\"carousel-item\"><img loading=\"lazy\" decoding=\"async\" width=\"676\" height=\"450\" src=\"https:\/\/medicina.udd.cl\/medicina-santiago\/files\/2015\/08\/IMG_4430.jpg\" class=\"attachment-landscape_952 size-landscape_952\" alt=\"\" srcset=\"https:\/\/medicina.udd.cl\/medicina-santiago\/files\/2015\/08\/IMG_4430.jpg 676w, https:\/\/medicina.udd.cl\/medicina-santiago\/files\/2015\/08\/IMG_4430-300x200.jpg 300w\" sizes=\"auto, (max-width: 676px) 100vw, 676px\" \/><\/figure><figure class=\"carousel-item\"><img loading=\"lazy\" decoding=\"async\" width=\"675\" height=\"450\" src=\"https:\/\/medicina.udd.cl\/medicina-santiago\/files\/2015\/08\/IMG_4534.jpg\" class=\"attachment-landscape_952 size-landscape_952\" alt=\"\" srcset=\"https:\/\/medicina.udd.cl\/medicina-santiago\/files\/2015\/08\/IMG_4534.jpg 675w, https:\/\/medicina.udd.cl\/medicina-santiago\/files\/2015\/08\/IMG_4534-300x200.jpg 300w\" sizes=\"auto, (max-width: 675px) 100vw, 675px\" \/><\/figure><figure class=\"carousel-item\"><img loading=\"lazy\" decoding=\"async\" width=\"675\" height=\"450\" src=\"https:\/\/medicina.udd.cl\/medicina-santiago\/files\/2015\/08\/IMG_4523.jpg\" class=\"attachment-landscape_952 size-landscape_952\" alt=\"\" srcset=\"https:\/\/medicina.udd.cl\/medicina-santiago\/files\/2015\/08\/IMG_4523.jpg 675w, https:\/\/medicina.udd.cl\/medicina-santiago\/files\/2015\/08\/IMG_4523-300x200.jpg 300w\" sizes=\"auto, (max-width: 675px) 100vw, 675px\" \/><\/figure><figure class=\"carousel-item\"><img loading=\"lazy\" decoding=\"async\" width=\"675\" height=\"450\" src=\"https:\/\/medicina.udd.cl\/medicina-santiago\/files\/2015\/08\/IMG_4538.jpg\" class=\"attachment-landscape_952 size-landscape_952\" alt=\"\" srcset=\"https:\/\/medicina.udd.cl\/medicina-santiago\/files\/2015\/08\/IMG_4538.jpg 675w, https:\/\/medicina.udd.cl\/medicina-santiago\/files\/2015\/08\/IMG_4538-300x200.jpg 300w\" sizes=\"auto, (max-width: 675px) 100vw, 675px\" \/><\/figure><figure class=\"carousel-item\"><img loading=\"lazy\" decoding=\"async\" width=\"676\" height=\"450\" src=\"https:\/\/medicina.udd.cl\/medicina-santiago\/files\/2015\/08\/IMG_4428.jpg\" class=\"attachment-landscape_952 size-landscape_952\" alt=\"\" srcset=\"https:\/\/medicina.udd.cl\/medicina-santiago\/files\/2015\/08\/IMG_4428.jpg 676w, https:\/\/medicina.udd.cl\/medicina-santiago\/files\/2015\/08\/IMG_4428-300x200.jpg 300w\" sizes=\"auto, (max-width: 676px) 100vw, 676px\" \/><\/figure><figure class=\"carousel-item\"><img loading=\"lazy\" decoding=\"async\" width=\"675\" height=\"450\" src=\"https:\/\/medicina.udd.cl\/medicina-santiago\/files\/2015\/08\/IMG_4522.jpg\" class=\"attachment-landscape_952 size-landscape_952\" alt=\"\" srcset=\"https:\/\/medicina.udd.cl\/medicina-santiago\/files\/2015\/08\/IMG_4522.jpg 675w, https:\/\/medicina.udd.cl\/medicina-santiago\/files\/2015\/08\/IMG_4522-300x200.jpg 300w\" sizes=\"auto, (max-width: 675px) 100vw, 675px\" \/><\/figure><figure class=\"carousel-item\"><img loading=\"lazy\" decoding=\"async\" width=\"676\" height=\"450\" src=\"https:\/\/medicina.udd.cl\/medicina-santiago\/files\/2015\/08\/IMG_4432.jpg\" class=\"attachment-landscape_952 size-landscape_952\" alt=\"\" srcset=\"https:\/\/medicina.udd.cl\/medicina-santiago\/files\/2015\/08\/IMG_4432.jpg 676w, https:\/\/medicina.udd.cl\/medicina-santiago\/files\/2015\/08\/IMG_4432-300x200.jpg 300w\" sizes=\"auto, (max-width: 676px) 100vw, 676px\" \/><\/figure><figure class=\"carousel-item\"><img loading=\"lazy\" decoding=\"async\" width=\"676\" height=\"450\" src=\"https:\/\/medicina.udd.cl\/medicina-santiago\/files\/2015\/08\/IMG_4423.jpg\" class=\"attachment-landscape_952 size-landscape_952\" alt=\"\" srcset=\"https:\/\/medicina.udd.cl\/medicina-santiago\/files\/2015\/08\/IMG_4423.jpg 676w, https:\/\/medicina.udd.cl\/medicina-santiago\/files\/2015\/08\/IMG_4423-300x200.jpg 300w\" sizes=\"auto, (max-width: 676px) 100vw, 676px\" \/><\/figure><figure class=\"carousel-item\"><img loading=\"lazy\" decoding=\"async\" width=\"675\" height=\"450\" src=\"https:\/\/medicina.udd.cl\/medicina-santiago\/files\/2015\/08\/IMG_4524.jpg\" class=\"attachment-landscape_952 size-landscape_952\" alt=\"\" srcset=\"https:\/\/medicina.udd.cl\/medicina-santiago\/files\/2015\/08\/IMG_4524.jpg 675w, https:\/\/medicina.udd.cl\/medicina-santiago\/files\/2015\/08\/IMG_4524-300x200.jpg 300w\" sizes=\"auto, (max-width: 675px) 100vw, 675px\" \/><\/figure><figure class=\"carousel-item\"><img loading=\"lazy\" decoding=\"async\" width=\"675\" height=\"450\" src=\"https:\/\/medicina.udd.cl\/medicina-santiago\/files\/2015\/08\/IMG_4518.jpg\" class=\"attachment-landscape_952 size-landscape_952\" alt=\"\" srcset=\"https:\/\/medicina.udd.cl\/medicina-santiago\/files\/2015\/08\/IMG_4518.jpg 675w, https:\/\/medicina.udd.cl\/medicina-santiago\/files\/2015\/08\/IMG_4518-300x200.jpg 300w\" sizes=\"auto, (max-width: 675px) 100vw, 675px\" \/><\/figure><figure class=\"carousel-item\"><img loading=\"lazy\" decoding=\"async\" width=\"675\" height=\"450\" src=\"https:\/\/medicina.udd.cl\/medicina-santiago\/files\/2015\/08\/IMG_4507.jpg\" class=\"attachment-landscape_952 size-landscape_952\" alt=\"\" srcset=\"https:\/\/medicina.udd.cl\/medicina-santiago\/files\/2015\/08\/IMG_4507.jpg 675w, https:\/\/medicina.udd.cl\/medicina-santiago\/files\/2015\/08\/IMG_4507-300x200.jpg 300w\" sizes=\"auto, (max-width: 675px) 100vw, 675px\" \/><\/figure><figure class=\"carousel-item\"><img loading=\"lazy\" decoding=\"async\" width=\"676\" height=\"450\" src=\"https:\/\/medicina.udd.cl\/medicina-santiago\/files\/2015\/08\/IMG_4425.jpg\" class=\"attachment-landscape_952 size-landscape_952\" alt=\"\" srcset=\"https:\/\/medicina.udd.cl\/medicina-santiago\/files\/2015\/08\/IMG_4425.jpg 676w, https:\/\/medicina.udd.cl\/medicina-santiago\/files\/2015\/08\/IMG_4425-300x200.jpg 300w\" sizes=\"auto, (max-width: 676px) 100vw, 676px\" \/><\/figure><figure class=\"carousel-item\"><img loading=\"lazy\" decoding=\"async\" width=\"675\" height=\"450\" src=\"https:\/\/medicina.udd.cl\/medicina-santiago\/files\/2015\/08\/IMG_4521.jpg\" class=\"attachment-landscape_952 size-landscape_952\" alt=\"\" srcset=\"https:\/\/medicina.udd.cl\/medicina-santiago\/files\/2015\/08\/IMG_4521.jpg 675w, https:\/\/medicina.udd.cl\/medicina-santiago\/files\/2015\/08\/IMG_4521-300x200.jpg 300w\" sizes=\"auto, (max-width: 675px) 100vw, 675px\" \/><\/figure><figure class=\"carousel-item\"><img loading=\"lazy\" decoding=\"async\" width=\"675\" height=\"450\" src=\"https:\/\/medicina.udd.cl\/medicina-santiago\/files\/2015\/08\/IMG_4511.jpg\" class=\"attachment-landscape_952 size-landscape_952\" alt=\"\" srcset=\"https:\/\/medicina.udd.cl\/medicina-santiago\/files\/2015\/08\/IMG_4511.jpg 675w, https:\/\/medicina.udd.cl\/medicina-santiago\/files\/2015\/08\/IMG_4511-300x200.jpg 300w\" sizes=\"auto, (max-width: 675px) 100vw, 675px\" \/><\/figure><figure class=\"carousel-item\"><img loading=\"lazy\" decoding=\"async\" width=\"675\" height=\"450\" src=\"https:\/\/medicina.udd.cl\/medicina-santiago\/files\/2015\/08\/IMG_4533.jpg\" class=\"attachment-landscape_952 size-landscape_952\" alt=\"\" srcset=\"https:\/\/medicina.udd.cl\/medicina-santiago\/files\/2015\/08\/IMG_4533.jpg 675w, https:\/\/medicina.udd.cl\/medicina-santiago\/files\/2015\/08\/IMG_4533-300x200.jpg 300w\" sizes=\"auto, (max-width: 675px) 100vw, 675px\" \/><\/figure><figure class=\"carousel-item\"><img loading=\"lazy\" decoding=\"async\" width=\"676\" height=\"450\" src=\"https:\/\/medicina.udd.cl\/medicina-santiago\/files\/2015\/08\/IMG_4419.jpg\" class=\"attachment-landscape_952 size-landscape_952\" alt=\"\" srcset=\"https:\/\/medicina.udd.cl\/medicina-santiago\/files\/2015\/08\/IMG_4419.jpg 676w, https:\/\/medicina.udd.cl\/medicina-santiago\/files\/2015\/08\/IMG_4419-300x200.jpg 300w\" sizes=\"auto, (max-width: 676px) 100vw, 676px\" \/><\/figure><\/div><footer class=\"carousel-footer\"><div class=\"carousel-counter\"><span class=\"carousel-counter-current\"><\/span> \/ <span class=\"carousel-counter-total\"><\/span><\/div><a class=\"carousel-control-prev\" href=\"#gallery-1\" role=\"button\" data-slide=\"prev\"><svg aria-hidden=\"true\" class=\"svg-chevron-left-dims\"><use xlink:href='https:\/\/medicina.udd.cl\/medicina-santiago\/wp-content\/themes\/facultades-2018\/assets\/img\/svg\/dist\/main.svg?version=1695853099#chevron-left'><\/use><\/svg><span class=\"sr-only\">Anterior<\/span><\/a><a class=\"carousel-control-next\" href=\"#gallery-1\" role=\"button\" data-slide=\"next\"><svg aria-hidden=\"true\" class=\"svg-chevron-right-dims\"><use xlink:href='https:\/\/medicina.udd.cl\/medicina-santiago\/wp-content\/themes\/facultades-2018\/assets\/img\/svg\/dist\/main.svg?version=1695853099#chevron-right'><\/use><\/svg><span class=\"sr-only\">Siguiente<\/span><\/a><\/footer><\/div>\n<p>Partidos de voleibol y f\u00fatbol, ping-pong, coreograf\u00edas, competencias de bandas y una gala, fueron algunas de las actividades que se realizaron en el marco de la denominada \u201cSemana de Esculapio\u201d, que organiza anualmente el Centro de Estudiantes de Medicina (CEM) para los estudiantes de primero a quinto a\u00f1o de Medicina.<\/p>\n<p>Durante seis d\u00edas, los futuros m\u00e9dicos se esforzaron para expresar lo mejor de cada curso y demostraron sus capacidades para poder ir obteniendo votos. En esta oportunidad, el curso ganador fue cuarto a\u00f1o, el que fue premiado con un asado entregado por el CEM. Le sigui\u00f3 primer a\u00f1o y el tercer lugar lo obtuvo quinto.<\/p>\n<p>Juan Jos\u00e9 Reyes, presidente del CEM, se mostr\u00f3 muy contento por el resultado obtenido y comento qu\u00e9 \u201cla semana de Esculapio super\u00f3 todas nuestras expectativas. Pudimos observar mucha motivaci\u00f3n, entusiasmo y dedicaci\u00f3n por parte de todos los cursos, lo que nos deja en claro que, el estudiante de medicina, puede hace mucho m\u00e1s que s\u00f3lo estudiar\u201d.<\/p>\n","protected":false},"excerpt":{"rendered":"<p>F\u00fatbol, voleibol, competencias de baile y bandas, fueron s\u00f3lo algunas de las organizadas por el Centro de Estudiantes de Medicina (CEM).<\/p>\n","protected":false},"author":47,"featured_media":3463,"comment_status":"open","ping_status":"open","sticky":false,"template":"","format":"standard","meta":{"footnotes":""},"categories":[4],"tags":[],"class_list":["post-3452","post","type-post","status-publish","format-standard","has-post-thumbnail","hentry","category-noticias"],"yoast_head":"<!-- This site is optimized with the Yoast SEO plugin v26.9 - https:\/\/yoast.com\/product\/yoast-seo-wordpress\/ -->\n<title>Estudiantes celebraron la \u201cSemana de Medicina\u201d<\/title>\n<meta name=\"description\" content=\"Partidos de voleibol y f\u00fatbol, ping-pong, coreograf\u00edas, competencias de bandas y una gala, fueron algunas de las actividades que se realizaron en el marco de la denominada \u201cSemana de Esculapio\u201d,\" \/>\n<meta name=\"robots\" content=\"index, follow, max-snippet:-1, max-image-preview:large, max-video-preview:-1\" \/>\n<link rel=\"canonical\" href=\"https:\/\/medicina.udd.cl\/medicina-santiago\/noticias\/2015\/08\/25\/estudiantes-celebraron-semana-de-medicina\/\" \/>\n<meta property=\"og:locale\" content=\"es_ES\" \/>\n<meta property=\"og:type\" content=\"article\" \/>\n<meta property=\"og:title\" content=\"Estudiantes celebraron la \u201cSemana de Medicina\u201d\" \/>\n<meta property=\"og:description\" content=\"Partidos de voleibol y f\u00fatbol, ping-pong, coreograf\u00edas, competencias de bandas y una gala, fueron algunas de las actividades que se realizaron en el marco de la denominada \u201cSemana de Esculapio\u201d,\" \/>\n<meta property=\"og:url\" content=\"https:\/\/medicina.udd.cl\/medicina-santiago\/noticias\/2015\/08\/25\/estudiantes-celebraron-semana-de-medicina\/\" \/>\n<meta property=\"og:site_name\" content=\"Medicina\" \/>\n<meta property=\"article:published_time\" content=\"2015-08-25T16:21:54+00:00\" \/>\n<meta property=\"article:modified_time\" content=\"2015-08-31T19:40:25+00:00\" \/>\n<meta property=\"og:image\" content=\"https:\/\/medicina.udd.cl\/medicina-santiago\/files\/2015\/08\/IMG_4511.jpg\" \/>\n\t<meta property=\"og:image:width\" content=\"675\" \/>\n\t<meta property=\"og:image:height\" content=\"450\" \/>\n\t<meta property=\"og:image:type\" content=\"image\/jpeg\" \/>\n<meta name=\"author\" content=\"rominagianotti\" \/>\n<meta name=\"twitter:label1\" content=\"Escrito por\" \/>\n\t<meta name=\"twitter:data1\" content=\"rominagianotti\" \/>\n\t<meta name=\"twitter:label2\" content=\"Tiempo de lectura\" \/>\n\t<meta name=\"twitter:data2\" content=\"1 minuto\" \/>\n<script type=\"application\/ld+json\" class=\"yoast-schema-graph\">{\"@context\":\"https:\/\/schema.org\",\"@graph\":[{\"@type\":\"Article\",\"@id\":\"https:\/\/medicina.udd.cl\/medicina-santiago\/noticias\/2015\/08\/25\/estudiantes-celebraron-semana-de-medicina\/#article\",\"isPartOf\":{\"@id\":\"https:\/\/medicina.udd.cl\/medicina-santiago\/noticias\/2015\/08\/25\/estudiantes-celebraron-semana-de-medicina\/\"},\"author\":{\"name\":\"rominagianotti\",\"@id\":\"https:\/\/medicina.udd.cl\/medicina-santiago\/#\/schema\/person\/d2a1450d36aff8cda548012f30ae8d47\"},\"headline\":\"Estudiantes celebraron la \u201cSemana de Medicina\u201d\",\"datePublished\":\"2015-08-25T16:21:54+00:00\",\"dateModified\":\"2015-08-31T19:40:25+00:00\",\"mainEntityOfPage\":{\"@id\":\"https:\/\/medicina.udd.cl\/medicina-santiago\/noticias\/2015\/08\/25\/estudiantes-celebraron-semana-de-medicina\/\"},\"wordCount\":182,\"commentCount\":0,\"image\":{\"@id\":\"https:\/\/medicina.udd.cl\/medicina-santiago\/noticias\/2015\/08\/25\/estudiantes-celebraron-semana-de-medicina\/#primaryimage\"},\"thumbnailUrl\":\"https:\/\/medicina.udd.cl\/medicina-santiago\/files\/2015\/08\/IMG_4511.jpg\",\"articleSection\":[\"Noticias\"],\"inLanguage\":\"es\",\"potentialAction\":[{\"@type\":\"CommentAction\",\"name\":\"Comment\",\"target\":[\"https:\/\/medicina.udd.cl\/medicina-santiago\/noticias\/2015\/08\/25\/estudiantes-celebraron-semana-de-medicina\/#respond\"]}]},{\"@type\":\"WebPage\",\"@id\":\"https:\/\/medicina.udd.cl\/medicina-santiago\/noticias\/2015\/08\/25\/estudiantes-celebraron-semana-de-medicina\/\",\"url\":\"https:\/\/medicina.udd.cl\/medicina-santiago\/noticias\/2015\/08\/25\/estudiantes-celebraron-semana-de-medicina\/\",\"name\":\"Estudiantes celebraron la \u201cSemana de Medicina\u201d\",\"isPartOf\":{\"@id\":\"https:\/\/medicina.udd.cl\/medicina-santiago\/#website\"},\"primaryImageOfPage\":{\"@id\":\"https:\/\/medicina.udd.cl\/medicina-santiago\/noticias\/2015\/08\/25\/estudiantes-celebraron-semana-de-medicina\/#primaryimage\"},\"image\":{\"@id\":\"https:\/\/medicina.udd.cl\/medicina-santiago\/noticias\/2015\/08\/25\/estudiantes-celebraron-semana-de-medicina\/#primaryimage\"},\"thumbnailUrl\":\"https:\/\/medicina.udd.cl\/medicina-santiago\/files\/2015\/08\/IMG_4511.jpg\",\"datePublished\":\"2015-08-25T16:21:54+00:00\",\"dateModified\":\"2015-08-31T19:40:25+00:00\",\"author\":{\"@id\":\"https:\/\/medicina.udd.cl\/medicina-santiago\/#\/schema\/person\/d2a1450d36aff8cda548012f30ae8d47\"},\"description\":\"Partidos de voleibol y f\u00fatbol, ping-pong, coreograf\u00edas, competencias de bandas y una gala, fueron algunas de las actividades que se realizaron en el marco de la denominada \u201cSemana de Esculapio\u201d,\",\"breadcrumb\":{\"@id\":\"https:\/\/medicina.udd.cl\/medicina-santiago\/noticias\/2015\/08\/25\/estudiantes-celebraron-semana-de-medicina\/#breadcrumb\"},\"inLanguage\":\"es\",\"potentialAction\":[{\"@type\":\"ReadAction\",\"target\":[\"https:\/\/medicina.udd.cl\/medicina-santiago\/noticias\/2015\/08\/25\/estudiantes-celebraron-semana-de-medicina\/\"]}]},{\"@type\":\"ImageObject\",\"inLanguage\":\"es\",\"@id\":\"https:\/\/medicina.udd.cl\/medicina-santiago\/noticias\/2015\/08\/25\/estudiantes-celebraron-semana-de-medicina\/#primaryimage\",\"url\":\"https:\/\/medicina.udd.cl\/medicina-santiago\/files\/2015\/08\/IMG_4511.jpg\",\"contentUrl\":\"https:\/\/medicina.udd.cl\/medicina-santiago\/files\/2015\/08\/IMG_4511.jpg\",\"width\":675,\"height\":450},{\"@type\":\"BreadcrumbList\",\"@id\":\"https:\/\/medicina.udd.cl\/medicina-santiago\/noticias\/2015\/08\/25\/estudiantes-celebraron-semana-de-medicina\/#breadcrumb\",\"itemListElement\":[{\"@type\":\"ListItem\",\"position\":1,\"name\":\"Home\",\"item\":\"https:\/\/medicina.udd.cl\/medicina-santiago\/\"},{\"@type\":\"ListItem\",\"position\":2,\"name\":\"Estudiantes celebraron la \u201cSemana de Medicina\u201d\"}]},{\"@type\":\"WebSite\",\"@id\":\"https:\/\/medicina.udd.cl\/medicina-santiago\/#website\",\"url\":\"https:\/\/medicina.udd.cl\/medicina-santiago\/\",\"name\":\"Medicina\",\"description\":\"Facultad de Medicina Cl\u00ednica Alemana Universidad del Desarrollo\",\"inLanguage\":\"es\"},{\"@type\":\"Person\",\"@id\":\"https:\/\/medicina.udd.cl\/medicina-santiago\/#\/schema\/person\/d2a1450d36aff8cda548012f30ae8d47\",\"name\":\"rominagianotti\",\"image\":{\"@type\":\"ImageObject\",\"inLanguage\":\"es\",\"@id\":\"https:\/\/medicina.udd.cl\/medicina-santiago\/#\/schema\/person\/image\/\",\"url\":\"https:\/\/secure.gravatar.com\/avatar\/106dae79925154d9c4e321db25d50a6deb801d5b80ec313022dbea6ef60814cc?s=96&d=mm&r=g\",\"contentUrl\":\"https:\/\/secure.gravatar.com\/avatar\/106dae79925154d9c4e321db25d50a6deb801d5b80ec313022dbea6ef60814cc?s=96&d=mm&r=g\",\"caption\":\"rominagianotti\"},\"url\":\"https:\/\/medicina.udd.cl\/medicina-santiago\/noticias\/author\/rominagianotti\/\"}]}<\/script>\n<!-- \/ Yoast SEO plugin. -->","yoast_head_json":{"title":"Estudiantes celebraron la \u201cSemana de Medicina\u201d","description":"Partidos de voleibol y f\u00fatbol, ping-pong, coreograf\u00edas, competencias de bandas y una gala, fueron algunas de las actividades que se realizaron en el marco de la denominada \u201cSemana de Esculapio\u201d,","robots":{"index":"index","follow":"follow","max-snippet":"max-snippet:-1","max-image-preview":"max-image-preview:large","max-video-preview":"max-video-preview:-1"},"canonical":"https:\/\/medicina.udd.cl\/medicina-santiago\/noticias\/2015\/08\/25\/estudiantes-celebraron-semana-de-medicina\/","og_locale":"es_ES","og_type":"article","og_title":"Estudiantes celebraron la \u201cSemana de Medicina\u201d","og_description":"Partidos de voleibol y f\u00fatbol, ping-pong, coreograf\u00edas, competencias de bandas y una gala, fueron algunas de las actividades que se realizaron en el marco de la denominada \u201cSemana de Esculapio\u201d,","og_url":"https:\/\/medicina.udd.cl\/medicina-santiago\/noticias\/2015\/08\/25\/estudiantes-celebraron-semana-de-medicina\/","og_site_name":"Medicina","article_published_time":"2015-08-25T16:21:54+00:00","article_modified_time":"2015-08-31T19:40:25+00:00","og_image":[{"width":675,"height":450,"url":"https:\/\/medicina.udd.cl\/medicina-santiago\/files\/2015\/08\/IMG_4511.jpg","type":"image\/jpeg"}],"author":"rominagianotti","twitter_misc":{"Escrito por":"rominagianotti","Tiempo de lectura":"1 minuto"},"schema":{"@context":"https:\/\/schema.org","@graph":[{"@type":"Article","@id":"https:\/\/medicina.udd.cl\/medicina-santiago\/noticias\/2015\/08\/25\/estudiantes-celebraron-semana-de-medicina\/#article","isPartOf":{"@id":"https:\/\/medicina.udd.cl\/medicina-santiago\/noticias\/2015\/08\/25\/estudiantes-celebraron-semana-de-medicina\/"},"author":{"name":"rominagianotti","@id":"https:\/\/medicina.udd.cl\/medicina-santiago\/#\/schema\/person\/d2a1450d36aff8cda548012f30ae8d47"},"headline":"Estudiantes celebraron la \u201cSemana de Medicina\u201d","datePublished":"2015-08-25T16:21:54+00:00","dateModified":"2015-08-31T19:40:25+00:00","mainEntityOfPage":{"@id":"https:\/\/medicina.udd.cl\/medicina-santiago\/noticias\/2015\/08\/25\/estudiantes-celebraron-semana-de-medicina\/"},"wordCount":182,"commentCount":0,"image":{"@id":"https:\/\/medicina.udd.cl\/medicina-santiago\/noticias\/2015\/08\/25\/estudiantes-celebraron-semana-de-medicina\/#primaryimage"},"thumbnailUrl":"https:\/\/medicina.udd.cl\/medicina-santiago\/files\/2015\/08\/IMG_4511.jpg","articleSection":["Noticias"],"inLanguage":"es","potentialAction":[{"@type":"CommentAction","name":"Comment","target":["https:\/\/medicina.udd.cl\/medicina-santiago\/noticias\/2015\/08\/25\/estudiantes-celebraron-semana-de-medicina\/#respond"]}]},{"@type":"WebPage","@id":"https:\/\/medicina.udd.cl\/medicina-santiago\/noticias\/2015\/08\/25\/estudiantes-celebraron-semana-de-medicina\/","url":"https:\/\/medicina.udd.cl\/medicina-santiago\/noticias\/2015\/08\/25\/estudiantes-celebraron-semana-de-medicina\/","name":"Estudiantes celebraron la \u201cSemana de Medicina\u201d","isPartOf":{"@id":"https:\/\/medicina.udd.cl\/medicina-santiago\/#website"},"primaryImageOfPage":{"@id":"https:\/\/medicina.udd.cl\/medicina-santiago\/noticias\/2015\/08\/25\/estudiantes-celebraron-semana-de-medicina\/#primaryimage"},"image":{"@id":"https:\/\/medicina.udd.cl\/medicina-santiago\/noticias\/2015\/08\/25\/estudiantes-celebraron-semana-de-medicina\/#primaryimage"},"thumbnailUrl":"https:\/\/medicina.udd.cl\/medicina-santiago\/files\/2015\/08\/IMG_4511.jpg","datePublished":"2015-08-25T16:21:54+00:00","dateModified":"2015-08-31T19:40:25+00:00","author":{"@id":"https:\/\/medicina.udd.cl\/medicina-santiago\/#\/schema\/person\/d2a1450d36aff8cda548012f30ae8d47"},"description":"Partidos de voleibol y f\u00fatbol, ping-pong, coreograf\u00edas, competencias de bandas y una gala, fueron algunas de las actividades que se realizaron en el marco de la denominada \u201cSemana de Esculapio\u201d,","breadcrumb":{"@id":"https:\/\/medicina.udd.cl\/medicina-santiago\/noticias\/2015\/08\/25\/estudiantes-celebraron-semana-de-medicina\/#breadcrumb"},"inLanguage":"es","potentialAction":[{"@type":"ReadAction","target":["https:\/\/medicina.udd.cl\/medicina-santiago\/noticias\/2015\/08\/25\/estudiantes-celebraron-semana-de-medicina\/"]}]},{"@type":"ImageObject","inLanguage":"es","@id":"https:\/\/medicina.udd.cl\/medicina-santiago\/noticias\/2015\/08\/25\/estudiantes-celebraron-semana-de-medicina\/#primaryimage","url":"https:\/\/medicina.udd.cl\/medicina-santiago\/files\/2015\/08\/IMG_4511.jpg","contentUrl":"https:\/\/medicina.udd.cl\/medicina-santiago\/files\/2015\/08\/IMG_4511.jpg","width":675,"height":450},{"@type":"BreadcrumbList","@id":"https:\/\/medicina.udd.cl\/medicina-santiago\/noticias\/2015\/08\/25\/estudiantes-celebraron-semana-de-medicina\/#breadcrumb","itemListElement":[{"@type":"ListItem","position":1,"name":"Home","item":"https:\/\/medicina.udd.cl\/medicina-santiago\/"},{"@type":"ListItem","position":2,"name":"Estudiantes celebraron la \u201cSemana de Medicina\u201d"}]},{"@type":"WebSite","@id":"https:\/\/medicina.udd.cl\/medicina-santiago\/#website","url":"https:\/\/medicina.udd.cl\/medicina-santiago\/","name":"Medicina","description":"Facultad de Medicina Cl\u00ednica Alemana Universidad del Desarrollo","inLanguage":"es"},{"@type":"Person","@id":"https:\/\/medicina.udd.cl\/medicina-santiago\/#\/schema\/person\/d2a1450d36aff8cda548012f30ae8d47","name":"rominagianotti","image":{"@type":"ImageObject","inLanguage":"es","@id":"https:\/\/medicina.udd.cl\/medicina-santiago\/#\/schema\/person\/image\/","url":"https:\/\/secure.gravatar.com\/avatar\/106dae79925154d9c4e321db25d50a6deb801d5b80ec313022dbea6ef60814cc?s=96&d=mm&r=g","contentUrl":"https:\/\/secure.gravatar.com\/avatar\/106dae79925154d9c4e321db25d50a6deb801d5b80ec313022dbea6ef60814cc?s=96&d=mm&r=g","caption":"rominagianotti"},"url":"https:\/\/medicina.udd.cl\/medicina-santiago\/noticias\/author\/rominagianotti\/"}]}},"featured_image_url":"https:\/\/medicina.udd.cl\/medicina-santiago\/files\/2015\/08\/IMG_4511.jpg","_links":{"self":[{"href":"https:\/\/medicina.udd.cl\/medicina-santiago\/wp-json\/wp\/v2\/posts\/3452","targetHints":{"allow":["GET"]}}],"collection":[{"href":"https:\/\/medicina.udd.cl\/medicina-santiago\/wp-json\/wp\/v2\/posts"}],"about":[{"href":"https:\/\/medicina.udd.cl\/medicina-santiago\/wp-json\/wp\/v2\/types\/post"}],"author":[{"embeddable":true,"href":"https:\/\/medicina.udd.cl\/medicina-santiago\/wp-json\/wp\/v2\/users\/47"}],"replies":[{"embeddable":true,"href":"https:\/\/medicina.udd.cl\/medicina-santiago\/wp-json\/wp\/v2\/comments?post=3452"}],"version-history":[{"count":8,"href":"https:\/\/medicina.udd.cl\/medicina-santiago\/wp-json\/wp\/v2\/posts\/3452\/revisions"}],"predecessor-version":[{"id":3479,"href":"https:\/\/medicina.udd.cl\/medicina-santiago\/wp-json\/wp\/v2\/posts\/3452\/revisions\/3479"}],"wp:featuredmedia":[{"embeddable":true,"href":"https:\/\/medicina.udd.cl\/medicina-santiago\/wp-json\/wp\/v2\/media\/3463"}],"wp:attachment":[{"href":"https:\/\/medicina.udd.cl\/medicina-santiago\/wp-json\/wp\/v2\/media?parent=3452"}],"wp:term":[{"taxonomy":"category","embeddable":true,"href":"https:\/\/medicina.udd.cl\/medicina-santiago\/wp-json\/wp\/v2\/categories?post=3452"},{"taxonomy":"post_tag","embeddable":true,"href":"https:\/\/medicina.udd.cl\/medicina-santiago\/wp-json\/wp\/v2\/tags?post=3452"}],"curies":[{"name":"wp","href":"https:\/\/api.w.org\/{rel}","templated":true}]}}