{"id":3586,"date":"2015-09-22T12:21:59","date_gmt":"2015-09-22T15:21:59","guid":{"rendered":"http:\/\/medicina.udd.cl\/medicina-santiago\/?p=3586"},"modified":"2015-09-22T12:23:13","modified_gmt":"2015-09-22T15:23:13","slug":"estudiante-de-medicina-participa-en-escuela-de-invierno-en-brasil","status":"publish","type":"post","link":"https:\/\/medicina.udd.cl\/medicina-santiago\/noticias\/2015\/09\/22\/estudiante-de-medicina-participa-en-escuela-de-invierno-en-brasil\/","title":{"rendered":"Estudiante de Medicina participa en escuela de invierno en Brasil"},"content":{"rendered":"<div id=\"gallery-1\" class=\"carousel slide carousel-gallery\" data-ride=\"false\" data-interval=\"false\"><div class=\"carousel-inner\" role=\"listbox\"><figure class=\"carousel-item active\"><img loading=\"lazy\" decoding=\"async\" width=\"600\" height=\"450\" src=\"https:\/\/medicina.udd.cl\/medicina-santiago\/files\/2015\/09\/Jaime-Cancino-1.jpg\" class=\"attachment-landscape_952 size-landscape_952\" alt=\"\" srcset=\"https:\/\/medicina.udd.cl\/medicina-santiago\/files\/2015\/09\/Jaime-Cancino-1.jpg 600w, https:\/\/medicina.udd.cl\/medicina-santiago\/files\/2015\/09\/Jaime-Cancino-1-300x225.jpg 300w\" sizes=\"auto, (max-width: 600px) 100vw, 600px\" \/><\/figure><figure class=\"carousel-item\"><img loading=\"lazy\" decoding=\"async\" width=\"560\" height=\"445\" src=\"https:\/\/medicina.udd.cl\/medicina-santiago\/files\/2015\/09\/Jaime-Cancino-2.jpg\" class=\"attachment-landscape_952 size-landscape_952\" alt=\"\" srcset=\"https:\/\/medicina.udd.cl\/medicina-santiago\/files\/2015\/09\/Jaime-Cancino-2.jpg 560w, https:\/\/medicina.udd.cl\/medicina-santiago\/files\/2015\/09\/Jaime-Cancino-2-300x238.jpg 300w\" sizes=\"auto, (max-width: 560px) 100vw, 560px\" \/><\/figure><figure class=\"carousel-item\"><img loading=\"lazy\" decoding=\"async\" width=\"300\" height=\"534\" src=\"https:\/\/medicina.udd.cl\/medicina-santiago\/files\/2015\/09\/Jaime-Cancino-3.jpg\" class=\"attachment-landscape_952 size-landscape_952\" alt=\"\" srcset=\"https:\/\/medicina.udd.cl\/medicina-santiago\/files\/2015\/09\/Jaime-Cancino-3.jpg 450w, https:\/\/medicina.udd.cl\/medicina-santiago\/files\/2015\/09\/Jaime-Cancino-3-169x300.jpg 169w\" sizes=\"auto, (max-width: 300px) 100vw, 300px\" \/><\/figure><figure class=\"carousel-item\"><img loading=\"lazy\" decoding=\"async\" width=\"800\" height=\"450\" src=\"https:\/\/medicina.udd.cl\/medicina-santiago\/files\/2015\/09\/Jaime-Cancino-4.jpg\" class=\"attachment-landscape_952 size-landscape_952\" alt=\"\" srcset=\"https:\/\/medicina.udd.cl\/medicina-santiago\/files\/2015\/09\/Jaime-Cancino-4.jpg 800w, https:\/\/medicina.udd.cl\/medicina-santiago\/files\/2015\/09\/Jaime-Cancino-4-300x169.jpg 300w, https:\/\/medicina.udd.cl\/medicina-santiago\/files\/2015\/09\/Jaime-Cancino-4-768x432.jpg 768w\" sizes=\"auto, (max-width: 800px) 100vw, 800px\" \/><\/figure><figure class=\"carousel-item\"><img loading=\"lazy\" decoding=\"async\" width=\"771\" height=\"450\" src=\"https:\/\/medicina.udd.cl\/medicina-santiago\/files\/2015\/09\/Jaime-Cancino-5.jpg\" class=\"attachment-landscape_952 size-landscape_952\" alt=\"\" srcset=\"https:\/\/medicina.udd.cl\/medicina-santiago\/files\/2015\/09\/Jaime-Cancino-5.jpg 771w, https:\/\/medicina.udd.cl\/medicina-santiago\/files\/2015\/09\/Jaime-Cancino-5-300x175.jpg 300w, https:\/\/medicina.udd.cl\/medicina-santiago\/files\/2015\/09\/Jaime-Cancino-5-768x448.jpg 768w\" sizes=\"auto, (max-width: 771px) 100vw, 771px\" \/><\/figure><figure class=\"carousel-item\"><img loading=\"lazy\" decoding=\"async\" width=\"600\" height=\"450\" src=\"https:\/\/medicina.udd.cl\/medicina-santiago\/files\/2015\/09\/Jaime-Cancino-6.jpg\" class=\"attachment-landscape_952 size-landscape_952\" alt=\"\" srcset=\"https:\/\/medicina.udd.cl\/medicina-santiago\/files\/2015\/09\/Jaime-Cancino-6.jpg 600w, https:\/\/medicina.udd.cl\/medicina-santiago\/files\/2015\/09\/Jaime-Cancino-6-300x225.jpg 300w\" sizes=\"auto, (max-width: 600px) 100vw, 600px\" \/><\/figure><\/div><footer class=\"carousel-footer\"><div class=\"carousel-counter\"><span class=\"carousel-counter-current\"><\/span> \/ <span class=\"carousel-counter-total\"><\/span><\/div><a class=\"carousel-control-prev\" href=\"#gallery-1\" role=\"button\" data-slide=\"prev\"><svg aria-hidden=\"true\" class=\"svg-chevron-left-dims\"><use xlink:href='https:\/\/medicina.udd.cl\/medicina-santiago\/wp-content\/themes\/facultades-2018\/assets\/img\/svg\/dist\/main.svg?version=1695853099#chevron-left'><\/use><\/svg><span class=\"sr-only\">Anterior<\/span><\/a><a class=\"carousel-control-next\" href=\"#gallery-1\" role=\"button\" data-slide=\"next\"><svg aria-hidden=\"true\" class=\"svg-chevron-right-dims\"><use xlink:href='https:\/\/medicina.udd.cl\/medicina-santiago\/wp-content\/themes\/facultades-2018\/assets\/img\/svg\/dist\/main.svg?version=1695853099#chevron-right'><\/use><\/svg><span class=\"sr-only\">Siguiente<\/span><\/a><\/footer><\/div>\n<p>Jaime Cancino es alumno de quinto a\u00f1o de Medicina de la Universidad del Desarrollo y, entre el 13 y 24 de julio, particip\u00f3 en el \u201cPrograma de control y prevenci\u00f3n del c\u00e1ncer, y cargas de enfermedades\u201d: uno de los cinco cursos gratuitos que imparti\u00f3 la Universidad de Sao Paulo (USP) como parte de su primer \u2018FMUSP Winter School\u2019.<\/p>\n<p>Gracias a un convenio de la UDD con la USP, Jaime postul\u00f3 al curso y pudo alojar en las residencias del hospital, desayunar y tener un descuento en los almuerzos al interior del campus. Adem\u00e1s, el aporte financiero de la Direcci\u00f3n de Relaciones Internacionales de la UDD le permiti\u00f3 costear los pasajes a Brasil, por lo que solo debi\u00f3 llevar dinero para disfrutar sus ratos libres.<\/p>\n<p>\u201cLa parte m\u00e1s valiosa del curso es la diversidad. Tener la oportunidad de contactarte con otros estudiantes, compararte, desarrollar lazos, conocer su estilo de aprendizaje, perfiles y opiniones sobre el servicio de salud de sus pa\u00edses; aspectos que determinan su forma de pensar y de ver la Medicina\u201d, dijo Cancino, quien admiti\u00f3 sentirse afortunado por tener de\u00a0<i>roommate<\/i>\u00a0a un interno de intercambio, ya que tambi\u00e9n pudo conocer sobre el trabajo, exigencia y roles de los alumnos.<\/p>\n<p>En relaci\u00f3n al curso propiamente tal, Jaime asisti\u00f3 a clases expositivas que se prolongaron entre las 8:30 y 13:00 horas, asisti\u00f3 al Instituto del C\u00e1ncer del Estado de Sao Paulo para tener una aproximaci\u00f3n al tratamiento de la enfermedad en el pa\u00eds y debi\u00f3 rendir dos evaluaciones: una prueba parcial con aspectos epidemiol\u00f3gicos al finalizar la primera semana, y un examen sobre control y prevenci\u00f3n de la enfermedad al finalizar el programa.<\/p>\n<p>De forma paralela, present\u00f3 un proyecto grupal para mejorar los sistemas de screaming del c\u00e1ncer colorectal en Brasil, que lo llev\u00f3 a compartir con alumnos de pa\u00edses tan distintos como Inglaterra, Holanda, Italia, Bolivia, M\u00e9xico, Per\u00fa, Ucrania, Estados Unidos, Sud\u00e1frica, Uganda y Singapur.<\/p>\n<p>Al preguntar si recomendar\u00eda la experiencia, Jaime se\u00f1ala que \u201ces una oportunidad \u00fanica. Nosotros, dentro de la carrera, tenemos pocas oportunidades de intercambio. Y una oportunidad de intercambio te da otra visi\u00f3n de las cosas. Uno entra a un mundo m\u00e1s globalizado, conoce opiniones de todo el mundo, de personas con grandes diferencias culturales; y eso es lo que uno se lleva, m\u00e1s que el aprendizaje del curso en s\u00ed\u201d.<\/p>\n","protected":false},"excerpt":{"rendered":"<p>La Universidad de Sao Paulo dict\u00f3 cinco programas del \u00e1rea de la Salud para 54 alumnos de Medicina, de pre y postgrado, provenientes de 18 pa\u00edses. Entre ellos, hubo solo un chileno: Jaime Cancino.<\/p>\n","protected":false},"author":42,"featured_media":3591,"comment_status":"open","ping_status":"open","sticky":false,"template":"","format":"standard","meta":{"footnotes":""},"categories":[4],"tags":[],"class_list":["post-3586","post","type-post","status-publish","format-standard","has-post-thumbnail","hentry","category-noticias"],"yoast_head":"<!-- This site is optimized with the Yoast SEO plugin v26.9 - https:\/\/yoast.com\/product\/yoast-seo-wordpress\/ -->\n<title>Estudiante de Medicina participa en escuela de invierno en Brasil<\/title>\n<meta name=\"description\" content=\"La Universidad de Sao Paulo dict\u00f3 cinco programas del \u00e1rea de la Salud para 54 alumnos de Medicina, de pre y postgrado, provenientes de 18 pa\u00edses. Entre ellos, hubo solo un chileno: Jaime Cancino.\" \/>\n<meta name=\"robots\" content=\"index, follow, max-snippet:-1, max-image-preview:large, max-video-preview:-1\" \/>\n<link rel=\"canonical\" href=\"https:\/\/medicina.udd.cl\/medicina-santiago\/noticias\/2015\/09\/22\/estudiante-de-medicina-participa-en-escuela-de-invierno-en-brasil\/\" \/>\n<meta property=\"og:locale\" content=\"es_ES\" \/>\n<meta property=\"og:type\" content=\"article\" \/>\n<meta property=\"og:title\" content=\"Estudiante de Medicina participa en escuela de invierno en Brasil\" \/>\n<meta property=\"og:description\" content=\"La Universidad de Sao Paulo dict\u00f3 cinco programas del \u00e1rea de la Salud para 54 alumnos de Medicina, de pre y postgrado, provenientes de 18 pa\u00edses. Entre ellos, hubo solo un chileno: Jaime Cancino.\" \/>\n<meta property=\"og:url\" content=\"https:\/\/medicina.udd.cl\/medicina-santiago\/noticias\/2015\/09\/22\/estudiante-de-medicina-participa-en-escuela-de-invierno-en-brasil\/\" \/>\n<meta property=\"og:site_name\" content=\"Medicina\" \/>\n<meta property=\"article:published_time\" content=\"2015-09-22T15:21:59+00:00\" \/>\n<meta property=\"article:modified_time\" content=\"2015-09-22T15:23:13+00:00\" \/>\n<meta property=\"og:image\" content=\"https:\/\/medicina.udd.cl\/medicina-santiago\/files\/2015\/09\/Jaime-Cancino-5.jpg\" \/>\n\t<meta property=\"og:image:width\" content=\"771\" \/>\n\t<meta property=\"og:image:height\" content=\"450\" \/>\n\t<meta property=\"og:image:type\" content=\"image\/jpeg\" \/>\n<meta name=\"twitter:label1\" content=\"Escrito por\" \/>\n\t<meta name=\"twitter:data1\" content=\"\" \/>\n\t<meta name=\"twitter:label2\" content=\"Tiempo de lectura\" \/>\n\t<meta name=\"twitter:data2\" content=\"2 minutos\" \/>\n<script type=\"application\/ld+json\" class=\"yoast-schema-graph\">{\"@context\":\"https:\/\/schema.org\",\"@graph\":[{\"@type\":\"Article\",\"@id\":\"https:\/\/medicina.udd.cl\/medicina-santiago\/noticias\/2015\/09\/22\/estudiante-de-medicina-participa-en-escuela-de-invierno-en-brasil\/#article\",\"isPartOf\":{\"@id\":\"https:\/\/medicina.udd.cl\/medicina-santiago\/noticias\/2015\/09\/22\/estudiante-de-medicina-participa-en-escuela-de-invierno-en-brasil\/\"},\"author\":{\"name\":\"\",\"@id\":\"\"},\"headline\":\"Estudiante de Medicina participa en escuela de invierno en Brasil\",\"datePublished\":\"2015-09-22T15:21:59+00:00\",\"dateModified\":\"2015-09-22T15:23:13+00:00\",\"mainEntityOfPage\":{\"@id\":\"https:\/\/medicina.udd.cl\/medicina-santiago\/noticias\/2015\/09\/22\/estudiante-de-medicina-participa-en-escuela-de-invierno-en-brasil\/\"},\"wordCount\":417,\"commentCount\":0,\"image\":{\"@id\":\"https:\/\/medicina.udd.cl\/medicina-santiago\/noticias\/2015\/09\/22\/estudiante-de-medicina-participa-en-escuela-de-invierno-en-brasil\/#primaryimage\"},\"thumbnailUrl\":\"https:\/\/medicina.udd.cl\/medicina-santiago\/files\/2015\/09\/Jaime-Cancino-5.jpg\",\"articleSection\":[\"Noticias\"],\"inLanguage\":\"es\",\"potentialAction\":[{\"@type\":\"CommentAction\",\"name\":\"Comment\",\"target\":[\"https:\/\/medicina.udd.cl\/medicina-santiago\/noticias\/2015\/09\/22\/estudiante-de-medicina-participa-en-escuela-de-invierno-en-brasil\/#respond\"]}]},{\"@type\":\"WebPage\",\"@id\":\"https:\/\/medicina.udd.cl\/medicina-santiago\/noticias\/2015\/09\/22\/estudiante-de-medicina-participa-en-escuela-de-invierno-en-brasil\/\",\"url\":\"https:\/\/medicina.udd.cl\/medicina-santiago\/noticias\/2015\/09\/22\/estudiante-de-medicina-participa-en-escuela-de-invierno-en-brasil\/\",\"name\":\"Estudiante de Medicina participa en escuela de invierno en Brasil\",\"isPartOf\":{\"@id\":\"https:\/\/medicina.udd.cl\/medicina-santiago\/#website\"},\"primaryImageOfPage\":{\"@id\":\"https:\/\/medicina.udd.cl\/medicina-santiago\/noticias\/2015\/09\/22\/estudiante-de-medicina-participa-en-escuela-de-invierno-en-brasil\/#primaryimage\"},\"image\":{\"@id\":\"https:\/\/medicina.udd.cl\/medicina-santiago\/noticias\/2015\/09\/22\/estudiante-de-medicina-participa-en-escuela-de-invierno-en-brasil\/#primaryimage\"},\"thumbnailUrl\":\"https:\/\/medicina.udd.cl\/medicina-santiago\/files\/2015\/09\/Jaime-Cancino-5.jpg\",\"datePublished\":\"2015-09-22T15:21:59+00:00\",\"dateModified\":\"2015-09-22T15:23:13+00:00\",\"author\":{\"@id\":\"\"},\"description\":\"La Universidad de Sao Paulo dict\u00f3 cinco programas del \u00e1rea de la Salud para 54 alumnos de Medicina, de pre y postgrado, provenientes de 18 pa\u00edses. Entre ellos, hubo solo un chileno: Jaime Cancino.\",\"breadcrumb\":{\"@id\":\"https:\/\/medicina.udd.cl\/medicina-santiago\/noticias\/2015\/09\/22\/estudiante-de-medicina-participa-en-escuela-de-invierno-en-brasil\/#breadcrumb\"},\"inLanguage\":\"es\",\"potentialAction\":[{\"@type\":\"ReadAction\",\"target\":[\"https:\/\/medicina.udd.cl\/medicina-santiago\/noticias\/2015\/09\/22\/estudiante-de-medicina-participa-en-escuela-de-invierno-en-brasil\/\"]}]},{\"@type\":\"ImageObject\",\"inLanguage\":\"es\",\"@id\":\"https:\/\/medicina.udd.cl\/medicina-santiago\/noticias\/2015\/09\/22\/estudiante-de-medicina-participa-en-escuela-de-invierno-en-brasil\/#primaryimage\",\"url\":\"https:\/\/medicina.udd.cl\/medicina-santiago\/files\/2015\/09\/Jaime-Cancino-5.jpg\",\"contentUrl\":\"https:\/\/medicina.udd.cl\/medicina-santiago\/files\/2015\/09\/Jaime-Cancino-5.jpg\",\"width\":771,\"height\":450},{\"@type\":\"BreadcrumbList\",\"@id\":\"https:\/\/medicina.udd.cl\/medicina-santiago\/noticias\/2015\/09\/22\/estudiante-de-medicina-participa-en-escuela-de-invierno-en-brasil\/#breadcrumb\",\"itemListElement\":[{\"@type\":\"ListItem\",\"position\":1,\"name\":\"Home\",\"item\":\"https:\/\/medicina.udd.cl\/medicina-santiago\/\"},{\"@type\":\"ListItem\",\"position\":2,\"name\":\"Estudiante de Medicina participa en escuela de invierno en Brasil\"}]},{\"@type\":\"WebSite\",\"@id\":\"https:\/\/medicina.udd.cl\/medicina-santiago\/#website\",\"url\":\"https:\/\/medicina.udd.cl\/medicina-santiago\/\",\"name\":\"Medicina\",\"description\":\"Facultad de Medicina Cl\u00ednica Alemana Universidad del Desarrollo\",\"inLanguage\":\"es\"},{\"@type\":\"Person\",\"@id\":\"\",\"url\":\"https:\/\/medicina.udd.cl\/medicina-santiago\/noticias\/author\/\"}]}<\/script>\n<!-- \/ Yoast SEO plugin. -->","yoast_head_json":{"title":"Estudiante de Medicina participa en escuela de invierno en Brasil","description":"La Universidad de Sao Paulo dict\u00f3 cinco programas del \u00e1rea de la Salud para 54 alumnos de Medicina, de pre y postgrado, provenientes de 18 pa\u00edses. Entre ellos, hubo solo un chileno: Jaime Cancino.","robots":{"index":"index","follow":"follow","max-snippet":"max-snippet:-1","max-image-preview":"max-image-preview:large","max-video-preview":"max-video-preview:-1"},"canonical":"https:\/\/medicina.udd.cl\/medicina-santiago\/noticias\/2015\/09\/22\/estudiante-de-medicina-participa-en-escuela-de-invierno-en-brasil\/","og_locale":"es_ES","og_type":"article","og_title":"Estudiante de Medicina participa en escuela de invierno en Brasil","og_description":"La Universidad de Sao Paulo dict\u00f3 cinco programas del \u00e1rea de la Salud para 54 alumnos de Medicina, de pre y postgrado, provenientes de 18 pa\u00edses. Entre ellos, hubo solo un chileno: Jaime Cancino.","og_url":"https:\/\/medicina.udd.cl\/medicina-santiago\/noticias\/2015\/09\/22\/estudiante-de-medicina-participa-en-escuela-de-invierno-en-brasil\/","og_site_name":"Medicina","article_published_time":"2015-09-22T15:21:59+00:00","article_modified_time":"2015-09-22T15:23:13+00:00","og_image":[{"width":771,"height":450,"url":"https:\/\/medicina.udd.cl\/medicina-santiago\/files\/2015\/09\/Jaime-Cancino-5.jpg","type":"image\/jpeg"}],"twitter_misc":{"Escrito por":"","Tiempo de lectura":"2 minutos"},"schema":{"@context":"https:\/\/schema.org","@graph":[{"@type":"Article","@id":"https:\/\/medicina.udd.cl\/medicina-santiago\/noticias\/2015\/09\/22\/estudiante-de-medicina-participa-en-escuela-de-invierno-en-brasil\/#article","isPartOf":{"@id":"https:\/\/medicina.udd.cl\/medicina-santiago\/noticias\/2015\/09\/22\/estudiante-de-medicina-participa-en-escuela-de-invierno-en-brasil\/"},"author":{"name":"","@id":""},"headline":"Estudiante de Medicina participa en escuela de invierno en Brasil","datePublished":"2015-09-22T15:21:59+00:00","dateModified":"2015-09-22T15:23:13+00:00","mainEntityOfPage":{"@id":"https:\/\/medicina.udd.cl\/medicina-santiago\/noticias\/2015\/09\/22\/estudiante-de-medicina-participa-en-escuela-de-invierno-en-brasil\/"},"wordCount":417,"commentCount":0,"image":{"@id":"https:\/\/medicina.udd.cl\/medicina-santiago\/noticias\/2015\/09\/22\/estudiante-de-medicina-participa-en-escuela-de-invierno-en-brasil\/#primaryimage"},"thumbnailUrl":"https:\/\/medicina.udd.cl\/medicina-santiago\/files\/2015\/09\/Jaime-Cancino-5.jpg","articleSection":["Noticias"],"inLanguage":"es","potentialAction":[{"@type":"CommentAction","name":"Comment","target":["https:\/\/medicina.udd.cl\/medicina-santiago\/noticias\/2015\/09\/22\/estudiante-de-medicina-participa-en-escuela-de-invierno-en-brasil\/#respond"]}]},{"@type":"WebPage","@id":"https:\/\/medicina.udd.cl\/medicina-santiago\/noticias\/2015\/09\/22\/estudiante-de-medicina-participa-en-escuela-de-invierno-en-brasil\/","url":"https:\/\/medicina.udd.cl\/medicina-santiago\/noticias\/2015\/09\/22\/estudiante-de-medicina-participa-en-escuela-de-invierno-en-brasil\/","name":"Estudiante de Medicina participa en escuela de invierno en Brasil","isPartOf":{"@id":"https:\/\/medicina.udd.cl\/medicina-santiago\/#website"},"primaryImageOfPage":{"@id":"https:\/\/medicina.udd.cl\/medicina-santiago\/noticias\/2015\/09\/22\/estudiante-de-medicina-participa-en-escuela-de-invierno-en-brasil\/#primaryimage"},"image":{"@id":"https:\/\/medicina.udd.cl\/medicina-santiago\/noticias\/2015\/09\/22\/estudiante-de-medicina-participa-en-escuela-de-invierno-en-brasil\/#primaryimage"},"thumbnailUrl":"https:\/\/medicina.udd.cl\/medicina-santiago\/files\/2015\/09\/Jaime-Cancino-5.jpg","datePublished":"2015-09-22T15:21:59+00:00","dateModified":"2015-09-22T15:23:13+00:00","author":{"@id":""},"description":"La Universidad de Sao Paulo dict\u00f3 cinco programas del \u00e1rea de la Salud para 54 alumnos de Medicina, de pre y postgrado, provenientes de 18 pa\u00edses. Entre ellos, hubo solo un chileno: Jaime Cancino.","breadcrumb":{"@id":"https:\/\/medicina.udd.cl\/medicina-santiago\/noticias\/2015\/09\/22\/estudiante-de-medicina-participa-en-escuela-de-invierno-en-brasil\/#breadcrumb"},"inLanguage":"es","potentialAction":[{"@type":"ReadAction","target":["https:\/\/medicina.udd.cl\/medicina-santiago\/noticias\/2015\/09\/22\/estudiante-de-medicina-participa-en-escuela-de-invierno-en-brasil\/"]}]},{"@type":"ImageObject","inLanguage":"es","@id":"https:\/\/medicina.udd.cl\/medicina-santiago\/noticias\/2015\/09\/22\/estudiante-de-medicina-participa-en-escuela-de-invierno-en-brasil\/#primaryimage","url":"https:\/\/medicina.udd.cl\/medicina-santiago\/files\/2015\/09\/Jaime-Cancino-5.jpg","contentUrl":"https:\/\/medicina.udd.cl\/medicina-santiago\/files\/2015\/09\/Jaime-Cancino-5.jpg","width":771,"height":450},{"@type":"BreadcrumbList","@id":"https:\/\/medicina.udd.cl\/medicina-santiago\/noticias\/2015\/09\/22\/estudiante-de-medicina-participa-en-escuela-de-invierno-en-brasil\/#breadcrumb","itemListElement":[{"@type":"ListItem","position":1,"name":"Home","item":"https:\/\/medicina.udd.cl\/medicina-santiago\/"},{"@type":"ListItem","position":2,"name":"Estudiante de Medicina participa en escuela de invierno en Brasil"}]},{"@type":"WebSite","@id":"https:\/\/medicina.udd.cl\/medicina-santiago\/#website","url":"https:\/\/medicina.udd.cl\/medicina-santiago\/","name":"Medicina","description":"Facultad de Medicina Cl\u00ednica Alemana Universidad del Desarrollo","inLanguage":"es"},{"@type":"Person","@id":"","url":"https:\/\/medicina.udd.cl\/medicina-santiago\/noticias\/author\/"}]}},"featured_image_url":"https:\/\/medicina.udd.cl\/medicina-santiago\/files\/2015\/09\/Jaime-Cancino-5.jpg","_links":{"self":[{"href":"https:\/\/medicina.udd.cl\/medicina-santiago\/wp-json\/wp\/v2\/posts\/3586","targetHints":{"allow":["GET"]}}],"collection":[{"href":"https:\/\/medicina.udd.cl\/medicina-santiago\/wp-json\/wp\/v2\/posts"}],"about":[{"href":"https:\/\/medicina.udd.cl\/medicina-santiago\/wp-json\/wp\/v2\/types\/post"}],"author":[{"embeddable":true,"href":"https:\/\/medicina.udd.cl\/medicina-santiago\/wp-json\/wp\/v2\/users\/42"}],"replies":[{"embeddable":true,"href":"https:\/\/medicina.udd.cl\/medicina-santiago\/wp-json\/wp\/v2\/comments?post=3586"}],"version-history":[{"count":3,"href":"https:\/\/medicina.udd.cl\/medicina-santiago\/wp-json\/wp\/v2\/posts\/3586\/revisions"}],"predecessor-version":[{"id":3594,"href":"https:\/\/medicina.udd.cl\/medicina-santiago\/wp-json\/wp\/v2\/posts\/3586\/revisions\/3594"}],"wp:featuredmedia":[{"embeddable":true,"href":"https:\/\/medicina.udd.cl\/medicina-santiago\/wp-json\/wp\/v2\/media\/3591"}],"wp:attachment":[{"href":"https:\/\/medicina.udd.cl\/medicina-santiago\/wp-json\/wp\/v2\/media?parent=3586"}],"wp:term":[{"taxonomy":"category","embeddable":true,"href":"https:\/\/medicina.udd.cl\/medicina-santiago\/wp-json\/wp\/v2\/categories?post=3586"},{"taxonomy":"post_tag","embeddable":true,"href":"https:\/\/medicina.udd.cl\/medicina-santiago\/wp-json\/wp\/v2\/tags?post=3586"}],"curies":[{"name":"wp","href":"https:\/\/api.w.org\/{rel}","templated":true}]}}