{"id":4057,"date":"2016-03-16T10:54:14","date_gmt":"2016-03-16T13:54:14","guid":{"rendered":"http:\/\/medicina.udd.cl\/medicina-santiago\/?p=4057"},"modified":"2016-03-16T16:39:07","modified_gmt":"2016-03-16T19:39:07","slug":"estudiante-de-medicina-udd-realiza-intercambio-en-el-extranjero","status":"publish","type":"post","link":"https:\/\/medicina.udd.cl\/medicina-santiago\/noticias\/2016\/03\/16\/estudiante-de-medicina-udd-realiza-intercambio-en-el-extranjero\/","title":{"rendered":"Estudiante de Medicina UDD realiza intercambio en el extranjero"},"content":{"rendered":"<div id=\"gallery-1\" class=\"carousel slide carousel-gallery\" data-ride=\"false\" data-interval=\"false\"><div class=\"carousel-inner\" role=\"listbox\"><figure class=\"carousel-item active\"><img loading=\"lazy\" decoding=\"async\" width=\"427\" height=\"534\" src=\"https:\/\/medicina.udd.cl\/medicina-santiago\/files\/2016\/03\/Fernando-Intercambio-Costa-Rica-7.jpg\" class=\"attachment-landscape_952 size-landscape_952\" alt=\"\" srcset=\"https:\/\/medicina.udd.cl\/medicina-santiago\/files\/2016\/03\/Fernando-Intercambio-Costa-Rica-7.jpg 450w, https:\/\/medicina.udd.cl\/medicina-santiago\/files\/2016\/03\/Fernando-Intercambio-Costa-Rica-7-240x300.jpg 240w\" sizes=\"auto, (max-width: 427px) 100vw, 427px\" \/><\/figure><figure class=\"carousel-item\"><img loading=\"lazy\" decoding=\"async\" width=\"600\" height=\"450\" src=\"https:\/\/medicina.udd.cl\/medicina-santiago\/files\/2016\/03\/Fernando-Intercambio-Costa-Rica-1.jpg\" class=\"attachment-landscape_952 size-landscape_952\" alt=\"\" srcset=\"https:\/\/medicina.udd.cl\/medicina-santiago\/files\/2016\/03\/Fernando-Intercambio-Costa-Rica-1.jpg 600w, https:\/\/medicina.udd.cl\/medicina-santiago\/files\/2016\/03\/Fernando-Intercambio-Costa-Rica-1-300x225.jpg 300w\" sizes=\"auto, (max-width: 600px) 100vw, 600px\" \/><\/figure><figure class=\"carousel-item\"><img loading=\"lazy\" decoding=\"async\" width=\"600\" height=\"450\" src=\"https:\/\/medicina.udd.cl\/medicina-santiago\/files\/2016\/03\/Fernando-Intercambio-Costa-Rica-6.jpg\" class=\"attachment-landscape_952 size-landscape_952\" alt=\"\" srcset=\"https:\/\/medicina.udd.cl\/medicina-santiago\/files\/2016\/03\/Fernando-Intercambio-Costa-Rica-6.jpg 600w, https:\/\/medicina.udd.cl\/medicina-santiago\/files\/2016\/03\/Fernando-Intercambio-Costa-Rica-6-300x225.jpg 300w\" sizes=\"auto, (max-width: 600px) 100vw, 600px\" \/><\/figure><figure class=\"carousel-item\"><img loading=\"lazy\" decoding=\"async\" width=\"300\" height=\"534\" src=\"https:\/\/medicina.udd.cl\/medicina-santiago\/files\/2016\/03\/Fernando-Intercambio-Costa-Rica-3.jpg\" class=\"attachment-landscape_952 size-landscape_952\" alt=\"\" srcset=\"https:\/\/medicina.udd.cl\/medicina-santiago\/files\/2016\/03\/Fernando-Intercambio-Costa-Rica-3.jpg 450w, https:\/\/medicina.udd.cl\/medicina-santiago\/files\/2016\/03\/Fernando-Intercambio-Costa-Rica-3-169x300.jpg 169w\" sizes=\"auto, (max-width: 300px) 100vw, 300px\" \/><\/figure><figure class=\"carousel-item\"><img loading=\"lazy\" decoding=\"async\" width=\"401\" height=\"534\" src=\"https:\/\/medicina.udd.cl\/medicina-santiago\/files\/2016\/03\/Fernando-Intercambio-Costa-Rica-2.jpg\" class=\"attachment-landscape_952 size-landscape_952\" alt=\"\" srcset=\"https:\/\/medicina.udd.cl\/medicina-santiago\/files\/2016\/03\/Fernando-Intercambio-Costa-Rica-2.jpg 450w, https:\/\/medicina.udd.cl\/medicina-santiago\/files\/2016\/03\/Fernando-Intercambio-Costa-Rica-2-225x300.jpg 225w\" sizes=\"auto, (max-width: 401px) 100vw, 401px\" \/><\/figure><figure class=\"carousel-item\"><img loading=\"lazy\" decoding=\"async\" width=\"600\" height=\"450\" src=\"https:\/\/medicina.udd.cl\/medicina-santiago\/files\/2016\/03\/Fernando-Intercambio-Costa-Rica-8.jpg\" class=\"attachment-landscape_952 size-landscape_952\" alt=\"\" srcset=\"https:\/\/medicina.udd.cl\/medicina-santiago\/files\/2016\/03\/Fernando-Intercambio-Costa-Rica-8.jpg 600w, https:\/\/medicina.udd.cl\/medicina-santiago\/files\/2016\/03\/Fernando-Intercambio-Costa-Rica-8-300x225.jpg 300w\" sizes=\"auto, (max-width: 600px) 100vw, 600px\" \/><\/figure><figure class=\"carousel-item\"><img loading=\"lazy\" decoding=\"async\" width=\"600\" height=\"450\" src=\"https:\/\/medicina.udd.cl\/medicina-santiago\/files\/2016\/03\/Fernando-Intercambio-Costa-Rica-4.jpg\" class=\"attachment-landscape_952 size-landscape_952\" alt=\"\" srcset=\"https:\/\/medicina.udd.cl\/medicina-santiago\/files\/2016\/03\/Fernando-Intercambio-Costa-Rica-4.jpg 600w, https:\/\/medicina.udd.cl\/medicina-santiago\/files\/2016\/03\/Fernando-Intercambio-Costa-Rica-4-300x225.jpg 300w\" sizes=\"auto, (max-width: 600px) 100vw, 600px\" \/><\/figure><\/div><footer class=\"carousel-footer\"><div class=\"carousel-counter\"><span class=\"carousel-counter-current\"><\/span> \/ <span class=\"carousel-counter-total\"><\/span><\/div><a class=\"carousel-control-prev\" href=\"#gallery-1\" role=\"button\" data-slide=\"prev\"><svg aria-hidden=\"true\" class=\"svg-chevron-left-dims\"><use xlink:href='https:\/\/medicina.udd.cl\/medicina-santiago\/wp-content\/themes\/facultades-2018\/assets\/img\/svg\/dist\/main.svg?version=1695853099#chevron-left'><\/use><\/svg><span class=\"sr-only\">Anterior<\/span><\/a><a class=\"carousel-control-next\" href=\"#gallery-1\" role=\"button\" data-slide=\"next\"><svg aria-hidden=\"true\" class=\"svg-chevron-right-dims\"><use xlink:href='https:\/\/medicina.udd.cl\/medicina-santiago\/wp-content\/themes\/facultades-2018\/assets\/img\/svg\/dist\/main.svg?version=1695853099#chevron-right'><\/use><\/svg><span class=\"sr-only\">Siguiente<\/span><\/a><\/footer><\/div>\n<p style=\"text-align: justify\">El estudiante de cuarto a\u00f1o de la carrera de Medicina de la Facultad de Medicina CAS-UDD, Fernando Chagra, realiz\u00f3 un intercambio en el Hospital San Juan de Dios en San Jos\u00e9, Costa Rica, con el fin de adquirir nuevos conocimientos en el \u00e1rea pr\u00e1ctica cl\u00ednica y conocer experiencias en diversos \u00e1mbitos de la especialidad de Cirug\u00eda. Esto, a trav\u00e9s del programa International Federation of Medical Students Associations (IFMSA).<\/p>\n<p style=\"text-align: justify\">Realizar un intercambio en el Hospital San Juan de Dios durante un mes signific\u00f3 para Chagra un gran desaf\u00edo a nivel profesional, ya que debi\u00f3 poner en pr\u00e1ctica sus conocimientos. \u201c<em>No me sent\u00eda como un alumno m\u00e1s que va de intercambio y se queda mirando c\u00f3mo los doctores trabajan. Para los m\u00e9dicos que me recibieron, lo que realmente les importaba era que trabajara, que pusiera \u201clas manos en la masa\u201d. Lo que fue verdaderamente impactante porque tanto en consulta como en pabell\u00f3n eras \u201cun doctor m\u00e1s\u201d y era lo mismo con los pacientes, es una sensaci\u00f3n dif\u00edcil de explicar pero realmente fascinante\u201d, <\/em>dice el futuro m\u00e9dico.<\/p>\n<p style=\"text-align: justify\">Para Chagra viajar a Costa Rica fue llegar a un lugar muy particular y le llam\u00f3 la atenci\u00f3n la forma de trabajar y que existieran s\u00f3lo cinco subespecialidades. <em>\u201cAll\u00e1 el cirujano general hac\u00eda pr\u00e1cticamente todo. Me toc\u00f3 ver m\u00e1s de cuarenta operaciones de cabeza y cuello, t\u00f3rax y participar directamente con los doctores de unas tiroidectom\u00edas, colecistectom\u00edas y de varias hernioplast\u00edas, entre otras. De \u00e9stas hubo dos operaciones que me marcaron particularmente. Una colecistectom\u00eda laparosc\u00f3pica, en la que me pidieron asistir al cirujano principal y una tiroidectom\u00eda compleja donde pude observar c\u00f3mo los distintos actores en la sala ten\u00edan que actuar para resolver los problemas que se iban presentando\u201d.<\/em><\/p>\n<p style=\"text-align: justify\">Cuenta que en su segunda semana le toc\u00f3 ver pacientes que llegaban a la consulta del doctor, donde le llam\u00f3 la atenci\u00f3n el trato y la cercan\u00eda entre profesional y paciente. <em>\u201cLos pacientes llegaban, esperaban su turno \u2013que no duraba m\u00e1s de quince minutos- y el doctor ten\u00eda una empat\u00eda con el paciente impactante, ya que a pesar del corto tiempo de consulta, se daba el momento no s\u00f3lo para la patolog\u00eda sino de conocer a la persona que estaba enfrente. Creo que ese trato me lo logr\u00f3 transmitir al cien por ciento\u2026. Debo admitir que le tom\u00e9 una gran admiraci\u00f3n y me dej\u00f3 grandes ense\u00f1anzas<\/em>\u201d.<\/p>\n<p style=\"text-align: justify\">Su estad\u00eda en la ciudad de San Jos\u00e9 no fue s\u00f3lo atender pacientes y estar las 24 horas en el Hospital. La organizaci\u00f3n IFMSA les preparaba un plan social para los fines de semanas, donde les organizaban distintos paseos para que conocieran lugares atractivos de la cuidad. <em>\u201cLos viajes eran largos, ya que en Costa Rica hay bastantes monta\u00f1as. Paseamos por volcanes, recorrimos parques nacionales y qu\u00e9 decir de las playas, eran deslumbrantes\u201d.<\/em><\/p>\n<p style=\"text-align: justify\">Una de las cosas que m\u00e1s resalta \u2013adem\u00e1s de todo lo que pudo realizar dentro de su experiencia cl\u00ednica- es la familia con quien le toc\u00f3 pasar su estad\u00eda. <em>\u201cTuve la suerte de que me tocara una familia que me acogi\u00f3 de una manera incre\u00edble, me sent\u00ed como en casa. Me llev\u00e9 la sorpresa que a ellos les encanta recibir gente de otras culturas, no pod\u00eda creer que hab\u00edan recibido a m\u00e1s de cuarenta extranjeros de distintos lugares del mundo\u201d<\/em>, se\u00f1ala entre risas.<\/p>\n<p style=\"text-align: justify\">Finalmente, resume lo que fue para \u00e9l realizar este viaje <em>\u201cme sent\u00ed libre en todo momento, tuve la valent\u00eda para enfrentar a los pacientes sin temor o miedo a equivocarme, logr\u00e9 esa cercan\u00eda que tanto me gusta\u2026. Puedo decir con certeza que me volv\u00ed a re encantar con mi carrera\u201d.<\/em><\/p>\n","protected":false},"excerpt":{"rendered":"<p>Fernando Chagra tuvo la oportunidad de poner en pr\u00e1ctica sus conocimientos m\u00e9dicos e intercambiar experiencias de vida con estudiantes y docentes del Hospital San Juan de Dios en San Jos\u00e9, Costa Rica. \u201cPuedo decir, con certeza, que me volv\u00ed a re encantar con mi carrera\u201d, se\u00f1ala.<\/p>\n","protected":false},"author":47,"featured_media":4059,"comment_status":"open","ping_status":"open","sticky":false,"template":"","format":"standard","meta":{"footnotes":""},"categories":[4],"tags":[],"class_list":["post-4057","post","type-post","status-publish","format-standard","has-post-thumbnail","hentry","category-noticias"],"yoast_head":"<!-- This site is optimized with the Yoast SEO plugin v26.9 - https:\/\/yoast.com\/product\/yoast-seo-wordpress\/ -->\n<title>Estudiante de Medicina UDD realiza intercambio en el extranjero - Medicina<\/title>\n<meta name=\"robots\" content=\"index, follow, max-snippet:-1, max-image-preview:large, max-video-preview:-1\" \/>\n<link rel=\"canonical\" href=\"https:\/\/medicina.udd.cl\/medicina-santiago\/noticias\/2016\/03\/16\/estudiante-de-medicina-udd-realiza-intercambio-en-el-extranjero\/\" \/>\n<meta property=\"og:locale\" content=\"es_ES\" \/>\n<meta property=\"og:type\" content=\"article\" \/>\n<meta property=\"og:title\" content=\"Estudiante de Medicina UDD realiza intercambio en el extranjero - Medicina\" \/>\n<meta property=\"og:description\" content=\"Fernando Chagra tuvo la oportunidad de poner en pr\u00e1ctica sus conocimientos m\u00e9dicos e intercambiar experiencias de vida con estudiantes y docentes del Hospital San Juan de Dios en San Jos\u00e9, Costa Rica. \u201cPuedo decir, con certeza, que me volv\u00ed a re encantar con mi carrera\u201d, se\u00f1ala.\" \/>\n<meta property=\"og:url\" content=\"https:\/\/medicina.udd.cl\/medicina-santiago\/noticias\/2016\/03\/16\/estudiante-de-medicina-udd-realiza-intercambio-en-el-extranjero\/\" \/>\n<meta property=\"og:site_name\" content=\"Medicina\" \/>\n<meta property=\"article:published_time\" content=\"2016-03-16T13:54:14+00:00\" \/>\n<meta property=\"article:modified_time\" content=\"2016-03-16T19:39:07+00:00\" \/>\n<meta property=\"og:image\" content=\"https:\/\/medicina.udd.cl\/medicina-santiago\/files\/2016\/03\/Fernando-Intercambio-Costa-Rica-8.jpg\" \/>\n\t<meta property=\"og:image:width\" content=\"600\" \/>\n\t<meta property=\"og:image:height\" content=\"450\" \/>\n\t<meta property=\"og:image:type\" content=\"image\/jpeg\" \/>\n<meta name=\"author\" content=\"rominagianotti\" \/>\n<meta name=\"twitter:label1\" content=\"Escrito por\" \/>\n\t<meta name=\"twitter:data1\" content=\"rominagianotti\" \/>\n\t<meta name=\"twitter:label2\" content=\"Tiempo de lectura\" \/>\n\t<meta name=\"twitter:data2\" content=\"3 minutos\" \/>\n<script type=\"application\/ld+json\" class=\"yoast-schema-graph\">{\"@context\":\"https:\/\/schema.org\",\"@graph\":[{\"@type\":\"Article\",\"@id\":\"https:\/\/medicina.udd.cl\/medicina-santiago\/noticias\/2016\/03\/16\/estudiante-de-medicina-udd-realiza-intercambio-en-el-extranjero\/#article\",\"isPartOf\":{\"@id\":\"https:\/\/medicina.udd.cl\/medicina-santiago\/noticias\/2016\/03\/16\/estudiante-de-medicina-udd-realiza-intercambio-en-el-extranjero\/\"},\"author\":{\"name\":\"rominagianotti\",\"@id\":\"https:\/\/medicina.udd.cl\/medicina-santiago\/#\/schema\/person\/d2a1450d36aff8cda548012f30ae8d47\"},\"headline\":\"Estudiante de Medicina UDD realiza intercambio en el extranjero\",\"datePublished\":\"2016-03-16T13:54:14+00:00\",\"dateModified\":\"2016-03-16T19:39:07+00:00\",\"mainEntityOfPage\":{\"@id\":\"https:\/\/medicina.udd.cl\/medicina-santiago\/noticias\/2016\/03\/16\/estudiante-de-medicina-udd-realiza-intercambio-en-el-extranjero\/\"},\"wordCount\":661,\"commentCount\":0,\"image\":{\"@id\":\"https:\/\/medicina.udd.cl\/medicina-santiago\/noticias\/2016\/03\/16\/estudiante-de-medicina-udd-realiza-intercambio-en-el-extranjero\/#primaryimage\"},\"thumbnailUrl\":\"https:\/\/medicina.udd.cl\/medicina-santiago\/files\/2016\/03\/Fernando-Intercambio-Costa-Rica-8.jpg\",\"articleSection\":[\"Noticias\"],\"inLanguage\":\"es\",\"potentialAction\":[{\"@type\":\"CommentAction\",\"name\":\"Comment\",\"target\":[\"https:\/\/medicina.udd.cl\/medicina-santiago\/noticias\/2016\/03\/16\/estudiante-de-medicina-udd-realiza-intercambio-en-el-extranjero\/#respond\"]}]},{\"@type\":\"WebPage\",\"@id\":\"https:\/\/medicina.udd.cl\/medicina-santiago\/noticias\/2016\/03\/16\/estudiante-de-medicina-udd-realiza-intercambio-en-el-extranjero\/\",\"url\":\"https:\/\/medicina.udd.cl\/medicina-santiago\/noticias\/2016\/03\/16\/estudiante-de-medicina-udd-realiza-intercambio-en-el-extranjero\/\",\"name\":\"Estudiante de Medicina UDD realiza intercambio en el extranjero - Medicina\",\"isPartOf\":{\"@id\":\"https:\/\/medicina.udd.cl\/medicina-santiago\/#website\"},\"primaryImageOfPage\":{\"@id\":\"https:\/\/medicina.udd.cl\/medicina-santiago\/noticias\/2016\/03\/16\/estudiante-de-medicina-udd-realiza-intercambio-en-el-extranjero\/#primaryimage\"},\"image\":{\"@id\":\"https:\/\/medicina.udd.cl\/medicina-santiago\/noticias\/2016\/03\/16\/estudiante-de-medicina-udd-realiza-intercambio-en-el-extranjero\/#primaryimage\"},\"thumbnailUrl\":\"https:\/\/medicina.udd.cl\/medicina-santiago\/files\/2016\/03\/Fernando-Intercambio-Costa-Rica-8.jpg\",\"datePublished\":\"2016-03-16T13:54:14+00:00\",\"dateModified\":\"2016-03-16T19:39:07+00:00\",\"author\":{\"@id\":\"https:\/\/medicina.udd.cl\/medicina-santiago\/#\/schema\/person\/d2a1450d36aff8cda548012f30ae8d47\"},\"breadcrumb\":{\"@id\":\"https:\/\/medicina.udd.cl\/medicina-santiago\/noticias\/2016\/03\/16\/estudiante-de-medicina-udd-realiza-intercambio-en-el-extranjero\/#breadcrumb\"},\"inLanguage\":\"es\",\"potentialAction\":[{\"@type\":\"ReadAction\",\"target\":[\"https:\/\/medicina.udd.cl\/medicina-santiago\/noticias\/2016\/03\/16\/estudiante-de-medicina-udd-realiza-intercambio-en-el-extranjero\/\"]}]},{\"@type\":\"ImageObject\",\"inLanguage\":\"es\",\"@id\":\"https:\/\/medicina.udd.cl\/medicina-santiago\/noticias\/2016\/03\/16\/estudiante-de-medicina-udd-realiza-intercambio-en-el-extranjero\/#primaryimage\",\"url\":\"https:\/\/medicina.udd.cl\/medicina-santiago\/files\/2016\/03\/Fernando-Intercambio-Costa-Rica-8.jpg\",\"contentUrl\":\"https:\/\/medicina.udd.cl\/medicina-santiago\/files\/2016\/03\/Fernando-Intercambio-Costa-Rica-8.jpg\",\"width\":600,\"height\":450},{\"@type\":\"BreadcrumbList\",\"@id\":\"https:\/\/medicina.udd.cl\/medicina-santiago\/noticias\/2016\/03\/16\/estudiante-de-medicina-udd-realiza-intercambio-en-el-extranjero\/#breadcrumb\",\"itemListElement\":[{\"@type\":\"ListItem\",\"position\":1,\"name\":\"Home\",\"item\":\"https:\/\/medicina.udd.cl\/medicina-santiago\/\"},{\"@type\":\"ListItem\",\"position\":2,\"name\":\"Estudiante de Medicina UDD realiza intercambio en el extranjero\"}]},{\"@type\":\"WebSite\",\"@id\":\"https:\/\/medicina.udd.cl\/medicina-santiago\/#website\",\"url\":\"https:\/\/medicina.udd.cl\/medicina-santiago\/\",\"name\":\"Medicina\",\"description\":\"Facultad de Medicina Cl\u00ednica Alemana Universidad del Desarrollo\",\"inLanguage\":\"es\"},{\"@type\":\"Person\",\"@id\":\"https:\/\/medicina.udd.cl\/medicina-santiago\/#\/schema\/person\/d2a1450d36aff8cda548012f30ae8d47\",\"name\":\"rominagianotti\",\"image\":{\"@type\":\"ImageObject\",\"inLanguage\":\"es\",\"@id\":\"https:\/\/medicina.udd.cl\/medicina-santiago\/#\/schema\/person\/image\/\",\"url\":\"https:\/\/secure.gravatar.com\/avatar\/106dae79925154d9c4e321db25d50a6deb801d5b80ec313022dbea6ef60814cc?s=96&d=mm&r=g\",\"contentUrl\":\"https:\/\/secure.gravatar.com\/avatar\/106dae79925154d9c4e321db25d50a6deb801d5b80ec313022dbea6ef60814cc?s=96&d=mm&r=g\",\"caption\":\"rominagianotti\"},\"url\":\"https:\/\/medicina.udd.cl\/medicina-santiago\/noticias\/author\/rominagianotti\/\"}]}<\/script>\n<!-- \/ Yoast SEO plugin. -->","yoast_head_json":{"title":"Estudiante de Medicina UDD realiza intercambio en el extranjero - Medicina","robots":{"index":"index","follow":"follow","max-snippet":"max-snippet:-1","max-image-preview":"max-image-preview:large","max-video-preview":"max-video-preview:-1"},"canonical":"https:\/\/medicina.udd.cl\/medicina-santiago\/noticias\/2016\/03\/16\/estudiante-de-medicina-udd-realiza-intercambio-en-el-extranjero\/","og_locale":"es_ES","og_type":"article","og_title":"Estudiante de Medicina UDD realiza intercambio en el extranjero - Medicina","og_description":"Fernando Chagra tuvo la oportunidad de poner en pr\u00e1ctica sus conocimientos m\u00e9dicos e intercambiar experiencias de vida con estudiantes y docentes del Hospital San Juan de Dios en San Jos\u00e9, Costa Rica. \u201cPuedo decir, con certeza, que me volv\u00ed a re encantar con mi carrera\u201d, se\u00f1ala.","og_url":"https:\/\/medicina.udd.cl\/medicina-santiago\/noticias\/2016\/03\/16\/estudiante-de-medicina-udd-realiza-intercambio-en-el-extranjero\/","og_site_name":"Medicina","article_published_time":"2016-03-16T13:54:14+00:00","article_modified_time":"2016-03-16T19:39:07+00:00","og_image":[{"width":600,"height":450,"url":"https:\/\/medicina.udd.cl\/medicina-santiago\/files\/2016\/03\/Fernando-Intercambio-Costa-Rica-8.jpg","type":"image\/jpeg"}],"author":"rominagianotti","twitter_misc":{"Escrito por":"rominagianotti","Tiempo de lectura":"3 minutos"},"schema":{"@context":"https:\/\/schema.org","@graph":[{"@type":"Article","@id":"https:\/\/medicina.udd.cl\/medicina-santiago\/noticias\/2016\/03\/16\/estudiante-de-medicina-udd-realiza-intercambio-en-el-extranjero\/#article","isPartOf":{"@id":"https:\/\/medicina.udd.cl\/medicina-santiago\/noticias\/2016\/03\/16\/estudiante-de-medicina-udd-realiza-intercambio-en-el-extranjero\/"},"author":{"name":"rominagianotti","@id":"https:\/\/medicina.udd.cl\/medicina-santiago\/#\/schema\/person\/d2a1450d36aff8cda548012f30ae8d47"},"headline":"Estudiante de Medicina UDD realiza intercambio en el extranjero","datePublished":"2016-03-16T13:54:14+00:00","dateModified":"2016-03-16T19:39:07+00:00","mainEntityOfPage":{"@id":"https:\/\/medicina.udd.cl\/medicina-santiago\/noticias\/2016\/03\/16\/estudiante-de-medicina-udd-realiza-intercambio-en-el-extranjero\/"},"wordCount":661,"commentCount":0,"image":{"@id":"https:\/\/medicina.udd.cl\/medicina-santiago\/noticias\/2016\/03\/16\/estudiante-de-medicina-udd-realiza-intercambio-en-el-extranjero\/#primaryimage"},"thumbnailUrl":"https:\/\/medicina.udd.cl\/medicina-santiago\/files\/2016\/03\/Fernando-Intercambio-Costa-Rica-8.jpg","articleSection":["Noticias"],"inLanguage":"es","potentialAction":[{"@type":"CommentAction","name":"Comment","target":["https:\/\/medicina.udd.cl\/medicina-santiago\/noticias\/2016\/03\/16\/estudiante-de-medicina-udd-realiza-intercambio-en-el-extranjero\/#respond"]}]},{"@type":"WebPage","@id":"https:\/\/medicina.udd.cl\/medicina-santiago\/noticias\/2016\/03\/16\/estudiante-de-medicina-udd-realiza-intercambio-en-el-extranjero\/","url":"https:\/\/medicina.udd.cl\/medicina-santiago\/noticias\/2016\/03\/16\/estudiante-de-medicina-udd-realiza-intercambio-en-el-extranjero\/","name":"Estudiante de Medicina UDD realiza intercambio en el extranjero - Medicina","isPartOf":{"@id":"https:\/\/medicina.udd.cl\/medicina-santiago\/#website"},"primaryImageOfPage":{"@id":"https:\/\/medicina.udd.cl\/medicina-santiago\/noticias\/2016\/03\/16\/estudiante-de-medicina-udd-realiza-intercambio-en-el-extranjero\/#primaryimage"},"image":{"@id":"https:\/\/medicina.udd.cl\/medicina-santiago\/noticias\/2016\/03\/16\/estudiante-de-medicina-udd-realiza-intercambio-en-el-extranjero\/#primaryimage"},"thumbnailUrl":"https:\/\/medicina.udd.cl\/medicina-santiago\/files\/2016\/03\/Fernando-Intercambio-Costa-Rica-8.jpg","datePublished":"2016-03-16T13:54:14+00:00","dateModified":"2016-03-16T19:39:07+00:00","author":{"@id":"https:\/\/medicina.udd.cl\/medicina-santiago\/#\/schema\/person\/d2a1450d36aff8cda548012f30ae8d47"},"breadcrumb":{"@id":"https:\/\/medicina.udd.cl\/medicina-santiago\/noticias\/2016\/03\/16\/estudiante-de-medicina-udd-realiza-intercambio-en-el-extranjero\/#breadcrumb"},"inLanguage":"es","potentialAction":[{"@type":"ReadAction","target":["https:\/\/medicina.udd.cl\/medicina-santiago\/noticias\/2016\/03\/16\/estudiante-de-medicina-udd-realiza-intercambio-en-el-extranjero\/"]}]},{"@type":"ImageObject","inLanguage":"es","@id":"https:\/\/medicina.udd.cl\/medicina-santiago\/noticias\/2016\/03\/16\/estudiante-de-medicina-udd-realiza-intercambio-en-el-extranjero\/#primaryimage","url":"https:\/\/medicina.udd.cl\/medicina-santiago\/files\/2016\/03\/Fernando-Intercambio-Costa-Rica-8.jpg","contentUrl":"https:\/\/medicina.udd.cl\/medicina-santiago\/files\/2016\/03\/Fernando-Intercambio-Costa-Rica-8.jpg","width":600,"height":450},{"@type":"BreadcrumbList","@id":"https:\/\/medicina.udd.cl\/medicina-santiago\/noticias\/2016\/03\/16\/estudiante-de-medicina-udd-realiza-intercambio-en-el-extranjero\/#breadcrumb","itemListElement":[{"@type":"ListItem","position":1,"name":"Home","item":"https:\/\/medicina.udd.cl\/medicina-santiago\/"},{"@type":"ListItem","position":2,"name":"Estudiante de Medicina UDD realiza intercambio en el extranjero"}]},{"@type":"WebSite","@id":"https:\/\/medicina.udd.cl\/medicina-santiago\/#website","url":"https:\/\/medicina.udd.cl\/medicina-santiago\/","name":"Medicina","description":"Facultad de Medicina Cl\u00ednica Alemana Universidad del Desarrollo","inLanguage":"es"},{"@type":"Person","@id":"https:\/\/medicina.udd.cl\/medicina-santiago\/#\/schema\/person\/d2a1450d36aff8cda548012f30ae8d47","name":"rominagianotti","image":{"@type":"ImageObject","inLanguage":"es","@id":"https:\/\/medicina.udd.cl\/medicina-santiago\/#\/schema\/person\/image\/","url":"https:\/\/secure.gravatar.com\/avatar\/106dae79925154d9c4e321db25d50a6deb801d5b80ec313022dbea6ef60814cc?s=96&d=mm&r=g","contentUrl":"https:\/\/secure.gravatar.com\/avatar\/106dae79925154d9c4e321db25d50a6deb801d5b80ec313022dbea6ef60814cc?s=96&d=mm&r=g","caption":"rominagianotti"},"url":"https:\/\/medicina.udd.cl\/medicina-santiago\/noticias\/author\/rominagianotti\/"}]}},"featured_image_url":"https:\/\/medicina.udd.cl\/medicina-santiago\/files\/2016\/03\/Fernando-Intercambio-Costa-Rica-8.jpg","_links":{"self":[{"href":"https:\/\/medicina.udd.cl\/medicina-santiago\/wp-json\/wp\/v2\/posts\/4057","targetHints":{"allow":["GET"]}}],"collection":[{"href":"https:\/\/medicina.udd.cl\/medicina-santiago\/wp-json\/wp\/v2\/posts"}],"about":[{"href":"https:\/\/medicina.udd.cl\/medicina-santiago\/wp-json\/wp\/v2\/types\/post"}],"author":[{"embeddable":true,"href":"https:\/\/medicina.udd.cl\/medicina-santiago\/wp-json\/wp\/v2\/users\/47"}],"replies":[{"embeddable":true,"href":"https:\/\/medicina.udd.cl\/medicina-santiago\/wp-json\/wp\/v2\/comments?post=4057"}],"version-history":[{"count":5,"href":"https:\/\/medicina.udd.cl\/medicina-santiago\/wp-json\/wp\/v2\/posts\/4057\/revisions"}],"predecessor-version":[{"id":4064,"href":"https:\/\/medicina.udd.cl\/medicina-santiago\/wp-json\/wp\/v2\/posts\/4057\/revisions\/4064"}],"wp:featuredmedia":[{"embeddable":true,"href":"https:\/\/medicina.udd.cl\/medicina-santiago\/wp-json\/wp\/v2\/media\/4059"}],"wp:attachment":[{"href":"https:\/\/medicina.udd.cl\/medicina-santiago\/wp-json\/wp\/v2\/media?parent=4057"}],"wp:term":[{"taxonomy":"category","embeddable":true,"href":"https:\/\/medicina.udd.cl\/medicina-santiago\/wp-json\/wp\/v2\/categories?post=4057"},{"taxonomy":"post_tag","embeddable":true,"href":"https:\/\/medicina.udd.cl\/medicina-santiago\/wp-json\/wp\/v2\/tags?post=4057"}],"curies":[{"name":"wp","href":"https:\/\/api.w.org\/{rel}","templated":true}]}}