{"id":4066,"date":"2016-03-24T17:10:09","date_gmt":"2016-03-24T20:10:09","guid":{"rendered":"http:\/\/medicina.udd.cl\/medicina-santiago\/?p=4066"},"modified":"2016-03-28T13:16:11","modified_gmt":"2016-03-28T16:16:11","slug":"28-de-marzo-dia-mundial-de-la-enfermedad-pulmonar-obstructiva-cronica","status":"publish","type":"post","link":"https:\/\/medicina.udd.cl\/medicina-santiago\/noticias\/2016\/03\/24\/28-de-marzo-dia-mundial-de-la-enfermedad-pulmonar-obstructiva-cronica\/","title":{"rendered":"28 de marzo: D\u00eda mundial de la Enfermedad Pulmonar Obstructiva Cr\u00f3nica"},"content":{"rendered":"<figure id=\"attachment_4067\" aria-describedby=\"caption-attachment-4067\" style=\"width: 300px\" class=\"wp-caption alignleft\"><a href=\"http:\/\/medicina.udd.cl\/medicina-santiago\/files\/2016\/03\/hombre-fumando.jpg\" rel=\"attachment wp-att-4067\"><img loading=\"lazy\" decoding=\"async\" class=\"wp-image-4067 size-medium\" src=\"http:\/\/medicina.udd.cl\/medicina-santiago\/files\/2016\/03\/hombre-fumando-300x204.jpg\" alt=\"hombre-fumando\" width=\"300\" height=\"204\" srcset=\"https:\/\/medicina.udd.cl\/medicina-santiago\/files\/2016\/03\/hombre-fumando-300x204.jpg 300w, https:\/\/medicina.udd.cl\/medicina-santiago\/files\/2016\/03\/hombre-fumando.jpg 661w\" sizes=\"auto, (max-width: 300px) 100vw, 300px\" \/><\/a><figcaption id=\"caption-attachment-4067\" class=\"wp-caption-text\">Foto: Dmedicina.com<\/figcaption><\/figure>\n<p style=\"text-align: justify\">El d\u00eda lunes 28 de marzo se conmemora el d\u00eda Mundial de la Enfermedad Pulmonar Obstructiva Cr\u00f3nica (EPOC), uno de los trastornos pulmonares m\u00e1s comunes dentro de la poblaci\u00f3n debido al consumo de tabaquismo.<\/p>\n<p style=\"text-align: justify\">Esta enfermedad se caracteriza por un bloqueo permanente del flujo del aire que altera la respiraci\u00f3n normal de las personas. Es una combinaci\u00f3n de enfisema pulmonar y bronquitis cr\u00f3nica obstructiva y se presenta en personas que han fumado durante m\u00e1s de diez a\u00f1os en general.<\/p>\n<p style=\"text-align: justify\">Los principales s\u00edntomas de padecer la enfermedad son: tos cr\u00f3nica, la falta de aire al respirar y la deficiencia para realizar actividades f\u00edsicas, causando que la persona se canse con mayor frecuencia de lo habitual.<\/p>\n<p style=\"text-align: justify\">En este contexto, el doctor Fernando Descalzi, broncopulmonar de la Facultad de Medicina Cl\u00ednica Alemana Universidad del desarrollo explica que \u201cpara poder detectar si una persona sufre EPOC se le puede realizar una espirometr\u00eda o para poder visualizarla a\u00fan mejor, es recomendable la realizaci\u00f3n de alguna imagen pulmonar, es decir, una radiograf\u00eda o esc\u00e1ner de t\u00f3rax\u201d.<\/p>\n<p style=\"text-align: justify\">Adem\u00e1s agrega \u201cuna vez realizados los ex\u00e1menes y es detectado positivo la persona deber\u00eda dejar de fumar apenas sepa el diagn\u00f3stico, ya que es una enfermedad que tiene bastantes probabilidades de mortalidad. Si la persona continua fumando es progresivo y terminar\u00e1 en una insuficiencia respiratoria cr\u00f3nica, es decir, necesitar\u00e1 de ox\u00edgeno para poder vivir\u201d.<\/p>\n<p style=\"text-align: justify\">Seg\u00fan cuenta el doctor Descalzi, la enfermedad EPOC es cada vez m\u00e1s frecuente y se supone que en los pr\u00f3ximos a\u00f1os va a estar pr\u00e1cticamente en el tercer lugar de causa de muerte en el mundo occidental y la \u00fanica manera de prevenir es no fumar.<\/p>\n<p style=\"text-align: justify\">Seg\u00fan datos de la Organizaci\u00f3n Mundial de Salud (OMS), m\u00e1s del 90 por ciento de las muertes, se registran en los pa\u00edses bajos y de medianos ingresos. En Chile, de acuerdo a cifras del Ministerio de Salud entregadas en 2013, 1.842 personas fallecieron por esta enfermedad en el a\u00f1o 1990, n\u00famero que se elev\u00f3 considerablemente en 2010, llegando a 3.251, con una tasa de 36,08\/100.000 habitantes.<\/p>\n","protected":false},"excerpt":{"rendered":"<p>Los principales s\u00edntomas de las personas que padecen EPOC a causa del tabaquismo es la tos cr\u00f3nica, la falta de aire al respirar y la deficiencia para realizar actividad f\u00edsica.<\/p>\n","protected":false},"author":47,"featured_media":4067,"comment_status":"open","ping_status":"open","sticky":false,"template":"","format":"standard","meta":{"footnotes":""},"categories":[4],"tags":[],"class_list":["post-4066","post","type-post","status-publish","format-standard","has-post-thumbnail","hentry","category-noticias"],"yoast_head":"<!-- This site is optimized with the Yoast SEO plugin v26.9 - https:\/\/yoast.com\/product\/yoast-seo-wordpress\/ -->\n<title>28 de marzo: D\u00eda mundial de la Enfermedad Pulmonar Obstructiva Cr\u00f3nica - Medicina<\/title>\n<meta name=\"robots\" content=\"index, follow, max-snippet:-1, max-image-preview:large, max-video-preview:-1\" \/>\n<link rel=\"canonical\" href=\"https:\/\/medicina.udd.cl\/medicina-santiago\/noticias\/2016\/03\/24\/28-de-marzo-dia-mundial-de-la-enfermedad-pulmonar-obstructiva-cronica\/\" \/>\n<meta property=\"og:locale\" content=\"es_ES\" \/>\n<meta property=\"og:type\" content=\"article\" \/>\n<meta property=\"og:title\" content=\"28 de marzo: D\u00eda mundial de la Enfermedad Pulmonar Obstructiva Cr\u00f3nica - Medicina\" \/>\n<meta property=\"og:description\" content=\"Los principales s\u00edntomas de las personas que padecen EPOC a causa del tabaquismo es la tos cr\u00f3nica, la falta de aire al respirar y la deficiencia para realizar actividad f\u00edsica.\" \/>\n<meta property=\"og:url\" content=\"https:\/\/medicina.udd.cl\/medicina-santiago\/noticias\/2016\/03\/24\/28-de-marzo-dia-mundial-de-la-enfermedad-pulmonar-obstructiva-cronica\/\" \/>\n<meta property=\"og:site_name\" content=\"Medicina\" \/>\n<meta property=\"article:published_time\" content=\"2016-03-24T20:10:09+00:00\" \/>\n<meta property=\"article:modified_time\" content=\"2016-03-28T16:16:11+00:00\" \/>\n<meta property=\"og:image\" content=\"https:\/\/medicina.udd.cl\/medicina-santiago\/files\/2016\/03\/hombre-fumando.jpg\" \/>\n\t<meta property=\"og:image:width\" content=\"661\" \/>\n\t<meta property=\"og:image:height\" content=\"450\" \/>\n\t<meta property=\"og:image:type\" content=\"image\/jpeg\" \/>\n<meta name=\"author\" content=\"rominagianotti\" \/>\n<meta name=\"twitter:label1\" content=\"Escrito por\" \/>\n\t<meta name=\"twitter:data1\" content=\"rominagianotti\" \/>\n\t<meta name=\"twitter:label2\" content=\"Tiempo de lectura\" \/>\n\t<meta name=\"twitter:data2\" content=\"2 minutos\" \/>\n<script type=\"application\/ld+json\" class=\"yoast-schema-graph\">{\"@context\":\"https:\/\/schema.org\",\"@graph\":[{\"@type\":\"Article\",\"@id\":\"https:\/\/medicina.udd.cl\/medicina-santiago\/noticias\/2016\/03\/24\/28-de-marzo-dia-mundial-de-la-enfermedad-pulmonar-obstructiva-cronica\/#article\",\"isPartOf\":{\"@id\":\"https:\/\/medicina.udd.cl\/medicina-santiago\/noticias\/2016\/03\/24\/28-de-marzo-dia-mundial-de-la-enfermedad-pulmonar-obstructiva-cronica\/\"},\"author\":{\"name\":\"rominagianotti\",\"@id\":\"https:\/\/medicina.udd.cl\/medicina-santiago\/#\/schema\/person\/d2a1450d36aff8cda548012f30ae8d47\"},\"headline\":\"28 de marzo: D\u00eda mundial de la Enfermedad Pulmonar Obstructiva Cr\u00f3nica\",\"datePublished\":\"2016-03-24T20:10:09+00:00\",\"dateModified\":\"2016-03-28T16:16:11+00:00\",\"mainEntityOfPage\":{\"@id\":\"https:\/\/medicina.udd.cl\/medicina-santiago\/noticias\/2016\/03\/24\/28-de-marzo-dia-mundial-de-la-enfermedad-pulmonar-obstructiva-cronica\/\"},\"wordCount\":387,\"commentCount\":0,\"image\":{\"@id\":\"https:\/\/medicina.udd.cl\/medicina-santiago\/noticias\/2016\/03\/24\/28-de-marzo-dia-mundial-de-la-enfermedad-pulmonar-obstructiva-cronica\/#primaryimage\"},\"thumbnailUrl\":\"https:\/\/medicina.udd.cl\/medicina-santiago\/files\/2016\/03\/hombre-fumando.jpg\",\"articleSection\":[\"Noticias\"],\"inLanguage\":\"es\",\"potentialAction\":[{\"@type\":\"CommentAction\",\"name\":\"Comment\",\"target\":[\"https:\/\/medicina.udd.cl\/medicina-santiago\/noticias\/2016\/03\/24\/28-de-marzo-dia-mundial-de-la-enfermedad-pulmonar-obstructiva-cronica\/#respond\"]}]},{\"@type\":\"WebPage\",\"@id\":\"https:\/\/medicina.udd.cl\/medicina-santiago\/noticias\/2016\/03\/24\/28-de-marzo-dia-mundial-de-la-enfermedad-pulmonar-obstructiva-cronica\/\",\"url\":\"https:\/\/medicina.udd.cl\/medicina-santiago\/noticias\/2016\/03\/24\/28-de-marzo-dia-mundial-de-la-enfermedad-pulmonar-obstructiva-cronica\/\",\"name\":\"28 de marzo: D\u00eda mundial de la Enfermedad Pulmonar Obstructiva Cr\u00f3nica - Medicina\",\"isPartOf\":{\"@id\":\"https:\/\/medicina.udd.cl\/medicina-santiago\/#website\"},\"primaryImageOfPage\":{\"@id\":\"https:\/\/medicina.udd.cl\/medicina-santiago\/noticias\/2016\/03\/24\/28-de-marzo-dia-mundial-de-la-enfermedad-pulmonar-obstructiva-cronica\/#primaryimage\"},\"image\":{\"@id\":\"https:\/\/medicina.udd.cl\/medicina-santiago\/noticias\/2016\/03\/24\/28-de-marzo-dia-mundial-de-la-enfermedad-pulmonar-obstructiva-cronica\/#primaryimage\"},\"thumbnailUrl\":\"https:\/\/medicina.udd.cl\/medicina-santiago\/files\/2016\/03\/hombre-fumando.jpg\",\"datePublished\":\"2016-03-24T20:10:09+00:00\",\"dateModified\":\"2016-03-28T16:16:11+00:00\",\"author\":{\"@id\":\"https:\/\/medicina.udd.cl\/medicina-santiago\/#\/schema\/person\/d2a1450d36aff8cda548012f30ae8d47\"},\"breadcrumb\":{\"@id\":\"https:\/\/medicina.udd.cl\/medicina-santiago\/noticias\/2016\/03\/24\/28-de-marzo-dia-mundial-de-la-enfermedad-pulmonar-obstructiva-cronica\/#breadcrumb\"},\"inLanguage\":\"es\",\"potentialAction\":[{\"@type\":\"ReadAction\",\"target\":[\"https:\/\/medicina.udd.cl\/medicina-santiago\/noticias\/2016\/03\/24\/28-de-marzo-dia-mundial-de-la-enfermedad-pulmonar-obstructiva-cronica\/\"]}]},{\"@type\":\"ImageObject\",\"inLanguage\":\"es\",\"@id\":\"https:\/\/medicina.udd.cl\/medicina-santiago\/noticias\/2016\/03\/24\/28-de-marzo-dia-mundial-de-la-enfermedad-pulmonar-obstructiva-cronica\/#primaryimage\",\"url\":\"https:\/\/medicina.udd.cl\/medicina-santiago\/files\/2016\/03\/hombre-fumando.jpg\",\"contentUrl\":\"https:\/\/medicina.udd.cl\/medicina-santiago\/files\/2016\/03\/hombre-fumando.jpg\",\"width\":661,\"height\":450},{\"@type\":\"BreadcrumbList\",\"@id\":\"https:\/\/medicina.udd.cl\/medicina-santiago\/noticias\/2016\/03\/24\/28-de-marzo-dia-mundial-de-la-enfermedad-pulmonar-obstructiva-cronica\/#breadcrumb\",\"itemListElement\":[{\"@type\":\"ListItem\",\"position\":1,\"name\":\"Home\",\"item\":\"https:\/\/medicina.udd.cl\/medicina-santiago\/\"},{\"@type\":\"ListItem\",\"position\":2,\"name\":\"28 de marzo: D\u00eda mundial de la Enfermedad Pulmonar Obstructiva Cr\u00f3nica\"}]},{\"@type\":\"WebSite\",\"@id\":\"https:\/\/medicina.udd.cl\/medicina-santiago\/#website\",\"url\":\"https:\/\/medicina.udd.cl\/medicina-santiago\/\",\"name\":\"Medicina\",\"description\":\"Facultad de Medicina Cl\u00ednica Alemana Universidad del Desarrollo\",\"inLanguage\":\"es\"},{\"@type\":\"Person\",\"@id\":\"https:\/\/medicina.udd.cl\/medicina-santiago\/#\/schema\/person\/d2a1450d36aff8cda548012f30ae8d47\",\"name\":\"rominagianotti\",\"image\":{\"@type\":\"ImageObject\",\"inLanguage\":\"es\",\"@id\":\"https:\/\/medicina.udd.cl\/medicina-santiago\/#\/schema\/person\/image\/\",\"url\":\"https:\/\/secure.gravatar.com\/avatar\/106dae79925154d9c4e321db25d50a6deb801d5b80ec313022dbea6ef60814cc?s=96&d=mm&r=g\",\"contentUrl\":\"https:\/\/secure.gravatar.com\/avatar\/106dae79925154d9c4e321db25d50a6deb801d5b80ec313022dbea6ef60814cc?s=96&d=mm&r=g\",\"caption\":\"rominagianotti\"},\"url\":\"https:\/\/medicina.udd.cl\/medicina-santiago\/noticias\/author\/rominagianotti\/\"}]}<\/script>\n<!-- \/ Yoast SEO plugin. -->","yoast_head_json":{"title":"28 de marzo: D\u00eda mundial de la Enfermedad Pulmonar Obstructiva Cr\u00f3nica - Medicina","robots":{"index":"index","follow":"follow","max-snippet":"max-snippet:-1","max-image-preview":"max-image-preview:large","max-video-preview":"max-video-preview:-1"},"canonical":"https:\/\/medicina.udd.cl\/medicina-santiago\/noticias\/2016\/03\/24\/28-de-marzo-dia-mundial-de-la-enfermedad-pulmonar-obstructiva-cronica\/","og_locale":"es_ES","og_type":"article","og_title":"28 de marzo: D\u00eda mundial de la Enfermedad Pulmonar Obstructiva Cr\u00f3nica - Medicina","og_description":"Los principales s\u00edntomas de las personas que padecen EPOC a causa del tabaquismo es la tos cr\u00f3nica, la falta de aire al respirar y la deficiencia para realizar actividad f\u00edsica.","og_url":"https:\/\/medicina.udd.cl\/medicina-santiago\/noticias\/2016\/03\/24\/28-de-marzo-dia-mundial-de-la-enfermedad-pulmonar-obstructiva-cronica\/","og_site_name":"Medicina","article_published_time":"2016-03-24T20:10:09+00:00","article_modified_time":"2016-03-28T16:16:11+00:00","og_image":[{"width":661,"height":450,"url":"https:\/\/medicina.udd.cl\/medicina-santiago\/files\/2016\/03\/hombre-fumando.jpg","type":"image\/jpeg"}],"author":"rominagianotti","twitter_misc":{"Escrito por":"rominagianotti","Tiempo de lectura":"2 minutos"},"schema":{"@context":"https:\/\/schema.org","@graph":[{"@type":"Article","@id":"https:\/\/medicina.udd.cl\/medicina-santiago\/noticias\/2016\/03\/24\/28-de-marzo-dia-mundial-de-la-enfermedad-pulmonar-obstructiva-cronica\/#article","isPartOf":{"@id":"https:\/\/medicina.udd.cl\/medicina-santiago\/noticias\/2016\/03\/24\/28-de-marzo-dia-mundial-de-la-enfermedad-pulmonar-obstructiva-cronica\/"},"author":{"name":"rominagianotti","@id":"https:\/\/medicina.udd.cl\/medicina-santiago\/#\/schema\/person\/d2a1450d36aff8cda548012f30ae8d47"},"headline":"28 de marzo: D\u00eda mundial de la Enfermedad Pulmonar Obstructiva Cr\u00f3nica","datePublished":"2016-03-24T20:10:09+00:00","dateModified":"2016-03-28T16:16:11+00:00","mainEntityOfPage":{"@id":"https:\/\/medicina.udd.cl\/medicina-santiago\/noticias\/2016\/03\/24\/28-de-marzo-dia-mundial-de-la-enfermedad-pulmonar-obstructiva-cronica\/"},"wordCount":387,"commentCount":0,"image":{"@id":"https:\/\/medicina.udd.cl\/medicina-santiago\/noticias\/2016\/03\/24\/28-de-marzo-dia-mundial-de-la-enfermedad-pulmonar-obstructiva-cronica\/#primaryimage"},"thumbnailUrl":"https:\/\/medicina.udd.cl\/medicina-santiago\/files\/2016\/03\/hombre-fumando.jpg","articleSection":["Noticias"],"inLanguage":"es","potentialAction":[{"@type":"CommentAction","name":"Comment","target":["https:\/\/medicina.udd.cl\/medicina-santiago\/noticias\/2016\/03\/24\/28-de-marzo-dia-mundial-de-la-enfermedad-pulmonar-obstructiva-cronica\/#respond"]}]},{"@type":"WebPage","@id":"https:\/\/medicina.udd.cl\/medicina-santiago\/noticias\/2016\/03\/24\/28-de-marzo-dia-mundial-de-la-enfermedad-pulmonar-obstructiva-cronica\/","url":"https:\/\/medicina.udd.cl\/medicina-santiago\/noticias\/2016\/03\/24\/28-de-marzo-dia-mundial-de-la-enfermedad-pulmonar-obstructiva-cronica\/","name":"28 de marzo: D\u00eda mundial de la Enfermedad Pulmonar Obstructiva Cr\u00f3nica - Medicina","isPartOf":{"@id":"https:\/\/medicina.udd.cl\/medicina-santiago\/#website"},"primaryImageOfPage":{"@id":"https:\/\/medicina.udd.cl\/medicina-santiago\/noticias\/2016\/03\/24\/28-de-marzo-dia-mundial-de-la-enfermedad-pulmonar-obstructiva-cronica\/#primaryimage"},"image":{"@id":"https:\/\/medicina.udd.cl\/medicina-santiago\/noticias\/2016\/03\/24\/28-de-marzo-dia-mundial-de-la-enfermedad-pulmonar-obstructiva-cronica\/#primaryimage"},"thumbnailUrl":"https:\/\/medicina.udd.cl\/medicina-santiago\/files\/2016\/03\/hombre-fumando.jpg","datePublished":"2016-03-24T20:10:09+00:00","dateModified":"2016-03-28T16:16:11+00:00","author":{"@id":"https:\/\/medicina.udd.cl\/medicina-santiago\/#\/schema\/person\/d2a1450d36aff8cda548012f30ae8d47"},"breadcrumb":{"@id":"https:\/\/medicina.udd.cl\/medicina-santiago\/noticias\/2016\/03\/24\/28-de-marzo-dia-mundial-de-la-enfermedad-pulmonar-obstructiva-cronica\/#breadcrumb"},"inLanguage":"es","potentialAction":[{"@type":"ReadAction","target":["https:\/\/medicina.udd.cl\/medicina-santiago\/noticias\/2016\/03\/24\/28-de-marzo-dia-mundial-de-la-enfermedad-pulmonar-obstructiva-cronica\/"]}]},{"@type":"ImageObject","inLanguage":"es","@id":"https:\/\/medicina.udd.cl\/medicina-santiago\/noticias\/2016\/03\/24\/28-de-marzo-dia-mundial-de-la-enfermedad-pulmonar-obstructiva-cronica\/#primaryimage","url":"https:\/\/medicina.udd.cl\/medicina-santiago\/files\/2016\/03\/hombre-fumando.jpg","contentUrl":"https:\/\/medicina.udd.cl\/medicina-santiago\/files\/2016\/03\/hombre-fumando.jpg","width":661,"height":450},{"@type":"BreadcrumbList","@id":"https:\/\/medicina.udd.cl\/medicina-santiago\/noticias\/2016\/03\/24\/28-de-marzo-dia-mundial-de-la-enfermedad-pulmonar-obstructiva-cronica\/#breadcrumb","itemListElement":[{"@type":"ListItem","position":1,"name":"Home","item":"https:\/\/medicina.udd.cl\/medicina-santiago\/"},{"@type":"ListItem","position":2,"name":"28 de marzo: D\u00eda mundial de la Enfermedad Pulmonar Obstructiva Cr\u00f3nica"}]},{"@type":"WebSite","@id":"https:\/\/medicina.udd.cl\/medicina-santiago\/#website","url":"https:\/\/medicina.udd.cl\/medicina-santiago\/","name":"Medicina","description":"Facultad de Medicina Cl\u00ednica Alemana Universidad del Desarrollo","inLanguage":"es"},{"@type":"Person","@id":"https:\/\/medicina.udd.cl\/medicina-santiago\/#\/schema\/person\/d2a1450d36aff8cda548012f30ae8d47","name":"rominagianotti","image":{"@type":"ImageObject","inLanguage":"es","@id":"https:\/\/medicina.udd.cl\/medicina-santiago\/#\/schema\/person\/image\/","url":"https:\/\/secure.gravatar.com\/avatar\/106dae79925154d9c4e321db25d50a6deb801d5b80ec313022dbea6ef60814cc?s=96&d=mm&r=g","contentUrl":"https:\/\/secure.gravatar.com\/avatar\/106dae79925154d9c4e321db25d50a6deb801d5b80ec313022dbea6ef60814cc?s=96&d=mm&r=g","caption":"rominagianotti"},"url":"https:\/\/medicina.udd.cl\/medicina-santiago\/noticias\/author\/rominagianotti\/"}]}},"featured_image_url":"https:\/\/medicina.udd.cl\/medicina-santiago\/files\/2016\/03\/hombre-fumando.jpg","_links":{"self":[{"href":"https:\/\/medicina.udd.cl\/medicina-santiago\/wp-json\/wp\/v2\/posts\/4066","targetHints":{"allow":["GET"]}}],"collection":[{"href":"https:\/\/medicina.udd.cl\/medicina-santiago\/wp-json\/wp\/v2\/posts"}],"about":[{"href":"https:\/\/medicina.udd.cl\/medicina-santiago\/wp-json\/wp\/v2\/types\/post"}],"author":[{"embeddable":true,"href":"https:\/\/medicina.udd.cl\/medicina-santiago\/wp-json\/wp\/v2\/users\/47"}],"replies":[{"embeddable":true,"href":"https:\/\/medicina.udd.cl\/medicina-santiago\/wp-json\/wp\/v2\/comments?post=4066"}],"version-history":[{"count":6,"href":"https:\/\/medicina.udd.cl\/medicina-santiago\/wp-json\/wp\/v2\/posts\/4066\/revisions"}],"predecessor-version":[{"id":4075,"href":"https:\/\/medicina.udd.cl\/medicina-santiago\/wp-json\/wp\/v2\/posts\/4066\/revisions\/4075"}],"wp:featuredmedia":[{"embeddable":true,"href":"https:\/\/medicina.udd.cl\/medicina-santiago\/wp-json\/wp\/v2\/media\/4067"}],"wp:attachment":[{"href":"https:\/\/medicina.udd.cl\/medicina-santiago\/wp-json\/wp\/v2\/media?parent=4066"}],"wp:term":[{"taxonomy":"category","embeddable":true,"href":"https:\/\/medicina.udd.cl\/medicina-santiago\/wp-json\/wp\/v2\/categories?post=4066"},{"taxonomy":"post_tag","embeddable":true,"href":"https:\/\/medicina.udd.cl\/medicina-santiago\/wp-json\/wp\/v2\/tags?post=4066"}],"curies":[{"name":"wp","href":"https:\/\/api.w.org\/{rel}","templated":true}]}}