{"id":413,"date":"2011-03-04T11:46:01","date_gmt":"2011-03-04T14:46:01","guid":{"rendered":"http:\/\/medicina.udd.cl\/medicina-santiago\/?p=413"},"modified":"2011-03-08T16:36:49","modified_gmt":"2011-03-08T19:36:49","slug":"autoridades-dieron-la-bienvenida-a-los-nuevos-estudiantes-de-medicina","status":"publish","type":"post","link":"https:\/\/medicina.udd.cl\/medicina-santiago\/noticias\/2011\/03\/04\/autoridades-dieron-la-bienvenida-a-los-nuevos-estudiantes-de-medicina\/","title":{"rendered":"Autoridades dieron la bienvenida a los nuevos estudiantes de Medicina"},"content":{"rendered":"<p style=\"text-align: justify;\">El inicio del semestre parti\u00f3 con la denominada Semana Puente que consta de una serie de actividades que permiten crear lazos entre los estudiantes y los nuevos conceptos que tratar\u00e1n durante la vida universitaria.<\/p>\n<p style=\"text-align: justify;\">Su partida estuvo a cargo de Federico Vald\u00e9s, prorector de la Universidad del Desarrollo, quien dio la bienvenida a los futuros m\u00e9dicos. \u201cBienvenidos a la mejor etapa de sus vidas\u201d, recalc\u00f3.<\/p>\n<p style=\"text-align: justify;\">Asimismo, la Dra. Marcela Castillo, coordinadora del programa, introdujo las distintas actividades que se realizar\u00e1n durante la semana tales como: clases presenciales, trabajos grupales, charlas y una primera prueba que demuestre la comprensi\u00f3n de contenidos y destrezas trabajadas.<\/p>\n<p style=\"text-align: justify;\">El Dr. Luis Thompson, director docente de medicina interna, introdujo el eje tem\u00e1tico: VIH- SIDA, s\u00edndrome tratado desde el punto de vista humano, cient\u00edfico y social.<\/p>\n<p style=\"text-align: justify;\">El \u00faltimo d\u00eda de trabajo se realiz\u00f3 en el Hospital Padre Hurtado donde los estudiantes conocieron los departamentos del principal campo cl\u00ednico, el m\u00f3dulo docente y el m\u00f3dulo docente asistencial.<\/p>\n<div id=\"gallery-1\" class=\"carousel slide carousel-gallery\" data-ride=\"false\" data-interval=\"false\"><div class=\"carousel-inner\" role=\"listbox\"><figure class=\"carousel-item active\"><img loading=\"lazy\" decoding=\"async\" width=\"690\" height=\"534\" src=\"https:\/\/medicina.udd.cl\/medicina-santiago\/files\/2011\/03\/7.jpg\" class=\"attachment-landscape_952 size-landscape_952\" alt=\"\" srcset=\"https:\/\/medicina.udd.cl\/medicina-santiago\/files\/2011\/03\/7.jpg 1850w, https:\/\/medicina.udd.cl\/medicina-santiago\/files\/2011\/03\/7-300x232.jpg 300w, https:\/\/medicina.udd.cl\/medicina-santiago\/files\/2011\/03\/7-768x594.jpg 768w, https:\/\/medicina.udd.cl\/medicina-santiago\/files\/2011\/03\/7-1024x793.jpg 1024w, https:\/\/medicina.udd.cl\/medicina-santiago\/files\/2011\/03\/7-182x140.jpg 182w, https:\/\/medicina.udd.cl\/medicina-santiago\/files\/2011\/03\/7-960x743.jpg 960w\" sizes=\"auto, (max-width: 690px) 100vw, 690px\" \/><\/figure><figure class=\"carousel-item\"><img loading=\"lazy\" decoding=\"async\" width=\"758\" height=\"534\" src=\"https:\/\/medicina.udd.cl\/medicina-santiago\/files\/2011\/03\/6.jpg\" class=\"attachment-landscape_952 size-landscape_952\" alt=\"\" srcset=\"https:\/\/medicina.udd.cl\/medicina-santiago\/files\/2011\/03\/6.jpg 1809w, https:\/\/medicina.udd.cl\/medicina-santiago\/files\/2011\/03\/6-300x211.jpg 300w, https:\/\/medicina.udd.cl\/medicina-santiago\/files\/2011\/03\/6-768x541.jpg 768w, https:\/\/medicina.udd.cl\/medicina-santiago\/files\/2011\/03\/6-1024x721.jpg 1024w, https:\/\/medicina.udd.cl\/medicina-santiago\/files\/2011\/03\/6-316x224.jpg 316w, https:\/\/medicina.udd.cl\/medicina-santiago\/files\/2011\/03\/6-87x62.jpg 87w, https:\/\/medicina.udd.cl\/medicina-santiago\/files\/2011\/03\/6-960x676.jpg 960w\" sizes=\"auto, (max-width: 758px) 100vw, 758px\" \/><\/figure><figure class=\"carousel-item\"><img loading=\"lazy\" decoding=\"async\" width=\"709\" height=\"534\" src=\"https:\/\/medicina.udd.cl\/medicina-santiago\/files\/2011\/03\/5.jpg\" class=\"attachment-landscape_952 size-landscape_952\" alt=\"\" srcset=\"https:\/\/medicina.udd.cl\/medicina-santiago\/files\/2011\/03\/5.jpg 1935w, https:\/\/medicina.udd.cl\/medicina-santiago\/files\/2011\/03\/5-300x226.jpg 300w, https:\/\/medicina.udd.cl\/medicina-santiago\/files\/2011\/03\/5-768x578.jpg 768w, https:\/\/medicina.udd.cl\/medicina-santiago\/files\/2011\/03\/5-1024x771.jpg 1024w, https:\/\/medicina.udd.cl\/medicina-santiago\/files\/2011\/03\/5-960x723.jpg 960w\" sizes=\"auto, (max-width: 709px) 100vw, 709px\" \/><\/figure><figure class=\"carousel-item\"><img loading=\"lazy\" decoding=\"async\" width=\"689\" height=\"534\" src=\"https:\/\/medicina.udd.cl\/medicina-santiago\/files\/2011\/03\/4.jpg\" class=\"attachment-landscape_952 size-landscape_952\" alt=\"\" srcset=\"https:\/\/medicina.udd.cl\/medicina-santiago\/files\/2011\/03\/4.jpg 1840w, https:\/\/medicina.udd.cl\/medicina-santiago\/files\/2011\/03\/4-300x233.jpg 300w, https:\/\/medicina.udd.cl\/medicina-santiago\/files\/2011\/03\/4-768x595.jpg 768w, https:\/\/medicina.udd.cl\/medicina-santiago\/files\/2011\/03\/4-1024x794.jpg 1024w, https:\/\/medicina.udd.cl\/medicina-santiago\/files\/2011\/03\/4-182x140.jpg 182w, https:\/\/medicina.udd.cl\/medicina-santiago\/files\/2011\/03\/4-960x744.jpg 960w\" sizes=\"auto, (max-width: 689px) 100vw, 689px\" \/><\/figure><figure class=\"carousel-item\"><img loading=\"lazy\" decoding=\"async\" width=\"712\" height=\"534\" src=\"https:\/\/medicina.udd.cl\/medicina-santiago\/files\/2011\/03\/3.jpg\" class=\"attachment-landscape_952 size-landscape_952\" alt=\"\" srcset=\"https:\/\/medicina.udd.cl\/medicina-santiago\/files\/2011\/03\/3.jpg 2048w, https:\/\/medicina.udd.cl\/medicina-santiago\/files\/2011\/03\/3-300x225.jpg 300w, https:\/\/medicina.udd.cl\/medicina-santiago\/files\/2011\/03\/3-768x576.jpg 768w, https:\/\/medicina.udd.cl\/medicina-santiago\/files\/2011\/03\/3-1024x768.jpg 1024w, https:\/\/medicina.udd.cl\/medicina-santiago\/files\/2011\/03\/3-960x720.jpg 960w\" sizes=\"auto, (max-width: 712px) 100vw, 712px\" \/><\/figure><figure class=\"carousel-item\"><img loading=\"lazy\" decoding=\"async\" width=\"712\" height=\"534\" src=\"https:\/\/medicina.udd.cl\/medicina-santiago\/files\/2011\/03\/2.jpg\" class=\"attachment-landscape_952 size-landscape_952\" alt=\"\" srcset=\"https:\/\/medicina.udd.cl\/medicina-santiago\/files\/2011\/03\/2.jpg 2048w, https:\/\/medicina.udd.cl\/medicina-santiago\/files\/2011\/03\/2-300x225.jpg 300w, https:\/\/medicina.udd.cl\/medicina-santiago\/files\/2011\/03\/2-768x576.jpg 768w, https:\/\/medicina.udd.cl\/medicina-santiago\/files\/2011\/03\/2-1024x768.jpg 1024w, https:\/\/medicina.udd.cl\/medicina-santiago\/files\/2011\/03\/2-960x720.jpg 960w\" sizes=\"auto, (max-width: 712px) 100vw, 712px\" \/><\/figure><figure class=\"carousel-item\"><img loading=\"lazy\" decoding=\"async\" width=\"755\" height=\"534\" src=\"https:\/\/medicina.udd.cl\/medicina-santiago\/files\/2011\/03\/1.jpg\" class=\"attachment-landscape_952 size-landscape_952\" alt=\"\" srcset=\"https:\/\/medicina.udd.cl\/medicina-santiago\/files\/2011\/03\/1.jpg 1999w, https:\/\/medicina.udd.cl\/medicina-santiago\/files\/2011\/03\/1-300x212.jpg 300w, https:\/\/medicina.udd.cl\/medicina-santiago\/files\/2011\/03\/1-768x543.jpg 768w, https:\/\/medicina.udd.cl\/medicina-santiago\/files\/2011\/03\/1-1024x724.jpg 1024w, https:\/\/medicina.udd.cl\/medicina-santiago\/files\/2011\/03\/1-316x224.jpg 316w, https:\/\/medicina.udd.cl\/medicina-santiago\/files\/2011\/03\/1-87x62.jpg 87w, https:\/\/medicina.udd.cl\/medicina-santiago\/files\/2011\/03\/1-960x679.jpg 960w\" sizes=\"auto, (max-width: 755px) 100vw, 755px\" \/><\/figure><\/div><footer class=\"carousel-footer\"><div class=\"carousel-counter\"><span class=\"carousel-counter-current\"><\/span> \/ <span class=\"carousel-counter-total\"><\/span><\/div><a class=\"carousel-control-prev\" href=\"#gallery-1\" role=\"button\" data-slide=\"prev\"><svg aria-hidden=\"true\" class=\"svg-chevron-left-dims\"><use xlink:href='https:\/\/medicina.udd.cl\/medicina-santiago\/wp-content\/themes\/facultades-2018\/assets\/img\/svg\/dist\/main.svg?version=1695853099#chevron-left'><\/use><\/svg><span class=\"sr-only\">Anterior<\/span><\/a><a class=\"carousel-control-next\" href=\"#gallery-1\" role=\"button\" data-slide=\"next\"><svg aria-hidden=\"true\" class=\"svg-chevron-right-dims\"><use xlink:href='https:\/\/medicina.udd.cl\/medicina-santiago\/wp-content\/themes\/facultades-2018\/assets\/img\/svg\/dist\/main.svg?version=1695853099#chevron-right'><\/use><\/svg><span class=\"sr-only\">Siguiente<\/span><\/a><\/footer><\/div>\n","protected":false},"excerpt":{"rendered":"<p>El martes 1 de marzo comenzaron las clases en la Facultad de Medicina Cl\u00ednica Alemana Universidad del Desarrollo.<\/p>\n","protected":false},"author":1,"featured_media":0,"comment_status":"open","ping_status":"open","sticky":false,"template":"","format":"standard","meta":{"footnotes":""},"categories":[4],"tags":[],"class_list":["post-413","post","type-post","status-publish","format-standard","hentry","category-noticias"],"yoast_head":"<!-- This site is optimized with the Yoast SEO plugin v26.9 - https:\/\/yoast.com\/product\/yoast-seo-wordpress\/ -->\n<title>Autoridades dieron la bienvenida a los nuevos estudiantes de Medicina - Medicina<\/title>\n<meta name=\"robots\" content=\"index, follow, max-snippet:-1, max-image-preview:large, max-video-preview:-1\" \/>\n<link rel=\"canonical\" href=\"https:\/\/medicina.udd.cl\/medicina-santiago\/noticias\/2011\/03\/04\/autoridades-dieron-la-bienvenida-a-los-nuevos-estudiantes-de-medicina\/\" \/>\n<meta property=\"og:locale\" content=\"es_ES\" \/>\n<meta property=\"og:type\" content=\"article\" \/>\n<meta property=\"og:title\" content=\"Autoridades dieron la bienvenida a los nuevos estudiantes de Medicina - Medicina\" \/>\n<meta property=\"og:description\" content=\"El martes 1 de marzo comenzaron las clases en la Facultad de Medicina Cl\u00ednica Alemana Universidad del Desarrollo.\" \/>\n<meta property=\"og:url\" content=\"https:\/\/medicina.udd.cl\/medicina-santiago\/noticias\/2011\/03\/04\/autoridades-dieron-la-bienvenida-a-los-nuevos-estudiantes-de-medicina\/\" \/>\n<meta property=\"og:site_name\" content=\"Medicina\" \/>\n<meta property=\"article:published_time\" content=\"2011-03-04T14:46:01+00:00\" \/>\n<meta property=\"article:modified_time\" content=\"2011-03-08T19:36:49+00:00\" \/>\n<meta property=\"og:image\" content=\"https:\/\/medicina.udd.cl\/medicina-santiago\/files\/2011\/03\/7.jpg\" \/>\n<meta name=\"author\" content=\"admin\" \/>\n<meta name=\"twitter:label1\" content=\"Escrito por\" \/>\n\t<meta name=\"twitter:data1\" content=\"admin\" \/>\n\t<meta name=\"twitter:label2\" content=\"Tiempo de lectura\" \/>\n\t<meta name=\"twitter:data2\" content=\"1 minuto\" \/>\n<script type=\"application\/ld+json\" class=\"yoast-schema-graph\">{\"@context\":\"https:\/\/schema.org\",\"@graph\":[{\"@type\":\"Article\",\"@id\":\"https:\/\/medicina.udd.cl\/medicina-santiago\/noticias\/2011\/03\/04\/autoridades-dieron-la-bienvenida-a-los-nuevos-estudiantes-de-medicina\/#article\",\"isPartOf\":{\"@id\":\"https:\/\/medicina.udd.cl\/medicina-santiago\/noticias\/2011\/03\/04\/autoridades-dieron-la-bienvenida-a-los-nuevos-estudiantes-de-medicina\/\"},\"author\":{\"name\":\"admin\",\"@id\":\"https:\/\/medicina.udd.cl\/medicina-santiago\/#\/schema\/person\/f7abfa784c86da427e89287831f96ab7\"},\"headline\":\"Autoridades dieron la bienvenida a los nuevos estudiantes de Medicina\",\"datePublished\":\"2011-03-04T14:46:01+00:00\",\"dateModified\":\"2011-03-08T19:36:49+00:00\",\"mainEntityOfPage\":{\"@id\":\"https:\/\/medicina.udd.cl\/medicina-santiago\/noticias\/2011\/03\/04\/autoridades-dieron-la-bienvenida-a-los-nuevos-estudiantes-de-medicina\/\"},\"wordCount\":184,\"commentCount\":0,\"articleSection\":[\"Noticias\"],\"inLanguage\":\"es\",\"potentialAction\":[{\"@type\":\"CommentAction\",\"name\":\"Comment\",\"target\":[\"https:\/\/medicina.udd.cl\/medicina-santiago\/noticias\/2011\/03\/04\/autoridades-dieron-la-bienvenida-a-los-nuevos-estudiantes-de-medicina\/#respond\"]}]},{\"@type\":\"WebPage\",\"@id\":\"https:\/\/medicina.udd.cl\/medicina-santiago\/noticias\/2011\/03\/04\/autoridades-dieron-la-bienvenida-a-los-nuevos-estudiantes-de-medicina\/\",\"url\":\"https:\/\/medicina.udd.cl\/medicina-santiago\/noticias\/2011\/03\/04\/autoridades-dieron-la-bienvenida-a-los-nuevos-estudiantes-de-medicina\/\",\"name\":\"Autoridades dieron la bienvenida a los nuevos estudiantes de Medicina - Medicina\",\"isPartOf\":{\"@id\":\"https:\/\/medicina.udd.cl\/medicina-santiago\/#website\"},\"datePublished\":\"2011-03-04T14:46:01+00:00\",\"dateModified\":\"2011-03-08T19:36:49+00:00\",\"author\":{\"@id\":\"https:\/\/medicina.udd.cl\/medicina-santiago\/#\/schema\/person\/f7abfa784c86da427e89287831f96ab7\"},\"breadcrumb\":{\"@id\":\"https:\/\/medicina.udd.cl\/medicina-santiago\/noticias\/2011\/03\/04\/autoridades-dieron-la-bienvenida-a-los-nuevos-estudiantes-de-medicina\/#breadcrumb\"},\"inLanguage\":\"es\",\"potentialAction\":[{\"@type\":\"ReadAction\",\"target\":[\"https:\/\/medicina.udd.cl\/medicina-santiago\/noticias\/2011\/03\/04\/autoridades-dieron-la-bienvenida-a-los-nuevos-estudiantes-de-medicina\/\"]}]},{\"@type\":\"BreadcrumbList\",\"@id\":\"https:\/\/medicina.udd.cl\/medicina-santiago\/noticias\/2011\/03\/04\/autoridades-dieron-la-bienvenida-a-los-nuevos-estudiantes-de-medicina\/#breadcrumb\",\"itemListElement\":[{\"@type\":\"ListItem\",\"position\":1,\"name\":\"Home\",\"item\":\"https:\/\/medicina.udd.cl\/medicina-santiago\/\"},{\"@type\":\"ListItem\",\"position\":2,\"name\":\"Autoridades dieron la bienvenida a los nuevos estudiantes de Medicina\"}]},{\"@type\":\"WebSite\",\"@id\":\"https:\/\/medicina.udd.cl\/medicina-santiago\/#website\",\"url\":\"https:\/\/medicina.udd.cl\/medicina-santiago\/\",\"name\":\"Medicina\",\"description\":\"Facultad de Medicina Cl\u00ednica Alemana Universidad del Desarrollo\",\"inLanguage\":\"es\"},{\"@type\":\"Person\",\"@id\":\"https:\/\/medicina.udd.cl\/medicina-santiago\/#\/schema\/person\/f7abfa784c86da427e89287831f96ab7\",\"name\":\"admin\",\"image\":{\"@type\":\"ImageObject\",\"inLanguage\":\"es\",\"@id\":\"https:\/\/medicina.udd.cl\/medicina-santiago\/#\/schema\/person\/image\/\",\"url\":\"https:\/\/secure.gravatar.com\/avatar\/3cb6da298954dfb54457c0910b8c9ca010abd8d87a60f7d701b6ce4254e1c642?s=96&d=mm&r=g\",\"contentUrl\":\"https:\/\/secure.gravatar.com\/avatar\/3cb6da298954dfb54457c0910b8c9ca010abd8d87a60f7d701b6ce4254e1c642?s=96&d=mm&r=g\",\"caption\":\"admin\"},\"url\":\"https:\/\/medicina.udd.cl\/medicina-santiago\/noticias\/author\/admin\/\"}]}<\/script>\n<!-- \/ Yoast SEO plugin. -->","yoast_head_json":{"title":"Autoridades dieron la bienvenida a los nuevos estudiantes de Medicina - Medicina","robots":{"index":"index","follow":"follow","max-snippet":"max-snippet:-1","max-image-preview":"max-image-preview:large","max-video-preview":"max-video-preview:-1"},"canonical":"https:\/\/medicina.udd.cl\/medicina-santiago\/noticias\/2011\/03\/04\/autoridades-dieron-la-bienvenida-a-los-nuevos-estudiantes-de-medicina\/","og_locale":"es_ES","og_type":"article","og_title":"Autoridades dieron la bienvenida a los nuevos estudiantes de Medicina - Medicina","og_description":"El martes 1 de marzo comenzaron las clases en la Facultad de Medicina Cl\u00ednica Alemana Universidad del Desarrollo.","og_url":"https:\/\/medicina.udd.cl\/medicina-santiago\/noticias\/2011\/03\/04\/autoridades-dieron-la-bienvenida-a-los-nuevos-estudiantes-de-medicina\/","og_site_name":"Medicina","article_published_time":"2011-03-04T14:46:01+00:00","article_modified_time":"2011-03-08T19:36:49+00:00","og_image":[{"url":"https:\/\/medicina.udd.cl\/medicina-santiago\/files\/2011\/03\/7.jpg","type":"","width":"","height":""}],"author":"admin","twitter_misc":{"Escrito por":"admin","Tiempo de lectura":"1 minuto"},"schema":{"@context":"https:\/\/schema.org","@graph":[{"@type":"Article","@id":"https:\/\/medicina.udd.cl\/medicina-santiago\/noticias\/2011\/03\/04\/autoridades-dieron-la-bienvenida-a-los-nuevos-estudiantes-de-medicina\/#article","isPartOf":{"@id":"https:\/\/medicina.udd.cl\/medicina-santiago\/noticias\/2011\/03\/04\/autoridades-dieron-la-bienvenida-a-los-nuevos-estudiantes-de-medicina\/"},"author":{"name":"admin","@id":"https:\/\/medicina.udd.cl\/medicina-santiago\/#\/schema\/person\/f7abfa784c86da427e89287831f96ab7"},"headline":"Autoridades dieron la bienvenida a los nuevos estudiantes de Medicina","datePublished":"2011-03-04T14:46:01+00:00","dateModified":"2011-03-08T19:36:49+00:00","mainEntityOfPage":{"@id":"https:\/\/medicina.udd.cl\/medicina-santiago\/noticias\/2011\/03\/04\/autoridades-dieron-la-bienvenida-a-los-nuevos-estudiantes-de-medicina\/"},"wordCount":184,"commentCount":0,"articleSection":["Noticias"],"inLanguage":"es","potentialAction":[{"@type":"CommentAction","name":"Comment","target":["https:\/\/medicina.udd.cl\/medicina-santiago\/noticias\/2011\/03\/04\/autoridades-dieron-la-bienvenida-a-los-nuevos-estudiantes-de-medicina\/#respond"]}]},{"@type":"WebPage","@id":"https:\/\/medicina.udd.cl\/medicina-santiago\/noticias\/2011\/03\/04\/autoridades-dieron-la-bienvenida-a-los-nuevos-estudiantes-de-medicina\/","url":"https:\/\/medicina.udd.cl\/medicina-santiago\/noticias\/2011\/03\/04\/autoridades-dieron-la-bienvenida-a-los-nuevos-estudiantes-de-medicina\/","name":"Autoridades dieron la bienvenida a los nuevos estudiantes de Medicina - Medicina","isPartOf":{"@id":"https:\/\/medicina.udd.cl\/medicina-santiago\/#website"},"datePublished":"2011-03-04T14:46:01+00:00","dateModified":"2011-03-08T19:36:49+00:00","author":{"@id":"https:\/\/medicina.udd.cl\/medicina-santiago\/#\/schema\/person\/f7abfa784c86da427e89287831f96ab7"},"breadcrumb":{"@id":"https:\/\/medicina.udd.cl\/medicina-santiago\/noticias\/2011\/03\/04\/autoridades-dieron-la-bienvenida-a-los-nuevos-estudiantes-de-medicina\/#breadcrumb"},"inLanguage":"es","potentialAction":[{"@type":"ReadAction","target":["https:\/\/medicina.udd.cl\/medicina-santiago\/noticias\/2011\/03\/04\/autoridades-dieron-la-bienvenida-a-los-nuevos-estudiantes-de-medicina\/"]}]},{"@type":"BreadcrumbList","@id":"https:\/\/medicina.udd.cl\/medicina-santiago\/noticias\/2011\/03\/04\/autoridades-dieron-la-bienvenida-a-los-nuevos-estudiantes-de-medicina\/#breadcrumb","itemListElement":[{"@type":"ListItem","position":1,"name":"Home","item":"https:\/\/medicina.udd.cl\/medicina-santiago\/"},{"@type":"ListItem","position":2,"name":"Autoridades dieron la bienvenida a los nuevos estudiantes de Medicina"}]},{"@type":"WebSite","@id":"https:\/\/medicina.udd.cl\/medicina-santiago\/#website","url":"https:\/\/medicina.udd.cl\/medicina-santiago\/","name":"Medicina","description":"Facultad de Medicina Cl\u00ednica Alemana Universidad del Desarrollo","inLanguage":"es"},{"@type":"Person","@id":"https:\/\/medicina.udd.cl\/medicina-santiago\/#\/schema\/person\/f7abfa784c86da427e89287831f96ab7","name":"admin","image":{"@type":"ImageObject","inLanguage":"es","@id":"https:\/\/medicina.udd.cl\/medicina-santiago\/#\/schema\/person\/image\/","url":"https:\/\/secure.gravatar.com\/avatar\/3cb6da298954dfb54457c0910b8c9ca010abd8d87a60f7d701b6ce4254e1c642?s=96&d=mm&r=g","contentUrl":"https:\/\/secure.gravatar.com\/avatar\/3cb6da298954dfb54457c0910b8c9ca010abd8d87a60f7d701b6ce4254e1c642?s=96&d=mm&r=g","caption":"admin"},"url":"https:\/\/medicina.udd.cl\/medicina-santiago\/noticias\/author\/admin\/"}]}},"featured_image_url":null,"_links":{"self":[{"href":"https:\/\/medicina.udd.cl\/medicina-santiago\/wp-json\/wp\/v2\/posts\/413","targetHints":{"allow":["GET"]}}],"collection":[{"href":"https:\/\/medicina.udd.cl\/medicina-santiago\/wp-json\/wp\/v2\/posts"}],"about":[{"href":"https:\/\/medicina.udd.cl\/medicina-santiago\/wp-json\/wp\/v2\/types\/post"}],"author":[{"embeddable":true,"href":"https:\/\/medicina.udd.cl\/medicina-santiago\/wp-json\/wp\/v2\/users\/1"}],"replies":[{"embeddable":true,"href":"https:\/\/medicina.udd.cl\/medicina-santiago\/wp-json\/wp\/v2\/comments?post=413"}],"version-history":[{"count":3,"href":"https:\/\/medicina.udd.cl\/medicina-santiago\/wp-json\/wp\/v2\/posts\/413\/revisions"}],"predecessor-version":[{"id":426,"href":"https:\/\/medicina.udd.cl\/medicina-santiago\/wp-json\/wp\/v2\/posts\/413\/revisions\/426"}],"wp:attachment":[{"href":"https:\/\/medicina.udd.cl\/medicina-santiago\/wp-json\/wp\/v2\/media?parent=413"}],"wp:term":[{"taxonomy":"category","embeddable":true,"href":"https:\/\/medicina.udd.cl\/medicina-santiago\/wp-json\/wp\/v2\/categories?post=413"},{"taxonomy":"post_tag","embeddable":true,"href":"https:\/\/medicina.udd.cl\/medicina-santiago\/wp-json\/wp\/v2\/tags?post=413"}],"curies":[{"name":"wp","href":"https:\/\/api.w.org\/{rel}","templated":true}]}}