{"id":4206,"date":"2016-07-04T12:37:58","date_gmt":"2016-07-04T16:37:58","guid":{"rendered":"http:\/\/medicina.udd.cl\/medicina-santiago\/?p=4206"},"modified":"2016-07-04T12:39:37","modified_gmt":"2016-07-04T16:39:37","slug":"los-nuevos-desafios-del-area-de-postgrado-de-la-facultad","status":"publish","type":"post","link":"https:\/\/medicina.udd.cl\/medicina-santiago\/noticias\/2016\/07\/04\/los-nuevos-desafios-del-area-de-postgrado-de-la-facultad\/","title":{"rendered":"Los nuevos desaf\u00edos del \u00e1rea de Postgrado de la Facultad"},"content":{"rendered":"<p style=\"text-align: justify\"><a href=\"http:\/\/medicina.udd.cl\/medicina-santiago\/files\/2016\/07\/Dr.-Vega.jpg\" rel=\"attachment wp-att-4207\"><img loading=\"lazy\" decoding=\"async\" class=\"alignnone wp-image-4207\" src=\"http:\/\/medicina.udd.cl\/medicina-santiago\/files\/2016\/07\/Dr.-Vega-300x200.jpg\" alt=\"Dr. Vega\" width=\"417\" height=\"278\" srcset=\"https:\/\/medicina.udd.cl\/medicina-santiago\/files\/2016\/07\/Dr.-Vega-300x200.jpg 300w, https:\/\/medicina.udd.cl\/medicina-santiago\/files\/2016\/07\/Dr.-Vega-768x512.jpg 768w, https:\/\/medicina.udd.cl\/medicina-santiago\/files\/2016\/07\/Dr.-Vega-1024x683.jpg 1024w, https:\/\/medicina.udd.cl\/medicina-santiago\/files\/2016\/07\/Dr.-Vega-960x640.jpg 960w\" sizes=\"auto, (max-width: 417px) 100vw, 417px\" \/><\/a><\/p>\n<p style=\"text-align: justify\">Pediatra y especialista en Enfermedades Respiratorias del Ni\u00f1o, el doctor Luis Enrique Vega, actual director del Postgrado de Especialidades M\u00e9dicas, lleva ocho a\u00f1os trabajando en la Facultad de Medicina Cl\u00ednica Alemana Universidad del Desarrollo. Antes de asumir este cargo fue docente, coordinador de campo cl\u00ednico y jefe del Programa de Pediatr\u00eda; hoy, en su nuevo rol, tiene por objetivo consolidar y expandir el trabajo iniciado el 2002 en Postgrado, crear nuevas especialidades, subespecialidades y diplomados; y, finalmente, conseguir la acreditaci\u00f3n nacional e internacional de los mismos.<\/p>\n<p style=\"text-align: justify\">\u201cLos programas de especialidades m\u00e9dicas han experimentado un gran desarrollo en las \u00faltimas d\u00e9cadas, debido al avance de la tecnolog\u00eda y el entrenamiento en modelos de simulaci\u00f3n. En este sentido,\u00a0 las necesidades del pa\u00eds, hospitales y centros privados gu\u00edan y regulan el proceso de la educaci\u00f3n en el postgrado\u201d, dijo el\u00a0<strong>doctor Vega<\/strong>, quien tambi\u00e9n agreg\u00f3 que \u201cexiste la necesidad de profesionalizar y estandarizar los procesos que regulan la formaci\u00f3n de m\u00e9dicos especialistas; sin embargo, los procesos de transferencia del conocimiento son imperfectos y a la vez complejos, por lo que no s\u00f3lo se requiere de traslaci\u00f3n e innovaci\u00f3n para reducir esta brecha, sino tambi\u00e9n de habilidades cl\u00ednicas y modelos de \u00e9tica y gesti\u00f3n en Salud\u201d.<\/p>\n<p style=\"text-align: justify\">Sobre su nuevo rol, el doctor Vega manifiesta su inter\u00e9s por \u201calcanzar la acreditaci\u00f3n nacional de todos los programas vigentes, desarrollando profesionalismo que pueda ser medido por est\u00e1ndares internacionales como los publicados por CanMEDs, que nos permita realizar intercambios de alumnos en el extranjero. As\u00ed mismo, mejorar los procesos de comunicaci\u00f3n entre nuestros principales campos cl\u00ednicos: Cl\u00ednica Alemana, Universidad del Desarrollo y Hospital Padre Hurtado, lo que posicionar\u00e1 a nuestro Postgrado como una vitrina interdisciplinaria y multifacultad\u201d.<\/p>\n<p style=\"text-align: justify\">Por su parte, la vicedecana de Postgrado de la Facultad de Medicina CAS-UDD, <strong>doctora Marcela Castillo<\/strong>, se\u00f1al\u00f3 que \u201cen una nueva etapa del desarrollo de postgrado, el doctor Vega llega al equipo -con su experiencia como jefe de programa e investigador- para apoyar el desarrollo de los programas m\u00e9dicos y hacer crecer el \u00e1rea\u00a0en t\u00e9rminos de calidad y cantidad; queremos potenciar la identidad institucional de nuestros residentes con una formaci\u00f3n integral y una exitosa acreditaci\u00f3n de la oferta de la Facultad\u201d.<\/p>\n<p style=\"text-align: justify\">Finalmente, cabe destacar que el doctor Vega egres\u00f3 como subespecialista de la Pontificia Universidad Cat\u00f3lica, curs\u00f3 un <em>fellow\u00a0<\/em>en el Imperial College de Londres y dos diplomados en investigaci\u00f3n cl\u00ednica con menci\u00f3n en traslaci\u00f3n. Ha sido autor de numerosos art\u00edculos en revistas y cap\u00edtulos de libros nacionales e internacionales, acreedor de financiamiento Fonis y editor de la Revista Chilena de Neumolog\u00eda Pedi\u00e1trica por ocho a\u00f1os. Actualmente, se desempe\u00f1a como broncopulmonar infantil en el Hospital Padre Hurtado y Cl\u00ednica Alemana, revisor de diversas revistas cient\u00edficas nacionales e internacionales, consultor de Conicyt y par evaluador de la Agencia de Acreditaci\u00f3n Apice.<\/p>\n<p style=\"text-align: justify\">\n","protected":false},"excerpt":{"rendered":"<p>El pasado 2 de mayo, el doctor Luis Enrique Vega asumi\u00f3 como nuevo director del Postgrado de Especialidades M\u00e9dicas, en un \u00e1rea que hoy presenta mayores desaf\u00edos.<\/p>\n","protected":false},"author":9192192,"featured_media":4207,"comment_status":"open","ping_status":"open","sticky":false,"template":"","format":"standard","meta":{"footnotes":""},"categories":[4],"tags":[],"class_list":["post-4206","post","type-post","status-publish","format-standard","has-post-thumbnail","hentry","category-noticias"],"yoast_head":"<!-- This site is optimized with the Yoast SEO plugin v26.9 - https:\/\/yoast.com\/product\/yoast-seo-wordpress\/ -->\n<title>Los nuevos desaf\u00edos del \u00e1rea de Postgrado de la Facultad - Medicina<\/title>\n<meta name=\"robots\" content=\"index, follow, max-snippet:-1, max-image-preview:large, max-video-preview:-1\" \/>\n<link rel=\"canonical\" href=\"https:\/\/medicina.udd.cl\/medicina-santiago\/noticias\/2016\/07\/04\/los-nuevos-desafios-del-area-de-postgrado-de-la-facultad\/\" \/>\n<meta property=\"og:locale\" content=\"es_ES\" \/>\n<meta property=\"og:type\" content=\"article\" \/>\n<meta property=\"og:title\" content=\"Los nuevos desaf\u00edos del \u00e1rea de Postgrado de la Facultad - Medicina\" \/>\n<meta property=\"og:description\" content=\"El pasado 2 de mayo, el doctor Luis Enrique Vega asumi\u00f3 como nuevo director del Postgrado de Especialidades M\u00e9dicas, en un \u00e1rea que hoy presenta mayores desaf\u00edos.\" \/>\n<meta property=\"og:url\" content=\"https:\/\/medicina.udd.cl\/medicina-santiago\/noticias\/2016\/07\/04\/los-nuevos-desafios-del-area-de-postgrado-de-la-facultad\/\" \/>\n<meta property=\"og:site_name\" content=\"Medicina\" \/>\n<meta property=\"article:published_time\" content=\"2016-07-04T16:37:58+00:00\" \/>\n<meta property=\"article:modified_time\" content=\"2016-07-04T16:39:37+00:00\" \/>\n<meta property=\"og:image\" content=\"https:\/\/medicina.udd.cl\/medicina-santiago\/files\/2016\/07\/Dr.-Vega-1024x683.jpg\" \/>\n\t<meta property=\"og:image:width\" content=\"1024\" \/>\n\t<meta property=\"og:image:height\" content=\"683\" \/>\n\t<meta property=\"og:image:type\" content=\"image\/jpeg\" \/>\n<meta name=\"author\" content=\"paulinamunoz\" \/>\n<meta name=\"twitter:label1\" content=\"Escrito por\" \/>\n\t<meta name=\"twitter:data1\" content=\"paulinamunoz\" \/>\n\t<meta name=\"twitter:label2\" content=\"Tiempo de lectura\" \/>\n\t<meta name=\"twitter:data2\" content=\"3 minutos\" \/>\n<script type=\"application\/ld+json\" class=\"yoast-schema-graph\">{\"@context\":\"https:\/\/schema.org\",\"@graph\":[{\"@type\":\"Article\",\"@id\":\"https:\/\/medicina.udd.cl\/medicina-santiago\/noticias\/2016\/07\/04\/los-nuevos-desafios-del-area-de-postgrado-de-la-facultad\/#article\",\"isPartOf\":{\"@id\":\"https:\/\/medicina.udd.cl\/medicina-santiago\/noticias\/2016\/07\/04\/los-nuevos-desafios-del-area-de-postgrado-de-la-facultad\/\"},\"author\":{\"name\":\"paulinamunoz\",\"@id\":\"https:\/\/medicina.udd.cl\/medicina-santiago\/#\/schema\/person\/8bbd66125b574a40ec467c180c11f2e3\"},\"headline\":\"Los nuevos desaf\u00edos del \u00e1rea de Postgrado de la Facultad\",\"datePublished\":\"2016-07-04T16:37:58+00:00\",\"dateModified\":\"2016-07-04T16:39:37+00:00\",\"mainEntityOfPage\":{\"@id\":\"https:\/\/medicina.udd.cl\/medicina-santiago\/noticias\/2016\/07\/04\/los-nuevos-desafios-del-area-de-postgrado-de-la-facultad\/\"},\"wordCount\":518,\"commentCount\":0,\"image\":{\"@id\":\"https:\/\/medicina.udd.cl\/medicina-santiago\/noticias\/2016\/07\/04\/los-nuevos-desafios-del-area-de-postgrado-de-la-facultad\/#primaryimage\"},\"thumbnailUrl\":\"https:\/\/medicina.udd.cl\/medicina-santiago\/files\/2016\/07\/Dr.-Vega.jpg\",\"articleSection\":[\"Noticias\"],\"inLanguage\":\"es\",\"potentialAction\":[{\"@type\":\"CommentAction\",\"name\":\"Comment\",\"target\":[\"https:\/\/medicina.udd.cl\/medicina-santiago\/noticias\/2016\/07\/04\/los-nuevos-desafios-del-area-de-postgrado-de-la-facultad\/#respond\"]}]},{\"@type\":\"WebPage\",\"@id\":\"https:\/\/medicina.udd.cl\/medicina-santiago\/noticias\/2016\/07\/04\/los-nuevos-desafios-del-area-de-postgrado-de-la-facultad\/\",\"url\":\"https:\/\/medicina.udd.cl\/medicina-santiago\/noticias\/2016\/07\/04\/los-nuevos-desafios-del-area-de-postgrado-de-la-facultad\/\",\"name\":\"Los nuevos desaf\u00edos del \u00e1rea de Postgrado de la Facultad - Medicina\",\"isPartOf\":{\"@id\":\"https:\/\/medicina.udd.cl\/medicina-santiago\/#website\"},\"primaryImageOfPage\":{\"@id\":\"https:\/\/medicina.udd.cl\/medicina-santiago\/noticias\/2016\/07\/04\/los-nuevos-desafios-del-area-de-postgrado-de-la-facultad\/#primaryimage\"},\"image\":{\"@id\":\"https:\/\/medicina.udd.cl\/medicina-santiago\/noticias\/2016\/07\/04\/los-nuevos-desafios-del-area-de-postgrado-de-la-facultad\/#primaryimage\"},\"thumbnailUrl\":\"https:\/\/medicina.udd.cl\/medicina-santiago\/files\/2016\/07\/Dr.-Vega.jpg\",\"datePublished\":\"2016-07-04T16:37:58+00:00\",\"dateModified\":\"2016-07-04T16:39:37+00:00\",\"author\":{\"@id\":\"https:\/\/medicina.udd.cl\/medicina-santiago\/#\/schema\/person\/8bbd66125b574a40ec467c180c11f2e3\"},\"breadcrumb\":{\"@id\":\"https:\/\/medicina.udd.cl\/medicina-santiago\/noticias\/2016\/07\/04\/los-nuevos-desafios-del-area-de-postgrado-de-la-facultad\/#breadcrumb\"},\"inLanguage\":\"es\",\"potentialAction\":[{\"@type\":\"ReadAction\",\"target\":[\"https:\/\/medicina.udd.cl\/medicina-santiago\/noticias\/2016\/07\/04\/los-nuevos-desafios-del-area-de-postgrado-de-la-facultad\/\"]}]},{\"@type\":\"ImageObject\",\"inLanguage\":\"es\",\"@id\":\"https:\/\/medicina.udd.cl\/medicina-santiago\/noticias\/2016\/07\/04\/los-nuevos-desafios-del-area-de-postgrado-de-la-facultad\/#primaryimage\",\"url\":\"https:\/\/medicina.udd.cl\/medicina-santiago\/files\/2016\/07\/Dr.-Vega.jpg\",\"contentUrl\":\"https:\/\/medicina.udd.cl\/medicina-santiago\/files\/2016\/07\/Dr.-Vega.jpg\",\"width\":5184,\"height\":3456},{\"@type\":\"BreadcrumbList\",\"@id\":\"https:\/\/medicina.udd.cl\/medicina-santiago\/noticias\/2016\/07\/04\/los-nuevos-desafios-del-area-de-postgrado-de-la-facultad\/#breadcrumb\",\"itemListElement\":[{\"@type\":\"ListItem\",\"position\":1,\"name\":\"Home\",\"item\":\"https:\/\/medicina.udd.cl\/medicina-santiago\/\"},{\"@type\":\"ListItem\",\"position\":2,\"name\":\"Los nuevos desaf\u00edos del \u00e1rea de Postgrado de la Facultad\"}]},{\"@type\":\"WebSite\",\"@id\":\"https:\/\/medicina.udd.cl\/medicina-santiago\/#website\",\"url\":\"https:\/\/medicina.udd.cl\/medicina-santiago\/\",\"name\":\"Medicina\",\"description\":\"Facultad de Medicina Cl\u00ednica Alemana Universidad del Desarrollo\",\"inLanguage\":\"es\"},{\"@type\":\"Person\",\"@id\":\"https:\/\/medicina.udd.cl\/medicina-santiago\/#\/schema\/person\/8bbd66125b574a40ec467c180c11f2e3\",\"name\":\"paulinamunoz\",\"image\":{\"@type\":\"ImageObject\",\"inLanguage\":\"es\",\"@id\":\"https:\/\/medicina.udd.cl\/medicina-santiago\/#\/schema\/person\/image\/\",\"url\":\"https:\/\/secure.gravatar.com\/avatar\/748ce8fb74e8f8077c4966697a3b3710ca0019e71a62146890c0dcdc705e7f3d?s=96&d=mm&r=g\",\"contentUrl\":\"https:\/\/secure.gravatar.com\/avatar\/748ce8fb74e8f8077c4966697a3b3710ca0019e71a62146890c0dcdc705e7f3d?s=96&d=mm&r=g\",\"caption\":\"paulinamunoz\"},\"url\":\"https:\/\/medicina.udd.cl\/medicina-santiago\/noticias\/author\/paulinamunoz\/\"}]}<\/script>\n<!-- \/ Yoast SEO plugin. -->","yoast_head_json":{"title":"Los nuevos desaf\u00edos del \u00e1rea de Postgrado de la Facultad - Medicina","robots":{"index":"index","follow":"follow","max-snippet":"max-snippet:-1","max-image-preview":"max-image-preview:large","max-video-preview":"max-video-preview:-1"},"canonical":"https:\/\/medicina.udd.cl\/medicina-santiago\/noticias\/2016\/07\/04\/los-nuevos-desafios-del-area-de-postgrado-de-la-facultad\/","og_locale":"es_ES","og_type":"article","og_title":"Los nuevos desaf\u00edos del \u00e1rea de Postgrado de la Facultad - Medicina","og_description":"El pasado 2 de mayo, el doctor Luis Enrique Vega asumi\u00f3 como nuevo director del Postgrado de Especialidades M\u00e9dicas, en un \u00e1rea que hoy presenta mayores desaf\u00edos.","og_url":"https:\/\/medicina.udd.cl\/medicina-santiago\/noticias\/2016\/07\/04\/los-nuevos-desafios-del-area-de-postgrado-de-la-facultad\/","og_site_name":"Medicina","article_published_time":"2016-07-04T16:37:58+00:00","article_modified_time":"2016-07-04T16:39:37+00:00","og_image":[{"width":1024,"height":683,"url":"https:\/\/medicina.udd.cl\/medicina-santiago\/files\/2016\/07\/Dr.-Vega-1024x683.jpg","type":"image\/jpeg"}],"author":"paulinamunoz","twitter_misc":{"Escrito por":"paulinamunoz","Tiempo de lectura":"3 minutos"},"schema":{"@context":"https:\/\/schema.org","@graph":[{"@type":"Article","@id":"https:\/\/medicina.udd.cl\/medicina-santiago\/noticias\/2016\/07\/04\/los-nuevos-desafios-del-area-de-postgrado-de-la-facultad\/#article","isPartOf":{"@id":"https:\/\/medicina.udd.cl\/medicina-santiago\/noticias\/2016\/07\/04\/los-nuevos-desafios-del-area-de-postgrado-de-la-facultad\/"},"author":{"name":"paulinamunoz","@id":"https:\/\/medicina.udd.cl\/medicina-santiago\/#\/schema\/person\/8bbd66125b574a40ec467c180c11f2e3"},"headline":"Los nuevos desaf\u00edos del \u00e1rea de Postgrado de la Facultad","datePublished":"2016-07-04T16:37:58+00:00","dateModified":"2016-07-04T16:39:37+00:00","mainEntityOfPage":{"@id":"https:\/\/medicina.udd.cl\/medicina-santiago\/noticias\/2016\/07\/04\/los-nuevos-desafios-del-area-de-postgrado-de-la-facultad\/"},"wordCount":518,"commentCount":0,"image":{"@id":"https:\/\/medicina.udd.cl\/medicina-santiago\/noticias\/2016\/07\/04\/los-nuevos-desafios-del-area-de-postgrado-de-la-facultad\/#primaryimage"},"thumbnailUrl":"https:\/\/medicina.udd.cl\/medicina-santiago\/files\/2016\/07\/Dr.-Vega.jpg","articleSection":["Noticias"],"inLanguage":"es","potentialAction":[{"@type":"CommentAction","name":"Comment","target":["https:\/\/medicina.udd.cl\/medicina-santiago\/noticias\/2016\/07\/04\/los-nuevos-desafios-del-area-de-postgrado-de-la-facultad\/#respond"]}]},{"@type":"WebPage","@id":"https:\/\/medicina.udd.cl\/medicina-santiago\/noticias\/2016\/07\/04\/los-nuevos-desafios-del-area-de-postgrado-de-la-facultad\/","url":"https:\/\/medicina.udd.cl\/medicina-santiago\/noticias\/2016\/07\/04\/los-nuevos-desafios-del-area-de-postgrado-de-la-facultad\/","name":"Los nuevos desaf\u00edos del \u00e1rea de Postgrado de la Facultad - Medicina","isPartOf":{"@id":"https:\/\/medicina.udd.cl\/medicina-santiago\/#website"},"primaryImageOfPage":{"@id":"https:\/\/medicina.udd.cl\/medicina-santiago\/noticias\/2016\/07\/04\/los-nuevos-desafios-del-area-de-postgrado-de-la-facultad\/#primaryimage"},"image":{"@id":"https:\/\/medicina.udd.cl\/medicina-santiago\/noticias\/2016\/07\/04\/los-nuevos-desafios-del-area-de-postgrado-de-la-facultad\/#primaryimage"},"thumbnailUrl":"https:\/\/medicina.udd.cl\/medicina-santiago\/files\/2016\/07\/Dr.-Vega.jpg","datePublished":"2016-07-04T16:37:58+00:00","dateModified":"2016-07-04T16:39:37+00:00","author":{"@id":"https:\/\/medicina.udd.cl\/medicina-santiago\/#\/schema\/person\/8bbd66125b574a40ec467c180c11f2e3"},"breadcrumb":{"@id":"https:\/\/medicina.udd.cl\/medicina-santiago\/noticias\/2016\/07\/04\/los-nuevos-desafios-del-area-de-postgrado-de-la-facultad\/#breadcrumb"},"inLanguage":"es","potentialAction":[{"@type":"ReadAction","target":["https:\/\/medicina.udd.cl\/medicina-santiago\/noticias\/2016\/07\/04\/los-nuevos-desafios-del-area-de-postgrado-de-la-facultad\/"]}]},{"@type":"ImageObject","inLanguage":"es","@id":"https:\/\/medicina.udd.cl\/medicina-santiago\/noticias\/2016\/07\/04\/los-nuevos-desafios-del-area-de-postgrado-de-la-facultad\/#primaryimage","url":"https:\/\/medicina.udd.cl\/medicina-santiago\/files\/2016\/07\/Dr.-Vega.jpg","contentUrl":"https:\/\/medicina.udd.cl\/medicina-santiago\/files\/2016\/07\/Dr.-Vega.jpg","width":5184,"height":3456},{"@type":"BreadcrumbList","@id":"https:\/\/medicina.udd.cl\/medicina-santiago\/noticias\/2016\/07\/04\/los-nuevos-desafios-del-area-de-postgrado-de-la-facultad\/#breadcrumb","itemListElement":[{"@type":"ListItem","position":1,"name":"Home","item":"https:\/\/medicina.udd.cl\/medicina-santiago\/"},{"@type":"ListItem","position":2,"name":"Los nuevos desaf\u00edos del \u00e1rea de Postgrado de la Facultad"}]},{"@type":"WebSite","@id":"https:\/\/medicina.udd.cl\/medicina-santiago\/#website","url":"https:\/\/medicina.udd.cl\/medicina-santiago\/","name":"Medicina","description":"Facultad de Medicina Cl\u00ednica Alemana Universidad del Desarrollo","inLanguage":"es"},{"@type":"Person","@id":"https:\/\/medicina.udd.cl\/medicina-santiago\/#\/schema\/person\/8bbd66125b574a40ec467c180c11f2e3","name":"paulinamunoz","image":{"@type":"ImageObject","inLanguage":"es","@id":"https:\/\/medicina.udd.cl\/medicina-santiago\/#\/schema\/person\/image\/","url":"https:\/\/secure.gravatar.com\/avatar\/748ce8fb74e8f8077c4966697a3b3710ca0019e71a62146890c0dcdc705e7f3d?s=96&d=mm&r=g","contentUrl":"https:\/\/secure.gravatar.com\/avatar\/748ce8fb74e8f8077c4966697a3b3710ca0019e71a62146890c0dcdc705e7f3d?s=96&d=mm&r=g","caption":"paulinamunoz"},"url":"https:\/\/medicina.udd.cl\/medicina-santiago\/noticias\/author\/paulinamunoz\/"}]}},"featured_image_url":"https:\/\/medicina.udd.cl\/medicina-santiago\/files\/2016\/07\/Dr.-Vega.jpg","_links":{"self":[{"href":"https:\/\/medicina.udd.cl\/medicina-santiago\/wp-json\/wp\/v2\/posts\/4206","targetHints":{"allow":["GET"]}}],"collection":[{"href":"https:\/\/medicina.udd.cl\/medicina-santiago\/wp-json\/wp\/v2\/posts"}],"about":[{"href":"https:\/\/medicina.udd.cl\/medicina-santiago\/wp-json\/wp\/v2\/types\/post"}],"author":[{"embeddable":true,"href":"https:\/\/medicina.udd.cl\/medicina-santiago\/wp-json\/wp\/v2\/users\/9192192"}],"replies":[{"embeddable":true,"href":"https:\/\/medicina.udd.cl\/medicina-santiago\/wp-json\/wp\/v2\/comments?post=4206"}],"version-history":[{"count":3,"href":"https:\/\/medicina.udd.cl\/medicina-santiago\/wp-json\/wp\/v2\/posts\/4206\/revisions"}],"predecessor-version":[{"id":4210,"href":"https:\/\/medicina.udd.cl\/medicina-santiago\/wp-json\/wp\/v2\/posts\/4206\/revisions\/4210"}],"wp:featuredmedia":[{"embeddable":true,"href":"https:\/\/medicina.udd.cl\/medicina-santiago\/wp-json\/wp\/v2\/media\/4207"}],"wp:attachment":[{"href":"https:\/\/medicina.udd.cl\/medicina-santiago\/wp-json\/wp\/v2\/media?parent=4206"}],"wp:term":[{"taxonomy":"category","embeddable":true,"href":"https:\/\/medicina.udd.cl\/medicina-santiago\/wp-json\/wp\/v2\/categories?post=4206"},{"taxonomy":"post_tag","embeddable":true,"href":"https:\/\/medicina.udd.cl\/medicina-santiago\/wp-json\/wp\/v2\/tags?post=4206"}],"curies":[{"name":"wp","href":"https:\/\/api.w.org\/{rel}","templated":true}]}}