{"id":4220,"date":"2016-07-15T12:21:14","date_gmt":"2016-07-15T16:21:14","guid":{"rendered":"http:\/\/medicina.udd.cl\/medicina-santiago\/?p=4220"},"modified":"2016-07-15T12:27:36","modified_gmt":"2016-07-15T16:27:36","slug":"medicina-udd-realizo-segundo-claustro-academico-del-ano","status":"publish","type":"post","link":"https:\/\/medicina.udd.cl\/medicina-santiago\/noticias\/2016\/07\/15\/medicina-udd-realizo-segundo-claustro-academico-del-ano\/","title":{"rendered":"Medicina UDD realiz\u00f3 segundo Claustro Acad\u00e9mico del a\u00f1o"},"content":{"rendered":"<div id=\"gallery-1\" class=\"carousel slide carousel-gallery\" data-ride=\"false\" data-interval=\"false\"><div class=\"carousel-inner\" role=\"listbox\"><figure class=\"carousel-item active\"><img loading=\"lazy\" decoding=\"async\" width=\"675\" height=\"450\" src=\"https:\/\/medicina.udd.cl\/medicina-santiago\/files\/2016\/07\/Claustro-Medicina-1.jpg\" class=\"attachment-landscape_952 size-landscape_952\" alt=\"\" srcset=\"https:\/\/medicina.udd.cl\/medicina-santiago\/files\/2016\/07\/Claustro-Medicina-1.jpg 675w, https:\/\/medicina.udd.cl\/medicina-santiago\/files\/2016\/07\/Claustro-Medicina-1-300x200.jpg 300w\" sizes=\"auto, (max-width: 675px) 100vw, 675px\" \/><\/figure><figure class=\"carousel-item\"><img loading=\"lazy\" decoding=\"async\" width=\"675\" height=\"450\" src=\"https:\/\/medicina.udd.cl\/medicina-santiago\/files\/2016\/07\/Claustro-Medicina-2.jpg\" class=\"attachment-landscape_952 size-landscape_952\" alt=\"\" srcset=\"https:\/\/medicina.udd.cl\/medicina-santiago\/files\/2016\/07\/Claustro-Medicina-2.jpg 675w, https:\/\/medicina.udd.cl\/medicina-santiago\/files\/2016\/07\/Claustro-Medicina-2-300x200.jpg 300w\" sizes=\"auto, (max-width: 675px) 100vw, 675px\" \/><\/figure><figure class=\"carousel-item\"><img loading=\"lazy\" decoding=\"async\" width=\"675\" height=\"450\" src=\"https:\/\/medicina.udd.cl\/medicina-santiago\/files\/2016\/07\/Claustro-Medicina-3.jpg\" class=\"attachment-landscape_952 size-landscape_952\" alt=\"\" srcset=\"https:\/\/medicina.udd.cl\/medicina-santiago\/files\/2016\/07\/Claustro-Medicina-3.jpg 675w, https:\/\/medicina.udd.cl\/medicina-santiago\/files\/2016\/07\/Claustro-Medicina-3-300x200.jpg 300w\" sizes=\"auto, (max-width: 675px) 100vw, 675px\" \/><\/figure><figure class=\"carousel-item\"><img loading=\"lazy\" decoding=\"async\" width=\"675\" height=\"450\" src=\"https:\/\/medicina.udd.cl\/medicina-santiago\/files\/2016\/07\/Claustro-Medicina-4.jpg\" class=\"attachment-landscape_952 size-landscape_952\" alt=\"\" srcset=\"https:\/\/medicina.udd.cl\/medicina-santiago\/files\/2016\/07\/Claustro-Medicina-4.jpg 675w, https:\/\/medicina.udd.cl\/medicina-santiago\/files\/2016\/07\/Claustro-Medicina-4-300x200.jpg 300w\" sizes=\"auto, (max-width: 675px) 100vw, 675px\" \/><\/figure><figure class=\"carousel-item\"><img loading=\"lazy\" decoding=\"async\" width=\"675\" height=\"450\" src=\"https:\/\/medicina.udd.cl\/medicina-santiago\/files\/2016\/07\/Claustro-Medicina.jpg\" class=\"attachment-landscape_952 size-landscape_952\" alt=\"\" srcset=\"https:\/\/medicina.udd.cl\/medicina-santiago\/files\/2016\/07\/Claustro-Medicina.jpg 675w, https:\/\/medicina.udd.cl\/medicina-santiago\/files\/2016\/07\/Claustro-Medicina-300x200.jpg 300w\" sizes=\"auto, (max-width: 675px) 100vw, 675px\" \/><\/figure><figure class=\"carousel-item\"><img loading=\"lazy\" decoding=\"async\" width=\"675\" height=\"450\" src=\"https:\/\/medicina.udd.cl\/medicina-santiago\/files\/2016\/07\/Claustro-Medicina-6.jpg\" class=\"attachment-landscape_952 size-landscape_952\" alt=\"\" srcset=\"https:\/\/medicina.udd.cl\/medicina-santiago\/files\/2016\/07\/Claustro-Medicina-6.jpg 675w, https:\/\/medicina.udd.cl\/medicina-santiago\/files\/2016\/07\/Claustro-Medicina-6-300x200.jpg 300w\" sizes=\"auto, (max-width: 675px) 100vw, 675px\" \/><\/figure><figure class=\"carousel-item\"><img loading=\"lazy\" decoding=\"async\" width=\"675\" height=\"450\" src=\"https:\/\/medicina.udd.cl\/medicina-santiago\/files\/2016\/07\/Claustro-Medicina-7.jpg\" class=\"attachment-landscape_952 size-landscape_952\" alt=\"\" srcset=\"https:\/\/medicina.udd.cl\/medicina-santiago\/files\/2016\/07\/Claustro-Medicina-7.jpg 675w, https:\/\/medicina.udd.cl\/medicina-santiago\/files\/2016\/07\/Claustro-Medicina-7-300x200.jpg 300w\" sizes=\"auto, (max-width: 675px) 100vw, 675px\" \/><\/figure><figure class=\"carousel-item\"><img loading=\"lazy\" decoding=\"async\" width=\"675\" height=\"450\" src=\"https:\/\/medicina.udd.cl\/medicina-santiago\/files\/2016\/07\/Claustro-Medicina-8.jpg\" class=\"attachment-landscape_952 size-landscape_952\" alt=\"\" srcset=\"https:\/\/medicina.udd.cl\/medicina-santiago\/files\/2016\/07\/Claustro-Medicina-8.jpg 675w, https:\/\/medicina.udd.cl\/medicina-santiago\/files\/2016\/07\/Claustro-Medicina-8-300x200.jpg 300w\" sizes=\"auto, (max-width: 675px) 100vw, 675px\" \/><\/figure><figure class=\"carousel-item\"><img loading=\"lazy\" decoding=\"async\" width=\"675\" height=\"450\" src=\"https:\/\/medicina.udd.cl\/medicina-santiago\/files\/2016\/07\/Claustro-Medicina-9.jpg\" class=\"attachment-landscape_952 size-landscape_952\" alt=\"\" srcset=\"https:\/\/medicina.udd.cl\/medicina-santiago\/files\/2016\/07\/Claustro-Medicina-9.jpg 675w, https:\/\/medicina.udd.cl\/medicina-santiago\/files\/2016\/07\/Claustro-Medicina-9-300x200.jpg 300w\" sizes=\"auto, (max-width: 675px) 100vw, 675px\" \/><\/figure><figure class=\"carousel-item\"><img loading=\"lazy\" decoding=\"async\" width=\"675\" height=\"450\" src=\"https:\/\/medicina.udd.cl\/medicina-santiago\/files\/2016\/07\/Claustro-Medicina-10.jpg\" class=\"attachment-landscape_952 size-landscape_952\" alt=\"\" srcset=\"https:\/\/medicina.udd.cl\/medicina-santiago\/files\/2016\/07\/Claustro-Medicina-10.jpg 675w, https:\/\/medicina.udd.cl\/medicina-santiago\/files\/2016\/07\/Claustro-Medicina-10-300x200.jpg 300w\" sizes=\"auto, (max-width: 675px) 100vw, 675px\" \/><\/figure><figure class=\"carousel-item\"><img loading=\"lazy\" decoding=\"async\" width=\"675\" height=\"450\" src=\"https:\/\/medicina.udd.cl\/medicina-santiago\/files\/2016\/07\/Claustro-Medicina-11.jpg\" class=\"attachment-landscape_952 size-landscape_952\" alt=\"\" srcset=\"https:\/\/medicina.udd.cl\/medicina-santiago\/files\/2016\/07\/Claustro-Medicina-11.jpg 675w, https:\/\/medicina.udd.cl\/medicina-santiago\/files\/2016\/07\/Claustro-Medicina-11-300x200.jpg 300w\" sizes=\"auto, (max-width: 675px) 100vw, 675px\" \/><\/figure><figure class=\"carousel-item\"><img loading=\"lazy\" decoding=\"async\" width=\"675\" height=\"450\" src=\"https:\/\/medicina.udd.cl\/medicina-santiago\/files\/2016\/07\/Claustro-Medicina-12.jpg\" class=\"attachment-landscape_952 size-landscape_952\" alt=\"\" srcset=\"https:\/\/medicina.udd.cl\/medicina-santiago\/files\/2016\/07\/Claustro-Medicina-12.jpg 675w, https:\/\/medicina.udd.cl\/medicina-santiago\/files\/2016\/07\/Claustro-Medicina-12-300x200.jpg 300w\" sizes=\"auto, (max-width: 675px) 100vw, 675px\" \/><\/figure><figure class=\"carousel-item\"><img loading=\"lazy\" decoding=\"async\" width=\"675\" height=\"450\" src=\"https:\/\/medicina.udd.cl\/medicina-santiago\/files\/2016\/07\/Claustro-Medicina-13.jpg\" class=\"attachment-landscape_952 size-landscape_952\" alt=\"\" srcset=\"https:\/\/medicina.udd.cl\/medicina-santiago\/files\/2016\/07\/Claustro-Medicina-13.jpg 675w, https:\/\/medicina.udd.cl\/medicina-santiago\/files\/2016\/07\/Claustro-Medicina-13-300x200.jpg 300w\" sizes=\"auto, (max-width: 675px) 100vw, 675px\" \/><\/figure><figure class=\"carousel-item\"><img loading=\"lazy\" decoding=\"async\" width=\"675\" height=\"450\" src=\"https:\/\/medicina.udd.cl\/medicina-santiago\/files\/2016\/07\/Claustro-Medicina-14.jpg\" class=\"attachment-landscape_952 size-landscape_952\" alt=\"\" srcset=\"https:\/\/medicina.udd.cl\/medicina-santiago\/files\/2016\/07\/Claustro-Medicina-14.jpg 675w, https:\/\/medicina.udd.cl\/medicina-santiago\/files\/2016\/07\/Claustro-Medicina-14-300x200.jpg 300w\" sizes=\"auto, (max-width: 675px) 100vw, 675px\" \/><\/figure><figure class=\"carousel-item\"><img loading=\"lazy\" decoding=\"async\" width=\"675\" height=\"450\" src=\"https:\/\/medicina.udd.cl\/medicina-santiago\/files\/2016\/07\/Claustro-Medicina-15.jpg\" class=\"attachment-landscape_952 size-landscape_952\" alt=\"\" srcset=\"https:\/\/medicina.udd.cl\/medicina-santiago\/files\/2016\/07\/Claustro-Medicina-15.jpg 675w, https:\/\/medicina.udd.cl\/medicina-santiago\/files\/2016\/07\/Claustro-Medicina-15-300x200.jpg 300w\" sizes=\"auto, (max-width: 675px) 100vw, 675px\" \/><\/figure><figure class=\"carousel-item\"><img loading=\"lazy\" decoding=\"async\" width=\"675\" height=\"450\" src=\"https:\/\/medicina.udd.cl\/medicina-santiago\/files\/2016\/07\/Claustro-Medicina-16.jpg\" class=\"attachment-landscape_952 size-landscape_952\" alt=\"\" srcset=\"https:\/\/medicina.udd.cl\/medicina-santiago\/files\/2016\/07\/Claustro-Medicina-16.jpg 675w, https:\/\/medicina.udd.cl\/medicina-santiago\/files\/2016\/07\/Claustro-Medicina-16-300x200.jpg 300w\" sizes=\"auto, (max-width: 675px) 100vw, 675px\" \/><\/figure><figure class=\"carousel-item\"><img loading=\"lazy\" decoding=\"async\" width=\"675\" height=\"450\" src=\"https:\/\/medicina.udd.cl\/medicina-santiago\/files\/2016\/07\/Claustro-Medicina-17.jpg\" class=\"attachment-landscape_952 size-landscape_952\" alt=\"\" srcset=\"https:\/\/medicina.udd.cl\/medicina-santiago\/files\/2016\/07\/Claustro-Medicina-17.jpg 675w, https:\/\/medicina.udd.cl\/medicina-santiago\/files\/2016\/07\/Claustro-Medicina-17-300x200.jpg 300w\" sizes=\"auto, (max-width: 675px) 100vw, 675px\" \/><\/figure><figure class=\"carousel-item\"><img loading=\"lazy\" decoding=\"async\" width=\"675\" height=\"450\" src=\"https:\/\/medicina.udd.cl\/medicina-santiago\/files\/2016\/07\/Claustro-Medicina-18.jpg\" class=\"attachment-landscape_952 size-landscape_952\" alt=\"\" srcset=\"https:\/\/medicina.udd.cl\/medicina-santiago\/files\/2016\/07\/Claustro-Medicina-18.jpg 675w, https:\/\/medicina.udd.cl\/medicina-santiago\/files\/2016\/07\/Claustro-Medicina-18-300x200.jpg 300w\" sizes=\"auto, (max-width: 675px) 100vw, 675px\" \/><\/figure><figure class=\"carousel-item\"><img loading=\"lazy\" decoding=\"async\" width=\"675\" height=\"450\" src=\"https:\/\/medicina.udd.cl\/medicina-santiago\/files\/2016\/07\/Claustro-Medicina-19.jpg\" class=\"attachment-landscape_952 size-landscape_952\" alt=\"\" srcset=\"https:\/\/medicina.udd.cl\/medicina-santiago\/files\/2016\/07\/Claustro-Medicina-19.jpg 675w, https:\/\/medicina.udd.cl\/medicina-santiago\/files\/2016\/07\/Claustro-Medicina-19-300x200.jpg 300w\" sizes=\"auto, (max-width: 675px) 100vw, 675px\" \/><\/figure><figure class=\"carousel-item\"><img loading=\"lazy\" decoding=\"async\" width=\"675\" height=\"450\" src=\"https:\/\/medicina.udd.cl\/medicina-santiago\/files\/2016\/07\/Claustro-Medicina-20.jpg\" class=\"attachment-landscape_952 size-landscape_952\" alt=\"\" srcset=\"https:\/\/medicina.udd.cl\/medicina-santiago\/files\/2016\/07\/Claustro-Medicina-20.jpg 675w, https:\/\/medicina.udd.cl\/medicina-santiago\/files\/2016\/07\/Claustro-Medicina-20-300x200.jpg 300w\" sizes=\"auto, (max-width: 675px) 100vw, 675px\" \/><\/figure><figure class=\"carousel-item\"><img loading=\"lazy\" decoding=\"async\" width=\"675\" height=\"450\" src=\"https:\/\/medicina.udd.cl\/medicina-santiago\/files\/2016\/07\/Claustro-Medicina-21.jpg\" class=\"attachment-landscape_952 size-landscape_952\" alt=\"\" srcset=\"https:\/\/medicina.udd.cl\/medicina-santiago\/files\/2016\/07\/Claustro-Medicina-21.jpg 675w, https:\/\/medicina.udd.cl\/medicina-santiago\/files\/2016\/07\/Claustro-Medicina-21-300x200.jpg 300w\" sizes=\"auto, (max-width: 675px) 100vw, 675px\" \/><\/figure><figure class=\"carousel-item\"><img loading=\"lazy\" decoding=\"async\" width=\"675\" height=\"450\" src=\"https:\/\/medicina.udd.cl\/medicina-santiago\/files\/2016\/07\/Claustro-Medicina-22.jpg\" class=\"attachment-landscape_952 size-landscape_952\" alt=\"\" srcset=\"https:\/\/medicina.udd.cl\/medicina-santiago\/files\/2016\/07\/Claustro-Medicina-22.jpg 675w, https:\/\/medicina.udd.cl\/medicina-santiago\/files\/2016\/07\/Claustro-Medicina-22-300x200.jpg 300w\" sizes=\"auto, (max-width: 675px) 100vw, 675px\" \/><\/figure><figure class=\"carousel-item\"><img loading=\"lazy\" decoding=\"async\" width=\"675\" height=\"450\" src=\"https:\/\/medicina.udd.cl\/medicina-santiago\/files\/2016\/07\/Claustro-Medicina-23.jpg\" class=\"attachment-landscape_952 size-landscape_952\" alt=\"\" srcset=\"https:\/\/medicina.udd.cl\/medicina-santiago\/files\/2016\/07\/Claustro-Medicina-23.jpg 675w, https:\/\/medicina.udd.cl\/medicina-santiago\/files\/2016\/07\/Claustro-Medicina-23-300x200.jpg 300w\" sizes=\"auto, (max-width: 675px) 100vw, 675px\" \/><\/figure><figure class=\"carousel-item\"><img loading=\"lazy\" decoding=\"async\" width=\"675\" height=\"450\" src=\"https:\/\/medicina.udd.cl\/medicina-santiago\/files\/2016\/07\/Claustro-Medicina-24.jpg\" class=\"attachment-landscape_952 size-landscape_952\" alt=\"\" srcset=\"https:\/\/medicina.udd.cl\/medicina-santiago\/files\/2016\/07\/Claustro-Medicina-24.jpg 675w, https:\/\/medicina.udd.cl\/medicina-santiago\/files\/2016\/07\/Claustro-Medicina-24-300x200.jpg 300w\" sizes=\"auto, (max-width: 675px) 100vw, 675px\" \/><\/figure><figure class=\"carousel-item\"><img loading=\"lazy\" decoding=\"async\" width=\"675\" height=\"450\" src=\"https:\/\/medicina.udd.cl\/medicina-santiago\/files\/2016\/07\/Claustro-Medicina-25.jpg\" class=\"attachment-landscape_952 size-landscape_952\" alt=\"\" srcset=\"https:\/\/medicina.udd.cl\/medicina-santiago\/files\/2016\/07\/Claustro-Medicina-25.jpg 675w, https:\/\/medicina.udd.cl\/medicina-santiago\/files\/2016\/07\/Claustro-Medicina-25-300x200.jpg 300w\" sizes=\"auto, (max-width: 675px) 100vw, 675px\" \/><\/figure><figure class=\"carousel-item\"><img loading=\"lazy\" decoding=\"async\" width=\"675\" height=\"450\" src=\"https:\/\/medicina.udd.cl\/medicina-santiago\/files\/2016\/07\/Claustro-Medicina-26.jpg\" class=\"attachment-landscape_952 size-landscape_952\" alt=\"\" srcset=\"https:\/\/medicina.udd.cl\/medicina-santiago\/files\/2016\/07\/Claustro-Medicina-26.jpg 675w, https:\/\/medicina.udd.cl\/medicina-santiago\/files\/2016\/07\/Claustro-Medicina-26-300x200.jpg 300w\" sizes=\"auto, (max-width: 675px) 100vw, 675px\" \/><\/figure><figure class=\"carousel-item\"><img loading=\"lazy\" decoding=\"async\" width=\"675\" height=\"450\" src=\"https:\/\/medicina.udd.cl\/medicina-santiago\/files\/2016\/07\/Claustro-Medicina-27.jpg\" class=\"attachment-landscape_952 size-landscape_952\" alt=\"\" srcset=\"https:\/\/medicina.udd.cl\/medicina-santiago\/files\/2016\/07\/Claustro-Medicina-27.jpg 675w, https:\/\/medicina.udd.cl\/medicina-santiago\/files\/2016\/07\/Claustro-Medicina-27-300x200.jpg 300w\" sizes=\"auto, (max-width: 675px) 100vw, 675px\" \/><\/figure><figure class=\"carousel-item\"><img loading=\"lazy\" decoding=\"async\" width=\"675\" height=\"450\" src=\"https:\/\/medicina.udd.cl\/medicina-santiago\/files\/2016\/07\/Claustro-Medicina-28.jpg\" class=\"attachment-landscape_952 size-landscape_952\" alt=\"\" srcset=\"https:\/\/medicina.udd.cl\/medicina-santiago\/files\/2016\/07\/Claustro-Medicina-28.jpg 675w, https:\/\/medicina.udd.cl\/medicina-santiago\/files\/2016\/07\/Claustro-Medicina-28-300x200.jpg 300w\" sizes=\"auto, (max-width: 675px) 100vw, 675px\" \/><\/figure><figure class=\"carousel-item\"><img loading=\"lazy\" decoding=\"async\" width=\"675\" height=\"450\" src=\"https:\/\/medicina.udd.cl\/medicina-santiago\/files\/2016\/07\/Claustro-Medicina-29.jpg\" class=\"attachment-landscape_952 size-landscape_952\" alt=\"\" srcset=\"https:\/\/medicina.udd.cl\/medicina-santiago\/files\/2016\/07\/Claustro-Medicina-29.jpg 675w, https:\/\/medicina.udd.cl\/medicina-santiago\/files\/2016\/07\/Claustro-Medicina-29-300x200.jpg 300w\" sizes=\"auto, (max-width: 675px) 100vw, 675px\" \/><\/figure><figure class=\"carousel-item\"><img loading=\"lazy\" decoding=\"async\" width=\"675\" height=\"450\" src=\"https:\/\/medicina.udd.cl\/medicina-santiago\/files\/2016\/07\/Claustro-Medicina-30.jpg\" class=\"attachment-landscape_952 size-landscape_952\" alt=\"\" srcset=\"https:\/\/medicina.udd.cl\/medicina-santiago\/files\/2016\/07\/Claustro-Medicina-30.jpg 675w, https:\/\/medicina.udd.cl\/medicina-santiago\/files\/2016\/07\/Claustro-Medicina-30-300x200.jpg 300w\" sizes=\"auto, (max-width: 675px) 100vw, 675px\" \/><\/figure><figure class=\"carousel-item\"><img loading=\"lazy\" decoding=\"async\" width=\"675\" height=\"450\" src=\"https:\/\/medicina.udd.cl\/medicina-santiago\/files\/2016\/07\/Claustro-Medicina-31.jpg\" class=\"attachment-landscape_952 size-landscape_952\" alt=\"\" srcset=\"https:\/\/medicina.udd.cl\/medicina-santiago\/files\/2016\/07\/Claustro-Medicina-31.jpg 675w, https:\/\/medicina.udd.cl\/medicina-santiago\/files\/2016\/07\/Claustro-Medicina-31-300x200.jpg 300w\" sizes=\"auto, (max-width: 675px) 100vw, 675px\" \/><\/figure><figure class=\"carousel-item\"><img loading=\"lazy\" decoding=\"async\" width=\"675\" height=\"450\" src=\"https:\/\/medicina.udd.cl\/medicina-santiago\/files\/2016\/07\/Claustro-Medicina-32.jpg\" class=\"attachment-landscape_952 size-landscape_952\" alt=\"\" srcset=\"https:\/\/medicina.udd.cl\/medicina-santiago\/files\/2016\/07\/Claustro-Medicina-32.jpg 675w, https:\/\/medicina.udd.cl\/medicina-santiago\/files\/2016\/07\/Claustro-Medicina-32-300x200.jpg 300w\" sizes=\"auto, (max-width: 675px) 100vw, 675px\" \/><\/figure><figure class=\"carousel-item\"><img loading=\"lazy\" decoding=\"async\" width=\"675\" height=\"450\" src=\"https:\/\/medicina.udd.cl\/medicina-santiago\/files\/2016\/07\/Claustro-Medicina-33.jpg\" class=\"attachment-landscape_952 size-landscape_952\" alt=\"\" srcset=\"https:\/\/medicina.udd.cl\/medicina-santiago\/files\/2016\/07\/Claustro-Medicina-33.jpg 675w, https:\/\/medicina.udd.cl\/medicina-santiago\/files\/2016\/07\/Claustro-Medicina-33-300x200.jpg 300w\" sizes=\"auto, (max-width: 675px) 100vw, 675px\" \/><\/figure><figure class=\"carousel-item\"><img loading=\"lazy\" decoding=\"async\" width=\"675\" height=\"450\" src=\"https:\/\/medicina.udd.cl\/medicina-santiago\/files\/2016\/07\/Claustro-Medicina-35.jpg\" class=\"attachment-landscape_952 size-landscape_952\" alt=\"\" srcset=\"https:\/\/medicina.udd.cl\/medicina-santiago\/files\/2016\/07\/Claustro-Medicina-35.jpg 675w, https:\/\/medicina.udd.cl\/medicina-santiago\/files\/2016\/07\/Claustro-Medicina-35-300x200.jpg 300w\" sizes=\"auto, (max-width: 675px) 100vw, 675px\" \/><\/figure><figure class=\"carousel-item\"><img loading=\"lazy\" decoding=\"async\" width=\"619\" height=\"384\" src=\"https:\/\/medicina.udd.cl\/medicina-santiago\/files\/2016\/07\/Claustro-Medicina-34.jpg\" class=\"attachment-landscape_952 size-landscape_952\" alt=\"\" srcset=\"https:\/\/medicina.udd.cl\/medicina-santiago\/files\/2016\/07\/Claustro-Medicina-34.jpg 619w, https:\/\/medicina.udd.cl\/medicina-santiago\/files\/2016\/07\/Claustro-Medicina-34-300x186.jpg 300w\" sizes=\"auto, (max-width: 619px) 100vw, 619px\" \/><\/figure><figure class=\"carousel-item\"><img loading=\"lazy\" decoding=\"async\" width=\"675\" height=\"450\" src=\"https:\/\/medicina.udd.cl\/medicina-santiago\/files\/2016\/07\/Claustro-Medicina-36.jpg\" class=\"attachment-landscape_952 size-landscape_952\" alt=\"\" srcset=\"https:\/\/medicina.udd.cl\/medicina-santiago\/files\/2016\/07\/Claustro-Medicina-36.jpg 675w, https:\/\/medicina.udd.cl\/medicina-santiago\/files\/2016\/07\/Claustro-Medicina-36-300x200.jpg 300w\" sizes=\"auto, (max-width: 675px) 100vw, 675px\" \/><\/figure><\/div><footer class=\"carousel-footer\"><div class=\"carousel-counter\"><span class=\"carousel-counter-current\"><\/span> \/ <span class=\"carousel-counter-total\"><\/span><\/div><a class=\"carousel-control-prev\" href=\"#gallery-1\" role=\"button\" data-slide=\"prev\"><svg aria-hidden=\"true\" class=\"svg-chevron-left-dims\"><use xlink:href='https:\/\/medicina.udd.cl\/medicina-santiago\/wp-content\/themes\/facultades-2018\/assets\/img\/svg\/dist\/main.svg?version=1695853099#chevron-left'><\/use><\/svg><span class=\"sr-only\">Anterior<\/span><\/a><a class=\"carousel-control-next\" href=\"#gallery-1\" role=\"button\" data-slide=\"next\"><svg aria-hidden=\"true\" class=\"svg-chevron-right-dims\"><use xlink:href='https:\/\/medicina.udd.cl\/medicina-santiago\/wp-content\/themes\/facultades-2018\/assets\/img\/svg\/dist\/main.svg?version=1695853099#chevron-right'><\/use><\/svg><span class=\"sr-only\">Siguiente<\/span><\/a><\/footer><\/div>\n<p style=\"text-align: justify\">El jueves 14 de julio, en el Hospital Padre Hurtado, autoridades de la Facultad de Medicina Cl\u00ednica Alemana Universidad del Desarrollo y m\u00e1s de 80 acad\u00e9micos de la carrera de Medicina participaron en el segundo Claustro Acad\u00e9mico del 2016, cuyo tema central fue \u201cDesde la evaluaci\u00f3n a los objetivos: el fin justifica los medios\u00bb.<\/p>\n<p style=\"text-align: justify\">La actividad comenz\u00f3 con las palabras de bienvenida del doctor<strong> Ricardo Ronco<\/strong>, decano de la Facultad de Medicina CAS-UDD, que se refiri\u00f3 a la importancia de la investigaci\u00f3n en el proceso de acreditaci\u00f3n institucional, y de la doctora<strong> Mar\u00eda In\u00e9s G\u00f3mez<\/strong>, directora del Hospital Padre Hurtado, quien destac\u00f3 la primera realizaci\u00f3n de la actividad en el campo cl\u00ednico.<\/p>\n<p style=\"text-align: justify\">El claustro, que fue encabezado por la directora de Medicina, doctora<strong> Cristina Biehl<\/strong>, cont\u00f3 con una presentaci\u00f3n del estado actual de la carrera y de los principales hitos del encuentro anterior, poniendo\u00a0especial \u00e9nfasis en el impacto de las acciones de los docentes en la formaci\u00f3n de pregrado y la ense\u00f1anza de Geriatr\u00eda como un tema transversal para\u00a0todas las asignaturas.<\/p>\n<p style=\"text-align: justify\">Posteriormente, la invitada experta, <strong>Mar\u00eda Jes\u00fas Honorato<\/strong>, expuso la presentaci\u00f3n \u201cPlanificaci\u00f3n reversa\u201d, en que la profesora abord\u00f3 temas como el mejoramiento de la ense\u00f1anza, los desaf\u00edos para los l\u00edderes y los cambios en la forma de educar, la efectividad y homologaci\u00f3n de las mallas, y la importancia del tiempo en los procesos pedag\u00f3gicos.<\/p>\n<p style=\"text-align: justify\">Luego, los doctores <strong>Carolina Gonz\u00e1lez<\/strong>, <strong>Fernando Descalzi<\/strong> y <strong>Paula Martens<\/strong> mostraron sus innovaciones pedag\u00f3gicas con el uso con formularios online, la evoluci\u00f3n del modelo de clases expositivas a pr\u00e1cticas y el trabajo interdisciplinario del equipo InterSalUDD.<\/p>\n<p style=\"text-align: justify\">Adem\u00e1s, la doctora <strong>Ximena Aguilera<\/strong>, directora del Centro de Epidemiolog\u00eda y Pol\u00edticas de Salud, aprovech\u00f3 la instancia para presentar y entregar a los asistentes la Serie de Salud Poblacional, publicaci\u00f3n que describe la situaci\u00f3n actual de las enfermedades no transmisibles en Chile y los aspectos epidemiol\u00f3gicos y de Salud P\u00fablica que conllevan.<\/p>\n<p style=\"text-align: justify\">Finalmente, el claustro concluy\u00f3 con la premiaci\u00f3n de los doctores:<\/p>\n<ul style=\"text-align: justify\">\n<li><strong>Mario Castro<\/strong>, Ciclo B\u00e1sico<\/li>\n<li><strong>Manuel N\u00e1jera<\/strong>, Ciclo Pre-cl\u00ednico\/Cl\u00ednico<\/li>\n<li><strong>Felipe Jord\u00e1n<\/strong>, Internados<\/li>\n<li><strong>Karin Rotter<\/strong>, Postgrado Medicina<\/li>\n<\/ul>\n<p style=\"text-align: justify\">\n","protected":false},"excerpt":{"rendered":"<p>Durante la actividad, que por primera vez se desarroll\u00f3 en el Hospital Padre Hurtado, se premi\u00f3 a los docentes destacados de los ciclos B\u00e1sico, Pre-cl\u00ednico\/Cl\u00ednico, Internados y Postgrado; los doctores Mario Castro, Manuel N\u00e1jera, Felipe Jord\u00e1n y Karin Rotter, respectivamente.<\/p>\n","protected":false},"author":9192192,"featured_media":4261,"comment_status":"open","ping_status":"open","sticky":false,"template":"","format":"standard","meta":{"footnotes":""},"categories":[4],"tags":[],"class_list":["post-4220","post","type-post","status-publish","format-standard","has-post-thumbnail","hentry","category-noticias"],"yoast_head":"<!-- This site is optimized with the Yoast SEO plugin v26.9 - https:\/\/yoast.com\/product\/yoast-seo-wordpress\/ -->\n<title>Medicina UDD realiz\u00f3 segundo Claustro Acad\u00e9mico del a\u00f1o - Medicina<\/title>\n<meta name=\"robots\" content=\"index, follow, max-snippet:-1, max-image-preview:large, max-video-preview:-1\" \/>\n<link rel=\"canonical\" href=\"https:\/\/medicina.udd.cl\/medicina-santiago\/noticias\/2016\/07\/15\/medicina-udd-realizo-segundo-claustro-academico-del-ano\/\" \/>\n<meta property=\"og:locale\" content=\"es_ES\" \/>\n<meta property=\"og:type\" content=\"article\" \/>\n<meta property=\"og:title\" content=\"Medicina UDD realiz\u00f3 segundo Claustro Acad\u00e9mico del a\u00f1o - Medicina\" \/>\n<meta property=\"og:description\" content=\"Durante la actividad, que por primera vez se desarroll\u00f3 en el Hospital Padre Hurtado, se premi\u00f3 a los docentes destacados de los ciclos B\u00e1sico, Pre-cl\u00ednico\/Cl\u00ednico, Internados y Postgrado; los doctores Mario Castro, Manuel N\u00e1jera, Felipe Jord\u00e1n y Karin Rotter, respectivamente.\" \/>\n<meta property=\"og:url\" content=\"https:\/\/medicina.udd.cl\/medicina-santiago\/noticias\/2016\/07\/15\/medicina-udd-realizo-segundo-claustro-academico-del-ano\/\" \/>\n<meta property=\"og:site_name\" content=\"Medicina\" \/>\n<meta property=\"article:published_time\" content=\"2016-07-15T16:21:14+00:00\" \/>\n<meta property=\"article:modified_time\" content=\"2016-07-15T16:27:36+00:00\" \/>\n<meta property=\"og:image\" content=\"https:\/\/medicina.udd.cl\/medicina-santiago\/files\/2016\/07\/Claustro-Medicina.jpg\" \/>\n\t<meta property=\"og:image:width\" content=\"675\" \/>\n\t<meta property=\"og:image:height\" content=\"450\" \/>\n\t<meta property=\"og:image:type\" content=\"image\/jpeg\" \/>\n<meta name=\"author\" content=\"paulinamunoz\" \/>\n<meta name=\"twitter:label1\" content=\"Escrito por\" \/>\n\t<meta name=\"twitter:data1\" content=\"paulinamunoz\" \/>\n\t<meta name=\"twitter:label2\" content=\"Tiempo de lectura\" \/>\n\t<meta name=\"twitter:data2\" content=\"2 minutos\" \/>\n<script type=\"application\/ld+json\" class=\"yoast-schema-graph\">{\"@context\":\"https:\/\/schema.org\",\"@graph\":[{\"@type\":\"Article\",\"@id\":\"https:\/\/medicina.udd.cl\/medicina-santiago\/noticias\/2016\/07\/15\/medicina-udd-realizo-segundo-claustro-academico-del-ano\/#article\",\"isPartOf\":{\"@id\":\"https:\/\/medicina.udd.cl\/medicina-santiago\/noticias\/2016\/07\/15\/medicina-udd-realizo-segundo-claustro-academico-del-ano\/\"},\"author\":{\"name\":\"paulinamunoz\",\"@id\":\"https:\/\/medicina.udd.cl\/medicina-santiago\/#\/schema\/person\/8bbd66125b574a40ec467c180c11f2e3\"},\"headline\":\"Medicina UDD realiz\u00f3 segundo Claustro Acad\u00e9mico del a\u00f1o\",\"datePublished\":\"2016-07-15T16:21:14+00:00\",\"dateModified\":\"2016-07-15T16:27:36+00:00\",\"mainEntityOfPage\":{\"@id\":\"https:\/\/medicina.udd.cl\/medicina-santiago\/noticias\/2016\/07\/15\/medicina-udd-realizo-segundo-claustro-academico-del-ano\/\"},\"wordCount\":391,\"commentCount\":0,\"image\":{\"@id\":\"https:\/\/medicina.udd.cl\/medicina-santiago\/noticias\/2016\/07\/15\/medicina-udd-realizo-segundo-claustro-academico-del-ano\/#primaryimage\"},\"thumbnailUrl\":\"https:\/\/medicina.udd.cl\/medicina-santiago\/files\/2016\/07\/Claustro-Medicina.jpg\",\"articleSection\":[\"Noticias\"],\"inLanguage\":\"es\",\"potentialAction\":[{\"@type\":\"CommentAction\",\"name\":\"Comment\",\"target\":[\"https:\/\/medicina.udd.cl\/medicina-santiago\/noticias\/2016\/07\/15\/medicina-udd-realizo-segundo-claustro-academico-del-ano\/#respond\"]}]},{\"@type\":\"WebPage\",\"@id\":\"https:\/\/medicina.udd.cl\/medicina-santiago\/noticias\/2016\/07\/15\/medicina-udd-realizo-segundo-claustro-academico-del-ano\/\",\"url\":\"https:\/\/medicina.udd.cl\/medicina-santiago\/noticias\/2016\/07\/15\/medicina-udd-realizo-segundo-claustro-academico-del-ano\/\",\"name\":\"Medicina UDD realiz\u00f3 segundo Claustro Acad\u00e9mico del a\u00f1o - Medicina\",\"isPartOf\":{\"@id\":\"https:\/\/medicina.udd.cl\/medicina-santiago\/#website\"},\"primaryImageOfPage\":{\"@id\":\"https:\/\/medicina.udd.cl\/medicina-santiago\/noticias\/2016\/07\/15\/medicina-udd-realizo-segundo-claustro-academico-del-ano\/#primaryimage\"},\"image\":{\"@id\":\"https:\/\/medicina.udd.cl\/medicina-santiago\/noticias\/2016\/07\/15\/medicina-udd-realizo-segundo-claustro-academico-del-ano\/#primaryimage\"},\"thumbnailUrl\":\"https:\/\/medicina.udd.cl\/medicina-santiago\/files\/2016\/07\/Claustro-Medicina.jpg\",\"datePublished\":\"2016-07-15T16:21:14+00:00\",\"dateModified\":\"2016-07-15T16:27:36+00:00\",\"author\":{\"@id\":\"https:\/\/medicina.udd.cl\/medicina-santiago\/#\/schema\/person\/8bbd66125b574a40ec467c180c11f2e3\"},\"breadcrumb\":{\"@id\":\"https:\/\/medicina.udd.cl\/medicina-santiago\/noticias\/2016\/07\/15\/medicina-udd-realizo-segundo-claustro-academico-del-ano\/#breadcrumb\"},\"inLanguage\":\"es\",\"potentialAction\":[{\"@type\":\"ReadAction\",\"target\":[\"https:\/\/medicina.udd.cl\/medicina-santiago\/noticias\/2016\/07\/15\/medicina-udd-realizo-segundo-claustro-academico-del-ano\/\"]}]},{\"@type\":\"ImageObject\",\"inLanguage\":\"es\",\"@id\":\"https:\/\/medicina.udd.cl\/medicina-santiago\/noticias\/2016\/07\/15\/medicina-udd-realizo-segundo-claustro-academico-del-ano\/#primaryimage\",\"url\":\"https:\/\/medicina.udd.cl\/medicina-santiago\/files\/2016\/07\/Claustro-Medicina.jpg\",\"contentUrl\":\"https:\/\/medicina.udd.cl\/medicina-santiago\/files\/2016\/07\/Claustro-Medicina.jpg\",\"width\":675,\"height\":450},{\"@type\":\"BreadcrumbList\",\"@id\":\"https:\/\/medicina.udd.cl\/medicina-santiago\/noticias\/2016\/07\/15\/medicina-udd-realizo-segundo-claustro-academico-del-ano\/#breadcrumb\",\"itemListElement\":[{\"@type\":\"ListItem\",\"position\":1,\"name\":\"Home\",\"item\":\"https:\/\/medicina.udd.cl\/medicina-santiago\/\"},{\"@type\":\"ListItem\",\"position\":2,\"name\":\"Medicina UDD realiz\u00f3 segundo Claustro Acad\u00e9mico del a\u00f1o\"}]},{\"@type\":\"WebSite\",\"@id\":\"https:\/\/medicina.udd.cl\/medicina-santiago\/#website\",\"url\":\"https:\/\/medicina.udd.cl\/medicina-santiago\/\",\"name\":\"Medicina\",\"description\":\"Facultad de Medicina Cl\u00ednica Alemana Universidad del Desarrollo\",\"inLanguage\":\"es\"},{\"@type\":\"Person\",\"@id\":\"https:\/\/medicina.udd.cl\/medicina-santiago\/#\/schema\/person\/8bbd66125b574a40ec467c180c11f2e3\",\"name\":\"paulinamunoz\",\"image\":{\"@type\":\"ImageObject\",\"inLanguage\":\"es\",\"@id\":\"https:\/\/medicina.udd.cl\/medicina-santiago\/#\/schema\/person\/image\/\",\"url\":\"https:\/\/secure.gravatar.com\/avatar\/748ce8fb74e8f8077c4966697a3b3710ca0019e71a62146890c0dcdc705e7f3d?s=96&d=mm&r=g\",\"contentUrl\":\"https:\/\/secure.gravatar.com\/avatar\/748ce8fb74e8f8077c4966697a3b3710ca0019e71a62146890c0dcdc705e7f3d?s=96&d=mm&r=g\",\"caption\":\"paulinamunoz\"},\"url\":\"https:\/\/medicina.udd.cl\/medicina-santiago\/noticias\/author\/paulinamunoz\/\"}]}<\/script>\n<!-- \/ Yoast SEO plugin. -->","yoast_head_json":{"title":"Medicina UDD realiz\u00f3 segundo Claustro Acad\u00e9mico del a\u00f1o - Medicina","robots":{"index":"index","follow":"follow","max-snippet":"max-snippet:-1","max-image-preview":"max-image-preview:large","max-video-preview":"max-video-preview:-1"},"canonical":"https:\/\/medicina.udd.cl\/medicina-santiago\/noticias\/2016\/07\/15\/medicina-udd-realizo-segundo-claustro-academico-del-ano\/","og_locale":"es_ES","og_type":"article","og_title":"Medicina UDD realiz\u00f3 segundo Claustro Acad\u00e9mico del a\u00f1o - Medicina","og_description":"Durante la actividad, que por primera vez se desarroll\u00f3 en el Hospital Padre Hurtado, se premi\u00f3 a los docentes destacados de los ciclos B\u00e1sico, Pre-cl\u00ednico\/Cl\u00ednico, Internados y Postgrado; los doctores Mario Castro, Manuel N\u00e1jera, Felipe Jord\u00e1n y Karin Rotter, respectivamente.","og_url":"https:\/\/medicina.udd.cl\/medicina-santiago\/noticias\/2016\/07\/15\/medicina-udd-realizo-segundo-claustro-academico-del-ano\/","og_site_name":"Medicina","article_published_time":"2016-07-15T16:21:14+00:00","article_modified_time":"2016-07-15T16:27:36+00:00","og_image":[{"width":675,"height":450,"url":"https:\/\/medicina.udd.cl\/medicina-santiago\/files\/2016\/07\/Claustro-Medicina.jpg","type":"image\/jpeg"}],"author":"paulinamunoz","twitter_misc":{"Escrito por":"paulinamunoz","Tiempo de lectura":"2 minutos"},"schema":{"@context":"https:\/\/schema.org","@graph":[{"@type":"Article","@id":"https:\/\/medicina.udd.cl\/medicina-santiago\/noticias\/2016\/07\/15\/medicina-udd-realizo-segundo-claustro-academico-del-ano\/#article","isPartOf":{"@id":"https:\/\/medicina.udd.cl\/medicina-santiago\/noticias\/2016\/07\/15\/medicina-udd-realizo-segundo-claustro-academico-del-ano\/"},"author":{"name":"paulinamunoz","@id":"https:\/\/medicina.udd.cl\/medicina-santiago\/#\/schema\/person\/8bbd66125b574a40ec467c180c11f2e3"},"headline":"Medicina UDD realiz\u00f3 segundo Claustro Acad\u00e9mico del a\u00f1o","datePublished":"2016-07-15T16:21:14+00:00","dateModified":"2016-07-15T16:27:36+00:00","mainEntityOfPage":{"@id":"https:\/\/medicina.udd.cl\/medicina-santiago\/noticias\/2016\/07\/15\/medicina-udd-realizo-segundo-claustro-academico-del-ano\/"},"wordCount":391,"commentCount":0,"image":{"@id":"https:\/\/medicina.udd.cl\/medicina-santiago\/noticias\/2016\/07\/15\/medicina-udd-realizo-segundo-claustro-academico-del-ano\/#primaryimage"},"thumbnailUrl":"https:\/\/medicina.udd.cl\/medicina-santiago\/files\/2016\/07\/Claustro-Medicina.jpg","articleSection":["Noticias"],"inLanguage":"es","potentialAction":[{"@type":"CommentAction","name":"Comment","target":["https:\/\/medicina.udd.cl\/medicina-santiago\/noticias\/2016\/07\/15\/medicina-udd-realizo-segundo-claustro-academico-del-ano\/#respond"]}]},{"@type":"WebPage","@id":"https:\/\/medicina.udd.cl\/medicina-santiago\/noticias\/2016\/07\/15\/medicina-udd-realizo-segundo-claustro-academico-del-ano\/","url":"https:\/\/medicina.udd.cl\/medicina-santiago\/noticias\/2016\/07\/15\/medicina-udd-realizo-segundo-claustro-academico-del-ano\/","name":"Medicina UDD realiz\u00f3 segundo Claustro Acad\u00e9mico del a\u00f1o - Medicina","isPartOf":{"@id":"https:\/\/medicina.udd.cl\/medicina-santiago\/#website"},"primaryImageOfPage":{"@id":"https:\/\/medicina.udd.cl\/medicina-santiago\/noticias\/2016\/07\/15\/medicina-udd-realizo-segundo-claustro-academico-del-ano\/#primaryimage"},"image":{"@id":"https:\/\/medicina.udd.cl\/medicina-santiago\/noticias\/2016\/07\/15\/medicina-udd-realizo-segundo-claustro-academico-del-ano\/#primaryimage"},"thumbnailUrl":"https:\/\/medicina.udd.cl\/medicina-santiago\/files\/2016\/07\/Claustro-Medicina.jpg","datePublished":"2016-07-15T16:21:14+00:00","dateModified":"2016-07-15T16:27:36+00:00","author":{"@id":"https:\/\/medicina.udd.cl\/medicina-santiago\/#\/schema\/person\/8bbd66125b574a40ec467c180c11f2e3"},"breadcrumb":{"@id":"https:\/\/medicina.udd.cl\/medicina-santiago\/noticias\/2016\/07\/15\/medicina-udd-realizo-segundo-claustro-academico-del-ano\/#breadcrumb"},"inLanguage":"es","potentialAction":[{"@type":"ReadAction","target":["https:\/\/medicina.udd.cl\/medicina-santiago\/noticias\/2016\/07\/15\/medicina-udd-realizo-segundo-claustro-academico-del-ano\/"]}]},{"@type":"ImageObject","inLanguage":"es","@id":"https:\/\/medicina.udd.cl\/medicina-santiago\/noticias\/2016\/07\/15\/medicina-udd-realizo-segundo-claustro-academico-del-ano\/#primaryimage","url":"https:\/\/medicina.udd.cl\/medicina-santiago\/files\/2016\/07\/Claustro-Medicina.jpg","contentUrl":"https:\/\/medicina.udd.cl\/medicina-santiago\/files\/2016\/07\/Claustro-Medicina.jpg","width":675,"height":450},{"@type":"BreadcrumbList","@id":"https:\/\/medicina.udd.cl\/medicina-santiago\/noticias\/2016\/07\/15\/medicina-udd-realizo-segundo-claustro-academico-del-ano\/#breadcrumb","itemListElement":[{"@type":"ListItem","position":1,"name":"Home","item":"https:\/\/medicina.udd.cl\/medicina-santiago\/"},{"@type":"ListItem","position":2,"name":"Medicina UDD realiz\u00f3 segundo Claustro Acad\u00e9mico del a\u00f1o"}]},{"@type":"WebSite","@id":"https:\/\/medicina.udd.cl\/medicina-santiago\/#website","url":"https:\/\/medicina.udd.cl\/medicina-santiago\/","name":"Medicina","description":"Facultad de Medicina Cl\u00ednica Alemana Universidad del Desarrollo","inLanguage":"es"},{"@type":"Person","@id":"https:\/\/medicina.udd.cl\/medicina-santiago\/#\/schema\/person\/8bbd66125b574a40ec467c180c11f2e3","name":"paulinamunoz","image":{"@type":"ImageObject","inLanguage":"es","@id":"https:\/\/medicina.udd.cl\/medicina-santiago\/#\/schema\/person\/image\/","url":"https:\/\/secure.gravatar.com\/avatar\/748ce8fb74e8f8077c4966697a3b3710ca0019e71a62146890c0dcdc705e7f3d?s=96&d=mm&r=g","contentUrl":"https:\/\/secure.gravatar.com\/avatar\/748ce8fb74e8f8077c4966697a3b3710ca0019e71a62146890c0dcdc705e7f3d?s=96&d=mm&r=g","caption":"paulinamunoz"},"url":"https:\/\/medicina.udd.cl\/medicina-santiago\/noticias\/author\/paulinamunoz\/"}]}},"featured_image_url":"https:\/\/medicina.udd.cl\/medicina-santiago\/files\/2016\/07\/Claustro-Medicina.jpg","_links":{"self":[{"href":"https:\/\/medicina.udd.cl\/medicina-santiago\/wp-json\/wp\/v2\/posts\/4220","targetHints":{"allow":["GET"]}}],"collection":[{"href":"https:\/\/medicina.udd.cl\/medicina-santiago\/wp-json\/wp\/v2\/posts"}],"about":[{"href":"https:\/\/medicina.udd.cl\/medicina-santiago\/wp-json\/wp\/v2\/types\/post"}],"author":[{"embeddable":true,"href":"https:\/\/medicina.udd.cl\/medicina-santiago\/wp-json\/wp\/v2\/users\/9192192"}],"replies":[{"embeddable":true,"href":"https:\/\/medicina.udd.cl\/medicina-santiago\/wp-json\/wp\/v2\/comments?post=4220"}],"version-history":[{"count":5,"href":"https:\/\/medicina.udd.cl\/medicina-santiago\/wp-json\/wp\/v2\/posts\/4220\/revisions"}],"predecessor-version":[{"id":4262,"href":"https:\/\/medicina.udd.cl\/medicina-santiago\/wp-json\/wp\/v2\/posts\/4220\/revisions\/4262"}],"wp:featuredmedia":[{"embeddable":true,"href":"https:\/\/medicina.udd.cl\/medicina-santiago\/wp-json\/wp\/v2\/media\/4261"}],"wp:attachment":[{"href":"https:\/\/medicina.udd.cl\/medicina-santiago\/wp-json\/wp\/v2\/media?parent=4220"}],"wp:term":[{"taxonomy":"category","embeddable":true,"href":"https:\/\/medicina.udd.cl\/medicina-santiago\/wp-json\/wp\/v2\/categories?post=4220"},{"taxonomy":"post_tag","embeddable":true,"href":"https:\/\/medicina.udd.cl\/medicina-santiago\/wp-json\/wp\/v2\/tags?post=4220"}],"curies":[{"name":"wp","href":"https:\/\/api.w.org\/{rel}","templated":true}]}}