{"id":4297,"date":"2016-07-25T10:20:32","date_gmt":"2016-07-25T14:20:32","guid":{"rendered":"http:\/\/medicina.udd.cl\/medicina-santiago\/?p=4297"},"modified":"2016-07-25T10:20:32","modified_gmt":"2016-07-25T14:20:32","slug":"distincion-internacional-a-docente-de-medicina","status":"publish","type":"post","link":"https:\/\/medicina.udd.cl\/medicina-santiago\/noticias\/2016\/07\/25\/distincion-internacional-a-docente-de-medicina\/","title":{"rendered":"Distinci\u00f3n internacional a docente de Medicina"},"content":{"rendered":"<p style=\"text-align: justify;\"><a href=\"http:\/\/medicina.udd.cl\/medicina-santiago\/files\/2011\/06\/Claudio-Silva.jpg\" rel=\"attachment wp-att-621\"><img loading=\"lazy\" decoding=\"async\" class=\"size-full wp-image-621 alignright\" src=\"http:\/\/medicina.udd.cl\/medicina-santiago\/files\/2011\/06\/Claudio-Silva.jpg\" alt=\"Claudio Silva\" width=\"160\" height=\"190\" \/><\/a>La Sociedad Radiol\u00f3gica de Norteam\u00e9rica (RSNA) reconoci\u00f3 al profesor regular y director de Im\u00e1genes de la Facultad de Medicina CAS-UDD, doctor Claudio Silva Fuente-Alba, como uno de los Mejores Revisores de Radiology\u00a02015, distinci\u00f3n que se entrega al 10% de los colaboradores de dicha revista, considerada la m\u00e1s importante del mundo en la especialidad de Radiolog\u00eda.<\/p>\n<p style=\"text-align: justify;\">Para el doctor Claudio Silva, este premio es\u00a0un reconocimiento al tiempo y trabajo dedicado a la labor\u00a0como revisor de revista internacional RADIOLOGY.<\/p>\n<p style=\"text-align: justify;\">Adem\u00e1s, desde el a\u00f1o 2014 que el doctor Claudio Silva Fuente-Alba es\u00a0miembro del Comit\u00e9 para Educaci\u00f3n Internacional en Radiolog\u00eda (<em>Committee for International Radiology Education &#8211; CIRE<\/em>)\u00a0de la RSNA, organismo orientado a la aplicaci\u00f3n de programas dise\u00f1ados para entrenar y educar a radi\u00f3logos calificados sobre temas, habilidades y tecnolog\u00edas no disponibles en naciones emergentes y en desarrollo, adem\u00e1s de incluir aplicaciones electr\u00f3nicas para el aprendizaje a distancia, para mejorar y elevar el nivel de educaci\u00f3n radiol\u00f3gica.<\/p>\n<p style=\"text-align: justify;\">A trav\u00e9s de este Comit\u00e9, se\u00a0asesora a la Junta Directiva de RSNA en asuntos internacionales en educaci\u00f3n de Radiolog\u00eda e Investigaci\u00f3n, siendo\u00a0Silva Fuente-Alba\u00a0el \u00fanico latinoamericano en esta instancia.<\/p>\n","protected":false},"excerpt":{"rendered":"<p>La Sociedad Radiol\u00f3gica de Norteam\u00e9rica (RSNA) eligi\u00f3 al doctor Claudio Silva Fuente-Alba entre los Mejores Revisores 2015, reconocimiento que se entrega a los colaboradores sobresalientes de la revista Radiology, considerada la m\u00e1s importante del mundo en la especialidad.<\/p>\n","protected":false},"author":42,"featured_media":4298,"comment_status":"open","ping_status":"open","sticky":false,"template":"","format":"standard","meta":{"footnotes":""},"categories":[4],"tags":[],"class_list":["post-4297","post","type-post","status-publish","format-standard","has-post-thumbnail","hentry","category-noticias"],"yoast_head":"<!-- This site is optimized with the Yoast SEO plugin v26.9 - https:\/\/yoast.com\/product\/yoast-seo-wordpress\/ -->\n<title>Distinci\u00f3n internacional a docente de Medicina - Medicina<\/title>\n<meta name=\"robots\" content=\"index, follow, max-snippet:-1, max-image-preview:large, max-video-preview:-1\" \/>\n<link rel=\"canonical\" href=\"https:\/\/medicina.udd.cl\/medicina-santiago\/noticias\/2016\/07\/25\/distincion-internacional-a-docente-de-medicina\/\" \/>\n<meta property=\"og:locale\" content=\"es_ES\" \/>\n<meta property=\"og:type\" content=\"article\" \/>\n<meta property=\"og:title\" content=\"Distinci\u00f3n internacional a docente de Medicina - Medicina\" \/>\n<meta property=\"og:description\" content=\"La Sociedad Radiol\u00f3gica de Norteam\u00e9rica (RSNA) eligi\u00f3 al doctor Claudio Silva Fuente-Alba entre los Mejores Revisores 2015, reconocimiento que se entrega a los colaboradores sobresalientes de la revista Radiology, considerada la m\u00e1s importante del mundo en la especialidad.\" \/>\n<meta property=\"og:url\" content=\"https:\/\/medicina.udd.cl\/medicina-santiago\/noticias\/2016\/07\/25\/distincion-internacional-a-docente-de-medicina\/\" \/>\n<meta property=\"og:site_name\" content=\"Medicina\" \/>\n<meta property=\"article:published_time\" content=\"2016-07-25T14:20:32+00:00\" \/>\n<meta property=\"og:image\" content=\"https:\/\/medicina.udd.cl\/medicina-santiago\/files\/2016\/07\/Claudio-Silva1.jpg\" \/>\n\t<meta property=\"og:image:width\" content=\"160\" \/>\n\t<meta property=\"og:image:height\" content=\"162\" \/>\n\t<meta property=\"og:image:type\" content=\"image\/jpeg\" \/>\n<meta name=\"twitter:label1\" content=\"Escrito por\" \/>\n\t<meta name=\"twitter:data1\" content=\"\" \/>\n\t<meta name=\"twitter:label2\" content=\"Tiempo de lectura\" \/>\n\t<meta name=\"twitter:data2\" content=\"1 minuto\" \/>\n<script type=\"application\/ld+json\" class=\"yoast-schema-graph\">{\"@context\":\"https:\/\/schema.org\",\"@graph\":[{\"@type\":\"Article\",\"@id\":\"https:\/\/medicina.udd.cl\/medicina-santiago\/noticias\/2016\/07\/25\/distincion-internacional-a-docente-de-medicina\/#article\",\"isPartOf\":{\"@id\":\"https:\/\/medicina.udd.cl\/medicina-santiago\/noticias\/2016\/07\/25\/distincion-internacional-a-docente-de-medicina\/\"},\"author\":{\"name\":\"\",\"@id\":\"\"},\"headline\":\"Distinci\u00f3n internacional a docente de Medicina\",\"datePublished\":\"2016-07-25T14:20:32+00:00\",\"mainEntityOfPage\":{\"@id\":\"https:\/\/medicina.udd.cl\/medicina-santiago\/noticias\/2016\/07\/25\/distincion-internacional-a-docente-de-medicina\/\"},\"wordCount\":214,\"commentCount\":0,\"image\":{\"@id\":\"https:\/\/medicina.udd.cl\/medicina-santiago\/noticias\/2016\/07\/25\/distincion-internacional-a-docente-de-medicina\/#primaryimage\"},\"thumbnailUrl\":\"https:\/\/medicina.udd.cl\/medicina-santiago\/files\/2016\/07\/Claudio-Silva1.jpg\",\"articleSection\":[\"Noticias\"],\"inLanguage\":\"es\",\"potentialAction\":[{\"@type\":\"CommentAction\",\"name\":\"Comment\",\"target\":[\"https:\/\/medicina.udd.cl\/medicina-santiago\/noticias\/2016\/07\/25\/distincion-internacional-a-docente-de-medicina\/#respond\"]}]},{\"@type\":\"WebPage\",\"@id\":\"https:\/\/medicina.udd.cl\/medicina-santiago\/noticias\/2016\/07\/25\/distincion-internacional-a-docente-de-medicina\/\",\"url\":\"https:\/\/medicina.udd.cl\/medicina-santiago\/noticias\/2016\/07\/25\/distincion-internacional-a-docente-de-medicina\/\",\"name\":\"Distinci\u00f3n internacional a docente de Medicina - Medicina\",\"isPartOf\":{\"@id\":\"https:\/\/medicina.udd.cl\/medicina-santiago\/#website\"},\"primaryImageOfPage\":{\"@id\":\"https:\/\/medicina.udd.cl\/medicina-santiago\/noticias\/2016\/07\/25\/distincion-internacional-a-docente-de-medicina\/#primaryimage\"},\"image\":{\"@id\":\"https:\/\/medicina.udd.cl\/medicina-santiago\/noticias\/2016\/07\/25\/distincion-internacional-a-docente-de-medicina\/#primaryimage\"},\"thumbnailUrl\":\"https:\/\/medicina.udd.cl\/medicina-santiago\/files\/2016\/07\/Claudio-Silva1.jpg\",\"datePublished\":\"2016-07-25T14:20:32+00:00\",\"author\":{\"@id\":\"\"},\"breadcrumb\":{\"@id\":\"https:\/\/medicina.udd.cl\/medicina-santiago\/noticias\/2016\/07\/25\/distincion-internacional-a-docente-de-medicina\/#breadcrumb\"},\"inLanguage\":\"es\",\"potentialAction\":[{\"@type\":\"ReadAction\",\"target\":[\"https:\/\/medicina.udd.cl\/medicina-santiago\/noticias\/2016\/07\/25\/distincion-internacional-a-docente-de-medicina\/\"]}]},{\"@type\":\"ImageObject\",\"inLanguage\":\"es\",\"@id\":\"https:\/\/medicina.udd.cl\/medicina-santiago\/noticias\/2016\/07\/25\/distincion-internacional-a-docente-de-medicina\/#primaryimage\",\"url\":\"https:\/\/medicina.udd.cl\/medicina-santiago\/files\/2016\/07\/Claudio-Silva1.jpg\",\"contentUrl\":\"https:\/\/medicina.udd.cl\/medicina-santiago\/files\/2016\/07\/Claudio-Silva1.jpg\",\"width\":160,\"height\":162},{\"@type\":\"BreadcrumbList\",\"@id\":\"https:\/\/medicina.udd.cl\/medicina-santiago\/noticias\/2016\/07\/25\/distincion-internacional-a-docente-de-medicina\/#breadcrumb\",\"itemListElement\":[{\"@type\":\"ListItem\",\"position\":1,\"name\":\"Home\",\"item\":\"https:\/\/medicina.udd.cl\/medicina-santiago\/\"},{\"@type\":\"ListItem\",\"position\":2,\"name\":\"Distinci\u00f3n internacional a docente de Medicina\"}]},{\"@type\":\"WebSite\",\"@id\":\"https:\/\/medicina.udd.cl\/medicina-santiago\/#website\",\"url\":\"https:\/\/medicina.udd.cl\/medicina-santiago\/\",\"name\":\"Medicina\",\"description\":\"Facultad de Medicina Cl\u00ednica Alemana Universidad del Desarrollo\",\"inLanguage\":\"es\"},{\"@type\":\"Person\",\"@id\":\"\",\"url\":\"https:\/\/medicina.udd.cl\/medicina-santiago\/noticias\/author\/\"}]}<\/script>\n<!-- \/ Yoast SEO plugin. -->","yoast_head_json":{"title":"Distinci\u00f3n internacional a docente de Medicina - Medicina","robots":{"index":"index","follow":"follow","max-snippet":"max-snippet:-1","max-image-preview":"max-image-preview:large","max-video-preview":"max-video-preview:-1"},"canonical":"https:\/\/medicina.udd.cl\/medicina-santiago\/noticias\/2016\/07\/25\/distincion-internacional-a-docente-de-medicina\/","og_locale":"es_ES","og_type":"article","og_title":"Distinci\u00f3n internacional a docente de Medicina - Medicina","og_description":"La Sociedad Radiol\u00f3gica de Norteam\u00e9rica (RSNA) eligi\u00f3 al doctor Claudio Silva Fuente-Alba entre los Mejores Revisores 2015, reconocimiento que se entrega a los colaboradores sobresalientes de la revista Radiology, considerada la m\u00e1s importante del mundo en la especialidad.","og_url":"https:\/\/medicina.udd.cl\/medicina-santiago\/noticias\/2016\/07\/25\/distincion-internacional-a-docente-de-medicina\/","og_site_name":"Medicina","article_published_time":"2016-07-25T14:20:32+00:00","og_image":[{"width":160,"height":162,"url":"https:\/\/medicina.udd.cl\/medicina-santiago\/files\/2016\/07\/Claudio-Silva1.jpg","type":"image\/jpeg"}],"twitter_misc":{"Escrito por":"","Tiempo de lectura":"1 minuto"},"schema":{"@context":"https:\/\/schema.org","@graph":[{"@type":"Article","@id":"https:\/\/medicina.udd.cl\/medicina-santiago\/noticias\/2016\/07\/25\/distincion-internacional-a-docente-de-medicina\/#article","isPartOf":{"@id":"https:\/\/medicina.udd.cl\/medicina-santiago\/noticias\/2016\/07\/25\/distincion-internacional-a-docente-de-medicina\/"},"author":{"name":"","@id":""},"headline":"Distinci\u00f3n internacional a docente de Medicina","datePublished":"2016-07-25T14:20:32+00:00","mainEntityOfPage":{"@id":"https:\/\/medicina.udd.cl\/medicina-santiago\/noticias\/2016\/07\/25\/distincion-internacional-a-docente-de-medicina\/"},"wordCount":214,"commentCount":0,"image":{"@id":"https:\/\/medicina.udd.cl\/medicina-santiago\/noticias\/2016\/07\/25\/distincion-internacional-a-docente-de-medicina\/#primaryimage"},"thumbnailUrl":"https:\/\/medicina.udd.cl\/medicina-santiago\/files\/2016\/07\/Claudio-Silva1.jpg","articleSection":["Noticias"],"inLanguage":"es","potentialAction":[{"@type":"CommentAction","name":"Comment","target":["https:\/\/medicina.udd.cl\/medicina-santiago\/noticias\/2016\/07\/25\/distincion-internacional-a-docente-de-medicina\/#respond"]}]},{"@type":"WebPage","@id":"https:\/\/medicina.udd.cl\/medicina-santiago\/noticias\/2016\/07\/25\/distincion-internacional-a-docente-de-medicina\/","url":"https:\/\/medicina.udd.cl\/medicina-santiago\/noticias\/2016\/07\/25\/distincion-internacional-a-docente-de-medicina\/","name":"Distinci\u00f3n internacional a docente de Medicina - Medicina","isPartOf":{"@id":"https:\/\/medicina.udd.cl\/medicina-santiago\/#website"},"primaryImageOfPage":{"@id":"https:\/\/medicina.udd.cl\/medicina-santiago\/noticias\/2016\/07\/25\/distincion-internacional-a-docente-de-medicina\/#primaryimage"},"image":{"@id":"https:\/\/medicina.udd.cl\/medicina-santiago\/noticias\/2016\/07\/25\/distincion-internacional-a-docente-de-medicina\/#primaryimage"},"thumbnailUrl":"https:\/\/medicina.udd.cl\/medicina-santiago\/files\/2016\/07\/Claudio-Silva1.jpg","datePublished":"2016-07-25T14:20:32+00:00","author":{"@id":""},"breadcrumb":{"@id":"https:\/\/medicina.udd.cl\/medicina-santiago\/noticias\/2016\/07\/25\/distincion-internacional-a-docente-de-medicina\/#breadcrumb"},"inLanguage":"es","potentialAction":[{"@type":"ReadAction","target":["https:\/\/medicina.udd.cl\/medicina-santiago\/noticias\/2016\/07\/25\/distincion-internacional-a-docente-de-medicina\/"]}]},{"@type":"ImageObject","inLanguage":"es","@id":"https:\/\/medicina.udd.cl\/medicina-santiago\/noticias\/2016\/07\/25\/distincion-internacional-a-docente-de-medicina\/#primaryimage","url":"https:\/\/medicina.udd.cl\/medicina-santiago\/files\/2016\/07\/Claudio-Silva1.jpg","contentUrl":"https:\/\/medicina.udd.cl\/medicina-santiago\/files\/2016\/07\/Claudio-Silva1.jpg","width":160,"height":162},{"@type":"BreadcrumbList","@id":"https:\/\/medicina.udd.cl\/medicina-santiago\/noticias\/2016\/07\/25\/distincion-internacional-a-docente-de-medicina\/#breadcrumb","itemListElement":[{"@type":"ListItem","position":1,"name":"Home","item":"https:\/\/medicina.udd.cl\/medicina-santiago\/"},{"@type":"ListItem","position":2,"name":"Distinci\u00f3n internacional a docente de Medicina"}]},{"@type":"WebSite","@id":"https:\/\/medicina.udd.cl\/medicina-santiago\/#website","url":"https:\/\/medicina.udd.cl\/medicina-santiago\/","name":"Medicina","description":"Facultad de Medicina Cl\u00ednica Alemana Universidad del Desarrollo","inLanguage":"es"},{"@type":"Person","@id":"","url":"https:\/\/medicina.udd.cl\/medicina-santiago\/noticias\/author\/"}]}},"featured_image_url":"https:\/\/medicina.udd.cl\/medicina-santiago\/files\/2016\/07\/Claudio-Silva1.jpg","_links":{"self":[{"href":"https:\/\/medicina.udd.cl\/medicina-santiago\/wp-json\/wp\/v2\/posts\/4297","targetHints":{"allow":["GET"]}}],"collection":[{"href":"https:\/\/medicina.udd.cl\/medicina-santiago\/wp-json\/wp\/v2\/posts"}],"about":[{"href":"https:\/\/medicina.udd.cl\/medicina-santiago\/wp-json\/wp\/v2\/types\/post"}],"author":[{"embeddable":true,"href":"https:\/\/medicina.udd.cl\/medicina-santiago\/wp-json\/wp\/v2\/users\/42"}],"replies":[{"embeddable":true,"href":"https:\/\/medicina.udd.cl\/medicina-santiago\/wp-json\/wp\/v2\/comments?post=4297"}],"version-history":[{"count":1,"href":"https:\/\/medicina.udd.cl\/medicina-santiago\/wp-json\/wp\/v2\/posts\/4297\/revisions"}],"predecessor-version":[{"id":4299,"href":"https:\/\/medicina.udd.cl\/medicina-santiago\/wp-json\/wp\/v2\/posts\/4297\/revisions\/4299"}],"wp:featuredmedia":[{"embeddable":true,"href":"https:\/\/medicina.udd.cl\/medicina-santiago\/wp-json\/wp\/v2\/media\/4298"}],"wp:attachment":[{"href":"https:\/\/medicina.udd.cl\/medicina-santiago\/wp-json\/wp\/v2\/media?parent=4297"}],"wp:term":[{"taxonomy":"category","embeddable":true,"href":"https:\/\/medicina.udd.cl\/medicina-santiago\/wp-json\/wp\/v2\/categories?post=4297"},{"taxonomy":"post_tag","embeddable":true,"href":"https:\/\/medicina.udd.cl\/medicina-santiago\/wp-json\/wp\/v2\/tags?post=4297"}],"curies":[{"name":"wp","href":"https:\/\/api.w.org\/{rel}","templated":true}]}}