{"id":4635,"date":"2016-11-08T09:08:10","date_gmt":"2016-11-08T12:08:10","guid":{"rendered":"http:\/\/medicina.udd.cl\/medicina-santiago\/?p=4635"},"modified":"2016-11-08T09:11:29","modified_gmt":"2016-11-08T12:11:29","slug":"estudiantes-de-medicina-y-expertos-dialogaron-sobre-genetica-e-infancia","status":"publish","type":"post","link":"https:\/\/medicina.udd.cl\/medicina-santiago\/noticias\/2016\/11\/08\/estudiantes-de-medicina-y-expertos-dialogaron-sobre-genetica-e-infancia\/","title":{"rendered":"Estudiantes de Medicina y expertos dialogaron sobre Gen\u00e9tica e Infancia"},"content":{"rendered":"<p style=\"text-align: justify\"><img loading=\"lazy\" decoding=\"async\" class=\" wp-image-4637 aligncenter\" src=\"http:\/\/medicina.udd.cl\/medicina-santiago\/files\/2016\/11\/Curso-gen\u00e9tica-2-300x200.jpeg\" alt=\"Curso gen\u00e9tica (2)\" width=\"428\" height=\"285\" srcset=\"https:\/\/medicina.udd.cl\/medicina-santiago\/files\/2016\/11\/Curso-gen\u00e9tica-2-300x200.jpeg 300w, https:\/\/medicina.udd.cl\/medicina-santiago\/files\/2016\/11\/Curso-gen\u00e9tica-2-768x512.jpeg 768w, https:\/\/medicina.udd.cl\/medicina-santiago\/files\/2016\/11\/Curso-gen\u00e9tica-2-1024x683.jpeg 1024w, https:\/\/medicina.udd.cl\/medicina-santiago\/files\/2016\/11\/Curso-gen\u00e9tica-2-960x640.jpeg 960w, https:\/\/medicina.udd.cl\/medicina-santiago\/files\/2016\/11\/Curso-gen\u00e9tica-2.jpeg 1179w\" sizes=\"auto, (max-width: 428px) 100vw, 428px\" \/>Como parte de las actividades del curso de Gen\u00e9tica Humana, que se imparte en segundo a\u00f1o de Medicina, se llev\u00f3 a cabo un foro que convoc\u00f3 a expertos de diversas \u00e1reas en torno al an\u00e1lisis de un caso real: Andr\u00e9s Rivera, abordando los Derechos Humanos; Andr\u00e9s Maturana, la Neonatolog\u00eda; Gabriela Repetto, la Gen\u00e9tica; Pedro Jos\u00e9 L\u00f3pez, la Urolog\u00eda y Cirug\u00eda Infantil; y Carolina Sep\u00falveda, la Endocrinolog\u00eda Infantil.<\/p>\n<p style=\"text-align: justify\">Durante la jornada, los estudiantes analizaron c\u00f3mo un equipo de salud enfrenta situaciones complejas cuando hay incertidumbre por parte de la familia, relacionada a las condiciones en que su beb\u00e9 llega al mundo, ya que cuando \u00e9ste nace con un problema que dificulta definir su g\u00e9nero (ni\u00f1o o ni\u00f1a), por ejemplo, se transforma en un drama que ti\u00f1e ese momento con angustias.<\/p>\n<p style=\"text-align: justify\"><img loading=\"lazy\" decoding=\"async\" class=\" wp-image-4636 alignleft\" src=\"http:\/\/medicina.udd.cl\/medicina-santiago\/files\/2016\/11\/Curso-gen\u00e9tica-1-300x200.jpeg\" alt=\"Curso gen\u00e9tica (1)\" width=\"252\" height=\"168\" srcset=\"https:\/\/medicina.udd.cl\/medicina-santiago\/files\/2016\/11\/Curso-gen\u00e9tica-1-300x200.jpeg 300w, https:\/\/medicina.udd.cl\/medicina-santiago\/files\/2016\/11\/Curso-gen\u00e9tica-1-768x512.jpeg 768w, https:\/\/medicina.udd.cl\/medicina-santiago\/files\/2016\/11\/Curso-gen\u00e9tica-1-1024x683.jpeg 1024w, https:\/\/medicina.udd.cl\/medicina-santiago\/files\/2016\/11\/Curso-gen\u00e9tica-1-960x640.jpeg 960w, https:\/\/medicina.udd.cl\/medicina-santiago\/files\/2016\/11\/Curso-gen\u00e9tica-1.jpeg 1228w\" sizes=\"auto, (max-width: 252px) 100vw, 252px\" \/>Dentro de este contexto, la discusi\u00f3n en clase estuvo guiada por cuestionamientos sobre c\u00f3mo entregar la mala noticia, a qui\u00e9n se le debe pedir ayuda, c\u00f3mo apoyar a la familia, qu\u00e9 consecuencias futuras habr\u00e1 en ese n\u00facleo, evaluar si es una emergencia o si es necesario asignar un g\u00e9nero al momento de nacer.<\/p>\n<p style=\"text-align: justify\">\u201cLos estudiantes aprendieron sobretodo que en la Medicina no siempre hay respuestas categ\u00f3ricas, que hay mucha incertidumbre, condiciones o diferencias,\u00a0y no necesariamente \u2018normalidad o anormalidad\u2019, y que la persona necesita sobre todo a equipos que puedan acoger su problema\/situaci\u00f3n de manera emp\u00e1tica, honesta -reconociendo los l\u00edmites y los errores- y, sobretodo,\u00a0con mucho acompa\u00f1amiento y comprensi\u00f3n. Aprendieron que muchas veces el problema no se puede resolver, pero siempre se puede acompa\u00f1ar y apoyar durante todo el proceso\u201d, se\u00f1al\u00f3 <strong>Carla Benaglio<\/strong>, vicedecana de Desarrollo de la Facultad de Medicina Cl\u00ednica Alemana Universidad del Desarrollo.<\/p>\n<p style=\"text-align: justify\">La profesional tambi\u00e9n agreg\u00f3 que \u201csi queremos un futuro con mayor tolerancia por las condiciones gen\u00e9ticas raras es fundamental preguntarse y cuestionarse, educando a la sociedad a distintos niveles, y eso comienza por los futuros tratantes de esos pacientes; creemos que esta experiencia trasciende la Gen\u00e9tica y, posiblemente, deja ense\u00f1anzas que son transversales a la formaci\u00f3n de nuestros futuros m\u00e9dicos\u201d.<\/p>\n<p style=\"text-align: justify\">En el curso de Gen\u00e9tica, el estudiante no s\u00f3lo aprende de genes y mutaciones o alteraciones cromos\u00f3micas, sino tambi\u00e9n c\u00f3mo la persona y la familia viven y sienten estas condiciones a veces desconocidas\u00a0y socialmente poco aceptadas, promoviendo que el estudiante se cuestione las conductas, decisiones, modelos de comunicaci\u00f3n y aprenda c\u00f3mo el trabajo en equipo es la mejor alternativa para ofrecer un cuidado integral.<\/p>\n<p>&nbsp;<\/p>\n","protected":false},"excerpt":{"rendered":"<p>Durante la actividad, los estudiantes analizaron c\u00f3mo un equipo de salud enfrenta situaciones complejas cuando hay incertidumbre, por parte de la familia, respecto a las condiciones en que llega un beb\u00e9.<\/p>\n","protected":false},"author":9192192,"featured_media":4637,"comment_status":"open","ping_status":"open","sticky":false,"template":"","format":"standard","meta":{"footnotes":""},"categories":[4],"tags":[],"class_list":["post-4635","post","type-post","status-publish","format-standard","has-post-thumbnail","hentry","category-noticias"],"yoast_head":"<!-- This site is optimized with the Yoast SEO plugin v26.9 - https:\/\/yoast.com\/product\/yoast-seo-wordpress\/ -->\n<title>Estudiantes de Medicina y expertos dialogaron sobre Gen\u00e9tica e Infancia - Medicina<\/title>\n<meta name=\"robots\" content=\"index, follow, max-snippet:-1, max-image-preview:large, max-video-preview:-1\" \/>\n<link rel=\"canonical\" href=\"https:\/\/medicina.udd.cl\/medicina-santiago\/noticias\/2016\/11\/08\/estudiantes-de-medicina-y-expertos-dialogaron-sobre-genetica-e-infancia\/\" \/>\n<meta property=\"og:locale\" content=\"es_ES\" \/>\n<meta property=\"og:type\" content=\"article\" \/>\n<meta property=\"og:title\" content=\"Estudiantes de Medicina y expertos dialogaron sobre Gen\u00e9tica e Infancia - Medicina\" \/>\n<meta property=\"og:description\" content=\"Durante la actividad, los estudiantes analizaron c\u00f3mo un equipo de salud enfrenta situaciones complejas cuando hay incertidumbre, por parte de la familia, respecto a las condiciones en que llega un beb\u00e9.\" \/>\n<meta property=\"og:url\" content=\"https:\/\/medicina.udd.cl\/medicina-santiago\/noticias\/2016\/11\/08\/estudiantes-de-medicina-y-expertos-dialogaron-sobre-genetica-e-infancia\/\" \/>\n<meta property=\"og:site_name\" content=\"Medicina\" \/>\n<meta property=\"article:published_time\" content=\"2016-11-08T12:08:10+00:00\" \/>\n<meta property=\"article:modified_time\" content=\"2016-11-08T12:11:29+00:00\" \/>\n<meta property=\"og:image\" content=\"https:\/\/medicina.udd.cl\/medicina-santiago\/files\/2016\/11\/Curso-gen\u00e9tica-2.jpeg\" \/>\n\t<meta property=\"og:image:width\" content=\"1179\" \/>\n\t<meta property=\"og:image:height\" content=\"786\" \/>\n\t<meta property=\"og:image:type\" content=\"image\/jpeg\" \/>\n<meta name=\"author\" content=\"paulinamunoz\" \/>\n<meta name=\"twitter:label1\" content=\"Escrito por\" \/>\n\t<meta name=\"twitter:data1\" content=\"paulinamunoz\" \/>\n\t<meta name=\"twitter:label2\" content=\"Tiempo de lectura\" \/>\n\t<meta name=\"twitter:data2\" content=\"2 minutos\" \/>\n<script type=\"application\/ld+json\" class=\"yoast-schema-graph\">{\"@context\":\"https:\/\/schema.org\",\"@graph\":[{\"@type\":\"Article\",\"@id\":\"https:\/\/medicina.udd.cl\/medicina-santiago\/noticias\/2016\/11\/08\/estudiantes-de-medicina-y-expertos-dialogaron-sobre-genetica-e-infancia\/#article\",\"isPartOf\":{\"@id\":\"https:\/\/medicina.udd.cl\/medicina-santiago\/noticias\/2016\/11\/08\/estudiantes-de-medicina-y-expertos-dialogaron-sobre-genetica-e-infancia\/\"},\"author\":{\"name\":\"paulinamunoz\",\"@id\":\"https:\/\/medicina.udd.cl\/medicina-santiago\/#\/schema\/person\/8bbd66125b574a40ec467c180c11f2e3\"},\"headline\":\"Estudiantes de Medicina y expertos dialogaron sobre Gen\u00e9tica e Infancia\",\"datePublished\":\"2016-11-08T12:08:10+00:00\",\"dateModified\":\"2016-11-08T12:11:29+00:00\",\"mainEntityOfPage\":{\"@id\":\"https:\/\/medicina.udd.cl\/medicina-santiago\/noticias\/2016\/11\/08\/estudiantes-de-medicina-y-expertos-dialogaron-sobre-genetica-e-infancia\/\"},\"wordCount\":459,\"commentCount\":0,\"image\":{\"@id\":\"https:\/\/medicina.udd.cl\/medicina-santiago\/noticias\/2016\/11\/08\/estudiantes-de-medicina-y-expertos-dialogaron-sobre-genetica-e-infancia\/#primaryimage\"},\"thumbnailUrl\":\"https:\/\/medicina.udd.cl\/medicina-santiago\/files\/2016\/11\/Curso-gen\u00e9tica-2.jpeg\",\"articleSection\":[\"Noticias\"],\"inLanguage\":\"es\",\"potentialAction\":[{\"@type\":\"CommentAction\",\"name\":\"Comment\",\"target\":[\"https:\/\/medicina.udd.cl\/medicina-santiago\/noticias\/2016\/11\/08\/estudiantes-de-medicina-y-expertos-dialogaron-sobre-genetica-e-infancia\/#respond\"]}]},{\"@type\":\"WebPage\",\"@id\":\"https:\/\/medicina.udd.cl\/medicina-santiago\/noticias\/2016\/11\/08\/estudiantes-de-medicina-y-expertos-dialogaron-sobre-genetica-e-infancia\/\",\"url\":\"https:\/\/medicina.udd.cl\/medicina-santiago\/noticias\/2016\/11\/08\/estudiantes-de-medicina-y-expertos-dialogaron-sobre-genetica-e-infancia\/\",\"name\":\"Estudiantes de Medicina y expertos dialogaron sobre Gen\u00e9tica e Infancia - Medicina\",\"isPartOf\":{\"@id\":\"https:\/\/medicina.udd.cl\/medicina-santiago\/#website\"},\"primaryImageOfPage\":{\"@id\":\"https:\/\/medicina.udd.cl\/medicina-santiago\/noticias\/2016\/11\/08\/estudiantes-de-medicina-y-expertos-dialogaron-sobre-genetica-e-infancia\/#primaryimage\"},\"image\":{\"@id\":\"https:\/\/medicina.udd.cl\/medicina-santiago\/noticias\/2016\/11\/08\/estudiantes-de-medicina-y-expertos-dialogaron-sobre-genetica-e-infancia\/#primaryimage\"},\"thumbnailUrl\":\"https:\/\/medicina.udd.cl\/medicina-santiago\/files\/2016\/11\/Curso-gen\u00e9tica-2.jpeg\",\"datePublished\":\"2016-11-08T12:08:10+00:00\",\"dateModified\":\"2016-11-08T12:11:29+00:00\",\"author\":{\"@id\":\"https:\/\/medicina.udd.cl\/medicina-santiago\/#\/schema\/person\/8bbd66125b574a40ec467c180c11f2e3\"},\"breadcrumb\":{\"@id\":\"https:\/\/medicina.udd.cl\/medicina-santiago\/noticias\/2016\/11\/08\/estudiantes-de-medicina-y-expertos-dialogaron-sobre-genetica-e-infancia\/#breadcrumb\"},\"inLanguage\":\"es\",\"potentialAction\":[{\"@type\":\"ReadAction\",\"target\":[\"https:\/\/medicina.udd.cl\/medicina-santiago\/noticias\/2016\/11\/08\/estudiantes-de-medicina-y-expertos-dialogaron-sobre-genetica-e-infancia\/\"]}]},{\"@type\":\"ImageObject\",\"inLanguage\":\"es\",\"@id\":\"https:\/\/medicina.udd.cl\/medicina-santiago\/noticias\/2016\/11\/08\/estudiantes-de-medicina-y-expertos-dialogaron-sobre-genetica-e-infancia\/#primaryimage\",\"url\":\"https:\/\/medicina.udd.cl\/medicina-santiago\/files\/2016\/11\/Curso-gen\u00e9tica-2.jpeg\",\"contentUrl\":\"https:\/\/medicina.udd.cl\/medicina-santiago\/files\/2016\/11\/Curso-gen\u00e9tica-2.jpeg\",\"width\":1179,\"height\":786},{\"@type\":\"BreadcrumbList\",\"@id\":\"https:\/\/medicina.udd.cl\/medicina-santiago\/noticias\/2016\/11\/08\/estudiantes-de-medicina-y-expertos-dialogaron-sobre-genetica-e-infancia\/#breadcrumb\",\"itemListElement\":[{\"@type\":\"ListItem\",\"position\":1,\"name\":\"Home\",\"item\":\"https:\/\/medicina.udd.cl\/medicina-santiago\/\"},{\"@type\":\"ListItem\",\"position\":2,\"name\":\"Estudiantes de Medicina y expertos dialogaron sobre Gen\u00e9tica e Infancia\"}]},{\"@type\":\"WebSite\",\"@id\":\"https:\/\/medicina.udd.cl\/medicina-santiago\/#website\",\"url\":\"https:\/\/medicina.udd.cl\/medicina-santiago\/\",\"name\":\"Medicina\",\"description\":\"Facultad de Medicina Cl\u00ednica Alemana Universidad del Desarrollo\",\"inLanguage\":\"es\"},{\"@type\":\"Person\",\"@id\":\"https:\/\/medicina.udd.cl\/medicina-santiago\/#\/schema\/person\/8bbd66125b574a40ec467c180c11f2e3\",\"name\":\"paulinamunoz\",\"image\":{\"@type\":\"ImageObject\",\"inLanguage\":\"es\",\"@id\":\"https:\/\/medicina.udd.cl\/medicina-santiago\/#\/schema\/person\/image\/\",\"url\":\"https:\/\/secure.gravatar.com\/avatar\/748ce8fb74e8f8077c4966697a3b3710ca0019e71a62146890c0dcdc705e7f3d?s=96&d=mm&r=g\",\"contentUrl\":\"https:\/\/secure.gravatar.com\/avatar\/748ce8fb74e8f8077c4966697a3b3710ca0019e71a62146890c0dcdc705e7f3d?s=96&d=mm&r=g\",\"caption\":\"paulinamunoz\"},\"url\":\"https:\/\/medicina.udd.cl\/medicina-santiago\/noticias\/author\/paulinamunoz\/\"}]}<\/script>\n<!-- \/ Yoast SEO plugin. -->","yoast_head_json":{"title":"Estudiantes de Medicina y expertos dialogaron sobre Gen\u00e9tica e Infancia - Medicina","robots":{"index":"index","follow":"follow","max-snippet":"max-snippet:-1","max-image-preview":"max-image-preview:large","max-video-preview":"max-video-preview:-1"},"canonical":"https:\/\/medicina.udd.cl\/medicina-santiago\/noticias\/2016\/11\/08\/estudiantes-de-medicina-y-expertos-dialogaron-sobre-genetica-e-infancia\/","og_locale":"es_ES","og_type":"article","og_title":"Estudiantes de Medicina y expertos dialogaron sobre Gen\u00e9tica e Infancia - Medicina","og_description":"Durante la actividad, los estudiantes analizaron c\u00f3mo un equipo de salud enfrenta situaciones complejas cuando hay incertidumbre, por parte de la familia, respecto a las condiciones en que llega un beb\u00e9.","og_url":"https:\/\/medicina.udd.cl\/medicina-santiago\/noticias\/2016\/11\/08\/estudiantes-de-medicina-y-expertos-dialogaron-sobre-genetica-e-infancia\/","og_site_name":"Medicina","article_published_time":"2016-11-08T12:08:10+00:00","article_modified_time":"2016-11-08T12:11:29+00:00","og_image":[{"width":1179,"height":786,"url":"https:\/\/medicina.udd.cl\/medicina-santiago\/files\/2016\/11\/Curso-gen\u00e9tica-2.jpeg","type":"image\/jpeg"}],"author":"paulinamunoz","twitter_misc":{"Escrito por":"paulinamunoz","Tiempo de lectura":"2 minutos"},"schema":{"@context":"https:\/\/schema.org","@graph":[{"@type":"Article","@id":"https:\/\/medicina.udd.cl\/medicina-santiago\/noticias\/2016\/11\/08\/estudiantes-de-medicina-y-expertos-dialogaron-sobre-genetica-e-infancia\/#article","isPartOf":{"@id":"https:\/\/medicina.udd.cl\/medicina-santiago\/noticias\/2016\/11\/08\/estudiantes-de-medicina-y-expertos-dialogaron-sobre-genetica-e-infancia\/"},"author":{"name":"paulinamunoz","@id":"https:\/\/medicina.udd.cl\/medicina-santiago\/#\/schema\/person\/8bbd66125b574a40ec467c180c11f2e3"},"headline":"Estudiantes de Medicina y expertos dialogaron sobre Gen\u00e9tica e Infancia","datePublished":"2016-11-08T12:08:10+00:00","dateModified":"2016-11-08T12:11:29+00:00","mainEntityOfPage":{"@id":"https:\/\/medicina.udd.cl\/medicina-santiago\/noticias\/2016\/11\/08\/estudiantes-de-medicina-y-expertos-dialogaron-sobre-genetica-e-infancia\/"},"wordCount":459,"commentCount":0,"image":{"@id":"https:\/\/medicina.udd.cl\/medicina-santiago\/noticias\/2016\/11\/08\/estudiantes-de-medicina-y-expertos-dialogaron-sobre-genetica-e-infancia\/#primaryimage"},"thumbnailUrl":"https:\/\/medicina.udd.cl\/medicina-santiago\/files\/2016\/11\/Curso-gen\u00e9tica-2.jpeg","articleSection":["Noticias"],"inLanguage":"es","potentialAction":[{"@type":"CommentAction","name":"Comment","target":["https:\/\/medicina.udd.cl\/medicina-santiago\/noticias\/2016\/11\/08\/estudiantes-de-medicina-y-expertos-dialogaron-sobre-genetica-e-infancia\/#respond"]}]},{"@type":"WebPage","@id":"https:\/\/medicina.udd.cl\/medicina-santiago\/noticias\/2016\/11\/08\/estudiantes-de-medicina-y-expertos-dialogaron-sobre-genetica-e-infancia\/","url":"https:\/\/medicina.udd.cl\/medicina-santiago\/noticias\/2016\/11\/08\/estudiantes-de-medicina-y-expertos-dialogaron-sobre-genetica-e-infancia\/","name":"Estudiantes de Medicina y expertos dialogaron sobre Gen\u00e9tica e Infancia - Medicina","isPartOf":{"@id":"https:\/\/medicina.udd.cl\/medicina-santiago\/#website"},"primaryImageOfPage":{"@id":"https:\/\/medicina.udd.cl\/medicina-santiago\/noticias\/2016\/11\/08\/estudiantes-de-medicina-y-expertos-dialogaron-sobre-genetica-e-infancia\/#primaryimage"},"image":{"@id":"https:\/\/medicina.udd.cl\/medicina-santiago\/noticias\/2016\/11\/08\/estudiantes-de-medicina-y-expertos-dialogaron-sobre-genetica-e-infancia\/#primaryimage"},"thumbnailUrl":"https:\/\/medicina.udd.cl\/medicina-santiago\/files\/2016\/11\/Curso-gen\u00e9tica-2.jpeg","datePublished":"2016-11-08T12:08:10+00:00","dateModified":"2016-11-08T12:11:29+00:00","author":{"@id":"https:\/\/medicina.udd.cl\/medicina-santiago\/#\/schema\/person\/8bbd66125b574a40ec467c180c11f2e3"},"breadcrumb":{"@id":"https:\/\/medicina.udd.cl\/medicina-santiago\/noticias\/2016\/11\/08\/estudiantes-de-medicina-y-expertos-dialogaron-sobre-genetica-e-infancia\/#breadcrumb"},"inLanguage":"es","potentialAction":[{"@type":"ReadAction","target":["https:\/\/medicina.udd.cl\/medicina-santiago\/noticias\/2016\/11\/08\/estudiantes-de-medicina-y-expertos-dialogaron-sobre-genetica-e-infancia\/"]}]},{"@type":"ImageObject","inLanguage":"es","@id":"https:\/\/medicina.udd.cl\/medicina-santiago\/noticias\/2016\/11\/08\/estudiantes-de-medicina-y-expertos-dialogaron-sobre-genetica-e-infancia\/#primaryimage","url":"https:\/\/medicina.udd.cl\/medicina-santiago\/files\/2016\/11\/Curso-gen\u00e9tica-2.jpeg","contentUrl":"https:\/\/medicina.udd.cl\/medicina-santiago\/files\/2016\/11\/Curso-gen\u00e9tica-2.jpeg","width":1179,"height":786},{"@type":"BreadcrumbList","@id":"https:\/\/medicina.udd.cl\/medicina-santiago\/noticias\/2016\/11\/08\/estudiantes-de-medicina-y-expertos-dialogaron-sobre-genetica-e-infancia\/#breadcrumb","itemListElement":[{"@type":"ListItem","position":1,"name":"Home","item":"https:\/\/medicina.udd.cl\/medicina-santiago\/"},{"@type":"ListItem","position":2,"name":"Estudiantes de Medicina y expertos dialogaron sobre Gen\u00e9tica e Infancia"}]},{"@type":"WebSite","@id":"https:\/\/medicina.udd.cl\/medicina-santiago\/#website","url":"https:\/\/medicina.udd.cl\/medicina-santiago\/","name":"Medicina","description":"Facultad de Medicina Cl\u00ednica Alemana Universidad del Desarrollo","inLanguage":"es"},{"@type":"Person","@id":"https:\/\/medicina.udd.cl\/medicina-santiago\/#\/schema\/person\/8bbd66125b574a40ec467c180c11f2e3","name":"paulinamunoz","image":{"@type":"ImageObject","inLanguage":"es","@id":"https:\/\/medicina.udd.cl\/medicina-santiago\/#\/schema\/person\/image\/","url":"https:\/\/secure.gravatar.com\/avatar\/748ce8fb74e8f8077c4966697a3b3710ca0019e71a62146890c0dcdc705e7f3d?s=96&d=mm&r=g","contentUrl":"https:\/\/secure.gravatar.com\/avatar\/748ce8fb74e8f8077c4966697a3b3710ca0019e71a62146890c0dcdc705e7f3d?s=96&d=mm&r=g","caption":"paulinamunoz"},"url":"https:\/\/medicina.udd.cl\/medicina-santiago\/noticias\/author\/paulinamunoz\/"}]}},"featured_image_url":"https:\/\/medicina.udd.cl\/medicina-santiago\/files\/2016\/11\/Curso-gen\u00e9tica-2.jpeg","_links":{"self":[{"href":"https:\/\/medicina.udd.cl\/medicina-santiago\/wp-json\/wp\/v2\/posts\/4635","targetHints":{"allow":["GET"]}}],"collection":[{"href":"https:\/\/medicina.udd.cl\/medicina-santiago\/wp-json\/wp\/v2\/posts"}],"about":[{"href":"https:\/\/medicina.udd.cl\/medicina-santiago\/wp-json\/wp\/v2\/types\/post"}],"author":[{"embeddable":true,"href":"https:\/\/medicina.udd.cl\/medicina-santiago\/wp-json\/wp\/v2\/users\/9192192"}],"replies":[{"embeddable":true,"href":"https:\/\/medicina.udd.cl\/medicina-santiago\/wp-json\/wp\/v2\/comments?post=4635"}],"version-history":[{"count":5,"href":"https:\/\/medicina.udd.cl\/medicina-santiago\/wp-json\/wp\/v2\/posts\/4635\/revisions"}],"predecessor-version":[{"id":4642,"href":"https:\/\/medicina.udd.cl\/medicina-santiago\/wp-json\/wp\/v2\/posts\/4635\/revisions\/4642"}],"wp:featuredmedia":[{"embeddable":true,"href":"https:\/\/medicina.udd.cl\/medicina-santiago\/wp-json\/wp\/v2\/media\/4637"}],"wp:attachment":[{"href":"https:\/\/medicina.udd.cl\/medicina-santiago\/wp-json\/wp\/v2\/media?parent=4635"}],"wp:term":[{"taxonomy":"category","embeddable":true,"href":"https:\/\/medicina.udd.cl\/medicina-santiago\/wp-json\/wp\/v2\/categories?post=4635"},{"taxonomy":"post_tag","embeddable":true,"href":"https:\/\/medicina.udd.cl\/medicina-santiago\/wp-json\/wp\/v2\/tags?post=4635"}],"curies":[{"name":"wp","href":"https:\/\/api.w.org\/{rel}","templated":true}]}}