{"id":5071,"date":"2017-05-09T11:55:52","date_gmt":"2017-05-09T14:55:52","guid":{"rendered":"http:\/\/medicina.udd.cl\/medicina-santiago\/?p=5071"},"modified":"2017-05-09T11:58:18","modified_gmt":"2017-05-09T14:58:18","slug":"facultad-realizo-jornada-de-induccion-para-residentes-2017","status":"publish","type":"post","link":"https:\/\/medicina.udd.cl\/medicina-santiago\/noticias\/2017\/05\/09\/facultad-realizo-jornada-de-induccion-para-residentes-2017\/","title":{"rendered":"Facultad realiz\u00f3 Jornada de Inducci\u00f3n para Residentes 2017"},"content":{"rendered":"<div id=\"gallery-1\" class=\"carousel slide carousel-gallery\" data-ride=\"false\" data-interval=\"false\"><div class=\"carousel-inner\" role=\"listbox\"><figure class=\"carousel-item active\"><img loading=\"lazy\" decoding=\"async\" width=\"712\" height=\"534\" src=\"https:\/\/medicina.udd.cl\/medicina-santiago\/files\/2017\/05\/Jornada-Inducci\u00f3n-2017-1.jpg\" class=\"attachment-landscape_952 size-landscape_952\" alt=\"\" srcset=\"https:\/\/medicina.udd.cl\/medicina-santiago\/files\/2017\/05\/Jornada-Inducci\u00f3n-2017-1.jpg 3740w, https:\/\/medicina.udd.cl\/medicina-santiago\/files\/2017\/05\/Jornada-Inducci\u00f3n-2017-1-300x225.jpg 300w, https:\/\/medicina.udd.cl\/medicina-santiago\/files\/2017\/05\/Jornada-Inducci\u00f3n-2017-1-768x576.jpg 768w, https:\/\/medicina.udd.cl\/medicina-santiago\/files\/2017\/05\/Jornada-Inducci\u00f3n-2017-1-1024x768.jpg 1024w, https:\/\/medicina.udd.cl\/medicina-santiago\/files\/2017\/05\/Jornada-Inducci\u00f3n-2017-1-960x720.jpg 960w\" sizes=\"auto, (max-width: 712px) 100vw, 712px\" \/><\/figure><figure class=\"carousel-item\"><img loading=\"lazy\" decoding=\"async\" width=\"711\" height=\"534\" src=\"https:\/\/medicina.udd.cl\/medicina-santiago\/files\/2017\/05\/Jornada-Inducci\u00f3n-2017-2.jpg\" class=\"attachment-landscape_952 size-landscape_952\" alt=\"\" srcset=\"https:\/\/medicina.udd.cl\/medicina-santiago\/files\/2017\/05\/Jornada-Inducci\u00f3n-2017-2.jpg 4055w, https:\/\/medicina.udd.cl\/medicina-santiago\/files\/2017\/05\/Jornada-Inducci\u00f3n-2017-2-300x225.jpg 300w, https:\/\/medicina.udd.cl\/medicina-santiago\/files\/2017\/05\/Jornada-Inducci\u00f3n-2017-2-768x577.jpg 768w, https:\/\/medicina.udd.cl\/medicina-santiago\/files\/2017\/05\/Jornada-Inducci\u00f3n-2017-2-1024x769.jpg 1024w, https:\/\/medicina.udd.cl\/medicina-santiago\/files\/2017\/05\/Jornada-Inducci\u00f3n-2017-2-960x721.jpg 960w\" sizes=\"auto, (max-width: 711px) 100vw, 711px\" \/><\/figure><figure class=\"carousel-item\"><img loading=\"lazy\" decoding=\"async\" width=\"712\" height=\"534\" src=\"https:\/\/medicina.udd.cl\/medicina-santiago\/files\/2017\/05\/Jornada-Inducci\u00f3n-2017-3.jpg\" class=\"attachment-landscape_952 size-landscape_952\" alt=\"\" srcset=\"https:\/\/medicina.udd.cl\/medicina-santiago\/files\/2017\/05\/Jornada-Inducci\u00f3n-2017-3.jpg 4128w, https:\/\/medicina.udd.cl\/medicina-santiago\/files\/2017\/05\/Jornada-Inducci\u00f3n-2017-3-300x225.jpg 300w, https:\/\/medicina.udd.cl\/medicina-santiago\/files\/2017\/05\/Jornada-Inducci\u00f3n-2017-3-768x576.jpg 768w, https:\/\/medicina.udd.cl\/medicina-santiago\/files\/2017\/05\/Jornada-Inducci\u00f3n-2017-3-1024x768.jpg 1024w, https:\/\/medicina.udd.cl\/medicina-santiago\/files\/2017\/05\/Jornada-Inducci\u00f3n-2017-3-960x720.jpg 960w\" sizes=\"auto, (max-width: 712px) 100vw, 712px\" \/><\/figure><figure class=\"carousel-item\"><img loading=\"lazy\" decoding=\"async\" width=\"712\" height=\"534\" src=\"https:\/\/medicina.udd.cl\/medicina-santiago\/files\/2017\/05\/Jornada-Inducci\u00f3n-2017-4.jpg\" class=\"attachment-landscape_952 size-landscape_952\" alt=\"\" srcset=\"https:\/\/medicina.udd.cl\/medicina-santiago\/files\/2017\/05\/Jornada-Inducci\u00f3n-2017-4.jpg 4128w, https:\/\/medicina.udd.cl\/medicina-santiago\/files\/2017\/05\/Jornada-Inducci\u00f3n-2017-4-300x225.jpg 300w, https:\/\/medicina.udd.cl\/medicina-santiago\/files\/2017\/05\/Jornada-Inducci\u00f3n-2017-4-768x576.jpg 768w, https:\/\/medicina.udd.cl\/medicina-santiago\/files\/2017\/05\/Jornada-Inducci\u00f3n-2017-4-1024x768.jpg 1024w, https:\/\/medicina.udd.cl\/medicina-santiago\/files\/2017\/05\/Jornada-Inducci\u00f3n-2017-4-960x720.jpg 960w\" sizes=\"auto, (max-width: 712px) 100vw, 712px\" \/><\/figure><figure class=\"carousel-item\"><img loading=\"lazy\" decoding=\"async\" width=\"712\" height=\"534\" src=\"https:\/\/medicina.udd.cl\/medicina-santiago\/files\/2017\/05\/Jornada-Inducci\u00f3n-2017-5.jpg\" class=\"attachment-landscape_952 size-landscape_952\" alt=\"\" srcset=\"https:\/\/medicina.udd.cl\/medicina-santiago\/files\/2017\/05\/Jornada-Inducci\u00f3n-2017-5.jpg 4128w, https:\/\/medicina.udd.cl\/medicina-santiago\/files\/2017\/05\/Jornada-Inducci\u00f3n-2017-5-300x225.jpg 300w, https:\/\/medicina.udd.cl\/medicina-santiago\/files\/2017\/05\/Jornada-Inducci\u00f3n-2017-5-768x576.jpg 768w, https:\/\/medicina.udd.cl\/medicina-santiago\/files\/2017\/05\/Jornada-Inducci\u00f3n-2017-5-1024x768.jpg 1024w, https:\/\/medicina.udd.cl\/medicina-santiago\/files\/2017\/05\/Jornada-Inducci\u00f3n-2017-5-960x720.jpg 960w\" sizes=\"auto, (max-width: 712px) 100vw, 712px\" \/><\/figure><\/div><footer class=\"carousel-footer\"><div class=\"carousel-counter\"><span class=\"carousel-counter-current\"><\/span> \/ <span class=\"carousel-counter-total\"><\/span><\/div><a class=\"carousel-control-prev\" href=\"#gallery-1\" role=\"button\" data-slide=\"prev\"><svg aria-hidden=\"true\" class=\"svg-chevron-left-dims\"><use xlink:href='https:\/\/medicina.udd.cl\/medicina-santiago\/wp-content\/themes\/facultades-2018\/assets\/img\/svg\/dist\/main.svg?version=1695853099#chevron-left'><\/use><\/svg><span class=\"sr-only\">Anterior<\/span><\/a><a class=\"carousel-control-next\" href=\"#gallery-1\" role=\"button\" data-slide=\"next\"><svg aria-hidden=\"true\" class=\"svg-chevron-right-dims\"><use xlink:href='https:\/\/medicina.udd.cl\/medicina-santiago\/wp-content\/themes\/facultades-2018\/assets\/img\/svg\/dist\/main.svg?version=1695853099#chevron-right'><\/use><\/svg><span class=\"sr-only\">Siguiente<\/span><\/a><\/footer><\/div>\n<p style=\"text-align: justify\">Por segundo a\u00f1o consecutivo, se realiz\u00f3 la Jornada de Inducci\u00f3n para Residentes de la Facultad de Medicina Cl\u00ednica Alemana Universidad del Desarrollo, en que se dio la bienvenida a 52 m\u00e9dicos de diversas casas de estudio que eligieron la UDD para formarse como especialistas.<\/p>\n<p style=\"text-align: justify\">La actividad, encabezada por la doctora Marcela Castillo, vicedecana de Postgrado, tuvo por objetivo que los residentes conocieran la universidad, los campos cl\u00ednicos y a sus compa\u00f1eros, as\u00ed como tambi\u00e9n el trabajo que se realiza en el \u00e1rea de postgrado e investigaci\u00f3n, resolviendo todas las dudas que surgieron en su nuevo rol de estudiantes.<\/p>\n<p style=\"text-align: justify\">La jornada comenz\u00f3 con la presentaci\u00f3n del doctor Juan Hepp, m\u00e9dico director de Cl\u00ednica Alemana, quien hizo un recorrido por la historia de la instituci\u00f3n, destacando que el rol del m\u00e9dico no s\u00f3lo es cuidar al paciente, sino tambi\u00e9n investigar y aportar conocimiento a la Ciencia y la comunidad.<\/p>\n<p style=\"text-align: justify\">Posteriormente, el doctor Ricardo Ronco, decano de la Facultad de Medicina CAS-UDD, realiz\u00f3 una presentaci\u00f3n sobre la Facultad y el trabajo que deber\u00e1n desarrollar como residentes, poniendo especial \u00e9nfasis en cuatro puntos: c\u00f3mo el trabajo con limitaciones genera un mayor esfuerzo intelectual; su rol en hacer los procedimientos lo mejor posible; la importancia de no perder la visi\u00f3n global del paciente a pesar de la ultra especializaci\u00f3n; y la importancia de aprovechar las oportunidades de exposici\u00f3n a la gama de patolog\u00edas de los pacientes.<\/p>\n<p style=\"text-align: justify\">\u201cA nombre de la Universidad, les doy la bienvenida. Para nosotros es muy importante que ustedes se hayan incorporado a los programas en la Facultad de Medicina y representa un gran compromiso por hacer nuestros procesos docentes de forma excelente\u201d<strong>,<\/strong> se\u00f1al\u00f3 <strong>Cristi\u00e1n Larroulet<\/strong>, vicerrector de Postgrado de la Universidad del Desarrollo, quien destac\u00f3 la intenci\u00f3n de la UDD por impulsar las labores de Postgrado y fortalecer el \u00e1rea.<\/p>\n<p style=\"text-align: justify\">Finalmente, la jornada cont\u00f3 con la presencia de ex alumnos de la Facultad, que dieron su testimonio sobre c\u00f3mo fue realizar su especialidad primaria en la UDD, concluyendo con una actividad de cierre y evaluaci\u00f3n.<\/p>\n<p style=\"text-align: justify\">Los expositores que participaron durante las dos jornadas fueron: las doctoras Marion Emhart y Fabiola Herrera, y los doctores Francis Palisson, Hern\u00e1n Bustamante, Pablo Vial, Luis Enrique Vega y Sebasti\u00e1n Irarr\u00e1zabal, adem\u00e1s del equipo de iCubo UDD.<\/p>\n<p style=\"text-align: justify\">\n","protected":false},"excerpt":{"rendered":"<p>Adem\u00e1s de ser una instancia para conocerse en pares, los nuevos estudiantes participaron en presentaciones sobre los campos cl\u00ednicos, investigaci\u00f3n m\u00e9dica, sistema Canmeds e innovaci\u00f3n en salud.<\/p>\n","protected":false},"author":9192192,"featured_media":5073,"comment_status":"open","ping_status":"open","sticky":false,"template":"","format":"standard","meta":{"footnotes":""},"categories":[4],"tags":[],"class_list":["post-5071","post","type-post","status-publish","format-standard","has-post-thumbnail","hentry","category-noticias"],"yoast_head":"<!-- This site is optimized with the Yoast SEO plugin v26.9 - https:\/\/yoast.com\/product\/yoast-seo-wordpress\/ -->\n<title>Facultad realiz\u00f3 Jornada de Inducci\u00f3n para Residentes 2017 - Medicina<\/title>\n<meta name=\"robots\" content=\"index, follow, max-snippet:-1, max-image-preview:large, max-video-preview:-1\" \/>\n<link rel=\"canonical\" href=\"https:\/\/medicina.udd.cl\/medicina-santiago\/noticias\/2017\/05\/09\/facultad-realizo-jornada-de-induccion-para-residentes-2017\/\" \/>\n<meta property=\"og:locale\" content=\"es_ES\" \/>\n<meta property=\"og:type\" content=\"article\" \/>\n<meta property=\"og:title\" content=\"Facultad realiz\u00f3 Jornada de Inducci\u00f3n para Residentes 2017 - Medicina\" \/>\n<meta property=\"og:description\" content=\"Adem\u00e1s de ser una instancia para conocerse en pares, los nuevos estudiantes participaron en presentaciones sobre los campos cl\u00ednicos, investigaci\u00f3n m\u00e9dica, sistema Canmeds e innovaci\u00f3n en salud.\" \/>\n<meta property=\"og:url\" content=\"https:\/\/medicina.udd.cl\/medicina-santiago\/noticias\/2017\/05\/09\/facultad-realizo-jornada-de-induccion-para-residentes-2017\/\" \/>\n<meta property=\"og:site_name\" content=\"Medicina\" \/>\n<meta property=\"article:published_time\" content=\"2017-05-09T14:55:52+00:00\" \/>\n<meta property=\"article:modified_time\" content=\"2017-05-09T14:58:18+00:00\" \/>\n<meta property=\"og:image\" content=\"https:\/\/medicina.udd.cl\/medicina-santiago\/files\/2017\/05\/Jornada-Inducci\u00f3n-2017-2-1024x769.jpg\" \/>\n\t<meta property=\"og:image:width\" content=\"1024\" \/>\n\t<meta property=\"og:image:height\" content=\"769\" \/>\n\t<meta property=\"og:image:type\" content=\"image\/jpeg\" \/>\n<meta name=\"author\" content=\"paulinamunoz\" \/>\n<meta name=\"twitter:label1\" content=\"Escrito por\" \/>\n\t<meta name=\"twitter:data1\" content=\"paulinamunoz\" \/>\n\t<meta name=\"twitter:label2\" content=\"Tiempo de lectura\" \/>\n\t<meta name=\"twitter:data2\" content=\"2 minutos\" \/>\n<script type=\"application\/ld+json\" class=\"yoast-schema-graph\">{\"@context\":\"https:\/\/schema.org\",\"@graph\":[{\"@type\":\"Article\",\"@id\":\"https:\/\/medicina.udd.cl\/medicina-santiago\/noticias\/2017\/05\/09\/facultad-realizo-jornada-de-induccion-para-residentes-2017\/#article\",\"isPartOf\":{\"@id\":\"https:\/\/medicina.udd.cl\/medicina-santiago\/noticias\/2017\/05\/09\/facultad-realizo-jornada-de-induccion-para-residentes-2017\/\"},\"author\":{\"name\":\"paulinamunoz\",\"@id\":\"https:\/\/medicina.udd.cl\/medicina-santiago\/#\/schema\/person\/8bbd66125b574a40ec467c180c11f2e3\"},\"headline\":\"Facultad realiz\u00f3 Jornada de Inducci\u00f3n para Residentes 2017\",\"datePublished\":\"2017-05-09T14:55:52+00:00\",\"dateModified\":\"2017-05-09T14:58:18+00:00\",\"mainEntityOfPage\":{\"@id\":\"https:\/\/medicina.udd.cl\/medicina-santiago\/noticias\/2017\/05\/09\/facultad-realizo-jornada-de-induccion-para-residentes-2017\/\"},\"wordCount\":411,\"commentCount\":0,\"image\":{\"@id\":\"https:\/\/medicina.udd.cl\/medicina-santiago\/noticias\/2017\/05\/09\/facultad-realizo-jornada-de-induccion-para-residentes-2017\/#primaryimage\"},\"thumbnailUrl\":\"https:\/\/medicina.udd.cl\/medicina-santiago\/files\/2017\/05\/Jornada-Inducci\u00f3n-2017-2.jpg\",\"articleSection\":[\"Noticias\"],\"inLanguage\":\"es\",\"potentialAction\":[{\"@type\":\"CommentAction\",\"name\":\"Comment\",\"target\":[\"https:\/\/medicina.udd.cl\/medicina-santiago\/noticias\/2017\/05\/09\/facultad-realizo-jornada-de-induccion-para-residentes-2017\/#respond\"]}]},{\"@type\":\"WebPage\",\"@id\":\"https:\/\/medicina.udd.cl\/medicina-santiago\/noticias\/2017\/05\/09\/facultad-realizo-jornada-de-induccion-para-residentes-2017\/\",\"url\":\"https:\/\/medicina.udd.cl\/medicina-santiago\/noticias\/2017\/05\/09\/facultad-realizo-jornada-de-induccion-para-residentes-2017\/\",\"name\":\"Facultad realiz\u00f3 Jornada de Inducci\u00f3n para Residentes 2017 - Medicina\",\"isPartOf\":{\"@id\":\"https:\/\/medicina.udd.cl\/medicina-santiago\/#website\"},\"primaryImageOfPage\":{\"@id\":\"https:\/\/medicina.udd.cl\/medicina-santiago\/noticias\/2017\/05\/09\/facultad-realizo-jornada-de-induccion-para-residentes-2017\/#primaryimage\"},\"image\":{\"@id\":\"https:\/\/medicina.udd.cl\/medicina-santiago\/noticias\/2017\/05\/09\/facultad-realizo-jornada-de-induccion-para-residentes-2017\/#primaryimage\"},\"thumbnailUrl\":\"https:\/\/medicina.udd.cl\/medicina-santiago\/files\/2017\/05\/Jornada-Inducci\u00f3n-2017-2.jpg\",\"datePublished\":\"2017-05-09T14:55:52+00:00\",\"dateModified\":\"2017-05-09T14:58:18+00:00\",\"author\":{\"@id\":\"https:\/\/medicina.udd.cl\/medicina-santiago\/#\/schema\/person\/8bbd66125b574a40ec467c180c11f2e3\"},\"breadcrumb\":{\"@id\":\"https:\/\/medicina.udd.cl\/medicina-santiago\/noticias\/2017\/05\/09\/facultad-realizo-jornada-de-induccion-para-residentes-2017\/#breadcrumb\"},\"inLanguage\":\"es\",\"potentialAction\":[{\"@type\":\"ReadAction\",\"target\":[\"https:\/\/medicina.udd.cl\/medicina-santiago\/noticias\/2017\/05\/09\/facultad-realizo-jornada-de-induccion-para-residentes-2017\/\"]}]},{\"@type\":\"ImageObject\",\"inLanguage\":\"es\",\"@id\":\"https:\/\/medicina.udd.cl\/medicina-santiago\/noticias\/2017\/05\/09\/facultad-realizo-jornada-de-induccion-para-residentes-2017\/#primaryimage\",\"url\":\"https:\/\/medicina.udd.cl\/medicina-santiago\/files\/2017\/05\/Jornada-Inducci\u00f3n-2017-2.jpg\",\"contentUrl\":\"https:\/\/medicina.udd.cl\/medicina-santiago\/files\/2017\/05\/Jornada-Inducci\u00f3n-2017-2.jpg\",\"width\":4055,\"height\":3047},{\"@type\":\"BreadcrumbList\",\"@id\":\"https:\/\/medicina.udd.cl\/medicina-santiago\/noticias\/2017\/05\/09\/facultad-realizo-jornada-de-induccion-para-residentes-2017\/#breadcrumb\",\"itemListElement\":[{\"@type\":\"ListItem\",\"position\":1,\"name\":\"Home\",\"item\":\"https:\/\/medicina.udd.cl\/medicina-santiago\/\"},{\"@type\":\"ListItem\",\"position\":2,\"name\":\"Facultad realiz\u00f3 Jornada de Inducci\u00f3n para Residentes 2017\"}]},{\"@type\":\"WebSite\",\"@id\":\"https:\/\/medicina.udd.cl\/medicina-santiago\/#website\",\"url\":\"https:\/\/medicina.udd.cl\/medicina-santiago\/\",\"name\":\"Medicina\",\"description\":\"Facultad de Medicina Cl\u00ednica Alemana Universidad del Desarrollo\",\"inLanguage\":\"es\"},{\"@type\":\"Person\",\"@id\":\"https:\/\/medicina.udd.cl\/medicina-santiago\/#\/schema\/person\/8bbd66125b574a40ec467c180c11f2e3\",\"name\":\"paulinamunoz\",\"image\":{\"@type\":\"ImageObject\",\"inLanguage\":\"es\",\"@id\":\"https:\/\/medicina.udd.cl\/medicina-santiago\/#\/schema\/person\/image\/\",\"url\":\"https:\/\/secure.gravatar.com\/avatar\/748ce8fb74e8f8077c4966697a3b3710ca0019e71a62146890c0dcdc705e7f3d?s=96&d=mm&r=g\",\"contentUrl\":\"https:\/\/secure.gravatar.com\/avatar\/748ce8fb74e8f8077c4966697a3b3710ca0019e71a62146890c0dcdc705e7f3d?s=96&d=mm&r=g\",\"caption\":\"paulinamunoz\"},\"url\":\"https:\/\/medicina.udd.cl\/medicina-santiago\/noticias\/author\/paulinamunoz\/\"}]}<\/script>\n<!-- \/ Yoast SEO plugin. -->","yoast_head_json":{"title":"Facultad realiz\u00f3 Jornada de Inducci\u00f3n para Residentes 2017 - Medicina","robots":{"index":"index","follow":"follow","max-snippet":"max-snippet:-1","max-image-preview":"max-image-preview:large","max-video-preview":"max-video-preview:-1"},"canonical":"https:\/\/medicina.udd.cl\/medicina-santiago\/noticias\/2017\/05\/09\/facultad-realizo-jornada-de-induccion-para-residentes-2017\/","og_locale":"es_ES","og_type":"article","og_title":"Facultad realiz\u00f3 Jornada de Inducci\u00f3n para Residentes 2017 - Medicina","og_description":"Adem\u00e1s de ser una instancia para conocerse en pares, los nuevos estudiantes participaron en presentaciones sobre los campos cl\u00ednicos, investigaci\u00f3n m\u00e9dica, sistema Canmeds e innovaci\u00f3n en salud.","og_url":"https:\/\/medicina.udd.cl\/medicina-santiago\/noticias\/2017\/05\/09\/facultad-realizo-jornada-de-induccion-para-residentes-2017\/","og_site_name":"Medicina","article_published_time":"2017-05-09T14:55:52+00:00","article_modified_time":"2017-05-09T14:58:18+00:00","og_image":[{"width":1024,"height":769,"url":"https:\/\/medicina.udd.cl\/medicina-santiago\/files\/2017\/05\/Jornada-Inducci\u00f3n-2017-2-1024x769.jpg","type":"image\/jpeg"}],"author":"paulinamunoz","twitter_misc":{"Escrito por":"paulinamunoz","Tiempo de lectura":"2 minutos"},"schema":{"@context":"https:\/\/schema.org","@graph":[{"@type":"Article","@id":"https:\/\/medicina.udd.cl\/medicina-santiago\/noticias\/2017\/05\/09\/facultad-realizo-jornada-de-induccion-para-residentes-2017\/#article","isPartOf":{"@id":"https:\/\/medicina.udd.cl\/medicina-santiago\/noticias\/2017\/05\/09\/facultad-realizo-jornada-de-induccion-para-residentes-2017\/"},"author":{"name":"paulinamunoz","@id":"https:\/\/medicina.udd.cl\/medicina-santiago\/#\/schema\/person\/8bbd66125b574a40ec467c180c11f2e3"},"headline":"Facultad realiz\u00f3 Jornada de Inducci\u00f3n para Residentes 2017","datePublished":"2017-05-09T14:55:52+00:00","dateModified":"2017-05-09T14:58:18+00:00","mainEntityOfPage":{"@id":"https:\/\/medicina.udd.cl\/medicina-santiago\/noticias\/2017\/05\/09\/facultad-realizo-jornada-de-induccion-para-residentes-2017\/"},"wordCount":411,"commentCount":0,"image":{"@id":"https:\/\/medicina.udd.cl\/medicina-santiago\/noticias\/2017\/05\/09\/facultad-realizo-jornada-de-induccion-para-residentes-2017\/#primaryimage"},"thumbnailUrl":"https:\/\/medicina.udd.cl\/medicina-santiago\/files\/2017\/05\/Jornada-Inducci\u00f3n-2017-2.jpg","articleSection":["Noticias"],"inLanguage":"es","potentialAction":[{"@type":"CommentAction","name":"Comment","target":["https:\/\/medicina.udd.cl\/medicina-santiago\/noticias\/2017\/05\/09\/facultad-realizo-jornada-de-induccion-para-residentes-2017\/#respond"]}]},{"@type":"WebPage","@id":"https:\/\/medicina.udd.cl\/medicina-santiago\/noticias\/2017\/05\/09\/facultad-realizo-jornada-de-induccion-para-residentes-2017\/","url":"https:\/\/medicina.udd.cl\/medicina-santiago\/noticias\/2017\/05\/09\/facultad-realizo-jornada-de-induccion-para-residentes-2017\/","name":"Facultad realiz\u00f3 Jornada de Inducci\u00f3n para Residentes 2017 - Medicina","isPartOf":{"@id":"https:\/\/medicina.udd.cl\/medicina-santiago\/#website"},"primaryImageOfPage":{"@id":"https:\/\/medicina.udd.cl\/medicina-santiago\/noticias\/2017\/05\/09\/facultad-realizo-jornada-de-induccion-para-residentes-2017\/#primaryimage"},"image":{"@id":"https:\/\/medicina.udd.cl\/medicina-santiago\/noticias\/2017\/05\/09\/facultad-realizo-jornada-de-induccion-para-residentes-2017\/#primaryimage"},"thumbnailUrl":"https:\/\/medicina.udd.cl\/medicina-santiago\/files\/2017\/05\/Jornada-Inducci\u00f3n-2017-2.jpg","datePublished":"2017-05-09T14:55:52+00:00","dateModified":"2017-05-09T14:58:18+00:00","author":{"@id":"https:\/\/medicina.udd.cl\/medicina-santiago\/#\/schema\/person\/8bbd66125b574a40ec467c180c11f2e3"},"breadcrumb":{"@id":"https:\/\/medicina.udd.cl\/medicina-santiago\/noticias\/2017\/05\/09\/facultad-realizo-jornada-de-induccion-para-residentes-2017\/#breadcrumb"},"inLanguage":"es","potentialAction":[{"@type":"ReadAction","target":["https:\/\/medicina.udd.cl\/medicina-santiago\/noticias\/2017\/05\/09\/facultad-realizo-jornada-de-induccion-para-residentes-2017\/"]}]},{"@type":"ImageObject","inLanguage":"es","@id":"https:\/\/medicina.udd.cl\/medicina-santiago\/noticias\/2017\/05\/09\/facultad-realizo-jornada-de-induccion-para-residentes-2017\/#primaryimage","url":"https:\/\/medicina.udd.cl\/medicina-santiago\/files\/2017\/05\/Jornada-Inducci\u00f3n-2017-2.jpg","contentUrl":"https:\/\/medicina.udd.cl\/medicina-santiago\/files\/2017\/05\/Jornada-Inducci\u00f3n-2017-2.jpg","width":4055,"height":3047},{"@type":"BreadcrumbList","@id":"https:\/\/medicina.udd.cl\/medicina-santiago\/noticias\/2017\/05\/09\/facultad-realizo-jornada-de-induccion-para-residentes-2017\/#breadcrumb","itemListElement":[{"@type":"ListItem","position":1,"name":"Home","item":"https:\/\/medicina.udd.cl\/medicina-santiago\/"},{"@type":"ListItem","position":2,"name":"Facultad realiz\u00f3 Jornada de Inducci\u00f3n para Residentes 2017"}]},{"@type":"WebSite","@id":"https:\/\/medicina.udd.cl\/medicina-santiago\/#website","url":"https:\/\/medicina.udd.cl\/medicina-santiago\/","name":"Medicina","description":"Facultad de Medicina Cl\u00ednica Alemana Universidad del Desarrollo","inLanguage":"es"},{"@type":"Person","@id":"https:\/\/medicina.udd.cl\/medicina-santiago\/#\/schema\/person\/8bbd66125b574a40ec467c180c11f2e3","name":"paulinamunoz","image":{"@type":"ImageObject","inLanguage":"es","@id":"https:\/\/medicina.udd.cl\/medicina-santiago\/#\/schema\/person\/image\/","url":"https:\/\/secure.gravatar.com\/avatar\/748ce8fb74e8f8077c4966697a3b3710ca0019e71a62146890c0dcdc705e7f3d?s=96&d=mm&r=g","contentUrl":"https:\/\/secure.gravatar.com\/avatar\/748ce8fb74e8f8077c4966697a3b3710ca0019e71a62146890c0dcdc705e7f3d?s=96&d=mm&r=g","caption":"paulinamunoz"},"url":"https:\/\/medicina.udd.cl\/medicina-santiago\/noticias\/author\/paulinamunoz\/"}]}},"featured_image_url":"https:\/\/medicina.udd.cl\/medicina-santiago\/files\/2017\/05\/Jornada-Inducci\u00f3n-2017-2.jpg","_links":{"self":[{"href":"https:\/\/medicina.udd.cl\/medicina-santiago\/wp-json\/wp\/v2\/posts\/5071","targetHints":{"allow":["GET"]}}],"collection":[{"href":"https:\/\/medicina.udd.cl\/medicina-santiago\/wp-json\/wp\/v2\/posts"}],"about":[{"href":"https:\/\/medicina.udd.cl\/medicina-santiago\/wp-json\/wp\/v2\/types\/post"}],"author":[{"embeddable":true,"href":"https:\/\/medicina.udd.cl\/medicina-santiago\/wp-json\/wp\/v2\/users\/9192192"}],"replies":[{"embeddable":true,"href":"https:\/\/medicina.udd.cl\/medicina-santiago\/wp-json\/wp\/v2\/comments?post=5071"}],"version-history":[{"count":1,"href":"https:\/\/medicina.udd.cl\/medicina-santiago\/wp-json\/wp\/v2\/posts\/5071\/revisions"}],"predecessor-version":[{"id":5077,"href":"https:\/\/medicina.udd.cl\/medicina-santiago\/wp-json\/wp\/v2\/posts\/5071\/revisions\/5077"}],"wp:featuredmedia":[{"embeddable":true,"href":"https:\/\/medicina.udd.cl\/medicina-santiago\/wp-json\/wp\/v2\/media\/5073"}],"wp:attachment":[{"href":"https:\/\/medicina.udd.cl\/medicina-santiago\/wp-json\/wp\/v2\/media?parent=5071"}],"wp:term":[{"taxonomy":"category","embeddable":true,"href":"https:\/\/medicina.udd.cl\/medicina-santiago\/wp-json\/wp\/v2\/categories?post=5071"},{"taxonomy":"post_tag","embeddable":true,"href":"https:\/\/medicina.udd.cl\/medicina-santiago\/wp-json\/wp\/v2\/tags?post=5071"}],"curies":[{"name":"wp","href":"https:\/\/api.w.org\/{rel}","templated":true}]}}